{"id":10438,"date":"2020-09-15T11:33:50","date_gmt":"2020-09-15T09:33:50","guid":{"rendered":"https:\/\/blog.holyart.it\/it\/?p=10438"},"modified":"2025-04-18T10:15:16","modified_gmt":"2025-04-18T08:15:16","slug":"lanno-e-tempi-liturgici-facciamo-chiarezza","status":"publish","type":"post","link":"https:\/\/blog.holyart.it\/it\/accessori-liturgia\/lanno-e-tempi-liturgici-facciamo-chiarezza\/","title":{"rendered":"L&#8217;anno e tempi liturgici: facciamo chiarezza"},"content":{"rendered":"<h4>I tempi liturgici della chiesa cattolica sono le stagioni in cui \u00e8 suddiviso l&#8217;anno liturgico. Scopriamoli insieme.<\/h4>\n\n<p>Sentiamo spesso parlare di <strong>anno liturgico<\/strong> e di <strong>tempi liturgici<\/strong> della chiesa cattolica. Ma siamo sicuri di sapere davvero che cosa sono? In particolare, quali e quanti sono i tempi liturgici?\u00a0 Come vengono distinti? Noi di <em>Holyart <\/em>abbiamo voluto sintetizzare la suddivisione dell&#8217;anno liturgico in tempi liturgici in questo articolo per aiutare chi ancora ha dei dubbi a comprende in modo coinciso e sintetico come sono organizzati i tempi liturgici della chiesa cattolica.<\/p>\n<p>Perch\u00e9 pensiamo sia importante avere le idee chiare a riguardo? Perch\u00e9 ogni tempo liturgico prevede non soltanto diversi contenuti teologici nell&#8217;ambito delle cerimonie e nella liturgia, nei colori da utilizzare nelle celebrazioni, nei passi delle <strong><a href=\"https:\/\/www.holyart.it\/it\/articoli-religiosi\/libri-e-testi-sacri\">Sacre scritture che vengono letti durante la messa<\/a><\/strong>. Ogni tempo liturgico richiede un diverso <strong>atteggiamento dell&#8217;animo<\/strong> da parte del credente, una <strong>predisposizione di fede e cuore<\/strong> che muta a seconda delle feste previste per quel periodo, del momento della vita di Ges\u00f9 o dei Santi che vi vengono celebrati. C&#8217;\u00e8 un tempo per l&#8217;attesa e un tempo per il compimento, e questa affermazione \u00e8 pi\u00f9 vera che mai nei cicli e ricicli dell&#8217;anno liturgico, che si ripetono da secoli coinvolgendo tutti i cristiani.<\/p>\n<p>Intanto possiamo dire che l\u2019anno liturgico celebra e rinnova la <strong>vita di Ges\u00f9<\/strong> distribuita nell&#8217;arco di un intero anno. Il cuore dell&#8217;anno liturgico \u00e8 il <strong>Triduo Pasquale<\/strong>, poich\u00e9 ricorda la passione, la morte e la risurrezione di Ges\u00f9.<\/p>\n<p>L&#8217;anno liturgico<strong> comincia con l&#8217;Avvento<\/strong> e<strong> termina con <a href=\"http:\/\/holyart.it\/it\/occasioni-speciali\/pasqua-e-quaresima\/cristo-risorto-e-sacerdote-re\">la solennit\u00e0 di Cristo Re<\/a>,<\/strong> festeggiata nella trentaquattresima domenica del Tempo Ordinario, a fine novembre.<br \/>\nL&#8217;anno liturgico si misura in <strong>settimane<\/strong> ed \u00e8 composto dal <strong>Temporale<\/strong>, che comprende il ciclo natalizio di Avvento e Natale, il ciclo pasquale con <strong><a href=\"https:\/\/www.holyart.it\/it\/occasioni-speciali\/pasqua-e-quaresima\">Quaresima e Pasqua<\/a><\/strong>, e le 34 domeniche del Tempo Ordinario, e il <strong>Santorale <\/strong>che comprende, invece, i giorni dedicati alla memoria dei Santi.<\/p>\n<p>L\u2019anno liturgico rappresenta per ogni cristiano un <strong>cammino di salvezza<\/strong>, durante il quale ogni fedele \u00e8 invitato a fare propria l&#8217;esperienza terrena e spirituale di Ges\u00f9, per trasformare la propria vita e renderla pi\u00f9 degna e santa secondo il Suo modello.<\/p>\n<p><img loading=\"lazy\" decoding=\"async\" class=\"alignnone size-large wp-image-10489 aligncenter\" src=\"https:\/\/blog.holyart.it\/it\/wp-content\/uploads\/sites\/17\/2020\/09\/colori-liturgici-1024x108.jpeg\" alt=\"colori liturgici\" width=\"1024\" height=\"108\" data-kale-share-title=\"L\u2019anno liturgico: facciamo chiarezza\" data-kale-share-url=\"https:\/\/blog.holyart.it\/it\/?p=10438\" \/><\/p>\n<h2>Tempi liturgici della chiesa cattolica<\/h2>\n<p>Prima di tutto definiamo quali siano i tempi liturgici della chiesa cattolica. Nel contempo cercheremo di riassumere quali celebrazioni e letture bibliche essi prevedano. Per chiarezza, parleremo del <strong>Rito Romano<\/strong>, tramandato dalla Chiesa di Roma e il pi\u00f9 diffuso del cristianesimo. Nel <strong>Rito Ambrosiano<\/strong> tutti i tempi liturgici sono anticipati e le celebrazioni terminano l&#8217;ultima settimana del Tempo dopo Pentecoste.<\/p>\n<p>Ecco come \u00e8 diviso l&#8217;anno liturgico:<\/p>\n<h2>Avvento<\/h2>\n<p>L&#8217;<strong><a href=\"https:\/\/www.holyart.it\/it\/natale\/avvento\">Avvento<\/a> \u00e8 il tempo dell&#8217;attesa<\/strong>: da un lato si celebra la prossima venuta di Ges\u00f9, in vista del Natale; dall&#8217;altro, pi\u00f9 ampiamente, si festeggia la speranza del Suo ritorno con la fine dei tempi (la cosiddetta <strong>Parusia<\/strong>, la venuta del Signore Ges\u00f9 glorificato, con potenza e gloria).<\/p>\n<p>Questo tempo liturgico dura <strong>quattro settimane. <\/strong>Inizia infatti quattro settimane prima di Natale, indicativamente tra il 27 novembre e il 3 dicembre. Nel <strong>Rito ambrosiano<\/strong> le settimane sono invece <strong>sei<\/strong>.<br \/>\nL\u2019Avvento ha inizio con i <em>vespri <\/em>della prima domenica e si conclude con i <em>vespri di Natale<\/em>, il 24 dicembre, e con l&#8217;inizio del Tempo liturgico del Natale.<br \/>\n<a href=\"https:\/\/www.holyart.it\/blog\/natale\/il-tempo-di-avvento\/\"><strong>L&#8217;Avvento \u00e8 un tempo di gioia e speranza<\/strong><\/a>, per l&#8217;attesa del Salvatore.<\/p>\n<p>Nel Rito romano si usa come <strong>colore liturgico<\/strong> il <strong>viola<\/strong>, in quello ambrosiano il <strong>morello<\/strong>, una sfumatura del viola.<\/p>\n<div class=\"link-article\">\n<p><img loading=\"lazy\" decoding=\"async\" class=\"alignnone size-full wp-image-10448\" src=\"https:\/\/blog.holyart.it\/it\/wp-content\/uploads\/sites\/17\/2020\/09\/avvento.jpg\" alt=\"avvento\" width=\"150\" height=\"100\" data-kale-share-title=\"L\u2019anno liturgico: facciamo chiarezza\" data-kale-share-url=\"https:\/\/blog.holyart.it\/it\/?p=10438\" \/><\/p>\n<div class=\"leggi-anche\">Leggi anche:<\/div>\n<p><strong><a href=\"https:\/\/www.holyart.it\/blog\/natale\/il-tempo-di-avvento\/\">Il tempo di Avvento<\/a><\/strong><br \/>\nL\u2019Avvento \u00e8 uno dei momenti pi\u00f9 importanti dell\u2019anno per i cattolici di tutto il mondo. \u00c8 il periodo in cui ci ci si prepara alla venuta di Cristo&#8230;<\/p>\n<\/div>\n<h2>Natale<\/h2>\n<p>Il tempo liturgico del <a href=\"https:\/\/www.holyart.it\/it\/natale\"><strong>Natale <\/strong><\/a>ha inizio la sera del 24 dicembre, con i vespri, e si conclude la domenica dopo l\u2019Epifania. Ha dunque una durata<strong> dai quattordici ai venti giorni<\/strong>.<br \/>\nCome e pi\u00f9 dell&#8217;Avvento il Natale \u00e8 un tempo di <strong>grande gioia<\/strong>, perch\u00e9 celebra la prima venuta di Ges\u00f9, fattosi uomo per amore di tutti noi.<\/p>\n<div class=\"link-product\">\n<div class=\"blocco-immagine\"><img loading=\"lazy\" decoding=\"async\" class=\"alignnone size-full wp-image-10474\" src=\"https:\/\/blog.holyart.it\/it\/wp-content\/uploads\/sites\/17\/2020\/09\/albero-di-natale.jpg\" alt=\"albero di natale\" width=\"100\" height=\"100\" data-kale-share-title=\"L\u2019anno liturgico: facciamo chiarezza\" data-kale-share-url=\"https:\/\/blog.holyart.it\/it\/?p=10438\" \/><\/div>\n<div class=\"blocco-contenuto\">\n<div class=\"blocco-acquista\">Acquista su Holyart:<\/div>\n<div class=\"blocco-titolo\"><a href=\"https:\/\/www.holyart.it\/it\/natale\">Articoli Natalizi<\/a><\/div>\n<div class=\"blocco-descrizione\">Oltre 18.000 articoli natalizi: presepi, alberi, luci, addobbi&#8230;<\/div>\n<\/div>\n<\/div>\n<h2>Tempo Ordinario 1<\/h2>\n<p>Il tempo successivo all&#8217;Epifania rientra nel cosiddetto <strong>Tempo Ordinario<\/strong>, ovvero tutti quei periodi dell&#8217;anno liturgico durante i quali non si celebrano feste di particolare rilevanza. Nel Rito romano dura<strong> trentatr\u00e9 settimane<\/strong>, divise in due distinti periodi di Tempo Ordinario:<\/p>\n<ul>\n<li>dal luned\u00ec dopo la domenica del Battesimo di Ges\u00f9, ovvero la domenica dopo l&#8217;Epifania, all&#8217;inizio della Quaresima (Mercoled\u00ec delle ceneri);<\/li>\n<li>dopo Pentecoste e fino al successivo tempo di Avvento.<\/li>\n<\/ul>\n<p>Il <strong>colore liturgico<\/strong> del Tempo Ordinario \u00e8 il <strong>verde, <\/strong>sia per il Rito romano sia per quello ambrosiano.<br \/>\nDurante il Tempo Ordinario la Chiesa e i fedeli si concentrano sulla <a href=\"https:\/\/www.holyart.it\/it\/articoli-religiosi\/libri-e-testi-sacri\/vangeli\"><strong>lettura e la comprensione dei Vangeli<\/strong><\/a>, secondo il ciclo di letture su tre anni stabilito dal Lezionario. Il ciclo di lettura \u00e8 identificato dalle letture A \u2013 B \u2013 C :<\/p>\n<ul>\n<li>Anno A: la maggior parte dei testi evangelici dal vangelo di Matteo.<\/li>\n<li>Anno B: la maggior parte dei testi evangelici dal vangelo di Marco.<\/li>\n<li>Anno C: la maggior parte dei testi evangelici dal vangelo di Luca.<\/li>\n<\/ul>\n<p>Il vangelo secondo Giovanni \u00e8 sempre letto a Pasqua ed \u00e8 usato per altri tempi liturgici, come Avvento, Natale e Quaresima.<\/p>\n<h2>Quaresima<\/h2>\n<p>La <strong><a href=\"https:\/\/www.holyart.it\/blog\/articoli-religiosi\/quaresima-cose-funziona\/\">Quaresima<\/a> <\/strong>dura <strong>quaranta giorni<\/strong> e precede la celebrazione della Pasqua.<br \/>\nInizia il <a href=\"https:\/\/www.holyart.it\/blog\/articoli-religiosi\/mercoledi-delle-ceneri-che-cose\/\"><strong>Mercoled\u00ec delle Ceneri<\/strong><\/a> e si conclude il <strong>Gioved\u00ec Santo<\/strong>.<\/p>\n<p>Nel <strong>Rito ambrosiano<\/strong> parte invece dalla domenica successiva al Marted\u00ec grasso e si conclude il Gioved\u00ec santo.<br \/>\nSi contano dunque <strong>cinque domeniche di Quaresima<\/strong>: la sesta d\u00e0 inizio alla <strong>Settimana Santa<\/strong> e prende il nome di <strong>Domenica delle Palme<\/strong> e della Passione del Signore.<br \/>\nQuesto tempo liturgico ricorda il periodo di quaranta giorni trascorso da Ges\u00f9 nel deserto.<\/p>\n<p>\u00c8 dunque un periodo di<strong> penitenza, preghiera e preparazione alla Pasqua<\/strong>, durante il quale si combatte il peccato per essere degni di Ges\u00f9 e del suo sacrificio.<br \/>\nLa <strong><a href=\"https:\/\/www.holyart.it\/blog\/accessori-liturgia\/i-riti-della-settimana-santa\/\">Settimana Santa<\/a><\/strong> \u00e8 la <strong>settimana che precede la Pasqua<\/strong> ed \u00e8 la pi\u00f9 importante dell\u2019anno. In essa seguiamo Ges\u00f9 dal suo<strong> ingresso a Gerusalemme <\/strong>(Domenica delle Palme), fino al suo arresto, alla Passione, alla morte e sepoltura.<\/p>\n<p>Il <strong>Gioved\u00ec Santo<\/strong> ricorda <strong>l&#8217;<a href=\"https:\/\/www.holyart.it\/blog\/articoli-religiosi\/lultima-cena-leonardo-da-vinci-storia-di-un-capolavoro\/\">Ultima cena<\/a><\/strong> e apre il solenne <strong>Triduo Pasquale<\/strong>, il tempo centrale dell&#8217;anno liturgico, perch\u00e9 in quei tre giorni Ges\u00f9 istitu\u00ec l&#8217;<strong>Eucaristia<\/strong>, il <strong>sacerdozio ministeriale<\/strong>, pronunci\u00f2 il <strong>comandamento dell&#8217;amore fraterno<\/strong>.<\/p>\n<p>Inoltre il <strong>Venerd\u00ec Santo<\/strong> ricorda la Sua morte sulla Croce.<\/p>\n<p>Il <strong>Sabato Santo<\/strong> ogni celebrazione liturgica \u00e8 sospesa, per ricordare la discesa di Ges\u00f9 agli Inferi, mentre ci si prepara per la <strong>Veglia Pasquale<\/strong> (la notte tra il sabato e la domenica).<br \/>\nIl <strong>colore liturgico <\/strong>della Quaresima \u00e8 il <strong>viola<\/strong>, <strong>morello<\/strong> per il Rito ambrosiano.<\/p>\n<p>Il <strong>Rito Ambrosiano<\/strong> fa iniziare la Quaresima con i primi vespri della domenica dopo il Mercoled\u00ec delle Ceneri romano e termina la sera del Gioved\u00ec Santo, per un totale di quaranta giorni.<\/p>\n<p>Ricapitolando:<\/p>\n<ul>\n<li><strong>Domenica delle Palme:<\/strong> ricorda il solenne ingresso di Ges\u00f9 a Gerusalemme<\/li>\n<li><strong>Triduo Pasquale:<\/strong> ne fanno parte:\n<ul>\n<li><strong>Gioved\u00ec Santo <\/strong>(Ultima Cena). <strong><a href=\"https:\/\/www.holyart.it\/it\/accessori-per-la-liturgia\/arredi-sacri\/tabernacoli\">Dopo la messa l&#8217;Eucarestia viene racchiusa nel tabernacolo<\/a><\/strong> ornato con fiori e luci, per essere adorata dai fedeli che ricordano la notte passata da Ges\u00f9 nell&#8217;orto degli ulivi. Ricorda l&#8217;Ultima Cena. I Vescovi e tutti i presbiteri invocano lo Spirito Santo per benedire gli oli che serviranno per i sacramenti e rinnovano le promesse della loro ordinazione.;<\/li>\n<li><strong>Venerd\u00ec Santo<\/strong> (Passione del Signore). Si leggono passi evangelici della Passione di Ges\u00f9, poi si prega insieme per tutti i bisogni del mondo invocando la misericordia di Dio. Segue la processione di adorazione della Croce che ha salvato il mondo e la comunione con il pane consacrato nella Messa del Giovedi Santo;<\/li>\n<li><strong>Sabato Santo-Veglia Pasquale:<\/strong> prelude alla Veglia pasquale. Comincia con la <em>Liturgia della luce<\/em>, che ha luogo fuori dalla chiesa dove viene acceso <strong><a href=\"https:\/\/www.holyart.it\/it\/prodotti-consumabili\/candele-ceri-ceretti?23%5B%5D=981&amp;p_min=&amp;p_max=\">il cero pasquale<\/a><\/strong> e l&#8217;ingresso dei fedeli nella chiesa buia. Segue la <em>Liturgia della Parola<\/em> con letture sulla Pasqua ebraica (fuga degli ebrei dall&#8217;Egitto). Le campane che sono rimasta mute dal gioved\u00ec santo vengono suonate. Viene poi la <em>Liturgia battesimale<\/em>, con cui viene benedetta l\u2019acqua per il Battesimo e la <em>Liturgia eucaristica<\/em> che rievoca la morte e risurrezione di Ges\u00f9.<\/li>\n<\/ul>\n<\/li>\n<\/ul>\n<h2>Tempo di Pasqua<\/h2>\n<p>La <strong>Veglia Pasquale<\/strong> segna la fine della Quaresima e l&#8217;inizio della <strong>Pasqua<\/strong> vera e propria, quando si festeggia il trionfo di Ges\u00f9 Cristo sulla morte.<\/p>\n<p>La Pasqua \u00e8 un periodo di <strong>cinquanta giorni<\/strong> e dura <strong>fino a Pentecoste<\/strong>.<\/p>\n<p>Per tutto questo tempo si celebra la <strong>gioia della Resurrezione<\/strong>, con un susseguirsi di cerimonie e feste liturgiche durante tutte le domeniche del Tempo Pasquale.<br \/>\n<strong>Quaranta giorni <\/strong>dopo la Pasqua si celebra <a href=\"https:\/\/www.holyart.it\/blog\/articoli-religiosi\/il-vangelo-secondo-luca-dalla-nascita-miracolosa-allascensione-al-cielo\/\"><strong>l&#8217;Ascensione di Ges\u00f9<\/strong><\/a>, che con Pasqua e Pentecoste \u00e8 una delle feste pi\u00f9 importanti del Calendario Ecclesiastico. Si tratta del momento in cui Ges\u00f9, dopo essere morto e sepolto, ascese al Cielo.<\/p>\n<p><strong>Cinquanta giorni<\/strong> dopo la Pasqua si festeggia invece la <strong>Pentecoste<\/strong>, la discesa dello Spirito Santo sugli Apostoli che diede inizio alla loro missione evangelica e alla nascita della Chiesa.<br \/>\nIl <strong>colore liturgico<\/strong> \u00e8 il <strong>bianco<\/strong>, <strong>rosso<\/strong> per la Pentecoste.<\/p>\n<h2>Tempo Ordinario 2<\/h2>\n<p>Come gi\u00e0 specificato, dopo la Pentecoste inizia il <strong>secondo periodo del Tempo Ordinario<\/strong>. Si tratta di periodi di ascolto e contemplazione della Parola del Signore. I temi cambiano man mano che ci si riavvicina all&#8217;Avvento.<br \/>\nIl <strong>colore liturgico<\/strong> \u00e8 ancora il <strong>verde<\/strong>.<\/p>\n<p>Il <strong>Rito Ambrosiano<\/strong> divide il Tempo Ordinario dopo la Pentecoste in tre distinti momenti:<\/p>\n<ul>\n<li>settimane dopo Pentecoste (Colore liturgico rosso);<\/li>\n<li>settimane dopo il Martirio (Colore liturgico rosso);<\/li>\n<li>settimane dopo la Dedicazione (Colore liturgico verde).<\/li>\n<\/ul>\n<div class=\"link-article\">\n<p><img loading=\"lazy\" decoding=\"async\" class=\"alignnone size-full wp-image-10457\" src=\"https:\/\/blog.holyart.it\/it\/wp-content\/uploads\/sites\/17\/2020\/09\/rito-ambrosiano-e-romano.jpg\" alt=\"rito ambrosiano e romano\" width=\"150\" height=\"100\" data-kale-share-title=\"L\u2019anno liturgico: facciamo chiarezza\" data-kale-share-url=\"https:\/\/blog.holyart.it\/it\/?p=10438\" \/><\/p>\n<div class=\"leggi-anche\">Leggi anche:<\/div>\n<p><strong><a href=\"https:\/\/www.holyart.it\/blog\/articoli-religiosi\/rito-ambrosiano-rito-romano-vediamo-insieme-le-differenze\/\">Rito ambrosiano e rito romano: vediamo insieme le differenze<\/a><\/strong><br \/>\nCome \u00e8 possibile che, nell\u2019ambito della chiesa cattolica, sussistano riti diversi? Scopriamo insieme le differenze tra due modi di vivere&#8230;<\/p>\n<\/div>\n<h2>Colori paramenti liturgici cattolici<\/h2>\n<p>Parlando dei vari tempi liturgici abbiamo gi\u00e0 elencato quali sono i colori utilizzati per i paramenti in occasione delle varie feste. <strong><a href=\"https:\/\/www.holyart.it\/blog\/accessori-liturgia\/colori-nella-liturgia-cattolica-significato\/\">Ciascuno di questi colori ha un significato preciso<\/a><\/strong>,\u00a0 e essi sono stati codificati per volont\u00e0 di Paolo VI nel Rito romano nel 1969. I pi\u00f9 importanti sono quattro:<\/p>\n<ul>\n<li><strong>bianco<\/strong> (Pasqua)<\/li>\n<li><strong>verde<\/strong> (Tempo Ordinario)<\/li>\n<li><strong>rosso <\/strong>(domenica delle Palme, Venerd\u00ec santo, Pentecoste)<\/li>\n<li><strong>viola<\/strong> (Avvento, Quaresima, Messe per i defunti)<\/li>\n<\/ul>\n<div class=\"link-article\">\n<p><img loading=\"lazy\" decoding=\"async\" class=\"alignnone size-full wp-image-10452\" src=\"https:\/\/blog.holyart.it\/it\/wp-content\/uploads\/sites\/17\/2020\/09\/i-colori-liturgici.jpg\" alt=\"i colori liturgici\" width=\"150\" height=\"100\" data-kale-share-title=\"L\u2019anno liturgico: facciamo chiarezza\" data-kale-share-url=\"https:\/\/blog.holyart.it\/it\/?p=10438\" \/><\/p>\n<div class=\"leggi-anche\">Leggi anche:<\/div>\n<p><strong><a href=\"https:\/\/www.holyart.it\/blog\/accessori-liturgia\/colori-nella-liturgia-cattolica-significato\/\">I colori nella liturgia cattolica e il loro significato<\/a><\/strong><br \/>\nI paramenti liturgici dei sacerdoti cattolici durante le celebrazioni religiose e i numerosi paramenti sacri da loro utilizzati si differenziano&#8230;<\/p>\n<\/div>\n<p>Ma ci sono anche altri colori utilizzati nei <strong><a href=\"https:\/\/www.holyart.it\/it\/accessori-per-la-liturgia\/paramenti-liturgici-servizi-altare-coprileggii\">paramenti liturgici<\/a><\/strong> solo in alcune occasioni particolari o come alternativa ai colori canonici:<\/p>\n<ul>\n<li><strong>rosa <\/strong>(III domenica di Avvento e la IV domenica di Quaresima);<\/li>\n<li><strong>azzurro<\/strong> (celebrazioni in onore della Beata Vergine Maria);<\/li>\n<li><strong>oro<\/strong> (Solennit\u00e0 di particolare importanza);<\/li>\n<li><strong>nero\u00a0<\/strong>(Messe per i defunti)<\/li>\n<\/ul>\n<div class=\"link-product\">\n<div class=\"blocco-immagine\"><img loading=\"lazy\" decoding=\"async\" class=\"alignnone size-full wp-image-10467\" src=\"https:\/\/blog.holyart.it\/it\/wp-content\/uploads\/sites\/17\/2020\/09\/casule-4-colori-liturgici.jpg\" alt=\"casule 4 colori liturgici\" width=\"100\" height=\"100\" data-kale-share-title=\"L\u2019anno liturgico: facciamo chiarezza\" data-kale-share-url=\"https:\/\/blog.holyart.it\/it\/?p=10438\" \/><\/div>\n<div class=\"blocco-contenuto\">\n<div class=\"blocco-acquista\">Acquista su Holyart:<\/div>\n<div class=\"blocco-titolo\"><a href=\"https:\/\/www.holyart.it\/it\/accessori-per-la-liturgia\/paramenti-liturgici-servizi-altare-coprileggii\">Paramenti in tutti i colori liturgici<\/a><\/div>\n<div class=\"blocco-descrizione\">Oltre 1500 paramenti liturgici: casule, stole, servizi da messa&#8230;<\/div>\n<\/div>\n<\/div>\n<h2>Anno liturgico spiegato ai bambini<\/h2>\n<p><strong>Insegnare ai bambini e i ragazzi <\/strong>come \u00e8 organizzato l&#8217;anno liturgico pu\u00f2 essere un modo prezioso per aiutarli a familiarizzare con le principali feste, i periodi e i colori liturgici. Proprio i <strong>colori <\/strong>potrebbero aiutare particolarmente i pi\u00f9 piccini a capire quali sono i vari tempi liturgici.<\/p>\n<p>Il <strong>Viola<\/strong> \u00e8 il colore usato per celebrare l&#8217;attesa per la nascita di Ges\u00f9 (<strong>Avvento<\/strong>) e la preparazione alla Pasqua (<strong>Quaresima<\/strong>). In entrambi i periodi dobbiamo <strong>intensificare la preghiera<\/strong> ed <strong>essere pi\u00f9 buoni.<\/strong><\/p>\n<p>Il <strong>Bianco<\/strong> \u00e8 il colore del <strong>Natale<\/strong>, quando Ges\u00f9 \u00e8 venuto nel mondo come un Bambino e si \u00e8 fatto uomo per la nostra salvezza. \u00c8 anche il colore della <strong>Pasqua<\/strong>, quando Ges\u00f9 \u00e8 morto e poi risorto per tutti noi.<\/p>\n<p>Il<strong> Rosso<\/strong> \u00e8 il colore della Spirito Santo, usato per festeggiare la <a href=\"https:\/\/www.holyart.it\/blog\/accessori-liturgia\/in-occasione-della-pentecoste-prega-maria-che-scioglie-i-nodi\/\"><strong>Pentecoste<\/strong><\/a>, ma \u00e8 anche il colore del <strong>sangue della Passione<\/strong>, ed \u00e8 per questo che i sacerdoti lo utilizzano per le feste di <strong><a href=\"https:\/\/www.holyart.it\/it\/articoli-religiosi\/statue\">Santi martiri<\/a><\/strong>, per la Domenica delle Palme e il Venerd\u00ec Santo.<\/p>\n<div class=\"link-article\">\n<p><img loading=\"lazy\" decoding=\"async\" class=\"alignnone size-full wp-image-10480\" src=\"https:\/\/blog.holyart.it\/it\/wp-content\/uploads\/sites\/17\/2020\/09\/Santi-martiri-1.jpg\" alt=\"Santi martiri\" width=\"150\" height=\"100\" data-kale-share-title=\"L\u2019anno liturgico: facciamo chiarezza\" data-kale-share-url=\"https:\/\/blog.holyart.it\/it\/?p=10438\" \/><\/p>\n<div class=\"leggi-anche\">Leggi anche:<\/div>\n<p><strong><a href=\"https:\/\/www.holyart.it\/blog\/santi-e-beati\/santi-martiri-sacrificare-la-propria-vita-in-nome-di-dio\/\">Santi Martiri: sacrificare la propria vita in nome di Dio<\/a><\/strong><br \/>\nI Santi Martiri sono uomini e donne, spesso molto giovani, che hanno sacrificato la propria vita per amore di Dio, meritando la beatificazione<\/p>\n<\/div>\n<p>Il <strong>Verde<\/strong> infine indica il <strong>Tempo Ordinario<\/strong>, durante il quale occorre <strong>meditare, pregare e vivere gli insegnamenti di Ges\u00f9<\/strong>. \u00c8 diviso in due momenti: dalla fine delle feste di Natale all\u2019inizio della Quaresima; dalla fine della Pasqua alla chiusura dell\u2019anno liturgico.<\/p>\n","protected":false},"excerpt":{"rendered":"<p>I tempi liturgici della chiesa cattolica sono le stagioni in cui \u00e8 suddiviso l&#8217;anno liturgico. Scopriamoli insieme. Sentiamo spesso parlare di anno liturgico e di tempi liturgici della chiesa cattolica. Ma siamo sicuri di sapere davvero che cosa sono? In particolare, quali e quanti sono&hellip;<\/p>\n","protected":false},"author":1,"featured_media":10491,"comment_status":"closed","ping_status":"open","sticky":false,"template":"","format":"standard","meta":{"_acf_changed":false,"footnotes":""},"categories":[14],"tags":[],"class_list":["post-10438","post","type-post","status-publish","format-standard","has-post-thumbnail","hentry","category-accessori-liturgia"],"acf":[],"yoast_head":"<!-- This site is optimized with the Yoast SEO plugin v26.6 - https:\/\/yoast.com\/wordpress\/plugins\/seo\/ -->\n<title>L&#039;anno e tempi liturgici: facciamo chiarezza - Holyblog<\/title>\n<meta name=\"description\" content=\"I tempi liturgici della chiesa cattolica sono le stagioni in cui \u00e8 suddiviso l&#039;anno liturgico. Sentiamo spesso parlare di anno liturgico e tempi liturgici\" \/>\n<meta name=\"robots\" content=\"index, follow, max-snippet:-1, max-image-preview:large, max-video-preview:-1\" \/>\n<link rel=\"canonical\" href=\"https:\/\/blog.holyart.it\/it\/accessori-liturgia\/lanno-e-tempi-liturgici-facciamo-chiarezza\/\" \/>\n<meta property=\"og:locale\" content=\"it_IT\" \/>\n<meta property=\"og:type\" content=\"article\" \/>\n<meta property=\"og:title\" content=\"L&#039;anno e tempi liturgici: facciamo chiarezza - Holyblog\" \/>\n<meta property=\"og:description\" content=\"I tempi liturgici della chiesa cattolica sono le stagioni in cui \u00e8 suddiviso l&#039;anno liturgico. Sentiamo spesso parlare di anno liturgico e tempi liturgici\" \/>\n<meta property=\"og:url\" content=\"https:\/\/blog.holyart.it\/it\/accessori-liturgia\/lanno-e-tempi-liturgici-facciamo-chiarezza\/\" \/>\n<meta property=\"og:site_name\" content=\"Holyblog\" \/>\n<meta property=\"article:published_time\" content=\"2020-09-15T09:33:50+00:00\" \/>\n<meta property=\"article:modified_time\" content=\"2025-04-18T08:15:16+00:00\" \/>\n<meta property=\"og:image\" content=\"https:\/\/blog.holyart.it\/it\/wp-content\/uploads\/sites\/17\/2020\/09\/calendario-liturgico.jpg\" \/>\n\t<meta property=\"og:image:width\" content=\"1000\" \/>\n\t<meta property=\"og:image:height\" content=\"666\" \/>\n\t<meta property=\"og:image:type\" content=\"image\/jpeg\" \/>\n<meta name=\"author\" content=\"Redazione\" \/>\n<meta name=\"twitter:card\" content=\"summary_large_image\" \/>\n<meta name=\"twitter:label1\" content=\"Scritto da\" \/>\n\t<meta name=\"twitter:data1\" content=\"Redazione\" \/>\n\t<meta name=\"twitter:label2\" content=\"Tempo di lettura stimato\" \/>\n\t<meta name=\"twitter:data2\" content=\"13 minuti\" \/>\n<script type=\"application\/ld+json\" class=\"yoast-schema-graph\">{\"@context\":\"https:\/\/schema.org\",\"@graph\":[{\"@type\":\"Article\",\"@id\":\"https:\/\/blog.holyart.it\/it\/accessori-liturgia\/lanno-e-tempi-liturgici-facciamo-chiarezza\/#article\",\"isPartOf\":{\"@id\":\"https:\/\/blog.holyart.it\/it\/accessori-liturgia\/lanno-e-tempi-liturgici-facciamo-chiarezza\/\"},\"author\":{\"name\":\"Redazione\",\"@id\":\"https:\/\/blog.holyart.it\/it\/#\/schema\/person\/0a7b686e5af0f856ec1e390dd0baecda\"},\"headline\":\"L&#8217;anno e tempi liturgici: facciamo chiarezza\",\"datePublished\":\"2020-09-15T09:33:50+00:00\",\"dateModified\":\"2025-04-18T08:15:16+00:00\",\"mainEntityOfPage\":{\"@id\":\"https:\/\/blog.holyart.it\/it\/accessori-liturgia\/lanno-e-tempi-liturgici-facciamo-chiarezza\/\"},\"wordCount\":1980,\"publisher\":{\"@id\":\"https:\/\/blog.holyart.it\/it\/#organization\"},\"image\":{\"@id\":\"https:\/\/blog.holyart.it\/it\/accessori-liturgia\/lanno-e-tempi-liturgici-facciamo-chiarezza\/#primaryimage\"},\"thumbnailUrl\":\"https:\/\/blog.holyart.it\/it\/wp-content\/uploads\/sites\/17\/2020\/09\/calendario-liturgico.jpg\",\"articleSection\":[\"Liturgia\"],\"inLanguage\":\"it-IT\"},{\"@type\":\"WebPage\",\"@id\":\"https:\/\/blog.holyart.it\/it\/accessori-liturgia\/lanno-e-tempi-liturgici-facciamo-chiarezza\/\",\"url\":\"https:\/\/blog.holyart.it\/it\/accessori-liturgia\/lanno-e-tempi-liturgici-facciamo-chiarezza\/\",\"name\":\"L'anno e tempi liturgici: facciamo chiarezza - Holyblog\",\"isPartOf\":{\"@id\":\"https:\/\/blog.holyart.it\/it\/#website\"},\"primaryImageOfPage\":{\"@id\":\"https:\/\/blog.holyart.it\/it\/accessori-liturgia\/lanno-e-tempi-liturgici-facciamo-chiarezza\/#primaryimage\"},\"image\":{\"@id\":\"https:\/\/blog.holyart.it\/it\/accessori-liturgia\/lanno-e-tempi-liturgici-facciamo-chiarezza\/#primaryimage\"},\"thumbnailUrl\":\"https:\/\/blog.holyart.it\/it\/wp-content\/uploads\/sites\/17\/2020\/09\/calendario-liturgico.jpg\",\"datePublished\":\"2020-09-15T09:33:50+00:00\",\"dateModified\":\"2025-04-18T08:15:16+00:00\",\"description\":\"I tempi liturgici della chiesa cattolica sono le stagioni in cui \u00e8 suddiviso l'anno liturgico. Sentiamo spesso parlare di anno liturgico e tempi liturgici\",\"breadcrumb\":{\"@id\":\"https:\/\/blog.holyart.it\/it\/accessori-liturgia\/lanno-e-tempi-liturgici-facciamo-chiarezza\/#breadcrumb\"},\"inLanguage\":\"it-IT\",\"potentialAction\":[{\"@type\":\"ReadAction\",\"target\":[\"https:\/\/blog.holyart.it\/it\/accessori-liturgia\/lanno-e-tempi-liturgici-facciamo-chiarezza\/\"]}]},{\"@type\":\"ImageObject\",\"inLanguage\":\"it-IT\",\"@id\":\"https:\/\/blog.holyart.it\/it\/accessori-liturgia\/lanno-e-tempi-liturgici-facciamo-chiarezza\/#primaryimage\",\"url\":\"https:\/\/blog.holyart.it\/it\/wp-content\/uploads\/sites\/17\/2020\/09\/calendario-liturgico.jpg\",\"contentUrl\":\"https:\/\/blog.holyart.it\/it\/wp-content\/uploads\/sites\/17\/2020\/09\/calendario-liturgico.jpg\",\"width\":1000,\"height\":666,\"caption\":\"calendario liturgico\"},{\"@type\":\"BreadcrumbList\",\"@id\":\"https:\/\/blog.holyart.it\/it\/accessori-liturgia\/lanno-e-tempi-liturgici-facciamo-chiarezza\/#breadcrumb\",\"itemListElement\":[{\"@type\":\"ListItem\",\"position\":1,\"name\":\"Homepage\",\"item\":\"https:\/\/blog.holyart.it\/it\/\"},{\"@type\":\"ListItem\",\"position\":2,\"name\":\"Liturgia\",\"item\":\"https:\/\/blog.holyart.it\/it\/accessori-liturgia\/\"},{\"@type\":\"ListItem\",\"position\":3,\"name\":\"L&#8217;anno e tempi liturgici: facciamo chiarezza\"}]},{\"@type\":\"WebSite\",\"@id\":\"https:\/\/blog.holyart.it\/it\/#website\",\"url\":\"https:\/\/blog.holyart.it\/it\/\",\"name\":\"Holyblog\",\"description\":\"Il Blog di Holyart.it\",\"publisher\":{\"@id\":\"https:\/\/blog.holyart.it\/it\/#organization\"},\"potentialAction\":[{\"@type\":\"SearchAction\",\"target\":{\"@type\":\"EntryPoint\",\"urlTemplate\":\"https:\/\/blog.holyart.it\/it\/?s={search_term_string}\"},\"query-input\":{\"@type\":\"PropertyValueSpecification\",\"valueRequired\":true,\"valueName\":\"search_term_string\"}}],\"inLanguage\":\"it-IT\"},{\"@type\":\"Organization\",\"@id\":\"https:\/\/blog.holyart.it\/it\/#organization\",\"name\":\"Holyblog\",\"url\":\"https:\/\/blog.holyart.it\/it\/\",\"logo\":{\"@type\":\"ImageObject\",\"inLanguage\":\"it-IT\",\"@id\":\"https:\/\/blog.holyart.it\/it\/#\/schema\/logo\/image\/\",\"url\":\"https:\/\/blog.holyart.it\/it\/wp-content\/uploads\/sites\/17\/2022\/12\/Holyart_Blog_Logo.jpg\",\"contentUrl\":\"https:\/\/blog.holyart.it\/it\/wp-content\/uploads\/sites\/17\/2022\/12\/Holyart_Blog_Logo.jpg\",\"width\":300,\"height\":50,\"caption\":\"Holyblog\"},\"image\":{\"@id\":\"https:\/\/blog.holyart.it\/it\/#\/schema\/logo\/image\/\"}},{\"@type\":\"Person\",\"@id\":\"https:\/\/blog.holyart.it\/it\/#\/schema\/person\/0a7b686e5af0f856ec1e390dd0baecda\",\"name\":\"Redazione\"}]}<\/script>\n<!-- \/ Yoast SEO plugin. -->","yoast_head_json":{"title":"L'anno e tempi liturgici: facciamo chiarezza - Holyblog","description":"I tempi liturgici della chiesa cattolica sono le stagioni in cui \u00e8 suddiviso l'anno liturgico. Sentiamo spesso parlare di anno liturgico e tempi liturgici","robots":{"index":"index","follow":"follow","max-snippet":"max-snippet:-1","max-image-preview":"max-image-preview:large","max-video-preview":"max-video-preview:-1"},"canonical":"https:\/\/blog.holyart.it\/it\/accessori-liturgia\/lanno-e-tempi-liturgici-facciamo-chiarezza\/","og_locale":"it_IT","og_type":"article","og_title":"L'anno e tempi liturgici: facciamo chiarezza - Holyblog","og_description":"I tempi liturgici della chiesa cattolica sono le stagioni in cui \u00e8 suddiviso l'anno liturgico. Sentiamo spesso parlare di anno liturgico e tempi liturgici","og_url":"https:\/\/blog.holyart.it\/it\/accessori-liturgia\/lanno-e-tempi-liturgici-facciamo-chiarezza\/","og_site_name":"Holyblog","article_published_time":"2020-09-15T09:33:50+00:00","article_modified_time":"2025-04-18T08:15:16+00:00","og_image":[{"width":1000,"height":666,"url":"https:\/\/blog.holyart.it\/it\/wp-content\/uploads\/sites\/17\/2020\/09\/calendario-liturgico.jpg","type":"image\/jpeg"}],"author":"Redazione","twitter_card":"summary_large_image","twitter_misc":{"Scritto da":"Redazione","Tempo di lettura stimato":"13 minuti"},"schema":{"@context":"https:\/\/schema.org","@graph":[{"@type":"Article","@id":"https:\/\/blog.holyart.it\/it\/accessori-liturgia\/lanno-e-tempi-liturgici-facciamo-chiarezza\/#article","isPartOf":{"@id":"https:\/\/blog.holyart.it\/it\/accessori-liturgia\/lanno-e-tempi-liturgici-facciamo-chiarezza\/"},"author":{"name":"Redazione","@id":"https:\/\/blog.holyart.it\/it\/#\/schema\/person\/0a7b686e5af0f856ec1e390dd0baecda"},"headline":"L&#8217;anno e tempi liturgici: facciamo chiarezza","datePublished":"2020-09-15T09:33:50+00:00","dateModified":"2025-04-18T08:15:16+00:00","mainEntityOfPage":{"@id":"https:\/\/blog.holyart.it\/it\/accessori-liturgia\/lanno-e-tempi-liturgici-facciamo-chiarezza\/"},"wordCount":1980,"publisher":{"@id":"https:\/\/blog.holyart.it\/it\/#organization"},"image":{"@id":"https:\/\/blog.holyart.it\/it\/accessori-liturgia\/lanno-e-tempi-liturgici-facciamo-chiarezza\/#primaryimage"},"thumbnailUrl":"https:\/\/blog.holyart.it\/it\/wp-content\/uploads\/sites\/17\/2020\/09\/calendario-liturgico.jpg","articleSection":["Liturgia"],"inLanguage":"it-IT"},{"@type":"WebPage","@id":"https:\/\/blog.holyart.it\/it\/accessori-liturgia\/lanno-e-tempi-liturgici-facciamo-chiarezza\/","url":"https:\/\/blog.holyart.it\/it\/accessori-liturgia\/lanno-e-tempi-liturgici-facciamo-chiarezza\/","name":"L'anno e tempi liturgici: facciamo chiarezza - Holyblog","isPartOf":{"@id":"https:\/\/blog.holyart.it\/it\/#website"},"primaryImageOfPage":{"@id":"https:\/\/blog.holyart.it\/it\/accessori-liturgia\/lanno-e-tempi-liturgici-facciamo-chiarezza\/#primaryimage"},"image":{"@id":"https:\/\/blog.holyart.it\/it\/accessori-liturgia\/lanno-e-tempi-liturgici-facciamo-chiarezza\/#primaryimage"},"thumbnailUrl":"https:\/\/blog.holyart.it\/it\/wp-content\/uploads\/sites\/17\/2020\/09\/calendario-liturgico.jpg","datePublished":"2020-09-15T09:33:50+00:00","dateModified":"2025-04-18T08:15:16+00:00","description":"I tempi liturgici della chiesa cattolica sono le stagioni in cui \u00e8 suddiviso l'anno liturgico. Sentiamo spesso parlare di anno liturgico e tempi liturgici","breadcrumb":{"@id":"https:\/\/blog.holyart.it\/it\/accessori-liturgia\/lanno-e-tempi-liturgici-facciamo-chiarezza\/#breadcrumb"},"inLanguage":"it-IT","potentialAction":[{"@type":"ReadAction","target":["https:\/\/blog.holyart.it\/it\/accessori-liturgia\/lanno-e-tempi-liturgici-facciamo-chiarezza\/"]}]},{"@type":"ImageObject","inLanguage":"it-IT","@id":"https:\/\/blog.holyart.it\/it\/accessori-liturgia\/lanno-e-tempi-liturgici-facciamo-chiarezza\/#primaryimage","url":"https:\/\/blog.holyart.it\/it\/wp-content\/uploads\/sites\/17\/2020\/09\/calendario-liturgico.jpg","contentUrl":"https:\/\/blog.holyart.it\/it\/wp-content\/uploads\/sites\/17\/2020\/09\/calendario-liturgico.jpg","width":1000,"height":666,"caption":"calendario liturgico"},{"@type":"BreadcrumbList","@id":"https:\/\/blog.holyart.it\/it\/accessori-liturgia\/lanno-e-tempi-liturgici-facciamo-chiarezza\/#breadcrumb","itemListElement":[{"@type":"ListItem","position":1,"name":"Homepage","item":"https:\/\/blog.holyart.it\/it\/"},{"@type":"ListItem","position":2,"name":"Liturgia","item":"https:\/\/blog.holyart.it\/it\/accessori-liturgia\/"},{"@type":"ListItem","position":3,"name":"L&#8217;anno e tempi liturgici: facciamo chiarezza"}]},{"@type":"WebSite","@id":"https:\/\/blog.holyart.it\/it\/#website","url":"https:\/\/blog.holyart.it\/it\/","name":"Holyblog","description":"Il Blog di Holyart.it","publisher":{"@id":"https:\/\/blog.holyart.it\/it\/#organization"},"potentialAction":[{"@type":"SearchAction","target":{"@type":"EntryPoint","urlTemplate":"https:\/\/blog.holyart.it\/it\/?s={search_term_string}"},"query-input":{"@type":"PropertyValueSpecification","valueRequired":true,"valueName":"search_term_string"}}],"inLanguage":"it-IT"},{"@type":"Organization","@id":"https:\/\/blog.holyart.it\/it\/#organization","name":"Holyblog","url":"https:\/\/blog.holyart.it\/it\/","logo":{"@type":"ImageObject","inLanguage":"it-IT","@id":"https:\/\/blog.holyart.it\/it\/#\/schema\/logo\/image\/","url":"https:\/\/blog.holyart.it\/it\/wp-content\/uploads\/sites\/17\/2022\/12\/Holyart_Blog_Logo.jpg","contentUrl":"https:\/\/blog.holyart.it\/it\/wp-content\/uploads\/sites\/17\/2022\/12\/Holyart_Blog_Logo.jpg","width":300,"height":50,"caption":"Holyblog"},"image":{"@id":"https:\/\/blog.holyart.it\/it\/#\/schema\/logo\/image\/"}},{"@type":"Person","@id":"https:\/\/blog.holyart.it\/it\/#\/schema\/person\/0a7b686e5af0f856ec1e390dd0baecda","name":"Redazione"}]}},"_links":{"self":[{"href":"https:\/\/blog.holyart.it\/it\/wp-json\/wp\/v2\/posts\/10438","targetHints":{"allow":["GET"]}}],"collection":[{"href":"https:\/\/blog.holyart.it\/it\/wp-json\/wp\/v2\/posts"}],"about":[{"href":"https:\/\/blog.holyart.it\/it\/wp-json\/wp\/v2\/types\/post"}],"author":[{"embeddable":true,"href":"https:\/\/blog.holyart.it\/it\/wp-json\/wp\/v2\/users\/1"}],"replies":[{"embeddable":true,"href":"https:\/\/blog.holyart.it\/it\/wp-json\/wp\/v2\/comments?post=10438"}],"version-history":[{"count":2,"href":"https:\/\/blog.holyart.it\/it\/wp-json\/wp\/v2\/posts\/10438\/revisions"}],"predecessor-version":[{"id":21783,"href":"https:\/\/blog.holyart.it\/it\/wp-json\/wp\/v2\/posts\/10438\/revisions\/21783"}],"wp:featuredmedia":[{"embeddable":true,"href":"https:\/\/blog.holyart.it\/it\/wp-json\/wp\/v2\/media\/10491"}],"wp:attachment":[{"href":"https:\/\/blog.holyart.it\/it\/wp-json\/wp\/v2\/media?parent=10438"}],"wp:term":[{"taxonomy":"category","embeddable":true,"href":"https:\/\/blog.holyart.it\/it\/wp-json\/wp\/v2\/categories?post=10438"},{"taxonomy":"post_tag","embeddable":true,"href":"https:\/\/blog.holyart.it\/it\/wp-json\/wp\/v2\/tags?post=10438"}],"curies":[{"name":"wp","href":"https:\/\/api.w.org\/{rel}","templated":true}]}}