{"id":10412,"date":"2020-09-10T12:42:08","date_gmt":"2020-09-10T10:42:08","guid":{"rendered":"https:\/\/blog.holyart.it\/it\/?p=10412"},"modified":"2022-10-20T09:43:14","modified_gmt":"2022-10-20T07:43:14","slug":"san-matteo-apostolo-evangelista-e-martire","status":"publish","type":"post","link":"https:\/\/blog.holyart.it\/it\/articoli-religiosi\/san-matteo-apostolo-evangelista-e-martire\/","title":{"rendered":"San Matteo, apostolo, evangelista e martire"},"content":{"rendered":"<h4><em>Il 21 settembre si festeggia San Matteo evangelista, apostolo e martire. Chi era e come \u00e8 diventato apostolo?<\/em><\/h4>\n\n<p>San Matteo evangelista \u00e8 considerato l&#8217;autore di uno dei <a href=\"https:\/\/www.holyart.it\/blog\/articoli-religiosi\/quattro-vangeli-canonici-della-religione-cristiana\/\"><strong>quattro Vangeli canonici<\/strong>, <strong>ovvero i vangeli riconosciuti dalla religione cristiana<\/strong><\/a>. In particolare il suo Vangelo \u00e8 chiamato, insieme a quelli di Marco e Luca, anche Vangelo \u201csinottico\u201d. Se prendiamo i testi dei tre Vangeli sinottici e li mettiamo su tre colonne parallele, noteremo molte somiglianze nella narrazione degli episodi evangelici, a volte perfino le stesse frasi, le stesse parole.<\/p>\n<div class=\"link-article\">\n<p><img loading=\"lazy\" decoding=\"async\" class=\"alignnone size-full wp-image-10432\" src=\"https:\/\/blog.holyart.it\/it\/wp-content\/uploads\/sites\/17\/2020\/09\/I-quattro-vangeli.jpg\" alt=\"I quattro vangeli\" width=\"150\" height=\"100\" data-kale-share-title=\"San Matteo, apostolo, evangelista e martire\" data-kale-share-url=\"https:\/\/blog.holyart.it\/it\/?p=10412\" \/><\/p>\n<div class=\"leggi-anche\">Leggi anche:<\/div>\n<p><strong><a href=\"https:\/\/www.holyart.it\/blog\/articoli-religiosi\/quattro-vangeli-canonici-della-religione-cristiana\/\">I quattro vangeli canonici della religione cristiana<\/a><\/strong><br \/>\nCon la definizione Vangeli canonici si indicano i quattro Vangeli riconosciuti ufficialmente dalla Chiesa come dogma di fede&#8230;<\/p>\n<\/div>\n<p>Ma chi era quest&#8217;uomo cos\u00ec vicino a Ges\u00f9 da potersi fare araldo del Suo messaggio di salvezza e della Sua Parola?<\/p>\n<p>San Matteo evangelista \u00e8 considerato il <strong>patrono dei banchieri<\/strong>, dei contabili, dei doganieri, dei ragionieri e della guardia di finanza. Questi curiosi patronati gli derivano dalla sua vita precedente alla chiamata di Ges\u00f9, dal mestiere che praticava prima di diventare uno dei dodici apostoli. Infatti San Matteo era quello che nella sua epoca veniva definito un pubblicano, ovvero un <strong>esattore delle tasse<\/strong>. Nella societ\u00e0 ebraica maneggiare il denaro romano era considerato un grave peccato. Per ovviare a questo problema i pubblicani anticipavano i soldi delle tasse ai funzionari imperiali inviati con questo scopo, e poi esigevano i tributi al popolo. Questo faceva di loro degli usurai molto odiati, e anche dei peccatori disprezzati da tutti, perch\u00e9 toccando l&#8217;oro dei romani, su cui era impressa l&#8217;effigie dell&#8217;Imperatore, diventavano in un certo senso idolatri.<\/p>\n<p>Dunque Matteo era un pubblicano, e viveva a Cafarnao, un&#8217;antica citt\u00e0 della Galilea, situata sulle rive nord-occidentali del lago di Tiberiade, in Israele, dove Ges\u00f9 abit\u00f2 dopo aver lasciato Nazareth. Non si sa molto di lui, le informazioni biografiche sono molto esigue. Quello che sappiamo risale a dopo l&#8217;incontro che avrebbe cambiato la sua vita: quello con Ges\u00f9.<\/p>\n<h2>San Matteo Apostolo<\/h2>\n<p>Nei vangeli di Marco e di Luca si racconta l&#8217;incontro tra Ges\u00f9 e un pubblicano.<br \/>\n<em>Nel passare, vide Levi, il figlio di Alfeo, seduto al banco delle imposte, e gli disse: \u00abSeguimi\u00bb. Egli, alzatosi, lo segu\u00ec.<\/em> (Marco 2,14)<br \/>\n<em>Dopo ci\u00f2 egli usc\u00ec e vide un pubblicano di nome Levi seduto al banco delle imposte, e gli disse: \u00abSeguimi!\u00bb. <\/em>(Luca 5,27)<\/p>\n<div class=\"link-product\">\n<div class=\"blocco-immagine\"><img loading=\"lazy\" decoding=\"async\" class=\"alignnone size-full wp-image-10427\" src=\"https:\/\/blog.holyart.it\/it\/wp-content\/uploads\/sites\/17\/2020\/09\/san-matteo-apostolo.jpg\" alt=\"san matteo apostolo\" width=\"100\" height=\"100\" data-kale-share-title=\"San Matteo, apostolo, evangelista e martire\" data-kale-share-url=\"https:\/\/blog.holyart.it\/it\/?p=10412\" \/><\/div>\n<div class=\"blocco-contenuto\">\n<div class=\"blocco-acquista\">Acquista su Holyart:<\/div>\n<div class=\"blocco-titolo\"><a href=\"https:\/\/www.holyart.it\/it\/articoli-religiosi\/quadri-stampe-codici-miniati\/quadro-apostolo-san-matteo\">San Matteo Apostolo<\/a><\/div>\n<div class=\"blocco-descrizione\">Quadro con angelo che guida la mano di san Matteo Apostolo<\/div>\n<\/div>\n<\/div>\n<p>Ma ecco che nell&#8217;analogo episodio raccontato nel <a href=\"https:\/\/www.holyart.it\/it\/articoli-religiosi\/libri-e-testi-sacri\/vangeli\"><strong>Vangelo di San Matteo<\/strong><\/a> leggiamo: <em>Andando via di l\u00e0, Ges\u00f9 vide un uomo, seduto al banco delle imposte, chiamato Matteo, e gli disse: \u00abSeguimi\u00bb. Ed egli si alz\u00f2 e lo segu\u00ec.<\/em> (Matteo 9,9)<\/p>\n<p>\u00c8 plausibile che Levi e Matteo siano in realt\u00e0 <strong>la stessa persona<\/strong>. Probabilmente, quando ricevette da Ges\u00f9 la chiamata per divenire apostolo, il pubblicano Levi cambi\u00f2 il proprio nome, come fecero Simone, che divenne Pietro, e Saulo, che divenne Paolo. Il significato del nome Matteo, che vuol dire <em>Dono di Dio <\/em>non fa che avvalorare questa ipotesi.<\/p>\n<p>Tanto bast\u00f2 a Ges\u00f9 per cambiare completamente la vita di un uomo abituato a essere inviso ai propri simili, costretto dalle circostanze a un lavoro odioso. Bast\u00f2 quel <em>Seguimi<\/em>, accompagnato forse da un sorriso, da una mano tesa, e tutta la vita di Levi\/Matteo non ha avuto pi\u00f9 alcun valore, alcun senso. Senza una parola egli si alz\u00f2 dal proprio banco e segu\u00ec quell&#8217;uomo straordinario, solo perch\u00e9 gli aveva chiesto di farlo.<\/p>\n<p>Da quel momento Matteo diviene a tutti gli effetti uno dei <strong>dodici apostoli<\/strong>. Come tale viene citato negli Atti (1,13) dopo l\u2019<strong>Ascensione <\/strong>al cielo di Ges\u00f9. Sempre con loro partecip\u00f2 all\u2019elezione di <strong>Mattia,<\/strong> scelto per sostituire Giuda Iscariota, e alla <a href=\"https:\/\/www.holyart.it\/blog\/accessori-liturgia\/in-occasione-della-pentecoste-prega-maria-che-scioglie-i-nodi\/\"><strong>discesa dello Spirito Santo sulla folla il giorno della Pentecoste<\/strong><\/a><strong>.<\/strong><\/p>\n<div class=\"link-article\">\n<p><img loading=\"lazy\" decoding=\"async\" class=\"alignnone size-full wp-image-10424\" src=\"https:\/\/blog.holyart.it\/it\/wp-content\/uploads\/sites\/17\/2020\/09\/Pentecoste-spirito-santo.jpg\" alt=\"Pentecoste spirito santo\" width=\"150\" height=\"100\" data-kale-share-title=\"San Matteo, apostolo, evangelista e martire\" data-kale-share-url=\"https:\/\/blog.holyart.it\/it\/?p=10412\" \/><\/p>\n<div class=\"leggi-anche\">Leggi anche:<\/div>\n<p><strong><a href=\"https:\/\/www.holyart.it\/blog\/accessori-liturgia\/in-occasione-della-pentecoste-prega-maria-che-scioglie-i-nodi\/\">In occasione della Pentecoste prega Maria che scioglie i nodi<\/a><\/strong><br \/>\n50 giorni dopo la Pasqua si festeggia la Pentecoste, che ricorda la discesa dello Spirito Santo tra i discepoli e l\u2019inizio della missione della Chiesa&#8230;<\/p>\n<\/div>\n<p>Successivamente, come tutti gli altri apostoli, part\u00ec e inizi\u00f2 a <strong>diffondere la Buona Novella <\/strong>prima in Palestina, poi ovunque i suoi passi e il suo fervore potevano condurlo.<\/p>\n<p>Sebbene alcune tradizioni sostengano che mor\u00ec di morte naturale, <strong>la Chiesa lo venera come martire<\/strong>.<\/p>\n<h2>Martirio di San Matteo<\/h2>\n<p>Secondo la Leggenda Aurea di Jacopo da Varagine San Matteo evangelista viaggi\u00f2 attraverso l&#8217;Etiopia e riusc\u00ec a convertirne il re Egippo dopo averne fatto risorgere miracolosamente la figlia Ifigenia. Proprio a causa di questo miracolo, e della conseguente promessa di tutelare la virt\u00f9 della ragazza, che si era consacrata al Signore, dalle mire dello zio Irtaco, che la voleva sposare, San Matteo avrebbe incontrato la <strong>morte<\/strong> mentre celebrava la messa. Sarebbe stato un sicario mandato da Irtaco a trafiggerlo con la spada per ordine del re vendicativo.<\/p>\n<p>Tra le varie rappresentazioni dell&#8217;arte sacra che hanno raccontato la morte del Santo una delle pi\u00f9 famose e suggestive \u00e8 sicuramente <strong><em>Il Martirio di San Matteo<\/em><\/strong> dipinto da Caravaggio. Si tratta di un meraviglioso dipinto a olio su tela realizzato tra il 1600 e il 1601 dall&#8217;artista dietro per commissione della famiglia Contarelli. Lo si pu\u00f2 ammirare nella Cappella che porta il loro nome nella chiesa di San Luigi dei Francesi a Roma.<\/p>\n<p>Il martirio di San Matteo pu\u00f2 essere considerato a tutti gli effetti un&#8217;opera della maturit\u00e0 artistica di Caravaggio. In esso ricorrono infatti molte delle caratteristiche distintive del maestro, dall&#8217;uso della luce, proveniente da una fonte esterna, che rischiara a malapena la scena altrimenti avvolta nell&#8217;oscurit\u00e0, alla presenza di molti personaggi, alcuni appena visibili. Sebbene Caravaggio avesse proposto scene diverse, per raccontare il martirio di San Matteo, alla fine quello che propose fu la rappresentazione del santo riverso ai piedi dell&#8217;altare sul quale stava celebrando la messa, mentre su di lui troneggia il soldato mandato dal re di Etiopia per assassinarlo. Il soldato ha la bocca socchiusa, il volto stravolto dal furore omicida. Il santo tende la mano al cielo, dove un angelo occhieggia tra le nubi <strong><a href=\"https:\/\/www.holyart.it\/blog\/santi-e-beati\/santi-martiri-sacrificare-la-propria-vita-in-nome-di-dio\/\">offrendogli la palma del martirio<\/a><\/strong>. Le altre figure rappresentano coloro i quali stavano assistendo alla messa, ora spaventati e incapaci di reagire alla violenza.<\/p>\n<div class=\"link-article\">\n<p><img loading=\"lazy\" decoding=\"async\" class=\"alignnone size-full wp-image-10480\" src=\"https:\/\/blog.holyart.it\/it\/wp-content\/uploads\/sites\/17\/2020\/09\/Santi-martiri-1.jpg\" alt=\"Santi martiri\" width=\"150\" height=\"100\" data-kale-share-title=\"L\u2019anno liturgico: facciamo chiarezza\" data-kale-share-url=\"https:\/\/blog.holyart.it\/it\/?p=10438\" \/><\/p>\n<div class=\"leggi-anche\">Leggi anche:<\/div>\n<p><strong><a href=\"https:\/\/www.holyart.it\/blog\/santi-e-beati\/santi-martiri-sacrificare-la-propria-vita-in-nome-di-dio\/\">Santi Martiri: sacrificare la propria vita in nome di Dio<\/a><\/strong><br \/>\nI Santi Martiri sono uomini e donne, spesso molto giovani, che hanno sacrificato la propria vita per amore di Dio, meritando la beatificazione<\/p>\n<\/div>\n<p>Sempre nella Cappella Contarelli, nella chiesa di San Luigi dei Francesi a Roma \u00e8 custodito un altro splendido dipinto di Caravaggio dedicato a San Matteo evangelista:<strong> La Vocazione di San Matteo<\/strong>. Il dipinto fa riferimento alla chiamata di Matteo da parte di Ges\u00f9 (Matteo 9,9-13) e rappresenta San Matteo seduto a un tavolo con un gruppo di persone, in una scena da osteria, e Ges\u00f9 che lo chiama indicandolo con la mano tesa.<\/p>\n<p>Infine, per concludere il ciclo dedicato a San Matteo Caravaggio venne chiamato a dipingere la pala centrale raffigurante <strong>San Matteo e l&#8217;Angelo<\/strong>, da porre sopra l&#8217;altare della Cappella. In questo dipinto San Matteo \u00e8 raffigurato con un angelo alle spalle, intento a scrivere il Vangelo, mentre il messo celeste gli suggerisce le parole.<\/p>\n<h2>San Matteo evangelista<\/h2>\n<p>Il Vangelo di Matteo \u00e8 oggetto di controversie. Sebbene esso sia stato attribuito a San Matteo, gli studi sulla Bibbia dal XVIII secolo in poi hanno messo in dubbio che a redigerlo sia stato proprio l&#8217;apostolo di Ges\u00f9. Si pensa pi\u00f9 che altro a un autore anonimo cristiano che potrebbe averlo scritto verso la fine del I secolo, basandosi in larga misura sul <strong>Vangelo secondo Marco<\/strong>, oltre che sulla cosiddetta <strong>fonte Q<\/strong>. La fonte Q \u00e8 una raccolta di detti di Ges\u00f9 che avrebbe fornito la base narrativa per tutti i Vangeli sinottici.<\/p>\n<div class=\"link-product\">\n<div class=\"blocco-immagine\"><img loading=\"lazy\" decoding=\"async\" class=\"alignnone size-full wp-image-10420\" src=\"https:\/\/blog.holyart.it\/it\/wp-content\/uploads\/sites\/17\/2020\/09\/statua-san-matteo-evangelista.jpg\" alt=\"san matteo evangelista\" width=\"100\" height=\"100\" data-kale-share-title=\"San Matteo, apostolo, evangelista e martire\" data-kale-share-url=\"https:\/\/blog.holyart.it\/it\/?p=10412\" \/><\/div>\n<div class=\"blocco-contenuto\">\n<div class=\"blocco-acquista\">Acquista su Holyart:<\/div>\n<div class=\"blocco-titolo\"><a href=\"https:\/\/www.holyart.it\/it\/articoli-religiosi\/statue\/statue-in-resina-e-pvc\/san-matteo-evangelista-30-cm-statua-in-resina\">San Matteo Evangelista<\/a><\/div>\n<div class=\"blocco-descrizione\">Statua realizzata in resina di 30 cm<\/div>\n<\/div>\n<\/div>\n<p>Un&#8217;altra scuola di pensiero vuole che il Vangelo di Matteo sia stato <strong>il primo a essere scritto<\/strong> e che abbia fornito lo spunto per i vangeli di Marco e Luca.<br \/>\nInfine, il fatto che tra tutti i vangeli quello di Matteo sia il <strong>pi\u00f9 vicino all&#8217;ebraismo<\/strong>, sia per l&#8217;attenzione alla cultura ebraica, sia per la volont\u00e0 di ribadire come Ges\u00f9 incarnasse il compimento\u00a0delle profezie ebraiche, ha insinuato il dubbio che l&#8217;autore del Vangelo di Matteo fosse in realt\u00e0 un <strong>ebreo cristiano<\/strong>.\u00a0 In effetti possiamo affermare che per molti aspetti il Vangelo di Matteo costituisce un <strong>ponte fra le Sacre Scritture ebraiche e quelle cristiane<\/strong>. Ges\u00f9 vi \u00e8 identificato pienamente come Messia e Re del Regno dei Cieli che Dio ha promesso al popolo eletto.<\/p>\n<p>Al di l\u00e0 dei dubbi riguardo la sua attribuzione, il Vangelo secondo Matteo \u00e8 <strong>il pi\u00f9 lungo dei Vangeli<\/strong>. Infatti \u00e8 composto da ventotto capitoli, contro i ventiquattro di Luca, i ventuno di Giovanni e i sedici di Marco.<\/p>\n<p>Esso racconta la <strong>nascita di Ges\u00f9 e la Sua infanzia<\/strong>, con particolare rilevanza a episodi come la fuga in Egitto e la strage degli innocenti; la <strong>Sua predicazione e la Sua missione<\/strong> tra gli uomini, oltre a <strong>cinque discorsi sul Regno dei Cieli<\/strong>; infine la <strong>Sua morte e risurrezione<\/strong>.<\/p>\n<p>Gli <strong>insegnamenti di Ges\u00f9<\/strong> sono tramandati sotto forma di <strong>sermoni, parabole e istruzioni. Q<\/strong>uesti insegnamenti sono intesi come necessari per diventare <strong>seguaci di Ges\u00f9<\/strong> e di conseguenza degni del regno che Lui porter\u00e0 sulla terra.<\/p>\n<p>In particolare San Matteo si sofferma sull&#8217;<strong>insegnamento d&#8217;amore<\/strong>, quell&#8217;undicesimo comandamento che pu\u00f2 essere sintetizzato in queste affermazioni di Ges\u00f9:<\/p>\n<ul>\n<li>La regola aurea: <em>&#8220;Tutto quanto volete che gli uomini facciano a voi, anche voi fatelo a loro: questa infatti \u00e8 la Legge ed i Profeti.&#8221;<\/em> (Matteo 7,12);<\/li>\n<li>Il doppio comandamento dell\u2019amore: <em>&#8220;Amerai il Signore Dio tuo con tutto il cuore, con tutta la tua anima e con tutta la tua mente. Questo \u00e8 il pi\u00f9 grande e il primo dei comandamenti. E il secondo \u00e8 simile al primo: Amerai il prossimo tuo come te stesso&#8221; <\/em>(Matteo 22,37-39);<\/li>\n<li>La triade sulla parte determinante della legge: <em>&#8220;Guai a voi, scribi e farisei ipocriti, che pagate la decima della menta, dell&#8217;an\u00e8to e del cum\u00ecno, e trasgredite le prescrizioni pi\u00f9 gravi della legge: la giustizia, la misericordia e la fedelt\u00e0. Queste cose bisognava praticare, senza omettere quelle.&#8221; <\/em>(Matteo 23,23);<\/li>\n<li>Le sei opere di misericordia: <em>&#8220;Perch\u00e9 io ho avuto fame e mi avete dato da mangiare, ho avuto sete e mi avete dato da bere; ero forestiero e mi avete ospitato, nudo e mi avete vestito, malato e mi avete visitato, carcerato e siete venuti a trovarmi.&#8221;<\/em>(Matteo 25,35-36).<\/li>\n<\/ul>\n<p>Anche i <strong>Discorsi di Ges\u00f9<\/strong> occupano un ruolo di primaria importanza nel Vangelo di San Matteo, come conferma delle <strong>profezie dell\u2019Antico Testamento<\/strong>: <em>il discorso della montagna<\/em> (capitoli 5-7); <em>il discorso della missione<\/em> (capitolo 10); <em>le parabole del Regno dei cieli<\/em> (capitolo 13); <em>il discorso ecclesiale o comunitario<\/em> (capitolo 18); <em>il discorso sulla venuta del Figlio dell\u2019uomo<\/em> (capitoli 24-25).<\/p>\n<p>Il Vangelo di San Matteo \u00e8 anche quello che d\u00e0 maggiore spazio alla <a href=\"https:\/\/www.holyart.it\/blog\/santi-e-beati\/la-tomba-di-san-pietro-e-la-sua-incredibile-scoperta\/\"><strong>missione che Ges\u00f9 affida a Pietro<\/strong><\/a>, di fondare la Chiesa e farne lo strumento di diffusione della Sua Parola.<\/p>\n<p>La <strong>prosa ritmica e poetica<\/strong> hanno reso fin dalle origini il Vangelo secondo Matteo una lettura piacevole e di facile lettura, rispetto agli altri Vangeli sinottici.<\/p>\n","protected":false},"excerpt":{"rendered":"<p>Il 21 settembre si festeggia San Matteo evangelista, apostolo e martire. Chi era e come \u00e8 diventato apostolo? San Matteo evangelista \u00e8 considerato l&#8217;autore di uno dei quattro Vangeli canonici, ovvero i vangeli riconosciuti dalla religione cristiana. In particolare il suo Vangelo \u00e8 chiamato, insieme&hellip;<\/p>\n","protected":false},"author":1,"featured_media":10436,"comment_status":"closed","ping_status":"open","sticky":false,"template":"","format":"standard","meta":{"_acf_changed":false,"footnotes":""},"categories":[16,15],"tags":[],"class_list":["post-10412","post","type-post","status-publish","format-standard","has-post-thumbnail","hentry","category-articoli-religiosi","category-santi-e-beati"],"acf":[],"yoast_head":"<!-- This site is optimized with the Yoast SEO plugin v26.6 - https:\/\/yoast.com\/wordpress\/plugins\/seo\/ -->\n<title>San Matteo, apostolo, evangelista e martire - Holyblog<\/title>\n<meta name=\"description\" content=\"Il 21 settembre si festeggia San Matteo evangelista, apostolo e martire. San Matteo evangelista \u00e8 considerato l&#039;autore di uno dei quattro Vangeli canonici\" \/>\n<meta name=\"robots\" content=\"index, follow, max-snippet:-1, max-image-preview:large, max-video-preview:-1\" \/>\n<link rel=\"canonical\" href=\"https:\/\/blog.holyart.it\/it\/articoli-religiosi\/san-matteo-apostolo-evangelista-e-martire\/\" \/>\n<meta property=\"og:locale\" content=\"it_IT\" \/>\n<meta property=\"og:type\" content=\"article\" \/>\n<meta property=\"og:title\" content=\"San Matteo, apostolo, evangelista e martire - Holyblog\" \/>\n<meta property=\"og:description\" content=\"Il 21 settembre si festeggia San Matteo evangelista, apostolo e martire. San Matteo evangelista \u00e8 considerato l&#039;autore di uno dei quattro Vangeli canonici\" \/>\n<meta property=\"og:url\" content=\"https:\/\/blog.holyart.it\/it\/articoli-religiosi\/san-matteo-apostolo-evangelista-e-martire\/\" \/>\n<meta property=\"og:site_name\" content=\"Holyblog\" \/>\n<meta property=\"article:published_time\" content=\"2020-09-10T10:42:08+00:00\" \/>\n<meta property=\"article:modified_time\" content=\"2022-10-20T07:43:14+00:00\" \/>\n<meta property=\"og:image\" content=\"https:\/\/blog.holyart.it\/it\/wp-content\/uploads\/sites\/17\/2020\/09\/san-matteo-evangelista.jpg\" \/>\n\t<meta property=\"og:image:width\" content=\"1000\" \/>\n\t<meta property=\"og:image:height\" content=\"666\" \/>\n\t<meta property=\"og:image:type\" content=\"image\/jpeg\" \/>\n<meta name=\"author\" content=\"Redazione\" \/>\n<meta name=\"twitter:card\" content=\"summary_large_image\" \/>\n<meta name=\"twitter:label1\" content=\"Scritto da\" \/>\n\t<meta name=\"twitter:data1\" content=\"Redazione\" \/>\n\t<meta name=\"twitter:label2\" content=\"Tempo di lettura stimato\" \/>\n\t<meta name=\"twitter:data2\" content=\"9 minuti\" \/>\n<script type=\"application\/ld+json\" class=\"yoast-schema-graph\">{\"@context\":\"https:\/\/schema.org\",\"@graph\":[{\"@type\":\"Article\",\"@id\":\"https:\/\/blog.holyart.it\/it\/articoli-religiosi\/san-matteo-apostolo-evangelista-e-martire\/#article\",\"isPartOf\":{\"@id\":\"https:\/\/blog.holyart.it\/it\/articoli-religiosi\/san-matteo-apostolo-evangelista-e-martire\/\"},\"author\":{\"name\":\"Redazione\",\"@id\":\"https:\/\/blog.holyart.it\/it\/#\/schema\/person\/0a7b686e5af0f856ec1e390dd0baecda\"},\"headline\":\"San Matteo, apostolo, evangelista e martire\",\"datePublished\":\"2020-09-10T10:42:08+00:00\",\"dateModified\":\"2022-10-20T07:43:14+00:00\",\"mainEntityOfPage\":{\"@id\":\"https:\/\/blog.holyart.it\/it\/articoli-religiosi\/san-matteo-apostolo-evangelista-e-martire\/\"},\"wordCount\":1829,\"publisher\":{\"@id\":\"https:\/\/blog.holyart.it\/it\/#organization\"},\"image\":{\"@id\":\"https:\/\/blog.holyart.it\/it\/articoli-religiosi\/san-matteo-apostolo-evangelista-e-martire\/#primaryimage\"},\"thumbnailUrl\":\"https:\/\/blog.holyart.it\/it\/wp-content\/uploads\/sites\/17\/2020\/09\/san-matteo-evangelista.jpg\",\"articleSection\":[\"Religione\",\"Santi e beati\"],\"inLanguage\":\"it-IT\"},{\"@type\":\"WebPage\",\"@id\":\"https:\/\/blog.holyart.it\/it\/articoli-religiosi\/san-matteo-apostolo-evangelista-e-martire\/\",\"url\":\"https:\/\/blog.holyart.it\/it\/articoli-religiosi\/san-matteo-apostolo-evangelista-e-martire\/\",\"name\":\"San Matteo, apostolo, evangelista e martire - Holyblog\",\"isPartOf\":{\"@id\":\"https:\/\/blog.holyart.it\/it\/#website\"},\"primaryImageOfPage\":{\"@id\":\"https:\/\/blog.holyart.it\/it\/articoli-religiosi\/san-matteo-apostolo-evangelista-e-martire\/#primaryimage\"},\"image\":{\"@id\":\"https:\/\/blog.holyart.it\/it\/articoli-religiosi\/san-matteo-apostolo-evangelista-e-martire\/#primaryimage\"},\"thumbnailUrl\":\"https:\/\/blog.holyart.it\/it\/wp-content\/uploads\/sites\/17\/2020\/09\/san-matteo-evangelista.jpg\",\"datePublished\":\"2020-09-10T10:42:08+00:00\",\"dateModified\":\"2022-10-20T07:43:14+00:00\",\"description\":\"Il 21 settembre si festeggia San Matteo evangelista, apostolo e martire. San Matteo evangelista \u00e8 considerato l'autore di uno dei quattro Vangeli canonici\",\"breadcrumb\":{\"@id\":\"https:\/\/blog.holyart.it\/it\/articoli-religiosi\/san-matteo-apostolo-evangelista-e-martire\/#breadcrumb\"},\"inLanguage\":\"it-IT\",\"potentialAction\":[{\"@type\":\"ReadAction\",\"target\":[\"https:\/\/blog.holyart.it\/it\/articoli-religiosi\/san-matteo-apostolo-evangelista-e-martire\/\"]}]},{\"@type\":\"ImageObject\",\"inLanguage\":\"it-IT\",\"@id\":\"https:\/\/blog.holyart.it\/it\/articoli-religiosi\/san-matteo-apostolo-evangelista-e-martire\/#primaryimage\",\"url\":\"https:\/\/blog.holyart.it\/it\/wp-content\/uploads\/sites\/17\/2020\/09\/san-matteo-evangelista.jpg\",\"contentUrl\":\"https:\/\/blog.holyart.it\/it\/wp-content\/uploads\/sites\/17\/2020\/09\/san-matteo-evangelista.jpg\",\"width\":1000,\"height\":666,\"caption\":\"san matteo evangelista\"},{\"@type\":\"BreadcrumbList\",\"@id\":\"https:\/\/blog.holyart.it\/it\/articoli-religiosi\/san-matteo-apostolo-evangelista-e-martire\/#breadcrumb\",\"itemListElement\":[{\"@type\":\"ListItem\",\"position\":1,\"name\":\"Homepage\",\"item\":\"https:\/\/blog.holyart.it\/it\/\"},{\"@type\":\"ListItem\",\"position\":2,\"name\":\"Religione\",\"item\":\"https:\/\/blog.holyart.it\/it\/articoli-religiosi\/\"},{\"@type\":\"ListItem\",\"position\":3,\"name\":\"San Matteo, apostolo, evangelista e martire\"}]},{\"@type\":\"WebSite\",\"@id\":\"https:\/\/blog.holyart.it\/it\/#website\",\"url\":\"https:\/\/blog.holyart.it\/it\/\",\"name\":\"Holyblog\",\"description\":\"Il Blog di Holyart.it\",\"publisher\":{\"@id\":\"https:\/\/blog.holyart.it\/it\/#organization\"},\"potentialAction\":[{\"@type\":\"SearchAction\",\"target\":{\"@type\":\"EntryPoint\",\"urlTemplate\":\"https:\/\/blog.holyart.it\/it\/?s={search_term_string}\"},\"query-input\":{\"@type\":\"PropertyValueSpecification\",\"valueRequired\":true,\"valueName\":\"search_term_string\"}}],\"inLanguage\":\"it-IT\"},{\"@type\":\"Organization\",\"@id\":\"https:\/\/blog.holyart.it\/it\/#organization\",\"name\":\"Holyblog\",\"url\":\"https:\/\/blog.holyart.it\/it\/\",\"logo\":{\"@type\":\"ImageObject\",\"inLanguage\":\"it-IT\",\"@id\":\"https:\/\/blog.holyart.it\/it\/#\/schema\/logo\/image\/\",\"url\":\"https:\/\/blog.holyart.it\/it\/wp-content\/uploads\/sites\/17\/2022\/12\/Holyart_Blog_Logo.jpg\",\"contentUrl\":\"https:\/\/blog.holyart.it\/it\/wp-content\/uploads\/sites\/17\/2022\/12\/Holyart_Blog_Logo.jpg\",\"width\":300,\"height\":50,\"caption\":\"Holyblog\"},\"image\":{\"@id\":\"https:\/\/blog.holyart.it\/it\/#\/schema\/logo\/image\/\"}},{\"@type\":\"Person\",\"@id\":\"https:\/\/blog.holyart.it\/it\/#\/schema\/person\/0a7b686e5af0f856ec1e390dd0baecda\",\"name\":\"Redazione\"}]}<\/script>\n<!-- \/ Yoast SEO plugin. -->","yoast_head_json":{"title":"San Matteo, apostolo, evangelista e martire - Holyblog","description":"Il 21 settembre si festeggia San Matteo evangelista, apostolo e martire. San Matteo evangelista \u00e8 considerato l'autore di uno dei quattro Vangeli canonici","robots":{"index":"index","follow":"follow","max-snippet":"max-snippet:-1","max-image-preview":"max-image-preview:large","max-video-preview":"max-video-preview:-1"},"canonical":"https:\/\/blog.holyart.it\/it\/articoli-religiosi\/san-matteo-apostolo-evangelista-e-martire\/","og_locale":"it_IT","og_type":"article","og_title":"San Matteo, apostolo, evangelista e martire - Holyblog","og_description":"Il 21 settembre si festeggia San Matteo evangelista, apostolo e martire. San Matteo evangelista \u00e8 considerato l'autore di uno dei quattro Vangeli canonici","og_url":"https:\/\/blog.holyart.it\/it\/articoli-religiosi\/san-matteo-apostolo-evangelista-e-martire\/","og_site_name":"Holyblog","article_published_time":"2020-09-10T10:42:08+00:00","article_modified_time":"2022-10-20T07:43:14+00:00","og_image":[{"width":1000,"height":666,"url":"https:\/\/blog.holyart.it\/it\/wp-content\/uploads\/sites\/17\/2020\/09\/san-matteo-evangelista.jpg","type":"image\/jpeg"}],"author":"Redazione","twitter_card":"summary_large_image","twitter_misc":{"Scritto da":"Redazione","Tempo di lettura stimato":"9 minuti"},"schema":{"@context":"https:\/\/schema.org","@graph":[{"@type":"Article","@id":"https:\/\/blog.holyart.it\/it\/articoli-religiosi\/san-matteo-apostolo-evangelista-e-martire\/#article","isPartOf":{"@id":"https:\/\/blog.holyart.it\/it\/articoli-religiosi\/san-matteo-apostolo-evangelista-e-martire\/"},"author":{"name":"Redazione","@id":"https:\/\/blog.holyart.it\/it\/#\/schema\/person\/0a7b686e5af0f856ec1e390dd0baecda"},"headline":"San Matteo, apostolo, evangelista e martire","datePublished":"2020-09-10T10:42:08+00:00","dateModified":"2022-10-20T07:43:14+00:00","mainEntityOfPage":{"@id":"https:\/\/blog.holyart.it\/it\/articoli-religiosi\/san-matteo-apostolo-evangelista-e-martire\/"},"wordCount":1829,"publisher":{"@id":"https:\/\/blog.holyart.it\/it\/#organization"},"image":{"@id":"https:\/\/blog.holyart.it\/it\/articoli-religiosi\/san-matteo-apostolo-evangelista-e-martire\/#primaryimage"},"thumbnailUrl":"https:\/\/blog.holyart.it\/it\/wp-content\/uploads\/sites\/17\/2020\/09\/san-matteo-evangelista.jpg","articleSection":["Religione","Santi e beati"],"inLanguage":"it-IT"},{"@type":"WebPage","@id":"https:\/\/blog.holyart.it\/it\/articoli-religiosi\/san-matteo-apostolo-evangelista-e-martire\/","url":"https:\/\/blog.holyart.it\/it\/articoli-religiosi\/san-matteo-apostolo-evangelista-e-martire\/","name":"San Matteo, apostolo, evangelista e martire - Holyblog","isPartOf":{"@id":"https:\/\/blog.holyart.it\/it\/#website"},"primaryImageOfPage":{"@id":"https:\/\/blog.holyart.it\/it\/articoli-religiosi\/san-matteo-apostolo-evangelista-e-martire\/#primaryimage"},"image":{"@id":"https:\/\/blog.holyart.it\/it\/articoli-religiosi\/san-matteo-apostolo-evangelista-e-martire\/#primaryimage"},"thumbnailUrl":"https:\/\/blog.holyart.it\/it\/wp-content\/uploads\/sites\/17\/2020\/09\/san-matteo-evangelista.jpg","datePublished":"2020-09-10T10:42:08+00:00","dateModified":"2022-10-20T07:43:14+00:00","description":"Il 21 settembre si festeggia San Matteo evangelista, apostolo e martire. San Matteo evangelista \u00e8 considerato l'autore di uno dei quattro Vangeli canonici","breadcrumb":{"@id":"https:\/\/blog.holyart.it\/it\/articoli-religiosi\/san-matteo-apostolo-evangelista-e-martire\/#breadcrumb"},"inLanguage":"it-IT","potentialAction":[{"@type":"ReadAction","target":["https:\/\/blog.holyart.it\/it\/articoli-religiosi\/san-matteo-apostolo-evangelista-e-martire\/"]}]},{"@type":"ImageObject","inLanguage":"it-IT","@id":"https:\/\/blog.holyart.it\/it\/articoli-religiosi\/san-matteo-apostolo-evangelista-e-martire\/#primaryimage","url":"https:\/\/blog.holyart.it\/it\/wp-content\/uploads\/sites\/17\/2020\/09\/san-matteo-evangelista.jpg","contentUrl":"https:\/\/blog.holyart.it\/it\/wp-content\/uploads\/sites\/17\/2020\/09\/san-matteo-evangelista.jpg","width":1000,"height":666,"caption":"san matteo evangelista"},{"@type":"BreadcrumbList","@id":"https:\/\/blog.holyart.it\/it\/articoli-religiosi\/san-matteo-apostolo-evangelista-e-martire\/#breadcrumb","itemListElement":[{"@type":"ListItem","position":1,"name":"Homepage","item":"https:\/\/blog.holyart.it\/it\/"},{"@type":"ListItem","position":2,"name":"Religione","item":"https:\/\/blog.holyart.it\/it\/articoli-religiosi\/"},{"@type":"ListItem","position":3,"name":"San Matteo, apostolo, evangelista e martire"}]},{"@type":"WebSite","@id":"https:\/\/blog.holyart.it\/it\/#website","url":"https:\/\/blog.holyart.it\/it\/","name":"Holyblog","description":"Il Blog di Holyart.it","publisher":{"@id":"https:\/\/blog.holyart.it\/it\/#organization"},"potentialAction":[{"@type":"SearchAction","target":{"@type":"EntryPoint","urlTemplate":"https:\/\/blog.holyart.it\/it\/?s={search_term_string}"},"query-input":{"@type":"PropertyValueSpecification","valueRequired":true,"valueName":"search_term_string"}}],"inLanguage":"it-IT"},{"@type":"Organization","@id":"https:\/\/blog.holyart.it\/it\/#organization","name":"Holyblog","url":"https:\/\/blog.holyart.it\/it\/","logo":{"@type":"ImageObject","inLanguage":"it-IT","@id":"https:\/\/blog.holyart.it\/it\/#\/schema\/logo\/image\/","url":"https:\/\/blog.holyart.it\/it\/wp-content\/uploads\/sites\/17\/2022\/12\/Holyart_Blog_Logo.jpg","contentUrl":"https:\/\/blog.holyart.it\/it\/wp-content\/uploads\/sites\/17\/2022\/12\/Holyart_Blog_Logo.jpg","width":300,"height":50,"caption":"Holyblog"},"image":{"@id":"https:\/\/blog.holyart.it\/it\/#\/schema\/logo\/image\/"}},{"@type":"Person","@id":"https:\/\/blog.holyart.it\/it\/#\/schema\/person\/0a7b686e5af0f856ec1e390dd0baecda","name":"Redazione"}]}},"_links":{"self":[{"href":"https:\/\/blog.holyart.it\/it\/wp-json\/wp\/v2\/posts\/10412","targetHints":{"allow":["GET"]}}],"collection":[{"href":"https:\/\/blog.holyart.it\/it\/wp-json\/wp\/v2\/posts"}],"about":[{"href":"https:\/\/blog.holyart.it\/it\/wp-json\/wp\/v2\/types\/post"}],"author":[{"embeddable":true,"href":"https:\/\/blog.holyart.it\/it\/wp-json\/wp\/v2\/users\/1"}],"replies":[{"embeddable":true,"href":"https:\/\/blog.holyart.it\/it\/wp-json\/wp\/v2\/comments?post=10412"}],"version-history":[{"count":0,"href":"https:\/\/blog.holyart.it\/it\/wp-json\/wp\/v2\/posts\/10412\/revisions"}],"wp:featuredmedia":[{"embeddable":true,"href":"https:\/\/blog.holyart.it\/it\/wp-json\/wp\/v2\/media\/10436"}],"wp:attachment":[{"href":"https:\/\/blog.holyart.it\/it\/wp-json\/wp\/v2\/media?parent=10412"}],"wp:term":[{"taxonomy":"category","embeddable":true,"href":"https:\/\/blog.holyart.it\/it\/wp-json\/wp\/v2\/categories?post=10412"},{"taxonomy":"post_tag","embeddable":true,"href":"https:\/\/blog.holyart.it\/it\/wp-json\/wp\/v2\/tags?post=10412"}],"curies":[{"name":"wp","href":"https:\/\/api.w.org\/{rel}","templated":true}]}}