{"id":10376,"date":"2020-09-08T11:36:57","date_gmt":"2020-09-08T09:36:57","guid":{"rendered":"https:\/\/blog.holyart.it\/it\/?p=10376"},"modified":"2023-08-21T17:17:21","modified_gmt":"2023-08-21T15:17:21","slug":"il-culto-della-madonna-addolorata","status":"publish","type":"post","link":"https:\/\/blog.holyart.it\/it\/articoli-religiosi\/il-culto-della-madonna-addolorata\/","title":{"rendered":"I sette dolori di Maria, il culto della Madonna Addolorata"},"content":{"rendered":"<h4>La Madonna Addolorata \u00e8 un appellativo attribuito a Maria, madre di Ges\u00f9. Ecco come \u00e8 nata la devozione secolare alla Mater Dolorosa.<\/h4>\n\n<p>Una donna bella e triste, abbigliata in nero e viola, i colori del lutto. Il volto rivolto al cielo, spesso rigato di lacrime, e negli occhi un\u2019angoscia che non ha voce, non ha parole. Cos\u00ec appare la Madonna Addolorata nella maggior parte delle rappresentazioni che la raffigurano. Ed \u00e8 esattamente di questo che stiamo parlando, di una <strong>mamma<\/strong> che ha sofferto immensamente per amore dell&#8217;unico Figlio, che ha partecipato al Suo dolore, alla Sua Passione, accompagnandolo fin sulla Croce e versando ai piedi di quest&#8217;ultima tutte le proprie lacrime.<\/p>\n<p>Ma quando e come \u00e8 nato il culto della Madonna Addolorata?<\/p>\n<h2>Le origini del culto<\/h2>\n<p>La devozione alla Vergine Addolorata viene celebrata ogni anno il giorno <strong>15 settembre<\/strong>, l&#8217;indomani della celebrazione dell\u2019Esaltazione della Croce. Fu <strong>papa Pio X<\/strong> (1904-1914) a stabilire questa data, ma il <strong>culto della Madonna Addolorata<\/strong> e dei suoi <strong>Sette Dolori <\/strong>esisteva gi\u00e0 alla fine dell&#8217;XI secolo. Inizialmente i dolori erano 5, come 5 erano i Gaudi. Si tratta di momenti della vita di Maria raccontati nei vangeli, o tramandati dalla devozione popolare, legati alla Passione e alla morte di Ges\u00f9, ma non solo. I dolori di Maria venivano gi\u00e0 allora rappresentate per mezzo di cinque spade conficcate nel cuore.<\/p>\n<p>Furono soprattutto <strong>Sant&#8217;Anselmo<\/strong> e <strong>San Bernardo<\/strong> a contribuire al diffondersi di questa forma devozionale che esaltava la figura di <a href=\"https:\/\/www.holyart.it\/articoli\/statue-madonna.php\"><strong>Maria come madre<\/strong><\/a> e venerava il suo pianto accorato ai piedi della Croce.\u00a0<em>Il Liber de passione Christi et dolore et planctu Matris eius<\/em>, un testo scritto da un anonimo, fu solo una delle prime composizione dedicate al Pianto della Madonna, che tanto spazio avrebbe trovato nelle <em>Laudi <\/em>popolari e nei <em>Misteri <\/em>del tempo.<\/p>\n<p>Nel <strong>XII secolo<\/strong> Jacopone da Todi (ma l&#8217;attribuzione non \u00e8 certa) compose lo <strong>Stabat Mater<\/strong>, un componimento poetico musicale liturgico che veniva recitato o cantato durante la celebrazione eucaristica prima della proclamazione del Vangelo.\u00a0Si tratta di una struggente <strong>meditazione sul dolore di Maria ai piedi della Croce<\/strong>.\u00a0La preghiera comincia con le parole:<\/p>\n<p><em>Stabat Mater dolor\u00f3sa<\/em><br \/>\n<em>iuxta crucem lacrim\u00f3sa,<\/em><br \/>\n<em>dum pend\u00e9bat F\u00edlius.<\/em><\/p>\n<p><em>Cuius \u00e1nimam gem\u00e9ntem,<\/em><br \/>\n<em>contrist\u00e1tam et dol\u00e9ntem<\/em><br \/>\n<em>pertrans\u00edvit gl\u00e1dius.<\/em><\/p>\n<p>La Madre addolorata stava<br \/>\nin lacrime presso la Croce<br \/>\nmentre pendeva il Figlio.<\/p>\n<p>E il suo animo gemente,<br \/>\ncontristato e dolente<br \/>\nera trafitto da una spada.<\/p>\n<div class=\"link-product\">\n<div class=\"blocco-immagine\"><img loading=\"lazy\" decoding=\"async\" class=\"alignleft size-full wp-image-10392\" src=\"https:\/\/blog.holyart.it\/it\/wp-content\/uploads\/sites\/17\/2020\/09\/rosario-madonna-sette-dolori.jpg\" alt=\"rosario madonna sette dolori\" width=\"100\" height=\"100\" data-kale-share-title=\"I sette dolori di Maria, il culto della Madonna Addolorata\" data-kale-share-url=\"https:\/\/blog.holyart.it\/it\/santi-e-beati\/il-culto-della-madonna-addolorata\/\" \/><\/div>\n<div class=\"blocco-contenuto\">\n<div class=\"blocco-acquista\">Acquista su Holyart:<\/div>\n<div class=\"blocco-titolo\"><a href=\"https:\/\/www.holyart.it\/it\/articoli-religiosi\/rosari-e-portarosari\/rosari-e-corone-devozionali\/rosario-devozionale-madonna-dei-sette-dolori\">Rosario Madonna dei Sette Dolori<\/a><\/div>\n<div class=\"blocco-descrizione\">Rosario devozionale indossabile con grani di 6 mm<\/div>\n<\/div>\n<\/div>\n<p>Nel 1233 sette nobili fiorentini della<strong> compagnia dei Laudesi<\/strong>, una confraternita di Firenze particolarmente devota alla Madonna, assistettero a un miracolo: videro l&#8217;immagine della Vergine raffigurata sulla parete di una strada cittadina prendere vita. La Madonna appariva afflitta da un grande dolore, e indossava i colori del lutto. I giovani interpretarono quella visione come un segno del dolore che la madre di Ges\u00f9 provava a causa dell&#8217;odio che divideva le famiglie di Firenze. Cos\u00ec decisero di indossare a loro volta abiti a lutto,\u00a0gettarono le armi, si ritirarono in penitenza e preghiera sul Monte Sanario e istituirono una nuova confraternita: la <strong>compagnia di Maria Addolorata<\/strong>, o dei <strong>Serviti<\/strong>.<\/p>\n<p>Molte altre confraternite vennero istituite successivamente, mentre la devozione a Maria Addolorata e ai Sette Dolori della Beata Vergine si diffondeva in tutti gli strati della popolazione. Questa incredibile diffusione \u00e8 ancora ben visibile oggi, grazie alle innumerevoli<strong> feste popolari<\/strong> in onore della Madonna Addolorata che hanno luogo ovunque nel nostro paese. Ma anche nobili e perfino sovrani europei furono devoti alla Madonna Addolorata e incoraggiarono il suo culto. Pensiamo a Carlo V, Imperatore del Sacro Romano Impero germanico, che commissionava quadri raffiguranti i Dolori di Maria per istruire il popolo analfabeta, o ai reali spagnoli. I Serviti e i francescani contribuirono in larga misura a questa diffusione.<\/p>\n<p>In un primo tempo i riti in onore dell&#8217;Addolorata erano concentrati nella <a href=\"https:\/\/www.holyart.it\/blog\/accessori-liturgia\/i-riti-della-settimana-santa\/\"><strong>Settimana Santa<\/strong><\/a>, poi vennero istituite nuove date e celebrazioni, fino alla decisione di Pio X.<\/p>\n<h2>I Sette Dolori sofferti da Maria<\/h2>\n<p>Abbiamo gi\u00e0 accennato ai Sette dolori di Maria. Di cosa si tratta? Sono altrettanti avvenimenti raccontati nei Vangeli che mostrano episodi della vita di Maria caratterizzati da una grande afflizione. Nell\u2019iconografia popolare sono stati rappresentati spade conficcate nel cuore della Madonna.<\/p>\n<p>Ecco elencati i Sette Dolori di Maria Addolorata:<\/p>\n<ol>\n<li><strong>Profezia dell&#8217;anziano Simeone sul Bambino Ges\u00f9:<\/strong> <em>&#8220;Simeone li benedisse e parl\u00f2 a Maria, sua madre: Egli \u00e8 qui per la rovina e la risurrezione di molti in Israele, segno di contraddizione perch\u00e9 siano svelati i pensieri di molti cuori. <strong>E anche a te una spada trafigger\u00e0 l&#8217;anima<\/strong>.&#8221;<\/em> (Luca 2,34-35)<\/li>\n<li><strong><a href=\"https:\/\/www.holyart.it\/it\/natale\/presepi\/presepe-angela-tripi\/fuga-in-egitto-scena-30-cm-presepe-tripi\">La fuga in Egitto della Sacra famiglia<\/a>:<\/strong> <em>&#8220;Essi erano appena partiti, quando un angelo del Signore apparve in sogno a Giuseppe e gli disse: \u00abAlzati, prendi con te il bambino e sua madre e fuggi in Egitto, e resta l\u00e0 finch\u00e9 non ti avvertir\u00f2, perch\u00e9 <strong>Erode sta cercando il bambino per ucciderlo<\/strong>\u00bb. Giuseppe, destatosi, prese con s\u00e9 il bambino e sua madre nella notte e fugg\u00ec in Egitto, dove rimase fino alla morte di Erode.&#8221;\u00a0<\/em>(Matteo 2,13-15).<\/li>\n<li><strong>La perdita di Ges\u00f9 Bambino nel Tempio: <\/strong><em>&#8220;I suoi genitori si recavano tutti gli anni a Gerusalemme per la festa di Pasqua. Quando egli ebbe dodici anni, vi salirono di nuovo secondo l&#8217;usanza; ma trascorsi i giorni della festa, mentre riprendevano la via del ritorno, il fanciullo Ges\u00f9 rimase a Gerusalemme, senza che i genitori se ne accorgessero. Credendolo nella carovana, fecero una giornata di viaggio, e poi si misero a cercarlo tra i parenti e i conoscenti; non avendolo trovato, tornarono in cerca di lui a Gerusalemme. Dopo tre giorni lo trovarono nel tempio, seduto in mezzo ai dottori, mentre li ascoltava e li interrogava. E tutti quelli che l&#8217;udivano erano pieni di stupore per la sua intelligenza e le sue risposte. Al vederlo restarono stupiti e sua madre gli disse: \u00abFiglio, perch\u00e9 ci hai fatto cos\u00ec? Ecco, tuo padre e io, angosciati, ti cercavamo\u00bb. Ed egli rispose: \u00abPerch\u00e9 mi cercavate? Non sapevate che io devo occuparmi delle cose del Padre mio?\u00bb. Ma essi non compresero le sue parole. Part\u00ec dunque con loro e torn\u00f2 a Nazaret e stava loro sottomesso. <strong>Sua madre serbava tutte queste cose nel suo cuore.<\/strong>&#8221; <\/em>(Luca 2,41-51)<\/li>\n<li><a href=\"https:\/\/www.holyart.it\/it\/accessori-per-la-liturgia\/arredi-sacri\/via-crucis\"><strong>L&#8217;incontro di Maria e Ges\u00f9 lungo la Via Crucis <\/strong><\/a>(Questo episodio non \u00e8 narrato nei Vangeli, ma deriva dalla tradizione popolare. Ges\u00f9 salendo al Calvario incontra la madre).<\/li>\n<li><strong>Maria ai piedi della Croce:<\/strong> <em>&#8220;Stavano presso la croce di Ges\u00f9 sua madre, la sorella di sua madre, Maria di Cl\u00e8ofa e Maria di M\u00e0gdala. Ges\u00f9 allora, vedendo la madre e l\u00ec accanto a lei il discepolo che egli amava, disse alla madre: \u00abDonna, ecco il tuo figlio!\u00bb. Poi disse al discepolo: \u00abEcco la tua madre!\u00bb. E da quel momento il discepolo la prese nella sua casa.&#8221; <\/em>(Giovanni 19,25-27)<\/li>\n<li><strong>Maria accoglie nelle sue braccia Ges\u00f9 morto<\/strong> (Anche questo episodio non \u00e8 narrato nei Vangeli, ma \u00e8 stato soggetto di innumerevoli rappresentazioni sacre, come <strong><a href=\"https:\/\/www.holyart.it\/it\/articoli-religiosi\/statue\/statue-in-polvere-di-marmo-di-carrara\/pieta-di-michelangelo-lucida-13-cm\">la Piet\u00e0 di Michelangelo<\/a><\/strong>, solo per citare una delle pi\u00f9 celebri. Maria culla tra le sue braccia il corpo di Ges\u00f9 deposto dalla croce prima che venga sepolto.)<\/li>\n<li><strong>Maria assiste alla sepoltura Ges\u00f9<\/strong> (Episodio non biblico, tramandato dalla tradizione).<\/li>\n<\/ol>\n<p>I Sette Dolori costituiscono una sorta di <strong>cammino di sofferenza<\/strong> di cui la Madonna \u00e8 stata protagonista. Non a caso la tradizione popolare ha istituito in alcune localit\u00e0 la \u2018Via Matris\u2019, una versione mariana della Via Crucis, istituendo veri e propri cammini di penitenza e meditazione sulle orme dei Sette Dolori di Maria.<\/p>\n<p>Nell&#8217;ambito di alcune feste popolari vengono affiancati le statue di Maria in abiti da lutto e quella di Ges\u00f9, in una sorta di dialogo amorevole e infinitamente doloroso tra Madre e figlio.<\/p>\n<h2>Maria, tutta la sofferenza di una madre<\/h2>\n<p>Abbiamo parlato in molti altri articoli della figura della Madonna madre di Ges\u00f9, della Madonna madre di Dio. Nella figura della Madonna Addolorata questa identit\u00e0 materna di Maria di Nazareth incontra il suo pi\u00f9 alto e drammatico compimento. Come ha affiancato Ges\u00f9, suo figlio, nella vita, in quella fredda notte a Betlemme, cos\u00ec Maria lo ha seguito fino a un passo dalla morte, cullando il suo corpo martoriato per l&#8217;ultima volta, prima di affidarlo al sepolcro. Sue le lacrime che hanno lavato il sangue dalle ferite della corona di spine, dei chiodi della Croce. Suoi i sospiri che hanno sfiorato la pelle ormai fredda dell&#8217;Agnello ucciso per mondare l&#8217;umanit\u00e0 da tutti i peccati. Ma quell&#8217;Agnello per lei era anche un figlio, portato in grembo per lunghi mesi, accudito nelle notti di pianto, protetto e custodito come il tesoro pi\u00f9 prezioso, e infine lasciato andare nel mondo, a seguire il proprio destino, ma sempre con l&#8217;occhio attento e premuroso della madre a seguirlo, a vegliare su di lui, a pregare per lui. Non possiamo comprendere l&#8217;importanza della figura della Madonna Dolorosa se non ci soffermiamo su questo aspetto di <strong><a href=\"https:\/\/www.holyart.it\/blog\/articoli-religiosi\/da-eva-a-maria-la-figura-della-madre-nelle-sacre-scritture\/\">Maria come madre<\/a><\/strong>.<\/p>\n<div class=\"link-article\">\n<p><img loading=\"lazy\" decoding=\"async\" class=\"size-full wp-image-16132 alignleft\" src=\"https:\/\/blog.holyart.it\/it\/wp-content\/uploads\/sites\/17\/2020\/09\/picasso-madre.jpg\" alt=\"picasso madre\" width=\"150\" height=\"99\" data-kale-share-title=\"I sette dolori di Maria, il culto della Madonna Addolorata\" data-kale-share-url=\"https:\/\/blog.holyart.it\/it\/santi-e-beati\/il-culto-della-madonna-addolorata\/\" \/><\/p>\n<div class=\"leggi-anche\">Leggi anche:<\/div>\n<p><strong><a href=\"https:\/\/www.holyart.it\/blog\/articoli-religiosi\/da-eva-a-maria-la-figura-della-madre-nelle-sacre-scritture\/\">Nativit\u00e0 della Beata Vergine Maria, quando e perch\u00e8 si festeggia?<\/a><\/strong><br \/>\nLa madre, pilastro di ogni famiglia, cuore pulsante e fonte di vita per chi gravita intorno a lei.<\/p>\n<\/div>\n<h2>Le rappresentazioni della Madonna Addolorata<\/h2>\n<p>In apertura di articolo abbiamo gi\u00e0 accennato a quale sia l&#8217;iconografia classica della Madonna Addolorata. Il volto triste, pallido, di chi ormai non ha pi\u00f9 altro nutrimento del proprio dolore, altro sollievo alla sete del proprio pianto. Gli abiti sono a lutto, neri o viola, e spesso stringe in mano un fazzoletto, mai sazio di lacrime. In molte rappresentazioni il petto \u00e8 straziato dalle lame crudeli delle Spade dei Sette Dolori. Una madre a lutto che piange per l&#8217;eternit\u00e0 la morte del suo unico Figlio.<\/p>\n<p>Ma ci sono altre immagini ricorrenti nell&#8217;arte sacra, che immortalano ulteriori momenti di quella <em>Via Matris <\/em>costellata di sofferenza. Le <strong>Piet\u00e0<\/strong>, per esempio, che rappresentano il penultimo dei Sette Dolori, quel momento non riportato in nessun Vangelo, ma impresso in modo indelebile nella tradizione popolare, nell&#8217;emotivit\u00e0 collettiva di un&#8217;umanit\u00e0 sempre sensibile alle grandi tragedie: <strong>Maria tiene tra le braccia il corpo senza vita di Ges\u00f9.<\/strong><\/p>\n<div class=\"link-product\">\n<div class=\"blocco-immagine\"><img loading=\"lazy\" decoding=\"async\" class=\"alignnone size-full wp-image-9381\" src=\"https:\/\/blog.holyart.it\/it\/wp-content\/uploads\/sites\/17\/2020\/04\/la-piet\u00e0.jpg\" alt=\"la piet\u00e0\" width=\"100\" height=\"100\" \/><\/div>\n<div class=\"blocco-contenuto\">\n<div class=\"blocco-acquista\">Acquista su Holyart:<\/div>\n<div class=\"blocco-titolo\"><a href=\"https:\/\/www.holyart.it\/it\/natale\/presepi\/presepe-angela-tripi\/la-pieta-scena-della-deposizione-angela-tripi-30-cm\">La Piet\u00e0 scena della Deposizione Angela Tripi<\/a><\/div>\n<div class=\"blocco-descrizione\">il corpo di Ges\u00f9 tra le braccia di Maria che ne piange la morte.<\/div>\n<\/div>\n<\/div>\n<p>Il corpo del Cristo \u00e8 abbandonato, in una posa dolente e, allo stesso tempo, rilassata, come se tutto il dolore lo avesse gi\u00e0 lasciato, come se, finalmente, potesse trovare sollievo nell&#8217;abbraccio della madre. Ed \u00e8 su di lei che tutta la sofferenza si riversa, come se fosse stata proprio lei, Maria, ad assorbire il male inflitto alle membra benedette nate dal suo grembo, per consentirgli di morire in pace. \u00c8 composta Maria, nel suo strazio, appare serena, come se stesse solo cullando il figlio dormiente, come se sapesse che, di l\u00ec a poco, Lui aprir\u00e0 gli occhi e le sorrider\u00e0. Nello stesso tempo, in questa composizione iconografica, si percepisce tutta l&#8217;intimit\u00e0 che solo due creature che hanno condiviso per mesi lo stesso corpo possono conoscere, quell&#8217;alchimia misteriosa che rende madri e figli inseparabili, inscindibili a prescindere da ci\u00f2 che la vita riserva loro.<\/p>\n<p>L&#8217;<a href=\"https:\/\/www.holyart.it\/it\/articoli-religiosi\/statue\/statue-in-legno-dipinto?46%5B%5D=1993&amp;p_min=&amp;p_max=\"><strong>arte sacra spagnola<\/strong><\/a>, soprattutto in epoca barocca, ha prediletto le Madonne Piangenti, abbigliate riccamente, con abiti sfarzosi, principeschi, che pure conservano i colori del lutto. Madonne fatte per commuovere il popolo, per suscitare sentimenti di piet\u00e0 e partecipazione, e per questo avevano spesso un aspetto molto realistico.<\/p>\n<div class=\"link-product\">\n<div class=\"blocco-immagine\"><img loading=\"lazy\" decoding=\"async\" class=\"alignnone size-full wp-image-10407\" src=\"https:\/\/blog.holyart.it\/it\/wp-content\/uploads\/sites\/17\/2020\/09\/maria-addolorata-arte-sacra-spagnola.jpg\" alt=\"maria addolorata arte sacra spagnola\" width=\"100\" height=\"100\" data-kale-share-title=\"I sette dolori di Maria, il culto della Madonna Addolorata\" data-kale-share-url=\"https:\/\/blog.holyart.it\/it\/santi-e-beati\/il-culto-della-madonna-addolorata\/\" \/><\/div>\n<div class=\"blocco-contenuto\">\n<div class=\"blocco-acquista\">Acquista su Holyart:<\/div>\n<div class=\"blocco-titolo\"><a href=\"https:\/\/www.holyart.it\/it\/articoli-religiosi\/statue\/statue-in-legno-dipinto?46%5B%5D=1993&amp;p_min=&amp;p_max=\">Statue di arte sacra spagnola<\/a><\/div>\n<div class=\"blocco-descrizione\">Oltre 200 statue sacre realizzate da artigiani spagnoli<\/div>\n<\/div>\n<\/div>\n<p>In Spagna, ma anche in molte tradizione popolari italiane, era molto famosa e praticata la cerimonia dell&#8217;<strong>Entierro<\/strong>, la sepoltura di Ges\u00f9, portata in Spagna con ogni probabilit\u00e0 dai francescani o dai Serviti. Il corpo di Cristo viene deposto dalla Croce, affidato al pianto della madre e poi sepolto. Questo tipo di sacra rappresentazione coinvolgeva esponenti di tutte le classi sociali e mobilitava l&#8217;intera comunit\u00e0, come accadeva per esempio a Casale Monferrato e in diversi paesi del basso Piemonte, dove si trovano ancora documenti e testimonianze della diffusione di questo rito.<\/p>\n<p>L&#8217;Italia ospita molti <strong>santuari dedicati all&#8217;Addolorata<\/strong>, da Nord a Sud. E da Nord a Sud sono ancora molto diffuse le <strong>feste popolari<\/strong> che il 15 settembre, ma anche durante la Settimana Santa, celebrano il dolore di Maria per la perdita del Figlio. Come ad <strong>Agrigento<\/strong>, dove il Venerd\u00ec Santo la statua di Maria va in cerca di quella di Ges\u00f9 deposto per le vie della citt\u00e0, portata a spalla dai membri di una confraternita, o a<strong> Belluno<\/strong>, dove la festa in onore della Madonna Addolorata coincide con l&#8217;antica <em>Sagra de i fisciot<\/em> (sagra dei fischietti), o a <strong>Comiso <\/strong>dove i festeggiamenti durano per giorni, tra cene e processioni, e culminano con il \u201cTrionfo di Maria SS. Addolorata\u201d.<br \/>\n<div class=\"sp-styles-warning\" style=\"width: 450px; background-color: #FFF; color: #F00; border: 1px solid #F00; padding: 10px; font-size: 14px;\">\n\t\t\t<span style=\"font-weight: bold;\">Warning: The stylesheets were not loaded!<\/span> \n\t\t\tYou will need to change the <i>Load stylesheets<\/i> setting from <i>Automatically<\/i> to <i>On homepage<\/i> or <i>On all pages<\/i>. \n\t\t\tYou can set that <a style=\"text-decoration: underline; color: #F00;\" href=\"https:\/\/blog.holyart.it\/it\/wp-admin\/admin.php?page=sliderpro-settings\">here<\/a>.\n\t\t\t<\/div>\r\n<div id=\"slider-pro-61\" class=\"slider-pro sp-no-js\" style=\"width: 500px; height: 500px;\">\r\n\t<div class=\"sp-slides\">\r\n\t\t\r\n\t\t<div class=\"sp-slide\">\r\n\t\t\t<img loading=\"lazy\" decoding=\"async\" class=\"sp-image\" src=\"https:\/\/blog.holyart.it\/it\/wp-content\/uploads\/sites\/17\/2020\/09\/madonna-addolorata-in-vetroresina.jpg\" alt=\"madonna addolorata in vetroresina\" width=\"500\" height=\"500\" \/>\r\n\t\t\t<div class=\"sp-thumbnail\"><img decoding=\"async\" src=\"https:\/\/blog.holyart.it\/it\/wp-content\/uploads\/sites\/17\/2020\/09\/madonna-addolorata-vetroresina.jpg\" \/>\r\n\t\t\t<\/div>\r\n\t\t\t<div class=\"sp-caption\">Madonna Addolorata, statua di 170 cm realizzata in vetroresina.\n<br \/><strong><a href=\"https:\/\/www.holyart.it\/it\/articoli-religiosi\/statue\/statue-in-vetroresina\/madonna-addolorata-170-cm-landi-vetroresina\">Acquista su Holyart<\/a><\/strong><\/div>\r\n\t\t<\/div>\r\n\t\t<div class=\"sp-slide\">\r\n\t\t\t<img loading=\"lazy\" decoding=\"async\" class=\"sp-image\" src=\"https:\/\/blog.holyart.it\/it\/wp-content\/uploads\/sites\/17\/2020\/09\/madonna-addolorata-con-veste-nera.jpg\" alt=\"madonna addolorata con veste nera\" width=\"500\" height=\"500\" \/>\r\n\t\t\t<div class=\"sp-thumbnail\"><img decoding=\"async\" src=\"https:\/\/blog.holyart.it\/it\/wp-content\/uploads\/sites\/17\/2020\/09\/madonna-addolorata-veste-nera-1.jpg\" alt=\"madonna addolorata veste nera\" \/>\r\n\t\t\t<\/div>\r\n\t\t\t<div class=\"sp-caption\">Statua Madonna Addolorata in vetroresina dipinta con occhi di vetro.  <br \/><strong><a href=\"https:\/\/www.holyart.it\/it\/articoli-religiosi\/statue\/statue-in-vetroresina\/madonna-addolorata-110-cm-vetroresina-colorata-occhi-di-vetro\">Acquista su Holyart<\/a><\/strong><\/div>\r\n\t\t<\/div>\r\n\t\t<div class=\"sp-slide\">\r\n\t\t\t<img loading=\"lazy\" decoding=\"async\" class=\"sp-image\" src=\"https:\/\/blog.holyart.it\/it\/wp-content\/uploads\/sites\/17\/2020\/09\/la-piet\u00e0-statua.jpg\" alt=\"la piet\u00e0 statua\" width=\"500\" height=\"500\" \/>\r\n\t\t\t<div class=\"sp-thumbnail\"><img decoding=\"async\" src=\"https:\/\/blog.holyart.it\/it\/wp-content\/uploads\/sites\/17\/2020\/09\/la-piet\u00e0-angela-tripi.jpg\" alt=\"la piet\u00e0 angela tripi\" \/>\r\n\t\t\t<\/div>\r\n\t\t\t<div class=\"sp-caption\">La Piet\u00e0: scena della Deposizione del Cristo morto, interpretazione dell'artista Angela Tripi.<br \/><strong><a href=\"https:\/\/www.holyart.it\/it\/natale\/presepi\/presepe-angela-tripi\/la-pieta-scena-della-deposizione-angela-tripi-30-cm\">Acquista su Holyart<\/a><\/strong><\/div>\r\n\t\t<\/div>\r\n\t\t<div class=\"sp-slide\">\r\n\t\t\t<img loading=\"lazy\" decoding=\"async\" class=\"sp-image\" src=\"https:\/\/blog.holyart.it\/it\/wp-content\/uploads\/sites\/17\/2020\/09\/statua-pieta-di-michelangelo.jpg\" alt=\"statua pieta di michelangelo\" width=\"500\" height=\"500\" \/>\r\n\t\t\t<div class=\"sp-thumbnail\"><img decoding=\"async\" src=\"https:\/\/blog.holyart.it\/it\/wp-content\/uploads\/sites\/17\/2020\/09\/statua-pieta-di-michelangelo-marmo-sintetico.jpg\" alt=\"statua pieta di michelangelo marmo\" \/>\r\n\t\t\t<\/div>\r\n\t\t\t<div class=\"sp-caption\">Statua Piet\u00e0 di Michelangelo, polvere di marmo bianco di Carrara 40 cm.<br \/><strong><a href=\"https:\/\/www.holyart.it\/it\/articoli-religiosi\/statue\/statue-in-polvere-di-marmo-di-carrara\/statua-pieta-di-michelangelo-marmo-sintetico-bianco-40-cm\">Acquista su Holyart<\/a><\/strong><\/div>\r\n\t\t<\/div>\r\n\t<\/div>\r\n<\/div><\/p>\n","protected":false},"excerpt":{"rendered":"<p>La Madonna Addolorata \u00e8 un appellativo attribuito a Maria, madre di Ges\u00f9. Ecco come \u00e8 nata la devozione secolare alla Mater Dolorosa. Una donna bella e triste, abbigliata in nero e viola, i colori del lutto. Il volto rivolto al cielo, spesso rigato di lacrime,&hellip;<\/p>\n","protected":false},"author":1,"featured_media":10411,"comment_status":"closed","ping_status":"open","sticky":false,"template":"","format":"standard","meta":{"_acf_changed":false,"footnotes":""},"categories":[16,15],"tags":[],"class_list":["post-10376","post","type-post","status-publish","format-standard","has-post-thumbnail","hentry","category-articoli-religiosi","category-santi-e-beati"],"acf":[],"yoast_head":"<!-- This site is optimized with the Yoast SEO plugin v26.6 - https:\/\/yoast.com\/wordpress\/plugins\/seo\/ -->\n<title>I sette dolori di Maria, il culto della Madonna Addolorata<\/title>\n<meta name=\"description\" content=\"La Madonna Addolorata \u00e8 un appellativo attribuito a Maria, madre di Ges\u00f9. Ecco come \u00e8 nata la devozione secolare alla Mater Dolorosa. Una donna triste...\" \/>\n<meta name=\"robots\" content=\"index, follow, max-snippet:-1, max-image-preview:large, max-video-preview:-1\" \/>\n<link rel=\"canonical\" href=\"https:\/\/blog.holyart.it\/it\/articoli-religiosi\/il-culto-della-madonna-addolorata\/\" \/>\n<meta property=\"og:locale\" content=\"it_IT\" \/>\n<meta property=\"og:type\" content=\"article\" \/>\n<meta property=\"og:title\" content=\"I sette dolori di Maria, il culto della Madonna Addolorata\" \/>\n<meta property=\"og:description\" content=\"La Madonna Addolorata \u00e8 un appellativo attribuito a Maria, madre di Ges\u00f9. Ecco come \u00e8 nata la devozione secolare alla Mater Dolorosa. Una donna triste...\" \/>\n<meta property=\"og:url\" content=\"https:\/\/blog.holyart.it\/it\/articoli-religiosi\/il-culto-della-madonna-addolorata\/\" \/>\n<meta property=\"og:site_name\" content=\"Holyblog\" \/>\n<meta property=\"article:published_time\" content=\"2020-09-08T09:36:57+00:00\" \/>\n<meta property=\"article:modified_time\" content=\"2023-08-21T15:17:21+00:00\" \/>\n<meta property=\"og:image\" content=\"https:\/\/blog.holyart.it\/it\/wp-content\/uploads\/sites\/17\/2020\/09\/i-sette-dolori-di-maria.jpg\" \/>\n\t<meta property=\"og:image:width\" content=\"1000\" \/>\n\t<meta property=\"og:image:height\" content=\"666\" \/>\n\t<meta property=\"og:image:type\" content=\"image\/jpeg\" \/>\n<meta name=\"author\" content=\"Redazione\" \/>\n<meta name=\"twitter:card\" content=\"summary_large_image\" \/>\n<meta name=\"twitter:label1\" content=\"Scritto da\" \/>\n\t<meta name=\"twitter:data1\" content=\"Redazione\" \/>\n\t<meta name=\"twitter:label2\" content=\"Tempo di lettura stimato\" \/>\n\t<meta name=\"twitter:data2\" content=\"12 minuti\" \/>\n<script type=\"application\/ld+json\" class=\"yoast-schema-graph\">{\"@context\":\"https:\/\/schema.org\",\"@graph\":[{\"@type\":\"Article\",\"@id\":\"https:\/\/blog.holyart.it\/it\/articoli-religiosi\/il-culto-della-madonna-addolorata\/#article\",\"isPartOf\":{\"@id\":\"https:\/\/blog.holyart.it\/it\/articoli-religiosi\/il-culto-della-madonna-addolorata\/\"},\"author\":{\"name\":\"Redazione\",\"@id\":\"https:\/\/blog.holyart.it\/it\/#\/schema\/person\/0a7b686e5af0f856ec1e390dd0baecda\"},\"headline\":\"I sette dolori di Maria, il culto della Madonna Addolorata\",\"datePublished\":\"2020-09-08T09:36:57+00:00\",\"dateModified\":\"2023-08-21T15:17:21+00:00\",\"mainEntityOfPage\":{\"@id\":\"https:\/\/blog.holyart.it\/it\/articoli-religiosi\/il-culto-della-madonna-addolorata\/\"},\"wordCount\":2098,\"publisher\":{\"@id\":\"https:\/\/blog.holyart.it\/it\/#organization\"},\"image\":{\"@id\":\"https:\/\/blog.holyart.it\/it\/articoli-religiosi\/il-culto-della-madonna-addolorata\/#primaryimage\"},\"thumbnailUrl\":\"https:\/\/blog.holyart.it\/it\/wp-content\/uploads\/sites\/17\/2020\/09\/i-sette-dolori-di-maria.jpg\",\"articleSection\":[\"Religione\",\"Santi e beati\"],\"inLanguage\":\"it-IT\"},{\"@type\":\"WebPage\",\"@id\":\"https:\/\/blog.holyart.it\/it\/articoli-religiosi\/il-culto-della-madonna-addolorata\/\",\"url\":\"https:\/\/blog.holyart.it\/it\/articoli-religiosi\/il-culto-della-madonna-addolorata\/\",\"name\":\"I sette dolori di Maria, il culto della Madonna Addolorata\",\"isPartOf\":{\"@id\":\"https:\/\/blog.holyart.it\/it\/#website\"},\"primaryImageOfPage\":{\"@id\":\"https:\/\/blog.holyart.it\/it\/articoli-religiosi\/il-culto-della-madonna-addolorata\/#primaryimage\"},\"image\":{\"@id\":\"https:\/\/blog.holyart.it\/it\/articoli-religiosi\/il-culto-della-madonna-addolorata\/#primaryimage\"},\"thumbnailUrl\":\"https:\/\/blog.holyart.it\/it\/wp-content\/uploads\/sites\/17\/2020\/09\/i-sette-dolori-di-maria.jpg\",\"datePublished\":\"2020-09-08T09:36:57+00:00\",\"dateModified\":\"2023-08-21T15:17:21+00:00\",\"description\":\"La Madonna Addolorata \u00e8 un appellativo attribuito a Maria, madre di Ges\u00f9. Ecco come \u00e8 nata la devozione secolare alla Mater Dolorosa. Una donna triste...\",\"breadcrumb\":{\"@id\":\"https:\/\/blog.holyart.it\/it\/articoli-religiosi\/il-culto-della-madonna-addolorata\/#breadcrumb\"},\"inLanguage\":\"it-IT\",\"potentialAction\":[{\"@type\":\"ReadAction\",\"target\":[\"https:\/\/blog.holyart.it\/it\/articoli-religiosi\/il-culto-della-madonna-addolorata\/\"]}]},{\"@type\":\"ImageObject\",\"inLanguage\":\"it-IT\",\"@id\":\"https:\/\/blog.holyart.it\/it\/articoli-religiosi\/il-culto-della-madonna-addolorata\/#primaryimage\",\"url\":\"https:\/\/blog.holyart.it\/it\/wp-content\/uploads\/sites\/17\/2020\/09\/i-sette-dolori-di-maria.jpg\",\"contentUrl\":\"https:\/\/blog.holyart.it\/it\/wp-content\/uploads\/sites\/17\/2020\/09\/i-sette-dolori-di-maria.jpg\",\"width\":1000,\"height\":666,\"caption\":\"i sette dolori di maria\"},{\"@type\":\"BreadcrumbList\",\"@id\":\"https:\/\/blog.holyart.it\/it\/articoli-religiosi\/il-culto-della-madonna-addolorata\/#breadcrumb\",\"itemListElement\":[{\"@type\":\"ListItem\",\"position\":1,\"name\":\"Homepage\",\"item\":\"https:\/\/blog.holyart.it\/it\/\"},{\"@type\":\"ListItem\",\"position\":2,\"name\":\"Religione\",\"item\":\"https:\/\/blog.holyart.it\/it\/articoli-religiosi\/\"},{\"@type\":\"ListItem\",\"position\":3,\"name\":\"I sette dolori di Maria, il culto della Madonna Addolorata\"}]},{\"@type\":\"WebSite\",\"@id\":\"https:\/\/blog.holyart.it\/it\/#website\",\"url\":\"https:\/\/blog.holyart.it\/it\/\",\"name\":\"Holyblog\",\"description\":\"Il Blog di Holyart.it\",\"publisher\":{\"@id\":\"https:\/\/blog.holyart.it\/it\/#organization\"},\"potentialAction\":[{\"@type\":\"SearchAction\",\"target\":{\"@type\":\"EntryPoint\",\"urlTemplate\":\"https:\/\/blog.holyart.it\/it\/?s={search_term_string}\"},\"query-input\":{\"@type\":\"PropertyValueSpecification\",\"valueRequired\":true,\"valueName\":\"search_term_string\"}}],\"inLanguage\":\"it-IT\"},{\"@type\":\"Organization\",\"@id\":\"https:\/\/blog.holyart.it\/it\/#organization\",\"name\":\"Holyblog\",\"url\":\"https:\/\/blog.holyart.it\/it\/\",\"logo\":{\"@type\":\"ImageObject\",\"inLanguage\":\"it-IT\",\"@id\":\"https:\/\/blog.holyart.it\/it\/#\/schema\/logo\/image\/\",\"url\":\"https:\/\/blog.holyart.it\/it\/wp-content\/uploads\/sites\/17\/2022\/12\/Holyart_Blog_Logo.jpg\",\"contentUrl\":\"https:\/\/blog.holyart.it\/it\/wp-content\/uploads\/sites\/17\/2022\/12\/Holyart_Blog_Logo.jpg\",\"width\":300,\"height\":50,\"caption\":\"Holyblog\"},\"image\":{\"@id\":\"https:\/\/blog.holyart.it\/it\/#\/schema\/logo\/image\/\"}},{\"@type\":\"Person\",\"@id\":\"https:\/\/blog.holyart.it\/it\/#\/schema\/person\/0a7b686e5af0f856ec1e390dd0baecda\",\"name\":\"Redazione\"}]}<\/script>\n<!-- \/ Yoast SEO plugin. -->","yoast_head_json":{"title":"I sette dolori di Maria, il culto della Madonna Addolorata","description":"La Madonna Addolorata \u00e8 un appellativo attribuito a Maria, madre di Ges\u00f9. Ecco come \u00e8 nata la devozione secolare alla Mater Dolorosa. Una donna triste...","robots":{"index":"index","follow":"follow","max-snippet":"max-snippet:-1","max-image-preview":"max-image-preview:large","max-video-preview":"max-video-preview:-1"},"canonical":"https:\/\/blog.holyart.it\/it\/articoli-religiosi\/il-culto-della-madonna-addolorata\/","og_locale":"it_IT","og_type":"article","og_title":"I sette dolori di Maria, il culto della Madonna Addolorata","og_description":"La Madonna Addolorata \u00e8 un appellativo attribuito a Maria, madre di Ges\u00f9. Ecco come \u00e8 nata la devozione secolare alla Mater Dolorosa. Una donna triste...","og_url":"https:\/\/blog.holyart.it\/it\/articoli-religiosi\/il-culto-della-madonna-addolorata\/","og_site_name":"Holyblog","article_published_time":"2020-09-08T09:36:57+00:00","article_modified_time":"2023-08-21T15:17:21+00:00","og_image":[{"width":1000,"height":666,"url":"https:\/\/blog.holyart.it\/it\/wp-content\/uploads\/sites\/17\/2020\/09\/i-sette-dolori-di-maria.jpg","type":"image\/jpeg"}],"author":"Redazione","twitter_card":"summary_large_image","twitter_misc":{"Scritto da":"Redazione","Tempo di lettura stimato":"12 minuti"},"schema":{"@context":"https:\/\/schema.org","@graph":[{"@type":"Article","@id":"https:\/\/blog.holyart.it\/it\/articoli-religiosi\/il-culto-della-madonna-addolorata\/#article","isPartOf":{"@id":"https:\/\/blog.holyart.it\/it\/articoli-religiosi\/il-culto-della-madonna-addolorata\/"},"author":{"name":"Redazione","@id":"https:\/\/blog.holyart.it\/it\/#\/schema\/person\/0a7b686e5af0f856ec1e390dd0baecda"},"headline":"I sette dolori di Maria, il culto della Madonna Addolorata","datePublished":"2020-09-08T09:36:57+00:00","dateModified":"2023-08-21T15:17:21+00:00","mainEntityOfPage":{"@id":"https:\/\/blog.holyart.it\/it\/articoli-religiosi\/il-culto-della-madonna-addolorata\/"},"wordCount":2098,"publisher":{"@id":"https:\/\/blog.holyart.it\/it\/#organization"},"image":{"@id":"https:\/\/blog.holyart.it\/it\/articoli-religiosi\/il-culto-della-madonna-addolorata\/#primaryimage"},"thumbnailUrl":"https:\/\/blog.holyart.it\/it\/wp-content\/uploads\/sites\/17\/2020\/09\/i-sette-dolori-di-maria.jpg","articleSection":["Religione","Santi e beati"],"inLanguage":"it-IT"},{"@type":"WebPage","@id":"https:\/\/blog.holyart.it\/it\/articoli-religiosi\/il-culto-della-madonna-addolorata\/","url":"https:\/\/blog.holyart.it\/it\/articoli-religiosi\/il-culto-della-madonna-addolorata\/","name":"I sette dolori di Maria, il culto della Madonna Addolorata","isPartOf":{"@id":"https:\/\/blog.holyart.it\/it\/#website"},"primaryImageOfPage":{"@id":"https:\/\/blog.holyart.it\/it\/articoli-religiosi\/il-culto-della-madonna-addolorata\/#primaryimage"},"image":{"@id":"https:\/\/blog.holyart.it\/it\/articoli-religiosi\/il-culto-della-madonna-addolorata\/#primaryimage"},"thumbnailUrl":"https:\/\/blog.holyart.it\/it\/wp-content\/uploads\/sites\/17\/2020\/09\/i-sette-dolori-di-maria.jpg","datePublished":"2020-09-08T09:36:57+00:00","dateModified":"2023-08-21T15:17:21+00:00","description":"La Madonna Addolorata \u00e8 un appellativo attribuito a Maria, madre di Ges\u00f9. Ecco come \u00e8 nata la devozione secolare alla Mater Dolorosa. Una donna triste...","breadcrumb":{"@id":"https:\/\/blog.holyart.it\/it\/articoli-religiosi\/il-culto-della-madonna-addolorata\/#breadcrumb"},"inLanguage":"it-IT","potentialAction":[{"@type":"ReadAction","target":["https:\/\/blog.holyart.it\/it\/articoli-religiosi\/il-culto-della-madonna-addolorata\/"]}]},{"@type":"ImageObject","inLanguage":"it-IT","@id":"https:\/\/blog.holyart.it\/it\/articoli-religiosi\/il-culto-della-madonna-addolorata\/#primaryimage","url":"https:\/\/blog.holyart.it\/it\/wp-content\/uploads\/sites\/17\/2020\/09\/i-sette-dolori-di-maria.jpg","contentUrl":"https:\/\/blog.holyart.it\/it\/wp-content\/uploads\/sites\/17\/2020\/09\/i-sette-dolori-di-maria.jpg","width":1000,"height":666,"caption":"i sette dolori di maria"},{"@type":"BreadcrumbList","@id":"https:\/\/blog.holyart.it\/it\/articoli-religiosi\/il-culto-della-madonna-addolorata\/#breadcrumb","itemListElement":[{"@type":"ListItem","position":1,"name":"Homepage","item":"https:\/\/blog.holyart.it\/it\/"},{"@type":"ListItem","position":2,"name":"Religione","item":"https:\/\/blog.holyart.it\/it\/articoli-religiosi\/"},{"@type":"ListItem","position":3,"name":"I sette dolori di Maria, il culto della Madonna Addolorata"}]},{"@type":"WebSite","@id":"https:\/\/blog.holyart.it\/it\/#website","url":"https:\/\/blog.holyart.it\/it\/","name":"Holyblog","description":"Il Blog di Holyart.it","publisher":{"@id":"https:\/\/blog.holyart.it\/it\/#organization"},"potentialAction":[{"@type":"SearchAction","target":{"@type":"EntryPoint","urlTemplate":"https:\/\/blog.holyart.it\/it\/?s={search_term_string}"},"query-input":{"@type":"PropertyValueSpecification","valueRequired":true,"valueName":"search_term_string"}}],"inLanguage":"it-IT"},{"@type":"Organization","@id":"https:\/\/blog.holyart.it\/it\/#organization","name":"Holyblog","url":"https:\/\/blog.holyart.it\/it\/","logo":{"@type":"ImageObject","inLanguage":"it-IT","@id":"https:\/\/blog.holyart.it\/it\/#\/schema\/logo\/image\/","url":"https:\/\/blog.holyart.it\/it\/wp-content\/uploads\/sites\/17\/2022\/12\/Holyart_Blog_Logo.jpg","contentUrl":"https:\/\/blog.holyart.it\/it\/wp-content\/uploads\/sites\/17\/2022\/12\/Holyart_Blog_Logo.jpg","width":300,"height":50,"caption":"Holyblog"},"image":{"@id":"https:\/\/blog.holyart.it\/it\/#\/schema\/logo\/image\/"}},{"@type":"Person","@id":"https:\/\/blog.holyart.it\/it\/#\/schema\/person\/0a7b686e5af0f856ec1e390dd0baecda","name":"Redazione"}]}},"_links":{"self":[{"href":"https:\/\/blog.holyart.it\/it\/wp-json\/wp\/v2\/posts\/10376","targetHints":{"allow":["GET"]}}],"collection":[{"href":"https:\/\/blog.holyart.it\/it\/wp-json\/wp\/v2\/posts"}],"about":[{"href":"https:\/\/blog.holyart.it\/it\/wp-json\/wp\/v2\/types\/post"}],"author":[{"embeddable":true,"href":"https:\/\/blog.holyart.it\/it\/wp-json\/wp\/v2\/users\/1"}],"replies":[{"embeddable":true,"href":"https:\/\/blog.holyart.it\/it\/wp-json\/wp\/v2\/comments?post=10376"}],"version-history":[{"count":1,"href":"https:\/\/blog.holyart.it\/it\/wp-json\/wp\/v2\/posts\/10376\/revisions"}],"predecessor-version":[{"id":18354,"href":"https:\/\/blog.holyart.it\/it\/wp-json\/wp\/v2\/posts\/10376\/revisions\/18354"}],"wp:featuredmedia":[{"embeddable":true,"href":"https:\/\/blog.holyart.it\/it\/wp-json\/wp\/v2\/media\/10411"}],"wp:attachment":[{"href":"https:\/\/blog.holyart.it\/it\/wp-json\/wp\/v2\/media?parent=10376"}],"wp:term":[{"taxonomy":"category","embeddable":true,"href":"https:\/\/blog.holyart.it\/it\/wp-json\/wp\/v2\/categories?post=10376"},{"taxonomy":"post_tag","embeddable":true,"href":"https:\/\/blog.holyart.it\/it\/wp-json\/wp\/v2\/tags?post=10376"}],"curies":[{"name":"wp","href":"https:\/\/api.w.org\/{rel}","templated":true}]}}