{"id":10218,"date":"2020-08-25T14:27:43","date_gmt":"2020-08-25T12:27:43","guid":{"rendered":"https:\/\/blog.holyart.it\/it\/?p=10218"},"modified":"2023-07-31T12:12:35","modified_gmt":"2023-07-31T10:12:35","slug":"la-nativita-di-maria-quando-e-perche-si-festeggia","status":"publish","type":"post","link":"https:\/\/blog.holyart.it\/it\/articoli-religiosi\/la-nativita-di-maria-quando-e-perche-si-festeggia\/","title":{"rendered":"Nativit\u00e0 della Beata Vergine Maria, quando e perch\u00e8 si festeggia?"},"content":{"rendered":"<h4>L&#8217;8 settembre si festeggia la nativit\u00e0 di Maria, la madre per eccellenza, la donna che cambi\u00f2 la storia della Chiesa e dell&#8217;umanit\u00e0. Scopriamo qualcosa di pi\u00f9 sulla sua nascita e infanzia.<\/h4>\n\n<p>Perch\u00e9 scrivere un articolo sulla nativit\u00e0 di Maria? Tutti noi conosciamo bene la storia di <strong>Maria di Nazareth<\/strong>, la fanciulla scelta da Dio per diventare la madre di Ges\u00f9, il Salvatore. Fin da bambini veniamo esortati a considerarla una specie di <strong>mamma celeste<\/strong>, che ci ama quanto la nostra vera mamma, e che allo stesso modo ama tutti i bambini del mondo. Crescendo, questa \u00e8 una delle poche dolci favole che non cessa di essere reale. Perch\u00e9 davvero <a href=\"https:\/\/www.holyart.it\/articoli\/statue-madonna.php\"><strong>la Madonna continua a essere la Madre misericordiosa di tutta l&#8217;umanit\u00e0<\/strong><\/a>, colei che, in virt\u00f9 del suo legame privilegiato con Ges\u00f9, pu\u00f2 farsi carico di tutte le sofferenze degli uomini, per portarle all&#8217;attenzione del Padre e fungere da <strong>intermediaria<\/strong> tra Lui e tutte le sue creature.<\/p>\n<p>\u00c8 grazie a Maria se Dio Padre ha voluto e potuto <strong>riconciliarsi con l\u2019uomo<\/strong>. Un&#8217;altra famosa figura femminile, Eva, aveva determinato la perdita della grazia per tutta l&#8217;umanit\u00e0 e la cacciata dal Paradiso Terrestre. Come Eva venne <strong>maledetta da Dio<\/strong> per il suo peccato, e con lei tutte le donne (\u201c<em>Moltiplicher\u00f2 i tuoi dolori e le tue gravidanze, con dolore partorirai figli.<\/em>\u201d Genesi 3,16), cos\u00ec Maria Vergine venne invece <strong>benedetta fra le donne<\/strong>. <em>\u201cTu sei benedetta fra le donne\u201d<\/em> le dice l&#8217;arcangelo Gabriele, quando le si presenta per annunciarle la sua prossima maternit\u00e0. E questa benedizione, questa scelta operata da Dio per portare nel mondo Suo Figlio, e con lui la<strong> salvezza per tutti<\/strong>, \u00e8 determinata proprio da Maria, da come \u00e8 fatta, dal suo carattere mite, dolce, dalla sua semplicit\u00e0, ma anche al coraggio con cui ha accettato di assumere il ruolo non facile che l&#8217;Onnipotente aveva voluto per lei.<\/p>\n<p>Abbiamo dedicato un articolo all&#8217;<a href=\"https:\/\/www.holyart.it\/blog\/articoli-religiosi\/da-eva-a-maria-la-figura-della-madre-nelle-sacre-scritture\/\"><strong>evoluzione della figura di<\/strong> <strong>donna e madre da Eva a Maria<\/strong><\/a>\u00a0nel quale abbiamo approfondito proprio questo aspetto della vita di Maria. Per la sua importanza nella storia dell&#8217;umanit\u00e0 abbiamo anche inserito Maria tra <strong><a href=\"https:\/\/www.holyart.it\/blog\/santi-e-beati\/10-donne-cristiane-che-cambiarono-la-chiesa-e-il-mondo\/\">le 10 donne cristiane che cambiarono la Chiesa e il mondo<\/a><\/strong>.<\/p>\n<div class=\"link-article\">\n<p><img loading=\"lazy\" decoding=\"async\" class=\"alignleft size-thumbnail wp-image-10244\" src=\"https:\/\/blog.holyart.it\/it\/wp-content\/uploads\/sites\/17\/2020\/08\/da-eva-a-maria-150x100.jpg\" alt=\"da eva a maria\" width=\"150\" height=\"100\" data-kale-share-title=\"La Nativit\u00e0 di Maria, quando e perch\u00e8 si festeggia?\" data-kale-share-url=\"https:\/\/blog.holyart.it\/it\/articoli-religiosi\/la-nativita-di-maria-quando-e-perche-si-festeggia\/\" \/><\/p>\n<div class=\"leggi-anche\">Leggi anche:<\/div>\n<p><strong><a href=\"https:\/\/www.holyart.it\/blog\/articoli-religiosi\/da-eva-a-maria-la-figura-della-madre-nelle-sacre-scritture\/\">Da Eva a Maria: la figura della Madre nelle sacre scritture<\/a><\/strong><br \/>\nLa madre, pilastro di ogni famiglia, cuore pulsante e fonte di vita per chi gravita intorno a lei.<\/p>\n<\/div>\n<p>Ma qui vorremmo fare un passo indietro e parlare della nativit\u00e0 di Maria Vergine. S\u00ec, perch\u00e9 Maria \u00e8 stata una bambina, prima di diventare la donna straordinaria che conosciamo. Ha avuto una mamma, prima di essere mamma a sua volta. <strong><a href=\"https:\/\/www.holyart.it\/blog\/articoli-religiosi\/la-storia-di-santanna-madre-di-maria\/\">La sua mamma si chiamava Anna<\/a><\/strong> e, sebbene non sia menzionata nella Sacre Scritture, tuttavia \u00e8 venerata come una Santa a sua volta, e con lei anche il pap\u00e0 di Maria, San Gioacchino.<\/p>\n<div class=\"link-article\">\n<p><img loading=\"lazy\" decoding=\"async\" class=\"alignleft size-thumbnail wp-image-10230\" src=\"https:\/\/blog.holyart.it\/it\/wp-content\/uploads\/sites\/17\/2020\/08\/storia-di-santanna-1-150x100.jpeg\" alt=\"sant'anna mamma di maria\" width=\"150\" height=\"100\" data-kale-share-title=\"La Nativit\u00e0 di Maria, quando e perch\u00e8 si festeggia?\" data-kale-share-url=\"https:\/\/blog.holyart.it\/it\/articoli-religiosi\/la-nativita-di-maria-quando-e-perche-si-festeggia\/\" \/><\/p>\n<div class=\"leggi-anche\">Leggi anche:<\/div>\n<p><strong><a href=\"https:\/\/www.holyart.it\/blog\/articoli-religiosi\/la-storia-di-santanna-madre-di-maria\/\">La storia di Sant\u2019Anna madre di Maria<\/a><\/strong><br \/>\nIl 26 Luglio vengono festeggiati Sant\u2019Anna e San Gioacchino, i genitori di Maria Vergine. Lo stesso giorno si celebra la giornata dei nonni&#8230;<\/p>\n<\/div>\n<p>Scopriamo dunque insieme qualcosa in pi\u00f9 sulla nativit\u00e0 di Maria Santissima e sulla sua infanzia con Gioacchino e Anna.<\/p>\n<h2>8 settembre Festa della Madonna<\/h2>\n<p>Ma perch\u00e9 la Nativit\u00e0 di Maria viene celebrata proprio il giorno 8 settembre? In realt\u00e0 non esistono informazioni precise riguardo la data di nascita della Madonna. Una tradizione la fa coincidere con il <strong>5 agosto<\/strong>, giorno in cui si festeggia la <strong>Madonna della Neve<\/strong>, che nel IV secolo d.C. ricopr\u00ec con una nevicata miracolosa il colle Esquilino, dove poi verr\u00e0 eretta la Basilica di Santa Maria Maggiore. La stessa data venne indicata nel 1984 dalla <a href=\"https:\/\/www.holyart.it\/it\/occasioni-speciali\/madonna-di-medjugorje\"><strong>Madonna di Medjugorje<\/strong><\/a> ai veggenti come giorno del proprio compleanno.<\/p>\n<p>La tradizione che pone invece la nativit\u00e0 di Maria l&#8217;8 settembre \u00e8 legata alla costruzione della <strong>Basilica di Sant&#8217;Anna a Gerusalemme<\/strong>, nel IV secolo d.C., eretta nel luogo in cui un tempo sorgeva la casa in cui i genitori di Maria, Anna appunto e Gioacchino, vissero, e dove la Madre di Ges\u00f9 sarebbe nata.<\/p>\n<p>In <strong>Oriente<\/strong> la nativit\u00e0 di Maria veniva gi\u00e0 festeggiata nel IV secolo, appena dopo la costruzione della suddetta Basilica. In seguito la tradizione di festeggiare la nascita di Maria il giorno 8 settembre giunge anche a Costantinopoli e la <strong>Chiesa bizantina<\/strong> fece propria questa devozione, associandola a quella della Concezione.<\/p>\n<p>Nel VII secolo Papa Sergio I introdusse la festa della Nativit\u00e0 di Maria anche in <strong>Occidente<\/strong>, celebrandola con una processione solenne che si snodava attraverso le vie di Roma dalla chiesa di San Adriano al Foro fino alla Basilica di Santa Maria Maggiore.<\/p>\n<h2>Storia della nascita di Maria<\/h2>\n<p>Le informazioni che abbiamo riguardo a Gioacchino e Anna genitori di Maria derivano dal <strong>Protovangelo di Giacomo<\/strong>, un testo apocrifo escluso dal canone delle Sacre Scritture. Similmente il <strong>Vangelo dello pseudo-Matteo<\/strong>, scritto in latino nel VIII-IX secolo, accenna ai genitori di Maria. Nei <strong>Vangeli di Luca e Matteo <\/strong>ci sono brandelli di informazioni che ci permettono di ricostruire almeno in parte l&#8217;infanzia della Vergine.<br \/>\nAnche la <strong>Legenda Aurea<\/strong>, la raccolta di biografie agiografiche composta dal frate domenicano Jacopo da Varazze tra il 1260 e il 1298, riporta alcuni episodi della vita di Maria, di Sant&#8217;Anna e di San Gioacchino, molti dei quali ispirarono grandi artisti del passato a realizzare <strong>opere d&#8217;arte sacra<\/strong> divenute immortali.<\/p>\n<p>Intanto ci preme ricordare le circostanze miracolose del <strong>concepimento di Maria<\/strong>, che come ben sappiamo, nacque pura, mai toccata dal peccato originale, come accade invece a tutti gli altri uomini e donne. Il <a href=\"https:\/\/www.holyart.it\/blog\/santi-e-beati\/limmacolata-concezione-della-vergine-maria\/\"><strong>dogma dell\u2019Immacolata Concezione<\/strong><\/a> rende Maria santa fin dal suo concepimento, purificata da ogni male, preservata dal peccato per diventare la madre di Ges\u00f9.<\/p>\n<p>Come abbiamo visto parlando di Sant&#8217;Anna, lei e il marito Gioacchino non riuscivano ad avere figli. La sterilit\u00e0 era considerata la peggiore delle disgrazie nella cultura ebraica, perch\u00e9 era attribuita a una qualche punizione divina. Gioacchino, uomo devoto, scelse di allontanarsi dal Tempio quando gli venne impedito di innalzare sacrifici a Dio a causa della sua sterilit\u00e0. Si ritir\u00f2 nel deserto, tra i pastori, senza mai smettere di pregare Dio. Anche Anna, lasciata dal marito, non smise di pregare, e finalmente la loro fede venne premiata: un <strong>angelo <\/strong>apparve a entrambi annunciando loro la <strong>nascita imminente di una bambina<\/strong>. Il messaggero celeste disse loro che si sarebbe dovuta chiamare Maria, e che avrebbe vissuto presso il Tempio, perch\u00e9 destinata a portare in grembo il Figlio di Dio.<\/p>\n<div class=\"link-product\">\n<div class=\"blocco-immagine\"><img loading=\"lazy\" decoding=\"async\" class=\"alignnone size-full wp-image-10254\" src=\"https:\/\/blog.holyart.it\/it\/wp-content\/uploads\/sites\/17\/2020\/08\/statua-maria-bambina.jpg\" alt=\"statua maria bambina\" width=\"100\" height=\"100\" data-kale-share-title=\"Nativit\u00e0 della Beata Vergine Maria, quando e perch\u00e8 si festeggia?\" data-kale-share-url=\"https:\/\/blog.holyart.it\/it\/santi-e-beati\/la-nativita-di-maria-quando-e-perche-si-festeggia\/\" \/><\/div>\n<div class=\"blocco-contenuto\">\n<div class=\"blocco-acquista\">Acquista su Holyart:<\/div>\n<div class=\"blocco-titolo\"><a href=\"https:\/\/www.holyart.it\/it\/articoli-religiosi\/statue\/statue-in-resina-e-pvc\/statua-maria-bambina-30-cm-resina-dipinta\">Maria bambina<\/a><\/div>\n<div class=\"blocco-descrizione\">Statua realizzata in resina e dipinta a mano<\/div>\n<\/div>\n<\/div>\n<p>I due sposi si ricongiunsero, salutandosi con un bacio sulla Porta Aurea di Gerusalemme.<\/p>\n<p>Cos\u00ec Maria nacque, e in un primo tempo visse nella casa di San Gioacchino e Sant\u2019Anna. Qui venne educata dalla madre alle preghiere e alla devozione a Dio, mentre imparava anche tutto ci\u00f2 che una donna doveva sapere su come si amministrava una casa e una famiglia. Successivamente venne condotta al <strong>Tempio<\/strong> per essere istruita dai sommi sacerdoti. Si racconta che Maria accolse con gioia la prospettiva di lasciare la casa paterna per recarsi in quel luogo austero e solenne, come se in lei, ancora bambina, palpitasse gi\u00e0 la consapevolezza di quello che sarebbe stato il suo destino.<br \/>\nSecondo la tradizione agiografica Maria visse la propria infanzia al Tempio, dividendosi tra le preghiere e le visite degli angeli. Il suo carattere era dolce e mite, un&#8217;anticipazione della splendida giovane donna che avrebbe accolto su di s\u00e9 la missione che Dio avrebbe voluto proporle. Una scelta che avrebbe cambiato il destino del mondo.<\/p>\n<div class=\"link-product\">\n<div class=\"blocco-immagine\"><img loading=\"lazy\" decoding=\"async\" class=\"alignnone size-full wp-image-10237\" src=\"https:\/\/blog.holyart.it\/it\/wp-content\/uploads\/sites\/17\/2020\/08\/icona-gioacchino-e-anna-1.jpg\" alt=\"icona gioacchino e anna\" width=\"100\" height=\"100\" data-kale-share-title=\"La Nativit\u00e0 di Maria, quando e perch\u00e8 si festeggia?\" data-kale-share-url=\"https:\/\/blog.holyart.it\/it\/articoli-religiosi\/la-nativita-di-maria-quando-e-perche-si-festeggia\/\" \/><\/div>\n<div class=\"blocco-contenuto\">\n<div class=\"blocco-acquista\">Acquista su Holyart:<\/div>\n<div class=\"blocco-titolo\"><a href=\"https:\/\/www.holyart.it\/it\/articoli-religiosi\/icone-sacre\/icone-grecia-dipinte-e-serigrafate\/icona-matrimonio-gioacchino-e-anna\">Icona matrimonio Gioacchino e Anna<\/a><\/div>\n<div class=\"blocco-descrizione\">Icona greca dipinta a mano su legno invecchiato e foglia dorata<\/div>\n<\/div>\n<\/div>\n<h2>La devozione a Maria Bambina<\/h2>\n<p>La devozione a Maria Bambina affonda le sue radici nella storia delle devozioni popolari pi\u00f9 antiche. Sicuramente le prime forme devozionali derivano dalla <strong>liturgia orientale<\/strong>.<\/p>\n<p>II <strong>culto della nativit\u00e0 di Maria<\/strong> veniva gi\u00e0 coltivato a Milano nel secolo X, e il 20 ottobre 1572 San Carlo Borromeo consacr\u00f2 il duomo a <em>Maria nascente.<\/em><\/p>\n<div class=\"link-product\">\n<div class=\"blocco-immagine\"><img loading=\"lazy\" decoding=\"async\" class=\"alignnone size-full wp-image-10247\" src=\"https:\/\/blog.holyart.it\/it\/wp-content\/uploads\/sites\/17\/2020\/08\/maria-bambina.jpg\" alt=\"maria bambina\" width=\"100\" height=\"100\" data-kale-share-title=\"La Nativit\u00e0 di Maria, quando e perch\u00e8 si festeggia?\" data-kale-share-url=\"https:\/\/blog.holyart.it\/it\/articoli-religiosi\/la-nativita-di-maria-quando-e-perche-si-festeggia\/\" \/><\/div>\n<div class=\"blocco-contenuto\">\n<div class=\"blocco-acquista\">Acquista su Holyart:<\/div>\n<div class=\"blocco-titolo\"><a href=\"https:\/\/www.holyart.it\/it\/articoli-religiosi\/statue\/statue-in-resina-e-pvc\/statua-maria-bambina-trecce-resina-20x6-5x6-cm\">Maria bambina<\/a><\/div>\n<div class=\"blocco-descrizione\">Statua in resina di 20 cm<\/div>\n<\/div>\n<\/div>\n<p>Intorno al 1720 una monaca francescana, <strong>Suor Chiara Isabella Fornari<\/strong>, che amava modellare volti in cera di Ges\u00f9 bam\u00adbino e di Maria bambina, don\u00f2 alle suore Cappuccine di Santa Maria degli Angeli a Milano una graziosa statuina in cera che raffigurava <strong><a href=\"https:\/\/www.holyart.it\/it\/articoli-religiosi\/statue\/statue-in-resina-e-pvc\/statua-maria-bambina-30-cm-resina-dipinta\">Maria neonata avvolta in fasce<\/a>.<\/strong> La <strong>devozione a Maria Bambina<\/strong> ebbe grazie a questo simulacro una forte espansione e si diffuse ovunque. Ancora oggi le <strong>sorelle della congregazione Suore di Carit\u00e0 di Lovere <\/strong>a Milano, sono chiamate <em>suore di Maria Bambina<\/em>. A queste suore la statuina venne affidata a met\u00e0 dell&#8217;800. Poich\u00e9 esse si dedicavano alla cura e al conforto dei malati dell&#8217;ospedale Ciceri di Milano, la statuina di Maria Bambina divenne un punto di riferimento e conforto sia per le suore sia per i malati, e nel 1884 le viene attribuita anche una guarigione miracolosa. Da allora, il 9 settembre di ogni anno, viene festeggiato il miracolo.<\/p>\n","protected":false},"excerpt":{"rendered":"<p>L&#8217;8 settembre si festeggia la nativit\u00e0 di Maria, la madre per eccellenza, la donna che cambi\u00f2 la storia della Chiesa e dell&#8217;umanit\u00e0. Scopriamo qualcosa di pi\u00f9 sulla sua nascita e infanzia. Perch\u00e9 scrivere un articolo sulla nativit\u00e0 di Maria? Tutti noi conosciamo bene la storia&hellip;<\/p>\n","protected":false},"author":1,"featured_media":10252,"comment_status":"closed","ping_status":"open","sticky":false,"template":"","format":"standard","meta":{"_acf_changed":false,"footnotes":""},"categories":[16,15],"tags":[],"class_list":["post-10218","post","type-post","status-publish","format-standard","has-post-thumbnail","hentry","category-articoli-religiosi","category-santi-e-beati"],"acf":[],"yoast_head":"<!-- This site is optimized with the Yoast SEO plugin v26.6 - https:\/\/yoast.com\/wordpress\/plugins\/seo\/ -->\n<title>La Nativit\u00e0 di Maria, quando e perch\u00e8 si festeggia? - Holyblog<\/title>\n<meta name=\"description\" content=\"L&#039;8 settembre si festeggia la nativit\u00e0 di Maria, la madre per eccellenza, la donna che cambi\u00f2 la storia della Chiesa e dell&#039;umanit\u00e0.\" \/>\n<meta name=\"robots\" content=\"index, follow, max-snippet:-1, max-image-preview:large, max-video-preview:-1\" \/>\n<link rel=\"canonical\" href=\"https:\/\/blog.holyart.it\/it\/articoli-religiosi\/la-nativita-di-maria-quando-e-perche-si-festeggia\/\" \/>\n<meta property=\"og:locale\" content=\"it_IT\" \/>\n<meta property=\"og:type\" content=\"article\" \/>\n<meta property=\"og:title\" content=\"La Nativit\u00e0 di Maria, quando e perch\u00e8 si festeggia? - Holyblog\" \/>\n<meta property=\"og:description\" content=\"L&#039;8 settembre si festeggia la nativit\u00e0 di Maria, la madre per eccellenza, la donna che cambi\u00f2 la storia della Chiesa e dell&#039;umanit\u00e0.\" \/>\n<meta property=\"og:url\" content=\"https:\/\/blog.holyart.it\/it\/articoli-religiosi\/la-nativita-di-maria-quando-e-perche-si-festeggia\/\" \/>\n<meta property=\"og:site_name\" content=\"Holyblog\" \/>\n<meta property=\"article:published_time\" content=\"2020-08-25T12:27:43+00:00\" \/>\n<meta property=\"article:modified_time\" content=\"2023-07-31T10:12:35+00:00\" \/>\n<meta property=\"og:image\" content=\"https:\/\/blog.holyart.it\/it\/wp-content\/uploads\/sites\/17\/2020\/08\/nativit\u00e0-della-beata-vergine-maria.jpg\" \/>\n\t<meta property=\"og:image:width\" content=\"1000\" \/>\n\t<meta property=\"og:image:height\" content=\"666\" \/>\n\t<meta property=\"og:image:type\" content=\"image\/jpeg\" \/>\n<meta name=\"author\" content=\"Redazione\" \/>\n<meta name=\"twitter:card\" content=\"summary_large_image\" \/>\n<meta name=\"twitter:label1\" content=\"Scritto da\" \/>\n\t<meta name=\"twitter:data1\" content=\"Redazione\" \/>\n\t<meta name=\"twitter:label2\" content=\"Tempo di lettura stimato\" \/>\n\t<meta name=\"twitter:data2\" content=\"9 minuti\" \/>\n<script type=\"application\/ld+json\" class=\"yoast-schema-graph\">{\"@context\":\"https:\/\/schema.org\",\"@graph\":[{\"@type\":\"Article\",\"@id\":\"https:\/\/blog.holyart.it\/it\/articoli-religiosi\/la-nativita-di-maria-quando-e-perche-si-festeggia\/#article\",\"isPartOf\":{\"@id\":\"https:\/\/blog.holyart.it\/it\/articoli-religiosi\/la-nativita-di-maria-quando-e-perche-si-festeggia\/\"},\"author\":{\"name\":\"Redazione\",\"@id\":\"https:\/\/blog.holyart.it\/it\/#\/schema\/person\/0a7b686e5af0f856ec1e390dd0baecda\"},\"headline\":\"Nativit\u00e0 della Beata Vergine Maria, quando e perch\u00e8 si festeggia?\",\"datePublished\":\"2020-08-25T12:27:43+00:00\",\"dateModified\":\"2023-07-31T10:12:35+00:00\",\"mainEntityOfPage\":{\"@id\":\"https:\/\/blog.holyart.it\/it\/articoli-religiosi\/la-nativita-di-maria-quando-e-perche-si-festeggia\/\"},\"wordCount\":1462,\"publisher\":{\"@id\":\"https:\/\/blog.holyart.it\/it\/#organization\"},\"image\":{\"@id\":\"https:\/\/blog.holyart.it\/it\/articoli-religiosi\/la-nativita-di-maria-quando-e-perche-si-festeggia\/#primaryimage\"},\"thumbnailUrl\":\"https:\/\/blog.holyart.it\/it\/wp-content\/uploads\/sites\/17\/2020\/08\/nativit\u00e0-della-beata-vergine-maria.jpg\",\"articleSection\":[\"Religione\",\"Santi e beati\"],\"inLanguage\":\"it-IT\"},{\"@type\":\"WebPage\",\"@id\":\"https:\/\/blog.holyart.it\/it\/articoli-religiosi\/la-nativita-di-maria-quando-e-perche-si-festeggia\/\",\"url\":\"https:\/\/blog.holyart.it\/it\/articoli-religiosi\/la-nativita-di-maria-quando-e-perche-si-festeggia\/\",\"name\":\"La Nativit\u00e0 di Maria, quando e perch\u00e8 si festeggia? - Holyblog\",\"isPartOf\":{\"@id\":\"https:\/\/blog.holyart.it\/it\/#website\"},\"primaryImageOfPage\":{\"@id\":\"https:\/\/blog.holyart.it\/it\/articoli-religiosi\/la-nativita-di-maria-quando-e-perche-si-festeggia\/#primaryimage\"},\"image\":{\"@id\":\"https:\/\/blog.holyart.it\/it\/articoli-religiosi\/la-nativita-di-maria-quando-e-perche-si-festeggia\/#primaryimage\"},\"thumbnailUrl\":\"https:\/\/blog.holyart.it\/it\/wp-content\/uploads\/sites\/17\/2020\/08\/nativit\u00e0-della-beata-vergine-maria.jpg\",\"datePublished\":\"2020-08-25T12:27:43+00:00\",\"dateModified\":\"2023-07-31T10:12:35+00:00\",\"description\":\"L'8 settembre si festeggia la nativit\u00e0 di Maria, la madre per eccellenza, la donna che cambi\u00f2 la storia della Chiesa e dell'umanit\u00e0.\",\"breadcrumb\":{\"@id\":\"https:\/\/blog.holyart.it\/it\/articoli-religiosi\/la-nativita-di-maria-quando-e-perche-si-festeggia\/#breadcrumb\"},\"inLanguage\":\"it-IT\",\"potentialAction\":[{\"@type\":\"ReadAction\",\"target\":[\"https:\/\/blog.holyart.it\/it\/articoli-religiosi\/la-nativita-di-maria-quando-e-perche-si-festeggia\/\"]}]},{\"@type\":\"ImageObject\",\"inLanguage\":\"it-IT\",\"@id\":\"https:\/\/blog.holyart.it\/it\/articoli-religiosi\/la-nativita-di-maria-quando-e-perche-si-festeggia\/#primaryimage\",\"url\":\"https:\/\/blog.holyart.it\/it\/wp-content\/uploads\/sites\/17\/2020\/08\/nativit\u00e0-della-beata-vergine-maria.jpg\",\"contentUrl\":\"https:\/\/blog.holyart.it\/it\/wp-content\/uploads\/sites\/17\/2020\/08\/nativit\u00e0-della-beata-vergine-maria.jpg\",\"width\":1000,\"height\":666,\"caption\":\"nativit\u00e0 della beata vergine maria\"},{\"@type\":\"BreadcrumbList\",\"@id\":\"https:\/\/blog.holyart.it\/it\/articoli-religiosi\/la-nativita-di-maria-quando-e-perche-si-festeggia\/#breadcrumb\",\"itemListElement\":[{\"@type\":\"ListItem\",\"position\":1,\"name\":\"Homepage\",\"item\":\"https:\/\/blog.holyart.it\/it\/\"},{\"@type\":\"ListItem\",\"position\":2,\"name\":\"Religione\",\"item\":\"https:\/\/blog.holyart.it\/it\/articoli-religiosi\/\"},{\"@type\":\"ListItem\",\"position\":3,\"name\":\"Nativit\u00e0 della Beata Vergine Maria, quando e perch\u00e8 si festeggia?\"}]},{\"@type\":\"WebSite\",\"@id\":\"https:\/\/blog.holyart.it\/it\/#website\",\"url\":\"https:\/\/blog.holyart.it\/it\/\",\"name\":\"Holyblog\",\"description\":\"Il Blog di Holyart.it\",\"publisher\":{\"@id\":\"https:\/\/blog.holyart.it\/it\/#organization\"},\"potentialAction\":[{\"@type\":\"SearchAction\",\"target\":{\"@type\":\"EntryPoint\",\"urlTemplate\":\"https:\/\/blog.holyart.it\/it\/?s={search_term_string}\"},\"query-input\":{\"@type\":\"PropertyValueSpecification\",\"valueRequired\":true,\"valueName\":\"search_term_string\"}}],\"inLanguage\":\"it-IT\"},{\"@type\":\"Organization\",\"@id\":\"https:\/\/blog.holyart.it\/it\/#organization\",\"name\":\"Holyblog\",\"url\":\"https:\/\/blog.holyart.it\/it\/\",\"logo\":{\"@type\":\"ImageObject\",\"inLanguage\":\"it-IT\",\"@id\":\"https:\/\/blog.holyart.it\/it\/#\/schema\/logo\/image\/\",\"url\":\"https:\/\/blog.holyart.it\/it\/wp-content\/uploads\/sites\/17\/2022\/12\/Holyart_Blog_Logo.jpg\",\"contentUrl\":\"https:\/\/blog.holyart.it\/it\/wp-content\/uploads\/sites\/17\/2022\/12\/Holyart_Blog_Logo.jpg\",\"width\":300,\"height\":50,\"caption\":\"Holyblog\"},\"image\":{\"@id\":\"https:\/\/blog.holyart.it\/it\/#\/schema\/logo\/image\/\"}},{\"@type\":\"Person\",\"@id\":\"https:\/\/blog.holyart.it\/it\/#\/schema\/person\/0a7b686e5af0f856ec1e390dd0baecda\",\"name\":\"Redazione\"}]}<\/script>\n<!-- \/ Yoast SEO plugin. -->","yoast_head_json":{"title":"La Nativit\u00e0 di Maria, quando e perch\u00e8 si festeggia? - Holyblog","description":"L'8 settembre si festeggia la nativit\u00e0 di Maria, la madre per eccellenza, la donna che cambi\u00f2 la storia della Chiesa e dell'umanit\u00e0.","robots":{"index":"index","follow":"follow","max-snippet":"max-snippet:-1","max-image-preview":"max-image-preview:large","max-video-preview":"max-video-preview:-1"},"canonical":"https:\/\/blog.holyart.it\/it\/articoli-religiosi\/la-nativita-di-maria-quando-e-perche-si-festeggia\/","og_locale":"it_IT","og_type":"article","og_title":"La Nativit\u00e0 di Maria, quando e perch\u00e8 si festeggia? - Holyblog","og_description":"L'8 settembre si festeggia la nativit\u00e0 di Maria, la madre per eccellenza, la donna che cambi\u00f2 la storia della Chiesa e dell'umanit\u00e0.","og_url":"https:\/\/blog.holyart.it\/it\/articoli-religiosi\/la-nativita-di-maria-quando-e-perche-si-festeggia\/","og_site_name":"Holyblog","article_published_time":"2020-08-25T12:27:43+00:00","article_modified_time":"2023-07-31T10:12:35+00:00","og_image":[{"width":1000,"height":666,"url":"https:\/\/blog.holyart.it\/it\/wp-content\/uploads\/sites\/17\/2020\/08\/nativit\u00e0-della-beata-vergine-maria.jpg","type":"image\/jpeg"}],"author":"Redazione","twitter_card":"summary_large_image","twitter_misc":{"Scritto da":"Redazione","Tempo di lettura stimato":"9 minuti"},"schema":{"@context":"https:\/\/schema.org","@graph":[{"@type":"Article","@id":"https:\/\/blog.holyart.it\/it\/articoli-religiosi\/la-nativita-di-maria-quando-e-perche-si-festeggia\/#article","isPartOf":{"@id":"https:\/\/blog.holyart.it\/it\/articoli-religiosi\/la-nativita-di-maria-quando-e-perche-si-festeggia\/"},"author":{"name":"Redazione","@id":"https:\/\/blog.holyart.it\/it\/#\/schema\/person\/0a7b686e5af0f856ec1e390dd0baecda"},"headline":"Nativit\u00e0 della Beata Vergine Maria, quando e perch\u00e8 si festeggia?","datePublished":"2020-08-25T12:27:43+00:00","dateModified":"2023-07-31T10:12:35+00:00","mainEntityOfPage":{"@id":"https:\/\/blog.holyart.it\/it\/articoli-religiosi\/la-nativita-di-maria-quando-e-perche-si-festeggia\/"},"wordCount":1462,"publisher":{"@id":"https:\/\/blog.holyart.it\/it\/#organization"},"image":{"@id":"https:\/\/blog.holyart.it\/it\/articoli-religiosi\/la-nativita-di-maria-quando-e-perche-si-festeggia\/#primaryimage"},"thumbnailUrl":"https:\/\/blog.holyart.it\/it\/wp-content\/uploads\/sites\/17\/2020\/08\/nativit\u00e0-della-beata-vergine-maria.jpg","articleSection":["Religione","Santi e beati"],"inLanguage":"it-IT"},{"@type":"WebPage","@id":"https:\/\/blog.holyart.it\/it\/articoli-religiosi\/la-nativita-di-maria-quando-e-perche-si-festeggia\/","url":"https:\/\/blog.holyart.it\/it\/articoli-religiosi\/la-nativita-di-maria-quando-e-perche-si-festeggia\/","name":"La Nativit\u00e0 di Maria, quando e perch\u00e8 si festeggia? - Holyblog","isPartOf":{"@id":"https:\/\/blog.holyart.it\/it\/#website"},"primaryImageOfPage":{"@id":"https:\/\/blog.holyart.it\/it\/articoli-religiosi\/la-nativita-di-maria-quando-e-perche-si-festeggia\/#primaryimage"},"image":{"@id":"https:\/\/blog.holyart.it\/it\/articoli-religiosi\/la-nativita-di-maria-quando-e-perche-si-festeggia\/#primaryimage"},"thumbnailUrl":"https:\/\/blog.holyart.it\/it\/wp-content\/uploads\/sites\/17\/2020\/08\/nativit\u00e0-della-beata-vergine-maria.jpg","datePublished":"2020-08-25T12:27:43+00:00","dateModified":"2023-07-31T10:12:35+00:00","description":"L'8 settembre si festeggia la nativit\u00e0 di Maria, la madre per eccellenza, la donna che cambi\u00f2 la storia della Chiesa e dell'umanit\u00e0.","breadcrumb":{"@id":"https:\/\/blog.holyart.it\/it\/articoli-religiosi\/la-nativita-di-maria-quando-e-perche-si-festeggia\/#breadcrumb"},"inLanguage":"it-IT","potentialAction":[{"@type":"ReadAction","target":["https:\/\/blog.holyart.it\/it\/articoli-religiosi\/la-nativita-di-maria-quando-e-perche-si-festeggia\/"]}]},{"@type":"ImageObject","inLanguage":"it-IT","@id":"https:\/\/blog.holyart.it\/it\/articoli-religiosi\/la-nativita-di-maria-quando-e-perche-si-festeggia\/#primaryimage","url":"https:\/\/blog.holyart.it\/it\/wp-content\/uploads\/sites\/17\/2020\/08\/nativit\u00e0-della-beata-vergine-maria.jpg","contentUrl":"https:\/\/blog.holyart.it\/it\/wp-content\/uploads\/sites\/17\/2020\/08\/nativit\u00e0-della-beata-vergine-maria.jpg","width":1000,"height":666,"caption":"nativit\u00e0 della beata vergine maria"},{"@type":"BreadcrumbList","@id":"https:\/\/blog.holyart.it\/it\/articoli-religiosi\/la-nativita-di-maria-quando-e-perche-si-festeggia\/#breadcrumb","itemListElement":[{"@type":"ListItem","position":1,"name":"Homepage","item":"https:\/\/blog.holyart.it\/it\/"},{"@type":"ListItem","position":2,"name":"Religione","item":"https:\/\/blog.holyart.it\/it\/articoli-religiosi\/"},{"@type":"ListItem","position":3,"name":"Nativit\u00e0 della Beata Vergine Maria, quando e perch\u00e8 si festeggia?"}]},{"@type":"WebSite","@id":"https:\/\/blog.holyart.it\/it\/#website","url":"https:\/\/blog.holyart.it\/it\/","name":"Holyblog","description":"Il Blog di Holyart.it","publisher":{"@id":"https:\/\/blog.holyart.it\/it\/#organization"},"potentialAction":[{"@type":"SearchAction","target":{"@type":"EntryPoint","urlTemplate":"https:\/\/blog.holyart.it\/it\/?s={search_term_string}"},"query-input":{"@type":"PropertyValueSpecification","valueRequired":true,"valueName":"search_term_string"}}],"inLanguage":"it-IT"},{"@type":"Organization","@id":"https:\/\/blog.holyart.it\/it\/#organization","name":"Holyblog","url":"https:\/\/blog.holyart.it\/it\/","logo":{"@type":"ImageObject","inLanguage":"it-IT","@id":"https:\/\/blog.holyart.it\/it\/#\/schema\/logo\/image\/","url":"https:\/\/blog.holyart.it\/it\/wp-content\/uploads\/sites\/17\/2022\/12\/Holyart_Blog_Logo.jpg","contentUrl":"https:\/\/blog.holyart.it\/it\/wp-content\/uploads\/sites\/17\/2022\/12\/Holyart_Blog_Logo.jpg","width":300,"height":50,"caption":"Holyblog"},"image":{"@id":"https:\/\/blog.holyart.it\/it\/#\/schema\/logo\/image\/"}},{"@type":"Person","@id":"https:\/\/blog.holyart.it\/it\/#\/schema\/person\/0a7b686e5af0f856ec1e390dd0baecda","name":"Redazione"}]}},"_links":{"self":[{"href":"https:\/\/blog.holyart.it\/it\/wp-json\/wp\/v2\/posts\/10218","targetHints":{"allow":["GET"]}}],"collection":[{"href":"https:\/\/blog.holyart.it\/it\/wp-json\/wp\/v2\/posts"}],"about":[{"href":"https:\/\/blog.holyart.it\/it\/wp-json\/wp\/v2\/types\/post"}],"author":[{"embeddable":true,"href":"https:\/\/blog.holyart.it\/it\/wp-json\/wp\/v2\/users\/1"}],"replies":[{"embeddable":true,"href":"https:\/\/blog.holyart.it\/it\/wp-json\/wp\/v2\/comments?post=10218"}],"version-history":[{"count":1,"href":"https:\/\/blog.holyart.it\/it\/wp-json\/wp\/v2\/posts\/10218\/revisions"}],"predecessor-version":[{"id":18225,"href":"https:\/\/blog.holyart.it\/it\/wp-json\/wp\/v2\/posts\/10218\/revisions\/18225"}],"wp:featuredmedia":[{"embeddable":true,"href":"https:\/\/blog.holyart.it\/it\/wp-json\/wp\/v2\/media\/10252"}],"wp:attachment":[{"href":"https:\/\/blog.holyart.it\/it\/wp-json\/wp\/v2\/media?parent=10218"}],"wp:term":[{"taxonomy":"category","embeddable":true,"href":"https:\/\/blog.holyart.it\/it\/wp-json\/wp\/v2\/categories?post=10218"},{"taxonomy":"post_tag","embeddable":true,"href":"https:\/\/blog.holyart.it\/it\/wp-json\/wp\/v2\/tags?post=10218"}],"curies":[{"name":"wp","href":"https:\/\/api.w.org\/{rel}","templated":true}]}}