{"id":10168,"date":"2020-08-13T17:45:06","date_gmt":"2020-08-13T15:45:06","guid":{"rendered":"https:\/\/blog.holyart.it\/it\/?p=10168"},"modified":"2024-07-18T14:57:27","modified_gmt":"2024-07-18T12:57:27","slug":"lassunzione-di-maria-e-le-celebrazioni-piu-caratteristiche","status":"publish","type":"post","link":"https:\/\/blog.holyart.it\/it\/occasioni-speciali\/lassunzione-di-maria-e-le-celebrazioni-piu-caratteristiche\/","title":{"rendered":"L&#8217;Assunzione di Maria e le celebrazioni pi\u00f9 caratteristiche"},"content":{"rendered":"<h4>Il 15 agosto non \u00e8 solo un&#8217;occasione di festa e gite fuori porta. Si ricorda infatti l&#8217;Assunzione di Maria al cielo. Scopriamo le celebrazioni pi\u00f9 suggestive con cui viene festeggiata questa ricorrenza.<\/h4>\n\n<p>In un articolo di qualche tempo fa avevamo gi\u00e0 parlato diffusamente dell\u2019<strong><a href=\"https:\/\/www.holyart.it\/blog\/articoli-religiosi\/ferragosto-festa-della-madonna\/\">Assunzione di Maria<\/a><\/strong> al cielo, di come essa sia non solo un dogma di fede, ma prima di questo una credenza molto radicata e diffusa nel nostro paese, al punto da aver ispirato nei secoli innumerevoli forme di devozione popolare.<\/p>\n<div class=\"link-article\">\n<p><img loading=\"lazy\" decoding=\"async\" class=\"alignleft size-full wp-image-10170\" src=\"https:\/\/blog.holyart.it\/it\/wp-content\/uploads\/sites\/17\/2020\/08\/assunzione-di-maria-al-cielo.jpg\" alt=\"assunzione-di-maria-al-cielo\" width=\"150\" height=\"99\" data-kale-share-title=\"L\u2019Assunzione di Maria e le celebrazioni pi\u00f9 caratteristiche\" data-kale-share-url=\"https:\/\/blog.holyart.it\/it\/?p=10168\" \/><\/p>\n<div class=\"leggi-anche\">Leggi anche:<\/div>\n<p><strong><a href=\"https:\/\/www.holyart.it\/blog\/articoli-religiosi\/ferragosto-festa-della-madonna\/\">Ferragosto festa della Madonna<\/a><\/strong><br \/>\nOltre a rappresentare il cuore dell\u2019estate, i cristiani considerano Ferragosto festa della Madonna. Di che si tratta?<\/p>\n<\/div>\n<p>Le ragioni dell&#8217;emozione suscitata dall&#8217;Assunzione di Maria Santissima sono facilmente comprensibili, se pensiamo a come Maria si sia imposta fin dall&#8217;antichit\u00e0 come ricettacolo della dedizione, dell&#8217;affetto e delle preghiere di uomini e donne di ogni estrazione e classe sociale.<\/p>\n<p>\u00c8 probabilmente la sua dimensione di <a href=\"https:\/\/www.holyart.it\/blog\/santi-e-beati\/1-gennaio-maria-santissima-madre-dio\/\"><strong>Madre misericordiosa<\/strong><\/a>, che garantisce per gli uomini intercedendo per loro presso Dio Padre onnipotente, a meritarle tanta simpatia e sollecitudine.<\/p>\n<p>Ma come \u00e8 assunta al cielo Maria? E perch\u00e9?<\/p>\n<p>Tutte le anime dei santi sono ascese al Paradiso, secondo la religione cristiana, spesso scortate da schiere di angeli. Esistono innumerevoli rappresentazioni artistiche che mostrano questo evento.<br \/>\nMa per Maria Vergine si \u00e8 trattato di qualcosa di completamente diverso. Lei \u00e8 ascesa al Cielo <strong>non solo come anima, ma anche col proprio corpo<\/strong>.<\/p>\n<p>Proprio come avvenne per Ges\u00f9, suo figlio, che con l&#8217;<strong>Ascensione<\/strong> raggiunse il Suo Padre Celeste con il proprio corpo e il proprio spirito, cos\u00ec anche Maria assunta ebbe il privilegio, unica tra le donne e gli uomini, di salire in Paradiso senza lasciare le proprie spoglie mortali. Ed \u00e8 cos\u00ec che ci attende nel Regno dei Cieli, questa <strong>Madre dolcissima<\/strong>, con anima e corpo protesi verso i suoi figli, per abbracciarli, consolarli, avvolgerli come solo una mamma sa fare.<\/p>\n<p>Le ragioni dell<strong>&#8216;<a href=\"https:\/\/www.holyart.it\/it\/articoli-religiosi\/statue\/statue-in-resina-e-pvc\/assunzione-maria-angeli-statua-resina-18x12x6-cm\">Assunzione di Maria Vergine<\/a><\/strong> in anima e corpo sono facili da intuire. Non solo ella fu la <strong>madre di Dio incarnato<\/strong>, scelta tra tutte le donne per portare in grembo e nel cuore il Salvatore. Ma molto prima dell&#8217;Annunciazione, Dio l\u2019aveva gi\u00e0 scelta e predestinata al suo destino, facendola <strong>nascere senza peccato, <\/strong>secondo il dogma dell&#8217;Immacolata Concezione, e successivamente facendo in modo che concepisse Ges\u00f9 rimanendo vergine, come ci ricorda il dogma della <strong>verginit\u00e0 perpetua di Maria<\/strong>.<\/p>\n<div class=\"link-product\">\n<div class=\"blocco-immagine\"><img loading=\"lazy\" decoding=\"async\" class=\"alignnone size-full wp-image-10171\" src=\"https:\/\/blog.holyart.it\/it\/wp-content\/uploads\/sites\/17\/2020\/08\/assunzione-maria-angeli-statua-resina-18x12x6-cm.jpg\" alt=\"assunzione-maria-angeli-statua-resina-18x12x6-cm\" width=\"100\" height=\"100\" data-kale-share-title=\"L\u2019Assunzione di Maria e le celebrazioni pi\u00f9 caratteristiche\" data-kale-share-url=\"https:\/\/blog.holyart.it\/it\/?p=10168\" \/><\/div>\n<div class=\"blocco-contenuto\">\n<div class=\"blocco-acquista\">Acquista su Holyart:<\/div>\n<div class=\"blocco-titolo\"><a href=\"https:\/\/www.holyart.it\/it\/articoli-religiosi\/statue\/statue-in-resina-e-pvc\/assunzione-maria-angeli-statua-resina-18x12x6-cm\">Assunzione Maria con angeli <\/a><\/div>\n<div class=\"blocco-descrizione\">La statua, che misura 18x12x6,4 cm, \u00e8 realizzata in resina<\/div>\n<\/div>\n<\/div>\n<p>L&#8217;Assunzione \u00e8 dunque un <strong>premio<\/strong> che Dio ha voluto concedere a Maria per il suo sacrificio e la sua devozione. Ma si tratta anche di una promessa di salvezza per tutti gli uomini, poich\u00e9 Maria fu la prima a godere della<strong> resurrezione della carne<\/strong>, promessa a tutti gli uomini quando giunger\u00e0 la fine dei tempi.<\/p>\n<p>Ma ora vediamo insieme le principali <strong>tradizioni e celebrazioni <\/strong>legate alla commemorazione dell&#8217;Assunzione di Maria.<\/p>\n<h2>Feste e celebrazioni per l&#8217;Assunzione di Maria<\/h2>\n<p>L&#8217;Assunzione di Maria \u00e8 una <strong>festa di precetto<\/strong>, ovvero un giorno in cui i fedeli sono tenuti a sospendere tutte le attivit\u00e0 abituali, il lavoro e gli affari, e a partecipare alla Messa.<\/p>\n<p>In Italia, terra di grandiose <strong><a href=\"https:\/\/www.holyart.it\/blog\/articoli-religiosi\/le-feste-patronali-piu-belle-del-sud-italia\/\">feste patronali<\/a><\/strong>, le cui tradizioni si tramandano da secoli, moltissime celebrazioni sono dedicate alla Madonna Assunta.<\/p>\n<div class=\"link-article\">\n<p><img loading=\"lazy\" decoding=\"async\" class=\"alignleft size-full wp-image-10172\" src=\"https:\/\/blog.holyart.it\/it\/wp-content\/uploads\/sites\/17\/2020\/08\/feste-patronali.jpg\" alt=\"feste-patronali\" width=\"150\" height=\"99\" data-kale-share-title=\"L\u2019Assunzione di Maria e le celebrazioni pi\u00f9 caratteristiche\" data-kale-share-url=\"https:\/\/blog.holyart.it\/it\/?p=10168\" \/><\/p>\n<div class=\"leggi-anche\">Leggi anche:<\/div>\n<p><strong><a href=\"https:\/\/www.holyart.it\/blog\/articoli-religiosi\/le-feste-patronali-piu-belle-del-sud-italia\/\">Le feste patronali pi\u00f9 belle del Sud Italia<\/a><\/strong><br \/>\nLe feste patronali sono una tradizione molto importante nel nostro paes. Scopriamo insieme questa particolare forma di devozione popolare.<\/p>\n<\/div>\n<h3>La Processione dell&#8217;Inchinata a Tivoli<\/h3>\n<p>Ogni anno a <strong>Tivoli<\/strong>, tra la sera del 14 agosto e il giorno successivo, si svolge la <strong>Processione dell\u2019Inchinata<\/strong>, in onore dell\u2019Assunzione della Vergine. Si tratta di una festa molto antica, gi\u00e0 celebrata nell&#8217;Alto Medioevo, e che si rif\u00e0 alle processioni pagane durante le quali i romani portavano in giro per la citt\u00e0 le immagini dei loro dei (<em>teoforie<\/em>). La Processione dell\u2019Inchinata risale probabilmente al XIII secolo, ed \u00e8 legata alla presenza in citt\u00e0 di una comunit\u00e0 di francescani che abitavano presso Santa Maria Maggiore e che\u00a0nelle giornate del 14 e 15 agosto rendevano omaggio all&#8217;icona della <a href=\"https:\/\/www.holyart.it\/it\/articoli-religiosi\/arazzi\/arazzo-beata-vergine-delle-grazie-40x30-cm\"><strong>Beata Madonna delle Grazie<\/strong><\/a> qui custodita.<\/p>\n<div class=\"link-product\">\n<div class=\"blocco-immagine\"><img loading=\"lazy\" decoding=\"async\" class=\"alignnone size-full wp-image-10174\" src=\"https:\/\/blog.holyart.it\/it\/wp-content\/uploads\/sites\/17\/2020\/08\/arazzo-beata-vergine-delle-grazie-40x30-cm.jpg\" alt=\"arazzo-beata-vergine-delle-grazie-40x30-cm\" width=\"100\" height=\"100\" data-kale-share-title=\"L\u2019Assunzione di Maria e le celebrazioni pi\u00f9 caratteristiche\" data-kale-share-url=\"https:\/\/blog.holyart.it\/it\/?p=10168\" \/><\/div>\n<div class=\"blocco-contenuto\">\n<div class=\"blocco-acquista\">Acquista su Holyart:<\/div>\n<div class=\"blocco-titolo\"><a href=\"https:\/\/www.holyart.it\/it\/articoli-religiosi\/arazzi\/arazzo-beata-vergine-delle-grazie-40x30-cm\">Arazzo Beata Vergine delle Grazie<\/a><\/div>\n<div class=\"blocco-descrizione\">Arazzo in tessuto jacquard rifinito a mano<\/div>\n<\/div>\n<\/div>\n<p>In occasione della Processione dell\u2019Inchinata l\u2019immagine del <strong><a href=\"https:\/\/www.holyart.it\/it\/articoli-religiosi\/icone-sacre\/icone-argento-e-oro-con-riza\/icona-cristo-pantocratore\">SS. Salvatore<\/a><\/strong> conservata nel Duomo viene portata in processione per le vie della citt\u00e0. Giunti al Ponte Gregoriano un sacerdote benedice il fiume Aniene e getta nelle sue acque un lume che rappresenta la fede in Dio.<\/p>\n<p>Un&#8217;altra tappa prevede che il priore della Confraternita del Salvatore si fermi a baciare la soglia dell&#8217;ospedale.\u00a0Quando l&#8217;immagine del Salvatore raggiunge Piazza Trento si unisce a quella della Madonna delle Grazie.<\/p>\n<p>Entrambe le immagini vengono portate con solennit\u00e0 dentro la chiesa di Santa Maria Maggiore e poste una di fronte all&#8217;altra, perch\u00e9 possano &#8216;parlarsi&#8217; per tutta la notte.<\/p>\n<p>Il mattino dopo, giorno dell&#8217;Assunzione, le due immagini vengono di nuovo portate fuori e separate. Il Salvatore viene riportato in Duomo con una nuova processione a cui prendono parte tutte le Confraternite cittadine e i rappresentati delle Arti e dei mestieri.<\/p>\n<h3>La Vara di Randazzo<\/h3>\n<p>A <strong>Randazzo<\/strong>, piccolo comune in provincia di Siracusa, i festeggiamenti per l&#8217;Assunzione di Maria cominciano a mezzanotte del 15 agosto, quando inizia la <strong>Processione della Vara<\/strong>. La Vara \u00e8 un antico e grande carro allegorico votivo risalente al XVI secolo. \u00c8 alto circa 15 metri, composto da diversi piani sovrapposti che ruotano intorno a un\u2019asse centrale.<\/p>\n<p>Ogni piano corrisponde a un <a href=\"https:\/\/www.holyart.it\/it\/articoli-religiosi\/icone-sacre\/icone-grecia-dipinte-e-serigrafate\/icona-misteri-della-vita-di-maria-30x40\"><strong>mistero mariano<\/strong>,<\/a> ovvero alla morte, all&#8217;Assunzione e all&#8217;incoronazione di Maria, rappresentati su una tavola realizzata nel 1548 da Giovanni Caniglia e custodita nella Cappella del Santissimo Crocifisso nella chiesa di Santa Maria.<\/p>\n<div class=\"link-product\">\n<div class=\"blocco-immagine\"><img loading=\"lazy\" decoding=\"async\" class=\"alignnone size-full wp-image-10175\" src=\"https:\/\/blog.holyart.it\/it\/wp-content\/uploads\/sites\/17\/2020\/08\/icona-misteri-della-vita-di-maria-30x40.jpg\" alt=\"icona-misteri-della-vita-di-maria-30x40\" width=\"100\" height=\"100\" data-kale-share-title=\"L\u2019Assunzione di Maria e le celebrazioni pi\u00f9 caratteristiche\" data-kale-share-url=\"https:\/\/blog.holyart.it\/it\/?p=10168\" \/><\/div>\n<div class=\"blocco-contenuto\">\n<div class=\"blocco-acquista\">Acquista su Holyart:<\/div>\n<div class=\"blocco-titolo\"><a href=\"https:\/\/www.holyart.it\/it\/articoli-religiosi\/icone-sacre\/icone-grecia-dipinte-e-serigrafate\/icona-misteri-della-vita-di-maria-30x40\">Icona Misteri della vita di Maria 30&#215;40<\/a><\/div>\n<div class=\"blocco-descrizione\">Icona greca serigrafata al centro la Vergine con il Bambino<\/div>\n<\/div>\n<\/div>\n<p>Una trentina di bambini vengono fatti salire sulla Vara, a simboleggiare i diversi misteri, e cantano inni a dedicati alla Vergine, mentre i fedeli trasportano il grande carro in processione per la citt\u00e0.\u00a0La Processione della Vara nasce nel XVI secolo quando re Giovanni d&#8217;Aragona introduce la Fiera Franca, che si teneva per nove giorni a cavallo del 15 agosto e comprendeva anche un grande palio.<\/p>\n<p>Anche a <strong>Messina<\/strong> una Vara alta 13 m viene portata per le vie della citt\u00e0 da 1500 uomini scalzi e vestiti di bianco.<\/p>\n<h3>Feste per l&#8217;Assunzione di Maria in Sardegna<\/h3>\n<p>A <strong>Siniscola<\/strong>, in Sardegna, la <strong>Processione per l&#8217;Assunzione di Maria <\/strong>avviene sul mare. Mentre in tutte le parrocchie si celebra Maria Assunta, la statua della Madonna viene portata dalla chiesa principale fino alla spiaggia detta La Caletta e caricata su un&#8217;imbarcazione che si pone alla guida di una processione marittima. Alla processione in mare se ne aggiunge una attraverso le strade della cittadina. Una statua della Vergine viene portata in giro e poi posizionata in una maestosa struttura di legno, dove viene omaggiata dai fedeli con fiori e offerte.<\/p>\n<p>A <strong>Sassari<\/strong> il 14 agosto si celebrano i festeggiamenti per Maria Santissima Assunta. Questa festa \u00e8 stata dichiarata <strong>Patrimonio Immateriale dell\u2019Umanit\u00e0 dall\u2019Unesco<\/strong> nel 2013 e risponde al suggestivo nome di <strong>Faradda di li candareri<\/strong> o <strong>Faradda<\/strong>, <em>Discesa dei candelieri.<\/em><\/p>\n<p><img loading=\"lazy\" decoding=\"async\" class=\"size-full wp-image-10176 aligncenter\" src=\"https:\/\/blog.holyart.it\/it\/wp-content\/uploads\/sites\/17\/2020\/08\/Fradda.jpg\" alt=\"Fradda\" width=\"718\" height=\"445\" data-kale-share-title=\"L\u2019Assunzione di Maria e le celebrazioni pi\u00f9 caratteristiche\" data-kale-share-url=\"https:\/\/blog.holyart.it\/it\/?p=10168\" \/><\/p>\n<p>La sera del 14 agosto i rappresentanti dei vari ceti di mestiere trasportano sulle spalle in giro per la citt\u00e0 i <strong>candelieri<\/strong>, ovvero delle grandi colonne di legno che simboleggiano dei ceri. La festa richiama migliaia di persone da ogni parte del mondo ed \u00e8 una delle pi\u00f9 importanti tra quelle delle grandi macchine a spalla.<\/p>\n<p>Il movimento dei trasportatori fa girare i ceri, come in una danza, coinvolgendo anche tutti gli altri partecipanti alla processione, che afferrano i lunghi nastri che pendono dalle strutture.<\/p>\n<h3>Processione di Sora<\/h3>\n<p>Anche a <strong>Sora<\/strong>, in Lazio, ci sono dei Portatori, circa sessanta, che con indosso una divisa bianca e celeste percorrono la citt\u00e0 portando una colonna in metallo alta circa 16 metri, alla sommit\u00e0 della quale \u00e8 posta la statua della Vergine. La base della struttura \u00e8 adornata con rose blu benedette per l&#8217;occasione.<\/p>\n<p>Nella chiesa di San Domenico Abate si svolgono vari riti, tra cui una processione serale della statua della <strong>Vergine Dormiente<\/strong>, distesa su una portantina. I festeggiamenti continuano fino alla festa di San Domenico (21 e 22 agosto).<\/p>\n<h3>Processione marittima a Santa Maria di Leuca<\/h3>\n<p>A <strong>Santa Maria di Leuca<\/strong>, in provincia di Lecce, il 15 agosto ha luogo una solenne processione attraverso le vie della citt\u00e0. <strong><a href=\"https:\/\/www.holyart.it\/it\/articoli-religiosi\/statue\/statue-in-polvere-di-marmo-di-carrara\/beata-vergine-assunta-marmo-sintetico-bianco-35-55-cm\">La statua di Maria Assunta<\/a><\/strong> viene portata in processione fino al porto, dove viene imbarcata su una paranza di pescatori, estratta a sorte e addobbata per l&#8217;occasione. La processione continua in mare con tutte le navi dei pescatori e barche di ogni tipo.<\/p>\n<div class=\"link-product\">\n<div class=\"blocco-immagine\"><img loading=\"lazy\" decoding=\"async\" class=\"alignnone size-full wp-image-10177\" src=\"https:\/\/blog.holyart.it\/it\/wp-content\/uploads\/sites\/17\/2020\/08\/beata-vergine-assunta-marmo-sintetico-bianco-35-55-cm.jpg\" alt=\"beata-vergine-assunta-marmo-sintetico-bianco-35-55-cm\" width=\"100\" height=\"100\" data-kale-share-title=\"L\u2019Assunzione di Maria e le celebrazioni pi\u00f9 caratteristiche\" data-kale-share-url=\"https:\/\/blog.holyart.it\/it\/?p=10168\" \/><\/div>\n<div class=\"blocco-contenuto\">\n<div class=\"blocco-acquista\">Acquista su Holyart:<\/div>\n<div class=\"blocco-titolo\"><a href=\"https:\/\/www.holyart.it\/it\/articoli-religiosi\/statue\/statue-in-polvere-di-marmo-di-carrara\/beata-vergine-assunta-marmo-sintetico-bianco-35-55-cm\">Beata Vergine Assunta marmo sintetico bianco<\/a><\/div>\n<div class=\"blocco-descrizione\">Statua finemente lavorata in ogni minimo particolare.<\/div>\n<\/div>\n<\/div>\n<p>Arrivati alla marina di San Gregorio, si ritorna a Leuca per ricollocare la statua al suo posto. La sera si festeggia fino a tardi, e a mezzanotte il cielo viene rischiarato dal bagliore dei fuochi d&#8217;artificio.<\/p>\n<h3>Madonnina del Mare e fuochi di Ferragosto<\/h3>\n<p>Anche a <strong>Silvi<\/strong>, in provincia di Teramo, l&#8217;Assunzione della Madonna viene celebrata con una processione di barche sul mare. La <strong>Madonnina del mare <\/strong>viene presa dalla chiesa dell\u2019Assunta, caricata su una motovedetta della Guardia Costiera e poi su un peschereccio. La processione di imbarcazioni si snoda lungo il litorale dalla Torre di Cerrano fino alla foce del fiume Piomba.<br \/>\nA mezzanotte i fuochi d\u2019artificio in mare richiamano migliaia di persone.<\/p>\n<p>In provincia di Livorno, a <strong>Marina di Cecina<\/strong>, la statua della Madonna col Bambino, custodita nella Chiesa di Sant&#8217;Andrea a Marina di Cecina, viene condotta al mare alla presenza del Vescovo di Volterra con una processione da terra che poi diventa processione sul mare.<\/p>\n<p>&nbsp;<\/p>\n","protected":false},"excerpt":{"rendered":"<p>Il 15 agosto non \u00e8 solo un&#8217;occasione di festa e gite fuori porta. Si ricorda infatti l&#8217;Assunzione di Maria al cielo. Scopriamo le celebrazioni pi\u00f9 suggestive con cui viene festeggiata questa ricorrenza. In un articolo di qualche tempo fa avevamo gi\u00e0 parlato diffusamente dell\u2019Assunzione di&hellip;<\/p>\n","protected":false},"author":1,"featured_media":10179,"comment_status":"closed","ping_status":"open","sticky":false,"template":"","format":"standard","meta":{"_acf_changed":false,"footnotes":""},"categories":[20,16],"tags":[],"class_list":["post-10168","post","type-post","status-publish","format-standard","has-post-thumbnail","hentry","category-occasioni-speciali","category-articoli-religiosi"],"acf":[],"yoast_head":"<!-- This site is optimized with the Yoast SEO plugin v26.6 - https:\/\/yoast.com\/wordpress\/plugins\/seo\/ -->\n<title>L&#039;Assunzione di Maria e le celebrazioni pi\u00f9 caratteristiche - Holyblog<\/title>\n<meta name=\"description\" content=\"Il 15 agosto si ricorda l&#039;Assunzione di Maria al cielo. Scopriamo le celebrazioni pi\u00f9 suggestive con cui viene festeggiata questa ricorrenza...\" \/>\n<meta name=\"robots\" content=\"index, follow, max-snippet:-1, max-image-preview:large, max-video-preview:-1\" \/>\n<link rel=\"canonical\" href=\"https:\/\/blog.holyart.it\/it\/occasioni-speciali\/lassunzione-di-maria-e-le-celebrazioni-piu-caratteristiche\/\" \/>\n<meta property=\"og:locale\" content=\"it_IT\" \/>\n<meta property=\"og:type\" content=\"article\" \/>\n<meta property=\"og:title\" content=\"L&#039;Assunzione di Maria e le celebrazioni pi\u00f9 caratteristiche - Holyblog\" \/>\n<meta property=\"og:description\" content=\"Il 15 agosto si ricorda l&#039;Assunzione di Maria al cielo. Scopriamo le celebrazioni pi\u00f9 suggestive con cui viene festeggiata questa ricorrenza...\" \/>\n<meta property=\"og:url\" content=\"https:\/\/blog.holyart.it\/it\/occasioni-speciali\/lassunzione-di-maria-e-le-celebrazioni-piu-caratteristiche\/\" \/>\n<meta property=\"og:site_name\" content=\"Holyblog\" \/>\n<meta property=\"article:published_time\" content=\"2020-08-13T15:45:06+00:00\" \/>\n<meta property=\"article:modified_time\" content=\"2024-07-18T12:57:27+00:00\" \/>\n<meta property=\"og:image\" content=\"https:\/\/blog.holyart.it\/it\/wp-content\/uploads\/sites\/17\/2020\/08\/Asunzione-della-vergine-maria.jpg\" \/>\n\t<meta property=\"og:image:width\" content=\"1000\" \/>\n\t<meta property=\"og:image:height\" content=\"666\" \/>\n\t<meta property=\"og:image:type\" content=\"image\/jpeg\" \/>\n<meta name=\"author\" content=\"Redazione\" \/>\n<meta name=\"twitter:card\" content=\"summary_large_image\" \/>\n<meta name=\"twitter:label1\" content=\"Scritto da\" \/>\n\t<meta name=\"twitter:data1\" content=\"Redazione\" \/>\n\t<meta name=\"twitter:label2\" content=\"Tempo di lettura stimato\" \/>\n\t<meta name=\"twitter:data2\" content=\"11 minuti\" \/>\n<script type=\"application\/ld+json\" class=\"yoast-schema-graph\">{\"@context\":\"https:\/\/schema.org\",\"@graph\":[{\"@type\":\"Article\",\"@id\":\"https:\/\/blog.holyart.it\/it\/occasioni-speciali\/lassunzione-di-maria-e-le-celebrazioni-piu-caratteristiche\/#article\",\"isPartOf\":{\"@id\":\"https:\/\/blog.holyart.it\/it\/occasioni-speciali\/lassunzione-di-maria-e-le-celebrazioni-piu-caratteristiche\/\"},\"author\":{\"name\":\"Redazione\",\"@id\":\"https:\/\/blog.holyart.it\/it\/#\/schema\/person\/0a7b686e5af0f856ec1e390dd0baecda\"},\"headline\":\"L&#8217;Assunzione di Maria e le celebrazioni pi\u00f9 caratteristiche\",\"datePublished\":\"2020-08-13T15:45:06+00:00\",\"dateModified\":\"2024-07-18T12:57:27+00:00\",\"mainEntityOfPage\":{\"@id\":\"https:\/\/blog.holyart.it\/it\/occasioni-speciali\/lassunzione-di-maria-e-le-celebrazioni-piu-caratteristiche\/\"},\"wordCount\":1591,\"publisher\":{\"@id\":\"https:\/\/blog.holyart.it\/it\/#organization\"},\"image\":{\"@id\":\"https:\/\/blog.holyart.it\/it\/occasioni-speciali\/lassunzione-di-maria-e-le-celebrazioni-piu-caratteristiche\/#primaryimage\"},\"thumbnailUrl\":\"https:\/\/blog.holyart.it\/it\/wp-content\/uploads\/sites\/17\/2020\/08\/Asunzione-della-vergine-maria.jpg\",\"articleSection\":[\"Occasioni speciali\",\"Religione\"],\"inLanguage\":\"it-IT\"},{\"@type\":\"WebPage\",\"@id\":\"https:\/\/blog.holyart.it\/it\/occasioni-speciali\/lassunzione-di-maria-e-le-celebrazioni-piu-caratteristiche\/\",\"url\":\"https:\/\/blog.holyart.it\/it\/occasioni-speciali\/lassunzione-di-maria-e-le-celebrazioni-piu-caratteristiche\/\",\"name\":\"L'Assunzione di Maria e le celebrazioni pi\u00f9 caratteristiche - Holyblog\",\"isPartOf\":{\"@id\":\"https:\/\/blog.holyart.it\/it\/#website\"},\"primaryImageOfPage\":{\"@id\":\"https:\/\/blog.holyart.it\/it\/occasioni-speciali\/lassunzione-di-maria-e-le-celebrazioni-piu-caratteristiche\/#primaryimage\"},\"image\":{\"@id\":\"https:\/\/blog.holyart.it\/it\/occasioni-speciali\/lassunzione-di-maria-e-le-celebrazioni-piu-caratteristiche\/#primaryimage\"},\"thumbnailUrl\":\"https:\/\/blog.holyart.it\/it\/wp-content\/uploads\/sites\/17\/2020\/08\/Asunzione-della-vergine-maria.jpg\",\"datePublished\":\"2020-08-13T15:45:06+00:00\",\"dateModified\":\"2024-07-18T12:57:27+00:00\",\"description\":\"Il 15 agosto si ricorda l'Assunzione di Maria al cielo. Scopriamo le celebrazioni pi\u00f9 suggestive con cui viene festeggiata questa ricorrenza...\",\"breadcrumb\":{\"@id\":\"https:\/\/blog.holyart.it\/it\/occasioni-speciali\/lassunzione-di-maria-e-le-celebrazioni-piu-caratteristiche\/#breadcrumb\"},\"inLanguage\":\"it-IT\",\"potentialAction\":[{\"@type\":\"ReadAction\",\"target\":[\"https:\/\/blog.holyart.it\/it\/occasioni-speciali\/lassunzione-di-maria-e-le-celebrazioni-piu-caratteristiche\/\"]}]},{\"@type\":\"ImageObject\",\"inLanguage\":\"it-IT\",\"@id\":\"https:\/\/blog.holyart.it\/it\/occasioni-speciali\/lassunzione-di-maria-e-le-celebrazioni-piu-caratteristiche\/#primaryimage\",\"url\":\"https:\/\/blog.holyart.it\/it\/wp-content\/uploads\/sites\/17\/2020\/08\/Asunzione-della-vergine-maria.jpg\",\"contentUrl\":\"https:\/\/blog.holyart.it\/it\/wp-content\/uploads\/sites\/17\/2020\/08\/Asunzione-della-vergine-maria.jpg\",\"width\":1000,\"height\":666,\"caption\":\"Asunzione della vergine maria\"},{\"@type\":\"BreadcrumbList\",\"@id\":\"https:\/\/blog.holyart.it\/it\/occasioni-speciali\/lassunzione-di-maria-e-le-celebrazioni-piu-caratteristiche\/#breadcrumb\",\"itemListElement\":[{\"@type\":\"ListItem\",\"position\":1,\"name\":\"Homepage\",\"item\":\"https:\/\/blog.holyart.it\/it\/\"},{\"@type\":\"ListItem\",\"position\":2,\"name\":\"Occasioni speciali\",\"item\":\"https:\/\/blog.holyart.it\/it\/occasioni-speciali\/\"},{\"@type\":\"ListItem\",\"position\":3,\"name\":\"L&#8217;Assunzione di Maria e le celebrazioni pi\u00f9 caratteristiche\"}]},{\"@type\":\"WebSite\",\"@id\":\"https:\/\/blog.holyart.it\/it\/#website\",\"url\":\"https:\/\/blog.holyart.it\/it\/\",\"name\":\"Holyblog\",\"description\":\"Il Blog di Holyart.it\",\"publisher\":{\"@id\":\"https:\/\/blog.holyart.it\/it\/#organization\"},\"potentialAction\":[{\"@type\":\"SearchAction\",\"target\":{\"@type\":\"EntryPoint\",\"urlTemplate\":\"https:\/\/blog.holyart.it\/it\/?s={search_term_string}\"},\"query-input\":{\"@type\":\"PropertyValueSpecification\",\"valueRequired\":true,\"valueName\":\"search_term_string\"}}],\"inLanguage\":\"it-IT\"},{\"@type\":\"Organization\",\"@id\":\"https:\/\/blog.holyart.it\/it\/#organization\",\"name\":\"Holyblog\",\"url\":\"https:\/\/blog.holyart.it\/it\/\",\"logo\":{\"@type\":\"ImageObject\",\"inLanguage\":\"it-IT\",\"@id\":\"https:\/\/blog.holyart.it\/it\/#\/schema\/logo\/image\/\",\"url\":\"https:\/\/blog.holyart.it\/it\/wp-content\/uploads\/sites\/17\/2022\/12\/Holyart_Blog_Logo.jpg\",\"contentUrl\":\"https:\/\/blog.holyart.it\/it\/wp-content\/uploads\/sites\/17\/2022\/12\/Holyart_Blog_Logo.jpg\",\"width\":300,\"height\":50,\"caption\":\"Holyblog\"},\"image\":{\"@id\":\"https:\/\/blog.holyart.it\/it\/#\/schema\/logo\/image\/\"}},{\"@type\":\"Person\",\"@id\":\"https:\/\/blog.holyart.it\/it\/#\/schema\/person\/0a7b686e5af0f856ec1e390dd0baecda\",\"name\":\"Redazione\"}]}<\/script>\n<!-- \/ Yoast SEO plugin. -->","yoast_head_json":{"title":"L'Assunzione di Maria e le celebrazioni pi\u00f9 caratteristiche - Holyblog","description":"Il 15 agosto si ricorda l'Assunzione di Maria al cielo. Scopriamo le celebrazioni pi\u00f9 suggestive con cui viene festeggiata questa ricorrenza...","robots":{"index":"index","follow":"follow","max-snippet":"max-snippet:-1","max-image-preview":"max-image-preview:large","max-video-preview":"max-video-preview:-1"},"canonical":"https:\/\/blog.holyart.it\/it\/occasioni-speciali\/lassunzione-di-maria-e-le-celebrazioni-piu-caratteristiche\/","og_locale":"it_IT","og_type":"article","og_title":"L'Assunzione di Maria e le celebrazioni pi\u00f9 caratteristiche - Holyblog","og_description":"Il 15 agosto si ricorda l'Assunzione di Maria al cielo. Scopriamo le celebrazioni pi\u00f9 suggestive con cui viene festeggiata questa ricorrenza...","og_url":"https:\/\/blog.holyart.it\/it\/occasioni-speciali\/lassunzione-di-maria-e-le-celebrazioni-piu-caratteristiche\/","og_site_name":"Holyblog","article_published_time":"2020-08-13T15:45:06+00:00","article_modified_time":"2024-07-18T12:57:27+00:00","og_image":[{"width":1000,"height":666,"url":"https:\/\/blog.holyart.it\/it\/wp-content\/uploads\/sites\/17\/2020\/08\/Asunzione-della-vergine-maria.jpg","type":"image\/jpeg"}],"author":"Redazione","twitter_card":"summary_large_image","twitter_misc":{"Scritto da":"Redazione","Tempo di lettura stimato":"11 minuti"},"schema":{"@context":"https:\/\/schema.org","@graph":[{"@type":"Article","@id":"https:\/\/blog.holyart.it\/it\/occasioni-speciali\/lassunzione-di-maria-e-le-celebrazioni-piu-caratteristiche\/#article","isPartOf":{"@id":"https:\/\/blog.holyart.it\/it\/occasioni-speciali\/lassunzione-di-maria-e-le-celebrazioni-piu-caratteristiche\/"},"author":{"name":"Redazione","@id":"https:\/\/blog.holyart.it\/it\/#\/schema\/person\/0a7b686e5af0f856ec1e390dd0baecda"},"headline":"L&#8217;Assunzione di Maria e le celebrazioni pi\u00f9 caratteristiche","datePublished":"2020-08-13T15:45:06+00:00","dateModified":"2024-07-18T12:57:27+00:00","mainEntityOfPage":{"@id":"https:\/\/blog.holyart.it\/it\/occasioni-speciali\/lassunzione-di-maria-e-le-celebrazioni-piu-caratteristiche\/"},"wordCount":1591,"publisher":{"@id":"https:\/\/blog.holyart.it\/it\/#organization"},"image":{"@id":"https:\/\/blog.holyart.it\/it\/occasioni-speciali\/lassunzione-di-maria-e-le-celebrazioni-piu-caratteristiche\/#primaryimage"},"thumbnailUrl":"https:\/\/blog.holyart.it\/it\/wp-content\/uploads\/sites\/17\/2020\/08\/Asunzione-della-vergine-maria.jpg","articleSection":["Occasioni speciali","Religione"],"inLanguage":"it-IT"},{"@type":"WebPage","@id":"https:\/\/blog.holyart.it\/it\/occasioni-speciali\/lassunzione-di-maria-e-le-celebrazioni-piu-caratteristiche\/","url":"https:\/\/blog.holyart.it\/it\/occasioni-speciali\/lassunzione-di-maria-e-le-celebrazioni-piu-caratteristiche\/","name":"L'Assunzione di Maria e le celebrazioni pi\u00f9 caratteristiche - Holyblog","isPartOf":{"@id":"https:\/\/blog.holyart.it\/it\/#website"},"primaryImageOfPage":{"@id":"https:\/\/blog.holyart.it\/it\/occasioni-speciali\/lassunzione-di-maria-e-le-celebrazioni-piu-caratteristiche\/#primaryimage"},"image":{"@id":"https:\/\/blog.holyart.it\/it\/occasioni-speciali\/lassunzione-di-maria-e-le-celebrazioni-piu-caratteristiche\/#primaryimage"},"thumbnailUrl":"https:\/\/blog.holyart.it\/it\/wp-content\/uploads\/sites\/17\/2020\/08\/Asunzione-della-vergine-maria.jpg","datePublished":"2020-08-13T15:45:06+00:00","dateModified":"2024-07-18T12:57:27+00:00","description":"Il 15 agosto si ricorda l'Assunzione di Maria al cielo. Scopriamo le celebrazioni pi\u00f9 suggestive con cui viene festeggiata questa ricorrenza...","breadcrumb":{"@id":"https:\/\/blog.holyart.it\/it\/occasioni-speciali\/lassunzione-di-maria-e-le-celebrazioni-piu-caratteristiche\/#breadcrumb"},"inLanguage":"it-IT","potentialAction":[{"@type":"ReadAction","target":["https:\/\/blog.holyart.it\/it\/occasioni-speciali\/lassunzione-di-maria-e-le-celebrazioni-piu-caratteristiche\/"]}]},{"@type":"ImageObject","inLanguage":"it-IT","@id":"https:\/\/blog.holyart.it\/it\/occasioni-speciali\/lassunzione-di-maria-e-le-celebrazioni-piu-caratteristiche\/#primaryimage","url":"https:\/\/blog.holyart.it\/it\/wp-content\/uploads\/sites\/17\/2020\/08\/Asunzione-della-vergine-maria.jpg","contentUrl":"https:\/\/blog.holyart.it\/it\/wp-content\/uploads\/sites\/17\/2020\/08\/Asunzione-della-vergine-maria.jpg","width":1000,"height":666,"caption":"Asunzione della vergine maria"},{"@type":"BreadcrumbList","@id":"https:\/\/blog.holyart.it\/it\/occasioni-speciali\/lassunzione-di-maria-e-le-celebrazioni-piu-caratteristiche\/#breadcrumb","itemListElement":[{"@type":"ListItem","position":1,"name":"Homepage","item":"https:\/\/blog.holyart.it\/it\/"},{"@type":"ListItem","position":2,"name":"Occasioni speciali","item":"https:\/\/blog.holyart.it\/it\/occasioni-speciali\/"},{"@type":"ListItem","position":3,"name":"L&#8217;Assunzione di Maria e le celebrazioni pi\u00f9 caratteristiche"}]},{"@type":"WebSite","@id":"https:\/\/blog.holyart.it\/it\/#website","url":"https:\/\/blog.holyart.it\/it\/","name":"Holyblog","description":"Il Blog di Holyart.it","publisher":{"@id":"https:\/\/blog.holyart.it\/it\/#organization"},"potentialAction":[{"@type":"SearchAction","target":{"@type":"EntryPoint","urlTemplate":"https:\/\/blog.holyart.it\/it\/?s={search_term_string}"},"query-input":{"@type":"PropertyValueSpecification","valueRequired":true,"valueName":"search_term_string"}}],"inLanguage":"it-IT"},{"@type":"Organization","@id":"https:\/\/blog.holyart.it\/it\/#organization","name":"Holyblog","url":"https:\/\/blog.holyart.it\/it\/","logo":{"@type":"ImageObject","inLanguage":"it-IT","@id":"https:\/\/blog.holyart.it\/it\/#\/schema\/logo\/image\/","url":"https:\/\/blog.holyart.it\/it\/wp-content\/uploads\/sites\/17\/2022\/12\/Holyart_Blog_Logo.jpg","contentUrl":"https:\/\/blog.holyart.it\/it\/wp-content\/uploads\/sites\/17\/2022\/12\/Holyart_Blog_Logo.jpg","width":300,"height":50,"caption":"Holyblog"},"image":{"@id":"https:\/\/blog.holyart.it\/it\/#\/schema\/logo\/image\/"}},{"@type":"Person","@id":"https:\/\/blog.holyart.it\/it\/#\/schema\/person\/0a7b686e5af0f856ec1e390dd0baecda","name":"Redazione"}]}},"_links":{"self":[{"href":"https:\/\/blog.holyart.it\/it\/wp-json\/wp\/v2\/posts\/10168","targetHints":{"allow":["GET"]}}],"collection":[{"href":"https:\/\/blog.holyart.it\/it\/wp-json\/wp\/v2\/posts"}],"about":[{"href":"https:\/\/blog.holyart.it\/it\/wp-json\/wp\/v2\/types\/post"}],"author":[{"embeddable":true,"href":"https:\/\/blog.holyart.it\/it\/wp-json\/wp\/v2\/users\/1"}],"replies":[{"embeddable":true,"href":"https:\/\/blog.holyart.it\/it\/wp-json\/wp\/v2\/comments?post=10168"}],"version-history":[{"count":1,"href":"https:\/\/blog.holyart.it\/it\/wp-json\/wp\/v2\/posts\/10168\/revisions"}],"predecessor-version":[{"id":18133,"href":"https:\/\/blog.holyart.it\/it\/wp-json\/wp\/v2\/posts\/10168\/revisions\/18133"}],"wp:featuredmedia":[{"embeddable":true,"href":"https:\/\/blog.holyart.it\/it\/wp-json\/wp\/v2\/media\/10179"}],"wp:attachment":[{"href":"https:\/\/blog.holyart.it\/it\/wp-json\/wp\/v2\/media?parent=10168"}],"wp:term":[{"taxonomy":"category","embeddable":true,"href":"https:\/\/blog.holyart.it\/it\/wp-json\/wp\/v2\/categories?post=10168"},{"taxonomy":"post_tag","embeddable":true,"href":"https:\/\/blog.holyart.it\/it\/wp-json\/wp\/v2\/tags?post=10168"}],"curies":[{"name":"wp","href":"https:\/\/api.w.org\/{rel}","templated":true}]}}