{"id":10117,"date":"2020-08-07T17:44:19","date_gmt":"2020-08-07T15:44:19","guid":{"rendered":"https:\/\/blog.holyart.it\/it\/?p=10117"},"modified":"2024-09-09T15:30:50","modified_gmt":"2024-09-09T13:30:50","slug":"santa-chiara-la-santa-che-abbraccio-la-poverta-sulle-orme-di-san-francesco","status":"publish","type":"post","link":"https:\/\/blog.holyart.it\/it\/santi-e-beati\/santa-chiara-la-santa-che-abbraccio-la-poverta-sulle-orme-di-san-francesco\/","title":{"rendered":"Santa Chiara, la santa che abbracci\u00f2 la povert\u00e0 sulle orme di San Francesco"},"content":{"rendered":"<h4 style=\"text-align: center;\"><em>Santa Chiara segu\u00ec l&#8217;esempio di San Francesco, rinunciando a tutti i propri beni e immolando la propria giovane vita a Ges\u00f9. L&#8217;11 agosto si festeggia questa donna eccezionale.<\/em><\/h4>\n\n<p>\u00c8 raro sentir nominare Santa Chiara d&#8217;Assisi senza che venga associato al suo nome quello del suo concittadino e grande amico <strong>San Francesco<\/strong>.<\/p>\n<p>I due giovani, in effetti, furono legati da un&#8217;<strong>amicizia cos\u00ec tenera e profonda <\/strong>da essere divenuta parte integrante anche del loro percorso di fede e della loro missione in questa terra. Di questo legame cos\u00ec speciale, che <em>faceva sorridere Dio<\/em>, abbiamo raccontato parlando della <strong><a href=\"https:\/\/www.holyart.it\/blog\/articoli-religiosi\/giornata-mondiale-dellamicizia\/\">Giornata Mondiale dell&#8217;Amicizia<\/a><\/strong> festeggiata il 30 luglio.<\/p>\n<div class=\"link-article\">\n<p><img loading=\"lazy\" decoding=\"async\" class=\"alignleft size-full wp-image-10119\" src=\"https:\/\/blog.holyart.it\/it\/wp-content\/uploads\/sites\/17\/2020\/08\/Giornata-mondiale-dellamicizia.jpg\" alt=\"Giornata-mondiale-dellamicizia\" width=\"150\" height=\"99\" data-kale-share-title=\"Santa Chiara, la santa che abbracci\u00f2 la povert\u00e0 sulle orme di San Francesco\" data-kale-share-url=\"https:\/\/blog.holyart.it\/it\/?p=10117\" \/><\/p>\n<div class=\"leggi-anche\">Leggi anche:<\/div>\n<p><strong><a href=\"https:\/\/www.holyart.it\/blog\/articoli-religiosi\/giornata-mondiale-dellamicizia\/\">Giornata Mondiale dell\u2019Amicizia<\/a><\/strong><br \/>\nIl 30 luglio \u00e8 la Giornata Mondiale dell\u2019Amicizia, una festa nata per celebrare uno degli aspetti pi\u00f9 meravigliosi della convivenza tra uomini.<\/p>\n<\/div>\n<p>Ma Santa Chiara merita di essere ricordata e celebrata non solo in virt\u00f9 del suo legame unico e speciale col poverello di Assisi. Il <strong>coraggio e lo spirito di sacrificio<\/strong> dimostrati da questa ragazza che decise di lasciare tutti i privilegi che la nascita illustre le avrebbero garantito per abbracciare uno stile di vita al limite dell&#8217;indigenza, sono da ammirare, al di l\u00e0 dell&#8217;ispirazione che li ha incoraggiati. La stessa ragazza, appartenente a una delle famiglie pi\u00f9 ricche e in vista di Assisi, arriver\u00e0 a supplicare papa Gregorio IX per ottenere il <strong>&#8220;privilegio della povert\u00e0&#8221;. <\/strong><\/p>\n<p>Questa determinazione, questa volont\u00e0 di dedicare la propria esistenza a un valore spirituale trascendente, imitando Ges\u00f9 fino a sentirsi un tutt&#8217;uno con lui, sono meriti che Santa Chiara ha saputo portare avanti da sola.<\/p>\n<p>Questo per non dimenticare che ci sono state <strong><a href=\"https:\/\/www.holyart.it\/blog\/santi-e-beati\/10-donne-cristiane-che-cambiarono-la-chiesa-e-il-mondo\/\">donne che hanno cambiato la chiesa e il mondo<\/a><\/strong>, non necessariamente con l&#8217;aiuto di uomini. Santa Chiara, fondatrice delle Clarisse, divenuta patrona della televisione e delle telecomunicazioni, merita di essere considerata una di queste. Riguardo a questo particolare patronato, attribuitole nel 1958 da papa Pio XII, esso nasce dalla leggenda secondo la quale Chiara non pot\u00e9 partecipare alla messa di Natale celebrata da San Francesco, perch\u00e9 indisposta. La messa le sarebbe apparsa come una visione, e con essa perfino un angelo che le port\u00f2 l&#8217;Eucarestia che non avrebbe potuto altrimenti ricevere.<\/p>\n<div class=\"link-article\">\n<p><img loading=\"lazy\" decoding=\"async\" class=\"alignleft size-full wp-image-10121\" src=\"https:\/\/blog.holyart.it\/it\/wp-content\/uploads\/sites\/17\/2020\/08\/donne-e-cristianesimo.jpg\" alt=\"donne-e-cristianesimo\" width=\"150\" height=\"99\" data-kale-share-title=\"Santa Chiara, la santa che abbracci\u00f2 la povert\u00e0 sulle orme di San Francesco\" data-kale-share-url=\"https:\/\/blog.holyart.it\/it\/?p=10117\" \/><\/p>\n<div class=\"leggi-anche\">Leggi anche:<\/div>\n<p><strong><a href=\"https:\/\/www.holyart.it\/blog\/santi-e-beati\/10-donne-cristiane-che-cambiarono-la-chiesa-e-il-mondo\/\">10 Donne Cristiane che cambiarono la Chiesa e il mondo<\/a><\/strong><br \/>\n\u201cChe Dio ci dia il Coraggio delle Donne\u201d. Prendiamo in esame dieci donne che hanno saputo rivoluzionare la Chiesa e il mondo<\/p>\n<\/div>\n<h2>Santa Chiara e il suo incontro con San Francesco<\/h2>\n<p>Resta comunque vero che a suscitare in lei il fervore religioso e la ribellione contro il futuro agiato che la famiglia le aveva destinato fu quasi sicuramente il gesto di quel ragazzo fuori dal comune che nell&#8217;inverno del 1206 scandalizz\u00f2 Assisi spogliandosi dei propri ricchi abiti nel Palazzo vescovile, per restituirli al padre Pietro di Bernardone.<\/p>\n<p>Il ragazzo era <strong><a href=\"https:\/\/www.holyart.it\/it\/articoli-religiosi\/statue\/statue-in-legno-dipinto\/san-francesco-d-assisi-con-animali-legno-valgardena\">San Francesco<\/a><\/strong>, e Chiara aveva solo dodici anni, ma ci piace pensare che in quel giorno, davanti a quell&#8217;atto inconcepibile consumato davanti a tutti i nobili umbri, il germe della santit\u00e0 abbia attecchito in lei. Di certo non dimentic\u00f2 mai quel ragazzo, che continu\u00f2 a seguire da lontano, grazie ai resoconti di Rufino, uno dei giovani che segu\u00ec Francesco, che era anche cugino della ragazza.<\/p>\n<div class=\"link-product\">\n<div class=\"blocco-immagine\"><img loading=\"lazy\" decoding=\"async\" class=\"alignnone wp-image-10128 size-full\" src=\"https:\/\/blog.holyart.it\/it\/wp-content\/uploads\/sites\/17\/2020\/08\/san-francesco-statua-1.jpg\" alt=\"san francesco statua\" width=\"100\" height=\"100\" data-kale-share-title=\"Santa Chiara, la santa che abbracci\u00f2 la povert\u00e0 sulle orme di San Francesco\" data-kale-share-url=\"https:\/\/blog.holyart.it\/it\/?p=10117\" \/><\/div>\n<div class=\"blocco-contenuto\">\n<div class=\"blocco-acquista\">Acquista su Holyart:<\/div>\n<div class=\"blocco-titolo\"><a href=\"https:\/\/www.holyart.it\/it\/articoli-religiosi\/statue\/statue-in-legno-dipinto\/san-francesco-d-assisi-con-animali-legno-valgardena\">San Francesco d\u00b4Assisi <\/a><\/div>\n<div class=\"blocco-descrizione\">La statua \u00e8 prodotta in Val Gardena scolpita in legno d\u2019acero<\/div>\n<\/div>\n<\/div>\n<p><strong><a href=\"https:\/\/www.holyart.it\/it\/articoli-religiosi\/arazzi\/arazzo-santa-chiara-50x40-cm\">Santa Chiara<\/a><\/strong> matur\u00f2 la sua scelta di vita e di fede nel corso dei sette anni successivi. Non possiamo certo parlare di un atto sconsiderato o dettato dalla semplice emulazione!<\/p>\n<p>Poco sappiamo di lei, in quegli anni, se non che fu una bambina timida, portata alla vita contemplativa, e che impar\u00f2 presto dalla madre la dote della carit\u00e0.<\/p>\n<p>Di certo il giovane Francesco le forn\u00ec il modello di vita e di vocazione spirituale che lei decise infine di abbracciare.<br \/>\nAppena diciottenne Chiara si rec\u00f2 da lui in cerca di consiglio, e Francesco fu lieto di aiutarla a fuggire dalla propria casa e dalla propria famiglia, la sera della <strong>Domenica delle Palme <\/strong>del 1211. Tra le pareti fatiscenti eppure trasudanti spiritualit\u00e0 della Porziuncola Francesco le tagli\u00f2 i capelli e le offr\u00ec il saio dei suoi fratelli francescani.<\/p>\n<p>Con minor clamore, rispetto all&#8217;amico, ma uguale coraggio, lei fece la propria scelta di vita e di fede.<\/p>\n<p>Per qualche tempo Chiara dovette sfuggire alle insistenze della famiglia, che la rivoleva a casa. Si rifugi\u00f2 nel monastero benedettino di <strong>San Paolo della Abbadesse<\/strong>, a Bastia Umbra.<\/p>\n<p>Si dice che i suoi parenti tentarono perfino di rapirla, soprattutto dopo che sua sorella Agnese decise di imitare il suo gesto e raggiungerla. Insieme si spostarono a <strong>San Angelo di Panzo<\/strong>, sempre inseguite dai famigliari, ma nessuna minaccia, nessuna lusinga pot\u00e9 convincere le due ragazze a tornare sui propri passi.<\/p>\n<p>Nel frattempo Francesco e i suoi fratelli stavano preparando un alloggio per Chiara e Agnese nella <strong>Chiesa di San Damiano<\/strong>, che custodiva <a href=\"https:\/\/www.holyart.it\/it\/articoli\/crocifissi-san-damiano.php\"><strong>il crocifisso davanti al quale il giovane Santo aveva incontrato la propria conversione<\/strong><\/a>. Era stato infatti proprio davanti a quel <a href=\"https:\/\/www.holyart.it\/it\/articoli-religiosi\/crocefissi\/crocifissi-in-legno\/crocifisso-san-damiano-stampa-su-legno?gclid=EAIaIQobChMI0ejG7Lzv6gIVwu7tCh15CAVMEAQYAiABEgJCMfD_BwE\"><strong>crocifisso<\/strong><\/a> che Francesco aveva ricevuto dal Signore la chiamata a lavorare per rimettere a nuovo la Sua chiesa.<\/p>\n<div class=\"link-product\">\n<div class=\"blocco-immagine\"><img loading=\"lazy\" decoding=\"async\" class=\"alignnone size-full wp-image-10122\" src=\"https:\/\/blog.holyart.it\/it\/wp-content\/uploads\/sites\/17\/2020\/08\/crocifisso-san-damiano-stampa-su-legno.jpg\" alt=\"crocifisso-san-damiano-stampa-su-legno\" width=\"100\" height=\"100\" data-kale-share-title=\"Santa Chiara, la santa che abbracci\u00f2 la povert\u00e0 sulle orme di San Francesco\" data-kale-share-url=\"https:\/\/blog.holyart.it\/it\/?p=10117\" \/><\/div>\n<div class=\"blocco-contenuto\">\n<div class=\"blocco-acquista\">Acquista su Holyart:<\/div>\n<div class=\"blocco-titolo\"><a href=\"https:\/\/www.holyart.it\/it\/articoli-religiosi\/crocefissi\/crocifissi-in-legno\/crocifisso-san-damiano-stampa-su-legno\">Crocifisso San Damiano<\/a><\/div>\n<div class=\"blocco-descrizione\">Crocifisso da parete realizzato da artigiani italiani<\/div>\n<\/div>\n<\/div>\n<p>Nella chiesa di San Damiano Santa Chiara fonder\u00e0\u00a0 le <strong>&#8220;Povere Dame di San Damiano&#8221;<\/strong>, il futuro Ordine delle Clarisse.<\/p>\n<h2>Legame che univa San Francesco e Santa Chiara<\/h2>\n<p>Chiara e Francesco erano uniti da un&#8217;amicizia profonda, che non aveva nulla dell&#8217;amore carnale che pu\u00f2 unire un uomo e una donna. Un&#8217;<strong>affinit\u00e0 elettiva<\/strong>, un legame spirituale fatto di stima, rispetto, e costante stimolo reciproco.<\/p>\n<p>Insieme questi due splendidi giovani <strong>guardavano nella stessa direzione<\/strong>, e in quella direzione proseguivano, animati dalla comune volont\u00e0 di <strong>imitare e avvicinarsi a Cristo<\/strong> un giorno dopo l&#8217;altro, un passo dopo l&#8217;altro.<br \/>\nSe guardare nella stessa direzione significa amarsi, come \u00e8 stato scritto, allora di certo Francesco e Chiara si amarono, in un modo unico e speciale.<\/p>\n<p>Fu per Chiara che Francesco inton\u00f2 il suo <strong><a href=\"https:\/\/www.holyart.it\/blog\/articoli-religiosi\/il-cantico-delle-creature-di-san-francesco\/\">Cantico delle creature <\/a><\/strong>nella chiesa di San Damiano, poco prima di morire. Il Cantico \u00e8 allo stesso tempo <strong>una preghiera e un poema d&#8217;amore<\/strong>, dove l&#8217;amore \u00e8 quello per tutte le creature di Dio, che Francesco e Chiara condividevano.<\/p>\n<div class=\"link-article\">\n<p><img loading=\"lazy\" decoding=\"async\" class=\"alignleft size-full wp-image-10124\" src=\"https:\/\/blog.holyart.it\/it\/wp-content\/uploads\/sites\/17\/2020\/08\/san-francesco-1.jpg\" alt=\"san-francesco\" width=\"150\" height=\"99\" data-kale-share-title=\"Santa Chiara, la santa che abbracci\u00f2 la povert\u00e0 sulle orme di San Francesco\" data-kale-share-url=\"https:\/\/blog.holyart.it\/it\/?p=10117\" \/><\/p>\n<div class=\"leggi-anche\">Leggi anche:<\/div>\n<p><strong><a href=\"https:\/\/www.holyart.it\/blog\/articoli-religiosi\/il-cantico-delle-creature-di-san-francesco\/\">Il cantico delle creature di San Francesco<\/a><\/strong><br \/>\nSan Francesco d\u2019Assisi \u00e8 uno dei santi pi\u00f9 amati e venerati dalla Chiesa cattolica. Vicino ai poveri, fratello degli ultimi,<\/p>\n<\/div>\n<p>Un&#8217;amicizia spirituale, dunque, fatta di <strong>condivisione di ogni cosa<\/strong>, dalla povert\u00e0 alla devozione, e infine al <strong>cammino per la santit\u00e0<\/strong>.<\/p>\n<h2>L&#8217;ordine delle clarisse<\/h2>\n<p>Solo dopo la morte di Santa Chiara le &#8220;Povere Dame recluse di San Damiano&#8221; divennero le <strong>Clarisse<\/strong>. La storia dell&#8217;ordine non fu sempre facile. A quel tempo si riteneva che l&#8217;unico modo che le donne avessero per vivere la propria spiritualit\u00e0 e dedicare la propria vita a Dio fosse la <strong>clausura<\/strong>, trascorsa in preghiera e\u00a0penitenza, completamente distaccate dal mondo. Ma per potersi permettere di vivere in questo modo, occorreva che esse percepissero una qualche rendita.<\/p>\n<div class=\"link-product\">\n<div class=\"blocco-immagine\"><img loading=\"lazy\" decoding=\"async\" class=\"alignnone size-full wp-image-10129\" src=\"https:\/\/blog.holyart.it\/it\/wp-content\/uploads\/sites\/17\/2020\/08\/santa-chiara.jpg\" alt=\"santa chiara\" width=\"100\" height=\"100\" data-kale-share-title=\"Santa Chiara, la santa che abbracci\u00f2 la povert\u00e0 sulle orme di San Francesco\" data-kale-share-url=\"https:\/\/blog.holyart.it\/it\/?p=10117\" \/><\/div>\n<div class=\"blocco-contenuto\">\n<div class=\"blocco-acquista\">Acquista su Holyart:<\/div>\n<div class=\"blocco-titolo\"><a href=\"https:\/\/www.holyart.it\/it\/articoli-religiosi\/arazzi\/arazzo-santa-chiara-50x40-cm\">Arazzo Santa Chiara 50&#215;40 cm<\/a><\/div>\n<div class=\"blocco-descrizione\">Arazzo in tessuto jacquard rifinito a mano<\/div>\n<\/div>\n<\/div>\n<p>Chiara, che si sentiva parte integrante dell&#8217;ordine francescano, non poteva accettare di venire meno alla <strong>regola della Povert\u00e0<\/strong> abbracciata dal suo maestro e amico. Nel 1228 ottenne da papa Gregorio IX la bolla chiamata<strong> \u201cPrivilegio della povert\u00e0\u201d<\/strong>, in virt\u00f9 della quale lei e le sue sorelle potevano scegliere di non possedere nulla e di vivere di elemosina. Ma Chiara dovette lottare per tutta la vita per difendere questo privilegio.<\/p>\n<p>Per molto tempo i monasteri delle Povere Dame, o Damianite, nati a ispirazione di quello sorto a San Damiano, seguirono la regola imposta dal <strong>Cardinale Ugolino d&#8217;Agnani<\/strong>, che esigeva che le Dame si riferissero direttamente alla Santa Sede, e non al vescovo, e che prevedeva norme molto rigorose tra cui una <strong>rigidissima clausura<\/strong>, che non poteva essere violata nemmeno dopo la morte. Infatti le Dame dovevano essere sepolte all&#8217;interno del monastero in cui avevano vissuto.<\/p>\n<p>Per il Convento di San Damiano<strong> Chiara scrisse una sua regola<\/strong>, che impediva alle sue consorelle di accettare donazioni e rendite, ma dopo la sua morte molti monasteri non la seguirono.<\/p>\n<p>Papa Urbano IV nel 1263 scrisse una nuova Regola, la prima scritta da un papa per un ordine femminile, uniformando la giurisdizione di tutti i monasteri delle Dame o Sorelle Povere, che da questo momento divennero <strong>Clarisse.<\/strong><\/p>\n<p>Quello delle Clarisse \u00e8 diventato in seguito il modello di vita per tutte le <strong>monache di clausura<\/strong>, anche appartenenti ad altri ordini.<\/p>\n<h2>Basilica di Santa Chiara<\/h2>\n<p>Chiara mor\u00ec l&#8217;11 agosto 1253, e poco dopo la sua morte si cominci\u00f2 a pensare alla necessit\u00e0 di erigere <strong>una chiesa a lei dedicata<\/strong>. I lavori di edificazione vennero iniziati presso la chiesa di San Giorgio, dove la Santa era stata sepolta in via provvisoria. Oltre alla Basilica a lei dedicata si volle costruire anche un convento per le Clarisse di San Damiano. La Basilica di Santa Chiara \u00e8 in pietra di Subasio lavorata a fasce rosa e bianche. Il soffitto \u00e8 sostenuto da grandi archi rampanti. Con la sua navata unica e la galleria che percorre il perimetro internamente assomiglia molto alla chiesa superiore di San Francesco. La Basilica di Santa Chiara ad Assisi venne consacrata il 6 settembre 1265 da Papa Clemente IV.<\/p>\n<p>Nella cappella di San Giorgio , all&#8217;interno della Basilica, oltre ai resti di Santa Chiara \u00e8 ancora oggi conservato il <strong><a href=\"https:\/\/www.holyart.it\/blog\/santi-e-beati\/crocifisso-san-damiano\/\">Crocifisso di San Damiano<\/a><\/strong>, che ispir\u00f2 San Francesco e che tanta parte ebbe in questa meravigliosa storia di amicizia e fede.<\/p>\n<div class=\"link-article\">\n<p><img loading=\"lazy\" decoding=\"async\" class=\"alignnone size-full wp-image-10126\" src=\"https:\/\/blog.holyart.it\/it\/wp-content\/uploads\/sites\/17\/2020\/08\/crocifisso-san-damiano.jpg\" alt=\"crocifisso-san-damiano\" width=\"150\" height=\"99\" data-kale-share-title=\"Santa Chiara, la santa che abbracci\u00f2 la povert\u00e0 sulle orme di San Francesco\" data-kale-share-url=\"https:\/\/blog.holyart.it\/it\/?p=10117\" \/><\/p>\n<div class=\"leggi-anche\">Leggi anche:<\/div>\n<p><strong><a href=\"https:\/\/www.holyart.it\/blog\/santi-e-beati\/crocifisso-san-damiano\/\">Crocifisso di San Damiano<\/a><\/strong><br \/>\nIl Crocifisso di San Damiano \u00e8 un\u2019immagine famosa in tutto il mondo, meta di un pellegrinaggio costante da parte delle migliaia di fedeli<\/p>\n<\/div>\n","protected":false},"excerpt":{"rendered":"<p>Santa Chiara segu\u00ec l&#8217;esempio di San Francesco, rinunciando a tutti i propri beni e immolando la propria giovane vita a Ges\u00f9. L&#8217;11 agosto si festeggia questa donna eccezionale. \u00c8 raro sentir nominare Santa Chiara d&#8217;Assisi senza che venga associato al suo nome quello del suo&hellip;<\/p>\n","protected":false},"author":1,"featured_media":10131,"comment_status":"closed","ping_status":"open","sticky":false,"template":"","format":"standard","meta":{"_acf_changed":false,"footnotes":""},"categories":[16,15],"tags":[],"class_list":["post-10117","post","type-post","status-publish","format-standard","has-post-thumbnail","hentry","category-articoli-religiosi","category-santi-e-beati"],"acf":[],"yoast_head":"<!-- This site is optimized with the Yoast SEO plugin v26.6 - https:\/\/yoast.com\/wordpress\/plugins\/seo\/ -->\n<title>Santa Chiara, la santa che abbracci\u00f2 la povert\u00e0 sulle orme di San Francesco - Holyblog<\/title>\n<meta name=\"description\" content=\"Santa Chiara segu\u00ec l&#039;esempio di San Francesco, rinunciando a tutti i propri beni e immolando la propria giovane vita a Ges\u00f9...\" \/>\n<meta name=\"robots\" content=\"index, follow, max-snippet:-1, max-image-preview:large, max-video-preview:-1\" \/>\n<link rel=\"canonical\" href=\"https:\/\/blog.holyart.it\/it\/santi-e-beati\/santa-chiara-la-santa-che-abbraccio-la-poverta-sulle-orme-di-san-francesco\/\" \/>\n<meta property=\"og:locale\" content=\"it_IT\" \/>\n<meta property=\"og:type\" content=\"article\" \/>\n<meta property=\"og:title\" content=\"Santa Chiara, la santa che abbracci\u00f2 la povert\u00e0 sulle orme di San Francesco - Holyblog\" \/>\n<meta property=\"og:description\" content=\"Santa Chiara segu\u00ec l&#039;esempio di San Francesco, rinunciando a tutti i propri beni e immolando la propria giovane vita a Ges\u00f9...\" \/>\n<meta property=\"og:url\" content=\"https:\/\/blog.holyart.it\/it\/santi-e-beati\/santa-chiara-la-santa-che-abbraccio-la-poverta-sulle-orme-di-san-francesco\/\" \/>\n<meta property=\"og:site_name\" content=\"Holyblog\" \/>\n<meta property=\"article:published_time\" content=\"2020-08-07T15:44:19+00:00\" \/>\n<meta property=\"article:modified_time\" content=\"2024-09-09T13:30:50+00:00\" \/>\n<meta property=\"og:image\" content=\"https:\/\/blog.holyart.it\/it\/wp-content\/uploads\/sites\/17\/2020\/08\/Santa-chiara-dAssisi.jpeg\" \/>\n\t<meta property=\"og:image:width\" content=\"1000\" \/>\n\t<meta property=\"og:image:height\" content=\"662\" \/>\n\t<meta property=\"og:image:type\" content=\"image\/jpeg\" \/>\n<meta name=\"author\" content=\"Redazione\" \/>\n<meta name=\"twitter:card\" content=\"summary_large_image\" \/>\n<meta name=\"twitter:label1\" content=\"Scritto da\" \/>\n\t<meta name=\"twitter:data1\" content=\"Redazione\" \/>\n\t<meta name=\"twitter:label2\" content=\"Tempo di lettura stimato\" \/>\n\t<meta name=\"twitter:data2\" content=\"11 minuti\" \/>\n<script type=\"application\/ld+json\" class=\"yoast-schema-graph\">{\"@context\":\"https:\/\/schema.org\",\"@graph\":[{\"@type\":\"Article\",\"@id\":\"https:\/\/blog.holyart.it\/it\/santi-e-beati\/santa-chiara-la-santa-che-abbraccio-la-poverta-sulle-orme-di-san-francesco\/#article\",\"isPartOf\":{\"@id\":\"https:\/\/blog.holyart.it\/it\/santi-e-beati\/santa-chiara-la-santa-che-abbraccio-la-poverta-sulle-orme-di-san-francesco\/\"},\"author\":{\"name\":\"Redazione\",\"@id\":\"https:\/\/blog.holyart.it\/it\/#\/schema\/person\/0a7b686e5af0f856ec1e390dd0baecda\"},\"headline\":\"Santa Chiara, la santa che abbracci\u00f2 la povert\u00e0 sulle orme di San Francesco\",\"datePublished\":\"2020-08-07T15:44:19+00:00\",\"dateModified\":\"2024-09-09T13:30:50+00:00\",\"mainEntityOfPage\":{\"@id\":\"https:\/\/blog.holyart.it\/it\/santi-e-beati\/santa-chiara-la-santa-che-abbraccio-la-poverta-sulle-orme-di-san-francesco\/\"},\"wordCount\":1585,\"publisher\":{\"@id\":\"https:\/\/blog.holyart.it\/it\/#organization\"},\"image\":{\"@id\":\"https:\/\/blog.holyart.it\/it\/santi-e-beati\/santa-chiara-la-santa-che-abbraccio-la-poverta-sulle-orme-di-san-francesco\/#primaryimage\"},\"thumbnailUrl\":\"https:\/\/blog.holyart.it\/it\/wp-content\/uploads\/sites\/17\/2020\/08\/Santa-chiara-dAssisi.jpeg\",\"articleSection\":[\"Religione\",\"Santi e beati\"],\"inLanguage\":\"it-IT\"},{\"@type\":\"WebPage\",\"@id\":\"https:\/\/blog.holyart.it\/it\/santi-e-beati\/santa-chiara-la-santa-che-abbraccio-la-poverta-sulle-orme-di-san-francesco\/\",\"url\":\"https:\/\/blog.holyart.it\/it\/santi-e-beati\/santa-chiara-la-santa-che-abbraccio-la-poverta-sulle-orme-di-san-francesco\/\",\"name\":\"Santa Chiara, la santa che abbracci\u00f2 la povert\u00e0 sulle orme di San Francesco - Holyblog\",\"isPartOf\":{\"@id\":\"https:\/\/blog.holyart.it\/it\/#website\"},\"primaryImageOfPage\":{\"@id\":\"https:\/\/blog.holyart.it\/it\/santi-e-beati\/santa-chiara-la-santa-che-abbraccio-la-poverta-sulle-orme-di-san-francesco\/#primaryimage\"},\"image\":{\"@id\":\"https:\/\/blog.holyart.it\/it\/santi-e-beati\/santa-chiara-la-santa-che-abbraccio-la-poverta-sulle-orme-di-san-francesco\/#primaryimage\"},\"thumbnailUrl\":\"https:\/\/blog.holyart.it\/it\/wp-content\/uploads\/sites\/17\/2020\/08\/Santa-chiara-dAssisi.jpeg\",\"datePublished\":\"2020-08-07T15:44:19+00:00\",\"dateModified\":\"2024-09-09T13:30:50+00:00\",\"description\":\"Santa Chiara segu\u00ec l'esempio di San Francesco, rinunciando a tutti i propri beni e immolando la propria giovane vita a Ges\u00f9...\",\"breadcrumb\":{\"@id\":\"https:\/\/blog.holyart.it\/it\/santi-e-beati\/santa-chiara-la-santa-che-abbraccio-la-poverta-sulle-orme-di-san-francesco\/#breadcrumb\"},\"inLanguage\":\"it-IT\",\"potentialAction\":[{\"@type\":\"ReadAction\",\"target\":[\"https:\/\/blog.holyart.it\/it\/santi-e-beati\/santa-chiara-la-santa-che-abbraccio-la-poverta-sulle-orme-di-san-francesco\/\"]}]},{\"@type\":\"ImageObject\",\"inLanguage\":\"it-IT\",\"@id\":\"https:\/\/blog.holyart.it\/it\/santi-e-beati\/santa-chiara-la-santa-che-abbraccio-la-poverta-sulle-orme-di-san-francesco\/#primaryimage\",\"url\":\"https:\/\/blog.holyart.it\/it\/wp-content\/uploads\/sites\/17\/2020\/08\/Santa-chiara-dAssisi.jpeg\",\"contentUrl\":\"https:\/\/blog.holyart.it\/it\/wp-content\/uploads\/sites\/17\/2020\/08\/Santa-chiara-dAssisi.jpeg\",\"width\":1000,\"height\":662,\"caption\":\"Santa Chiara\"},{\"@type\":\"BreadcrumbList\",\"@id\":\"https:\/\/blog.holyart.it\/it\/santi-e-beati\/santa-chiara-la-santa-che-abbraccio-la-poverta-sulle-orme-di-san-francesco\/#breadcrumb\",\"itemListElement\":[{\"@type\":\"ListItem\",\"position\":1,\"name\":\"Homepage\",\"item\":\"https:\/\/blog.holyart.it\/it\/\"},{\"@type\":\"ListItem\",\"position\":2,\"name\":\"Santi e beati\",\"item\":\"https:\/\/blog.holyart.it\/it\/santi-e-beati\/\"},{\"@type\":\"ListItem\",\"position\":3,\"name\":\"Santa Chiara, la santa che abbracci\u00f2 la povert\u00e0 sulle orme di San Francesco\"}]},{\"@type\":\"WebSite\",\"@id\":\"https:\/\/blog.holyart.it\/it\/#website\",\"url\":\"https:\/\/blog.holyart.it\/it\/\",\"name\":\"Holyblog\",\"description\":\"Il Blog di Holyart.it\",\"publisher\":{\"@id\":\"https:\/\/blog.holyart.it\/it\/#organization\"},\"potentialAction\":[{\"@type\":\"SearchAction\",\"target\":{\"@type\":\"EntryPoint\",\"urlTemplate\":\"https:\/\/blog.holyart.it\/it\/?s={search_term_string}\"},\"query-input\":{\"@type\":\"PropertyValueSpecification\",\"valueRequired\":true,\"valueName\":\"search_term_string\"}}],\"inLanguage\":\"it-IT\"},{\"@type\":\"Organization\",\"@id\":\"https:\/\/blog.holyart.it\/it\/#organization\",\"name\":\"Holyblog\",\"url\":\"https:\/\/blog.holyart.it\/it\/\",\"logo\":{\"@type\":\"ImageObject\",\"inLanguage\":\"it-IT\",\"@id\":\"https:\/\/blog.holyart.it\/it\/#\/schema\/logo\/image\/\",\"url\":\"https:\/\/blog.holyart.it\/it\/wp-content\/uploads\/sites\/17\/2022\/12\/Holyart_Blog_Logo.jpg\",\"contentUrl\":\"https:\/\/blog.holyart.it\/it\/wp-content\/uploads\/sites\/17\/2022\/12\/Holyart_Blog_Logo.jpg\",\"width\":300,\"height\":50,\"caption\":\"Holyblog\"},\"image\":{\"@id\":\"https:\/\/blog.holyart.it\/it\/#\/schema\/logo\/image\/\"}},{\"@type\":\"Person\",\"@id\":\"https:\/\/blog.holyart.it\/it\/#\/schema\/person\/0a7b686e5af0f856ec1e390dd0baecda\",\"name\":\"Redazione\"}]}<\/script>\n<!-- \/ Yoast SEO plugin. -->","yoast_head_json":{"title":"Santa Chiara, la santa che abbracci\u00f2 la povert\u00e0 sulle orme di San Francesco - Holyblog","description":"Santa Chiara segu\u00ec l'esempio di San Francesco, rinunciando a tutti i propri beni e immolando la propria giovane vita a Ges\u00f9...","robots":{"index":"index","follow":"follow","max-snippet":"max-snippet:-1","max-image-preview":"max-image-preview:large","max-video-preview":"max-video-preview:-1"},"canonical":"https:\/\/blog.holyart.it\/it\/santi-e-beati\/santa-chiara-la-santa-che-abbraccio-la-poverta-sulle-orme-di-san-francesco\/","og_locale":"it_IT","og_type":"article","og_title":"Santa Chiara, la santa che abbracci\u00f2 la povert\u00e0 sulle orme di San Francesco - Holyblog","og_description":"Santa Chiara segu\u00ec l'esempio di San Francesco, rinunciando a tutti i propri beni e immolando la propria giovane vita a Ges\u00f9...","og_url":"https:\/\/blog.holyart.it\/it\/santi-e-beati\/santa-chiara-la-santa-che-abbraccio-la-poverta-sulle-orme-di-san-francesco\/","og_site_name":"Holyblog","article_published_time":"2020-08-07T15:44:19+00:00","article_modified_time":"2024-09-09T13:30:50+00:00","og_image":[{"width":1000,"height":662,"url":"https:\/\/blog.holyart.it\/it\/wp-content\/uploads\/sites\/17\/2020\/08\/Santa-chiara-dAssisi.jpeg","type":"image\/jpeg"}],"author":"Redazione","twitter_card":"summary_large_image","twitter_misc":{"Scritto da":"Redazione","Tempo di lettura stimato":"11 minuti"},"schema":{"@context":"https:\/\/schema.org","@graph":[{"@type":"Article","@id":"https:\/\/blog.holyart.it\/it\/santi-e-beati\/santa-chiara-la-santa-che-abbraccio-la-poverta-sulle-orme-di-san-francesco\/#article","isPartOf":{"@id":"https:\/\/blog.holyart.it\/it\/santi-e-beati\/santa-chiara-la-santa-che-abbraccio-la-poverta-sulle-orme-di-san-francesco\/"},"author":{"name":"Redazione","@id":"https:\/\/blog.holyart.it\/it\/#\/schema\/person\/0a7b686e5af0f856ec1e390dd0baecda"},"headline":"Santa Chiara, la santa che abbracci\u00f2 la povert\u00e0 sulle orme di San Francesco","datePublished":"2020-08-07T15:44:19+00:00","dateModified":"2024-09-09T13:30:50+00:00","mainEntityOfPage":{"@id":"https:\/\/blog.holyart.it\/it\/santi-e-beati\/santa-chiara-la-santa-che-abbraccio-la-poverta-sulle-orme-di-san-francesco\/"},"wordCount":1585,"publisher":{"@id":"https:\/\/blog.holyart.it\/it\/#organization"},"image":{"@id":"https:\/\/blog.holyart.it\/it\/santi-e-beati\/santa-chiara-la-santa-che-abbraccio-la-poverta-sulle-orme-di-san-francesco\/#primaryimage"},"thumbnailUrl":"https:\/\/blog.holyart.it\/it\/wp-content\/uploads\/sites\/17\/2020\/08\/Santa-chiara-dAssisi.jpeg","articleSection":["Religione","Santi e beati"],"inLanguage":"it-IT"},{"@type":"WebPage","@id":"https:\/\/blog.holyart.it\/it\/santi-e-beati\/santa-chiara-la-santa-che-abbraccio-la-poverta-sulle-orme-di-san-francesco\/","url":"https:\/\/blog.holyart.it\/it\/santi-e-beati\/santa-chiara-la-santa-che-abbraccio-la-poverta-sulle-orme-di-san-francesco\/","name":"Santa Chiara, la santa che abbracci\u00f2 la povert\u00e0 sulle orme di San Francesco - Holyblog","isPartOf":{"@id":"https:\/\/blog.holyart.it\/it\/#website"},"primaryImageOfPage":{"@id":"https:\/\/blog.holyart.it\/it\/santi-e-beati\/santa-chiara-la-santa-che-abbraccio-la-poverta-sulle-orme-di-san-francesco\/#primaryimage"},"image":{"@id":"https:\/\/blog.holyart.it\/it\/santi-e-beati\/santa-chiara-la-santa-che-abbraccio-la-poverta-sulle-orme-di-san-francesco\/#primaryimage"},"thumbnailUrl":"https:\/\/blog.holyart.it\/it\/wp-content\/uploads\/sites\/17\/2020\/08\/Santa-chiara-dAssisi.jpeg","datePublished":"2020-08-07T15:44:19+00:00","dateModified":"2024-09-09T13:30:50+00:00","description":"Santa Chiara segu\u00ec l'esempio di San Francesco, rinunciando a tutti i propri beni e immolando la propria giovane vita a Ges\u00f9...","breadcrumb":{"@id":"https:\/\/blog.holyart.it\/it\/santi-e-beati\/santa-chiara-la-santa-che-abbraccio-la-poverta-sulle-orme-di-san-francesco\/#breadcrumb"},"inLanguage":"it-IT","potentialAction":[{"@type":"ReadAction","target":["https:\/\/blog.holyart.it\/it\/santi-e-beati\/santa-chiara-la-santa-che-abbraccio-la-poverta-sulle-orme-di-san-francesco\/"]}]},{"@type":"ImageObject","inLanguage":"it-IT","@id":"https:\/\/blog.holyart.it\/it\/santi-e-beati\/santa-chiara-la-santa-che-abbraccio-la-poverta-sulle-orme-di-san-francesco\/#primaryimage","url":"https:\/\/blog.holyart.it\/it\/wp-content\/uploads\/sites\/17\/2020\/08\/Santa-chiara-dAssisi.jpeg","contentUrl":"https:\/\/blog.holyart.it\/it\/wp-content\/uploads\/sites\/17\/2020\/08\/Santa-chiara-dAssisi.jpeg","width":1000,"height":662,"caption":"Santa Chiara"},{"@type":"BreadcrumbList","@id":"https:\/\/blog.holyart.it\/it\/santi-e-beati\/santa-chiara-la-santa-che-abbraccio-la-poverta-sulle-orme-di-san-francesco\/#breadcrumb","itemListElement":[{"@type":"ListItem","position":1,"name":"Homepage","item":"https:\/\/blog.holyart.it\/it\/"},{"@type":"ListItem","position":2,"name":"Santi e beati","item":"https:\/\/blog.holyart.it\/it\/santi-e-beati\/"},{"@type":"ListItem","position":3,"name":"Santa Chiara, la santa che abbracci\u00f2 la povert\u00e0 sulle orme di San Francesco"}]},{"@type":"WebSite","@id":"https:\/\/blog.holyart.it\/it\/#website","url":"https:\/\/blog.holyart.it\/it\/","name":"Holyblog","description":"Il Blog di Holyart.it","publisher":{"@id":"https:\/\/blog.holyart.it\/it\/#organization"},"potentialAction":[{"@type":"SearchAction","target":{"@type":"EntryPoint","urlTemplate":"https:\/\/blog.holyart.it\/it\/?s={search_term_string}"},"query-input":{"@type":"PropertyValueSpecification","valueRequired":true,"valueName":"search_term_string"}}],"inLanguage":"it-IT"},{"@type":"Organization","@id":"https:\/\/blog.holyart.it\/it\/#organization","name":"Holyblog","url":"https:\/\/blog.holyart.it\/it\/","logo":{"@type":"ImageObject","inLanguage":"it-IT","@id":"https:\/\/blog.holyart.it\/it\/#\/schema\/logo\/image\/","url":"https:\/\/blog.holyart.it\/it\/wp-content\/uploads\/sites\/17\/2022\/12\/Holyart_Blog_Logo.jpg","contentUrl":"https:\/\/blog.holyart.it\/it\/wp-content\/uploads\/sites\/17\/2022\/12\/Holyart_Blog_Logo.jpg","width":300,"height":50,"caption":"Holyblog"},"image":{"@id":"https:\/\/blog.holyart.it\/it\/#\/schema\/logo\/image\/"}},{"@type":"Person","@id":"https:\/\/blog.holyart.it\/it\/#\/schema\/person\/0a7b686e5af0f856ec1e390dd0baecda","name":"Redazione"}]}},"_links":{"self":[{"href":"https:\/\/blog.holyart.it\/it\/wp-json\/wp\/v2\/posts\/10117","targetHints":{"allow":["GET"]}}],"collection":[{"href":"https:\/\/blog.holyart.it\/it\/wp-json\/wp\/v2\/posts"}],"about":[{"href":"https:\/\/blog.holyart.it\/it\/wp-json\/wp\/v2\/types\/post"}],"author":[{"embeddable":true,"href":"https:\/\/blog.holyart.it\/it\/wp-json\/wp\/v2\/users\/1"}],"replies":[{"embeddable":true,"href":"https:\/\/blog.holyart.it\/it\/wp-json\/wp\/v2\/comments?post=10117"}],"version-history":[{"count":3,"href":"https:\/\/blog.holyart.it\/it\/wp-json\/wp\/v2\/posts\/10117\/revisions"}],"predecessor-version":[{"id":20503,"href":"https:\/\/blog.holyart.it\/it\/wp-json\/wp\/v2\/posts\/10117\/revisions\/20503"}],"wp:featuredmedia":[{"embeddable":true,"href":"https:\/\/blog.holyart.it\/it\/wp-json\/wp\/v2\/media\/10131"}],"wp:attachment":[{"href":"https:\/\/blog.holyart.it\/it\/wp-json\/wp\/v2\/media?parent=10117"}],"wp:term":[{"taxonomy":"category","embeddable":true,"href":"https:\/\/blog.holyart.it\/it\/wp-json\/wp\/v2\/categories?post=10117"},{"taxonomy":"post_tag","embeddable":true,"href":"https:\/\/blog.holyart.it\/it\/wp-json\/wp\/v2\/tags?post=10117"}],"curies":[{"name":"wp","href":"https:\/\/api.w.org\/{rel}","templated":true}]}}