{"id":10087,"date":"2020-07-30T17:53:58","date_gmt":"2020-07-30T15:53:58","guid":{"rendered":"https:\/\/blog.holyart.it\/it\/?p=10087"},"modified":"2025-04-23T17:47:58","modified_gmt":"2025-04-23T15:47:58","slug":"la-discendenza-di-abramo-fino-a-gesu","status":"publish","type":"post","link":"https:\/\/blog.holyart.it\/it\/articoli-religiosi\/la-discendenza-di-abramo-fino-a-gesu\/","title":{"rendered":"La discendenza di Abramo fino a Ges\u00f9"},"content":{"rendered":"<h4>La discendenza d&#8217;Abramo, ovvero la genealogia di Ges\u00f9, ha un&#8217;importanza fondamentale nella storia del Cristianesimo e pu\u00f2 essere considerata un compendio dell&#8217;intera storia del popolo ebraico. Scopriamo perch\u00e9.<\/h4>\n\n<p>Perch\u00e9 nel primo libro del <strong>Vangelo di Matteo <\/strong>e nel terzo del <a href=\"https:\/\/www.holyart.it\/blog\/articoli-religiosi\/il-vangelo-secondo-luca-dalla-nascita-miracolosa-allascensione-al-cielo\/\"><strong>Vangelo di Luca<\/strong><\/a> per introdurre la storia di Ges\u00f9 vengono riportate rispettivamente la <strong>discendenza di Abramo<\/strong>, che parte da lui per giungere a Ges\u00f9, e una <strong>ancora pi\u00f9 vasta genealogia<\/strong> che affonda le sue origini nella figura di Adamo?<br \/>\nLa ragione \u00e8 semplice. All&#8217;epoca in cui sono stata scritti i Vangeli era ancora considerato di massima importanza <strong>contestualizzare i fatti<\/strong> di cui si voleva parlare in una <strong>cornice storica documentata <\/strong>che avesse solide fondamenta e che non potesse essere messa in dubbio.<\/p>\n<div class=\"link-article\">\n<p><img loading=\"lazy\" decoding=\"async\" class=\"alignleft size-full wp-image-10088\" src=\"https:\/\/blog.holyart.it\/it\/wp-content\/uploads\/sites\/17\/2020\/07\/San_Luca_evangelista.jpg\" alt=\"San_Luca_evangelista\" width=\"150\" height=\"99\" data-kale-share-title=\"La discendenza di Abramo fino a Ges\u00f9\" data-kale-share-url=\"https:\/\/blog.holyart.it\/it\/?p=10087\" \/><\/p>\n<div class=\"leggi-anche\">Leggi anche:<\/div>\n<p><strong><a href=\"https:\/\/www.holyart.it\/blog\/articoli-religiosi\/il-vangelo-secondo-luca-dalla-nascita-miracolosa-allascensione-al-cielo\/\">Il Vangelo secondo Luca<\/a><\/strong><br \/>\nIl Vangelo secondo Luca \u00e8 uno dei tre Vangeli sinottici. Ma chi era davvero Luca? e quali i temi principali del suo Vangelo?<\/p>\n<\/div>\n<h2>Ges\u00f9 parte della storia del popolo ebraico<\/h2>\n<p>Iniziare la storia di un personaggio elencando la sua genealogia era tipico soprattutto del mondo orientale. Nel caso dei Vangeli, poi, la necessit\u00e0 di creare intorno alla figura di Ges\u00f9 Cristo una <strong>base storica <\/strong>che lo collegasse in modo incontestabile alla storia del popolo ebraico, appare ancora pi\u00f9 evidente. Grazie a queste due genealogie Ges\u00f9 diventa <strong>parte integrante della storia dell&#8217;Ebraismo<\/strong> e dei suoi tre grandi Padri: <strong>Abramo, Mos\u00e8 e Davide<\/strong>. Per i cristiani che provenivano dall&#8217;ebraismo era fondamentale poter inserire la figura di Ges\u00f9 all&#8217;interno della storia del loro popolo e dei Padri. Era anche un modo per sostenere la pretesa della comunit\u00e0 cristiana di <strong>riconoscere Ges\u00f9 come il Messia<\/strong>.<br \/>\nNon \u00e8 un caso se in entrambe le genealogie <strong>Giuseppe<\/strong> non viene presentarlo come padre biologico di Ges\u00f9, ma come padre adottivo. Ai due evangelisti occorreva creare una <strong>parentela tra il Messia e Re Davide<\/strong>, ricollegandosi con la profezia del profeta Isaia:<\/p>\n<p><em>\u201cUn germoglio spunter\u00e0 dal tronco di Iesse, un virgulto germoglier\u00e0 dalle sue radici. Su di lui si poser\u00e0 lo Spirito del Signore, spirito di sapienza e d\u2019intelligenza, spirito di consiglio e di fortezza, spirito di conoscenza e di timore del Signore. (\u2026) Il lupo dimorer\u00e0 insieme con l\u2019agnello; il leopardo si sdraier\u00e0 accanto al capretto; il vitello e il leoncello pascoleranno insieme e un piccolo fanciullo li guider\u00e0\u201d<\/em> (Is 11,1-10)<\/p>\n<p>Iesse, o Jesse era il padre di Re Davide.<\/p>\n<p>Ma c&#8217;\u00e8 di pi\u00f9. Tanto Matteo quanto Luca indicano Ges\u00f9 come <strong>compimento della storia dell&#8217;Alleanza e della promessa di Salvezza <\/strong>intercorsa tra Dio e l&#8217;uomo. Per Matteo questa storia ha inizio con <strong>Abramo<\/strong>, per Luca coincide con la nascita stessa dell&#8217;umanit\u00e0, incarnata da <strong>Adamo<\/strong>.<\/p>\n<p>Va detto che Matteo si rivolgeva soprattutto ai <strong>Giudeo-Cristiani,<\/strong> e per questo porre all&#8217;inizio della genealogia Abramo, considerato il Padre del Popolo Eletto, \u00e8 un modo per rimarcare la <strong>continuit\u00e0 tra ebraismo e Cristianesimo<\/strong>.<\/p>\n<p>Luca invece si rivolgeva anche a <strong>cristiani di origine pagana<\/strong>, che non avevano conosciuto le tradizioni del mondo ebraico. Per questo fa risalire l&#8217;origine di Ges\u00f9 ancora pi\u00f9 indietro, ad Adamo, che lui definisce\u00a0<em>Figlio di Dio<\/em>, inserendo la figura di Ges\u00f9 in un contesto pi\u00f9 ampio, che fa riferimento alle diverse dinastie giudaiche e ai dieci patriarchi antidiluviani (Adamo, Set, Enos, Cainan, Maalale\u00e8l, Iared, Enoc, Matusalemme, Lamec, No\u00e8) e ai dieci postdiluviani (Sem, Arpacsad, Selach, Eber, Peleg, Reu, Serug, Nacor, Terach, Abramo).<\/p>\n<h2>Ebraismo e cristianesimo differenze<\/h2>\n<p>Tutta questa preoccupazione da parte di Matteo di valorizzare la discendenza di Abramo fino a Ges\u00f9, e di Luca di andare perfino oltre, affondando nelle radici stesse dell&#8217;umanit\u00e0, ci ricollega alle <strong>differenze tra\u00a0 ebraismo e cristianesimo<\/strong>, che abbiamo gi\u00e0 preso in esame in un <a href=\"https:\/\/www.holyart.it\/blog\/articoli-religiosi\/le-differenze-ebraismo-cristianesimo\/\"><strong>articolo precedente<\/strong><\/a><strong>.<\/strong> Per un Cristiano \u00e8 scontato pensare a <strong>Ges\u00f9 come figlio di Dio<\/strong>, poich\u00e9 tutta l&#8217;educazione religiosa che riceve fin da piccolo verte proprio su questa Sua ineluttabile identit\u00e0. Per gli Ebrei di oggi, e ancora di pi\u00f9 per quelli del tempo in cui gli evangelisti scrivevano, <strong>Ges\u00f9 era stato un semplice profeta.<\/strong><\/p>\n<div class=\"link-article\">\n<p><img loading=\"lazy\" decoding=\"async\" class=\"alignleft size-full wp-image-10090\" src=\"https:\/\/blog.holyart.it\/it\/wp-content\/uploads\/sites\/17\/2020\/07\/differenze-tra-ebraismo-e-cristianesimo.jpg\" alt=\"differenze-tra-ebraismo-e-cristianesimo\" width=\"150\" height=\"99\" data-kale-share-title=\"La discendenza di Abramo fino a Ges\u00f9\" data-kale-share-url=\"https:\/\/blog.holyart.it\/it\/?p=10087\" \/><\/p>\n<div class=\"leggi-anche\">Leggi anche:<\/div>\n<p><strong><a href=\"https:\/\/www.holyart.it\/blog\/articoli-religiosi\/le-differenze-ebraismo-cristianesimo\/\">Le differenze tra ebraismo e cristianesimo<\/a><\/strong><br \/>\nQuali sono le differenze tra Ebraismo e Cristianesimo? Il Dio degli Ebrei \u00e8 lo stesso dei Cristiani? Cerchiamo di scoprire insieme&#8230;<\/p>\n<\/div>\n<p>Dunque era di importanza fondamentale per convertire gli ebrei al Cristianesimo nobilitare il pi\u00f9 possibile anche la Sua figura terrena, in modo da renderlo riconoscibile come il Messia tanto atteso.<br \/>\nSe la religione Cristiana comincia con Ges\u00f9, quella ebraica inizia con <strong>Abramo<\/strong>, il primo uomo a cui Dio si \u00e8 rivolto. L&#8217;alleanza tra Dio e gli uomini, sempre secondo gli ebrei, si approfond\u00ec poi grazie a\u00a0<a href=\"https:\/\/www.holyart.it\/it\/articoli-religiosi\/dvd-religiosi\/mose\"><strong>Mos\u00e8<\/strong><\/a>, che ricevette da Dio i Dieci Comandamenti, guida di vita e fede.<br \/>\nAncora oggi onorare e perseguire il proprio rapporto con Dio attraverso lo studio e la preghiera, ricollegandosi a quanto fatto di<strong> Padri<\/strong> prima di lui, \u00e8 uno dei doveri fondamentali di ogni uomo ebreo. Ecco un&#8217;altra conferma dell&#8217;importanza delle genealogie di Matteo e Luca.<\/p>\n<div class=\"link-product\">\n<div class=\"blocco-immagine\"><img loading=\"lazy\" decoding=\"async\" class=\"alignnone size-full wp-image-10096\" src=\"https:\/\/blog.holyart.it\/it\/wp-content\/uploads\/sites\/17\/2020\/07\/mose.jpg\" alt=\"mose\" width=\"100\" height=\"100\" data-kale-share-title=\"La discendenza di Abramo fino a Ges\u00f9\" data-kale-share-url=\"https:\/\/blog.holyart.it\/it\/?p=10087\" \/><\/div>\n<div class=\"blocco-contenuto\">\n<div class=\"blocco-acquista\">Acquista su Holyart:<\/div>\n<div class=\"blocco-titolo\"><a href=\"https:\/\/www.holyart.it\/it\/articoli-religiosi\/dvd-religiosi\/mose\">Mos\u00e8<\/a><\/div>\n<div class=\"blocco-descrizione\">La storia di Mos\u00e8<\/div>\n<\/div>\n<\/div>\n<h2>Il valore dei numeri<\/h2>\n<p>Non dobbiamo poi dimenticare il <strong>valore simbolico<\/strong> delle due genealogie. Intanto notiamo come ricorra il <strong>numero sette<\/strong>, il numero favorito nella tradizione ebraica, che indicava l&#8217;associazione con Dio e rappresentava la santificazione e la purificazione. Solo per fare un esempio, le pi\u00f9 importanti feste ebraiche duravano sette giorni, e la <strong><a href=\"https:\/\/www.holyart.it\/it\/accessori-per-la-liturgia\/portacandele-portaceri-candelabri\/candelabri\/candelabro-menorah-7-fiamme-ottone-dorato-altezza-35-cm\">Menorah<\/a><\/strong>, il <strong><a href=\"https:\/\/www.holyart.it\/blog\/articoli-religiosi\/la-menorah-storia-e-significato-del-candelabro-ebraico\/\">candelabro simbolo della religione ebraica<\/a><\/strong>, ha sette bracci.<\/p>\n<div class=\"link-product\">\n<div class=\"blocco-immagine\"><img loading=\"lazy\" decoding=\"async\" class=\"alignnone size-full wp-image-10091\" src=\"https:\/\/blog.holyart.it\/it\/wp-content\/uploads\/sites\/17\/2020\/07\/menorah.jpg\" alt=\"menorah\" width=\"100\" height=\"100\" data-kale-share-title=\"La discendenza di Abramo fino a Ges\u00f9\" data-kale-share-url=\"https:\/\/blog.holyart.it\/it\/?p=10087\" \/><\/div>\n<div class=\"blocco-contenuto\">\n<div class=\"blocco-acquista\">Acquista su Holyart:<\/div>\n<div class=\"blocco-titolo\"><a href=\"https:\/\/www.holyart.it\/it\/accessori-per-la-liturgia\/portacandele-portaceri-candelabri\/candelabri\/candelabro-menorah-7-fiamme-ottone-dorato-altezza-35-cm\">Candelabro Menorah 7 fiamme<\/a><\/div>\n<div class=\"blocco-descrizione\">Candelabro realizzato in ottone dorato<\/div>\n<\/div>\n<\/div>\n<p>Anche il <strong>numero tre <\/strong>aveva una valenza simbolica: ripetere per tre volte un gesto o una parola li caricava di un potere e una completezza maggiori. Nelle Sacre Scritture il numero tre ricorre spesso: pensiamo alle tre tentazioni di Ges\u00f9, a <strong><a href=\"https:\/\/www.holyart.it\/blog\/santi-e-beati\/san-pietro-e-paolo-perche-vengono-festeggiati-insieme\/\">Pietro<\/a> <\/strong>che rinnega per tre volte il Maestro, e cos\u00ec via.<\/p>\n<div class=\"link-article\">\n<p><img loading=\"lazy\" decoding=\"async\" class=\"alignleft size-full wp-image-10092\" src=\"https:\/\/blog.holyart.it\/it\/wp-content\/uploads\/sites\/17\/2020\/07\/santi-pietro-e-paolo.jpg\" alt=\"santi-pietro-e-paolo\" width=\"150\" height=\"99\" data-kale-share-title=\"La discendenza di Abramo fino a Ges\u00f9\" data-kale-share-url=\"https:\/\/blog.holyart.it\/it\/?p=10087\" \/><\/p>\n<div class=\"leggi-anche\">Leggi anche:<\/div>\n<p><strong><a href=\"https:\/\/www.holyart.it\/blog\/santi-e-beati\/san-pietro-e-paolo-perche-vengono-festeggiati-insieme\/\">San Pietro e Paolo, perch\u00e9 vengono festeggiati insieme?<\/a><\/strong><br \/>\nIl 29 giorno si festeggiano San Pietro e Paolo. Due apostoli, due uomini diversissimi tra loro&#8230;<\/p>\n<\/div>\n<p>Nella genealogia di Matteo, che parte da Abramo e arriva a Ges\u00f9, possiamo individuare <strong>tre gruppi<\/strong> di <strong>quattordici <\/strong>nomi (multiplo di sette), cio\u00e8 <strong>sei settenari<\/strong>. Ges\u00f9 \u00e8 il primo nome del <strong>settimo gruppo<\/strong>.<br \/>\nNella genealogia di Luca, che va da Adamo a Ges\u00f9, i nomi contemplati sono quelli di <strong>settantasette<\/strong> antenati, che possiamo dividere in <strong>undici settenari<\/strong>. Ges\u00f9 \u00e8 il primo nome del dodicesimo gruppo.<\/p>\n<p>I riferimenti numerici sono molti e altri, e ci fanno comprendere come queste genealogie non debbano essere lette come documenti anagrafici, ma<strong> teologici<\/strong>, dove tutto \u00e8 finalizzato a esprimere nel modo pi\u00f9 convincente possibile un messaggio spirituale.<\/p>\n<h2>Ges\u00f9, Adamo e l&#8217;albero della vita<\/h2>\n<p>Abbiamo detto che per Luca la storia della Salvezza comincia con i nostri progenitori, <a href=\"https:\/\/www.holyart.it\/blog\/articoli-religiosi\/la-storia-adamo-ed-eva\/\"><strong>Adamo ed Eva<\/strong><\/a>, e si conclude con Ges\u00f9. Approfondire il legame tra Ges\u00f9 e Adamo richiederebbe molto pi\u00f9 spazio, perch\u00e9 \u00e8 davvero fondamentale nella storia della religione cristiana.<\/p>\n<div class=\"link-article\">\n<p><img loading=\"lazy\" decoding=\"async\" class=\"alignleft size-full wp-image-10093\" src=\"https:\/\/blog.holyart.it\/it\/wp-content\/uploads\/sites\/17\/2020\/07\/storia-adamo-ed-eva.jpg\" alt=\"storia-adamo-ed-eva\" width=\"150\" height=\"99\" data-kale-share-title=\"La discendenza di Abramo fino a Ges\u00f9\" data-kale-share-url=\"https:\/\/blog.holyart.it\/it\/?p=10087\" \/><\/p>\n<div class=\"leggi-anche\">Leggi anche:<\/div>\n<p><strong><a href=\"https:\/\/www.holyart.it\/blog\/articoli-religiosi\/la-storia-adamo-ed-eva\/\">La storia di Adamo ed Eva<\/a><\/strong><br \/>\nChi non conosce la storia di Adamo ed Eva, il primo uomo e la prima donna? Ma siamo poi cos\u00ec sicuri di conoscerla davvero?<\/p>\n<\/div>\n<p>Adamo \u00e8 stato il <strong>primo uomo<\/strong>, creato da Dio a Sua immagine e somiglianza, e tuttavia fallace, tanto da tradire la fiducia del Suo Creatore e commettere il Peccato originale.<br \/>\nGes\u00f9, <strong>uomo nuovo<\/strong>, Dio fattosi carne, \u00e8 il <strong>nuovo Adamo<\/strong>, tornato nel mondo per salvare l&#8217;umanit\u00e0 dai propri peccati. Dove Adamo era imperfetto, <strong>Ges\u00f9 \u00e8 perfezione<\/strong>, e nel Suo sacrificio l&#8217;umanit\u00e0 ritrova l&#8217;innocenza perduta dell&#8217;Eden, e con essa il dono dell&#8217;immortalit\u00e0 che un tempo era garantita dai frutti dell&#8217;<strong><a href=\"https:\/\/www.holyart.it\/blog\/articoli-religiosi\/significato-dellalbero-della-vita\/\">Albero della vita<\/a>,<\/strong> che cresceva nel cuore del Paradiso terrestre. In Ges\u00f9 l&#8217;Albero della Vita torna a fiorire, ed \u00e8 la <strong>Croce<\/strong>, simbolo di infinito amore e vita eterna per chi \u00e8 disposto a mangiarne il frutto.<\/p>\n<div class=\"link-article\">\n<p><img loading=\"lazy\" decoding=\"async\" class=\"alignleft size-full wp-image-10095\" src=\"https:\/\/blog.holyart.it\/it\/wp-content\/uploads\/sites\/17\/2020\/07\/albero-della-vita.jpg\" alt=\"albero-della-vita\" width=\"150\" height=\"99\" data-kale-share-title=\"La discendenza di Abramo fino a Ges\u00f9\" data-kale-share-url=\"https:\/\/blog.holyart.it\/it\/?p=10087\" \/><\/p>\n<div class=\"leggi-anche\">Leggi anche:<\/div>\n<p><strong><a href=\"https:\/\/www.holyart.it\/blog\/articoli-religiosi\/significato-dellalbero-della-vita\/\">Il significato dell\u2019albero della vita<\/a><\/strong><br \/>\nTutte le religioni, dalle origini della storia dell\u2019uomo, sono legate in qualche modo agli alberi&#8230;<\/p>\n<\/div>\n<h2>Le donne nella genealogia di Ges\u00f9<\/h2>\n<p>Un elemento sorprendente nella discendenza di Abramo presentata da Matteo \u00e8 la presenza di <strong>quattro donne, a cui si aggiunge <a href=\"https:\/\/www.holyart.it\/blog\/articoli-religiosi\/da-eva-a-maria-la-figura-della-madre-nelle-sacre-scritture\/\">Maria, madre di Ges\u00f9<\/a><\/strong>. Sorprendente e insolita, perch\u00e9 nelle genealogie del mondo ebraico non esisteva il concetto di genitori, ma solo di padri che generavano figli. Oltretutto le donne menzionate nella genealogia di Ges\u00f9, esclusa sua madre Maria, non sono personaggi famosi legati alla storia del popolo ebraico, ma donne pagane dalla reputazione incerta, come <em>Tamar<\/em>, protagonista di un caso d\u2019incesto, o <em>Racab<\/em>, prostituta per professione. Anche <em>Rut<\/em>, rimasta vedova, concep\u00ec Obed, bisnonno del Re Davide, fuori dal matrimonio, mentre\u00a0Betsabea si fece sedurre da Davide pur essendo sposata, e diede alla luce Salomone.<\/p>\n<div class=\"link-article\">\n<p><img loading=\"lazy\" decoding=\"async\" class=\"size-full wp-image-10097 alignleft\" src=\"https:\/\/blog.holyart.it\/it\/wp-content\/uploads\/sites\/17\/2020\/07\/picasso-madre-1.jpg\" alt=\"picasso-madre\" width=\"150\" height=\"99\" data-kale-share-title=\"La discendenza di Abramo fino a Ges\u00f9\" data-kale-share-url=\"https:\/\/blog.holyart.it\/it\/?p=10087\" \/><\/p>\n<div class=\"leggi-anche\">Leggi anche:<\/div>\n<p><strong><a href=\"https:\/\/www.holyart.it\/blog\/articoli-religiosi\/da-eva-a-maria-la-figura-della-madre-nelle-sacre-scritture\/\">Da Eva a Maria: la figura della Madre nelle sacre scritture<\/a><\/strong><br \/>\nLa madre, pilastro di ogni famiglia, cuore pulsante e fonte di vita per chi gravita intorno a lei&#8230;<\/p>\n<\/div>\n<p>Tra le varie teorie sulle regioni dell&#8217;inserimento di queste quattro figure femminili nella discendenza di Abramo elencata da Matteo, \u00e8 stata valutata la possibilit\u00e0 che, in quanto <strong>peccatrici<\/strong>, tutte esprimano il <strong>messaggio di salvezza e espiazione dai peccati<\/strong> incarnato da Ges\u00f9.<\/p>\n<p>Inoltre erano tutte <strong>straniere<\/strong>, e vivevano una <strong>condizione irregolare con gli uomini<\/strong>, compresa Maria, sposa di Giuseppe, che tuttavia non era il padre di suo Figlio.<\/p>\n<p>Matteo forse ha voluto mostrare la grandezza di Dio, che ha saputo rendere queste donne <strong>madri <\/strong>nonostante le difficolt\u00e0, o forse allargare la contestualizzazione della figura di Ges\u00f9, sostenendo che egli non aveva solo sangue ebreo, ma anche straniero, in virt\u00f9 della sua parentela con queste donne.<\/p>\n<p>Va detto che le quattro peccatrici citate non sono gli unici <strong>personaggi controversi<\/strong> presenti nella genealogia di Ges\u00f9. Davide, Salomone, Acab e Manasse si macchiarono di azioni indegne, perfino sanguinose.<br \/>\nMa anche questo fa parte del messaggio che l&#8217;evangelista Matteo voleva esprimere, ovvero che Ges\u00f9, <strong>discendente dei Padri del popolo ebraico<\/strong>, ma anche <strong>incarnazione di Dio<\/strong>, che sceglie di scendere tra gli uomini, pur consapevole delle loro imperfezioni, \u00e8 il nuovo Adamo, l&#8217;uomo nuovo creato a immagine\u00a0somiglianza di Dio per redimere l&#8217;umanit\u00e0 intera.<\/p>\n","protected":false},"excerpt":{"rendered":"<p>La discendenza d&#8217;Abramo, ovvero la genealogia di Ges\u00f9, ha un&#8217;importanza fondamentale nella storia del Cristianesimo e pu\u00f2 essere considerata un compendio dell&#8217;intera storia del popolo ebraico. Scopriamo perch\u00e9. Perch\u00e9 nel primo libro del Vangelo di Matteo e nel terzo del Vangelo di Luca per introdurre&hellip;<\/p>\n","protected":false},"author":1,"featured_media":10098,"comment_status":"closed","ping_status":"open","sticky":false,"template":"","format":"standard","meta":{"_acf_changed":false,"footnotes":""},"categories":[16],"tags":[],"class_list":["post-10087","post","type-post","status-publish","format-standard","has-post-thumbnail","hentry","category-articoli-religiosi"],"acf":[],"yoast_head":"<!-- This site is optimized with the Yoast SEO plugin v26.6 - https:\/\/yoast.com\/wordpress\/plugins\/seo\/ -->\n<title>La discendenza di Abramo fino a Ges\u00f9 - Holyblog<\/title>\n<meta name=\"description\" content=\"La discendenza d&#039;Abramo e fondamentale nella storia del Cristianesimo e pu\u00f2 essere considerata un compendio dell&#039;intera storia del popolo ebraico.\" \/>\n<meta name=\"robots\" content=\"index, follow, max-snippet:-1, max-image-preview:large, max-video-preview:-1\" \/>\n<link rel=\"canonical\" href=\"https:\/\/blog.holyart.it\/it\/articoli-religiosi\/la-discendenza-di-abramo-fino-a-gesu\/\" \/>\n<meta property=\"og:locale\" content=\"it_IT\" \/>\n<meta property=\"og:type\" content=\"article\" \/>\n<meta property=\"og:title\" content=\"La discendenza di Abramo fino a Ges\u00f9 - Holyblog\" \/>\n<meta property=\"og:description\" content=\"La discendenza d&#039;Abramo e fondamentale nella storia del Cristianesimo e pu\u00f2 essere considerata un compendio dell&#039;intera storia del popolo ebraico.\" \/>\n<meta property=\"og:url\" content=\"https:\/\/blog.holyart.it\/it\/articoli-religiosi\/la-discendenza-di-abramo-fino-a-gesu\/\" \/>\n<meta property=\"og:site_name\" content=\"Holyblog\" \/>\n<meta property=\"article:published_time\" content=\"2020-07-30T15:53:58+00:00\" \/>\n<meta property=\"article:modified_time\" content=\"2025-04-23T15:47:58+00:00\" \/>\n<meta property=\"og:image\" content=\"https:\/\/blog.holyart.it\/it\/wp-content\/uploads\/sites\/17\/2020\/07\/Discendenza-di-Abramo.jpeg\" \/>\n\t<meta property=\"og:image:width\" content=\"1000\" \/>\n\t<meta property=\"og:image:height\" content=\"659\" \/>\n\t<meta property=\"og:image:type\" content=\"image\/jpeg\" \/>\n<meta name=\"author\" content=\"Redazione\" \/>\n<meta name=\"twitter:card\" content=\"summary_large_image\" \/>\n<meta name=\"twitter:label1\" content=\"Scritto da\" \/>\n\t<meta name=\"twitter:data1\" content=\"Redazione\" \/>\n\t<meta name=\"twitter:label2\" content=\"Tempo di lettura stimato\" \/>\n\t<meta name=\"twitter:data2\" content=\"11 minuti\" \/>\n<script type=\"application\/ld+json\" class=\"yoast-schema-graph\">{\"@context\":\"https:\/\/schema.org\",\"@graph\":[{\"@type\":\"Article\",\"@id\":\"https:\/\/blog.holyart.it\/it\/articoli-religiosi\/la-discendenza-di-abramo-fino-a-gesu\/#article\",\"isPartOf\":{\"@id\":\"https:\/\/blog.holyart.it\/it\/articoli-religiosi\/la-discendenza-di-abramo-fino-a-gesu\/\"},\"author\":{\"name\":\"Redazione\",\"@id\":\"https:\/\/blog.holyart.it\/it\/#\/schema\/person\/0a7b686e5af0f856ec1e390dd0baecda\"},\"headline\":\"La discendenza di Abramo fino a Ges\u00f9\",\"datePublished\":\"2020-07-30T15:53:58+00:00\",\"dateModified\":\"2025-04-23T15:47:58+00:00\",\"mainEntityOfPage\":{\"@id\":\"https:\/\/blog.holyart.it\/it\/articoli-religiosi\/la-discendenza-di-abramo-fino-a-gesu\/\"},\"wordCount\":1627,\"publisher\":{\"@id\":\"https:\/\/blog.holyart.it\/it\/#organization\"},\"image\":{\"@id\":\"https:\/\/blog.holyart.it\/it\/articoli-religiosi\/la-discendenza-di-abramo-fino-a-gesu\/#primaryimage\"},\"thumbnailUrl\":\"https:\/\/blog.holyart.it\/it\/wp-content\/uploads\/sites\/17\/2020\/07\/Discendenza-di-Abramo.jpeg\",\"articleSection\":[\"Religione\"],\"inLanguage\":\"it-IT\"},{\"@type\":\"WebPage\",\"@id\":\"https:\/\/blog.holyart.it\/it\/articoli-religiosi\/la-discendenza-di-abramo-fino-a-gesu\/\",\"url\":\"https:\/\/blog.holyart.it\/it\/articoli-religiosi\/la-discendenza-di-abramo-fino-a-gesu\/\",\"name\":\"La discendenza di Abramo fino a Ges\u00f9 - Holyblog\",\"isPartOf\":{\"@id\":\"https:\/\/blog.holyart.it\/it\/#website\"},\"primaryImageOfPage\":{\"@id\":\"https:\/\/blog.holyart.it\/it\/articoli-religiosi\/la-discendenza-di-abramo-fino-a-gesu\/#primaryimage\"},\"image\":{\"@id\":\"https:\/\/blog.holyart.it\/it\/articoli-religiosi\/la-discendenza-di-abramo-fino-a-gesu\/#primaryimage\"},\"thumbnailUrl\":\"https:\/\/blog.holyart.it\/it\/wp-content\/uploads\/sites\/17\/2020\/07\/Discendenza-di-Abramo.jpeg\",\"datePublished\":\"2020-07-30T15:53:58+00:00\",\"dateModified\":\"2025-04-23T15:47:58+00:00\",\"description\":\"La discendenza d'Abramo e fondamentale nella storia del Cristianesimo e pu\u00f2 essere considerata un compendio dell'intera storia del popolo ebraico.\",\"breadcrumb\":{\"@id\":\"https:\/\/blog.holyart.it\/it\/articoli-religiosi\/la-discendenza-di-abramo-fino-a-gesu\/#breadcrumb\"},\"inLanguage\":\"it-IT\",\"potentialAction\":[{\"@type\":\"ReadAction\",\"target\":[\"https:\/\/blog.holyart.it\/it\/articoli-religiosi\/la-discendenza-di-abramo-fino-a-gesu\/\"]}]},{\"@type\":\"ImageObject\",\"inLanguage\":\"it-IT\",\"@id\":\"https:\/\/blog.holyart.it\/it\/articoli-religiosi\/la-discendenza-di-abramo-fino-a-gesu\/#primaryimage\",\"url\":\"https:\/\/blog.holyart.it\/it\/wp-content\/uploads\/sites\/17\/2020\/07\/Discendenza-di-Abramo.jpeg\",\"contentUrl\":\"https:\/\/blog.holyart.it\/it\/wp-content\/uploads\/sites\/17\/2020\/07\/Discendenza-di-Abramo.jpeg\",\"width\":1000,\"height\":659,\"caption\":\"Discendenza di Abramo\"},{\"@type\":\"BreadcrumbList\",\"@id\":\"https:\/\/blog.holyart.it\/it\/articoli-religiosi\/la-discendenza-di-abramo-fino-a-gesu\/#breadcrumb\",\"itemListElement\":[{\"@type\":\"ListItem\",\"position\":1,\"name\":\"Homepage\",\"item\":\"https:\/\/blog.holyart.it\/it\/\"},{\"@type\":\"ListItem\",\"position\":2,\"name\":\"Religione\",\"item\":\"https:\/\/blog.holyart.it\/it\/articoli-religiosi\/\"},{\"@type\":\"ListItem\",\"position\":3,\"name\":\"La discendenza di Abramo fino a Ges\u00f9\"}]},{\"@type\":\"WebSite\",\"@id\":\"https:\/\/blog.holyart.it\/it\/#website\",\"url\":\"https:\/\/blog.holyart.it\/it\/\",\"name\":\"Holyblog\",\"description\":\"Il Blog di Holyart.it\",\"publisher\":{\"@id\":\"https:\/\/blog.holyart.it\/it\/#organization\"},\"potentialAction\":[{\"@type\":\"SearchAction\",\"target\":{\"@type\":\"EntryPoint\",\"urlTemplate\":\"https:\/\/blog.holyart.it\/it\/?s={search_term_string}\"},\"query-input\":{\"@type\":\"PropertyValueSpecification\",\"valueRequired\":true,\"valueName\":\"search_term_string\"}}],\"inLanguage\":\"it-IT\"},{\"@type\":\"Organization\",\"@id\":\"https:\/\/blog.holyart.it\/it\/#organization\",\"name\":\"Holyblog\",\"url\":\"https:\/\/blog.holyart.it\/it\/\",\"logo\":{\"@type\":\"ImageObject\",\"inLanguage\":\"it-IT\",\"@id\":\"https:\/\/blog.holyart.it\/it\/#\/schema\/logo\/image\/\",\"url\":\"https:\/\/blog.holyart.it\/it\/wp-content\/uploads\/sites\/17\/2022\/12\/Holyart_Blog_Logo.jpg\",\"contentUrl\":\"https:\/\/blog.holyart.it\/it\/wp-content\/uploads\/sites\/17\/2022\/12\/Holyart_Blog_Logo.jpg\",\"width\":300,\"height\":50,\"caption\":\"Holyblog\"},\"image\":{\"@id\":\"https:\/\/blog.holyart.it\/it\/#\/schema\/logo\/image\/\"}},{\"@type\":\"Person\",\"@id\":\"https:\/\/blog.holyart.it\/it\/#\/schema\/person\/0a7b686e5af0f856ec1e390dd0baecda\",\"name\":\"Redazione\"}]}<\/script>\n<!-- \/ Yoast SEO plugin. -->","yoast_head_json":{"title":"La discendenza di Abramo fino a Ges\u00f9 - Holyblog","description":"La discendenza d'Abramo e fondamentale nella storia del Cristianesimo e pu\u00f2 essere considerata un compendio dell'intera storia del popolo ebraico.","robots":{"index":"index","follow":"follow","max-snippet":"max-snippet:-1","max-image-preview":"max-image-preview:large","max-video-preview":"max-video-preview:-1"},"canonical":"https:\/\/blog.holyart.it\/it\/articoli-religiosi\/la-discendenza-di-abramo-fino-a-gesu\/","og_locale":"it_IT","og_type":"article","og_title":"La discendenza di Abramo fino a Ges\u00f9 - Holyblog","og_description":"La discendenza d'Abramo e fondamentale nella storia del Cristianesimo e pu\u00f2 essere considerata un compendio dell'intera storia del popolo ebraico.","og_url":"https:\/\/blog.holyart.it\/it\/articoli-religiosi\/la-discendenza-di-abramo-fino-a-gesu\/","og_site_name":"Holyblog","article_published_time":"2020-07-30T15:53:58+00:00","article_modified_time":"2025-04-23T15:47:58+00:00","og_image":[{"width":1000,"height":659,"url":"https:\/\/blog.holyart.it\/it\/wp-content\/uploads\/sites\/17\/2020\/07\/Discendenza-di-Abramo.jpeg","type":"image\/jpeg"}],"author":"Redazione","twitter_card":"summary_large_image","twitter_misc":{"Scritto da":"Redazione","Tempo di lettura stimato":"11 minuti"},"schema":{"@context":"https:\/\/schema.org","@graph":[{"@type":"Article","@id":"https:\/\/blog.holyart.it\/it\/articoli-religiosi\/la-discendenza-di-abramo-fino-a-gesu\/#article","isPartOf":{"@id":"https:\/\/blog.holyart.it\/it\/articoli-religiosi\/la-discendenza-di-abramo-fino-a-gesu\/"},"author":{"name":"Redazione","@id":"https:\/\/blog.holyart.it\/it\/#\/schema\/person\/0a7b686e5af0f856ec1e390dd0baecda"},"headline":"La discendenza di Abramo fino a Ges\u00f9","datePublished":"2020-07-30T15:53:58+00:00","dateModified":"2025-04-23T15:47:58+00:00","mainEntityOfPage":{"@id":"https:\/\/blog.holyart.it\/it\/articoli-religiosi\/la-discendenza-di-abramo-fino-a-gesu\/"},"wordCount":1627,"publisher":{"@id":"https:\/\/blog.holyart.it\/it\/#organization"},"image":{"@id":"https:\/\/blog.holyart.it\/it\/articoli-religiosi\/la-discendenza-di-abramo-fino-a-gesu\/#primaryimage"},"thumbnailUrl":"https:\/\/blog.holyart.it\/it\/wp-content\/uploads\/sites\/17\/2020\/07\/Discendenza-di-Abramo.jpeg","articleSection":["Religione"],"inLanguage":"it-IT"},{"@type":"WebPage","@id":"https:\/\/blog.holyart.it\/it\/articoli-religiosi\/la-discendenza-di-abramo-fino-a-gesu\/","url":"https:\/\/blog.holyart.it\/it\/articoli-religiosi\/la-discendenza-di-abramo-fino-a-gesu\/","name":"La discendenza di Abramo fino a Ges\u00f9 - Holyblog","isPartOf":{"@id":"https:\/\/blog.holyart.it\/it\/#website"},"primaryImageOfPage":{"@id":"https:\/\/blog.holyart.it\/it\/articoli-religiosi\/la-discendenza-di-abramo-fino-a-gesu\/#primaryimage"},"image":{"@id":"https:\/\/blog.holyart.it\/it\/articoli-religiosi\/la-discendenza-di-abramo-fino-a-gesu\/#primaryimage"},"thumbnailUrl":"https:\/\/blog.holyart.it\/it\/wp-content\/uploads\/sites\/17\/2020\/07\/Discendenza-di-Abramo.jpeg","datePublished":"2020-07-30T15:53:58+00:00","dateModified":"2025-04-23T15:47:58+00:00","description":"La discendenza d'Abramo e fondamentale nella storia del Cristianesimo e pu\u00f2 essere considerata un compendio dell'intera storia del popolo ebraico.","breadcrumb":{"@id":"https:\/\/blog.holyart.it\/it\/articoli-religiosi\/la-discendenza-di-abramo-fino-a-gesu\/#breadcrumb"},"inLanguage":"it-IT","potentialAction":[{"@type":"ReadAction","target":["https:\/\/blog.holyart.it\/it\/articoli-religiosi\/la-discendenza-di-abramo-fino-a-gesu\/"]}]},{"@type":"ImageObject","inLanguage":"it-IT","@id":"https:\/\/blog.holyart.it\/it\/articoli-religiosi\/la-discendenza-di-abramo-fino-a-gesu\/#primaryimage","url":"https:\/\/blog.holyart.it\/it\/wp-content\/uploads\/sites\/17\/2020\/07\/Discendenza-di-Abramo.jpeg","contentUrl":"https:\/\/blog.holyart.it\/it\/wp-content\/uploads\/sites\/17\/2020\/07\/Discendenza-di-Abramo.jpeg","width":1000,"height":659,"caption":"Discendenza di Abramo"},{"@type":"BreadcrumbList","@id":"https:\/\/blog.holyart.it\/it\/articoli-religiosi\/la-discendenza-di-abramo-fino-a-gesu\/#breadcrumb","itemListElement":[{"@type":"ListItem","position":1,"name":"Homepage","item":"https:\/\/blog.holyart.it\/it\/"},{"@type":"ListItem","position":2,"name":"Religione","item":"https:\/\/blog.holyart.it\/it\/articoli-religiosi\/"},{"@type":"ListItem","position":3,"name":"La discendenza di Abramo fino a Ges\u00f9"}]},{"@type":"WebSite","@id":"https:\/\/blog.holyart.it\/it\/#website","url":"https:\/\/blog.holyart.it\/it\/","name":"Holyblog","description":"Il Blog di Holyart.it","publisher":{"@id":"https:\/\/blog.holyart.it\/it\/#organization"},"potentialAction":[{"@type":"SearchAction","target":{"@type":"EntryPoint","urlTemplate":"https:\/\/blog.holyart.it\/it\/?s={search_term_string}"},"query-input":{"@type":"PropertyValueSpecification","valueRequired":true,"valueName":"search_term_string"}}],"inLanguage":"it-IT"},{"@type":"Organization","@id":"https:\/\/blog.holyart.it\/it\/#organization","name":"Holyblog","url":"https:\/\/blog.holyart.it\/it\/","logo":{"@type":"ImageObject","inLanguage":"it-IT","@id":"https:\/\/blog.holyart.it\/it\/#\/schema\/logo\/image\/","url":"https:\/\/blog.holyart.it\/it\/wp-content\/uploads\/sites\/17\/2022\/12\/Holyart_Blog_Logo.jpg","contentUrl":"https:\/\/blog.holyart.it\/it\/wp-content\/uploads\/sites\/17\/2022\/12\/Holyart_Blog_Logo.jpg","width":300,"height":50,"caption":"Holyblog"},"image":{"@id":"https:\/\/blog.holyart.it\/it\/#\/schema\/logo\/image\/"}},{"@type":"Person","@id":"https:\/\/blog.holyart.it\/it\/#\/schema\/person\/0a7b686e5af0f856ec1e390dd0baecda","name":"Redazione"}]}},"_links":{"self":[{"href":"https:\/\/blog.holyart.it\/it\/wp-json\/wp\/v2\/posts\/10087","targetHints":{"allow":["GET"]}}],"collection":[{"href":"https:\/\/blog.holyart.it\/it\/wp-json\/wp\/v2\/posts"}],"about":[{"href":"https:\/\/blog.holyart.it\/it\/wp-json\/wp\/v2\/types\/post"}],"author":[{"embeddable":true,"href":"https:\/\/blog.holyart.it\/it\/wp-json\/wp\/v2\/users\/1"}],"replies":[{"embeddable":true,"href":"https:\/\/blog.holyart.it\/it\/wp-json\/wp\/v2\/comments?post=10087"}],"version-history":[{"count":2,"href":"https:\/\/blog.holyart.it\/it\/wp-json\/wp\/v2\/posts\/10087\/revisions"}],"predecessor-version":[{"id":21820,"href":"https:\/\/blog.holyart.it\/it\/wp-json\/wp\/v2\/posts\/10087\/revisions\/21820"}],"wp:featuredmedia":[{"embeddable":true,"href":"https:\/\/blog.holyart.it\/it\/wp-json\/wp\/v2\/media\/10098"}],"wp:attachment":[{"href":"https:\/\/blog.holyart.it\/it\/wp-json\/wp\/v2\/media?parent=10087"}],"wp:term":[{"taxonomy":"category","embeddable":true,"href":"https:\/\/blog.holyart.it\/it\/wp-json\/wp\/v2\/categories?post=10087"},{"taxonomy":"post_tag","embeddable":true,"href":"https:\/\/blog.holyart.it\/it\/wp-json\/wp\/v2\/tags?post=10087"}],"curies":[{"name":"wp","href":"https:\/\/api.w.org\/{rel}","templated":true}]}}