{"id":10059,"date":"2020-07-24T18:28:24","date_gmt":"2020-07-24T16:28:24","guid":{"rendered":"https:\/\/blog.holyart.it\/it\/?p=10059"},"modified":"2023-07-26T11:49:45","modified_gmt":"2023-07-26T09:49:45","slug":"giornata-mondiale-dellamicizia","status":"publish","type":"post","link":"https:\/\/blog.holyart.it\/it\/articoli-religiosi\/giornata-mondiale-dellamicizia\/","title":{"rendered":"Giornata Mondiale dell&#8217;Amicizia"},"content":{"rendered":"<h4>Il 30 luglio \u00e8 la Giornata Mondiale dell&#8217;Amicizia, una festa nata per celebrare uno degli aspetti pi\u00f9 meravigliosi della convivenza tra uomini.<\/h4>\n<p>In occasione della <strong>Giornata Mondiale dell&#8217;Amicizia<\/strong> abbiamo voluto verificare qual \u00e8 la definizione esatta di questa forma di interazione, che caratterizza la storia dell&#8217;umanit\u00e0 fin dalle sue origini.<\/p>\n<p>Il dizionario fornisce una descrizione alquanto asciutta e austera, che non rende del tutto giustizia all&#8217;infinita gamma di sentimenti ed emozioni che caratterizzano questo legame:<\/p>\n<p><em><strong>AMICIZIA:<\/strong> Reciproco affetto, costante e operoso, tra persona e persona, nato da una scelta che tiene conto della conformit\u00e0 dei voleri o dei caratteri e da una prolungata consuetudine<\/em><\/p>\n<p>La definizione non \u00e8 sbagliata, perch\u00e9 davvero l&#8217;amicizia prevede <strong>affetto reciproco e duraturo<\/strong>, coniugato alla <strong>volont\u00e0 di aiutare il prossimo<\/strong> con parole e azioni.<\/p>\n<p>Quanto alla <em><strong>conformit\u00e0 di voleri e di caratteri<\/strong><\/em>, la misteriosa alchimia che fa scattare un legame tra due persone non dipende unicamente dalla somiglianza o dalla comunione di gusti e pensieri. Cos\u00ec come nelle relazioni amorose, spesso interviene una sorta di <strong>desiderio di complementarit\u00e0<\/strong>, come se nell&#8217;amico cercassimo qualcuno in grado di completarci, di incastrarsi a noi con tutte le sue differenze, non solo con le somiglianze.<\/p>\n<p><em>\u201cSenza amici nessuno sceglierebbe di vivere anche se possedesse tutti gli altri beni.\u201d<\/em><br \/>\nCos\u00ec scriveva <strong>Aristotele<\/strong> nel IV secolo a.C. Lo stesso famoso filosofo defin\u00ec <strong>l&#8217;uomo un animale sociale<\/strong>, che proprio nell&#8217;amicizia trova la forma pi\u00f9 soddisfacente e completa di convivenza.<\/p>\n<p>Certo Aristotele non poteva sapere che il <strong>cervello umano<\/strong> ha davvero bisogno in modo imprescindibile dell&#8217;<strong>interazione sociale <\/strong>per svilupparsi, godere di buona salute e soprattutto mantenersi vigile attivo. Studi recenti di prestigiose universit\u00e0 hanno dimostrato senza ombra di dubbio che l&#8217;amicizia \u00e8 un elemento indispensabile per <strong>una buona qualit\u00e0 della vita<\/strong>, non meno della salute o del lavoro.<\/p>\n<p>Sempre Aristotele catalog\u00f2 <strong>tre tipi di amicizia<\/strong> possibile tra gli esseri umani, dei quali sono uno merita di essere considerato davvero valido. Si tratta dell&#8217;amicizia ideale, quella che <strong>prescinde dall&#8217;utilit\u00e0 <\/strong>che un uomo pu\u00f2 trarre da un altro uomo, quella che va <strong>oltre la spensieratezza della giovinezza<\/strong> e la condivisione del piacere e dei momenti felici, ma che resiste anche contro le avversit\u00e0 e i dolori della vita. \u00c8 questa l&#8217;amicizia pi\u00f9 solida, duratura e vera, quella che nasce dall&#8217;<strong>autentico amore e apprezzamento dell\u2019altro per come \u00e8 fatto intimamente.<\/strong><\/p>\n<div class=\"link-product\">\n<div class=\"blocco-immagine\"><img loading=\"lazy\" decoding=\"async\" class=\"alignnone size-full wp-image-10065\" src=\"https:\/\/blog.holyart.it\/it\/wp-content\/uploads\/sites\/17\/2020\/07\/croce-dellamicizia.jpg\" alt=\"croce dell'amicizia\" width=\"100\" height=\"100\" data-kale-share-title=\"Giornata Mondiale dell\u2019Amicizia\" data-kale-share-url=\"https:\/\/blog.holyart.it\/it\/?p=10059\" \/><\/div>\n<div class=\"blocco-contenuto\">\n<div class=\"blocco-acquista\">Acquista su Holyart:<\/div>\n<div class=\"blocco-titolo\"><a href=\"https:\/\/www.holyart.it\/it\/articoli-religiosi\/bracciali\/bracciali-in-argento\/bracciale-corda-nera-croce-dellamicizia-argento-800\">Bracciale corda nera Croce dell&#8217;Amicizia<\/a><\/div>\n<div class=\"blocco-descrizione\">Bracciale con Croce dell&#8217;Amicizia in argento 800.<\/div>\n<\/div>\n<\/div>\n<p>Ancora una volta troviamo una forte somiglianza tra l&#8217;amicizia e il rapporto amoroso. Del resto il poeta inglese <strong>Lord Byron <\/strong>disse: &#8220;<em>L&#8217;amicizia \u00e8 Amore senza le sue ali.<\/em>&#8221; E lui d&#8217;amore se ne intendeva!<\/p>\n<p>Per il grande <strong>Cicerone <\/strong>l&#8217;amicizia \u00e8 una parte importantissima della <strong>grande armonia che collega tutte le cose umane e divine<\/strong>. Gli esseri umani nascono per far parte di questa armonia, e l&#8217;amicizia \u00e8 uno dei modi che hanno per partecipare ad essa.<\/p>\n<p>Per Cicerone gli amici vanno ricercati per la loro <strong>virt\u00f9<\/strong>, perch\u00e9 solo chi \u00e8 dotato di virt\u00f9 merita di essere preso in considerazione come amico. Guai a chi cerca amici per <strong>indugiare insieme nei vizi<\/strong>, e guai anche a chi giustifica gli errori degli amici, la mancanza di virt\u00f9.<\/p>\n<p>Ancora, <strong>la sincerit\u00e0 \u00e8 il pilastro fondamentale dell&#8217;amicizia<\/strong> per Cicerone. Meglio odiare qualcuno apertamente piuttosto che far finta di essergli amico.<\/p>\n<p>Tornando alla <strong>Giornata Mondiale dell&#8217;Amicizia<\/strong>, essa \u00e8 stata proclamata dall\u2019<strong>Assemblea Generale delle Nazioni Unite<\/strong> nel 2011. L&#8217;idea di base \u00e8 che alla base del vivere civile, alla base della pace e della cooperazione tra popoli, paesi, culture e individui debba esserci proprio questo legame, questo sentimento cos\u00ec prezioso e importante, da essere stato dibattuto nei millenni da filosofi e pensatori eccelsi, cantato dai poeti, celebrato dagli artisti.<\/p>\n<p>Nell&#8217;era dei <strong>Social Network<\/strong>, in cui il termine &#8216;amico&#8217; \u00e8 abusato, usato a sproposito in ogni modo possibile, diventa di importanza fondamentale ricordare <strong>il senso vero e profondo dell&#8217;amicizia<\/strong>, soprattutto ai pi\u00f9 giovani, che dovranno costruire il mondo di domani. Soprattutto al loro coinvolgimento sono finalizzati i tanti eventi e iniziative organizzati in tutto il mondo in occasione di questa giornata speciale, che diventa anche un&#8217;occasione per promuovere la <strong>solidariet\u00e0<\/strong>, la <strong>misericordia<\/strong>, e gli <strong>ideali di civilt\u00e0<\/strong> troppo spesso dimenticati nel nostro mondo.<br \/>\n<strong>Papa Francesco<\/strong>, sempre prodigo di belle frasi su ogni aspetto della vita dei cristiani, giovani e non, ha detto: <em>\u201cL\u2019amicizia \u00e8 tra i doni pi\u00f9 grandi che una persona, che un giovane, pu\u00f2 avere e pu\u00f2 offrire\u201d.<br \/>\n<\/em><\/p>\n<h2>Storie di amicizia tra santi<\/h2>\n<p>Abbiamo parlato della visione dell&#8217;amicizia da parte di Aristotele, Cicerone e Lord Byron. Ma anche nell&#8217;ambito della Chiesa cattolica abbiamo profonde riflessioni riguardo l&#8217;amicizia, e anche splendidi esempi di questo sentimento intercorso tra grandi personaggi del passato. Anzi, possiamo dire che tutta la storia del cattolicesimo \u00e8 basata sull&#8217;amicizia che ha legato uomini e donne.<\/p>\n<p>Del resto, gi\u00e0 nel Vecchio Testamento leggiamo il famoso detto <em>Chi trova un amico trova un tesoro<\/em>, che deriva dalla citazione: <em>&#8220;<\/em><em>Un amico fedele \u00e8 rifugio sicuro: chi lo trova, trova un tesoro.&#8221; <\/em>(Siracide 6:14). Sempre in Siracide leggiamo anche che <em>&#8220;<\/em><em>L\u2019amico fedele \u00e8 un balsamo nella vita<\/em><em>&#8220;<\/em> (Siracide 6:14) e che <em>&#8220;<\/em><em>Per un amico fedele non c\u2019\u00e8 prezzo, non c\u2019\u00e8 misura per il suo valore&#8221; <\/em>(Siracide 6:15).<\/p>\n<p>E se qualche dubbio fosse ancora rimasto, riguardo all&#8217;importanza dell&#8217;amicizia che Dio promuove tra gli esseri umani, <strong>Ges\u00f9 <\/strong>afferm\u00f2 che: <em>&#8220;<\/em><em>Nessuno ha un amore pi\u00f9 grande di questo: dare la sua vita per i propri amici.&#8221; <\/em>(Giovanni 15:13).<\/p>\n<p>In occasione della <strong>Giornata Mondiale dell&#8217;Amicizia<\/strong>\u00a0abbiamo voluto ricordare alcune <strong>grandi storie di amicizia tra Padri della Chiesa e santi<\/strong>. Rapporti squisitamente umani, ma di fronte ai quali non si pu\u00f2 non pensare alla <strong>volont\u00e0 di Dio di far incontrare anime belle e preziose<\/strong>, che potessero trarre dalla condivisione di pensieri ed emozioni piacere reciproco e un amore superiore, che \u00e8 solo un&#8217;altra forma di glorificazione del Suo nome.<\/p>\n<h3>Santa Chiara e San Francesco d&#8217;Assisi<\/h3>\n<p>Di certo benedetta e ispirata da Dio deve essere stata l&#8217;amicizia tenera e profonda tra <strong>San Francesco e <a href=\"https:\/\/www.holyart.it\/it\/articoli-religiosi\/statue\/statue-in-resina-e-pvc\/santa-chiara-12-cm-pvc-confezione-preghiera-multilingue?gclid=EAIaIQobChMIp7fHqtXj6gIVhbHtCh1LGw5jEAQYASABEgIBbfD_BwE\">Santa Chiara<\/a><\/strong> di Assisi.<\/p>\n<div class=\"link-product\">\n<div class=\"blocco-immagine\"><img loading=\"lazy\" decoding=\"async\" class=\"alignnone size-full wp-image-10061\" src=\"https:\/\/blog.holyart.it\/it\/wp-content\/uploads\/sites\/17\/2020\/07\/santa-chiara-12-cm-pvc-confezione-preghiera-multilingue.jpg\" alt=\"santa-chiara-12-cm-pvc-confezione-preghiera-multilingue\" width=\"100\" height=\"100\" data-kale-share-title=\"Giornata Mondiale dell\u2019Amicizia\" data-kale-share-url=\"https:\/\/blog.holyart.it\/it\/?p=10059\" \/><\/div>\n<div class=\"blocco-contenuto\">\n<div class=\"blocco-acquista\">Acquista su Holyart:<\/div>\n<div class=\"blocco-titolo\"><a href=\"https:\/\/www.holyart.it\/it\/articoli-religiosi\/statue\/statue-in-resina-e-pvc\/santa-chiara-12-cm-pvc-confezione-preghiera-multilingue\">Santa Chiara 12 cm pvc <\/a><\/div>\n<div class=\"blocco-descrizione\">confezione regalo con PREGHIERA MULTILINGUA.<\/div>\n<\/div>\n<\/div>\n<p>Ci\u00f2 che leg\u00f2 questi due ragazzi, uniti da un amore fraterno immenso, fu la <strong>volont\u00e0 di piacere a Dio<\/strong>. Quando si parla dell&#8217;amicizia tra uomo e donna \u00e8 sempre facile incorrere nel dubbio che essa trascenda se stessa, a favore di un sentimento diverso. Premesso che non vi \u00e8 nulla che impedisca a due individui legati da un rapporto coniugale di essere anche e ancora amici, nel caso di San Francesco d&#8217;Assisi e Santa Chiara possiamo parlare piuttosto di <strong>un&#8217;affinit\u00e0 elettiva<\/strong>, intesa nel senso che Johann Wolfgang von Goethe diede a questo termine nel suo omonimo romanzo. Per il grande scrittore e poeta tedesco, mentre l&#8217;amore \u00e8 un&#8217;illusione innescata dalla mente per creare rapporti e relazioni, l&#8217;affinit\u00e0 elettiva nasce dall&#8217;<strong>incontro eccezionale<\/strong> tra due soggetti che si trovano immediatamente in <strong>totale sintonia<\/strong>, come due note che <strong>vibrano all&#8217;unisono<\/strong>, in una melodia che nasce e muore con loro, unica, perfetta, inimitabile.<\/p>\n<p>Questa fu l&#8217;amicizia tra Francesco e <strong>Chiara<\/strong>, <strong>un&#8217;amicizia spirituale<\/strong>, paragonabile a quella che unisce forse i santi in paradiso, le anime beate, libera da ragioni e perch\u00e9, alleggerita da ogni peso inflitto dalla carne.<\/p>\n<p>Chiara trova in Francesco un <strong>maestro nella fede<\/strong>, un esempio a cui ispirarsi, quando decide di lasciare la propria vita agiata e facile, per rinunciare a ogni cosa e abbracciare con le proprie amiche la povert\u00e0 assoluta. E in quella povert\u00e0 Francesco le sta accanto, come un <strong>fratello premuroso<\/strong>.<\/p>\n<p>Il loro <strong>aiutarsi a vicenda<\/strong>, sostenendosi e condividendo tanto le privazioni quanto l&#8217;immensa gioia data dalla devozione, suggella l&#8217;amicizia tra queste due anime giovani e splendide, unite dall&#8217;<strong>amore per Cristo<\/strong>, dal desiderio di essere il pi\u00f9 possibile vicine a Lui, nella vita prima ancora che nella morte.<\/p>\n<p><strong>Sostegno nelle difficolt\u00e0<\/strong>, quindi, <strong>ispirazione e consolazione reciproche<\/strong>, in un percorso comune per migliorare se stessi, per tirare fuori il meglio di s\u00e9, l&#8217;uno con l&#8217;altro. Ritroviamo la poetica di Aristotele, e ritroviamo il monito alla virt\u00f9 di Cicerone, e molto di pi\u00f9. <strong>L&#8217;amicizia tra <a href=\"https:\/\/www.holyart.it\/blog\/articoli-religiosi\/il-cantico-delle-creature-di-san-francesco\/\">San Francesco<\/a> e Santa Chiara fa sorridere Dio<\/strong>, e il calore di quel sorriso benedicente e benedetto giunge fino a noi, che ricordiamo la storia di questi due ragazzi fantastici e unici.<\/p>\n<div class=\"link-article\">\n<p><img loading=\"lazy\" decoding=\"async\" class=\"alignleft size-full wp-image-10062\" src=\"https:\/\/blog.holyart.it\/it\/wp-content\/uploads\/sites\/17\/2020\/07\/san-francesco.jpg\" alt=\"san-francesco\" width=\"150\" height=\"99\" data-kale-share-title=\"Giornata Mondiale dell\u2019Amicizia\" data-kale-share-url=\"https:\/\/blog.holyart.it\/it\/?p=10059\" \/><\/p>\n<div class=\"leggi-anche\">Leggi anche:<\/div>\n<p><strong><a href=\"https:\/\/www.holyart.it\/blog\/articoli-religiosi\/il-cantico-delle-creature-di-san-francesco\/\">Il cantico delle creature di San Francesco<\/a><\/strong><br \/>\nSan Francesco d\u2019Assisi \u00e8 uno dei santi pi\u00f9 amati e venerati dalla Chiesa cattolica. Vicino ai poveri, fratello degli ultimi&#8230;<\/p>\n<\/div>\n<p>Pensando a Francesco e Chiara ci piace pensare a <strong>due giovani innamorati<\/strong>, il cui amore per\u00f2 non \u00e8 rivolto l&#8217;uno all&#8217;altra, non solo almeno, ma si innalza verso Dio, amplificato e magnificato proprio dal legame che li unisce.<\/p>\n<h3>Santi Basilio Magno e Gregorio Nazianzeno<\/h3>\n<p>Anche <strong>San Basilio Magno e San <a href=\"https:\/\/www.holyart.it\/it\/articoli-religiosi\/statue\/statue-in-legno-dipinto\/san-gregorio-con-colomba-legno-colorato-valgardena\">Gregorio di Nazianzo<\/a><\/strong> furono grandi amici.\u00a0 Entrambi furono vescovi e teologi, Dottori della Chiesa e appartenenti al gruppo dei <strong>padri cappadoci<\/strong>, filosofi cristiani ellenistici che nel IV secolo formarono una sorta di famiglia monastica in seno alla quale Cristianesimo e filosofia trovarono la loro coniugazione.<br \/>\nSan Basilio Magno e San Gregorio di Nazianzo <strong>condivisero dunque il loro sapere<\/strong>, la loro grande conoscenza teologica, per definire concetti immensi, come la divinit\u00e0 dello Spirito Santo e quella del Figlio di Dio.\u00a0<em>&#8220;Capimmo che l&#8217;amore della sapienza era ci\u00f2 che ambedue cercavamo&#8221;<\/em> afferma San Gregorio Nazianzeno nei suoi discorsi.<\/p>\n<div class=\"link-product\">\n<div class=\"blocco-immagine\"><img loading=\"lazy\" decoding=\"async\" class=\"alignnone size-full wp-image-10060\" src=\"https:\/\/blog.holyart.it\/it\/wp-content\/uploads\/sites\/17\/2020\/07\/san-gregorio-con-colomba-legno-colorato-valgardena.jpg\" alt=\"san-gregorio-con-colomba-legno-colorato-valgardena\" width=\"100\" height=\"100\" data-kale-share-title=\"Giornata Mondiale dell\u2019Amicizia\" data-kale-share-url=\"https:\/\/blog.holyart.it\/it\/?p=10059\" \/><\/div>\n<div class=\"blocco-contenuto\">\n<div class=\"blocco-acquista\">Acquista su Holyart:<\/div>\n<div class=\"blocco-titolo\"><a href=\"https:\/\/holyart.it\/it\/articoli-religiosi\/statue\/statue-in-legno-dipinto\/san-gregorio-con-colomba-legno-colorato-valgardena\">San Gregorio con colomba<\/a><\/div>\n<div class=\"blocco-descrizione\">Statua artigianale in legno d&#8217;acero della Val Gardena<\/div>\n<\/div>\n<\/div>\n<p>Ma prima della condivisione dello studio e della conoscenza, tra i due uomini intercorse un rapporto di <strong>grande ammirazione e stima reciproca<\/strong>, che faceva s\u00ec che entrambi godessero dei successi dell&#8217;altro, dei riconoscimenti che venivano tributati all&#8217;amico, come se fossero i propri.<\/p>\n<p>Come nel caso di Francesco e Chiara, anche per Basilio e Gregorio possiamo parlare di affinit\u00e0 elettiva, e della <strong>volont\u00e0 di Dio di far incontrare due anime <\/strong>destinate a unirsi in modo cos\u00ec indissolubile e prezioso. Ancora Gregorio scrive:\u00a0<em>&#8220;Eravamo ad Atene, partiti dalla stessa patria, divisi, come il corso di un fiume, in diverse regioni per brama d&#8217;imparare, e di nuovo insieme, come per un accordo, ma in realt\u00e0 per <\/em><strong><em>disposizione divina<\/em><\/strong><em>.&#8221;<\/em><\/p>\n<p>Sono proprio le parole lasciate scritte da San Gregorio a farci comprendere la profondit\u00e0 spirituale e intellettuale di questo legame, capace di <strong>arricchire ed elevare due uomini<\/strong> gi\u00e0 eccezionali presi singolarmente, per renderli ancora pi\u00f9 grandi. <em>&#8220;<\/em><strong><em>L&#8217;occupazione e la brama unica per ambedue, era la virt\u00f9, e vivere tesi alle future speranze e comportarci come se fossimo esuli da questo mondo, prima ancora d&#8217;essere usciti dalla presente vita<\/em><\/strong><em>. Tale era il nostro sogno. Ecco perch\u00e9 indirizzavamo la nostra vita e la nostra condotta sulla via dei comandamenti divini e ci animavamo a vicenda all&#8217;amore della virt\u00f9.&#8221;<\/em><\/p>\n<p>E conclude, con una frase che riassume in modo esemplare non solo l&#8217;amicizia tra lui e Basilio, ma l&#8217;amicizia tra tutti i santi e, chi piace pensarlo, in occasione di questa ricorrenza, di tutti gli uomini che si professano amici: <em>&#8220;Sembrava che avessimo<\/em><strong><em> un\u2019unica anima in due corpi.<\/em><\/strong><em>&#8221; <\/em><\/p>\n<p>Anche <a href=\"https:\/\/www.holyart.it\/blog\/santi-e-beati\/santagostino-dippona-filosofo-vescovo-teologo\/\"><strong>Sant&#8217;Agostino<\/strong><\/a> ripeter\u00e0 la stessa cosa:<em>\u00a0\u201cHa detto molto bene chi ha definito l&#8217;amico come met\u00e0 della propria anima. Avevo di fatto la sensazione che le nostre due anime fossero una sola in due corpi.\u201d<\/em><\/p>\n<div class=\"link-article\">\n<p><img loading=\"lazy\" decoding=\"async\" class=\"alignleft size-full wp-image-10063\" src=\"https:\/\/blog.holyart.it\/it\/wp-content\/uploads\/sites\/17\/2020\/07\/SantAgostino-dIppona.jpg\" alt=\"SantAgostino-dIppona\" width=\"150\" height=\"99\" data-kale-share-title=\"Giornata Mondiale dell\u2019Amicizia\" data-kale-share-url=\"https:\/\/blog.holyart.it\/it\/?p=10059\" \/><\/p>\n<div class=\"leggi-anche\">Leggi anche:<\/div>\n<p><strong><a href=\"https:\/\/www.holyart.it\/blog\/santi-e-beati\/santagostino-dippona-filosofo-vescovo-teologo\/\">Sant\u2019Agostino d\u2019Ippona: filosofo, vescovo e teologo<\/a><\/strong><br \/>\nPochi uomini di fede possono essere paragonati a Sant\u2019Agostino d\u2019Ippona. Egli non fu solo un grande&#8230;<\/p>\n<\/div>\n<h2>Frasi sull&#8217;amicizia dei santi<\/h2>\n<p><em>&#8220;Amatevi gli uni gli altri con affetto fraterno, gareggiate nello stimarvi a vicenda.&#8221;<\/em><br \/>\nSan Paolo, Romani 12:10<\/p>\n<p><em>\u201cHa detto molto bene chi ha definito l&#8217;amico come met\u00e0 della propria anima. Avevo di fatto la sensazione che le nostre due anime fossero una sola in due corpi\u201d<\/em><br \/>\nSant&#8217;Agostino<\/p>\n<p><em>\u201cL&#8217;amicizia \u00e8 la pi\u00f9 vera realizzazione della persona\u201d\u00a0<\/em><br \/>\nSanta Teresa d&#8217;Avila<\/p>\n<p><em>\u201cL&#8217;amicizia che ha la sua fonte in Dio non si estingue mai\u201d\u00a0<\/em><br \/>\nSanta Caterina da Siena<\/p>\n<p><em>\u201cCi fa tanto bene, quando soffriamo, avere cuori amici, il cui eco risponde al nostro dolore\u201d<\/em><br \/>\nSanta Teresa de Lisieux<\/p>\n<p><em>&#8220;La vera amicizia non pu\u00f2 durare se non \u00e8 fondata sulla virt\u00f9.&#8221;<\/em><br \/>\nSan Giovanni Bosco<\/p>\n<p><em>\u201cTrova il tempo di essere amico: \u00e8 la strada della felicit\u00e0\u201d<\/em><br \/>\nMadre Teresa di Calcutta<\/p>\n<p>&nbsp;<\/p>\n","protected":false},"excerpt":{"rendered":"<p>Il 30 luglio \u00e8 la Giornata Mondiale dell&#8217;Amicizia, una festa nata per celebrare uno degli aspetti pi\u00f9 meravigliosi della convivenza tra uomini. In occasione della Giornata Mondiale dell&#8217;Amicizia abbiamo voluto verificare qual \u00e8 la definizione esatta di questa forma di interazione, che caratterizza la storia&hellip;<\/p>\n","protected":false},"author":1,"featured_media":10067,"comment_status":"closed","ping_status":"open","sticky":false,"template":"","format":"standard","meta":{"_acf_changed":false,"footnotes":""},"categories":[20,16],"tags":[],"class_list":["post-10059","post","type-post","status-publish","format-standard","has-post-thumbnail","hentry","category-occasioni-speciali","category-articoli-religiosi"],"acf":[],"yoast_head":"<!-- This site is optimized with the Yoast SEO plugin v26.6 - https:\/\/yoast.com\/wordpress\/plugins\/seo\/ -->\n<title>Giornata Mondiale dell&#039;Amicizia - Holyblog<\/title>\n<meta name=\"description\" content=\"Il 30 luglio \u00e8 la Giornata Mondiale dell&#039;Amicizia, una festa nata per celebrare uno degli aspetti pi\u00f9 meravigliosi della convivenza tra uomini.\" \/>\n<meta name=\"robots\" content=\"index, follow, max-snippet:-1, max-image-preview:large, max-video-preview:-1\" \/>\n<link rel=\"canonical\" href=\"https:\/\/blog.holyart.it\/it\/articoli-religiosi\/giornata-mondiale-dellamicizia\/\" \/>\n<meta property=\"og:locale\" content=\"it_IT\" \/>\n<meta property=\"og:type\" content=\"article\" \/>\n<meta property=\"og:title\" content=\"Giornata Mondiale dell&#039;Amicizia - Holyblog\" \/>\n<meta property=\"og:description\" content=\"Il 30 luglio \u00e8 la Giornata Mondiale dell&#039;Amicizia, una festa nata per celebrare uno degli aspetti pi\u00f9 meravigliosi della convivenza tra uomini.\" \/>\n<meta property=\"og:url\" content=\"https:\/\/blog.holyart.it\/it\/articoli-religiosi\/giornata-mondiale-dellamicizia\/\" \/>\n<meta property=\"og:site_name\" content=\"Holyblog\" \/>\n<meta property=\"article:published_time\" content=\"2020-07-24T16:28:24+00:00\" \/>\n<meta property=\"article:modified_time\" content=\"2023-07-26T09:49:45+00:00\" \/>\n<meta property=\"og:image\" content=\"https:\/\/blog.holyart.it\/it\/wp-content\/uploads\/sites\/17\/2020\/07\/Giornata-mondiale-dellamicizia.jpg\" \/>\n\t<meta property=\"og:image:width\" content=\"1000\" \/>\n\t<meta property=\"og:image:height\" content=\"660\" \/>\n\t<meta property=\"og:image:type\" content=\"image\/jpeg\" \/>\n<meta name=\"author\" content=\"Redazione\" \/>\n<meta name=\"twitter:card\" content=\"summary_large_image\" \/>\n<meta name=\"twitter:label1\" content=\"Scritto da\" \/>\n\t<meta name=\"twitter:data1\" content=\"Redazione\" \/>\n\t<meta name=\"twitter:label2\" content=\"Tempo di lettura stimato\" \/>\n\t<meta name=\"twitter:data2\" content=\"12 minuti\" \/>\n<script type=\"application\/ld+json\" class=\"yoast-schema-graph\">{\"@context\":\"https:\/\/schema.org\",\"@graph\":[{\"@type\":\"Article\",\"@id\":\"https:\/\/blog.holyart.it\/it\/articoli-religiosi\/giornata-mondiale-dellamicizia\/#article\",\"isPartOf\":{\"@id\":\"https:\/\/blog.holyart.it\/it\/articoli-religiosi\/giornata-mondiale-dellamicizia\/\"},\"author\":{\"name\":\"Redazione\",\"@id\":\"https:\/\/blog.holyart.it\/it\/#\/schema\/person\/0a7b686e5af0f856ec1e390dd0baecda\"},\"headline\":\"Giornata Mondiale dell&#8217;Amicizia\",\"datePublished\":\"2020-07-24T16:28:24+00:00\",\"dateModified\":\"2023-07-26T09:49:45+00:00\",\"mainEntityOfPage\":{\"@id\":\"https:\/\/blog.holyart.it\/it\/articoli-religiosi\/giornata-mondiale-dellamicizia\/\"},\"wordCount\":1978,\"publisher\":{\"@id\":\"https:\/\/blog.holyart.it\/it\/#organization\"},\"image\":{\"@id\":\"https:\/\/blog.holyart.it\/it\/articoli-religiosi\/giornata-mondiale-dellamicizia\/#primaryimage\"},\"thumbnailUrl\":\"https:\/\/blog.holyart.it\/it\/wp-content\/uploads\/sites\/17\/2020\/07\/Giornata-mondiale-dellamicizia.jpg\",\"articleSection\":[\"Occasioni speciali\",\"Religione\"],\"inLanguage\":\"it-IT\"},{\"@type\":\"WebPage\",\"@id\":\"https:\/\/blog.holyart.it\/it\/articoli-religiosi\/giornata-mondiale-dellamicizia\/\",\"url\":\"https:\/\/blog.holyart.it\/it\/articoli-religiosi\/giornata-mondiale-dellamicizia\/\",\"name\":\"Giornata Mondiale dell'Amicizia - Holyblog\",\"isPartOf\":{\"@id\":\"https:\/\/blog.holyart.it\/it\/#website\"},\"primaryImageOfPage\":{\"@id\":\"https:\/\/blog.holyart.it\/it\/articoli-religiosi\/giornata-mondiale-dellamicizia\/#primaryimage\"},\"image\":{\"@id\":\"https:\/\/blog.holyart.it\/it\/articoli-religiosi\/giornata-mondiale-dellamicizia\/#primaryimage\"},\"thumbnailUrl\":\"https:\/\/blog.holyart.it\/it\/wp-content\/uploads\/sites\/17\/2020\/07\/Giornata-mondiale-dellamicizia.jpg\",\"datePublished\":\"2020-07-24T16:28:24+00:00\",\"dateModified\":\"2023-07-26T09:49:45+00:00\",\"description\":\"Il 30 luglio \u00e8 la Giornata Mondiale dell'Amicizia, una festa nata per celebrare uno degli aspetti pi\u00f9 meravigliosi della convivenza tra uomini.\",\"breadcrumb\":{\"@id\":\"https:\/\/blog.holyart.it\/it\/articoli-religiosi\/giornata-mondiale-dellamicizia\/#breadcrumb\"},\"inLanguage\":\"it-IT\",\"potentialAction\":[{\"@type\":\"ReadAction\",\"target\":[\"https:\/\/blog.holyart.it\/it\/articoli-religiosi\/giornata-mondiale-dellamicizia\/\"]}]},{\"@type\":\"ImageObject\",\"inLanguage\":\"it-IT\",\"@id\":\"https:\/\/blog.holyart.it\/it\/articoli-religiosi\/giornata-mondiale-dellamicizia\/#primaryimage\",\"url\":\"https:\/\/blog.holyart.it\/it\/wp-content\/uploads\/sites\/17\/2020\/07\/Giornata-mondiale-dellamicizia.jpg\",\"contentUrl\":\"https:\/\/blog.holyart.it\/it\/wp-content\/uploads\/sites\/17\/2020\/07\/Giornata-mondiale-dellamicizia.jpg\",\"width\":1000,\"height\":660,\"caption\":\"Giornata mondiale dell'amicizia\"},{\"@type\":\"BreadcrumbList\",\"@id\":\"https:\/\/blog.holyart.it\/it\/articoli-religiosi\/giornata-mondiale-dellamicizia\/#breadcrumb\",\"itemListElement\":[{\"@type\":\"ListItem\",\"position\":1,\"name\":\"Homepage\",\"item\":\"https:\/\/blog.holyart.it\/it\/\"},{\"@type\":\"ListItem\",\"position\":2,\"name\":\"Religione\",\"item\":\"https:\/\/blog.holyart.it\/it\/articoli-religiosi\/\"},{\"@type\":\"ListItem\",\"position\":3,\"name\":\"Giornata Mondiale dell&#8217;Amicizia\"}]},{\"@type\":\"WebSite\",\"@id\":\"https:\/\/blog.holyart.it\/it\/#website\",\"url\":\"https:\/\/blog.holyart.it\/it\/\",\"name\":\"Holyblog\",\"description\":\"Il Blog di Holyart.it\",\"publisher\":{\"@id\":\"https:\/\/blog.holyart.it\/it\/#organization\"},\"potentialAction\":[{\"@type\":\"SearchAction\",\"target\":{\"@type\":\"EntryPoint\",\"urlTemplate\":\"https:\/\/blog.holyart.it\/it\/?s={search_term_string}\"},\"query-input\":{\"@type\":\"PropertyValueSpecification\",\"valueRequired\":true,\"valueName\":\"search_term_string\"}}],\"inLanguage\":\"it-IT\"},{\"@type\":\"Organization\",\"@id\":\"https:\/\/blog.holyart.it\/it\/#organization\",\"name\":\"Holyblog\",\"url\":\"https:\/\/blog.holyart.it\/it\/\",\"logo\":{\"@type\":\"ImageObject\",\"inLanguage\":\"it-IT\",\"@id\":\"https:\/\/blog.holyart.it\/it\/#\/schema\/logo\/image\/\",\"url\":\"https:\/\/blog.holyart.it\/it\/wp-content\/uploads\/sites\/17\/2022\/12\/Holyart_Blog_Logo.jpg\",\"contentUrl\":\"https:\/\/blog.holyart.it\/it\/wp-content\/uploads\/sites\/17\/2022\/12\/Holyart_Blog_Logo.jpg\",\"width\":300,\"height\":50,\"caption\":\"Holyblog\"},\"image\":{\"@id\":\"https:\/\/blog.holyart.it\/it\/#\/schema\/logo\/image\/\"}},{\"@type\":\"Person\",\"@id\":\"https:\/\/blog.holyart.it\/it\/#\/schema\/person\/0a7b686e5af0f856ec1e390dd0baecda\",\"name\":\"Redazione\"}]}<\/script>\n<!-- \/ Yoast SEO plugin. -->","yoast_head_json":{"title":"Giornata Mondiale dell'Amicizia - Holyblog","description":"Il 30 luglio \u00e8 la Giornata Mondiale dell'Amicizia, una festa nata per celebrare uno degli aspetti pi\u00f9 meravigliosi della convivenza tra uomini.","robots":{"index":"index","follow":"follow","max-snippet":"max-snippet:-1","max-image-preview":"max-image-preview:large","max-video-preview":"max-video-preview:-1"},"canonical":"https:\/\/blog.holyart.it\/it\/articoli-religiosi\/giornata-mondiale-dellamicizia\/","og_locale":"it_IT","og_type":"article","og_title":"Giornata Mondiale dell'Amicizia - Holyblog","og_description":"Il 30 luglio \u00e8 la Giornata Mondiale dell'Amicizia, una festa nata per celebrare uno degli aspetti pi\u00f9 meravigliosi della convivenza tra uomini.","og_url":"https:\/\/blog.holyart.it\/it\/articoli-religiosi\/giornata-mondiale-dellamicizia\/","og_site_name":"Holyblog","article_published_time":"2020-07-24T16:28:24+00:00","article_modified_time":"2023-07-26T09:49:45+00:00","og_image":[{"width":1000,"height":660,"url":"https:\/\/blog.holyart.it\/it\/wp-content\/uploads\/sites\/17\/2020\/07\/Giornata-mondiale-dellamicizia.jpg","type":"image\/jpeg"}],"author":"Redazione","twitter_card":"summary_large_image","twitter_misc":{"Scritto da":"Redazione","Tempo di lettura stimato":"12 minuti"},"schema":{"@context":"https:\/\/schema.org","@graph":[{"@type":"Article","@id":"https:\/\/blog.holyart.it\/it\/articoli-religiosi\/giornata-mondiale-dellamicizia\/#article","isPartOf":{"@id":"https:\/\/blog.holyart.it\/it\/articoli-religiosi\/giornata-mondiale-dellamicizia\/"},"author":{"name":"Redazione","@id":"https:\/\/blog.holyart.it\/it\/#\/schema\/person\/0a7b686e5af0f856ec1e390dd0baecda"},"headline":"Giornata Mondiale dell&#8217;Amicizia","datePublished":"2020-07-24T16:28:24+00:00","dateModified":"2023-07-26T09:49:45+00:00","mainEntityOfPage":{"@id":"https:\/\/blog.holyart.it\/it\/articoli-religiosi\/giornata-mondiale-dellamicizia\/"},"wordCount":1978,"publisher":{"@id":"https:\/\/blog.holyart.it\/it\/#organization"},"image":{"@id":"https:\/\/blog.holyart.it\/it\/articoli-religiosi\/giornata-mondiale-dellamicizia\/#primaryimage"},"thumbnailUrl":"https:\/\/blog.holyart.it\/it\/wp-content\/uploads\/sites\/17\/2020\/07\/Giornata-mondiale-dellamicizia.jpg","articleSection":["Occasioni speciali","Religione"],"inLanguage":"it-IT"},{"@type":"WebPage","@id":"https:\/\/blog.holyart.it\/it\/articoli-religiosi\/giornata-mondiale-dellamicizia\/","url":"https:\/\/blog.holyart.it\/it\/articoli-religiosi\/giornata-mondiale-dellamicizia\/","name":"Giornata Mondiale dell'Amicizia - Holyblog","isPartOf":{"@id":"https:\/\/blog.holyart.it\/it\/#website"},"primaryImageOfPage":{"@id":"https:\/\/blog.holyart.it\/it\/articoli-religiosi\/giornata-mondiale-dellamicizia\/#primaryimage"},"image":{"@id":"https:\/\/blog.holyart.it\/it\/articoli-religiosi\/giornata-mondiale-dellamicizia\/#primaryimage"},"thumbnailUrl":"https:\/\/blog.holyart.it\/it\/wp-content\/uploads\/sites\/17\/2020\/07\/Giornata-mondiale-dellamicizia.jpg","datePublished":"2020-07-24T16:28:24+00:00","dateModified":"2023-07-26T09:49:45+00:00","description":"Il 30 luglio \u00e8 la Giornata Mondiale dell'Amicizia, una festa nata per celebrare uno degli aspetti pi\u00f9 meravigliosi della convivenza tra uomini.","breadcrumb":{"@id":"https:\/\/blog.holyart.it\/it\/articoli-religiosi\/giornata-mondiale-dellamicizia\/#breadcrumb"},"inLanguage":"it-IT","potentialAction":[{"@type":"ReadAction","target":["https:\/\/blog.holyart.it\/it\/articoli-religiosi\/giornata-mondiale-dellamicizia\/"]}]},{"@type":"ImageObject","inLanguage":"it-IT","@id":"https:\/\/blog.holyart.it\/it\/articoli-religiosi\/giornata-mondiale-dellamicizia\/#primaryimage","url":"https:\/\/blog.holyart.it\/it\/wp-content\/uploads\/sites\/17\/2020\/07\/Giornata-mondiale-dellamicizia.jpg","contentUrl":"https:\/\/blog.holyart.it\/it\/wp-content\/uploads\/sites\/17\/2020\/07\/Giornata-mondiale-dellamicizia.jpg","width":1000,"height":660,"caption":"Giornata mondiale dell'amicizia"},{"@type":"BreadcrumbList","@id":"https:\/\/blog.holyart.it\/it\/articoli-religiosi\/giornata-mondiale-dellamicizia\/#breadcrumb","itemListElement":[{"@type":"ListItem","position":1,"name":"Homepage","item":"https:\/\/blog.holyart.it\/it\/"},{"@type":"ListItem","position":2,"name":"Religione","item":"https:\/\/blog.holyart.it\/it\/articoli-religiosi\/"},{"@type":"ListItem","position":3,"name":"Giornata Mondiale dell&#8217;Amicizia"}]},{"@type":"WebSite","@id":"https:\/\/blog.holyart.it\/it\/#website","url":"https:\/\/blog.holyart.it\/it\/","name":"Holyblog","description":"Il Blog di Holyart.it","publisher":{"@id":"https:\/\/blog.holyart.it\/it\/#organization"},"potentialAction":[{"@type":"SearchAction","target":{"@type":"EntryPoint","urlTemplate":"https:\/\/blog.holyart.it\/it\/?s={search_term_string}"},"query-input":{"@type":"PropertyValueSpecification","valueRequired":true,"valueName":"search_term_string"}}],"inLanguage":"it-IT"},{"@type":"Organization","@id":"https:\/\/blog.holyart.it\/it\/#organization","name":"Holyblog","url":"https:\/\/blog.holyart.it\/it\/","logo":{"@type":"ImageObject","inLanguage":"it-IT","@id":"https:\/\/blog.holyart.it\/it\/#\/schema\/logo\/image\/","url":"https:\/\/blog.holyart.it\/it\/wp-content\/uploads\/sites\/17\/2022\/12\/Holyart_Blog_Logo.jpg","contentUrl":"https:\/\/blog.holyart.it\/it\/wp-content\/uploads\/sites\/17\/2022\/12\/Holyart_Blog_Logo.jpg","width":300,"height":50,"caption":"Holyblog"},"image":{"@id":"https:\/\/blog.holyart.it\/it\/#\/schema\/logo\/image\/"}},{"@type":"Person","@id":"https:\/\/blog.holyart.it\/it\/#\/schema\/person\/0a7b686e5af0f856ec1e390dd0baecda","name":"Redazione"}]}},"_links":{"self":[{"href":"https:\/\/blog.holyart.it\/it\/wp-json\/wp\/v2\/posts\/10059","targetHints":{"allow":["GET"]}}],"collection":[{"href":"https:\/\/blog.holyart.it\/it\/wp-json\/wp\/v2\/posts"}],"about":[{"href":"https:\/\/blog.holyart.it\/it\/wp-json\/wp\/v2\/types\/post"}],"author":[{"embeddable":true,"href":"https:\/\/blog.holyart.it\/it\/wp-json\/wp\/v2\/users\/1"}],"replies":[{"embeddable":true,"href":"https:\/\/blog.holyart.it\/it\/wp-json\/wp\/v2\/comments?post=10059"}],"version-history":[{"count":1,"href":"https:\/\/blog.holyart.it\/it\/wp-json\/wp\/v2\/posts\/10059\/revisions"}],"predecessor-version":[{"id":18113,"href":"https:\/\/blog.holyart.it\/it\/wp-json\/wp\/v2\/posts\/10059\/revisions\/18113"}],"wp:featuredmedia":[{"embeddable":true,"href":"https:\/\/blog.holyart.it\/it\/wp-json\/wp\/v2\/media\/10067"}],"wp:attachment":[{"href":"https:\/\/blog.holyart.it\/it\/wp-json\/wp\/v2\/media?parent=10059"}],"wp:term":[{"taxonomy":"category","embeddable":true,"href":"https:\/\/blog.holyart.it\/it\/wp-json\/wp\/v2\/categories?post=10059"},{"taxonomy":"post_tag","embeddable":true,"href":"https:\/\/blog.holyart.it\/it\/wp-json\/wp\/v2\/tags?post=10059"}],"curies":[{"name":"wp","href":"https:\/\/api.w.org\/{rel}","templated":true}]}}