{"id":10031,"date":"2020-07-21T12:55:28","date_gmt":"2020-07-21T10:55:28","guid":{"rendered":"https:\/\/blog.holyart.it\/it\/?p=10031"},"modified":"2024-07-05T17:12:46","modified_gmt":"2024-07-05T15:12:46","slug":"la-storia-di-santanna-madre-di-maria","status":"publish","type":"post","link":"https:\/\/blog.holyart.it\/it\/articoli-religiosi\/la-storia-di-santanna-madre-di-maria\/","title":{"rendered":"La storia di Sant&#8217;Anna madre di Maria"},"content":{"rendered":"<h4>Il 26 Luglio vengono festeggiati Sant&#8217;Anna e San Gioacchino, i genitori di Maria Vergine. Lo stesso giorno si celebra la giornata dei nonni. Scopriamo perch\u00e9.<\/h4>\n\n<p>Sebbene la <strong>Festa dei Nonni<\/strong> sia stata istituita come ricorrenza civile in Italia il <strong>2 ottobre<\/strong> di ogni anno, in concomitanza con la <strong>festa degli Angeli<\/strong>, anche il <strong>26 luglio<\/strong> i nonni sono ricordati e celebrati. Questo perch\u00e9 in questa giornata si ricorda Sant&#8217;Anna, la mamma di Maria, che, oltre che protettrice delle madri e delle partorienti, insieme al marito San Gioacchino \u00e8 anche patrona dei nonni. Non \u00e8 difficile immaginare la ragione di questo patronato: infatti Sant&#8217;Anna e San Gioacchino altro non sono che i <strong>nonni di Ges\u00f9<\/strong>.<\/p>\n<p>Ci siamo soffermati in un <strong><a href=\"https:\/\/www.holyart.it\/blog\/articoli-religiosi\/festa-dei-nonni-cosa-si-regala-forte-legame-gli-angeli-custodi\/\">precedente articolo<\/a><\/strong> sul fatto che la Festa dei Nonni celebrata il 2 ottobre rappresenta un riconoscimento ufficiale da parte dello stato italiano al valore dei nonni nella societ\u00e0, ruolo considerato non meno importante di quello dei genitori, per la crescita e la felicit\u00e0 dei bambini.<\/p>\n<div class=\"link-article\">\n<p><img loading=\"lazy\" decoding=\"async\" class=\"alignleft size-full wp-image-10032\" src=\"https:\/\/blog.holyart.it\/it\/wp-content\/uploads\/sites\/17\/2020\/07\/nonni-foto-in-evidenza.jpg\" alt=\"nonni-foto-in-evidenza\" width=\"150\" height=\"99\" data-kale-share-title=\"La storia di Sant\u2019Anna madre di Maria\" data-kale-share-url=\"https:\/\/blog.holyart.it\/it\/?p=10031\" \/><\/p>\n<div class=\"leggi-anche\">Leggi anche:<\/div>\n<p><strong><a href=\"https:\/\/www.holyart.it\/blog\/articoli-religiosi\/festa-dei-nonni-cosa-si-regala-forte-legame-gli-angeli-custodi\/\">Festa dei nonni: il forte legame con gli angeli custodi<\/a><\/strong><br \/>\nil nonno o la nonna sono un tesoro prezioso, dei magici cantastorie capaci di raccontare per ore e ore vicende fantastiche<\/p>\n<\/div>\n<p>Ma anche il fatto che tale festa cada lo stesso giorno in cui si festeggiano gli Angeli non \u00e8 certo casuale. Infatti per molti aspetti i nonni sono simili ad <a href=\"https:\/\/www.holyart.it\/blog\/articoli-religiosi\/cosa-angelo-custode-10-cose-sapere-2\/\"><strong>angeli custodi<\/strong><\/a> in carne ed ossa, sempre pronti a sacrificare se stessi per il bene di coloro che amano, sempre protesi a proteggere i figli, i nipoti, con le loro forze e i loro pensieri.<\/p>\n<p>Dunque non ci sembra sbagliato dedicare un&#8217;ulteriore festa ai nonni, cos\u00ec che chi ha ancora la fortuna di averli possa ricordarsi di loro e magari andare a trovarli, portare loro un regalo, o solo il piacere di un po&#8217;di compagnia. Soprattutto i <strong>bambini<\/strong> dovrebbero essere incoraggiati a trascorrere con i nonni il maggior tempo possibile, non solo perch\u00e9 sono buoni e accudenti, ma anche per l&#8217;immenso <strong>bagaglio di esperienza e conoscenza<\/strong> che possono trasmettere loro con i loro racconti. Non saremmo chi siamo senza chi \u00e8 venuto prima di noi, e i nonni sono il simbolo stesso di un retaggio storico lontano eppure straordinariamente vicino. Sono il nostro legame con il passato, sono le radici stesse del nostro presente, e il loro esempio e il loro amore possono infondere in noi la speranza per il futuro, per quando saremo nonni a nostra volta.<\/p>\n<p>Ma conosciamo meglio Sant&#8217;Anna e Gioacchino, genitori della Madonna e nonni di Ges\u00f9.<\/p>\n<h2>Storia di Sant&#8217;Anna<\/h2>\n<p><strong>Anna e Gioacchino<\/strong> non appaiono nella Bibbia. Ci\u00f2 che sappiamo di loro, cos\u00ec come di Zaccaria e Ismeria, quest&#8217;ultima sorella di Anna, genitori di Elisabetta, ci viene dalla tradizione agiografica successiva e dai <a href=\"https:\/\/www.holyart.it\/it\/articoli-religiosi\/libri-e-testi-sacri\/vangeli\"><strong>vangeli<\/strong><\/a> apocrifi.<\/p>\n<p>La leggenda vuole che entrambi fossero membri della classe sacerdotale ebraica, anche se esistono diverse versioni che attribuiscono ad Anna parentele illustri con altre figure della storia religiosa, come Giuseppe di Arimatea, l&#8217;uomo che si occup\u00f2 del recupero e della sepoltura del corpo di Cristo, che sarebbe stato suo zio.<br \/>\nQuel che \u00e8 certo \u00e8 che sebbene entrambi fossero nobili e virtuosi, Anna e Gioacchino non riuscivano ad avere figli, proprio come Zaccaria e Ismeria.<br \/>\nLa vergogna per questa mancanza spinse Gioacchino a ritirarsi nel deserto, tra i pastori, ma proprio allora un <strong>angelo<\/strong> apparve sia a lui sia alla moglie Anna, annunciando loro la prossima nascita di un figlio. Dietro indicazioni dell&#8217;angelo i due si incontrarono presso la Porta Aurea di Gerusalemme, e qui, grazie a un unico bacio, sarebbe stata concepita la loro creatura.<\/p>\n<p>Quando, come aveva promesso l&#8217;angelo, nacque una bambina, che avrebbe cambiato per sempre la storia del mondo, <a href=\"https:\/\/www.holyart.it\/it\/articoli-religiosi\/arazzi\/arazzo-s.-anna-del-murillo-55x40-cm\"><strong>Anna e Gioacchino la chiamarono Maria<\/strong><\/a>, che in ebraico significa <em>\u2018amata dal Signore\u2019<\/em>.<\/p>\n<div class=\"link-product\">\n<div class=\"blocco-immagine\"><img loading=\"lazy\" decoding=\"async\" class=\"alignnone size-full wp-image-10037\" src=\"https:\/\/blog.holyart.it\/it\/wp-content\/uploads\/sites\/17\/2020\/07\/anna-e-maria-1.jpg\" alt=\"anna e maria\" width=\"100\" height=\"100\" data-kale-share-title=\"La storia di Sant\u2019Anna madre di Maria\" data-kale-share-url=\"https:\/\/blog.holyart.it\/it\/?p=10031\" \/><\/div>\n<div class=\"blocco-contenuto\">\n<div class=\"blocco-acquista\">Acquista su Holyart:<\/div>\n<div class=\"blocco-titolo\"><a href=\"https:\/\/www.holyart.it\/it\/articoli-religiosi\/arazzi\/arazzo-s.-anna-del-murillo-55x40-cm\">Arazzo S. Anna del Murillo 55&#215;40 cm<\/a><\/div>\n<div class=\"blocco-descrizione\">Arazzo in tessuto jacquard rifinito a mano<\/div>\n<\/div>\n<\/div>\n<p>Ecco come nacque Maria Vergine, futura madre di Ges\u00f9 Cristo. Nacque senza peccato,\u00a0preservata immune da esso fin dal concepimento, secondo il <strong>dogma dell&#8217;Immacolata Concezione<\/strong>.<\/p>\n<p>Come tutte le mamme fu Anna a insegnare alla piccola Maria a fare le faccende domestiche, a pulire la casa, a tessere e a cucire. Per questa ragione \u00e8 invocata come <strong>protettrice dei sarti, dei tessitori e dei venditori di biancheria<\/strong>. Ma \u00e8 soprattutto il suo essere rimasta incinta in et\u00e0 avanzata ad averle meritato nei secoli il ruolo di patrona dei <strong>parti impossibili <\/strong>e protettrice delle donne partorienti, ma anche delle vedove e delle madri di famiglia.<br \/>\nInoltre, poich\u00e9 port\u00f2 Maria Vergine in grembo, come uno scrigno che contenesse un gioiello prezioso, \u00e8 patrona degli <strong>orefici, degli ebanisti, dei falegnami e dei minatori<\/strong>.<\/p>\n<p>\u00c8 dunque quasi sempre<strong> in relazione con la figlia Maria<\/strong> che Sant&#8217;Anna viene ricordata. Nell&#8217;alto Medioevo venivano spesso rappresentate insieme, Maria seduta con Ges\u00f9 Bambino in braccio e la madre Anna alle spalle, a simboleggiare la <strong>gerarchia della famiglia divina<\/strong>. Ma c&#8217;\u00e8 anche <strong>un&#8217;<a href=\"https:\/\/www.holyart.it\/it\/articoli-religiosi\/icone-sacre\/icone-grecia-dipinte-e-serigrafate\/icona-matrimonio-gioacchino-e-anna\">iconografia sacra legata solo a Anna e Gioacchino<\/a> <\/strong>e alla loro vita.<\/p>\n<div class=\"link-product\">\n<div class=\"blocco-immagine\"><img loading=\"lazy\" decoding=\"async\" class=\"alignnone size-full wp-image-10035\" src=\"https:\/\/blog.holyart.it\/it\/wp-content\/uploads\/sites\/17\/2020\/07\/icona-matrimonio-gioacchino-e-anna.jpg\" alt=\"icona-matrimonio-gioacchino-e-anna\" width=\"100\" height=\"100\" data-kale-share-title=\"La storia di Sant\u2019Anna madre di Maria\" data-kale-share-url=\"https:\/\/blog.holyart.it\/it\/?p=10031\" \/><\/div>\n<div class=\"blocco-contenuto\">\n<div class=\"blocco-acquista\">Acquista su Holyart:<\/div>\n<div class=\"blocco-titolo\"><a href=\"https:\/\/www.holyart.it\/it\/articoli-religiosi\/icone-sacre\/icone-grecia-dipinte-e-serigrafate\/icona-matrimonio-gioacchino-e-anna\">Icona matrimonio Gioacchino e Anna<\/a><\/div>\n<div class=\"blocco-descrizione\">L&#8217;icona \u00e8 realizzata e dipinta a mano su legno invecchiato<\/div>\n<\/div>\n<\/div>\n<h2>Il significato del nome Anna<\/h2>\n<p>Il nome Anna deriva dall\u2019ebraico <em>Channah<\/em>, o <em>Hannahe<\/em>, che significa \u2018grazia\u2019, &#8216;graziosa&#8217;, &#8216;piena di grazia&#8217;.\u00a0 Sebbene il nome della <strong><a href=\"https:\/\/www.holyart.it\/blog\/articoli-religiosi\/da-eva-a-maria-la-figura-della-madre-nelle-sacre-scritture\/\">mamma di Maria<\/a><\/strong> non venga menzionato nella Bibbia, nei Testi sacri sono citate altre donne che portavano questo nome, come la madre del profeta Samuele e come l&#8217;anziana profetessa che riconobbe come Messia Ges\u00f9 bambino quando Egli venne presentato al Tempio di Gerusalemme.<\/p>\n<div class=\"link-article\">\n<p><img loading=\"lazy\" decoding=\"async\" class=\"alignleft size-full wp-image-10054\" src=\"https:\/\/blog.holyart.it\/it\/wp-content\/uploads\/sites\/17\/2020\/07\/picasso-madre.jpg\" alt=\"picasso-madre\" width=\"150\" height=\"99\" data-kale-share-title=\"La storia di Sant\u2019Anna madre di Maria\" data-kale-share-url=\"https:\/\/blog.holyart.it\/it\/articoli-religiosi\/la-storia-di-santanna-madre-di-maria\/\" \/><\/p>\n<div class=\"leggi-anche\">Leggi anche:<\/div>\n<p><strong><a href=\"https:\/\/www.holyart.it\/blog\/articoli-religiosi\/da-eva-a-maria-la-figura-della-madre-nelle-sacre-scritture\/\">Da Eva a Maria: la figura della Madre nelle sacre scritture<\/a><\/strong><br \/>\nLa madre, pilastro di ogni famiglia, cuore pulsante e fonte di vita per chi gravita intorno a lei.<\/p>\n<\/div>\n<h2>Regali per i nonni<\/h2>\n<p>Abbiamo scritto che il 26 luglio, in occasione delle celebrazioni in onore di <strong>Sant&#8217;Anna e San Gioacchino<\/strong>, si festeggiano anche i nonni. Pu\u00f2 essere una bella occasione per far loro un regalo, anche se non dovrebbe esserci bisogno di un&#8217;occasione particolare per ricordare a queste persone speciali quanto le amiamo.<\/p>\n<p>Per ricordare il legame profondo tra i nonni e la figura dell&#8217;angelo custode potrebbe essere una buona idea regalare una statuina dell&#8217;<strong><a href=\"https:\/\/www.holyart.it\/it\/articoli-religiosi\/angeli\/angelo-custode-con-bambino-stile-moderno-legno-val-gardena\">Angelo custode con bambino<\/a> <\/strong>realizzato in legno, dipinto e scolpito a mano dagli artigiani della Val Gardena. Lo stile \u00e8 moderno, e la lavorazione artigianale e le finiture personalizzabili rendono questa scultura davvero unica e preziosa. \u00c8 disponibile in varie misure.<\/p>\n<p>Sempre in stile moderno, l&#8217;<strong><a href=\"https:\/\/www.holyart.it\/it\/articoli-religiosi\/angeli\/angelo-custode-in-argilla-refrattaria\">Angelo custode in argilla refrattaria<\/a><\/strong> \u00e8 una statua stilizzata che esprime un&#8217;intensa spiritualit\u00e0. \u00c8 realizzata a mano con argilla refrattaria bianca presso il Centro Ceramiche Ave di Loppiano (Firenze). La creta prima viene lavorata con stampaggio a mano, poi cotta ad oltre 1000\u00b0C. La rifinitura e la lavorazione avvengono completamente a mano, per conferirle linee essenziali ed espressive al contempo. Si tratta di un regalo importante, un prodotto di alta qualit\u00e0, 100% Made in Italy.<\/p>\n<p>Ma i nonni sanno apprezzare anche regali pi\u00f9 semplici, se fatti col cuore. Il <a href=\"https:\/\/www.holyart.it\/it\/articoli-religiosi\/santini-e-biglietti-augurali\/santini\/santino-bambino-preghiera-per-i-miei-nonni-ita-10x5\"><strong>Santino con la Preghiera per i\u00a0 Nonni<\/strong><\/a> sapr\u00e0 sicuramente commuoverli. Si tratta di un santino plastificato prodotto dalla Ditta Fratelli Bonella, che raffigura un bambino raccolto in preghiera. L&#8217;immagine viene stampata su cartoncino e poi plastificata con PVC ad alto spessore. Questo trattamento conferisce grande brillantezza ai colori e rende questo santino perfetto per essere conservato per anni nel portafogli senza danneggiarsi. Sul retro \u00e8 stampata, a colori, la <em>Preghiera per i miei Nonni:<\/em><\/p>\n<p><em>Signore, ti voglio parlare dei miei nonni.<\/em><em><br \/>\nI miei nonni mi portano a passeggio,<br \/>\nmi fanno giocare<br \/>\ne mi comprano anche il gelato.<br \/>\nI miei nonni hanno l&#8217;argento nei capelli,<br \/>\nl&#8217;oro nei denti, il piombo nelle gambe,<br \/>\ne tanto amore in cuore.<br \/>\nI miei nonni sono proprio dei simpaticoni,<br \/>\nanche se qualche volta sono un po&#8217; brontoloni.<br \/>\n0 Signore, da loro una bella sera<br \/>\npiena di luce calma e tanta pace.<br \/>\nFa che siano come quei fiori che al tramonto<br \/>\nmandan pi\u00f9 profumo e come gli alberi che<br \/>\nin autunno lascian trasparire pi\u00f9 del cielo.<br \/>\nSoprattutto, Signore,<br \/>\nd\u00e0 loro sempre tanta dolcezza<br \/>\nperch\u00e9 mai mi manchi la loro carezza!<\/em><\/p>\n<div class=\"sp-styles-warning\" style=\"width: 450px; background-color: #FFF; color: #F00; border: 1px solid #F00; padding: 10px; font-size: 14px;\">\n\t\t\t<span style=\"font-weight: bold;\">Warning: The stylesheets were not loaded!<\/span> \n\t\t\tYou will need to change the <i>Load stylesheets<\/i> setting from <i>Automatically<\/i> to <i>On homepage<\/i> or <i>On all pages<\/i>. \n\t\t\tYou can set that <a style=\"text-decoration: underline; color: #F00;\" href=\"https:\/\/blog.holyart.it\/it\/wp-admin\/admin.php?page=sliderpro-settings\">here<\/a>.\n\t\t\t<\/div>\r\n<div id=\"slider-pro-59\" class=\"slider-pro sp-no-js\" style=\"width: 500px; height: 500px;\">\r\n\t<div class=\"sp-slides\">\r\n\t\t\r\n\t\t<div class=\"sp-slide\">\r\n\t\t\t<img loading=\"lazy\" decoding=\"async\" class=\"sp-image\" src=\"https:\/\/blog.holyart.it\/it\/wp-content\/uploads\/sites\/17\/2020\/07\/angelo-custode-con-bambino-stile-moderno-legno-val-gardena.jpg\" alt=\"angelo-custode-con-bambino-stile-moderno-legno-val-gardena\" width=\"500\" height=\"500\" \/>\r\n\t\t\t<div class=\"sp-thumbnail\"><img decoding=\"async\" src=\"https:\/\/blog.holyart.it\/it\/wp-content\/uploads\/sites\/17\/2020\/07\/angelo-custode-con-bambino-stile-moderno-legno-val-gardena-1.jpg\" alt=\"angelo-custode-con-bambino-stile-moderno-legno-val-gardena (1)\" \/>\r\n\t\t\t<\/div>\r\n\t\t\t<div class=\"sp-caption\">Angelo custode con bambino stile moderno legno Val Gardena<br \/><strong><a href=\"https:\/\/www.holyart.it\/it\/articoli-religiosi\/angeli\/angelo-custode-con-bambino-stile-moderno-legno-val-gardena\">Acquista su Holyart<\/a><\/strong><\/div>\r\n\t\t<\/div>\r\n\t\t<div class=\"sp-slide\">\r\n\t\t\t<img loading=\"lazy\" decoding=\"async\" class=\"sp-image\" src=\"https:\/\/blog.holyart.it\/it\/wp-content\/uploads\/sites\/17\/2020\/07\/santino-bambino-preghiera-per-i-miei-nonni-ita-10x5.jpg\" alt=\"santino-bambino-preghiera-per-i-miei-nonni-ita-10x5\" width=\"500\" height=\"500\" \/>\r\n\t\t\t<div class=\"sp-thumbnail\"><img decoding=\"async\" src=\"https:\/\/blog.holyart.it\/it\/wp-content\/uploads\/sites\/17\/2020\/07\/santino-bambino-preghiera-per-i-miei-nonni-ita-10x5-1.jpg\" alt=\"santino-bambino-preghiera-per-i-miei-nonni-ita-10x5 (1)\" \/>\r\n\t\t\t<\/div>\r\n\t\t\t<div class=\"sp-caption\">Santino Bambino Preghiera per i miei Nonni ITA 10x5  <br \/><strong><a href=\"https:\/\/www.holyart.it\/it\/articoli-religiosi\/santini-e-biglietti-augurali\/santini\/santino-bambino-preghiera-per-i-miei-nonni-ita-10x5\">Acquista su Holyart<\/a><\/strong><\/div>\r\n\t\t<\/div>\r\n\t\t<div class=\"sp-slide\">\r\n\t\t\t<img loading=\"lazy\" decoding=\"async\" class=\"sp-image\" src=\"https:\/\/blog.holyart.it\/it\/wp-content\/uploads\/sites\/17\/2020\/07\/angelo-custode-in-argilla-refrattaria.jpg\" alt=\"angelo-custode-in-argilla-refrattaria\" width=\"500\" height=\"500\" \/>\r\n\t\t\t<div class=\"sp-thumbnail\"><img decoding=\"async\" src=\"https:\/\/blog.holyart.it\/it\/wp-content\/uploads\/sites\/17\/2020\/07\/angelo-custode-in-argilla-refrattaria-1.jpg\" alt=\"angelo-custode-in-argilla-refrattaria (1)\" \/>\r\n\t\t\t<\/div>\r\n\t\t\t<div class=\"sp-caption\">Angelo custode in argilla refrattaria<br \/><strong><a href=\"https:\/\/www.holyart.it\/it\/articoli-religiosi\/angeli\/angelo-custode-in-argilla-refrattaria\">Acquista su Holyart<\/a><\/strong><\/div>\r\n\t\t<\/div>\r\n\t<\/div>\r\n<\/div>\n","protected":false},"excerpt":{"rendered":"<p>Il 26 Luglio vengono festeggiati Sant&#8217;Anna e San Gioacchino, i genitori di Maria Vergine. Lo stesso giorno si celebra la giornata dei nonni. Scopriamo perch\u00e9. Sebbene la Festa dei Nonni sia stata istituita come ricorrenza civile in Italia il 2 ottobre di ogni anno, in&hellip;<\/p>\n","protected":false},"author":1,"featured_media":10051,"comment_status":"closed","ping_status":"open","sticky":false,"template":"","format":"standard","meta":{"_acf_changed":false,"footnotes":""},"categories":[16],"tags":[],"class_list":["post-10031","post","type-post","status-publish","format-standard","has-post-thumbnail","hentry","category-articoli-religiosi"],"acf":[],"yoast_head":"<!-- This site is optimized with the Yoast SEO plugin v26.6 - https:\/\/yoast.com\/wordpress\/plugins\/seo\/ -->\n<title>La storia di Sant&#039;Anna madre di Maria - Holyblog<\/title>\n<meta name=\"robots\" content=\"index, follow, max-snippet:-1, max-image-preview:large, max-video-preview:-1\" \/>\n<link rel=\"canonical\" href=\"https:\/\/blog.holyart.it\/it\/articoli-religiosi\/la-storia-di-santanna-madre-di-maria\/\" \/>\n<meta property=\"og:locale\" content=\"it_IT\" \/>\n<meta property=\"og:type\" content=\"article\" \/>\n<meta property=\"og:title\" content=\"La storia di Sant&#039;Anna madre di Maria - Holyblog\" \/>\n<meta property=\"og:description\" content=\"Il 26 Luglio vengono festeggiati Sant&#8217;Anna e San Gioacchino, i genitori di Maria Vergine. Lo stesso giorno si celebra la giornata dei nonni. Scopriamo perch\u00e9. Sebbene la Festa dei Nonni sia stata istituita come ricorrenza civile in Italia il 2 ottobre di ogni anno, in&hellip;\" \/>\n<meta property=\"og:url\" content=\"https:\/\/blog.holyart.it\/it\/articoli-religiosi\/la-storia-di-santanna-madre-di-maria\/\" \/>\n<meta property=\"og:site_name\" content=\"Holyblog\" \/>\n<meta property=\"article:published_time\" content=\"2020-07-21T10:55:28+00:00\" \/>\n<meta property=\"article:modified_time\" content=\"2024-07-05T15:12:46+00:00\" \/>\n<meta property=\"og:image\" content=\"https:\/\/blog.holyart.it\/it\/wp-content\/uploads\/sites\/17\/2020\/07\/storia-di-santanna.jpeg\" \/>\n\t<meta property=\"og:image:width\" content=\"1000\" \/>\n\t<meta property=\"og:image:height\" content=\"687\" \/>\n\t<meta property=\"og:image:type\" content=\"image\/jpeg\" \/>\n<meta name=\"author\" content=\"Redazione\" \/>\n<meta name=\"twitter:card\" content=\"summary_large_image\" \/>\n<meta name=\"twitter:label1\" content=\"Scritto da\" \/>\n\t<meta name=\"twitter:data1\" content=\"Redazione\" \/>\n\t<meta name=\"twitter:label2\" content=\"Tempo di lettura stimato\" \/>\n\t<meta name=\"twitter:data2\" content=\"9 minuti\" \/>\n<script type=\"application\/ld+json\" class=\"yoast-schema-graph\">{\"@context\":\"https:\/\/schema.org\",\"@graph\":[{\"@type\":\"Article\",\"@id\":\"https:\/\/blog.holyart.it\/it\/articoli-religiosi\/la-storia-di-santanna-madre-di-maria\/#article\",\"isPartOf\":{\"@id\":\"https:\/\/blog.holyart.it\/it\/articoli-religiosi\/la-storia-di-santanna-madre-di-maria\/\"},\"author\":{\"name\":\"Redazione\",\"@id\":\"https:\/\/blog.holyart.it\/it\/#\/schema\/person\/0a7b686e5af0f856ec1e390dd0baecda\"},\"headline\":\"La storia di Sant&#8217;Anna madre di Maria\",\"datePublished\":\"2020-07-21T10:55:28+00:00\",\"dateModified\":\"2024-07-05T15:12:46+00:00\",\"mainEntityOfPage\":{\"@id\":\"https:\/\/blog.holyart.it\/it\/articoli-religiosi\/la-storia-di-santanna-madre-di-maria\/\"},\"wordCount\":1321,\"publisher\":{\"@id\":\"https:\/\/blog.holyart.it\/it\/#organization\"},\"image\":{\"@id\":\"https:\/\/blog.holyart.it\/it\/articoli-religiosi\/la-storia-di-santanna-madre-di-maria\/#primaryimage\"},\"thumbnailUrl\":\"https:\/\/blog.holyart.it\/it\/wp-content\/uploads\/sites\/17\/2020\/07\/storia-di-santanna.jpeg\",\"articleSection\":[\"Religione\"],\"inLanguage\":\"it-IT\"},{\"@type\":\"WebPage\",\"@id\":\"https:\/\/blog.holyart.it\/it\/articoli-religiosi\/la-storia-di-santanna-madre-di-maria\/\",\"url\":\"https:\/\/blog.holyart.it\/it\/articoli-religiosi\/la-storia-di-santanna-madre-di-maria\/\",\"name\":\"La storia di Sant'Anna madre di Maria - Holyblog\",\"isPartOf\":{\"@id\":\"https:\/\/blog.holyart.it\/it\/#website\"},\"primaryImageOfPage\":{\"@id\":\"https:\/\/blog.holyart.it\/it\/articoli-religiosi\/la-storia-di-santanna-madre-di-maria\/#primaryimage\"},\"image\":{\"@id\":\"https:\/\/blog.holyart.it\/it\/articoli-religiosi\/la-storia-di-santanna-madre-di-maria\/#primaryimage\"},\"thumbnailUrl\":\"https:\/\/blog.holyart.it\/it\/wp-content\/uploads\/sites\/17\/2020\/07\/storia-di-santanna.jpeg\",\"datePublished\":\"2020-07-21T10:55:28+00:00\",\"dateModified\":\"2024-07-05T15:12:46+00:00\",\"breadcrumb\":{\"@id\":\"https:\/\/blog.holyart.it\/it\/articoli-religiosi\/la-storia-di-santanna-madre-di-maria\/#breadcrumb\"},\"inLanguage\":\"it-IT\",\"potentialAction\":[{\"@type\":\"ReadAction\",\"target\":[\"https:\/\/blog.holyart.it\/it\/articoli-religiosi\/la-storia-di-santanna-madre-di-maria\/\"]}]},{\"@type\":\"ImageObject\",\"inLanguage\":\"it-IT\",\"@id\":\"https:\/\/blog.holyart.it\/it\/articoli-religiosi\/la-storia-di-santanna-madre-di-maria\/#primaryimage\",\"url\":\"https:\/\/blog.holyart.it\/it\/wp-content\/uploads\/sites\/17\/2020\/07\/storia-di-santanna.jpeg\",\"contentUrl\":\"https:\/\/blog.holyart.it\/it\/wp-content\/uploads\/sites\/17\/2020\/07\/storia-di-santanna.jpeg\",\"width\":1000,\"height\":687,\"caption\":\"storia di sant'anna\"},{\"@type\":\"BreadcrumbList\",\"@id\":\"https:\/\/blog.holyart.it\/it\/articoli-religiosi\/la-storia-di-santanna-madre-di-maria\/#breadcrumb\",\"itemListElement\":[{\"@type\":\"ListItem\",\"position\":1,\"name\":\"Homepage\",\"item\":\"https:\/\/blog.holyart.it\/it\/\"},{\"@type\":\"ListItem\",\"position\":2,\"name\":\"Religione\",\"item\":\"https:\/\/blog.holyart.it\/it\/articoli-religiosi\/\"},{\"@type\":\"ListItem\",\"position\":3,\"name\":\"La storia di Sant&#8217;Anna madre di Maria\"}]},{\"@type\":\"WebSite\",\"@id\":\"https:\/\/blog.holyart.it\/it\/#website\",\"url\":\"https:\/\/blog.holyart.it\/it\/\",\"name\":\"Holyblog\",\"description\":\"Il Blog di Holyart.it\",\"publisher\":{\"@id\":\"https:\/\/blog.holyart.it\/it\/#organization\"},\"potentialAction\":[{\"@type\":\"SearchAction\",\"target\":{\"@type\":\"EntryPoint\",\"urlTemplate\":\"https:\/\/blog.holyart.it\/it\/?s={search_term_string}\"},\"query-input\":{\"@type\":\"PropertyValueSpecification\",\"valueRequired\":true,\"valueName\":\"search_term_string\"}}],\"inLanguage\":\"it-IT\"},{\"@type\":\"Organization\",\"@id\":\"https:\/\/blog.holyart.it\/it\/#organization\",\"name\":\"Holyblog\",\"url\":\"https:\/\/blog.holyart.it\/it\/\",\"logo\":{\"@type\":\"ImageObject\",\"inLanguage\":\"it-IT\",\"@id\":\"https:\/\/blog.holyart.it\/it\/#\/schema\/logo\/image\/\",\"url\":\"https:\/\/blog.holyart.it\/it\/wp-content\/uploads\/sites\/17\/2022\/12\/Holyart_Blog_Logo.jpg\",\"contentUrl\":\"https:\/\/blog.holyart.it\/it\/wp-content\/uploads\/sites\/17\/2022\/12\/Holyart_Blog_Logo.jpg\",\"width\":300,\"height\":50,\"caption\":\"Holyblog\"},\"image\":{\"@id\":\"https:\/\/blog.holyart.it\/it\/#\/schema\/logo\/image\/\"}},{\"@type\":\"Person\",\"@id\":\"https:\/\/blog.holyart.it\/it\/#\/schema\/person\/0a7b686e5af0f856ec1e390dd0baecda\",\"name\":\"Redazione\"}]}<\/script>\n<!-- \/ Yoast SEO plugin. -->","yoast_head_json":{"title":"La storia di Sant'Anna madre di Maria - Holyblog","robots":{"index":"index","follow":"follow","max-snippet":"max-snippet:-1","max-image-preview":"max-image-preview:large","max-video-preview":"max-video-preview:-1"},"canonical":"https:\/\/blog.holyart.it\/it\/articoli-religiosi\/la-storia-di-santanna-madre-di-maria\/","og_locale":"it_IT","og_type":"article","og_title":"La storia di Sant'Anna madre di Maria - Holyblog","og_description":"Il 26 Luglio vengono festeggiati Sant&#8217;Anna e San Gioacchino, i genitori di Maria Vergine. Lo stesso giorno si celebra la giornata dei nonni. Scopriamo perch\u00e9. Sebbene la Festa dei Nonni sia stata istituita come ricorrenza civile in Italia il 2 ottobre di ogni anno, in&hellip;","og_url":"https:\/\/blog.holyart.it\/it\/articoli-religiosi\/la-storia-di-santanna-madre-di-maria\/","og_site_name":"Holyblog","article_published_time":"2020-07-21T10:55:28+00:00","article_modified_time":"2024-07-05T15:12:46+00:00","og_image":[{"width":1000,"height":687,"url":"https:\/\/blog.holyart.it\/it\/wp-content\/uploads\/sites\/17\/2020\/07\/storia-di-santanna.jpeg","type":"image\/jpeg"}],"author":"Redazione","twitter_card":"summary_large_image","twitter_misc":{"Scritto da":"Redazione","Tempo di lettura stimato":"9 minuti"},"schema":{"@context":"https:\/\/schema.org","@graph":[{"@type":"Article","@id":"https:\/\/blog.holyart.it\/it\/articoli-religiosi\/la-storia-di-santanna-madre-di-maria\/#article","isPartOf":{"@id":"https:\/\/blog.holyart.it\/it\/articoli-religiosi\/la-storia-di-santanna-madre-di-maria\/"},"author":{"name":"Redazione","@id":"https:\/\/blog.holyart.it\/it\/#\/schema\/person\/0a7b686e5af0f856ec1e390dd0baecda"},"headline":"La storia di Sant&#8217;Anna madre di Maria","datePublished":"2020-07-21T10:55:28+00:00","dateModified":"2024-07-05T15:12:46+00:00","mainEntityOfPage":{"@id":"https:\/\/blog.holyart.it\/it\/articoli-religiosi\/la-storia-di-santanna-madre-di-maria\/"},"wordCount":1321,"publisher":{"@id":"https:\/\/blog.holyart.it\/it\/#organization"},"image":{"@id":"https:\/\/blog.holyart.it\/it\/articoli-religiosi\/la-storia-di-santanna-madre-di-maria\/#primaryimage"},"thumbnailUrl":"https:\/\/blog.holyart.it\/it\/wp-content\/uploads\/sites\/17\/2020\/07\/storia-di-santanna.jpeg","articleSection":["Religione"],"inLanguage":"it-IT"},{"@type":"WebPage","@id":"https:\/\/blog.holyart.it\/it\/articoli-religiosi\/la-storia-di-santanna-madre-di-maria\/","url":"https:\/\/blog.holyart.it\/it\/articoli-religiosi\/la-storia-di-santanna-madre-di-maria\/","name":"La storia di Sant'Anna madre di Maria - Holyblog","isPartOf":{"@id":"https:\/\/blog.holyart.it\/it\/#website"},"primaryImageOfPage":{"@id":"https:\/\/blog.holyart.it\/it\/articoli-religiosi\/la-storia-di-santanna-madre-di-maria\/#primaryimage"},"image":{"@id":"https:\/\/blog.holyart.it\/it\/articoli-religiosi\/la-storia-di-santanna-madre-di-maria\/#primaryimage"},"thumbnailUrl":"https:\/\/blog.holyart.it\/it\/wp-content\/uploads\/sites\/17\/2020\/07\/storia-di-santanna.jpeg","datePublished":"2020-07-21T10:55:28+00:00","dateModified":"2024-07-05T15:12:46+00:00","breadcrumb":{"@id":"https:\/\/blog.holyart.it\/it\/articoli-religiosi\/la-storia-di-santanna-madre-di-maria\/#breadcrumb"},"inLanguage":"it-IT","potentialAction":[{"@type":"ReadAction","target":["https:\/\/blog.holyart.it\/it\/articoli-religiosi\/la-storia-di-santanna-madre-di-maria\/"]}]},{"@type":"ImageObject","inLanguage":"it-IT","@id":"https:\/\/blog.holyart.it\/it\/articoli-religiosi\/la-storia-di-santanna-madre-di-maria\/#primaryimage","url":"https:\/\/blog.holyart.it\/it\/wp-content\/uploads\/sites\/17\/2020\/07\/storia-di-santanna.jpeg","contentUrl":"https:\/\/blog.holyart.it\/it\/wp-content\/uploads\/sites\/17\/2020\/07\/storia-di-santanna.jpeg","width":1000,"height":687,"caption":"storia di sant'anna"},{"@type":"BreadcrumbList","@id":"https:\/\/blog.holyart.it\/it\/articoli-religiosi\/la-storia-di-santanna-madre-di-maria\/#breadcrumb","itemListElement":[{"@type":"ListItem","position":1,"name":"Homepage","item":"https:\/\/blog.holyart.it\/it\/"},{"@type":"ListItem","position":2,"name":"Religione","item":"https:\/\/blog.holyart.it\/it\/articoli-religiosi\/"},{"@type":"ListItem","position":3,"name":"La storia di Sant&#8217;Anna madre di Maria"}]},{"@type":"WebSite","@id":"https:\/\/blog.holyart.it\/it\/#website","url":"https:\/\/blog.holyart.it\/it\/","name":"Holyblog","description":"Il Blog di Holyart.it","publisher":{"@id":"https:\/\/blog.holyart.it\/it\/#organization"},"potentialAction":[{"@type":"SearchAction","target":{"@type":"EntryPoint","urlTemplate":"https:\/\/blog.holyart.it\/it\/?s={search_term_string}"},"query-input":{"@type":"PropertyValueSpecification","valueRequired":true,"valueName":"search_term_string"}}],"inLanguage":"it-IT"},{"@type":"Organization","@id":"https:\/\/blog.holyart.it\/it\/#organization","name":"Holyblog","url":"https:\/\/blog.holyart.it\/it\/","logo":{"@type":"ImageObject","inLanguage":"it-IT","@id":"https:\/\/blog.holyart.it\/it\/#\/schema\/logo\/image\/","url":"https:\/\/blog.holyart.it\/it\/wp-content\/uploads\/sites\/17\/2022\/12\/Holyart_Blog_Logo.jpg","contentUrl":"https:\/\/blog.holyart.it\/it\/wp-content\/uploads\/sites\/17\/2022\/12\/Holyart_Blog_Logo.jpg","width":300,"height":50,"caption":"Holyblog"},"image":{"@id":"https:\/\/blog.holyart.it\/it\/#\/schema\/logo\/image\/"}},{"@type":"Person","@id":"https:\/\/blog.holyart.it\/it\/#\/schema\/person\/0a7b686e5af0f856ec1e390dd0baecda","name":"Redazione"}]}},"_links":{"self":[{"href":"https:\/\/blog.holyart.it\/it\/wp-json\/wp\/v2\/posts\/10031","targetHints":{"allow":["GET"]}}],"collection":[{"href":"https:\/\/blog.holyart.it\/it\/wp-json\/wp\/v2\/posts"}],"about":[{"href":"https:\/\/blog.holyart.it\/it\/wp-json\/wp\/v2\/types\/post"}],"author":[{"embeddable":true,"href":"https:\/\/blog.holyart.it\/it\/wp-json\/wp\/v2\/users\/1"}],"replies":[{"embeddable":true,"href":"https:\/\/blog.holyart.it\/it\/wp-json\/wp\/v2\/comments?post=10031"}],"version-history":[{"count":1,"href":"https:\/\/blog.holyart.it\/it\/wp-json\/wp\/v2\/posts\/10031\/revisions"}],"predecessor-version":[{"id":20206,"href":"https:\/\/blog.holyart.it\/it\/wp-json\/wp\/v2\/posts\/10031\/revisions\/20206"}],"wp:featuredmedia":[{"embeddable":true,"href":"https:\/\/blog.holyart.it\/it\/wp-json\/wp\/v2\/media\/10051"}],"wp:attachment":[{"href":"https:\/\/blog.holyart.it\/it\/wp-json\/wp\/v2\/media?parent=10031"}],"wp:term":[{"taxonomy":"category","embeddable":true,"href":"https:\/\/blog.holyart.it\/it\/wp-json\/wp\/v2\/categories?post=10031"},{"taxonomy":"post_tag","embeddable":true,"href":"https:\/\/blog.holyart.it\/it\/wp-json\/wp\/v2\/tags?post=10031"}],"curies":[{"name":"wp","href":"https:\/\/api.w.org\/{rel}","templated":true}]}}