{"id":9994,"date":"2025-04-14T10:00:44","date_gmt":"2025-04-14T08:00:44","guid":{"rendered":"https:\/\/blog.holyart.it\/fr\/?p=9994"},"modified":"2026-03-09T10:06:15","modified_gmt":"2026-03-09T09:06:15","slug":"la-vie-publique-de-jesus-du-bapteme-a-la-cene","status":"publish","type":"post","link":"https:\/\/blog.holyart.it\/fr\/articles-religieux\/la-vie-publique-de-jesus-du-bapteme-a-la-cene\/","title":{"rendered":"La vie publique de J\u00e9sus : du Bapt\u00eame \u00e0 la C\u00e8ne"},"content":{"rendered":"<h4>Du Bapt\u00eame dans le Jourdain \u00e0 son entr\u00e9e triomphale \u00e0 J\u00e9rusalem. Les trois ann\u00e9es de vie publique de J\u00e9sus qui ont chang\u00e9 le destin du monde.<\/h4>\n\n<p>Nous connaissons tous la <a href=\"https:\/\/www.holyart.fr\/blog\/articles-religieux\/lhistoire-de-jesus-les-evenements-les-plus-importants-de-sa-vie\/\"><strong><u>vie de J\u00e9sus-Christ<\/u><\/strong><\/a> telle qu\u2019elle est racont\u00e9e dans les <a href=\"https:\/\/www.holyart.fr\/articles-religieux\/livres-sacres\/evangiles?page=1\"><strong>\u00c9vangiles<\/strong><\/a>. Une parabole humaine in\u00e9vitablement entrem\u00eal\u00e9e avec les vicissitudes historiques de l\u2019\u00e9poque o\u00f9 Il v\u00e9cut, et pareillement influenc\u00e9e par l\u2019immense et r\u00e9volutionnaire port\u00e9e de Son message spirituel. En particulier, la <strong>vie publique de J\u00e9sus<\/strong>, les ann\u00e9es pendant lesquelles Il a accompli Son minist\u00e8re, enseign\u00e9, <a href=\"https:\/\/www.holyart.fr\/blog\/articles-religieux\/les-miracles-de-jesus-dans-les-quatre-evangiles\/\"><strong><u>fait des miracles<\/u><\/strong><\/a> et pr\u00e9par\u00e9 Ses disciples pour Son sacrifice final, r\u00e9sultent pertinents pour comprendre le sens m\u00eame de la religion dont Il a \u00e9t\u00e9 et est le symbole, promoteur et esp\u00e9rance. En ce qui concerne ce que l\u2019on appelle <a href=\"https:\/\/www.holyart.fr\/blog\/articles-religieux\/les-annees-perdues-de-la-vie-de-jesus\/\"><strong><u>les ann\u00e9es perdues de J\u00e9sus<\/u><\/strong><\/a>, Son enfance et, en g\u00e9n\u00e9ral, celles qui pr\u00e9c\u00e8dent son entr\u00e9e dans la vie publique, les narrations pr\u00e9sentes dans les \u00c9vangiles canoniques du Nouveau Testament ont laiss\u00e9 de nombreux vides narratifs et d\u2019interrogations. Afin de combler ces lacunes, ont fait leur apparition au cours des si\u00e8cles ce que l\u2019on appelle les <strong>\u00c9vangiles apocryphes<\/strong>, des textes qui tentent de mettre en lumi\u00e8re les aspects peu connus de la vie de J\u00e9sus. De nombreux experts, dans leur engagement pour mieux comprendre le message et l\u2019histoire de J\u00e9sus, se sont adress\u00e9s \u00e0 une vari\u00e9t\u00e9 de sources, surtout m\u00e9di\u00e9vales, en cr\u00e9ant un riche champ de recherche et de d\u00e9bat.<\/p>\n<div class=\"link-article\">\n<p><img loading=\"lazy\" decoding=\"async\" class=\"alignnone size-full wp-image-9998\" src=\"https:\/\/blog.holyart.it\/fr\/wp-content\/uploads\/sites\/14\/2025\/03\/Lhistoire-de-Jesus-1.jpg\" alt=\"L\u2019histoire de J\u00e9sus\" width=\"150\" height=\"99\" data-kale-share-title=\"La vie publique de J\u00e9sus : du Bapt\u00eame \u00e0 la C\u00e8ne\" data-kale-share-url=\"https:\/\/blog.holyart.it\/fr\/?p=9994\" \/><\/p>\n<div class=\"leggi-anche\">Lire aussi :<\/div>\n<p><strong><a href=\"https:\/\/www.holyart.fr\/blog\/articles-religieux\/lhistoire-de-jesus-les-evenements-les-plus-importants-de-sa-vie\/\">L\u2019histoire de J\u00e9sus : les \u00e9v\u00e9nements les plus importants de Sa vie<\/a><\/strong><br \/>\nL\u2019histoire de J\u00e9sus, entre r\u00e9cit \u00e9vang\u00e9lique, r\u00e9alit\u00e9 historique et&#8230;<\/p>\n<\/div>\n<p>En revenant, par contre, \u00e0 la vie publique de J\u00e9sus, <strong>de Son Bapt\u00eame \u00e0 la C\u00e8ne<\/strong>, il s\u2019agit d\u2019une p\u00e9riode riche en enseignements, miracles et moments qui ont profond\u00e9ment influenc\u00e9 l\u2019histoire et la culture occidentale. Ses paroles et Ses actes en vie ont jet\u00e9 les bases pour le Christianisme. Passons donc en revue les \u00e9pisodes les plus importants de la vie publique de J\u00e9sus.<\/p>\n<h2>Le premier \u00e9pisode de la vie publique de J\u00e9sus<\/h2>\n<p>La narration de la vie publique de J\u00e9sus commence avec Son Bapt\u00eame de la part de <a href=\"https:\/\/www.holyart.fr\/blog\/saints-et-bienheureux\/24-juin-saint-jean-le-baptiste\/\"><strong><u>Jean le Baptiste<\/u><\/strong><\/a>. Selon l\u2019\u00c9vangile, J\u00e9sus se rendit sur les rives du Jourdain pour se faire baptiser par Jean, qui pr\u00e9parait la venue du Messie promis, en purifiant et en pr\u00e9parant les gens. Malgr\u00e9 le fait que Jean h\u00e9sitait initialement \u00e0 baptiser J\u00e9sus, reconnaissant Sa sup\u00e9riorit\u00e9 spirituelle, J\u00e9sus insista afin que le bapt\u00eame e\u00fbt lieu. Cet acte d\u2019humilit\u00e9 de la part de J\u00e9sus d\u00e9montra <strong>Son identification avec l\u2019humanit\u00e9 et Son d\u00e9vouement \u00e0 la mission divine<\/strong> qui l\u2019attendait. Selon le r\u00e9cit \u00e9vang\u00e9lique, tandis qu\u2019il \u00e9tait immerg\u00e9 dans l\u2019eau, le Saint-Esprit descendit sur Lui comme une colombe et une voix, depuis le ciel, d\u00e9clara\u00a0: \u00ab\u00a0<em>Celui-ci est mon Fils bien-aim\u00e9, en qui j\u2019ai mis toute mon affection\u00a0<\/em>\u00bb (Matthieu 3\u00a0:17). Un moment de transformation et d\u2019identification, donc, \u00e0 l\u2019occasion duquel, pour la premi\u00e8re fois, <strong>J\u00e9sus est reconnu comme Fils de Dieu<\/strong>. La rencontre entre <a href=\"https:\/\/www.holyart.fr\/occasions-speciales\/creche-de-paques\/scene-bapteme-de-jesus-dans-le-jourdain-9-cm\"><strong>J\u00e9sus et Jean le Baptiste<\/strong><\/a> est un moment de reconnaissance r\u00e9ciproque et symbolise l\u2019<strong>approbation divine du minist\u00e8re de J\u00e9sus<\/strong>.<\/p>\n<p>Le Bapt\u00eame de J\u00e9sus n\u2019est pas seulement un \u00e9v\u00e9nement d\u2019importance symbolique, mais il <strong>marque \u00e9galement le d\u00e9but formel de Sa vie publique et de Son minist\u00e8re<\/strong>, en soulignant la continuit\u00e9 entre la tradition juive et le nouveau message d\u2019amour, r\u00e9demption et esp\u00e9rance que Christ apporte \u00e0 l\u2019humanit\u00e9 enti\u00e8re.<\/p>\n<div class=\"link-product\">\n<div class=\"blocco-immagine\"><img loading=\"lazy\" decoding=\"async\" class=\"alignnone size-full wp-image-10001\" src=\"https:\/\/blog.holyart.it\/fr\/wp-content\/uploads\/sites\/14\/2025\/03\/Scene-Bapteme-de-Jesus-dans-le-Jourdain-9-cm.jpg\" alt=\"Sc\u00e8ne Bapt\u00eame de J\u00e9sus dans le Jourdain 9 cm\" width=\"100\" height=\"100\" data-kale-share-title=\"La vie publique de J\u00e9sus : du Bapt\u00eame \u00e0 la C\u00e8ne\" data-kale-share-url=\"https:\/\/blog.holyart.it\/fr\/?p=9994\" \/><\/div>\n<div class=\"blocco-contenuto\">\n<div class=\"blocco-acquista\">Acheter sur Holyart:<\/div>\n<div class=\"blocco-titolo\"><a href=\"https:\/\/www.holyart.fr\/occasions-speciales\/creche-de-paques\/scene-bapteme-de-jesus-dans-le-jourdain-9-cm\">Sc\u00e8ne Bapt\u00eame de J\u00e9sus dans le Jourdain 9 cm<\/a><\/div>\n<div class=\"blocco-descrizione\">Santons pour repr\u00e9sentation d&rsquo;une sc\u00e8ne de la vie de Christ o\u00f9 J\u00e9sus re\u00e7oit son bapt\u00eame par Jean-Baptiste.<\/div>\n<\/div>\n<\/div>\n<h2>J\u00e9sus dans le d\u00e9sert<\/h2>\n<p>Apr\u00e8s le Bapt\u00eame et avant de commencer sa mission en Galil\u00e9e, J\u00e9sus se retira pendant <strong>40 jours dans le d\u00e9sert<\/strong>, o\u00f9 il dut affronter les tentations du d\u00e9mon. Il s\u2019agit, \u00e0 bien des \u00e9gards, d\u2019une sorte d\u2019initiation, de recherche intime et profonde de Sa mission divine. Cette p\u00e9riode, racont\u00e9e dans les \u00c9vangiles du Nouveau Testament, offre un aper\u00e7u illuminant sur la <strong>nature humaine et divine de J\u00e9sus<\/strong>. Les tentations repr\u00e9sentent un d\u00e9fi de base que chaque individu peut affronter\u00a0: <strong>le choix entre suivre le parcours divin et r\u00e9sister aux tentations du monde mat\u00e9riel<\/strong>.<\/p>\n<p>Dans chacun des \u00e9vangiles synoptiques \u2013 Matthieu, Marc et Luc \u2013 les tentations de J\u00e9sus dans le d\u00e9sert sont racont\u00e9es de mani\u00e8re d\u00e9taill\u00e9e, tandis que l\u2019\u00c9vangile selon Jean offre une approche diff\u00e9rente, mettant en valeur d\u2019autres aspects du minist\u00e8re de J\u00e9sus, si bien qu\u2019il ne mentionne m\u00eame pas l\u2019\u00e9pisode dans le d\u00e9sert. Jean affirme que, le jour apr\u00e8s le Bapt\u00eame, J\u00e9sus se rendit \u00e0 Cana, en Galil\u00e9e, o\u00f9 eut lieu le miracle de la <a href=\"https:\/\/www.holyart.fr\/blog\/articles-religieux\/les-noces-de-cana-explication-miracle-et-message\/\"><strong><u>transformation de l\u2019eau en vin<\/u><\/strong><\/a>, le premier des miracles de Son minist\u00e8re public.<\/p>\n<div class=\"link-article\">\n<p><img loading=\"lazy\" decoding=\"async\" class=\"alignnone size-full wp-image-10003\" src=\"https:\/\/blog.holyart.it\/fr\/wp-content\/uploads\/sites\/14\/2025\/03\/Les-noces-de-Cana.jpg\" alt=\"Les noces de Cana\" width=\"150\" height=\"99\" data-kale-share-title=\"La vie publique de J\u00e9sus : du Bapt\u00eame \u00e0 la C\u00e8ne\" data-kale-share-url=\"https:\/\/blog.holyart.it\/fr\/?p=9994\" \/><\/p>\n<div class=\"leggi-anche\">Lire aussi :<\/div>\n<p><strong><a href=\"https:\/\/www.holyart.fr\/blog\/articles-religieux\/les-noces-de-cana-explication-miracle-et-message\/\">Les noces de Cana : explication, miracle et message<\/a><\/strong><br \/>\nLes Noces de Cana racontent le premier miracle accompli par J\u00e9sus. Voyons quel message cache ce r\u00e9cit.<\/p>\n<\/div>\n<p>En ce qui concerne les trois tentations rapport\u00e9es dans les \u00c9vangiles de Matthieu, Marc et Luc, elles repr\u00e9sentent les <strong>conflits int\u00e9rieurs et les choix<\/strong> que J\u00e9sus doit affronter en tant qu\u2019\u00eatre humain et divin.<\/p>\n<p>La <strong>Tentation du Pain<\/strong>, avec laquelle le Diable tente de le convaincre \u00e0 transformer les cailloux en pain afin d\u2019apaiser sa faim, met \u00e0 l\u2019\u00e9preuve Sa vuln\u00e9rabilit\u00e9 et sa faiblesse humaine. Mais J\u00e9sus r\u00e9pond en citant le Deut\u00e9ronome (Deut 8:3) et en affirmant que l\u2019homme ne vit pas que de pain, mais aussi de la Parole de Dieu.<\/p>\n<p>La <strong>Tentation de Mettre \u00e0 l\u2019\u00c9preuve Dieu<\/strong> voit le Diable proposer \u00e0 J\u00e9sus de se jeter du toit du temple pour d\u00e9monter Sa divinit\u00e9 et pour obliger Dieu \u00e0 intervenir. J\u00e9sus refuse cette tentation aussi, en soulignant qu\u2019on ne devrait pas mettre \u00e0 l\u2019\u00e9preuve le Seigneur.<\/p>\n<p>Avec la <strong>Tentation du Pouvoir Mondain<\/strong>, enfin, le Diable am\u00e8ne J\u00e9sus au sommet d\u2019une montagne et lui montre tous les royaumes du monde, en lui promettant de lui offrir pouvoir et gloire s\u2019il l\u2019avait ador\u00e9, lui. En r\u00e9ponse, J\u00e9sus repousse l\u2019offre, en affirmant que seul Dieu devrait \u00eatre ador\u00e9.<\/p>\n<p>La p\u00e9riode dans le d\u00e9sert est fondamentale comme pr\u00e9paration pour Sa mission terrestre d\u2019enseignement, gu\u00e9rison et sacrifice. Elle l\u2019aida \u00e0 renforcer sa foi, \u00e0 d\u00e9finir son rapport avec le P\u00e8re C\u00e9leste et \u00e0 d\u00e9velopper Sa r\u00e9solution \u00e0 affronter les d\u00e9fis \u00e0 venir.<\/p>\n<h2>Le minist\u00e8re de J\u00e9sus en Galil\u00e9e<\/h2>\n<p>Le minist\u00e8re public de J\u00e9sus est une p\u00e9riode cruciale qui se d\u00e9veloppa apr\u00e8s Son Bapt\u00eame dans le Jourdain de la part de Jean le Baptiste et Sa confrontation avec le D\u00e9mon dans le d\u00e9sert. Il repr\u00e9sente <strong>la phase la plus complexe et la plus extraordinaire dans Sa vie sur terre<\/strong>, du d\u00e9but de Sa pr\u00e9dication jusqu\u2019\u00e0 Sa tragique mort sur la Croix, bien qu\u2019il ne couvre qu\u2019une p\u00e9riode de trois ans.<\/p>\n<p>J\u00e9sus \u00e9mergea du d\u00e9sert comme un pr\u00eacheur et un gu\u00e9risseur, pr\u00eat \u00e0 partager Son message d\u2019amour et de salut, anim\u00e9 par une conscience encore plus profonde de Son r\u00f4le et de Sa mission. Il passa Son <strong>Premier minist\u00e8re en Galil\u00e9e<\/strong> en pr\u00eachant, en pronon\u00e7ant des discours importants qui proclament Sa mission, comme le <a href=\"https:\/\/www.holyart.fr\/occasions-speciales\/creche-de-paques\/scene-du-sermon-de-jesus-sur-le-mont-9-cm\"><strong>Discours sur la montagne<\/strong><\/a>, en recrutant les premiers disciples (Matthieu 4\u00a0:18-20), qui deviendront ensuite les <a href=\"https:\/\/www.holyart.fr\/blog\/saints-et-bienheureux\/a-decouvrir-qui-etaient-les-12-apotres-et-la-difference-entre-apotres-et-disciples\/\"><strong><u>Douze Ap\u00f4tres<\/u><\/strong><\/a>, en accomplissant <strong>miracles, gu\u00e9risons et exorcismes<\/strong> qui contribuent \u00e0 Sa r\u00e9putation. Il se d\u00e9pla\u00e7a \u00e0 travers villes et villages, puisque, surtout apr\u00e8s l\u2019arrestation de Jean le Baptiste par ordre d\u2019H\u00e9rode (Matthieu 14\u00a0:1-12), il n\u2019\u00e9tait plus le bienvenu \u00e0 Nazareth, Sa ville natale.<\/p>\n<div class=\"link-product\">\n<div class=\"blocco-immagine\"><img loading=\"lazy\" decoding=\"async\" class=\"alignnone size-full wp-image-10005\" src=\"https:\/\/blog.holyart.it\/fr\/wp-content\/uploads\/sites\/14\/2025\/03\/Scene-du-sermon-de-Jesus-sur-le-mont-9-cm.jpg\" alt=\"Sc\u00e8ne du sermon de J\u00e9sus sur le mont 9 cm\" width=\"100\" height=\"100\" data-kale-share-title=\"La vie publique de J\u00e9sus : du Bapt\u00eame \u00e0 la C\u00e8ne\" data-kale-share-url=\"https:\/\/blog.holyart.it\/fr\/?p=9994\" \/><\/div>\n<div class=\"blocco-contenuto\">\n<div class=\"blocco-acquista\">Acheter sur Holyart:<\/div>\n<div class=\"blocco-titolo\"><a href=\"https:\/\/www.holyart.fr\/occasions-speciales\/creche-de-paques\/scene-du-sermon-de-jesus-sur-le-mont-9-cm\">Sc\u00e8ne du sermon de J\u00e9sus sur le mont 9 cm<\/a><\/div>\n<div class=\"blocco-descrizione\">Sc\u00e8ne de la vie de J\u00e9sus avec figurines en r\u00e9sine, repr\u00e9sentant J\u00e9sus sur un mont en train d&rsquo;enseigner \u00e0 un groupe de personnes.<\/div>\n<\/div>\n<\/div>\n<p>Les <a href=\"https:\/\/www.holyart.fr\/occasions-speciales\/creche-de-paques\/scene-vie-de-jesus-noces-de-cana-9-cm\"><strong>Noces de Cana<\/strong><\/a> (Jean 2 :1-11) sont consid\u00e9r\u00e9es comme le premier miracle de J\u00e9sus. Un autre miracle fondamental dans le contexte du minist\u00e8re de J\u00e9sus fut la <strong>premi\u00e8re P\u00eache miraculeuse<\/strong>, qui lui valut le recrutement de Pierre, Jacques et Jean.<\/p>\n<p>Le miracle de la <strong>Multiplication des pains et des poissons<\/strong> (Matthieu 14\u00a0:13-21) et la <strong>Marche sur l\u2019eau<\/strong> (Matthieu 14\u00a0:22-36), mais aussi la <a href=\"https:\/\/www.holyart.fr\/blog\/articles-religieux\/les-trois-paraboles-misericorde\/\"><strong><u>Parabole du Mouton \u00e9gar\u00e9<\/u><\/strong><\/a> (Matthieu 18\u00a0:12-14) et la <strong>R\u00e9surrection de Lazare<\/strong> (Jean 11\u00a0:1-46) se placent dans la partie finale du minist\u00e8re de J\u00e9sus en Galil\u00e9e. Tous ces miracles <strong>confirment l\u2019identit\u00e9 de J\u00e9sus comme Messie et Fils de Dieu<\/strong>.<\/p>\n<div class=\"link-product\">\n<div class=\"blocco-immagine\"><img loading=\"lazy\" decoding=\"async\" class=\"alignnone size-full wp-image-10007\" src=\"https:\/\/blog.holyart.it\/fr\/wp-content\/uploads\/sites\/14\/2025\/03\/Miracle-des-noces-de-Cana-Jesus-scene-9-cm.jpg\" alt=\"Miracle des noces de Cana J\u00e9sus sc\u00e8ne 9 cm\" width=\"100\" height=\"100\" data-kale-share-title=\"La vie publique de J\u00e9sus : du Bapt\u00eame \u00e0 la C\u00e8ne\" data-kale-share-url=\"https:\/\/blog.holyart.it\/fr\/?p=9994\" \/><\/div>\n<div class=\"blocco-contenuto\">\n<div class=\"blocco-acquista\">Acheter sur Holyart:<\/div>\n<div class=\"blocco-titolo\"><a href=\"https:\/\/www.holyart.fr\/occasions-speciales\/creche-de-paques\/miracle-des-noces-de-cana-jesus-scene-9-cm\">Miracle des noces de Cana J\u00e9sus sc\u00e8ne 9 cm<\/a><\/div>\n<div class=\"blocco-descrizione\">Santons repr\u00e9sentants le moment o\u00f9 le premier miracle de J\u00e9sus a eu lieu lors des noces de Cana.<\/div>\n<\/div>\n<\/div>\n<h2>Le minist\u00e8re final \u00e0 J\u00e9rusalem<\/h2>\n<p>J\u00e9sus poursuit Son voyage vers J\u00e9rusalem, o\u00f9 il ira \u00e0 la rencontre de Son terrible et glorieux destin. En Lui grandit la conscience de la fin proche, tant que souvent, dans Ses discours, il <strong>proph\u00e9tise Sa propre mort<\/strong> afin d\u2019y pr\u00e9parer les disciples.<\/p>\n<p>Dans cette derni\u00e8re phase de la vie publique de J\u00e9sus, avant l\u2019arrestation et la Passion, ont lieu la <strong><em>Confessio Petri<\/em><\/strong> (Confession de foi de Pierre) et la <a href=\"https:\/\/www.holyart.fr\/blog\/articles-religieux\/la-transfiguration-de-jesus-christ\/\"><strong><u>Transfiguration<\/u><\/strong><\/a>, tous les deux des \u00e9v\u00e9nements importants, surtout car ils d\u00e9finissent la <strong>prise de conscience de la part de Pierre et des autres Ap\u00f4tres de la v\u00e9ritable identit\u00e9 du Ma\u00eetre<\/strong>.<\/p>\n<p>Avec l\u2019<a href=\"https:\/\/www.holyart.fr\/occasions-speciales\/creche-de-paques\/scene-de-lentree-de-jesus-a-jerusalem-9-cm\"><strong>entr\u00e9e triomphale \u00e0 J\u00e9rusalem<\/strong><\/a> commence le minist\u00e8re final de la vie publique de J\u00e9sus \u00e0 J\u00e9rusalem, qui co\u00efncide avec la <a href=\"https:\/\/www.holyart.fr\/blog\/articles-religieux\/les-evenements-de-la-passion-de-jesus-de-la-cene-a-sa-crucifixion\/\"><strong><u>Semaine de la Passion<\/u><\/strong><\/a>. Le minist\u00e8re public de J\u00e9sus culmine en effet dans un \u00e9v\u00e9nement dramatique et profond\u00a0: <a href=\"https:\/\/www.holyart.fr\/occasions-speciales\/creche-de-paques\/scene-jesus-sur-la-croix-avec-marie-a-ses-pieds-9-cm\"><strong>Sa mort sur la Croix<\/strong><\/a>. Cet acte sacrificiel est le point final de Sa mission terrestre, dans lequel il offre Sa vie pour la r\u00e9demption de l\u2019humanit\u00e9 et le pardon des p\u00e9ch\u00e9s. La Croix devient le symbole m\u00eame de Son amour inconditionnel et de Son engagement pour l\u2019humanit\u00e9.<\/p>\n<p>Dans le contexte de cette derni\u00e8re phase de la vie publique de J\u00e9sus, rappelons des \u00e9pisodes tels que l\u2019<a href=\"https:\/\/www.holyart.fr\/blog\/articles-religieux\/lepisode-des-changeurs-chasses-du-temple-de-jerusalem\/\"><strong><u>Expulsion des marchands du Temple <\/u><\/strong><\/a>(Marc 11\u00a0:15-19), le <strong>discours sur le Mont des Oliviers<\/strong>, ou petite Apocalypse, un sermon eschatologique que J\u00e9sus prononce lors qu\u2019il se trouve sur le Mont des Oliviers, concernant le destin ultime de l\u2019humanit\u00e9.<\/p>\n<p>La vie publique de J\u00e9sus se conclut avec la <a href=\"https:\/\/www.holyart.fr\/occasions-speciales\/creche-de-paques\/scene-de-la-cene-en-resine-9-cm\"><strong>C\u00e8ne<\/strong><\/a> et le <strong>Discours d\u2019adieu aux disciples<\/strong>. Ce qui adviendra ensuite a chang\u00e9 pour toujours les sorts du monde et des hommes.<\/p>\n<div class=\"link-product\">\n<div class=\"blocco-immagine\"><img loading=\"lazy\" decoding=\"async\" class=\"alignnone size-full wp-image-10010\" src=\"https:\/\/blog.holyart.it\/fr\/wp-content\/uploads\/sites\/14\/2025\/03\/Scene-de-la-Cene-en-resine-9-cm.jpg\" alt=\"Sc\u00e8ne de la C\u00e8ne en r\u00e9sine 9 cm\" width=\"100\" height=\"100\" data-kale-share-title=\"La vie publique de J\u00e9sus : du Bapt\u00eame \u00e0 la C\u00e8ne\" data-kale-share-url=\"https:\/\/blog.holyart.it\/fr\/?p=9994\" \/><\/div>\n<div class=\"blocco-contenuto\">\n<div class=\"blocco-acquista\">Acheter sur Holyart:<\/div>\n<div class=\"blocco-titolo\"><a href=\"https:\/\/www.holyart.fr\/occasions-speciales\/creche-de-paques\/scene-de-la-cene-en-resine-9-cm\">Sc\u00e8ne de la C\u00e8ne en r\u00e9sine 9 cm<\/a><\/div>\n<div class=\"blocco-descrizione\">Santons en r\u00e9sine repr\u00e9sentant la c\u00e8ne avec J\u00e9sus, les douze ap\u00f4tres et la table du dernier d\u00eener.<\/div>\n<\/div>\n<\/div>\n","protected":false},"excerpt":{"rendered":"<p>Du Bapt\u00eame dans le Jourdain \u00e0 son entr\u00e9e triomphale \u00e0 J\u00e9rusalem. Les trois ann\u00e9es de vie publique de J\u00e9sus qui ont chang\u00e9 le destin du monde. Nous connaissons tous la vie de J\u00e9sus-Christ telle qu\u2019elle est racont\u00e9e dans les \u00c9vangiles. Une parabole humaine in\u00e9vitablement entrem\u00eal\u00e9e&hellip;<\/p>\n","protected":false},"author":1,"featured_media":9996,"comment_status":"closed","ping_status":"open","sticky":false,"template":"","format":"standard","meta":{"_acf_changed":false,"footnotes":""},"categories":[8],"tags":[],"class_list":["post-9994","post","type-post","status-publish","format-standard","has-post-thumbnail","hentry","category-articles-religieux"],"acf":[],"yoast_head":"<!-- This site is optimized with the Yoast SEO plugin v26.6 - https:\/\/yoast.com\/wordpress\/plugins\/seo\/ -->\n<title>La vie publique de J\u00e9sus : du Bapt\u00eame \u00e0 la C\u00e8ne - Holyart.fr Blog<\/title>\n<meta name=\"description\" content=\"Du Bapt\u00eame \u00e0 la C\u00e8ne. La vie publique de J\u00e9sus, entre r\u00e9cit \u00e9vang\u00e9lique et v\u00e9rit\u00e9 de Foi\u00a0: comment un homme a chang\u00e9 les sorts de l\u2019humanit\u00e9 enti\u00e8re.\" \/>\n<meta name=\"robots\" content=\"index, follow, max-snippet:-1, max-image-preview:large, max-video-preview:-1\" \/>\n<link rel=\"canonical\" href=\"https:\/\/blog.holyart.it\/fr\/articles-religieux\/la-vie-publique-de-jesus-du-bapteme-a-la-cene\/\" \/>\n<meta property=\"og:locale\" content=\"fr_FR\" \/>\n<meta property=\"og:type\" content=\"article\" \/>\n<meta property=\"og:title\" content=\"La vie publique de J\u00e9sus : du Bapt\u00eame \u00e0 la C\u00e8ne - Holyart.fr Blog\" \/>\n<meta property=\"og:description\" content=\"Du Bapt\u00eame \u00e0 la C\u00e8ne. La vie publique de J\u00e9sus, entre r\u00e9cit \u00e9vang\u00e9lique et v\u00e9rit\u00e9 de Foi\u00a0: comment un homme a chang\u00e9 les sorts de l\u2019humanit\u00e9 enti\u00e8re.\" \/>\n<meta property=\"og:url\" content=\"https:\/\/blog.holyart.it\/fr\/articles-religieux\/la-vie-publique-de-jesus-du-bapteme-a-la-cene\/\" \/>\n<meta property=\"og:site_name\" content=\"Holyart.fr Blog\" \/>\n<meta property=\"article:published_time\" content=\"2025-04-14T08:00:44+00:00\" \/>\n<meta property=\"article:modified_time\" content=\"2026-03-09T09:06:15+00:00\" \/>\n<meta property=\"og:image\" content=\"https:\/\/blog.holyart.it\/fr\/wp-content\/uploads\/sites\/14\/2025\/03\/La-vie-publique-de-Jesus.jpg\" \/>\n\t<meta property=\"og:image:width\" content=\"1000\" \/>\n\t<meta property=\"og:image:height\" content=\"666\" \/>\n\t<meta property=\"og:image:type\" content=\"image\/jpeg\" \/>\n<meta name=\"author\" content=\"Redazione\" \/>\n<meta name=\"twitter:card\" content=\"summary_large_image\" \/>\n<meta name=\"twitter:label1\" content=\"\u00c9crit par\" \/>\n\t<meta name=\"twitter:data1\" content=\"Redazione\" \/>\n\t<meta name=\"twitter:label2\" content=\"Dur\u00e9e de lecture estim\u00e9e\" \/>\n\t<meta name=\"twitter:data2\" content=\"11 minutes\" \/>\n<script type=\"application\/ld+json\" class=\"yoast-schema-graph\">{\"@context\":\"https:\/\/schema.org\",\"@graph\":[{\"@type\":\"Article\",\"@id\":\"https:\/\/blog.holyart.it\/fr\/articles-religieux\/la-vie-publique-de-jesus-du-bapteme-a-la-cene\/#article\",\"isPartOf\":{\"@id\":\"https:\/\/blog.holyart.it\/fr\/articles-religieux\/la-vie-publique-de-jesus-du-bapteme-a-la-cene\/\"},\"author\":{\"name\":\"Redazione\",\"@id\":\"https:\/\/blog.holyart.it\/fr\/#\/schema\/person\/0a7b686e5af0f856ec1e390dd0baecda\"},\"headline\":\"La vie publique de J\u00e9sus : du Bapt\u00eame \u00e0 la C\u00e8ne\",\"datePublished\":\"2025-04-14T08:00:44+00:00\",\"dateModified\":\"2026-03-09T09:06:15+00:00\",\"mainEntityOfPage\":{\"@id\":\"https:\/\/blog.holyart.it\/fr\/articles-religieux\/la-vie-publique-de-jesus-du-bapteme-a-la-cene\/\"},\"wordCount\":1963,\"publisher\":{\"@id\":\"https:\/\/blog.holyart.it\/fr\/#organization\"},\"image\":{\"@id\":\"https:\/\/blog.holyart.it\/fr\/articles-religieux\/la-vie-publique-de-jesus-du-bapteme-a-la-cene\/#primaryimage\"},\"thumbnailUrl\":\"https:\/\/blog.holyart.it\/fr\/wp-content\/uploads\/sites\/14\/2025\/03\/La-vie-publique-de-Jesus.jpg\",\"articleSection\":[\"Religion\"],\"inLanguage\":\"fr-FR\"},{\"@type\":\"WebPage\",\"@id\":\"https:\/\/blog.holyart.it\/fr\/articles-religieux\/la-vie-publique-de-jesus-du-bapteme-a-la-cene\/\",\"url\":\"https:\/\/blog.holyart.it\/fr\/articles-religieux\/la-vie-publique-de-jesus-du-bapteme-a-la-cene\/\",\"name\":\"La vie publique de J\u00e9sus : du Bapt\u00eame \u00e0 la C\u00e8ne - Holyart.fr Blog\",\"isPartOf\":{\"@id\":\"https:\/\/blog.holyart.it\/fr\/#website\"},\"primaryImageOfPage\":{\"@id\":\"https:\/\/blog.holyart.it\/fr\/articles-religieux\/la-vie-publique-de-jesus-du-bapteme-a-la-cene\/#primaryimage\"},\"image\":{\"@id\":\"https:\/\/blog.holyart.it\/fr\/articles-religieux\/la-vie-publique-de-jesus-du-bapteme-a-la-cene\/#primaryimage\"},\"thumbnailUrl\":\"https:\/\/blog.holyart.it\/fr\/wp-content\/uploads\/sites\/14\/2025\/03\/La-vie-publique-de-Jesus.jpg\",\"datePublished\":\"2025-04-14T08:00:44+00:00\",\"dateModified\":\"2026-03-09T09:06:15+00:00\",\"description\":\"Du Bapt\u00eame \u00e0 la C\u00e8ne. La vie publique de J\u00e9sus, entre r\u00e9cit \u00e9vang\u00e9lique et v\u00e9rit\u00e9 de Foi\u00a0: comment un homme a chang\u00e9 les sorts de l\u2019humanit\u00e9 enti\u00e8re.\",\"breadcrumb\":{\"@id\":\"https:\/\/blog.holyart.it\/fr\/articles-religieux\/la-vie-publique-de-jesus-du-bapteme-a-la-cene\/#breadcrumb\"},\"inLanguage\":\"fr-FR\",\"potentialAction\":[{\"@type\":\"ReadAction\",\"target\":[\"https:\/\/blog.holyart.it\/fr\/articles-religieux\/la-vie-publique-de-jesus-du-bapteme-a-la-cene\/\"]}]},{\"@type\":\"ImageObject\",\"inLanguage\":\"fr-FR\",\"@id\":\"https:\/\/blog.holyart.it\/fr\/articles-religieux\/la-vie-publique-de-jesus-du-bapteme-a-la-cene\/#primaryimage\",\"url\":\"https:\/\/blog.holyart.it\/fr\/wp-content\/uploads\/sites\/14\/2025\/03\/La-vie-publique-de-Jesus.jpg\",\"contentUrl\":\"https:\/\/blog.holyart.it\/fr\/wp-content\/uploads\/sites\/14\/2025\/03\/La-vie-publique-de-Jesus.jpg\",\"width\":1000,\"height\":666,\"caption\":\"La vie publique de J\u00e9sus\"},{\"@type\":\"BreadcrumbList\",\"@id\":\"https:\/\/blog.holyart.it\/fr\/articles-religieux\/la-vie-publique-de-jesus-du-bapteme-a-la-cene\/#breadcrumb\",\"itemListElement\":[{\"@type\":\"ListItem\",\"position\":1,\"name\":\"Homepage\",\"item\":\"https:\/\/blog.holyart.it\/fr\/\"},{\"@type\":\"ListItem\",\"position\":2,\"name\":\"Religion\",\"item\":\"https:\/\/blog.holyart.it\/fr\/articles-religieux\/\"},{\"@type\":\"ListItem\",\"position\":3,\"name\":\"La vie publique de J\u00e9sus : du Bapt\u00eame \u00e0 la C\u00e8ne\"}]},{\"@type\":\"WebSite\",\"@id\":\"https:\/\/blog.holyart.it\/fr\/#website\",\"url\":\"https:\/\/blog.holyart.it\/fr\/\",\"name\":\"Holyart.fr Blog\",\"description\":\"Holyblog\",\"publisher\":{\"@id\":\"https:\/\/blog.holyart.it\/fr\/#organization\"},\"potentialAction\":[{\"@type\":\"SearchAction\",\"target\":{\"@type\":\"EntryPoint\",\"urlTemplate\":\"https:\/\/blog.holyart.it\/fr\/?s={search_term_string}\"},\"query-input\":{\"@type\":\"PropertyValueSpecification\",\"valueRequired\":true,\"valueName\":\"search_term_string\"}}],\"inLanguage\":\"fr-FR\"},{\"@type\":\"Organization\",\"@id\":\"https:\/\/blog.holyart.it\/fr\/#organization\",\"name\":\"Holyart.fr Blog\",\"url\":\"https:\/\/blog.holyart.it\/fr\/\",\"logo\":{\"@type\":\"ImageObject\",\"inLanguage\":\"fr-FR\",\"@id\":\"https:\/\/blog.holyart.it\/fr\/#\/schema\/logo\/image\/\",\"url\":\"https:\/\/blog.holyart.it\/fr\/wp-content\/uploads\/sites\/14\/2022\/12\/Holyart_Blog_Logo.jpg\",\"contentUrl\":\"https:\/\/blog.holyart.it\/fr\/wp-content\/uploads\/sites\/14\/2022\/12\/Holyart_Blog_Logo.jpg\",\"width\":300,\"height\":50,\"caption\":\"Holyart.fr Blog\"},\"image\":{\"@id\":\"https:\/\/blog.holyart.it\/fr\/#\/schema\/logo\/image\/\"}},{\"@type\":\"Person\",\"@id\":\"https:\/\/blog.holyart.it\/fr\/#\/schema\/person\/0a7b686e5af0f856ec1e390dd0baecda\",\"name\":\"Redazione\",\"image\":{\"@type\":\"ImageObject\",\"inLanguage\":\"fr-FR\",\"@id\":\"https:\/\/blog.holyart.it\/fr\/#\/schema\/person\/image\/\",\"url\":\"https:\/\/secure.gravatar.com\/avatar\/f477da817f43e50d0af36abecd33e3edf826c68299714bdc1057dff3b113f516?s=96&d=mm&r=g\",\"contentUrl\":\"https:\/\/secure.gravatar.com\/avatar\/f477da817f43e50d0af36abecd33e3edf826c68299714bdc1057dff3b113f516?s=96&d=mm&r=g\",\"caption\":\"Redazione\"},\"url\":\"https:\/\/blog.holyart.it\/fr\/author\/admin\/\"}]}<\/script>\n<!-- \/ Yoast SEO plugin. -->","yoast_head_json":{"title":"La vie publique de J\u00e9sus : du Bapt\u00eame \u00e0 la C\u00e8ne - Holyart.fr Blog","description":"Du Bapt\u00eame \u00e0 la C\u00e8ne. La vie publique de J\u00e9sus, entre r\u00e9cit \u00e9vang\u00e9lique et v\u00e9rit\u00e9 de Foi\u00a0: comment un homme a chang\u00e9 les sorts de l\u2019humanit\u00e9 enti\u00e8re.","robots":{"index":"index","follow":"follow","max-snippet":"max-snippet:-1","max-image-preview":"max-image-preview:large","max-video-preview":"max-video-preview:-1"},"canonical":"https:\/\/blog.holyart.it\/fr\/articles-religieux\/la-vie-publique-de-jesus-du-bapteme-a-la-cene\/","og_locale":"fr_FR","og_type":"article","og_title":"La vie publique de J\u00e9sus : du Bapt\u00eame \u00e0 la C\u00e8ne - Holyart.fr Blog","og_description":"Du Bapt\u00eame \u00e0 la C\u00e8ne. La vie publique de J\u00e9sus, entre r\u00e9cit \u00e9vang\u00e9lique et v\u00e9rit\u00e9 de Foi\u00a0: comment un homme a chang\u00e9 les sorts de l\u2019humanit\u00e9 enti\u00e8re.","og_url":"https:\/\/blog.holyart.it\/fr\/articles-religieux\/la-vie-publique-de-jesus-du-bapteme-a-la-cene\/","og_site_name":"Holyart.fr Blog","article_published_time":"2025-04-14T08:00:44+00:00","article_modified_time":"2026-03-09T09:06:15+00:00","og_image":[{"width":1000,"height":666,"url":"https:\/\/blog.holyart.it\/fr\/wp-content\/uploads\/sites\/14\/2025\/03\/La-vie-publique-de-Jesus.jpg","type":"image\/jpeg"}],"author":"Redazione","twitter_card":"summary_large_image","twitter_misc":{"\u00c9crit par":"Redazione","Dur\u00e9e de lecture estim\u00e9e":"11 minutes"},"schema":{"@context":"https:\/\/schema.org","@graph":[{"@type":"Article","@id":"https:\/\/blog.holyart.it\/fr\/articles-religieux\/la-vie-publique-de-jesus-du-bapteme-a-la-cene\/#article","isPartOf":{"@id":"https:\/\/blog.holyart.it\/fr\/articles-religieux\/la-vie-publique-de-jesus-du-bapteme-a-la-cene\/"},"author":{"name":"Redazione","@id":"https:\/\/blog.holyart.it\/fr\/#\/schema\/person\/0a7b686e5af0f856ec1e390dd0baecda"},"headline":"La vie publique de J\u00e9sus : du Bapt\u00eame \u00e0 la C\u00e8ne","datePublished":"2025-04-14T08:00:44+00:00","dateModified":"2026-03-09T09:06:15+00:00","mainEntityOfPage":{"@id":"https:\/\/blog.holyart.it\/fr\/articles-religieux\/la-vie-publique-de-jesus-du-bapteme-a-la-cene\/"},"wordCount":1963,"publisher":{"@id":"https:\/\/blog.holyart.it\/fr\/#organization"},"image":{"@id":"https:\/\/blog.holyart.it\/fr\/articles-religieux\/la-vie-publique-de-jesus-du-bapteme-a-la-cene\/#primaryimage"},"thumbnailUrl":"https:\/\/blog.holyart.it\/fr\/wp-content\/uploads\/sites\/14\/2025\/03\/La-vie-publique-de-Jesus.jpg","articleSection":["Religion"],"inLanguage":"fr-FR"},{"@type":"WebPage","@id":"https:\/\/blog.holyart.it\/fr\/articles-religieux\/la-vie-publique-de-jesus-du-bapteme-a-la-cene\/","url":"https:\/\/blog.holyart.it\/fr\/articles-religieux\/la-vie-publique-de-jesus-du-bapteme-a-la-cene\/","name":"La vie publique de J\u00e9sus : du Bapt\u00eame \u00e0 la C\u00e8ne - Holyart.fr Blog","isPartOf":{"@id":"https:\/\/blog.holyart.it\/fr\/#website"},"primaryImageOfPage":{"@id":"https:\/\/blog.holyart.it\/fr\/articles-religieux\/la-vie-publique-de-jesus-du-bapteme-a-la-cene\/#primaryimage"},"image":{"@id":"https:\/\/blog.holyart.it\/fr\/articles-religieux\/la-vie-publique-de-jesus-du-bapteme-a-la-cene\/#primaryimage"},"thumbnailUrl":"https:\/\/blog.holyart.it\/fr\/wp-content\/uploads\/sites\/14\/2025\/03\/La-vie-publique-de-Jesus.jpg","datePublished":"2025-04-14T08:00:44+00:00","dateModified":"2026-03-09T09:06:15+00:00","description":"Du Bapt\u00eame \u00e0 la C\u00e8ne. La vie publique de J\u00e9sus, entre r\u00e9cit \u00e9vang\u00e9lique et v\u00e9rit\u00e9 de Foi\u00a0: comment un homme a chang\u00e9 les sorts de l\u2019humanit\u00e9 enti\u00e8re.","breadcrumb":{"@id":"https:\/\/blog.holyart.it\/fr\/articles-religieux\/la-vie-publique-de-jesus-du-bapteme-a-la-cene\/#breadcrumb"},"inLanguage":"fr-FR","potentialAction":[{"@type":"ReadAction","target":["https:\/\/blog.holyart.it\/fr\/articles-religieux\/la-vie-publique-de-jesus-du-bapteme-a-la-cene\/"]}]},{"@type":"ImageObject","inLanguage":"fr-FR","@id":"https:\/\/blog.holyart.it\/fr\/articles-religieux\/la-vie-publique-de-jesus-du-bapteme-a-la-cene\/#primaryimage","url":"https:\/\/blog.holyart.it\/fr\/wp-content\/uploads\/sites\/14\/2025\/03\/La-vie-publique-de-Jesus.jpg","contentUrl":"https:\/\/blog.holyart.it\/fr\/wp-content\/uploads\/sites\/14\/2025\/03\/La-vie-publique-de-Jesus.jpg","width":1000,"height":666,"caption":"La vie publique de J\u00e9sus"},{"@type":"BreadcrumbList","@id":"https:\/\/blog.holyart.it\/fr\/articles-religieux\/la-vie-publique-de-jesus-du-bapteme-a-la-cene\/#breadcrumb","itemListElement":[{"@type":"ListItem","position":1,"name":"Homepage","item":"https:\/\/blog.holyart.it\/fr\/"},{"@type":"ListItem","position":2,"name":"Religion","item":"https:\/\/blog.holyart.it\/fr\/articles-religieux\/"},{"@type":"ListItem","position":3,"name":"La vie publique de J\u00e9sus : du Bapt\u00eame \u00e0 la C\u00e8ne"}]},{"@type":"WebSite","@id":"https:\/\/blog.holyart.it\/fr\/#website","url":"https:\/\/blog.holyart.it\/fr\/","name":"Holyart.fr Blog","description":"Holyblog","publisher":{"@id":"https:\/\/blog.holyart.it\/fr\/#organization"},"potentialAction":[{"@type":"SearchAction","target":{"@type":"EntryPoint","urlTemplate":"https:\/\/blog.holyart.it\/fr\/?s={search_term_string}"},"query-input":{"@type":"PropertyValueSpecification","valueRequired":true,"valueName":"search_term_string"}}],"inLanguage":"fr-FR"},{"@type":"Organization","@id":"https:\/\/blog.holyart.it\/fr\/#organization","name":"Holyart.fr Blog","url":"https:\/\/blog.holyart.it\/fr\/","logo":{"@type":"ImageObject","inLanguage":"fr-FR","@id":"https:\/\/blog.holyart.it\/fr\/#\/schema\/logo\/image\/","url":"https:\/\/blog.holyart.it\/fr\/wp-content\/uploads\/sites\/14\/2022\/12\/Holyart_Blog_Logo.jpg","contentUrl":"https:\/\/blog.holyart.it\/fr\/wp-content\/uploads\/sites\/14\/2022\/12\/Holyart_Blog_Logo.jpg","width":300,"height":50,"caption":"Holyart.fr Blog"},"image":{"@id":"https:\/\/blog.holyart.it\/fr\/#\/schema\/logo\/image\/"}},{"@type":"Person","@id":"https:\/\/blog.holyart.it\/fr\/#\/schema\/person\/0a7b686e5af0f856ec1e390dd0baecda","name":"Redazione","image":{"@type":"ImageObject","inLanguage":"fr-FR","@id":"https:\/\/blog.holyart.it\/fr\/#\/schema\/person\/image\/","url":"https:\/\/secure.gravatar.com\/avatar\/f477da817f43e50d0af36abecd33e3edf826c68299714bdc1057dff3b113f516?s=96&d=mm&r=g","contentUrl":"https:\/\/secure.gravatar.com\/avatar\/f477da817f43e50d0af36abecd33e3edf826c68299714bdc1057dff3b113f516?s=96&d=mm&r=g","caption":"Redazione"},"url":"https:\/\/blog.holyart.it\/fr\/author\/admin\/"}]}},"_links":{"self":[{"href":"https:\/\/blog.holyart.it\/fr\/wp-json\/wp\/v2\/posts\/9994","targetHints":{"allow":["GET"]}}],"collection":[{"href":"https:\/\/blog.holyart.it\/fr\/wp-json\/wp\/v2\/posts"}],"about":[{"href":"https:\/\/blog.holyart.it\/fr\/wp-json\/wp\/v2\/types\/post"}],"author":[{"embeddable":true,"href":"https:\/\/blog.holyart.it\/fr\/wp-json\/wp\/v2\/users\/1"}],"replies":[{"embeddable":true,"href":"https:\/\/blog.holyart.it\/fr\/wp-json\/wp\/v2\/comments?post=9994"}],"version-history":[{"count":10,"href":"https:\/\/blog.holyart.it\/fr\/wp-json\/wp\/v2\/posts\/9994\/revisions"}],"predecessor-version":[{"id":10012,"href":"https:\/\/blog.holyart.it\/fr\/wp-json\/wp\/v2\/posts\/9994\/revisions\/10012"}],"wp:featuredmedia":[{"embeddable":true,"href":"https:\/\/blog.holyart.it\/fr\/wp-json\/wp\/v2\/media\/9996"}],"wp:attachment":[{"href":"https:\/\/blog.holyart.it\/fr\/wp-json\/wp\/v2\/media?parent=9994"}],"wp:term":[{"taxonomy":"category","embeddable":true,"href":"https:\/\/blog.holyart.it\/fr\/wp-json\/wp\/v2\/categories?post=9994"},{"taxonomy":"post_tag","embeddable":true,"href":"https:\/\/blog.holyart.it\/fr\/wp-json\/wp\/v2\/tags?post=9994"}],"curies":[{"name":"wp","href":"https:\/\/api.w.org\/{rel}","templated":true}]}}