{"id":9979,"date":"2025-04-09T10:00:36","date_gmt":"2025-04-09T08:00:36","guid":{"rendered":"https:\/\/blog.holyart.it\/fr\/?p=9979"},"modified":"2026-04-09T14:45:51","modified_gmt":"2026-04-09T12:45:51","slug":"pour-une-cause-urgente-adressez-vos-prieres-a-saint-expedit","status":"publish","type":"post","link":"https:\/\/blog.holyart.it\/fr\/articles-religieux\/pour-une-cause-urgente-adressez-vos-prieres-a-saint-expedit\/","title":{"rendered":"Pour une cause urgente, adressez vos pri\u00e8res \u00e0 Saint Exp\u00e9dit"},"content":{"rendered":"<h4>Saint Exp\u00e9dit Martyr est invoqu\u00e9 pour les causes urgentes et d\u00e9sesp\u00e9r\u00e9es. Voici comment nait et se r\u00e9pand son culte.<\/h4>\n<p>Prier pour une gr\u00e2ce ne devrait jamais \u00eatre fait en vitesse. Mais il est aussi vrai qu\u2019aujourd\u2019hui, et encore plus dans le pass\u00e9, il arrivait que des hommes et des femmes se retrouvaient dans un danger imm\u00e9diat et cherchaient une aide du Ciel qui puisse les sauver le plus vite possible. Nous ne devons donc pas consid\u00e9rer <a href=\"https:\/\/www.holyart.fr\/articles-religieux\/statues\/statues-en-platre\/saint-expedit-statuette-platre-20-cm-peinte-main-barsanti\"><strong>Saint Exp\u00e9dit de M\u00e9lit\u00e8ne<\/strong><\/a>, martyr chr\u00e9tien du IVe si\u00e8cle, le Saint Patron des press\u00e9s, comme celui auquel on s\u2019adresse quand on a un besoin urgent de quelque chose.<\/p>\n<div class=\"link-product\">\n<div class=\"blocco-immagine\"><img loading=\"lazy\" decoding=\"async\" class=\"alignnone size-full wp-image-9982\" src=\"https:\/\/blog.holyart.it\/fr\/wp-content\/uploads\/sites\/14\/2025\/03\/Saint-Expedit-statuette-platre-20-cm-peinte-main-Barsanti.jpg\" alt=\"Saint Exp\u00e9dit statuette pl\u00e2tre 20 cm peinte main Barsanti\" width=\"100\" height=\"100\" data-kale-share-title=\"Pour une cause urgente, adressez vos pri\u00e8res \u00e0 Saint Exp\u00e9dit\" data-kale-share-url=\"https:\/\/blog.holyart.it\/fr\/?p=9979\" \/><\/div>\n<div class=\"blocco-contenuto\">\n<div class=\"blocco-acquista\">Acheter sur Holyart:<\/div>\n<div class=\"blocco-titolo\"><a href=\"https:\/\/www.holyart.fr\/articles-religieux\/statues\/statues-en-platre\/saint-expedit-statuette-platre-20-cm-peinte-main-barsanti\">Saint Exp\u00e9dit statuette pl\u00e2tre 20 cm peinte main Barsanti<\/a><\/div>\n<div class=\"blocco-descrizione\">Statuette r\u00e9alis\u00e9e en pl\u00e2tre et peinte \u00e0 la main par des artisans d&rsquo;une entreprise italienne historique, Arte Barsanti.<\/div>\n<\/div>\n<\/div>\n<p>On sait peu, voir rien, concernant ce Saint, souvent confondu ou substitu\u00e9 \u00e0 Elpide ou Ilpide, un autre martyr mort \u00e0 M\u00e9lit\u00e8ne \u00e0 la m\u00eame p\u00e9riode. Tous les deux auraient fait partie du groupe dirig\u00e9 par Saint H\u00e9rmog\u00e8ne qui v\u00e9cut et mourut \u00e0 M\u00e9lit\u00e8ne dans l\u2019ancienne Arm\u00e9nie (l\u2019actuelle Malatya, aujourd\u2019hui en Turquie) pendant les terribles pers\u00e9cutions de Diocl\u00e9tien.<\/p>\n<p>M\u00eame son nom pourrait faire douter de son existence. <em>Expeditus<\/em> est un adjectif latin qui signifie \u00ab\u00a0libre de charges\u00a0\u00bb. Ainsi \u00e9tait appel\u00e9s les fantassins l\u00e9gers de l\u2019arm\u00e9e romaine, Expediti, \u00ab\u00a0libres d\u2019entraves, agiles\u00a0\u00bb. Pour cette raison, le culte populaire a transmis, entre autres choses, qu\u2019Exp\u00e9dit <strong>fut un<\/strong> <strong>soldat romain<\/strong>, \u00e0 la t\u00eate de la L\u00e9gion \u00ab\u00a0Fulminata\u00a0\u00bb, mais qui se convertit ensuite et subit le martyr au d\u00e9but du IVe si\u00e8cle.<\/p>\n<p>Ador\u00e9 par l\u2019<strong>\u00c9glise catholique et l\u2019\u00c9glise orthodoxe<\/strong>, sa d\u00e9votion est aujourd\u2019hui particuli\u00e8rement r\u00e9pandue en Autriche, France, Espagne et Italie, mais aussi en Am\u00e9rique du Sud (Argentine, Br\u00e9sil, Chili, Colombie, Nicaragua, Panama, P\u00e9rou, Uruguay, Venezuela), en Russie et dans les Philippines.<\/p>\n<p>Il est consid\u00e9r\u00e9 comme le <a href=\"https:\/\/www.holyart.fr\/articles-religieux\/statues\/statues-en-bois-peint\/st-expedit-30-cm-pate-a-bois-fin.-ancienne\"><strong>saint patron des commer\u00e7ants<\/strong><\/a> d\u00e9sireux de conclure une affaire le plus vite possible et des <strong>navigateurs<\/strong>, mais aussi des <strong>programmateurs et des hackers<\/strong>, protecteur des militaires, des \u00e9tudiants et des jeunes. En g\u00e9n\u00e9ral, il veille sur les <strong>causes urgentes et d\u00e9sesp\u00e9r\u00e9es<\/strong>, \u00e0 condition qu\u2019elles soient nobles et justes, sur les \u00e9mergences et sur les causes impossibles.<\/p>\n<p>Sa m\u00e9moire liturgique tombe le\u00a0<strong>19 avril<\/strong>.<\/p>\n<div class=\"link-product\">\n<div class=\"blocco-immagine\"><img loading=\"lazy\" decoding=\"async\" class=\"alignnone size-full wp-image-9985\" src=\"https:\/\/blog.holyart.it\/fr\/wp-content\/uploads\/sites\/14\/2025\/03\/St-Expedit-30-cm-pate-a-bois-fin.-ancienne.jpg\" alt=\"St Exp\u00e9dit 30 cm p\u00e2te \u00e0 bois fin. ancienne\" width=\"100\" height=\"100\" data-kale-share-title=\"Pour une cause urgente, adressez vos pri\u00e8res \u00e0 Saint Exp\u00e9dit\" data-kale-share-url=\"https:\/\/blog.holyart.it\/fr\/?p=9979\" \/><\/div>\n<div class=\"blocco-contenuto\">\n<div class=\"blocco-acquista\">Acheter sur Holyart:<\/div>\n<div class=\"blocco-titolo\"><a href=\"https:\/\/www.holyart.fr\/articles-religieux\/statues\/statues-en-bois-peint\/st-expedit-30-cm-pate-a-bois-fin.-ancienne\">St Exp\u00e9dit 30 cm p\u00e2te \u00e0 bois fin. ancienne<\/a><\/div>\n<div class=\"blocco-descrizione\">Statue de Saint Exp\u00e9dit r\u00e9alis\u00e9e par des artisans Espagnols en p\u00e2te \u00e0 bois et yeux en cristal.<\/div>\n<\/div>\n<\/div>\n<h2>L\u2019histoire de Saint Exp\u00e9dit martyr<\/h2>\n<p>Ce que nous connaissons de Saint Exp\u00e9dit est vraiment limit\u00e9 et li\u00e9, pour la plupart, aux r\u00e9cits populaires. Il est cit\u00e9 dans le <strong>Martyrologe hi\u00e9ronymien\u00a0<\/strong>(<em>Martyrologium Hieronymianum<\/em>) consid\u00e9r\u00e9 comme le plus ancien catalogue de martyrs chr\u00e9tiens de l\u2019\u00c9glise latine, dont la r\u00e9daction est attribu\u00e9e \u00e0 Saint J\u00e9r\u00f4me, texte essentiel de l\u2019hagiographie, mais objet de critiques et de diff\u00e9rends.<\/p>\n<p>Les l\u00e9gendes transmises par la d\u00e9votion populaire racontent, par contre, que Saint Exp\u00e9dit fut un contemporain de <a href=\"https:\/\/www.holyart.fr\/blog\/saints-et-bienheureux\/sainte-philomene-lhistoire-de-la-vierge-et-martyre\/\"><strong><u>Sainte Philom\u00e8ne<\/u><\/strong><\/a>, princesse de l\u2019\u00eele de Corfou, qui mourut martyre \u00e0 seulement 13 ans pour avoir refus\u00e9 l\u2019amour de Diocl\u00e9tien en personne. Exp\u00e9dit aurait \u00e9t\u00e9 le <strong>commandant d\u2019une L\u00e9gion romaine<\/strong> charg\u00e9e de combattre les barbares \u00e0 l\u2019Est de l\u2019Empire Romain. Parmi ses t\u00e2ches au service de l\u2019Empereur, il y avait \u00e9galement celle de <strong>pers\u00e9cuter les chr\u00e9tiens<\/strong>, mais, en entendant parler de J\u00e9sus, Exp\u00e9dit en resta touch\u00e9. Toutefois, fid\u00e8le \u00e0 ses devoirs envers Rome, il continuait de remettre sa conversion \u00e0 plus tard.<\/p>\n<div class=\"link-article\">\n<p><img loading=\"lazy\" decoding=\"async\" class=\"alignnone size-full wp-image-9987\" src=\"https:\/\/blog.holyart.it\/fr\/wp-content\/uploads\/sites\/14\/2025\/03\/Sainte-Philomene.jpg\" alt=\"Sainte Philom\u00e8ne\" width=\"150\" height=\"99\" data-kale-share-title=\"Pour une cause urgente, adressez vos pri\u00e8res \u00e0 Saint Exp\u00e9dit\" data-kale-share-url=\"https:\/\/blog.holyart.it\/fr\/?p=9979\" \/><\/p>\n<div class=\"leggi-anche\">Lire aussi :<\/div>\n<p><strong><a href=\"https:\/\/www.holyart.fr\/blog\/saints-et-bienheureux\/sainte-philomene-lhistoire-de-la-vierge-et-martyre\/\">Sainte Philom\u00e8ne: l\u2019histoire de la vierge et martyre<\/a><\/strong><br \/>\nLes restes de Sainte Philom\u00e8ne, vierge et martyre, furent retrouv\u00e9s dans les catacombes de Rome, mais sont conserv\u00e9s dans le Sanctuaire de&#8230;<\/p>\n<\/div>\n<p>La veille d\u2019une bataille contre les barbares, dont l\u2019aboutissement semblait irr\u00e9m\u00e9diablement d\u00e9favorable pour lui et pour ses hommes, ces derniers, d\u00e9j\u00e0 \u00e9puis\u00e9s par la soif due \u00e0 la longue s\u00e9cheresse, s\u2019agenouill\u00e8rent et se mirent \u00e0 prier comme ils avaient vu faire des chr\u00e9tiens, en invoquant une rapide intervention divine. Les ennemis, \u00e9tonn\u00e9s par cet \u00e9trange comportement, s\u2019arr\u00eat\u00e8rent et, \u00e0 cet instant, le ciel s\u2019obscurcit et des nuages se d\u00e9versa une pluie torrentielle, qui permit aux soldats romains de boire et de regagner les forces n\u00e9cessaires pour combattre et gagner la bataille.<\/p>\n<p>Ensuite, de nombreux soldats de cette l\u00e9gion se convertirent pour de vrai et m\u00eame leur commandant, Exp\u00e9dit, d\u00e9cida de ne pas h\u00e9siter davantage. Un d\u00e9mon lui apparut sous forme de corbeau pour le dissuader en croassant\u00a0: \u00ab\u00a0<em>Cras, cras, cras<\/em>\u00a0\u00bb (<em>demain<\/em> en latin). Mais Exp\u00e9dit le pi\u00e9tina en disant\u00a0: \u00ab\u00a0<strong><em><a href=\"https:\/\/www.holyart.fr\/articles-religieux\/bijoux-religieux\/pendentifs-croix-et-broches\/croix-saint-expedit-pendentif-argent-925-hodie\">Hodie, hodie, hodie\u00a0<\/a><\/em><\/strong>\u00bb (<em>aujourd\u2019hui<\/em> en latin). Pour cette raison, l\u2019<strong>iconographie de Saint Exp\u00e9dit <\/strong>le montre avec le palmier du martyr dans une main et dans l\u2019autre une croix avec l\u2019inscription \u00ab\u00a0<em>Hodie<\/em>\u00a0\u00bb et, sous ses pieds, le corbeau criant \u00ab\u00a0<em>Cras<\/em>\u00a0\u00bb.<\/p>\n<div class=\"link-product\">\n<div class=\"blocco-immagine\"><img loading=\"lazy\" decoding=\"async\" class=\"alignnone size-full wp-image-9990\" src=\"https:\/\/blog.holyart.it\/fr\/wp-content\/uploads\/sites\/14\/2025\/03\/Croix-Saint-Expedit-pendentif-argent-925-Hodie.jpg\" alt=\"Croix Saint Exp\u00e9dit pendentif argent 925 Hodie\" width=\"100\" height=\"100\" data-kale-share-title=\"Pour une cause urgente, adressez vos pri\u00e8res \u00e0 Saint Exp\u00e9dit\" data-kale-share-url=\"https:\/\/blog.holyart.it\/fr\/?p=9979\" \/><\/div>\n<div class=\"blocco-contenuto\">\n<div class=\"blocco-acquista\">Acheter sur Holyart:<\/div>\n<div class=\"blocco-titolo\"><a href=\"https:\/\/www.holyart.fr\/articles-religieux\/bijoux-religieux\/pendentifs-croix-et-broches\/croix-saint-expedit-pendentif-argent-925-hodie\">Croix Saint Exp\u00e9dit pendentif argent 925 Hodie<\/a><\/div>\n<div class=\"blocco-descrizione\">Croix pendentif en argent 925, inspir\u00e9e par Saint Exp\u00e9dit de M\u00e9lit\u00e8ne, avec inscription, grav\u00e9e \u00e0 la main, du mot \u00ab\u00a0Hodie\u00a0\u00bb.<\/div>\n<\/div>\n<\/div>\n<p>Saint Exp\u00e9dit <strong>se fit baptiser<\/strong> et v\u00e9cut le restant de sa vie comme moine, en mourant <strong>martyr le 19 avril 303 \u00e0 M\u00e9lit\u00e8ne<\/strong>, avec beaucoup d\u2019anciens l\u00e9gionnaires qui s\u2019\u00e9taient convertis comme lui. Son corps d\u00e9capit\u00e9 fut si bien cach\u00e9 par ses compagnons que ses restes ne furent jamais retrouv\u00e9s.<\/p>\n<p>Certaines l\u00e9gendes lui attribuent le <strong>miracle de l\u2019eau<\/strong>, en r\u00e9alit\u00e9 accompli par Saint Constance de P\u00e9rouse qui, martyr \u00e0 l\u2019\u00e9poque de Marc Aur\u00e8le, fut immerg\u00e9 dans de l\u2019eau bouillante, mais s\u2019en sortit indemne.<\/p>\n<h2>Pri\u00e8re \u00e0 Saint Exp\u00e9dit<\/h2>\n<p>On peut prier Saint Exp\u00e9dit pour demander son intercession devant Dieu dans les situations les plus urgentes et les plus d\u00e9sesp\u00e9r\u00e9es.<\/p>\n<p><em>J\u00e9sus-Christ, mon Seigneur, je viens \u00e0 votre aide, \u00f4 tr\u00e8s sainte Vierge Immacul\u00e9e, aidez-moi !<\/em><\/p>\n<p><em>Saint Exp\u00e9dit, toi qui as \u00e9t\u00e9 courageux et qui as ouvert ton c\u0153ur \u00e0 Dieu et qui n&rsquo;a pas c\u00e9d\u00e9 aux tentations expos\u00e9es pour que ton c\u0153ur ne soit pas approuv\u00e9 par le Tout-Puissant, je te demande de m&rsquo;aider \u00e0 faire aujourd&rsquo;hui ce dont j&rsquo;aurai besoin demain,<br \/>\nque les actions dont j&rsquo;ai besoin aujourd&rsquo;hui, je les utiliserai demain, toutes faites pour l&rsquo;amour de J\u00e9sus.<\/em><\/p>\n<p><em>Donne-moi ton aide c\u00e9leste, pour ne plus d\u00e9pendre des vices et des d\u00e9pendances, pour les \u00e9loigner de moi avec la puissance que Dieu t&rsquo;a donn\u00e9e. Je veux \u00eatre un militant, honoraire et de grand prestige pour le Seigneur, pour ne faire que servir et louer son nom, et ne pas avoir peur des \u00e9preuves qui se pr\u00e9sentent \u00e0 moi.<\/em><\/p>\n<p><em>Toi qui es le Saint de la justice et des besoins, je te pr\u00e9sente aujourd&rsquo;hui ma demande.<\/em><\/p>\n<p><em>Par-dessus tout et au-del\u00e0 de tout ce que je peux exiger, je vous demande d&rsquo;interc\u00e9der en moi, afin que la foi soit la plus grande vertu de mon \u00eatre, et me conduise ainsi au royaume de Dieu, avec la Vierge Marie, les anges et les archanges. Amen.<\/em><\/p>\n<p>Il existe \u00e9galement la <a href=\"https:\/\/www.holyart.fr\/articles-religieux\/statues\/statues-en-platre\/saint-expedit-statue-platre-30-cm-peint-main-arte-barsanti\"><strong>Neuvaine \u00e0 Saint Exp\u00e9dit<\/strong><\/a>, qui est r\u00e9cit\u00e9e pendant neuf jour \u00e0 partir du 10 avril.<\/p>\n<div class=\"link-product\">\n<div class=\"blocco-immagine\"><img loading=\"lazy\" decoding=\"async\" class=\"alignnone size-full wp-image-9992\" src=\"https:\/\/blog.holyart.it\/fr\/wp-content\/uploads\/sites\/14\/2025\/03\/Saint-Expedit-statue-platre-30-cm-peint-main-Arte-Barsanti.jpg\" alt=\"Saint Exp\u00e9dit statue pl\u00e2tre 30 cm peint main Arte Barsanti\" width=\"100\" height=\"100\" data-kale-share-title=\"Pour une cause urgente, adressez vos pri\u00e8res \u00e0 Saint Exp\u00e9dit\" data-kale-share-url=\"https:\/\/blog.holyart.it\/fr\/?p=9979\" \/><\/div>\n<div class=\"blocco-contenuto\">\n<div class=\"blocco-acquista\">Acheter sur Holyart:<\/div>\n<div class=\"blocco-titolo\"><a href=\"https:\/\/www.holyart.fr\/articles-religieux\/statues\/statues-en-platre\/saint-expedit-statue-platre-30-cm-peint-main-arte-barsanti\">Saint Exp\u00e9dit statue pl\u00e2tre 30 cm peint main Arte Barsanti<\/a><\/div>\n<div class=\"blocco-descrizione\">Statue en pl\u00e2tre, r\u00e9alis\u00e9e et peinte soigneusement \u00e0 la main par les artisans d&rsquo;une entreprise italienne avec plus d&rsquo;un si\u00e8cle d&rsquo;histoire, Arte Barsanti.<\/div>\n<\/div>\n<\/div>\n<p><em>10 Avril \u2013 1er Jour<br \/>\n<\/em><em>\u00d4 Saint Exp\u00e9dit, qui, en pleine jeunesse, as sacrifi\u00e9 ta vie pour la plus grande gloire du Christ notre Dieu, obtiens-nous, par les m\u00e9rites de ton martyre, que durant toute notre vie, notre \u00e2me soit illumin\u00e9e d&rsquo;une puret\u00e9 candide. \u00ab\u00a0Si vous ne changez et ne devenez comme des enfants, a dit Notre Seigneur, vous n&rsquo;entrerez point dans le Royaume des Cieux\u00a0\u00bb. \u00d4 Saint Exp\u00e9dit, aide-nous donc, par ta puissante intercession, \u00e0 acqu\u00e9rir cet esprit de simplicit\u00e9 dans l&rsquo;intention et de puret\u00e9 dans l&rsquo;affection envers notre P\u00e8re des Cieux. Prie pour moi, saint Exp\u00e9dit, pour moi qui vieillis dans le p\u00e9ch\u00e9 et dont les passions mal contenues fl\u00e9trissent mon \u00e2me et la souillent par tant d&rsquo;offenses envers son Cr\u00e9ateur et R\u00e9dempteur. Fais que, d\u00e8s ici-bas, je puisse jouir de cette \u00e9ternelle jeunesse afin \u00ab\u00a0qu&rsquo;ayant les mains innocentes et le c\u0153ur pur, je sois digne de monter \u00e0 la montagne du Seigneur et de me tenir dans son lieu saint\u00a0\u00bb. C&rsquo;est pourquoi, si ma main est un sujet \u00e0 scandale, aide-moi \u00e0 la couper ; si mon \u0153il est un sujet \u00e0 scandale, aide-moi \u00e0 l&rsquo;arracher, afin que mon c\u0153ur purifi\u00e9 resplendisse sous la gr\u00e2ce comme le cristal aux feux du soleil. Ainsi \u00ab\u00a0Dieu m&rsquo;aimera et me fera entrer dans sa maison.\u00a0\u00bb<\/em><\/p>\n<p><em>Que la Tr\u00e8s Sainte Vierge, puret\u00e9 parfaite, daigne interc\u00e9der pour nous aupr\u00e8s de son divin Fils. Amen !<\/em><\/p>\n<p><em>\u00d4 Christ, prot\u00e8ge-nous demain et toujours mais surtout aujourd&rsquo;hui.<\/em><\/p>\n<p><em>\u00d4 Marie con\u00e7ue sans p\u00e9ch\u00e9, priez pour nous qui avons recours \u00e0 vous. <\/em><\/p>\n<p><em>Saint Exp\u00e9dit, patron de la jeunesse, priez pour nous.<\/em><\/p>\n<p>&nbsp;<\/p>\n<p><em>11 Avril \u2013 2\u00e8me Jour<br \/>\n<\/em><em>\u00d4 Saint Exp\u00e9dit, dont le glaive a rompu la divine louange, qui s&rsquo;exhalait de tes l\u00e8vres au seuil m\u00eame de la mort, aide-nous \u00e0 demeurer toujours fid\u00e8les au Seigneur. Quels que soient les opprobres, les injures, les menaces, apprends-nous \u00e0 vaincre ce m\u00e9prisable amour-propre, cause de tant de l\u00e2chet\u00e9s et parfois de parjures. \u00ab\u00a0Quand une arm\u00e9e se rangerait en bataille contre moi, que mon c\u0153ur ne craigne point\u00a0\u00bb.\u00a0\u00ab\u00a0Que des orgueilleux se l\u00e8vent contre moi, que des hommes violents en veuille \u00e0 ma vie, qui ne mettent point Dieu devant leurs yeux, qu&rsquo;importe, Dieu vient \u00e0 mon aide, le Seigneur est le soutien de ma vie\u00a0\u00bb. Sans la gr\u00e2ce divine, je demeure sans force et sans courage&#8230;. Au jardin des Oliviers, les Ap\u00f4tres on fuit&#8230; mais moi, qui les imite si souvent, avec qui suis-je ? Avec J\u00e9sus ou avec Judas ? N&rsquo;ai-je point reni\u00e9 mon Ma\u00eetre plus de trois fois ? Ne l&rsquo;ai-je jamais trahi ? Non, je n&rsquo;ai pas encore \u00ab\u00a0R\u00e9sist\u00e9 jusqu&rsquo;au sang\u00a0\u00bb. \u00d4 saint Exp\u00e9dit, quoi qu&rsquo;il advienne, aide-moi \u00e0 combattre vaillamment car \u00ab\u00a0refuser de combattre, c&rsquo;est refuser la couronne\u00a0\u00bb.<\/em><\/p>\n<p><em>Que la Tr\u00e8s Sainte Vierge, au surhumain courage, nous soutienne et nous garde. Amen !<\/em><\/p>\n<p><em>\u00d4 Christ, prot\u00e8ge-nous demain et toujours mais surtout aujourd&rsquo;hui.<\/em><\/p>\n<p><em>\u00d4 Marie, Secours des chr\u00e9tiens, priez pour nous.<\/em><\/p>\n<p><em>Saint Exp\u00e9dit, fid\u00e8le jusqu&rsquo;\u00e0 la mort, priez pour nous.<\/em><\/p>\n<p>&nbsp;<\/p>\n<p><em>12 Avril \u2013 3\u00e8me Jour<br \/>\n<\/em><em>\u00d4 Saint Exp\u00e9dit, dont le nom rappelle qu&rsquo;il ne faut jamais remettre au lendemain pour prier, \u00f4 toi qui \u00e9crase le sinistre corbeau invitant toujours \u00e0 attendre et \u00e0 temporiser, fais que d\u00e9sormais, sans h\u00e9sitation ni paresse, j&rsquo;ob\u00e9isse spontan\u00e9ment \u00e0 la Volont\u00e9 du Seigneur, afin qu&rsquo;il soit servi sans retard et toujours avec Amour, car \u00ab\u00a0celui qui aime court, vole et rien ne l&rsquo;arr\u00eate&#8230;\u00a0\u00bb. Le Seigneur est continuellement pr\u00e9sent \u00e0 nos c\u00f4t\u00e9s, immanent en nous, pr\u00eat \u00e0 exaucer nos pri\u00e8res, \u00e0 nous sauver en nous offrant de nous arracher aux tentations du p\u00e9ch\u00e9&#8230; Et j&rsquo;oserais lui mesurer mes actes, mon ob\u00e9issance, mon d\u00e9vouement, mon sacrifice, moi, qui n&rsquo;ai pas m\u00eame m\u00e9rit\u00e9 d&rsquo;\u00eatre, au lieu de m&rsquo;\u00e9lancer empli de z\u00e8le et d&rsquo;Amour \u00e0 son premier appel ? \u00ab\u00a0Ce qui \u00e9loigne de nous les consolations, dit l&rsquo;Imitation, c&rsquo;est que nous recourons trop tard \u00e0 la pri\u00e8re.\u00a0\u00bb \u00ab\u00a0Comme l&rsquo;\u00e9clair&#8230; ainsi sera l&rsquo;av\u00e8nement du Fils de l&rsquo;homme.\u00a0\u00bb \u00d4 Saint Exp\u00e9dit, que cette proph\u00e9tie me fasse toujours souvenir que je dois, moi aussi, \u00eatre prompt et veiller, pour qu&rsquo;\u00e0 son retour le Ma\u00eetre ne trouve point son serviteur endormi et sans huile dans sa lampe, comme les vierges folles !<\/em><\/p>\n<p><em>Que la Tr\u00e8s Sainte Vierge, qui spontan\u00e9ment r\u00e9pondit Fiat \u00e0 la demande du Seigneur, nous exalte et nous aide. Amen\u00a0!<\/em><\/p>\n<p><em>\u00d4 Christ, prot\u00e8ge-nous demain et toujours mais surtout aujourd&rsquo;hui.<\/em><\/p>\n<p><em>\u00d4 Marie, canal de toutes gr\u00e2ces, priez pour nous.<\/em><\/p>\n<p><em>Saint Exp\u00e9dit, notre secours dans les affaires pressantes, priez pour nous.<\/em><\/p>\n<p><em>\u00a0<\/em><\/p>\n<p><em>13 Avril \u2013 4\u00e8me Jour<br \/>\n<\/em><em>\u00ab\u00a0Ceux que Dieu a pr\u00e9destin\u00e9s, Il les a aussi appel\u00e9s ; ceux qu&rsquo;Il a appel\u00e9s, Il les a justifi\u00e9s ; ceux qu&rsquo;Il a justifi\u00e9s, Il les a aussi glorifi\u00e9s\u00a0\u00bb, \u00e9crit saint Paul&#8230; Et comme le Seigneur t&rsquo;a ainsi justifi\u00e9 et glorifi\u00e9, \u00f4 saint Exp\u00e9dit, nous avons recours \u00e0 ta fid\u00e8le intercession pour obtenir de notre P\u00e8re des Cieux, cette gr\u00e2ce infiniment pr\u00e9cieuse qu&rsquo;il r\u00e9serve \u00e0 ses \u00e9lus. Quand une touche d&rsquo;Amour divin vient effleurer notre \u00e2me, sous l&rsquo;influx de la gr\u00e2ce qui s&rsquo;\u00e9panouit en nous, nous croyons d\u00e9j\u00e0 \u00eatre des \u00e9lus, alors que nous ne sommes encore que des privil\u00e9gi\u00e9s&#8230; Ecarte de nous, Saint Exp\u00e9dit, cette trompeuse pens\u00e9e qui risque de nous perdre, et emplis au contraire notre esprit d&rsquo;une crainte salutaire de la Justice divine, ne laissant reposer notre espoir qu&rsquo;en l&rsquo;Infinie Mis\u00e9ricorde du Seigneur. Ce n&rsquo;est que par elle que nous pourrons obtenir d&rsquo;\u00eatre justifi\u00e9s, car, notre nature perverse est indigne, par elle-m\u00eame du moindre m\u00e9rite. C&rsquo;est par le repentir de nos fautes que nous trouverons gr\u00e2ce devant le Juge Supr\u00eame, et non par l&rsquo;exaltation de nos \u0153uvres. Aide-moi \u00e0 toujours me souvenir que, quoi que je fasse, je dois me consid\u00e9rer comme un serviteur inutile et indigne.<\/em><\/p>\n<p><em>Que la Tr\u00e8s Sainte Vierge, Miroir de justice, nous prot\u00e8ge et nous aide. Amen !<\/em><\/p>\n<p><em>\u00d4 Christ, prot\u00e8ge-nous demain et toujours mais surtout aujourd&rsquo;hui.<\/em><\/p>\n<p><em>\u00d4 Marie, Reine des saints, priez pour nous.<\/em><\/p>\n<p><em>Saint Exp\u00e9dit, qui avez m\u00e9rit\u00e9 le royaume des cieux, priez pour nous.<\/em><\/p>\n<p>&nbsp;<\/p>\n<p><em>14 Avril \u2013 5\u00e8me Jour<br \/>\n<\/em><em>\u00d4 Saint Exp\u00e9dit, c&rsquo;est dans l&rsquo;humble attitude de la pri\u00e8re, agenouill\u00e9 et le front bas, que le glaive est venu t&rsquo;arracher \u00e0 cette vie ! Chef de l\u00e9gion, jeune et honor\u00e9, tu as cependant su m\u00e9priser ces vanit\u00e9s \u00e9ph\u00e9m\u00e8res pour cueillir la palme du martyre, que jamais nul ne saura te ravir, et devant laquelle le Divin C\u0153ur de Notre-Seigneur tressaille d&rsquo;un \u00e9ternel Amour. Apprends-moi, Saint Exp\u00e9dit, \u00e0 devenir humble, \u00e0 vaincre tout cet orgueil qui bouillonne en moi&#8230; \u00ab\u00a0\u00c0 quoi sert de conqu\u00e9rir le monde, si l&rsquo;on en vient \u00e0 perdre son \u00e2me ?\u00a0\u00bb \u00d4 Saint Exp\u00e9dit, prie le Seigneur de pr\u00e9server son serviteur, afin que l&rsquo;orgueil ne domine pas sur moi, alors je serai int\u00e8gre et pur de grands p\u00e9ch\u00e9s&#8230; Aide-moi, \u00f4 saint tr\u00e8s glorieux, \u00e0 imiter Celui qui \u00e9tait doux et humble de C\u0153ur, et qui pour nous racheter, Lui, le Fils de Dieu, n&rsquo;a pas h\u00e9sit\u00e9 \u00e0 descendre au niveau le plus m\u00e9prisable de notre condition humaine, pour y mourir sous l&rsquo;inf\u00e2mant supplice de la Croix.<\/em><\/p>\n<p><em>Que jamais je ne compte avoir fait le moindre progr\u00e8s, tant que je ne me croirai pas fermement au-dessous de tous les autres.<\/em><\/p>\n<p><em>\u00d4 Christ, prot\u00e8ge-nous demain et toujours mais surtout aujourd&rsquo;hui.<\/em><\/p>\n<p><em>\u00d4 Marie, Refuge des p\u00e9cheurs, priez pour nous.<\/em><\/p>\n<p><em>Saint Exp\u00e9dit, qui avez \u00e9t\u00e9 frapp\u00e9 de verges, priez pour nous.<\/em><\/p>\n<p><em>\u00a0<\/em><\/p>\n<p><em>15 Avril \u2013 6\u00e8me Jour<br \/>\n<\/em><em>\u00ab\u00a0Quittez tout et vous trouverez tout\u00a0\u00bb&#8230; \u00d4 Saint Exp\u00e9dit, toi qui a su comprendre le sens absolu de cette promesse, en \u00ab\u00a0perdant tout pour gagner J\u00e9sus-Christ\u00a0\u00bb, prie pour nous, afin que nous parvenions, nous aussi, \u00e0 ce d\u00e9tachement de tous les biens de ce monde. \u00ab\u00a0Si tu veux venir avec moi, a dit le Christ, laisse tout, prends ta croix, et suis-Moi\u00a0\u00bb&#8230; mais combien difficile \u00e0 r\u00e9aliser est ce pr\u00e9cepte ! Qui nous d\u00e9livrera de ce corps de mort ! \u00d4 Saint Exp\u00e9dit, de toute la force de mon \u00e2me, je te prie de demander au Seigneur les gr\u00e2ces n\u00e9cessaires pour que je ne m&rsquo;attache plus qu&rsquo;en lui, mon seul et mon unique Bien, car \u00ab\u00a0je me meurs en lui, avec lui aussi, je vivrai.\u00a0\u00bb<\/em><\/p>\n<p><em>\u00d4 Christ, prot\u00e8ge-nous demain et toujours mais surtout aujourd&rsquo;hui.<\/em><\/p>\n<p><em>\u00d4 Marie, Rein des Martyrs, priez pour nous.<\/em><\/p>\n<p><em>Saint Exp\u00e9dit, qui avez tout perdu pour gagner J\u00e9sus-Christ, priez pour nous.<\/em><\/p>\n<p>&nbsp;<\/p>\n<p><em>16 Avril \u2013 7\u00e8me Jour<br \/>\n<\/em><em>\u00d4 Saint Exp\u00e9dit, dont la foi n&rsquo;a point chancel\u00e9 en face du bourreau, obtiens-nous que la n\u00f4tre jamais ne fl\u00e9chisse sous le bien l\u00e9ger fardeau des petites \u00e9preuves quotidiennes. \u00ab\u00a0Qui n&rsquo;est pas avec moi est contre moi\u00a0\u00bb a dit le Seigneur. \u00d4 Saint Exp\u00e9dit, prie pour que ni le doute, ni l&rsquo;affliction, ne servent de complices \u00e0 ma faiblesse et \u00e0 ma l\u00e2chet\u00e9 naturelle ! Viens \u00e0 mon secours dans ces moments de trouble et de d\u00e9sarroi, afin que mon c\u0153ur, anim\u00e9 d&rsquo;une foi plus ardente, voie rena\u00eetre en lui la paix et la s\u00e9curit\u00e9. Je veux \u00eatre au Christ, je veux lutter pour que son r\u00e8gne arrive, je veux, comme toi, Saint Exp\u00e9dit, \u00eatre son l\u00e9gionnaire pour la conqu\u00eate des \u00e2mes, apr\u00e8s avoir vaincu la mienne encore rebelle ! \u00ab\u00a0Le Dieu des Arm\u00e9es est avec nous\u00a0\u00bb, c&rsquo;est pourquoi je dois \u00eatre sans crainte \u00ab\u00a0m\u00eame si la terre est boulevers\u00e9e et si les montagnes s&rsquo;ab\u00eement au sein de la mer.\u00a0\u00bb Prie, saint Exp\u00e9dit, pour que le Seigneur m&rsquo;accorde ta foi invincible, afin qu&rsquo;au jour supr\u00eame je sois digne d&rsquo;entendre sa bouche adorable r\u00e9p\u00e9ter pour moi cette sentence d&rsquo;\u00e9ternel bonheur : \u00ab\u00a0Tes p\u00e9ch\u00e9s te sont pardonn\u00e9s. Va en paix. Ta foi t&rsquo;a sauv\u00e9.\u00a0\u00bb<\/em><\/p>\n<p><em>Que la Tr\u00e8s Sainte Vierge, qui crut sans r\u00e9serve \u00e0 la parole de l&rsquo;ange, nous prot\u00e8ge et nous garde. Amen ! \u00d4 Christ, prot\u00e8ge-nous demain et toujours mais surtout aujourd&rsquo;hui.<\/em><\/p>\n<p><em>\u00d4 Marie, Reine des confesseurs, priez pour nous.<\/em><\/p>\n<p><em>Saint Exp\u00e9dit, invincible athl\u00e8te de la foi, priez pour nous.<\/em><\/p>\n<p>&nbsp;<\/p>\n<p><em>17 Avril \u2013 8\u00e8me Jour<br \/>\n<\/em><em>\u00ab\u00a0Attends un peu, mon \u00e2me, attends la divine promesse, et tu poss\u00e9deras dans le Ciel tous les biens en abondance.\u00a0\u00bb Fort de cette assurance, \u00f4 Saint Exp\u00e9dit, tu n&rsquo;as pas h\u00e9sit\u00e9 \u00e0 m\u00e9priser toutes les vaines joies de cette courte existence, nous rappelant, par ton g\u00e9n\u00e9reux sacrifice, que \u00ab\u00a0la gr\u00e2ce du Seigneur est meilleure que la vie.\u00a0\u00bb Obtiens-nous, \u00f4 Saint Exp\u00e9dit, cette pr\u00e9cieuse vertu qui nous tiendra les yeux fix\u00e9s sur Celui de qui nous devons tout attendre, car, dit saint Augustin : \u00ab\u00a0Rien n&rsquo;est aussi oppos\u00e9 \u00e0 l&rsquo;esp\u00e9rance que de regarder derri\u00e8re soi\u00a0\u00bb, et trop souvent mon attachement aux cr\u00e9atures de ce monde emp\u00eache mes \u00e9lans vers Dieu. \u00ab\u00a0Nous sommes amarr\u00e9s au port de l&rsquo;esp\u00e9rance, dit saint Gr\u00e9goire, par les bienfaits pass\u00e9s, comme par d&rsquo;\u00e9normes c\u00e2bles\u00a0\u00bb, h\u00e9las, combien plus \u00e9normes sont ceux qui me rivent \u00e0 cette terre ! Aide-moi, Saint Exp\u00e9dit, \u00e0 rompre tous ces liens pour lib\u00e9rer mon essor, pour qu&rsquo;alors je puisse dire : \u00ab\u00a0J&rsquo;ai cherch\u00e9 partout le repos, et c&rsquo;est dans l&rsquo;h\u00e9ritage du Seigneur que je demeurerai.\u00a0\u00bb<\/em><\/p>\n<p><em>Que la Tr\u00e8s Sainte Vierge, notre fid\u00e8le esp\u00e9rance, nous d\u00e9fende et nous garde. Amen !<\/em><\/p>\n<p><em>\u00d4 Christ, prot\u00e8ge-nous demain et toujours mais surtout aujourd&rsquo;hui.<\/em><\/p>\n<p><em>\u00d4 Marie, Avocate des p\u00e9cheurs, priez pour nous.<\/em><\/p>\n<p><em>Saint Exp\u00e9dit, soutien tr\u00e8s fid\u00e8le de ceux qui esp\u00e8rent en vous, priez pour nous.<\/em><\/p>\n<p>&nbsp;<\/p>\n<p><em>18 Avril \u2013 9\u00e8me Jour<br \/>\n<\/em><em>\u00d4 Saint Exp\u00e9dit, si la foi et l&rsquo;esp\u00e9rance t&rsquo;ont valu la glorieuse couronne de martyre, c&rsquo;est cependant ton intense charit\u00e9 qui seule a sanctifi\u00e9 ton amoureux sacrifice. \u00ab\u00a0Celui-l\u00e0 fait beaucoup, qui aime beaucoup.\u00a0\u00bb Sans la charit\u00e9, mes \u0153uvres restent sans valeur aux yeux du Seigneur, car tout, ici-bas, doit \u00eatre fait par Amour pour Lui, et ce n&rsquo;est que gr\u00e2ce \u00e0 elle que mes actions sont dignes de quelque m\u00e9rite. Quel bien puis-je donc par moi-m\u00eame, qui ne suis rien ? Rien que n\u00e9ant ! \u00d4 Saint Exp\u00e9dit, obtiens-moi que cette charit\u00e9 croisse sans cesse, plus forte et plus vive, car dans l&rsquo;autre vie, si la Foi et l&rsquo;Esp\u00e9rance cesseront n\u00e9cessairement, \u00e9ternellement fix\u00e9e, la charit\u00e9, comme l&rsquo;affirme saint Paul, \u00ab\u00a0ne cessera jamais.\u00a0\u00bb<\/em><\/p>\n<p><em>\u00d4 Saint Exp\u00e9dit, aide-moi \u00e0 purifier mes affections de tout ce qui n&rsquo;est point Dieu, afin que la divine charit\u00e9 puisse, de plus en plus, s&rsquo;infuser \u00ab\u00a0dans cette \u00e2me qui a soif de son Dieu, dans cette chair qui languit apr\u00e8s Lui, comme une terre aride, dess\u00e9ch\u00e9e et sans eau,\u00a0\u00bb et que la Tr\u00e8s Sainte Vierge, mod\u00e8le de l&rsquo;Amour le plus pur, nous conduise \u00e0 J\u00e9sus et nous aide \u00e0 L&rsquo;aimer. Amen !<\/em><\/p>\n<p><em>\u00d4 Christ, prot\u00e8ge-nous demain et toujours mais surtout aujourd&rsquo;hui.<\/em><\/p>\n<p><em>\u00d4 Marie, M\u00e8re de l&rsquo;Amour Divin, priez pour nous.<\/em><\/p>\n<p><em>Saint Exp\u00e9dit, qui avez re\u00e7u du Seigneur cette couronne de justice qu&rsquo;Il a promise \u00e0 ceux qui L&rsquo;aiment, priez pour nous. <\/em><\/p>\n<p><em>\u00a0<\/em><\/p>\n","protected":false},"excerpt":{"rendered":"<p>Saint Exp\u00e9dit Martyr est invoqu\u00e9 pour les causes urgentes et d\u00e9sesp\u00e9r\u00e9es. Voici comment nait et se r\u00e9pand son culte. Prier pour une gr\u00e2ce ne devrait jamais \u00eatre fait en vitesse. Mais il est aussi vrai qu\u2019aujourd\u2019hui, et encore plus dans le pass\u00e9, il arrivait que&hellip;<\/p>\n","protected":false},"author":1,"featured_media":9984,"comment_status":"closed","ping_status":"open","sticky":false,"template":"","format":"standard","meta":{"_acf_changed":false,"footnotes":""},"categories":[8],"tags":[],"class_list":["post-9979","post","type-post","status-publish","format-standard","has-post-thumbnail","hentry","category-articles-religieux"],"acf":[],"yoast_head":"<!-- This site is optimized with the Yoast SEO plugin v26.6 - https:\/\/yoast.com\/wordpress\/plugins\/seo\/ -->\n<title>Pour une cause urgente, adressez vos pri\u00e8res \u00e0 Saint Exp\u00e9dit - Holyart.fr Blog<\/title>\n<meta name=\"description\" content=\"Saint Exp\u00e9dit Martyr est invoqu\u00e9 pour les causes urgentes et d\u00e9sesp\u00e9r\u00e9es. Voici comment nait et se r\u00e9pand son culte.\" \/>\n<meta name=\"robots\" content=\"index, follow, max-snippet:-1, max-image-preview:large, max-video-preview:-1\" \/>\n<link rel=\"canonical\" href=\"https:\/\/blog.holyart.it\/fr\/articles-religieux\/pour-une-cause-urgente-adressez-vos-prieres-a-saint-expedit\/\" \/>\n<meta property=\"og:locale\" content=\"fr_FR\" \/>\n<meta property=\"og:type\" content=\"article\" \/>\n<meta property=\"og:title\" content=\"Pour une cause urgente, adressez vos pri\u00e8res \u00e0 Saint Exp\u00e9dit - Holyart.fr Blog\" \/>\n<meta property=\"og:description\" content=\"Saint Exp\u00e9dit Martyr est invoqu\u00e9 pour les causes urgentes et d\u00e9sesp\u00e9r\u00e9es. Voici comment nait et se r\u00e9pand son culte.\" \/>\n<meta property=\"og:url\" content=\"https:\/\/blog.holyart.it\/fr\/articles-religieux\/pour-une-cause-urgente-adressez-vos-prieres-a-saint-expedit\/\" \/>\n<meta property=\"og:site_name\" content=\"Holyart.fr Blog\" \/>\n<meta property=\"article:published_time\" content=\"2025-04-09T08:00:36+00:00\" \/>\n<meta property=\"article:modified_time\" content=\"2026-04-09T12:45:51+00:00\" \/>\n<meta property=\"og:image\" content=\"https:\/\/blog.holyart.it\/fr\/wp-content\/uploads\/sites\/14\/2025\/03\/Saint-Expedit.jpg\" \/>\n\t<meta property=\"og:image:width\" content=\"1000\" \/>\n\t<meta property=\"og:image:height\" content=\"666\" \/>\n\t<meta property=\"og:image:type\" content=\"image\/jpeg\" \/>\n<meta name=\"author\" content=\"Redazione\" \/>\n<meta name=\"twitter:card\" content=\"summary_large_image\" \/>\n<meta name=\"twitter:label1\" content=\"\u00c9crit par\" \/>\n\t<meta name=\"twitter:data1\" content=\"Redazione\" \/>\n\t<meta name=\"twitter:label2\" content=\"Dur\u00e9e de lecture estim\u00e9e\" \/>\n\t<meta name=\"twitter:data2\" content=\"18 minutes\" \/>\n<script type=\"application\/ld+json\" class=\"yoast-schema-graph\">{\"@context\":\"https:\/\/schema.org\",\"@graph\":[{\"@type\":\"Article\",\"@id\":\"https:\/\/blog.holyart.it\/fr\/articles-religieux\/pour-une-cause-urgente-adressez-vos-prieres-a-saint-expedit\/#article\",\"isPartOf\":{\"@id\":\"https:\/\/blog.holyart.it\/fr\/articles-religieux\/pour-une-cause-urgente-adressez-vos-prieres-a-saint-expedit\/\"},\"author\":{\"name\":\"Redazione\",\"@id\":\"https:\/\/blog.holyart.it\/fr\/#\/schema\/person\/0a7b686e5af0f856ec1e390dd0baecda\"},\"headline\":\"Pour une cause urgente, adressez vos pri\u00e8res \u00e0 Saint Exp\u00e9dit\",\"datePublished\":\"2025-04-09T08:00:36+00:00\",\"dateModified\":\"2026-04-09T12:45:51+00:00\",\"mainEntityOfPage\":{\"@id\":\"https:\/\/blog.holyart.it\/fr\/articles-religieux\/pour-une-cause-urgente-adressez-vos-prieres-a-saint-expedit\/\"},\"wordCount\":3534,\"publisher\":{\"@id\":\"https:\/\/blog.holyart.it\/fr\/#organization\"},\"image\":{\"@id\":\"https:\/\/blog.holyart.it\/fr\/articles-religieux\/pour-une-cause-urgente-adressez-vos-prieres-a-saint-expedit\/#primaryimage\"},\"thumbnailUrl\":\"https:\/\/blog.holyart.it\/fr\/wp-content\/uploads\/sites\/14\/2025\/03\/Saint-Expedit.jpg\",\"articleSection\":[\"Religion\"],\"inLanguage\":\"fr-FR\"},{\"@type\":\"WebPage\",\"@id\":\"https:\/\/blog.holyart.it\/fr\/articles-religieux\/pour-une-cause-urgente-adressez-vos-prieres-a-saint-expedit\/\",\"url\":\"https:\/\/blog.holyart.it\/fr\/articles-religieux\/pour-une-cause-urgente-adressez-vos-prieres-a-saint-expedit\/\",\"name\":\"Pour une cause urgente, adressez vos pri\u00e8res \u00e0 Saint Exp\u00e9dit - Holyart.fr Blog\",\"isPartOf\":{\"@id\":\"https:\/\/blog.holyart.it\/fr\/#website\"},\"primaryImageOfPage\":{\"@id\":\"https:\/\/blog.holyart.it\/fr\/articles-religieux\/pour-une-cause-urgente-adressez-vos-prieres-a-saint-expedit\/#primaryimage\"},\"image\":{\"@id\":\"https:\/\/blog.holyart.it\/fr\/articles-religieux\/pour-une-cause-urgente-adressez-vos-prieres-a-saint-expedit\/#primaryimage\"},\"thumbnailUrl\":\"https:\/\/blog.holyart.it\/fr\/wp-content\/uploads\/sites\/14\/2025\/03\/Saint-Expedit.jpg\",\"datePublished\":\"2025-04-09T08:00:36+00:00\",\"dateModified\":\"2026-04-09T12:45:51+00:00\",\"description\":\"Saint Exp\u00e9dit Martyr est invoqu\u00e9 pour les causes urgentes et d\u00e9sesp\u00e9r\u00e9es. Voici comment nait et se r\u00e9pand son culte.\",\"breadcrumb\":{\"@id\":\"https:\/\/blog.holyart.it\/fr\/articles-religieux\/pour-une-cause-urgente-adressez-vos-prieres-a-saint-expedit\/#breadcrumb\"},\"inLanguage\":\"fr-FR\",\"potentialAction\":[{\"@type\":\"ReadAction\",\"target\":[\"https:\/\/blog.holyart.it\/fr\/articles-religieux\/pour-une-cause-urgente-adressez-vos-prieres-a-saint-expedit\/\"]}]},{\"@type\":\"ImageObject\",\"inLanguage\":\"fr-FR\",\"@id\":\"https:\/\/blog.holyart.it\/fr\/articles-religieux\/pour-une-cause-urgente-adressez-vos-prieres-a-saint-expedit\/#primaryimage\",\"url\":\"https:\/\/blog.holyart.it\/fr\/wp-content\/uploads\/sites\/14\/2025\/03\/Saint-Expedit.jpg\",\"contentUrl\":\"https:\/\/blog.holyart.it\/fr\/wp-content\/uploads\/sites\/14\/2025\/03\/Saint-Expedit.jpg\",\"width\":1000,\"height\":666,\"caption\":\"Saint Exp\u00e9dit\"},{\"@type\":\"BreadcrumbList\",\"@id\":\"https:\/\/blog.holyart.it\/fr\/articles-religieux\/pour-une-cause-urgente-adressez-vos-prieres-a-saint-expedit\/#breadcrumb\",\"itemListElement\":[{\"@type\":\"ListItem\",\"position\":1,\"name\":\"Homepage\",\"item\":\"https:\/\/blog.holyart.it\/fr\/\"},{\"@type\":\"ListItem\",\"position\":2,\"name\":\"Religion\",\"item\":\"https:\/\/blog.holyart.it\/fr\/articles-religieux\/\"},{\"@type\":\"ListItem\",\"position\":3,\"name\":\"Pour une cause urgente, adressez vos pri\u00e8res \u00e0 Saint Exp\u00e9dit\"}]},{\"@type\":\"WebSite\",\"@id\":\"https:\/\/blog.holyart.it\/fr\/#website\",\"url\":\"https:\/\/blog.holyart.it\/fr\/\",\"name\":\"Holyart.fr Blog\",\"description\":\"Holyblog\",\"publisher\":{\"@id\":\"https:\/\/blog.holyart.it\/fr\/#organization\"},\"potentialAction\":[{\"@type\":\"SearchAction\",\"target\":{\"@type\":\"EntryPoint\",\"urlTemplate\":\"https:\/\/blog.holyart.it\/fr\/?s={search_term_string}\"},\"query-input\":{\"@type\":\"PropertyValueSpecification\",\"valueRequired\":true,\"valueName\":\"search_term_string\"}}],\"inLanguage\":\"fr-FR\"},{\"@type\":\"Organization\",\"@id\":\"https:\/\/blog.holyart.it\/fr\/#organization\",\"name\":\"Holyart.fr Blog\",\"url\":\"https:\/\/blog.holyart.it\/fr\/\",\"logo\":{\"@type\":\"ImageObject\",\"inLanguage\":\"fr-FR\",\"@id\":\"https:\/\/blog.holyart.it\/fr\/#\/schema\/logo\/image\/\",\"url\":\"https:\/\/blog.holyart.it\/fr\/wp-content\/uploads\/sites\/14\/2022\/12\/Holyart_Blog_Logo.jpg\",\"contentUrl\":\"https:\/\/blog.holyart.it\/fr\/wp-content\/uploads\/sites\/14\/2022\/12\/Holyart_Blog_Logo.jpg\",\"width\":300,\"height\":50,\"caption\":\"Holyart.fr Blog\"},\"image\":{\"@id\":\"https:\/\/blog.holyart.it\/fr\/#\/schema\/logo\/image\/\"}},{\"@type\":\"Person\",\"@id\":\"https:\/\/blog.holyart.it\/fr\/#\/schema\/person\/0a7b686e5af0f856ec1e390dd0baecda\",\"name\":\"Redazione\",\"image\":{\"@type\":\"ImageObject\",\"inLanguage\":\"fr-FR\",\"@id\":\"https:\/\/blog.holyart.it\/fr\/#\/schema\/person\/image\/\",\"url\":\"https:\/\/secure.gravatar.com\/avatar\/f477da817f43e50d0af36abecd33e3edf826c68299714bdc1057dff3b113f516?s=96&d=mm&r=g\",\"contentUrl\":\"https:\/\/secure.gravatar.com\/avatar\/f477da817f43e50d0af36abecd33e3edf826c68299714bdc1057dff3b113f516?s=96&d=mm&r=g\",\"caption\":\"Redazione\"},\"url\":\"https:\/\/blog.holyart.it\/fr\/author\/admin\/\"}]}<\/script>\n<!-- \/ Yoast SEO plugin. -->","yoast_head_json":{"title":"Pour une cause urgente, adressez vos pri\u00e8res \u00e0 Saint Exp\u00e9dit - Holyart.fr Blog","description":"Saint Exp\u00e9dit Martyr est invoqu\u00e9 pour les causes urgentes et d\u00e9sesp\u00e9r\u00e9es. Voici comment nait et se r\u00e9pand son culte.","robots":{"index":"index","follow":"follow","max-snippet":"max-snippet:-1","max-image-preview":"max-image-preview:large","max-video-preview":"max-video-preview:-1"},"canonical":"https:\/\/blog.holyart.it\/fr\/articles-religieux\/pour-une-cause-urgente-adressez-vos-prieres-a-saint-expedit\/","og_locale":"fr_FR","og_type":"article","og_title":"Pour une cause urgente, adressez vos pri\u00e8res \u00e0 Saint Exp\u00e9dit - Holyart.fr Blog","og_description":"Saint Exp\u00e9dit Martyr est invoqu\u00e9 pour les causes urgentes et d\u00e9sesp\u00e9r\u00e9es. Voici comment nait et se r\u00e9pand son culte.","og_url":"https:\/\/blog.holyart.it\/fr\/articles-religieux\/pour-une-cause-urgente-adressez-vos-prieres-a-saint-expedit\/","og_site_name":"Holyart.fr Blog","article_published_time":"2025-04-09T08:00:36+00:00","article_modified_time":"2026-04-09T12:45:51+00:00","og_image":[{"width":1000,"height":666,"url":"https:\/\/blog.holyart.it\/fr\/wp-content\/uploads\/sites\/14\/2025\/03\/Saint-Expedit.jpg","type":"image\/jpeg"}],"author":"Redazione","twitter_card":"summary_large_image","twitter_misc":{"\u00c9crit par":"Redazione","Dur\u00e9e de lecture estim\u00e9e":"18 minutes"},"schema":{"@context":"https:\/\/schema.org","@graph":[{"@type":"Article","@id":"https:\/\/blog.holyart.it\/fr\/articles-religieux\/pour-une-cause-urgente-adressez-vos-prieres-a-saint-expedit\/#article","isPartOf":{"@id":"https:\/\/blog.holyart.it\/fr\/articles-religieux\/pour-une-cause-urgente-adressez-vos-prieres-a-saint-expedit\/"},"author":{"name":"Redazione","@id":"https:\/\/blog.holyart.it\/fr\/#\/schema\/person\/0a7b686e5af0f856ec1e390dd0baecda"},"headline":"Pour une cause urgente, adressez vos pri\u00e8res \u00e0 Saint Exp\u00e9dit","datePublished":"2025-04-09T08:00:36+00:00","dateModified":"2026-04-09T12:45:51+00:00","mainEntityOfPage":{"@id":"https:\/\/blog.holyart.it\/fr\/articles-religieux\/pour-une-cause-urgente-adressez-vos-prieres-a-saint-expedit\/"},"wordCount":3534,"publisher":{"@id":"https:\/\/blog.holyart.it\/fr\/#organization"},"image":{"@id":"https:\/\/blog.holyart.it\/fr\/articles-religieux\/pour-une-cause-urgente-adressez-vos-prieres-a-saint-expedit\/#primaryimage"},"thumbnailUrl":"https:\/\/blog.holyart.it\/fr\/wp-content\/uploads\/sites\/14\/2025\/03\/Saint-Expedit.jpg","articleSection":["Religion"],"inLanguage":"fr-FR"},{"@type":"WebPage","@id":"https:\/\/blog.holyart.it\/fr\/articles-religieux\/pour-une-cause-urgente-adressez-vos-prieres-a-saint-expedit\/","url":"https:\/\/blog.holyart.it\/fr\/articles-religieux\/pour-une-cause-urgente-adressez-vos-prieres-a-saint-expedit\/","name":"Pour une cause urgente, adressez vos pri\u00e8res \u00e0 Saint Exp\u00e9dit - Holyart.fr Blog","isPartOf":{"@id":"https:\/\/blog.holyart.it\/fr\/#website"},"primaryImageOfPage":{"@id":"https:\/\/blog.holyart.it\/fr\/articles-religieux\/pour-une-cause-urgente-adressez-vos-prieres-a-saint-expedit\/#primaryimage"},"image":{"@id":"https:\/\/blog.holyart.it\/fr\/articles-religieux\/pour-une-cause-urgente-adressez-vos-prieres-a-saint-expedit\/#primaryimage"},"thumbnailUrl":"https:\/\/blog.holyart.it\/fr\/wp-content\/uploads\/sites\/14\/2025\/03\/Saint-Expedit.jpg","datePublished":"2025-04-09T08:00:36+00:00","dateModified":"2026-04-09T12:45:51+00:00","description":"Saint Exp\u00e9dit Martyr est invoqu\u00e9 pour les causes urgentes et d\u00e9sesp\u00e9r\u00e9es. Voici comment nait et se r\u00e9pand son culte.","breadcrumb":{"@id":"https:\/\/blog.holyart.it\/fr\/articles-religieux\/pour-une-cause-urgente-adressez-vos-prieres-a-saint-expedit\/#breadcrumb"},"inLanguage":"fr-FR","potentialAction":[{"@type":"ReadAction","target":["https:\/\/blog.holyart.it\/fr\/articles-religieux\/pour-une-cause-urgente-adressez-vos-prieres-a-saint-expedit\/"]}]},{"@type":"ImageObject","inLanguage":"fr-FR","@id":"https:\/\/blog.holyart.it\/fr\/articles-religieux\/pour-une-cause-urgente-adressez-vos-prieres-a-saint-expedit\/#primaryimage","url":"https:\/\/blog.holyart.it\/fr\/wp-content\/uploads\/sites\/14\/2025\/03\/Saint-Expedit.jpg","contentUrl":"https:\/\/blog.holyart.it\/fr\/wp-content\/uploads\/sites\/14\/2025\/03\/Saint-Expedit.jpg","width":1000,"height":666,"caption":"Saint Exp\u00e9dit"},{"@type":"BreadcrumbList","@id":"https:\/\/blog.holyart.it\/fr\/articles-religieux\/pour-une-cause-urgente-adressez-vos-prieres-a-saint-expedit\/#breadcrumb","itemListElement":[{"@type":"ListItem","position":1,"name":"Homepage","item":"https:\/\/blog.holyart.it\/fr\/"},{"@type":"ListItem","position":2,"name":"Religion","item":"https:\/\/blog.holyart.it\/fr\/articles-religieux\/"},{"@type":"ListItem","position":3,"name":"Pour une cause urgente, adressez vos pri\u00e8res \u00e0 Saint Exp\u00e9dit"}]},{"@type":"WebSite","@id":"https:\/\/blog.holyart.it\/fr\/#website","url":"https:\/\/blog.holyart.it\/fr\/","name":"Holyart.fr Blog","description":"Holyblog","publisher":{"@id":"https:\/\/blog.holyart.it\/fr\/#organization"},"potentialAction":[{"@type":"SearchAction","target":{"@type":"EntryPoint","urlTemplate":"https:\/\/blog.holyart.it\/fr\/?s={search_term_string}"},"query-input":{"@type":"PropertyValueSpecification","valueRequired":true,"valueName":"search_term_string"}}],"inLanguage":"fr-FR"},{"@type":"Organization","@id":"https:\/\/blog.holyart.it\/fr\/#organization","name":"Holyart.fr Blog","url":"https:\/\/blog.holyart.it\/fr\/","logo":{"@type":"ImageObject","inLanguage":"fr-FR","@id":"https:\/\/blog.holyart.it\/fr\/#\/schema\/logo\/image\/","url":"https:\/\/blog.holyart.it\/fr\/wp-content\/uploads\/sites\/14\/2022\/12\/Holyart_Blog_Logo.jpg","contentUrl":"https:\/\/blog.holyart.it\/fr\/wp-content\/uploads\/sites\/14\/2022\/12\/Holyart_Blog_Logo.jpg","width":300,"height":50,"caption":"Holyart.fr Blog"},"image":{"@id":"https:\/\/blog.holyart.it\/fr\/#\/schema\/logo\/image\/"}},{"@type":"Person","@id":"https:\/\/blog.holyart.it\/fr\/#\/schema\/person\/0a7b686e5af0f856ec1e390dd0baecda","name":"Redazione","image":{"@type":"ImageObject","inLanguage":"fr-FR","@id":"https:\/\/blog.holyart.it\/fr\/#\/schema\/person\/image\/","url":"https:\/\/secure.gravatar.com\/avatar\/f477da817f43e50d0af36abecd33e3edf826c68299714bdc1057dff3b113f516?s=96&d=mm&r=g","contentUrl":"https:\/\/secure.gravatar.com\/avatar\/f477da817f43e50d0af36abecd33e3edf826c68299714bdc1057dff3b113f516?s=96&d=mm&r=g","caption":"Redazione"},"url":"https:\/\/blog.holyart.it\/fr\/author\/admin\/"}]}},"_links":{"self":[{"href":"https:\/\/blog.holyart.it\/fr\/wp-json\/wp\/v2\/posts\/9979","targetHints":{"allow":["GET"]}}],"collection":[{"href":"https:\/\/blog.holyart.it\/fr\/wp-json\/wp\/v2\/posts"}],"about":[{"href":"https:\/\/blog.holyart.it\/fr\/wp-json\/wp\/v2\/types\/post"}],"author":[{"embeddable":true,"href":"https:\/\/blog.holyart.it\/fr\/wp-json\/wp\/v2\/users\/1"}],"replies":[{"embeddable":true,"href":"https:\/\/blog.holyart.it\/fr\/wp-json\/wp\/v2\/comments?post=9979"}],"version-history":[{"count":8,"href":"https:\/\/blog.holyart.it\/fr\/wp-json\/wp\/v2\/posts\/9979\/revisions"}],"predecessor-version":[{"id":9993,"href":"https:\/\/blog.holyart.it\/fr\/wp-json\/wp\/v2\/posts\/9979\/revisions\/9993"}],"wp:featuredmedia":[{"embeddable":true,"href":"https:\/\/blog.holyart.it\/fr\/wp-json\/wp\/v2\/media\/9984"}],"wp:attachment":[{"href":"https:\/\/blog.holyart.it\/fr\/wp-json\/wp\/v2\/media?parent=9979"}],"wp:term":[{"taxonomy":"category","embeddable":true,"href":"https:\/\/blog.holyart.it\/fr\/wp-json\/wp\/v2\/categories?post=9979"},{"taxonomy":"post_tag","embeddable":true,"href":"https:\/\/blog.holyart.it\/fr\/wp-json\/wp\/v2\/tags?post=9979"}],"curies":[{"name":"wp","href":"https:\/\/api.w.org\/{rel}","templated":true}]}}