{"id":9964,"date":"2025-04-07T10:00:45","date_gmt":"2025-04-07T08:00:45","guid":{"rendered":"https:\/\/blog.holyart.it\/fr\/?p=9964"},"modified":"2025-07-18T15:38:44","modified_gmt":"2025-07-18T13:38:44","slug":"lhistoire-de-sainte-gemma-galgani-la-sainte-de-lucques","status":"publish","type":"post","link":"https:\/\/blog.holyart.it\/fr\/saints-et-bienheureux\/lhistoire-de-sainte-gemma-galgani-la-sainte-de-lucques\/","title":{"rendered":"L\u2019histoire de Sainte Gemma Galgani, la sainte de Lucques"},"content":{"rendered":"<h4>Sainte Gemma Galgani fut une mystique et une voyante lucquoise morte tr\u00e8s jeune. Proche du mouvement Passioniste, elle n\u2019entra jamais au couvent, mais est rappel\u00e9e encore aujourd\u2019hui par qui invoque une gr\u00e2ce urgente.<\/h4>\n\n<p>Le 11 avril, l\u2019\u00c9glise f\u00eate la m\u00e9moire liturgique de <strong>Sainte Gemma Galgani<\/strong>, mystique et voyante morte \u00e0 seulement 25 ans, b\u00e9atifi\u00e9e en 1933 et canonis\u00e9e en 1940 par pape Pie XII. L\u2019archidioc\u00e8se de Lucques, ville dans laquelle la jeune v\u00e9cut sa br\u00e8ve vie, et l\u2019<strong>ordre Passioniste<\/strong>, duquel elle fut toujours proche, c\u00e9l\u00e8brent par contre sa m\u00e9moire le 16 mai.<\/p>\n<p><a href=\"https:\/\/www.holyart.fr\/articles-religieux\/statues\/statues-en-platre\/sainte-gemma-galgani-30-cm-statue-platre-arte-barsanti\"><strong>Gemma Umberta Maria Galgani<\/strong><\/a> \u00e9tait n\u00e9e en 1878 \u00e0 Camigliano, dans la commune de Capannori, en province de Lucques. Sa famille \u00e9tait ais\u00e9e, avec des possessions et des terres, mais le p\u00e8re perdit tout apr\u00e8s la mort pr\u00e9matur\u00e9e de sa femme, m\u00e8re de Gemma, qui mourut de tuberculose en 1886. Il semblerait que ce fut justement \u00e0 l\u2019occasion de la mort de sa m\u00e8re que Gemma entendit pour la premi\u00e8re fois la <strong>voix int\u00e9rieure<\/strong> qui l\u2019aurait ensuite accompagn\u00e9e pendant toute sa vie, qui lui demanda de pouvoir emporter avec elle sa maman. L\u2019enfant, qui \u00e0 l\u2019\u00e9poque avait sept ans, fut oblig\u00e9 de renoncer \u00e0 tous le confort auquel elle \u00e9tait habitu\u00e9e et \u00e0 d\u00e9m\u00e9nager avec son p\u00e8re et ses nombreux fr\u00e8res dans une maison modeste. Pendant qu\u2019elle \u00e9tudiait aupr\u00e8s des S\u0153urs Oblates du Saint-Esprit, Gemma commen\u00e7a \u00e0 sentir grandir en elle <strong>le transport et la proximit\u00e9 \u00e0 Dieu<\/strong>, et eut moyen de conna\u00eetre de nombreuses personnalit\u00e9s religieuses qui aliment\u00e8rent sa foi, comme <strong>Monseigneur Giovanni Volpi<\/strong>, qui serait devenu son guide spirituel et son confesseur. S\u0153ur Camilla Vagliensi et Giulia Sestini la pouss\u00e8rent \u00e0 approfondir et m\u00e9diter sur les <strong>douleurs subies par J\u00e9sus<\/strong> pendant la Passion et \u00e0 exercer humilit\u00e9 et p\u00e9nitence. Toutefois, Gemma, \u00e0 cause de sa sant\u00e9 fragile, <strong>ne fut jamais admise au couvent<\/strong>, malgr\u00e9 le fait qu\u2019elle le d\u00e9sirait ardemment.<\/p>\n<p>En 1894, Gemma Galgani perdit \u00e9galement Gino, <strong>son fr\u00e8re pr\u00e9f\u00e9r\u00e9<\/strong>, s\u00e9minariste, qui mourut de tuberculose \u00e0 dix-huit ans. Gemma soufra tellement pour cette perte qu\u2019elle tenta de tomber malade \u00e0 son tour, en portant les v\u00eatements de son fr\u00e8re et fut de fait contamin\u00e9e et finira alit\u00e9e.<\/p>\n<div class=\"link-product\">\n<div class=\"blocco-immagine\"><img loading=\"lazy\" decoding=\"async\" class=\"alignnone size-full wp-image-9967\" src=\"https:\/\/blog.holyart.it\/fr\/wp-content\/uploads\/sites\/14\/2025\/03\/Sainte-Gemma-Galgani-30-cm-statue-platre-Arte-Barsanti.jpg\" alt=\"Sainte Gemma Galgani 30 cm statue pl\u00e2tre Arte Barsanti\" width=\"100\" height=\"100\" data-kale-share-title=\"L\u2019histoire de Sainte Gemma Galgani, la sainte de Lucques\" data-kale-share-url=\"https:\/\/blog.holyart.it\/fr\/?p=9964\" \/><\/div>\n<div class=\"blocco-contenuto\">\n<div class=\"blocco-acquista\">Acheter sur Holyart:<\/div>\n<div class=\"blocco-titolo\"><a href=\"https:\/\/www.holyart.fr\/articles-religieux\/statues\/statues-en-platre\/sainte-gemma-galgani-30-cm-statue-platre-arte-barsanti\">Sainte Gemma Galgani 30 cm statue pl\u00e2tre Arte Barsanti<\/a><\/div>\n<div class=\"blocco-descrizione\">Statue de 30 cm r\u00e9alis\u00e9e en pl\u00e2tre et ensuite peinte \u00e0 la main par les artisans d&rsquo;Arte Barsanti.<\/div>\n<\/div>\n<\/div>\n<p>Peu apr\u00e8s, son p\u00e8re aussi mourut et les minces finances de la famille s\u2019\u00e9puis\u00e8rent. \u00c0 dix-neuf ans, elle fut recueillie par sa tante Carolia Galgani. Elle refusa la cour de plusieurs jeunes gar\u00e7ons qui auraient voulu l\u2019\u00e9pouser\u00a0: elle avait d\u00e9j\u00e0 d\u00e9cid\u00e9 qu\u2019elle n\u2019appartenait qu\u2019\u00e0 J\u00e9sus.<\/p>\n<p>\u00c0 partir de 1899, Gemma s\u2019\u00e9tait en effet rapproch\u00e9e de la <strong>Congr\u00e9gation de la <u><a href=\"https:\/\/www.holyart.fr\/blog\/paques\/les-evenements-de-la-passion-de-jesus-de-la-cene-a-sa-crucifixion\/\">Passion de J\u00e9sus-Chris<\/a>t<\/u><\/strong>, fond\u00e9e en 1720 par Saint Paul de la Croix, et avait suivi les pr\u00e9dications des p\u00e8res Passionistes. Ce fut p\u00e8re Gaetano Guidi qui lui parla et qui l\u2019amena \u00e0 embrasser pour la premi\u00e8re fois les v\u0153ux de <strong>pauvret\u00e9, chastet\u00e9 et ob\u00e9issance<\/strong>.<\/p>\n<p>Entretemps, la <strong>sant\u00e9 de la jeune fille<\/strong> se d\u00e9t\u00e9riorait de plus en plus, avec des douleurs lancinantes aux reins et une progressive paralysie des jambes due \u00e0 l\u2019ost\u00e9ite des vert\u00e8bres lombaires, \u00e0 laquelle s\u2019ajouta \u00e9galement une otite moyenne purulente aigue. <strong>Alit\u00e9e et proche de la mort<\/strong>, Gemma entra en contact avec Gabriel de l\u2019Addolorata, jeune mystique Passioniste mort tr\u00e8s jeune auquel Gemma \u00e9tait profond\u00e9ment d\u00e9vou\u00e9e, et qui lui serait apparu \u00e0 plusieurs reprises. La jeune fille pr\u00e9tendait\u00a0 le sentir \u00e0 ses c\u00f4t\u00e9s quand elle priait, de percevoir m\u00eame la chaleur de ses mains et de sa respiration. Sous conseil de Monseigneur Volpi, Gemma r\u00e9cita une neuvaine \u00e0 Sainte Marguerite-Marie Alacoque, et encore une fois elle entendit la voix int\u00e9rieure, qui lui demanda <strong>si elle souhaitait gu\u00e9rir<\/strong>. Ainsi advint-il, entre l\u2019\u00e9merveillement et l\u2019incr\u00e9dulit\u00e9 de tous.<\/p>\n<p>Apr\u00e8s sa gu\u00e9rison, Gemma tenta d\u2019entrer au monast\u00e8re des Visitandines de Lucques, mais n\u2019y fut pas accept\u00e9e non plus. Les <strong>Giannini<\/strong>, une famille riche, qui accueillait les Passionistes de passage en ville, lui offrirent le g\u00eete et le couvert. En fr\u00e9quentant les passionistes, Gemma s\u2019\u00e9tait li\u00e9e d\u2019amiti\u00e9 avec Cecilia Giannini, qui vivait avec son fr\u00e8re Matteo Giannini, pharmacien, et sa nombreuse famille. Elle v\u00e9cut avec eux pendant quatre ans, suivie par monseigneur Volpi et par <strong>Germano Ruoppolo<\/strong>, qui faisait partie du mouvement Passioniste et qui serait devenu son premier biographe et infatigable d\u00e9fenseur pour sa b\u00e9atification.<\/p>\n<p>Elle fut \u00e9loign\u00e9e de la maison par crainte d\u2019une contagion, seulement quand sa <strong>tuberculose<\/strong> empira. Elle mourut peu de temps apr\u00e8s, le 11 avril 1903, un Samedi Saint, \u00e0 25 ans \u00e0 peine. Peu avant de mourir, Gemma avait re\u00e7ut de J\u00e9sus l\u2019exhortation \u00e0 fonder un <strong>monast\u00e8re de s\u0153urs passionistes<\/strong> \u00e0 Lucques, et il en fut ainsi, apr\u00e8s sa mort. Son corps fut rev\u00eatu de l\u2019habit Passioniste, ordre auquel elle aurait voulu appartenir en vie, et encore aujourd\u2019hui sa d\u00e9pouille est conserv\u00e9e dans le monast\u00e8re construit par sa volont\u00e9.<\/p>\n<div class=\"link-article\">\n<p><img loading=\"lazy\" decoding=\"async\" class=\"alignnone size-full wp-image-9971\" src=\"https:\/\/blog.holyart.it\/fr\/wp-content\/uploads\/sites\/14\/2025\/03\/Les-evenements-de-la-Passion-de-Jesus-1.jpg\" alt=\"Les \u00e9v\u00e9nements de la Passion de J\u00e9sus\" width=\"150\" height=\"100\" data-kale-share-title=\"L\u2019histoire de Sainte Gemma Galgani, la sainte de Lucques\" data-kale-share-url=\"https:\/\/blog.holyart.it\/fr\/?p=9964\" \/><\/p>\n<div class=\"leggi-anche\">Lire aussi :<\/div>\n<p><strong><a href=\"https:\/\/www.holyart.fr\/blog\/paques\/les-evenements-de-la-passion-de-jesus-de-la-cene-a-sa-crucifixion\/\">Les \u00e9v\u00e9nements de la Passion de J\u00e9sus : de la C\u00e8ne \u00e0 Sa crucifixion<\/a><\/strong><br \/>\nLa Passion de J\u00e9sus est le moment le plus haut et le plus terrible de&#8230;<\/p>\n<\/div>\n<h2>Le journal de Sainte Gemma Galgani<\/h2>\n<p>Le journal de Gemma Galgani nous offre un surprenant t\u00e9moignage de son parcours de vie et de foi. Ici la Sainte parle du voeu de chastet\u00e9 prononc\u00e9 en 1899 et de ses premi\u00e8res exp\u00e9riences mystiques. Ses <strong>extases mystiques<\/strong> avaient lieu chaque jeudi et \u00e9taient caract\u00e9ris\u00e9es par les apparitions d\u2019un <a href=\"https:\/\/www.holyart.fr\/articles-religieux\/anges\"><strong>ange<\/strong><\/a> et, selon la tradition populaire, de transpiration de sang, couronnement d\u2019\u00e9pines et d\u2019autres manifestations physiques, qui amen\u00e8rent \u00e0 l\u2019apparition des <strong>stigmates<\/strong> le 8 juin 1899, l\u2019Octave du Corpus Domini et veille de la f\u00eate du Sacr\u00e9-C\u0153ur de J\u00e9sus. \u00c0 chaque extase, elles se r\u00e9ouvraient et saignaient pour se refermer le samedi matin.<\/p>\n<p>Dans son journal, sont report\u00e9s ses <strong>dialogues avec<\/strong> <strong>J\u00e9sus<\/strong>, Marie, l\u2019Ange Gardien et Saint Gabriel de l\u2019Addolorata.<\/p>\n<div class=\"link-product\">\n<div class=\"blocco-immagine\"><img loading=\"lazy\" decoding=\"async\" class=\"alignnone size-full wp-image-9973\" src=\"https:\/\/blog.holyart.it\/fr\/wp-content\/uploads\/sites\/14\/2025\/03\/Anges.jpg\" alt=\"Anges\" width=\"100\" height=\"100\" data-kale-share-title=\"L\u2019histoire de Sainte Gemma Galgani, la sainte de Lucques\" data-kale-share-url=\"https:\/\/blog.holyart.it\/fr\/?p=9964\" \/><\/div>\n<div class=\"blocco-contenuto\">\n<div class=\"blocco-acquista\">Acheter sur Holyart:<\/div>\n<div class=\"blocco-titolo\"><a href=\"https:\/\/www.holyart.fr\/articles-religieux\/anges?page=1\">Anges<\/a><\/div>\n<div class=\"blocco-descrizione\">Anges et petits anges tr\u00e8s vari\u00e9s: en bois, en vitraille, en porcelaine et bien d&rsquo;autres mat\u00e9riels.<\/div>\n<\/div>\n<\/div>\n<h2>Le sanctuaire d\u00e9di\u00e9 \u00e0 Sainte Gemma Galgani<\/h2>\n<p>Le <strong>Monast\u00e8re des Nonnes Passionistes<\/strong>, via del Tiglio, \u00e0 Lucques, fut fortement voulu par Gemma Galgani, qui pendant unes de ses extases mystiques en avait re\u00e7u la commission de la part de Christ. Aujourd\u2019hui, le monast\u00e8re est d\u00e9di\u00e9 \u00e0 sa m\u00e9moire. Le b\u00e2timent original remontait \u00e0 1771, tandis que le nouveau projet fut d\u00e9marr\u00e9 en 1935 et compl\u00e9t\u00e9, apr\u00e8s plusieurs interruptions, en 1965. Ici, sous le ma\u00eetre-autel, repose dans une urne la d\u00e9pouille de la jeune Sainte.<\/p>\n<h2>Santa Gemma Galgani : pri\u00e8res<\/h2>\n<p>En raison de l\u2019intensit\u00e9 spirituelle de <a href=\"https:\/\/www.holyart.fr\/articles-religieux\/statues\/statues-en-bois-peint\/statue-sainte-gemma-galgani-20-cm-pate-a-bois\"><strong>Gemma Galgani<\/strong><\/a> et de son in\u00e9puisable dialogue avec Dieu, de nombreux fid\u00e8les s\u2019adressent \u00e0 elle \u00e0 la recherche d\u2019une gr\u00e2ce sp\u00e9cifiques et pour obtenir aide et assistance dans les situations d\u2019urgence. Voici quelques-unes des <strong>pri\u00e8res \u00e0 Sainte Gemma pour obtenir une gr\u00e2ce urgente<\/strong>, et pour invoquer son intercession aupr\u00e8s de Dieu.<\/p>\n<p>\u00ab\u00a0<em>O Sainte Gemma, miroir de l\u2019innocence et de la p\u00e9nitence, pouvons-nous, nous qui humblement invoquons l\u2019intercession c\u00e9leste, obtenir de toi la gr\u00e2ce de la puret\u00e9 dans toutes nos pens\u00e9es, paroles et actions. Amen.<\/em>\u00a0\u00bb<\/p>\n<p>Ou bien :<\/p>\n<p>\u00ab\u00a0<em>Votre vie, \u00f4 Sainte Gemma, fut un acte d&rsquo;amour continuel&#8230; D\u00e8s vos plus tendres ann\u00e9es, on a vu resplendir en vous une puret\u00e9 ang\u00e9lique et une ardente soif de p\u00e9nitence. En vous, on a vu briller une simplicit\u00e9 \u00e9vang\u00e9lique unie \u00e0 une parfaite prudence ; un d\u00e9tachement total des cr\u00e9atures et une ferveur s\u00e9raphique pour le salut du prochain ; une humilit\u00e9 profonde accompagn\u00e9e d&rsquo;une force invincible au milieu des plus dures \u00e9preuves spirituelles ; une tendresse filiale envers la Vierge Marie, votre M\u00e8re, et un amour br\u00fblant envers J\u00e9sus crucifi\u00e9. Combl\u00e9e de vertus si sublimes et riche de tant de gr\u00e2ces, \u00f4 magnanime vierge du Christ, obtenez-nous une flamme de ce feu divin qui d\u00e9vorait votre c\u0153ur, afin que nous puissions en tout nous conformer \u00e0 la sainte volont\u00e9 du Seigneur. Obtenez-nous toutes les gr\u00e2ces temporelles utiles \u00e0 notre salut \u00e9ternel, et faites qu&rsquo;au terme de cette vie, nous parvenions \u00e0 vous rejoindre dans la gloire du Ciel. Amen.<\/em>\u00a0\u00bb<\/p>\n<p>Afin d\u2019obtenir une gr\u00e2ce avec l\u2019intercession de Sainte Gemma Galgani :<\/p>\n<p><em>\u00ab\u00a0Me voici \u00e0 Vos Pieds tr\u00e8s Saints, mon doux J\u00e9sus, pour Vous manifester \u00e0 chaque instant ma reconnaissance et ma gratitude pour Vos continuelles Gr\u00e2ces si nombreuses que Vous m&rsquo;avez faites et que Vous voulez encore me faire. Combien de fois Vous ai-je invoqu\u00e9, \u00f4 J\u00e9sus, et Vous m&rsquo;avez toujours content\u00e9e\u00a0: j&rsquo;ai souvent eu recours \u00e0 Vous et Vous m&rsquo;avez toujours consol\u00e9e. Comment m&rsquo;exprimer envers Vous\u00a0? Je Vous rends gr\u00e2ce. Mais je d\u00e9sire une autre Gr\u00e2ce, \u00f4 mon Dieu, s&rsquo;il Vous pla\u00eet&#8230; (exprimer la gr\u00e2ce d\u00e9sir\u00e9e). Si Vous n&rsquo;\u00e9tiez pas Tout-Puissant, je ne Vous ferais pas cette demande. \u00d4 J\u00e9sus, ayez Piti\u00e9 de moi\u00a0! Que soit faite en tout Votre Tr\u00e8s Sainte Volont\u00e9 \u00bb.<\/em><\/p>\n<p>Une autre Pri\u00e8re de Sainte Gemma :<\/p>\n<p><em>\u00ab\u00a0\u00d4 mon Dieu crucifi\u00e9, me voici \u00e0 Tes pieds. Daigne ne pas me rejeter maintenant que je me pr\u00e9sente comme p\u00e9cheresse. Je T&rsquo;ai tant offens\u00e9 par le pass\u00e9, mon J\u00e9sus, mais il n&rsquo;en sera plus ainsi. Devant Toi, mon Dieu, je pr\u00e9sente toutes mes fautes&#8230; Je les ai d\u00e9j\u00e0 consid\u00e9r\u00e9s et je vois qu&rsquo;elles ne m\u00e9ritent pas de pardon mais, je T&rsquo;en prie, jette un regard \u00e0 Tes Afflictions et regarde combien vaut le Sang qui coule dans Tes veines. En cet instant, mon Dieu, ferme les yeux sur mes iniquit\u00e9s et ouvre-les sur Tes M\u00e9rites infinis, et depuis que Tu T&rsquo;es complu \u00e0 mourir pour mes p\u00e9ch\u00e9s, pardonne-moi tout, afin que, plus jamais, je n&rsquo;en ressente le poids, \u00f4 J\u00e9sus, il m&rsquo;oppresse trop. Aide-moi, mon J\u00e9sus, je veux \u00e0 tout prix devenir bonne\u00a0: \u00e9limine, d\u00e9truis, an\u00e9antis tout ce qui se trouve en moi et qui n&rsquo;est pas conforme \u00e0 Ta Volont\u00e9. Toutefois, je Te prie, J\u00e9sus, de m&rsquo;\u00e9clairer afin que je puisse marcher dans Ta Lumi\u00e8re. \u00bb<\/em><\/p>\n<div class=\"link-product\">\n<div class=\"blocco-immagine\"><img loading=\"lazy\" decoding=\"async\" class=\"alignnone size-full wp-image-9975\" src=\"https:\/\/blog.holyart.it\/fr\/wp-content\/uploads\/sites\/14\/2025\/03\/Statue-Sainte-Gemma-Galgani-20-cm-pate-a-bois.jpg\" alt=\"Statue Sainte Gemma Galgani 20 cm p\u00e2te \u00e0 bois\" width=\"100\" height=\"100\" data-kale-share-title=\"L\u2019histoire de Sainte Gemma Galgani, la sainte de Lucques\" data-kale-share-url=\"https:\/\/blog.holyart.it\/fr\/?p=9964\" \/><\/div>\n<div class=\"blocco-contenuto\">\n<div class=\"blocco-acquista\">Acheter sur Holyart:<\/div>\n<div class=\"blocco-titolo\"><a href=\"https:\/\/www.holyart.fr\/articles-religieux\/statues\/statues-en-bois-peint\/statue-sainte-gemma-galgani-20-cm-pate-a-bois?_gl=1*aoj1dq*_gcl_aw*R0NMLjE3MzM0MDg3MzIuQ2owS0NRaUF1OFc2QmhDLUFSSXNBQ0VRb0RDWEdmR1hiclc4SjhZajBQT25SSTdvOGVuMGl1TFRWMFBSb0dSS1BGMEcteXBtb28zQ3BFOGFBcGZxRUFMd193Y0I.*_gcl_au*MTg5NTg5Mjc0NC4xNzMzNzQzNDk5*_ga*MTQ4NzE4MjM0Mi4xNjk0Nzg4MTQz*_ga_W18MV136NH*MTc0MTE4MDc3OC4xMDczLjEuMTc0MTE4MTE4OS42MC4wLjA.\">Statue Sainte Gemma Galgani 20 cm p\u00e2te \u00e0 bois<\/a><\/div>\n<div class=\"blocco-descrizione\">Statue de Sainte Gemma r\u00e9alis\u00e9e par des artisans Espagnols en p\u00e2te \u00e0 bois et yeux en cristal.<\/div>\n<\/div>\n<\/div>\n","protected":false},"excerpt":{"rendered":"<p>Sainte Gemma Galgani fut une mystique et une voyante lucquoise morte tr\u00e8s jeune. Proche du mouvement Passioniste, elle n\u2019entra jamais au couvent, mais est rappel\u00e9e encore aujourd\u2019hui par qui invoque une gr\u00e2ce urgente. Le 11 avril, l\u2019\u00c9glise f\u00eate la m\u00e9moire liturgique de Sainte Gemma Galgani,&hellip;<\/p>\n","protected":false},"author":1,"featured_media":9969,"comment_status":"closed","ping_status":"open","sticky":false,"template":"","format":"standard","meta":{"_acf_changed":false,"footnotes":""},"categories":[7],"tags":[],"class_list":["post-9964","post","type-post","status-publish","format-standard","has-post-thumbnail","hentry","category-saints-et-bienheureux"],"acf":[],"yoast_head":"<!-- This site is optimized with the Yoast SEO plugin v26.6 - https:\/\/yoast.com\/wordpress\/plugins\/seo\/ -->\n<title>L\u2019histoire de Sainte Gemma Galgani, la sainte de Lucques - Holyart.fr Blog<\/title>\n<meta name=\"description\" content=\"Sainte Gemma Galgani v\u00e9cut sa br\u00e8ve vie fid\u00e8le au Christ et d\u00e9vou\u00e9e \u00e0 Ses souffrances. Elle mourut \u00e0 vingt-cinq ans sans entrer au monast\u00e8re.\" \/>\n<meta name=\"robots\" content=\"index, follow, max-snippet:-1, max-image-preview:large, max-video-preview:-1\" \/>\n<link rel=\"canonical\" href=\"https:\/\/blog.holyart.it\/fr\/saints-et-bienheureux\/lhistoire-de-sainte-gemma-galgani-la-sainte-de-lucques\/\" \/>\n<meta property=\"og:locale\" content=\"fr_FR\" \/>\n<meta property=\"og:type\" content=\"article\" \/>\n<meta property=\"og:title\" content=\"L\u2019histoire de Sainte Gemma Galgani, la sainte de Lucques - Holyart.fr Blog\" \/>\n<meta property=\"og:description\" content=\"Sainte Gemma Galgani v\u00e9cut sa br\u00e8ve vie fid\u00e8le au Christ et d\u00e9vou\u00e9e \u00e0 Ses souffrances. Elle mourut \u00e0 vingt-cinq ans sans entrer au monast\u00e8re.\" \/>\n<meta property=\"og:url\" content=\"https:\/\/blog.holyart.it\/fr\/saints-et-bienheureux\/lhistoire-de-sainte-gemma-galgani-la-sainte-de-lucques\/\" \/>\n<meta property=\"og:site_name\" content=\"Holyart.fr Blog\" \/>\n<meta property=\"article:published_time\" content=\"2025-04-07T08:00:45+00:00\" \/>\n<meta property=\"article:modified_time\" content=\"2025-07-18T13:38:44+00:00\" \/>\n<meta property=\"og:image\" content=\"https:\/\/blog.holyart.it\/fr\/wp-content\/uploads\/sites\/14\/2025\/03\/Sainte-Gemma-Galgani.jpg\" \/>\n\t<meta property=\"og:image:width\" content=\"1000\" \/>\n\t<meta property=\"og:image:height\" content=\"666\" \/>\n\t<meta property=\"og:image:type\" content=\"image\/jpeg\" \/>\n<meta name=\"author\" content=\"Redazione\" \/>\n<meta name=\"twitter:card\" content=\"summary_large_image\" \/>\n<meta name=\"twitter:label1\" content=\"\u00c9crit par\" \/>\n\t<meta name=\"twitter:data1\" content=\"Redazione\" \/>\n\t<meta name=\"twitter:label2\" content=\"Dur\u00e9e de lecture estim\u00e9e\" \/>\n\t<meta name=\"twitter:data2\" content=\"10 minutes\" \/>\n<script type=\"application\/ld+json\" class=\"yoast-schema-graph\">{\"@context\":\"https:\/\/schema.org\",\"@graph\":[{\"@type\":\"Article\",\"@id\":\"https:\/\/blog.holyart.it\/fr\/saints-et-bienheureux\/lhistoire-de-sainte-gemma-galgani-la-sainte-de-lucques\/#article\",\"isPartOf\":{\"@id\":\"https:\/\/blog.holyart.it\/fr\/saints-et-bienheureux\/lhistoire-de-sainte-gemma-galgani-la-sainte-de-lucques\/\"},\"author\":{\"name\":\"Redazione\",\"@id\":\"https:\/\/blog.holyart.it\/fr\/#\/schema\/person\/0a7b686e5af0f856ec1e390dd0baecda\"},\"headline\":\"L\u2019histoire de Sainte Gemma Galgani, la sainte de Lucques\",\"datePublished\":\"2025-04-07T08:00:45+00:00\",\"dateModified\":\"2025-07-18T13:38:44+00:00\",\"mainEntityOfPage\":{\"@id\":\"https:\/\/blog.holyart.it\/fr\/saints-et-bienheureux\/lhistoire-de-sainte-gemma-galgani-la-sainte-de-lucques\/\"},\"wordCount\":1841,\"publisher\":{\"@id\":\"https:\/\/blog.holyart.it\/fr\/#organization\"},\"image\":{\"@id\":\"https:\/\/blog.holyart.it\/fr\/saints-et-bienheureux\/lhistoire-de-sainte-gemma-galgani-la-sainte-de-lucques\/#primaryimage\"},\"thumbnailUrl\":\"https:\/\/blog.holyart.it\/fr\/wp-content\/uploads\/sites\/14\/2025\/03\/Sainte-Gemma-Galgani.jpg\",\"articleSection\":[\"Saints et Bienheureux\"],\"inLanguage\":\"fr-FR\"},{\"@type\":\"WebPage\",\"@id\":\"https:\/\/blog.holyart.it\/fr\/saints-et-bienheureux\/lhistoire-de-sainte-gemma-galgani-la-sainte-de-lucques\/\",\"url\":\"https:\/\/blog.holyart.it\/fr\/saints-et-bienheureux\/lhistoire-de-sainte-gemma-galgani-la-sainte-de-lucques\/\",\"name\":\"L\u2019histoire de Sainte Gemma Galgani, la sainte de Lucques - Holyart.fr Blog\",\"isPartOf\":{\"@id\":\"https:\/\/blog.holyart.it\/fr\/#website\"},\"primaryImageOfPage\":{\"@id\":\"https:\/\/blog.holyart.it\/fr\/saints-et-bienheureux\/lhistoire-de-sainte-gemma-galgani-la-sainte-de-lucques\/#primaryimage\"},\"image\":{\"@id\":\"https:\/\/blog.holyart.it\/fr\/saints-et-bienheureux\/lhistoire-de-sainte-gemma-galgani-la-sainte-de-lucques\/#primaryimage\"},\"thumbnailUrl\":\"https:\/\/blog.holyart.it\/fr\/wp-content\/uploads\/sites\/14\/2025\/03\/Sainte-Gemma-Galgani.jpg\",\"datePublished\":\"2025-04-07T08:00:45+00:00\",\"dateModified\":\"2025-07-18T13:38:44+00:00\",\"description\":\"Sainte Gemma Galgani v\u00e9cut sa br\u00e8ve vie fid\u00e8le au Christ et d\u00e9vou\u00e9e \u00e0 Ses souffrances. Elle mourut \u00e0 vingt-cinq ans sans entrer au monast\u00e8re.\",\"breadcrumb\":{\"@id\":\"https:\/\/blog.holyart.it\/fr\/saints-et-bienheureux\/lhistoire-de-sainte-gemma-galgani-la-sainte-de-lucques\/#breadcrumb\"},\"inLanguage\":\"fr-FR\",\"potentialAction\":[{\"@type\":\"ReadAction\",\"target\":[\"https:\/\/blog.holyart.it\/fr\/saints-et-bienheureux\/lhistoire-de-sainte-gemma-galgani-la-sainte-de-lucques\/\"]}]},{\"@type\":\"ImageObject\",\"inLanguage\":\"fr-FR\",\"@id\":\"https:\/\/blog.holyart.it\/fr\/saints-et-bienheureux\/lhistoire-de-sainte-gemma-galgani-la-sainte-de-lucques\/#primaryimage\",\"url\":\"https:\/\/blog.holyart.it\/fr\/wp-content\/uploads\/sites\/14\/2025\/03\/Sainte-Gemma-Galgani.jpg\",\"contentUrl\":\"https:\/\/blog.holyart.it\/fr\/wp-content\/uploads\/sites\/14\/2025\/03\/Sainte-Gemma-Galgani.jpg\",\"width\":1000,\"height\":666,\"caption\":\"Sainte Gemma Galgani\"},{\"@type\":\"BreadcrumbList\",\"@id\":\"https:\/\/blog.holyart.it\/fr\/saints-et-bienheureux\/lhistoire-de-sainte-gemma-galgani-la-sainte-de-lucques\/#breadcrumb\",\"itemListElement\":[{\"@type\":\"ListItem\",\"position\":1,\"name\":\"Homepage\",\"item\":\"https:\/\/blog.holyart.it\/fr\/\"},{\"@type\":\"ListItem\",\"position\":2,\"name\":\"Saints et Bienheureux\",\"item\":\"https:\/\/blog.holyart.it\/fr\/saints-et-bienheureux\/\"},{\"@type\":\"ListItem\",\"position\":3,\"name\":\"L\u2019histoire de Sainte Gemma Galgani, la sainte de Lucques\"}]},{\"@type\":\"WebSite\",\"@id\":\"https:\/\/blog.holyart.it\/fr\/#website\",\"url\":\"https:\/\/blog.holyart.it\/fr\/\",\"name\":\"Holyart.fr Blog\",\"description\":\"Holyblog\",\"publisher\":{\"@id\":\"https:\/\/blog.holyart.it\/fr\/#organization\"},\"potentialAction\":[{\"@type\":\"SearchAction\",\"target\":{\"@type\":\"EntryPoint\",\"urlTemplate\":\"https:\/\/blog.holyart.it\/fr\/?s={search_term_string}\"},\"query-input\":{\"@type\":\"PropertyValueSpecification\",\"valueRequired\":true,\"valueName\":\"search_term_string\"}}],\"inLanguage\":\"fr-FR\"},{\"@type\":\"Organization\",\"@id\":\"https:\/\/blog.holyart.it\/fr\/#organization\",\"name\":\"Holyart.fr Blog\",\"url\":\"https:\/\/blog.holyart.it\/fr\/\",\"logo\":{\"@type\":\"ImageObject\",\"inLanguage\":\"fr-FR\",\"@id\":\"https:\/\/blog.holyart.it\/fr\/#\/schema\/logo\/image\/\",\"url\":\"https:\/\/blog.holyart.it\/fr\/wp-content\/uploads\/sites\/14\/2022\/12\/Holyart_Blog_Logo.jpg\",\"contentUrl\":\"https:\/\/blog.holyart.it\/fr\/wp-content\/uploads\/sites\/14\/2022\/12\/Holyart_Blog_Logo.jpg\",\"width\":300,\"height\":50,\"caption\":\"Holyart.fr Blog\"},\"image\":{\"@id\":\"https:\/\/blog.holyart.it\/fr\/#\/schema\/logo\/image\/\"}},{\"@type\":\"Person\",\"@id\":\"https:\/\/blog.holyart.it\/fr\/#\/schema\/person\/0a7b686e5af0f856ec1e390dd0baecda\",\"name\":\"Redazione\",\"image\":{\"@type\":\"ImageObject\",\"inLanguage\":\"fr-FR\",\"@id\":\"https:\/\/blog.holyart.it\/fr\/#\/schema\/person\/image\/\",\"url\":\"https:\/\/secure.gravatar.com\/avatar\/f477da817f43e50d0af36abecd33e3edf826c68299714bdc1057dff3b113f516?s=96&d=mm&r=g\",\"contentUrl\":\"https:\/\/secure.gravatar.com\/avatar\/f477da817f43e50d0af36abecd33e3edf826c68299714bdc1057dff3b113f516?s=96&d=mm&r=g\",\"caption\":\"Redazione\"},\"url\":\"https:\/\/blog.holyart.it\/fr\/author\/admin\/\"}]}<\/script>\n<!-- \/ Yoast SEO plugin. -->","yoast_head_json":{"title":"L\u2019histoire de Sainte Gemma Galgani, la sainte de Lucques - Holyart.fr Blog","description":"Sainte Gemma Galgani v\u00e9cut sa br\u00e8ve vie fid\u00e8le au Christ et d\u00e9vou\u00e9e \u00e0 Ses souffrances. Elle mourut \u00e0 vingt-cinq ans sans entrer au monast\u00e8re.","robots":{"index":"index","follow":"follow","max-snippet":"max-snippet:-1","max-image-preview":"max-image-preview:large","max-video-preview":"max-video-preview:-1"},"canonical":"https:\/\/blog.holyart.it\/fr\/saints-et-bienheureux\/lhistoire-de-sainte-gemma-galgani-la-sainte-de-lucques\/","og_locale":"fr_FR","og_type":"article","og_title":"L\u2019histoire de Sainte Gemma Galgani, la sainte de Lucques - Holyart.fr Blog","og_description":"Sainte Gemma Galgani v\u00e9cut sa br\u00e8ve vie fid\u00e8le au Christ et d\u00e9vou\u00e9e \u00e0 Ses souffrances. Elle mourut \u00e0 vingt-cinq ans sans entrer au monast\u00e8re.","og_url":"https:\/\/blog.holyart.it\/fr\/saints-et-bienheureux\/lhistoire-de-sainte-gemma-galgani-la-sainte-de-lucques\/","og_site_name":"Holyart.fr Blog","article_published_time":"2025-04-07T08:00:45+00:00","article_modified_time":"2025-07-18T13:38:44+00:00","og_image":[{"width":1000,"height":666,"url":"https:\/\/blog.holyart.it\/fr\/wp-content\/uploads\/sites\/14\/2025\/03\/Sainte-Gemma-Galgani.jpg","type":"image\/jpeg"}],"author":"Redazione","twitter_card":"summary_large_image","twitter_misc":{"\u00c9crit par":"Redazione","Dur\u00e9e de lecture estim\u00e9e":"10 minutes"},"schema":{"@context":"https:\/\/schema.org","@graph":[{"@type":"Article","@id":"https:\/\/blog.holyart.it\/fr\/saints-et-bienheureux\/lhistoire-de-sainte-gemma-galgani-la-sainte-de-lucques\/#article","isPartOf":{"@id":"https:\/\/blog.holyart.it\/fr\/saints-et-bienheureux\/lhistoire-de-sainte-gemma-galgani-la-sainte-de-lucques\/"},"author":{"name":"Redazione","@id":"https:\/\/blog.holyart.it\/fr\/#\/schema\/person\/0a7b686e5af0f856ec1e390dd0baecda"},"headline":"L\u2019histoire de Sainte Gemma Galgani, la sainte de Lucques","datePublished":"2025-04-07T08:00:45+00:00","dateModified":"2025-07-18T13:38:44+00:00","mainEntityOfPage":{"@id":"https:\/\/blog.holyart.it\/fr\/saints-et-bienheureux\/lhistoire-de-sainte-gemma-galgani-la-sainte-de-lucques\/"},"wordCount":1841,"publisher":{"@id":"https:\/\/blog.holyart.it\/fr\/#organization"},"image":{"@id":"https:\/\/blog.holyart.it\/fr\/saints-et-bienheureux\/lhistoire-de-sainte-gemma-galgani-la-sainte-de-lucques\/#primaryimage"},"thumbnailUrl":"https:\/\/blog.holyart.it\/fr\/wp-content\/uploads\/sites\/14\/2025\/03\/Sainte-Gemma-Galgani.jpg","articleSection":["Saints et Bienheureux"],"inLanguage":"fr-FR"},{"@type":"WebPage","@id":"https:\/\/blog.holyart.it\/fr\/saints-et-bienheureux\/lhistoire-de-sainte-gemma-galgani-la-sainte-de-lucques\/","url":"https:\/\/blog.holyart.it\/fr\/saints-et-bienheureux\/lhistoire-de-sainte-gemma-galgani-la-sainte-de-lucques\/","name":"L\u2019histoire de Sainte Gemma Galgani, la sainte de Lucques - Holyart.fr Blog","isPartOf":{"@id":"https:\/\/blog.holyart.it\/fr\/#website"},"primaryImageOfPage":{"@id":"https:\/\/blog.holyart.it\/fr\/saints-et-bienheureux\/lhistoire-de-sainte-gemma-galgani-la-sainte-de-lucques\/#primaryimage"},"image":{"@id":"https:\/\/blog.holyart.it\/fr\/saints-et-bienheureux\/lhistoire-de-sainte-gemma-galgani-la-sainte-de-lucques\/#primaryimage"},"thumbnailUrl":"https:\/\/blog.holyart.it\/fr\/wp-content\/uploads\/sites\/14\/2025\/03\/Sainte-Gemma-Galgani.jpg","datePublished":"2025-04-07T08:00:45+00:00","dateModified":"2025-07-18T13:38:44+00:00","description":"Sainte Gemma Galgani v\u00e9cut sa br\u00e8ve vie fid\u00e8le au Christ et d\u00e9vou\u00e9e \u00e0 Ses souffrances. Elle mourut \u00e0 vingt-cinq ans sans entrer au monast\u00e8re.","breadcrumb":{"@id":"https:\/\/blog.holyart.it\/fr\/saints-et-bienheureux\/lhistoire-de-sainte-gemma-galgani-la-sainte-de-lucques\/#breadcrumb"},"inLanguage":"fr-FR","potentialAction":[{"@type":"ReadAction","target":["https:\/\/blog.holyart.it\/fr\/saints-et-bienheureux\/lhistoire-de-sainte-gemma-galgani-la-sainte-de-lucques\/"]}]},{"@type":"ImageObject","inLanguage":"fr-FR","@id":"https:\/\/blog.holyart.it\/fr\/saints-et-bienheureux\/lhistoire-de-sainte-gemma-galgani-la-sainte-de-lucques\/#primaryimage","url":"https:\/\/blog.holyart.it\/fr\/wp-content\/uploads\/sites\/14\/2025\/03\/Sainte-Gemma-Galgani.jpg","contentUrl":"https:\/\/blog.holyart.it\/fr\/wp-content\/uploads\/sites\/14\/2025\/03\/Sainte-Gemma-Galgani.jpg","width":1000,"height":666,"caption":"Sainte Gemma Galgani"},{"@type":"BreadcrumbList","@id":"https:\/\/blog.holyart.it\/fr\/saints-et-bienheureux\/lhistoire-de-sainte-gemma-galgani-la-sainte-de-lucques\/#breadcrumb","itemListElement":[{"@type":"ListItem","position":1,"name":"Homepage","item":"https:\/\/blog.holyart.it\/fr\/"},{"@type":"ListItem","position":2,"name":"Saints et Bienheureux","item":"https:\/\/blog.holyart.it\/fr\/saints-et-bienheureux\/"},{"@type":"ListItem","position":3,"name":"L\u2019histoire de Sainte Gemma Galgani, la sainte de Lucques"}]},{"@type":"WebSite","@id":"https:\/\/blog.holyart.it\/fr\/#website","url":"https:\/\/blog.holyart.it\/fr\/","name":"Holyart.fr Blog","description":"Holyblog","publisher":{"@id":"https:\/\/blog.holyart.it\/fr\/#organization"},"potentialAction":[{"@type":"SearchAction","target":{"@type":"EntryPoint","urlTemplate":"https:\/\/blog.holyart.it\/fr\/?s={search_term_string}"},"query-input":{"@type":"PropertyValueSpecification","valueRequired":true,"valueName":"search_term_string"}}],"inLanguage":"fr-FR"},{"@type":"Organization","@id":"https:\/\/blog.holyart.it\/fr\/#organization","name":"Holyart.fr Blog","url":"https:\/\/blog.holyart.it\/fr\/","logo":{"@type":"ImageObject","inLanguage":"fr-FR","@id":"https:\/\/blog.holyart.it\/fr\/#\/schema\/logo\/image\/","url":"https:\/\/blog.holyart.it\/fr\/wp-content\/uploads\/sites\/14\/2022\/12\/Holyart_Blog_Logo.jpg","contentUrl":"https:\/\/blog.holyart.it\/fr\/wp-content\/uploads\/sites\/14\/2022\/12\/Holyart_Blog_Logo.jpg","width":300,"height":50,"caption":"Holyart.fr Blog"},"image":{"@id":"https:\/\/blog.holyart.it\/fr\/#\/schema\/logo\/image\/"}},{"@type":"Person","@id":"https:\/\/blog.holyart.it\/fr\/#\/schema\/person\/0a7b686e5af0f856ec1e390dd0baecda","name":"Redazione","image":{"@type":"ImageObject","inLanguage":"fr-FR","@id":"https:\/\/blog.holyart.it\/fr\/#\/schema\/person\/image\/","url":"https:\/\/secure.gravatar.com\/avatar\/f477da817f43e50d0af36abecd33e3edf826c68299714bdc1057dff3b113f516?s=96&d=mm&r=g","contentUrl":"https:\/\/secure.gravatar.com\/avatar\/f477da817f43e50d0af36abecd33e3edf826c68299714bdc1057dff3b113f516?s=96&d=mm&r=g","caption":"Redazione"},"url":"https:\/\/blog.holyart.it\/fr\/author\/admin\/"}]}},"_links":{"self":[{"href":"https:\/\/blog.holyart.it\/fr\/wp-json\/wp\/v2\/posts\/9964","targetHints":{"allow":["GET"]}}],"collection":[{"href":"https:\/\/blog.holyart.it\/fr\/wp-json\/wp\/v2\/posts"}],"about":[{"href":"https:\/\/blog.holyart.it\/fr\/wp-json\/wp\/v2\/types\/post"}],"author":[{"embeddable":true,"href":"https:\/\/blog.holyart.it\/fr\/wp-json\/wp\/v2\/users\/1"}],"replies":[{"embeddable":true,"href":"https:\/\/blog.holyart.it\/fr\/wp-json\/wp\/v2\/comments?post=9964"}],"version-history":[{"count":7,"href":"https:\/\/blog.holyart.it\/fr\/wp-json\/wp\/v2\/posts\/9964\/revisions"}],"predecessor-version":[{"id":9976,"href":"https:\/\/blog.holyart.it\/fr\/wp-json\/wp\/v2\/posts\/9964\/revisions\/9976"}],"wp:featuredmedia":[{"embeddable":true,"href":"https:\/\/blog.holyart.it\/fr\/wp-json\/wp\/v2\/media\/9969"}],"wp:attachment":[{"href":"https:\/\/blog.holyart.it\/fr\/wp-json\/wp\/v2\/media?parent=9964"}],"wp:term":[{"taxonomy":"category","embeddable":true,"href":"https:\/\/blog.holyart.it\/fr\/wp-json\/wp\/v2\/categories?post=9964"},{"taxonomy":"post_tag","embeddable":true,"href":"https:\/\/blog.holyart.it\/fr\/wp-json\/wp\/v2\/tags?post=9964"}],"curies":[{"name":"wp","href":"https:\/\/api.w.org\/{rel}","templated":true}]}}