{"id":9908,"date":"2025-03-07T10:00:14","date_gmt":"2025-03-07T09:00:14","guid":{"rendered":"https:\/\/blog.holyart.it\/fr\/?p=9908"},"modified":"2025-07-18T14:41:04","modified_gmt":"2025-07-18T12:41:04","slug":"luce-friends-la-mascotte-du-jubile-et-ses-amis","status":"publish","type":"post","link":"https:\/\/blog.holyart.it\/fr\/jubile-2025\/luce-friends-la-mascotte-du-jubile-et-ses-amis\/","title":{"rendered":"Luce &#038; Friends : la mascotte du Jubil\u00e9 et ses amis"},"content":{"rendered":"<h4>Luce, mascotte du Jubil\u00e9 2025, n\u2019entreprend pas son p\u00e8lerinage de foi et d\u2019esp\u00e9rance en solitaire : avec elle il y a plein de petits amis, qui incarnent les valeurs et les r\u00e9solutions de l\u2019Ann\u00e9e Sainte.<\/h4>\n\n<p>Au c\u0153ur de l\u2019Ann\u00e9e Sainte 2025, l\u2019\u00c9glise catholique pr\u00e9sente une <a href=\"https:\/\/www.holyart.fr\/blog\/jubile-2025\/luce-la-mascotte-du-jubile-2025-un-symbole-pour-tous-les-pelerins\/\"><strong><u>mascotte extraordinaire<\/u><\/strong><\/a> qui incarne l\u2019esprit du Jubil\u00e9 : <strong>Luce<\/strong>, accompagn\u00e9e d\u2019un groupe d\u2019amis tr\u00e8s sp\u00e9ciaux, qui rendent son voyage encore plus significatif. Cette famille de personnages, cr\u00e9e avec le style incomparable de <a href=\"https:\/\/www.holyart.fr\/blog\/jubile-2025\/qui-est-ce-simone-legno-le-designer-de-la-mascotte-du-jubile-2025\/\"><strong><u>Simone Legno<\/u><\/strong><\/a>, cr\u00e9ateur de la marque <strong><em>Tokidoki<\/em><\/strong>, transforme le p\u00e8lerinage spirituel en une narration visuelle riche en symboles et significations profondes.<\/p>\n<div class=\"link-article\">\n<p><img loading=\"lazy\" decoding=\"async\" class=\"alignnone size-full wp-image-9912\" src=\"https:\/\/blog.holyart.it\/fr\/wp-content\/uploads\/sites\/14\/2025\/02\/Luce-la-mascotte-du-Jubile-2025-2.jpg\" alt=\"Luce, la mascotte du Jubil\u00e9 2025\" width=\"150\" height=\"99\" data-kale-share-title=\"Luce &amp; Friends : la mascotte du Jubil\u00e9 et ses amis\" data-kale-share-url=\"https:\/\/blog.holyart.it\/fr\/?p=9908\" \/><\/p>\n<div class=\"leggi-anche\">Lire aussi :<\/div>\n<p><strong><a href=\"https:\/\/www.holyart.fr\/blog\/jubile-2025\/luce-la-mascotte-du-jubile-2025-un-symbole-pour-tous-les-pelerins\/\">Luce, la mascotte du Jubil\u00e9 2025 : un symbole pour tous les p\u00e8lerins<\/a><\/strong><br \/>\nApprenons \u00e0 conna\u00eetre Luce, mascotte du Jubil\u00e9 2025, un personnage&#8230;<\/p>\n<\/div>\n<p>\u00c0 l\u2019occasion du d\u00e9but de Luce au <strong>Lucca Comics &amp; Games 2024<\/strong>, le plus important festival italien d\u00e9di\u00e9 \u00e0 la bande-dessin\u00e9e et \u00e0 l\u2019illustration, auquel le Dicast\u00e8re du Saint-Si\u00e8ge a particip\u00e9 pour la premi\u00e8re fois, l\u2019archev\u00eaque de Lucca, Paolo Giulietti, a soulign\u00e9 comment le projet <strong>Luce &amp; Friends<\/strong> utilise des symboles significatifs tels que les <strong>v\u00eatements, les b\u00e2tons de p\u00e8lerin et les coquillages<\/strong> afin de transmettre le <strong>message du Jubil\u00e9<\/strong>. La mascotte Luce, expos\u00e9e \u00e0 Lucca et tr\u00e8s appr\u00e9ci\u00e9e sur les r\u00e9seaux sociaux, a d\u00e9montr\u00e9 la capacit\u00e9 de l\u2019\u00c9glise \u00e0 se rapprocher des jeunes en utilisant leurs langages. L\u2019archev\u00eaque a toutefois r\u00e9p\u00e9t\u00e9 que le Jubil\u00e9 ne se limitera pas \u00e0 cela, mais pr\u00e9voira de nombreuses autres initiatives d\u00e9di\u00e9es aux jeunes.<\/p>\n<p>Luce &amp; Friends n\u2019est donc pas simplement un projet qui illustre <a href=\"https:\/\/www.holyart.fr\/jubile-2025-pelerins-desperance\/luce-mascotte-officielle-du-jubile-2025\/luce-mascotte-officielle-du-jubile-2025-peluche-25-cm-tokidoki\"><strong>la petite mascotte du Jubil\u00e9 2025<\/strong><\/a> avec ses compagnons, mais devient un <strong>puissant instrument de communication des valeurs jubilaires<\/strong>. \u00c0 travers ces personnages, le p\u00e8lerinage se transforme en une narration accessible \u00e0 tous, o\u00f9 chaque \u00e9l\u00e9ment raconte l\u2019importance de l\u2019entraide, de la pri\u00e8re et de l\u2019esp\u00e9rance. Le voyage de Luce et de ses amis nous rappelle que le <strong>chemin de la foi<\/strong>, exactement comme un p\u00e8lerinage, n\u2019est jamais un parcours solitaire. C\u2019est une <strong>exp\u00e9rience de communion<\/strong> o\u00f9 chaque pas, chaque rencontre e chaque symbole contribue \u00e0 construire un pont entre le terrestre et le divin, entre la tradition et le renouvellement, entre le pass\u00e9 et le futur de l\u2019\u00c9glise.<\/p>\n<div class=\"link-product\">\n<div class=\"blocco-immagine\"><img loading=\"lazy\" decoding=\"async\" class=\"alignnone size-full wp-image-9916\" src=\"https:\/\/blog.holyart.it\/fr\/wp-content\/uploads\/sites\/14\/2025\/02\/Luce-mascotte-officielle-du-Jubile-2025-peluche-25-cm-Tokidoki-1.jpg\" alt=\"Luce mascotte officielle du Jubil\u00e9 2025 peluche 25 cm Tokidoki \" width=\"100\" height=\"100\" data-kale-share-title=\"Luce &amp; Friends : la mascotte du Jubil\u00e9 et ses amis\" data-kale-share-url=\"https:\/\/blog.holyart.it\/fr\/?p=9908\" \/><\/div>\n<div class=\"blocco-contenuto\">\n<div class=\"blocco-acquista\">Acheter sur Holyart:<\/div>\n<div class=\"blocco-titolo\"><a href=\"https:\/\/www.holyart.fr\/jubile-2025-pelerins-desperance\/luce-mascotte-officielle-du-jubile-2025\/luce-mascotte-officielle-du-jubile-2025-peluche-25-cm-tokidoki\">Luce mascotte officielle du Jubil\u00e9 2025 peluche 25 cm Tokidoki <\/a><\/div>\n<div class=\"blocco-descrizione\">D\u00e9couvrez Luce, la mascotte OFFICIELLE du Jubil\u00e9 2025 P\u00e8lerins d&rsquo;Esp\u00e9rance.<\/div>\n<\/div>\n<\/div>\n<p>Dans le voyage de Luce, chaque <strong>objet<\/strong> raconte une histoire de foi. Le <strong>bourdon<\/strong>, le <a href=\"https:\/\/www.holyart.fr\/blog\/saints-et-bienheureux\/saints-pelerins-8-saints-protecteurs-des-pelerins-et-des-voyageurs\/\"><strong><u>traditionnel b\u00e2ton du p\u00e8lerin<\/u><\/strong><\/a>, symbolise le soutien n\u00e9cessaire pendant le chemin difficile vers son objectif spirituel. Les <strong>chaussures sales<\/strong> vertes racontent l\u2019humilit\u00e9 du voyageur et l\u2019esp\u00e9rance qui le guide \u00e0 chaque pas. Elles renvoient \u00e9galement \u00e0 l\u2019esp\u00e9rance, et au message \u00e9crit justement en vert sur le logo du Jubil\u00e9\u00a0: <a href=\"https:\/\/www.holyart.fr\/blog\/articles-religieux\/la-signification-du-logo-du-jubile-2025-pelerins-desperance\/\"><strong><u>P\u00e8lerins d\u2019Esp\u00e9rance<\/u><\/strong><\/a>. Le <strong>chapelet<\/strong> repr\u00e9sente le dialogue constant avec Dieu \u00e0 travers la pri\u00e8re.<\/p>\n<p>Mais, \u00e0 c\u00f4t\u00e9 de la petite p\u00e8lerine aux cheveux bleus et aux yeux brillants, nous trouvons d\u2019autres personnages significatifs. Apprenons \u00e0 les conna\u00eetre.<\/p>\n<div class=\"link-article\">\n<p><img loading=\"lazy\" decoding=\"async\" class=\"alignnone size-full wp-image-9918\" src=\"https:\/\/blog.holyart.it\/fr\/wp-content\/uploads\/sites\/14\/2025\/02\/La-signification-du-logo-du-Jubile-2025-1.jpg\" alt=\"La signification du logo du Jubil\u00e9 2025\" width=\"150\" height=\"99\" data-kale-share-title=\"Luce &amp; Friends : la mascotte du Jubil\u00e9 et ses amis\" data-kale-share-url=\"https:\/\/blog.holyart.it\/fr\/?p=9908\" \/><\/p>\n<div class=\"leggi-anche\">Lire aussi :<\/div>\n<p><strong><a href=\"https:\/\/www.holyart.fr\/blog\/articles-religieux\/la-signification-du-logo-du-jubile-2025-pelerins-desperance\/\">La signification du logo du Jubil\u00e9 2025 : P\u00e8lerins d\u2019esp\u00e9rance<\/a><\/strong><br \/>\nLe logo du Jubil\u00e9 2025 vient d\u2019\u00eatre pr\u00e9sent\u00e9, choisi parmi presque trois cents propositions. Un symbole d\u2019esp\u00e9rance et de fraternit\u00e9&#8230;<\/p>\n<\/div>\n<h2>Luce et Santino comme Saint Roch et le chien<\/h2>\n<p>Luce, protagoniste de ce chemin jubilaire, ne voyage jamais seule. \u00c0 ses c\u00f4t\u00e9s, nous trouvons <a href=\"https:\/\/www.holyart.fr\/jubile-2025-pelerins-desperance\/luce-mascotte-officielle-du-jubile-2025\/figurines-luce-et-santino-mascotte-jubile-2025-acrylique-tokidoki\"><strong>Santino<\/strong><\/a>, un petit chien blanc aux t\u00e2ches brunes qui rappelle une des figures les plus appr\u00e9ci\u00e9es de la tradition catholique\u00a0: <a href=\"https:\/\/www.holyart.fr\/blog\/saints-et-bienheureux\/saint-roch-et-le-chien-un-lien-arrive-jusqua-nous-directement-du-moyen-age\/\"><strong><u>Saint Roch<\/u><\/strong><\/a>. En effet, Saint Roch est souvent repr\u00e9sent\u00e9 avec un chien \u00e0 ses c\u00f4t\u00e9s pour des raisons li\u00e9es \u00e0 sa vie et \u00e0 ses \u0153uvres de charit\u00e9. L\u2019histoire raconte que, pendant son p\u00e8lerinage pour aider les malades de la peste, Saint Roch contracta lui aussi la maladie et se retira dans une grotte pour n\u2019\u00eatre un fardeau pour personne. En ce moment de solitude, un chien le trouva et commen\u00e7a \u00e0 prendre soin de lui\u00a0: il l\u00e9cha ses blessures et lui apporta tous les jours du pain vol\u00e9 de la table de son ma\u00eetre. Ce geste de fid\u00e9lit\u00e9 et de compassion de la part du chien non seulement sauva Saint Roch de la mort, mais cr\u00e9a \u00e9galement un lien symbolique entre le saint et les animaux. Le chien repr\u00e9sente donc un symbole de soin, compassion et fid\u00e9lit\u00e9, valeurs qui refl\u00e8tent l\u2019\u0153uvre m\u00eame de Saint Roch envers son prochain.<br \/>\nExactement comme le saint p\u00e8lerin \u00e9tait accompagn\u00e9 par son fid\u00e8le chien lors de son voyage de d\u00e9votion, ainsi Luce trouve en Santino un compagnon qui symbolise <strong>l\u2019amiti\u00e9<\/strong>, mais aussi <strong>la fid\u00e9lit\u00e9 et l\u2019assistance divine<\/strong> dans le chemin spirituel.<\/p>\n<div class=\"link-product\">\n<div class=\"blocco-immagine\"><img loading=\"lazy\" decoding=\"async\" class=\"alignnone size-full wp-image-9920\" src=\"https:\/\/blog.holyart.it\/fr\/wp-content\/uploads\/sites\/14\/2025\/02\/Figurines-Luce-et-Santino-mascotte-Jubile-2025-acrylique-Tokidoki.jpg\" alt=\"Figurines Luce et Santino mascotte Jubil\u00e9 2025 acrylique Tokidoki\" width=\"100\" height=\"100\" data-kale-share-title=\"Luce &amp; Friends : la mascotte du Jubil\u00e9 et ses amis\" data-kale-share-url=\"https:\/\/blog.holyart.it\/fr\/?p=9908\" \/><\/div>\n<div class=\"blocco-contenuto\">\n<div class=\"blocco-acquista\">Acheter sur Holyart:<\/div>\n<div class=\"blocco-titolo\"><a href=\"https:\/\/www.holyart.fr\/jubile-2025-pelerins-desperance\/luce-mascotte-officielle-du-jubile-2025\/figurines-luce-et-santino-mascotte-jubile-2025-acrylique-tokidoki\">Figurines Luce et Santino mascotte Jubil\u00e9 2025 acrylique Tokidoki<\/a><\/div>\n<div class=\"blocco-descrizione\">La douce Luce est ici accompagn\u00e9e par le chien Santino et marche le long des sentiers du p\u00e8lerinage.<\/div>\n<\/div>\n<\/div>\n<h2>Fe, Xin et Sky, les compagnons de voyage de Luce<\/h2>\n<p>Les amis p\u00e8lerins <a href=\"https:\/\/www.holyart.fr\/jubile-2025-pelerins-desperance\/luce-mascotte-officielle-du-jubile-2025\/popsocket-luce-and-friends-mascotte-jubile-2025-pour-smartphone-tokidoki\"><strong>Fe, Xin et Sky<\/strong><\/a>, qui affrontent le symbolique p\u00e8lerinage d\u2019esp\u00e9rance \u00e0 travers l\u2019<a href=\"https:\/\/www.holyart.fr\/blog\/articles-religieux\/quest-ce-quest-le-jubile-preparons-nous-a-une-nouvelle-annee-sainte\/\"><strong><u>Ann\u00e9e Sainte <\/u><\/strong><\/a>avec la mascotte du Jubil\u00e9 2025, ont \u00e9t\u00e9 \u00e9tudi\u00e9s pour inclure et repr\u00e9senter <strong>toutes les cultures du monde<\/strong>. Chacun d\u2019entre eux porte un imperm\u00e9able aux couleurs vives, qui rappelle le style <em>kawaii<\/em> voulu par l\u2019artiste, mais ces couleurs ont probablement elles aussi une signification symbolique.<br \/>\nL\u2019imperm\u00e9able de Luce est <strong>jaune<\/strong>, couleur qui rappelle la lumi\u00e8re, dont elle tire son pr\u00e9nom, mais aussi les couleurs du drapeau du Vatican, jaune au m\u00e2t et blanc au battant.<br \/>\n<strong>Xin\u00a0<\/strong>symbolise les <strong>fid\u00e8les asiatiques<\/strong>, avec la <strong>fleur de cerisier<\/strong> sur son b\u00e2ton de p\u00e8lerin. Son <strong>imperm\u00e9able vert<\/strong> pourrait repr\u00e9senter <strong>l\u2019esp\u00e9rance, la pers\u00e9v\u00e9rance et l\u2019\u00e9coute constant<\/strong>. Dans la liturgique chr\u00e9tienne, la couleur verte accompagne le chemin quotidien des pr\u00eatres et des fid\u00e8les, et repr\u00e9sente la confiance dans le parcours spirituel et dans la pr\u00e9sence divine. Le sac en forme d\u2019<strong>ourson<\/strong> transmet une id\u00e9e de tendresse, mais aussi attention et respect vis-\u00e0-vis des animaux.<br \/>\n<strong>Sky<\/strong>\u00a0porte du <strong>bleu<\/strong>, couleur mariale par excellence, et incarne probablement <strong>l\u2019harmonie qui unit les p\u00e8lerins<\/strong> dans leur chemin commun. Son visage rappelle le <strong>continent africain<\/strong> et le personnage transporte avec lui une guitare.<br \/>\n<strong>Fe<\/strong>\u00a0personnifie l\u2019Am\u00e9rique du Sud et porte du <strong>rouge<\/strong>, couleur qui dans la liturgie symbolise la Passion de Christ et le sang vers\u00e9 lors de son martyr et de ceux des saints. Une <strong>Bible<\/strong> sort de sa poche.<\/p>\n<div class=\"link-product\">\n<div class=\"blocco-immagine\"><img loading=\"lazy\" decoding=\"async\" class=\"alignnone size-full wp-image-9922\" src=\"https:\/\/blog.holyart.it\/fr\/wp-content\/uploads\/sites\/14\/2025\/02\/Popsocket-Luce-and-Friends-mascotte-Jubile-2025-pour-smartphone-Tokidoki-1.jpg\" alt=\"Popsocket Luce and Friends mascotte Jubil\u00e9 2025 pour smartphone Tokidoki \" width=\"100\" height=\"100\" data-kale-share-title=\"Luce &amp; Friends : la mascotte du Jubil\u00e9 et ses amis\" data-kale-share-url=\"https:\/\/blog.holyart.it\/fr\/?p=9908\" \/><\/div>\n<div class=\"blocco-contenuto\">\n<div class=\"blocco-acquista\">Acheter sur Holyart:<\/div>\n<div class=\"blocco-titolo\"><a href=\"https:\/\/www.holyart.fr\/jubile-2025-pelerins-desperance\/luce-mascotte-officielle-du-jubile-2025\/popsocket-luce-and-friends-mascotte-jubile-2025-pour-smartphone-tokidoki\">Popsocket Luce and Friends mascotte Jubil\u00e9 2025 pour smartphone Tokidoki <\/a><\/div>\n<div class=\"blocco-descrizione\">Support et poign\u00e9e extensible pour t\u00e9l\u00e9phones portables de Luce and Friends, mascottes officielles du Jubil\u00e9 2025 P\u00e8lerins d&rsquo;Esp\u00e9rance.<\/div>\n<\/div>\n<\/div>\n<h2>Les autres symboles qui accompagnent Luce<\/h2>\n<p>L\u2019Ange\u00a0<strong>Iubi<\/strong>\u00a0et la Colombe\u00a0<strong>Aura<\/strong>\u00a0enrichissent ult\u00e9rieurement la signification spirituelle du voyage de la petite mascotte du Jubil\u00e9 2025. L\u2019Ange repr\u00e9sente la <strong>protection divine<\/strong> dans les moments de difficult\u00e9, avec la petite <strong>ancre<\/strong> brod\u00e9e sur sa casquette, symbole d\u2019<strong>esp\u00e9rance<\/strong>. La <a href=\"https:\/\/www.holyart.fr\/blog\/articles-religieux\/colombe-liconographie-chretienne\/\"><strong><u>Colombe<\/u><\/strong> <\/a>symbolise depuis toujours la pr\u00e9sence constante du <strong>Saint-Esprit<\/strong>. Le rameau d\u2019olivier dans son bec est une r\u00e9f\u00e9rence claire \u00e0 la <strong>paix<\/strong>, dont ce monde a tant besoin.<\/p>\n<div class=\"link-product\">\n<div class=\"blocco-immagine\"><img loading=\"lazy\" decoding=\"async\" class=\"alignnone size-full wp-image-9924\" src=\"https:\/\/blog.holyart.it\/fr\/wp-content\/uploads\/sites\/14\/2025\/02\/Bracelet-Luce-and-Friends-mascotte-officielle-Jubile-2025-breloques.jpg\" alt=\"Bracelet Luce and Friends mascotte officielle Jubil\u00e9 2025 breloques\" width=\"100\" height=\"100\" data-kale-share-title=\"Luce &amp; Friends : la mascotte du Jubil\u00e9 et ses amis\" data-kale-share-url=\"https:\/\/blog.holyart.it\/fr\/?p=9908\" \/><\/div>\n<div class=\"blocco-contenuto\">\n<div class=\"blocco-acquista\">Acheter sur Holyart:<\/div>\n<div class=\"blocco-titolo\"><a href=\"https:\/\/www.holyart.fr\/jubile-2025-pelerins-desperance\/luce-mascotte-officielle-du-jubile-2025\/bracelet-luce-and-friends-mascotte-officielle-jubile-2025-breloques\">Bracelet Luce and Friends mascotte officielle Jubil\u00e9 2025 breloques <\/a><\/div>\n<div class=\"blocco-descrizione\">Ce bracelet a \u00e9t\u00e9 cr\u00e9\u00e9 pour c\u00e9l\u00e9brer le Jubil\u00e9 2025, une ann\u00e9e sp\u00e9ciale pour l&rsquo;\u00c9glise.<\/div>\n<\/div>\n<\/div>\n","protected":false},"excerpt":{"rendered":"<p>Luce, mascotte du Jubil\u00e9 2025, n\u2019entreprend pas son p\u00e8lerinage de foi et d\u2019esp\u00e9rance en solitaire : avec elle il y a plein de petits amis, qui incarnent les valeurs et les r\u00e9solutions de l\u2019Ann\u00e9e Sainte. Au c\u0153ur de l\u2019Ann\u00e9e Sainte 2025, l\u2019\u00c9glise catholique pr\u00e9sente une&hellip;<\/p>\n","protected":false},"author":1,"featured_media":9911,"comment_status":"closed","ping_status":"open","sticky":false,"template":"","format":"standard","meta":{"_acf_changed":false,"footnotes":""},"categories":[13],"tags":[],"class_list":["post-9908","post","type-post","status-publish","format-standard","has-post-thumbnail","hentry","category-jubile-2025"],"acf":[],"yoast_head":"<!-- This site is optimized with the Yoast SEO plugin v26.6 - https:\/\/yoast.com\/wordpress\/plugins\/seo\/ -->\n<title>Luce &amp; Friends : la mascotte du Jubil\u00e9 et ses amis - Holyart.fr Blog<\/title>\n<meta name=\"description\" content=\"Luce, mascotte du Jubil\u00e9 2025, n\u2019entreprend pas son p\u00e8lerinage de foi et d\u2019esp\u00e9rance en solitaire : avec elle il y a plein de petits amis, qui incarnent les valeurs et les r\u00e9solutions de l\u2019Ann\u00e9e Sainte.\" \/>\n<meta name=\"robots\" content=\"index, follow, max-snippet:-1, max-image-preview:large, max-video-preview:-1\" \/>\n<link rel=\"canonical\" href=\"https:\/\/blog.holyart.it\/fr\/jubile-2025\/luce-friends-la-mascotte-du-jubile-et-ses-amis\/\" \/>\n<meta property=\"og:locale\" content=\"fr_FR\" \/>\n<meta property=\"og:type\" content=\"article\" \/>\n<meta property=\"og:title\" content=\"Luce &amp; Friends : la mascotte du Jubil\u00e9 et ses amis - Holyart.fr Blog\" \/>\n<meta property=\"og:description\" content=\"Luce, mascotte du Jubil\u00e9 2025, n\u2019entreprend pas son p\u00e8lerinage de foi et d\u2019esp\u00e9rance en solitaire : avec elle il y a plein de petits amis, qui incarnent les valeurs et les r\u00e9solutions de l\u2019Ann\u00e9e Sainte.\" \/>\n<meta property=\"og:url\" content=\"https:\/\/blog.holyart.it\/fr\/jubile-2025\/luce-friends-la-mascotte-du-jubile-et-ses-amis\/\" \/>\n<meta property=\"og:site_name\" content=\"Holyart.fr Blog\" \/>\n<meta property=\"article:published_time\" content=\"2025-03-07T09:00:14+00:00\" \/>\n<meta property=\"article:modified_time\" content=\"2025-07-18T12:41:04+00:00\" \/>\n<meta property=\"og:image\" content=\"https:\/\/blog.holyart.it\/fr\/wp-content\/uploads\/sites\/14\/2025\/02\/Luce-Friends.jpg\" \/>\n\t<meta property=\"og:image:width\" content=\"1000\" \/>\n\t<meta property=\"og:image:height\" content=\"666\" \/>\n\t<meta property=\"og:image:type\" content=\"image\/jpeg\" \/>\n<meta name=\"author\" content=\"Redazione\" \/>\n<meta name=\"twitter:card\" content=\"summary_large_image\" \/>\n<meta name=\"twitter:label1\" content=\"\u00c9crit par\" \/>\n\t<meta name=\"twitter:data1\" content=\"Redazione\" \/>\n\t<meta name=\"twitter:label2\" content=\"Dur\u00e9e de lecture estim\u00e9e\" \/>\n\t<meta name=\"twitter:data2\" content=\"8 minutes\" \/>\n<script type=\"application\/ld+json\" class=\"yoast-schema-graph\">{\"@context\":\"https:\/\/schema.org\",\"@graph\":[{\"@type\":\"Article\",\"@id\":\"https:\/\/blog.holyart.it\/fr\/jubile-2025\/luce-friends-la-mascotte-du-jubile-et-ses-amis\/#article\",\"isPartOf\":{\"@id\":\"https:\/\/blog.holyart.it\/fr\/jubile-2025\/luce-friends-la-mascotte-du-jubile-et-ses-amis\/\"},\"author\":{\"name\":\"Redazione\",\"@id\":\"https:\/\/blog.holyart.it\/fr\/#\/schema\/person\/0a7b686e5af0f856ec1e390dd0baecda\"},\"headline\":\"Luce &#038; Friends : la mascotte du Jubil\u00e9 et ses amis\",\"datePublished\":\"2025-03-07T09:00:14+00:00\",\"dateModified\":\"2025-07-18T12:41:04+00:00\",\"mainEntityOfPage\":{\"@id\":\"https:\/\/blog.holyart.it\/fr\/jubile-2025\/luce-friends-la-mascotte-du-jubile-et-ses-amis\/\"},\"wordCount\":1305,\"publisher\":{\"@id\":\"https:\/\/blog.holyart.it\/fr\/#organization\"},\"image\":{\"@id\":\"https:\/\/blog.holyart.it\/fr\/jubile-2025\/luce-friends-la-mascotte-du-jubile-et-ses-amis\/#primaryimage\"},\"thumbnailUrl\":\"https:\/\/blog.holyart.it\/fr\/wp-content\/uploads\/sites\/14\/2025\/02\/Luce-Friends.jpg\",\"articleSection\":[\"Jubil\u00e9 2025\"],\"inLanguage\":\"fr-FR\"},{\"@type\":\"WebPage\",\"@id\":\"https:\/\/blog.holyart.it\/fr\/jubile-2025\/luce-friends-la-mascotte-du-jubile-et-ses-amis\/\",\"url\":\"https:\/\/blog.holyart.it\/fr\/jubile-2025\/luce-friends-la-mascotte-du-jubile-et-ses-amis\/\",\"name\":\"Luce & Friends : la mascotte du Jubil\u00e9 et ses amis - Holyart.fr Blog\",\"isPartOf\":{\"@id\":\"https:\/\/blog.holyart.it\/fr\/#website\"},\"primaryImageOfPage\":{\"@id\":\"https:\/\/blog.holyart.it\/fr\/jubile-2025\/luce-friends-la-mascotte-du-jubile-et-ses-amis\/#primaryimage\"},\"image\":{\"@id\":\"https:\/\/blog.holyart.it\/fr\/jubile-2025\/luce-friends-la-mascotte-du-jubile-et-ses-amis\/#primaryimage\"},\"thumbnailUrl\":\"https:\/\/blog.holyart.it\/fr\/wp-content\/uploads\/sites\/14\/2025\/02\/Luce-Friends.jpg\",\"datePublished\":\"2025-03-07T09:00:14+00:00\",\"dateModified\":\"2025-07-18T12:41:04+00:00\",\"description\":\"Luce, mascotte du Jubil\u00e9 2025, n\u2019entreprend pas son p\u00e8lerinage de foi et d\u2019esp\u00e9rance en solitaire : avec elle il y a plein de petits amis, qui incarnent les valeurs et les r\u00e9solutions de l\u2019Ann\u00e9e Sainte.\",\"breadcrumb\":{\"@id\":\"https:\/\/blog.holyart.it\/fr\/jubile-2025\/luce-friends-la-mascotte-du-jubile-et-ses-amis\/#breadcrumb\"},\"inLanguage\":\"fr-FR\",\"potentialAction\":[{\"@type\":\"ReadAction\",\"target\":[\"https:\/\/blog.holyart.it\/fr\/jubile-2025\/luce-friends-la-mascotte-du-jubile-et-ses-amis\/\"]}]},{\"@type\":\"ImageObject\",\"inLanguage\":\"fr-FR\",\"@id\":\"https:\/\/blog.holyart.it\/fr\/jubile-2025\/luce-friends-la-mascotte-du-jubile-et-ses-amis\/#primaryimage\",\"url\":\"https:\/\/blog.holyart.it\/fr\/wp-content\/uploads\/sites\/14\/2025\/02\/Luce-Friends.jpg\",\"contentUrl\":\"https:\/\/blog.holyart.it\/fr\/wp-content\/uploads\/sites\/14\/2025\/02\/Luce-Friends.jpg\",\"width\":1000,\"height\":666,\"caption\":\"Luce & Friends\"},{\"@type\":\"BreadcrumbList\",\"@id\":\"https:\/\/blog.holyart.it\/fr\/jubile-2025\/luce-friends-la-mascotte-du-jubile-et-ses-amis\/#breadcrumb\",\"itemListElement\":[{\"@type\":\"ListItem\",\"position\":1,\"name\":\"Homepage\",\"item\":\"https:\/\/blog.holyart.it\/fr\/\"},{\"@type\":\"ListItem\",\"position\":2,\"name\":\"Jubil\u00e9 2025\",\"item\":\"https:\/\/blog.holyart.it\/fr\/jubile-2025\/\"},{\"@type\":\"ListItem\",\"position\":3,\"name\":\"Luce &#038; Friends : la mascotte du Jubil\u00e9 et ses amis\"}]},{\"@type\":\"WebSite\",\"@id\":\"https:\/\/blog.holyart.it\/fr\/#website\",\"url\":\"https:\/\/blog.holyart.it\/fr\/\",\"name\":\"Holyart.fr Blog\",\"description\":\"Holyblog\",\"publisher\":{\"@id\":\"https:\/\/blog.holyart.it\/fr\/#organization\"},\"potentialAction\":[{\"@type\":\"SearchAction\",\"target\":{\"@type\":\"EntryPoint\",\"urlTemplate\":\"https:\/\/blog.holyart.it\/fr\/?s={search_term_string}\"},\"query-input\":{\"@type\":\"PropertyValueSpecification\",\"valueRequired\":true,\"valueName\":\"search_term_string\"}}],\"inLanguage\":\"fr-FR\"},{\"@type\":\"Organization\",\"@id\":\"https:\/\/blog.holyart.it\/fr\/#organization\",\"name\":\"Holyart.fr Blog\",\"url\":\"https:\/\/blog.holyart.it\/fr\/\",\"logo\":{\"@type\":\"ImageObject\",\"inLanguage\":\"fr-FR\",\"@id\":\"https:\/\/blog.holyart.it\/fr\/#\/schema\/logo\/image\/\",\"url\":\"https:\/\/blog.holyart.it\/fr\/wp-content\/uploads\/sites\/14\/2022\/12\/Holyart_Blog_Logo.jpg\",\"contentUrl\":\"https:\/\/blog.holyart.it\/fr\/wp-content\/uploads\/sites\/14\/2022\/12\/Holyart_Blog_Logo.jpg\",\"width\":300,\"height\":50,\"caption\":\"Holyart.fr Blog\"},\"image\":{\"@id\":\"https:\/\/blog.holyart.it\/fr\/#\/schema\/logo\/image\/\"}},{\"@type\":\"Person\",\"@id\":\"https:\/\/blog.holyart.it\/fr\/#\/schema\/person\/0a7b686e5af0f856ec1e390dd0baecda\",\"name\":\"Redazione\",\"image\":{\"@type\":\"ImageObject\",\"inLanguage\":\"fr-FR\",\"@id\":\"https:\/\/blog.holyart.it\/fr\/#\/schema\/person\/image\/\",\"url\":\"https:\/\/secure.gravatar.com\/avatar\/f477da817f43e50d0af36abecd33e3edf826c68299714bdc1057dff3b113f516?s=96&d=mm&r=g\",\"contentUrl\":\"https:\/\/secure.gravatar.com\/avatar\/f477da817f43e50d0af36abecd33e3edf826c68299714bdc1057dff3b113f516?s=96&d=mm&r=g\",\"caption\":\"Redazione\"},\"url\":\"https:\/\/blog.holyart.it\/fr\/author\/admin\/\"}]}<\/script>\n<!-- \/ Yoast SEO plugin. -->","yoast_head_json":{"title":"Luce & Friends : la mascotte du Jubil\u00e9 et ses amis - Holyart.fr Blog","description":"Luce, mascotte du Jubil\u00e9 2025, n\u2019entreprend pas son p\u00e8lerinage de foi et d\u2019esp\u00e9rance en solitaire : avec elle il y a plein de petits amis, qui incarnent les valeurs et les r\u00e9solutions de l\u2019Ann\u00e9e Sainte.","robots":{"index":"index","follow":"follow","max-snippet":"max-snippet:-1","max-image-preview":"max-image-preview:large","max-video-preview":"max-video-preview:-1"},"canonical":"https:\/\/blog.holyart.it\/fr\/jubile-2025\/luce-friends-la-mascotte-du-jubile-et-ses-amis\/","og_locale":"fr_FR","og_type":"article","og_title":"Luce & Friends : la mascotte du Jubil\u00e9 et ses amis - Holyart.fr Blog","og_description":"Luce, mascotte du Jubil\u00e9 2025, n\u2019entreprend pas son p\u00e8lerinage de foi et d\u2019esp\u00e9rance en solitaire : avec elle il y a plein de petits amis, qui incarnent les valeurs et les r\u00e9solutions de l\u2019Ann\u00e9e Sainte.","og_url":"https:\/\/blog.holyart.it\/fr\/jubile-2025\/luce-friends-la-mascotte-du-jubile-et-ses-amis\/","og_site_name":"Holyart.fr Blog","article_published_time":"2025-03-07T09:00:14+00:00","article_modified_time":"2025-07-18T12:41:04+00:00","og_image":[{"width":1000,"height":666,"url":"https:\/\/blog.holyart.it\/fr\/wp-content\/uploads\/sites\/14\/2025\/02\/Luce-Friends.jpg","type":"image\/jpeg"}],"author":"Redazione","twitter_card":"summary_large_image","twitter_misc":{"\u00c9crit par":"Redazione","Dur\u00e9e de lecture estim\u00e9e":"8 minutes"},"schema":{"@context":"https:\/\/schema.org","@graph":[{"@type":"Article","@id":"https:\/\/blog.holyart.it\/fr\/jubile-2025\/luce-friends-la-mascotte-du-jubile-et-ses-amis\/#article","isPartOf":{"@id":"https:\/\/blog.holyart.it\/fr\/jubile-2025\/luce-friends-la-mascotte-du-jubile-et-ses-amis\/"},"author":{"name":"Redazione","@id":"https:\/\/blog.holyart.it\/fr\/#\/schema\/person\/0a7b686e5af0f856ec1e390dd0baecda"},"headline":"Luce &#038; Friends : la mascotte du Jubil\u00e9 et ses amis","datePublished":"2025-03-07T09:00:14+00:00","dateModified":"2025-07-18T12:41:04+00:00","mainEntityOfPage":{"@id":"https:\/\/blog.holyart.it\/fr\/jubile-2025\/luce-friends-la-mascotte-du-jubile-et-ses-amis\/"},"wordCount":1305,"publisher":{"@id":"https:\/\/blog.holyart.it\/fr\/#organization"},"image":{"@id":"https:\/\/blog.holyart.it\/fr\/jubile-2025\/luce-friends-la-mascotte-du-jubile-et-ses-amis\/#primaryimage"},"thumbnailUrl":"https:\/\/blog.holyart.it\/fr\/wp-content\/uploads\/sites\/14\/2025\/02\/Luce-Friends.jpg","articleSection":["Jubil\u00e9 2025"],"inLanguage":"fr-FR"},{"@type":"WebPage","@id":"https:\/\/blog.holyart.it\/fr\/jubile-2025\/luce-friends-la-mascotte-du-jubile-et-ses-amis\/","url":"https:\/\/blog.holyart.it\/fr\/jubile-2025\/luce-friends-la-mascotte-du-jubile-et-ses-amis\/","name":"Luce & Friends : la mascotte du Jubil\u00e9 et ses amis - Holyart.fr Blog","isPartOf":{"@id":"https:\/\/blog.holyart.it\/fr\/#website"},"primaryImageOfPage":{"@id":"https:\/\/blog.holyart.it\/fr\/jubile-2025\/luce-friends-la-mascotte-du-jubile-et-ses-amis\/#primaryimage"},"image":{"@id":"https:\/\/blog.holyart.it\/fr\/jubile-2025\/luce-friends-la-mascotte-du-jubile-et-ses-amis\/#primaryimage"},"thumbnailUrl":"https:\/\/blog.holyart.it\/fr\/wp-content\/uploads\/sites\/14\/2025\/02\/Luce-Friends.jpg","datePublished":"2025-03-07T09:00:14+00:00","dateModified":"2025-07-18T12:41:04+00:00","description":"Luce, mascotte du Jubil\u00e9 2025, n\u2019entreprend pas son p\u00e8lerinage de foi et d\u2019esp\u00e9rance en solitaire : avec elle il y a plein de petits amis, qui incarnent les valeurs et les r\u00e9solutions de l\u2019Ann\u00e9e Sainte.","breadcrumb":{"@id":"https:\/\/blog.holyart.it\/fr\/jubile-2025\/luce-friends-la-mascotte-du-jubile-et-ses-amis\/#breadcrumb"},"inLanguage":"fr-FR","potentialAction":[{"@type":"ReadAction","target":["https:\/\/blog.holyart.it\/fr\/jubile-2025\/luce-friends-la-mascotte-du-jubile-et-ses-amis\/"]}]},{"@type":"ImageObject","inLanguage":"fr-FR","@id":"https:\/\/blog.holyart.it\/fr\/jubile-2025\/luce-friends-la-mascotte-du-jubile-et-ses-amis\/#primaryimage","url":"https:\/\/blog.holyart.it\/fr\/wp-content\/uploads\/sites\/14\/2025\/02\/Luce-Friends.jpg","contentUrl":"https:\/\/blog.holyart.it\/fr\/wp-content\/uploads\/sites\/14\/2025\/02\/Luce-Friends.jpg","width":1000,"height":666,"caption":"Luce & Friends"},{"@type":"BreadcrumbList","@id":"https:\/\/blog.holyart.it\/fr\/jubile-2025\/luce-friends-la-mascotte-du-jubile-et-ses-amis\/#breadcrumb","itemListElement":[{"@type":"ListItem","position":1,"name":"Homepage","item":"https:\/\/blog.holyart.it\/fr\/"},{"@type":"ListItem","position":2,"name":"Jubil\u00e9 2025","item":"https:\/\/blog.holyart.it\/fr\/jubile-2025\/"},{"@type":"ListItem","position":3,"name":"Luce &#038; Friends : la mascotte du Jubil\u00e9 et ses amis"}]},{"@type":"WebSite","@id":"https:\/\/blog.holyart.it\/fr\/#website","url":"https:\/\/blog.holyart.it\/fr\/","name":"Holyart.fr Blog","description":"Holyblog","publisher":{"@id":"https:\/\/blog.holyart.it\/fr\/#organization"},"potentialAction":[{"@type":"SearchAction","target":{"@type":"EntryPoint","urlTemplate":"https:\/\/blog.holyart.it\/fr\/?s={search_term_string}"},"query-input":{"@type":"PropertyValueSpecification","valueRequired":true,"valueName":"search_term_string"}}],"inLanguage":"fr-FR"},{"@type":"Organization","@id":"https:\/\/blog.holyart.it\/fr\/#organization","name":"Holyart.fr Blog","url":"https:\/\/blog.holyart.it\/fr\/","logo":{"@type":"ImageObject","inLanguage":"fr-FR","@id":"https:\/\/blog.holyart.it\/fr\/#\/schema\/logo\/image\/","url":"https:\/\/blog.holyart.it\/fr\/wp-content\/uploads\/sites\/14\/2022\/12\/Holyart_Blog_Logo.jpg","contentUrl":"https:\/\/blog.holyart.it\/fr\/wp-content\/uploads\/sites\/14\/2022\/12\/Holyart_Blog_Logo.jpg","width":300,"height":50,"caption":"Holyart.fr Blog"},"image":{"@id":"https:\/\/blog.holyart.it\/fr\/#\/schema\/logo\/image\/"}},{"@type":"Person","@id":"https:\/\/blog.holyart.it\/fr\/#\/schema\/person\/0a7b686e5af0f856ec1e390dd0baecda","name":"Redazione","image":{"@type":"ImageObject","inLanguage":"fr-FR","@id":"https:\/\/blog.holyart.it\/fr\/#\/schema\/person\/image\/","url":"https:\/\/secure.gravatar.com\/avatar\/f477da817f43e50d0af36abecd33e3edf826c68299714bdc1057dff3b113f516?s=96&d=mm&r=g","contentUrl":"https:\/\/secure.gravatar.com\/avatar\/f477da817f43e50d0af36abecd33e3edf826c68299714bdc1057dff3b113f516?s=96&d=mm&r=g","caption":"Redazione"},"url":"https:\/\/blog.holyart.it\/fr\/author\/admin\/"}]}},"_links":{"self":[{"href":"https:\/\/blog.holyart.it\/fr\/wp-json\/wp\/v2\/posts\/9908","targetHints":{"allow":["GET"]}}],"collection":[{"href":"https:\/\/blog.holyart.it\/fr\/wp-json\/wp\/v2\/posts"}],"about":[{"href":"https:\/\/blog.holyart.it\/fr\/wp-json\/wp\/v2\/types\/post"}],"author":[{"embeddable":true,"href":"https:\/\/blog.holyart.it\/fr\/wp-json\/wp\/v2\/users\/1"}],"replies":[{"embeddable":true,"href":"https:\/\/blog.holyart.it\/fr\/wp-json\/wp\/v2\/comments?post=9908"}],"version-history":[{"count":10,"href":"https:\/\/blog.holyart.it\/fr\/wp-json\/wp\/v2\/posts\/9908\/revisions"}],"predecessor-version":[{"id":9925,"href":"https:\/\/blog.holyart.it\/fr\/wp-json\/wp\/v2\/posts\/9908\/revisions\/9925"}],"wp:featuredmedia":[{"embeddable":true,"href":"https:\/\/blog.holyart.it\/fr\/wp-json\/wp\/v2\/media\/9911"}],"wp:attachment":[{"href":"https:\/\/blog.holyart.it\/fr\/wp-json\/wp\/v2\/media?parent=9908"}],"wp:term":[{"taxonomy":"category","embeddable":true,"href":"https:\/\/blog.holyart.it\/fr\/wp-json\/wp\/v2\/categories?post=9908"},{"taxonomy":"post_tag","embeddable":true,"href":"https:\/\/blog.holyart.it\/fr\/wp-json\/wp\/v2\/tags?post=9908"}],"curies":[{"name":"wp","href":"https:\/\/api.w.org\/{rel}","templated":true}]}}