{"id":9882,"date":"2025-03-31T10:00:40","date_gmt":"2025-03-31T08:00:40","guid":{"rendered":"https:\/\/blog.holyart.it\/fr\/?p=9882"},"modified":"2025-08-12T17:10:40","modified_gmt":"2025-08-12T15:10:40","slug":"bulle-dindiction-du-jubile-2025-voici-de-quoi-elle-parle","status":"publish","type":"post","link":"https:\/\/blog.holyart.it\/fr\/jubile-2025\/bulle-dindiction-du-jubile-2025-voici-de-quoi-elle-parle\/","title":{"rendered":"Bulle d\u2019indiction du Jubil\u00e9 2025 : voici de quoi elle parle"},"content":{"rendered":"<h4>Le 9 mai 2024, Pape Fran\u00e7ois a lu la bulle d\u2019indiction du Jubil\u00e9 2025, intitul\u00e9e Spes non confundit. Voici ce qu\u2019elle contient et sur quels arguments elle s\u2019attarde.<\/h4>\n\n<p>Le <a href=\"https:\/\/www.holyart.fr\/blog\/articles-religieux\/quest-ce-quest-le-jubile-preparons-nous-a-une-nouvelle-annee-sainte\/\"><strong>Jubil\u00e9 2025<\/strong><\/a> est de plus en plus proche et on essaie de s\u2019y pr\u00e9parer. Avez-vous d\u00e9j\u00e0 regard\u00e9 le <a href=\"https:\/\/www.holyart.fr\/blog\/articles-religieux\/le-calendrier-des-evenements-du-jubile-2025\/\"><strong>Calendrier du Jubil\u00e9<\/strong><\/a>, avec tous les \u00e9v\u00e9nements \u00e0 ne pas manquer qui se tiendront \u00e0 Rome et dans le monde\u00a0? Avez-vous organis\u00e9 un p\u00e8lerinage, peut-\u00eatre le c\u00e9l\u00e8bre <a href=\"https:\/\/www.holyart.fr\/blog\/articles-religieux\/tour-des-sept-eglises-itineraires-de-pelerinage-pour-le-jubile\/\"><strong>Tour des Sept \u00c9glises<\/strong>\u00a0<\/a>? Ou simplement, \u00eates-vous en train de vous pr\u00e9parer avec la <a href=\"https:\/\/www.holyart.fr\/blog\/jubile-2025\/preparons-nous-a-lannee-sainte-avec-la-priere-du-jubile\/\"><strong>Pri\u00e8re sp\u00e9ciale du Jubil\u00e9<\/strong>\u00a0<\/a>? Aujourd\u2019hui, nous allons d\u00e9couvrir quelque chose de plus sur la <strong>Bulle d\u2019indiction du Jubil\u00e9<\/strong>, le document avec lequel Pape Fran\u00e7ois a officiellement ouvert le Jubil\u00e9 de 2025. En effet, le Jubil\u00e9 a \u00e9t\u00e9 annonc\u00e9 par le Saint P\u00e8re avec la lecture de la Bulle pontificale intitul\u00e9e Spes non confundit, le <strong>9 mai 2024<\/strong>, pendant une c\u00e9r\u00e9monie solennelle de remise dans l\u2019atrium de la Basilique Saint-Pierre au Vatican. Le titre de la Bulle signifie \u00ab\u00a0<strong><em>L\u2019esp\u00e9rance ne d\u00e9\u00e7oit pas<\/em><\/strong>\u00a0\u00bb, et le document \u00e9tablit les lignes guide et les intentions spirituelles pour l\u2019Ann\u00e9e Sainte 2025, en rappelant les fid\u00e8les du monde entier \u00e0 vivre une p\u00e9riode de renouvellement et de r\u00e9conciliation.<\/p>\n<div class=\"link-article\">\n<p><img loading=\"lazy\" decoding=\"async\" class=\"size-full wp-image-9886 alignleft\" src=\"https:\/\/blog.holyart.it\/fr\/wp-content\/uploads\/sites\/14\/2025\/02\/Le-calendrier-des-evenements-du-Jubile-2025-1.jpg\" alt=\"calendrier des evenements du jubile 2025\" width=\"150\" height=\"100\" data-kale-share-title=\"Bulle d\u2019indiction du Jubil\u00e9 2025 : voici de quoi elle parle\" data-kale-share-url=\"https:\/\/blog.holyart.it\/fr\/?p=9882\" \/><\/p>\n<div class=\"leggi-anche\">Lire aussi :<\/div>\n<p><strong><a href=\"https:\/\/www.holyart.fr\/blog\/articles-religieux\/le-calendrier-des-evenements-du-jubile-2025\/\">Le calendrier des \u00e9v\u00e9nements du Jubil\u00e9 2025<\/a><\/strong><br \/>\nDouze mois d\u2019\u00e9v\u00e9nements et occasions pour approfondir la foi, vivre la communion fraternelle et marcher ensemble<\/p>\n<\/div>\n<p>Mais qu\u2019est-ce qu\u2019est la Bulle d\u2019Indiction du Jubil\u00e9\u00a0?<br \/>\nPlus en g\u00e9n\u00e9ral, par <strong>Bulle pontificale<\/strong>, ou Bulle papale, on identifie un document officiel du Pape, \u00e9mis de mani\u00e8re \u00e9crite par la Curie romaine et caract\u00e9ris\u00e9 par le sceau du Pontife. C\u2019est justement du sceau m\u00e9tallique, la <em>bulla<\/em>, que le nom du document entier d\u00e9rive.<br \/>\nLa\u00a0<strong>Bulle Pontificale d\u2019Indiction<\/strong>\u00a0est le document officiel \u00e9mis par le Pape <strong>pour annoncer et consacrer le d\u00e9but d\u2019un Jubil\u00e9<\/strong>. La Bulle contient des informations d\u00e9taill\u00e9es <strong>concernant les modalit\u00e9s, les objectifs et les conditions<\/strong> pour vivre pleinement la p\u00e9riode jubilaire et pour obtenir les <a href=\"https:\/\/www.holyart.fr\/blog\/articles-religieux\/indulgence-pleniere-signification-origines-et-comment-lobtenir\/\"><strong><u>indulgences<\/u><\/strong><\/a> pendant le Jubil\u00e9. Le <strong>premier Jubil\u00e9<\/strong> officiel fut proclam\u00e9 par Pape Boniface VIII en 1300 avec la Bulle d\u2019indiction <em>Antiquorum habet<\/em>. Depuis lors, chaque Jubil\u00e9 ordinaire, qui se c\u00e9l\u00e8bre donc tous les 25 ans, et les extraordinaires sont annonc\u00e9s avec une Bulle. Ce document ne communique pas simplement la date de d\u00e9but et de fin du Jubil\u00e9, mais invite \u00e9galement les fid\u00e8les \u00e0 la p\u00e9nitence, \u00e0 la pri\u00e8re et \u00e0 la charit\u00e9. La Bulle papale est identifi\u00e9e par des premiers mots.<\/p>\n<div class=\"link-article\">\n<p><img loading=\"lazy\" decoding=\"async\" class=\"size-full wp-image-9888 alignleft\" src=\"https:\/\/blog.holyart.it\/fr\/wp-content\/uploads\/sites\/14\/2025\/02\/Indulgence-1-1.jpeg\" alt=\"indulgence\" width=\"150\" height=\"100\" data-kale-share-title=\"Bulle d\u2019indiction du Jubil\u00e9 2025 : voici de quoi elle parle\" data-kale-share-url=\"https:\/\/blog.holyart.it\/fr\/?p=9882\" \/><\/p>\n<div class=\"leggi-anche\">Lire aussi :<\/div>\n<p><strong><a href=\"https:\/\/www.holyart.fr\/blog\/articles-religieux\/indulgence-pleniere-signification-origines-et-comment-lobtenir\/\">Indulgence pl\u00e9ni\u00e8re : signification, origines et comment l\u2019obtenir<\/a><\/strong><br \/>\nQu\u2019est-ce que c\u2019est et pourquoi Pape Fran\u00e7ois l\u2019a conc\u00e9d\u00e9e \u00e0 qui participe \u00e0 l\u2019Ann\u00e9e de Saint Joseph?<\/p>\n<\/div>\n<h2>Les temps du Jubil\u00e9<\/h2>\n<p>Le Jubil\u00e9 Ordinaire de 2025 d\u00e9butera le <strong>24 d\u00e9cembre 2024<\/strong> avec l\u2019ouverture de la <a href=\"https:\/\/www.holyart.fr\/blog\/articles-religieux\/porte-sainte-quest-ce-que-cest-et-que-represente-son-ouverture\/\"><strong><u>Porte Sainte de la Basilique Saint-Pierre<\/u><\/strong><\/a>. Les autres Portes Saintes, \u00e0 Saint-Jean-de-Latran, Sainte-Marie-Majeure et Saint-Paul-hors-les-Murs, seront ouvertes dans les semaines qui suivront et ferm\u00e9es end\u00e9ans le <strong>28 d\u00e9cembre 2025.<br \/>\n<\/strong>Le 29 d\u00e9cembre 2024, dans toutes les cath\u00e9drales et les co-cath\u00e9drales, les \u00c9v\u00eaques dioc\u00e9sains c\u00e9l\u00e9breront la <strong>solennelle ouverture de l\u2019Ann\u00e9e jubilaire<\/strong>. Le p\u00e8lerinage d\u2019une \u00e9glise \u00e0 la cath\u00e9drale repr\u00e9sentera le chemin d\u2019esp\u00e9rance des croyants et leur donnera la possibilit\u00e9 de jouir de l\u2019Indulgence Jubilaire.<br \/>\nLe Jubil\u00e9 Ordinaire se terminera avec la <strong>fermeture de la Porte Sainte de la Basilique Saint-Pierre le 6 janvier 2026<\/strong>, \u00c9piphanie du Seigneur. L\u2019\u00c9glise, avec ce Jubil\u00e9, esp\u00e8re diffuser la lumi\u00e8re de l\u2019esp\u00e9rance chr\u00e9tienne et t\u00e9moigner l\u2019amour de Dieu dans le monde entier. Le nouveau Jubil\u00e9 offrira l\u2019exp\u00e9rience vivante de l\u2019amour de Dieu, l\u2019esp\u00e9rance certaine du salut en Christ. Cette Ann\u00e9e Sainte marque le chemin vers 2033, quand on c\u00e9l\u00e9brera les deux milles ans de la R\u00e9demption de Christ.<\/p>\n<div class=\"link-article\">\n<p><img loading=\"lazy\" decoding=\"async\" class=\"size-full wp-image-9890 alignleft\" src=\"https:\/\/blog.holyart.it\/fr\/wp-content\/uploads\/sites\/14\/2025\/02\/porte-sainte.jpeg\" alt=\"porte sainte saint pierre\" width=\"143\" height=\"100\" data-kale-share-title=\"Bulle d\u2019indiction du Jubil\u00e9 2025 : voici de quoi elle parle\" data-kale-share-url=\"https:\/\/blog.holyart.it\/fr\/?p=9882\" \/><\/p>\n<div class=\"leggi-anche\">Lire aussi :<\/div>\n<p><strong><a href=\"https:\/\/www.holyart.fr\/blog\/articles-religieux\/porte-sainte-quest-ce-que-cest-et-que-represente-son-ouverture\/\">Porte Sainte : qu\u2019est-ce que c\u2019est et que repr\u00e9sente son ouverture<\/a><\/strong><br \/>\nLe signe du d\u00e9but du Jubil\u00e9, mais \u00e9galement un symbole spirituel de grande suggestion.<\/p>\n<\/div>\n<h2>L\u2019esp\u00e9rance ne d\u00e9\u00e7oit pas<\/h2>\n<p><em>\u00ab\u00a0Or, l\u2019esp\u00e9rance ne trompe point, parce que l\u2019amour de Dieu est r\u00e9pandu dans nos c\u0153urs par le Saint-Esprit qui nous a \u00e9t\u00e9 donn\u00e9.\u00a0\u00bb <\/em>(Romains 5,5)<\/p>\n<p>Avec ces mots, l\u2019<a href=\"https:\/\/www.holyart.fr\/blog\/saints-et-bienheureux\/saint-paul-de-tarse-histoire-dun-missionnaire\/\"><strong><u>Ap\u00f4tre Paul <\/u><\/strong><\/a>infuse du courage dans la communaut\u00e9 chr\u00e9tienne de Rome et l\u2019<strong>esp\u00e9rance<\/strong> devient le <strong>message central du prochain Jubil\u00e9<\/strong>, comme r\u00e9cite le slogan \u00e9crit sous le <a href=\"https:\/\/www.holyart.fr\/blog\/articles-religieux\/la-signification-du-logo-du-jubile-2025-pelerins-desperance\/\"><strong>logo officiel<\/strong><\/a> : <strong><em>P\u00e8lerins d\u2019Esp\u00e9rance<\/em><\/strong>. Ainsi Pape Fran\u00e7ois a voulu s\u2019adresser \u00e0 tous les p\u00e8lerins qui prendront part au Jubil\u00e9 2025, non seulement \u00e0 ceux qui arriveront \u00e0 Rome, mais aussi \u00e0 tous ceux qui c\u00e9l\u00e9breront l\u2019Ann\u00e9e Sainte dans leurs \u00c9glises locales et surtout dans leurs c\u0153urs. Cela parce que tout le monde esp\u00e8re\u00a0: <strong>l\u2019esp\u00e9rance est un sentiment universel <\/strong>qui r\u00e9side dans le c\u0153ur de chaque personne comme d\u00e9sir et attente du bien, malgr\u00e9 l\u2019incertitude du futur. Beaucoup, en effet, affrontent le futur avec scepticisme et pessimisme, comme si rien ne pouvait leur offrir du bonheur. Voici donc que la Bulle d\u2019Indiction du Jubil\u00e9 contient d\u00e9j\u00e0 en soi le message fondamental de cette Ann\u00e9e Sainte qui va bient\u00f4t d\u00e9buter, un message d\u2019espoir, une invitation \u00e0 trouver dans la foi <strong>la confiance et l\u2019optimisme <\/strong>n\u00e9cessaires pour affronter le futur.<\/p>\n<div class=\"link-article\">\n<p><img loading=\"lazy\" decoding=\"async\" class=\"size-full wp-image-9892 alignleft\" src=\"https:\/\/blog.holyart.it\/fr\/wp-content\/uploads\/sites\/14\/2025\/02\/La-signification-du-logo-du-Jubile-2025-Pelerins-desperance.jpg\" alt=\"logo du jubile 2025 signification\" width=\"150\" height=\"100\" data-kale-share-title=\"Bulle d\u2019indiction du Jubil\u00e9 2025 : voici de quoi elle parle\" data-kale-share-url=\"https:\/\/blog.holyart.it\/fr\/?p=9882\" \/><\/p>\n<div class=\"leggi-anche\">Lire aussi :<\/div>\n<p><strong><a href=\"https:\/\/www.holyart.fr\/blog\/articles-religieux\/la-signification-du-logo-du-jubile-2025-pelerins-desperance\/\">La signification du logo du Jubil\u00e9 2025 : P\u00e8lerins d\u2019esp\u00e9rance<\/a><\/strong><br \/>\nUn symbole d\u2019esp\u00e9rance et de fraternit\u00e9 qui nous guidera dans le p\u00e8lerinage de foi de l\u2019Ann\u00e9e Sainte.<\/p>\n<\/div>\n<p>L\u2019image de l\u2019ancre utilis\u00e9e dans le <strong>Logo du Jubil\u00e9 2025<\/strong> repr\u00e9sente la stabilit\u00e9 et la s\u00e9curit\u00e9 de l\u2019esp\u00e9rance chr\u00e9tienne. Le prochain Jubil\u00e9 sera une Ann\u00e9e Sainte caract\u00e9ris\u00e9e par l\u2019<strong>espoir en Dieu<\/strong>, exprim\u00e9 avec la <strong>confiance dans l\u2019\u00c9glise et dans la soci\u00e9t\u00e9<\/strong>. Le <strong>t\u00e9moignage croyant<\/strong> doit \u00eatre levure d\u2019esp\u00e9rance dans le monde, en attendant le retour du Seigneur J\u00e9sus-Christ.<br \/>\n<strong>J\u00e9sus mort et ressuscit\u00e9<\/strong>\u00a0est le noyau de la foi et de l\u2019esp\u00e9rance chr\u00e9tienne. Saint Paul d\u00e9crit ce concept en quelques mots : Christ est mort pour nos p\u00e9ch\u00e9s, a \u00e9t\u00e9 enterr\u00e9, est ressuscit\u00e9 et est apparu \u00e0 ses disciples. Cet \u00e9v\u00e9nement offre la <strong>certitude de la transformation de la vie<\/strong> gr\u00e2ce \u00e0 Christ.<br \/>\nLes <a href=\"https:\/\/www.holyart.fr\/blog\/articles-religieux\/saints-martyrs-sacrifier-sa-vie-au-nom-de-dieu\/\"><strong><u>martyrs chr\u00e9tiens<\/u><\/strong><\/a> de toutes les \u00e9poques t\u00e9moignent l\u2019esp\u00e9rance \u00e0 travers leur sacrifice. Ils repr\u00e9sentent l\u2019unicit\u00e9 \u0153cum\u00e9nique du sang et leur exemple <strong>inspire les croyants \u00e0 maintenir vive l\u2019esp\u00e9rance<\/strong>.<br \/>\nLe <strong>jugement de Dieu, bas\u00e9 sur l\u2019amour et sur la mis\u00e9ricorde<\/strong>, ne doit pas nous inspirer de la peur, mais de l\u2019esp\u00e9rance. Ce jugement vise au salut et \u00e0 la purification n\u00e9cessaire pour la rencontre d\u00e9finitive avec Dieu. La pri\u00e8re pour les d\u00e9funts et l\u2019indulgence jubilaire sont des expressions de cet espoir de mis\u00e9ricorde.<br \/>\n<strong>Marie, M\u00e8re de Dieu, est le plus haut exemple d\u2019esp\u00e9rance. <\/strong>M\u00eame dans les moments de souffrance, comme aux pieds de la croix, elle a gard\u00e9 sa confiance en Dieu. Les <a href=\"https:\/\/www.holyart.fr\/blog\/articles-religieux\/les-10-plus-importantes-apparitions-mariales-dans-le-monde\/\"><strong><u>sanctuaires mariaux<\/u><\/strong><\/a> dans le monde continuent d\u2019\u00eatre des lieux d\u2019accueil et g\u00e9n\u00e9rateurs d\u2019esp\u00e9rance pour les p\u00e8lerins.<\/p>\n<div class=\"link-article\">\n<p><img loading=\"lazy\" decoding=\"async\" class=\"size-full wp-image-9894 alignleft\" src=\"https:\/\/blog.holyart.it\/fr\/wp-content\/uploads\/sites\/14\/2025\/02\/saints-martyrs.jpg\" alt=\"saints martyrs\" width=\"150\" height=\"100\" data-kale-share-title=\"Bulle d\u2019indiction du Jubil\u00e9 2025 : voici de quoi elle parle\" data-kale-share-url=\"https:\/\/blog.holyart.it\/fr\/?p=9882\" \/><\/p>\n<div class=\"leggi-anche\">Lire aussi :<\/div>\n<p><strong><a href=\"https:\/\/www.holyart.fr\/blog\/articles-religieux\/saints-martyrs-sacrifier-sa-vie-au-nom-de-dieu\/\">Saints Martyrs : sacrifier sa vie au nom de Dieu<\/a><\/strong><br \/>\nHommes et femmes, souvent tr\u00e8s jeunes, qui ont sacrifi\u00e9 leur vie pour amour de Dieu<\/p>\n<\/div>\n<h2>Justifi\u00e9s par la foi et en paix avec Dieu<\/h2>\n<p><em>\u201c\u00c9tant donc justifi\u00e9s par la foi, nous avons la paix avec Dieu par notre Seigneur J\u00e9sus-Christ, \u00e0 qui nous devons d\u2019avoir eu par la foi acc\u00e8s \u00e0 cette gr\u00e2ce, dans laquelle nous demeurons fermes, et nous nous glorifions <strong>dans l\u2019esp\u00e9rance de la gloire de Dieu<\/strong>. [\u2026] Or, <strong>l\u2019esp\u00e9rance ne trompe point<\/strong>, parce que l\u2019amour de Dieu est r\u00e9pandu dans nos c\u0153urs par le Saint-Esprit qui nous a \u00e9t\u00e9 donn\u00e9\u00a0\u00bb <\/em>(Romains 5, 1-2.5)<\/p>\n<p>Ainsi Saint Paul poursuit sa Lettre aux <strong>chr\u00e9tiens de Rome<\/strong>, auxquels il s\u2019adresse pour la premi\u00e8re fois, apr\u00e8s avoir accompli son \u0153uvre d\u2019\u00e9vang\u00e9lisation en Orient. La <strong><em>Lettre aux Romains<\/em><\/strong> repr\u00e9sente un v\u00e9ritable message universel d\u2019esp\u00e9rance, l\u2019esp\u00e9rance de Paul d\u2019amener l\u2019\u00c9vangile \u00e0 Rome et l\u2019esp\u00e9rance de chaque chr\u00e9tien, fond\u00e9e sur l\u2019amour de Dieu qui a \u00e9t\u00e9 revers\u00e9 dans nos c\u0153urs par le Saint-Esprit, et qui, pour cela, <strong>ne d\u00e9\u00e7oit jamais<\/strong>, mais reste un <strong>guide s\u00fbr pour tous les fid\u00e8les<\/strong> dans leur chemin de foi. Nous tous, en tant que disciples de Christ, nous sommes <strong>justifi\u00e9s et en paix avec Dieu<\/strong>, et cet \u00e9tat de gr\u00e2ce nous permet d\u2019\u00eatre <strong>fermes dans l\u2019esp\u00e9rance<\/strong>. L\u2019esp\u00e9rance chr\u00e9tienne est enracin\u00e9e dans la <strong>foi dans la vie \u00e9ternelle<\/strong>. En Christ ressuscit\u00e9, l\u2019histoire humaine ne finit pas dans un angle mort, mais est orient\u00e9e vers la rencontre avec le Seigneur. J\u00e9sus mort et ressuscit\u00e9 est le <strong>noyau de la foi et de l\u2019esp\u00e9rance chr\u00e9tienne<\/strong>. Saint Paul d\u00e9crit ce concept en quelques mots\u00a0: Christ est mort pour nos p\u00e9ch\u00e9s, a \u00e9t\u00e9 enterr\u00e9, est ressuscit\u00e9 et est apparu aux disciples. Cet \u00e9v\u00e9nement offre la certitude de la transformation de la vie gr\u00e2ce \u00e0 Christ.<\/p>\n<h2>L\u2019importance du Saint-Esprit<\/h2>\n<p><em>\u00ab\u00a0Car si, lorsque nous \u00e9tions ennemis, nous avons \u00e9t\u00e9 r\u00e9concili\u00e9s avec Dieu <strong>par la mort de son Fils<\/strong>, \u00e0 plus forte raison, \u00e9tant r\u00e9concili\u00e9s, serons-nous sauv\u00e9s par sa vie\u00a0\u00bb <\/em>(Romains 5,10). La vie de chaque chr\u00e9tien est li\u00e9e \u00e0 Christ d\u00e8s le <a href=\"https:\/\/www.holyart.fr\/occasions-speciales\/bapteme\"><strong>Bapt\u00eame<\/strong><\/a>, qui marque le principe de sa vie de foi et c\u2019est <a href=\"https:\/\/www.holyart.fr\/blog\/articles-religieux\/les-7-dons-du-saint-esprit-quels-sont-ils-et-leur-signification\/\"><strong><u>l\u2019action du Saint-Esprit<\/u><\/strong><\/a> qui renouvelle et rend in\u00e9branlable l\u2019esp\u00e9rance dans le salut que J\u00e9sus repr\u00e9sente. Le Saint-Esprit maintient allum\u00e9e cette flamme in\u00e9puisable, en nous donnant force, courage, en toutes circonstances de notre vie, en maintenant vive en nous la conscience et l\u2019esp\u00e9rance chr\u00e9tienne que <strong>rien ni personne ne pourra jamais nous s\u00e9parer de l\u2019amour divin<\/strong>, m\u00eame pas les pires tribulations. Gr\u00e2ce \u00e0 cette esp\u00e9rance qui ne d\u00e9faille pas face aux difficult\u00e9s et est constamment <strong>aliment\u00e9e par la foi et par la charit\u00e9<\/strong>, le chr\u00e9tien poursuit en faisant des trois vertus th\u00e9ologales \u2013 <a href=\"https:\/\/www.holyart.fr\/blog\/articles-religieux\/foi-esperance-et-charite-vertus-theologales\/\"><strong><u>Foi, Esp\u00e9rance et Charit\u00e9<\/u><\/strong><\/a>, justement \u2013 le moteur de son existence. L\u2019ap\u00f4tre Pau invite \u00e0 \u00eatre \u00ab\u00a0<em>R\u00e9jouissez-vous en esp\u00e9rance. Soyez patients dans l\u2019affliction. Pers\u00e9v\u00e9rez dans la pri\u00e8re<\/em>\u00a0\u00bb pour t\u00e9moigner la foi et l\u2019amour de mani\u00e8re cr\u00e9dible.<\/p>\n<div class=\"link-article\">\n<p><img loading=\"lazy\" decoding=\"async\" class=\"size-full wp-image-9897 alignleft\" src=\"https:\/\/blog.holyart.it\/fr\/wp-content\/uploads\/sites\/14\/2025\/02\/Les-7-dons-du-Saint-Esprit-quels-sont-ils-et-leur-signification.jpg\" alt=\"les 7 dons du saint esprit\" width=\"150\" height=\"100\" data-kale-share-title=\"Bulle d\u2019indiction du Jubil\u00e9 2025 : voici de quoi elle parle\" data-kale-share-url=\"https:\/\/blog.holyart.it\/fr\/?p=9882\" \/><\/p>\n<div class=\"leggi-anche\">Lire aussi :<\/div>\n<p><strong><a href=\"https:\/\/www.holyart.fr\/blog\/articles-religieux\/les-7-dons-du-saint-esprit-quels-sont-ils-et-leur-signification\/\">Les 7 dons du Saint-Esprit : quels sont-ils et leur signification<\/a><\/strong><br \/>\nIls rendent l\u2019homme docile \u00e0 suivre les inspirations divines et d\u00e9finissent son rapport avec Dieu.<\/p>\n<\/div>\n<h2>La patience et le retour \u00e0 la Nature<\/h2>\n<p><em>\u00ab\u00a0Nous nous glorifions m\u00eame des afflictions, sachant que <strong>l\u2019affliction produit la patience<\/strong>, la patience la victoire dans l\u2019\u00e9preuve, et cette victoire l\u2019esp\u00e9rance.\u00a0\u00bb <\/em>(Romains 5, 3-4)<\/p>\n<p>Saint Paul reconnait que la vie r\u00e9serve \u00e0 tout le monde joies et douleurs, que l\u2019amour est mis \u00e0 rude \u00e9preuve dans les difficult\u00e9s et que la souffrance d\u00e9molit l\u2019esp\u00e9rance, mais rappelle aux chr\u00e9tiens de Rome que, justement, face aux tribulations, le chr\u00e9tien peut recourir \u00e0 une arme puissante\u00a0: la <strong>patience<\/strong>. La patience est une vertu rare, surtout dans le monde moderne, o\u00f9 tout va trop vite et o\u00f9, de plus en plus souvent, la pr\u00e9cipitation et les rythmes fr\u00e9n\u00e9tiques causent impatience, nervosit\u00e9 et insatisfaction, mais c\u2019est justement en la cultivant et en retrouvant notre <strong>lien profond avec la nature<\/strong>, avec ses rythmes et avec la succession des saisons, que nous pouvons trouver la paix. Pape Fran\u00e7ois, dans la Bulle de l\u2019Indiction, cite \u00e9galement <strong>Saint Fran\u00e7ois<\/strong>, qui dans son <a href=\"https:\/\/www.holyart.fr\/blog\/saints-et-bienheureux\/le-cantique-des-creatures-de-saint-francois\/\"><strong><u>Cantique des cr\u00e9atures<\/u><\/strong><\/a> a invoqu\u00e9 une fraternit\u00e9 entre toutes les cr\u00e9atures de la cr\u00e9ation.<\/p>\n<p>Saint Paul insiste sur la patience afin de souligner <strong>la pers\u00e9v\u00e9rance et la confiance dans les promesses de Dieu<\/strong>. Dieu en personne est patient avec nous, comme \u00ab\u00a0<em>le Dieu de la pers\u00e9v\u00e9rance et de la consolation<\/em>\u00a0\u00bb (Romain 15,5). La patience, don du Saint-Esprit, maintient vivante et renforce l\u2019esp\u00e9rance en tant que vertu et style de vie.<br \/>\nPape Fran\u00e7ois nous invite \u00e0 apprendre \u00e0 <strong>demander souvent la gr\u00e2ce de la patience<\/strong>, qui nait de l\u2019esp\u00e9rance et la soutient. Red\u00e9couvrir la patience est b\u00e9n\u00e9fique pour nous et pour les autres, nous aidant \u00e0 vivre avec plus de s\u00e9r\u00e9nit\u00e9 et de confiance dans les promesses de Dieu.<\/p>\n<div class=\"link-article\">\n<p><img loading=\"lazy\" decoding=\"async\" class=\"size-full wp-image-9900 alignleft\" src=\"https:\/\/blog.holyart.it\/fr\/wp-content\/uploads\/sites\/14\/2025\/02\/Saint-francois.jpg\" alt=\"saint francois\" width=\"150\" height=\"100\" data-kale-share-title=\"Bulle d\u2019indiction du Jubil\u00e9 2025 : voici de quoi elle parle\" data-kale-share-url=\"https:\/\/blog.holyart.it\/fr\/?p=9882\" \/><\/p>\n<div class=\"leggi-anche\">Lire aussi :<\/div>\n<p><strong><a href=\"https:\/\/www.holyart.fr\/blog\/saints-et-bienheureux\/le-cantique-des-creatures-de-saint-francois\/\">Le cantique des cr\u00e9atures de Saint Fran\u00e7ois<\/a><\/strong><br \/>\nL&rsquo;un des saints les plus aim\u00e9s et les plus v\u00e9n\u00e9r\u00e9s de l\u2019\u00c9glise catholique, proche des pauvres, fr\u00e8re des derniers<\/p>\n<\/div>\n<h2>Le Jubil\u00e9 comme chemin chr\u00e9tien : l\u2019importance du p\u00e8lerinage<\/h2>\n<p>Saint Paul met en \u00e9vidence comment l\u2019esp\u00e9rance et la patience sont fondamentaux dans le chemin chr\u00e9tien. La vie est un parcours qui demande des moments forts pour nourrir l\u2019esp\u00e9rance, indispensable compagne vers la rencontre avec J\u00e9sus. Dans cette optique, m\u00eame le <strong>p\u00e8lerinage<\/strong> se reconfirme comme central dans les \u00e9v\u00e9nements jubilaires, <strong>symbole de la recherche du sens de la vie<\/strong>. Le chemin favorise la red\u00e9couverte du silence, de la fatigue et de l\u2019essentialit\u00e9. Les <a href=\"https:\/\/www.holyart.fr\/jubile-2025-pelerins-desperance\/kit-du-pelerin-et-gadgets-du-jubile-2025\/sac-a-dos-du-pelerin-kit-complet-jubile-2025\"><strong>p\u00e8lerins d\u2019esp\u00e9rance<\/strong><\/a> parcourront des rues anciennes et modernes afin de vivre l\u2019exp\u00e9rience jubilaire, en visitant des itin\u00e9raires de foi \u00e0 Rome et au-del\u00e0, en d\u00e9passant des limites et en d\u00e9couvrant diff\u00e9rentes cultures. En particulier, <a href=\"https:\/\/www.holyart.fr\/blog\/articles-religieux\/eglises-jubilaires-lieux-de-pelerinages-incontournables-pendant-le-jubile\/\"><strong><u>les \u00e9glises jubilaires \u00e0 Rome<\/u><\/strong><\/a> s\u2019ouvriront pendant le Jubil\u00e9 comme un oasis de spiritualit\u00e9, o\u00f9 les p\u00e8lerins pourront trouver du soulagement pour l\u2019\u00e2me et se rapprocher du Sacrement de la R\u00e9conciliation, point de d\u00e9part pour un r\u00e9el chemin de conversion. La pr\u00e9paration des pr\u00eatres et des fid\u00e8les aux Confessions sera soign\u00e9e avec une attention particuli\u00e8re.<\/p>\n<div class=\"link-product\">\n<div class=\"blocco-immagine\"><img loading=\"lazy\" decoding=\"async\" class=\"size-full wp-image-9902 alignleft\" src=\"https:\/\/blog.holyart.it\/fr\/wp-content\/uploads\/sites\/14\/2025\/02\/sac-a-dos-du-pelerin-kit-complet-jubile-2025.jpg\" alt=\"kit du pelerin\" width=\"100\" height=\"100\" data-kale-share-title=\"Bulle d\u2019indiction du Jubil\u00e9 2025 : voici de quoi elle parle\" data-kale-share-url=\"https:\/\/blog.holyart.it\/fr\/?p=9882\" \/><\/div>\n<div class=\"blocco-contenuto\">\n<div class=\"blocco-acquista\">Acheter sur Holyart:<\/div>\n<div class=\"blocco-titolo\"><a href=\"https:\/\/www.holyart.fr\/jubile-2025-pelerins-desperance\/kit-du-pelerin-et-gadgets-du-jubile-2025\/sac-a-dos-du-pelerin-kit-complet-jubile-2025\">Sac \u00e0 dos du p\u00e8lerin kit complet Jubil\u00e9 2025<\/a><\/div>\n<div class=\"blocco-descrizione\">Capacit\u00e9 de 28 litres et est produit en tissu rPET<\/div>\n<\/div>\n<\/div>\n<h2>Signes d\u2019Esp\u00e9rance<\/h2>\n<p>Mais trouver l\u2019esp\u00e9rance en soi n\u2019est pas suffisant. L\u2019\u00c9glise est appel\u00e9e \u00e0 <strong>interpr\u00e9ter les signes des temps \u00e0 la lumi\u00e8re de l\u2019\u00c9vangile<\/strong>, en reconnaissant le bien pr\u00e9sent dans le monde et en <strong>transformant ces signes en signes d\u2019esp\u00e9rance<\/strong>. Le <a href=\"https:\/\/www.holyart.fr\/jubile-2025-pelerins-desperance\"><strong>Jubil\u00e9<\/strong><\/a> est une occasion pour tous d\u2019\u00eatre signes tangibles d\u2019esp\u00e9rance, en r\u00e9pondant avec amour et avec concr\u00e9tisation aux <strong>besoins des plus vuln\u00e9rables<\/strong> et en construisant un futur meilleur pour tous. Mais quels sont ces signes\u00a0? Ils sont nombreux et diff\u00e9rents, parce que le monde dans lequel nous vivons n\u2019est pas facile et nous soumet \u00e0 des \u00e9preuves terribles, chaque jour.<br \/>\nLa <strong>paix<\/strong> doit \u00eatre le premier signe d\u2019esp\u00e9rance. L\u2019humanit\u00e9, en ignorant les drames pass\u00e9s, continue de souffrir pour la violence. Le Jubil\u00e9 invite \u00e0 des projets concrets pour la paix et \u00e0 un engagement diplomatique courageux et cr\u00e9atif.<br \/>\nL\u2019esp\u00e9rance demande \u00e9galement une vision enthousiaste du futur, et le futur a besoin de nouvelles vies pour pouvoir exister. Promouvoir <strong>la maternit\u00e9 et la paternit\u00e9<\/strong> responsables est essentiel. La communaut\u00e9 chr\u00e9tienne doit soutenir une alliance sociale pour l\u2019esp\u00e9rance, en encourageant la naissance de nouveaux enfants m\u00eame contre les facteurs sociaux qui en d\u00e9terminent la diminution.<\/p>\n<div class=\"link-product\">\n<div class=\"blocco-immagine\"><img loading=\"lazy\" decoding=\"async\" class=\"size-full wp-image-9904 alignleft\" src=\"https:\/\/blog.holyart.it\/fr\/wp-content\/uploads\/sites\/14\/2025\/02\/luce-mascotte-officielle-du-jubile-2025-peluche-25-cm-tokidoki.jpg\" alt=\"jubil\u00e9 2025\" width=\"100\" height=\"100\" data-kale-share-title=\"Bulle d\u2019indiction du Jubil\u00e9 2025 : voici de quoi elle parle\" data-kale-share-url=\"https:\/\/blog.holyart.it\/fr\/?p=9882\" \/><\/div>\n<div class=\"blocco-contenuto\">\n<div class=\"blocco-acquista\">Acheter sur Holyart:<\/div>\n<div class=\"blocco-titolo\"><a href=\"https:\/\/www.holyart.fr\/jubile-2025-pelerins-desperance\">Jubil\u00e9 2025 P\u00e8lerins d&rsquo;esp\u00e9rance<\/a><\/div>\n<div class=\"blocco-descrizione\">Articles pour c\u00e9l\u00e9brer le prochain Jubil\u00e9, consacr\u00e9s aux th\u00e8mes du p\u00e8lerinage, paix et esp\u00e9rance.<\/div>\n<\/div>\n<\/div>\n<p>De plus, le Jubil\u00e9 invite \u00e0 des initiatives qui redonnent de l\u2019<strong>esp\u00e9rance aux d\u00e9tenus<\/strong>, en proposant des formes d\u2019amnistie et des parcours de r\u00e9insertion. L\u2019\u00c9glise demande dignit\u00e9 et respect des droits humains, y compris l\u2019abolition de la peine de mort.<br \/>\nLes <strong>malades<\/strong>, chez eux ou \u00e0 l\u2019h\u00f4pital, doivent trouver du soulagement dans la proximit\u00e9 des personnes et dans les \u0153uvres de mis\u00e9ricorde, qui r\u00e9veillent esp\u00e9rance et gratitude. Une cure inclusive et solidaire pour qui souffre d\u2019un handicap ou de maladies chroniques est n\u00e9cessaire.<br \/>\nLes <strong>jeunes<\/strong>, souvent d\u00e9\u00e7us par les incertitudes du futur, doivent \u00eatre soutenus. Le Jubil\u00e9 est une occasion pour renouveler l\u2019engagement envers eux, en les aidant \u00e0 surmonter la m\u00e9lancolie et les risques de comportements autodestructeurs.<br \/>\nLes <strong>migrants<\/strong>, \u00e0 la recherche d\u2019une vie meilleure, doivent \u00eatre accueillis avec dignit\u00e9 et responsabilit\u00e9. La communaut\u00e9 chr\u00e9tienne doit d\u00e9fendre leurs droits, garantissant s\u00e9curit\u00e9, travail et instruction.<br \/>\nLes <strong>personnes \u00e2g\u00e9es<\/strong>, souvent seules et abandonn\u00e9es, doivent \u00eatre reconnues comme tr\u00e9sors d\u2019exp\u00e9rience et de sagesse. La communaut\u00e9 chr\u00e9tienne et la soci\u00e9t\u00e9 civile doivent travailler ensemble pour une alliance entre les g\u00e9n\u00e9rations.<br \/>\nUn engagement concret pour affronter la pauvret\u00e9 g\u00e9n\u00e9ralis\u00e9e est n\u00e9cessaire. Les <strong>pauvres<\/strong> ne doivent pas \u00eatre consid\u00e9r\u00e9s comme un d\u00e9g\u00e2t collat\u00e9ral, mais comme des victimes \u00e0 soutenir et aider.<\/p>\n<h2>Appels du Pape pour l\u2019Esp\u00e9rance<\/h2>\n<p>Outre reconna\u00eetre les signes d\u2019esp\u00e9rance, l\u2019\u00c9glise doit \u00e9galement agir de mani\u00e8re active et tangible pour offrir des <strong>solutions concr\u00e8tes au malaise<\/strong> et \u00e0 la n\u00e9cessit\u00e9 que ces signes r\u00e9v\u00e8lent. Le Jubil\u00e9 est une invitation \u00e0 <strong>red\u00e9couvrir l\u2019esp\u00e9rance \u00e0 travers la justice sociale, l\u2019unit\u00e9 des chr\u00e9tiens et la g\u00e9n\u00e9rosit\u00e9 envers les plus n\u00e9cessiteux<\/strong>. L\u2019\u00c9glise est appel\u00e9e \u00e0 \u00eatre un signe tangible d\u2019esp\u00e9rance, en travaillant pour un monde plus juste et uni.<br \/>\nLe Jubil\u00e9 souligne que les <strong>ressources de la Terre<\/strong> doivent \u00eatre partag\u00e9es de mani\u00e8re \u00e9quitable. Il est essentiel que les riches soient g\u00e9n\u00e9reux et aident qui est dans le besoin. En particulier, c\u2019est scandaleux qu\u2019au jour d\u2019aujourd\u2019hui de nombreuses personnes souffrent de la faim. On propose l\u2019institution d\u2019un Fond mondial pour <strong>\u00e9liminer la faim<\/strong> et d\u00e9velopper les pays pauvres, en utilisant les fonds destin\u00e9s aux frais militaires.<br \/>\nLes nations riches devraient <strong>effacer les dettes des pays pauvres<\/strong>, en reconnaissant l\u2019injustice historique et la dette \u00e9cologique entre Nord et Sud. Cela est vu comme un pas n\u00e9cessaire pour r\u00e9parer les injustices et promouvoir la paix.<br \/>\nLe prochain Jubil\u00e9 co\u00efncide avec le 1700<sup>\u00e8me<\/sup> anniversaire du <strong>Concile de Nic\u00e9e<\/strong>, un \u00e9v\u00e9nement fondamental pour l\u2019unit\u00e9 de l\u2019\u00c9glise et la d\u00e9finition de la foi chr\u00e9tienne. Cet anniversaire offre une opportunit\u00e9 pour <strong>renforcer l\u2019unit\u00e9 entre les chr\u00e9tiens<\/strong> et pour r\u00e9pondre \u00e0 l\u2019appel \u00e0 l\u2019\u00e9vang\u00e9lisation.<br \/>\n<a href=\"https:\/\/www.holyart.fr\/jubile-2025-pelerins-desperance\/kit-du-pelerin-et-gadgets-du-jubile-2025\/sacoche-logo-officiel-jubile-45x30-cm-rome-2025-porte-sainte\"><strong>Le Jubil\u00e9 de 2025<\/strong><\/a> repr\u00e9sente une opportunit\u00e9 pour <strong>les chr\u00e9tiens d\u2019Orient et d\u2019Occident<\/strong> d\u2019unifier la date de c\u00e9l\u00e9bration de P\u00e2ques, en d\u00e9passant les divisions historiques et en r\u00e9pondant au d\u00e9sir d\u2019unit\u00e9 exprim\u00e9 par J\u00e9sus.<\/p>\n<div class=\"link-product\">\n<div class=\"blocco-immagine\"><img loading=\"lazy\" decoding=\"async\" class=\"size-full wp-image-9905 alignleft\" src=\"https:\/\/blog.holyart.it\/fr\/wp-content\/uploads\/sites\/14\/2025\/02\/sacoche-logo-officiel-jubile-45x30-cm-rome-2025-porte-sainte.jpg\" alt=\"sacoche logo officiel jubilee \" width=\"100\" height=\"100\" data-kale-share-title=\"Bulle d\u2019indiction du Jubil\u00e9 2025 : voici de quoi elle parle\" data-kale-share-url=\"https:\/\/blog.holyart.it\/fr\/?p=9882\" \/><\/div>\n<div class=\"blocco-contenuto\">\n<div class=\"blocco-acquista\">Acheter sur Holyart:<\/div>\n<div class=\"blocco-titolo\"><a href=\"https:\/\/www.holyart.fr\/jubile-2025-pelerins-desperance\/kit-du-pelerin-et-gadgets-du-jubile-2025\/sacoche-logo-officiel-jubile-45x30-cm-rome-2025-porte-sainte\">Sacoche logo officiel Jubil\u00e9 Rome 2025 <\/a><\/div>\n<div class=\"blocco-descrizione\">Mesurant 42&#215;28 cm, sur fond imprim\u00e9 avec des d\u00e9tails de la Porte Sainte de la Basilique Saint-Pierre<\/div>\n<\/div>\n<\/div>\n","protected":false},"excerpt":{"rendered":"<p>Le 9 mai 2024, Pape Fran\u00e7ois a lu la bulle d\u2019indiction du Jubil\u00e9 2025, intitul\u00e9e Spes non confundit. Voici ce qu\u2019elle contient et sur quels arguments elle s\u2019attarde. Le Jubil\u00e9 2025 est de plus en plus proche et on essaie de s\u2019y pr\u00e9parer. Avez-vous d\u00e9j\u00e0&hellip;<\/p>\n","protected":false},"author":1,"featured_media":9883,"comment_status":"closed","ping_status":"open","sticky":false,"template":"","format":"standard","meta":{"_acf_changed":false,"footnotes":""},"categories":[13],"tags":[],"class_list":["post-9882","post","type-post","status-publish","format-standard","has-post-thumbnail","hentry","category-jubile-2025"],"acf":[],"yoast_head":"<!-- This site is optimized with the Yoast SEO plugin v26.6 - https:\/\/yoast.com\/wordpress\/plugins\/seo\/ -->\n<title>Bulle d\u2019indiction du Jubil\u00e9 2025 : voici de quoi elle parle - Holyart.fr Blog<\/title>\n<meta name=\"description\" content=\"La Bulle Pontificale d\u2019indiction est un document solennel \u00e9mis par le Pape afin d\u2019annoncer et \u00e9tablir officiellement le d\u00e9but d\u2019un Jubil\u00e9.\" \/>\n<meta name=\"robots\" content=\"index, follow, max-snippet:-1, max-image-preview:large, max-video-preview:-1\" \/>\n<link rel=\"canonical\" href=\"https:\/\/blog.holyart.it\/fr\/jubile-2025\/bulle-dindiction-du-jubile-2025-voici-de-quoi-elle-parle\/\" \/>\n<meta property=\"og:locale\" content=\"fr_FR\" \/>\n<meta property=\"og:type\" content=\"article\" \/>\n<meta property=\"og:title\" content=\"Bulle d\u2019indiction du Jubil\u00e9 2025 : voici de quoi elle parle - Holyart.fr Blog\" \/>\n<meta property=\"og:description\" content=\"La Bulle Pontificale d\u2019indiction est un document solennel \u00e9mis par le Pape afin d\u2019annoncer et \u00e9tablir officiellement le d\u00e9but d\u2019un Jubil\u00e9.\" \/>\n<meta property=\"og:url\" content=\"https:\/\/blog.holyart.it\/fr\/jubile-2025\/bulle-dindiction-du-jubile-2025-voici-de-quoi-elle-parle\/\" \/>\n<meta property=\"og:site_name\" content=\"Holyart.fr Blog\" \/>\n<meta property=\"article:published_time\" content=\"2025-03-31T08:00:40+00:00\" \/>\n<meta property=\"article:modified_time\" content=\"2025-08-12T15:10:40+00:00\" \/>\n<meta property=\"og:image\" content=\"https:\/\/blog.holyart.it\/fr\/wp-content\/uploads\/sites\/14\/2025\/02\/bulle-dindiction.jpg\" \/>\n\t<meta property=\"og:image:width\" content=\"1000\" \/>\n\t<meta property=\"og:image:height\" content=\"666\" \/>\n\t<meta property=\"og:image:type\" content=\"image\/jpeg\" \/>\n<meta name=\"author\" content=\"Redazione\" \/>\n<meta name=\"twitter:card\" content=\"summary_large_image\" \/>\n<meta name=\"twitter:label1\" content=\"\u00c9crit par\" \/>\n\t<meta name=\"twitter:data1\" content=\"Redazione\" \/>\n\t<meta name=\"twitter:label2\" content=\"Dur\u00e9e de lecture estim\u00e9e\" \/>\n\t<meta name=\"twitter:data2\" content=\"17 minutes\" \/>\n<script type=\"application\/ld+json\" class=\"yoast-schema-graph\">{\"@context\":\"https:\/\/schema.org\",\"@graph\":[{\"@type\":\"Article\",\"@id\":\"https:\/\/blog.holyart.it\/fr\/jubile-2025\/bulle-dindiction-du-jubile-2025-voici-de-quoi-elle-parle\/#article\",\"isPartOf\":{\"@id\":\"https:\/\/blog.holyart.it\/fr\/jubile-2025\/bulle-dindiction-du-jubile-2025-voici-de-quoi-elle-parle\/\"},\"author\":{\"name\":\"Redazione\",\"@id\":\"https:\/\/blog.holyart.it\/fr\/#\/schema\/person\/0a7b686e5af0f856ec1e390dd0baecda\"},\"headline\":\"Bulle d\u2019indiction du Jubil\u00e9 2025 : voici de quoi elle parle\",\"datePublished\":\"2025-03-31T08:00:40+00:00\",\"dateModified\":\"2025-08-12T15:10:40+00:00\",\"mainEntityOfPage\":{\"@id\":\"https:\/\/blog.holyart.it\/fr\/jubile-2025\/bulle-dindiction-du-jubile-2025-voici-de-quoi-elle-parle\/\"},\"wordCount\":3276,\"publisher\":{\"@id\":\"https:\/\/blog.holyart.it\/fr\/#organization\"},\"image\":{\"@id\":\"https:\/\/blog.holyart.it\/fr\/jubile-2025\/bulle-dindiction-du-jubile-2025-voici-de-quoi-elle-parle\/#primaryimage\"},\"thumbnailUrl\":\"https:\/\/blog.holyart.it\/fr\/wp-content\/uploads\/sites\/14\/2025\/02\/bulle-dindiction.jpg\",\"articleSection\":[\"Jubil\u00e9 2025\"],\"inLanguage\":\"fr-FR\"},{\"@type\":\"WebPage\",\"@id\":\"https:\/\/blog.holyart.it\/fr\/jubile-2025\/bulle-dindiction-du-jubile-2025-voici-de-quoi-elle-parle\/\",\"url\":\"https:\/\/blog.holyart.it\/fr\/jubile-2025\/bulle-dindiction-du-jubile-2025-voici-de-quoi-elle-parle\/\",\"name\":\"Bulle d\u2019indiction du Jubil\u00e9 2025 : voici de quoi elle parle - Holyart.fr Blog\",\"isPartOf\":{\"@id\":\"https:\/\/blog.holyart.it\/fr\/#website\"},\"primaryImageOfPage\":{\"@id\":\"https:\/\/blog.holyart.it\/fr\/jubile-2025\/bulle-dindiction-du-jubile-2025-voici-de-quoi-elle-parle\/#primaryimage\"},\"image\":{\"@id\":\"https:\/\/blog.holyart.it\/fr\/jubile-2025\/bulle-dindiction-du-jubile-2025-voici-de-quoi-elle-parle\/#primaryimage\"},\"thumbnailUrl\":\"https:\/\/blog.holyart.it\/fr\/wp-content\/uploads\/sites\/14\/2025\/02\/bulle-dindiction.jpg\",\"datePublished\":\"2025-03-31T08:00:40+00:00\",\"dateModified\":\"2025-08-12T15:10:40+00:00\",\"description\":\"La Bulle Pontificale d\u2019indiction est un document solennel \u00e9mis par le Pape afin d\u2019annoncer et \u00e9tablir officiellement le d\u00e9but d\u2019un Jubil\u00e9.\",\"breadcrumb\":{\"@id\":\"https:\/\/blog.holyart.it\/fr\/jubile-2025\/bulle-dindiction-du-jubile-2025-voici-de-quoi-elle-parle\/#breadcrumb\"},\"inLanguage\":\"fr-FR\",\"potentialAction\":[{\"@type\":\"ReadAction\",\"target\":[\"https:\/\/blog.holyart.it\/fr\/jubile-2025\/bulle-dindiction-du-jubile-2025-voici-de-quoi-elle-parle\/\"]}]},{\"@type\":\"ImageObject\",\"inLanguage\":\"fr-FR\",\"@id\":\"https:\/\/blog.holyart.it\/fr\/jubile-2025\/bulle-dindiction-du-jubile-2025-voici-de-quoi-elle-parle\/#primaryimage\",\"url\":\"https:\/\/blog.holyart.it\/fr\/wp-content\/uploads\/sites\/14\/2025\/02\/bulle-dindiction.jpg\",\"contentUrl\":\"https:\/\/blog.holyart.it\/fr\/wp-content\/uploads\/sites\/14\/2025\/02\/bulle-dindiction.jpg\",\"width\":1000,\"height\":666,\"caption\":\"bulle d'indiction jubilee 2025\"},{\"@type\":\"BreadcrumbList\",\"@id\":\"https:\/\/blog.holyart.it\/fr\/jubile-2025\/bulle-dindiction-du-jubile-2025-voici-de-quoi-elle-parle\/#breadcrumb\",\"itemListElement\":[{\"@type\":\"ListItem\",\"position\":1,\"name\":\"Homepage\",\"item\":\"https:\/\/blog.holyart.it\/fr\/\"},{\"@type\":\"ListItem\",\"position\":2,\"name\":\"Jubil\u00e9 2025\",\"item\":\"https:\/\/blog.holyart.it\/fr\/jubile-2025\/\"},{\"@type\":\"ListItem\",\"position\":3,\"name\":\"Bulle d\u2019indiction du Jubil\u00e9 2025 : voici de quoi elle parle\"}]},{\"@type\":\"WebSite\",\"@id\":\"https:\/\/blog.holyart.it\/fr\/#website\",\"url\":\"https:\/\/blog.holyart.it\/fr\/\",\"name\":\"Holyart.fr Blog\",\"description\":\"Holyblog\",\"publisher\":{\"@id\":\"https:\/\/blog.holyart.it\/fr\/#organization\"},\"potentialAction\":[{\"@type\":\"SearchAction\",\"target\":{\"@type\":\"EntryPoint\",\"urlTemplate\":\"https:\/\/blog.holyart.it\/fr\/?s={search_term_string}\"},\"query-input\":{\"@type\":\"PropertyValueSpecification\",\"valueRequired\":true,\"valueName\":\"search_term_string\"}}],\"inLanguage\":\"fr-FR\"},{\"@type\":\"Organization\",\"@id\":\"https:\/\/blog.holyart.it\/fr\/#organization\",\"name\":\"Holyart.fr Blog\",\"url\":\"https:\/\/blog.holyart.it\/fr\/\",\"logo\":{\"@type\":\"ImageObject\",\"inLanguage\":\"fr-FR\",\"@id\":\"https:\/\/blog.holyart.it\/fr\/#\/schema\/logo\/image\/\",\"url\":\"https:\/\/blog.holyart.it\/fr\/wp-content\/uploads\/sites\/14\/2022\/12\/Holyart_Blog_Logo.jpg\",\"contentUrl\":\"https:\/\/blog.holyart.it\/fr\/wp-content\/uploads\/sites\/14\/2022\/12\/Holyart_Blog_Logo.jpg\",\"width\":300,\"height\":50,\"caption\":\"Holyart.fr Blog\"},\"image\":{\"@id\":\"https:\/\/blog.holyart.it\/fr\/#\/schema\/logo\/image\/\"}},{\"@type\":\"Person\",\"@id\":\"https:\/\/blog.holyart.it\/fr\/#\/schema\/person\/0a7b686e5af0f856ec1e390dd0baecda\",\"name\":\"Redazione\",\"image\":{\"@type\":\"ImageObject\",\"inLanguage\":\"fr-FR\",\"@id\":\"https:\/\/blog.holyart.it\/fr\/#\/schema\/person\/image\/\",\"url\":\"https:\/\/secure.gravatar.com\/avatar\/f477da817f43e50d0af36abecd33e3edf826c68299714bdc1057dff3b113f516?s=96&d=mm&r=g\",\"contentUrl\":\"https:\/\/secure.gravatar.com\/avatar\/f477da817f43e50d0af36abecd33e3edf826c68299714bdc1057dff3b113f516?s=96&d=mm&r=g\",\"caption\":\"Redazione\"},\"url\":\"https:\/\/blog.holyart.it\/fr\/author\/admin\/\"}]}<\/script>\n<!-- \/ Yoast SEO plugin. -->","yoast_head_json":{"title":"Bulle d\u2019indiction du Jubil\u00e9 2025 : voici de quoi elle parle - Holyart.fr Blog","description":"La Bulle Pontificale d\u2019indiction est un document solennel \u00e9mis par le Pape afin d\u2019annoncer et \u00e9tablir officiellement le d\u00e9but d\u2019un Jubil\u00e9.","robots":{"index":"index","follow":"follow","max-snippet":"max-snippet:-1","max-image-preview":"max-image-preview:large","max-video-preview":"max-video-preview:-1"},"canonical":"https:\/\/blog.holyart.it\/fr\/jubile-2025\/bulle-dindiction-du-jubile-2025-voici-de-quoi-elle-parle\/","og_locale":"fr_FR","og_type":"article","og_title":"Bulle d\u2019indiction du Jubil\u00e9 2025 : voici de quoi elle parle - Holyart.fr Blog","og_description":"La Bulle Pontificale d\u2019indiction est un document solennel \u00e9mis par le Pape afin d\u2019annoncer et \u00e9tablir officiellement le d\u00e9but d\u2019un Jubil\u00e9.","og_url":"https:\/\/blog.holyart.it\/fr\/jubile-2025\/bulle-dindiction-du-jubile-2025-voici-de-quoi-elle-parle\/","og_site_name":"Holyart.fr Blog","article_published_time":"2025-03-31T08:00:40+00:00","article_modified_time":"2025-08-12T15:10:40+00:00","og_image":[{"width":1000,"height":666,"url":"https:\/\/blog.holyart.it\/fr\/wp-content\/uploads\/sites\/14\/2025\/02\/bulle-dindiction.jpg","type":"image\/jpeg"}],"author":"Redazione","twitter_card":"summary_large_image","twitter_misc":{"\u00c9crit par":"Redazione","Dur\u00e9e de lecture estim\u00e9e":"17 minutes"},"schema":{"@context":"https:\/\/schema.org","@graph":[{"@type":"Article","@id":"https:\/\/blog.holyart.it\/fr\/jubile-2025\/bulle-dindiction-du-jubile-2025-voici-de-quoi-elle-parle\/#article","isPartOf":{"@id":"https:\/\/blog.holyart.it\/fr\/jubile-2025\/bulle-dindiction-du-jubile-2025-voici-de-quoi-elle-parle\/"},"author":{"name":"Redazione","@id":"https:\/\/blog.holyart.it\/fr\/#\/schema\/person\/0a7b686e5af0f856ec1e390dd0baecda"},"headline":"Bulle d\u2019indiction du Jubil\u00e9 2025 : voici de quoi elle parle","datePublished":"2025-03-31T08:00:40+00:00","dateModified":"2025-08-12T15:10:40+00:00","mainEntityOfPage":{"@id":"https:\/\/blog.holyart.it\/fr\/jubile-2025\/bulle-dindiction-du-jubile-2025-voici-de-quoi-elle-parle\/"},"wordCount":3276,"publisher":{"@id":"https:\/\/blog.holyart.it\/fr\/#organization"},"image":{"@id":"https:\/\/blog.holyart.it\/fr\/jubile-2025\/bulle-dindiction-du-jubile-2025-voici-de-quoi-elle-parle\/#primaryimage"},"thumbnailUrl":"https:\/\/blog.holyart.it\/fr\/wp-content\/uploads\/sites\/14\/2025\/02\/bulle-dindiction.jpg","articleSection":["Jubil\u00e9 2025"],"inLanguage":"fr-FR"},{"@type":"WebPage","@id":"https:\/\/blog.holyart.it\/fr\/jubile-2025\/bulle-dindiction-du-jubile-2025-voici-de-quoi-elle-parle\/","url":"https:\/\/blog.holyart.it\/fr\/jubile-2025\/bulle-dindiction-du-jubile-2025-voici-de-quoi-elle-parle\/","name":"Bulle d\u2019indiction du Jubil\u00e9 2025 : voici de quoi elle parle - Holyart.fr Blog","isPartOf":{"@id":"https:\/\/blog.holyart.it\/fr\/#website"},"primaryImageOfPage":{"@id":"https:\/\/blog.holyart.it\/fr\/jubile-2025\/bulle-dindiction-du-jubile-2025-voici-de-quoi-elle-parle\/#primaryimage"},"image":{"@id":"https:\/\/blog.holyart.it\/fr\/jubile-2025\/bulle-dindiction-du-jubile-2025-voici-de-quoi-elle-parle\/#primaryimage"},"thumbnailUrl":"https:\/\/blog.holyart.it\/fr\/wp-content\/uploads\/sites\/14\/2025\/02\/bulle-dindiction.jpg","datePublished":"2025-03-31T08:00:40+00:00","dateModified":"2025-08-12T15:10:40+00:00","description":"La Bulle Pontificale d\u2019indiction est un document solennel \u00e9mis par le Pape afin d\u2019annoncer et \u00e9tablir officiellement le d\u00e9but d\u2019un Jubil\u00e9.","breadcrumb":{"@id":"https:\/\/blog.holyart.it\/fr\/jubile-2025\/bulle-dindiction-du-jubile-2025-voici-de-quoi-elle-parle\/#breadcrumb"},"inLanguage":"fr-FR","potentialAction":[{"@type":"ReadAction","target":["https:\/\/blog.holyart.it\/fr\/jubile-2025\/bulle-dindiction-du-jubile-2025-voici-de-quoi-elle-parle\/"]}]},{"@type":"ImageObject","inLanguage":"fr-FR","@id":"https:\/\/blog.holyart.it\/fr\/jubile-2025\/bulle-dindiction-du-jubile-2025-voici-de-quoi-elle-parle\/#primaryimage","url":"https:\/\/blog.holyart.it\/fr\/wp-content\/uploads\/sites\/14\/2025\/02\/bulle-dindiction.jpg","contentUrl":"https:\/\/blog.holyart.it\/fr\/wp-content\/uploads\/sites\/14\/2025\/02\/bulle-dindiction.jpg","width":1000,"height":666,"caption":"bulle d'indiction jubilee 2025"},{"@type":"BreadcrumbList","@id":"https:\/\/blog.holyart.it\/fr\/jubile-2025\/bulle-dindiction-du-jubile-2025-voici-de-quoi-elle-parle\/#breadcrumb","itemListElement":[{"@type":"ListItem","position":1,"name":"Homepage","item":"https:\/\/blog.holyart.it\/fr\/"},{"@type":"ListItem","position":2,"name":"Jubil\u00e9 2025","item":"https:\/\/blog.holyart.it\/fr\/jubile-2025\/"},{"@type":"ListItem","position":3,"name":"Bulle d\u2019indiction du Jubil\u00e9 2025 : voici de quoi elle parle"}]},{"@type":"WebSite","@id":"https:\/\/blog.holyart.it\/fr\/#website","url":"https:\/\/blog.holyart.it\/fr\/","name":"Holyart.fr Blog","description":"Holyblog","publisher":{"@id":"https:\/\/blog.holyart.it\/fr\/#organization"},"potentialAction":[{"@type":"SearchAction","target":{"@type":"EntryPoint","urlTemplate":"https:\/\/blog.holyart.it\/fr\/?s={search_term_string}"},"query-input":{"@type":"PropertyValueSpecification","valueRequired":true,"valueName":"search_term_string"}}],"inLanguage":"fr-FR"},{"@type":"Organization","@id":"https:\/\/blog.holyart.it\/fr\/#organization","name":"Holyart.fr Blog","url":"https:\/\/blog.holyart.it\/fr\/","logo":{"@type":"ImageObject","inLanguage":"fr-FR","@id":"https:\/\/blog.holyart.it\/fr\/#\/schema\/logo\/image\/","url":"https:\/\/blog.holyart.it\/fr\/wp-content\/uploads\/sites\/14\/2022\/12\/Holyart_Blog_Logo.jpg","contentUrl":"https:\/\/blog.holyart.it\/fr\/wp-content\/uploads\/sites\/14\/2022\/12\/Holyart_Blog_Logo.jpg","width":300,"height":50,"caption":"Holyart.fr Blog"},"image":{"@id":"https:\/\/blog.holyart.it\/fr\/#\/schema\/logo\/image\/"}},{"@type":"Person","@id":"https:\/\/blog.holyart.it\/fr\/#\/schema\/person\/0a7b686e5af0f856ec1e390dd0baecda","name":"Redazione","image":{"@type":"ImageObject","inLanguage":"fr-FR","@id":"https:\/\/blog.holyart.it\/fr\/#\/schema\/person\/image\/","url":"https:\/\/secure.gravatar.com\/avatar\/f477da817f43e50d0af36abecd33e3edf826c68299714bdc1057dff3b113f516?s=96&d=mm&r=g","contentUrl":"https:\/\/secure.gravatar.com\/avatar\/f477da817f43e50d0af36abecd33e3edf826c68299714bdc1057dff3b113f516?s=96&d=mm&r=g","caption":"Redazione"},"url":"https:\/\/blog.holyart.it\/fr\/author\/admin\/"}]}},"_links":{"self":[{"href":"https:\/\/blog.holyart.it\/fr\/wp-json\/wp\/v2\/posts\/9882","targetHints":{"allow":["GET"]}}],"collection":[{"href":"https:\/\/blog.holyart.it\/fr\/wp-json\/wp\/v2\/posts"}],"about":[{"href":"https:\/\/blog.holyart.it\/fr\/wp-json\/wp\/v2\/types\/post"}],"author":[{"embeddable":true,"href":"https:\/\/blog.holyart.it\/fr\/wp-json\/wp\/v2\/users\/1"}],"replies":[{"embeddable":true,"href":"https:\/\/blog.holyart.it\/fr\/wp-json\/wp\/v2\/comments?post=9882"}],"version-history":[{"count":14,"href":"https:\/\/blog.holyart.it\/fr\/wp-json\/wp\/v2\/posts\/9882\/revisions"}],"predecessor-version":[{"id":10813,"href":"https:\/\/blog.holyart.it\/fr\/wp-json\/wp\/v2\/posts\/9882\/revisions\/10813"}],"wp:featuredmedia":[{"embeddable":true,"href":"https:\/\/blog.holyart.it\/fr\/wp-json\/wp\/v2\/media\/9883"}],"wp:attachment":[{"href":"https:\/\/blog.holyart.it\/fr\/wp-json\/wp\/v2\/media?parent=9882"}],"wp:term":[{"taxonomy":"category","embeddable":true,"href":"https:\/\/blog.holyart.it\/fr\/wp-json\/wp\/v2\/categories?post=9882"},{"taxonomy":"post_tag","embeddable":true,"href":"https:\/\/blog.holyart.it\/fr\/wp-json\/wp\/v2\/tags?post=9882"}],"curies":[{"name":"wp","href":"https:\/\/api.w.org\/{rel}","templated":true}]}}