{"id":9865,"date":"2025-03-26T10:00:39","date_gmt":"2025-03-26T09:00:39","guid":{"rendered":"https:\/\/blog.holyart.it\/fr\/?p=9865"},"modified":"2026-03-17T15:35:23","modified_gmt":"2026-03-17T14:35:23","slug":"le-discours-sur-la-montagne-de-jesus-de-quoi-il-sagit-et-sa-signification","status":"publish","type":"post","link":"https:\/\/blog.holyart.it\/fr\/articles-religieux\/le-discours-sur-la-montagne-de-jesus-de-quoi-il-sagit-et-sa-signification\/","title":{"rendered":"Le discours sur la montagne de J\u00e9sus : de quoi il s\u2019agit et sa signification"},"content":{"rendered":"<h4>Avec le Discours sur la Montagne, J\u00e9sus offre une nouvelle vision de la loi divine, en offrant un mod\u00e8le de conduite r\u00e9volutionnaire bas\u00e9 sur l\u2019amour et le pardon<\/h4>\n\n<p>Le <strong>Discours sur la Montagne<\/strong>, figurant dans l\u2019<strong>\u00c9vangile selon Matthieu <\/strong>(Matthieu 5,1-12), est sans doute <a href=\"https:\/\/www.holyart.fr\/occasions-speciales\/creche-de-paques\/scene-du-sermon-de-jesus-sur-le-mont-9-cm\"><strong>le sermon le plus c\u00e9l\u00e8bre de J\u00e9sus<\/strong><\/a> et, peut-\u00eatre, de toute l\u2019histoire. Prononc\u00e9 sur une montagne en Galil\u00e9e, face \u00e0 une grande foule de disciples et de curieux, ce sermon repr\u00e9sente un jalon du Christianisme, car il <strong>r\u00e9sume une somme des principes \u00e9thiques et spirituels qui fondent la foi chr\u00e9tienne<\/strong>.<\/p>\n<p>A rendre particuli\u00e8rement <strong>r\u00e9volutionnaire<\/strong> l\u2019enseignement exprim\u00e9 par le Discours sur la Montagne c\u2019est son contenu absolument nouveau, pour le moment historique o\u00f9 il a \u00e9t\u00e9 prononc\u00e9. Les mots de J\u00e9sus sont extraordinaires pour l\u2019\u00e9poque, et il n\u2019est pas difficile de comprendre comment ils peuvent continuer d\u2019inspirer croyants et non-croyants encore de nos jours. <strong>J\u00e9sus bouleverse les attentes et les convictions de l\u2019\u00e9poque<\/strong>, en pr\u00f4nant un <strong>message d\u2019amour, de pardon, de justice et de compassion<\/strong>, qui d\u00e9fie les hi\u00e9rarchies et les hypocrisies de la soci\u00e9t\u00e9.<\/p>\n<div class=\"link-product\">\n<div class=\"blocco-immagine\"><img loading=\"lazy\" decoding=\"async\" class=\"alignnone size-full wp-image-9867\" src=\"https:\/\/blog.holyart.it\/fr\/wp-content\/uploads\/sites\/14\/2025\/02\/Scene-du-sermon-de-Jesus-sur-le-mont-9-cm.jpg\" alt=\"Sc\u00e8ne du sermon de J\u00e9sus sur le mont 9 cm\" width=\"100\" height=\"100\" data-kale-share-title=\"Le discours sur la montagne de J\u00e9sus : de quoi il s\u2019agit et sa signification\" data-kale-share-url=\"https:\/\/blog.holyart.it\/fr\/?p=9865\" \/><\/div>\n<div class=\"blocco-contenuto\">\n<div class=\"blocco-acquista\">Acheter sur Holyart:<\/div>\n<div class=\"blocco-titolo\"><a href=\"https:\/\/www.holyart.fr\/occasions-speciales\/creche-de-paques\/scene-du-sermon-de-jesus-sur-le-mont-9-cm\">Sc\u00e8ne du sermon de J\u00e9sus sur le mont 9 cm<\/a><\/div>\n<div class=\"blocco-descrizione\">Sc\u00e8ne de la vie de J\u00e9sus avec figurines en r\u00e9sine.<\/div>\n<\/div>\n<\/div>\n<p>\u00c0 travers le Discours sur la Montagne, J\u00e9sus offre une <strong>vision transformative de la loi divine<\/strong>, en d\u00e9veloppant les principes fondamentaux des <strong>Dix Commandements<\/strong> et en invitant ses auditeurs \u00e0 <strong>comprendre le c\u0153ur de la moralit\u00e9 et de la spiritualit\u00e9<\/strong>. Ses mots ne sont pas de simples normes juridiques, mais des <strong>principes qui englobent l\u2019amour, la compassion, la justice et la mis\u00e9ricorde<\/strong>.<\/p>\n<p>En ce sens, le Discours sur la Montagne repr\u00e9sente un <strong>mod\u00e8le de vie \u00e9thique et spirituelle<\/strong> qui va au-del\u00e0 de la simple observation formelle des Commandements, afin d\u2019embrasser un appel exigeant \u00e0 la <strong>transformation int\u00e9rieure<\/strong> et \u00e0 la <strong>vie selon les valeurs du Royaume de Dieu<\/strong>.<\/p>\n<h2>Les B\u00e9atitudes dans le Discours sur la Montagne de J\u00e9sus<\/h2>\n<p>Au centre du <strong>Sermon sur la Montagne<\/strong>, nous trouvons les <strong>B\u00e9atitudes<\/strong>, proclamations de <strong>bonheur<\/strong> qui adressent leur attention <strong>aux derniers, aux marginaux, \u00e0 ceux qui souffrent<\/strong>. J\u00e9sus proclame bienheureux les pauvres en esprit, les afflig\u00e9s, les mythes, les pers\u00e9cut\u00e9s par la justice, en enseignant que <strong>le v\u00e9ritable bonheur se trouve dans la recherche de Dieu et dans l\u2019amour envers son prochain<\/strong>.<\/p>\n<p>Les B\u00e9atitudes repr\u00e9sentent le <strong>c\u0153ur battant de l\u2019<\/strong><a href=\"https:\/\/www.holyart.fr\/articles-religieux\/livres-sacres?flags=true\"><strong>\u00c9vangile<\/strong><\/a>. Elles nous r\u00e9v\u00e8lent un Dieu qui se pr\u00e9occupe de notre joie et qui nous indique comment l\u2019obtenir, comment embrasser la vie authentique et la v\u00e9ritable r\u00e9alisation. Il ne s\u2019agit pas simplement d\u2019une liste de pr\u00e9ceptes abstraits, mais l\u2019annonce joyeuse de la <strong>vie donn\u00e9e par Dieu<\/strong> \u00e0 ceux qui aiment, d\u2019un monde nouveau caract\u00e9ris\u00e9 par la paix, la sinc\u00e9rit\u00e9, la justice.<\/p>\n<p>Avec les B\u00e9atitudes, J\u00e9sus nous offre un <strong>nouveau concept de Saintet\u00e9<\/strong>, incarn\u00e9e et tangible, et nous r\u00e9v\u00e8le qui sont les v\u00e9ritables bienheureux.<\/p>\n<div class=\"link-product\">\n<div class=\"blocco-immagine\"><img loading=\"lazy\" decoding=\"async\" class=\"alignnone size-full wp-image-9869\" src=\"https:\/\/blog.holyart.it\/fr\/wp-content\/uploads\/sites\/14\/2025\/02\/Livres-sacres.jpg\" alt=\"Livres sacr\u00e9s\" width=\"100\" height=\"100\" data-kale-share-title=\"Le discours sur la montagne de J\u00e9sus : de quoi il s\u2019agit et sa signification\" data-kale-share-url=\"https:\/\/blog.holyart.it\/fr\/?p=9865\" \/><\/div>\n<div class=\"blocco-contenuto\">\n<div class=\"blocco-acquista\">Acheter sur Holyart:<\/div>\n<div class=\"blocco-titolo\"><a href=\"https:\/\/www.holyart.fr\/articles-religieux\/livres-sacres\">Livres sacr\u00e9s<\/a><\/div>\n<div class=\"blocco-descrizione\">Section d\u00e9di\u00e9e aux livres sacr\u00e9s.<\/div>\n<\/div>\n<\/div>\n<p>Les b\u00e9atitudes \u00e9vang\u00e9liques sont pr\u00e9sentes dans le <em>Discours sur la Montagne<\/em> de J\u00e9sus, mais aussi dans le <em>Discours de la Plaine<\/em> dans l\u2019\u00c9vangile selon Luc (Luc 6\u00a0:20-38). Elles constituent une composante incontournable des enseignements de Christ et offrent un guide spirituel profond et universel \u00e0 tous ceux qui cherchent la voie de la b\u00e9atitude et de la bienveillance divine.<\/p>\n<p>Leur importance est telle qu\u2019une version r\u00e9duite des b\u00e9atitudes se trouve \u00e9galement dans les versets 54 et 69 de l\u2019<em>\u00c9vangile de Thomas<\/em>, <a href=\"https:\/\/www.holyart.fr\/blog\/articles-religieux\/evangiles-apocryphes-de-quoi-sagit-il-et-les-differences-par-rapport-aux-canoniques\/\"><strong>\u00e9vangile apocryphe <\/strong><\/a>qui ne raconte pas la vie de J\u00e9sus, mais en recueille les dictons.<\/p>\n<p>J\u00e9sus a offert un pr\u00e9cieux don \u00e0 l\u2019humanit\u00e9 \u00e0 travers les B\u00e9atitudes. Ces enseignements d\u00e9crivent non seulement la <strong>voie pour le v\u00e9ritable bonheur<\/strong>, mais offrent aussi un <strong>mod\u00e8le de vie<\/strong> bas\u00e9 sur les valeurs spirituelles qu\u2019Il a incarn\u00e9. Ceux qui embrassent ce mod\u00e8le de vie, en vivant selon les enseignements de J\u00e9sus, sont d\u00e9j\u00e0 engag\u00e9s dans la voie du salut.<\/p>\n<p>Les B\u00e9atitudes, avec leur perspective unique sur le bonheur et la vertu, repr\u00e9sentent <strong>un point de d\u00e9part fondamental<\/strong> pour ceux qui cherchent la signification de leur existence. Suivre les enseignements de J\u00e9sus et vivre selon les B\u00e9atitudes orientent l\u2019homme vers la joie authentique et la r\u00e9alisation spirituelle.<\/p>\n<div class=\"link-article\">\n<p><img loading=\"lazy\" decoding=\"async\" class=\"alignnone size-full wp-image-9871\" src=\"https:\/\/blog.holyart.it\/fr\/wp-content\/uploads\/sites\/14\/2025\/02\/Evangiles-Apocryphes.jpeg\" alt=\"\u00c9vangiles Apocryphes\" width=\"150\" height=\"99\" data-kale-share-title=\"Le discours sur la montagne de J\u00e9sus : de quoi il s\u2019agit et sa signification\" data-kale-share-url=\"https:\/\/blog.holyart.it\/fr\/?p=9865\" \/><\/p>\n<div class=\"leggi-anche\">Lire aussi :<\/div>\n<p><strong><a href=\"https:\/\/www.holyart.fr\/blog\/articles-religieux\/evangiles-apocryphes-de-quoi-sagit-il-et-les-differences-par-rapport-aux-canoniques\/\">\u00c9vangiles Apocryphes : de quoi s\u2019agit-il et les diff\u00e9rences par rapport aux canoniques<\/a><\/strong><br \/>\nLes \u00e9vangiles apocryphes ne font pas partie du Nouveau Testament&#8230;<\/p>\n<\/div>\n<p>Mais quelles sont les B\u00e9atitudes\u00a0?<\/p>\n<p>Le discours sur la Montagne de <strong>Matthieu 5,1-12<\/strong> en reporte <strong>neuf<\/strong>\u00a0:<\/p>\n<p><em>Heureux les pauvres en esprit, car le royaume des cieux est \u00e0 eux.<\/em><br \/>\n<em>Heureux les afflig\u00e9s, car ils seront consol\u00e9s.<\/em><br \/>\n<em>Heureux les d\u00e9bonnaires, car ils h\u00e9riteront la terre.<\/em><br \/>\n<em>Heureux ceux qui ont faim et soif de la justice, car ils seront rassasi\u00e9s.<\/em><br \/>\n<em>Heureux les mis\u00e9ricordieux, car ils obtiendront mis\u00e9ricorde.<\/em><br \/>\n<em>Heureux ceux qui ont le c\u0153ur pur, car ils verront Dieu.<\/em><br \/>\n<em>Heureux ceux qui procurent la paix, car ils seront appel\u00e9s fils de Dieu.<\/em><br \/>\n<em>Heureux ceux qui sont pers\u00e9cut\u00e9s pour la justice, car le royaume des cieux est \u00e0 eux.<\/em><br \/>\n<em>Heureux serez-vous, lorsqu\u2019on vous outragera, qu\u2019on vous pers\u00e9cutera et qu\u2019on dira faussement de vous toute sorte de mal, \u00e0 cause de moi.<\/em><br \/>\n<em>R\u00e9jouissez-vous et soyez dans l\u2019all\u00e9gresse, parce que votre r\u00e9compense sera grande dans les cieux.<\/em><\/p>\n<p>L\u2019<strong>\u00c9vangile de Luc <\/strong>reporte quatre <strong>b\u00e9atitudes<\/strong> juxtapos\u00e9es \u00e0 quatre <strong>malheurs<\/strong>.<\/p>\n<p>Les\u00a0<strong>quatre b\u00e9atitudes<\/strong>\u00a0(Luc 6,20-23) sont :<\/p>\n<p><em>Heureux vous qui \u00eates pauvres, car le royaume de Dieu est \u00e0 vous.<\/em><br \/>\n<em>Heureux vous qui avez faim maintenant, car vous serez rassasi\u00e9s.<\/em><br \/>\n<em>Heureux vous qui pleurez maintenant, car vous serez dans la joie.<\/em><br \/>\n<em>Heureux serez-vous, lorsque les hommes vous ha\u00efront, lorsqu\u2019on vous chassera, vous outragera, et qu\u2019on rejettera votre nom comme inf\u00e2me, \u00e0 cause du Fils de l\u2019homme. R\u00e9jouissez-vous-en ce jour-l\u00e0 et tressaillez d\u2019all\u00e9gresse, parce que votre r\u00e9compense sera grande dans le ciel\u00a0; car c\u2019est ainsi que leurs p\u00e8res traitaient les proph\u00e8tes.\u00a0\u00a0<\/em><\/p>\n<p>Les <strong>quatre malheurs<\/strong> (Luc 6,24-26) sont :<\/p>\n<p><em>Mais, malheur \u00e0 vous, riches, car vous avez votre consolation.<\/em><br \/>\n<em>Malheur \u00e0 vous qui \u00eates rassasi\u00e9s, car vous aurez faim.<\/em><br \/>\n<em>Malheur \u00e0 vous qui riez maintenant, car vous serez dans le deuil et dans les larmes.<\/em><br \/>\n<em>Malheur, lorsque tous les hommes diront du bien de vous, car c\u2019est ainsi qu\u2019agissaient leurs p\u00e8res \u00e0 l\u2019\u00e9gard des faux proph\u00e8tes.<\/em><\/p>\n<p>Enfin, dans l\u2019<strong>\u00c9vangile de Thomas<\/strong>, nous lisons :<\/p>\n<p><em>\u00ab J\u00e9sus a dit : Heureux \u00eates-vous, les pauvres, parce que v\u00f4tre est le royaume des cieux. \u00bb<\/em>\u00a0(\u00c9vangile de Thomas, 54)<\/p>\n<p><em>\u00ab J\u00e9sus a dit : Soyez heureux, quand on vous hait, qu\u2019on vous pers\u00e9cute, et on ne trouvera nul lieu \u00e0 l\u2019endroit m\u00eame o\u00f9 l\u2019on vous a pers\u00e9cut\u00e9s. J\u00e9sus a dit : Heureux sont-ils, ceux que l\u2019on a pers\u00e9cut\u00e9s dans leur c\u0153ur. Ce sont ceux-l\u00e0 qui ont connu le P\u00e8re en v\u00e9rit\u00e9. Heureux les affam\u00e9s, parce qu\u2019on rassasiera le ventre de qui veut. \u00bb<\/em>\u00a0(\u00c9vangile de Thomas, 68-69)<\/p>\n<h2>Discours sur la montagne : signification<\/h2>\n<p>Le Discours sur la Montagne de J\u00e9sus offre \u00e9galement des enseignements sur la <a href=\"https:\/\/www.holyart.fr\/blog\/articles-religieux\/comment-prier-pour-obtenir-une-grace-pendant-le-mois-marial\/\"><strong><u>mani\u00e8re correcte de vivre et prier<\/u><\/strong><\/a>, en soulignant l\u2019importance d\u2019une vie int\u00e9rieure authentique et d\u2019une religiosit\u00e9 sinc\u00e8re, <strong>loin de l\u2019hypocrisie et de l\u2019ostentation<\/strong>. J\u00e9sus d\u00e9finit ses disciples comme le <strong>sel de la terre<\/strong> et la <strong>lumi\u00e8re du monde<\/strong>, en les exhortant afin qu\u2019ils fassent briller leur lumi\u00e8re devant les hommes en tant que mod\u00e8les de vertu et d\u00e9monstration de l\u2019existence de Dieu P\u00e8re.<\/p>\n<div class=\"link-article\">\n<p><img loading=\"lazy\" decoding=\"async\" class=\"alignnone size-full wp-image-9875\" src=\"https:\/\/blog.holyart.it\/fr\/wp-content\/uploads\/sites\/14\/2025\/02\/Comment-prier-pour-obtenir-une-grace-pendant-le-Mois-Marial.jpg\" alt=\"Comment prier pour obtenir une gr\u00e2ce pendant le Mois Marial\" width=\"150\" height=\"99\" data-kale-share-title=\"Le discours sur la montagne de J\u00e9sus : de quoi il s\u2019agit et sa signification\" data-kale-share-url=\"https:\/\/blog.holyart.it\/fr\/?p=9865\" \/><\/p>\n<div class=\"leggi-anche\">Lire aussi :<\/div>\n<p><strong><a href=\"https:\/\/www.holyart.fr\/blog\/articles-religieux\/comment-prier-pour-obtenir-une-grace-pendant-le-mois-marial\/\">Comment prier pour obtenir une gr\u00e2ce pendant le Mois Marial<\/a><\/strong><br \/>\nMai, mois de l\u2019amour, est depuis toujours d\u00e9di\u00e9 \u00e0 la Vierge Marie. D\u00e9couvrons comme prier pour obtenir une gr\u00e2ce en ce mois si sp\u00e9cial.<\/p>\n<\/div>\n<p>La <strong>Premi\u00e8re section du Discours sur la Montagne<\/strong> (5,17-48) traite le <strong>plein accomplissement de la Loi et des Proph\u00e8tes<\/strong>, mais avec de nouvelles conditions, tir\u00e9es des Dix Commandements, qui vont au-del\u00e0 de la simple r\u00e8gle \u00e9crite, en invoquant <strong>la mis\u00e9ricorde, la piti\u00e9 et l\u2019amour pour son prochain<\/strong>.<\/p>\n<p>Fondamental est le r\u00e9confort que J\u00e9sus fournit concernant Sa volont\u00e9 d\u2019accomplir ce qui est <strong>\u00e9crit dans la Loi et annonc\u00e9 par les Proph\u00e8tes, et non pas d\u2019abolir ou renier<\/strong> tout ce qu\u2019il a \u00e9t\u00e9 \u00e9crit et dit avant sa venue (<em>17 Ne croyez pas que je sois venu pour abolir la loi ou les proph\u00e8tes\u00a0; je suis venu non pour abolir, mais pour accomplir<\/em>). Cette affirmation est importante car elle confirme la continuit\u00e9 entre la tradition juive et J\u00e9sus.<\/p>\n<p>Le discours se poursuit avec une <strong>nouvelle d\u00e9finition de Justice<\/strong> de la part de J\u00e9sus. La justice authentique, selon la volont\u00e9 de Dieu, va au-del\u00e0 du rigorisme juridique de <strong>scribes et pharisiens<\/strong>, lesquels s\u2019accrochent \u00e0 la lettre de la loi sans comprendre son v\u00e9ritable esprit (<em>20 Car, je vous le dis, si votre justice ne surpasse celle des scribes et des pharisiens, vous n\u2019entrerez point dans le royaume des cieux<\/em>). Cette <strong>justice divine est impr\u00e9gn\u00e9e par l\u2019amour<\/strong>, capable de <strong>pardonner et d\u2019embrasser la joie authentique qui nait de la Parole <\/strong>vivante qui r\u00e9sonne en nous. Au lieu d\u2019\u00eatre emprisonn\u00e9e dans la rigidit\u00e9 de la l\u00e9galit\u00e9 ext\u00e9rieure, inutilement s\u00e9v\u00e8re et sourde \u00e0 la Mis\u00e9ricorde de Dieu, <strong>la v\u00e9ritable justice de Dieu s\u2019exprime dans le pardon, dans la mis\u00e9ricorde et dans l\u2019amour envers les autres<\/strong>. C\u2019est une justice qui lib\u00e8re les c\u0153urs de l\u2019hypocrisie et de l\u2019orgueil, en consentant de vivre selon les principes de <strong>compassion et humilit\u00e9<\/strong> enseign\u00e9s par J\u00e9sus.<\/p>\n<p>Suit un approfondissement des <a href=\"https:\/\/www.holyart.fr\/blog\/articles-religieux\/les-dix-commandements\/\"><strong><u>Dix Commandements<\/u><\/strong><\/a>, avec exemples et explications\u00a0: ne pas tuer, vivre en accord avec ses fr\u00e8res, s\u2019accorder avec ses adversaires, ne pas commettre d\u2019adult\u00e8re, m\u00eame pas en pens\u00e9e (<em>28 Mais moi, je vous dis que quiconque regarde une femme pour la convoiter a d\u00e9j\u00e0 commis un adult\u00e8re avec elle dans son c\u0153ur<\/em>), ne pas se parjurer.<\/p>\n<div class=\"link-article\">\n<p><img loading=\"lazy\" decoding=\"async\" class=\"alignnone size-full wp-image-9877\" src=\"https:\/\/blog.holyart.it\/fr\/wp-content\/uploads\/sites\/14\/2025\/02\/Les-dix-commandements.jpg\" alt=\"Les dix commandements\" width=\"150\" height=\"99\" data-kale-share-title=\"Le discours sur la montagne de J\u00e9sus : de quoi il s\u2019agit et sa signification\" data-kale-share-url=\"https:\/\/blog.holyart.it\/fr\/?p=9865\" \/><\/p>\n<div class=\"leggi-anche\">Lire aussi :<\/div>\n<p><strong><a href=\"https:\/\/www.holyart.fr\/blog\/articles-religieux\/les-dix-commandements\/\">Les dix commandements<\/a><\/strong><br \/>\nLes Dix Commandements, ou le D\u00e9calogue, comme ils sont autrement d\u00e9finis, sont les r\u00e8gles imprim\u00e9es sur les Tables de la Loi que&#8230;<\/p>\n<\/div>\n<p>Ensuite, J\u00e9sus recommande de <strong>ne pas r\u00e9agir aux offenses avec la violence<\/strong> (<em>39 Mais moi, je vous dis de ne pas r\u00e9sister au m\u00e9chant. Si quelqu\u2019un te frappe sur la joue droite, pr\u00e9sente-lui aussi l\u2019autre<\/em>) et <strong>invite \u00e0 aimer ses ennemis<\/strong>\u00a0: \u00ab\u00a0<em>44 Mais moi, je vous dis\u00a0: Aimez vos ennemis, b\u00e9nissez ceux qui vous maudissent, faites du bien \u00e0 ceux qui vous ha\u00efssent, et priez pour ceux qui vous maltraitent et qui vous pers\u00e9cutent, 45 afin que vous soyez fils de votre P\u00e8re qui est dans les cieux\u00a0; car il fait lever son soleil sur les m\u00e9chants et sur les bons, et il fait pleuvoir sur les justes et sur les injustes. <strong>Si vous aimez ceux qui vous aiment, quelle r\u00e9compense m\u00e9ritez-vous\u00a0<\/strong>?<\/em>\u00a0\u00bb. Cette exhortation s\u2019ajoute et compl\u00e8te le commandement d\u2019aimer son prochain, en y ajoutant <strong>l\u2019amour pour l\u2019ennemi et pour l\u2019\u00e9tranger, comme nous le voyons aussi, par exemple, dans la Parabole du Bon Samaritain<\/strong>.<\/p>\n<p>La <strong>Deuxi\u00e8me section du Discours<\/strong>\u00a0(6,1-18) se concentre, par contre, sur l\u2019<strong>accomplissement de la justice devant Dieu<\/strong>, contre l\u2019orgueil, l\u2019ostentation et l\u2019autor\u00e9f\u00e9rentialit\u00e9 humaine.<\/p>\n<p>Toutes les normes de comportement et de coexistence \u00e9num\u00e9r\u00e9es dans la premi\u00e8re partie ne doivent pas \u00eatre suivies uniquement afin d\u2019<strong>obtenir l\u2019admiration des autres<\/strong>. De la m\u00eame mani\u00e8re, les bonnes \u0153uvres, la charit\u00e9, la mis\u00e9ricorde, <strong>n\u2019ont pas besoin d\u2019un public<\/strong> qui les approuve\u00a0: \u00ab\u00a0<em>2 Lors donc que tu fais l\u2019aum\u00f4ne, ne sonne pas de la trompette devant toi, comme font les hypocrites dans les synagogues et dans les rues, afin d\u2019\u00eatre glorifi\u00e9s par les hommes. Je vous le dis en v\u00e9rit\u00e9, ils re\u00e7oivent leur r\u00e9compense. 3 Mais quand tu fais l\u2019aum\u00f4ne, que ta main gauche ne sache pas ce que fait ta droite, 4 afin que ton aum\u00f4ne se fasse en secret\u00a0; et ton P\u00e8re, qui voit dans le secret, te le rendra<\/em>\u00a0\u00bb.<\/p>\n<p>De la m\u00eame mani\u00e8re, <strong>la pri\u00e8re ne doit pas n\u00e9cessairement \u00eatre pratiqu\u00e9e en public<\/strong>, afin d\u2019\u00eatre vus par les hommes. Ce n\u2019est qu\u2019\u00e0 Dieu que nous devons nous adresser, dans une entrevue intime et secr\u00e8te\u00a0: \u00ab\u00a0<em>6 Mais quand tu pries, entre dans ta chambre, ferme ta porte, et prie ton P\u00e8re qui est l\u00e0 dans le lieu secret\u00a0; et ton P\u00e8re, qui voit dans le secret, te le rendra<\/em>\u00a0\u00bb.<\/p>\n<h2>La pri\u00e8re du Notre P\u00e8re<\/h2>\n<p>Le Discours sur la Montagne inclut \u00e9galement le <a href=\"https:\/\/www.holyart.fr\/articles-religieux\/bagues-religieuses\/bague-amen-notre-pere-ita-croix-zircons-argent-925-dore\"><strong>Notre P\u00e8re<\/strong><\/a>, la pri\u00e8re avec laquelle J\u00e9sus enseigne aux disciples \u00e0 s\u2019adresser correctement \u00e0 Dieu P\u00e8re.<br \/>\nDans le Discours sur la Montagne, le Notre P\u00e8re assume un r\u00f4le central, car il repr\u00e9sente un mod\u00e8le de <strong>pri\u00e8re simple, mais riche en signification<\/strong>, un instrument qui n\u2019est pas seulement une formule \u00e0 r\u00e9citer, mais un <strong>enseignement de profonde intimit\u00e9 avec Dieu<\/strong> avec la familiarit\u00e9 et la confiance que l\u2019on pourrait r\u00e9server \u00e0 un P\u00e8re aimant.<\/p>\n<div class=\"link-product\">\n<div class=\"blocco-immagine\"><img loading=\"lazy\" decoding=\"async\" class=\"alignnone size-full wp-image-9879\" src=\"https:\/\/blog.holyart.it\/fr\/wp-content\/uploads\/sites\/14\/2025\/02\/Bague-AMEN-Notre-Pere-ITA-croix-zircons-argent-925-dore.jpg\" alt=\"Bague AMEN Notre P\u00e8re ITA croix zircons argent 925 dor\u00e9\" width=\"100\" height=\"100\" data-kale-share-title=\"Le discours sur la montagne de J\u00e9sus : de quoi il s\u2019agit et sa signification\" data-kale-share-url=\"https:\/\/blog.holyart.it\/fr\/?p=9865\" \/><\/div>\n<div class=\"blocco-contenuto\">\n<div class=\"blocco-acquista\">Acheter sur Holyart:<\/div>\n<div class=\"blocco-titolo\"><a href=\"https:\/\/www.holyart.fr\/articles-religieux\/bagues-religieuses\/bague-amen-notre-pere-ita-croix-zircons-argent-925-dore\">Bague AMEN Notre P\u00e8re ITA croix zircons argent 925 dor\u00e9 <\/a><\/div>\n<div class=\"blocco-descrizione\">Bague en argent 925 avec finition dor\u00e9.<\/div>\n<\/div>\n<\/div>\n<p>Le Notre P\u00e8re s\u2019articule <strong>en trois d\u00e9clarations qui expriment notre engagement<\/strong> dans le t\u00e9moignage de la saintet\u00e9 du nom de Dieu, dans la promotion de la venue de son r\u00e8gne et dans l\u2019acceptation et dans l\u2019adh\u00e9sion totale \u00e0 sa volont\u00e9.<\/p>\n<p>Apr\u00e8s les d\u00e9clarations, s\u2019encha\u00eenent <strong>trois requ\u00eates fondamentales<\/strong> dans la pri\u00e8re du Notre P\u00e8re\u00a0: la supplication pour le soutien quotidien de la part de Dieu, repr\u00e9sent\u00e9 par le pain qui nous est n\u00e9cessaire chaque jour\u00a0; la demande de pardon pour nos p\u00e9ch\u00e9s, symbolis\u00e9e par l\u2019acte de demander la r\u00e9mission de nos dettes spirituelles\u00a0et, enfin, la pri\u00e8re pour le salut et la protection de tous les maux et tentations qui peuvent nous faire d\u00e9vier de notre chemin.<\/p>\n<p>Cette pri\u00e8re devient ainsi un mod\u00e8le complet de <a href=\"https:\/\/www.holyart.fr\/articles-religieux\/bracelets-religieux\/bracelets-amen\/bracelet-amen-notre-pere-marron-ita\"><strong>communication avec Dieu et d\u2019engagement envers les autres<\/strong><\/a>, en refl\u00e9tant l\u2019essence de la foi chr\u00e9tienne dans la relation avec le Divin et avec son prochain.<\/p>\n<div class=\"link-product\">\n<div class=\"blocco-immagine\"><img loading=\"lazy\" decoding=\"async\" class=\"alignnone size-full wp-image-9880\" src=\"https:\/\/blog.holyart.it\/fr\/wp-content\/uploads\/sites\/14\/2025\/02\/Bracelet-Amen-Notre-Pere-marron-ITA.jpg\" alt=\"Bracelet Amen Notre P\u00e8re marron \" width=\"100\" height=\"100\" data-kale-share-title=\"Le discours sur la montagne de J\u00e9sus : de quoi il s\u2019agit et sa signification\" data-kale-share-url=\"https:\/\/blog.holyart.it\/fr\/?p=9865\" \/><\/div>\n<div class=\"blocco-contenuto\">\n<div class=\"blocco-acquista\">Acheter sur Holyart:<\/div>\n<div class=\"blocco-titolo\"><a href=\"https:\/\/www.holyart.fr\/articles-religieux\/bracelets-religieux\/bracelets-amen\/bracelet-amen-notre-pere-marron-ita\">Bracelet Amen Notre P\u00e8re marron ITA <\/a><\/div>\n<div class=\"blocco-descrizione\">Bracelet en cuir avec inscription du Notre P\u00e8re en Italien, fermeture magn\u00e9tique.<\/div>\n<\/div>\n<\/div>\n","protected":false},"excerpt":{"rendered":"<p>Avec le Discours sur la Montagne, J\u00e9sus offre une nouvelle vision de la loi divine, en offrant un mod\u00e8le de conduite r\u00e9volutionnaire bas\u00e9 sur l\u2019amour et le pardon Le Discours sur la Montagne, figurant dans l\u2019\u00c9vangile selon Matthieu (Matthieu 5,1-12), est sans doute le sermon&hellip;<\/p>\n","protected":false},"author":1,"featured_media":9874,"comment_status":"closed","ping_status":"open","sticky":false,"template":"","format":"standard","meta":{"_acf_changed":false,"footnotes":""},"categories":[8],"tags":[],"class_list":["post-9865","post","type-post","status-publish","format-standard","has-post-thumbnail","hentry","category-articles-religieux"],"acf":[],"yoast_head":"<!-- This site is optimized with the Yoast SEO plugin v26.6 - https:\/\/yoast.com\/wordpress\/plugins\/seo\/ -->\n<title>Le discours sur la montagne de J\u00e9sus : de quoi il s\u2019agit et sa signification - Holyart.fr Blog<\/title>\n<meta name=\"description\" content=\"Le Discours sur la Montagne est probablement le discours le plus c\u00e9l\u00e8bre prononc\u00e9 par J\u00e9sus, qui, avec ce sermon, a voulu offrir \u00e0...\" \/>\n<meta name=\"robots\" content=\"index, follow, max-snippet:-1, max-image-preview:large, max-video-preview:-1\" \/>\n<link rel=\"canonical\" href=\"https:\/\/blog.holyart.it\/fr\/articles-religieux\/le-discours-sur-la-montagne-de-jesus-de-quoi-il-sagit-et-sa-signification\/\" \/>\n<meta property=\"og:locale\" content=\"fr_FR\" \/>\n<meta property=\"og:type\" content=\"article\" \/>\n<meta property=\"og:title\" content=\"Le discours sur la montagne de J\u00e9sus : de quoi il s\u2019agit et sa signification - Holyart.fr Blog\" \/>\n<meta property=\"og:description\" content=\"Le Discours sur la Montagne est probablement le discours le plus c\u00e9l\u00e8bre prononc\u00e9 par J\u00e9sus, qui, avec ce sermon, a voulu offrir \u00e0...\" \/>\n<meta property=\"og:url\" content=\"https:\/\/blog.holyart.it\/fr\/articles-religieux\/le-discours-sur-la-montagne-de-jesus-de-quoi-il-sagit-et-sa-signification\/\" \/>\n<meta property=\"og:site_name\" content=\"Holyart.fr Blog\" \/>\n<meta property=\"article:published_time\" content=\"2025-03-26T09:00:39+00:00\" \/>\n<meta property=\"article:modified_time\" content=\"2026-03-17T14:35:23+00:00\" \/>\n<meta property=\"og:image\" content=\"https:\/\/blog.holyart.it\/fr\/wp-content\/uploads\/sites\/14\/2025\/02\/Le-discours-sur-la-montagne-de-Jesus.jpg\" \/>\n\t<meta property=\"og:image:width\" content=\"1000\" \/>\n\t<meta property=\"og:image:height\" content=\"666\" \/>\n\t<meta property=\"og:image:type\" content=\"image\/jpeg\" \/>\n<meta name=\"author\" content=\"Redazione\" \/>\n<meta name=\"twitter:card\" content=\"summary_large_image\" \/>\n<meta name=\"twitter:label1\" content=\"\u00c9crit par\" \/>\n\t<meta name=\"twitter:data1\" content=\"Redazione\" \/>\n\t<meta name=\"twitter:label2\" content=\"Dur\u00e9e de lecture estim\u00e9e\" \/>\n\t<meta name=\"twitter:data2\" content=\"14 minutes\" \/>\n<script type=\"application\/ld+json\" class=\"yoast-schema-graph\">{\"@context\":\"https:\/\/schema.org\",\"@graph\":[{\"@type\":\"Article\",\"@id\":\"https:\/\/blog.holyart.it\/fr\/articles-religieux\/le-discours-sur-la-montagne-de-jesus-de-quoi-il-sagit-et-sa-signification\/#article\",\"isPartOf\":{\"@id\":\"https:\/\/blog.holyart.it\/fr\/articles-religieux\/le-discours-sur-la-montagne-de-jesus-de-quoi-il-sagit-et-sa-signification\/\"},\"author\":{\"name\":\"Redazione\",\"@id\":\"https:\/\/blog.holyart.it\/fr\/#\/schema\/person\/0a7b686e5af0f856ec1e390dd0baecda\"},\"headline\":\"Le discours sur la montagne de J\u00e9sus : de quoi il s\u2019agit et sa signification\",\"datePublished\":\"2025-03-26T09:00:39+00:00\",\"dateModified\":\"2026-03-17T14:35:23+00:00\",\"mainEntityOfPage\":{\"@id\":\"https:\/\/blog.holyart.it\/fr\/articles-religieux\/le-discours-sur-la-montagne-de-jesus-de-quoi-il-sagit-et-sa-signification\/\"},\"wordCount\":2565,\"publisher\":{\"@id\":\"https:\/\/blog.holyart.it\/fr\/#organization\"},\"image\":{\"@id\":\"https:\/\/blog.holyart.it\/fr\/articles-religieux\/le-discours-sur-la-montagne-de-jesus-de-quoi-il-sagit-et-sa-signification\/#primaryimage\"},\"thumbnailUrl\":\"https:\/\/blog.holyart.it\/fr\/wp-content\/uploads\/sites\/14\/2025\/02\/Le-discours-sur-la-montagne-de-Jesus.jpg\",\"articleSection\":[\"Religion\"],\"inLanguage\":\"fr-FR\"},{\"@type\":\"WebPage\",\"@id\":\"https:\/\/blog.holyart.it\/fr\/articles-religieux\/le-discours-sur-la-montagne-de-jesus-de-quoi-il-sagit-et-sa-signification\/\",\"url\":\"https:\/\/blog.holyart.it\/fr\/articles-religieux\/le-discours-sur-la-montagne-de-jesus-de-quoi-il-sagit-et-sa-signification\/\",\"name\":\"Le discours sur la montagne de J\u00e9sus : de quoi il s\u2019agit et sa signification - Holyart.fr Blog\",\"isPartOf\":{\"@id\":\"https:\/\/blog.holyart.it\/fr\/#website\"},\"primaryImageOfPage\":{\"@id\":\"https:\/\/blog.holyart.it\/fr\/articles-religieux\/le-discours-sur-la-montagne-de-jesus-de-quoi-il-sagit-et-sa-signification\/#primaryimage\"},\"image\":{\"@id\":\"https:\/\/blog.holyart.it\/fr\/articles-religieux\/le-discours-sur-la-montagne-de-jesus-de-quoi-il-sagit-et-sa-signification\/#primaryimage\"},\"thumbnailUrl\":\"https:\/\/blog.holyart.it\/fr\/wp-content\/uploads\/sites\/14\/2025\/02\/Le-discours-sur-la-montagne-de-Jesus.jpg\",\"datePublished\":\"2025-03-26T09:00:39+00:00\",\"dateModified\":\"2026-03-17T14:35:23+00:00\",\"description\":\"Le Discours sur la Montagne est probablement le discours le plus c\u00e9l\u00e8bre prononc\u00e9 par J\u00e9sus, qui, avec ce sermon, a voulu offrir \u00e0...\",\"breadcrumb\":{\"@id\":\"https:\/\/blog.holyart.it\/fr\/articles-religieux\/le-discours-sur-la-montagne-de-jesus-de-quoi-il-sagit-et-sa-signification\/#breadcrumb\"},\"inLanguage\":\"fr-FR\",\"potentialAction\":[{\"@type\":\"ReadAction\",\"target\":[\"https:\/\/blog.holyart.it\/fr\/articles-religieux\/le-discours-sur-la-montagne-de-jesus-de-quoi-il-sagit-et-sa-signification\/\"]}]},{\"@type\":\"ImageObject\",\"inLanguage\":\"fr-FR\",\"@id\":\"https:\/\/blog.holyart.it\/fr\/articles-religieux\/le-discours-sur-la-montagne-de-jesus-de-quoi-il-sagit-et-sa-signification\/#primaryimage\",\"url\":\"https:\/\/blog.holyart.it\/fr\/wp-content\/uploads\/sites\/14\/2025\/02\/Le-discours-sur-la-montagne-de-Jesus.jpg\",\"contentUrl\":\"https:\/\/blog.holyart.it\/fr\/wp-content\/uploads\/sites\/14\/2025\/02\/Le-discours-sur-la-montagne-de-Jesus.jpg\",\"width\":1000,\"height\":666,\"caption\":\"Le discours sur la montagne de J\u00e9sus\"},{\"@type\":\"BreadcrumbList\",\"@id\":\"https:\/\/blog.holyart.it\/fr\/articles-religieux\/le-discours-sur-la-montagne-de-jesus-de-quoi-il-sagit-et-sa-signification\/#breadcrumb\",\"itemListElement\":[{\"@type\":\"ListItem\",\"position\":1,\"name\":\"Homepage\",\"item\":\"https:\/\/blog.holyart.it\/fr\/\"},{\"@type\":\"ListItem\",\"position\":2,\"name\":\"Religion\",\"item\":\"https:\/\/blog.holyart.it\/fr\/articles-religieux\/\"},{\"@type\":\"ListItem\",\"position\":3,\"name\":\"Le discours sur la montagne de J\u00e9sus : de quoi il s\u2019agit et sa signification\"}]},{\"@type\":\"WebSite\",\"@id\":\"https:\/\/blog.holyart.it\/fr\/#website\",\"url\":\"https:\/\/blog.holyart.it\/fr\/\",\"name\":\"Holyart.fr Blog\",\"description\":\"Holyblog\",\"publisher\":{\"@id\":\"https:\/\/blog.holyart.it\/fr\/#organization\"},\"potentialAction\":[{\"@type\":\"SearchAction\",\"target\":{\"@type\":\"EntryPoint\",\"urlTemplate\":\"https:\/\/blog.holyart.it\/fr\/?s={search_term_string}\"},\"query-input\":{\"@type\":\"PropertyValueSpecification\",\"valueRequired\":true,\"valueName\":\"search_term_string\"}}],\"inLanguage\":\"fr-FR\"},{\"@type\":\"Organization\",\"@id\":\"https:\/\/blog.holyart.it\/fr\/#organization\",\"name\":\"Holyart.fr Blog\",\"url\":\"https:\/\/blog.holyart.it\/fr\/\",\"logo\":{\"@type\":\"ImageObject\",\"inLanguage\":\"fr-FR\",\"@id\":\"https:\/\/blog.holyart.it\/fr\/#\/schema\/logo\/image\/\",\"url\":\"https:\/\/blog.holyart.it\/fr\/wp-content\/uploads\/sites\/14\/2022\/12\/Holyart_Blog_Logo.jpg\",\"contentUrl\":\"https:\/\/blog.holyart.it\/fr\/wp-content\/uploads\/sites\/14\/2022\/12\/Holyart_Blog_Logo.jpg\",\"width\":300,\"height\":50,\"caption\":\"Holyart.fr Blog\"},\"image\":{\"@id\":\"https:\/\/blog.holyart.it\/fr\/#\/schema\/logo\/image\/\"}},{\"@type\":\"Person\",\"@id\":\"https:\/\/blog.holyart.it\/fr\/#\/schema\/person\/0a7b686e5af0f856ec1e390dd0baecda\",\"name\":\"Redazione\",\"image\":{\"@type\":\"ImageObject\",\"inLanguage\":\"fr-FR\",\"@id\":\"https:\/\/blog.holyart.it\/fr\/#\/schema\/person\/image\/\",\"url\":\"https:\/\/secure.gravatar.com\/avatar\/f477da817f43e50d0af36abecd33e3edf826c68299714bdc1057dff3b113f516?s=96&d=mm&r=g\",\"contentUrl\":\"https:\/\/secure.gravatar.com\/avatar\/f477da817f43e50d0af36abecd33e3edf826c68299714bdc1057dff3b113f516?s=96&d=mm&r=g\",\"caption\":\"Redazione\"},\"url\":\"https:\/\/blog.holyart.it\/fr\/author\/admin\/\"}]}<\/script>\n<!-- \/ Yoast SEO plugin. -->","yoast_head_json":{"title":"Le discours sur la montagne de J\u00e9sus : de quoi il s\u2019agit et sa signification - Holyart.fr Blog","description":"Le Discours sur la Montagne est probablement le discours le plus c\u00e9l\u00e8bre prononc\u00e9 par J\u00e9sus, qui, avec ce sermon, a voulu offrir \u00e0...","robots":{"index":"index","follow":"follow","max-snippet":"max-snippet:-1","max-image-preview":"max-image-preview:large","max-video-preview":"max-video-preview:-1"},"canonical":"https:\/\/blog.holyart.it\/fr\/articles-religieux\/le-discours-sur-la-montagne-de-jesus-de-quoi-il-sagit-et-sa-signification\/","og_locale":"fr_FR","og_type":"article","og_title":"Le discours sur la montagne de J\u00e9sus : de quoi il s\u2019agit et sa signification - Holyart.fr Blog","og_description":"Le Discours sur la Montagne est probablement le discours le plus c\u00e9l\u00e8bre prononc\u00e9 par J\u00e9sus, qui, avec ce sermon, a voulu offrir \u00e0...","og_url":"https:\/\/blog.holyart.it\/fr\/articles-religieux\/le-discours-sur-la-montagne-de-jesus-de-quoi-il-sagit-et-sa-signification\/","og_site_name":"Holyart.fr Blog","article_published_time":"2025-03-26T09:00:39+00:00","article_modified_time":"2026-03-17T14:35:23+00:00","og_image":[{"width":1000,"height":666,"url":"https:\/\/blog.holyart.it\/fr\/wp-content\/uploads\/sites\/14\/2025\/02\/Le-discours-sur-la-montagne-de-Jesus.jpg","type":"image\/jpeg"}],"author":"Redazione","twitter_card":"summary_large_image","twitter_misc":{"\u00c9crit par":"Redazione","Dur\u00e9e de lecture estim\u00e9e":"14 minutes"},"schema":{"@context":"https:\/\/schema.org","@graph":[{"@type":"Article","@id":"https:\/\/blog.holyart.it\/fr\/articles-religieux\/le-discours-sur-la-montagne-de-jesus-de-quoi-il-sagit-et-sa-signification\/#article","isPartOf":{"@id":"https:\/\/blog.holyart.it\/fr\/articles-religieux\/le-discours-sur-la-montagne-de-jesus-de-quoi-il-sagit-et-sa-signification\/"},"author":{"name":"Redazione","@id":"https:\/\/blog.holyart.it\/fr\/#\/schema\/person\/0a7b686e5af0f856ec1e390dd0baecda"},"headline":"Le discours sur la montagne de J\u00e9sus : de quoi il s\u2019agit et sa signification","datePublished":"2025-03-26T09:00:39+00:00","dateModified":"2026-03-17T14:35:23+00:00","mainEntityOfPage":{"@id":"https:\/\/blog.holyart.it\/fr\/articles-religieux\/le-discours-sur-la-montagne-de-jesus-de-quoi-il-sagit-et-sa-signification\/"},"wordCount":2565,"publisher":{"@id":"https:\/\/blog.holyart.it\/fr\/#organization"},"image":{"@id":"https:\/\/blog.holyart.it\/fr\/articles-religieux\/le-discours-sur-la-montagne-de-jesus-de-quoi-il-sagit-et-sa-signification\/#primaryimage"},"thumbnailUrl":"https:\/\/blog.holyart.it\/fr\/wp-content\/uploads\/sites\/14\/2025\/02\/Le-discours-sur-la-montagne-de-Jesus.jpg","articleSection":["Religion"],"inLanguage":"fr-FR"},{"@type":"WebPage","@id":"https:\/\/blog.holyart.it\/fr\/articles-religieux\/le-discours-sur-la-montagne-de-jesus-de-quoi-il-sagit-et-sa-signification\/","url":"https:\/\/blog.holyart.it\/fr\/articles-religieux\/le-discours-sur-la-montagne-de-jesus-de-quoi-il-sagit-et-sa-signification\/","name":"Le discours sur la montagne de J\u00e9sus : de quoi il s\u2019agit et sa signification - Holyart.fr Blog","isPartOf":{"@id":"https:\/\/blog.holyart.it\/fr\/#website"},"primaryImageOfPage":{"@id":"https:\/\/blog.holyart.it\/fr\/articles-religieux\/le-discours-sur-la-montagne-de-jesus-de-quoi-il-sagit-et-sa-signification\/#primaryimage"},"image":{"@id":"https:\/\/blog.holyart.it\/fr\/articles-religieux\/le-discours-sur-la-montagne-de-jesus-de-quoi-il-sagit-et-sa-signification\/#primaryimage"},"thumbnailUrl":"https:\/\/blog.holyart.it\/fr\/wp-content\/uploads\/sites\/14\/2025\/02\/Le-discours-sur-la-montagne-de-Jesus.jpg","datePublished":"2025-03-26T09:00:39+00:00","dateModified":"2026-03-17T14:35:23+00:00","description":"Le Discours sur la Montagne est probablement le discours le plus c\u00e9l\u00e8bre prononc\u00e9 par J\u00e9sus, qui, avec ce sermon, a voulu offrir \u00e0...","breadcrumb":{"@id":"https:\/\/blog.holyart.it\/fr\/articles-religieux\/le-discours-sur-la-montagne-de-jesus-de-quoi-il-sagit-et-sa-signification\/#breadcrumb"},"inLanguage":"fr-FR","potentialAction":[{"@type":"ReadAction","target":["https:\/\/blog.holyart.it\/fr\/articles-religieux\/le-discours-sur-la-montagne-de-jesus-de-quoi-il-sagit-et-sa-signification\/"]}]},{"@type":"ImageObject","inLanguage":"fr-FR","@id":"https:\/\/blog.holyart.it\/fr\/articles-religieux\/le-discours-sur-la-montagne-de-jesus-de-quoi-il-sagit-et-sa-signification\/#primaryimage","url":"https:\/\/blog.holyart.it\/fr\/wp-content\/uploads\/sites\/14\/2025\/02\/Le-discours-sur-la-montagne-de-Jesus.jpg","contentUrl":"https:\/\/blog.holyart.it\/fr\/wp-content\/uploads\/sites\/14\/2025\/02\/Le-discours-sur-la-montagne-de-Jesus.jpg","width":1000,"height":666,"caption":"Le discours sur la montagne de J\u00e9sus"},{"@type":"BreadcrumbList","@id":"https:\/\/blog.holyart.it\/fr\/articles-religieux\/le-discours-sur-la-montagne-de-jesus-de-quoi-il-sagit-et-sa-signification\/#breadcrumb","itemListElement":[{"@type":"ListItem","position":1,"name":"Homepage","item":"https:\/\/blog.holyart.it\/fr\/"},{"@type":"ListItem","position":2,"name":"Religion","item":"https:\/\/blog.holyart.it\/fr\/articles-religieux\/"},{"@type":"ListItem","position":3,"name":"Le discours sur la montagne de J\u00e9sus : de quoi il s\u2019agit et sa signification"}]},{"@type":"WebSite","@id":"https:\/\/blog.holyart.it\/fr\/#website","url":"https:\/\/blog.holyart.it\/fr\/","name":"Holyart.fr Blog","description":"Holyblog","publisher":{"@id":"https:\/\/blog.holyart.it\/fr\/#organization"},"potentialAction":[{"@type":"SearchAction","target":{"@type":"EntryPoint","urlTemplate":"https:\/\/blog.holyart.it\/fr\/?s={search_term_string}"},"query-input":{"@type":"PropertyValueSpecification","valueRequired":true,"valueName":"search_term_string"}}],"inLanguage":"fr-FR"},{"@type":"Organization","@id":"https:\/\/blog.holyart.it\/fr\/#organization","name":"Holyart.fr Blog","url":"https:\/\/blog.holyart.it\/fr\/","logo":{"@type":"ImageObject","inLanguage":"fr-FR","@id":"https:\/\/blog.holyart.it\/fr\/#\/schema\/logo\/image\/","url":"https:\/\/blog.holyart.it\/fr\/wp-content\/uploads\/sites\/14\/2022\/12\/Holyart_Blog_Logo.jpg","contentUrl":"https:\/\/blog.holyart.it\/fr\/wp-content\/uploads\/sites\/14\/2022\/12\/Holyart_Blog_Logo.jpg","width":300,"height":50,"caption":"Holyart.fr Blog"},"image":{"@id":"https:\/\/blog.holyart.it\/fr\/#\/schema\/logo\/image\/"}},{"@type":"Person","@id":"https:\/\/blog.holyart.it\/fr\/#\/schema\/person\/0a7b686e5af0f856ec1e390dd0baecda","name":"Redazione","image":{"@type":"ImageObject","inLanguage":"fr-FR","@id":"https:\/\/blog.holyart.it\/fr\/#\/schema\/person\/image\/","url":"https:\/\/secure.gravatar.com\/avatar\/f477da817f43e50d0af36abecd33e3edf826c68299714bdc1057dff3b113f516?s=96&d=mm&r=g","contentUrl":"https:\/\/secure.gravatar.com\/avatar\/f477da817f43e50d0af36abecd33e3edf826c68299714bdc1057dff3b113f516?s=96&d=mm&r=g","caption":"Redazione"},"url":"https:\/\/blog.holyart.it\/fr\/author\/admin\/"}]}},"_links":{"self":[{"href":"https:\/\/blog.holyart.it\/fr\/wp-json\/wp\/v2\/posts\/9865","targetHints":{"allow":["GET"]}}],"collection":[{"href":"https:\/\/blog.holyart.it\/fr\/wp-json\/wp\/v2\/posts"}],"about":[{"href":"https:\/\/blog.holyart.it\/fr\/wp-json\/wp\/v2\/types\/post"}],"author":[{"embeddable":true,"href":"https:\/\/blog.holyart.it\/fr\/wp-json\/wp\/v2\/users\/1"}],"replies":[{"embeddable":true,"href":"https:\/\/blog.holyart.it\/fr\/wp-json\/wp\/v2\/comments?post=9865"}],"version-history":[{"count":8,"href":"https:\/\/blog.holyart.it\/fr\/wp-json\/wp\/v2\/posts\/9865\/revisions"}],"predecessor-version":[{"id":9881,"href":"https:\/\/blog.holyart.it\/fr\/wp-json\/wp\/v2\/posts\/9865\/revisions\/9881"}],"wp:featuredmedia":[{"embeddable":true,"href":"https:\/\/blog.holyart.it\/fr\/wp-json\/wp\/v2\/media\/9874"}],"wp:attachment":[{"href":"https:\/\/blog.holyart.it\/fr\/wp-json\/wp\/v2\/media?parent=9865"}],"wp:term":[{"taxonomy":"category","embeddable":true,"href":"https:\/\/blog.holyart.it\/fr\/wp-json\/wp\/v2\/categories?post=9865"},{"taxonomy":"post_tag","embeddable":true,"href":"https:\/\/blog.holyart.it\/fr\/wp-json\/wp\/v2\/tags?post=9865"}],"curies":[{"name":"wp","href":"https:\/\/api.w.org\/{rel}","templated":true}]}}