{"id":9799,"date":"2025-03-13T11:00:37","date_gmt":"2025-03-13T10:00:37","guid":{"rendered":"https:\/\/blog.holyart.it\/fr\/?p=9799"},"modified":"2026-04-03T09:30:25","modified_gmt":"2026-04-03T07:30:25","slug":"jesus-bon-pasteur-pourquoi-cette-comparaison","status":"publish","type":"post","link":"https:\/\/blog.holyart.it\/fr\/articles-religieux\/jesus-bon-pasteur-pourquoi-cette-comparaison\/","title":{"rendered":"J\u00e9sus Bon Pasteur : pourquoi cette comparaison?"},"content":{"rendered":"<h4><em>Le quatri\u00e8me dimanche de P\u00e2ques, la liturgie c\u00e9l\u00e8bre J\u00e9sus Bon Pasteur. Comment nait cette image de Christ\u00a0?<\/em><\/h4>\n\n<p>Nous avons l\u2019habitude d\u2019entendre parler de J\u00e9sus comme du <a href=\"https:\/\/www.holyart.fr\/articles-religieux\/statues\/statues-en-resine-et-pvc\/statue-bon-pasteur-jesus-moutons-h-20-cm\"><strong>Bon Pasteur<\/strong><\/a>. D\u00e8s notre enfance, nous avons vu des images pieuses et des statuettes qui le repr\u00e9sentent avec moutons et agneaux. Mais d\u2019o\u00f9 nait cette image ?<\/p>\n<p>Parmi les repr\u00e9sentations symboliques de J\u00e9sus, celle du Bon Pasteur \u00e9tait probablement la plus r\u00e9pandue d\u00e9j\u00e0 dans les premiers si\u00e8cles du Christianisme, quand les chr\u00e9tiens devaient se r\u00e9fugier dans les catacombes pour pratiquer leur foi. C\u2019est ici que nous trouvons les premi\u00e8res repr\u00e9sentations d\u2019un jeune homme qui porte un agneau autour du cou, une repr\u00e9sentation qui d\u00e9rive d\u2019une image pa\u00efenne, celle de <em>Hermes Kriophoro<\/em> qui porte le b\u00e9lier sacrifi\u00e9.<\/p>\n<div class=\"link-product\">\n<div class=\"blocco-immagine\"><img loading=\"lazy\" decoding=\"async\" class=\"size-full wp-image-9802 alignleft\" src=\"https:\/\/blog.holyart.it\/fr\/wp-content\/uploads\/sites\/14\/2025\/02\/statue-bon-pasteur-jesus-moutons-h-20-cm.jpg\" alt=\"statue bon pasteur\" width=\"100\" height=\"100\" data-kale-share-title=\"J\u00e9sus Bon Pasteur : pourquoi cette comparaison?\" data-kale-share-url=\"https:\/\/blog.holyart.it\/fr\/?p=9799\" \/><\/div>\n<div class=\"blocco-contenuto\">\n<div class=\"blocco-acquista\">Acheter sur Holyart:<\/div>\n<div class=\"blocco-titolo\"><a href=\"https:\/\/www.holyart.fr\/articles-religieux\/statues\/statues-en-resine-et-pvc\/statue-bon-pasteur-jesus-moutons-h-20-cm\">Statue Bon Pasteur J\u00e9sus moutons h 20 cm<\/a><\/div>\n<div class=\"blocco-descrizione\">Haut 20 cm, habill\u00e9 en blanc, rouge et or, avec un agneau \u00e0 bras et un mouton pr\u00e8s de ses jambes.<\/div>\n<\/div>\n<\/div>\n<p>M\u00eame si la repr\u00e9sentation continua d\u2019\u00eatre utilis\u00e9e au cours des si\u00e8cles suivants, apr\u00e8s la proclamation du Christianisme comme religion officielle, c\u2019est seulement au Ve si\u00e8cle qu\u2019elle fut d\u00e9finie dans sa forme conventionnelle. J\u00e9sus est repr\u00e9sent\u00e9 selon l\u2019iconographie de l\u2019\u00e9poque, avec des v\u00eatements somptueux, l\u2019aur\u00e9ole autour de la t\u00eate et un mouton sur les \u00e9paules.<\/p>\n<p>C\u2019est l\u2019<strong>\u00c9vangile selon Jean <\/strong>qui nous d\u00e9crit J\u00e9sus comme <a href=\"https:\/\/www.holyart.fr\/articles-religieux\/statues\/statues-en-pierre\/bon-pasteur-38-cm-pierre-bethleem\"><strong>le Bon Pasteur qui sacrifie sa personne pour Ses moutons<\/strong><\/a>. En fait, c\u2019est J\u00e9sus en personne qui se d\u00e9finit comme tel\u00a0: \u00ab\u00a0<em>En v\u00e9rit\u00e9, en v\u00e9rit\u00e9, je vous le dis, <strong>je suis la porte des brebis<\/strong>. Tous ceux qui sont venus avant moi sont des voleurs et des brigands\u00a0; mais les brebis ne les ont point \u00e9cout\u00e9s. Je suis la porte. <strong>Si quelqu\u2019un entre par moi, il sera sauv\u00e9<\/strong>\u00a0; il entrera et il sortira, et il trouvera des p\u00e2turages. Le voleur ne vient que pour d\u00e9rober, \u00e9gorger et d\u00e9truire\u00a0; moi, je suis venu afin que les brebis aient la vie, et qu\u2019elles soient dans l\u2019abondance. Je suis le bon berger. <strong>Le bon berger donne sa vie pour ses brebis<\/strong>. Mais le mercenaire, qui n\u2019est pas le berger, et \u00e0 qui n\u2019appartiennent pas les brebis, voit venir le loup, abandonne les brebis, et prend la fuite\u00a0; et le loup les ravit et les disperse. Le mercenaire s\u2019enfuit, parce qu\u2019il est mercenaire, et qu\u2019il ne se met point en peine des brebis. <strong>Je suis le bon berger. Je connais mes brebis, et elles me connaissent<\/strong>, comme le P\u00e8re me conna\u00eet et comme je connais le P\u00e8re\u00a0; <strong>et je donne ma vie pour mes brebis<\/strong>. <strong>J\u2019ai encore d\u2019autres brebis, qui ne sont pas de cette bergerie\u00a0; celles-l\u00e0, il faut que je les am\u00e8ne\u00a0; elles entendront ma voix, et il y aura un seul troupeau, un seul berger<\/strong>. Le P\u00e8re m\u2019aime, parce que je donne ma vie, afin de la reprendre. Personne ne me l\u2019\u00f4te, mais je la donne de moi-m\u00eame\u00a0; j\u2019ai le pouvoir de la donner, et j\u2019ai le pouvoir de la reprendre\u00a0: tel est l\u2019ordre que j\u2019ai re\u00e7u de mon P\u00e8re<\/em>\u00a0\u00bb (Jean 10, 7-18).<\/p>\n<div class=\"link-product\">\n<div class=\"blocco-immagine\"><img loading=\"lazy\" decoding=\"async\" class=\"size-full wp-image-9803 alignleft\" src=\"https:\/\/blog.holyart.it\/fr\/wp-content\/uploads\/sites\/14\/2025\/02\/bon-pasteur-38-cm-pierre-bethleem.jpg\" alt=\"bon pasteur 38cm \" width=\"100\" height=\"100\" data-kale-share-title=\"J\u00e9sus Bon Pasteur : pourquoi cette comparaison?\" data-kale-share-url=\"https:\/\/blog.holyart.it\/fr\/?p=9799\" \/><\/div>\n<div class=\"blocco-contenuto\">\n<div class=\"blocco-acquista\">Acheter sur Holyart:<\/div>\n<div class=\"blocco-titolo\"><a href=\"https:\/\/www.holyart.fr\/articles-religieux\/statues\/statues-en-pierre\/bon-pasteur-38-cm-pierre-bethleem\">Bon pasteur 38 cm pierre Bethl\u00e9em<\/a><\/div>\n<div class=\"blocco-descrizione\">Statue r\u00e9alis\u00e9e \u00e0 la main en poudre de pierre des Pyr\u00e9n\u00e9es par les soeurs du monast\u00e8re de Bethl\u00e9em en France.<\/div>\n<\/div>\n<\/div>\n<p>La p\u00e9ricope ou parabole du Bon Pasteur n\u2019est pas le seul passage des \u00c9vangiles o\u00f9 on utilise l\u2019image du berger et des moutons. Pensons \u00e0 la parabole du mouton \u00e9gar\u00e9, une des trois paraboles de la mis\u00e9ricorde. Elle parle d\u2019un berger qui, s\u2019\u00e9tant aper\u00e7u avoir \u00e9gar\u00e9 un de ses moutons, laisse tout le troupeau pour retourner le chercher. Nous la lisons dans l\u2019\u00c9vangile de Matthieu et dans celui de Luc et sa signification est simple : comme le bon berger ne s\u2019inqui\u00e8te pas pour son troupeau entier, mais affronte chaque adversit\u00e9 pour retrouver le seul mouton qui s\u2019\u00e9tait \u00e9gar\u00e9, ainsi Dieu aura toujours plus \u00e0 c\u0153ur ceux qui, apr\u00e8s avoir perdu le chemin et s\u2019\u00eatre perdus dans l\u2019obscurit\u00e9 du p\u00e9ch\u00e9, retrouvent la foi et la voie de l\u2019amour, plut\u00f4t que ceux qui n\u2019ont jamais h\u00e9sit\u00e9.<\/p>\n<p>D\u00e9j\u00e0 <strong>\u00c9z\u00e9chiel<\/strong> avait parl\u00e9 de <a href=\"https:\/\/www.holyart.fr\/occasions-speciales\/creche-de-paques\/santon-jesus-bon-pasteur-9-cm-en-resine\"><strong>Dieu comme d\u2019un berger<\/strong><\/a> qui va \u00e0 la recherche de ses moutons pour en prendre soin et les rassemble de toute part pour les amener \u00e0 des p\u00e2turages fertiles et tranquilles, et cherchera et soignera ceux qui se seront \u00e9gar\u00e9s\u00a0: \u00ab\u00a0<em>Car ainsi parle le Seigneur, l\u2019\u00c9ternel\u00a0: Voici, <strong>j\u2019aurai soin moi-m\u00eame de mes brebis, et j\u2019en ferai la revue<\/strong>. Comme un pasteur inspecte son troupeau quand il est au milieu de ses brebis \u00e9parses, ainsi je ferai la revue de mes brebis, et <strong>je les recueillerai de tous les lieux o\u00f9 elles ont \u00e9t\u00e9 dispers\u00e9es <\/strong>au jour des nuages et de l\u2019obscurit\u00e9. Je les retirerais d\u2019entre les peuples, je les rassemblerai des diverses contr\u00e9es, et je les ram\u00e8nerais dans leur pays\u00a0; je les ferai pa\u00eetre sur les montagnes d\u2019Isra\u00ebl, le long des ruisseaux, et dans tous les lieux habit\u00e9s du pays. <strong>Je les ferai pa\u00eetre dans un bon p\u00e2turage<\/strong>, et leur demeure sera sur les montagnes \u00e9lev\u00e9es d\u2019Isra\u00ebl\u00a0; l\u00e0 elles reposeront dans un agr\u00e9able asile, et elles auront de gras p\u00e2turages sur les montagnes d\u2019Isra\u00ebl. <strong>C\u2019est moi qui ferai pa\u00eetre mes brebis, c\u2019est moi qui les ferai reposer<\/strong>, dit le Seigneur, l\u2019\u00c9ternel. <strong>Je chercherai celle qui \u00e9tait perdue, je ram\u00e8nerai celle qui \u00e9tait \u00e9gar\u00e9e<\/strong>, je panserai celle qui est bless\u00e9e, et je fortifierai celle qui est malade. Mais je d\u00e9truirai celles qui sont grasses et vigoureuses. Je veux les pa\u00eetre avec justice\u00a0<\/em>\u00bb (\u00c9z\u00e9chiel 34,11-16).<\/p>\n<div class=\"link-product\">\n<div class=\"blocco-immagine\"><img loading=\"lazy\" decoding=\"async\" class=\"size-full wp-image-9806 alignleft\" src=\"https:\/\/blog.holyart.it\/fr\/wp-content\/uploads\/sites\/14\/2025\/02\/santon-jesus-bon-pasteur-9-cm-en-resine-1.jpg\" alt=\"jesus bon pasteur\" width=\"100\" height=\"100\" data-kale-share-title=\"J\u00e9sus Bon Pasteur : pourquoi cette comparaison?\" data-kale-share-url=\"https:\/\/blog.holyart.it\/fr\/?p=9799\" \/><\/div>\n<div class=\"blocco-contenuto\">\n<div class=\"blocco-acquista\">Acheter sur Holyart:<\/div>\n<div class=\"blocco-titolo\"><a href=\"https:\/\/www.holyart.fr\/occasions-speciales\/creche-de-paques\/santon-jesus-bon-pasteur-9-cm-en-resine\">Santon J\u00e9sus Bon Pasteur en r\u00e9sine<\/a><\/div>\n<div class=\"blocco-descrizione\">Id\u00e9al pour construire votre cr\u00e8che de P\u00e2ques.<\/div>\n<\/div>\n<\/div>\n<p>Pensons \u00e9galement au <strong>Psaume 23<\/strong>, le Psaume de David\u00a0:<\/p>\n<p><em>L\u2019\u00c9ternel est mon berger:<\/em><br \/>\n<em>je ne manquerai de rien.<\/em><br \/>\n<em>Il me fait reposer dans de verts p\u00e2turages,<\/em><br \/>\n<em>il me dirige pr\u00e8s des eaux paisibles.<\/em><br \/>\n<em>Il restaure mon \u00e2me, il me conduit dans les sentiers de la justice,<\/em><br \/>\n<em>\u00e0 cause de son nom.<\/em><br \/>\n<em>Quand je marche dans la vall\u00e9e de l\u2019ombre de la mort,<\/em><br \/>\n<em>je ne crains aucun mal, car tu es avec moi\u00a0:<\/em><br \/>\n<em>Ta houlette et ton b\u00e2ton me rassurent.<\/em><\/p>\n<h2>Pourquoi J\u00e9sus se compare-t-il au Bon Pasteur ?<\/h2>\n<p>En lisant la parabole du Bon Pasteur dans l\u2019\u00c9vangile de Jean, il n\u2019est pas difficile de comprendre comment en elle J\u00e9sus est en train de r\u00e9v\u00e9ler le futur, <a href=\"https:\/\/www.holyart.fr\/blog\/articles-religieux\/lhistoire-de-jesus-les-evenements-les-plus-importants-de-sa-vie\/\"><strong><u>son propre Sacrifice<\/u><\/strong><\/a>. Comme le berger est pr\u00eat \u00e0 donner sa vie pour ses moutons, ainsi <strong>J\u00e9sus donne sa vie pour les hommes<\/strong>, en s\u2019immolant et en se livrant \u00e0 une souffrance abominable. Mais ce n\u2019est pas tout. Il d\u00e9clare son amour non seulement pour les moutons de son troupeau, <strong>mais aussi pour celles qui vivent en dehors de la bergerie<\/strong>, et dans cela nous pouvons lire le d\u00e9sir de rassembler autour de Lui non seulement ceux qui lui sont d\u00e9vou\u00e9s, mais aussi ceux qui ne croient pas encore en Lui.<\/p>\n<p>Dans la parabole du mouton \u00e9gar\u00e9, ensuite, le <strong>message d\u2019amour <\/strong>de J\u00e9sus, pr\u00eat \u00e0 <strong>pardonner les p\u00e9cheurs<\/strong>, voire \u00e0 <strong>les aimer encore plus<\/strong> justement parce que fragiles, vuln\u00e9rables au p\u00e9ch\u00e9, \u00e9merge de mani\u00e8re tr\u00e8s forte. C\u2019est justement \u00e0 ces personnes que J\u00e9sus r\u00e9serve le plus grand soin, pour les retrouver, les accueillir, les soigner dans le corps et dans l\u2019\u00e2me, exactement comme un berger r\u00e9serve plus d\u2019attentions aux moutons malades et bless\u00e9s.<\/p>\n<div class=\"link-article\">\n<p><img loading=\"lazy\" decoding=\"async\" class=\"size-full wp-image-9808 alignleft\" src=\"https:\/\/blog.holyart.it\/fr\/wp-content\/uploads\/sites\/14\/2025\/02\/Lhistoire-de-Jesus-les-evenements-les-plus-importants-de-Sa-vie.jpg\" alt=\"histoire de jesus\" width=\"150\" height=\"100\" data-kale-share-title=\"J\u00e9sus Bon Pasteur : pourquoi cette comparaison?\" data-kale-share-url=\"https:\/\/blog.holyart.it\/fr\/?p=9799\" \/><\/p>\n<div class=\"leggi-anche\">Lire aussi :<\/div>\n<p><strong><a href=\"https:\/\/www.holyart.fr\/blog\/articles-religieux\/lhistoire-de-jesus-les-evenements-les-plus-importants-de-sa-vie\/\">L\u2019histoire de J\u00e9sus : les \u00e9v\u00e9nements les plus importants de Sa vie<\/a><\/strong><br \/>\nEntre r\u00e9cit \u00e9vang\u00e9lique, r\u00e9alit\u00e9 historique et l\u00e9gende d\u00e9votionnelle, la vicissitude humaine qui a chang\u00e9 le destin de l\u2019humanit\u00e9<\/p>\n<\/div>\n<p>J\u00e9sus se pr\u00e9sente comme le Bon Berger, pr\u00eat \u00e0 sacrifier tout pour ses moutons, \u00e0 vivre dans la solitude au milieu des p\u00e2turages, uniquement pour les nourrir de mani\u00e8re ad\u00e9quate et les garder en s\u00e9curit\u00e9. Il se d\u00e9clare gardien, voire <strong><em>porte des brebis<\/em><\/strong>, une porte \u00e0 travers laquelle il est n\u00e9cessaire de passer afin de m\u00e9riter le salut et le pardon. La <strong>nourriture<\/strong> qu\u2019il nous offre est Sa propre Chaire, Son propre Sang, dans la r\u00e9p\u00e9tition du <strong>sacrifice eucharistique<\/strong>, et ainsi non seulement il nous conduit au p\u00e2turage, mais <strong>il se fait p\u00e2turage Lui-m\u00eame<\/strong>, nourriture pour l\u2019\u00e2me, fourrage pour l\u2019esprit, eau pour notre soif in\u00e9puisable. Sa mort sur la croix n\u2019est que le d\u00e9but de l\u2019esp\u00e9rance, le d\u00e9but du salut pour Son troupeau, gard\u00e9 par Son amour g\u00e9n\u00e9reux, inspir\u00e9 par ce m\u00eame amour \u00e0 faire le m\u00eame, \u00e0 se d\u00e9dier aux autres, surtout les plus faibles, \u00e0 qui s\u2019\u00e9gare, en arrivant m\u00eame au sacrifice extr\u00eame, afin de marcher tous ensemble sur le chemin trac\u00e9 par J\u00e9sus vers le Royaume des Cieux.<\/p>\n<h2>Pri\u00e8re \u00e0 J\u00e9sus Bon Pasteur<\/h2>\n<p>Nombreuses sont les pri\u00e8res d\u00e9di\u00e9es \u00e0 <a href=\"https:\/\/www.holyart.fr\/articles-religieux\/icones-religieuses\/icones-roumaines-peintes\/icone-de-jesus-le-bon-pasteur\"><strong>Christ Bon Pasteur<\/strong><\/a>. Voici une Pri\u00e8re de Saint Jean-Paul II \u00e0 J\u00e9sus Bon Pasteur afin de favoriser les vocations chez les jeunes :<\/p>\n<p><em>Seigneur J\u00e9sus Christ,<br \/>\nBon pasteur de nos \u00e2mes,<br \/>\nqui connais tes brebis<br \/>\net sais comment rejoindre le c\u0153ur de l\u2019homme,<br \/>\nouvre l\u2019esprit et le c\u0153ur des jeunes qui cherchent<br \/>\net attendent une parole de d\u00e9cision et de paix pour leur vie.<\/em><\/p>\n<p><em>Fais-leur comprendre que c\u2019est dans le myst\u00e8re de ton Incarnation<br \/>\nqu\u2019ils trouveront la pleine lumi\u00e8re.<\/em><\/p>\n<p><em>R\u00e9veille le courage de ceux qui savent o\u00f9 chercher la v\u00e9rit\u00e9<br \/>\nmais craignent que ta demande ne soit trop exigeante.<br \/>\nMets en mouvement l\u2019\u00e2me de ces jeunes qui voudraient te suivre<br \/>\nmais ne savent pas ensuite surmonter les incertitudes et les peurs<br \/>\net finissent par suivre d\u2019autres voies<br \/>\net d\u2019autres sentiers sans d\u00e9bouch\u00e9.<\/em><\/p>\n<p><em>Toi qui es la Parole du P\u00e8re,<br \/>\nParole qui cr\u00e9e et sauve,<br \/>\nParole qui illumine et soutient les c\u0153urs,<br \/>\ntriomphe par ton Esprit des r\u00e9sistances<br \/>\net des atermoiements des \u00e2mes ind\u00e9cises ;<br \/>\nsuscite chez ceux que tu appelles<br \/>\nle courage de la r\u00e9ponse d\u2019amour\u00a0:<br \/>\n\u201cMe voici, envoie-moi !\u201d<\/em><\/p>\n<p><em>Vierge Marie, jeune fille d\u2019Isra\u00ebl,<br \/>\nsoutiens de ton amour maternel<br \/>\nces jeunes \u00e0 qui le P\u00e8re fait entendre sa Parole.<br \/>\nSoutiens ceux qui sont d\u00e9j\u00e0 consacr\u00e9s.<br \/>\nQu\u2019ils r\u00e9p\u00e8tent avec toi le oui d\u2019un don de soi-m\u00eame<br \/>\njoyeux et irr\u00e9vocable.<\/em><\/p>\n<p><em>Amen.<\/em><\/p>\n<div class=\"link-product\">\n<div class=\"blocco-immagine\"><img loading=\"lazy\" decoding=\"async\" class=\"size-full wp-image-9810 alignleft\" src=\"https:\/\/blog.holyart.it\/fr\/wp-content\/uploads\/sites\/14\/2025\/02\/icone-de-jesus-le-bon-pasteur.jpg\" alt=\"icone de jesus le bon pasteur\" width=\"100\" height=\"100\" data-kale-share-title=\"J\u00e9sus Bon Pasteur : pourquoi cette comparaison?\" data-kale-share-url=\"https:\/\/blog.holyart.it\/fr\/?p=9799\" \/><\/div>\n<div class=\"blocco-contenuto\">\n<div class=\"blocco-acquista\">Acheter sur Holyart:<\/div>\n<div class=\"blocco-titolo\"><a href=\"https:\/\/www.holyart.fr\/articles-religieux\/icones-religieuses\/icones-roumaines-peintes\/icone-de-jesus-le-bon-pasteur\">Ic\u00f4ne de J\u00e9sus le bon pasteur<\/a><\/div>\n<div class=\"blocco-descrizione\">Tr\u00e8s riche en particuliers et pr\u00e9cieuse, d\u00e9cor\u00e9e avec paillettes et peinte \u00e0 la main en Roumanie<\/div>\n<\/div>\n<\/div>\n<p>Et voici une pri\u00e8re \u00e0 J\u00e9sus Bon Pasteur que chacun de nous peut r\u00e9citer quand il se sent perdu et n\u00e9cessite d\u2019\u00eatre sauv\u00e9 :<\/p>\n<p><em>\u00a0<\/em><em>Seigneur J\u00e9sus, tu es le Bon Pasteur.<\/em><\/p>\n<p><em>Porte-moi sur tes \u00e9paules quand je connais la faiblesse.<\/em><\/p>\n<p><em>Nourris-moi de ta Parole quand je sens la faim de Dieu.<\/em><\/p>\n<p><em>Pose sur moi ton regard quand j\u2019ai besoin d\u2019\u00eatre aim\u00e9.<\/em><\/p>\n<p><em>Dirige-moi par ton b\u00e2ton de berger quand je suis perdu sur la route.<\/em><\/p>\n<p><em>Donne-moi paix et confiance quand j\u2019\u00e9prouve la solitude.<\/em><\/p>\n<p><em>Remplis-moi de ta douce joie quand le doute m\u2019assaille.<\/em><\/p>\n<p><em>Accorde-moi l\u2019audace de ton Esprit quand j\u2019ai peur de parler de toi.<\/em><\/p>\n<p><em>Fais de moi ton disciple et ami quand je veux t\u00e9moigner de toi.<\/em><\/p>\n<p><em>Sois le Pasteur des miens et de tous, conduis-les \u00e0 la source d\u2019eau vive dans ton Royaume de lumi\u00e8re et d\u2019amour.<\/em><\/p>\n<p><em>Amen\u00a0!<\/em><\/p>\n<h2>Quand f\u00eate-on J\u00e9sus Bon Pasteur ?<\/h2>\n<p>C\u2019est le <strong>quatri\u00e8me dimanche du Temps Pascal<\/strong> que nous c\u00e9l\u00e9brons J\u00e9sus Bon Pasteur. La liturgie de cette journ\u00e9e est d\u00e9di\u00e9e \u00e0 la <strong>pri\u00e8re pour les vocations<\/strong>, pour soutenir et aider les jeunes qui veulent embrasser la voie de la foi et, en g\u00e9n\u00e9ral, nous nous concentrons tous sur le d\u00e9sir exprim\u00e9 par J\u00e9sus de voir tous Ses moutons recueillis en troupeau par la foi et par l\u2019amour dans un seul et unique. En ce jour, on m\u00e9dite sur le <a href=\"https:\/\/www.holyart.fr\/accessoires-pour-la-liturgie\/attributs-episcopaux\/croix-pectorale-bon-pasteur-metal-10x7-cm\"><strong>guidance de J\u00e9sus<\/strong><\/a>, mais aussi sur la n\u00e9cessit\u00e9 de <strong>suivre Son exemple<\/strong>, d\u2019accueillir dans le troupeau m\u00eame ceux qui n\u2019en font pas partie, dans un d\u00e9sir d\u2019unit\u00e9 et d\u2019harmonie, et de pardonner, voire aider ceux qui se sont \u00e9gar\u00e9s.<\/p>\n<div class=\"link-product\">\n<div class=\"blocco-immagine\"><img loading=\"lazy\" decoding=\"async\" class=\"size-full wp-image-9811 alignleft\" src=\"https:\/\/blog.holyart.it\/fr\/wp-content\/uploads\/sites\/14\/2025\/02\/croix-pectorale-bon-pasteur-metal-10x7-cm.jpg\" alt=\"croix pectorale bon pasteur\" width=\"100\" height=\"100\" data-kale-share-title=\"J\u00e9sus Bon Pasteur : pourquoi cette comparaison?\" data-kale-share-url=\"https:\/\/blog.holyart.it\/fr\/?p=9799\" \/><\/div>\n<div class=\"blocco-contenuto\">\n<div class=\"blocco-acquista\">Acheter sur Holyart:<\/div>\n<div class=\"blocco-titolo\"><a href=\"https:\/\/www.holyart.fr\/accessoires-pour-la-liturgie\/attributs-episcopaux\/croix-pectorale-bon-pasteur-metal-10x7-cm\">Croix pectorale Bon Pasteur m\u00e9tal 10&#215;7 cm<\/a><\/div>\n<div class=\"blocco-descrizione\">Bon Pasteur qui conduit son troupeau au bercail et porte le mouton \u00e9gar\u00e9 sur ses \u00e9paules. R\u00e9alis\u00e9e par un sculpteur de G\u00e8ne (Italie),<\/div>\n<\/div>\n<\/div>\n","protected":false},"excerpt":{"rendered":"<p>Le quatri\u00e8me dimanche de P\u00e2ques, la liturgie c\u00e9l\u00e8bre J\u00e9sus Bon Pasteur. Comment nait cette image de Christ\u00a0? Nous avons l\u2019habitude d\u2019entendre parler de J\u00e9sus comme du Bon Pasteur. D\u00e8s notre enfance, nous avons vu des images pieuses et des statuettes qui le repr\u00e9sentent avec moutons&hellip;<\/p>\n","protected":false},"author":1,"featured_media":9800,"comment_status":"closed","ping_status":"open","sticky":false,"template":"","format":"standard","meta":{"_acf_changed":false,"footnotes":""},"categories":[8],"tags":[],"class_list":["post-9799","post","type-post","status-publish","format-standard","has-post-thumbnail","hentry","category-articles-religieux"],"acf":[],"yoast_head":"<!-- This site is optimized with the Yoast SEO plugin v26.6 - https:\/\/yoast.com\/wordpress\/plugins\/seo\/ -->\n<title>J\u00e9sus Bon Pasteur : pourquoi cette comparaison? - Holyart.fr Blog<\/title>\n<meta name=\"description\" content=\"J\u00e9sus le Bon Pasteur accueille tous dans son troupeau, m\u00eame ceux qui sont perdus. C&#039;est ainsi que cette image du Christ nous a toujours guid\u00e9\" \/>\n<meta name=\"robots\" content=\"index, follow, max-snippet:-1, max-image-preview:large, max-video-preview:-1\" \/>\n<link rel=\"canonical\" href=\"https:\/\/blog.holyart.it\/fr\/articles-religieux\/jesus-bon-pasteur-pourquoi-cette-comparaison\/\" \/>\n<meta property=\"og:locale\" content=\"fr_FR\" \/>\n<meta property=\"og:type\" content=\"article\" \/>\n<meta property=\"og:title\" content=\"J\u00e9sus Bon Pasteur : pourquoi cette comparaison? - Holyart.fr Blog\" \/>\n<meta property=\"og:description\" content=\"J\u00e9sus le Bon Pasteur accueille tous dans son troupeau, m\u00eame ceux qui sont perdus. C&#039;est ainsi que cette image du Christ nous a toujours guid\u00e9\" \/>\n<meta property=\"og:url\" content=\"https:\/\/blog.holyart.it\/fr\/articles-religieux\/jesus-bon-pasteur-pourquoi-cette-comparaison\/\" \/>\n<meta property=\"og:site_name\" content=\"Holyart.fr Blog\" \/>\n<meta property=\"article:published_time\" content=\"2025-03-13T10:00:37+00:00\" \/>\n<meta property=\"article:modified_time\" content=\"2026-04-03T07:30:25+00:00\" \/>\n<meta property=\"og:image\" content=\"https:\/\/blog.holyart.it\/fr\/wp-content\/uploads\/sites\/14\/2025\/02\/jesus-bon-pasteur.jpg\" \/>\n\t<meta property=\"og:image:width\" content=\"1000\" \/>\n\t<meta property=\"og:image:height\" content=\"666\" \/>\n\t<meta property=\"og:image:type\" content=\"image\/jpeg\" \/>\n<meta name=\"author\" content=\"Redazione\" \/>\n<meta name=\"twitter:card\" content=\"summary_large_image\" \/>\n<meta name=\"twitter:label1\" content=\"\u00c9crit par\" \/>\n\t<meta name=\"twitter:data1\" content=\"Redazione\" \/>\n\t<meta name=\"twitter:label2\" content=\"Dur\u00e9e de lecture estim\u00e9e\" \/>\n\t<meta name=\"twitter:data2\" content=\"12 minutes\" \/>\n<script type=\"application\/ld+json\" class=\"yoast-schema-graph\">{\"@context\":\"https:\/\/schema.org\",\"@graph\":[{\"@type\":\"Article\",\"@id\":\"https:\/\/blog.holyart.it\/fr\/articles-religieux\/jesus-bon-pasteur-pourquoi-cette-comparaison\/#article\",\"isPartOf\":{\"@id\":\"https:\/\/blog.holyart.it\/fr\/articles-religieux\/jesus-bon-pasteur-pourquoi-cette-comparaison\/\"},\"author\":{\"name\":\"Redazione\",\"@id\":\"https:\/\/blog.holyart.it\/fr\/#\/schema\/person\/0a7b686e5af0f856ec1e390dd0baecda\"},\"headline\":\"J\u00e9sus Bon Pasteur : pourquoi cette comparaison?\",\"datePublished\":\"2025-03-13T10:00:37+00:00\",\"dateModified\":\"2026-04-03T07:30:25+00:00\",\"mainEntityOfPage\":{\"@id\":\"https:\/\/blog.holyart.it\/fr\/articles-religieux\/jesus-bon-pasteur-pourquoi-cette-comparaison\/\"},\"wordCount\":2239,\"publisher\":{\"@id\":\"https:\/\/blog.holyart.it\/fr\/#organization\"},\"image\":{\"@id\":\"https:\/\/blog.holyart.it\/fr\/articles-religieux\/jesus-bon-pasteur-pourquoi-cette-comparaison\/#primaryimage\"},\"thumbnailUrl\":\"https:\/\/blog.holyart.it\/fr\/wp-content\/uploads\/sites\/14\/2025\/02\/jesus-bon-pasteur.jpg\",\"articleSection\":[\"Religion\"],\"inLanguage\":\"fr-FR\"},{\"@type\":\"WebPage\",\"@id\":\"https:\/\/blog.holyart.it\/fr\/articles-religieux\/jesus-bon-pasteur-pourquoi-cette-comparaison\/\",\"url\":\"https:\/\/blog.holyart.it\/fr\/articles-religieux\/jesus-bon-pasteur-pourquoi-cette-comparaison\/\",\"name\":\"J\u00e9sus Bon Pasteur : pourquoi cette comparaison? - Holyart.fr Blog\",\"isPartOf\":{\"@id\":\"https:\/\/blog.holyart.it\/fr\/#website\"},\"primaryImageOfPage\":{\"@id\":\"https:\/\/blog.holyart.it\/fr\/articles-religieux\/jesus-bon-pasteur-pourquoi-cette-comparaison\/#primaryimage\"},\"image\":{\"@id\":\"https:\/\/blog.holyart.it\/fr\/articles-religieux\/jesus-bon-pasteur-pourquoi-cette-comparaison\/#primaryimage\"},\"thumbnailUrl\":\"https:\/\/blog.holyart.it\/fr\/wp-content\/uploads\/sites\/14\/2025\/02\/jesus-bon-pasteur.jpg\",\"datePublished\":\"2025-03-13T10:00:37+00:00\",\"dateModified\":\"2026-04-03T07:30:25+00:00\",\"description\":\"J\u00e9sus le Bon Pasteur accueille tous dans son troupeau, m\u00eame ceux qui sont perdus. C'est ainsi que cette image du Christ nous a toujours guid\u00e9\",\"breadcrumb\":{\"@id\":\"https:\/\/blog.holyart.it\/fr\/articles-religieux\/jesus-bon-pasteur-pourquoi-cette-comparaison\/#breadcrumb\"},\"inLanguage\":\"fr-FR\",\"potentialAction\":[{\"@type\":\"ReadAction\",\"target\":[\"https:\/\/blog.holyart.it\/fr\/articles-religieux\/jesus-bon-pasteur-pourquoi-cette-comparaison\/\"]}]},{\"@type\":\"ImageObject\",\"inLanguage\":\"fr-FR\",\"@id\":\"https:\/\/blog.holyart.it\/fr\/articles-religieux\/jesus-bon-pasteur-pourquoi-cette-comparaison\/#primaryimage\",\"url\":\"https:\/\/blog.holyart.it\/fr\/wp-content\/uploads\/sites\/14\/2025\/02\/jesus-bon-pasteur.jpg\",\"contentUrl\":\"https:\/\/blog.holyart.it\/fr\/wp-content\/uploads\/sites\/14\/2025\/02\/jesus-bon-pasteur.jpg\",\"width\":1000,\"height\":666,\"caption\":\"j\u00e9sus bon pasteur\"},{\"@type\":\"BreadcrumbList\",\"@id\":\"https:\/\/blog.holyart.it\/fr\/articles-religieux\/jesus-bon-pasteur-pourquoi-cette-comparaison\/#breadcrumb\",\"itemListElement\":[{\"@type\":\"ListItem\",\"position\":1,\"name\":\"Homepage\",\"item\":\"https:\/\/blog.holyart.it\/fr\/\"},{\"@type\":\"ListItem\",\"position\":2,\"name\":\"Religion\",\"item\":\"https:\/\/blog.holyart.it\/fr\/articles-religieux\/\"},{\"@type\":\"ListItem\",\"position\":3,\"name\":\"J\u00e9sus Bon Pasteur : pourquoi cette comparaison?\"}]},{\"@type\":\"WebSite\",\"@id\":\"https:\/\/blog.holyart.it\/fr\/#website\",\"url\":\"https:\/\/blog.holyart.it\/fr\/\",\"name\":\"Holyart.fr Blog\",\"description\":\"Holyblog\",\"publisher\":{\"@id\":\"https:\/\/blog.holyart.it\/fr\/#organization\"},\"potentialAction\":[{\"@type\":\"SearchAction\",\"target\":{\"@type\":\"EntryPoint\",\"urlTemplate\":\"https:\/\/blog.holyart.it\/fr\/?s={search_term_string}\"},\"query-input\":{\"@type\":\"PropertyValueSpecification\",\"valueRequired\":true,\"valueName\":\"search_term_string\"}}],\"inLanguage\":\"fr-FR\"},{\"@type\":\"Organization\",\"@id\":\"https:\/\/blog.holyart.it\/fr\/#organization\",\"name\":\"Holyart.fr Blog\",\"url\":\"https:\/\/blog.holyart.it\/fr\/\",\"logo\":{\"@type\":\"ImageObject\",\"inLanguage\":\"fr-FR\",\"@id\":\"https:\/\/blog.holyart.it\/fr\/#\/schema\/logo\/image\/\",\"url\":\"https:\/\/blog.holyart.it\/fr\/wp-content\/uploads\/sites\/14\/2022\/12\/Holyart_Blog_Logo.jpg\",\"contentUrl\":\"https:\/\/blog.holyart.it\/fr\/wp-content\/uploads\/sites\/14\/2022\/12\/Holyart_Blog_Logo.jpg\",\"width\":300,\"height\":50,\"caption\":\"Holyart.fr Blog\"},\"image\":{\"@id\":\"https:\/\/blog.holyart.it\/fr\/#\/schema\/logo\/image\/\"}},{\"@type\":\"Person\",\"@id\":\"https:\/\/blog.holyart.it\/fr\/#\/schema\/person\/0a7b686e5af0f856ec1e390dd0baecda\",\"name\":\"Redazione\",\"image\":{\"@type\":\"ImageObject\",\"inLanguage\":\"fr-FR\",\"@id\":\"https:\/\/blog.holyart.it\/fr\/#\/schema\/person\/image\/\",\"url\":\"https:\/\/secure.gravatar.com\/avatar\/f477da817f43e50d0af36abecd33e3edf826c68299714bdc1057dff3b113f516?s=96&d=mm&r=g\",\"contentUrl\":\"https:\/\/secure.gravatar.com\/avatar\/f477da817f43e50d0af36abecd33e3edf826c68299714bdc1057dff3b113f516?s=96&d=mm&r=g\",\"caption\":\"Redazione\"},\"url\":\"https:\/\/blog.holyart.it\/fr\/author\/admin\/\"}]}<\/script>\n<!-- \/ Yoast SEO plugin. -->","yoast_head_json":{"title":"J\u00e9sus Bon Pasteur : pourquoi cette comparaison? - Holyart.fr Blog","description":"J\u00e9sus le Bon Pasteur accueille tous dans son troupeau, m\u00eame ceux qui sont perdus. C'est ainsi que cette image du Christ nous a toujours guid\u00e9","robots":{"index":"index","follow":"follow","max-snippet":"max-snippet:-1","max-image-preview":"max-image-preview:large","max-video-preview":"max-video-preview:-1"},"canonical":"https:\/\/blog.holyart.it\/fr\/articles-religieux\/jesus-bon-pasteur-pourquoi-cette-comparaison\/","og_locale":"fr_FR","og_type":"article","og_title":"J\u00e9sus Bon Pasteur : pourquoi cette comparaison? - Holyart.fr Blog","og_description":"J\u00e9sus le Bon Pasteur accueille tous dans son troupeau, m\u00eame ceux qui sont perdus. C'est ainsi que cette image du Christ nous a toujours guid\u00e9","og_url":"https:\/\/blog.holyart.it\/fr\/articles-religieux\/jesus-bon-pasteur-pourquoi-cette-comparaison\/","og_site_name":"Holyart.fr Blog","article_published_time":"2025-03-13T10:00:37+00:00","article_modified_time":"2026-04-03T07:30:25+00:00","og_image":[{"width":1000,"height":666,"url":"https:\/\/blog.holyart.it\/fr\/wp-content\/uploads\/sites\/14\/2025\/02\/jesus-bon-pasteur.jpg","type":"image\/jpeg"}],"author":"Redazione","twitter_card":"summary_large_image","twitter_misc":{"\u00c9crit par":"Redazione","Dur\u00e9e de lecture estim\u00e9e":"12 minutes"},"schema":{"@context":"https:\/\/schema.org","@graph":[{"@type":"Article","@id":"https:\/\/blog.holyart.it\/fr\/articles-religieux\/jesus-bon-pasteur-pourquoi-cette-comparaison\/#article","isPartOf":{"@id":"https:\/\/blog.holyart.it\/fr\/articles-religieux\/jesus-bon-pasteur-pourquoi-cette-comparaison\/"},"author":{"name":"Redazione","@id":"https:\/\/blog.holyart.it\/fr\/#\/schema\/person\/0a7b686e5af0f856ec1e390dd0baecda"},"headline":"J\u00e9sus Bon Pasteur : pourquoi cette comparaison?","datePublished":"2025-03-13T10:00:37+00:00","dateModified":"2026-04-03T07:30:25+00:00","mainEntityOfPage":{"@id":"https:\/\/blog.holyart.it\/fr\/articles-religieux\/jesus-bon-pasteur-pourquoi-cette-comparaison\/"},"wordCount":2239,"publisher":{"@id":"https:\/\/blog.holyart.it\/fr\/#organization"},"image":{"@id":"https:\/\/blog.holyart.it\/fr\/articles-religieux\/jesus-bon-pasteur-pourquoi-cette-comparaison\/#primaryimage"},"thumbnailUrl":"https:\/\/blog.holyart.it\/fr\/wp-content\/uploads\/sites\/14\/2025\/02\/jesus-bon-pasteur.jpg","articleSection":["Religion"],"inLanguage":"fr-FR"},{"@type":"WebPage","@id":"https:\/\/blog.holyart.it\/fr\/articles-religieux\/jesus-bon-pasteur-pourquoi-cette-comparaison\/","url":"https:\/\/blog.holyart.it\/fr\/articles-religieux\/jesus-bon-pasteur-pourquoi-cette-comparaison\/","name":"J\u00e9sus Bon Pasteur : pourquoi cette comparaison? - Holyart.fr Blog","isPartOf":{"@id":"https:\/\/blog.holyart.it\/fr\/#website"},"primaryImageOfPage":{"@id":"https:\/\/blog.holyart.it\/fr\/articles-religieux\/jesus-bon-pasteur-pourquoi-cette-comparaison\/#primaryimage"},"image":{"@id":"https:\/\/blog.holyart.it\/fr\/articles-religieux\/jesus-bon-pasteur-pourquoi-cette-comparaison\/#primaryimage"},"thumbnailUrl":"https:\/\/blog.holyart.it\/fr\/wp-content\/uploads\/sites\/14\/2025\/02\/jesus-bon-pasteur.jpg","datePublished":"2025-03-13T10:00:37+00:00","dateModified":"2026-04-03T07:30:25+00:00","description":"J\u00e9sus le Bon Pasteur accueille tous dans son troupeau, m\u00eame ceux qui sont perdus. C'est ainsi que cette image du Christ nous a toujours guid\u00e9","breadcrumb":{"@id":"https:\/\/blog.holyart.it\/fr\/articles-religieux\/jesus-bon-pasteur-pourquoi-cette-comparaison\/#breadcrumb"},"inLanguage":"fr-FR","potentialAction":[{"@type":"ReadAction","target":["https:\/\/blog.holyart.it\/fr\/articles-religieux\/jesus-bon-pasteur-pourquoi-cette-comparaison\/"]}]},{"@type":"ImageObject","inLanguage":"fr-FR","@id":"https:\/\/blog.holyart.it\/fr\/articles-religieux\/jesus-bon-pasteur-pourquoi-cette-comparaison\/#primaryimage","url":"https:\/\/blog.holyart.it\/fr\/wp-content\/uploads\/sites\/14\/2025\/02\/jesus-bon-pasteur.jpg","contentUrl":"https:\/\/blog.holyart.it\/fr\/wp-content\/uploads\/sites\/14\/2025\/02\/jesus-bon-pasteur.jpg","width":1000,"height":666,"caption":"j\u00e9sus bon pasteur"},{"@type":"BreadcrumbList","@id":"https:\/\/blog.holyart.it\/fr\/articles-religieux\/jesus-bon-pasteur-pourquoi-cette-comparaison\/#breadcrumb","itemListElement":[{"@type":"ListItem","position":1,"name":"Homepage","item":"https:\/\/blog.holyart.it\/fr\/"},{"@type":"ListItem","position":2,"name":"Religion","item":"https:\/\/blog.holyart.it\/fr\/articles-religieux\/"},{"@type":"ListItem","position":3,"name":"J\u00e9sus Bon Pasteur : pourquoi cette comparaison?"}]},{"@type":"WebSite","@id":"https:\/\/blog.holyart.it\/fr\/#website","url":"https:\/\/blog.holyart.it\/fr\/","name":"Holyart.fr Blog","description":"Holyblog","publisher":{"@id":"https:\/\/blog.holyart.it\/fr\/#organization"},"potentialAction":[{"@type":"SearchAction","target":{"@type":"EntryPoint","urlTemplate":"https:\/\/blog.holyart.it\/fr\/?s={search_term_string}"},"query-input":{"@type":"PropertyValueSpecification","valueRequired":true,"valueName":"search_term_string"}}],"inLanguage":"fr-FR"},{"@type":"Organization","@id":"https:\/\/blog.holyart.it\/fr\/#organization","name":"Holyart.fr Blog","url":"https:\/\/blog.holyart.it\/fr\/","logo":{"@type":"ImageObject","inLanguage":"fr-FR","@id":"https:\/\/blog.holyart.it\/fr\/#\/schema\/logo\/image\/","url":"https:\/\/blog.holyart.it\/fr\/wp-content\/uploads\/sites\/14\/2022\/12\/Holyart_Blog_Logo.jpg","contentUrl":"https:\/\/blog.holyart.it\/fr\/wp-content\/uploads\/sites\/14\/2022\/12\/Holyart_Blog_Logo.jpg","width":300,"height":50,"caption":"Holyart.fr Blog"},"image":{"@id":"https:\/\/blog.holyart.it\/fr\/#\/schema\/logo\/image\/"}},{"@type":"Person","@id":"https:\/\/blog.holyart.it\/fr\/#\/schema\/person\/0a7b686e5af0f856ec1e390dd0baecda","name":"Redazione","image":{"@type":"ImageObject","inLanguage":"fr-FR","@id":"https:\/\/blog.holyart.it\/fr\/#\/schema\/person\/image\/","url":"https:\/\/secure.gravatar.com\/avatar\/f477da817f43e50d0af36abecd33e3edf826c68299714bdc1057dff3b113f516?s=96&d=mm&r=g","contentUrl":"https:\/\/secure.gravatar.com\/avatar\/f477da817f43e50d0af36abecd33e3edf826c68299714bdc1057dff3b113f516?s=96&d=mm&r=g","caption":"Redazione"},"url":"https:\/\/blog.holyart.it\/fr\/author\/admin\/"}]}},"_links":{"self":[{"href":"https:\/\/blog.holyart.it\/fr\/wp-json\/wp\/v2\/posts\/9799","targetHints":{"allow":["GET"]}}],"collection":[{"href":"https:\/\/blog.holyart.it\/fr\/wp-json\/wp\/v2\/posts"}],"about":[{"href":"https:\/\/blog.holyart.it\/fr\/wp-json\/wp\/v2\/types\/post"}],"author":[{"embeddable":true,"href":"https:\/\/blog.holyart.it\/fr\/wp-json\/wp\/v2\/users\/1"}],"replies":[{"embeddable":true,"href":"https:\/\/blog.holyart.it\/fr\/wp-json\/wp\/v2\/comments?post=9799"}],"version-history":[{"count":5,"href":"https:\/\/blog.holyart.it\/fr\/wp-json\/wp\/v2\/posts\/9799\/revisions"}],"predecessor-version":[{"id":9812,"href":"https:\/\/blog.holyart.it\/fr\/wp-json\/wp\/v2\/posts\/9799\/revisions\/9812"}],"wp:featuredmedia":[{"embeddable":true,"href":"https:\/\/blog.holyart.it\/fr\/wp-json\/wp\/v2\/media\/9800"}],"wp:attachment":[{"href":"https:\/\/blog.holyart.it\/fr\/wp-json\/wp\/v2\/media?parent=9799"}],"wp:term":[{"taxonomy":"category","embeddable":true,"href":"https:\/\/blog.holyart.it\/fr\/wp-json\/wp\/v2\/categories?post=9799"},{"taxonomy":"post_tag","embeddable":true,"href":"https:\/\/blog.holyart.it\/fr\/wp-json\/wp\/v2\/tags?post=9799"}],"curies":[{"name":"wp","href":"https:\/\/api.w.org\/{rel}","templated":true}]}}