{"id":9779,"date":"2025-03-14T10:00:18","date_gmt":"2025-03-14T09:00:18","guid":{"rendered":"https:\/\/blog.holyart.it\/fr\/?p=9779"},"modified":"2025-07-18T14:29:07","modified_gmt":"2025-07-18T12:29:07","slug":"colorer-les-oeufs-pour-paques-une-tradition-ancienne","status":"publish","type":"post","link":"https:\/\/blog.holyart.it\/fr\/articles-religieux\/colorer-les-oeufs-pour-paques-une-tradition-ancienne\/","title":{"rendered":"Colorer les oeufs pour P\u00e2ques : une tradition ancienne"},"content":{"rendered":"<h4>Colorer les \u0153ufs pour P\u00e2ques est une mani\u00e8re joyeuse pour se pr\u00e9parer \u00e0 cette f\u00eate, mais cela a aussi une profonde signification symbolique.<\/h4>\n\n<p>Quand nait l\u2019usage de colorer les \u0153ufs pour P\u00e2ques ? La r\u00e9ponse \u00e0 cette question est simple\u00a0: il y a tr\u00e8s, tr\u00e8s longtemps. Selon une ancienne tradition, la premi\u00e8re protagoniste d\u2019un miracle qui avait un lien avec des \u0153ufs color\u00e9s fut rien de moins que Marie Madeleine\u00a0! Il est simple aussi de comprendre la raison de cette tradition, qui traverse l\u2019histoire de la chr\u00e9tient\u00e9, en se m\u00e9langeant \u00e9galement, comme cela arrive souvent, avec des coutumes populaires, et qui a assum\u00e9 des caract\u00e9ristiques diff\u00e9rentes dans chaque pays. Il suffit de penser \u00e0 l\u2019usage des \u0153ufs de P\u00e2ques color\u00e9s en Russie, qui ont donn\u00e9 vie \u00e0 la cr\u00e9ation de v\u00e9ritables formes d\u2019arts artisanales, souvent r\u00e9alis\u00e9es par des ma\u00eetres miniaturistes d\u00e9j\u00e0 c\u00e9l\u00e8bres pour leurs <a href=\"https:\/\/www.holyart.fr\/articles-religieux\/icones-religieuses\"><strong>ic\u00f4nes<\/strong><\/a>. Du reste, toujours aux russes, nous devons l\u2019invention des <a href=\"https:\/\/www.holyart.fr\/blog\/articles-religieux\/lhistoire-des-oeufs-faberge-et-la-creation-de-bijoux-rares-et-uniques\/\"><strong><u>\u0153ufs Faberg\u00e9<\/u><\/strong><\/a>, dons pr\u00e9cieux et exclusifs destin\u00e9s \u00e0 faire partie du tr\u00e9sor du Tsar.<\/p>\n<div class=\"link-product\">\n<div class=\"blocco-immagine\"><img loading=\"lazy\" decoding=\"async\" class=\"alignnone size-full wp-image-9782\" src=\"https:\/\/blog.holyart.it\/fr\/wp-content\/uploads\/sites\/14\/2025\/02\/Icones-religieuses.jpg\" alt=\"Ic\u00f4nes religieuses\" width=\"100\" height=\"100\" data-kale-share-title=\"Colorer les oeufs pour P\u00e2ques : une tradition ancienne\" data-kale-share-url=\"https:\/\/blog.holyart.it\/fr\/?p=9779\" \/><\/div>\n<div class=\"blocco-contenuto\">\n<div class=\"blocco-acquista\">Acheter sur Holyart:<\/div>\n<div class=\"blocco-titolo\"><a href=\"https:\/\/www.holyart.fr\/articles-religieux\/icones-religieuses\">Ic\u00f4nes religieuses<\/a><\/div>\n<div class=\"blocco-descrizione\">Ic\u00f4nes religieuses: ic\u00f4nes peintes \u00e0 la main selon les anciennes traditions.<\/div>\n<\/div>\n<\/div>\n<p>Mais, d\u00e9j\u00e0 au Moyen-\u00c2ge, en Europe, on offrait des \u0153ufs de P\u00e2ques d\u00e9cor\u00e9s et, en 1300, \u00e0 la cour d\u2019Angleterre, on les rev\u00eatait de feuille d\u2019or, en les transformant en de pr\u00e9cieux bijoux.<\/p>\n<p>Parmi les traditions pascales italiennes, outre celles li\u00e9es \u00e0 la religion, il y a de nombreuses <strong>traditions paysannes<\/strong> encore tr\u00e8s pr\u00e9sentent. La coquille fragile et, en m\u00eame temps, r\u00e9sistante de l\u2019\u0153uf, d\u00e9sign\u00e9e pour conserver la vie \u00e0 l\u2019int\u00e9rieur, est utilis\u00e9e pour invoquer la protection non seulement sur les membres de sa famille, mais aussi sur les animaux de la ferme et, si enterr\u00e9e entre les racines des plantes, offre fertilit\u00e9 \u00e0 la terre. Se laver le visage le matin de P\u00e2ques avec l\u2019eau d\u2019une bassine o\u00f9 ont \u00e9t\u00e9 immerg\u00e9s un \u0153uf rouge et une pi\u00e8ce garantit \u00e0 qui le fait sant\u00e9 et richesse pendant toute l\u2019ann\u00e9e.<\/p>\n<div class=\"link-article\">\n<p><img loading=\"lazy\" decoding=\"async\" class=\"alignnone size-full wp-image-9785\" src=\"https:\/\/blog.holyart.it\/fr\/wp-content\/uploads\/sites\/14\/2025\/02\/Lhistoire-des-oeufs-Faberge-et-la-creation-de-bijoux-rares-et-uniques.jpg\" alt=\"L\u2019histoire des oeufs Faberg\u00e9 et la cr\u00e9ation de bijoux rares et uniques\" width=\"150\" height=\"99\" data-kale-share-title=\"Colorer les oeufs pour P\u00e2ques : une tradition ancienne\" data-kale-share-url=\"https:\/\/blog.holyart.it\/fr\/?p=9779\" \/><\/p>\n<div class=\"leggi-anche\">Lire aussi :<\/div>\n<p><strong><a href=\"https:\/\/www.holyart.fr\/blog\/articles-religieux\/lhistoire-des-oeufs-faberge-et-la-creation-de-bijoux-rares-et-uniques\/\">L\u2019histoire des oeufs Faberg\u00e9 et la cr\u00e9ation de bijoux rares et uniques<\/a><\/strong><br \/>\nLes \u0153ufs Faberg\u00e9, un cadeau pr\u00e9cieux et hors du temps.<\/p>\n<\/div>\n<h2>Qu\u2019est-ce que l\u2019\u0153uf symbolise ?<\/h2>\n<p>Avant m\u00eame des traditions de P\u00e2ques, tout nait de l\u2019<strong>\u0153uf<\/strong>, depuis toujours symbole du principe de l\u2019existence, mais aussi du renouvellement, du printemps qui revient r\u00e9chauffer le monde apr\u00e8s l\u2019hiver, de la vie qui revient, dans ses cycles hors du temps. Bien avant la naissance de Christ, les hommes des anciennes civilisations s\u2019offraient des \u0153ufs color\u00e9s comme v\u0153ux de f\u00e9condit\u00e9 et d\u2019une bonne r\u00e9colte \u00e0 l\u2019occasion des f\u00eates de printemps et les romains enterraient des \u0153ufs peints en rouge dans leurs champs afin de les rendre plus fertiles.<\/p>\n<p>Puis, apr\u00e8s la <strong>venue de J\u00e9sus<\/strong>, les \u0153ufs color\u00e9s sont devenus <strong>un des <a href=\"https:\/\/www.holyart.fr\/blog\/articles-religieux\/paques-10-curiosites-sur-les-symboles-de-la-passion-de-christ\/\"><u>symboles de P\u00e2ques<\/u><\/a><\/strong>. L\u2019\u0153uf, symbole de vie et de renaissance, a repr\u00e9sent\u00e9 la signification profonde et myst\u00e9rieuse de la <strong>R\u00e9surrection de Christ<\/strong>, avec son jaune palpitant de vie et lumi\u00e8re, comme le soleil, et sa coquille blanche qui rappelle la couleur des tombeaux et qui se casse, exactement comme la pierre qui refermait la tombe de Christ, afin de laisser sortir la vie et l\u2019espoir du Sauveur.<\/p>\n<div class=\"link-article\">\n<p><img loading=\"lazy\" decoding=\"async\" class=\"alignnone size-full wp-image-9788\" src=\"https:\/\/blog.holyart.it\/fr\/wp-content\/uploads\/sites\/14\/2025\/02\/Paques-10-curiosites-sur-les-symboles-de-la-Passion-de-Christ.jpg\" alt=\"P\u00e2ques 10 curiosit\u00e9s sur les symboles de la Passion de Christ\" width=\"150\" height=\"99\" data-kale-share-title=\"Colorer les oeufs pour P\u00e2ques : une tradition ancienne\" data-kale-share-url=\"https:\/\/blog.holyart.it\/fr\/?p=9779\" \/><\/p>\n<div class=\"leggi-anche\">Lire aussi :<\/div>\n<p><strong><a href=\"https:\/\/www.holyart.fr\/blog\/articles-religieux\/paques-10-curiosites-sur-les-symboles-de-la-passion-de-christ\/\">P\u00e2ques : 10 curiosit\u00e9s sur les symboles de la Passion de Christ<\/a><\/strong><br \/>\nLes symboles de la Passion de Christ font partie int\u00e9grante de la solennit\u00e9 de la P\u00e2ques chr\u00e9tienne.<\/p>\n<\/div>\n<p>On continua donc \u00e0 offrir des \u0153ufs avec une signification compl\u00e8tement nouvelle.<\/p>\n<p>Mais pourquoi peindre les \u0153ufs\u00a0? D\u00e9couvrons comment on f\u00eate P\u00e2ques en Italie avec une attention particuli\u00e8re aux usages pascaux li\u00e9s aux \u0153ufs.<\/p>\n<h2>Pourquoi peint-on les \u0153ufs \u00e0 P\u00e2ques ?<\/h2>\n<p>Parmi les traditions pascales de nombreux pays, colorer des \u0153ufs pour P\u00e2ques est une des plus r\u00e9pandues, ainsi comme, en Italie, offrir des \u0153ufs en chocolat est une des plus connues et appr\u00e9ci\u00e9es, surtout par les enfants. L\u2019usage des \u0153ufs en chocolat d\u00e9rive justement de celle plus ancienne d\u2019offrir des \u0153ufs pour P\u00e2ques : il s\u2019agissait au d\u00e9but de simples \u0153ufs cuits durs, mais ensuite, avec le temps, on commen\u00e7a \u00e0 offrir des \u0153ufs peints de diff\u00e9rentes couleurs et d\u00e9cor\u00e9s de motifs et dessins vari\u00e9s.<\/p>\n<p>L\u2019usage veut que les \u0153ufs soient color\u00e9s le Jeudi Saint, pour ensuite \u00eatre offerts aux amis et parents. Les <a href=\"https:\/\/www.holyart.fr\/articles-religieux\/icones-religieuses\/oeufs-russes-peintes\/oeuf-bois-decoupage-russie-iverskaya-h-13-cm-style-imperiale-russe\"><strong>\u0153ufs peints en rouge<\/strong><\/a> sont un clair renvoi \u00e0 la <a href=\"https:\/\/www.holyart.fr\/blog\/articles-religieux\/les-evenements-de-la-passion-de-jesus-de-la-cene-a-sa-crucifixion\/\"><strong><u>Passion de Christ<\/u><\/strong><\/a>, \u00e0 Son sang vers\u00e9 en sacrifice pour tous les hommes. On peut obtenir cette couleur vive et brillante en utilisant l\u2019eau de cuisson des oignons ou des betteraves, des feuilles de chou rouge, ou en immergeant les \u0153ufs dans une tisane \u00e0 l\u2019hibiscus ou \u00e0 la mauve, ou encore dans le jus de cassis.<\/p>\n<div class=\"link-article\">\n<p><img loading=\"lazy\" decoding=\"async\" class=\"alignnone size-full wp-image-9790\" src=\"https:\/\/blog.holyart.it\/fr\/wp-content\/uploads\/sites\/14\/2025\/02\/Les-evenements-de-la-Passion-de-Jesus.jpg\" alt=\"Les \u00e9v\u00e9nements de la Passion de J\u00e9sus\" width=\"150\" height=\"99\" data-kale-share-title=\"Colorer les oeufs pour P\u00e2ques : une tradition ancienne\" data-kale-share-url=\"https:\/\/blog.holyart.it\/fr\/?p=9779\" \/><\/p>\n<div class=\"leggi-anche\">Lire aussi :<\/div>\n<p><strong><a href=\"https:\/\/www.holyart.fr\/blog\/articles-religieux\/les-evenements-de-la-passion-de-jesus-de-la-cene-a-sa-crucifixion\/\">Les \u00e9v\u00e9nements de la Passion de J\u00e9sus : de la C\u00e8ne \u00e0 Sa crucifixion<\/a><\/strong><br \/>\nLa Passion de J\u00e9sus est le moment le plus haut et le plus terrible de Sa&#8230;<\/p>\n<\/div>\n<p>Mais, si les oufs rouges sont devenus symbole du sang de J\u00e9sus, la valeur des \u0153ufs en tant que <a href=\"https:\/\/www.holyart.fr\/articles-religieux\/icones-religieuses\/oeufs-russes-peintes?page=1&amp;flags=true\"><strong>don et signe de bonheur et prosp\u00e9rit\u00e9<\/strong><\/a> n\u2019a jamais disparu. Voici pourquoi on choisit de les colorer aussi avec d\u2019autres couleurs plus joueuses et fantaisistes, et colorier les \u0153ufs ensemble peut devenir un moment de grande cr\u00e9ativit\u00e9 et bonheur \u00e0 la maison. D\u00e9sormais, on utilise surtout des colorants alimentaires, mais on peut revenir au pass\u00e9 et obtenir de magnifiques \u0153ufs bleus avec le jus de myrtilles, ou verts avec l\u2019eau de cuisson des \u00e9pinards ou avec le jus de persil, jaunes avec le curcuma ou le safran, violets avec le vin ou le jus de raisin, et ainsi de suite.<\/p>\n<div class=\"link-product\">\n<div class=\"blocco-immagine\"><img loading=\"lazy\" decoding=\"async\" class=\"alignnone size-full wp-image-9793\" src=\"https:\/\/blog.holyart.it\/fr\/wp-content\/uploads\/sites\/14\/2025\/02\/Oeufs-Russes-peintes.jpg\" alt=\"Oeufs Russes peintes\" width=\"100\" height=\"100\" data-kale-share-title=\"Colorer les oeufs pour P\u00e2ques : une tradition ancienne\" data-kale-share-url=\"https:\/\/blog.holyart.it\/fr\/?p=9779\" \/><\/div>\n<div class=\"blocco-contenuto\">\n<div class=\"blocco-acquista\">Acheter sur Holyart:<\/div>\n<div class=\"blocco-titolo\"><a href=\"https:\/\/www.holyart.fr\/articles-religieux\/icones-religieuses\/oeufs-russes-peintes?page=1\">Oeufs Russes peintes<\/a><\/div>\n<div class=\"blocco-descrizione\">Oeufs en bois peint \u00e0 la main ou avec s\u00e9rigraphie, r\u00e9alis\u00e9es en Russie.<\/div>\n<\/div>\n<\/div>\n<h2>L\u2019\u00e9pisode des \u0153ufs rouges de Marie Madeleine<\/h2>\n<p>Apr\u00e8s la mort de J\u00e9sus, les \u0153ufs commenc\u00e8rent bient\u00f4t \u00e0 \u00eatre associ\u00e9s \u00e0 <a href=\"https:\/\/www.holyart.fr\/occasions-speciales\/creche-de-paques\/statuette-de-jesus-au-moment-de-la-resurrection-9-cm\"><strong>Sa R\u00e9surrection<\/strong><\/a>. Selon une l\u00e9gende, peu apr\u00e8s Sa mort, un rabbin, en discutant \u00e0 table avec quelques amis, aurait affirm\u00e9 que, au moment o\u00f9 le coq qu\u2019ils \u00e9taient en train de manger serait revenu \u00e0 la vie et les \u0153ufs sur la table furent devenus rouges, J\u00e9sus serait ressuscit\u00e9. Quelques instants apr\u00e8s, les \u0153ufs avaient chang\u00e9 de couleur et \u00e9taient d\u2019un beau rouge vif.<\/p>\n<div class=\"link-product\">\n<div class=\"blocco-immagine\"><img loading=\"lazy\" decoding=\"async\" class=\"alignnone size-full wp-image-9795\" src=\"https:\/\/blog.holyart.it\/fr\/wp-content\/uploads\/sites\/14\/2025\/02\/Statuette-de-Jesus-au-moment-de-la-Resurrection-9-cm.jpg\" alt=\"Statuette de J\u00e9sus au moment de la R\u00e9surrection 9 cm\" width=\"100\" height=\"100\" data-kale-share-title=\"Colorer les oeufs pour P\u00e2ques : une tradition ancienne\" data-kale-share-url=\"https:\/\/blog.holyart.it\/fr\/?p=9779\" \/><\/div>\n<div class=\"blocco-contenuto\">\n<div class=\"blocco-acquista\">Acheter sur Holyart:<\/div>\n<div class=\"blocco-titolo\"><a href=\"https:\/\/www.holyart.fr\/occasions-speciales\/creche-de-paques\/statuette-de-jesus-au-moment-de-la-resurrection-9-cm\">Statuette de J\u00e9sus au moment de la R\u00e9surrection 9 cm<\/a><\/div>\n<div class=\"blocco-descrizione\">Statuette de J\u00e9sus au moment de la R\u00e9surrection 12 cm.<\/div>\n<\/div>\n<\/div>\n<p>Mais l\u2019origine de la tradition de peindre en rouge les \u0153ufs de P\u00e2ques est li\u00e9e \u00e0 <a href=\"https:\/\/www.holyart.fr\/blog\/saints-et-bienheureux\/qui-etait-vraiment-marie-madeleine-histoire-de-l-apotre-des-apotres\/\"><strong><u>Marie Madeleine<\/u><\/strong><\/a>. Apr\u00e8s la mort de J\u00e9sus, elle se mit en voyage avec les autres ap\u00f4tres pour pr\u00eacher l\u2019\u00c9vangile et, ce faisant, arriva jusqu\u2019\u00e0 Rome. Selon une tradition populaire, elle serait arriv\u00e9e devant l\u2019empereur Tib\u00e8re et elle lui aurait offert un \u0153uf color\u00e9 en rouge, en lui annon\u00e7ant que Christ \u00e9tait ressuscit\u00e9.<\/p>\n<p>Dans une autre version, Madeleine se serait rendue aupr\u00e8s des disciples pour annoncer que J\u00e9sus \u00e9tait ressuscit\u00e9 et Pierre l\u2019aurait apostroph\u00e9 en lui disant qu\u2019il aurait cru \u00e0 son histoire seulement quand les \u0153ufs dans le panier qu\u2019elle portait seraient devenus rouges, chose qui advint de mani\u00e8re miraculeuse sous leurs yeux.<\/p>\n<div class=\"link-article\">\n<p><img loading=\"lazy\" decoding=\"async\" class=\"alignnone size-full wp-image-9796\" src=\"https:\/\/blog.holyart.it\/fr\/wp-content\/uploads\/sites\/14\/2025\/02\/Marie-Madeleine.jpg\" alt=\" Marie Madeleine\" width=\"150\" height=\"99\" data-kale-share-title=\"Colorer les oeufs pour P\u00e2ques : une tradition ancienne\" data-kale-share-url=\"https:\/\/blog.holyart.it\/fr\/?p=9779\" \/><\/p>\n<div class=\"leggi-anche\">Lire aussi :<\/div>\n<p><strong><a href=\"https:\/\/www.holyart.fr\/blog\/saints-et-bienheureux\/qui-etait-vraiment-marie-madeleine-histoire-de-l-apotre-des-apotres\/\">Qui \u00e9tait vraiment Marie Madeleine : histoire de l\u2019\u00ab Ap\u00f4tre des Ap\u00f4tres \u00bb<\/a><\/strong><br \/>\nParmi les disciples, il y avait aussi plusieurs femmes.<\/p>\n<\/div>\n","protected":false},"excerpt":{"rendered":"<p>Colorer les \u0153ufs pour P\u00e2ques est une mani\u00e8re joyeuse pour se pr\u00e9parer \u00e0 cette f\u00eate, mais cela a aussi une profonde signification symbolique. Quand nait l\u2019usage de colorer les \u0153ufs pour P\u00e2ques ? La r\u00e9ponse \u00e0 cette question est simple\u00a0: il y a tr\u00e8s, tr\u00e8s&hellip;<\/p>\n","protected":false},"author":1,"featured_media":9784,"comment_status":"closed","ping_status":"open","sticky":false,"template":"","format":"standard","meta":{"_acf_changed":false,"footnotes":""},"categories":[8],"tags":[],"class_list":["post-9779","post","type-post","status-publish","format-standard","has-post-thumbnail","hentry","category-articles-religieux"],"acf":[],"yoast_head":"<!-- This site is optimized with the Yoast SEO plugin v26.6 - https:\/\/yoast.com\/wordpress\/plugins\/seo\/ -->\n<title>Colorer les oeufs pour P\u00e2ques : une tradition ancienne - Holyart.fr Blog<\/title>\n<meta name=\"description\" content=\"D\u00e9couvrons d\u2019o\u00f9 est n\u00e9e la tradition de peindre les \u0153ufs pour P\u00e2ques, un moment de joie partag\u00e9e, mais aussi un geste symbolique et religieux tr\u00e8s puissant.\" \/>\n<meta name=\"robots\" content=\"index, follow, max-snippet:-1, max-image-preview:large, max-video-preview:-1\" \/>\n<link rel=\"canonical\" href=\"https:\/\/blog.holyart.it\/fr\/articles-religieux\/colorer-les-oeufs-pour-paques-une-tradition-ancienne\/\" \/>\n<meta property=\"og:locale\" content=\"fr_FR\" \/>\n<meta property=\"og:type\" content=\"article\" \/>\n<meta property=\"og:title\" content=\"Colorer les oeufs pour P\u00e2ques : une tradition ancienne - Holyart.fr Blog\" \/>\n<meta property=\"og:description\" content=\"D\u00e9couvrons d\u2019o\u00f9 est n\u00e9e la tradition de peindre les \u0153ufs pour P\u00e2ques, un moment de joie partag\u00e9e, mais aussi un geste symbolique et religieux tr\u00e8s puissant.\" \/>\n<meta property=\"og:url\" content=\"https:\/\/blog.holyart.it\/fr\/articles-religieux\/colorer-les-oeufs-pour-paques-une-tradition-ancienne\/\" \/>\n<meta property=\"og:site_name\" content=\"Holyart.fr Blog\" \/>\n<meta property=\"article:published_time\" content=\"2025-03-14T09:00:18+00:00\" \/>\n<meta property=\"article:modified_time\" content=\"2025-07-18T12:29:07+00:00\" \/>\n<meta property=\"og:image\" content=\"https:\/\/blog.holyart.it\/fr\/wp-content\/uploads\/sites\/14\/2025\/02\/Colorer-les-oeufs-pour-Paques.jpg\" \/>\n\t<meta property=\"og:image:width\" content=\"1000\" \/>\n\t<meta property=\"og:image:height\" content=\"666\" \/>\n\t<meta property=\"og:image:type\" content=\"image\/jpeg\" \/>\n<meta name=\"author\" content=\"Redazione\" \/>\n<meta name=\"twitter:card\" content=\"summary_large_image\" \/>\n<meta name=\"twitter:label1\" content=\"\u00c9crit par\" \/>\n\t<meta name=\"twitter:data1\" content=\"Redazione\" \/>\n\t<meta name=\"twitter:label2\" content=\"Dur\u00e9e de lecture estim\u00e9e\" \/>\n\t<meta name=\"twitter:data2\" content=\"8 minutes\" \/>\n<script type=\"application\/ld+json\" class=\"yoast-schema-graph\">{\"@context\":\"https:\/\/schema.org\",\"@graph\":[{\"@type\":\"Article\",\"@id\":\"https:\/\/blog.holyart.it\/fr\/articles-religieux\/colorer-les-oeufs-pour-paques-une-tradition-ancienne\/#article\",\"isPartOf\":{\"@id\":\"https:\/\/blog.holyart.it\/fr\/articles-religieux\/colorer-les-oeufs-pour-paques-une-tradition-ancienne\/\"},\"author\":{\"name\":\"Redazione\",\"@id\":\"https:\/\/blog.holyart.it\/fr\/#\/schema\/person\/0a7b686e5af0f856ec1e390dd0baecda\"},\"headline\":\"Colorer les oeufs pour P\u00e2ques : une tradition ancienne\",\"datePublished\":\"2025-03-14T09:00:18+00:00\",\"dateModified\":\"2025-07-18T12:29:07+00:00\",\"mainEntityOfPage\":{\"@id\":\"https:\/\/blog.holyart.it\/fr\/articles-religieux\/colorer-les-oeufs-pour-paques-une-tradition-ancienne\/\"},\"wordCount\":1330,\"publisher\":{\"@id\":\"https:\/\/blog.holyart.it\/fr\/#organization\"},\"image\":{\"@id\":\"https:\/\/blog.holyart.it\/fr\/articles-religieux\/colorer-les-oeufs-pour-paques-une-tradition-ancienne\/#primaryimage\"},\"thumbnailUrl\":\"https:\/\/blog.holyart.it\/fr\/wp-content\/uploads\/sites\/14\/2025\/02\/Colorer-les-oeufs-pour-Paques.jpg\",\"articleSection\":[\"Religion\"],\"inLanguage\":\"fr-FR\"},{\"@type\":\"WebPage\",\"@id\":\"https:\/\/blog.holyart.it\/fr\/articles-religieux\/colorer-les-oeufs-pour-paques-une-tradition-ancienne\/\",\"url\":\"https:\/\/blog.holyart.it\/fr\/articles-religieux\/colorer-les-oeufs-pour-paques-une-tradition-ancienne\/\",\"name\":\"Colorer les oeufs pour P\u00e2ques : une tradition ancienne - Holyart.fr Blog\",\"isPartOf\":{\"@id\":\"https:\/\/blog.holyart.it\/fr\/#website\"},\"primaryImageOfPage\":{\"@id\":\"https:\/\/blog.holyart.it\/fr\/articles-religieux\/colorer-les-oeufs-pour-paques-une-tradition-ancienne\/#primaryimage\"},\"image\":{\"@id\":\"https:\/\/blog.holyart.it\/fr\/articles-religieux\/colorer-les-oeufs-pour-paques-une-tradition-ancienne\/#primaryimage\"},\"thumbnailUrl\":\"https:\/\/blog.holyart.it\/fr\/wp-content\/uploads\/sites\/14\/2025\/02\/Colorer-les-oeufs-pour-Paques.jpg\",\"datePublished\":\"2025-03-14T09:00:18+00:00\",\"dateModified\":\"2025-07-18T12:29:07+00:00\",\"description\":\"D\u00e9couvrons d\u2019o\u00f9 est n\u00e9e la tradition de peindre les \u0153ufs pour P\u00e2ques, un moment de joie partag\u00e9e, mais aussi un geste symbolique et religieux tr\u00e8s puissant.\",\"breadcrumb\":{\"@id\":\"https:\/\/blog.holyart.it\/fr\/articles-religieux\/colorer-les-oeufs-pour-paques-une-tradition-ancienne\/#breadcrumb\"},\"inLanguage\":\"fr-FR\",\"potentialAction\":[{\"@type\":\"ReadAction\",\"target\":[\"https:\/\/blog.holyart.it\/fr\/articles-religieux\/colorer-les-oeufs-pour-paques-une-tradition-ancienne\/\"]}]},{\"@type\":\"ImageObject\",\"inLanguage\":\"fr-FR\",\"@id\":\"https:\/\/blog.holyart.it\/fr\/articles-religieux\/colorer-les-oeufs-pour-paques-une-tradition-ancienne\/#primaryimage\",\"url\":\"https:\/\/blog.holyart.it\/fr\/wp-content\/uploads\/sites\/14\/2025\/02\/Colorer-les-oeufs-pour-Paques.jpg\",\"contentUrl\":\"https:\/\/blog.holyart.it\/fr\/wp-content\/uploads\/sites\/14\/2025\/02\/Colorer-les-oeufs-pour-Paques.jpg\",\"width\":1000,\"height\":666,\"caption\":\"Colorer les oeufs pour P\u00e2ques\"},{\"@type\":\"BreadcrumbList\",\"@id\":\"https:\/\/blog.holyart.it\/fr\/articles-religieux\/colorer-les-oeufs-pour-paques-une-tradition-ancienne\/#breadcrumb\",\"itemListElement\":[{\"@type\":\"ListItem\",\"position\":1,\"name\":\"Homepage\",\"item\":\"https:\/\/blog.holyart.it\/fr\/\"},{\"@type\":\"ListItem\",\"position\":2,\"name\":\"Religion\",\"item\":\"https:\/\/blog.holyart.it\/fr\/articles-religieux\/\"},{\"@type\":\"ListItem\",\"position\":3,\"name\":\"Colorer les oeufs pour P\u00e2ques : une tradition ancienne\"}]},{\"@type\":\"WebSite\",\"@id\":\"https:\/\/blog.holyart.it\/fr\/#website\",\"url\":\"https:\/\/blog.holyart.it\/fr\/\",\"name\":\"Holyart.fr Blog\",\"description\":\"Holyblog\",\"publisher\":{\"@id\":\"https:\/\/blog.holyart.it\/fr\/#organization\"},\"potentialAction\":[{\"@type\":\"SearchAction\",\"target\":{\"@type\":\"EntryPoint\",\"urlTemplate\":\"https:\/\/blog.holyart.it\/fr\/?s={search_term_string}\"},\"query-input\":{\"@type\":\"PropertyValueSpecification\",\"valueRequired\":true,\"valueName\":\"search_term_string\"}}],\"inLanguage\":\"fr-FR\"},{\"@type\":\"Organization\",\"@id\":\"https:\/\/blog.holyart.it\/fr\/#organization\",\"name\":\"Holyart.fr Blog\",\"url\":\"https:\/\/blog.holyart.it\/fr\/\",\"logo\":{\"@type\":\"ImageObject\",\"inLanguage\":\"fr-FR\",\"@id\":\"https:\/\/blog.holyart.it\/fr\/#\/schema\/logo\/image\/\",\"url\":\"https:\/\/blog.holyart.it\/fr\/wp-content\/uploads\/sites\/14\/2022\/12\/Holyart_Blog_Logo.jpg\",\"contentUrl\":\"https:\/\/blog.holyart.it\/fr\/wp-content\/uploads\/sites\/14\/2022\/12\/Holyart_Blog_Logo.jpg\",\"width\":300,\"height\":50,\"caption\":\"Holyart.fr Blog\"},\"image\":{\"@id\":\"https:\/\/blog.holyart.it\/fr\/#\/schema\/logo\/image\/\"}},{\"@type\":\"Person\",\"@id\":\"https:\/\/blog.holyart.it\/fr\/#\/schema\/person\/0a7b686e5af0f856ec1e390dd0baecda\",\"name\":\"Redazione\",\"image\":{\"@type\":\"ImageObject\",\"inLanguage\":\"fr-FR\",\"@id\":\"https:\/\/blog.holyart.it\/fr\/#\/schema\/person\/image\/\",\"url\":\"https:\/\/secure.gravatar.com\/avatar\/f477da817f43e50d0af36abecd33e3edf826c68299714bdc1057dff3b113f516?s=96&d=mm&r=g\",\"contentUrl\":\"https:\/\/secure.gravatar.com\/avatar\/f477da817f43e50d0af36abecd33e3edf826c68299714bdc1057dff3b113f516?s=96&d=mm&r=g\",\"caption\":\"Redazione\"},\"url\":\"https:\/\/blog.holyart.it\/fr\/author\/admin\/\"}]}<\/script>\n<!-- \/ Yoast SEO plugin. -->","yoast_head_json":{"title":"Colorer les oeufs pour P\u00e2ques : une tradition ancienne - Holyart.fr Blog","description":"D\u00e9couvrons d\u2019o\u00f9 est n\u00e9e la tradition de peindre les \u0153ufs pour P\u00e2ques, un moment de joie partag\u00e9e, mais aussi un geste symbolique et religieux tr\u00e8s puissant.","robots":{"index":"index","follow":"follow","max-snippet":"max-snippet:-1","max-image-preview":"max-image-preview:large","max-video-preview":"max-video-preview:-1"},"canonical":"https:\/\/blog.holyart.it\/fr\/articles-religieux\/colorer-les-oeufs-pour-paques-une-tradition-ancienne\/","og_locale":"fr_FR","og_type":"article","og_title":"Colorer les oeufs pour P\u00e2ques : une tradition ancienne - Holyart.fr Blog","og_description":"D\u00e9couvrons d\u2019o\u00f9 est n\u00e9e la tradition de peindre les \u0153ufs pour P\u00e2ques, un moment de joie partag\u00e9e, mais aussi un geste symbolique et religieux tr\u00e8s puissant.","og_url":"https:\/\/blog.holyart.it\/fr\/articles-religieux\/colorer-les-oeufs-pour-paques-une-tradition-ancienne\/","og_site_name":"Holyart.fr Blog","article_published_time":"2025-03-14T09:00:18+00:00","article_modified_time":"2025-07-18T12:29:07+00:00","og_image":[{"width":1000,"height":666,"url":"https:\/\/blog.holyart.it\/fr\/wp-content\/uploads\/sites\/14\/2025\/02\/Colorer-les-oeufs-pour-Paques.jpg","type":"image\/jpeg"}],"author":"Redazione","twitter_card":"summary_large_image","twitter_misc":{"\u00c9crit par":"Redazione","Dur\u00e9e de lecture estim\u00e9e":"8 minutes"},"schema":{"@context":"https:\/\/schema.org","@graph":[{"@type":"Article","@id":"https:\/\/blog.holyart.it\/fr\/articles-religieux\/colorer-les-oeufs-pour-paques-une-tradition-ancienne\/#article","isPartOf":{"@id":"https:\/\/blog.holyart.it\/fr\/articles-religieux\/colorer-les-oeufs-pour-paques-une-tradition-ancienne\/"},"author":{"name":"Redazione","@id":"https:\/\/blog.holyart.it\/fr\/#\/schema\/person\/0a7b686e5af0f856ec1e390dd0baecda"},"headline":"Colorer les oeufs pour P\u00e2ques : une tradition ancienne","datePublished":"2025-03-14T09:00:18+00:00","dateModified":"2025-07-18T12:29:07+00:00","mainEntityOfPage":{"@id":"https:\/\/blog.holyart.it\/fr\/articles-religieux\/colorer-les-oeufs-pour-paques-une-tradition-ancienne\/"},"wordCount":1330,"publisher":{"@id":"https:\/\/blog.holyart.it\/fr\/#organization"},"image":{"@id":"https:\/\/blog.holyart.it\/fr\/articles-religieux\/colorer-les-oeufs-pour-paques-une-tradition-ancienne\/#primaryimage"},"thumbnailUrl":"https:\/\/blog.holyart.it\/fr\/wp-content\/uploads\/sites\/14\/2025\/02\/Colorer-les-oeufs-pour-Paques.jpg","articleSection":["Religion"],"inLanguage":"fr-FR"},{"@type":"WebPage","@id":"https:\/\/blog.holyart.it\/fr\/articles-religieux\/colorer-les-oeufs-pour-paques-une-tradition-ancienne\/","url":"https:\/\/blog.holyart.it\/fr\/articles-religieux\/colorer-les-oeufs-pour-paques-une-tradition-ancienne\/","name":"Colorer les oeufs pour P\u00e2ques : une tradition ancienne - Holyart.fr Blog","isPartOf":{"@id":"https:\/\/blog.holyart.it\/fr\/#website"},"primaryImageOfPage":{"@id":"https:\/\/blog.holyart.it\/fr\/articles-religieux\/colorer-les-oeufs-pour-paques-une-tradition-ancienne\/#primaryimage"},"image":{"@id":"https:\/\/blog.holyart.it\/fr\/articles-religieux\/colorer-les-oeufs-pour-paques-une-tradition-ancienne\/#primaryimage"},"thumbnailUrl":"https:\/\/blog.holyart.it\/fr\/wp-content\/uploads\/sites\/14\/2025\/02\/Colorer-les-oeufs-pour-Paques.jpg","datePublished":"2025-03-14T09:00:18+00:00","dateModified":"2025-07-18T12:29:07+00:00","description":"D\u00e9couvrons d\u2019o\u00f9 est n\u00e9e la tradition de peindre les \u0153ufs pour P\u00e2ques, un moment de joie partag\u00e9e, mais aussi un geste symbolique et religieux tr\u00e8s puissant.","breadcrumb":{"@id":"https:\/\/blog.holyart.it\/fr\/articles-religieux\/colorer-les-oeufs-pour-paques-une-tradition-ancienne\/#breadcrumb"},"inLanguage":"fr-FR","potentialAction":[{"@type":"ReadAction","target":["https:\/\/blog.holyart.it\/fr\/articles-religieux\/colorer-les-oeufs-pour-paques-une-tradition-ancienne\/"]}]},{"@type":"ImageObject","inLanguage":"fr-FR","@id":"https:\/\/blog.holyart.it\/fr\/articles-religieux\/colorer-les-oeufs-pour-paques-une-tradition-ancienne\/#primaryimage","url":"https:\/\/blog.holyart.it\/fr\/wp-content\/uploads\/sites\/14\/2025\/02\/Colorer-les-oeufs-pour-Paques.jpg","contentUrl":"https:\/\/blog.holyart.it\/fr\/wp-content\/uploads\/sites\/14\/2025\/02\/Colorer-les-oeufs-pour-Paques.jpg","width":1000,"height":666,"caption":"Colorer les oeufs pour P\u00e2ques"},{"@type":"BreadcrumbList","@id":"https:\/\/blog.holyart.it\/fr\/articles-religieux\/colorer-les-oeufs-pour-paques-une-tradition-ancienne\/#breadcrumb","itemListElement":[{"@type":"ListItem","position":1,"name":"Homepage","item":"https:\/\/blog.holyart.it\/fr\/"},{"@type":"ListItem","position":2,"name":"Religion","item":"https:\/\/blog.holyart.it\/fr\/articles-religieux\/"},{"@type":"ListItem","position":3,"name":"Colorer les oeufs pour P\u00e2ques : une tradition ancienne"}]},{"@type":"WebSite","@id":"https:\/\/blog.holyart.it\/fr\/#website","url":"https:\/\/blog.holyart.it\/fr\/","name":"Holyart.fr Blog","description":"Holyblog","publisher":{"@id":"https:\/\/blog.holyart.it\/fr\/#organization"},"potentialAction":[{"@type":"SearchAction","target":{"@type":"EntryPoint","urlTemplate":"https:\/\/blog.holyart.it\/fr\/?s={search_term_string}"},"query-input":{"@type":"PropertyValueSpecification","valueRequired":true,"valueName":"search_term_string"}}],"inLanguage":"fr-FR"},{"@type":"Organization","@id":"https:\/\/blog.holyart.it\/fr\/#organization","name":"Holyart.fr Blog","url":"https:\/\/blog.holyart.it\/fr\/","logo":{"@type":"ImageObject","inLanguage":"fr-FR","@id":"https:\/\/blog.holyart.it\/fr\/#\/schema\/logo\/image\/","url":"https:\/\/blog.holyart.it\/fr\/wp-content\/uploads\/sites\/14\/2022\/12\/Holyart_Blog_Logo.jpg","contentUrl":"https:\/\/blog.holyart.it\/fr\/wp-content\/uploads\/sites\/14\/2022\/12\/Holyart_Blog_Logo.jpg","width":300,"height":50,"caption":"Holyart.fr Blog"},"image":{"@id":"https:\/\/blog.holyart.it\/fr\/#\/schema\/logo\/image\/"}},{"@type":"Person","@id":"https:\/\/blog.holyart.it\/fr\/#\/schema\/person\/0a7b686e5af0f856ec1e390dd0baecda","name":"Redazione","image":{"@type":"ImageObject","inLanguage":"fr-FR","@id":"https:\/\/blog.holyart.it\/fr\/#\/schema\/person\/image\/","url":"https:\/\/secure.gravatar.com\/avatar\/f477da817f43e50d0af36abecd33e3edf826c68299714bdc1057dff3b113f516?s=96&d=mm&r=g","contentUrl":"https:\/\/secure.gravatar.com\/avatar\/f477da817f43e50d0af36abecd33e3edf826c68299714bdc1057dff3b113f516?s=96&d=mm&r=g","caption":"Redazione"},"url":"https:\/\/blog.holyart.it\/fr\/author\/admin\/"}]}},"_links":{"self":[{"href":"https:\/\/blog.holyart.it\/fr\/wp-json\/wp\/v2\/posts\/9779","targetHints":{"allow":["GET"]}}],"collection":[{"href":"https:\/\/blog.holyart.it\/fr\/wp-json\/wp\/v2\/posts"}],"about":[{"href":"https:\/\/blog.holyart.it\/fr\/wp-json\/wp\/v2\/types\/post"}],"author":[{"embeddable":true,"href":"https:\/\/blog.holyart.it\/fr\/wp-json\/wp\/v2\/users\/1"}],"replies":[{"embeddable":true,"href":"https:\/\/blog.holyart.it\/fr\/wp-json\/wp\/v2\/comments?post=9779"}],"version-history":[{"count":11,"href":"https:\/\/blog.holyart.it\/fr\/wp-json\/wp\/v2\/posts\/9779\/revisions"}],"predecessor-version":[{"id":9798,"href":"https:\/\/blog.holyart.it\/fr\/wp-json\/wp\/v2\/posts\/9779\/revisions\/9798"}],"wp:featuredmedia":[{"embeddable":true,"href":"https:\/\/blog.holyart.it\/fr\/wp-json\/wp\/v2\/media\/9784"}],"wp:attachment":[{"href":"https:\/\/blog.holyart.it\/fr\/wp-json\/wp\/v2\/media?parent=9779"}],"wp:term":[{"taxonomy":"category","embeddable":true,"href":"https:\/\/blog.holyart.it\/fr\/wp-json\/wp\/v2\/categories?post=9779"},{"taxonomy":"post_tag","embeddable":true,"href":"https:\/\/blog.holyart.it\/fr\/wp-json\/wp\/v2\/tags?post=9779"}],"curies":[{"name":"wp","href":"https:\/\/api.w.org\/{rel}","templated":true}]}}