{"id":9760,"date":"2025-02-24T10:00:59","date_gmt":"2025-02-24T09:00:59","guid":{"rendered":"https:\/\/blog.holyart.it\/fr\/?p=9760"},"modified":"2025-02-26T10:29:53","modified_gmt":"2025-02-26T09:29:53","slug":"qui-est-ce-simone-legno-le-designer-de-la-mascotte-du-jubile-2025","status":"publish","type":"post","link":"https:\/\/blog.holyart.it\/fr\/jubile-2025\/qui-est-ce-simone-legno-le-designer-de-la-mascotte-du-jubile-2025\/","title":{"rendered":"Qui est-ce Simone Legno, le designer de la mascotte du Jubil\u00e9 2025 ?"},"content":{"rendered":"<h4>Apprenons \u00e0 conna\u00eetre Simone Legno, artiste italien \u00e9clectique, cr\u00e9ateur de Luce, la mascotte du Jubil\u00e9 2025.<\/h4>\n\n<p>Au cours des derniers mois, il y a eu beaucoup de d\u00e9bats concernant <a href=\"https:\/\/www.holyart.fr\/blog\/jubile-2025\/luce-la-mascotte-du-jubile-2025-un-symbole-pour-tous-les-pelerins\/\"><strong><u>Luce, l\u2019adorable mascotte <\/u><\/strong><\/a>du <a href=\"https:\/\/www.holyart.fr\/blog\/articles-religieux\/le-calendrier-des-evenements-du-jubile-2025\/\"><strong><u>Jubil\u00e9 2025<\/u><\/strong><\/a>. Certains ont critiqu\u00e9 son aspect, clairement inspir\u00e9 aux mangas et aux dessins anim\u00e9s japonais, et donc consid\u00e9r\u00e9 culturellement peu conforme \u00e0 l\u2019\u00e9glise catholique. D\u2019autres ont voulu voir en elle des traits en commun avec Greta Thunberg, paladine de l\u2019environnement. Enfin, il y en a qui ont critiqu\u00e9 le choix du cr\u00e9ateur auquel a \u00e9t\u00e9 confi\u00e9e la r\u00e9alisation du petit personnage. Il s\u2019agit de <strong>Simone Legno<\/strong>, fondateur de la marque Tokidoki, une marque iconique de lifestyle qui combine des \u00e9l\u00e9ments de culture japonaise, street art et graffiti. Au-del\u00e0 de toute possible pol\u00e9mique, nous ne devons pas perdre de vue une r\u00e9alit\u00e9 de fait\u00a0: c\u2019est le <strong>Vatican<\/strong> qui a accueilli la mascotte dessin\u00e9e par le jeune artiste pour l\u2019<a href=\"https:\/\/www.holyart.fr\/blog\/articles-religieux\/quest-ce-quest-le-jubile-preparons-nous-a-une-nouvelle-annee-sainte\/\"><strong><u>Ann\u00e9e Sainte<\/u><\/strong><\/a>. Legno a propos\u00e9, d\u00e8s le d\u00e9but, un personnage <strong>inspir\u00e9 par la culture pop<\/strong>, capable de rapprocher l\u2019\u00e9glise des go\u00fbts des jeunes, et, fort de son exp\u00e9rience avec la marque qu\u2019il a lui-m\u00eame cr\u00e9\u00e9e, il a propos\u00e9 Luce.<\/p>\n<div class=\"link-article\">\n<p><img loading=\"lazy\" decoding=\"async\" class=\"alignnone size-full wp-image-9774\" src=\"https:\/\/blog.holyart.it\/fr\/wp-content\/uploads\/sites\/14\/2025\/02\/Luce-la-mascotte-du-Jubile-2025-1.jpg\" alt=\"Luce, la mascotte du Jubil\u00e9 2025\" width=\"150\" height=\"99\" data-kale-share-title=\"Qui est-ce Simone Legno, le designer de la mascotte du Jubil\u00e9 2025 ?\" data-kale-share-url=\"https:\/\/blog.holyart.it\/fr\/?p=9760\" \/><\/p>\n<div class=\"leggi-anche\">Lire aussi :<\/div>\n<p><strong><a href=\"https:\/\/www.holyart.fr\/blog\/jubile-2025\/luce-la-mascotte-du-jubile-2025-un-symbole-pour-tous-les-pelerins\/\">Luce, la mascotte du Jubil\u00e9 2025 : un symbole pour tous les p\u00e8lerins<\/a><\/strong><br \/>\nApprenons \u00e0 conna\u00eetre Luce, mascotte du Jubil\u00e9 2025&#8230;<\/p>\n<\/div>\n<h2>Simone Legno, fondateur de la marque Tokidoki<\/h2>\n<p>Simone Legno, n\u00e9 \u00e0 Rome en 1977 et appartenant \u00e0 une famille catholique, m\u00eame s\u2019il ne se d\u00e9clare pas pratiquant, collabore depuis des ann\u00e9es avec des marques telles que Hello Kitty, Karl Lagergeld et Marvel. D\u00e8s son enfance, il a d\u00e9montr\u00e9 une passion pour le dessin et une fascination particuli\u00e8re pour les couleurs, \u00e9l\u00e9ments qui ont influenc\u00e9 son style artistique.<br \/>\nEn 2001, avec la cr\u00e9ation d\u2019un <strong>site web personnel<\/strong>, il a pu exprimer son art et son design. Ce portfolio en ligne a attir\u00e9 l\u2019attention de Pooneh Mohajer et d\u2019Ivan Arnold, entrepreneurs am\u00e9ricains qui l\u2019ont contact\u00e9 en 2003 et l\u2019ont persuad\u00e9 \u00e0 d\u00e9m\u00e9nager \u00e0 Los Angeles afin d\u2019y d\u00e9velopper ses id\u00e9es et de fonder <strong>Tokidoki, LLC<\/strong>. La marque a \u00e9t\u00e9 officiellement lanc\u00e9e en 2005. <strong>Tokidoki<\/strong>, qui signifie \u00ab\u00a0parfois\u00a0\u00bb en japonais, refl\u00e8te sa vision de comment les rencontres fortuites peuvent quelquefois changer votre destin. Avec son inspiration \u00e0 la culture japonaise et \u00e0 l\u2019esth\u00e9tique <em>kawaii<\/em>, Simone a contribu\u00e9 \u00e0 r\u00e9aliser des <a href=\"https:\/\/www.holyart.fr\/jubile-2025-pelerins-desperance\/luce-mascotte-officielle-du-jubile-2025\/luce-mascotte-officielle-du-jubile-2025-peluche-25-cm-tokidoki\"><strong>personnages iconiques<\/strong><\/a> qui sont devenus un ph\u00e9nom\u00e8ne global.<\/p>\n<div class=\"link-product\">\n<div class=\"blocco-immagine\"><img loading=\"lazy\" decoding=\"async\" class=\"alignnone size-full wp-image-9765\" src=\"https:\/\/blog.holyart.it\/fr\/wp-content\/uploads\/sites\/14\/2025\/02\/Luce-mascotte-officielle-du-Jubile-2025-peluche-25-cm-Tokidoki.jpg\" alt=\"Luce mascotte officielle du Jubil\u00e9 2025 peluche 25 cm Tokidoki \" width=\"100\" height=\"100\" data-kale-share-title=\"Qui est-ce Simone Legno, le designer de la mascotte du Jubil\u00e9 2025 ?\" data-kale-share-url=\"https:\/\/blog.holyart.it\/fr\/?p=9760\" \/><\/div>\n<div class=\"blocco-contenuto\">\n<div class=\"blocco-acquista\">Acheter sur Holyart:<\/div>\n<div class=\"blocco-titolo\"><a href=\"https:\/\/www.holyart.fr\/jubile-2025-pelerins-desperance\/luce-mascotte-officielle-du-jubile-2025\/luce-mascotte-officielle-du-jubile-2025-peluche-25-cm-tokidoki\">Luce mascotte officielle du Jubil\u00e9 2025 peluche 25 cm Tokidoki <\/a><\/div>\n<div class=\"blocco-descrizione\">B\u00e9nitiers et goupillons ou asperg\u00e8s et bouteilles \u00e0 eau b\u00e9nite.<\/div>\n<\/div>\n<\/div>\n<p>Aujourd\u2019hui, Simone Legno est reconnu au niveau international. Il vit au Japon avec sa famille et continue d\u2019\u00eatre activement impliqu\u00e9 dans le processus cr\u00e9atif de Tokidoki et \u00e0 collaborer avec des marques de renomm\u00e9e mondiale. Son d\u00e9vouement \u00e0 l\u2019art et \u00e0 la culture pop le rend un personnage influent dans le panorama contemporain. Il participe \u00e9galement \u00e0 des <strong>\u00e9v\u00e9nements culturels<\/strong> et \u00e0 des <strong>initiatives caritatives<\/strong> dans le monde entier, en d\u00e9montrant une grande sensibilit\u00e9 envers les th\u00e8mes sociaux. En 2011, il a particip\u00e9 \u00e0 des collectes de fonds pour les victimes du tsunami qui a touch\u00e9 le Japon, en y contribuant avec ses \u0153uvres et avec les <em>action figures<\/em> de ses personnages.<\/p>\n<p>Outre Luce, la mascotte du Jubil\u00e9 2025, il a r\u00e9cemment cr\u00e9\u00e9 aussi Italia Chan, la mascotte officielle du Pavillon Italie \u00e0 l\u2019Expo 2025 d\u2019Osaka, o\u00f9 Luce sera encore pr\u00e9sente comme symbole du pavillon du Saint-Si\u00e8ge.<\/p>\n<div class=\"link-article\">\n<p><img loading=\"lazy\" decoding=\"async\" class=\"alignnone size-full wp-image-9766\" src=\"https:\/\/blog.holyart.it\/fr\/wp-content\/uploads\/sites\/14\/2025\/02\/Jubile-2025.jpg\" alt=\"Jubil\u00e9 2025\" width=\"150\" height=\"99\" data-kale-share-title=\"Qui est-ce Simone Legno, le designer de la mascotte du Jubil\u00e9 2025 ?\" data-kale-share-url=\"https:\/\/blog.holyart.it\/fr\/?p=9760\" \/><\/p>\n<div class=\"leggi-anche\">Lire aussi :<\/div>\n<p><strong><a href=\"https:\/\/www.holyart.fr\/blog\/articles-religieux\/le-calendrier-des-evenements-du-jubile-2025\/\">Le calendrier des \u00e9v\u00e9nements du Jubil\u00e9 2025<\/a><\/strong><br \/>\nLe calendrier des \u00e9v\u00e9nements du Jubil\u00e9 2025 a \u00e9t\u00e9 publi\u00e9 : douze mois d\u2019\u00e9v\u00e9nements et occasions pour approfondir la foi&#8230;<\/p>\n<\/div>\n<h2>Simone Legno et Luce : comment la mascotte est n\u00e9e<\/h2>\n<p>Pour cr\u00e9er Luce, la mascotte officielle du Jubil\u00e9 2025, Simone Legno s\u2019est inspir\u00e9 de la <strong>culture japonaise<\/strong> qu\u2019il aime tant et, en particulier, du monde de l\u2019<strong><em>art kawaii<\/em><\/strong>, un style artistique japonais qui propose des personnages et des objets mignons et adorables, avec des formes douces, des grands yeux et des couleurs pastel. Le terme \u00ab\u00a0kawaii\u00a0\u00bb signifie litt\u00e9ralement \u00ab\u00a0mignon\u00a0\u00bb et ce style s\u2019est r\u00e9pandu dans le monde entier, en s\u2019affirmant non seulement dans l\u2019art, mais aussi dans la mode et dans le design. Les personnages kawaii ont des grands yeux innocents, des sourires adorables et ainsi apparait Luce, la petite p\u00e8lerine qui, envelopp\u00e9e dans son imperm\u00e9able jaune, affronte le grand voyage de la vie avec des yeux lumineux, aux fonds desquels resplendit le coquillage symbole du <a href=\"https:\/\/www.holyart.fr\/blog\/articles-religieux\/le-chemin-de-saint-jacques-de-compostelle-histoire-et-curiosites-dun-des-plus-celebres-itineraires-religieux\/\"><strong><u>Chemin de Saint-Jacques-de-Compostelle<\/u><\/strong><\/a>. Sa t\u00e2che est d\u2019<strong>exprimer l\u2019esp\u00e9rance<\/strong>, symbole central du Jubil\u00e9 2025, d\u2019incarner tous les <a href=\"https:\/\/www.holyart.fr\/blog\/articles-religieux\/la-signification-du-logo-du-jubile-2025-pelerins-desperance\/\"><strong><u>P\u00e8lerins d\u2019esp\u00e9rance<\/u><\/strong><\/a> qui se pr\u00e9parent \u00e0 vivre l\u2019Ann\u00e9e Sainte \u00e0 l\u2019enseigne de la pri\u00e8re et d\u2019une croissance spirituelle et humaine.<\/p>\n<div class=\"link-article\">\n<p><img loading=\"lazy\" decoding=\"async\" class=\"alignnone size-full wp-image-9769\" src=\"https:\/\/blog.holyart.it\/fr\/wp-content\/uploads\/sites\/14\/2025\/02\/La-signification-du-logo-du-Jubile-2025.jpg\" alt=\"La signification du logo du Jubil\u00e9 2025\" width=\"150\" height=\"99\" data-kale-share-title=\"Qui est-ce Simone Legno, le designer de la mascotte du Jubil\u00e9 2025 ?\" data-kale-share-url=\"https:\/\/blog.holyart.it\/fr\/?p=9760\" \/><\/p>\n<div class=\"leggi-anche\">Lire aussi :<\/div>\n<p><strong><a href=\"https:\/\/www.holyart.fr\/blog\/articles-religieux\/la-signification-du-logo-du-jubile-2025-pelerins-desperance\/\">La signification du logo du Jubil\u00e9 2025 : P\u00e8lerins d\u2019esp\u00e9rance<\/a><\/strong><br \/>\nLe logo du Jubil\u00e9 2025 vient d\u2019\u00eatre pr\u00e9sent\u00e9, choisi parmi presque trois cents propositions&#8230;<\/p>\n<\/div>\n<p>Pour symboliser aussi l\u2019ouverture de l\u2019\u00e9glise \u00e0 des cultures diff\u00e9rentes, <a href=\"https:\/\/www.holyart.fr\/jubile-2025-pelerins-desperance\/luce-mascotte-officielle-du-jubile-2025\/popsocket-luce-and-friends-mascotte-jubile-2025-pour-smartphone-tokidoki?flags=true\"><strong>Luce est accompagn\u00e9e d\u2019autres personnages<\/strong><\/a>, comme Fe, Xin et Sky, des petits amis humains aux traits somatiques diff\u00e9rents, qui repr\u00e9sentent les cultures asiatique, latino-am\u00e9ricaine et africaine, mais aussi Santino, un sympathique petit chien, symbole de fid\u00e9lit\u00e9 et de providence, l\u2019ange gardien Iubi et Aura, une colombe de la paix.<\/p>\n<div class=\"link-product\">\n<div class=\"blocco-immagine\"><img loading=\"lazy\" decoding=\"async\" class=\"alignnone size-full wp-image-9771\" src=\"https:\/\/blog.holyart.it\/fr\/wp-content\/uploads\/sites\/14\/2025\/02\/Popsocket-Luce-and-Friends-mascotte-Jubile-2025-pour-smartphone-Tokidoki.jpg\" alt=\"Popsocket Luce and Friends mascotte Jubil\u00e9 2025 pour smartphone Tokidoki \" width=\"100\" height=\"100\" data-kale-share-title=\"Qui est-ce Simone Legno, le designer de la mascotte du Jubil\u00e9 2025 ?\" data-kale-share-url=\"https:\/\/blog.holyart.it\/fr\/?p=9760\" \/><\/div>\n<div class=\"blocco-contenuto\">\n<div class=\"blocco-acquista\">Acheter sur Holyart:<\/div>\n<div class=\"blocco-titolo\"><a href=\"https:\/\/www.holyart.fr\/jubile-2025-pelerins-desperance\/luce-mascotte-officielle-du-jubile-2025\/popsocket-luce-and-friends-mascotte-jubile-2025-pour-smartphone-tokidoki\">Popsocket Luce and Friends mascotte Jubil\u00e9 2025 pour smartphone Tokidoki<\/a><\/div>\n<div class=\"blocco-descrizione\">Support et poign\u00e9e extensible pour t\u00e9l\u00e9phones portables de Luce and Friends&#8230;<\/div>\n<\/div>\n<\/div>\n<h2>La remise de la mascotte \u00e0 Pape Fran\u00e7ois<\/h2>\n<p>Le 28 octobre 2024, Luce a \u00e9t\u00e9 officiellement pr\u00e9sent\u00e9e \u00e0 Monseigneur Rino Fisichella, propr\u00e9fet du Dicast\u00e8re pour l\u2019\u00c9vang\u00e9lisation. Simone Legno a aussi personnellement offert une peluche \u00e0 l\u2019effigie de Luce \u00e0 <strong>Pape Fran\u00e7ois<\/strong>, qui l\u2019a d\u2019abord observ\u00e9e avec un peu de perplexit\u00e9, mais a ensuite montr\u00e9 d\u2019appr\u00e9cier le cadeau en caressant la t\u00eate de la poup\u00e9e.<\/p>\n","protected":false},"excerpt":{"rendered":"<p>Apprenons \u00e0 conna\u00eetre Simone Legno, artiste italien \u00e9clectique, cr\u00e9ateur de Luce, la mascotte du Jubil\u00e9 2025. Au cours des derniers mois, il y a eu beaucoup de d\u00e9bats concernant Luce, l\u2019adorable mascotte du Jubil\u00e9 2025. Certains ont critiqu\u00e9 son aspect, clairement inspir\u00e9 aux mangas et&hellip;<\/p>\n","protected":false},"author":1,"featured_media":9768,"comment_status":"closed","ping_status":"open","sticky":false,"template":"","format":"standard","meta":{"_acf_changed":false,"footnotes":""},"categories":[13],"tags":[],"class_list":["post-9760","post","type-post","status-publish","format-standard","has-post-thumbnail","hentry","category-jubile-2025"],"acf":[],"yoast_head":"<!-- This site is optimized with the Yoast SEO plugin v26.6 - https:\/\/yoast.com\/wordpress\/plugins\/seo\/ -->\n<title>Qui est-ce Simone Legno, le designer de la mascotte du Jubil\u00e9 2025 ? - Holyart.fr Blog<\/title>\n<meta name=\"description\" content=\"Simone Legno, passionn\u00e9 du design japonais, promeut son style depuis toujours en collaborant avec des marques iconiques. Voici comment il a cr\u00e9\u00e9 Luce pour le Jubil\u00e9.\" \/>\n<meta name=\"robots\" content=\"index, follow, max-snippet:-1, max-image-preview:large, max-video-preview:-1\" \/>\n<link rel=\"canonical\" href=\"https:\/\/blog.holyart.it\/fr\/jubile-2025\/qui-est-ce-simone-legno-le-designer-de-la-mascotte-du-jubile-2025\/\" \/>\n<meta property=\"og:locale\" content=\"fr_FR\" \/>\n<meta property=\"og:type\" content=\"article\" \/>\n<meta property=\"og:title\" content=\"Qui est-ce Simone Legno, le designer de la mascotte du Jubil\u00e9 2025 ? - Holyart.fr Blog\" \/>\n<meta property=\"og:description\" content=\"Simone Legno, passionn\u00e9 du design japonais, promeut son style depuis toujours en collaborant avec des marques iconiques. Voici comment il a cr\u00e9\u00e9 Luce pour le Jubil\u00e9.\" \/>\n<meta property=\"og:url\" content=\"https:\/\/blog.holyart.it\/fr\/jubile-2025\/qui-est-ce-simone-legno-le-designer-de-la-mascotte-du-jubile-2025\/\" \/>\n<meta property=\"og:site_name\" content=\"Holyart.fr Blog\" \/>\n<meta property=\"article:published_time\" content=\"2025-02-24T09:00:59+00:00\" \/>\n<meta property=\"article:modified_time\" content=\"2025-02-26T09:29:53+00:00\" \/>\n<meta property=\"og:image\" content=\"https:\/\/blog.holyart.it\/fr\/wp-content\/uploads\/sites\/14\/2025\/02\/Qui-est-ce-Simone-Legno.jpg\" \/>\n\t<meta property=\"og:image:width\" content=\"1000\" \/>\n\t<meta property=\"og:image:height\" content=\"666\" \/>\n\t<meta property=\"og:image:type\" content=\"image\/jpeg\" \/>\n<meta name=\"author\" content=\"Redazione\" \/>\n<meta name=\"twitter:card\" content=\"summary_large_image\" \/>\n<meta name=\"twitter:label1\" content=\"\u00c9crit par\" \/>\n\t<meta name=\"twitter:data1\" content=\"Redazione\" \/>\n\t<meta name=\"twitter:label2\" content=\"Dur\u00e9e de lecture estim\u00e9e\" \/>\n\t<meta name=\"twitter:data2\" content=\"6 minutes\" \/>\n<script type=\"application\/ld+json\" class=\"yoast-schema-graph\">{\"@context\":\"https:\/\/schema.org\",\"@graph\":[{\"@type\":\"Article\",\"@id\":\"https:\/\/blog.holyart.it\/fr\/jubile-2025\/qui-est-ce-simone-legno-le-designer-de-la-mascotte-du-jubile-2025\/#article\",\"isPartOf\":{\"@id\":\"https:\/\/blog.holyart.it\/fr\/jubile-2025\/qui-est-ce-simone-legno-le-designer-de-la-mascotte-du-jubile-2025\/\"},\"author\":{\"name\":\"Redazione\",\"@id\":\"https:\/\/blog.holyart.it\/fr\/#\/schema\/person\/0a7b686e5af0f856ec1e390dd0baecda\"},\"headline\":\"Qui est-ce Simone Legno, le designer de la mascotte du Jubil\u00e9 2025 ?\",\"datePublished\":\"2025-02-24T09:00:59+00:00\",\"dateModified\":\"2025-02-26T09:29:53+00:00\",\"mainEntityOfPage\":{\"@id\":\"https:\/\/blog.holyart.it\/fr\/jubile-2025\/qui-est-ce-simone-legno-le-designer-de-la-mascotte-du-jubile-2025\/\"},\"wordCount\":1032,\"publisher\":{\"@id\":\"https:\/\/blog.holyart.it\/fr\/#organization\"},\"image\":{\"@id\":\"https:\/\/blog.holyart.it\/fr\/jubile-2025\/qui-est-ce-simone-legno-le-designer-de-la-mascotte-du-jubile-2025\/#primaryimage\"},\"thumbnailUrl\":\"https:\/\/blog.holyart.it\/fr\/wp-content\/uploads\/sites\/14\/2025\/02\/Qui-est-ce-Simone-Legno.jpg\",\"articleSection\":[\"Jubil\u00e9 2025\"],\"inLanguage\":\"fr-FR\"},{\"@type\":\"WebPage\",\"@id\":\"https:\/\/blog.holyart.it\/fr\/jubile-2025\/qui-est-ce-simone-legno-le-designer-de-la-mascotte-du-jubile-2025\/\",\"url\":\"https:\/\/blog.holyart.it\/fr\/jubile-2025\/qui-est-ce-simone-legno-le-designer-de-la-mascotte-du-jubile-2025\/\",\"name\":\"Qui est-ce Simone Legno, le designer de la mascotte du Jubil\u00e9 2025 ? - Holyart.fr Blog\",\"isPartOf\":{\"@id\":\"https:\/\/blog.holyart.it\/fr\/#website\"},\"primaryImageOfPage\":{\"@id\":\"https:\/\/blog.holyart.it\/fr\/jubile-2025\/qui-est-ce-simone-legno-le-designer-de-la-mascotte-du-jubile-2025\/#primaryimage\"},\"image\":{\"@id\":\"https:\/\/blog.holyart.it\/fr\/jubile-2025\/qui-est-ce-simone-legno-le-designer-de-la-mascotte-du-jubile-2025\/#primaryimage\"},\"thumbnailUrl\":\"https:\/\/blog.holyart.it\/fr\/wp-content\/uploads\/sites\/14\/2025\/02\/Qui-est-ce-Simone-Legno.jpg\",\"datePublished\":\"2025-02-24T09:00:59+00:00\",\"dateModified\":\"2025-02-26T09:29:53+00:00\",\"description\":\"Simone Legno, passionn\u00e9 du design japonais, promeut son style depuis toujours en collaborant avec des marques iconiques. Voici comment il a cr\u00e9\u00e9 Luce pour le Jubil\u00e9.\",\"breadcrumb\":{\"@id\":\"https:\/\/blog.holyart.it\/fr\/jubile-2025\/qui-est-ce-simone-legno-le-designer-de-la-mascotte-du-jubile-2025\/#breadcrumb\"},\"inLanguage\":\"fr-FR\",\"potentialAction\":[{\"@type\":\"ReadAction\",\"target\":[\"https:\/\/blog.holyart.it\/fr\/jubile-2025\/qui-est-ce-simone-legno-le-designer-de-la-mascotte-du-jubile-2025\/\"]}]},{\"@type\":\"ImageObject\",\"inLanguage\":\"fr-FR\",\"@id\":\"https:\/\/blog.holyart.it\/fr\/jubile-2025\/qui-est-ce-simone-legno-le-designer-de-la-mascotte-du-jubile-2025\/#primaryimage\",\"url\":\"https:\/\/blog.holyart.it\/fr\/wp-content\/uploads\/sites\/14\/2025\/02\/Qui-est-ce-Simone-Legno.jpg\",\"contentUrl\":\"https:\/\/blog.holyart.it\/fr\/wp-content\/uploads\/sites\/14\/2025\/02\/Qui-est-ce-Simone-Legno.jpg\",\"width\":1000,\"height\":666,\"caption\":\"Qui est-ce Simone Legno\"},{\"@type\":\"BreadcrumbList\",\"@id\":\"https:\/\/blog.holyart.it\/fr\/jubile-2025\/qui-est-ce-simone-legno-le-designer-de-la-mascotte-du-jubile-2025\/#breadcrumb\",\"itemListElement\":[{\"@type\":\"ListItem\",\"position\":1,\"name\":\"Homepage\",\"item\":\"https:\/\/blog.holyart.it\/fr\/\"},{\"@type\":\"ListItem\",\"position\":2,\"name\":\"Jubil\u00e9 2025\",\"item\":\"https:\/\/blog.holyart.it\/fr\/jubile-2025\/\"},{\"@type\":\"ListItem\",\"position\":3,\"name\":\"Qui est-ce Simone Legno, le designer de la mascotte du Jubil\u00e9 2025 ?\"}]},{\"@type\":\"WebSite\",\"@id\":\"https:\/\/blog.holyart.it\/fr\/#website\",\"url\":\"https:\/\/blog.holyart.it\/fr\/\",\"name\":\"Holyart.fr Blog\",\"description\":\"Holyblog\",\"publisher\":{\"@id\":\"https:\/\/blog.holyart.it\/fr\/#organization\"},\"potentialAction\":[{\"@type\":\"SearchAction\",\"target\":{\"@type\":\"EntryPoint\",\"urlTemplate\":\"https:\/\/blog.holyart.it\/fr\/?s={search_term_string}\"},\"query-input\":{\"@type\":\"PropertyValueSpecification\",\"valueRequired\":true,\"valueName\":\"search_term_string\"}}],\"inLanguage\":\"fr-FR\"},{\"@type\":\"Organization\",\"@id\":\"https:\/\/blog.holyart.it\/fr\/#organization\",\"name\":\"Holyart.fr Blog\",\"url\":\"https:\/\/blog.holyart.it\/fr\/\",\"logo\":{\"@type\":\"ImageObject\",\"inLanguage\":\"fr-FR\",\"@id\":\"https:\/\/blog.holyart.it\/fr\/#\/schema\/logo\/image\/\",\"url\":\"https:\/\/blog.holyart.it\/fr\/wp-content\/uploads\/sites\/14\/2022\/12\/Holyart_Blog_Logo.jpg\",\"contentUrl\":\"https:\/\/blog.holyart.it\/fr\/wp-content\/uploads\/sites\/14\/2022\/12\/Holyart_Blog_Logo.jpg\",\"width\":300,\"height\":50,\"caption\":\"Holyart.fr Blog\"},\"image\":{\"@id\":\"https:\/\/blog.holyart.it\/fr\/#\/schema\/logo\/image\/\"}},{\"@type\":\"Person\",\"@id\":\"https:\/\/blog.holyart.it\/fr\/#\/schema\/person\/0a7b686e5af0f856ec1e390dd0baecda\",\"name\":\"Redazione\",\"image\":{\"@type\":\"ImageObject\",\"inLanguage\":\"fr-FR\",\"@id\":\"https:\/\/blog.holyart.it\/fr\/#\/schema\/person\/image\/\",\"url\":\"https:\/\/secure.gravatar.com\/avatar\/f477da817f43e50d0af36abecd33e3edf826c68299714bdc1057dff3b113f516?s=96&d=mm&r=g\",\"contentUrl\":\"https:\/\/secure.gravatar.com\/avatar\/f477da817f43e50d0af36abecd33e3edf826c68299714bdc1057dff3b113f516?s=96&d=mm&r=g\",\"caption\":\"Redazione\"},\"url\":\"https:\/\/blog.holyart.it\/fr\/author\/admin\/\"}]}<\/script>\n<!-- \/ Yoast SEO plugin. -->","yoast_head_json":{"title":"Qui est-ce Simone Legno, le designer de la mascotte du Jubil\u00e9 2025 ? - Holyart.fr Blog","description":"Simone Legno, passionn\u00e9 du design japonais, promeut son style depuis toujours en collaborant avec des marques iconiques. Voici comment il a cr\u00e9\u00e9 Luce pour le Jubil\u00e9.","robots":{"index":"index","follow":"follow","max-snippet":"max-snippet:-1","max-image-preview":"max-image-preview:large","max-video-preview":"max-video-preview:-1"},"canonical":"https:\/\/blog.holyart.it\/fr\/jubile-2025\/qui-est-ce-simone-legno-le-designer-de-la-mascotte-du-jubile-2025\/","og_locale":"fr_FR","og_type":"article","og_title":"Qui est-ce Simone Legno, le designer de la mascotte du Jubil\u00e9 2025 ? - Holyart.fr Blog","og_description":"Simone Legno, passionn\u00e9 du design japonais, promeut son style depuis toujours en collaborant avec des marques iconiques. Voici comment il a cr\u00e9\u00e9 Luce pour le Jubil\u00e9.","og_url":"https:\/\/blog.holyart.it\/fr\/jubile-2025\/qui-est-ce-simone-legno-le-designer-de-la-mascotte-du-jubile-2025\/","og_site_name":"Holyart.fr Blog","article_published_time":"2025-02-24T09:00:59+00:00","article_modified_time":"2025-02-26T09:29:53+00:00","og_image":[{"width":1000,"height":666,"url":"https:\/\/blog.holyart.it\/fr\/wp-content\/uploads\/sites\/14\/2025\/02\/Qui-est-ce-Simone-Legno.jpg","type":"image\/jpeg"}],"author":"Redazione","twitter_card":"summary_large_image","twitter_misc":{"\u00c9crit par":"Redazione","Dur\u00e9e de lecture estim\u00e9e":"6 minutes"},"schema":{"@context":"https:\/\/schema.org","@graph":[{"@type":"Article","@id":"https:\/\/blog.holyart.it\/fr\/jubile-2025\/qui-est-ce-simone-legno-le-designer-de-la-mascotte-du-jubile-2025\/#article","isPartOf":{"@id":"https:\/\/blog.holyart.it\/fr\/jubile-2025\/qui-est-ce-simone-legno-le-designer-de-la-mascotte-du-jubile-2025\/"},"author":{"name":"Redazione","@id":"https:\/\/blog.holyart.it\/fr\/#\/schema\/person\/0a7b686e5af0f856ec1e390dd0baecda"},"headline":"Qui est-ce Simone Legno, le designer de la mascotte du Jubil\u00e9 2025 ?","datePublished":"2025-02-24T09:00:59+00:00","dateModified":"2025-02-26T09:29:53+00:00","mainEntityOfPage":{"@id":"https:\/\/blog.holyart.it\/fr\/jubile-2025\/qui-est-ce-simone-legno-le-designer-de-la-mascotte-du-jubile-2025\/"},"wordCount":1032,"publisher":{"@id":"https:\/\/blog.holyart.it\/fr\/#organization"},"image":{"@id":"https:\/\/blog.holyart.it\/fr\/jubile-2025\/qui-est-ce-simone-legno-le-designer-de-la-mascotte-du-jubile-2025\/#primaryimage"},"thumbnailUrl":"https:\/\/blog.holyart.it\/fr\/wp-content\/uploads\/sites\/14\/2025\/02\/Qui-est-ce-Simone-Legno.jpg","articleSection":["Jubil\u00e9 2025"],"inLanguage":"fr-FR"},{"@type":"WebPage","@id":"https:\/\/blog.holyart.it\/fr\/jubile-2025\/qui-est-ce-simone-legno-le-designer-de-la-mascotte-du-jubile-2025\/","url":"https:\/\/blog.holyart.it\/fr\/jubile-2025\/qui-est-ce-simone-legno-le-designer-de-la-mascotte-du-jubile-2025\/","name":"Qui est-ce Simone Legno, le designer de la mascotte du Jubil\u00e9 2025 ? - Holyart.fr Blog","isPartOf":{"@id":"https:\/\/blog.holyart.it\/fr\/#website"},"primaryImageOfPage":{"@id":"https:\/\/blog.holyart.it\/fr\/jubile-2025\/qui-est-ce-simone-legno-le-designer-de-la-mascotte-du-jubile-2025\/#primaryimage"},"image":{"@id":"https:\/\/blog.holyart.it\/fr\/jubile-2025\/qui-est-ce-simone-legno-le-designer-de-la-mascotte-du-jubile-2025\/#primaryimage"},"thumbnailUrl":"https:\/\/blog.holyart.it\/fr\/wp-content\/uploads\/sites\/14\/2025\/02\/Qui-est-ce-Simone-Legno.jpg","datePublished":"2025-02-24T09:00:59+00:00","dateModified":"2025-02-26T09:29:53+00:00","description":"Simone Legno, passionn\u00e9 du design japonais, promeut son style depuis toujours en collaborant avec des marques iconiques. Voici comment il a cr\u00e9\u00e9 Luce pour le Jubil\u00e9.","breadcrumb":{"@id":"https:\/\/blog.holyart.it\/fr\/jubile-2025\/qui-est-ce-simone-legno-le-designer-de-la-mascotte-du-jubile-2025\/#breadcrumb"},"inLanguage":"fr-FR","potentialAction":[{"@type":"ReadAction","target":["https:\/\/blog.holyart.it\/fr\/jubile-2025\/qui-est-ce-simone-legno-le-designer-de-la-mascotte-du-jubile-2025\/"]}]},{"@type":"ImageObject","inLanguage":"fr-FR","@id":"https:\/\/blog.holyart.it\/fr\/jubile-2025\/qui-est-ce-simone-legno-le-designer-de-la-mascotte-du-jubile-2025\/#primaryimage","url":"https:\/\/blog.holyart.it\/fr\/wp-content\/uploads\/sites\/14\/2025\/02\/Qui-est-ce-Simone-Legno.jpg","contentUrl":"https:\/\/blog.holyart.it\/fr\/wp-content\/uploads\/sites\/14\/2025\/02\/Qui-est-ce-Simone-Legno.jpg","width":1000,"height":666,"caption":"Qui est-ce Simone Legno"},{"@type":"BreadcrumbList","@id":"https:\/\/blog.holyart.it\/fr\/jubile-2025\/qui-est-ce-simone-legno-le-designer-de-la-mascotte-du-jubile-2025\/#breadcrumb","itemListElement":[{"@type":"ListItem","position":1,"name":"Homepage","item":"https:\/\/blog.holyart.it\/fr\/"},{"@type":"ListItem","position":2,"name":"Jubil\u00e9 2025","item":"https:\/\/blog.holyart.it\/fr\/jubile-2025\/"},{"@type":"ListItem","position":3,"name":"Qui est-ce Simone Legno, le designer de la mascotte du Jubil\u00e9 2025 ?"}]},{"@type":"WebSite","@id":"https:\/\/blog.holyart.it\/fr\/#website","url":"https:\/\/blog.holyart.it\/fr\/","name":"Holyart.fr Blog","description":"Holyblog","publisher":{"@id":"https:\/\/blog.holyart.it\/fr\/#organization"},"potentialAction":[{"@type":"SearchAction","target":{"@type":"EntryPoint","urlTemplate":"https:\/\/blog.holyart.it\/fr\/?s={search_term_string}"},"query-input":{"@type":"PropertyValueSpecification","valueRequired":true,"valueName":"search_term_string"}}],"inLanguage":"fr-FR"},{"@type":"Organization","@id":"https:\/\/blog.holyart.it\/fr\/#organization","name":"Holyart.fr Blog","url":"https:\/\/blog.holyart.it\/fr\/","logo":{"@type":"ImageObject","inLanguage":"fr-FR","@id":"https:\/\/blog.holyart.it\/fr\/#\/schema\/logo\/image\/","url":"https:\/\/blog.holyart.it\/fr\/wp-content\/uploads\/sites\/14\/2022\/12\/Holyart_Blog_Logo.jpg","contentUrl":"https:\/\/blog.holyart.it\/fr\/wp-content\/uploads\/sites\/14\/2022\/12\/Holyart_Blog_Logo.jpg","width":300,"height":50,"caption":"Holyart.fr Blog"},"image":{"@id":"https:\/\/blog.holyart.it\/fr\/#\/schema\/logo\/image\/"}},{"@type":"Person","@id":"https:\/\/blog.holyart.it\/fr\/#\/schema\/person\/0a7b686e5af0f856ec1e390dd0baecda","name":"Redazione","image":{"@type":"ImageObject","inLanguage":"fr-FR","@id":"https:\/\/blog.holyart.it\/fr\/#\/schema\/person\/image\/","url":"https:\/\/secure.gravatar.com\/avatar\/f477da817f43e50d0af36abecd33e3edf826c68299714bdc1057dff3b113f516?s=96&d=mm&r=g","contentUrl":"https:\/\/secure.gravatar.com\/avatar\/f477da817f43e50d0af36abecd33e3edf826c68299714bdc1057dff3b113f516?s=96&d=mm&r=g","caption":"Redazione"},"url":"https:\/\/blog.holyart.it\/fr\/author\/admin\/"}]}},"_links":{"self":[{"href":"https:\/\/blog.holyart.it\/fr\/wp-json\/wp\/v2\/posts\/9760","targetHints":{"allow":["GET"]}}],"collection":[{"href":"https:\/\/blog.holyart.it\/fr\/wp-json\/wp\/v2\/posts"}],"about":[{"href":"https:\/\/blog.holyart.it\/fr\/wp-json\/wp\/v2\/types\/post"}],"author":[{"embeddable":true,"href":"https:\/\/blog.holyart.it\/fr\/wp-json\/wp\/v2\/users\/1"}],"replies":[{"embeddable":true,"href":"https:\/\/blog.holyart.it\/fr\/wp-json\/wp\/v2\/comments?post=9760"}],"version-history":[{"count":10,"href":"https:\/\/blog.holyart.it\/fr\/wp-json\/wp\/v2\/posts\/9760\/revisions"}],"predecessor-version":[{"id":9777,"href":"https:\/\/blog.holyart.it\/fr\/wp-json\/wp\/v2\/posts\/9760\/revisions\/9777"}],"wp:featuredmedia":[{"embeddable":true,"href":"https:\/\/blog.holyart.it\/fr\/wp-json\/wp\/v2\/media\/9768"}],"wp:attachment":[{"href":"https:\/\/blog.holyart.it\/fr\/wp-json\/wp\/v2\/media?parent=9760"}],"wp:term":[{"taxonomy":"category","embeddable":true,"href":"https:\/\/blog.holyart.it\/fr\/wp-json\/wp\/v2\/categories?post=9760"},{"taxonomy":"post_tag","embeddable":true,"href":"https:\/\/blog.holyart.it\/fr\/wp-json\/wp\/v2\/tags?post=9760"}],"curies":[{"name":"wp","href":"https:\/\/api.w.org\/{rel}","templated":true}]}}