{"id":975,"date":"2018-09-20T12:08:27","date_gmt":"2018-09-20T10:08:27","guid":{"rendered":"https:\/\/blog.holyart.it\/fr\/?p=975"},"modified":"2022-07-04T11:54:04","modified_gmt":"2022-07-04T09:54:04","slug":"chapelets-a-faire-soi-meme-quelques-etapes","status":"publish","type":"post","link":"https:\/\/blog.holyart.it\/fr\/articles-religieux\/chapelets-a-faire-soi-meme-quelques-etapes\/","title":{"rendered":"Chapelets \u00e0 faire soi-m\u00eame en quelques \u00e9tapes"},"content":{"rendered":"<p>Nous avons d\u00e9j\u00e0 amplement parl\u00e9 dans un article pr\u00e9c\u00e9dent du Chapelet, un des objets de d\u00e9votion par excellence. La r\u00e9citation du Saint Rosaire a toujours \u00e9t\u00e9 vue comme un moyen d\u2019accomplir son devoir de chr\u00e9tien, en priant sans se fatiguer, comme J\u00e9sus m\u00eame l\u2019a enseign\u00e9. D\u2019un autre c\u00f4t\u00e9, la r\u00e9citation du Saint Rosaire a \u00e9t\u00e9, depuis les origines de cette pratique, un moyen pour demander et obtenir une indulgence ou une gr\u00e2ce pour soi ou pour ses parents, en offrant en \u00e9change sa pri\u00e8re et sa pens\u00e9e pour tous les hommes et pour leur salut.<\/p>\n<p>Nous avons utilis\u00e9 le terme \u00ab\u00a0objet de d\u00e9votion\u00a0\u00bb parce que nous souhaitons survoler pour l\u2019instant la valeur spirituelle du Chapelet en soi et nous attarder plut\u00f4t sur comment il est compos\u00e9 et sur la symbolique des diff\u00e9rentes parties qui le compose.<\/p>\n<p>Le Chapelet d\u00e9rive du mot <em>chapeau<\/em> (<em>chapel<\/em>, dans sa forme ancienne) et fait r\u00e9f\u00e9rence \u00e0 l\u2019ancien usage de d\u00e9corer les statues de la Vierge avec des couronnes de roses (cf. <em>rosaire<\/em>). Le Chapelet se compose de grains de diff\u00e9rentes dimensions\u00a0: les plus petits se regroupent en cinq groupes de dix (les dizaines), qui correspondent aux Je vous salue Marie \u00e0 r\u00e9citer\u00a0; les plus gros correspondent aux cinq Myst\u00e8res et pr\u00e9voient la r\u00e9citation d\u2019un Notre P\u00e8re et d\u2019un Gloire au P\u00e8re\u00a0; une croix compl\u00e8te le tout et, au moment de la toucher, afin de d\u00e9buter le chapelet, on r\u00e9cite un Credo.<\/p>\n<h2>La r\u00e9citation d\u2019un chapelet est donc structur\u00e9e de la sorte<\/h2>\n<ul>\n<li>Signe de la Croix,<\/li>\n<li>En touchant la Croix avec les doigts, on r\u00e9cite le Credo<\/li>\n<li>En passant ses doigts sur le grand grain \u00e0 c\u00f4t\u00e9 de la Croix, on r\u00e9cite un Notre P\u00e8re<\/li>\n<li>En correspondance des trois plus petits grains qui suivent, on r\u00e9cite trois Je Vous Salue Marie (pour les dons de foi, esp\u00e9rance et charit\u00e9)<\/li>\n<li>Sur grand grain qui suit, on r\u00e9cite un Gloire au P\u00e8re<\/li>\n<li>Une fois atteinte la m\u00e9daille, on annonce le Premier Myst\u00e8re, suivi par la Premi\u00e8re Dizaine :<\/li>\n<li>Un Notre P\u00e8re pour le premier grand grain<\/li>\n<li>Dix Je vous salue Marie pour les dix petits grains<\/li>\n<li>Un Gloire au P\u00e8re et la pri\u00e8re de Fatima pour le grand grain qui suit<\/li>\n<li>On poursuit ainsi sur les grains qui suivent pour chacun des cinq Myst\u00e8res, qui changent selon le jour de la semaine.<\/li>\n<li>\u00c0 la fin des cinq dizaines, on dit un Salve Regina, un Notre P\u00e8re, un Je vous salue Marie et un Gloire au P\u00e8re.<\/li>\n<\/ul>\n<p>En ce qui concerne les <strong>Myst\u00e8res<\/strong>, comme mentionn\u00e9 dans la liste ci-dessus, ils changent selon le jour de la semaine\u00a0: les Myst\u00e8res Joyeux s\u2019\u00e9noncent le lundi et le samedi, les Myst\u00e8res Lumineux le jeudi, les Myst\u00e8re Douloureux le mardi et le vendredi et les Myst\u00e8re Glorieux se r\u00e9citent le mercredi et le dimanche.<\/p>\n<p>En raison de la nature particuli\u00e8rement concr\u00e8te du Chapelet, de sa structure con\u00e7ue express\u00e9ment pour aider la pri\u00e8re en glissant les grains entre les doigts, l\u2019id\u00e9e d\u2019un <a href=\"https:\/\/www.holyart.fr\/articles-religieux\/chapelets-et-etuis-a-chapelet\/chapelet-a-faire-soi-meme\"><strong>Chapelet \u00e0 faire soi-m\u00eame<\/strong><\/a> peut se relever int\u00e9ressante. De plus, r\u00e9aliser son propre chapelet ou en cr\u00e9er un comme cadeau pour quelqu\u2019un que nous aimons pourrait se r\u00e9v\u00e9ler \u00eatre un geste de d\u00e9votion en soi, en raison du travail, du temps et du d\u00e9vouement que nous y consacrions afin de le r\u00e9aliser avec nos propres mains.<\/p>\n<h2>Comment allons-nous r\u00e9aliser notre \u00ab\u00a0Chapelet \u00e0 faire soi-m\u00eame\u00a0\u00bb\u00a0?<\/h2>\n<p>Comme nous venons de le voir, le Chapelet est compos\u00e9 de cinquante-trois petits grains qui symbolisent les pri\u00e8res Je vous salue Marie, six grains plus grands (ou d\u2019une couleur diff\u00e9rente) qui symbolisent les Notre P\u00e8re et les Gloire au P\u00e8re, et un Crucifix. Les grains sont unis par un fil en mat\u00e9riaux vari\u00e9s. Aujourd\u2019hui, le plus utilis\u00e9 est le nylon. Tout le n\u00e9cessaire pour un Chapelet \u00e0 faire soi-m\u00eame se trouve facilement dans n\u2019importe quel <a href=\"https:\/\/www.holyart.fr\"><strong>magasin d\u2019articles religieux<\/strong><\/a>. Il est m\u00eame possible de trouver des <strong>kits complets<\/strong> pour la r\u00e9alisation de son Chapelet avec tout le n\u00e9cessaire, du fil aux fermoirs, des accessoires m\u00e9talliques \u00e0 la croix.<\/p>\n<p>Il y a une immense vari\u00e9t\u00e9 <strong>de grains et de perles<\/strong> dans le commerce, de chaque mat\u00e9riel et couleur, brillants ou mats. Les grains peuvent \u00eatre en bois, en olivier par exemple, ou alors plus clairs si en bois d\u2019\u00e9rable, ou encore en bois color\u00e9 et brillant, ou en bois parfum\u00e9. Une alternative pour cr\u00e9er un chapelet \u00e0 faire soi-m\u00eame plus \u00e9l\u00e9gant et raffin\u00e9 peut \u00eatre le choix de grains en r\u00e9sine imitation nacre, disponibles avec diff\u00e9rentes formes (ronds ou ovales), diam\u00e8tres et couleurs.<\/p>\n<div class=\"sp-styles-warning\" style=\"width: 450px; background-color: #FFF; color: #F00; border: 1px solid #F00; padding: 10px; font-size: 14px;\">\n\t\t\t<span style=\"font-weight: bold;\">Warning: The stylesheets were not loaded!<\/span> \n\t\t\tYou will need to change the <i>Load stylesheets<\/i> setting from <i>Automatically<\/i> to <i>On homepage<\/i> or <i>On all pages<\/i>. \n\t\t\tYou can set that <a style=\"text-decoration: underline; color: #F00;\" href=\"https:\/\/blog.holyart.it\/fr\/wp-admin\/admin.php?page=sliderpro-settings\">here<\/a>.\n\t\t\t<\/div>\r\n<div id=\"slider-pro-2\" class=\"slider-pro sp-no-js\" style=\"width: 500px; height: 500px;\">\r\n\t<div class=\"sp-slides\">\r\n\t\t\r\n\t\t<div class=\"sp-slide\">\r\n\t\t\t<img loading=\"lazy\" decoding=\"async\" class=\"sp-image\" src=\"https:\/\/blog.holyart.it\/fr\/wp-content\/uploads\/sites\/14\/2019\/03\/Grains-en-olivier-ronds-2.jpg\" alt=\"Grains en olivier ronds \" width=\"500\" height=\"500\" \/>\r\n\t\t\t<div class=\"sp-thumbnail\"><img decoding=\"async\" src=\"https:\/\/blog.holyart.it\/fr\/wp-content\/uploads\/sites\/14\/2019\/03\/Grains-en-olivier-ronds-2-150x150.jpg\" \/>\r\n\t\t\t<\/div>\r\n\t\t\t<div class=\"sp-caption\">Grains ronds en bois d\u2019olivier pour la r\u00e9alisation de Chapelets \u00e0 faire soi-m\u00eame.\nEmballage de perles en bois pour la cr\u00e9ation de 12 chapelets. Les grains sont disponibles avec 4 diam\u00e8tres diff\u00e9rents.\n<br \/><strong><span style=\"color: #0000ff;font-size:18px\"><a style=\"color: #0000ff\" href=\"https:\/\/www.holyart.fr\/articles-religieux\/chapelets-et-etuis-a-chapelet\/chapelet-a-faire-soi-meme\/grains-chapelet-bois-dolivier-rond\">Achetez sur Holyart<\/a><\/span><\/strong><\/div>\r\n\t\t<\/div>\r\n\t\t<div class=\"sp-slide\">\r\n\t\t\t<img loading=\"lazy\" decoding=\"async\" class=\"sp-image\" src=\"https:\/\/blog.holyart.it\/fr\/wp-content\/uploads\/sites\/14\/2019\/03\/Grains-en-bois-d\u2019\u00e9rable-ronds-2.jpg\" alt=\"Grains en bois d\u2019\u00e9rable ronds (2)\" width=\"500\" height=\"500\" \/>\r\n\t\t\t<div class=\"sp-thumbnail\"><img decoding=\"async\" src=\"https:\/\/blog.holyart.it\/fr\/wp-content\/uploads\/sites\/14\/2019\/03\/Grains-en-bois-d\u2019\u00e9rable-ronds-2-150x150.jpg\" \/>\r\n\t\t\t<\/div>\r\n\t\t\t<div class=\"sp-caption\">Grains ronds en bois d\u2019\u00e9rable pour la r\u00e9alisation de Chapelets \u00e0 faire soi-m\u00eame. Emballage de perles en bois pour la cr\u00e9ation de 12 chapelets. Les grains ont un diam\u00e8tre de 10 mm. \n<br \/><strong><span style=\"color: #0000ff;font-size:18px\"><a style=\"color: #0000ff\" href=\"https:\/\/www.holyart.fr\/articles-religieux\/chapelets-et-etuis-a-chapelet\/chapelet-a-faire-soi-meme\/grains-chapelet-bois-dhetre-rond\">Achetez sur Holyart<\/a><\/span><\/strong><\/div>\r\n\t\t<\/div>\r\n\t\t<div class=\"sp-slide\">\r\n\t\t\t<img loading=\"lazy\" decoding=\"async\" class=\"sp-image\" src=\"https:\/\/blog.holyart.it\/fr\/wp-content\/uploads\/sites\/14\/2019\/03\/Grains-pour-Chapelets-ovales-et-roses-2.jpg\" alt=\"Grains pour Chapelets, ovales et roses \" width=\"500\" height=\"500\" \/>\r\n\t\t\t<div class=\"sp-thumbnail\"><img decoding=\"async\" src=\"https:\/\/blog.holyart.it\/fr\/wp-content\/uploads\/sites\/14\/2019\/03\/Grains-pour-Chapelets-ovales-et-roses-2-150x150.jpg\" \/>\r\n\t\t\t<\/div>\r\n\t\t\t<div class=\"sp-caption\">Grains chapelets imitation nacre rose ovales.\nEmballage de perles en pvc pour la r\u00e9alisation de 12 chapelets. Les grains sont disponibles en 2 tailles.\n<br \/><strong><span style=\"color: #0000ff;font-size:18px\"><a style=\"color: #0000ff\" href=\"https:\/\/www.holyart.fr\/articles-religieux\/chapelets-et-etuis-a-chapelet\/chapelet-a-faire-soi-meme\/grains-chapelet-simili-nacre-rose-ovale\">Achetez sur Holyart<\/a><\/span><\/strong><\/div>\r\n\t\t<\/div>\r\n\t\t<div class=\"sp-slide\">\r\n\t\t\t<img loading=\"lazy\" decoding=\"async\" class=\"sp-image\" src=\"https:\/\/blog.holyart.it\/fr\/wp-content\/uploads\/sites\/14\/2019\/03\/Grains-pour-Chapelets-bleus-ronds-2.jpg\" alt=\"Grains pour Chapelets bleus ronds\" width=\"500\" height=\"500\" \/>\r\n\t\t\t<div class=\"sp-thumbnail\"><img decoding=\"async\" src=\"https:\/\/blog.holyart.it\/fr\/wp-content\/uploads\/sites\/14\/2019\/03\/Grains-pour-Chapelets-bleus-ronds-2-150x150.jpg\" \/>\n\r\n\t\t\t<\/div>\r\n\t\t\t<div class=\"sp-caption\">Grains ronds pour chapelets style nacre bleue.\nEmballage de perles en pvc pour la r\u00e9alisation de 12 chapelets. Les grains ont un diam\u00e8tre de 7 mm.\n<br \/><strong><span style=\"color: #0000ff;font-size:18px\"><a style=\"color: #0000ff\" href=\"https:\/\/www.holyart.fr\/articles-religieux\/chapelets-et-etuis-a-chapelet\/chapelet-a-faire-soi-meme\/grains-chapelet-simili-nacre-bleu-rond\">Achetez sur Holyart<\/a><\/span><\/strong><\/div>\r\n\t\t<\/div>\r\n\t\t<div class=\"sp-slide\">\r\n\t\t\t<img loading=\"lazy\" decoding=\"async\" class=\"sp-image\" src=\"https:\/\/blog.holyart.it\/fr\/wp-content\/uploads\/sites\/14\/2019\/03\/Grains-Bois-Parfum\u00e9-2.jpg\" alt=\"Grains Bois Parfum\u00e9 \" width=\"500\" height=\"500\" \/>\r\n\t\t\t<div class=\"sp-thumbnail\"><img decoding=\"async\" src=\"https:\/\/blog.holyart.it\/fr\/wp-content\/uploads\/sites\/14\/2019\/03\/Grains-Bois-Parfum\u00e9-2-150x150.jpg\" \/>\r\n\t\t\t<\/div>\r\n\t\t\t<div class=\"sp-caption\">Grains en bois de couleur rouge avec parfum de rose.\nEmballage de perles en bois pour la r\u00e9alisation de 12 chapelets. Les grains ont un diam\u00e8tre de 6 mm.\n<br \/><strong><span style=\"color: #0000ff;font-size:18px\"><a style=\"color: #0000ff\" href=\"https:\/\/www.holyart.fr\/articles-religieux\/chapelets-et-etuis-a-chapelet\/chapelet-a-faire-soi-meme\/grains-chapelet-bois-perfume-rond\">Achetez sur Holyart<\/a><\/span><\/strong><\/div>\r\n\t\t<\/div>\r\n\t\t<div class=\"sp-slide\">\r\n\t\t\t<img loading=\"lazy\" decoding=\"async\" class=\"sp-image\" src=\"https:\/\/blog.holyart.it\/fr\/wp-content\/uploads\/sites\/14\/2019\/03\/Grains-ronds-en-bois-noir-2.jpg\" alt=\"Grains ronds en bois noir\" width=\"500\" height=\"500\" \/>\r\n\t\t\t<div class=\"sp-thumbnail\"><img decoding=\"async\" src=\"https:\/\/blog.holyart.it\/fr\/wp-content\/uploads\/sites\/14\/2019\/03\/Grains-ronds-en-bois-noir-2-150x150.jpg\" \/>\r\n\t\t\t<\/div>\r\n\t\t\t<div class=\"sp-caption\">Grains noirs ronds en bois, id\u00e9aux pour Chapelets \u00e0 faire soi-m\u00eame. Emballage de perles en bois pour la r\u00e9alisation de 12 chapelets. Les grains sont disponibles avec 4 diam\u00e8tres diff\u00e9rents.\n<br \/><strong><span style=\"color: #0000ff;font-size:18px\"><a style=\"color: #0000ff\" href=\"https:\/\/www.holyart.fr\/articles-religieux\/chapelets-et-etuis-a-chapelet\/chapelet-a-faire-soi-meme\/grains-chapelet-bois-noir-rond\">Achetez sur Holyart<\/a><\/span><\/strong><\/div>\r\n\t\t<\/div>\r\n\t<\/div>\r\n<\/div>\n<p>En plus du fil et des grains, afin d\u2019assembler un Chapelet, vous aurez besoin d\u2019<strong>anneaux de jonction <\/strong>dor\u00e9s ou argent\u00e9s et, bien \u00e9videmment, de fermoirs.<\/p>\n<p>Le centre du Chapelet pourra \u00eatre occup\u00e9 par une <strong>m\u00e9daille<\/strong>. Il y en a de tous les genres, argent\u00e9es ou dor\u00e9es, avec des images en relief de Notre-Dame de Fatima ou de la Vierge Miraculeuse, avec Saint Fran\u00e7ois et Sainte Claire, avec un portrait de Padre Pio ou avec la photo de Pape Fran\u00e7ois.<\/p>\n<p>Le choix de la <strong>croix<\/strong> aura, bien \u00e9videmment, beaucoup d\u2019importance\u00a0: en m\u00e9tal si nous avons choisi des grains en r\u00e9sine, avec des finitions dor\u00e9es peut-\u00eatre, color\u00e9e, \u00e9maill\u00e9e\u00a0; ou alors en bois si nous avons pr\u00e9f\u00e9r\u00e9 ce mat\u00e9riel, avec ou sans le corps de Christ, d\u00e9cor\u00e9e avec l\u2019image d\u2019une colombe\u00a0; ou bien une croix Tau, ou une croix en m\u00e9tal galvanis\u00e9 en finition argent vieilli d\u00e9cor\u00e9e d\u2019\u00e9mail. Si le Chapelet est suppos\u00e9 \u00eatre un cadeau pour la Premi\u00e8re Communion ou pour le Parrain ou la Marraine de la Confirmation, il y a de tr\u00e8s belles croix d\u00e9di\u00e9es \u00e0 ces occasions.<\/p>\n<div class=\"sp-styles-warning\" style=\"width: 450px; background-color: #FFF; color: #F00; border: 1px solid #F00; padding: 10px; font-size: 14px;\">\n\t\t\t<span style=\"font-weight: bold;\">Warning: The stylesheets were not loaded!<\/span> \n\t\t\tYou will need to change the <i>Load stylesheets<\/i> setting from <i>Automatically<\/i> to <i>On homepage<\/i> or <i>On all pages<\/i>. \n\t\t\tYou can set that <a style=\"text-decoration: underline; color: #F00;\" href=\"https:\/\/blog.holyart.it\/fr\/wp-admin\/admin.php?page=sliderpro-settings\">here<\/a>.\n\t\t\t<\/div>\r\n<div id=\"slider-pro-3\" class=\"slider-pro sp-no-js\" style=\"width: 500px; height: 500px;\">\r\n\t<div class=\"sp-slides\">\r\n\t\t\r\n\t\t<div class=\"sp-slide\">\r\n\t\t\t<img loading=\"lazy\" decoding=\"async\" class=\"sp-image\" src=\"https:\/\/blog.holyart.it\/fr\/wp-content\/uploads\/sites\/14\/2019\/03\/M\u00e9daille-Pape-Fran\u00e7ois-et-Christ-Mis\u00e9ricordieux-2.jpg\" alt=\"M\u00e9daille Pape Fran\u00e7ois et Christ Mis\u00e9ricordieux\" width=\"500\" height=\"500\" \/>\r\n\t\t\t<div class=\"sp-thumbnail\"><img decoding=\"async\" src=\"https:\/\/blog.holyart.it\/fr\/wp-content\/uploads\/sites\/14\/2019\/03\/M\u00e9daille-Pape-Fran\u00e7ois-et-Christ-Mis\u00e9ricordieux-2-150x150.jpg\" \/>\r\n\t\t\t<\/div>\r\n\t\t\t<div class=\"sp-caption\">M\u00e9daille en m\u00e9tal galvanis\u00e9 finition argent vieilli, dont la gravure repr\u00e9sente l\u2019image de Pape Fran\u00e7ois d\u2019un c\u00f4t\u00e9 et l\u2019image de Christ Mis\u00e9ricordieux de l\u2019autre.\n<br \/><strong><span style=\"color: #0000ff;font-size:18px\"><a style=\"color: #0000ff\" href=\"https:\/\/www.holyart.fr\/articles-religieux\/chapelets-et-etuis-a-chapelet\/chapelet-a-faire-soi-meme\/medaille-chapelet-pape-francois-et-christ-misericordieux\">Achetez sur Holyart<\/a><\/span><\/strong><\/div>\r\n\t\t<\/div>\r\n\t\t<div class=\"sp-slide\">\r\n\t\t\t<img loading=\"lazy\" decoding=\"async\" class=\"sp-image\" src=\"https:\/\/blog.holyart.it\/fr\/wp-content\/uploads\/sites\/14\/2019\/03\/M\u00e9daille-pour-Chapelet-Notre-Dame-de-Fatima-2.jpg\" alt=\"M\u00e9daille pour Chapelet Notre-Dame de Fatima (2)\" width=\"500\" height=\"500\" \/>\r\n\t\t\t<div class=\"sp-thumbnail\"><img decoding=\"async\" src=\"https:\/\/blog.holyart.it\/fr\/wp-content\/uploads\/sites\/14\/2019\/03\/M\u00e9daille-pour-Chapelet-Notre-Dame-de-Fatima-2-150x150.jpg\" \/>\r\n\t\t\t<\/div>\r\n\t\t\t<div class=\"sp-caption\">M\u00e9daille pour Chapelet \u00e0 faire soi-m\u00eame. Enti\u00e8rement r\u00e9alis\u00e9e en m\u00e9tal galvanis\u00e9 finition argent vieilli et sur laquelle sont repr\u00e9sent\u00e9es d\u2019un c\u00f4t\u00e9 l\u2019apparition de la Vierge aux bergers de Fatima et de l\u2019autre Notre-Dame de Fatima couronn\u00e9e.\n<br \/><strong><span style=\"color: #0000ff;font-size:18px\"><a style=\"color: #0000ff\" href=\"https:\/\/www.holyart.it\/it\/articoli-religiosi\/rosari-e-portarosari\/rosari-fai-da-te\/crocera-per-rosario-madonna-di-fatima\">Achetez sur Holyart<\/a><\/span><\/strong><\/div>\r\n\t\t<\/div>\r\n\t\t<div class=\"sp-slide\">\r\n\t\t\t<img loading=\"lazy\" decoding=\"async\" class=\"sp-image\" src=\"https:\/\/blog.holyart.it\/fr\/wp-content\/uploads\/sites\/14\/2019\/03\/M\u00e9daille-pour-Chapelet-m\u00e9tal-oxyd\u00e9-Padre-Pio-2.jpg\" alt=\"M\u00e9daille pour Chapelet m\u00e9tal oxyd\u00e9 Padre Pio \" width=\"500\" height=\"500\" \/>\r\n\t\t\t<div class=\"sp-thumbnail\"><img decoding=\"async\" src=\"https:\/\/blog.holyart.it\/fr\/wp-content\/uploads\/sites\/14\/2019\/03\/M\u00e9daille-pour-Chapelet-m\u00e9tal-oxyd\u00e9-Padre-Pio-2-150x150.jpg\" \/>\r\n\t\t\t<\/div>\r\n\t\t\t<div class=\"sp-caption\">M\u00e9daille pour Chapelet \u00e0 faire soi-m\u00eame en m\u00e9tal argent\u00e9 oxyd\u00e9. Mod\u00e8le avec d\u2019un c\u00f4t\u00e9 image en couleur de Saint Pio et de l\u2019autre le visage de Marie en m\u00e9tal.\n<br \/><strong><span style=\"color: #0000ff;font-size:18px\"><a style=\"color: #0000ff\" href=\"https:\/\/www.holyart.fr\/articles-religieux\/chapelets-et-etuis-a-chapelet\/chapelet-a-faire-soi-meme\/piece-centrale-accessoire-chapelets-pere-pius\">Achetez sur Holyart<\/a><\/span><\/strong><\/div>\r\n\t\t<\/div>\r\n\t\t<div class=\"sp-slide\">\r\n\t\t\t<img loading=\"lazy\" decoding=\"async\" class=\"sp-image\" src=\"https:\/\/blog.holyart.it\/fr\/wp-content\/uploads\/sites\/14\/2019\/03\/M\u00e9daille-dor\u00e9e-Notre-Dame-de-Lourdes-2.jpg\" alt=\"M\u00e9daille dor\u00e9e Notre-Dame de Lourdes \" width=\"500\" height=\"500\" \/>\r\n\t\t\t<div class=\"sp-thumbnail\"><img decoding=\"async\" src=\"https:\/\/blog.holyart.it\/fr\/wp-content\/uploads\/sites\/14\/2019\/03\/M\u00e9daille-dor\u00e9e-Notre-Dame-de-Lourdes-2-150x150.jpg\" \/>\r\n\t\t\t<\/div>\r\n\t\t\t<div class=\"sp-caption\">M\u00e9daille pour Chapelet \u00e0 faire soi-m\u00eame en m\u00e9tal dor\u00e9. M\u00e9daille avec image en couleur de Notre-Dame de Lourdes.\n<br \/><strong><span style=\"color: #0000ff;font-size:18px\"><a style=\"color: #0000ff\" href=\"https:\/\/www.holyart.fr\/articles-religieux\/chapelets-et-etuis-a-chapelet\/chapelet-a-faire-soi-meme\/piece-centrale-chapelets-a-faire-soi-meme-vierge-miraculeuse\">Achetez sur Holyart<\/a><\/span><\/strong><\/div>\r\n\t\t<\/div>\r\n\t<\/div>\r\n<\/div>\n<h2>\u00c9tui \u00e0 chapelet<\/h2>\n<p>Si le Chapelet \u00e0 faire soi-m\u00eame est un cadeau, ou m\u00eame si vous le r\u00e9alisez pour vous, vous pourriez le compl\u00e9ter avec un <a href=\"https:\/\/www.holyart.fr\/articles-religieux\/chapelets-et-etuis-a-chapelet\/etuis-a-chapelets\"><strong>\u00e9tui \u00e0 chapelet<\/strong><\/a>. De quoi s\u2019agit-il\u00a0? Il y en a de diff\u00e9rents genres. Il peut \u00eatre en forme de bo\u00eete, en bois ou en filigrane, ou d\u2019\u00e9tui en cuir type coffret, ou de porte-monnaie. D\u2019autres \u00e9tuis \u00e0 chapelet prennent la forme d\u2019une statuette de J\u00e9sus ou de la Sainte Vierge, de M\u00e8re Teresa de Calcutta ou du Pape, auxquelles on sait suspendre le Chapelet en le laissant tomber dans le r\u00e9cipient \u00e0 leur base\u00a0: un moyen pour valoriser votre Chapelet \u00e0 faire soi-m\u00eame et l\u2019avoir toujours en vue ou pour l\u2019offrir comme cadeau encore plus pr\u00e9cieux \u00e0 ceux que nous aimons.<\/p>\n<p>Ci-dessous, nous vous pr\u00e9sentons les produits d\u00e9crits, disponibles sur notre site !<\/p>\n<div class=\"sp-styles-warning\" style=\"width: 450px; background-color: #FFF; color: #F00; border: 1px solid #F00; padding: 10px; font-size: 14px;\">\n\t\t\t<span style=\"font-weight: bold;\">Warning: The stylesheets were not loaded!<\/span> \n\t\t\tYou will need to change the <i>Load stylesheets<\/i> setting from <i>Automatically<\/i> to <i>On homepage<\/i> or <i>On all pages<\/i>. \n\t\t\tYou can set that <a style=\"text-decoration: underline; color: #F00;\" href=\"https:\/\/blog.holyart.it\/fr\/wp-admin\/admin.php?page=sliderpro-settings\">here<\/a>.\n\t\t\t<\/div>\r\n<div id=\"slider-pro-4\" class=\"slider-pro sp-no-js\" style=\"width: 500px; height: 500px;\">\r\n\t<div class=\"sp-slides\">\r\n\t\t\r\n\t\t<div class=\"sp-slide\">\r\n\t\t\t<img loading=\"lazy\" decoding=\"async\" class=\"sp-image\" src=\"https:\/\/blog.holyart.it\/fr\/wp-content\/uploads\/sites\/14\/2019\/03\/\u00c9tui-\u00e0-chapelet-Argent-800-Filigrane-2.jpg\" alt=\"\u00c9tui \u00e0 chapelet Argent 800 Filigrane\" width=\"500\" height=\"500\" \/>\r\n\t\t\t<div class=\"sp-thumbnail\"><img decoding=\"async\" src=\"https:\/\/blog.holyart.it\/fr\/wp-content\/uploads\/sites\/14\/2019\/03\/\u00c9tui-\u00e0-chapelet-Argent-800-Filigrane-2-150x150.jpg\" \/>\r\n\t\t\t<\/div>\r\n\t\t\t<div class=\"sp-caption\">\u00c9tui \u00e0 chapelet de forme ovale en argent 800. Bo\u00eete de 3,5x3 cm avec travail en filigrane pour un \u00e9l\u00e9gant effet ajour\u00e9. L\u2019\u00e9tui \u00e0 chapelet peut contenir des chapelets avec des grains jusqu\u2019\u00e0 3 mm de diam\u00e8tre.\n<br \/><strong><span style=\"color: #0000ff;font-size:18px\"><a style=\"color: #0000ff\" href=\"https:\/\/www.holyart.fr\/articles-religieux\/chapelets-et-etuis-a-chapelet\/etuis-a-chapelets\/boite-a-chapelet-filigrane-dargent-800-ovale\">Achetez sur Holyart<\/a><\/span><\/strong><\/div>\r\n\t\t<\/div>\r\n\t\t<div class=\"sp-slide\">\r\n\t\t\t<img loading=\"lazy\" decoding=\"async\" class=\"sp-image\" src=\"https:\/\/blog.holyart.it\/fr\/wp-content\/uploads\/sites\/14\/2019\/03\/\u00c9tui-\u00e0-chapelet-Vierge-Miraculeuse-2.jpg\" alt=\"\u00c9tui \u00e0 chapelet Vierge Miraculeuse (2)\" width=\"500\" height=\"500\" \/>\r\n\t\t\t<div class=\"sp-thumbnail\"><img decoding=\"async\" src=\"https:\/\/blog.holyart.it\/fr\/wp-content\/uploads\/sites\/14\/2019\/03\/\u00c9tui-\u00e0-chapelet-Vierge-Miraculeuse-2-150x150.jpg\" \/>\r\n\t\t\t<\/div>\r\n\t\t\t<div class=\"sp-caption\">\u00c9tui \u00e0 chapelet blanc avec image imprim\u00e9e de la Vierge Miraculeuse. Pratique \u00e9tui \u00e0 chapelet avec fermeture \u00e9clair, parfait comme id\u00e9e-cadeau.\n<br \/><strong><span style=\"color: #0000ff;font-size:18px\"><a style=\"color: #0000ff\" href=\"https:\/\/www.holyart.fr\/articles-religieux\/chapelets-et-etuis-a-chapelet\/etuis-a-chapelets\/etui-a-chapelet-blanc-avec-image-vierge-miraculeuse\">Achetez sur Holyart<\/a><\/span><\/strong><\/div>\r\n\t\t<\/div>\r\n\t\t<div class=\"sp-slide\">\r\n\t\t\t<img loading=\"lazy\" decoding=\"async\" class=\"sp-image\" src=\"https:\/\/blog.holyart.it\/fr\/wp-content\/uploads\/sites\/14\/2019\/03\/\u00c9tui-\u00e0-chapelet-\u2013-B\u00e9nitier-Vierge-\u00e0-l\u2019Enfant-2.jpg\" alt=\"\u00c9tui \u00e0 chapelet \u2013 B\u00e9nitier Vierge \u00e0 l\u2019Enfant\" width=\"500\" height=\"500\" \/>\r\n\t\t\t<div class=\"sp-thumbnail\"><img decoding=\"async\" src=\"https:\/\/blog.holyart.it\/fr\/wp-content\/uploads\/sites\/14\/2019\/03\/\u00c9tui-\u00e0-chapelet-\u2013-B\u00e9nitier-Vierge-\u00e0-l\u2019Enfant-2-150x150.jpg\" \/>\r\n\t\t\t<\/div>\r\n\t\t\t<div class=\"sp-caption\">M\u00e8re de Dieu assise avec Enfant J\u00e9sus endormi en porcelaine blanche, r\u00e9alis\u00e9e et sign\u00e9e par Francesco Pinton. \u00c0 utiliser comme b\u00e9nitier ou \u00e9tui \u00e0 chapelet. Disponible en deux tailles diff\u00e9rentes.\n<br \/><strong><span style=\"color: #0000ff;font-size:18px\"><a style=\"color: #0000ff\" href=\"https:\/\/www.holyart.fr\/articles-religieux\/statues\/statues-en-porcelaine-et-argile\/vierge-benitier-ou-porte-chapelet-pinton-16-19-cm\">Achetez sur Holyart<\/a><\/span><\/strong><\/div>\r\n\t\t<\/div>\r\n\t\t<div class=\"sp-slide\">\r\n\t\t\t<img loading=\"lazy\" decoding=\"async\" class=\"sp-image\" src=\"https:\/\/blog.holyart.it\/fr\/wp-content\/uploads\/sites\/14\/2019\/03\/\u00c9tui-\u00e0-chapelet-ou-B\u00e9nitier-\u2013-Jean-Paul-II-2.jpg\" alt=\"\u00c9tui \u00e0 chapelet ou B\u00e9nitier \u2013 Jean-Paul II\" width=\"500\" height=\"500\" \/>\r\n\t\t\t<div class=\"sp-thumbnail\"><img decoding=\"async\" src=\"https:\/\/blog.holyart.it\/fr\/wp-content\/uploads\/sites\/14\/2019\/03\/\u00c9tui-\u00e0-chapelet-ou-B\u00e9nitier-\u2013-Jean-Paul-II-2-150x150.jpg\" \/>\r\n\t\t\t<\/div>\r\n\t\t\t<div class=\"sp-caption\">\u00c9tui \u00e0 chapelet \u00e0 poser en forme de coeur, r\u00e9alis\u00e9 en bois naturel, avec statuette de Jean-Paul II. La statue est peinte \u00e0 la main. Produit artisanal du Val Gardena. Adapt\u00e9 \u00e0 tous les milieux, pour y garder vos chapelets ou comme id\u00e9e-cadeau.\n<br \/><strong><span style=\"color: #0000ff;font-size:18px\"><a style=\"color: #0000ff\" href=\"https:\/\/www.holyart.fr\/articles-religieux\/chapelets-et-etuis-a-chapelet\/etuis-a-chapelets\/etui-jean-paul-ii\">Achetez sur Holyart<\/a><\/span><\/strong><\/div>\r\n\t\t<\/div>\r\n\t\t<div class=\"sp-slide\">\r\n\t\t\t<img loading=\"lazy\" decoding=\"async\" class=\"sp-image\" src=\"https:\/\/blog.holyart.it\/fr\/wp-content\/uploads\/sites\/14\/2019\/03\/\u00c9tui-\u00e0-chapelet-coffret-en-cuir-2.jpg\" alt=\"\u00c9tui \u00e0 chapelet coffret en cuir\" width=\"500\" height=\"500\" \/>\r\n\t\t\t<div class=\"sp-thumbnail\"><img decoding=\"async\" src=\"https:\/\/blog.holyart.it\/fr\/wp-content\/uploads\/sites\/14\/2019\/03\/\u00c9tui-\u00e0-chapelet-coffret-en-cuir-2-150x150.jpg\" \/>\r\n\t\t\t<\/div>\r\n\t\t\t<div class=\"sp-caption\">\u00c9tui \u00e0 chapelet en forme de coffret, r\u00e9alis\u00e9 de mani\u00e8re artisanale en cuir v\u00e9ritable avec image de l\u2019Enfant J\u00e9sus au centre. Disponible en plusieurs coloris, simple et pratique avec sa fermeture \u00e9clair. Parfait comme id\u00e9e-cadeau.\n<br \/><strong><span style=\"color: #0000ff;font-size:18px\"><a style=\"color: #0000ff\" href=\"https:\/\/www.holyart.fr\/articles-religieux\/chapelets-et-etuis-a-chapelet\/etuis-a-chapelets\/porte-chapelet-cuir-en-forme-de-coffret\">Achetez sur Holyart<\/a><\/span><\/strong><\/div>\r\n\t\t<\/div>\r\n\t<\/div>\r\n<\/div>\n","protected":false},"excerpt":{"rendered":"<p>Nous avons d\u00e9j\u00e0 amplement parl\u00e9 dans un article pr\u00e9c\u00e9dent du Chapelet, un des objets de d\u00e9votion par excellence. La r\u00e9citation du Saint Rosaire a toujours \u00e9t\u00e9 vue comme un moyen d\u2019accomplir son devoir de chr\u00e9tien, en priant sans se fatiguer, comme J\u00e9sus m\u00eame l\u2019a enseign\u00e9.&hellip;<\/p>\n","protected":false},"author":1,"featured_media":1005,"comment_status":"closed","ping_status":"open","sticky":false,"template":"","format":"standard","meta":{"_acf_changed":false,"footnotes":""},"categories":[8],"tags":[],"class_list":["post-975","post","type-post","status-publish","format-standard","has-post-thumbnail","hentry","category-articles-religieux"],"acf":[],"yoast_head":"<!-- This site is optimized with the Yoast SEO plugin v26.6 - https:\/\/yoast.com\/wordpress\/plugins\/seo\/ -->\n<title>Chapelets \u00e0 faire soi-m\u00eame en quelques \u00e9tapes - Holyblog<\/title>\n<meta name=\"robots\" content=\"index, follow, max-snippet:-1, max-image-preview:large, max-video-preview:-1\" \/>\n<link rel=\"canonical\" href=\"https:\/\/blog.holyart.it\/fr\/articles-religieux\/chapelets-a-faire-soi-meme-quelques-etapes\/\" \/>\n<meta property=\"og:locale\" content=\"fr_FR\" \/>\n<meta property=\"og:type\" content=\"article\" \/>\n<meta property=\"og:title\" content=\"Chapelets \u00e0 faire soi-m\u00eame en quelques \u00e9tapes - Holyblog\" \/>\n<meta property=\"og:description\" content=\"Nous avons d\u00e9j\u00e0 amplement parl\u00e9 dans un article pr\u00e9c\u00e9dent du Chapelet, un des objets de d\u00e9votion par excellence. La r\u00e9citation du Saint Rosaire a toujours \u00e9t\u00e9 vue comme un moyen d\u2019accomplir son devoir de chr\u00e9tien, en priant sans se fatiguer, comme J\u00e9sus m\u00eame l\u2019a enseign\u00e9.&hellip;\" \/>\n<meta property=\"og:url\" content=\"https:\/\/blog.holyart.it\/fr\/articles-religieux\/chapelets-a-faire-soi-meme-quelques-etapes\/\" \/>\n<meta property=\"og:site_name\" content=\"Holyart.fr Blog\" \/>\n<meta property=\"article:published_time\" content=\"2018-09-20T10:08:27+00:00\" \/>\n<meta property=\"article:modified_time\" content=\"2022-07-04T09:54:04+00:00\" \/>\n<meta property=\"og:image\" content=\"https:\/\/blog.holyart.it\/fr\/wp-content\/uploads\/sites\/14\/2018\/11\/Chapelets-\u00e0-faire-soi-m\u00eame-en-quelques-\u00e9tapes.jpg\" \/>\n\t<meta property=\"og:image:width\" content=\"1000\" \/>\n\t<meta property=\"og:image:height\" content=\"666\" \/>\n\t<meta property=\"og:image:type\" content=\"image\/jpeg\" \/>\n<meta name=\"author\" content=\"Redazione\" \/>\n<meta name=\"twitter:card\" content=\"summary_large_image\" \/>\n<meta name=\"twitter:label1\" content=\"\u00c9crit par\" \/>\n\t<meta name=\"twitter:data1\" content=\"Redazione\" \/>\n\t<meta name=\"twitter:label2\" content=\"Dur\u00e9e de lecture estim\u00e9e\" \/>\n\t<meta name=\"twitter:data2\" content=\"6 minutes\" \/>\n<script type=\"application\/ld+json\" class=\"yoast-schema-graph\">{\"@context\":\"https:\/\/schema.org\",\"@graph\":[{\"@type\":\"Article\",\"@id\":\"https:\/\/blog.holyart.it\/fr\/articles-religieux\/chapelets-a-faire-soi-meme-quelques-etapes\/#article\",\"isPartOf\":{\"@id\":\"https:\/\/blog.holyart.it\/fr\/articles-religieux\/chapelets-a-faire-soi-meme-quelques-etapes\/\"},\"author\":{\"name\":\"Redazione\",\"@id\":\"https:\/\/blog.holyart.it\/fr\/#\/schema\/person\/0a7b686e5af0f856ec1e390dd0baecda\"},\"headline\":\"Chapelets \u00e0 faire soi-m\u00eame en quelques \u00e9tapes\",\"datePublished\":\"2018-09-20T10:08:27+00:00\",\"dateModified\":\"2022-07-04T09:54:04+00:00\",\"mainEntityOfPage\":{\"@id\":\"https:\/\/blog.holyart.it\/fr\/articles-religieux\/chapelets-a-faire-soi-meme-quelques-etapes\/\"},\"wordCount\":1213,\"publisher\":{\"@id\":\"https:\/\/blog.holyart.it\/fr\/#organization\"},\"image\":{\"@id\":\"https:\/\/blog.holyart.it\/fr\/articles-religieux\/chapelets-a-faire-soi-meme-quelques-etapes\/#primaryimage\"},\"thumbnailUrl\":\"https:\/\/blog.holyart.it\/fr\/wp-content\/uploads\/sites\/14\/2018\/11\/Chapelets-\u00e0-faire-soi-m\u00eame-en-quelques-\u00e9tapes.jpg\",\"articleSection\":[\"Religion\"],\"inLanguage\":\"fr-FR\"},{\"@type\":\"WebPage\",\"@id\":\"https:\/\/blog.holyart.it\/fr\/articles-religieux\/chapelets-a-faire-soi-meme-quelques-etapes\/\",\"url\":\"https:\/\/blog.holyart.it\/fr\/articles-religieux\/chapelets-a-faire-soi-meme-quelques-etapes\/\",\"name\":\"Chapelets \u00e0 faire soi-m\u00eame en quelques \u00e9tapes - Holyblog\",\"isPartOf\":{\"@id\":\"https:\/\/blog.holyart.it\/fr\/#website\"},\"primaryImageOfPage\":{\"@id\":\"https:\/\/blog.holyart.it\/fr\/articles-religieux\/chapelets-a-faire-soi-meme-quelques-etapes\/#primaryimage\"},\"image\":{\"@id\":\"https:\/\/blog.holyart.it\/fr\/articles-religieux\/chapelets-a-faire-soi-meme-quelques-etapes\/#primaryimage\"},\"thumbnailUrl\":\"https:\/\/blog.holyart.it\/fr\/wp-content\/uploads\/sites\/14\/2018\/11\/Chapelets-\u00e0-faire-soi-m\u00eame-en-quelques-\u00e9tapes.jpg\",\"datePublished\":\"2018-09-20T10:08:27+00:00\",\"dateModified\":\"2022-07-04T09:54:04+00:00\",\"breadcrumb\":{\"@id\":\"https:\/\/blog.holyart.it\/fr\/articles-religieux\/chapelets-a-faire-soi-meme-quelques-etapes\/#breadcrumb\"},\"inLanguage\":\"fr-FR\",\"potentialAction\":[{\"@type\":\"ReadAction\",\"target\":[\"https:\/\/blog.holyart.it\/fr\/articles-religieux\/chapelets-a-faire-soi-meme-quelques-etapes\/\"]}]},{\"@type\":\"ImageObject\",\"inLanguage\":\"fr-FR\",\"@id\":\"https:\/\/blog.holyart.it\/fr\/articles-religieux\/chapelets-a-faire-soi-meme-quelques-etapes\/#primaryimage\",\"url\":\"https:\/\/blog.holyart.it\/fr\/wp-content\/uploads\/sites\/14\/2018\/11\/Chapelets-\u00e0-faire-soi-m\u00eame-en-quelques-\u00e9tapes.jpg\",\"contentUrl\":\"https:\/\/blog.holyart.it\/fr\/wp-content\/uploads\/sites\/14\/2018\/11\/Chapelets-\u00e0-faire-soi-m\u00eame-en-quelques-\u00e9tapes.jpg\",\"width\":1000,\"height\":666,\"caption\":\"Chapelets \u00e0 faire soi-m\u00eame en quelques \u00e9tapes\"},{\"@type\":\"BreadcrumbList\",\"@id\":\"https:\/\/blog.holyart.it\/fr\/articles-religieux\/chapelets-a-faire-soi-meme-quelques-etapes\/#breadcrumb\",\"itemListElement\":[{\"@type\":\"ListItem\",\"position\":1,\"name\":\"Homepage\",\"item\":\"https:\/\/blog.holyart.it\/fr\/\"},{\"@type\":\"ListItem\",\"position\":2,\"name\":\"Religion\",\"item\":\"https:\/\/blog.holyart.it\/fr\/articles-religieux\/\"},{\"@type\":\"ListItem\",\"position\":3,\"name\":\"Chapelets \u00e0 faire soi-m\u00eame en quelques \u00e9tapes\"}]},{\"@type\":\"WebSite\",\"@id\":\"https:\/\/blog.holyart.it\/fr\/#website\",\"url\":\"https:\/\/blog.holyart.it\/fr\/\",\"name\":\"Holyart.fr Blog\",\"description\":\"Holyblog\",\"publisher\":{\"@id\":\"https:\/\/blog.holyart.it\/fr\/#organization\"},\"potentialAction\":[{\"@type\":\"SearchAction\",\"target\":{\"@type\":\"EntryPoint\",\"urlTemplate\":\"https:\/\/blog.holyart.it\/fr\/?s={search_term_string}\"},\"query-input\":{\"@type\":\"PropertyValueSpecification\",\"valueRequired\":true,\"valueName\":\"search_term_string\"}}],\"inLanguage\":\"fr-FR\"},{\"@type\":\"Organization\",\"@id\":\"https:\/\/blog.holyart.it\/fr\/#organization\",\"name\":\"Holyart.fr Blog\",\"url\":\"https:\/\/blog.holyart.it\/fr\/\",\"logo\":{\"@type\":\"ImageObject\",\"inLanguage\":\"fr-FR\",\"@id\":\"https:\/\/blog.holyart.it\/fr\/#\/schema\/logo\/image\/\",\"url\":\"https:\/\/blog.holyart.it\/fr\/wp-content\/uploads\/sites\/14\/2022\/12\/Holyart_Blog_Logo.jpg\",\"contentUrl\":\"https:\/\/blog.holyart.it\/fr\/wp-content\/uploads\/sites\/14\/2022\/12\/Holyart_Blog_Logo.jpg\",\"width\":300,\"height\":50,\"caption\":\"Holyart.fr Blog\"},\"image\":{\"@id\":\"https:\/\/blog.holyart.it\/fr\/#\/schema\/logo\/image\/\"}},{\"@type\":\"Person\",\"@id\":\"https:\/\/blog.holyart.it\/fr\/#\/schema\/person\/0a7b686e5af0f856ec1e390dd0baecda\",\"name\":\"Redazione\",\"image\":{\"@type\":\"ImageObject\",\"inLanguage\":\"fr-FR\",\"@id\":\"https:\/\/blog.holyart.it\/fr\/#\/schema\/person\/image\/\",\"url\":\"https:\/\/secure.gravatar.com\/avatar\/f477da817f43e50d0af36abecd33e3edf826c68299714bdc1057dff3b113f516?s=96&d=mm&r=g\",\"contentUrl\":\"https:\/\/secure.gravatar.com\/avatar\/f477da817f43e50d0af36abecd33e3edf826c68299714bdc1057dff3b113f516?s=96&d=mm&r=g\",\"caption\":\"Redazione\"},\"url\":\"https:\/\/blog.holyart.it\/fr\/author\/admin\/\"}]}<\/script>\n<!-- \/ Yoast SEO plugin. -->","yoast_head_json":{"title":"Chapelets \u00e0 faire soi-m\u00eame en quelques \u00e9tapes - Holyblog","robots":{"index":"index","follow":"follow","max-snippet":"max-snippet:-1","max-image-preview":"max-image-preview:large","max-video-preview":"max-video-preview:-1"},"canonical":"https:\/\/blog.holyart.it\/fr\/articles-religieux\/chapelets-a-faire-soi-meme-quelques-etapes\/","og_locale":"fr_FR","og_type":"article","og_title":"Chapelets \u00e0 faire soi-m\u00eame en quelques \u00e9tapes - Holyblog","og_description":"Nous avons d\u00e9j\u00e0 amplement parl\u00e9 dans un article pr\u00e9c\u00e9dent du Chapelet, un des objets de d\u00e9votion par excellence. La r\u00e9citation du Saint Rosaire a toujours \u00e9t\u00e9 vue comme un moyen d\u2019accomplir son devoir de chr\u00e9tien, en priant sans se fatiguer, comme J\u00e9sus m\u00eame l\u2019a enseign\u00e9.&hellip;","og_url":"https:\/\/blog.holyart.it\/fr\/articles-religieux\/chapelets-a-faire-soi-meme-quelques-etapes\/","og_site_name":"Holyart.fr Blog","article_published_time":"2018-09-20T10:08:27+00:00","article_modified_time":"2022-07-04T09:54:04+00:00","og_image":[{"width":1000,"height":666,"url":"https:\/\/blog.holyart.it\/fr\/wp-content\/uploads\/sites\/14\/2018\/11\/Chapelets-\u00e0-faire-soi-m\u00eame-en-quelques-\u00e9tapes.jpg","type":"image\/jpeg"}],"author":"Redazione","twitter_card":"summary_large_image","twitter_misc":{"\u00c9crit par":"Redazione","Dur\u00e9e de lecture estim\u00e9e":"6 minutes"},"schema":{"@context":"https:\/\/schema.org","@graph":[{"@type":"Article","@id":"https:\/\/blog.holyart.it\/fr\/articles-religieux\/chapelets-a-faire-soi-meme-quelques-etapes\/#article","isPartOf":{"@id":"https:\/\/blog.holyart.it\/fr\/articles-religieux\/chapelets-a-faire-soi-meme-quelques-etapes\/"},"author":{"name":"Redazione","@id":"https:\/\/blog.holyart.it\/fr\/#\/schema\/person\/0a7b686e5af0f856ec1e390dd0baecda"},"headline":"Chapelets \u00e0 faire soi-m\u00eame en quelques \u00e9tapes","datePublished":"2018-09-20T10:08:27+00:00","dateModified":"2022-07-04T09:54:04+00:00","mainEntityOfPage":{"@id":"https:\/\/blog.holyart.it\/fr\/articles-religieux\/chapelets-a-faire-soi-meme-quelques-etapes\/"},"wordCount":1213,"publisher":{"@id":"https:\/\/blog.holyart.it\/fr\/#organization"},"image":{"@id":"https:\/\/blog.holyart.it\/fr\/articles-religieux\/chapelets-a-faire-soi-meme-quelques-etapes\/#primaryimage"},"thumbnailUrl":"https:\/\/blog.holyart.it\/fr\/wp-content\/uploads\/sites\/14\/2018\/11\/Chapelets-\u00e0-faire-soi-m\u00eame-en-quelques-\u00e9tapes.jpg","articleSection":["Religion"],"inLanguage":"fr-FR"},{"@type":"WebPage","@id":"https:\/\/blog.holyart.it\/fr\/articles-religieux\/chapelets-a-faire-soi-meme-quelques-etapes\/","url":"https:\/\/blog.holyart.it\/fr\/articles-religieux\/chapelets-a-faire-soi-meme-quelques-etapes\/","name":"Chapelets \u00e0 faire soi-m\u00eame en quelques \u00e9tapes - Holyblog","isPartOf":{"@id":"https:\/\/blog.holyart.it\/fr\/#website"},"primaryImageOfPage":{"@id":"https:\/\/blog.holyart.it\/fr\/articles-religieux\/chapelets-a-faire-soi-meme-quelques-etapes\/#primaryimage"},"image":{"@id":"https:\/\/blog.holyart.it\/fr\/articles-religieux\/chapelets-a-faire-soi-meme-quelques-etapes\/#primaryimage"},"thumbnailUrl":"https:\/\/blog.holyart.it\/fr\/wp-content\/uploads\/sites\/14\/2018\/11\/Chapelets-\u00e0-faire-soi-m\u00eame-en-quelques-\u00e9tapes.jpg","datePublished":"2018-09-20T10:08:27+00:00","dateModified":"2022-07-04T09:54:04+00:00","breadcrumb":{"@id":"https:\/\/blog.holyart.it\/fr\/articles-religieux\/chapelets-a-faire-soi-meme-quelques-etapes\/#breadcrumb"},"inLanguage":"fr-FR","potentialAction":[{"@type":"ReadAction","target":["https:\/\/blog.holyart.it\/fr\/articles-religieux\/chapelets-a-faire-soi-meme-quelques-etapes\/"]}]},{"@type":"ImageObject","inLanguage":"fr-FR","@id":"https:\/\/blog.holyart.it\/fr\/articles-religieux\/chapelets-a-faire-soi-meme-quelques-etapes\/#primaryimage","url":"https:\/\/blog.holyart.it\/fr\/wp-content\/uploads\/sites\/14\/2018\/11\/Chapelets-\u00e0-faire-soi-m\u00eame-en-quelques-\u00e9tapes.jpg","contentUrl":"https:\/\/blog.holyart.it\/fr\/wp-content\/uploads\/sites\/14\/2018\/11\/Chapelets-\u00e0-faire-soi-m\u00eame-en-quelques-\u00e9tapes.jpg","width":1000,"height":666,"caption":"Chapelets \u00e0 faire soi-m\u00eame en quelques \u00e9tapes"},{"@type":"BreadcrumbList","@id":"https:\/\/blog.holyart.it\/fr\/articles-religieux\/chapelets-a-faire-soi-meme-quelques-etapes\/#breadcrumb","itemListElement":[{"@type":"ListItem","position":1,"name":"Homepage","item":"https:\/\/blog.holyart.it\/fr\/"},{"@type":"ListItem","position":2,"name":"Religion","item":"https:\/\/blog.holyart.it\/fr\/articles-religieux\/"},{"@type":"ListItem","position":3,"name":"Chapelets \u00e0 faire soi-m\u00eame en quelques \u00e9tapes"}]},{"@type":"WebSite","@id":"https:\/\/blog.holyart.it\/fr\/#website","url":"https:\/\/blog.holyart.it\/fr\/","name":"Holyart.fr Blog","description":"Holyblog","publisher":{"@id":"https:\/\/blog.holyart.it\/fr\/#organization"},"potentialAction":[{"@type":"SearchAction","target":{"@type":"EntryPoint","urlTemplate":"https:\/\/blog.holyart.it\/fr\/?s={search_term_string}"},"query-input":{"@type":"PropertyValueSpecification","valueRequired":true,"valueName":"search_term_string"}}],"inLanguage":"fr-FR"},{"@type":"Organization","@id":"https:\/\/blog.holyart.it\/fr\/#organization","name":"Holyart.fr Blog","url":"https:\/\/blog.holyart.it\/fr\/","logo":{"@type":"ImageObject","inLanguage":"fr-FR","@id":"https:\/\/blog.holyart.it\/fr\/#\/schema\/logo\/image\/","url":"https:\/\/blog.holyart.it\/fr\/wp-content\/uploads\/sites\/14\/2022\/12\/Holyart_Blog_Logo.jpg","contentUrl":"https:\/\/blog.holyart.it\/fr\/wp-content\/uploads\/sites\/14\/2022\/12\/Holyart_Blog_Logo.jpg","width":300,"height":50,"caption":"Holyart.fr Blog"},"image":{"@id":"https:\/\/blog.holyart.it\/fr\/#\/schema\/logo\/image\/"}},{"@type":"Person","@id":"https:\/\/blog.holyart.it\/fr\/#\/schema\/person\/0a7b686e5af0f856ec1e390dd0baecda","name":"Redazione","image":{"@type":"ImageObject","inLanguage":"fr-FR","@id":"https:\/\/blog.holyart.it\/fr\/#\/schema\/person\/image\/","url":"https:\/\/secure.gravatar.com\/avatar\/f477da817f43e50d0af36abecd33e3edf826c68299714bdc1057dff3b113f516?s=96&d=mm&r=g","contentUrl":"https:\/\/secure.gravatar.com\/avatar\/f477da817f43e50d0af36abecd33e3edf826c68299714bdc1057dff3b113f516?s=96&d=mm&r=g","caption":"Redazione"},"url":"https:\/\/blog.holyart.it\/fr\/author\/admin\/"}]}},"_links":{"self":[{"href":"https:\/\/blog.holyart.it\/fr\/wp-json\/wp\/v2\/posts\/975","targetHints":{"allow":["GET"]}}],"collection":[{"href":"https:\/\/blog.holyart.it\/fr\/wp-json\/wp\/v2\/posts"}],"about":[{"href":"https:\/\/blog.holyart.it\/fr\/wp-json\/wp\/v2\/types\/post"}],"author":[{"embeddable":true,"href":"https:\/\/blog.holyart.it\/fr\/wp-json\/wp\/v2\/users\/1"}],"replies":[{"embeddable":true,"href":"https:\/\/blog.holyart.it\/fr\/wp-json\/wp\/v2\/comments?post=975"}],"version-history":[{"count":0,"href":"https:\/\/blog.holyart.it\/fr\/wp-json\/wp\/v2\/posts\/975\/revisions"}],"wp:featuredmedia":[{"embeddable":true,"href":"https:\/\/blog.holyart.it\/fr\/wp-json\/wp\/v2\/media\/1005"}],"wp:attachment":[{"href":"https:\/\/blog.holyart.it\/fr\/wp-json\/wp\/v2\/media?parent=975"}],"wp:term":[{"taxonomy":"category","embeddable":true,"href":"https:\/\/blog.holyart.it\/fr\/wp-json\/wp\/v2\/categories?post=975"},{"taxonomy":"post_tag","embeddable":true,"href":"https:\/\/blog.holyart.it\/fr\/wp-json\/wp\/v2\/tags?post=975"}],"curies":[{"name":"wp","href":"https:\/\/api.w.org\/{rel}","templated":true}]}}