{"id":9725,"date":"2025-02-10T10:00:50","date_gmt":"2025-02-10T09:00:50","guid":{"rendered":"https:\/\/blog.holyart.it\/fr\/?p=9725"},"modified":"2025-02-18T14:13:13","modified_gmt":"2025-02-18T13:13:13","slug":"luce-la-mascotte-du-jubile-2025-un-symbole-pour-tous-les-pelerins","status":"publish","type":"post","link":"https:\/\/blog.holyart.it\/fr\/jubile-2025\/luce-la-mascotte-du-jubile-2025-un-symbole-pour-tous-les-pelerins\/","title":{"rendered":"Luce, la mascotte du Jubil\u00e9 2025 : un symbole pour tous les p\u00e8lerins"},"content":{"rendered":"<h4>Apprenons \u00e0 conna\u00eetre Luce, mascotte du Jubil\u00e9 2025, un personnage qui rappelle l\u2019esth\u00e9tique des mangas japonais et d\u00e9montre une nouvelle ouverture de l\u2019\u00c9glise \u00e0 la culture jeune et pop.<\/h4>\n\n<p>Au cours de ces derniers mois, il vous sera surement arriv\u00e9, en feuilletant les journaux ou en surfant sur le Web, de tomber sur <a href=\"https:\/\/www.holyart.fr\/jubile-2025-pelerins-desperance\/luce-mascotte-officielle-du-jubile-2025?page=1\"><strong>Luce, la mascotte officielle du Jubil\u00e9 2025<\/strong><\/a>. Il s\u2019agit d\u2019une jeune p\u00e8lerine catholique, qui porte un imperm\u00e9able jaune vif et affiche un sourire heureux et le regard confiant de qui s\u2019appr\u00eate \u00e0 vivre une grande aventure. Et que peut-il y a voir de plus passionnant et aventureux pour un jeune p\u00e8lerin que la possibilit\u00e9 de vivre <a href=\"https:\/\/www.holyart.fr\/blog\/articles-religieux\/le-calendrier-des-evenements-du-jubile-2025\/\"><strong><u>tous les \u00e9v\u00e9nements et les \u00e9motions de l\u2019Ann\u00e9e Sainte<\/u><\/strong><\/a>\u00a0? Luce a \u00e9t\u00e9 pr\u00e9sent\u00e9 le 28 octobre 2024 \u00e0 la Salle de presse du Saint-Si\u00e8ge, par <strong>Monseigneur Rino Fisichella<\/strong>, propr\u00e9fet du Dicast\u00e8re pour l\u2019\u00e9vang\u00e9lisation, lors de la Conf\u00e9rence de Presse de pr\u00e9sentation des \u00e9v\u00e8nements culturels en programme \u00e0 Rome avant l\u2019ouverture officielle du Jubil\u00e9 et du Pavillon du Saint-Si\u00e8ge \u00e0 l\u2019Expo 2025 \u00e0 Osaka. Ce personnage a \u00e9t\u00e9 con\u00e7u par l\u2019illustrateur romain Simone Legno, fondateur de la marque Tokidoki, et repr\u00e9sente une jeune p\u00e8lerine catholique dans un style qui rappelle beaucoup les personnages des mangas et des dessins anim\u00e9s japonais. Luce est en effet caract\u00e9ris\u00e9e par des cheveux bleus, de grands yeux lumineux et des v\u00eatements qui symbolisent le voyage spirituel\u00a0: elle porte un imperm\u00e9able jaune, des bottes crott\u00e9es de boue et am\u00e8ne avec elle un b\u00e2ton de p\u00e8lerin et un chapelet.<\/p>\n<div class=\"link-product\">\n<div class=\"blocco-immagine\"><img loading=\"lazy\" decoding=\"async\" class=\"size-full wp-image-9729 alignleft\" src=\"https:\/\/blog.holyart.it\/fr\/wp-content\/uploads\/sites\/14\/2025\/02\/Porte-cle-Luce-Jubile-2025-acrylique-5-cm-Tokidoki.jpg\" alt=\"Porte-cl\u00e9 Luce Jubil\u00e9 2025 acrylique 5 cm Tokidoki\" width=\"100\" height=\"100\" data-kale-share-title=\"Luce, la mascotte du Jubil\u00e9 2025 : un symbole pour tous les p\u00e8lerins\" data-kale-share-url=\"https:\/\/blog.holyart.it\/fr\/?p=9725\" \/><\/div>\n<div class=\"blocco-contenuto\">\n<div class=\"blocco-acquista\">Acheter sur Holyart:<\/div>\n<div class=\"blocco-titolo\"><a href=\"https:\/\/www.holyart.fr\/jubile-2025-pelerins-desperance\/luce-mascotte-officielle-du-jubile-2025?page=1\">Luce Mascotte Officielle du Jubil\u00e9 2025<\/a><\/div>\n<div class=\"blocco-descrizione\">Luce, la mascotte officielle du Jubil\u00e9 2025 P\u00e8lerins de l\u2019Espoir.<\/div>\n<\/div>\n<\/div>\n<h2>La signification de Luce, la mascotte du Jubil\u00e9<\/h2>\n<p><a href=\"https:\/\/www.holyart.fr\/jubile-2025-pelerins-desperance\/luce-mascotte-officielle-du-jubile-2025\/luce-mascotte-officielle-du-jubile-2025-peluche-25-cm-tokidoki\"><strong>L\u2019imperm\u00e9able jaune que Luce porte<\/strong><\/a> rappelle les <strong>couleurs du drapeau de la Cit\u00e9 du Vatican<\/strong>, jaune au guidant et blanc au battant. Ce choix n\u2019est pas un hasard. L\u2019imperm\u00e9able de Luce, ainsi comme ses bottes sales, repr\u00e9sente les <strong>d\u00e9fis relev\u00e9s sur le chemin de chaque chr\u00e9tien<\/strong>, son voyage \u00e0 travers les temp\u00eates de la vie. Un voyage dans lequel Luce n\u2019est pas seule : la <strong>croix missionnaire<\/strong> \u00e0 son cou et le <strong>chapelet<\/strong> sont des \u00e9l\u00e9ments qui soulignent son identit\u00e9 chr\u00e9tienne et lui transmettent du courage et de l\u2019enthousiasme face aux d\u00e9fis de tous les jours. Ce m\u00eame enthousiasme qui transparait de ses <strong>yeux \u00e9tincelants<\/strong>, dans lesquels on distingue un coquillage, symbole traditionnel du <a href=\"https:\/\/www.holyart.fr\/blog\/articles-religieux\/le-chemin-de-saint-jacques-de-compostelle-histoire-et-curiosites-dun-des-plus-celebres-itineraires-religieux\/\"><strong><u>Chemin de Saint-Jacques-de-Compostelle<\/u><\/strong><\/a>. Ce d\u00e9tail repr\u00e9sente l\u2019<strong>espoir<\/strong> que ce personnage doit inspirer, le souhait de spiritualit\u00e9 et de connexion avec le divin, en ligne avec le message de paix universelle du Jubil\u00e9, sous l\u2019embl\u00e8me exprim\u00e9 par son logo\u00a0: <a href=\"https:\/\/www.holyart.fr\/blog\/articles-religieux\/la-signification-du-logo-du-jubile-2025-pelerins-desperance\/\"><strong><u>P\u00e8lerins d\u2019Esp\u00e9rance<\/u><\/strong><\/a>.<br \/>\n<a href=\"https:\/\/www.holyart.fr\/jubile-2025-pelerins-desperance\/luce-mascotte-officielle-du-jubile-2025\/figurines-luce-et-santino-mascotte-jubile-2025-acrylique-tokidoki\"><strong>Le design de Luce<\/strong><\/a> est con\u00e7u pour <strong>attirer les jeunes<\/strong> et, pour ce faire, il m\u00e9lange des \u00e9l\u00e9ments de la culture pop avec des messages d\u2019accueil et d\u2019esp\u00e9rance. La mascotte ne repr\u00e9sente pas seulement le Jubil\u00e9, mais devient \u00e9galement <strong>symbole de communaut\u00e9 et de dialogue interg\u00e9n\u00e9rationnel<\/strong>.<\/p>\n<div class=\"sp-styles-warning\" style=\"width: 450px; background-color: #FFF; color: #F00; border: 1px solid #F00; padding: 10px; font-size: 14px;\">\n\t\t\t<span style=\"font-weight: bold;\">Warning: The stylesheets were not loaded!<\/span> \n\t\t\tYou will need to change the <i>Load stylesheets<\/i> setting from <i>Automatically<\/i> to <i>On homepage<\/i> or <i>On all pages<\/i>. \n\t\t\tYou can set that <a style=\"text-decoration: underline; color: #F00;\" href=\"https:\/\/blog.holyart.it\/fr\/wp-admin\/admin.php?page=sliderpro-settings\">here<\/a>.\n\t\t\t<\/div>\r\n<div id=\"slider-pro-159\" class=\"slider-pro sp-no-js\" style=\"width: 500px; height: 500px;\">\r\n\t<div class=\"sp-slides\">\r\n\t\t\r\n\t\t<div class=\"sp-slide\">\r\n\t\t\t<img loading=\"lazy\" decoding=\"async\" class=\"sp-image\" src=\"https:\/\/blog.holyart.it\/fr\/wp-content\/uploads\/sites\/14\/2025\/02\/Luce-mascotte-officielle-du-Jubile-2025-peluche.jpg\" alt=\"Luce mascotte officielle du Jubil\u00e9 2025 peluche\" width=\"500\" height=\"500\" \/>\r\n\t\t\t<div class=\"sp-thumbnail\"><a class=\"\" href=\"https:\/\/www.holyart.fr\/jubile-2025-pelerins-desperance\/luce-mascotte-officielle-du-jubile-2025\/luce-mascotte-officielle-du-jubile-2025-peluche-25-cm-tokidoki\">\r\n\t\t\t\t<img decoding=\"async\" src=\"https:\/\/blog.holyart.it\/fr\/wp-content\/uploads\/sites\/14\/2025\/02\/Luce-mascotte-officielle-du-Jubile-2025-peluche-2.jpg\" alt=\"Luce mascotte officielle du Jubil\u00e9 2025 peluche\" \/>\r\n\t\t\t<\/a>\r\n\t\t\t<\/div>\r\n\t\t\t<div class=\"sp-caption\">Luce mascotte officielle du Jubil\u00e9 2025 peluche 25 cm Tokidoki\n<br \/><strong><a href=\"https:\/\/www.holyart.fr\/jubile-2025-pelerins-desperance\/luce-mascotte-officielle-du-jubile-2025\/luce-mascotte-officielle-du-jubile-2025-peluche-25-cm-tokidoki\">Acheter sur Holyart<\/a><\/strong><\/div>\r\n\t\t<\/div>\r\n\t\t<div class=\"sp-slide\">\r\n\t\t\t<img loading=\"lazy\" decoding=\"async\" class=\"sp-image\" src=\"https:\/\/blog.holyart.it\/fr\/wp-content\/uploads\/sites\/14\/2025\/02\/Porte-cle-Luce-mascotte-officielle-Jubile-2025-peluche.jpg\" alt=\"Porte-cl\u00e9 Luce mascotte officielle Jubil\u00e9 2025 peluche\" width=\"500\" height=\"500\" \/>\r\n\t\t\t<div class=\"sp-thumbnail\"><a class=\"\" href=\"https:\/\/www.holyart.fr\/jubile-2025-pelerins-desperance\/luce-mascotte-officielle-du-jubile-2025\/porte-cle-luce-mascotte-officielle-jubile-2025-peluche-tokidoki-10-cm\">\r\n\t\t\t\t<img decoding=\"async\" src=\"https:\/\/blog.holyart.it\/fr\/wp-content\/uploads\/sites\/14\/2025\/02\/Porte-cle-Luce-mascotte-officielle-Jubile-2025-peluche-2.jpg\" alt=\"Porte-cl\u00e9 Luce mascotte officielle Jubil\u00e9 2025 peluche\" \/>\r\n\t\t\t<\/a>\r\n\t\t\t<\/div>\r\n\t\t\t<div class=\"sp-caption\">Porte-cl\u00e9 Luce mascotte officielle Jubil\u00e9 2025 peluche Tokidoki 10 cm \n<br \/><strong><a href=\"https:\/\/www.holyart.fr\/jubile-2025-pelerins-desperance\/luce-mascotte-officielle-du-jubile-2025\/porte-cle-luce-mascotte-officielle-jubile-2025-peluche-tokidoki-10-cm\">Acheter sur Holyart<\/a><\/strong><\/div>\r\n\t\t<\/div>\r\n\t\t<div class=\"sp-slide\">\r\n\t\t\t<img loading=\"lazy\" decoding=\"async\" class=\"sp-image\" src=\"https:\/\/blog.holyart.it\/fr\/wp-content\/uploads\/sites\/14\/2025\/02\/Figurines-Luce-et-Santino-mascotte-Jubile-2025.jpg\" alt=\"Figurines Luce et Santino mascotte Jubil\u00e9 2025\" width=\"500\" height=\"500\" \/>\r\n\t\t\t<div class=\"sp-thumbnail\"><a class=\"\" href=\"https:\/\/www.holyart.fr\/jubile-2025-pelerins-desperance\/luce-mascotte-officielle-du-jubile-2025\/figurines-luce-et-santino-mascotte-jubile-2025-acrylique-tokidoki\">\r\n\t\t\t\t<img decoding=\"async\" src=\"https:\/\/blog.holyart.it\/fr\/wp-content\/uploads\/sites\/14\/2025\/02\/Figurines-Luce-et-Santino-mascotte-Jubile-2025-2.jpg\" alt=\"Figurines Luce et Santino mascotte Jubil\u00e9 2025\" \/>\r\n\t\t\t<\/a>\r\n\t\t\t<\/div>\r\n\t\t\t<div class=\"sp-caption\">Figurines Luce et Santino mascotte Jubil\u00e9 2025 acrylique Tokidoki\n<br \/><strong><a href=\"https:\/\/www.holyart.fr\/jubile-2025-pelerins-desperance\/luce-mascotte-officielle-du-jubile-2025\/figurines-luce-et-santino-mascotte-jubile-2025-acrylique-tokidoki\">Acheter sur Holyart<\/a><\/strong><\/div>\r\n\t\t<\/div>\r\n\t\t<div class=\"sp-slide\">\r\n\t\t\t<img loading=\"lazy\" decoding=\"async\" class=\"sp-image\" src=\"https:\/\/blog.holyart.it\/fr\/wp-content\/uploads\/sites\/14\/2025\/02\/Broche-Luce-and-Friends-mascotte-Jubile-2025-2.jpg\" alt=\"Broche Luce and Friends mascotte Jubil\u00e9 2025\" width=\"500\" height=\"500\" \/>\r\n\t\t\t<div class=\"sp-thumbnail\"><a class=\"\" href=\"https:\/\/www.holyart.fr\/jubile-2025-pelerins-desperance\/luce-mascotte-officielle-du-jubile-2025\/broche-luce-and-friends-mascotte-jubile-2025-acrylique-tokidoki\">\r\n\t\t\t\t<img decoding=\"async\" src=\"https:\/\/blog.holyart.it\/fr\/wp-content\/uploads\/sites\/14\/2025\/02\/Broche-Luce-and-Friends-mascotte-Jubile-2025.jpg\" alt=\"Broche Luce and Friends mascotte Jubil\u00e9 2025\" \/>\r\n\t\t\t<\/a>\r\n\t\t\t<\/div>\r\n\t\t\t<div class=\"sp-caption\">Broche Luce and Friends mascotte Jubil\u00e9 2025 acrylique Tokidoki\n<br \/><strong><a href=\"https:\/\/www.holyart.fr\/jubile-2025-pelerins-desperance\/luce-mascotte-officielle-du-jubile-2025\/broche-luce-and-friends-mascotte-jubile-2025-acrylique-tokidoki\">Acheter sur Holyart<\/a><\/strong><\/div>\r\n\t\t<\/div>\r\n\t\t<div class=\"sp-slide\">\r\n\t\t\t<img loading=\"lazy\" decoding=\"async\" class=\"sp-image\" src=\"https:\/\/blog.holyart.it\/fr\/wp-content\/uploads\/sites\/14\/2025\/02\/Porte-cle-Luce-and-Friends-Jubile-2025-2.jpg\" alt=\"Porte-cl\u00e9 Luce and Friends Jubil\u00e9 2025 \" width=\"500\" height=\"500\" \/>\r\n\t\t\t<div class=\"sp-thumbnail\"><a class=\"\" href=\"https:\/\/www.holyart.fr\/jubile-2025-pelerins-desperance\/luce-mascotte-officielle-du-jubile-2025\/porte-cle-luce-and-friends-jubile-2025-acrylique-5-cm-tokidoki\">\r\n\t\t\t\t<img decoding=\"async\" src=\"https:\/\/blog.holyart.it\/fr\/wp-content\/uploads\/sites\/14\/2025\/02\/Porte-cle-Luce-and-Friends-Jubile-2025.jpg\" alt=\"Porte-cl\u00e9 Luce and Friends Jubil\u00e9 2025 \" \/>\r\n\t\t\t<\/a>\r\n\t\t\t<\/div>\r\n\t\t\t<div class=\"sp-caption\">Porte-cl\u00e9 Luce and Friends Jubil\u00e9 2025 acrylique 5 cm Tokidoki\n<br \/><strong><a href=\"https:\/\/www.holyart.fr\/jubile-2025-pelerins-desperance\/luce-mascotte-officielle-du-jubile-2025\/porte-cle-luce-and-friends-jubile-2025-acrylique-5-cm-tokidoki\">Acheter sur Holyart<\/a><\/strong><\/div>\r\n\t\t<\/div>\r\n\t<\/div>\r\n<\/div>\n<h2>Luce, p\u00e8lerine en version manga<\/h2>\n<p>Pendant la conf\u00e9rence de presse qui a vu la pr\u00e9sentation officielle de Luce, Monseigneur Fisichella a soulign\u00e9 la volont\u00e9 de la part de l\u2019\u00c9glise de <strong>vivre au sein de la culture pop pour attirer les jeunes<\/strong>, en essayant de les int\u00e9resser en choisissant des symboles et un langage qui leur sont familiers.<br \/>\n<strong>Simone Legno<\/strong>, n\u00e9 \u00e0 Rome en 1977, est l\u2019artiste derri\u00e8re la cr\u00e9ation de Luce. Il a fond\u00e9 Tokidoki en 2003, une marque inspir\u00e9e \u00e0 l\u2019esth\u00e9tique japonaise et \u00e0 la culture\u00a0<em>kawaii<\/em>, qui en japonais signifie \u00ab\u00a0mignon\u00a0\u00bb ou \u00ab\u00a0adorable\u00a0\u00bb, un ph\u00e9nom\u00e8ne culturel et social qui s\u2019est r\u00e9pandu \u00e0 une \u00e9chelle globale et qui repr\u00e9sente une esth\u00e9tique emphatisant la douceur, l\u2019innocence et l\u2019adorabilit\u00e9, souvent associ\u00e9e \u00e0 des styles visuels, des comportements et des objets qui \u00e9voquent un sens de tendresse et de simplicit\u00e9. Legno a d\u00e9clar\u00e9 que son intention \u00e9tait de cr\u00e9er un personnage contemporain qui puisse exprimer les \u00e9motions des nouvelles g\u00e9n\u00e9rations. La mascotte a \u00e9t\u00e9 con\u00e7ue comme une r\u00e9ponse \u00e0 la n\u00e9cessit\u00e9 d\u2019avoir une figure qui repr\u00e9sente le <strong>Jubil\u00e9 de mani\u00e8re innovante et accessible<\/strong>.<br \/>\nLuce a suscit\u00e9 des r\u00e9actions partag\u00e9es sur le Web. Tandis que beaucoup ont appr\u00e9ci\u00e9 son design frais et moderne, d\u2019autres critiques la consid\u00e8rent trop distante de la tradition catholique. Certains usagers ont reconnu en <a href=\"https:\/\/www.holyart.fr\/jubile-2025-pelerins-desperance\/luce-mascotte-officielle-du-jubile-2025\/popsocket-luce-coeur-mascotte-jubile-2025-pour-smartphone-tokidoki\"><strong>Luce le style des mangas et des dessins anim\u00e9s japonais<\/strong><\/a>, en soulignant ses influences culturelles asiatiques. Malgr\u00e9 les critiques, Luce repr\u00e9sente une tentative significative de la part de l\u2019\u00c9glise de se rapprocher des jeunes \u00e0 travers des langages contemporains.<\/p>\n<div class=\"link-product\">\n<div class=\"blocco-immagine\"><img loading=\"lazy\" decoding=\"async\" class=\"alignnone size-full wp-image-9731\" src=\"https:\/\/blog.holyart.it\/fr\/wp-content\/uploads\/sites\/14\/2025\/02\/Popsocket-Luce-coeur-mascotte-Jubile-2025-pour-smartphone-Tokidoki.jpg\" alt=\"Popsocket Luce coeur mascotte Jubil\u00e9 2025 pour smartphone Tokidoki\" width=\"100\" height=\"100\" data-kale-share-title=\"Luce, la mascotte du Jubil\u00e9 2025 : un symbole pour tous les p\u00e8lerins\" data-kale-share-url=\"https:\/\/blog.holyart.it\/fr\/?p=9725\" \/><\/div>\n<div class=\"blocco-contenuto\">\n<div class=\"blocco-acquista\">Acheter sur Holyart:<\/div>\n<div class=\"blocco-titolo\"><a href=\"https:\/\/www.holyart.fr\/jubile-2025-pelerins-desperance\/luce-mascotte-officielle-du-jubile-2025\/popsocket-luce-coeur-mascotte-jubile-2025-pour-smartphone-tokidoki\">Popsocket Luce coeur mascotte Jubil\u00e9 2025 pour smartphone<\/a><\/div>\n<div class=\"blocco-descrizione\">Poign\u00e9e pour smartphone de Luce, mascotte officielle du Jubil\u00e9 2025.<\/div>\n<\/div>\n<\/div>\n<h2>Du Jubil\u00e9 \u00e0 l\u2019Expo d\u2019Osaka 2025<\/h2>\n<p>Luce a officiellement d\u00e9but\u00e9 au\u00a0<strong>Lucca Comics &amp; Games 2024<\/strong>, le plus important festival italien d\u00e9di\u00e9 \u00e0 la bande dessin\u00e9e et \u00e0 l\u2019illustration. Cela a marqu\u00e9 la premi\u00e8re participation d\u2019un Dicast\u00e8re du Saint-Si\u00e8ge \u00e0 ce type d\u2019\u00e9v\u00e9nement, offrant aux visiteurs l\u2019opportunit\u00e9 de rencontrer Luce et de s\u2019informer sur les activit\u00e9s du Jubil\u00e9. Le Pavillon du Jubil\u00e9 a \u00e9t\u00e9 \u00e9rig\u00e9 \u00e0 l\u2019Archev\u00each\u00e9 de Lucca, place Monseigneur Giulio Arrigoni, 2.<\/p>\n<p>Luce repr\u00e9sentera \u00e9galement le Saint-Si\u00e8ge \u00e0 l\u2019<strong>Expo 2025 d\u2019Osaka<\/strong>, au Japon, du 13 avril au 13 octobre 2025. Ici, la mascotte sera le symbole du pavillon du Saint-Si\u00e8ge et repr\u00e9sentera l\u2019\u00c9glise catholique et le <strong>message d\u2019esp\u00e9rance et d\u2019accueil<\/strong> que le Jubil\u00e9 souhaite transmettre. Le th\u00e8me du pavillon du Vatican sera \u00ab\u00a0<em>La Beaut\u00e9 est porteuse d\u2019Esp\u00e9rance<\/em>\u00a0\u00bb et, pour cela, Luce sera accompagn\u00e9e par la pr\u00e9sence du c\u00e9l\u00e8bre tableau de Caravage <strong>Mise au tombeau<\/strong>, temporairement pr\u00eat\u00e9 par les Mus\u00e9es du Vatican.<br \/>\n\u00ab\u00a0<em>La beaut\u00e9 est une force qui a le pouvoir de transformer, capable de toucher le c\u0153ur des gens, de r\u00e9veiller le souhait d\u2019un monde meilleur\u00a0<\/em>\u00bb : ainsi Monseigneur Fisichella a expliqu\u00e9 les raisons de cette participation extraordinaire.<\/p>\n<div class=\"link-article\">\n<p><img loading=\"lazy\" decoding=\"async\" class=\"alignnone size-full wp-image-9732\" src=\"https:\/\/blog.holyart.it\/fr\/wp-content\/uploads\/sites\/14\/2025\/02\/Le-calendrier-des-evenements-du-Jubile-2025.jpg\" alt=\"Le calendrier des \u00e9v\u00e9nements du Jubil\u00e9 2025\" width=\"150\" height=\"99\" data-kale-share-title=\"Luce, la mascotte du Jubil\u00e9 2025 : un symbole pour tous les p\u00e8lerins\" data-kale-share-url=\"https:\/\/blog.holyart.it\/fr\/?p=9725\" \/><\/p>\n<div class=\"leggi-anche\">Lire aussi :<\/div>\n<p><strong><a href=\"https:\/\/www.holyart.fr\/blog\/articles-religieux\/le-calendrier-des-evenements-du-jubile-2025\/\">Le calendrier des \u00e9v\u00e9nements du Jubil\u00e9 2025<\/a><\/strong><br \/>\nLe calendrier des \u00e9v\u00e9nements du Jubil\u00e9 2025 a \u00e9t\u00e9 publi\u00e9 : douze mois d\u2019\u00e9v\u00e9nements et occasions pour approfondir la foi&#8230;<\/p>\n<\/div>\n","protected":false},"excerpt":{"rendered":"<p>Apprenons \u00e0 conna\u00eetre Luce, mascotte du Jubil\u00e9 2025, un personnage qui rappelle l\u2019esth\u00e9tique des mangas japonais et d\u00e9montre une nouvelle ouverture de l\u2019\u00c9glise \u00e0 la culture jeune et pop. Au cours de ces derniers mois, il vous sera surement arriv\u00e9, en feuilletant les journaux ou&hellip;<\/p>\n","protected":false},"author":1,"featured_media":9727,"comment_status":"closed","ping_status":"open","sticky":false,"template":"","format":"standard","meta":{"_acf_changed":false,"footnotes":""},"categories":[13],"tags":[],"class_list":["post-9725","post","type-post","status-publish","format-standard","has-post-thumbnail","hentry","category-jubile-2025"],"acf":[],"yoast_head":"<!-- This site is optimized with the Yoast SEO plugin v26.6 - https:\/\/yoast.com\/wordpress\/plugins\/seo\/ -->\n<title>Luce, la mascotte du Jubil\u00e9 2025 : un symbole pour tous les p\u00e8lerins - Holyart.fr Blog<\/title>\n<meta name=\"description\" content=\"Luce, mascotte du Jubil\u00e9 2025, incarne tous les p\u00e8lerins qui s\u2019appr\u00eatent \u00e0 vivre les \u00e9v\u00e9nements de l\u2019Ann\u00e9e Sainte et \u00e0 affronter le voyage de la vie.\" \/>\n<meta name=\"robots\" content=\"index, follow, max-snippet:-1, max-image-preview:large, max-video-preview:-1\" \/>\n<link rel=\"canonical\" href=\"https:\/\/blog.holyart.it\/fr\/jubile-2025\/luce-la-mascotte-du-jubile-2025-un-symbole-pour-tous-les-pelerins\/\" \/>\n<meta property=\"og:locale\" content=\"fr_FR\" \/>\n<meta property=\"og:type\" content=\"article\" \/>\n<meta property=\"og:title\" content=\"Luce, la mascotte du Jubil\u00e9 2025 : un symbole pour tous les p\u00e8lerins - Holyart.fr Blog\" \/>\n<meta property=\"og:description\" content=\"Luce, mascotte du Jubil\u00e9 2025, incarne tous les p\u00e8lerins qui s\u2019appr\u00eatent \u00e0 vivre les \u00e9v\u00e9nements de l\u2019Ann\u00e9e Sainte et \u00e0 affronter le voyage de la vie.\" \/>\n<meta property=\"og:url\" content=\"https:\/\/blog.holyart.it\/fr\/jubile-2025\/luce-la-mascotte-du-jubile-2025-un-symbole-pour-tous-les-pelerins\/\" \/>\n<meta property=\"og:site_name\" content=\"Holyart.fr Blog\" \/>\n<meta property=\"article:published_time\" content=\"2025-02-10T09:00:50+00:00\" \/>\n<meta property=\"article:modified_time\" content=\"2025-02-18T13:13:13+00:00\" \/>\n<meta property=\"og:image\" content=\"https:\/\/blog.holyart.it\/fr\/wp-content\/uploads\/sites\/14\/2025\/02\/Luce-la-mascotte-du-Jubile-2025.jpg\" \/>\n\t<meta property=\"og:image:width\" content=\"1000\" \/>\n\t<meta property=\"og:image:height\" content=\"666\" \/>\n\t<meta property=\"og:image:type\" content=\"image\/jpeg\" \/>\n<meta name=\"author\" content=\"Redazione\" \/>\n<meta name=\"twitter:card\" content=\"summary_large_image\" \/>\n<meta name=\"twitter:label1\" content=\"\u00c9crit par\" \/>\n\t<meta name=\"twitter:data1\" content=\"Redazione\" \/>\n\t<meta name=\"twitter:label2\" content=\"Dur\u00e9e de lecture estim\u00e9e\" \/>\n\t<meta name=\"twitter:data2\" content=\"6 minutes\" \/>\n<script type=\"application\/ld+json\" class=\"yoast-schema-graph\">{\"@context\":\"https:\/\/schema.org\",\"@graph\":[{\"@type\":\"Article\",\"@id\":\"https:\/\/blog.holyart.it\/fr\/jubile-2025\/luce-la-mascotte-du-jubile-2025-un-symbole-pour-tous-les-pelerins\/#article\",\"isPartOf\":{\"@id\":\"https:\/\/blog.holyart.it\/fr\/jubile-2025\/luce-la-mascotte-du-jubile-2025-un-symbole-pour-tous-les-pelerins\/\"},\"author\":{\"name\":\"Redazione\",\"@id\":\"https:\/\/blog.holyart.it\/fr\/#\/schema\/person\/0a7b686e5af0f856ec1e390dd0baecda\"},\"headline\":\"Luce, la mascotte du Jubil\u00e9 2025 : un symbole pour tous les p\u00e8lerins\",\"datePublished\":\"2025-02-10T09:00:50+00:00\",\"dateModified\":\"2025-02-18T13:13:13+00:00\",\"mainEntityOfPage\":{\"@id\":\"https:\/\/blog.holyart.it\/fr\/jubile-2025\/luce-la-mascotte-du-jubile-2025-un-symbole-pour-tous-les-pelerins\/\"},\"wordCount\":1098,\"publisher\":{\"@id\":\"https:\/\/blog.holyart.it\/fr\/#organization\"},\"image\":{\"@id\":\"https:\/\/blog.holyart.it\/fr\/jubile-2025\/luce-la-mascotte-du-jubile-2025-un-symbole-pour-tous-les-pelerins\/#primaryimage\"},\"thumbnailUrl\":\"https:\/\/blog.holyart.it\/fr\/wp-content\/uploads\/sites\/14\/2025\/02\/Luce-la-mascotte-du-Jubile-2025.jpg\",\"articleSection\":[\"Jubil\u00e9 2025\"],\"inLanguage\":\"fr-FR\"},{\"@type\":\"WebPage\",\"@id\":\"https:\/\/blog.holyart.it\/fr\/jubile-2025\/luce-la-mascotte-du-jubile-2025-un-symbole-pour-tous-les-pelerins\/\",\"url\":\"https:\/\/blog.holyart.it\/fr\/jubile-2025\/luce-la-mascotte-du-jubile-2025-un-symbole-pour-tous-les-pelerins\/\",\"name\":\"Luce, la mascotte du Jubil\u00e9 2025 : un symbole pour tous les p\u00e8lerins - Holyart.fr Blog\",\"isPartOf\":{\"@id\":\"https:\/\/blog.holyart.it\/fr\/#website\"},\"primaryImageOfPage\":{\"@id\":\"https:\/\/blog.holyart.it\/fr\/jubile-2025\/luce-la-mascotte-du-jubile-2025-un-symbole-pour-tous-les-pelerins\/#primaryimage\"},\"image\":{\"@id\":\"https:\/\/blog.holyart.it\/fr\/jubile-2025\/luce-la-mascotte-du-jubile-2025-un-symbole-pour-tous-les-pelerins\/#primaryimage\"},\"thumbnailUrl\":\"https:\/\/blog.holyart.it\/fr\/wp-content\/uploads\/sites\/14\/2025\/02\/Luce-la-mascotte-du-Jubile-2025.jpg\",\"datePublished\":\"2025-02-10T09:00:50+00:00\",\"dateModified\":\"2025-02-18T13:13:13+00:00\",\"description\":\"Luce, mascotte du Jubil\u00e9 2025, incarne tous les p\u00e8lerins qui s\u2019appr\u00eatent \u00e0 vivre les \u00e9v\u00e9nements de l\u2019Ann\u00e9e Sainte et \u00e0 affronter le voyage de la vie.\",\"breadcrumb\":{\"@id\":\"https:\/\/blog.holyart.it\/fr\/jubile-2025\/luce-la-mascotte-du-jubile-2025-un-symbole-pour-tous-les-pelerins\/#breadcrumb\"},\"inLanguage\":\"fr-FR\",\"potentialAction\":[{\"@type\":\"ReadAction\",\"target\":[\"https:\/\/blog.holyart.it\/fr\/jubile-2025\/luce-la-mascotte-du-jubile-2025-un-symbole-pour-tous-les-pelerins\/\"]}]},{\"@type\":\"ImageObject\",\"inLanguage\":\"fr-FR\",\"@id\":\"https:\/\/blog.holyart.it\/fr\/jubile-2025\/luce-la-mascotte-du-jubile-2025-un-symbole-pour-tous-les-pelerins\/#primaryimage\",\"url\":\"https:\/\/blog.holyart.it\/fr\/wp-content\/uploads\/sites\/14\/2025\/02\/Luce-la-mascotte-du-Jubile-2025.jpg\",\"contentUrl\":\"https:\/\/blog.holyart.it\/fr\/wp-content\/uploads\/sites\/14\/2025\/02\/Luce-la-mascotte-du-Jubile-2025.jpg\",\"width\":1000,\"height\":666,\"caption\":\"Luce, la mascotte du Jubil\u00e9 2025\"},{\"@type\":\"BreadcrumbList\",\"@id\":\"https:\/\/blog.holyart.it\/fr\/jubile-2025\/luce-la-mascotte-du-jubile-2025-un-symbole-pour-tous-les-pelerins\/#breadcrumb\",\"itemListElement\":[{\"@type\":\"ListItem\",\"position\":1,\"name\":\"Homepage\",\"item\":\"https:\/\/blog.holyart.it\/fr\/\"},{\"@type\":\"ListItem\",\"position\":2,\"name\":\"Jubil\u00e9 2025\",\"item\":\"https:\/\/blog.holyart.it\/fr\/jubile-2025\/\"},{\"@type\":\"ListItem\",\"position\":3,\"name\":\"Luce, la mascotte du Jubil\u00e9 2025 : un symbole pour tous les p\u00e8lerins\"}]},{\"@type\":\"WebSite\",\"@id\":\"https:\/\/blog.holyart.it\/fr\/#website\",\"url\":\"https:\/\/blog.holyart.it\/fr\/\",\"name\":\"Holyart.fr Blog\",\"description\":\"Holyblog\",\"publisher\":{\"@id\":\"https:\/\/blog.holyart.it\/fr\/#organization\"},\"potentialAction\":[{\"@type\":\"SearchAction\",\"target\":{\"@type\":\"EntryPoint\",\"urlTemplate\":\"https:\/\/blog.holyart.it\/fr\/?s={search_term_string}\"},\"query-input\":{\"@type\":\"PropertyValueSpecification\",\"valueRequired\":true,\"valueName\":\"search_term_string\"}}],\"inLanguage\":\"fr-FR\"},{\"@type\":\"Organization\",\"@id\":\"https:\/\/blog.holyart.it\/fr\/#organization\",\"name\":\"Holyart.fr Blog\",\"url\":\"https:\/\/blog.holyart.it\/fr\/\",\"logo\":{\"@type\":\"ImageObject\",\"inLanguage\":\"fr-FR\",\"@id\":\"https:\/\/blog.holyart.it\/fr\/#\/schema\/logo\/image\/\",\"url\":\"https:\/\/blog.holyart.it\/fr\/wp-content\/uploads\/sites\/14\/2022\/12\/Holyart_Blog_Logo.jpg\",\"contentUrl\":\"https:\/\/blog.holyart.it\/fr\/wp-content\/uploads\/sites\/14\/2022\/12\/Holyart_Blog_Logo.jpg\",\"width\":300,\"height\":50,\"caption\":\"Holyart.fr Blog\"},\"image\":{\"@id\":\"https:\/\/blog.holyart.it\/fr\/#\/schema\/logo\/image\/\"}},{\"@type\":\"Person\",\"@id\":\"https:\/\/blog.holyart.it\/fr\/#\/schema\/person\/0a7b686e5af0f856ec1e390dd0baecda\",\"name\":\"Redazione\",\"image\":{\"@type\":\"ImageObject\",\"inLanguage\":\"fr-FR\",\"@id\":\"https:\/\/blog.holyart.it\/fr\/#\/schema\/person\/image\/\",\"url\":\"https:\/\/secure.gravatar.com\/avatar\/f477da817f43e50d0af36abecd33e3edf826c68299714bdc1057dff3b113f516?s=96&d=mm&r=g\",\"contentUrl\":\"https:\/\/secure.gravatar.com\/avatar\/f477da817f43e50d0af36abecd33e3edf826c68299714bdc1057dff3b113f516?s=96&d=mm&r=g\",\"caption\":\"Redazione\"},\"url\":\"https:\/\/blog.holyart.it\/fr\/author\/admin\/\"}]}<\/script>\n<!-- \/ Yoast SEO plugin. -->","yoast_head_json":{"title":"Luce, la mascotte du Jubil\u00e9 2025 : un symbole pour tous les p\u00e8lerins - Holyart.fr Blog","description":"Luce, mascotte du Jubil\u00e9 2025, incarne tous les p\u00e8lerins qui s\u2019appr\u00eatent \u00e0 vivre les \u00e9v\u00e9nements de l\u2019Ann\u00e9e Sainte et \u00e0 affronter le voyage de la vie.","robots":{"index":"index","follow":"follow","max-snippet":"max-snippet:-1","max-image-preview":"max-image-preview:large","max-video-preview":"max-video-preview:-1"},"canonical":"https:\/\/blog.holyart.it\/fr\/jubile-2025\/luce-la-mascotte-du-jubile-2025-un-symbole-pour-tous-les-pelerins\/","og_locale":"fr_FR","og_type":"article","og_title":"Luce, la mascotte du Jubil\u00e9 2025 : un symbole pour tous les p\u00e8lerins - Holyart.fr Blog","og_description":"Luce, mascotte du Jubil\u00e9 2025, incarne tous les p\u00e8lerins qui s\u2019appr\u00eatent \u00e0 vivre les \u00e9v\u00e9nements de l\u2019Ann\u00e9e Sainte et \u00e0 affronter le voyage de la vie.","og_url":"https:\/\/blog.holyart.it\/fr\/jubile-2025\/luce-la-mascotte-du-jubile-2025-un-symbole-pour-tous-les-pelerins\/","og_site_name":"Holyart.fr Blog","article_published_time":"2025-02-10T09:00:50+00:00","article_modified_time":"2025-02-18T13:13:13+00:00","og_image":[{"width":1000,"height":666,"url":"https:\/\/blog.holyart.it\/fr\/wp-content\/uploads\/sites\/14\/2025\/02\/Luce-la-mascotte-du-Jubile-2025.jpg","type":"image\/jpeg"}],"author":"Redazione","twitter_card":"summary_large_image","twitter_misc":{"\u00c9crit par":"Redazione","Dur\u00e9e de lecture estim\u00e9e":"6 minutes"},"schema":{"@context":"https:\/\/schema.org","@graph":[{"@type":"Article","@id":"https:\/\/blog.holyart.it\/fr\/jubile-2025\/luce-la-mascotte-du-jubile-2025-un-symbole-pour-tous-les-pelerins\/#article","isPartOf":{"@id":"https:\/\/blog.holyart.it\/fr\/jubile-2025\/luce-la-mascotte-du-jubile-2025-un-symbole-pour-tous-les-pelerins\/"},"author":{"name":"Redazione","@id":"https:\/\/blog.holyart.it\/fr\/#\/schema\/person\/0a7b686e5af0f856ec1e390dd0baecda"},"headline":"Luce, la mascotte du Jubil\u00e9 2025 : un symbole pour tous les p\u00e8lerins","datePublished":"2025-02-10T09:00:50+00:00","dateModified":"2025-02-18T13:13:13+00:00","mainEntityOfPage":{"@id":"https:\/\/blog.holyart.it\/fr\/jubile-2025\/luce-la-mascotte-du-jubile-2025-un-symbole-pour-tous-les-pelerins\/"},"wordCount":1098,"publisher":{"@id":"https:\/\/blog.holyart.it\/fr\/#organization"},"image":{"@id":"https:\/\/blog.holyart.it\/fr\/jubile-2025\/luce-la-mascotte-du-jubile-2025-un-symbole-pour-tous-les-pelerins\/#primaryimage"},"thumbnailUrl":"https:\/\/blog.holyart.it\/fr\/wp-content\/uploads\/sites\/14\/2025\/02\/Luce-la-mascotte-du-Jubile-2025.jpg","articleSection":["Jubil\u00e9 2025"],"inLanguage":"fr-FR"},{"@type":"WebPage","@id":"https:\/\/blog.holyart.it\/fr\/jubile-2025\/luce-la-mascotte-du-jubile-2025-un-symbole-pour-tous-les-pelerins\/","url":"https:\/\/blog.holyart.it\/fr\/jubile-2025\/luce-la-mascotte-du-jubile-2025-un-symbole-pour-tous-les-pelerins\/","name":"Luce, la mascotte du Jubil\u00e9 2025 : un symbole pour tous les p\u00e8lerins - Holyart.fr Blog","isPartOf":{"@id":"https:\/\/blog.holyart.it\/fr\/#website"},"primaryImageOfPage":{"@id":"https:\/\/blog.holyart.it\/fr\/jubile-2025\/luce-la-mascotte-du-jubile-2025-un-symbole-pour-tous-les-pelerins\/#primaryimage"},"image":{"@id":"https:\/\/blog.holyart.it\/fr\/jubile-2025\/luce-la-mascotte-du-jubile-2025-un-symbole-pour-tous-les-pelerins\/#primaryimage"},"thumbnailUrl":"https:\/\/blog.holyart.it\/fr\/wp-content\/uploads\/sites\/14\/2025\/02\/Luce-la-mascotte-du-Jubile-2025.jpg","datePublished":"2025-02-10T09:00:50+00:00","dateModified":"2025-02-18T13:13:13+00:00","description":"Luce, mascotte du Jubil\u00e9 2025, incarne tous les p\u00e8lerins qui s\u2019appr\u00eatent \u00e0 vivre les \u00e9v\u00e9nements de l\u2019Ann\u00e9e Sainte et \u00e0 affronter le voyage de la vie.","breadcrumb":{"@id":"https:\/\/blog.holyart.it\/fr\/jubile-2025\/luce-la-mascotte-du-jubile-2025-un-symbole-pour-tous-les-pelerins\/#breadcrumb"},"inLanguage":"fr-FR","potentialAction":[{"@type":"ReadAction","target":["https:\/\/blog.holyart.it\/fr\/jubile-2025\/luce-la-mascotte-du-jubile-2025-un-symbole-pour-tous-les-pelerins\/"]}]},{"@type":"ImageObject","inLanguage":"fr-FR","@id":"https:\/\/blog.holyart.it\/fr\/jubile-2025\/luce-la-mascotte-du-jubile-2025-un-symbole-pour-tous-les-pelerins\/#primaryimage","url":"https:\/\/blog.holyart.it\/fr\/wp-content\/uploads\/sites\/14\/2025\/02\/Luce-la-mascotte-du-Jubile-2025.jpg","contentUrl":"https:\/\/blog.holyart.it\/fr\/wp-content\/uploads\/sites\/14\/2025\/02\/Luce-la-mascotte-du-Jubile-2025.jpg","width":1000,"height":666,"caption":"Luce, la mascotte du Jubil\u00e9 2025"},{"@type":"BreadcrumbList","@id":"https:\/\/blog.holyart.it\/fr\/jubile-2025\/luce-la-mascotte-du-jubile-2025-un-symbole-pour-tous-les-pelerins\/#breadcrumb","itemListElement":[{"@type":"ListItem","position":1,"name":"Homepage","item":"https:\/\/blog.holyart.it\/fr\/"},{"@type":"ListItem","position":2,"name":"Jubil\u00e9 2025","item":"https:\/\/blog.holyart.it\/fr\/jubile-2025\/"},{"@type":"ListItem","position":3,"name":"Luce, la mascotte du Jubil\u00e9 2025 : un symbole pour tous les p\u00e8lerins"}]},{"@type":"WebSite","@id":"https:\/\/blog.holyart.it\/fr\/#website","url":"https:\/\/blog.holyart.it\/fr\/","name":"Holyart.fr Blog","description":"Holyblog","publisher":{"@id":"https:\/\/blog.holyart.it\/fr\/#organization"},"potentialAction":[{"@type":"SearchAction","target":{"@type":"EntryPoint","urlTemplate":"https:\/\/blog.holyart.it\/fr\/?s={search_term_string}"},"query-input":{"@type":"PropertyValueSpecification","valueRequired":true,"valueName":"search_term_string"}}],"inLanguage":"fr-FR"},{"@type":"Organization","@id":"https:\/\/blog.holyart.it\/fr\/#organization","name":"Holyart.fr Blog","url":"https:\/\/blog.holyart.it\/fr\/","logo":{"@type":"ImageObject","inLanguage":"fr-FR","@id":"https:\/\/blog.holyart.it\/fr\/#\/schema\/logo\/image\/","url":"https:\/\/blog.holyart.it\/fr\/wp-content\/uploads\/sites\/14\/2022\/12\/Holyart_Blog_Logo.jpg","contentUrl":"https:\/\/blog.holyart.it\/fr\/wp-content\/uploads\/sites\/14\/2022\/12\/Holyart_Blog_Logo.jpg","width":300,"height":50,"caption":"Holyart.fr Blog"},"image":{"@id":"https:\/\/blog.holyart.it\/fr\/#\/schema\/logo\/image\/"}},{"@type":"Person","@id":"https:\/\/blog.holyart.it\/fr\/#\/schema\/person\/0a7b686e5af0f856ec1e390dd0baecda","name":"Redazione","image":{"@type":"ImageObject","inLanguage":"fr-FR","@id":"https:\/\/blog.holyart.it\/fr\/#\/schema\/person\/image\/","url":"https:\/\/secure.gravatar.com\/avatar\/f477da817f43e50d0af36abecd33e3edf826c68299714bdc1057dff3b113f516?s=96&d=mm&r=g","contentUrl":"https:\/\/secure.gravatar.com\/avatar\/f477da817f43e50d0af36abecd33e3edf826c68299714bdc1057dff3b113f516?s=96&d=mm&r=g","caption":"Redazione"},"url":"https:\/\/blog.holyart.it\/fr\/author\/admin\/"}]}},"_links":{"self":[{"href":"https:\/\/blog.holyart.it\/fr\/wp-json\/wp\/v2\/posts\/9725","targetHints":{"allow":["GET"]}}],"collection":[{"href":"https:\/\/blog.holyart.it\/fr\/wp-json\/wp\/v2\/posts"}],"about":[{"href":"https:\/\/blog.holyart.it\/fr\/wp-json\/wp\/v2\/types\/post"}],"author":[{"embeddable":true,"href":"https:\/\/blog.holyart.it\/fr\/wp-json\/wp\/v2\/users\/1"}],"replies":[{"embeddable":true,"href":"https:\/\/blog.holyart.it\/fr\/wp-json\/wp\/v2\/comments?post=9725"}],"version-history":[{"count":7,"href":"https:\/\/blog.holyart.it\/fr\/wp-json\/wp\/v2\/posts\/9725\/revisions"}],"predecessor-version":[{"id":9763,"href":"https:\/\/blog.holyart.it\/fr\/wp-json\/wp\/v2\/posts\/9725\/revisions\/9763"}],"wp:featuredmedia":[{"embeddable":true,"href":"https:\/\/blog.holyart.it\/fr\/wp-json\/wp\/v2\/media\/9727"}],"wp:attachment":[{"href":"https:\/\/blog.holyart.it\/fr\/wp-json\/wp\/v2\/media?parent=9725"}],"wp:term":[{"taxonomy":"category","embeddable":true,"href":"https:\/\/blog.holyart.it\/fr\/wp-json\/wp\/v2\/categories?post=9725"},{"taxonomy":"post_tag","embeddable":true,"href":"https:\/\/blog.holyart.it\/fr\/wp-json\/wp\/v2\/tags?post=9725"}],"curies":[{"name":"wp","href":"https:\/\/api.w.org\/{rel}","templated":true}]}}