{"id":969,"date":"2018-09-18T17:28:04","date_gmt":"2018-09-18T15:28:04","guid":{"rendered":"https:\/\/blog.holyart.it\/fr\/?p=969"},"modified":"2020-06-18T11:48:23","modified_gmt":"2020-06-18T09:48:23","slug":"premiere-communion-princes-princesses-jour","status":"publish","type":"post","link":"https:\/\/blog.holyart.it\/fr\/occasions-speciales\/premiere-communion-princes-princesses-jour\/","title":{"rendered":"Premi\u00e8re Communion : princes et princesses pour un jour, mais&#8230;"},"content":{"rendered":"<p>Mai est le mois des communions.<\/p>\n<p>La premi\u00e8re communion est l\u2019un des <strong>sacrements les plus importants et les plus pr\u00e9cieux dans la vie d\u2019un jeune chr\u00e9tien<\/strong>. Elle c\u00e9l\u00e8bre le moment o\u00f9, pour la premi\u00e8re fois, il ou elle pourra s\u2019approcher de la Sainte Eucharistie et participer \u00e0 tous les effets de la Messe en recevant du pr\u00eatre le Corps de Notre Seigneur J\u00e9sus. C\u2019est un \u00e9v\u00e9nement unique et irrempla\u00e7able non seulement pour le jeune croyant, qui s\u2019y est pr\u00e9par\u00e9 avec un long cours de cat\u00e9ch\u00e8se au cours des deux ann\u00e9es pr\u00e9c\u00e9dentes, mais aussi pour sa famille, ce qui en fait aussi une occasion de c\u00e9l\u00e9bration, comme le veut la tradition.<\/p>\n<p>Nous allons nous attarder un instant sur ce que repr\u00e9sentent aujourd\u2019hui les c\u00e9l\u00e9brations de la premi\u00e8re communion.<\/p>\n<p>Il est vrai que faire du <a href=\"https:\/\/www.holyart.fr\/blog\/articles-religieux\/10-conseils-organiser-premiere-communion\/\"><strong>jour de la premi\u00e8re communion<\/strong><\/a> une f\u00eate \u00e0 tous \u00e9gards et, en tant que telle, la c\u00e9l\u00e9brer avec un grand d\u00e9jeuner, auquel famille et amis sont invit\u00e9s et o\u00f9 des cadeaux sont offerts, avec une tenue sp\u00e9ciale pour le jeune c\u00e9l\u00e9br\u00e9, sont autant de fa\u00e7ons d\u2019en souligner l\u2019importance et la valeur. Cependant, il n\u2019est pas n\u00e9cessaire de faire de ces \u00e9l\u00e9ments ext\u00e9rieurs le point principal de la journ\u00e9e et de les mettre au c\u0153ur des c\u00e9l\u00e9brations, en \u00e9clipsant la v\u00e9ritable signification doctrinale et spirituelle du sacrement lui-m\u00eame.<\/p>\n<p>Il arrive trop souvent que la premi\u00e8re communion d\u00e9g\u00e9n\u00e8re en un \u00e9v\u00e9nement social, une occasion pour les familles des enfants qui y participent de montrer leurs beaux v\u00eatements et leurs banquets co\u00fbteux, souvent moyennant des d\u00e9penses tr\u00e8s \u00e9lev\u00e9es, mais en perdant de vue ce qui compte vraiment.<\/p>\n<p>On met trop l\u2019accent sur les aspects ext\u00e9rieurs de cet \u00e9v\u00e9nement pr\u00e9cieux et, ce faisant, on trahit d\u2019une certaine mani\u00e8re sa signification spirituelle plus profonde et plus authentique.<\/p>\n<p><img loading=\"lazy\" decoding=\"async\" class=\"aligncenter size-full wp-image-970\" src=\"https:\/\/blog.holyart.it\/fr\/wp-content\/uploads\/sites\/14\/2018\/11\/premi\u00e8re-communion-enfant.jpg\" alt=\"premi\u00e8re communion enfant\" width=\"800\" height=\"533\" \/><\/p>\n<p>C\u2019est une question d\u00e9licate, car il est \u00e9galement vrai qu\u2019il est juste de faire du jour de la <a href=\"https:\/\/www.holyart.fr\/occasions-speciales\/premiere-communion-profession-de-foi\"><strong>premi\u00e8re communion<\/strong><\/a> une grande f\u00eate pour l\u2019enfant qui s\u2019approche de l\u2019Eucharistie pour la premi\u00e8re fois et pour ceux qui l\u2019aiment, mais, en m\u00eame temps, il y a un risque d\u2019exag\u00e9ration.<\/p>\n<p>Certaines paroisses tentent de r\u00e9soudre au moins le probl\u00e8me de la tenue vestimentaire en offrant aux enfants des tuniques blanches tr\u00e8s simples \u00e0 louer, et en les obligeant \u00e0 les utiliser pendant la c\u00e9r\u00e9monie. La tunique blanche \u00e0 elle seule exprime toute la simplicit\u00e9 et la puret\u00e9 que l\u2019on attend de ces nouveaux jeunes chr\u00e9tiens invit\u00e9s pour la premi\u00e8re fois \u00e0 recevoir l\u2019Eucharistie. Car c\u2019est franchement stup\u00e9fiant de d\u00e9couvrir les v\u00eatements de c\u00e9r\u00e9monie extr\u00eamement luxueux propos\u00e9s aux enfants et surtout aux filles pour cette grande occasion. Il suffit de taper \u00ab\u00a0robe de communion\u00a0\u00bb sur n\u2019importe quel moteur de recherche pour obtenir un aper\u00e7u d\u00e9concertant. Dentelles, volants et tra\u00eenes longues, plus appropri\u00e9s pour une princesse Disney que pour quelqu\u2019un qui est arriv\u00e9 au bout d\u2019un chemin spirituel et humain profond et significatif\u00a0!<\/p>\n<p>Mais il y a plus, et cela concerne toujours les filles en particulier. Tr\u00e8s souvent, trop souvent, \u00e0 l\u2019occasion de la premi\u00e8re communion, elles sont peign\u00e9es et maquill\u00e9es d\u2019une mani\u00e8re que d\u00e9finir comme inappropri\u00e9e est un euph\u00e9misme. Il est vrai que nous vivons \u00e0 une \u00e9poque o\u00f9 l\u2019apparence est consid\u00e9r\u00e9e comme l\u2019expression du statut social et o\u00f9 nous sommes, d\u00e8s le plus jeune \u00e2ge, constamment bombard\u00e9s par des images qui imposent des canons esth\u00e9tiques pr\u00e9cis sans lesquels il est impossible d\u2019\u00eatre reconnu, appr\u00e9ci\u00e9 et populaire aupr\u00e8s de ses pairs. Ces mod\u00e8les, qui proviennent principalement des m\u00e9dias et du monde du divertissement, ne tiennent pas compte du fait que ces signaux ont souvent pour cible des personnes tr\u00e8s jeunes, plus expos\u00e9es et mall\u00e9ables, dont la perception d\u2019elles-m\u00eames et de leur apparence sera irr\u00e9m\u00e9diablement influenc\u00e9e par ces canons artificiels et inaccessibles. Ou, parfois, ce sont les m\u00e8res qui veulent \u00e0 tout prix transformer leurs filles en petites adultes, un peu par vanit\u00e9, un peu par besoin d\u2019afficher leur propre style.<\/p>\n<p>Le r\u00e9sultat est le m\u00eame.<\/p>\n<p>Le jour o\u00f9 tout devrait exprimer l\u2019innocence et la puret\u00e9, la candeur spirituelle et une nouvelle conscience de leur identit\u00e9 chr\u00e9tienne, la plupart des gar\u00e7ons et des filles ont l\u2019air de petits mod\u00e8les dans un magazine glamour ou dans un dessin anim\u00e9, ou pire encore, de jeunes mari\u00e9s en miniature.<\/p>\n<p>Au-del\u00e0 d\u2019un message absolument erron\u00e9, ce qui ressort de ce sc\u00e9nario est une profonde incompr\u00e9hension, surtout de la part des familles, de la valeur du sacrement que nous sommes sur le point de c\u00e9l\u00e9brer. Si certaines valeurs ne sont pas accept\u00e9es par les adultes, comment peut-on s\u2019attendre \u00e0 ce que les enfants les adoptent\u00a0?<\/p>\n<h2>Robes Holyart : belles, mais particuli\u00e8rement adapt\u00e9es \u00e0 la premi\u00e8re communion<\/h2>\n<figure id=\"attachment_972\" aria-describedby=\"caption-attachment-972\" style=\"width: 800px\" class=\"wp-caption aligncenter\"><img loading=\"lazy\" decoding=\"async\" class=\"size-full wp-image-972\" src=\"https:\/\/blog.holyart.it\/fr\/wp-content\/uploads\/sites\/14\/2018\/11\/premi\u00e8re-communion-Holyart-1.jpg\" alt=\"premi\u00e8re communion Holyart\" width=\"800\" height=\"533\" \/><figcaption id=\"caption-attachment-972\" class=\"wp-caption-text\"><center><a href=\"https:\/\/www.holyart.fr\/occasions-speciales\/premiere-communion-profession-de-foi\/aubes-communion-profession-de-foi\">Aubes premi\u00e8re communion et profession de foi<\/a><\/center><\/figcaption><\/figure>\n<p>Il existe de bonnes alternatives \u00e0 la dentelle, aux n\u0153uds, aux encolures, aux robes de cr\u00e9ateurs (tr\u00e8s ch\u00e8res&#8230;).<\/p>\n<p>M\u00eame si vous ne voulez pas utiliser les tuniques lou\u00e9es mentionn\u00e9es ci-dessus, qui ne sont pas propos\u00e9es par toutes les paroisses, il y a de beaux <a href=\"https:\/\/www.holyart.fr\/occasions-speciales\/premiere-communion-profession-de-foi\/aubes-communion-profession-de-foi\"><strong>v\u00eatements de premi\u00e8re communion<\/strong><\/a>\u00a0 bien emball\u00e9s et surtout adapt\u00e9s \u00e0 la c\u00e9r\u00e9monie qui va avoir lieu. Le <strong>catalogue Holyart<\/strong> en propose diff\u00e9rents types, avec une large gamme de possibilit\u00e9s et de combinaisons adapt\u00e9es \u00e0 chaque enfant et \u00e0 chaque besoin. Ils sont disponibles en diff\u00e9rentes tailles, facilement identifiables par les indications sp\u00e9cifiques en cm.<\/p>\n<p>Ils vont de <strong>toniques unisexes<\/strong>, convenant aussi bien aux gar\u00e7ons qu\u2019aux filles, semblables \u00e0 celles utilis\u00e9es par les enfants de ch\u0153ur qui assistent le pr\u00eatre pendant la messe, jusqu\u2019aux mod\u00e8les con\u00e7us plus sp\u00e9cifiquement pour les gar\u00e7ons et les filles. En g\u00e9n\u00e9ral, ce sont des robes de premi\u00e8re communion produites enti\u00e8rement en Italie par des ateliers artisanaux, certaines tr\u00e8s simples et lin\u00e9aires, d\u2019autres avec des plis (de grands plis g\u00e9n\u00e9ralement plac\u00e9s au dos de la tunique) qui les rendent faciles \u00e0 porter, car elles s\u2019adaptent mieux \u00e0 la silhouette, et avec des bords dor\u00e9s ou brod\u00e9s.<\/p>\n<p>Les tissus varient du coton au polyester, la couleur est presque toujours blanche, dans toutes ses nuances, allant de l\u2019ivoire au blanc glac\u00e9. Les broderies offrent un large \u00e9ventail de variations, des simples bords dor\u00e9s qui ornent l\u2019ourlet de la robe et les manches, aux broderies plus complexes, en forme de croix, par exemple, qui occupent toute la poitrine. Certaines de nos robes de premi\u00e8re communion sont \u00e9galement d\u00e9cor\u00e9es d\u2019un scapulaire, une bande de tissu avec une ouverture pour la t\u00eate, suspendue \u00e0 la poitrine et au dos que les membres de certains ordres religieux portent sur le v\u00eatement sacerdotal, bord\u00e9e d\u2019or ou d\u00e9cor\u00e9e de broderies. D\u2019autres portent des \u00e9l\u00e9ments d\u00e9coratifs suppl\u00e9mentaires, comme ce mod\u00e8le orn\u00e9 d\u2019un stolon sur lequel une croix est brod\u00e9e en \u00ab\u00a0smock\u00a0\u00bb. D\u2019autres robes ont des bords orn\u00e9s de chevrons, des garnitures en forme de ruban \u00e9cras\u00e9 compos\u00e9 de fils de soie tiss\u00e9s, g\u00e9n\u00e9ralement dor\u00e9s ou rouges.<\/p>\n<p>Une variante int\u00e9ressante est l\u2019aube de premi\u00e8re communion, d\u00e9cor\u00e9e de deux bandes verticales rouges qui descendent des \u00e9paules. .<\/p>\n<p>La simplicit\u00e9 de ces robes n\u2019exclut pas la possibilit\u00e9 de les rendre encore plus belles avec une s\u00e9rie d\u2019accessoires con\u00e7us sp\u00e9cialement pour elles, pour compl\u00e9ter l\u2019effet. Nous parlons toujours d\u2019\u00e9l\u00e9ments li\u00e9s \u00e0 la solennit\u00e9 que nous sommes sur le point de c\u00e9l\u00e9brer\u00a0: croix, serre-t\u00eate, couronnes de fleurs en tissu et chenilles, les ceintures sacerdotales pour serrer le v\u00eatement \u00e0 la taille.<\/p>\n<p>Pour compl\u00e9ter le v\u00eatement, <strong>une belle croix de Premi\u00e8re Communion<\/strong>, peut-\u00eatre en bois d\u2019olivier, simple, adapt\u00e9 aux enfants de cet \u00e2ge. Parce qu\u2019il n\u2019y a rien de plus beau que l\u2019innocence pour c\u00e9l\u00e9brer une journ\u00e9e si sp\u00e9ciale.<\/p>\n<p>Ci-dessous nous vous pr\u00e9sentons les produits d\u00e9crits, disponibles sur notre site\u00a0!<\/p>\n","protected":false},"excerpt":{"rendered":"<p>Mai est le mois des communions. La premi\u00e8re communion est l\u2019un des sacrements les plus importants et les plus pr\u00e9cieux dans la vie d\u2019un jeune chr\u00e9tien. Elle c\u00e9l\u00e8bre le moment o\u00f9, pour la premi\u00e8re fois, il ou elle pourra s\u2019approcher de la Sainte Eucharistie et&hellip;<\/p>\n","protected":false},"author":1,"featured_media":973,"comment_status":"closed","ping_status":"open","sticky":false,"template":"","format":"standard","meta":{"_acf_changed":false,"footnotes":""},"categories":[12],"tags":[],"class_list":["post-969","post","type-post","status-publish","format-standard","has-post-thumbnail","hentry","category-occasions-speciales"],"acf":[],"yoast_head":"<!-- This site is optimized with the Yoast SEO plugin v26.6 - https:\/\/yoast.com\/wordpress\/plugins\/seo\/ -->\n<title>Premi\u00e8re Communion princes et princesses pour un jour mais...<\/title>\n<meta name=\"description\" content=\"...mai est le mois des communions. La premi\u00e8re communion est l\u2019un des sacrements les plus importants et les plus pr\u00e9cieux dans la vie d\u2019un jeune chr\u00e9tien.\" \/>\n<meta name=\"robots\" content=\"index, follow, max-snippet:-1, max-image-preview:large, max-video-preview:-1\" \/>\n<link rel=\"canonical\" href=\"https:\/\/blog.holyart.it\/fr\/occasions-speciales\/premiere-communion-princes-princesses-jour\/\" \/>\n<meta property=\"og:locale\" content=\"fr_FR\" \/>\n<meta property=\"og:type\" content=\"article\" \/>\n<meta property=\"og:title\" content=\"Premi\u00e8re Communion princes et princesses pour un jour mais...\" \/>\n<meta property=\"og:description\" content=\"...mai est le mois des communions. La premi\u00e8re communion est l\u2019un des sacrements les plus importants et les plus pr\u00e9cieux dans la vie d\u2019un jeune chr\u00e9tien.\" \/>\n<meta property=\"og:url\" content=\"https:\/\/blog.holyart.it\/fr\/occasions-speciales\/premiere-communion-princes-princesses-jour\/\" \/>\n<meta property=\"og:site_name\" content=\"Holyart.fr Blog\" \/>\n<meta property=\"article:published_time\" content=\"2018-09-18T15:28:04+00:00\" \/>\n<meta property=\"article:modified_time\" content=\"2020-06-18T09:48:23+00:00\" \/>\n<meta property=\"og:image\" content=\"https:\/\/blog.holyart.it\/fr\/wp-content\/uploads\/sites\/14\/2018\/11\/Aubes-premi\u00e8re-communion.jpg\" \/>\n\t<meta property=\"og:image:width\" content=\"1000\" \/>\n\t<meta property=\"og:image:height\" content=\"666\" \/>\n\t<meta property=\"og:image:type\" content=\"image\/jpeg\" \/>\n<meta name=\"author\" content=\"Redazione\" \/>\n<meta name=\"twitter:card\" content=\"summary_large_image\" \/>\n<meta name=\"twitter:label1\" content=\"\u00c9crit par\" \/>\n\t<meta name=\"twitter:data1\" content=\"Redazione\" \/>\n\t<meta name=\"twitter:label2\" content=\"Dur\u00e9e de lecture estim\u00e9e\" \/>\n\t<meta name=\"twitter:data2\" content=\"7 minutes\" \/>\n<script type=\"application\/ld+json\" class=\"yoast-schema-graph\">{\"@context\":\"https:\/\/schema.org\",\"@graph\":[{\"@type\":\"Article\",\"@id\":\"https:\/\/blog.holyart.it\/fr\/occasions-speciales\/premiere-communion-princes-princesses-jour\/#article\",\"isPartOf\":{\"@id\":\"https:\/\/blog.holyart.it\/fr\/occasions-speciales\/premiere-communion-princes-princesses-jour\/\"},\"author\":{\"name\":\"Redazione\",\"@id\":\"https:\/\/blog.holyart.it\/fr\/#\/schema\/person\/0a7b686e5af0f856ec1e390dd0baecda\"},\"headline\":\"Premi\u00e8re Communion : princes et princesses pour un jour, mais&#8230;\",\"datePublished\":\"2018-09-18T15:28:04+00:00\",\"dateModified\":\"2020-06-18T09:48:23+00:00\",\"mainEntityOfPage\":{\"@id\":\"https:\/\/blog.holyart.it\/fr\/occasions-speciales\/premiere-communion-princes-princesses-jour\/\"},\"wordCount\":1492,\"publisher\":{\"@id\":\"https:\/\/blog.holyart.it\/fr\/#organization\"},\"image\":{\"@id\":\"https:\/\/blog.holyart.it\/fr\/occasions-speciales\/premiere-communion-princes-princesses-jour\/#primaryimage\"},\"thumbnailUrl\":\"https:\/\/blog.holyart.it\/fr\/wp-content\/uploads\/sites\/14\/2018\/11\/Aubes-premi\u00e8re-communion.jpg\",\"articleSection\":[\"Occasions sp\u00e9ciales\"],\"inLanguage\":\"fr-FR\"},{\"@type\":\"WebPage\",\"@id\":\"https:\/\/blog.holyart.it\/fr\/occasions-speciales\/premiere-communion-princes-princesses-jour\/\",\"url\":\"https:\/\/blog.holyart.it\/fr\/occasions-speciales\/premiere-communion-princes-princesses-jour\/\",\"name\":\"Premi\u00e8re Communion princes et princesses pour un jour mais...\",\"isPartOf\":{\"@id\":\"https:\/\/blog.holyart.it\/fr\/#website\"},\"primaryImageOfPage\":{\"@id\":\"https:\/\/blog.holyart.it\/fr\/occasions-speciales\/premiere-communion-princes-princesses-jour\/#primaryimage\"},\"image\":{\"@id\":\"https:\/\/blog.holyart.it\/fr\/occasions-speciales\/premiere-communion-princes-princesses-jour\/#primaryimage\"},\"thumbnailUrl\":\"https:\/\/blog.holyart.it\/fr\/wp-content\/uploads\/sites\/14\/2018\/11\/Aubes-premi\u00e8re-communion.jpg\",\"datePublished\":\"2018-09-18T15:28:04+00:00\",\"dateModified\":\"2020-06-18T09:48:23+00:00\",\"description\":\"...mai est le mois des communions. La premi\u00e8re communion est l\u2019un des sacrements les plus importants et les plus pr\u00e9cieux dans la vie d\u2019un jeune chr\u00e9tien.\",\"breadcrumb\":{\"@id\":\"https:\/\/blog.holyart.it\/fr\/occasions-speciales\/premiere-communion-princes-princesses-jour\/#breadcrumb\"},\"inLanguage\":\"fr-FR\",\"potentialAction\":[{\"@type\":\"ReadAction\",\"target\":[\"https:\/\/blog.holyart.it\/fr\/occasions-speciales\/premiere-communion-princes-princesses-jour\/\"]}]},{\"@type\":\"ImageObject\",\"inLanguage\":\"fr-FR\",\"@id\":\"https:\/\/blog.holyart.it\/fr\/occasions-speciales\/premiere-communion-princes-princesses-jour\/#primaryimage\",\"url\":\"https:\/\/blog.holyart.it\/fr\/wp-content\/uploads\/sites\/14\/2018\/11\/Aubes-premi\u00e8re-communion.jpg\",\"contentUrl\":\"https:\/\/blog.holyart.it\/fr\/wp-content\/uploads\/sites\/14\/2018\/11\/Aubes-premi\u00e8re-communion.jpg\",\"width\":1000,\"height\":666,\"caption\":\"Aubes premi\u00e8re communion\"},{\"@type\":\"BreadcrumbList\",\"@id\":\"https:\/\/blog.holyart.it\/fr\/occasions-speciales\/premiere-communion-princes-princesses-jour\/#breadcrumb\",\"itemListElement\":[{\"@type\":\"ListItem\",\"position\":1,\"name\":\"Homepage\",\"item\":\"https:\/\/blog.holyart.it\/fr\/\"},{\"@type\":\"ListItem\",\"position\":2,\"name\":\"Occasions sp\u00e9ciales\",\"item\":\"https:\/\/blog.holyart.it\/fr\/occasions-speciales\/\"},{\"@type\":\"ListItem\",\"position\":3,\"name\":\"Premi\u00e8re Communion : princes et princesses pour un jour, mais&#8230;\"}]},{\"@type\":\"WebSite\",\"@id\":\"https:\/\/blog.holyart.it\/fr\/#website\",\"url\":\"https:\/\/blog.holyart.it\/fr\/\",\"name\":\"Holyart.fr Blog\",\"description\":\"Holyblog\",\"publisher\":{\"@id\":\"https:\/\/blog.holyart.it\/fr\/#organization\"},\"potentialAction\":[{\"@type\":\"SearchAction\",\"target\":{\"@type\":\"EntryPoint\",\"urlTemplate\":\"https:\/\/blog.holyart.it\/fr\/?s={search_term_string}\"},\"query-input\":{\"@type\":\"PropertyValueSpecification\",\"valueRequired\":true,\"valueName\":\"search_term_string\"}}],\"inLanguage\":\"fr-FR\"},{\"@type\":\"Organization\",\"@id\":\"https:\/\/blog.holyart.it\/fr\/#organization\",\"name\":\"Holyart.fr Blog\",\"url\":\"https:\/\/blog.holyart.it\/fr\/\",\"logo\":{\"@type\":\"ImageObject\",\"inLanguage\":\"fr-FR\",\"@id\":\"https:\/\/blog.holyart.it\/fr\/#\/schema\/logo\/image\/\",\"url\":\"https:\/\/blog.holyart.it\/fr\/wp-content\/uploads\/sites\/14\/2022\/12\/Holyart_Blog_Logo.jpg\",\"contentUrl\":\"https:\/\/blog.holyart.it\/fr\/wp-content\/uploads\/sites\/14\/2022\/12\/Holyart_Blog_Logo.jpg\",\"width\":300,\"height\":50,\"caption\":\"Holyart.fr Blog\"},\"image\":{\"@id\":\"https:\/\/blog.holyart.it\/fr\/#\/schema\/logo\/image\/\"}},{\"@type\":\"Person\",\"@id\":\"https:\/\/blog.holyart.it\/fr\/#\/schema\/person\/0a7b686e5af0f856ec1e390dd0baecda\",\"name\":\"Redazione\",\"image\":{\"@type\":\"ImageObject\",\"inLanguage\":\"fr-FR\",\"@id\":\"https:\/\/blog.holyart.it\/fr\/#\/schema\/person\/image\/\",\"url\":\"https:\/\/secure.gravatar.com\/avatar\/f477da817f43e50d0af36abecd33e3edf826c68299714bdc1057dff3b113f516?s=96&d=mm&r=g\",\"contentUrl\":\"https:\/\/secure.gravatar.com\/avatar\/f477da817f43e50d0af36abecd33e3edf826c68299714bdc1057dff3b113f516?s=96&d=mm&r=g\",\"caption\":\"Redazione\"},\"url\":\"https:\/\/blog.holyart.it\/fr\/author\/admin\/\"}]}<\/script>\n<!-- \/ Yoast SEO plugin. -->","yoast_head_json":{"title":"Premi\u00e8re Communion princes et princesses pour un jour mais...","description":"...mai est le mois des communions. La premi\u00e8re communion est l\u2019un des sacrements les plus importants et les plus pr\u00e9cieux dans la vie d\u2019un jeune chr\u00e9tien.","robots":{"index":"index","follow":"follow","max-snippet":"max-snippet:-1","max-image-preview":"max-image-preview:large","max-video-preview":"max-video-preview:-1"},"canonical":"https:\/\/blog.holyart.it\/fr\/occasions-speciales\/premiere-communion-princes-princesses-jour\/","og_locale":"fr_FR","og_type":"article","og_title":"Premi\u00e8re Communion princes et princesses pour un jour mais...","og_description":"...mai est le mois des communions. La premi\u00e8re communion est l\u2019un des sacrements les plus importants et les plus pr\u00e9cieux dans la vie d\u2019un jeune chr\u00e9tien.","og_url":"https:\/\/blog.holyart.it\/fr\/occasions-speciales\/premiere-communion-princes-princesses-jour\/","og_site_name":"Holyart.fr Blog","article_published_time":"2018-09-18T15:28:04+00:00","article_modified_time":"2020-06-18T09:48:23+00:00","og_image":[{"width":1000,"height":666,"url":"https:\/\/blog.holyart.it\/fr\/wp-content\/uploads\/sites\/14\/2018\/11\/Aubes-premi\u00e8re-communion.jpg","type":"image\/jpeg"}],"author":"Redazione","twitter_card":"summary_large_image","twitter_misc":{"\u00c9crit par":"Redazione","Dur\u00e9e de lecture estim\u00e9e":"7 minutes"},"schema":{"@context":"https:\/\/schema.org","@graph":[{"@type":"Article","@id":"https:\/\/blog.holyart.it\/fr\/occasions-speciales\/premiere-communion-princes-princesses-jour\/#article","isPartOf":{"@id":"https:\/\/blog.holyart.it\/fr\/occasions-speciales\/premiere-communion-princes-princesses-jour\/"},"author":{"name":"Redazione","@id":"https:\/\/blog.holyart.it\/fr\/#\/schema\/person\/0a7b686e5af0f856ec1e390dd0baecda"},"headline":"Premi\u00e8re Communion : princes et princesses pour un jour, mais&#8230;","datePublished":"2018-09-18T15:28:04+00:00","dateModified":"2020-06-18T09:48:23+00:00","mainEntityOfPage":{"@id":"https:\/\/blog.holyart.it\/fr\/occasions-speciales\/premiere-communion-princes-princesses-jour\/"},"wordCount":1492,"publisher":{"@id":"https:\/\/blog.holyart.it\/fr\/#organization"},"image":{"@id":"https:\/\/blog.holyart.it\/fr\/occasions-speciales\/premiere-communion-princes-princesses-jour\/#primaryimage"},"thumbnailUrl":"https:\/\/blog.holyart.it\/fr\/wp-content\/uploads\/sites\/14\/2018\/11\/Aubes-premi\u00e8re-communion.jpg","articleSection":["Occasions sp\u00e9ciales"],"inLanguage":"fr-FR"},{"@type":"WebPage","@id":"https:\/\/blog.holyart.it\/fr\/occasions-speciales\/premiere-communion-princes-princesses-jour\/","url":"https:\/\/blog.holyart.it\/fr\/occasions-speciales\/premiere-communion-princes-princesses-jour\/","name":"Premi\u00e8re Communion princes et princesses pour un jour mais...","isPartOf":{"@id":"https:\/\/blog.holyart.it\/fr\/#website"},"primaryImageOfPage":{"@id":"https:\/\/blog.holyart.it\/fr\/occasions-speciales\/premiere-communion-princes-princesses-jour\/#primaryimage"},"image":{"@id":"https:\/\/blog.holyart.it\/fr\/occasions-speciales\/premiere-communion-princes-princesses-jour\/#primaryimage"},"thumbnailUrl":"https:\/\/blog.holyart.it\/fr\/wp-content\/uploads\/sites\/14\/2018\/11\/Aubes-premi\u00e8re-communion.jpg","datePublished":"2018-09-18T15:28:04+00:00","dateModified":"2020-06-18T09:48:23+00:00","description":"...mai est le mois des communions. La premi\u00e8re communion est l\u2019un des sacrements les plus importants et les plus pr\u00e9cieux dans la vie d\u2019un jeune chr\u00e9tien.","breadcrumb":{"@id":"https:\/\/blog.holyart.it\/fr\/occasions-speciales\/premiere-communion-princes-princesses-jour\/#breadcrumb"},"inLanguage":"fr-FR","potentialAction":[{"@type":"ReadAction","target":["https:\/\/blog.holyart.it\/fr\/occasions-speciales\/premiere-communion-princes-princesses-jour\/"]}]},{"@type":"ImageObject","inLanguage":"fr-FR","@id":"https:\/\/blog.holyart.it\/fr\/occasions-speciales\/premiere-communion-princes-princesses-jour\/#primaryimage","url":"https:\/\/blog.holyart.it\/fr\/wp-content\/uploads\/sites\/14\/2018\/11\/Aubes-premi\u00e8re-communion.jpg","contentUrl":"https:\/\/blog.holyart.it\/fr\/wp-content\/uploads\/sites\/14\/2018\/11\/Aubes-premi\u00e8re-communion.jpg","width":1000,"height":666,"caption":"Aubes premi\u00e8re communion"},{"@type":"BreadcrumbList","@id":"https:\/\/blog.holyart.it\/fr\/occasions-speciales\/premiere-communion-princes-princesses-jour\/#breadcrumb","itemListElement":[{"@type":"ListItem","position":1,"name":"Homepage","item":"https:\/\/blog.holyart.it\/fr\/"},{"@type":"ListItem","position":2,"name":"Occasions sp\u00e9ciales","item":"https:\/\/blog.holyart.it\/fr\/occasions-speciales\/"},{"@type":"ListItem","position":3,"name":"Premi\u00e8re Communion : princes et princesses pour un jour, mais&#8230;"}]},{"@type":"WebSite","@id":"https:\/\/blog.holyart.it\/fr\/#website","url":"https:\/\/blog.holyart.it\/fr\/","name":"Holyart.fr Blog","description":"Holyblog","publisher":{"@id":"https:\/\/blog.holyart.it\/fr\/#organization"},"potentialAction":[{"@type":"SearchAction","target":{"@type":"EntryPoint","urlTemplate":"https:\/\/blog.holyart.it\/fr\/?s={search_term_string}"},"query-input":{"@type":"PropertyValueSpecification","valueRequired":true,"valueName":"search_term_string"}}],"inLanguage":"fr-FR"},{"@type":"Organization","@id":"https:\/\/blog.holyart.it\/fr\/#organization","name":"Holyart.fr Blog","url":"https:\/\/blog.holyart.it\/fr\/","logo":{"@type":"ImageObject","inLanguage":"fr-FR","@id":"https:\/\/blog.holyart.it\/fr\/#\/schema\/logo\/image\/","url":"https:\/\/blog.holyart.it\/fr\/wp-content\/uploads\/sites\/14\/2022\/12\/Holyart_Blog_Logo.jpg","contentUrl":"https:\/\/blog.holyart.it\/fr\/wp-content\/uploads\/sites\/14\/2022\/12\/Holyart_Blog_Logo.jpg","width":300,"height":50,"caption":"Holyart.fr Blog"},"image":{"@id":"https:\/\/blog.holyart.it\/fr\/#\/schema\/logo\/image\/"}},{"@type":"Person","@id":"https:\/\/blog.holyart.it\/fr\/#\/schema\/person\/0a7b686e5af0f856ec1e390dd0baecda","name":"Redazione","image":{"@type":"ImageObject","inLanguage":"fr-FR","@id":"https:\/\/blog.holyart.it\/fr\/#\/schema\/person\/image\/","url":"https:\/\/secure.gravatar.com\/avatar\/f477da817f43e50d0af36abecd33e3edf826c68299714bdc1057dff3b113f516?s=96&d=mm&r=g","contentUrl":"https:\/\/secure.gravatar.com\/avatar\/f477da817f43e50d0af36abecd33e3edf826c68299714bdc1057dff3b113f516?s=96&d=mm&r=g","caption":"Redazione"},"url":"https:\/\/blog.holyart.it\/fr\/author\/admin\/"}]}},"_links":{"self":[{"href":"https:\/\/blog.holyart.it\/fr\/wp-json\/wp\/v2\/posts\/969","targetHints":{"allow":["GET"]}}],"collection":[{"href":"https:\/\/blog.holyart.it\/fr\/wp-json\/wp\/v2\/posts"}],"about":[{"href":"https:\/\/blog.holyart.it\/fr\/wp-json\/wp\/v2\/types\/post"}],"author":[{"embeddable":true,"href":"https:\/\/blog.holyart.it\/fr\/wp-json\/wp\/v2\/users\/1"}],"replies":[{"embeddable":true,"href":"https:\/\/blog.holyart.it\/fr\/wp-json\/wp\/v2\/comments?post=969"}],"version-history":[{"count":0,"href":"https:\/\/blog.holyart.it\/fr\/wp-json\/wp\/v2\/posts\/969\/revisions"}],"wp:featuredmedia":[{"embeddable":true,"href":"https:\/\/blog.holyart.it\/fr\/wp-json\/wp\/v2\/media\/973"}],"wp:attachment":[{"href":"https:\/\/blog.holyart.it\/fr\/wp-json\/wp\/v2\/media?parent=969"}],"wp:term":[{"taxonomy":"category","embeddable":true,"href":"https:\/\/blog.holyart.it\/fr\/wp-json\/wp\/v2\/categories?post=969"},{"taxonomy":"post_tag","embeddable":true,"href":"https:\/\/blog.holyart.it\/fr\/wp-json\/wp\/v2\/tags?post=969"}],"curies":[{"name":"wp","href":"https:\/\/api.w.org\/{rel}","templated":true}]}}