{"id":9667,"date":"2025-02-19T08:38:50","date_gmt":"2025-02-19T07:38:50","guid":{"rendered":"https:\/\/blog.holyart.it\/fr\/?p=9667"},"modified":"2026-01-29T15:27:34","modified_gmt":"2026-01-29T14:27:34","slug":"qui-sont-les-14-saints-auxiliaires","status":"publish","type":"post","link":"https:\/\/blog.holyart.it\/fr\/saints-et-bienheureux\/qui-sont-les-14-saints-auxiliaires\/","title":{"rendered":"Qui sont les 14 Saints Auxiliaires"},"content":{"rendered":"<h4><em>Les Saints Auxiliaires sont invoqu\u00e9s en situation de maladie ou de grave danger. Entre croyances m\u00e9di\u00e9vales et foi, voici qui ils sont et comment leur culte s\u2019est d\u00e9velopp\u00e9.<\/em><\/h4>\n\n<p>Invoquer Dieu, la Sainte Vierge, les Anges ou les Saints afin d\u2019obtenir de l\u2019aide ou du r\u00e9confort en cas de danger, maladies graves, ou m\u00eame simplement dans des situations angoissantes, est une pratique courante dans l\u2019histoire de l\u2019humanit\u00e9. Dans l\u2019univers de la d\u00e9votion chr\u00e9tienne, il existe les <strong>Saints Patrons<\/strong>, qui veillent sur des cat\u00e9gories de personnes sp\u00e9cifiques, ou sur des villes et des pays, et les <a href=\"https:\/\/www.holyart.fr\/blog\/saints-et-bienheureux\/saints-guerisseurs-auxquels-sadresser-contre-les-maladies\/\"><strong><u>Saints gu\u00e9risseurs<\/u><\/strong><\/a>, invoqu\u00e9s pour affronter des pathologies sp\u00e9cifiques. \u00c0 ces Saints, les fid\u00e8les se sont adress\u00e9s depuis un temps imm\u00e9morable afin d\u2019obtenir gr\u00e2ce et protection en situations de difficult\u00e9, \u00e0 la recherche d\u2019un soutient non seulement spirituel, mais aussi physique. Il y a ensuite les <strong>Saints Auxiliaires<\/strong>, un ensemble de quatorze saints invoqu\u00e9s par les chr\u00e9tiens dans des circonstances de besoin particulier, souvent li\u00e9es \u00e0 la recherche de gu\u00e9rison de maladies sp\u00e9cifiques ou de danger grave. L\u2019origine de cette d\u00e9votion peut vraisemblablement remonter \u00e0 l\u2019<strong>Allemagne du XIIIe si\u00e8cle, <\/strong>mais la diffusion du culte des Saints Auxiliaires s\u2019acc\u00e9l\u00e9ra remarquablement pendant les <strong>\u00e9pid\u00e9mies d\u00e9vastatrices de peste noire au XIVe si\u00e8cle<\/strong> et se r\u00e9pandit dans toute l\u2019Europe. On leur d\u00e9dia une f\u00eate commune, le <strong>8 ao\u00fbt<\/strong>, mais avec la r\u00e9forme du calendrier des saints en 1969, le culte des Quatorze Saints Sauveurs fut supprim\u00e9 par Pape Paul VI. Malgr\u00e9 cela, l\u2019h\u00e9ritage de cette v\u00e9n\u00e9ration et l\u2019histoire des miracles attribu\u00e9s aux Quatorze Saints Sauveurs continuent de susciter int\u00e9r\u00eat et curiosit\u00e9, en repr\u00e9sentant un chapitre significatif dans la riche histoire de la d\u00e9votion populaire catholique.<\/p>\n<div class=\"link-article\">\n<p><img loading=\"lazy\" decoding=\"async\" class=\"size-full wp-image-9659 alignleft\" src=\"https:\/\/www.holyart.fr\/blog\/wp-content\/uploads\/sites\/14\/2021\/04\/les-saints-contre-la-maladie.jpg\" alt=\"12 ap\u00f4tres\" width=\"150\" height=\"99\" data-kale-share-title=\"Saints guarisseurs\" data-kale-share-url=\"https:\/\/blog.holyart.it\/fr\/?p=9647\" \/><\/p>\n<div class=\"leggi-anche\">Lire aussi :<\/div>\n<p><strong><a href=\"https:\/\/www.holyart.fr\/blog\/saints-et-bienheureux\/saints-guerisseurs-auxquels-sadresser-contre-les-maladies\/\">Saints Gu\u00e9risseurs auxquels s\u2019adresser contre les maladies<\/a><\/strong><br \/>\nL&rsquo;homme invoque Dieu demandant aide et r\u00e9confort en cas de maladies graves mais il y a six saints patrons pour certaines pathologies<\/p>\n<\/div>\n<h2>Histoire du culte<\/h2>\n<p>Le culte d\u00e9di\u00e9 au groupe des Saints Auxiliaires se rependit et acquit une importance croissante, surtout suite aux extraordinaires apparitions dont fut t\u00e9moin le jeune berger\u00a0<strong>Hermann Leicht de Langheim<\/strong>, une petite ville bavaroise sur les rives du Main, aujourd\u2019hui connue comme Lichtenfels. Le 17 septembre 1445, l\u2019<a href=\"https:\/\/www.holyart.fr\/articles-religieux\/statues\/statues-enfant-jesus?page=1\"><strong>Enfant J\u00e9sus<\/strong><\/a> apparut \u00e0 Hermann entour\u00e9 d\u2019innombrables bougies allum\u00e9es. Le 29 juillet 1446, au m\u00eame endroit, l\u2019apparition se r\u00e9p\u00e9ta, mais, cette fois-ci, l\u2019Enfant J\u00e9sus \u00e9tait accompagn\u00e9 par <strong>quatorze enfants<\/strong>. Hermann demanda qui ils \u00e9taient et eux s\u2019identifi\u00e8rent comme les <strong>quatorze sauveurs<\/strong>, en demandant que l\u2019on \u00e9rige une chapelle en leur honneur.<\/p>\n<div class=\"link-article\">\n<p><img loading=\"lazy\" decoding=\"async\" class=\"size-full wp-image-9659 alignleft\" src=\"https:\/\/assets.holyart.it\/images\/PR008153\/fr\/500\/A\/SN029973\/CLOSEUP01_HD\/h-97c0d3dd\/enfant-jesus-avec-bras-ouverts-h-reelle-10-cm.jpg\" alt=\"12 ap\u00f4tres\" width=\"150\" height=\"99\" data-kale-share-title=\"Enfant Jesus\" data-kale-share-url=\"https:\/\/blog.holyart.it\/fr\/?p=9647\" \/><\/p>\n<div class=\"leggi-anche\">Lire aussi :<\/div>\n<p><strong><a href=\"https:\/\/www.holyart.fr\/articles-religieux\/statues\/statues-enfant-jesus?page=1\">Statues enfant J\u00e9sus<\/a><\/strong><br \/>\nRayon enti\u00e8rement d\u00e9di\u00e9 aux statues de l&rsquo;enfant J\u00e9sus, en bois, en p\u00e2te de bois, en r\u00e9sine de diverses formes, mesures et couleurs.<\/p>\n<\/div>\n<p>La nouvelle de ces apparitions se r\u00e9pandit rapidement, en gagnant un nouvel \u00e9lan gr\u00e2ce \u00e0 la miraculeuse gu\u00e9rison d\u2019une jeune gri\u00e8vement malade qui avait \u00e9t\u00e9 amen\u00e9e sur le lieu des visions. La population et les p\u00e8lerins, de plus en plus nombreux, sollicit\u00e8rent avec force la construction d\u2019une chapelle en l\u2019honneur des Saints Auxiliaires. Les requ\u00eates furent tellement pressantes, que m\u00eame l\u2019abb\u00e9 du monast\u00e8re cistercien de Langheim c\u00e9da, en consentant \u00e0 l\u2019\u00e9dification de la chapelle. Malgr\u00e9 les effondrements et les destructions survenus pendant la guerre des paysans entre 1524 et 1526, l\u2019\u00e9glise fut construite en 1543, mais la croissante d\u00e9votion aux Saints Auxiliaires demandait un sanctuaire plus imposant. Entre 1743 et 1772, l\u2019architecte et ing\u00e9nieur Johann Balthasar Neumann con\u00e7ut un v\u00e9ritable sanctuaire, symbole tangible de la profonde d\u00e9votion de la communaut\u00e9\u00a0: le <strong>Sanctuaire de Vierzehnheligen<\/strong>.<br \/>\nAvec la suppression du monast\u00e8re cistercien de Langheim en 1803 \u00e0 cause des lois napol\u00e9oniennes, le sanctuaire passa sous la direction de l\u2019Ordre Franciscain \u00e0 partir de 1839. Chaque ann\u00e9e, environ un demi-million de visiteurs se rendent en ce lieu sacr\u00e9, en t\u00e9moignant l\u2019importance et la persistance de la d\u00e9votion aux Saints Auxiliaires.<\/p>\n<h2>Qui sont les Saints Auxiliaires ?<\/h2>\n<p>La liste des Saints Auxiliaires comprend des figures telles que <strong>Saint Agace<\/strong>, invoqu\u00e9 contre la migraine, <a href=\"https:\/\/www.holyart.fr\/articles-religieux\/statues\/statues-en-bois-peint\/sainte-barbara\"><strong>Sainte Barbe<\/strong><\/a>, protectrice contre la foudre, la fi\u00e8vre et la mort subite, <a href=\"https:\/\/www.holyart.fr\/articles-religieux\/tapisseries-religieuses\/tapisserie-saint-blaise-60x40-cm\"><strong>Saint Blaise<\/strong><\/a>, contre les maux de gorge, <strong>et Sainte Catherine d\u2019Alexandrie<\/strong>, reconnue pour son intercession dans les maladies de la langue. D\u2019autres membres de ce groupe incluent <strong>Saint Cyriaque de Rome<\/strong>, invoqu\u00e9 contre les tentations et les obsessions diaboliques, et <a href=\"https:\/\/www.holyart.fr\/articles-religieux\/statues\/statues-en-resine-et-pvc\/saint-christophe-resine-h-30-cm\"><strong>Saint Christophe<\/strong><\/a>, consid\u00e9r\u00e9 comme le protecteur contre la peste et les ouragans.<\/p>\n<div class=\"link-product\">\n<div class=\"blocco-immagine\"><img loading=\"lazy\" decoding=\"async\" class=\"size-full wp-image-9665 alignleft\" src=\"https:\/\/assets.holyart.it\/images\/ST008327\/fr\/500\/A\/SN037789\/CLOSEUP01_HD\/h-8f38ea8c\/saint-christophe-resine-h-30-cm.jpg\" alt=\"Saint Christophe\" width=\"100\" height=\"100\" data-kale-share-title=\"Saint Cristophe\" data-kale-share-url=\"https:\/\/blog.holyart.it\/fr\/?p=9647\" \/><\/div>\n<div class=\"blocco-contenuto\">\n<div class=\"blocco-acquista\">Acheter sur Holyart:<\/div>\n<div class=\"blocco-titolo\"><a href=\"https:\/\/www.holyart.fr\/articles-religieux\/statues\/statues-en-resine-et-pvc\/saint-christophe-resine-h-30-cm\">Saint Christophe r\u00e9sine h 30 cm<\/a><\/div>\n<div class=\"blocco-descrizione\">Peinte \u00e0 la main et soign\u00e9e dans le moindre d\u00e9tail. La r\u00e9sine offre une meilleure d\u00e9finition des lignes et des d\u00e9tails pour une statue plus l\u00e9g\u00e8re.<\/div>\n<\/div>\n<\/div>\n<p>Le r\u00f4le sp\u00e9cifique de chaque saint dans le contraste de maladie et adversit\u00e9 est un \u00e9l\u00e9ment distinctif de la d\u00e9votion aux Saints Auxiliaires. Par exemple, <strong>Saint Denis<\/strong> est invoqu\u00e9 contre les douleurs \u00e0 la t\u00eate, <strong>Saint \u00c9gide<\/strong> contre la panique et la folie, et <strong>Saint \u00c9rasme<\/strong> contre les douleurs abdominales. En outre, le peuple chr\u00e9tien adressait ses supplications \u00e0 <strong>Saint Eustache<\/strong>, protecteur des dangers du feu, et \u00e0 <a href=\"https:\/\/www.holyart.fr\/articles-religieux\/statues\/statues-en-resine-et-pvc\/statue-saint-georges-qui-tue-le-dragon-resine-30-cm\"><strong>Saint George<\/strong><\/a>, dont le patronat s\u2019\u00e9tendait aux infections de la peau.<\/p>\n<p>Certains des Saints Auxiliaires affrontaient des th\u00e9matiques sp\u00e9cifiques li\u00e9es \u00e0 la vie quotidienne, comme <strong>Sainte Marguerite d\u2019Antioche<\/strong>, invoqu\u00e9e contre les probl\u00e8mes de l\u2019accouchement, et <strong>Saint Pantal\u00e9on<\/strong>, consid\u00e9r\u00e9 comme le protecteur contre les maladies de consomption. Un autre membre important de ce groupe \u00e9tait <strong>Saint Guy<\/strong> (ou <em>Vite<\/em>), invoqu\u00e9 contre la chor\u00e9e, l\u2019hydrophobie, la l\u00e9thargie et l\u2019\u00e9pilepsie. Il est int\u00e9ressant de remarquer que dans certains contextes des remplacements se v\u00e9rifient dans la liste, avec des figures telles que <strong>Sainte Doroth\u00e9e, Saint Magne d\u2019Oderzo, Saint S\u00e9bastian, <a href=\"https:\/\/www.holyart.fr\/blog\/articles-religieux\/saints-de-glace-le-phenomene-qui-amene-lhiver-au-printemps\/#Saint_Pancrace\"><u>Saint Pancrace<\/u><\/a><\/strong> et d\u2019autres qui sont inclus dans certaines conditions. Cette flexibilit\u00e9 dans la composition des Saints Auxiliaires refl\u00e8te la richesse et la diversit\u00e9 de la d\u00e9votion populaire, qui s\u2019adapte aux exigences et aux traditions locales.<\/p>\n<div class=\"link-article\">\n<p><img loading=\"lazy\" decoding=\"async\" class=\"size-full wp-image-9659 alignleft\" src=\"https:\/\/www.holyart.fr\/blog\/wp-content\/uploads\/sites\/14\/2023\/04\/Saints-de-glace.jpg\" alt=\"12 ap\u00f4tres\" width=\"150\" height=\"99\" data-kale-share-title=\"Enfant Jesus\" data-kale-share-url=\"https:\/\/blog.holyart.it\/fr\/?p=9647\" \/><\/p>\n<div class=\"leggi-anche\">Lire aussi :<\/div>\n<p><strong><a href=\"https:\/\/www.holyart.fr\/blog\/articles-religieux\/saints-de-glace-le-phenomene-qui-amene-lhiver-au-printemps\/#Saint_Pancrace\">Saints de glace : le ph\u00e9nom\u00e8ne qui am\u00e8ne l\u2019hiver au printemps<\/a><\/strong><br \/>\nQui sont les saints de glace, qui, en plein printemps nous ram\u00e8nent pendant quelques jours au c\u0153ur de l\u2019hiver?<\/p>\n<\/div>\n<h2>Saint Agace<\/h2>\n<p>Saint Agace, reconnu comme le protecteur des troupes militaires, \u00e9tait une figure v\u00e9n\u00e9r\u00e9e par les fid\u00e8les qui s\u2019adressent \u00e0 lui en diverses circonstances. Son intercession est particuli\u00e8rement invoqu\u00e9e <strong>contre la migraine et les maux de dents<\/strong>. En outre, les croyants s\u2019adressent \u00e0 Saint Agace afin d\u2019obtenir consolation pendant de <strong>longues agonies<\/strong> et afin d\u2019invoquer sa protection contre la <strong>s\u00e9cheresse<\/strong>. Saint Acace \u00e9tait un centurion de l\u2019arm\u00e9e romaine, originaire de la Cappadoce. Il mourut en martyr autour de 304 apr. J.-C., apr\u00e8s avoir \u00e9t\u00e9 accus\u00e9 par le tribun Firme et par le Proconsul Bibiane d\u2019\u00eatre chr\u00e9tien. Apr\u00e8s d\u2019\u00e2pres tortures et tourments, il fut d\u00e9capit\u00e9 \u00e0 Byzance sous le r\u00e8gne de Diocl\u00e9tien et de Maximien. L\u2019empereur Constantin le Grand construit une \u00e9glise-sanctuaire en son honneur \u00e0 la Kar\u00eca de Constantinople. Dans le rite latin, il est comm\u00e9mor\u00e9 le 8 mai. \u00c0 Squillace et \u00e0 Guardavalle, dont il est le saint patron, sa f\u00eate est comm\u00e9mor\u00e9e le 7 mai.<\/p>\n<h2>Sainte Barbe<\/h2>\n<p>Le 4 d\u00e9cembre est d\u00e9di\u00e9 \u00e0 la m\u00e9moire liturgique de <strong><u>Sainte Barbe<\/u><\/strong>, une figure v\u00e9n\u00e9r\u00e9e comme protectrice des <strong>pompiers, des marins et des mineurs<\/strong>. N\u00e9e en Turquie, Sainte Barbe subit le martyre au IIIe si\u00e8cle apr. J.-C. de la main de son propre p\u00e8re, Dioscore, qui collaborait avec l\u2019empereur Maximien Hercule.<br \/>\nPendant la f\u00eate de Sainte Barbe, c\u00e9l\u00e9br\u00e9e \u00e0 l\u2019occasion de son martyre, qui tombe justement le 4 d\u00e9cembre, les d\u00e9vots participent \u00e0 des processions et pri\u00e8res. Dans de nombreuses communaut\u00e9s, la tradition veut que l\u2019on tire des feux d\u2019artifice pour honorer la sainte, qui est \u00e9galement la sainte patronne des <strong>artificiers<\/strong>. On retrouve un exemple significatif de ces c\u00e9l\u00e9brations \u00e0 Patern\u00f2, en province de Catane, ville dont Sainte Barbe est la sainte patronne. Sainte Barbe est invoqu\u00e9e contre les dangers li\u00e9s au feu, comme la <strong>foudre<\/strong>.<\/p>\n<div class=\"link-article\">\n<p><img loading=\"lazy\" decoding=\"async\" class=\"size-full wp-image-9659 alignleft\" src=\"https:\/\/www.holyart.fr\/blog\/wp-content\/uploads\/sites\/14\/2024\/11\/saint-barbe-avec-la-tour.jpg\" alt=\"12 ap\u00f4tres\" width=\"150\" height=\"99\" data-kale-share-title=\"Enfant Jesus\" data-kale-share-url=\"https:\/\/blog.holyart.it\/fr\/?p=9647\" \/><\/p>\n<div class=\"leggi-anche\">Lire aussi :<\/div>\n<p><strong><a href=\"https:\/\/www.holyart.fr\/blog\/saints-et-bienheureux\/lhistoire-de-sainte-barbe-la-protectrice-des-pompiers-et-des-marins\/\">L\u2019histoire de Sainte Barbe, la protectrice des pompiers et des marins<\/a><\/strong><br \/>\nPatronne des pompiers, des marins et des mineurs, prot\u00e8ge ceux qui risquent leur vie tous les jours au travail.<\/p>\n<\/div>\n<h2>Saint Blaise<\/h2>\n<p><a href=\"https:\/\/www.holyart.fr\/blog\/saints-et-bienheureux\/saint-blaise-le-saint-a-invoquer-pour-le-mal-de-gorge\/\"><strong><u>Saint Blaise de S\u00e9baste<\/u><\/strong><\/a>, \u00e9v\u00eaque et martyr qui v\u00e9cu en Arm\u00e9nie entre le IIIe et le IVe si\u00e8cle, est v\u00e9n\u00e9r\u00e9 pour les miracles qui lui sont attribu\u00e9s et fait l\u2019objet d\u2019un culte particulier de la part de ses fid\u00e8les en qualit\u00e9 de gu\u00e9risseur et m\u00e9decin. Sa v\u00e9n\u00e9ration est strictement li\u00e9e \u00e0 sa r\u00e9putation de saint \u00e0 invoquer en cas de <strong>maladies de la gorge<\/strong>, au point qu\u2019il est reconnu comme le Saint <strong>patron des oto-rhino-laryngologistes<\/strong>, les m\u00e9decins sp\u00e9cialis\u00e9s dans les pathologies d\u2019oreilles, nez et gorge.<\/p>\n<h2>Sainte Catherine d\u2019Alexandrie<\/h2>\n<p><a href=\"https:\/\/www.holyart.fr\/articles-religieux\/statues\/statues-en-bois-peint\/sainte-catherine-avec-roue-peinte-bois-erable-val-gardena\"><strong>Sainte Catherine d\u2019Alexandrie<\/strong>\u00a0<\/a>est une figure v\u00e9n\u00e9r\u00e9e comme sainte par l\u2019\u00c9glise catholique, mais aussi par l\u2019\u00c9glise orthodoxe. Sa reconnaissance est accompagn\u00e9e par le symbole indicatif de la roue cass\u00e9e. Le Martyrologe Romain comm\u00e9more la m\u00e9moire de son culte le 25 novembre, en d\u00e9crivant Sainte Catherine comme une vierge et martyre riche d\u2019une intelligence tr\u00e8s vive, sagesse et extraordinaire force d\u2019\u00e2me. Puisqu\u2019elle mourut d\u00e9capit\u00e9e, Sainte Catherine est, entre autres, la <strong>protectrice des nourrices, des nourrissons, des femmes venant d\u2019accoucher et des souffrants de migraine<\/strong>. Sa saintet\u00e9 est ult\u00e9rieurement soulign\u00e9e par les l\u00e9gendes qui entourent son tombeau. On raconte que de ce dernier jaillissaient lait et huile, liquides qui avaient le pouvoir de gu\u00e9rir de n\u2019importe quelle maladie. Ces r\u00e9cits alimentent la d\u00e9votion populaire, en cr\u00e9ant un lien profond entre la figure de Sainte Catherine et le bien-\u00eatre physique et spirituel des fid\u00e8les.<\/p>\n<div class=\"link-product\">\n<div class=\"blocco-immagine\"><img loading=\"lazy\" decoding=\"async\" class=\"size-full wp-image-9665 alignleft\" src=\"https:\/\/assets.holyart.it\/images\/ST001556\/fr\/500\/R\/SN036904\/CLOSEUP01_HD\/h-c15170bb\/sainte-catherine-avec-roue-peinte-bois-erable-val-gardena.jpg\" alt=\"Sainte Catherine avec roue peinte bois \u00e9rable Val Gardena\" width=\"100\" height=\"100\" data-kale-share-title=\"Sainte Catherine avec roue peinte bois \u00e9rable Val Gardena\" data-kale-share-url=\"https:\/\/blog.holyart.it\/fr\/?p=9647\" \/><\/div>\n<div class=\"blocco-contenuto\">\n<div class=\"blocco-acquista\">Acheter sur Holyart:<\/div>\n<div class=\"blocco-titolo\"><a href=\"https:\/\/www.holyart.fr\/articles-religieux\/statues\/statues-en-bois-peint\/sainte-catherine-avec-roue-peinte-bois-erable-val-gardena\">Sainte Catherine avec roue peinte bois \u00e9rable Val Gardena<\/a><\/div>\n<div class=\"blocco-descrizione\">Statue en bois d&rsquo;\u00e9rable, sculpt\u00e9e et peinte \u00e0 la main dans le Val Gardena (Italie) par des artisans exp\u00e9riment\u00e9s.<\/div>\n<\/div>\n<\/div>\n<h2>Saint Christophe<\/h2>\n<p><a href=\"https:\/\/www.holyart.fr\/blog\/saints-et-bienheureux\/saint-christophe-le-saint-protecteur-des-pelerins\/\"><strong><u>Saint Christophe<\/u><\/strong><\/a>, martyr en Lycie en 250 pendant les pers\u00e9cutions de l\u2019empereur D\u00e8ce, est souvenu pour la l\u00e9gende selon laquelle il aurait port\u00e9 un enfant sur ses \u00e9paules, qui se serait ensuite r\u00e9v\u00e9l\u00e9 \u00eatre J\u00e9sus. Le Martyrologe Romain rapporte la m\u00e9moire de son culte le 25 juillet. L\u2019\u00c9glise catholique occidentale d\u00e9die le 25 juillet \u00e0 Saint Christophe, en le reconnaissant comme <strong>protecteur des p\u00e8lerins<\/strong>, des chauffeurs, des voyageurs, des sportifs, des marchands de fruits et des jardiniers. Son intercession est invoqu\u00e9e contre <strong>diff\u00e9rents dangers, parmi lesquels ceux de la mer, la foudre, les ouragans, les d\u00e9mons, la famine, les accidents en tout genre, la mort subite, les maux de dents et la peste<\/strong>. La figure de Saint Christophe repr\u00e9sente la conduite s\u00fbre et la protection pour ceux qui entreprennent des voyages ou affrontent des dangers.<\/p>\n<div class=\"link-article\">\n<p><img loading=\"lazy\" decoding=\"async\" class=\"size-full wp-image-9659 alignleft\" src=\"https:\/\/www.holyart.fr\/blog\/wp-content\/uploads\/sites\/14\/2024\/07\/saint-cristophe.jpg\" alt=\"Saint Christophe, le saint protecteur des p\u00e8lerins\" width=\"150\" height=\"99\" data-kale-share-title=\"Saint Christophe, le saint protecteur des p\u00e8lerins\" data-kale-share-url=\"https:\/\/blog.holyart.it\/fr\/?p=9647\" \/><\/p>\n<div class=\"leggi-anche\">Lire aussi :<\/div>\n<p><strong><a href=\"https:\/\/www.holyart.fr\/blog\/saints-et-bienheureux\/saint-christophe-le-saint-protecteur-des-pelerins\/\">Saint Christophe, le saint protecteur des p\u00e8lerins<\/a><\/strong><br \/>\nHistoire et l\u00e9gende du saint patron des p\u00e8lerins se m\u00e9langent en un culte qui existe depuis des si\u00e8cles.<\/p>\n<\/div>\n<h2>Saint Cyriaque de Rome<\/h2>\n<p><strong>Saint Cyriaque de Rome, <\/strong>diacre de l\u2019\u00c9glise de Rome et martyr, partagea son destin avec ses compagnons Large, Crescentien, Memmie, Julienne et Smaragde. Leur martyre culmina avec la d\u00e9capitation le 16 mars 306 le long de la Via Salaria. L\u2019\u00c9glise Catholique comm\u00e9more leur m\u00e9moire le 8 ao\u00fbt, jour o\u00f9 leurs corps furent transf\u00e9r\u00e9s du lieu du martyre, le long de la Via Salaria, au septi\u00e8me mille de la Via Ostiensis par pape Marcel.<br \/>\nSaint Cyriaque est v\u00e9n\u00e9r\u00e9 comme Saint Auxiliaire, invoqu\u00e9 <strong>en particulier contre les tentations et les obsessions diaboliques<\/strong>, surtout \u00e0 des moments cruciaux comme la mort. Sa saintet\u00e9 est li\u00e9e \u00e0 un \u00e9v\u00e9nement particulier lors de son emprisonnement \u00e0 cause de sa foi : Saint Cyriaque exorcisa Arth\u00e9mie, fille de Diocl\u00e9tien, qui \u00e9tait poss\u00e9d\u00e9e par le d\u00e9mon, et ensuit la baptisa.<\/p>\n<h2>Saint Denis<\/h2>\n<p><strong>Saint Denis, <\/strong>saint fran\u00e7ais v\u00e9n\u00e9r\u00e9 par l\u2019\u00c9glise catholique comme martyr et saint patron de Paris, est une figure entour\u00e9e par le myst\u00e8re et la d\u00e9votion populaire. On estime qu\u2019il soit mort martyris\u00e9 entre 250 et 270 apr. J.-C. et sur son lieu de s\u00e9pulture furent \u00e9rig\u00e9s la basilique et ensuite l\u2019Abbaye Saint-Denis. Il est consid\u00e9r\u00e9 comme un puissant <strong>intercesseur contre les maux de t\u00eate<\/strong>. Un r\u00e9cit populaire \u00e0 propos de sa mort raconte qu\u2019un soldat romain le frappa avec son \u00e9p\u00e9e, en le d\u00e9capitant. Incroyablement, apr\u00e8s sa mort, Saint Denis se redressa et pris sa t\u00eate en main. Ensuite, il continua de marcher un peu, en pr\u00eachant un sermon sur la repentance.<\/p>\n<h2>Saint \u00c9gide<\/h2>\n<p>Le 1er septembre on comm\u00e9more <strong>Saint \u00c9gide<\/strong>. Originaire d\u2019Ath\u00e8nes, Saint \u00c9gide passa une grande partie de sa vie d\u2019ermite en France, o\u00f9 il est \u00e9galement connu comme Saint Gilles. Il s\u2019\u00e9tablit en Provence, en vivant dans une grotte en compagnie d\u2019une ch\u00e8vre qui le nourrissait de son lait. Sa vie prit un tournant significatif quand, dans la tentative de sauver l\u2019animal d\u2019une partie de chasse, fut gri\u00e8vement bless\u00e9 par une fl\u00e8che qui le rendit infirme. L\u2019accident fut caus\u00e9 par un roi Wisigoth, qui, touch\u00e9 par la loyaut\u00e9 d\u00e9montr\u00e9e par \u00c9gide, comme acte de p\u00e9nitence d\u00e9cida de donner les terres sur lesquelles aurait surgit le monast\u00e8re de l\u2019ermite.<br \/>\nLa r\u00e9putation de Saint \u00c9gide cr\u00fbt apr\u00e8s cet \u00e9v\u00e9nement et il fut appel\u00e9 \u00e0 la cour fran\u00e7aise, tr\u00e8s probablement par le roi Charlemagne. \u00c0 partir de ce moment-l\u00e0, sa r\u00e9putation de thaumaturge se r\u00e9pandit en toute Europe. Il \u00e9tait invoqu\u00e9 <strong>contre la panique et la folie<\/strong>.<\/p>\n<h2>Saint \u00c9rasme<\/h2>\n<p><strong>Saint \u00c9rasme de Formia<\/strong>, \u00e9galement connu comme Saint Elme, fut \u00e9v\u00eaque d\u2019Antioche et <strong><u>martyr<\/u><\/strong>. Pendant les pers\u00e9cutions contre les chr\u00e9tiens, Saint \u00c9rasme chercha refuge dans une caverne pendant sept ans. Quand il fut d\u00e9couvert et emprisonn\u00e9 pour le refus de faire des sacrifices aux idoles pa\u00efens, il fut miraculeusement lib\u00e9r\u00e9. Saint \u00c9rasme est v\u00e9n\u00e9r\u00e9 comme <strong>protecteur des tourneurs<\/strong>, probablement en relation au fait qu\u2019on lui extirpa les intestins avec un instrument de torture qui rappelle le tour \u00e0 bois. Son personnage est \u00e9galement associ\u00e9 \u00e0 la <strong>protection des maladies visc\u00e9rales et aux parturientes<\/strong>. Le terme \u00ab\u00a0Rasmo\u00a0\u00bb ou \u00ab\u00a0Male di Sant\u2019Erasmo\u00a0\u00bb \u00e9tait utilis\u00e9 dans l\u2019ancien italien pour indiquer les maux de ventre et le saint \u00e9tait donc invoqu\u00e9 contre de telles affections. En outre, il a \u00e9t\u00e9 particuli\u00e8rement invoqu\u00e9 contre les \u00e9pid\u00e9mies.<\/p>\n<div class=\"link-article\">\n<p><img loading=\"lazy\" decoding=\"async\" class=\"size-full wp-image-9659 alignleft\" src=\"https:\/\/www.holyart.fr\/blog\/wp-content\/uploads\/sites\/14\/2021\/04\/saints-martyrs.jpg\" alt=\"Saints Martyrs : sacrifier sa vie au nom de Dieu\" width=\"150\" height=\"99\" data-kale-share-title=\"Saints Martyrs : sacrifier sa vie au nom de Dieu\" data-kale-share-url=\"https:\/\/blog.holyart.it\/fr\/?p=9647\" \/><\/p>\n<div class=\"leggi-anche\">Lire aussi :<\/div>\n<p><strong><a href=\"https:\/\/www.holyart.fr\/blog\/articles-religieux\/saints-martyrs-sacrifier-sa-vie-au-nom-de-dieu\/\">Saints Martyrs : sacrifier sa vie au nom de Dieu<\/a><\/strong><br \/>\nHommes et femmes, souvent tr\u00e8s jeunes et qui ont m\u00e9rit\u00e9 la b\u00e9atification. Apprenons \u00e0 mieux les conna\u00eetre.<\/p>\n<\/div>\n<h2>Saint Eustache<\/h2>\n<p><strong>Saint Eustache<\/strong>, v\u00e9cu entre le Ier et le IIe si\u00e8cle, fut initialement connu comme <em>magister equitum<\/em>\u00a0avec le nom de Placide sous le r\u00e8gne des empereurs Tite et Trajan. D\u00e9crit comme une personne g\u00e9n\u00e9reuse et attentionn\u00e9e, sa vie prit un tournant crucial quand il se convertit au Christianisme. Sa conversion eut lieu apr\u00e8s avoir aper\u00e7u un majestueux cerf avec une Croix entre ses bois, qui se manifesta \u00e0 lui comme Christ, le Sauveur du monde. Profond\u00e9ment touch\u00e9 par cette vision, il demanda \u00e0 \u00eatre baptis\u00e9 et pris le nom d\u2019Eustache. Sa foi, toutefois, l\u2019amena \u00e0 une tragique condamnation aupr\u00e8s de sa famille. Saint Eustache, avec sa femme et ses enfants, fut enferm\u00e9 dans un taureau d\u2019airain chauff\u00e9 \u00e0 blanc \u00e0 cause de sa foi chr\u00e9tienne. Tous les quatre moururent br\u00fbl\u00e9s \u00e0 l\u2019int\u00e9rieur de l\u2019animal m\u00e9tallique. La m\u00e9moire de Saint Eustache est c\u00e9l\u00e9br\u00e9e le 20 septembre et son culte est associ\u00e9 \u00e0 son intercession <strong>contre les dangers du feu<\/strong>.<\/p>\n<h2>Saint George<\/h2>\n<p><a href=\"https:\/\/www.holyart.fr\/blog\/articles-religieux\/la-legende-de-saint-george-et-le-dragon\/\"><strong><u>Saint George<\/u><\/strong><\/a>\u00a0fut un militaire romain et ensuite un martyr chr\u00e9tien qui v\u00e9cut au IVe si\u00e8cle apr. J.-C. La l\u00e9gende la plus connue associ\u00e9e \u00e0 Saint George parle de son courageux acte de tuer un dragon qui terrorisait la r\u00e9gion. Le dragon vivait dans l\u2019\u00e9tang de Sil\u00e8ne, en Libye, et avec son haleine fatale tuait tous ceux qui croisaient son chemin. Saint George intervint, en sauvant ainsi la jeune fille du roi, qui avait \u00e9t\u00e9 offerte en sacrifice au dragon.<br \/>\nLe culte de Saint George a des racines profondes et son personnage est invoqu\u00e9 contre diff\u00e9rents dangers. Traditionnellement, son nom est invoqu\u00e9 <strong>contre les serpents v\u00e9n\u00e9neux, la peste, la l\u00e8pre et la syphilis<\/strong>. Dans les pays slaves, il est \u00e9galement invoqu\u00e9 comme protecteur <strong>contre les sorci\u00e8res<\/strong>.<\/p>\n<div class=\"link-article\">\n<p><img loading=\"lazy\" decoding=\"async\" class=\"size-full wp-image-9659 alignleft\" src=\"https:\/\/www.holyart.fr\/blog\/wp-content\/uploads\/sites\/14\/2022\/04\/La-l%C3%A9gende-de-Saint-George-et-le-dragon.jpeg\" alt=\"Saints George et le dragon\" width=\"150\" height=\"99\" data-kale-share-title=\"Saint George et le dragon\" data-kale-share-url=\"https:\/\/blog.holyart.it\/fr\/?p=9647\" \/><\/p>\n<div class=\"leggi-anche\">Lire aussi :<\/div>\n<p><strong><a href=\"https:\/\/www.holyart.fr\/blog\/articles-religieux\/la-legende-de-saint-george-et-le-dragon\/\">La l\u00e9gende de Saint George et le dragon<\/a><\/strong><br \/>\nLa l\u00e9gende est devenue avec le temps une parabole de la lutte entre le bien et le mal. Mais qui \u00e9tait vraiment le saint guerrier ?<\/p>\n<\/div>\n<h2>Saint Marguerite d\u2019Antioche<\/h2>\n<p><a href=\"https:\/\/www.holyart.fr\/articles-religieux\/statues\/statues-en-bois-peint\/statue-sainte-marguerite-dantioche-avec-croix-bois-peint-val-gardena\"><strong>Marguerite<\/strong><\/a>, connue \u00e9galement comme Marina, \u00e9tait une jeune chr\u00e9tienne n\u00e9e \u00e0 Antioche de Pisidie au IIIe si\u00e8cle apr. J.-C.<br \/>\nN\u00e9e d\u2019un p\u00e8re pr\u00eatre pa\u00efen, Marguerite fut confi\u00e9e \u00e0 une nourrisse qui, pendant la pers\u00e9cution de Diocl\u00e9tien, pratiquait clandestinement le christianisme. Elle refusa de c\u00e9der au pr\u00e9fet Olybrius, ayant consacr\u00e9 sa virginit\u00e9 \u00e0 Dieu. Le pr\u00e9fet, humili\u00e9, la d\u00e9non\u00e7a comme chr\u00e9tienne. Marguerite fut emprisonn\u00e9e et fut visit\u00e9e par le diable dans sa cellule, qui se manifesta sous la forme d\u2019un dragon et tenta de l\u2019avaler. Arm\u00e9e de la croix, Marguerite vainquit le d\u00e9mon en lui lac\u00e9rant le ventre et en sortit vainqueuse. Cet \u00e9pisode est \u00e0 la base de son invocation <strong>pour obtenir un accouchement facile<\/strong>.<\/p>\n<div class=\"link-product\">\n<div class=\"blocco-immagine\"><img loading=\"lazy\" decoding=\"async\" class=\"size-full wp-image-9665 alignleft\" src=\"https:\/\/assets.holyart.it\/images\/ST001705\/fr\/500\/R\/SN043635\/CLOSEUP01_HD\/h-d9cde4ed\/statue-sainte-marguerite-dantioche-avec-croix-bois-peint-val-gardena.jpg\" alt=\"Sainte Catherine avec roue peinte bois \u00e9rable Val Gardena\" width=\"100\" height=\"100\" data-kale-share-title=\"Sainte Catherine avec roue peinte bois \u00e9rable Val Gardena\" data-kale-share-url=\"https:\/\/blog.holyart.it\/fr\/?p=9647\" \/><\/div>\n<div class=\"blocco-contenuto\">\n<div class=\"blocco-acquista\">Acheter sur Holyart:<\/div>\n<div class=\"blocco-titolo\"><a href=\"https:\/\/www.holyart.fr\/articles-religieux\/statues\/statues-en-bois-peint\/statue-sainte-marguerite-dantioche-avec-croix-bois-peint-val-gardena\">Statue Sainte Marguerite d&rsquo;Antioche avec croix bois peint Val Gardena<\/a><\/div>\n<div class=\"blocco-descrizione\">Statue sculpt\u00e9e dans le Val Gardena (Italie) en bois d&rsquo;\u00e9rable de 20 \u00e0 30 cm et en bois de tilleul pour la version de 60 cm.<\/div>\n<\/div>\n<\/div>\n<h2>Saint Pantal\u00e9on<\/h2>\n<p><a href=\"https:\/\/www.holyart.fr\/articles-religieux\/icones-religieuses\/icones-russes-anciennes\/icone-russe-ancienne-saint-pantaleon-siecle-xix-30x26-cm\"><strong>Pantal\u00e9on<\/strong><\/a>, n\u00e9 dans la deuxi\u00e8me moiti\u00e9 du IIIe si\u00e8cle \u00e0 Nicom\u00e9die, dans l\u2019actuelle Turquie, entreprit la profession m\u00e9dicale et fit ensuite l\u2019objet de pers\u00e9cutions de la part de l\u2019empereur de Constantinople Gal\u00e8re \u00e0 cause de son adh\u00e9sion \u00e0 la foi chr\u00e9tienne. En 305, il fut condamn\u00e9 \u00e0 une mort atroce : ses bras lui furent clou\u00e9es sur la t\u00eate, que le bourreau lui trancha ensuite. Saint Pantal\u00e9on est v\u00e9n\u00e9r\u00e9 comme saint <strong>patron des m\u00e9decins<\/strong> avec les Saints C\u00f4me et Damien, et des sage-femmes. Il est invoqu\u00e9 <strong>contre les<\/strong> <strong>maladies de consomption<\/strong>.<\/p>\n<div class=\"link-product\">\n<div class=\"blocco-immagine\"><img loading=\"lazy\" decoding=\"async\" class=\"size-full wp-image-9665 alignleft\" src=\"https:\/\/assets.holyart.it\/images\/IC004469\/fr\/500\/A\/SN084149\/CLOSEUP01_HD\/h-6866fe07\/icone-russe-ancienne-saint-pantaleon-sec.-xix-30x26-cm.jpg\" alt=\"Sainte Catherine avec roue peinte bois \u00e9rable Val Gardena\" width=\"100\" height=\"100\" data-kale-share-title=\"Sainte Catherine avec roue peinte bois \u00e9rable Val Gardena\" data-kale-share-url=\"https:\/\/blog.holyart.it\/fr\/?p=9647\" \/><\/div>\n<div class=\"blocco-contenuto\">\n<div class=\"blocco-acquista\">Acheter sur Holyart:<\/div>\n<div class=\"blocco-titolo\"><a href=\"https:\/\/www.holyart.fr\/articles-religieux\/icones-religieuses\/icones-russes-anciennes\/icone-russe-ancienne-saint-pantaleon-siecle-xix-30x26-cm\">Ic\u00f4ne russe ancienne Saint Pantal\u00e9on si\u00e8cle XIX 30&#215;26 cm<\/a><\/div>\n<div class=\"blocco-descrizione\">Saint Pantal\u00e9on nait \u00e0 Nicom\u00e9die au IIe si\u00e8cle, devient m\u00e9decin et est instruit par p\u00e8re Ermelao au soin et au salut des \u00e2mes.<\/div>\n<\/div>\n<\/div>\n<h2>Saint Guy<\/h2>\n<p><strong>Saint Guy<\/strong>, \u00e9galement connu comme Saint Vite ou Vith de Lucanie, fut un jeune chr\u00e9tien qui subit le martyre en 303 pendant la grande pers\u00e9cution voulue par l\u2019empereur Diocl\u00e9tien. Sa m\u00e9moire liturgique tombe le 15 juin. N\u00e9 en Sicile de p\u00e8re pa\u00efen, il aurait pass\u00e9 sept ans en prison \u00e0 cause de sa foi chr\u00e9tienne. Il \u00e9tait invoqu\u00e9 pour conjurer la l\u00e9thargie, les morsures d\u2019animaux v\u00e9n\u00e9neux ou hydrophobes et la \u00ab\u00a0danse de Saint-Guy\u00a0\u00bb. Selon la l\u00e9gende, Guy, quand il \u00e9tait enfant, avait gu\u00e9ri le fils de Diocl\u00e9tien, enfant du m\u00eame \u00e2ge que lui, souffrant d\u2019\u00e9pilepsie.<\/p>\n","protected":false},"excerpt":{"rendered":"<p>Les Saints Auxiliaires sont invoqu\u00e9s en situation de maladie ou de grave danger. Entre croyances m\u00e9di\u00e9vales et foi, voici qui ils sont et comment leur culte s\u2019est d\u00e9velopp\u00e9. Invoquer Dieu, la Sainte Vierge, les Anges ou les Saints afin d\u2019obtenir de l\u2019aide ou du r\u00e9confort&hellip;<\/p>\n","protected":false},"author":1,"featured_media":9669,"comment_status":"closed","ping_status":"open","sticky":false,"template":"","format":"standard","meta":{"_acf_changed":false,"footnotes":""},"categories":[7],"tags":[],"class_list":["post-9667","post","type-post","status-publish","format-standard","has-post-thumbnail","hentry","category-saints-et-bienheureux"],"acf":[],"yoast_head":"<!-- This site is optimized with the Yoast SEO plugin v26.6 - https:\/\/yoast.com\/wordpress\/plugins\/seo\/ -->\n<title>Qui sont les 14 Saints Auxiliaires - Holyart.fr Blog<\/title>\n<meta name=\"description\" content=\"Les quatorze Saints Auxiliaires sont invoqu\u00e9s en cas de grand danger ou maladie. D\u00e9couvrons quelle est associ\u00e9es \u00e0 quel saint.\" \/>\n<meta name=\"robots\" content=\"index, follow, max-snippet:-1, max-image-preview:large, max-video-preview:-1\" \/>\n<link rel=\"canonical\" href=\"https:\/\/blog.holyart.it\/fr\/saints-et-bienheureux\/qui-sont-les-14-saints-auxiliaires\/\" \/>\n<meta property=\"og:locale\" content=\"fr_FR\" \/>\n<meta property=\"og:type\" content=\"article\" \/>\n<meta property=\"og:title\" content=\"Qui sont les 14 Saints Auxiliaires - Holyart.fr Blog\" \/>\n<meta property=\"og:description\" content=\"Les quatorze Saints Auxiliaires sont invoqu\u00e9s en cas de grand danger ou maladie. D\u00e9couvrons quelle est associ\u00e9es \u00e0 quel saint.\" \/>\n<meta property=\"og:url\" content=\"https:\/\/blog.holyart.it\/fr\/saints-et-bienheureux\/qui-sont-les-14-saints-auxiliaires\/\" \/>\n<meta property=\"og:site_name\" content=\"Holyart.fr Blog\" \/>\n<meta property=\"article:published_time\" content=\"2025-02-19T07:38:50+00:00\" \/>\n<meta property=\"article:modified_time\" content=\"2026-01-29T14:27:34+00:00\" \/>\n<meta property=\"og:image\" content=\"https:\/\/blog.holyart.it\/fr\/wp-content\/uploads\/sites\/14\/2025\/01\/saints-auxiliaires-1.jpg\" \/>\n\t<meta property=\"og:image:width\" content=\"1000\" \/>\n\t<meta property=\"og:image:height\" content=\"666\" \/>\n\t<meta property=\"og:image:type\" content=\"image\/jpeg\" \/>\n<meta name=\"author\" content=\"Redazione\" \/>\n<meta name=\"twitter:card\" content=\"summary_large_image\" \/>\n<meta name=\"twitter:label1\" content=\"\u00c9crit par\" \/>\n\t<meta name=\"twitter:data1\" content=\"Redazione\" \/>\n\t<meta name=\"twitter:label2\" content=\"Dur\u00e9e de lecture estim\u00e9e\" \/>\n\t<meta name=\"twitter:data2\" content=\"18 minutes\" \/>\n<script type=\"application\/ld+json\" class=\"yoast-schema-graph\">{\"@context\":\"https:\/\/schema.org\",\"@graph\":[{\"@type\":\"Article\",\"@id\":\"https:\/\/blog.holyart.it\/fr\/saints-et-bienheureux\/qui-sont-les-14-saints-auxiliaires\/#article\",\"isPartOf\":{\"@id\":\"https:\/\/blog.holyart.it\/fr\/saints-et-bienheureux\/qui-sont-les-14-saints-auxiliaires\/\"},\"author\":{\"name\":\"Redazione\",\"@id\":\"https:\/\/blog.holyart.it\/fr\/#\/schema\/person\/0a7b686e5af0f856ec1e390dd0baecda\"},\"headline\":\"Qui sont les 14 Saints Auxiliaires\",\"datePublished\":\"2025-02-19T07:38:50+00:00\",\"dateModified\":\"2026-01-29T14:27:34+00:00\",\"mainEntityOfPage\":{\"@id\":\"https:\/\/blog.holyart.it\/fr\/saints-et-bienheureux\/qui-sont-les-14-saints-auxiliaires\/\"},\"wordCount\":3399,\"publisher\":{\"@id\":\"https:\/\/blog.holyart.it\/fr\/#organization\"},\"image\":{\"@id\":\"https:\/\/blog.holyart.it\/fr\/saints-et-bienheureux\/qui-sont-les-14-saints-auxiliaires\/#primaryimage\"},\"thumbnailUrl\":\"https:\/\/blog.holyart.it\/fr\/wp-content\/uploads\/sites\/14\/2025\/01\/saints-auxiliaires-1.jpg\",\"articleSection\":[\"Saints et Bienheureux\"],\"inLanguage\":\"fr-FR\"},{\"@type\":\"WebPage\",\"@id\":\"https:\/\/blog.holyart.it\/fr\/saints-et-bienheureux\/qui-sont-les-14-saints-auxiliaires\/\",\"url\":\"https:\/\/blog.holyart.it\/fr\/saints-et-bienheureux\/qui-sont-les-14-saints-auxiliaires\/\",\"name\":\"Qui sont les 14 Saints Auxiliaires - Holyart.fr Blog\",\"isPartOf\":{\"@id\":\"https:\/\/blog.holyart.it\/fr\/#website\"},\"primaryImageOfPage\":{\"@id\":\"https:\/\/blog.holyart.it\/fr\/saints-et-bienheureux\/qui-sont-les-14-saints-auxiliaires\/#primaryimage\"},\"image\":{\"@id\":\"https:\/\/blog.holyart.it\/fr\/saints-et-bienheureux\/qui-sont-les-14-saints-auxiliaires\/#primaryimage\"},\"thumbnailUrl\":\"https:\/\/blog.holyart.it\/fr\/wp-content\/uploads\/sites\/14\/2025\/01\/saints-auxiliaires-1.jpg\",\"datePublished\":\"2025-02-19T07:38:50+00:00\",\"dateModified\":\"2026-01-29T14:27:34+00:00\",\"description\":\"Les quatorze Saints Auxiliaires sont invoqu\u00e9s en cas de grand danger ou maladie. D\u00e9couvrons quelle est associ\u00e9es \u00e0 quel saint.\",\"breadcrumb\":{\"@id\":\"https:\/\/blog.holyart.it\/fr\/saints-et-bienheureux\/qui-sont-les-14-saints-auxiliaires\/#breadcrumb\"},\"inLanguage\":\"fr-FR\",\"potentialAction\":[{\"@type\":\"ReadAction\",\"target\":[\"https:\/\/blog.holyart.it\/fr\/saints-et-bienheureux\/qui-sont-les-14-saints-auxiliaires\/\"]}]},{\"@type\":\"ImageObject\",\"inLanguage\":\"fr-FR\",\"@id\":\"https:\/\/blog.holyart.it\/fr\/saints-et-bienheureux\/qui-sont-les-14-saints-auxiliaires\/#primaryimage\",\"url\":\"https:\/\/blog.holyart.it\/fr\/wp-content\/uploads\/sites\/14\/2025\/01\/saints-auxiliaires-1.jpg\",\"contentUrl\":\"https:\/\/blog.holyart.it\/fr\/wp-content\/uploads\/sites\/14\/2025\/01\/saints-auxiliaires-1.jpg\",\"width\":1000,\"height\":666,\"caption\":\"saints auxiliaires\"},{\"@type\":\"BreadcrumbList\",\"@id\":\"https:\/\/blog.holyart.it\/fr\/saints-et-bienheureux\/qui-sont-les-14-saints-auxiliaires\/#breadcrumb\",\"itemListElement\":[{\"@type\":\"ListItem\",\"position\":1,\"name\":\"Homepage\",\"item\":\"https:\/\/blog.holyart.it\/fr\/\"},{\"@type\":\"ListItem\",\"position\":2,\"name\":\"Saints et Bienheureux\",\"item\":\"https:\/\/blog.holyart.it\/fr\/saints-et-bienheureux\/\"},{\"@type\":\"ListItem\",\"position\":3,\"name\":\"Qui sont les 14 Saints Auxiliaires\"}]},{\"@type\":\"WebSite\",\"@id\":\"https:\/\/blog.holyart.it\/fr\/#website\",\"url\":\"https:\/\/blog.holyart.it\/fr\/\",\"name\":\"Holyart.fr Blog\",\"description\":\"Holyblog\",\"publisher\":{\"@id\":\"https:\/\/blog.holyart.it\/fr\/#organization\"},\"potentialAction\":[{\"@type\":\"SearchAction\",\"target\":{\"@type\":\"EntryPoint\",\"urlTemplate\":\"https:\/\/blog.holyart.it\/fr\/?s={search_term_string}\"},\"query-input\":{\"@type\":\"PropertyValueSpecification\",\"valueRequired\":true,\"valueName\":\"search_term_string\"}}],\"inLanguage\":\"fr-FR\"},{\"@type\":\"Organization\",\"@id\":\"https:\/\/blog.holyart.it\/fr\/#organization\",\"name\":\"Holyart.fr Blog\",\"url\":\"https:\/\/blog.holyart.it\/fr\/\",\"logo\":{\"@type\":\"ImageObject\",\"inLanguage\":\"fr-FR\",\"@id\":\"https:\/\/blog.holyart.it\/fr\/#\/schema\/logo\/image\/\",\"url\":\"https:\/\/blog.holyart.it\/fr\/wp-content\/uploads\/sites\/14\/2022\/12\/Holyart_Blog_Logo.jpg\",\"contentUrl\":\"https:\/\/blog.holyart.it\/fr\/wp-content\/uploads\/sites\/14\/2022\/12\/Holyart_Blog_Logo.jpg\",\"width\":300,\"height\":50,\"caption\":\"Holyart.fr Blog\"},\"image\":{\"@id\":\"https:\/\/blog.holyart.it\/fr\/#\/schema\/logo\/image\/\"}},{\"@type\":\"Person\",\"@id\":\"https:\/\/blog.holyart.it\/fr\/#\/schema\/person\/0a7b686e5af0f856ec1e390dd0baecda\",\"name\":\"Redazione\",\"image\":{\"@type\":\"ImageObject\",\"inLanguage\":\"fr-FR\",\"@id\":\"https:\/\/blog.holyart.it\/fr\/#\/schema\/person\/image\/\",\"url\":\"https:\/\/secure.gravatar.com\/avatar\/f477da817f43e50d0af36abecd33e3edf826c68299714bdc1057dff3b113f516?s=96&d=mm&r=g\",\"contentUrl\":\"https:\/\/secure.gravatar.com\/avatar\/f477da817f43e50d0af36abecd33e3edf826c68299714bdc1057dff3b113f516?s=96&d=mm&r=g\",\"caption\":\"Redazione\"},\"url\":\"https:\/\/blog.holyart.it\/fr\/author\/admin\/\"}]}<\/script>\n<!-- \/ Yoast SEO plugin. -->","yoast_head_json":{"title":"Qui sont les 14 Saints Auxiliaires - Holyart.fr Blog","description":"Les quatorze Saints Auxiliaires sont invoqu\u00e9s en cas de grand danger ou maladie. D\u00e9couvrons quelle est associ\u00e9es \u00e0 quel saint.","robots":{"index":"index","follow":"follow","max-snippet":"max-snippet:-1","max-image-preview":"max-image-preview:large","max-video-preview":"max-video-preview:-1"},"canonical":"https:\/\/blog.holyart.it\/fr\/saints-et-bienheureux\/qui-sont-les-14-saints-auxiliaires\/","og_locale":"fr_FR","og_type":"article","og_title":"Qui sont les 14 Saints Auxiliaires - Holyart.fr Blog","og_description":"Les quatorze Saints Auxiliaires sont invoqu\u00e9s en cas de grand danger ou maladie. D\u00e9couvrons quelle est associ\u00e9es \u00e0 quel saint.","og_url":"https:\/\/blog.holyart.it\/fr\/saints-et-bienheureux\/qui-sont-les-14-saints-auxiliaires\/","og_site_name":"Holyart.fr Blog","article_published_time":"2025-02-19T07:38:50+00:00","article_modified_time":"2026-01-29T14:27:34+00:00","og_image":[{"width":1000,"height":666,"url":"https:\/\/blog.holyart.it\/fr\/wp-content\/uploads\/sites\/14\/2025\/01\/saints-auxiliaires-1.jpg","type":"image\/jpeg"}],"author":"Redazione","twitter_card":"summary_large_image","twitter_misc":{"\u00c9crit par":"Redazione","Dur\u00e9e de lecture estim\u00e9e":"18 minutes"},"schema":{"@context":"https:\/\/schema.org","@graph":[{"@type":"Article","@id":"https:\/\/blog.holyart.it\/fr\/saints-et-bienheureux\/qui-sont-les-14-saints-auxiliaires\/#article","isPartOf":{"@id":"https:\/\/blog.holyart.it\/fr\/saints-et-bienheureux\/qui-sont-les-14-saints-auxiliaires\/"},"author":{"name":"Redazione","@id":"https:\/\/blog.holyart.it\/fr\/#\/schema\/person\/0a7b686e5af0f856ec1e390dd0baecda"},"headline":"Qui sont les 14 Saints Auxiliaires","datePublished":"2025-02-19T07:38:50+00:00","dateModified":"2026-01-29T14:27:34+00:00","mainEntityOfPage":{"@id":"https:\/\/blog.holyart.it\/fr\/saints-et-bienheureux\/qui-sont-les-14-saints-auxiliaires\/"},"wordCount":3399,"publisher":{"@id":"https:\/\/blog.holyart.it\/fr\/#organization"},"image":{"@id":"https:\/\/blog.holyart.it\/fr\/saints-et-bienheureux\/qui-sont-les-14-saints-auxiliaires\/#primaryimage"},"thumbnailUrl":"https:\/\/blog.holyart.it\/fr\/wp-content\/uploads\/sites\/14\/2025\/01\/saints-auxiliaires-1.jpg","articleSection":["Saints et Bienheureux"],"inLanguage":"fr-FR"},{"@type":"WebPage","@id":"https:\/\/blog.holyart.it\/fr\/saints-et-bienheureux\/qui-sont-les-14-saints-auxiliaires\/","url":"https:\/\/blog.holyart.it\/fr\/saints-et-bienheureux\/qui-sont-les-14-saints-auxiliaires\/","name":"Qui sont les 14 Saints Auxiliaires - Holyart.fr Blog","isPartOf":{"@id":"https:\/\/blog.holyart.it\/fr\/#website"},"primaryImageOfPage":{"@id":"https:\/\/blog.holyart.it\/fr\/saints-et-bienheureux\/qui-sont-les-14-saints-auxiliaires\/#primaryimage"},"image":{"@id":"https:\/\/blog.holyart.it\/fr\/saints-et-bienheureux\/qui-sont-les-14-saints-auxiliaires\/#primaryimage"},"thumbnailUrl":"https:\/\/blog.holyart.it\/fr\/wp-content\/uploads\/sites\/14\/2025\/01\/saints-auxiliaires-1.jpg","datePublished":"2025-02-19T07:38:50+00:00","dateModified":"2026-01-29T14:27:34+00:00","description":"Les quatorze Saints Auxiliaires sont invoqu\u00e9s en cas de grand danger ou maladie. D\u00e9couvrons quelle est associ\u00e9es \u00e0 quel saint.","breadcrumb":{"@id":"https:\/\/blog.holyart.it\/fr\/saints-et-bienheureux\/qui-sont-les-14-saints-auxiliaires\/#breadcrumb"},"inLanguage":"fr-FR","potentialAction":[{"@type":"ReadAction","target":["https:\/\/blog.holyart.it\/fr\/saints-et-bienheureux\/qui-sont-les-14-saints-auxiliaires\/"]}]},{"@type":"ImageObject","inLanguage":"fr-FR","@id":"https:\/\/blog.holyart.it\/fr\/saints-et-bienheureux\/qui-sont-les-14-saints-auxiliaires\/#primaryimage","url":"https:\/\/blog.holyart.it\/fr\/wp-content\/uploads\/sites\/14\/2025\/01\/saints-auxiliaires-1.jpg","contentUrl":"https:\/\/blog.holyart.it\/fr\/wp-content\/uploads\/sites\/14\/2025\/01\/saints-auxiliaires-1.jpg","width":1000,"height":666,"caption":"saints auxiliaires"},{"@type":"BreadcrumbList","@id":"https:\/\/blog.holyart.it\/fr\/saints-et-bienheureux\/qui-sont-les-14-saints-auxiliaires\/#breadcrumb","itemListElement":[{"@type":"ListItem","position":1,"name":"Homepage","item":"https:\/\/blog.holyart.it\/fr\/"},{"@type":"ListItem","position":2,"name":"Saints et Bienheureux","item":"https:\/\/blog.holyart.it\/fr\/saints-et-bienheureux\/"},{"@type":"ListItem","position":3,"name":"Qui sont les 14 Saints Auxiliaires"}]},{"@type":"WebSite","@id":"https:\/\/blog.holyart.it\/fr\/#website","url":"https:\/\/blog.holyart.it\/fr\/","name":"Holyart.fr Blog","description":"Holyblog","publisher":{"@id":"https:\/\/blog.holyart.it\/fr\/#organization"},"potentialAction":[{"@type":"SearchAction","target":{"@type":"EntryPoint","urlTemplate":"https:\/\/blog.holyart.it\/fr\/?s={search_term_string}"},"query-input":{"@type":"PropertyValueSpecification","valueRequired":true,"valueName":"search_term_string"}}],"inLanguage":"fr-FR"},{"@type":"Organization","@id":"https:\/\/blog.holyart.it\/fr\/#organization","name":"Holyart.fr Blog","url":"https:\/\/blog.holyart.it\/fr\/","logo":{"@type":"ImageObject","inLanguage":"fr-FR","@id":"https:\/\/blog.holyart.it\/fr\/#\/schema\/logo\/image\/","url":"https:\/\/blog.holyart.it\/fr\/wp-content\/uploads\/sites\/14\/2022\/12\/Holyart_Blog_Logo.jpg","contentUrl":"https:\/\/blog.holyart.it\/fr\/wp-content\/uploads\/sites\/14\/2022\/12\/Holyart_Blog_Logo.jpg","width":300,"height":50,"caption":"Holyart.fr Blog"},"image":{"@id":"https:\/\/blog.holyart.it\/fr\/#\/schema\/logo\/image\/"}},{"@type":"Person","@id":"https:\/\/blog.holyart.it\/fr\/#\/schema\/person\/0a7b686e5af0f856ec1e390dd0baecda","name":"Redazione","image":{"@type":"ImageObject","inLanguage":"fr-FR","@id":"https:\/\/blog.holyart.it\/fr\/#\/schema\/person\/image\/","url":"https:\/\/secure.gravatar.com\/avatar\/f477da817f43e50d0af36abecd33e3edf826c68299714bdc1057dff3b113f516?s=96&d=mm&r=g","contentUrl":"https:\/\/secure.gravatar.com\/avatar\/f477da817f43e50d0af36abecd33e3edf826c68299714bdc1057dff3b113f516?s=96&d=mm&r=g","caption":"Redazione"},"url":"https:\/\/blog.holyart.it\/fr\/author\/admin\/"}]}},"_links":{"self":[{"href":"https:\/\/blog.holyart.it\/fr\/wp-json\/wp\/v2\/posts\/9667","targetHints":{"allow":["GET"]}}],"collection":[{"href":"https:\/\/blog.holyart.it\/fr\/wp-json\/wp\/v2\/posts"}],"about":[{"href":"https:\/\/blog.holyart.it\/fr\/wp-json\/wp\/v2\/types\/post"}],"author":[{"embeddable":true,"href":"https:\/\/blog.holyart.it\/fr\/wp-json\/wp\/v2\/users\/1"}],"replies":[{"embeddable":true,"href":"https:\/\/blog.holyart.it\/fr\/wp-json\/wp\/v2\/comments?post=9667"}],"version-history":[{"count":2,"href":"https:\/\/blog.holyart.it\/fr\/wp-json\/wp\/v2\/posts\/9667\/revisions"}],"predecessor-version":[{"id":9671,"href":"https:\/\/blog.holyart.it\/fr\/wp-json\/wp\/v2\/posts\/9667\/revisions\/9671"}],"wp:featuredmedia":[{"embeddable":true,"href":"https:\/\/blog.holyart.it\/fr\/wp-json\/wp\/v2\/media\/9669"}],"wp:attachment":[{"href":"https:\/\/blog.holyart.it\/fr\/wp-json\/wp\/v2\/media?parent=9667"}],"wp:term":[{"taxonomy":"category","embeddable":true,"href":"https:\/\/blog.holyart.it\/fr\/wp-json\/wp\/v2\/categories?post=9667"},{"taxonomy":"post_tag","embeddable":true,"href":"https:\/\/blog.holyart.it\/fr\/wp-json\/wp\/v2\/tags?post=9667"}],"curies":[{"name":"wp","href":"https:\/\/api.w.org\/{rel}","templated":true}]}}