{"id":9647,"date":"2025-02-17T10:00:41","date_gmt":"2025-02-17T09:00:41","guid":{"rendered":"https:\/\/blog.holyart.it\/fr\/?p=9647"},"modified":"2026-02-16T17:54:17","modified_gmt":"2026-02-16T16:54:17","slug":"dedicace-dune-eglise-comme-a-lieu-la-naissance-dun-nouveau-batiment-sacre","status":"publish","type":"post","link":"https:\/\/blog.holyart.it\/fr\/articles-religieux\/dedicace-dune-eglise-comme-a-lieu-la-naissance-dun-nouveau-batiment-sacre\/","title":{"rendered":"D\u00e9dicace d\u2019une \u00e9glise : comme a lieu la naissance d\u2019un nouveau b\u00e2timent sacr\u00e9"},"content":{"rendered":"<h4>Pour la religion chr\u00e9tienne, la d\u00e9dicace d\u2019une \u00e9glise est un moment d\u2019une importance fondamentale. Il s\u2019agit de la cons\u00e9cration solennelle d\u2019un nouveau lieu de culte.<\/h4>\n\n<p>Au c\u0153ur de chaque communaut\u00e9 religieuse, la <strong>naissance d\u2019un nouveau lieu de culte<\/strong> repr\u00e9sente un \u00e9v\u00e9nement de profonde signification spirituelle et symbolique. L\u2019\u00e9dification d\u2019un lieu sacr\u00e9 n\u2019est pas seulement la construction de murs et d\u2019architectures, mais plut\u00f4t un processus impr\u00e9gn\u00e9 d\u2019histoire, de tradition et de foi. Ce processus a des racines profondes dans l\u2019histoire des <a href=\"https:\/\/www.holyart.fr\/blog\/articles-religieux\/les-principales-divisions-au-sein-de-la-religion-chretienne\/\"><strong><u>principales religions monoth\u00e9istes du monde<\/u><\/strong><\/a>, comme le Christianisme, le Juda\u00efsme et l\u2019Islam, et symbolise l\u2019offre d\u2019un lieu physique \u00e0 la divinit\u00e9 et sa cons\u00e9cration \u00e0 l\u2019usage spirituel.<\/p>\n<p>Dans la tradition chr\u00e9tienne, l\u2019apog\u00e9e de ce long chemin est repr\u00e9sent\u00e9 par la c\u00e9r\u00e9monie de <strong>d\u00e9dicace de l\u2019\u00e9glise<\/strong>, un rite ancien qui conf\u00e8re \u00e0 la structure architecturale une b\u00e9n\u00e9diction sp\u00e9ciale, <strong>en la consacrant au service divin et \u00e0 la communaut\u00e9<\/strong>. L\u2019acte de la d\u00e9dicace se base sur les paroles et sur les enseignements de J\u00e9sus-Christ, qui parle de l\u2019<strong>\u00e9glise comme d\u2019un corps spirituel des croyants<\/strong>.<\/p>\n<div class=\"link-article\">\n<p><img loading=\"lazy\" decoding=\"async\" class=\"alignnone size-full wp-image-9651\" src=\"https:\/\/blog.holyart.it\/fr\/wp-content\/uploads\/sites\/14\/2025\/01\/Les-principales-divisions-au-sein-de-la-religion-chretienne.jpg\" alt=\"Les principales divisions au sein de la religion chr\u00e9tienne\" width=\"150\" height=\"99\" data-kale-share-title=\"D\u00e9dicace d\u2019une \u00e9glise : comme a lieu la naissance d\u2019un nouveau b\u00e2timent sacr\u00e9\" data-kale-share-url=\"https:\/\/blog.holyart.it\/fr\/?p=9647\" \/><\/p>\n<div class=\"leggi-anche\">Lire aussi :<\/div>\n<p><strong><a href=\"https:\/\/www.holyart.fr\/blog\/articles-religieux\/les-principales-divisions-au-sein-de-la-religion-chretienne\/\">Les principales divisions au sein de la religion chr\u00e9tienne<\/a><\/strong><br \/>\nLa religion chr\u00e9tienne est en r\u00e9alit\u00e9 compos\u00e9e de nombreuses confessions religieuses, semblables sous certains aspects&#8230;<\/p>\n<\/div>\n<p>\u00ab\u00a0<em>L\u2019\u00e9glise est un \u00e9difice o\u00f9 Dieu et l\u2019homme veulent se rencontrer\u00a0; une maison qui nous r\u00e9unit, o\u00f9 on est attir\u00e9 vers Dieu, et \u00eatre avec Dieu nous unit l\u2019un \u00e0 l\u2019autre<\/em>\u00a0\u00bb, \u00e9crivait le <a href=\"https:\/\/www.holyart.fr\/blog\/articles-religieux\/benoit-xvi-lhistoire-du-pape-emerite\/\"><strong><u>Pape \u00c9m\u00e9rite Beno\u00eet XVI<\/u><\/strong><\/a> \u00e0 l\u2019occasion de la d\u00e9dicace de la paroisse romaine de Sainte Marie, \u00c9toile de l\u2019\u00c9vang\u00e9lisation. La naissance d\u2019un nouvel \u00e9difice sacr\u00e9 n\u2019est pas seulement une question architecturale et artistique. Elle incarne la foi collective de la communaut\u00e9 enti\u00e8re. Ce n\u2019est pas la mat\u00e9rialit\u00e9 de pierres et marbres qui constitue le temple, mais l\u2019\u00c9glise vivante qui se recueille \u00e0 son int\u00e9rieur, faite de fid\u00e8les.<\/p>\n<p>Le terme <strong>\u00e9glise<\/strong> indique depuis toujours non seulement l\u2019\u00e9difice physique, mais aussi le lieu o\u00f9 la communaut\u00e9 chr\u00e9tienne se r\u00e9unit pour \u00e9couter la Parole de Dieu, partager la pri\u00e8re et c\u00e9l\u00e9brer les sacrements.<\/p>\n<div class=\"link-article\">\n<p><img loading=\"lazy\" decoding=\"async\" class=\"alignnone size-full wp-image-9653\" src=\"https:\/\/blog.holyart.it\/fr\/wp-content\/uploads\/sites\/14\/2025\/01\/Benoit-XVI.jpg\" alt=\"Beno\u00eet XVI\" width=\"150\" height=\"99\" data-kale-share-title=\"D\u00e9dicace d\u2019une \u00e9glise : comme a lieu la naissance d\u2019un nouveau b\u00e2timent sacr\u00e9\" data-kale-share-url=\"https:\/\/blog.holyart.it\/fr\/?p=9647\" \/><\/p>\n<div class=\"leggi-anche\">Lire aussi :<\/div>\n<p><strong><a href=\"https:\/\/www.holyart.fr\/blog\/articles-religieux\/benoit-xvi-lhistoire-du-pape-emerite\/\">Beno\u00eet XVI: l\u2019histoire du pape \u00e9m\u00e9rite<\/a><\/strong><br \/>\nPape Beno\u00eet XVI, le Pape th\u00e9ologien, premier pontife de l\u2019\u00e9poque digitale et Pape \u00e9m\u00e9rite par choix<\/p>\n<\/div>\n<h2>Qu\u2019est-ce que d\u00e9dicace d\u2019une \u00e9glise signifie<\/h2>\n<p>La <strong>d\u00e9dicace est la cons\u00e9cration d\u2019une \u00e9glise<\/strong>, l\u2019acte liturgique solennel \u00e0 travers lequel le b\u00e2timent est destin\u00e9 <strong>de mani\u00e8re permanente \u00e0 l\u2019usage sacr\u00e9<\/strong>, en assumant ainsi une signification spirituelle et symbolique profonde.<\/p>\n<p>\u00c0 la fin de la construction, chaque \u00e9glise est solennellement <a href=\"https:\/\/www.holyart.fr\/accessoires-pour-la-liturgie\/accessoires-pour-benedictions\"><strong>b\u00e9nite<\/strong><\/a>. Ce premier rite sert \u00e0 invoquer la protection et la pr\u00e9sence divine sur elle. Mais la b\u00e9n\u00e9diction n\u2019est pas suffisante afin que ce lieu soit d\u00e9di\u00e9 de mani\u00e8re sp\u00e9cifique au culte sacr\u00e9. En effet, il est \u00e9galement possible de b\u00e9nir des lieux non d\u00e9di\u00e9s uniquement au culte, comme des salles de sport, des entrep\u00f4ts, des salles, qui, par la suite, pourront accueillir d\u2019autres activit\u00e9s, mais qui, gr\u00e2ce \u00e0 la b\u00e9n\u00e9diction, assument temporairement une sacralit\u00e9 qui les rend adapt\u00e9s aux c\u00e9l\u00e9brations.<\/p>\n<div class=\"link-product\">\n<div class=\"blocco-immagine\"><img loading=\"lazy\" decoding=\"async\" class=\"alignnone size-full wp-image-9655\" src=\"https:\/\/blog.holyart.it\/fr\/wp-content\/uploads\/sites\/14\/2025\/01\/Accessoires-pour-benedictions.jpg\" alt=\"Accessoires pour b\u00e9n\u00e9dictions\" width=\"100\" height=\"100\" data-kale-share-title=\"D\u00e9dicace d\u2019une \u00e9glise : comme a lieu la naissance d\u2019un nouveau b\u00e2timent sacr\u00e9\" data-kale-share-url=\"https:\/\/blog.holyart.it\/fr\/?p=9647\" \/><\/div>\n<div class=\"blocco-contenuto\">\n<div class=\"blocco-acquista\">Acheter sur Holyart:<\/div>\n<div class=\"blocco-titolo\"><a href=\"https:\/\/www.holyart.fr\/accessoires-pour-la-liturgie\/accessoires-pour-benedictions?_gl=1*8yl8ju*_gcl_aw*R0NMLjE3MzM0MDg3MzIuQ2owS0NRaUF1OFc2QmhDLUFSSXNBQ0VRb0RDWEdmR1hiclc4SjhZajBQT25SSTdvOGVuMGl1TFRWMFBSb0dSS1BGMEcteXBtb28zQ3BFOGFBcGZxRUFMd193Y0I.*_gcl_au*MTg5NTg5Mjc0NC4xNzMzNzQzNDk5*_ga*MTQ4NzE4MjM0Mi4xNjk0Nzg4MTQz*_ga_W18MV136NH*MTczNzcwNTYwNC4xMDIyLjEuMTczNzcxNTc2Ni42MC4wLjA.\">Accessoires pour b\u00e9n\u00e9dictions<\/a><\/div>\n<div class=\"blocco-descrizione\">Articles pour b\u00e9n\u00e9dictions: b\u00e9nitiers et goupillons ou asperg\u00e8s et bouteilles \u00e0 eau b\u00e9nite.<\/div>\n<\/div>\n<\/div>\n<p>C\u2019est la d\u00e9dicace d\u2019une \u00e9glise qui repr\u00e9sente sa d\u00e9finitive <strong>cons\u00e9cration comme lieu sacr\u00e9<\/strong>, un lieu o\u00f9 on c\u00e9l\u00e8bre de mani\u00e8re solennelle la rencontre entre les hommes et Dieu. Dans le domaine eccl\u00e9siastique, chaque \u00e9glise, soit-elle une cath\u00e9drale ou une paroisse, a besoin de la cons\u00e9cration. Afin que la d\u00e9dicace puisse avoir lieu, <strong>il est n\u00e9cessaire que l\u2019\u00e9glise ait un <\/strong><a href=\"https:\/\/www.holyart.fr\/accessoires-pour-la-liturgie\/vetements-liturgiques-et-linges-dautel\/nappes-dautel?page=1\"><strong>autel fixe<\/strong><\/a>. Selon le code canonique, l\u2019autel, i.e. la table sur laquelle on c\u00e9l\u00e8bre le Sacrifice eucharistique, symbole m\u00eame du Corps de Christ, est consid\u00e9r\u00e9 <strong>fixe<\/strong> quand il est construit de mani\u00e8re \u00e0 \u00eatre uni au sol, sans pouvoir \u00eatre retir\u00e9, tandis qu\u2019il est dit <strong>mobile<\/strong> s\u2019il peut \u00eatre transport\u00e9. Une \u00e9glise consacr\u00e9e et d\u00e9dicac\u00e9e doit avoir l\u2019autel fixe, tandis que, dans tous les autres lieux destin\u00e9s aux c\u00e9l\u00e9brations sacr\u00e9es, l\u2019autel peut \u00eatre fixe ou mobile.<\/p>\n<div class=\"link-product\">\n<div class=\"blocco-immagine\"><img loading=\"lazy\" decoding=\"async\" class=\"alignnone size-full wp-image-9657\" src=\"https:\/\/blog.holyart.it\/fr\/wp-content\/uploads\/sites\/14\/2025\/01\/Nappes-dautel.jpg\" alt=\"Nappes d'autel\" width=\"100\" height=\"100\" data-kale-share-title=\"D\u00e9dicace d\u2019une \u00e9glise : comme a lieu la naissance d\u2019un nouveau b\u00e2timent sacr\u00e9\" data-kale-share-url=\"https:\/\/blog.holyart.it\/fr\/?p=9647\" \/><\/div>\n<div class=\"blocco-contenuto\">\n<div class=\"blocco-acquista\">Acheter sur Holyart:<\/div>\n<div class=\"blocco-titolo\"><a href=\"https:\/\/www.holyart.fr\/accessoires-pour-la-liturgie\/vetements-liturgiques-et-linges-dautel\/nappes-dautel?page=1\">Nappes d&rsquo;autel<\/a><\/div>\n<div class=\"blocco-descrizione\">Vaste choix de nappes d&rsquo;autel brod\u00e9es et d\u00e9cor\u00e9es, nappes de haute qualit\u00e9&#8230;<\/div>\n<\/div>\n<\/div>\n<p>Le signe tangible qui atteste la cons\u00e9cration est repr\u00e9sent\u00e9 par les <strong>douze croix grecques<\/strong> qui sont fix\u00e9es, peintes ou serties \u00e0 diff\u00e9rents endroits de l\u2019\u00e9glise. Ces croix ne sont pas seulement des embl\u00e8mes de Christ, mais repr\u00e9sentent \u00e9galement Son <strong>triomphe<\/strong>\u00a0; elles sont consacr\u00e9es avec une onction pour signifier que le lieu est soumis \u00e0 Sa domination. Leur nombre, <a href=\"https:\/\/www.holyart.fr\/blog\/saints-et-bienheureux\/a-decouvrir-qui-etaient-les-12-apotres-et-la-difference-entre-apotres-et-disciples\/\"><strong><u>douze, rappelle les Ap\u00f4tres<\/u><\/strong><\/a>, t\u00e9moins fondamentaux de Christ et piliers originaires du temple chr\u00e9tien. Dans le pass\u00e9, on demandait qu\u2019au moins certains \u00e9l\u00e9ments de l\u2019\u00e9glise <strong>soient construits en pierre<\/strong>. Ce choix \u00e9tait motiv\u00e9 par la r\u00e9sistance de la pierre dans le temps, symbolisant la perp\u00e9tuelle destination au sacr\u00e9. Par cons\u00e9quent, de nombreuses \u00e9glises non construites en pierre n\u2019\u00e9taient pas consacr\u00e9es. Des exemples c\u00e9l\u00e8bres sont la Basilique de Notre-Dame de Paris, uniquement consacr\u00e9e au XIXe si\u00e8cle, et celle de San Petronio \u00e0 Bologne, dont la cons\u00e9cration eut lieu dans la deuxi\u00e8me moiti\u00e9 du XXe si\u00e8cle.<\/p>\n<p>La cons\u00e9cration d\u2019une \u00e9glise va au-del\u00e0 de la simple formalit\u00e9 ; il s\u2019agit d\u2019un acte impr\u00e9gn\u00e9 de signification symbolique et spirituelle, qui conf\u00e8re \u00e0 l\u2019\u00e9difice une dimension sacr\u00e9e et \u00e9ternelle, en liant le pass\u00e9, le pr\u00e9sent et le futur de la foi dans un unique rituel solennel.<\/p>\n<div class=\"link-article\">\n<p><img loading=\"lazy\" decoding=\"async\" class=\"alignnone size-full wp-image-9659\" src=\"https:\/\/blog.holyart.it\/fr\/wp-content\/uploads\/sites\/14\/2025\/01\/12-apotres.jpeg\" alt=\"12 ap\u00f4tres\" width=\"150\" height=\"99\" data-kale-share-title=\"D\u00e9dicace d\u2019une \u00e9glise : comme a lieu la naissance d\u2019un nouveau b\u00e2timent sacr\u00e9\" data-kale-share-url=\"https:\/\/blog.holyart.it\/fr\/?p=9647\" \/><\/p>\n<div class=\"leggi-anche\">Lire aussi :<\/div>\n<p><strong><a href=\"https:\/\/www.holyart.fr\/blog\/saints-et-bienheureux\/a-decouvrir-qui-etaient-les-12-apotres-et-la-difference-entre-apotres-et-disciples\/\">\u00c0 d\u00e9couvrir : qui \u00e9taient les 12 ap\u00f4tres et la diff\u00e9rence entre ap\u00f4tres et disciples<\/a><\/strong><br \/>\nQui \u00e9taient les 12 ap\u00f4tres, compagnons de J\u00e9sus pendant la br\u00e8ve&#8230;<\/p>\n<\/div>\n<h2>Le rite de la d\u00e9dicace d\u2019une \u00e9glise<\/h2>\n<p>Toujours selon le <strong>Code de Droit Canonique<\/strong>, c\u2019est du ressort de l\u2019<strong>\u00c9v\u00eaque dioc\u00e9sain <\/strong>de s\u2019occuper de la d\u00e9dicace d\u2019une \u00e9glise. Le rite de la d\u00e9dicace a des origines anciennes, remontant \u00e0 l\u2019\u00e9poque de l\u2019<strong>empereur Constantin <\/strong>et de son d\u00e9cret sur la libert\u00e9 religieuse en 313 apr. J.-C. En pratique, depuis qu\u2019il fut permis aux chr\u00e9tiens de sortir des catacombes et d\u2019\u00e9riger des \u00e9difices sacr\u00e9s d\u00e9di\u00e9s \u00e0 leur culte, les \u00e9v\u00eaques commenc\u00e8rent \u00e0 voyager afin de consacrer de nouvelles \u00e9glises dans chaque ville, en alimentant ce nouveau, joyeux sens d\u2019unit\u00e9 et d\u2019amiti\u00e9 entre les peuples, tous unis dans le corps de Christ en une seule harmonie de participation, faite de gratitude et de joie.<\/p>\n<p>D\u00e8s le d\u00e9but, <strong>le c\u0153ur de cette c\u00e9l\u00e9bration \u00e9tait l\u2019Eucharistie<\/strong>, mais au cours du temps, la c\u00e9r\u00e9monie de d\u00e9dicace s\u2019est enrichie de diff\u00e9rents rites. L\u2019actuel rituel, l\u2019<strong><em>Ordo dedicationis ecclesiae et altaris <\/em><\/strong>de 1977, a \u00e9t\u00e9 simplifi\u00e9 par rapport au pass\u00e9 et revient au c\u0153ur de l\u2019Eucharistie, en introduisant de significatifs rites symboliques. Parmi ces rites, il y a l\u2019<a href=\"https:\/\/www.holyart.fr\/accessoires-pour-la-liturgie\/accessoires-pour-benedictions?page=1&amp;params=%257B%2522offset%2522%3A0%2C%2522limit%2522%3A60%2C%2522filters%2522%3A%255B%255D%2C%2522sorter%2522%3A%2522YEAR_BEST_SELLERS%2522%2C%2522categoryIds%2522%3A%255B108321%255D%2C%2522filtersByIds%2522%3A%255B%257B%2522key%2522%3A39%2C%2522values%2522%3A%255B1518%255D%257D%255D%257D\"><strong>aspersion d\u2019eau b\u00e9nite<\/strong><\/a>, symbole de purification et du bapt\u00eame, l\u2019\u00e9ventuel <a href=\"https:\/\/www.holyart.fr\/blog\/articles-religieux\/reliques-des-saints-liste-des-10-les-plus-suggestives\/\"><strong><u>placement de reliques de saints<\/u><\/strong><\/a> sous l\u2019autel, l\u2019<a href=\"https:\/\/www.holyart.fr\/blog\/articles-religieux\/messe-du-chrisme-et-la-benediction-des-huiles-saintes\/\"><strong><u>onction de l\u2019autel et des murs de l\u2019\u00e9glise avec le chrisme<\/u><\/strong><\/a>, l\u2019<a href=\"https:\/\/www.holyart.fr\/produits-de-consommation\/encens?page=1&amp;_gl=1*wz77oz*_gcl_aw*R0NMLjE3MzM0MDg3MzIuQ2owS0NRaUF1OFc2QmhDLUFSSXNBQ0VRb0RDWEdmR1hiclc4SjhZajBQT25SSTdvOGVuMGl1TFRWMFBSb0dSS1BGMEcteXBtb28zQ3BFOGFBcGZxRUFMd193Y0I.*_gcl_au*MTg5NTg5Mjc0NC4xNzMzNzQzNDk5*_ga*MTQ4NzE4MjM0Mi4xNjk0Nzg4MTQz*_ga_W18MV136NH*MTczNzcxMTY3NC4xMDI0LjEuMTczNzcxNjMxMy4wLjAuNzk0ODQxNDAw*_fplc*MlhkQlRYbGtCc05NVmp2ZWdXRkl6cUh2OE56aGxtYSUyQlJkJTJGQ1R5NVdWYWJUZlAxMzBURmUlMkJLJTJCS1NGeFRtTUhpUU4yRllFbGFvY1hyY0JON2drVVl6b2ZsbUQybSUyQmtMZnljY1VYeldWTlBnODU5eUppbGFBUGpZWDkxd0RVUSUzRCUzRA..\"><strong>encensement<\/strong><\/a> et l\u2019<a href=\"https:\/\/www.holyart.fr\/accessoires-pour-la-liturgie\/lampes-de-sanctuaire?page=1\"><strong>illumination<\/strong><\/a><strong> de l\u2019\u00e9difice<\/strong>,\u00a0 signes de f\u00eate et de la lumi\u00e8re de Christ. Toute la c\u00e9r\u00e9monie converge vers l\u2019ambon, lieu sp\u00e9cifique de la proclamation de la Parole de Dieu, et vers l\u2019autel.<\/p>\n<div class=\"link-product\">\n<div class=\"blocco-immagine\"><img loading=\"lazy\" decoding=\"async\" class=\"alignnone size-full wp-image-9664\" src=\"https:\/\/blog.holyart.it\/fr\/wp-content\/uploads\/sites\/14\/2025\/01\/Lampes-de-Sanctuaire-1.jpg\" alt=\"Lampes de Sanctuaire\" width=\"100\" height=\"100\" data-kale-share-title=\"D\u00e9dicace d\u2019une \u00e9glise : comme a lieu la naissance d\u2019un nouveau b\u00e2timent sacr\u00e9\" data-kale-share-url=\"https:\/\/blog.holyart.it\/fr\/?p=9647\" \/><\/div>\n<div class=\"blocco-contenuto\">\n<div class=\"blocco-acquista\">Acheter sur Holyart:<\/div>\n<div class=\"blocco-titolo\"><a href=\"https:\/\/www.holyart.fr\/accessoires-pour-la-liturgie\/lampes-de-sanctuaire?page=1\">Lampes de Sanctuaire<\/a><\/div>\n<div class=\"blocco-descrizione\">Lampes de Sanctuaire,lampes et accessoires pour la lumi\u00e8re du Sainte Sacrement.<\/div>\n<\/div>\n<\/div>\n<h2>Les parties du rite<\/h2>\n<p>Le rite de d\u00e9dicace s\u2019ouvre avec une <a href=\"https:\/\/www.holyart.fr\/accessoires-pour-la-liturgie\/processions?page=1\"><strong>procession solennelle<\/strong><\/a> <strong>et l\u2019entr\u00e9e<\/strong> dans la nouvelle \u00e9glise. Cette premi\u00e8re phase met l\u2019accent sur deux moments distincts : la <strong>remise de l\u2019\u00e9glise et de ses cl\u00e9s symboliques \u00e0 l\u2019\u00c9v\u00eaque<\/strong> et l\u2019<strong>aspersion de l\u2019\u00e9difice<\/strong>. L\u2019\u00c9v\u00eaque b\u00e9nit l\u2019eau, symbole de purification, et avec elle <strong>asperge le peuple<\/strong>, qui est le temple spirituel, en m\u00eame temps que les murs de l\u2019\u00e9glise et l\u2019autel.<\/p>\n<p>Suit la <strong>liturgie de la Parole<\/strong>, pendant laquelle sont proclam\u00e9es trois lectures tir\u00e9es du lectionnaire. La premi\u00e8re reporte le cas de N\u00e9h\u00e9mie, qui raconte du peuple de J\u00e9rusalem r\u00e9unit autour d\u2019Esdras pour \u00e9couter la proclamation de la loi de Dieu. Avant les lectures, l\u2019\u00c9v\u00eaque consacre solennellement l\u2019\u00e9glise, en montrant le lectionnaire et en annon\u00e7ant\u00a0: \u00ab\u00a0<em>Que r\u00e9sonne en ce lieu la parole de Dieu<\/em>\u00a0\u00bb.<\/p>\n<div class=\"link-product\">\n<div class=\"blocco-immagine\"><img loading=\"lazy\" decoding=\"async\" class=\"alignnone size-full wp-image-9665\" src=\"https:\/\/blog.holyart.it\/fr\/wp-content\/uploads\/sites\/14\/2025\/01\/Processions.jpg\" alt=\"Processions\" width=\"100\" height=\"100\" data-kale-share-title=\"D\u00e9dicace d\u2019une \u00e9glise : comme a lieu la naissance d\u2019un nouveau b\u00e2timent sacr\u00e9\" data-kale-share-url=\"https:\/\/blog.holyart.it\/fr\/?p=9647\" \/><\/div>\n<div class=\"blocco-contenuto\">\n<div class=\"blocco-acquista\">Acheter sur Holyart:<\/div>\n<div class=\"blocco-titolo\"><a href=\"https:\/\/www.holyart.fr\/accessoires-pour-la-liturgie\/processions?page=1\">Processions<\/a><\/div>\n<div class=\"blocco-descrizione\">Vous trouverez ici tous les articles destin\u00e9s \u00e0 accompagner les processions religieuses.<\/div>\n<\/div>\n<\/div>\n<p>Le moment central de la c\u00e9l\u00e9bration est <strong>la d\u00e9dicace et l\u2019onction de l\u2019\u00e9glise et de l\u2019autel<\/strong>. Apr\u00e8s l\u2019invocation des saints, l\u2019\u00c9v\u00eaque prononce la <strong>grande pri\u00e8re de d\u00e9dicace<\/strong>, en exprimant l\u2019intention de consacrer de mani\u00e8re perp\u00e9tuelle la nouvelle \u00e9glise \u00e0 Dieu et en demandant Sa b\u00e9n\u00e9diction. Suivent ensuite les rites d\u2019onction de l\u2019autel et des murs de l\u2019\u00e9glise, l\u2019encensement de l\u2019autel et de l\u2019environnement liturgique en entier, ainsi que la couverture et l\u2019illumination de l\u2019autel et de la salle enti\u00e8re. Apr\u00e8s le <strong>chant des litanies des saints<\/strong>, la <strong>d\u00e9position des reliques de martyrs ou de saints sous l\u2019autel<\/strong> a lieu, symbole de la sacralit\u00e9 et de la saintet\u00e9 qui jaillissent du sacrifice de Christ.<\/p>\n<p>Une fois l\u2019autel pr\u00e9par\u00e9, l\u2019<strong>\u00c9v\u00eaque pr\u00e9side l\u2019Eucharistie<\/strong>, partie la plus ancienne et la plus significative de tout le rite. \u00c0 travers la c\u00e9l\u00e9bration du sacrifice eucharistique, on atteint et on manifeste clairement dans les signes le but principal pour lequel l\u2019\u00e9glise a \u00e9t\u00e9 construite et l\u2019autel a \u00e9t\u00e9 \u00e9rig\u00e9.<\/p>\n","protected":false},"excerpt":{"rendered":"<p>Pour la religion chr\u00e9tienne, la d\u00e9dicace d\u2019une \u00e9glise est un moment d\u2019une importance fondamentale. Il s\u2019agit de la cons\u00e9cration solennelle d\u2019un nouveau lieu de culte. Au c\u0153ur de chaque communaut\u00e9 religieuse, la naissance d\u2019un nouveau lieu de culte repr\u00e9sente un \u00e9v\u00e9nement de profonde signification spirituelle&hellip;<\/p>\n","protected":false},"author":1,"featured_media":9650,"comment_status":"closed","ping_status":"open","sticky":false,"template":"","format":"standard","meta":{"_acf_changed":false,"footnotes":""},"categories":[8],"tags":[],"class_list":["post-9647","post","type-post","status-publish","format-standard","has-post-thumbnail","hentry","category-articles-religieux"],"acf":[],"yoast_head":"<!-- This site is optimized with the Yoast SEO plugin v26.6 - https:\/\/yoast.com\/wordpress\/plugins\/seo\/ -->\n<title>D\u00e9dicace d\u2019une \u00e9glise : comme a lieu la naissance d\u2019un nouveau b\u00e2timent sacr\u00e9 - Holyart.fr Blog<\/title>\n<meta name=\"description\" content=\"La d\u00e9dicace d\u2019une \u00e9glise est un rite \u00e0 la profonde signification symbolique et spirituelle, qui conf\u00e8re au b\u00e2timent une dimension sacr\u00e9e et \u00e9ternelle en le d\u00e9diant \u00e0 Dieu.\" \/>\n<meta name=\"robots\" content=\"index, follow, max-snippet:-1, max-image-preview:large, max-video-preview:-1\" \/>\n<link rel=\"canonical\" href=\"https:\/\/blog.holyart.it\/fr\/articles-religieux\/dedicace-dune-eglise-comme-a-lieu-la-naissance-dun-nouveau-batiment-sacre\/\" \/>\n<meta property=\"og:locale\" content=\"fr_FR\" \/>\n<meta property=\"og:type\" content=\"article\" \/>\n<meta property=\"og:title\" content=\"D\u00e9dicace d\u2019une \u00e9glise : comme a lieu la naissance d\u2019un nouveau b\u00e2timent sacr\u00e9 - Holyart.fr Blog\" \/>\n<meta property=\"og:description\" content=\"La d\u00e9dicace d\u2019une \u00e9glise est un rite \u00e0 la profonde signification symbolique et spirituelle, qui conf\u00e8re au b\u00e2timent une dimension sacr\u00e9e et \u00e9ternelle en le d\u00e9diant \u00e0 Dieu.\" \/>\n<meta property=\"og:url\" content=\"https:\/\/blog.holyart.it\/fr\/articles-religieux\/dedicace-dune-eglise-comme-a-lieu-la-naissance-dun-nouveau-batiment-sacre\/\" \/>\n<meta property=\"og:site_name\" content=\"Holyart.fr Blog\" \/>\n<meta property=\"article:published_time\" content=\"2025-02-17T09:00:41+00:00\" \/>\n<meta property=\"article:modified_time\" content=\"2026-02-16T16:54:17+00:00\" \/>\n<meta property=\"og:image\" content=\"https:\/\/blog.holyart.it\/fr\/wp-content\/uploads\/sites\/14\/2025\/01\/Dedicace-dune-eglise.jpg\" \/>\n\t<meta property=\"og:image:width\" content=\"1000\" \/>\n\t<meta property=\"og:image:height\" content=\"666\" \/>\n\t<meta property=\"og:image:type\" content=\"image\/jpeg\" \/>\n<meta name=\"author\" content=\"Redazione\" \/>\n<meta name=\"twitter:card\" content=\"summary_large_image\" \/>\n<meta name=\"twitter:label1\" content=\"\u00c9crit par\" \/>\n\t<meta name=\"twitter:data1\" content=\"Redazione\" \/>\n\t<meta name=\"twitter:label2\" content=\"Dur\u00e9e de lecture estim\u00e9e\" \/>\n\t<meta name=\"twitter:data2\" content=\"10 minutes\" \/>\n<script type=\"application\/ld+json\" class=\"yoast-schema-graph\">{\"@context\":\"https:\/\/schema.org\",\"@graph\":[{\"@type\":\"Article\",\"@id\":\"https:\/\/blog.holyart.it\/fr\/articles-religieux\/dedicace-dune-eglise-comme-a-lieu-la-naissance-dun-nouveau-batiment-sacre\/#article\",\"isPartOf\":{\"@id\":\"https:\/\/blog.holyart.it\/fr\/articles-religieux\/dedicace-dune-eglise-comme-a-lieu-la-naissance-dun-nouveau-batiment-sacre\/\"},\"author\":{\"name\":\"Redazione\",\"@id\":\"https:\/\/blog.holyart.it\/fr\/#\/schema\/person\/0a7b686e5af0f856ec1e390dd0baecda\"},\"headline\":\"D\u00e9dicace d\u2019une \u00e9glise : comme a lieu la naissance d\u2019un nouveau b\u00e2timent sacr\u00e9\",\"datePublished\":\"2025-02-17T09:00:41+00:00\",\"dateModified\":\"2026-02-16T16:54:17+00:00\",\"mainEntityOfPage\":{\"@id\":\"https:\/\/blog.holyart.it\/fr\/articles-religieux\/dedicace-dune-eglise-comme-a-lieu-la-naissance-dun-nouveau-batiment-sacre\/\"},\"wordCount\":1760,\"publisher\":{\"@id\":\"https:\/\/blog.holyart.it\/fr\/#organization\"},\"image\":{\"@id\":\"https:\/\/blog.holyart.it\/fr\/articles-religieux\/dedicace-dune-eglise-comme-a-lieu-la-naissance-dun-nouveau-batiment-sacre\/#primaryimage\"},\"thumbnailUrl\":\"https:\/\/blog.holyart.it\/fr\/wp-content\/uploads\/sites\/14\/2025\/01\/Dedicace-dune-eglise.jpg\",\"articleSection\":[\"Religion\"],\"inLanguage\":\"fr-FR\"},{\"@type\":\"WebPage\",\"@id\":\"https:\/\/blog.holyart.it\/fr\/articles-religieux\/dedicace-dune-eglise-comme-a-lieu-la-naissance-dun-nouveau-batiment-sacre\/\",\"url\":\"https:\/\/blog.holyart.it\/fr\/articles-religieux\/dedicace-dune-eglise-comme-a-lieu-la-naissance-dun-nouveau-batiment-sacre\/\",\"name\":\"D\u00e9dicace d\u2019une \u00e9glise : comme a lieu la naissance d\u2019un nouveau b\u00e2timent sacr\u00e9 - Holyart.fr Blog\",\"isPartOf\":{\"@id\":\"https:\/\/blog.holyart.it\/fr\/#website\"},\"primaryImageOfPage\":{\"@id\":\"https:\/\/blog.holyart.it\/fr\/articles-religieux\/dedicace-dune-eglise-comme-a-lieu-la-naissance-dun-nouveau-batiment-sacre\/#primaryimage\"},\"image\":{\"@id\":\"https:\/\/blog.holyart.it\/fr\/articles-religieux\/dedicace-dune-eglise-comme-a-lieu-la-naissance-dun-nouveau-batiment-sacre\/#primaryimage\"},\"thumbnailUrl\":\"https:\/\/blog.holyart.it\/fr\/wp-content\/uploads\/sites\/14\/2025\/01\/Dedicace-dune-eglise.jpg\",\"datePublished\":\"2025-02-17T09:00:41+00:00\",\"dateModified\":\"2026-02-16T16:54:17+00:00\",\"description\":\"La d\u00e9dicace d\u2019une \u00e9glise est un rite \u00e0 la profonde signification symbolique et spirituelle, qui conf\u00e8re au b\u00e2timent une dimension sacr\u00e9e et \u00e9ternelle en le d\u00e9diant \u00e0 Dieu.\",\"breadcrumb\":{\"@id\":\"https:\/\/blog.holyart.it\/fr\/articles-religieux\/dedicace-dune-eglise-comme-a-lieu-la-naissance-dun-nouveau-batiment-sacre\/#breadcrumb\"},\"inLanguage\":\"fr-FR\",\"potentialAction\":[{\"@type\":\"ReadAction\",\"target\":[\"https:\/\/blog.holyart.it\/fr\/articles-religieux\/dedicace-dune-eglise-comme-a-lieu-la-naissance-dun-nouveau-batiment-sacre\/\"]}]},{\"@type\":\"ImageObject\",\"inLanguage\":\"fr-FR\",\"@id\":\"https:\/\/blog.holyart.it\/fr\/articles-religieux\/dedicace-dune-eglise-comme-a-lieu-la-naissance-dun-nouveau-batiment-sacre\/#primaryimage\",\"url\":\"https:\/\/blog.holyart.it\/fr\/wp-content\/uploads\/sites\/14\/2025\/01\/Dedicace-dune-eglise.jpg\",\"contentUrl\":\"https:\/\/blog.holyart.it\/fr\/wp-content\/uploads\/sites\/14\/2025\/01\/Dedicace-dune-eglise.jpg\",\"width\":1000,\"height\":666,\"caption\":\"D\u00e9dicace d\u2019une \u00e9glise\"},{\"@type\":\"BreadcrumbList\",\"@id\":\"https:\/\/blog.holyart.it\/fr\/articles-religieux\/dedicace-dune-eglise-comme-a-lieu-la-naissance-dun-nouveau-batiment-sacre\/#breadcrumb\",\"itemListElement\":[{\"@type\":\"ListItem\",\"position\":1,\"name\":\"Homepage\",\"item\":\"https:\/\/blog.holyart.it\/fr\/\"},{\"@type\":\"ListItem\",\"position\":2,\"name\":\"Religion\",\"item\":\"https:\/\/blog.holyart.it\/fr\/articles-religieux\/\"},{\"@type\":\"ListItem\",\"position\":3,\"name\":\"D\u00e9dicace d\u2019une \u00e9glise : comme a lieu la naissance d\u2019un nouveau b\u00e2timent sacr\u00e9\"}]},{\"@type\":\"WebSite\",\"@id\":\"https:\/\/blog.holyart.it\/fr\/#website\",\"url\":\"https:\/\/blog.holyart.it\/fr\/\",\"name\":\"Holyart.fr Blog\",\"description\":\"Holyblog\",\"publisher\":{\"@id\":\"https:\/\/blog.holyart.it\/fr\/#organization\"},\"potentialAction\":[{\"@type\":\"SearchAction\",\"target\":{\"@type\":\"EntryPoint\",\"urlTemplate\":\"https:\/\/blog.holyart.it\/fr\/?s={search_term_string}\"},\"query-input\":{\"@type\":\"PropertyValueSpecification\",\"valueRequired\":true,\"valueName\":\"search_term_string\"}}],\"inLanguage\":\"fr-FR\"},{\"@type\":\"Organization\",\"@id\":\"https:\/\/blog.holyart.it\/fr\/#organization\",\"name\":\"Holyart.fr Blog\",\"url\":\"https:\/\/blog.holyart.it\/fr\/\",\"logo\":{\"@type\":\"ImageObject\",\"inLanguage\":\"fr-FR\",\"@id\":\"https:\/\/blog.holyart.it\/fr\/#\/schema\/logo\/image\/\",\"url\":\"https:\/\/blog.holyart.it\/fr\/wp-content\/uploads\/sites\/14\/2022\/12\/Holyart_Blog_Logo.jpg\",\"contentUrl\":\"https:\/\/blog.holyart.it\/fr\/wp-content\/uploads\/sites\/14\/2022\/12\/Holyart_Blog_Logo.jpg\",\"width\":300,\"height\":50,\"caption\":\"Holyart.fr Blog\"},\"image\":{\"@id\":\"https:\/\/blog.holyart.it\/fr\/#\/schema\/logo\/image\/\"}},{\"@type\":\"Person\",\"@id\":\"https:\/\/blog.holyart.it\/fr\/#\/schema\/person\/0a7b686e5af0f856ec1e390dd0baecda\",\"name\":\"Redazione\",\"image\":{\"@type\":\"ImageObject\",\"inLanguage\":\"fr-FR\",\"@id\":\"https:\/\/blog.holyart.it\/fr\/#\/schema\/person\/image\/\",\"url\":\"https:\/\/secure.gravatar.com\/avatar\/f477da817f43e50d0af36abecd33e3edf826c68299714bdc1057dff3b113f516?s=96&d=mm&r=g\",\"contentUrl\":\"https:\/\/secure.gravatar.com\/avatar\/f477da817f43e50d0af36abecd33e3edf826c68299714bdc1057dff3b113f516?s=96&d=mm&r=g\",\"caption\":\"Redazione\"},\"url\":\"https:\/\/blog.holyart.it\/fr\/author\/admin\/\"}]}<\/script>\n<!-- \/ Yoast SEO plugin. -->","yoast_head_json":{"title":"D\u00e9dicace d\u2019une \u00e9glise : comme a lieu la naissance d\u2019un nouveau b\u00e2timent sacr\u00e9 - Holyart.fr Blog","description":"La d\u00e9dicace d\u2019une \u00e9glise est un rite \u00e0 la profonde signification symbolique et spirituelle, qui conf\u00e8re au b\u00e2timent une dimension sacr\u00e9e et \u00e9ternelle en le d\u00e9diant \u00e0 Dieu.","robots":{"index":"index","follow":"follow","max-snippet":"max-snippet:-1","max-image-preview":"max-image-preview:large","max-video-preview":"max-video-preview:-1"},"canonical":"https:\/\/blog.holyart.it\/fr\/articles-religieux\/dedicace-dune-eglise-comme-a-lieu-la-naissance-dun-nouveau-batiment-sacre\/","og_locale":"fr_FR","og_type":"article","og_title":"D\u00e9dicace d\u2019une \u00e9glise : comme a lieu la naissance d\u2019un nouveau b\u00e2timent sacr\u00e9 - Holyart.fr Blog","og_description":"La d\u00e9dicace d\u2019une \u00e9glise est un rite \u00e0 la profonde signification symbolique et spirituelle, qui conf\u00e8re au b\u00e2timent une dimension sacr\u00e9e et \u00e9ternelle en le d\u00e9diant \u00e0 Dieu.","og_url":"https:\/\/blog.holyart.it\/fr\/articles-religieux\/dedicace-dune-eglise-comme-a-lieu-la-naissance-dun-nouveau-batiment-sacre\/","og_site_name":"Holyart.fr Blog","article_published_time":"2025-02-17T09:00:41+00:00","article_modified_time":"2026-02-16T16:54:17+00:00","og_image":[{"width":1000,"height":666,"url":"https:\/\/blog.holyart.it\/fr\/wp-content\/uploads\/sites\/14\/2025\/01\/Dedicace-dune-eglise.jpg","type":"image\/jpeg"}],"author":"Redazione","twitter_card":"summary_large_image","twitter_misc":{"\u00c9crit par":"Redazione","Dur\u00e9e de lecture estim\u00e9e":"10 minutes"},"schema":{"@context":"https:\/\/schema.org","@graph":[{"@type":"Article","@id":"https:\/\/blog.holyart.it\/fr\/articles-religieux\/dedicace-dune-eglise-comme-a-lieu-la-naissance-dun-nouveau-batiment-sacre\/#article","isPartOf":{"@id":"https:\/\/blog.holyart.it\/fr\/articles-religieux\/dedicace-dune-eglise-comme-a-lieu-la-naissance-dun-nouveau-batiment-sacre\/"},"author":{"name":"Redazione","@id":"https:\/\/blog.holyart.it\/fr\/#\/schema\/person\/0a7b686e5af0f856ec1e390dd0baecda"},"headline":"D\u00e9dicace d\u2019une \u00e9glise : comme a lieu la naissance d\u2019un nouveau b\u00e2timent sacr\u00e9","datePublished":"2025-02-17T09:00:41+00:00","dateModified":"2026-02-16T16:54:17+00:00","mainEntityOfPage":{"@id":"https:\/\/blog.holyart.it\/fr\/articles-religieux\/dedicace-dune-eglise-comme-a-lieu-la-naissance-dun-nouveau-batiment-sacre\/"},"wordCount":1760,"publisher":{"@id":"https:\/\/blog.holyart.it\/fr\/#organization"},"image":{"@id":"https:\/\/blog.holyart.it\/fr\/articles-religieux\/dedicace-dune-eglise-comme-a-lieu-la-naissance-dun-nouveau-batiment-sacre\/#primaryimage"},"thumbnailUrl":"https:\/\/blog.holyart.it\/fr\/wp-content\/uploads\/sites\/14\/2025\/01\/Dedicace-dune-eglise.jpg","articleSection":["Religion"],"inLanguage":"fr-FR"},{"@type":"WebPage","@id":"https:\/\/blog.holyart.it\/fr\/articles-religieux\/dedicace-dune-eglise-comme-a-lieu-la-naissance-dun-nouveau-batiment-sacre\/","url":"https:\/\/blog.holyart.it\/fr\/articles-religieux\/dedicace-dune-eglise-comme-a-lieu-la-naissance-dun-nouveau-batiment-sacre\/","name":"D\u00e9dicace d\u2019une \u00e9glise : comme a lieu la naissance d\u2019un nouveau b\u00e2timent sacr\u00e9 - Holyart.fr Blog","isPartOf":{"@id":"https:\/\/blog.holyart.it\/fr\/#website"},"primaryImageOfPage":{"@id":"https:\/\/blog.holyart.it\/fr\/articles-religieux\/dedicace-dune-eglise-comme-a-lieu-la-naissance-dun-nouveau-batiment-sacre\/#primaryimage"},"image":{"@id":"https:\/\/blog.holyart.it\/fr\/articles-religieux\/dedicace-dune-eglise-comme-a-lieu-la-naissance-dun-nouveau-batiment-sacre\/#primaryimage"},"thumbnailUrl":"https:\/\/blog.holyart.it\/fr\/wp-content\/uploads\/sites\/14\/2025\/01\/Dedicace-dune-eglise.jpg","datePublished":"2025-02-17T09:00:41+00:00","dateModified":"2026-02-16T16:54:17+00:00","description":"La d\u00e9dicace d\u2019une \u00e9glise est un rite \u00e0 la profonde signification symbolique et spirituelle, qui conf\u00e8re au b\u00e2timent une dimension sacr\u00e9e et \u00e9ternelle en le d\u00e9diant \u00e0 Dieu.","breadcrumb":{"@id":"https:\/\/blog.holyart.it\/fr\/articles-religieux\/dedicace-dune-eglise-comme-a-lieu-la-naissance-dun-nouveau-batiment-sacre\/#breadcrumb"},"inLanguage":"fr-FR","potentialAction":[{"@type":"ReadAction","target":["https:\/\/blog.holyart.it\/fr\/articles-religieux\/dedicace-dune-eglise-comme-a-lieu-la-naissance-dun-nouveau-batiment-sacre\/"]}]},{"@type":"ImageObject","inLanguage":"fr-FR","@id":"https:\/\/blog.holyart.it\/fr\/articles-religieux\/dedicace-dune-eglise-comme-a-lieu-la-naissance-dun-nouveau-batiment-sacre\/#primaryimage","url":"https:\/\/blog.holyart.it\/fr\/wp-content\/uploads\/sites\/14\/2025\/01\/Dedicace-dune-eglise.jpg","contentUrl":"https:\/\/blog.holyart.it\/fr\/wp-content\/uploads\/sites\/14\/2025\/01\/Dedicace-dune-eglise.jpg","width":1000,"height":666,"caption":"D\u00e9dicace d\u2019une \u00e9glise"},{"@type":"BreadcrumbList","@id":"https:\/\/blog.holyart.it\/fr\/articles-religieux\/dedicace-dune-eglise-comme-a-lieu-la-naissance-dun-nouveau-batiment-sacre\/#breadcrumb","itemListElement":[{"@type":"ListItem","position":1,"name":"Homepage","item":"https:\/\/blog.holyart.it\/fr\/"},{"@type":"ListItem","position":2,"name":"Religion","item":"https:\/\/blog.holyart.it\/fr\/articles-religieux\/"},{"@type":"ListItem","position":3,"name":"D\u00e9dicace d\u2019une \u00e9glise : comme a lieu la naissance d\u2019un nouveau b\u00e2timent sacr\u00e9"}]},{"@type":"WebSite","@id":"https:\/\/blog.holyart.it\/fr\/#website","url":"https:\/\/blog.holyart.it\/fr\/","name":"Holyart.fr Blog","description":"Holyblog","publisher":{"@id":"https:\/\/blog.holyart.it\/fr\/#organization"},"potentialAction":[{"@type":"SearchAction","target":{"@type":"EntryPoint","urlTemplate":"https:\/\/blog.holyart.it\/fr\/?s={search_term_string}"},"query-input":{"@type":"PropertyValueSpecification","valueRequired":true,"valueName":"search_term_string"}}],"inLanguage":"fr-FR"},{"@type":"Organization","@id":"https:\/\/blog.holyart.it\/fr\/#organization","name":"Holyart.fr Blog","url":"https:\/\/blog.holyart.it\/fr\/","logo":{"@type":"ImageObject","inLanguage":"fr-FR","@id":"https:\/\/blog.holyart.it\/fr\/#\/schema\/logo\/image\/","url":"https:\/\/blog.holyart.it\/fr\/wp-content\/uploads\/sites\/14\/2022\/12\/Holyart_Blog_Logo.jpg","contentUrl":"https:\/\/blog.holyart.it\/fr\/wp-content\/uploads\/sites\/14\/2022\/12\/Holyart_Blog_Logo.jpg","width":300,"height":50,"caption":"Holyart.fr Blog"},"image":{"@id":"https:\/\/blog.holyart.it\/fr\/#\/schema\/logo\/image\/"}},{"@type":"Person","@id":"https:\/\/blog.holyart.it\/fr\/#\/schema\/person\/0a7b686e5af0f856ec1e390dd0baecda","name":"Redazione","image":{"@type":"ImageObject","inLanguage":"fr-FR","@id":"https:\/\/blog.holyart.it\/fr\/#\/schema\/person\/image\/","url":"https:\/\/secure.gravatar.com\/avatar\/f477da817f43e50d0af36abecd33e3edf826c68299714bdc1057dff3b113f516?s=96&d=mm&r=g","contentUrl":"https:\/\/secure.gravatar.com\/avatar\/f477da817f43e50d0af36abecd33e3edf826c68299714bdc1057dff3b113f516?s=96&d=mm&r=g","caption":"Redazione"},"url":"https:\/\/blog.holyart.it\/fr\/author\/admin\/"}]}},"_links":{"self":[{"href":"https:\/\/blog.holyart.it\/fr\/wp-json\/wp\/v2\/posts\/9647","targetHints":{"allow":["GET"]}}],"collection":[{"href":"https:\/\/blog.holyart.it\/fr\/wp-json\/wp\/v2\/posts"}],"about":[{"href":"https:\/\/blog.holyart.it\/fr\/wp-json\/wp\/v2\/types\/post"}],"author":[{"embeddable":true,"href":"https:\/\/blog.holyart.it\/fr\/wp-json\/wp\/v2\/users\/1"}],"replies":[{"embeddable":true,"href":"https:\/\/blog.holyart.it\/fr\/wp-json\/wp\/v2\/comments?post=9647"}],"version-history":[{"count":10,"href":"https:\/\/blog.holyart.it\/fr\/wp-json\/wp\/v2\/posts\/9647\/revisions"}],"predecessor-version":[{"id":9666,"href":"https:\/\/blog.holyart.it\/fr\/wp-json\/wp\/v2\/posts\/9647\/revisions\/9666"}],"wp:featuredmedia":[{"embeddable":true,"href":"https:\/\/blog.holyart.it\/fr\/wp-json\/wp\/v2\/media\/9650"}],"wp:attachment":[{"href":"https:\/\/blog.holyart.it\/fr\/wp-json\/wp\/v2\/media?parent=9647"}],"wp:term":[{"taxonomy":"category","embeddable":true,"href":"https:\/\/blog.holyart.it\/fr\/wp-json\/wp\/v2\/categories?post=9647"},{"taxonomy":"post_tag","embeddable":true,"href":"https:\/\/blog.holyart.it\/fr\/wp-json\/wp\/v2\/tags?post=9647"}],"curies":[{"name":"wp","href":"https:\/\/api.w.org\/{rel}","templated":true}]}}