{"id":9608,"date":"2025-03-17T10:00:03","date_gmt":"2025-03-17T09:00:03","guid":{"rendered":"https:\/\/blog.holyart.it\/fr\/?p=9608"},"modified":"2025-09-30T14:09:33","modified_gmt":"2025-09-30T12:09:33","slug":"lanneau-du-pecheur-et-le-rite-qui-marque-le-debut-du-pontificat","status":"publish","type":"post","link":"https:\/\/blog.holyart.it\/fr\/articles-religieux\/lanneau-du-pecheur-et-le-rite-qui-marque-le-debut-du-pontificat\/","title":{"rendered":"L\u2019anneau du P\u00eacheur et le rite qui marque le d\u00e9but du pontificat"},"content":{"rendered":"<h4>L\u2019anneau du P\u00eacheur, une des plus anciennes traditions li\u00e9es \u00e0 l\u2019\u00e9lection du pape. Comme est-il fait et \u00e0 quoi sert-il ?<\/h4>\n<p>Peu d\u2019objets li\u00e9s \u00e0 la religion et aux rites du catholicisme expriment une valeur symbolique et une pl\u00e9nitude de sens et d\u2019histoire aussi puissantes que l\u2019<strong>anneau du P\u00eacheur <\/strong>(<em>anulus piscatoris<\/em>). Cela parce que sur la surface m\u00eame de la bague du pape est imprim\u00e9e l\u2019<a href=\"https:\/\/www.holyart.fr\/accessoires-pour-la-liturgie\/attributs-episcopaux\/anneau-pastoral-argent-925-apotre-pierre\"><strong>image de Saint Pierre<\/strong><\/a> en train de jeter ses filets depuis son bateau. La r\u00e9f\u00e9rence \u00e0 l\u2019<strong>\u00c9vangile de Luc <\/strong>(5,1-11) est imm\u00e9diate : sur les rives du lac de G\u00e9n\u00e9sareth, lorsqu\u2019il est en train de pr\u00eacher la parole de Dieu, J\u00e9sus voit deux bateaux amarr\u00e9s et monte sur celle qui appartenait \u00e0 un certain Simon, en lui demandant de prendre le large et de jeter ses filets. Le p\u00eacheur se lamenta du fait qu\u2019il n\u2019avait rien p\u00each\u00e9 de toute sa nuit, mais ob\u00e9it \u00e0 la requ\u00eate de J\u00e9sus et en quelques instants les filets se remplirent de poissons. Devant la stupeur de Simon, J\u00e9sus lui communique qu\u2019\u00e0 partir de cet instant-l\u00e0 il aurait fait de lui un <strong>p\u00eacheur d\u2019hommes<\/strong>. Ainsi Simon, futur <strong>Saint Pierre l\u2019Ap\u00f4tre<\/strong>, avec Jacques et Jean, fils de Z\u00e9b\u00e9d\u00e9e, tir\u00e8rent les bateaux \u00e0 terre, quitt\u00e8rent tout et Le suivirent.<\/p>\n<div class=\"link-product\">\n<div class=\"blocco-immagine\"><img loading=\"lazy\" decoding=\"async\" class=\"alignnone size-full wp-image-9612\" src=\"https:\/\/blog.holyart.it\/fr\/wp-content\/uploads\/sites\/14\/2025\/01\/Anneau-pastoral-argent-925-apotre-Pierre.jpg\" alt=\"Anneau pastoral argent 925 ap\u00f4tre Pierre\" width=\"100\" height=\"100\" data-kale-share-title=\"L\u2019anneau du P\u00eacheur et le rite qui marque le d\u00e9but du pontificat\" data-kale-share-url=\"https:\/\/blog.holyart.it\/fr\/?p=9608\" \/><\/div>\n<div class=\"blocco-contenuto\">\n<div class=\"blocco-acquista\">Acheter sur Holyart:<\/div>\n<div class=\"blocco-titolo\"><a href=\"https:\/\/www.holyart.fr\/accessoires-pour-la-liturgie\/attributs-episcopaux\/anneau-pastoral-argent-925-apotre-pierre\">Anneau pastoral argent 925 ap\u00f4tre Pierre<\/a><\/div>\n<div class=\"blocco-descrizione\">Anneau pour \u00e9v\u00eaque en argent r\u00e9alis\u00e9 par un artisan Italien.<\/div>\n<\/div>\n<\/div>\n<p>Bien que les premiers documents concernant l\u2019anneau du P\u00eacheur en tant que <strong>sceau pour la correspondance priv\u00e9e<\/strong> du pape remonte au 1265, dans une lettre \u00e9crite par pape Cl\u00e9ment IV au neveu Pietro Grossi, celle de l\u2019anneau du P\u00eacheur est une des <strong>traditions les plus anciennes li\u00e9es \u00e0 l\u2019\u00e9lection papale<\/strong>. Il est probable que d\u00e9j\u00e0 en 1100 le nouveau Pape recevait l\u2019anneau au moment de sa mont\u00e9e au tr\u00f4ne pontifical et il le portait \u00e0 partir de ce moment-l\u00e0 \u00e0 l\u2019annulaire de la main droite.<\/p>\n<p>L\u2019anneau papal est d\u2019<strong>or<\/strong>, avec le <strong>nom du pape grav\u00e9 le long du bord <\/strong>de l\u2019effigie de l\u2019ap\u00f4tre Pierre. Au cours de la <strong>messe solennelle<\/strong> pour l\u2019\u00e9lection du pape, le cardinal camerlingue le remet au nouveau pape. \u00c0 la <a href=\"https:\/\/www.holyart.fr\/blog\/articles-religieux\/les-tombes-des-papes-et-tout-ce-quil-faut-savoir\/\"><strong><u>mort du pape<\/u><\/strong><\/a>, le m\u00eame camerlingue d\u00e9truit l\u2019anneau du P\u00eacheur avec un marteau d\u2019argent devant les autres cardinaux. L\u2019anneau ainsi cass\u00e9 est conserv\u00e9 dans les mus\u00e9es du Vatican.<\/p>\n<div class=\"link-article\">\n<p><img loading=\"lazy\" decoding=\"async\" class=\"alignnone size-full wp-image-9614\" src=\"https:\/\/blog.holyart.it\/fr\/wp-content\/uploads\/sites\/14\/2025\/01\/Les-tombes-des-papes.jpeg\" alt=\"Les tombes des papes\" width=\"150\" height=\"99\" data-kale-share-title=\"L\u2019anneau du P\u00eacheur et le rite qui marque le d\u00e9but du pontificat\" data-kale-share-url=\"https:\/\/blog.holyart.it\/fr\/?p=9608\" \/><\/p>\n<div class=\"leggi-anche\">Lire aussi :<\/div>\n<p><strong><a href=\"https:\/\/www.holyart.fr\/blog\/articles-religieux\/les-tombes-des-papes-et-tout-ce-quil-faut-savoir\/\">Les tombes des papes et tout ce qu\u2019il faut savoir<\/a><\/strong><br \/>\nO\u00f9 se trouvent les tombes des papes ? D\u00e9couvrons o\u00f9 sont enterr\u00e9s depuis des si\u00e8cles les souverains pontifes et comment a lieu leur enterrement&#8230;<\/p>\n<\/div>\n<h2>Les usages de l\u2019anneau dans l\u2019histoire<\/h2>\n<p>Mais \u00e0 quoi sert l\u2019anneau du P\u00eacheur ? Il ne s\u2019agit pas simplement d\u2019un bijou ou d\u2019un attribut papal, ou du moins ce n\u2019\u00e9tait pas ainsi dans le pass\u00e9. Le <strong>baiser de l\u2019anneau<\/strong> \u00e9tait une pratique tr\u00e8s r\u00e9pandue dans les milieux la\u00efcs, o\u00f9 rois et empereurs l\u2019exigeaient comme signe de respect de la part de leurs vassaux et de leurs sujets. Il est probable que cette tradition se soit transmise \u00e9galement aux papes, consid\u00e9rant combien leur r\u00f4le \u00e9tait important dans les questions s\u00e9culaires dans les temps anciens. \u00a0Aujourd\u2019hui, en effet, l\u2019anneau du P\u00eacheur a une fonction principalement symbolique, mais dans l\u2019antiquit\u00e9 elle avait \u00e9galement des utilisations tr\u00e8s sp\u00e9cifiques et incontournables. Le fait qu\u2019il soit d\u00e9truit \u00e0 la mort du pape, par exemple, a une explication qui devient tout de suite claire si nous pensons que jusqu\u2019\u00e0 1842 l\u2019anneau du P\u00eacheur \u00e9tait utilis\u00e9 par le pape comme <strong>sceau<\/strong> pour toute sa correspondance priv\u00e9e et pour les documents de moindre importance du <a href=\"https:\/\/www.holyart.fr\/blog\/articles-religieux\/basilique-saint-pierre-eglise-symbole-du-monde-chretien\/\"><strong><u>Saint Si\u00e8ge<\/u><\/strong><\/a>, qui toutefois avaient \u00e9t\u00e9 \u00e9crits par le pape ou du moins portaient sa signature (<em>sub anulo piscatoris<\/em> est une formule r\u00e9currente dans ces documents et indique justement cette pratique). \u00c0 la diff\u00e9rence des documents plus importants et officielles qui \u00e9taient scell\u00e9s avec le <strong>plomb fondu<\/strong> (bulle papale), sur les documents moins importants et plus priv\u00e9s \u00e9tait imprim\u00e9e l\u2019effigie de l\u2019anneau du P\u00eacheur sur de la <strong>cire \u00e0 cacheter chaude<\/strong>. En d\u00e9truisant l\u2019anneau apr\u00e8s la mort du pape on \u00e9vitait que quelqu\u2019un puisse s\u2019en approprier et l\u2019utiliser de mani\u00e8re inappropri\u00e9e afin de l\u00e9gitimer des documents posthumes. Aujourd\u2019hui la destruction de l\u2019anneau indique que le mandat papal est fini et que le si\u00e8ge est vacant.<\/p>\n<div class=\"link-article\">\n<p><img loading=\"lazy\" decoding=\"async\" class=\"alignnone size-full wp-image-9616\" src=\"https:\/\/blog.holyart.it\/fr\/wp-content\/uploads\/sites\/14\/2025\/01\/Basilique-Saint-Pierre.jpeg\" alt=\"Basilique Saint-Pierre\" width=\"150\" height=\"100\" data-kale-share-title=\"L\u2019anneau du P\u00eacheur et le rite qui marque le d\u00e9but du pontificat\" data-kale-share-url=\"https:\/\/blog.holyart.it\/fr\/?p=9608\" \/><\/p>\n<div class=\"leggi-anche\">Lire aussi :<\/div>\n<p><strong><a href=\"https:\/\/www.holyart.fr\/blog\/articles-religieux\/basilique-saint-pierre-eglise-symbole-du-monde-chretien\/\">Basilique Saint-Pierre : \u00c9glise symbole du monde chr\u00e9tien<\/a><\/strong><br \/>\nSaint-Pierre est une basilique riche en significations, myst\u00e8res et \u0153uvres d\u2019art sacr\u00e9es c\u00e9l\u00e8bre dans le monde entier&#8230;<\/p>\n<\/div>\n<h2>L\u2019anneau du p\u00eacheur de Pape Fran\u00e7ois<\/h2>\n<p>Quand le <a href=\"https:\/\/www.holyart.fr\/blog\/articles-religieux\/anniversaire-de-lelection-de-pape-francois\/\"><strong><u>19 mars 2013<\/u><\/strong><\/a> le Doyen du Coll\u00e8ge Cardinalice de l\u2019\u00e9poque, Angelo Sodano, enfila la bague papale au doigt du cardinal Bergoglio, en l\u2019\u00e9levant ainsi au si\u00e8ge pontifical comme Pape Fran\u00e7ois, il ne l\u2019a pas fait en utilisant un anneau d\u2019or, mais d\u2019<strong>argent<\/strong>.<\/p>\n<div class=\"link-article\">\n<p><img loading=\"lazy\" decoding=\"async\" class=\"alignnone size-full wp-image-9619\" src=\"https:\/\/blog.holyart.it\/fr\/wp-content\/uploads\/sites\/14\/2025\/01\/Pape-Francois.jpg\" alt=\"Pape Fran\u00e7ois\" width=\"150\" height=\"99\" data-kale-share-title=\"L\u2019anneau du P\u00eacheur et le rite qui marque le d\u00e9but du pontificat\" data-kale-share-url=\"https:\/\/blog.holyart.it\/fr\/?p=9608\" \/><\/p>\n<div class=\"leggi-anche\">Lire aussi :<\/div>\n<p><strong><a href=\"https:\/\/www.holyart.fr\/blog\/articles-religieux\/anniversaire-de-lelection-de-pape-francois\/\">Anniversaire de l\u2019\u00e9lection de Pape Fran\u00e7ois<\/a><\/strong><br \/>\nLa r\u00e9volution pacifique de Pape Fran\u00e7ois. \u00c0 l\u2019occasion du cinqui\u00e8me anniversaire de son \u00e9lection, c\u00e9l\u00e9br\u00e9e il y a peu&#8230;<\/p>\n<\/div>\n<p>D\u00e9j\u00e0 avant <a href=\"https:\/\/www.holyart.fr\/occasions-speciales\/pape-francois?page=1&amp;flags=true\"><strong>Pape Fran\u00e7ois<\/strong><\/a>, d\u2019autres papes avaient voulu changer cette tradition s\u00e9culaire\u00a0: <strong>Jean-Paul II<\/strong>, par exemple, n\u2019avait pas voulu que son anneau soit d\u00e9truit, mais il l\u2019envoya \u00e0 l\u2019archev\u00eaque de Cracovie afin qu\u2019il le mette dans l\u2019\u00e9glise des Carm\u00e9lites D\u00e9chauss\u00e9s de sa ville natale, Wadowice. <a href=\"https:\/\/www.holyart.fr\/occasions-speciales\/benoit-xvi?page=1\"><strong>Beno\u00eet XVI<\/strong><\/a> aussi, en renon\u00e7ant au pontificat, ne fit pas d\u00e9truire sa bague, mais la fit simplement biffer avec un burin afin qu\u2019elle ne soit plus utilisable, suivant une pratique appel\u00e9e <em>rainage<\/em>.<\/p>\n<div class=\"link-product\">\n<div class=\"blocco-immagine\"><img loading=\"lazy\" decoding=\"async\" class=\"alignnone size-full wp-image-9622\" src=\"https:\/\/blog.holyart.it\/fr\/wp-content\/uploads\/sites\/14\/2025\/01\/Collier-croix-Pape-Francois-8x5-cm.jpg\" alt=\"Collier croix Pape Fran\u00e7ois 8x5 cm\" width=\"100\" height=\"100\" data-kale-share-title=\"L\u2019anneau du P\u00eacheur et le rite qui marque le d\u00e9but du pontificat\" data-kale-share-url=\"https:\/\/blog.holyart.it\/fr\/?p=9608\" \/><\/div>\n<div class=\"blocco-contenuto\">\n<div class=\"blocco-acquista\">Acheter sur Holyart:<\/div>\n<div class=\"blocco-titolo\"><a href=\"https:\/\/www.holyart.fr\/articles-religieux\/pendentifs-tau-medailles-scapulaires\/pendentifs-croix-metal\/collier-croix-pape-francois-8x5-cm\">Collier croix Pape Fran\u00e7ois 8&#215;5 cm<\/a><\/div>\n<div class=\"blocco-descrizione\">Collier croix Pape Fran\u00e7ois 8&#215;5 cm. Croix en m\u00e9tal avec corde marron<\/div>\n<\/div>\n<\/div>\n<p>Le choix de <strong>Pape Bergoglio<\/strong> a repr\u00e9sent\u00e9 un signe de rupture tr\u00e8s significatif, qui a indiqu\u00e9 clairement d\u00e8s le d\u00e9but sa position concernant les traditions et sa volont\u00e9 de renouveler des nombreux aspects purement symboliques de l\u2019\u00c9glise en faveur d\u2019une plus grande attention pour les faibles, les n\u00e9cessiteux, les pauvres.<\/p>\n","protected":false},"excerpt":{"rendered":"<p>L\u2019anneau du P\u00eacheur, une des plus anciennes traditions li\u00e9es \u00e0 l\u2019\u00e9lection du pape. Comme est-il fait et \u00e0 quoi sert-il ? Peu d\u2019objets li\u00e9s \u00e0 la religion et aux rites du catholicisme expriment une valeur symbolique et une pl\u00e9nitude de sens et d\u2019histoire aussi puissantes&hellip;<\/p>\n","protected":false},"author":1,"featured_media":9611,"comment_status":"closed","ping_status":"open","sticky":false,"template":"","format":"standard","meta":{"_acf_changed":false,"footnotes":""},"categories":[8],"tags":[],"class_list":["post-9608","post","type-post","status-publish","format-standard","has-post-thumbnail","hentry","category-articles-religieux"],"acf":[],"yoast_head":"<!-- This site is optimized with the Yoast SEO plugin v26.6 - https:\/\/yoast.com\/wordpress\/plugins\/seo\/ -->\n<title>L\u2019anneau du P\u00eacheur et le rite qui marque le d\u00e9but du pontificat - Holyart.fr Blog<\/title>\n<meta name=\"description\" content=\"L&#039;anneau du P\u00eacheur est un des attributs papaux les plus anciens et charg\u00e9s de sens. D\u00e9couvrons quand il est remis au saint Pontife et quelle \u00e9tait sa fonction dans le pass\u00e9.\" \/>\n<meta name=\"robots\" content=\"index, follow, max-snippet:-1, max-image-preview:large, max-video-preview:-1\" \/>\n<link rel=\"canonical\" href=\"https:\/\/blog.holyart.it\/fr\/articles-religieux\/lanneau-du-pecheur-et-le-rite-qui-marque-le-debut-du-pontificat\/\" \/>\n<meta property=\"og:locale\" content=\"fr_FR\" \/>\n<meta property=\"og:type\" content=\"article\" \/>\n<meta property=\"og:title\" content=\"L\u2019anneau du P\u00eacheur et le rite qui marque le d\u00e9but du pontificat - Holyart.fr Blog\" \/>\n<meta property=\"og:description\" content=\"L&#039;anneau du P\u00eacheur est un des attributs papaux les plus anciens et charg\u00e9s de sens. D\u00e9couvrons quand il est remis au saint Pontife et quelle \u00e9tait sa fonction dans le pass\u00e9.\" \/>\n<meta property=\"og:url\" content=\"https:\/\/blog.holyart.it\/fr\/articles-religieux\/lanneau-du-pecheur-et-le-rite-qui-marque-le-debut-du-pontificat\/\" \/>\n<meta property=\"og:site_name\" content=\"Holyart.fr Blog\" \/>\n<meta property=\"article:published_time\" content=\"2025-03-17T09:00:03+00:00\" \/>\n<meta property=\"article:modified_time\" content=\"2025-09-30T12:09:33+00:00\" \/>\n<meta property=\"og:image\" content=\"https:\/\/blog.holyart.it\/fr\/wp-content\/uploads\/sites\/14\/2025\/01\/Lanneau-du-Pecheur.jpg\" \/>\n\t<meta property=\"og:image:width\" content=\"1000\" \/>\n\t<meta property=\"og:image:height\" content=\"666\" \/>\n\t<meta property=\"og:image:type\" content=\"image\/jpeg\" \/>\n<meta name=\"author\" content=\"Redazione\" \/>\n<meta name=\"twitter:card\" content=\"summary_large_image\" \/>\n<meta name=\"twitter:label1\" content=\"\u00c9crit par\" \/>\n\t<meta name=\"twitter:data1\" content=\"Redazione\" \/>\n\t<meta name=\"twitter:label2\" content=\"Dur\u00e9e de lecture estim\u00e9e\" \/>\n\t<meta name=\"twitter:data2\" content=\"7 minutes\" \/>\n<script type=\"application\/ld+json\" class=\"yoast-schema-graph\">{\"@context\":\"https:\/\/schema.org\",\"@graph\":[{\"@type\":\"Article\",\"@id\":\"https:\/\/blog.holyart.it\/fr\/articles-religieux\/lanneau-du-pecheur-et-le-rite-qui-marque-le-debut-du-pontificat\/#article\",\"isPartOf\":{\"@id\":\"https:\/\/blog.holyart.it\/fr\/articles-religieux\/lanneau-du-pecheur-et-le-rite-qui-marque-le-debut-du-pontificat\/\"},\"author\":{\"name\":\"Redazione\",\"@id\":\"https:\/\/blog.holyart.it\/fr\/#\/schema\/person\/0a7b686e5af0f856ec1e390dd0baecda\"},\"headline\":\"L\u2019anneau du P\u00eacheur et le rite qui marque le d\u00e9but du pontificat\",\"datePublished\":\"2025-03-17T09:00:03+00:00\",\"dateModified\":\"2025-09-30T12:09:33+00:00\",\"mainEntityOfPage\":{\"@id\":\"https:\/\/blog.holyart.it\/fr\/articles-religieux\/lanneau-du-pecheur-et-le-rite-qui-marque-le-debut-du-pontificat\/\"},\"wordCount\":1110,\"publisher\":{\"@id\":\"https:\/\/blog.holyart.it\/fr\/#organization\"},\"image\":{\"@id\":\"https:\/\/blog.holyart.it\/fr\/articles-religieux\/lanneau-du-pecheur-et-le-rite-qui-marque-le-debut-du-pontificat\/#primaryimage\"},\"thumbnailUrl\":\"https:\/\/blog.holyart.it\/fr\/wp-content\/uploads\/sites\/14\/2025\/01\/Lanneau-du-Pecheur.jpg\",\"articleSection\":[\"Religion\"],\"inLanguage\":\"fr-FR\"},{\"@type\":\"WebPage\",\"@id\":\"https:\/\/blog.holyart.it\/fr\/articles-religieux\/lanneau-du-pecheur-et-le-rite-qui-marque-le-debut-du-pontificat\/\",\"url\":\"https:\/\/blog.holyart.it\/fr\/articles-religieux\/lanneau-du-pecheur-et-le-rite-qui-marque-le-debut-du-pontificat\/\",\"name\":\"L\u2019anneau du P\u00eacheur et le rite qui marque le d\u00e9but du pontificat - Holyart.fr Blog\",\"isPartOf\":{\"@id\":\"https:\/\/blog.holyart.it\/fr\/#website\"},\"primaryImageOfPage\":{\"@id\":\"https:\/\/blog.holyart.it\/fr\/articles-religieux\/lanneau-du-pecheur-et-le-rite-qui-marque-le-debut-du-pontificat\/#primaryimage\"},\"image\":{\"@id\":\"https:\/\/blog.holyart.it\/fr\/articles-religieux\/lanneau-du-pecheur-et-le-rite-qui-marque-le-debut-du-pontificat\/#primaryimage\"},\"thumbnailUrl\":\"https:\/\/blog.holyart.it\/fr\/wp-content\/uploads\/sites\/14\/2025\/01\/Lanneau-du-Pecheur.jpg\",\"datePublished\":\"2025-03-17T09:00:03+00:00\",\"dateModified\":\"2025-09-30T12:09:33+00:00\",\"description\":\"L'anneau du P\u00eacheur est un des attributs papaux les plus anciens et charg\u00e9s de sens. D\u00e9couvrons quand il est remis au saint Pontife et quelle \u00e9tait sa fonction dans le pass\u00e9.\",\"breadcrumb\":{\"@id\":\"https:\/\/blog.holyart.it\/fr\/articles-religieux\/lanneau-du-pecheur-et-le-rite-qui-marque-le-debut-du-pontificat\/#breadcrumb\"},\"inLanguage\":\"fr-FR\",\"potentialAction\":[{\"@type\":\"ReadAction\",\"target\":[\"https:\/\/blog.holyart.it\/fr\/articles-religieux\/lanneau-du-pecheur-et-le-rite-qui-marque-le-debut-du-pontificat\/\"]}]},{\"@type\":\"ImageObject\",\"inLanguage\":\"fr-FR\",\"@id\":\"https:\/\/blog.holyart.it\/fr\/articles-religieux\/lanneau-du-pecheur-et-le-rite-qui-marque-le-debut-du-pontificat\/#primaryimage\",\"url\":\"https:\/\/blog.holyart.it\/fr\/wp-content\/uploads\/sites\/14\/2025\/01\/Lanneau-du-Pecheur.jpg\",\"contentUrl\":\"https:\/\/blog.holyart.it\/fr\/wp-content\/uploads\/sites\/14\/2025\/01\/Lanneau-du-Pecheur.jpg\",\"width\":1000,\"height\":666,\"caption\":\"L\u2019anneau du P\u00eacheur\"},{\"@type\":\"BreadcrumbList\",\"@id\":\"https:\/\/blog.holyart.it\/fr\/articles-religieux\/lanneau-du-pecheur-et-le-rite-qui-marque-le-debut-du-pontificat\/#breadcrumb\",\"itemListElement\":[{\"@type\":\"ListItem\",\"position\":1,\"name\":\"Homepage\",\"item\":\"https:\/\/blog.holyart.it\/fr\/\"},{\"@type\":\"ListItem\",\"position\":2,\"name\":\"Religion\",\"item\":\"https:\/\/blog.holyart.it\/fr\/articles-religieux\/\"},{\"@type\":\"ListItem\",\"position\":3,\"name\":\"L\u2019anneau du P\u00eacheur et le rite qui marque le d\u00e9but du pontificat\"}]},{\"@type\":\"WebSite\",\"@id\":\"https:\/\/blog.holyart.it\/fr\/#website\",\"url\":\"https:\/\/blog.holyart.it\/fr\/\",\"name\":\"Holyart.fr Blog\",\"description\":\"Holyblog\",\"publisher\":{\"@id\":\"https:\/\/blog.holyart.it\/fr\/#organization\"},\"potentialAction\":[{\"@type\":\"SearchAction\",\"target\":{\"@type\":\"EntryPoint\",\"urlTemplate\":\"https:\/\/blog.holyart.it\/fr\/?s={search_term_string}\"},\"query-input\":{\"@type\":\"PropertyValueSpecification\",\"valueRequired\":true,\"valueName\":\"search_term_string\"}}],\"inLanguage\":\"fr-FR\"},{\"@type\":\"Organization\",\"@id\":\"https:\/\/blog.holyart.it\/fr\/#organization\",\"name\":\"Holyart.fr Blog\",\"url\":\"https:\/\/blog.holyart.it\/fr\/\",\"logo\":{\"@type\":\"ImageObject\",\"inLanguage\":\"fr-FR\",\"@id\":\"https:\/\/blog.holyart.it\/fr\/#\/schema\/logo\/image\/\",\"url\":\"https:\/\/blog.holyart.it\/fr\/wp-content\/uploads\/sites\/14\/2022\/12\/Holyart_Blog_Logo.jpg\",\"contentUrl\":\"https:\/\/blog.holyart.it\/fr\/wp-content\/uploads\/sites\/14\/2022\/12\/Holyart_Blog_Logo.jpg\",\"width\":300,\"height\":50,\"caption\":\"Holyart.fr Blog\"},\"image\":{\"@id\":\"https:\/\/blog.holyart.it\/fr\/#\/schema\/logo\/image\/\"}},{\"@type\":\"Person\",\"@id\":\"https:\/\/blog.holyart.it\/fr\/#\/schema\/person\/0a7b686e5af0f856ec1e390dd0baecda\",\"name\":\"Redazione\",\"image\":{\"@type\":\"ImageObject\",\"inLanguage\":\"fr-FR\",\"@id\":\"https:\/\/blog.holyart.it\/fr\/#\/schema\/person\/image\/\",\"url\":\"https:\/\/secure.gravatar.com\/avatar\/f477da817f43e50d0af36abecd33e3edf826c68299714bdc1057dff3b113f516?s=96&d=mm&r=g\",\"contentUrl\":\"https:\/\/secure.gravatar.com\/avatar\/f477da817f43e50d0af36abecd33e3edf826c68299714bdc1057dff3b113f516?s=96&d=mm&r=g\",\"caption\":\"Redazione\"},\"url\":\"https:\/\/blog.holyart.it\/fr\/author\/admin\/\"}]}<\/script>\n<!-- \/ Yoast SEO plugin. -->","yoast_head_json":{"title":"L\u2019anneau du P\u00eacheur et le rite qui marque le d\u00e9but du pontificat - Holyart.fr Blog","description":"L'anneau du P\u00eacheur est un des attributs papaux les plus anciens et charg\u00e9s de sens. D\u00e9couvrons quand il est remis au saint Pontife et quelle \u00e9tait sa fonction dans le pass\u00e9.","robots":{"index":"index","follow":"follow","max-snippet":"max-snippet:-1","max-image-preview":"max-image-preview:large","max-video-preview":"max-video-preview:-1"},"canonical":"https:\/\/blog.holyart.it\/fr\/articles-religieux\/lanneau-du-pecheur-et-le-rite-qui-marque-le-debut-du-pontificat\/","og_locale":"fr_FR","og_type":"article","og_title":"L\u2019anneau du P\u00eacheur et le rite qui marque le d\u00e9but du pontificat - Holyart.fr Blog","og_description":"L'anneau du P\u00eacheur est un des attributs papaux les plus anciens et charg\u00e9s de sens. D\u00e9couvrons quand il est remis au saint Pontife et quelle \u00e9tait sa fonction dans le pass\u00e9.","og_url":"https:\/\/blog.holyart.it\/fr\/articles-religieux\/lanneau-du-pecheur-et-le-rite-qui-marque-le-debut-du-pontificat\/","og_site_name":"Holyart.fr Blog","article_published_time":"2025-03-17T09:00:03+00:00","article_modified_time":"2025-09-30T12:09:33+00:00","og_image":[{"width":1000,"height":666,"url":"https:\/\/blog.holyart.it\/fr\/wp-content\/uploads\/sites\/14\/2025\/01\/Lanneau-du-Pecheur.jpg","type":"image\/jpeg"}],"author":"Redazione","twitter_card":"summary_large_image","twitter_misc":{"\u00c9crit par":"Redazione","Dur\u00e9e de lecture estim\u00e9e":"7 minutes"},"schema":{"@context":"https:\/\/schema.org","@graph":[{"@type":"Article","@id":"https:\/\/blog.holyart.it\/fr\/articles-religieux\/lanneau-du-pecheur-et-le-rite-qui-marque-le-debut-du-pontificat\/#article","isPartOf":{"@id":"https:\/\/blog.holyart.it\/fr\/articles-religieux\/lanneau-du-pecheur-et-le-rite-qui-marque-le-debut-du-pontificat\/"},"author":{"name":"Redazione","@id":"https:\/\/blog.holyart.it\/fr\/#\/schema\/person\/0a7b686e5af0f856ec1e390dd0baecda"},"headline":"L\u2019anneau du P\u00eacheur et le rite qui marque le d\u00e9but du pontificat","datePublished":"2025-03-17T09:00:03+00:00","dateModified":"2025-09-30T12:09:33+00:00","mainEntityOfPage":{"@id":"https:\/\/blog.holyart.it\/fr\/articles-religieux\/lanneau-du-pecheur-et-le-rite-qui-marque-le-debut-du-pontificat\/"},"wordCount":1110,"publisher":{"@id":"https:\/\/blog.holyart.it\/fr\/#organization"},"image":{"@id":"https:\/\/blog.holyart.it\/fr\/articles-religieux\/lanneau-du-pecheur-et-le-rite-qui-marque-le-debut-du-pontificat\/#primaryimage"},"thumbnailUrl":"https:\/\/blog.holyart.it\/fr\/wp-content\/uploads\/sites\/14\/2025\/01\/Lanneau-du-Pecheur.jpg","articleSection":["Religion"],"inLanguage":"fr-FR"},{"@type":"WebPage","@id":"https:\/\/blog.holyart.it\/fr\/articles-religieux\/lanneau-du-pecheur-et-le-rite-qui-marque-le-debut-du-pontificat\/","url":"https:\/\/blog.holyart.it\/fr\/articles-religieux\/lanneau-du-pecheur-et-le-rite-qui-marque-le-debut-du-pontificat\/","name":"L\u2019anneau du P\u00eacheur et le rite qui marque le d\u00e9but du pontificat - Holyart.fr Blog","isPartOf":{"@id":"https:\/\/blog.holyart.it\/fr\/#website"},"primaryImageOfPage":{"@id":"https:\/\/blog.holyart.it\/fr\/articles-religieux\/lanneau-du-pecheur-et-le-rite-qui-marque-le-debut-du-pontificat\/#primaryimage"},"image":{"@id":"https:\/\/blog.holyart.it\/fr\/articles-religieux\/lanneau-du-pecheur-et-le-rite-qui-marque-le-debut-du-pontificat\/#primaryimage"},"thumbnailUrl":"https:\/\/blog.holyart.it\/fr\/wp-content\/uploads\/sites\/14\/2025\/01\/Lanneau-du-Pecheur.jpg","datePublished":"2025-03-17T09:00:03+00:00","dateModified":"2025-09-30T12:09:33+00:00","description":"L'anneau du P\u00eacheur est un des attributs papaux les plus anciens et charg\u00e9s de sens. D\u00e9couvrons quand il est remis au saint Pontife et quelle \u00e9tait sa fonction dans le pass\u00e9.","breadcrumb":{"@id":"https:\/\/blog.holyart.it\/fr\/articles-religieux\/lanneau-du-pecheur-et-le-rite-qui-marque-le-debut-du-pontificat\/#breadcrumb"},"inLanguage":"fr-FR","potentialAction":[{"@type":"ReadAction","target":["https:\/\/blog.holyart.it\/fr\/articles-religieux\/lanneau-du-pecheur-et-le-rite-qui-marque-le-debut-du-pontificat\/"]}]},{"@type":"ImageObject","inLanguage":"fr-FR","@id":"https:\/\/blog.holyart.it\/fr\/articles-religieux\/lanneau-du-pecheur-et-le-rite-qui-marque-le-debut-du-pontificat\/#primaryimage","url":"https:\/\/blog.holyart.it\/fr\/wp-content\/uploads\/sites\/14\/2025\/01\/Lanneau-du-Pecheur.jpg","contentUrl":"https:\/\/blog.holyart.it\/fr\/wp-content\/uploads\/sites\/14\/2025\/01\/Lanneau-du-Pecheur.jpg","width":1000,"height":666,"caption":"L\u2019anneau du P\u00eacheur"},{"@type":"BreadcrumbList","@id":"https:\/\/blog.holyart.it\/fr\/articles-religieux\/lanneau-du-pecheur-et-le-rite-qui-marque-le-debut-du-pontificat\/#breadcrumb","itemListElement":[{"@type":"ListItem","position":1,"name":"Homepage","item":"https:\/\/blog.holyart.it\/fr\/"},{"@type":"ListItem","position":2,"name":"Religion","item":"https:\/\/blog.holyart.it\/fr\/articles-religieux\/"},{"@type":"ListItem","position":3,"name":"L\u2019anneau du P\u00eacheur et le rite qui marque le d\u00e9but du pontificat"}]},{"@type":"WebSite","@id":"https:\/\/blog.holyart.it\/fr\/#website","url":"https:\/\/blog.holyart.it\/fr\/","name":"Holyart.fr Blog","description":"Holyblog","publisher":{"@id":"https:\/\/blog.holyart.it\/fr\/#organization"},"potentialAction":[{"@type":"SearchAction","target":{"@type":"EntryPoint","urlTemplate":"https:\/\/blog.holyart.it\/fr\/?s={search_term_string}"},"query-input":{"@type":"PropertyValueSpecification","valueRequired":true,"valueName":"search_term_string"}}],"inLanguage":"fr-FR"},{"@type":"Organization","@id":"https:\/\/blog.holyart.it\/fr\/#organization","name":"Holyart.fr Blog","url":"https:\/\/blog.holyart.it\/fr\/","logo":{"@type":"ImageObject","inLanguage":"fr-FR","@id":"https:\/\/blog.holyart.it\/fr\/#\/schema\/logo\/image\/","url":"https:\/\/blog.holyart.it\/fr\/wp-content\/uploads\/sites\/14\/2022\/12\/Holyart_Blog_Logo.jpg","contentUrl":"https:\/\/blog.holyart.it\/fr\/wp-content\/uploads\/sites\/14\/2022\/12\/Holyart_Blog_Logo.jpg","width":300,"height":50,"caption":"Holyart.fr Blog"},"image":{"@id":"https:\/\/blog.holyart.it\/fr\/#\/schema\/logo\/image\/"}},{"@type":"Person","@id":"https:\/\/blog.holyart.it\/fr\/#\/schema\/person\/0a7b686e5af0f856ec1e390dd0baecda","name":"Redazione","image":{"@type":"ImageObject","inLanguage":"fr-FR","@id":"https:\/\/blog.holyart.it\/fr\/#\/schema\/person\/image\/","url":"https:\/\/secure.gravatar.com\/avatar\/f477da817f43e50d0af36abecd33e3edf826c68299714bdc1057dff3b113f516?s=96&d=mm&r=g","contentUrl":"https:\/\/secure.gravatar.com\/avatar\/f477da817f43e50d0af36abecd33e3edf826c68299714bdc1057dff3b113f516?s=96&d=mm&r=g","caption":"Redazione"},"url":"https:\/\/blog.holyart.it\/fr\/author\/admin\/"}]}},"_links":{"self":[{"href":"https:\/\/blog.holyart.it\/fr\/wp-json\/wp\/v2\/posts\/9608","targetHints":{"allow":["GET"]}}],"collection":[{"href":"https:\/\/blog.holyart.it\/fr\/wp-json\/wp\/v2\/posts"}],"about":[{"href":"https:\/\/blog.holyart.it\/fr\/wp-json\/wp\/v2\/types\/post"}],"author":[{"embeddable":true,"href":"https:\/\/blog.holyart.it\/fr\/wp-json\/wp\/v2\/users\/1"}],"replies":[{"embeddable":true,"href":"https:\/\/blog.holyart.it\/fr\/wp-json\/wp\/v2\/comments?post=9608"}],"version-history":[{"count":9,"href":"https:\/\/blog.holyart.it\/fr\/wp-json\/wp\/v2\/posts\/9608\/revisions"}],"predecessor-version":[{"id":9623,"href":"https:\/\/blog.holyart.it\/fr\/wp-json\/wp\/v2\/posts\/9608\/revisions\/9623"}],"wp:featuredmedia":[{"embeddable":true,"href":"https:\/\/blog.holyart.it\/fr\/wp-json\/wp\/v2\/media\/9611"}],"wp:attachment":[{"href":"https:\/\/blog.holyart.it\/fr\/wp-json\/wp\/v2\/media?parent=9608"}],"wp:term":[{"taxonomy":"category","embeddable":true,"href":"https:\/\/blog.holyart.it\/fr\/wp-json\/wp\/v2\/categories?post=9608"},{"taxonomy":"post_tag","embeddable":true,"href":"https:\/\/blog.holyart.it\/fr\/wp-json\/wp\/v2\/tags?post=9608"}],"curies":[{"name":"wp","href":"https:\/\/api.w.org\/{rel}","templated":true}]}}