{"id":950,"date":"2018-09-11T15:42:23","date_gmt":"2018-09-11T13:42:23","guid":{"rendered":"https:\/\/blog.holyart.it\/fr\/?p=950"},"modified":"2020-06-17T17:04:02","modified_gmt":"2020-06-17T15:04:02","slug":"crucifix-de-saint-damien","status":"publish","type":"post","link":"https:\/\/blog.holyart.it\/fr\/saints-et-bienheureux\/crucifix-de-saint-damien\/","title":{"rendered":"Crucifix de Saint-Damien"},"content":{"rendered":"<p>Le crucifix de Saint-Damien est celui devant lequel saint Fran\u00e7ois avait l\u2019intention de prier lorsque, en 1205, il re\u00e7ut du Seigneur l\u2019appel \u00e0 travailler \u00e0 la r\u00e9novation de son \u00e9glise. Le Saint d\u2019Assise a d\u2019abord cru que le Tr\u00e8s-Haut se r\u00e9f\u00e9rait \u00e0 l\u2019\u00e9glise Saint-Damien, o\u00f9 il se trouvait \u00e0 ce moment, et qui avait besoin de travaux de restauration, mais il s\u2019est rendu compte plus tard que Sa demande incluait toute l\u2019\u00c9glise, en proie \u00e0 la d\u00e9cadence, \u00e0 la corruption et aux luttes internes. \u00ab\u00a0Allez r\u00e9parer ma maison qui, comme vous le voyez, est en ruines\u00a0\u00bb \u00e9taient les mots que le crucifix adressait au jeune saint.<\/p>\n<p>Aujourd\u2019hui, le <a href=\"https:\/\/www.holyart.fr\/articles-religieux\/crucifix\/crucifix-en-bois\/crucifix-bois-st-damien-differentes-tailles\"><strong>crucifix de Saint-Damien<\/strong><\/a> est une image mondialement connue, le but d\u2019un p\u00e8lerinage constant de milliers de fid\u00e8les qui se rendent \u00e0 Assise chaque ann\u00e9e. Situ\u00e9 \u00e0 l\u2019origine dans l\u2019\u00e9glise Saint-Damien, il est aujourd\u2019hui expos\u00e9 au monast\u00e8re Sainte-Claire, o\u00f9 il a \u00e9t\u00e9 transf\u00e9r\u00e9 en 1275.<\/p>\n<p>Qu\u2019est-ce qui rend cette image sacr\u00e9e si sp\u00e9ciale ? Certes, une grande partie de sa c\u00e9l\u00e9brit\u00e9 vient de saint Fran\u00e7ois d\u2019Assise et de son exp\u00e9rience mystique li\u00e9e au crucifix de Saint-Damien, mais cette repr\u00e9sentation particuli\u00e8re du Christ triomphant sur la croix a exist\u00e9 bien avant que le pauvre d\u2019Assise ne pose ses yeux sur lui. En fait, ce type de croix, qui rappelle fortement les ic\u00f4nes byzantines, est n\u00e9 avec l\u2019\u00c9glise orientale et a atteint l\u2019Italie et l\u2019Ombrie \u00e0 travers un long et aventureux voyage.<\/p>\n<p>Mais allons-y \u00e9tape par \u00e9tape.<\/p>\n<h2>Qui \u00e9tait Saint-Damien\u00a0?<\/h2>\n<p>Damianus, ou Damien, \u00e9tait un jeune m\u00e9decin d\u2019origine arabe, n\u00e9 dans la ville d\u2019Aigai en Cilicie (aujourd\u2019hui, connue comme Ayas des Arm\u00e9niens, Turquie), qui a v\u00e9cu au IIIe si\u00e8cle apr\u00e8s J.-C. dans la r\u00e9gion qui \u00e9tait alors connue sous le nom de Syrie romaine. Il appartenait \u00e0 une famille compos\u00e9e de cinq fr\u00e8res\u00a0: C\u00f4me (selon les \u00e9rudits modernes, le jumeau de Damien), Antime, L\u00e9once et Eupr\u00e9pius. L\u2019identit\u00e9 du p\u00e8re est inconnue, m\u00eame s\u2019il semble que c\u2019\u00e9tait un chr\u00e9tien qui a souffert le martyre quand il \u00e9tait encore tr\u00e8s jeune. La m\u00e8re, Toedora, ou Th\u00e9odote, plus tard sanctifi\u00e9e \u00e0 son tour, \u00e9leva seule ses cinq fils. Puisqu\u2019elle appartenait \u00e0 une famille riche, elle a pu leur garantir une bonne \u00e9ducation, \u00e0 tel point que tous les cinq ont commenc\u00e9 une carri\u00e8re m\u00e9dicale, mais surtout, \u00e9tant une femme profond\u00e9ment religieuse et pieuse, elle les a \u00e9duqu\u00e9s dans l\u2019amour de Dieu. Damien et ses fr\u00e8res ont \u00e9tudi\u00e9 en Syrie et probablement \u00e0 Alexandrie, dans les \u00e9coles de Th\u00e9ophraste et de Gal\u00e8ne. Leur condition de chr\u00e9tiens a irr\u00e9m\u00e9diablement marqu\u00e9 leur destin\u00a0: ils ont tous \u00e9t\u00e9 martyris\u00e9s, probablement lors d\u2019une des pers\u00e9cutions lanc\u00e9es par l\u2019empereur Diocl\u00e9tien (284 &#8211; 305). La l\u00e9gende raconte que, arr\u00eat\u00e9s par le pr\u00e9fet de Cilicie, Damien et C\u00f4me ont d\u2019abord \u00e9t\u00e9 lapid\u00e9s, puis fouett\u00e9s, crucifi\u00e9s et cribl\u00e9s de fl\u00e8ches. Mais les pierres rebondissaient sur eux, frappant les soldats, et les pointes des fl\u00e8ches et des lances ne les \u00e9gratignaient pas. Ils ont alors \u00e9t\u00e9 jet\u00e9s \u00e0 la mer attach\u00e9s \u00e0 de lourds rochers, mais les cordes qui les tenaient se sont d\u00e9tach\u00e9es, et ils ont \u00e9t\u00e9 sauv\u00e9s. Ensuite, ils ont \u00e9t\u00e9 encha\u00een\u00e9s et enferm\u00e9s dans un fourneau, mais le feu ne les a pas l\u00e9ch\u00e9s.<\/p>\n<figure id=\"attachment_952\" aria-describedby=\"caption-attachment-952\" style=\"width: 300px\" class=\"wp-caption alignright\"><img loading=\"lazy\" decoding=\"async\" class=\"alignright size-medium wp-image-952\" src=\"https:\/\/blog.holyart.it\/fr\/wp-content\/uploads\/sites\/14\/2018\/11\/Saint-Damien-statue-300x300.jpg\" alt=\"Saint-Damien statue\" width=\"300\" height=\"300\" \/><figcaption id=\"caption-attachment-952\" class=\"wp-caption-text\"><center><strong><a href=\"https:\/\/www.holyart.fr\/articles-religieux\/statues\/statues-en-bois-peint\/saint-damien-avec-mortier-25-cm-bois-peint-valgardena\">Saint Damien avec mortier <br \/>25 cm bois peint Valgardena<\/a><\/strong><br \/><a href=\"https:\/\/www.holyart.fr\/articles-religieux\/statues\/statues-en-bois-peint\/saint-damien-avec-mortier-25-cm-bois-peint-valgardena\"><button class=\"bottoneacquista\" style=\"vertical-align: middle;\">Acheter sur Holyart<\/button><\/a><\/center><\/figcaption><\/figure>\n<p>Finalement, les cinq fr\u00e8res ont \u00e9t\u00e9 d\u00e9capit\u00e9s dans la ville de Cirrhe, pr\u00e8s d\u2019Antioche en Syrie. Une l\u00e9gende moins imaginative parle d\u2019arrestation, de torture et de mort par d\u00e9capitation sous Diocl\u00e9tien.<\/p>\n<p>Leur culte a commenc\u00e9 imm\u00e9diatement apr\u00e8s leur mort. Des \u00e9glises et des sanctuaires qui leur sont d\u00e9di\u00e9s ont \u00e9t\u00e9 \u00e9rig\u00e9s dans tout l\u2019Orient et leur culte a rapidement atteint l\u2019Occident et Rome. D\u00e8s le XVIe si\u00e8cle, le chanoine de la Messe, apr\u00e8s ceux des Ap\u00f4tres, rappelle les noms de douze martyrs, dont C\u00f4me et Damien.<\/p>\n<p>En plus de leur martyre, c\u2019est aussi leur vie vertueuse qui a destin\u00e9 ces fr\u00e8res hors commun \u00e0 la saintet\u00e9.<\/p>\n<p>Ils soignaient les n\u00e9cessiteux sans rien demander en retour, selon le pr\u00e9cepte de l\u2019\u00c9vangile : \u00ab\u00a0Gratis accepistis, gratis date\u00a0\u00bb, soit \u00ab\u00a0<em>Vous avez re\u00e7u gratuitement, donnez gratuitement\u00a0\u00bb<\/em> (Mt 10,8).\u00a0 Cela leur avait valu le surnom d\u2019an\u00e0rgiri, ou Anargyroi (du grec \u0391\u03bd\u03ac\u03c1\u03b3\u03c5\u03c1\u03bf\u03b9, \u00ab\u00a0sans argent\u00a0\u00bb).<\/p>\n<p>Une seule fois, Damien a accept\u00e9 trois \u0153ufs d\u2019une femme qu\u2019il avait gu\u00e9rie, et ce geste offensa son jumeau C\u00f4me au point de lui faire demander qu\u2019une fois mort, sa d\u00e9pouille soit d\u00e9pos\u00e9e loin de celle de son fr\u00e8re.<\/p>\n<p>L\u2019activit\u00e9 m\u00e9dicale a permis \u00e0 Damien et ses fr\u00e8res d\u2019entrer en contact avec beaucoup d\u2019hommes et de femmes, et de leur pr\u00eacher la parole de Dieu. Nombreuses sont les conversions effectu\u00e9es par les cinq fr\u00e8res, et c\u2019est aussi ce qui a d\u00e9clench\u00e9 la pers\u00e9cution par l\u2019Empereur.<\/p>\n<p>Nous parlions du culte de Damien et de ses fr\u00e8res, en particulier C\u00f4me, connus sous le nom de \u00ab\u00a0saints docteurs\u00a0\u00bb, v\u00e9n\u00e9r\u00e9s par toutes les professions chr\u00e9tiennes, consid\u00e9r\u00e9s comme les protecteurs des m\u00e9decins, chirurgiens, pharmaciens et coiffeurs.<\/p>\n<p>Finalement, C\u00f4me et Damien ont \u00e9t\u00e9 enterr\u00e9s ensemble, apr\u00e8s qu\u2019un chameau ait obtenu le don de la parole seulement pour d\u00e9fendre les bonnes intentions et la bonne foi de Damien dans l\u2019affaire des trois \u0153ufs.\u00a0 Les deux fr\u00e8res a\u00een\u00e9s ont imm\u00e9diatement commenc\u00e9 \u00e0 \u00eatre ador\u00e9s comme gu\u00e9risseurs et thaumaturge, et leurs reliques, consid\u00e9r\u00e9es comme miraculeuses, ont commenc\u00e9 \u00e0 voyager entre l\u2019Orient et l\u2019Occident, \u00e0 travers le monde connu, accueillis par des cath\u00e9drales et des basiliques \u00e0 Constantinople, Rome, J\u00e9rusalem, Madrid, Munich et en \u00c9gypte. L\u2019iconographie traditionnelle les repr\u00e9sente toujours ensemble, avec leurs instruments m\u00e9dicaux, leurs pommades et rem\u00e8des pharmaceutiques, et la palme du martyre. L\u2019\u00c9glise catholique c\u00e9l\u00e8bre leur m\u00e9moire le 26 septembre avec un culte facultatif, l\u2019\u00c9glise orthodoxe, le 1er juillet, le 17 octobre ou le 1er novembre.<\/p>\n<h2>Crucifix de Saint-Damien<\/h2>\n<p>Venons-en maintenant au crucifix de Saint-Damien, devant lequel <a href=\"https:\/\/www.holyart.fr\/articles-religieux\/statues\/statues-en-bois-peint\/saint-francois-dassise-avec-colombes-statue-bois\"><strong>Fran\u00e7ois d\u2019Assise<\/strong><\/a> s\u2019est r\u00e9uni en pri\u00e8re ce jour-l\u00e0 qui a chang\u00e9 sa vie pour toujours.<\/p>\n<p>Comme nous l\u2019avons d\u00e9j\u00e0 \u00e9crit, il s\u2019agit d\u2019une ic\u00f4ne en forme de croix de style byzantin, probablement peinte au XIIe si\u00e8cle par un moine syrien. J\u00e9sus, bien qu\u2019il soit sur la croix, ne semble pas souffrir, mais triomphant, comme un roi sur le tr\u00f4ne, selon l\u2019iconographie typiquement m\u00e9di\u00e9vale de <em>Christus triumphans<\/em>. Comme toujours quand on parle de l\u2019art byzantin, la beaut\u00e9 de l\u2019\u0153uvre ne r\u00e9side pas tant dans sa qualit\u00e9 esth\u00e9tique, qui offre une certaine disproportion anatomique et une dimension des figures que quelqu\u2019un a d\u00e9fini comme caricatur\u00e9e, ou caricaturale. La beaut\u00e9 de ce crucifix, qui fait probablement partie d\u2019une s\u00e9rie peinte \u00e0 cette \u00e9poque par un artiste inconnu, exprime une spiritualit\u00e9 puissante, une solennit\u00e9 qui ne peut \u00eatre saisie d\u2019un regard superficiel. Tout est m\u00e9ticuleusement structur\u00e9 dans une na\u00efvet\u00e9 apparente, tout occupe l\u2019espace qui lui appartient, dans un tableau dans lequel vous respirez l\u2019inspiration du Triomphe divin.<\/p>\n<p>J\u00e9sus est bless\u00e9 et mourant, mais il n\u2019est jamais apparu aussi fort. Il triomphe de la mort, il l\u2019affronte la t\u00eate haute, les yeux ouverts, grands, immenses par rapport aux autres personnages qui peuplent l\u2019arri\u00e8re-plan. Il est repr\u00e9sent\u00e9 avec une sorte de <strong>p\u00e9rizonium dor\u00e9<\/strong>\u00a0 autour des hanches, d\u2019origine \u00e9gyptienne probablement, qui symbolise Son \u00eatre, \u00e0 la fois grand pr\u00eatre et victime sacrificielle. Sur sa t\u00eate, \u2019<strong>aur\u00e9ole <\/strong>ressemble \u00e0 une couronne dor\u00e9e, ses cheveux sont nets, son visage exprime la noblesse, la beaut\u00e9, la s\u00e9r\u00e9nit\u00e9. Il est vrai que ses <strong>yeux<\/strong> tourn\u00e9s vers le ciel peuvent sembler trop grands, disproportionn\u00e9 par rapport \u00e0 son visage, mais le sens qu\u2019ils veulent exprimer est clair\u00a0: il est celui qui peut voir plus que quiconque, qui regarde vers le ciel et vers le P\u00e8re pour nous tous. Sur sa t\u00eate, il y a l\u2019inscription <em>Ihs Nazare Rex Iudeorum<\/em>, soit \u00ab\u00a0J\u00e9sus de Nazareth roi des juifs\u00a0\u00bb. Plus haut, un <strong>m\u00e9daillon<\/strong> montre J\u00e9sus montant au ciel, entour\u00e9 d\u2019anges en gloire, et au-dessus de lui la main de b\u00e9n\u00e9diction de Dieu le P\u00e8re.<\/p>\n<p>Pour revenir au crucifix, sur le front de J\u00e9sus, il y a une <strong>colombe<\/strong> qui descend les ailes tendues, symbole de l\u2019Esprit Saint.<\/p>\n<p>L\u2019image de J\u00e9sus est enferm\u00e9e dans un cadre fait de <strong>coquilles<\/strong>, qui suivent les contours de la croix et symbolisent la beaut\u00e9 et l\u2019\u00e9ternit\u00e9.<\/p>\n<p>Il est impossible d\u2019identifier les personnages \u00e0 la <strong>base de la croix<\/strong>\u00a0: selon certains savants, il pourrait s\u2019agir des patrons de l\u2019Ombrie, ou de saint Damien, patron de l\u2019\u00e9glise qui abritait la croix, de saint Rufin, patron d\u2019Assise, de saint Michel, saint Jean-Baptiste, saint Pierre et saint Paul, tous patrons d\u2019\u00e9glises dans la r\u00e9gion d\u2019Assise. Comme tous les autres personnages repr\u00e9sent\u00e9s dans l\u2019\u0153uvre, ils sont beaucoup plus petits que la figure de J\u00e9sus.<\/p>\n<p>Certains chercheurs parlent de <strong>messages subliminaux<\/strong> cach\u00e9s dans la peinture, d\u00e9tails que l\u2019\u0153il ne saisit pas \u00e0 premi\u00e8re vue superficielle\u00a0: sur la poitrine de J\u00e9sus on peut apercevoir la t\u00eate d\u2019un personnage, peut-\u00eatre Dieu tout-puissant, trac\u00e9e avec un filigrane, et une autre figure non mieux d\u00e9finie.<\/p>\n<p>Les <strong>mains<\/strong> de J\u00e9sus versent du sang sur deux paires d\u2019anges sym\u00e9triques situ\u00e9s sous ses bras. Les <strong>anges <\/strong>\u00e0 droite et \u00e0 gauche sont les anges Messagers de Dieu, qui regardent les stigmates avec s\u00e9r\u00e9nit\u00e9 et int\u00e9r\u00eat, discutant entre eux du Myst\u00e8re qui se d\u00e9ploie.<\/p>\n<p>Un <strong>troisi\u00e8me et un quatri\u00e8me personnage,<\/strong> qui ferment chaque bras de la Croix avec leur propre corps, sont peut-\u00eatre deux \u00e9vang\u00e9listes, ou deux ap\u00f4tres, ou peut-\u00eatre le peuple juif et les pa\u00efens.<\/p>\n<p>Sous le bras droit de J\u00e9sus, en plus grand, il y a <a href=\"https:\/\/www.holyart.fr\/produits\/statues-vierge-marie.php\"><strong>Marie<\/strong><\/a> et l\u2019<strong>Ap\u00f4tre Jean<\/strong>. Les deux personnages se regardent, se sourient l\u2019un \u00e0 l\u2019autre, d\u00e9signant J\u00e9sus, eux qui par sa volont\u00e9 sont devenus m\u00e8re et fils : \u00ab\u00a0Femme, voici ton fils&#8230;\u00a0\u00bb (Jean 19:26). La main gauche de Marie repose sur sa joue, tandis que sa main droite indique Jean. Elle est v\u00eatue de blanc, symbole de puret\u00e9, de rouge intense, couleur de l\u2019amour et de violet, avec une r\u00e9f\u00e9rence aux tissus dont serait tapiss\u00e9e l\u2019Arche d\u2019Alliance. Ses v\u00eatements sont orn\u00e9s de pierres pr\u00e9cieuses, qui symbolisent les vertus. Jean est v\u00eatu de rose, couleur de la sagesse \u00e9ternelle, et de blanc, signe de puret\u00e9.<\/p>\n<p>Sous le bras gauche de J\u00e9sus se trouvent trois autres figures\u00a0: <strong>Marie Madeleine<\/strong>, <strong>Marie m\u00e8re de Jacques<\/strong> et le <strong>Centurion<\/strong>. Comme pour Marie et Jean, le noms de ces figures est \u00e9crit en bas, sous leurs pieds.<\/p>\n<p><strong>Marie Madeleine<\/strong> porte une robe de couleur rouge, couleur de l\u2019amour. Elle et Marie m\u00e8re de Jacques se touchent le front comme si elles chuchotaient quelque chose.<\/p>\n<p>La derni\u00e8re figure \u00e0 gauche, celle d\u2019un homme barbu v\u00eatu de blanc et de rouge, repr\u00e9senterait le Centurion dont le fils J\u00e9sus a gu\u00e9ri, ce qui a conduit \u00e0 la conversion de toute la famille.<\/p>\n<p>Deux personnages plus petits sont situ\u00e9s sym\u00e9triquement devant Marie et Centurion\u00a0: celui de gauche est un soldat romain, <strong>Longin<\/strong>, qui a perc\u00e9 le c\u00f4t\u00e9 de Notre Seigneur en laissant couler l\u2019eau et le sang\u00a0; l\u2019autre est plac\u00e9 dans la m\u00eame position, mais ne ressemble pas \u00e0 un soldat romain, mais plut\u00f4t \u00e0 un <strong>juif<\/strong>. Il pourrait aussi \u00eatre <strong>St\u00e9phane<\/strong>, le soldat romain qui a fait boire du vinaigre avec une \u00e9ponge \u00e0 J\u00e9sus, mais il est plus probable que les deux figures symbolisent les deux peuples qui ont condamn\u00e9 J\u00e9sus \u00e0 mort, <strong>les Romains et les juifs<\/strong>.<\/p>\n<p>A c\u00f4t\u00e9 de la jambe gauche de J\u00e9sus se trouve un <strong>coq<\/strong>, symbole du soleil qui na\u00eet, c\u2019est-\u00e0-dire J\u00e9sus lui-m\u00eame qui ressuscite de la mort.<\/p>\n<p>Le crucifix de Saint-Damien est rest\u00e9 pendant quarante ans dans l\u2019\u00e9glise du m\u00eame nom reconstruite par Fran\u00e7ois et \u00e9tait gard\u00e9 par sainte Claire et ses cons\u0153urs. Quelques ann\u00e9es apr\u00e8s la mort de la sainte, les nonnes ont transf\u00e9r\u00e9 le monast\u00e8re \u00e0 l\u2019int\u00e9rieur des murs de la ville, o\u00f9 la basilique Sainte-Claire a \u00e9t\u00e9 \u00e9rig\u00e9e. Elles ont emport\u00e9 avec elles le crucifix de Saint-Damien, qui est toujours l\u00e0, dans une chapelle. Une copie du crucifix est rest\u00e9e dans l\u2019\u00e9glise Saint-Damien.<\/p>\n<h2>Nos crucifix de Saint-Damien<\/h2>\n<p>Dans notre magasin, vous trouverez une large gamme de reproductions du crucifix de Saint-Damien \u00e0 poser, \u00e0 suspendre ou \u00e0 porter autour du cou. La plupart d\u2019entre eux sont fabriqu\u00e9s \u00e0 la main en bois imprim\u00e9 et sont disponibles en diff\u00e9rentes tailles.<br \/>\nIl existe \u00e9galement une belle version tapisserie au design exclusif, avec un tissage Jacquard raffin\u00e9 et une doublure en satin. Une poche sp\u00e9ciale pour l\u2019insertion de la tige permet de l\u2019accrocher et de l\u2019exposer. Nous proposons des crucifix de Saint-Damien suspendus, en bois d\u2019olivier d\u2019Assise, argent\u00e9s ou color\u00e9s. Une alternative aux pendentifs en bois sont les pendentifs en m\u00e9tal argent\u00e9 avec gravure au dos.\u00a0Le crucifix de Saint-Damien peut aussi \u00eatre le c\u0153ur d\u2019un chapelet \u00e0 grains en bois ovale marron clair et ligature de soie marron fonc\u00e9, compos\u00e9 de nombreux n\u0153uds,\u00a0 l\u00e9ger et simple. Ci-dessous nous vous pr\u00e9sentons les produits d\u00e9crits disponibles sur notre site\u00a0!<\/p>\n<div class=\"sp-styles-warning\" style=\"width: 450px; background-color: #FFF; color: #F00; border: 1px solid #F00; padding: 10px; font-size: 14px;\">\n\t\t\t<span style=\"font-weight: bold;\">Warning: The stylesheets were not loaded!<\/span> \n\t\t\tYou will need to change the <i>Load stylesheets<\/i> setting from <i>Automatically<\/i> to <i>On homepage<\/i> or <i>On all pages<\/i>. \n\t\t\tYou can set that <a style=\"text-decoration: underline; color: #F00;\" href=\"https:\/\/blog.holyart.it\/fr\/wp-admin\/admin.php?page=sliderpro-settings\">here<\/a>.\n\t\t\t<\/div>\r\n<div id=\"slider-pro-1\" class=\"slider-pro sp-no-js\" style=\"width: 500px; height: 500px;\">\r\n\t<div class=\"sp-slides\">\r\n\t\t\r\n\t\t<div class=\"sp-slide\">\r\n\t\t\t<img loading=\"lazy\" decoding=\"async\" class=\"sp-image\" src=\"https:\/\/blog.holyart.it\/fr\/wp-content\/uploads\/sites\/14\/2019\/03\/tapisserie-crucifix-san-damiano.jpg\" alt=\"tapisserie crucifix san damiano\" width=\"500\" height=\"500\" \/>\r\n\t\t\t<div class=\"sp-thumbnail\"><img decoding=\"async\" src=\"https:\/\/blog.holyart.it\/fr\/wp-content\/uploads\/sites\/14\/2019\/03\/tapisserie-crucifix-san-damiano-150x150.jpg\" \/>\r\n\t\t\t<\/div>\r\n\t\t\t<div class=\"sp-caption\">Tapisserie inspir\u00e9e du Crucifix de Saint-Damien, avec un design exclusif et un tissage Jacquard raffin\u00e9. Agr\u00e9ment\u00e9 de fils lurex d\u2019or et doubl\u00e9. Produit fabriqu\u00e9 en Italie, avec poche pour l\u2019insertion de la tige pour l\u2019accrocher.\n<br \/><strong><span style=\"color: #0000ff;font-size:18px\"><a style=\"color: #0000ff\" href=\"https:\/\/www.holyart.fr\/articles-religieux\/tapisseries-religieuses\/tapisserie-crucifix-saint-damien-90x65-cm\">Acheter sur Holyart<\/a><\/span><\/strong><\/div>\r\n\t\t<\/div>\r\n\t\t<div class=\"sp-slide\">\r\n\t\t\t<img loading=\"lazy\" decoding=\"async\" class=\"sp-image\" src=\"https:\/\/blog.holyart.it\/fr\/wp-content\/uploads\/sites\/14\/2019\/03\/chaplet-dix-croix-saint-damien.jpg\" alt=\"chaplet dix croix saint damien\" width=\"500\" height=\"500\" \/>\r\n\t\t\t<div class=\"sp-thumbnail\"><img decoding=\"async\" src=\"https:\/\/blog.holyart.it\/fr\/wp-content\/uploads\/sites\/14\/2019\/03\/chaplet-dix-croix-saint-damien-150x150.jpg\" \/>\r\n\t\t\t<\/div>\r\n\t\t\t<div class=\"sp-caption\">Chapelet en corde et bois d'olivier et petits naoeds. Image de la crois de S.Damien <br \/><strong><span style=\"color: #0000ff;font-size:18px\"><a style=\"color: #0000ff\" href=\"https:\/\/www.holyart.fr\/articles-religieux\/chapelets-et-etuis-a-chapelet\/chapelets-en-bois-dolivier-assisi\/chapelet-dix-grains-croix-s.damien\">Acheter sur Holyart<\/a><\/span><\/strong><\/div>\r\n\t\t<\/div>\r\n\t\t<div class=\"sp-slide\">\r\n\t\t\t<img loading=\"lazy\" decoding=\"async\" class=\"sp-image\" src=\"https:\/\/blog.holyart.it\/fr\/wp-content\/uploads\/sites\/14\/2019\/03\/pendentif-croix-en-m\u00e9tal-argent\u00e9-san-damiano.jpg\" alt=\"pendentif croix en m\u00e9tal argent\u00e9 san damiano\" width=\"500\" height=\"500\" \/>\r\n\t\t\t<div class=\"sp-thumbnail\"><img decoding=\"async\" src=\"https:\/\/blog.holyart.it\/fr\/wp-content\/uploads\/sites\/14\/2019\/03\/pendentif-croix-en-m\u00e9tal-argent\u00e9-san-damiano-150x150.jpg\" \/>\r\n\t\t\t<\/div>\r\n\t\t\t<div class=\"sp-caption\">Croix pendentif St Damien en m\u00e9tal argent\u00e9 4.2 cm. Inscription sur le derri\u00e8re Assisi et phrase.<br \/><strong><span style=\"color: #0000ff;font-size:18px\"><a style=\"color: #0000ff\" href=\"https:\/\/www.holyart.fr\/articles-religieux\/pendentifs-tau-medailles-scapulaires\/pendentifs-croix-metal\/croix-st-damien-metal-argente-4.2-cm\">Acheter sur Holyart<\/a><\/span><\/strong><\/div>\r\n\t\t<\/div>\r\n\t\t<div class=\"sp-slide\">\r\n\t\t\t<img loading=\"lazy\" decoding=\"async\" class=\"sp-image\" src=\"https:\/\/blog.holyart.it\/fr\/wp-content\/uploads\/sites\/14\/2019\/03\/crucifix-san-damiano-imprim\u00e9-sur-bois.jpg\" alt=\"crucifix san damiano imprim\u00e9 sur bois\" width=\"500\" height=\"500\" \/>\r\n\t\t\t<div class=\"sp-thumbnail\"><img decoding=\"async\" src=\"https:\/\/blog.holyart.it\/fr\/wp-content\/uploads\/sites\/14\/2019\/03\/crucifix-san-damiano-imprim\u00e9-sur-bois-150x150.jpg\" \/>\r\n\t\t\t<\/div>\r\n\t\t\t<div class=\"sp-caption\">Crucifix de St Damien imprim\u00e9 sur bois. Crucifix mural r\u00e9alis\u00e9 de mani\u00e8re artisanale en Italie.\n<br \/><strong><span style=\"color: #0000ff;font-size:18px\"><a style=\"color: #0000ff\" href=\"https:\/\/www.holyart.fr\/articles-religieux\/crucifix\/crucifix-en-bois\/crucifix-de-st-damien-imprime-sur-bois\">Acheter sur Holyart<\/a><\/span><\/strong><\/div>\r\n\t\t<\/div>\r\n\t\t<div class=\"sp-slide\">\r\n\t\t\t<img loading=\"lazy\" decoding=\"async\" class=\"sp-image\" src=\"https:\/\/blog.holyart.it\/fr\/wp-content\/uploads\/sites\/14\/2019\/03\/pendentif-pendentif-olivier-San-Damiano.jpg\" alt=\"pendentif pendentif olivier San Damiano\" width=\"500\" height=\"500\" \/>\r\n\t\t\t<div class=\"sp-thumbnail\"><img decoding=\"async\" src=\"https:\/\/blog.holyart.it\/fr\/wp-content\/uploads\/sites\/14\/2019\/03\/pendentif-pendentif-olivier-San-Damiano-150x150.jpg\" \/>\r\n\t\t\t<\/div>\r\n\t\t\t<div class=\"sp-caption\">Croix de S. Damien r\u00e9alis\u00e9e en bois d'olivier de Assisi. Le pendentif repr\u00e9sente le crucifix c\u00e9l\u00e8bre du monast\u00e8re Protomonastero des Clarisse de S. Chiara de Assisi.\n<br \/><strong><span style=\"color: #0000ff;font-size:18px\"><a style=\"color: #0000ff\" href=\"https:\/\/www.holyart.fr\/articles-religieux\/pendentifs-tau-medailles-scapulaires\/pendentifs-croix-bois\/crucifix-s.damien-olivier\">Acheter sur Holyart<\/a><\/span><\/strong><\/div>\r\n\t\t<\/div>\r\n\t<\/div>\r\n<\/div>\n","protected":false},"excerpt":{"rendered":"<p>Le crucifix de Saint-Damien est celui devant lequel saint Fran\u00e7ois avait l\u2019intention de prier lorsque, en 1205, il re\u00e7ut du Seigneur l\u2019appel \u00e0 travailler \u00e0 la r\u00e9novation de son \u00e9glise. Le Saint d\u2019Assise a d\u2019abord cru que le Tr\u00e8s-Haut se r\u00e9f\u00e9rait \u00e0 l\u2019\u00e9glise Saint-Damien, o\u00f9&hellip;<\/p>\n","protected":false},"author":1,"featured_media":951,"comment_status":"closed","ping_status":"open","sticky":false,"template":"","format":"standard","meta":{"_acf_changed":false,"footnotes":""},"categories":[7],"tags":[],"class_list":["post-950","post","type-post","status-publish","format-standard","has-post-thumbnail","hentry","category-saints-et-bienheureux"],"acf":[],"yoast_head":"<!-- This site is optimized with the Yoast SEO plugin v26.6 - https:\/\/yoast.com\/wordpress\/plugins\/seo\/ -->\n<title>Crucifix de Saint-Damien - Holyart.fr Blog<\/title>\n<meta name=\"description\" content=\"Venons-en maintenant au crucifix de Saint-Damien, devant lequel Fran\u00e7ois d\u2019Assise s\u2019est r\u00e9uni en pri\u00e8re ce jour-l\u00e0 qui a chang\u00e9 sa vie pour toujours.\" \/>\n<meta name=\"robots\" content=\"index, follow, max-snippet:-1, max-image-preview:large, max-video-preview:-1\" \/>\n<link rel=\"canonical\" href=\"https:\/\/blog.holyart.it\/fr\/saints-et-bienheureux\/crucifix-de-saint-damien\/\" \/>\n<meta property=\"og:locale\" content=\"fr_FR\" \/>\n<meta property=\"og:type\" content=\"article\" \/>\n<meta property=\"og:title\" content=\"Crucifix de Saint-Damien - Holyart.fr Blog\" \/>\n<meta property=\"og:description\" content=\"Venons-en maintenant au crucifix de Saint-Damien, devant lequel Fran\u00e7ois d\u2019Assise s\u2019est r\u00e9uni en pri\u00e8re ce jour-l\u00e0 qui a chang\u00e9 sa vie pour toujours.\" \/>\n<meta property=\"og:url\" content=\"https:\/\/blog.holyart.it\/fr\/saints-et-bienheureux\/crucifix-de-saint-damien\/\" \/>\n<meta property=\"og:site_name\" content=\"Holyart.fr Blog\" \/>\n<meta property=\"article:published_time\" content=\"2018-09-11T13:42:23+00:00\" \/>\n<meta property=\"article:modified_time\" content=\"2020-06-17T15:04:02+00:00\" \/>\n<meta property=\"og:image\" content=\"https:\/\/blog.holyart.it\/fr\/wp-content\/uploads\/sites\/14\/2018\/11\/Crucifix-de-Saint-Damien.jpg\" \/>\n\t<meta property=\"og:image:width\" content=\"1000\" \/>\n\t<meta property=\"og:image:height\" content=\"666\" \/>\n\t<meta property=\"og:image:type\" content=\"image\/jpeg\" \/>\n<meta name=\"author\" content=\"Redazione\" \/>\n<meta name=\"twitter:card\" content=\"summary_large_image\" \/>\n<meta name=\"twitter:label1\" content=\"\u00c9crit par\" \/>\n\t<meta name=\"twitter:data1\" content=\"Redazione\" \/>\n\t<meta name=\"twitter:label2\" content=\"Dur\u00e9e de lecture estim\u00e9e\" \/>\n\t<meta name=\"twitter:data2\" content=\"12 minutes\" \/>\n<script type=\"application\/ld+json\" class=\"yoast-schema-graph\">{\"@context\":\"https:\/\/schema.org\",\"@graph\":[{\"@type\":\"Article\",\"@id\":\"https:\/\/blog.holyart.it\/fr\/saints-et-bienheureux\/crucifix-de-saint-damien\/#article\",\"isPartOf\":{\"@id\":\"https:\/\/blog.holyart.it\/fr\/saints-et-bienheureux\/crucifix-de-saint-damien\/\"},\"author\":{\"name\":\"Redazione\",\"@id\":\"https:\/\/blog.holyart.it\/fr\/#\/schema\/person\/0a7b686e5af0f856ec1e390dd0baecda\"},\"headline\":\"Crucifix de Saint-Damien\",\"datePublished\":\"2018-09-11T13:42:23+00:00\",\"dateModified\":\"2020-06-17T15:04:02+00:00\",\"mainEntityOfPage\":{\"@id\":\"https:\/\/blog.holyart.it\/fr\/saints-et-bienheureux\/crucifix-de-saint-damien\/\"},\"wordCount\":2426,\"publisher\":{\"@id\":\"https:\/\/blog.holyart.it\/fr\/#organization\"},\"image\":{\"@id\":\"https:\/\/blog.holyart.it\/fr\/saints-et-bienheureux\/crucifix-de-saint-damien\/#primaryimage\"},\"thumbnailUrl\":\"https:\/\/blog.holyart.it\/fr\/wp-content\/uploads\/sites\/14\/2018\/11\/Crucifix-de-Saint-Damien.jpg\",\"articleSection\":[\"Saints et Bienheureux\"],\"inLanguage\":\"fr-FR\"},{\"@type\":\"WebPage\",\"@id\":\"https:\/\/blog.holyart.it\/fr\/saints-et-bienheureux\/crucifix-de-saint-damien\/\",\"url\":\"https:\/\/blog.holyart.it\/fr\/saints-et-bienheureux\/crucifix-de-saint-damien\/\",\"name\":\"Crucifix de Saint-Damien - Holyart.fr Blog\",\"isPartOf\":{\"@id\":\"https:\/\/blog.holyart.it\/fr\/#website\"},\"primaryImageOfPage\":{\"@id\":\"https:\/\/blog.holyart.it\/fr\/saints-et-bienheureux\/crucifix-de-saint-damien\/#primaryimage\"},\"image\":{\"@id\":\"https:\/\/blog.holyart.it\/fr\/saints-et-bienheureux\/crucifix-de-saint-damien\/#primaryimage\"},\"thumbnailUrl\":\"https:\/\/blog.holyart.it\/fr\/wp-content\/uploads\/sites\/14\/2018\/11\/Crucifix-de-Saint-Damien.jpg\",\"datePublished\":\"2018-09-11T13:42:23+00:00\",\"dateModified\":\"2020-06-17T15:04:02+00:00\",\"description\":\"Venons-en maintenant au crucifix de Saint-Damien, devant lequel Fran\u00e7ois d\u2019Assise s\u2019est r\u00e9uni en pri\u00e8re ce jour-l\u00e0 qui a chang\u00e9 sa vie pour toujours.\",\"breadcrumb\":{\"@id\":\"https:\/\/blog.holyart.it\/fr\/saints-et-bienheureux\/crucifix-de-saint-damien\/#breadcrumb\"},\"inLanguage\":\"fr-FR\",\"potentialAction\":[{\"@type\":\"ReadAction\",\"target\":[\"https:\/\/blog.holyart.it\/fr\/saints-et-bienheureux\/crucifix-de-saint-damien\/\"]}]},{\"@type\":\"ImageObject\",\"inLanguage\":\"fr-FR\",\"@id\":\"https:\/\/blog.holyart.it\/fr\/saints-et-bienheureux\/crucifix-de-saint-damien\/#primaryimage\",\"url\":\"https:\/\/blog.holyart.it\/fr\/wp-content\/uploads\/sites\/14\/2018\/11\/Crucifix-de-Saint-Damien.jpg\",\"contentUrl\":\"https:\/\/blog.holyart.it\/fr\/wp-content\/uploads\/sites\/14\/2018\/11\/Crucifix-de-Saint-Damien.jpg\",\"width\":1000,\"height\":666,\"caption\":\"Crucifix de Saint-Damien\"},{\"@type\":\"BreadcrumbList\",\"@id\":\"https:\/\/blog.holyart.it\/fr\/saints-et-bienheureux\/crucifix-de-saint-damien\/#breadcrumb\",\"itemListElement\":[{\"@type\":\"ListItem\",\"position\":1,\"name\":\"Homepage\",\"item\":\"https:\/\/blog.holyart.it\/fr\/\"},{\"@type\":\"ListItem\",\"position\":2,\"name\":\"Saints et Bienheureux\",\"item\":\"https:\/\/blog.holyart.it\/fr\/saints-et-bienheureux\/\"},{\"@type\":\"ListItem\",\"position\":3,\"name\":\"Crucifix de Saint-Damien\"}]},{\"@type\":\"WebSite\",\"@id\":\"https:\/\/blog.holyart.it\/fr\/#website\",\"url\":\"https:\/\/blog.holyart.it\/fr\/\",\"name\":\"Holyart.fr Blog\",\"description\":\"Holyblog\",\"publisher\":{\"@id\":\"https:\/\/blog.holyart.it\/fr\/#organization\"},\"potentialAction\":[{\"@type\":\"SearchAction\",\"target\":{\"@type\":\"EntryPoint\",\"urlTemplate\":\"https:\/\/blog.holyart.it\/fr\/?s={search_term_string}\"},\"query-input\":{\"@type\":\"PropertyValueSpecification\",\"valueRequired\":true,\"valueName\":\"search_term_string\"}}],\"inLanguage\":\"fr-FR\"},{\"@type\":\"Organization\",\"@id\":\"https:\/\/blog.holyart.it\/fr\/#organization\",\"name\":\"Holyart.fr Blog\",\"url\":\"https:\/\/blog.holyart.it\/fr\/\",\"logo\":{\"@type\":\"ImageObject\",\"inLanguage\":\"fr-FR\",\"@id\":\"https:\/\/blog.holyart.it\/fr\/#\/schema\/logo\/image\/\",\"url\":\"https:\/\/blog.holyart.it\/fr\/wp-content\/uploads\/sites\/14\/2022\/12\/Holyart_Blog_Logo.jpg\",\"contentUrl\":\"https:\/\/blog.holyart.it\/fr\/wp-content\/uploads\/sites\/14\/2022\/12\/Holyart_Blog_Logo.jpg\",\"width\":300,\"height\":50,\"caption\":\"Holyart.fr Blog\"},\"image\":{\"@id\":\"https:\/\/blog.holyart.it\/fr\/#\/schema\/logo\/image\/\"}},{\"@type\":\"Person\",\"@id\":\"https:\/\/blog.holyart.it\/fr\/#\/schema\/person\/0a7b686e5af0f856ec1e390dd0baecda\",\"name\":\"Redazione\",\"image\":{\"@type\":\"ImageObject\",\"inLanguage\":\"fr-FR\",\"@id\":\"https:\/\/blog.holyart.it\/fr\/#\/schema\/person\/image\/\",\"url\":\"https:\/\/secure.gravatar.com\/avatar\/f477da817f43e50d0af36abecd33e3edf826c68299714bdc1057dff3b113f516?s=96&d=mm&r=g\",\"contentUrl\":\"https:\/\/secure.gravatar.com\/avatar\/f477da817f43e50d0af36abecd33e3edf826c68299714bdc1057dff3b113f516?s=96&d=mm&r=g\",\"caption\":\"Redazione\"},\"url\":\"https:\/\/blog.holyart.it\/fr\/author\/admin\/\"}]}<\/script>\n<!-- \/ Yoast SEO plugin. -->","yoast_head_json":{"title":"Crucifix de Saint-Damien - Holyart.fr Blog","description":"Venons-en maintenant au crucifix de Saint-Damien, devant lequel Fran\u00e7ois d\u2019Assise s\u2019est r\u00e9uni en pri\u00e8re ce jour-l\u00e0 qui a chang\u00e9 sa vie pour toujours.","robots":{"index":"index","follow":"follow","max-snippet":"max-snippet:-1","max-image-preview":"max-image-preview:large","max-video-preview":"max-video-preview:-1"},"canonical":"https:\/\/blog.holyart.it\/fr\/saints-et-bienheureux\/crucifix-de-saint-damien\/","og_locale":"fr_FR","og_type":"article","og_title":"Crucifix de Saint-Damien - Holyart.fr Blog","og_description":"Venons-en maintenant au crucifix de Saint-Damien, devant lequel Fran\u00e7ois d\u2019Assise s\u2019est r\u00e9uni en pri\u00e8re ce jour-l\u00e0 qui a chang\u00e9 sa vie pour toujours.","og_url":"https:\/\/blog.holyart.it\/fr\/saints-et-bienheureux\/crucifix-de-saint-damien\/","og_site_name":"Holyart.fr Blog","article_published_time":"2018-09-11T13:42:23+00:00","article_modified_time":"2020-06-17T15:04:02+00:00","og_image":[{"width":1000,"height":666,"url":"https:\/\/blog.holyart.it\/fr\/wp-content\/uploads\/sites\/14\/2018\/11\/Crucifix-de-Saint-Damien.jpg","type":"image\/jpeg"}],"author":"Redazione","twitter_card":"summary_large_image","twitter_misc":{"\u00c9crit par":"Redazione","Dur\u00e9e de lecture estim\u00e9e":"12 minutes"},"schema":{"@context":"https:\/\/schema.org","@graph":[{"@type":"Article","@id":"https:\/\/blog.holyart.it\/fr\/saints-et-bienheureux\/crucifix-de-saint-damien\/#article","isPartOf":{"@id":"https:\/\/blog.holyart.it\/fr\/saints-et-bienheureux\/crucifix-de-saint-damien\/"},"author":{"name":"Redazione","@id":"https:\/\/blog.holyart.it\/fr\/#\/schema\/person\/0a7b686e5af0f856ec1e390dd0baecda"},"headline":"Crucifix de Saint-Damien","datePublished":"2018-09-11T13:42:23+00:00","dateModified":"2020-06-17T15:04:02+00:00","mainEntityOfPage":{"@id":"https:\/\/blog.holyart.it\/fr\/saints-et-bienheureux\/crucifix-de-saint-damien\/"},"wordCount":2426,"publisher":{"@id":"https:\/\/blog.holyart.it\/fr\/#organization"},"image":{"@id":"https:\/\/blog.holyart.it\/fr\/saints-et-bienheureux\/crucifix-de-saint-damien\/#primaryimage"},"thumbnailUrl":"https:\/\/blog.holyart.it\/fr\/wp-content\/uploads\/sites\/14\/2018\/11\/Crucifix-de-Saint-Damien.jpg","articleSection":["Saints et Bienheureux"],"inLanguage":"fr-FR"},{"@type":"WebPage","@id":"https:\/\/blog.holyart.it\/fr\/saints-et-bienheureux\/crucifix-de-saint-damien\/","url":"https:\/\/blog.holyart.it\/fr\/saints-et-bienheureux\/crucifix-de-saint-damien\/","name":"Crucifix de Saint-Damien - Holyart.fr Blog","isPartOf":{"@id":"https:\/\/blog.holyart.it\/fr\/#website"},"primaryImageOfPage":{"@id":"https:\/\/blog.holyart.it\/fr\/saints-et-bienheureux\/crucifix-de-saint-damien\/#primaryimage"},"image":{"@id":"https:\/\/blog.holyart.it\/fr\/saints-et-bienheureux\/crucifix-de-saint-damien\/#primaryimage"},"thumbnailUrl":"https:\/\/blog.holyart.it\/fr\/wp-content\/uploads\/sites\/14\/2018\/11\/Crucifix-de-Saint-Damien.jpg","datePublished":"2018-09-11T13:42:23+00:00","dateModified":"2020-06-17T15:04:02+00:00","description":"Venons-en maintenant au crucifix de Saint-Damien, devant lequel Fran\u00e7ois d\u2019Assise s\u2019est r\u00e9uni en pri\u00e8re ce jour-l\u00e0 qui a chang\u00e9 sa vie pour toujours.","breadcrumb":{"@id":"https:\/\/blog.holyart.it\/fr\/saints-et-bienheureux\/crucifix-de-saint-damien\/#breadcrumb"},"inLanguage":"fr-FR","potentialAction":[{"@type":"ReadAction","target":["https:\/\/blog.holyart.it\/fr\/saints-et-bienheureux\/crucifix-de-saint-damien\/"]}]},{"@type":"ImageObject","inLanguage":"fr-FR","@id":"https:\/\/blog.holyart.it\/fr\/saints-et-bienheureux\/crucifix-de-saint-damien\/#primaryimage","url":"https:\/\/blog.holyart.it\/fr\/wp-content\/uploads\/sites\/14\/2018\/11\/Crucifix-de-Saint-Damien.jpg","contentUrl":"https:\/\/blog.holyart.it\/fr\/wp-content\/uploads\/sites\/14\/2018\/11\/Crucifix-de-Saint-Damien.jpg","width":1000,"height":666,"caption":"Crucifix de Saint-Damien"},{"@type":"BreadcrumbList","@id":"https:\/\/blog.holyart.it\/fr\/saints-et-bienheureux\/crucifix-de-saint-damien\/#breadcrumb","itemListElement":[{"@type":"ListItem","position":1,"name":"Homepage","item":"https:\/\/blog.holyart.it\/fr\/"},{"@type":"ListItem","position":2,"name":"Saints et Bienheureux","item":"https:\/\/blog.holyart.it\/fr\/saints-et-bienheureux\/"},{"@type":"ListItem","position":3,"name":"Crucifix de Saint-Damien"}]},{"@type":"WebSite","@id":"https:\/\/blog.holyart.it\/fr\/#website","url":"https:\/\/blog.holyart.it\/fr\/","name":"Holyart.fr Blog","description":"Holyblog","publisher":{"@id":"https:\/\/blog.holyart.it\/fr\/#organization"},"potentialAction":[{"@type":"SearchAction","target":{"@type":"EntryPoint","urlTemplate":"https:\/\/blog.holyart.it\/fr\/?s={search_term_string}"},"query-input":{"@type":"PropertyValueSpecification","valueRequired":true,"valueName":"search_term_string"}}],"inLanguage":"fr-FR"},{"@type":"Organization","@id":"https:\/\/blog.holyart.it\/fr\/#organization","name":"Holyart.fr Blog","url":"https:\/\/blog.holyart.it\/fr\/","logo":{"@type":"ImageObject","inLanguage":"fr-FR","@id":"https:\/\/blog.holyart.it\/fr\/#\/schema\/logo\/image\/","url":"https:\/\/blog.holyart.it\/fr\/wp-content\/uploads\/sites\/14\/2022\/12\/Holyart_Blog_Logo.jpg","contentUrl":"https:\/\/blog.holyart.it\/fr\/wp-content\/uploads\/sites\/14\/2022\/12\/Holyart_Blog_Logo.jpg","width":300,"height":50,"caption":"Holyart.fr Blog"},"image":{"@id":"https:\/\/blog.holyart.it\/fr\/#\/schema\/logo\/image\/"}},{"@type":"Person","@id":"https:\/\/blog.holyart.it\/fr\/#\/schema\/person\/0a7b686e5af0f856ec1e390dd0baecda","name":"Redazione","image":{"@type":"ImageObject","inLanguage":"fr-FR","@id":"https:\/\/blog.holyart.it\/fr\/#\/schema\/person\/image\/","url":"https:\/\/secure.gravatar.com\/avatar\/f477da817f43e50d0af36abecd33e3edf826c68299714bdc1057dff3b113f516?s=96&d=mm&r=g","contentUrl":"https:\/\/secure.gravatar.com\/avatar\/f477da817f43e50d0af36abecd33e3edf826c68299714bdc1057dff3b113f516?s=96&d=mm&r=g","caption":"Redazione"},"url":"https:\/\/blog.holyart.it\/fr\/author\/admin\/"}]}},"_links":{"self":[{"href":"https:\/\/blog.holyart.it\/fr\/wp-json\/wp\/v2\/posts\/950","targetHints":{"allow":["GET"]}}],"collection":[{"href":"https:\/\/blog.holyart.it\/fr\/wp-json\/wp\/v2\/posts"}],"about":[{"href":"https:\/\/blog.holyart.it\/fr\/wp-json\/wp\/v2\/types\/post"}],"author":[{"embeddable":true,"href":"https:\/\/blog.holyart.it\/fr\/wp-json\/wp\/v2\/users\/1"}],"replies":[{"embeddable":true,"href":"https:\/\/blog.holyart.it\/fr\/wp-json\/wp\/v2\/comments?post=950"}],"version-history":[{"count":0,"href":"https:\/\/blog.holyart.it\/fr\/wp-json\/wp\/v2\/posts\/950\/revisions"}],"wp:featuredmedia":[{"embeddable":true,"href":"https:\/\/blog.holyart.it\/fr\/wp-json\/wp\/v2\/media\/951"}],"wp:attachment":[{"href":"https:\/\/blog.holyart.it\/fr\/wp-json\/wp\/v2\/media?parent=950"}],"wp:term":[{"taxonomy":"category","embeddable":true,"href":"https:\/\/blog.holyart.it\/fr\/wp-json\/wp\/v2\/categories?post=950"},{"taxonomy":"post_tag","embeddable":true,"href":"https:\/\/blog.holyart.it\/fr\/wp-json\/wp\/v2\/tags?post=950"}],"curies":[{"name":"wp","href":"https:\/\/api.w.org\/{rel}","templated":true}]}}