{"id":9450,"date":"2025-01-15T09:00:35","date_gmt":"2025-01-15T08:00:35","guid":{"rendered":"https:\/\/blog.holyart.it\/fr\/?p=9450"},"modified":"2026-04-17T15:18:20","modified_gmt":"2026-04-17T13:18:20","slug":"confreries-les-plus-anciennes-histoire-et-curiosite","status":"publish","type":"post","link":"https:\/\/blog.holyart.it\/fr\/articles-religieux\/confreries-les-plus-anciennes-histoire-et-curiosite\/","title":{"rendered":"Confr\u00e9ries les plus anciennes : histoire et curiosit\u00e9"},"content":{"rendered":"<h4><em>Les confr\u00e9ries ont constitu\u00e9 pendant des si\u00e8cles un tissu conjonctif dans notre pays, entre esprit d\u00e9votionnel, religion et la\u00efcit\u00e9. Voici lesquels sont les plus importants.<\/em><\/h4>\n\n<p>Les confr\u00e9ries de l\u2019\u00c9glise catholique sont des <strong>associations publiques de fid\u00e8les<\/strong> qui se d\u00e9dient principalement au <strong>service liturgique<\/strong>, \u00e0 l\u2019<strong>incr\u00e9ment du culte public <\/strong>et \u00e0 l\u2019<a href=\"https:\/\/www.holyart.fr\/blog\/articles-religieux\/faire-laumone-est-ce-de-la-charite\/\"><strong><u>exercice d\u2019\u0153uvres de charit\u00e9<\/u><\/strong><\/a>, de <strong>p\u00e9nitence<\/strong> et de <strong>cat\u00e9ch\u00e8se<\/strong>. Une autre des occupations \u00e0 laquelle les confr\u00e9ries se d\u00e9dient est la <strong>promotion d\u2019une plus grande participation<\/strong> des fid\u00e8les \u00e0 la liturgie et \u00e0 la pri\u00e8re commune. L\u2019objectif principal et distinctif de ces associations est donc le service liturgique, qui comprend le remplacement des servants d\u2019autel pendant les c\u00e9l\u00e9brations eucharistiques, ainsi que la pr\u00e9sidence et le guide de la <em>liturgie des heures<\/em>.<\/p>\n<p>Les confr\u00e9ries peuvent \u00e9galement \u00eatre impliqu\u00e9es dans l\u2019exercice d\u2019<strong>\u0153uvres de p\u00e9nitence<\/strong>, comme des pratiques de je\u00fbne, pri\u00e8re et mortification, afin de grandir dans la vie spirituelle.<\/p>\n<p>Enfin, les confr\u00e9ries jouent un r\u00f4le important dans la <strong>diffusion de la cat\u00e9ch\u00e8se<\/strong>, en promouvant la formation religieuse et spirituelle des fid\u00e8les \u00e0 travers l\u2019enseignement de la doctrine catholique.<\/p>\n<p>Ces associations sont r\u00e8glement\u00e9es par les canons 298 et suivants du <strong>Code de droit canonique<\/strong> en vigueur.<\/p>\n<div class=\"link-article\">\n<p><img loading=\"lazy\" decoding=\"async\" class=\"size-full wp-image-9447 alignleft\" src=\"https:\/\/www.holyart.fr\/blog\/wp-content\/uploads\/sites\/14\/2021\/08\/aum%C3%B4ne.jpg\" alt=\"Faire l\u2019aum\u00f4ne : est-ce de la charit\u00e9 ? \" width=\"150\" height=\"99\" data-kale-share-title=\"Faire l\u2019aum\u00f4ne : est-ce de la charit\u00e9 ?\" data-kale-share-url=\"https:\/\/blog.holyart.it\/fr\/?p=9441\" \/><\/p>\n<div class=\"leggi-anche\">Lire aussi :<\/div>\n<p><strong><a href=\"https:\/\/www.holyart.fr\/blog\/articles-religieux\/faire-laumone-est-ce-de-la-charite\/\">Faire l\u2019aum\u00f4ne : est-ce de la charit\u00e9 ?<\/a><\/strong><br \/>\nL\u2019aum\u00f4ne est strictement li\u00e9e aux devoirs d\u2019un bon chr\u00e9tien. Dans une certaine mesure, il s\u2019agit \u00e9galement d\u2019une forme de justice.<\/p>\n<\/div>\n<p>Dans l\u2019antiquit\u00e9, il existait des associations comparables aux Confr\u00e9ries\u00a0: les <strong>Disciplines<\/strong>. Elles prenaient leur nom de la <strong><em>Disciplina<\/em><\/strong>, un fouet utilis\u00e9 comme instrument de p\u00e9nitence corporelle. Sa fonction \u00e9tait celle de \u00ab\u00a0se discipliner\u00a0\u00bb, i.e. se fouetter les \u00e9paules et le dos comme forme d\u2019expiation pour ses propres fautes et comme acte de supplication pour obtenir la mis\u00e9ricorde divine.<\/p>\n<p>Pendant l\u2019<strong>\u00e9poque carolingienne<\/strong>, \u00e0 partir du VIIIe si\u00e8cle, les confr\u00e9ries connurent un fort d\u00e9veloppement en France et dans le reste de l\u2019Europe. Il s\u2019agissait d\u2019<strong>associations mixtes<\/strong>, qui impliquaient de mani\u00e8re \u00e9gale des consacr\u00e9s et des la\u00efcs. Souvent, en effet, les <em>disciplini<\/em>, ou <em>disciplinati<\/em>, n\u2019\u00e9taient ni fr\u00e8res ni moines, mais la\u00efcs qui maintenaient leur vie familiale et professionnelle. Toutefois, ils observaient une \u00ab\u00a0<strong>r\u00e8gle<\/strong>\u00a0\u00bb et essayaient de poursuivre la perfection de la vie chr\u00e9tienne propre des <a href=\"https:\/\/www.holyart.fr\/produits-des-monasteres\"><strong>ordres monastiques et conventuels<\/strong><\/a>. Bien \u00e0 l\u2019avance par rapport aux ordres religieux qui se seraient form\u00e9s ensuite, ils pratiquaient des <strong>\u0153uvres de charit\u00e9 et de mis\u00e9ricorde<\/strong>, en construisant des h\u00f4pitaux, des maisons d\u2019accueil, des auberges, des cimeti\u00e8res et des oratoires, et s\u2019engageaient dans l\u2019<strong>incr\u00e9ment du culte public <\/strong>et de la piti\u00e9 populaire, avec des \u0153uvres d\u2019assistance aux malades, hospitalit\u00e9 aux voyageurs, suffrage des d\u00e9funts, mais aussi aum\u00f4nes pour les orphelins et les veuves et assistance religieuse aux condamn\u00e9s \u00e0 mort et aux d\u00e9tenus. Souvent, les membres de ces associations choisissaient m\u00eame de <strong>vivre ensemble<\/strong>, exactement comme dans un ordre religieux.<\/p>\n<div class=\"link-product\">\n<div class=\"blocco-immagine\"><img loading=\"lazy\" decoding=\"async\" class=\"size-full wp-image-9436 alignleft\" src=\"https:\/\/assets.holyart.it\/images\/CA004002\/fr\/500\/R\/SN050468\/CLOSEUP01_HD\/h-2b887ef3\/huile-essentielle-aux-31-plantes-camaldoli.jpg\" alt=\"Produits des monasteres\" width=\"100\" height=\"100\" data-kale-share-title=\"Produits des monasters\" data-kale-share-url=\"https:\/\/blog.holyart.it\/fr\/?p=9422\" \/><\/div>\n<div class=\"blocco-contenuto\">\n<div class=\"blocco-acquista\">Acheter sur Holyart:<\/div>\n<div class=\"blocco-titolo\"><a href=\"https:\/\/www.holyart.fr\/produits-des-monasteres\">Produits des Monast\u00e8res<\/a><\/div>\n<div class=\"blocco-descrizione\">Produits de beaut\u00e9, liqueurs, vins, huiles, bonbons et plus encore r\u00e9alis\u00e9s selon les anciennes recettes des moines.<\/div>\n<\/div>\n<\/div>\n<p>Au <strong>Moyen \u00c2ge<\/strong>, ces formes de participation des citoyens \u00e0 la vie religieuse prirent une identit\u00e9 plus d\u00e9finie. Au XIIIe si\u00e8cle, elles se r\u00e9pandirent dans toute l\u2019Europe comme un v\u00e9ritable tissu conjonctif de la soci\u00e9t\u00e9, o\u00f9 la motivation religieuse s\u2019accompagnait souvent au besoin de consid\u00e9ration sociale et de s\u00e9curit\u00e9. Il est possible d\u2019identifier au moins quatre types de confr\u00e9ries\u00a0:<\/p>\n<ul>\n<li><strong>confr\u00e9ries de d\u00e9votion,<\/strong>\u00a0qui regroupaient tous ceux qui \u00e9taient attir\u00e9s par la m\u00eame forme de piti\u00e9, comme le culte de l\u2019Eucharistie ou du Saint Rosaire, par exemple\u00a0;<\/li>\n<li><strong>confr\u00e9ries des p\u00e9nitents,\u00a0<\/strong>comme la Compagnie des <em>Disciplinati<\/em> ou les Flagellants ;<\/li>\n<li><strong>confr\u00e9ries de m\u00e9tier,<\/strong>\u00a0comme les ainsi nomm\u00e9s Arts, unissaient les membres d\u2019une m\u00eame profession autour du culte de leur saint patron ;<\/li>\n<li><strong>confr\u00e9ries caritatives,<\/strong>\u00a0qui offraient des services sp\u00e9cifiques d\u2019assistance, comme la gestion des h\u00f4pitaux et le soin des d\u00e9funts.<\/li>\n<\/ul>\n<p>Du point de vue religieux, les confr\u00e9ries repr\u00e9sentaient l\u2019effort des la\u00efcs de trouver un espace entre la hi\u00e9rarchie eccl\u00e9siastique, les moines et le peuple des fid\u00e8les. L\u2019importance des confr\u00e9ries continua de cro\u00eetre au cours du temps, en les transformant rapidement en <a href=\"https:\/\/www.holyart.fr\/articles-religieux\/medailles-confreries-et-associations\"><strong>centres de pouvoir ind\u00e9pendants de l\u2019autorit\u00e9 \u00e9piscopale<\/strong><\/a>. M\u00eame les ordres religieux commenc\u00e8rent \u00e0 montrer de l\u2019int\u00e9r\u00eat pour le ph\u00e9nom\u00e8ne et certaines confr\u00e9ries furent <strong>institu\u00e9es par des moines<\/strong>, comme les confr\u00e9ries du Carme des fr\u00e8res carm\u00e9lites, les confr\u00e9ries de la Ceinture des ermites de Saint Augustin, les confr\u00e9ries du Rosaires promues par les Dominicains.<\/p>\n<div class=\"link-product\">\n<div class=\"blocco-immagine\"><img loading=\"lazy\" decoding=\"async\" class=\"size-full wp-image-9436 alignleft\" src=\"https:\/\/assets.holyart.it\/images\/MK000005\/fr\/500\/R\/SN000001\/CLOSEUP01_HD\/h-5442086a\/medaille-pour-confrerie-tres-saint-sacrement-metal.jpg\" alt=\"M\u00e9dailles confr\u00e9ries et associations\" width=\"100\" height=\"100\" data-kale-share-title=\"M\u00e9dailles confr\u00e9ries et associations\" data-kale-share-url=\"https:\/\/blog.holyart.it\/fr\/?p=9422\" \/><\/div>\n<div class=\"blocco-contenuto\">\n<div class=\"blocco-acquista\">Acheter sur Holyart:<\/div>\n<div class=\"blocco-titolo\"><a href=\"https:\/\/www.holyart.fr\/articles-religieux\/medailles-confreries-et-associations?page=1\">M\u00e9dailles confr\u00e9ries et associations<\/a><\/div>\n<div class=\"blocco-descrizione\">M\u00e9daillons en m\u00e9tal pour confr\u00e9ries r\u00e9alis\u00e9s par des artisans Italiens.<\/div>\n<\/div>\n<\/div>\n<p>Vers la moiti\u00e9 du <strong>XIIIe si\u00e8cle<\/strong>, en Italie centrale, se v\u00e9rifia \u00e9galement l\u2019\u00e9mergence du mouvement connu comme les <strong>flagellants<\/strong>. \u00c0 ce mouvement adh\u00e9raient de nombreux membres d\u2019ordres religieux et confr\u00e9ries. Le mouvement \u00e9tait caract\u00e9ris\u00e9 par l\u2019organisation de processions qui traversaient les villes, pendant lesquelles les p\u00e9nitents frappaient leurs corps jusqu\u2019\u00e0 saigner. L\u2019objectif de ces actions \u00e9tait d\u2019expier les p\u00e9ch\u00e9s de l\u2019\u00e9poque et de pr\u00e9parer l\u2019av\u00e8nement d\u2019un nouveau r\u00e8gne spirituel. Les confr\u00e9ries organisaient aussi des <a href=\"https:\/\/www.holyart.fr\/accessoires-pour-la-liturgie\/processions?page=1\"><strong>processions<\/strong> <\/a>d\u00e9di\u00e9es aux saints, \u00e0 la Sainte Vierge et au Christ, et certaines \u00e9taient tr\u00e8s sanglantes, comme celles dans lesquelles on \u00e9voquait la Passion.<\/p>\n<p>Ces repr\u00e9sentations se transform\u00e8rent avec le temps, en donnant vie aux <strong>Repr\u00e9sentations Sacr\u00e9es<\/strong> m\u00e9di\u00e9vales, des \u0153uvres th\u00e9\u00e2trales \u00e0 caract\u00e8re religieux souvent interpr\u00e9t\u00e9es par les membres m\u00eames des Confr\u00e9ries. En particulier, ces associations promouvaient le culte de <strong>la Tr\u00e8s-Sainte Eucharistie<\/strong> et organisaient des processions eucharistiques, pendant lesquelles ils transportaient des dais, des torches, des encensoirs et guidaient les moments de pri\u00e8re.<\/p>\n<div class=\"link-product\">\n<div class=\"blocco-immagine\"><img loading=\"lazy\" decoding=\"async\" class=\"size-full wp-image-9436 alignleft\" src=\"https:\/\/assets.holyart.it\/images\/AA000423\/fr\/500\/A\/SN082619\/CLOSEUP01_HD\/h-8fc3aac5\/mater-dolorosa-etendard-pour-processions-145x80-cm.jpg\" alt=\"Processions\" width=\"100\" height=\"100\" data-kale-share-title=\"Processions\" data-kale-share-url=\"https:\/\/blog.holyart.it\/fr\/?p=9422\" \/><\/div>\n<div class=\"blocco-contenuto\">\n<div class=\"blocco-acquista\">Acheter sur Holyart:<\/div>\n<div class=\"blocco-titolo\"><a href=\"https:\/\/www.holyart.fr\/accessoires-pour-la-liturgie\/processions?page=1\">Processions<\/a><\/div>\n<div class=\"blocco-descrizione\">Vous trouverez ici tous les articles destin\u00e9s \u00e0 accompagner les processions religieuses<\/div>\n<\/div>\n<\/div>\n<p>Pendant la <strong>Contre-r\u00e9forme<\/strong>, le r\u00f4le liturgique des Confr\u00e9ries grandit. Le <strong>Concile de Trente<\/strong> transforma la <strong>culture p\u00e9nitentielle<\/strong>, en la rendant plus spirituelle et en r\u00e9duisant la pratique de la flagellation. Les confr\u00e9ries, surtout celles de la Ligurie, adopt\u00e8rent de nouvelles r\u00e8gles plus pr\u00e9cises et assum\u00e8rent de nouvelles t\u00e2ches, en allant combler le vide qui \u00e9tait venu se cr\u00e9er dans la d\u00e9votion populaire. Avec le temps, certaines Confr\u00e9ries adopt\u00e8rent un <strong>habit liturgique sp\u00e9cifique<\/strong> et furent investies de <strong>privil\u00e8ges sp\u00e9ciaux<\/strong>, qui confirmaient leur importance dans la vie religieuse et sociale de l\u2019\u00e9poque. Si, au d\u00e9but, les confr\u00e8res portaient des habits modestes et des capuches blanches, au XVIe si\u00e8cle, m\u00eame avec la diminution du ph\u00e9nom\u00e8ne de la flagellation, on assista \u00e0 un enrichissement de leur habillement. Furent introduis des habits en satin et des tissus pr\u00e9cieux, souvent brod\u00e9s d\u2019or et d\u2019argent.<\/p>\n<p>Les confr\u00e9ries les plus populaires au XVIe si\u00e8cle \u00e9taient celles d\u00e9di\u00e9es \u00e0 la <a href=\"https:\/\/www.holyart.fr\/blog\/articles-religieux\/titres-mariaux-combien-et-lesquels-sont-les-noms-dedies-a-marie\/\"><strong><u>d\u00e9votion mariale<\/u><\/strong><\/a>, surtout apr\u00e8s que Pape Pie V attribua la victoire de la Sainte Ligue contre les Turcs dans la bataille de L\u00e9pante \u00e0 l\u2019intercession de Marie. Avec l\u2019augmentation de la v\u00e9n\u00e9ration mariale, de plus en plus de confr\u00e9ries li\u00e9es \u00e0 cette d\u00e9votion virent le jour.<\/p>\n<p>Apr\u00e8s la suppression due aux <strong>d\u00e9crets napol\u00e9oniens<\/strong>, et la confiscation des tous les biens des associ\u00e9s, seules les confr\u00e9ries avec un caract\u00e8res strictement <strong>religieux<\/strong> r\u00e9ussirent \u00e0 survivre et \u00e0 reprendre ensuite leurs activit\u00e9s.<\/p>\n<p>Non reconnues dans un premier lieu par la <strong>l\u00e9gislation italienne<\/strong> comme entit\u00e9s religieuses, elles connurent des vicissitudes et r\u00e9glementations diverses, jusqu\u2019\u00e0 ce que, le 28 juin 1934, on leur conc\u00e9da la p<strong>ersonnalit\u00e9 juridique<\/strong>, en reconnaissant ainsi leur existence l\u00e9gale.<\/p>\n<div class=\"link-article\">\n<p><img loading=\"lazy\" decoding=\"async\" class=\"size-full wp-image-9447 alignleft\" src=\"https:\/\/www.holyart.fr\/blog\/wp-content\/uploads\/sites\/14\/2022\/08\/Titres-Mariaux.jpeg\" alt=\"Titres Mariaux : combien et lesquels sont les noms d\u00e9di\u00e9s \u00e0 Marie\" width=\"150\" height=\"99\" data-kale-share-title=\"Titres Mariaux : combien et lesquels sont les noms d\u00e9di\u00e9s \u00e0 Marie\" data-kale-share-url=\"https:\/\/blog.holyart.it\/fr\/?p=9441\" \/><\/p>\n<div class=\"leggi-anche\">Lire aussi :<\/div>\n<p><strong><a href=\"https:\/\/www.holyart.fr\/blog\/articles-religieux\/titres-mariaux-combien-et-lesquels-sont-les-noms-dedies-a-marie\/\">Titres Mariaux : combien et lesquels sont les noms d\u00e9di\u00e9s \u00e0 Marie<\/a><\/strong><br \/>\nToutes les appellations avec lesquelles on v\u00e9n\u00e8re Marie, m\u00e8re de J\u00e9sus: combien sont-ils? D\u2019o\u00f9 viennent-ils ?<\/p>\n<\/div>\n<h2>Comment fonctionne une Confr\u00e9rie<\/h2>\n<p>Les normes eccl\u00e9siastiques qui r\u00e8glent les confr\u00e9ries se trouvent inscrites dans le <strong>Code de Droit Canonique<\/strong>, dans le titre V intitul\u00e9 <em>Les Associations des fid\u00e8les<\/em> (CIC 298-329). Ces normes \u00e9tablissent les dispositions g\u00e9n\u00e9rales qui gouvernent l\u2019organisation et le fonctionnement des associations de fid\u00e8les, y compris les confr\u00e9ries. Les confr\u00e9ries acqui\u00e8rent une personnalit\u00e9 juridique distincte de celle des diff\u00e9rents affili\u00e9s. En Italie, la Conf\u00e9rence \u00c9piscopale Italienne a \u00e9rig\u00e9 la <strong>Conf\u00e9d\u00e9ration des Confr\u00e9ries des Dioc\u00e8ses d\u2019Italie<\/strong> avec un d\u00e9cret propre dat\u00e9 du 14 avril 2000. Cette association r\u00e9unit la plupart des confr\u00e9ries italiennes et a pour but de favoriser la coop\u00e9ration et le partage d\u2019exp\u00e9riences entre elles.<\/p>\n<p>Chaque <a href=\"https:\/\/www.holyart.fr\/articles-religieux\/medailles-confreries-et-associations\/medaille-de-confrerie-laiton-sainte-rita\"><strong>confr\u00e9rie doit \u00eatre d\u00e9di\u00e9e \u00e0 un saint<\/strong><\/a> ou \u00e0 un <strong>myst\u00e8re de la foi<\/strong>, qui repr\u00e9sente le focus spirituel de la confr\u00e9rie et inspire ses activit\u00e9s. Un <strong>but sp\u00e9cifique \u00e0 poursuivre<\/strong> doit \u00e9galement \u00eatre d\u00e9clar\u00e9, but qui peut \u00eatre li\u00e9 \u00e0 la pri\u00e8re, \u00e0 l\u2019adoration, \u00e0 l\u2019assistance caritative, \u00e0 la promotion de la d\u00e9votion pour un aspect particulier de la foi ou \u00e0 d\u2019autres objectifs spirituels et pastoraux. La confr\u00e9rie peut avoir un <strong>si\u00e8ge physique<\/strong> qui peut \u00eatre une \u00e9glise, un oratoire ou un autel \u00e0 l\u2019int\u00e9rieur d\u2019une \u00e9glise paroissiale ou d\u2019un autre lieu de culte. Le si\u00e8ge est le lieu o\u00f9 la confr\u00e9rie m\u00e8ne des activit\u00e9s et c\u00e9l\u00e8bre ses c\u00e9r\u00e9monies.<\/p>\n<p>La confr\u00e9rie est officiellement institu\u00e9e par un <strong>d\u00e9cret de l\u2019autorit\u00e9 eccl\u00e9siastique<\/strong> comp\u00e9tente. Cette autorit\u00e9 peut \u00eatre le Pape, la Conf\u00e9rence \u00c9piscopale, l\u2019\u00c9v\u00eaque ou le Doyen d\u2019un institut religieux.<\/p>\n<div class=\"link-product\">\n<div class=\"blocco-immagine\"><img loading=\"lazy\" decoding=\"async\" class=\"size-full wp-image-9436 alignleft\" src=\"https:\/\/assets.holyart.it\/images\/MK000073\/fr\/500\/R\/SN039392\/CLOSEUP01_HD\/h-fb572f9c\/medaille-de-confrerie-laiton-sainte-rita.jpg\" alt=\"M\u00e9daille de confr\u00e9rie laiton Sainte Rita\" width=\"100\" height=\"100\" data-kale-share-title=\"M\u00e9daille de confr\u00e9rie laiton Sainte Rita\" data-kale-share-url=\"https:\/\/blog.holyart.it\/fr\/?p=9422\" \/><\/div>\n<div class=\"blocco-contenuto\">\n<div class=\"blocco-acquista\">Acheter sur Holyart:<\/div>\n<div class=\"blocco-titolo\"><a href=\"https:\/\/www.holyart.fr\/articles-religieux\/medailles-confreries-et-associations\/medaille-de-confrerie-laiton-sainte-rita\">M\u00e9daille de confr\u00e9rie laiton Sainte Rita<\/a><\/div>\n<div class=\"blocco-descrizione\">Cette insigne religieuse, enti\u00e8rement r\u00e9alis\u00e9e en Italie, est disponible en laiton argent\u00e9 ou dor\u00e9 ou en argent (sur demande).<\/div>\n<\/div>\n<\/div>\n<p>Les questions internes \u00e0 la confr\u00e9rie doivent \u00eatre r\u00e9gl\u00e9es par un <strong>statut interne<\/strong> approuv\u00e9 par l\u2019autorit\u00e9 eccl\u00e9siastique comp\u00e9tente, qui r\u00e8gle les aspects organisationnels, les normes de participation, les devoirs des membres. Les confr\u00e8res et les cons\u0153urs portent un <strong>habit liturgique<\/strong> particulier pendant les c\u00e9r\u00e9monies et les processions. L\u2019habit peut varier selon la religion, mais poss\u00e8de une coupe et une couleur pr\u00e9cises qui identifient l\u2019appartenance \u00e0 la confr\u00e9rie.<\/p>\n<p>Les confr\u00e9ries sont g\u00e9r\u00e9es par une <strong>administration interne<\/strong>, appel\u00e9e <strong>conseil<\/strong> ou gouvernement, qui est compos\u00e9e de diff\u00e9rentes figures\u00a0: le <strong>Prieur<\/strong>, chef de la confr\u00e9rie et responsable de son guide et de sa direction\u00a0; un ou deux <strong>vicaires<\/strong>, qui l\u2019assistent\u00a0; diff\u00e9rentes figures qui jouent des r\u00f4les sp\u00e9cifiques \u00e0 l\u2019int\u00e9rieur de la confr\u00e9rie, comme le secr\u00e9taire, le tr\u00e9sorier, les pourvoyeurs, le fiscaliste et d\u2019autres\u00a0; des conseillers, les membres du conseil. En outre, chaque confr\u00e9rie doit avoir un <strong>Assistant Spirituel<\/strong>, qui est un pr\u00eatre ou un religieux nomm\u00e9 par l\u2019autorit\u00e9 eccl\u00e9siastique comp\u00e9tente.<\/p>\n<p>Pour arriver \u00e0 faire partie d\u2019une confr\u00e9rie, un an de <strong>noviciat<\/strong> est g\u00e9n\u00e9ralement pr\u00e9vu, ann\u00e9e pendant laquelle le candidat participe \u00e0 la vie de la confr\u00e9rie et dont le comportement est \u00e9valu\u00e9 par le conseil. Apr\u00e8s avoir termin\u00e9 leur ann\u00e9e de noviciat, les nouveaux membres participent \u00e0 une messe solennelle, pendant laquelle ils jurent devant Dieu et tous leurs confr\u00e8res, sont b\u00e9nits et re\u00e7oivent la cape consacr\u00e9e, qu\u2019ils pourront porter lors des processions et des c\u00e9l\u00e9brations.<\/p>\n<h2>Diff\u00e9rence entre Confr\u00e9rie et Archiconfr\u00e9rie<\/h2>\n<p>Apr\u00e8s 1530, surtout \u00e0 Rome, commenc\u00e8rent \u00e0 se former aussi les <strong>archiconfr\u00e9ries<\/strong>, compos\u00e9es de diff\u00e9rentes confr\u00e9ries reli\u00e9es entre elles. Une confr\u00e9rie pouvait se joindre \u00e0 une autre en envoyant une pr\u00e9sentation officielle de statuts et une lettre de l\u2019\u00e9v\u00eaque qui attestait sa l\u00e9gitimit\u00e9 canonique. Ce fut Pape Cl\u00e9ment VIII qui imposa ce pr\u00e9requis \u00e0 la fin du XVIe si\u00e8cle afin de garantir l\u2019ordre et la r\u00e9gularit\u00e9 des associations.<\/p>\n<p>Le XVIe si\u00e8cle fut une p\u00e9riode de grande prosp\u00e9rit\u00e9 pour les confr\u00e9ries italiennes, en particulier pour les archiconfr\u00e9ries, \u00e9galement appel\u00e9es \u00ab\u00a0confr\u00e9ries m\u00e8res\u00a0\u00bb. Elles avaient le droit d\u2019agr\u00e9ger les compagnies locales, qui recevaient toutes les indulgences et les privil\u00e8ges conc\u00e9d\u00e9s \u00e0 l\u2019archiconfr\u00e9rie m\u00e8re de r\u00e9f\u00e9rence.<\/p>\n<h2>Confr\u00e9rie du Gonfalone<\/h2>\n<p>L\u2019histoire du Gonfalone, confr\u00e9rie romaine, a des racines anciennes. Originairement appel\u00e9e \u00ab\u00a0Recommand\u00e9s de Madone Ste Marie\u00a0\u00bb, fut reconnue par pape Cl\u00e9ment IV en 1267 et avait son si\u00e8ge aupr\u00e8s de la Basilique de Sainte-Marie-Majeure. En 1351, elle changea de nom en \u00ab\u00a0Recommand\u00e9s du Gonfalone\u00a0\u00bb. Dans la deuxi\u00e8me moiti\u00e9 du XVe si\u00e8cle, la compagnie des Recommand\u00e9s de Madone Ste Marie s\u2019unit \u00e0 une autre confr\u00e9rie d\u00e9j\u00e0 pr\u00e9sente dans la basilique, en donnant vie \u00e0 la <strong>Confr\u00e9rie du Gonfalone<\/strong>.<\/p>\n<p>La Confr\u00e9rie du Gonfalone fut \u00e9lev\u00e9e au titre d\u2019<strong>Archiconfr\u00e9rie<\/strong> en 1579 gr\u00e2ce au pape Gr\u00e9goire XIII. Deux ans apr\u00e8s, le pontife leur confia l\u2019\u0153uvre pieuse de la <strong>ran\u00e7on des personnes captur\u00e9s par les corsaires barbaresques<\/strong> dans la p\u00e9ninsule italienne, pour les lib\u00e9rer et les faire retourner \u00e0 leurs familles. Cette \u0153uvre pieuse de r\u00e9colte de fonds pour la ran\u00e7on des prisonniers devint l\u2019activit\u00e9 principale de la confr\u00e9rie pendant le XVIIe et le XVIIIe si\u00e8cle.<\/p>\n<p>Apr\u00e8s sa suppression \u00e0 l\u2019\u00e9poque napol\u00e9onienne, le Gonfalone de Rome reprit ses activit\u00e9s en 1823, mais, au cours du temps, il se redimensionna et tomba dans un \u00e9tat d\u2019inactivit\u00e9, en maintenant vif le souvenir \u00e0 travers son magnifique oratoire. En d\u00e9cembre 2010, l\u2019Archiconfr\u00e9rie romaine a repris son activit\u00e9 sur d\u00e9cret du Cardinal Vicaire, en mettant \u00e0 jour les anciens statuts et en reprenant avec douze confr\u00e8res fondateurs en m\u00e9moire de la fondation d\u2019origine.<\/p>\n<p><strong>Confr\u00e9rie du Tr\u00e8s-Saint-Sacrement<\/strong><\/p>\n<p>L\u2019<a href=\"https:\/\/www.holyart.fr\/articles-religieux\/medailles-confreries-et-associations\/medaille-pour-confrerie-tres-saint-sacrement-metal\"><strong>Archiconfr\u00e9rie du Tr\u00e8s-Saint-Sacrement<\/strong><\/a> est une confr\u00e9rie catholique d\u00e9di\u00e9e \u00e0 la <strong>v\u00e9n\u00e9ration et \u00e0 la pr\u00e9servation du culte eucharistique<\/strong>. Les origines de cette confr\u00e9rie remontent \u00e0 une p\u00e9riode incertaine. Il existe des indices de sa fondation d\u00e9j\u00e0 en 1539, mais la source n\u2019est pas certaine.<\/p>\n<p>Pendant la <strong>Contre-r\u00e9forme<\/strong>, l\u2019\u00c9glise catholique voulut r\u00e9affirmer la pr\u00e9sence r\u00e9elle de Christ dans l\u2019Eucharistie de toutes les mani\u00e8res possibles. De nombreuses confr\u00e9ries modifi\u00e8rent leur nom original de \u00ab\u00a0Corps de Christ\u00a0\u00bb \u00e0 \u00ab\u00a0Tr\u00e8s-Saint-Sacrement\u00a0\u00bb, consid\u00e9r\u00e9 comme plus adapt\u00e9 pour diffuser la doctrine catholique sur la pr\u00e9sence eucharistique. Ce fut probablement le cas aussi pour la confr\u00e9rie du Corps de Christ \u00e0 Vico del Gargano.<\/p>\n<p>Confr\u00e9rie du Tr\u00e8s Saint Crucifix<\/p>\n<p>Institu\u00e9e \u00e0 Alexandrie au XIIIe si\u00e8cle, la <strong>v\u00e9n\u00e9rable <\/strong><a href=\"https:\/\/www.holyart.fr\/articles-religieux\/medailles-confreries-et-associations\/medaille-confrerie-crucifix-laiton\"><strong>Confr\u00e9rie du Tr\u00e8s Saint Crucifix<\/strong><\/a> \u00e0 San Giovannino fait partie des mouvements p\u00e9nitentiels que nous avons mentionn\u00e9s.<\/p>\n<p>Une <strong>Archiconfr\u00e9rie du Tr\u00e8s Saint Crucifix<\/strong> fut par contre institu\u00e9e en 1591 aupr\u00e8s de la Cath\u00e9drale d\u2019Agrigente. Sa fondation est li\u00e9e \u00e0 la d\u00e9votion pour J\u00e9sus Crucifi\u00e9. La d\u00e9nomination officielle de la confr\u00e9rie \u00e9tait \u00ab\u00a0Tr\u00e8s Saint Crucifix de la Charit\u00e9\u00a0\u00bb, pour souligner \u00e9galement l\u2019aspect caritatif de ses initiatives. Outre la d\u00e9votion pour le Crucifix, la confr\u00e9rie se d\u00e9diait \u00e0 l\u2019\u0153uvre sp\u00e9ciale de charit\u00e9 en faveur des d\u00e9tenus, des ex-d\u00e9tenus et \u00e0 d\u2019autres bonnes \u0153uvres.<\/p>\n<p>Avec l\u2019approbation et la confirmation de la Curie \u00c9piscopale, la confr\u00e9rie devint Archiconfr\u00e9rie et, ensuite, fut affili\u00e9e \u00e0 l\u2019Archiconfr\u00e9rie du Tr\u00e8s Saint Crucifix de San Marcello \u00e0 Rome.<\/p>\n<div class=\"link-product\">\n<div class=\"blocco-immagine\"><img loading=\"lazy\" decoding=\"async\" class=\"size-full wp-image-9436 alignleft\" src=\"https:\/\/assets.holyart.it\/images\/MK000005\/fr\/500\/R\/SN000001\/CLOSEUP01_HD\/h-5442086a\/medaille-pour-confrerie-tres-saint-sacrement-metal.jpg\" alt=\"M\u00e9daille pour confr\u00e9rie Tr\u00e8s-Saint-Sacrement m\u00e9tal\" width=\"100\" height=\"100\" data-kale-share-title=\"M\u00e9daille pour confr\u00e9rie Tr\u00e8s-Saint-Sacrement m\u00e9tal\" data-kale-share-url=\"https:\/\/blog.holyart.it\/fr\/?p=9422\" \/><\/div>\n<div class=\"blocco-contenuto\">\n<div class=\"blocco-acquista\">Acheter sur Holyart:<\/div>\n<div class=\"blocco-titolo\"><a href=\"https:\/\/www.holyart.fr\/articles-religieux\/medailles-confreries-et-associations\/medaille-pour-confrerie-tres-saint-sacrement-metal\">M\u00e9daille pour confr\u00e9rie Tr\u00e8s-Saint-Sacrement m\u00e9tal<\/a><\/div>\n<div class=\"blocco-descrizione\">Article enti\u00e8rement r\u00e9alis\u00e9 en Italie, du moulage \u00e0 la finition. Disponible en finition argent\u00e9e ou dor\u00e9e, realisable sur demande en argent.<\/div>\n<\/div>\n<\/div>\n<h2>Confr\u00e9rie de la Mis\u00e9ricorde<\/h2>\n<p>En g\u00e9n\u00e9ral, les <strong>Mis\u00e9ricordes<\/strong> sont des confr\u00e9ries et archiconfr\u00e9ries d\u2019origine catholique d\u00e9di\u00e9es \u00e0 l\u2019assistance aux n\u00e9cessiteux. En Italie, on trouve des sources qui font remonter la fondation de la Mis\u00e9ricorde de Florence, une des plus anciennes, \u00e0 1244. De nombreuses Mis\u00e9ricordes se d\u00e9diaient \u00e9galement au soin des <strong>p\u00e8lerins<\/strong>, ou \u00e0 l\u2019assistance des <strong>condamn\u00e9s \u00e0 mort<\/strong>.<\/p>\n<p>Aujourd\u2019hui, en Italie, plus de 700 Confr\u00e9ries de Mis\u00e9ricorde sont encore actives, r\u00e9unies depuis 1899 dans la <strong>Conf\u00e9d\u00e9ration Nationale des Mis\u00e9ricordes d\u2019Italie<\/strong>. Leurs activit\u00e9s de b\u00e9n\u00e9volat vont du secours sanitaire en ambulance \u00e0 la gestion de centres sociaux et r\u00e9sidences pour personnes \u00e2g\u00e9es, \u00e0 la Protection Civile.<\/p>\n","protected":false},"excerpt":{"rendered":"<p>Les confr\u00e9ries ont constitu\u00e9 pendant des si\u00e8cles un tissu conjonctif dans notre pays, entre esprit d\u00e9votionnel, religion et la\u00efcit\u00e9. Voici lesquels sont les plus importants. Les confr\u00e9ries de l\u2019\u00c9glise catholique sont des associations publiques de fid\u00e8les qui se d\u00e9dient principalement au service liturgique, \u00e0 l\u2019incr\u00e9ment&hellip;<\/p>\n","protected":false},"author":1,"featured_media":9462,"comment_status":"closed","ping_status":"open","sticky":false,"template":"","format":"standard","meta":{"_acf_changed":false,"footnotes":""},"categories":[8],"tags":[],"class_list":["post-9450","post","type-post","status-publish","format-standard","has-post-thumbnail","hentry","category-articles-religieux"],"acf":[],"yoast_head":"<!-- This site is optimized with the Yoast SEO plugin v26.6 - https:\/\/yoast.com\/wordpress\/plugins\/seo\/ -->\n<title>Confr\u00e9ries les plus anciennes : histoire et curiosit\u00e9 - Holyart.fr Blog<\/title>\n<meta name=\"description\" content=\"Les confr\u00e9ries existent en Italie depuis toujours. Voici comment elles sont n\u00e9es et quel r\u00f4le ont-elles jou\u00e9 dans l\u2019histoire.\" \/>\n<meta name=\"robots\" content=\"index, follow, max-snippet:-1, max-image-preview:large, max-video-preview:-1\" \/>\n<link rel=\"canonical\" href=\"https:\/\/blog.holyart.it\/fr\/articles-religieux\/confreries-les-plus-anciennes-histoire-et-curiosite\/\" \/>\n<meta property=\"og:locale\" content=\"fr_FR\" \/>\n<meta property=\"og:type\" content=\"article\" \/>\n<meta property=\"og:title\" content=\"Confr\u00e9ries les plus anciennes : histoire et curiosit\u00e9 - Holyart.fr Blog\" \/>\n<meta property=\"og:description\" content=\"Les confr\u00e9ries existent en Italie depuis toujours. Voici comment elles sont n\u00e9es et quel r\u00f4le ont-elles jou\u00e9 dans l\u2019histoire.\" \/>\n<meta property=\"og:url\" content=\"https:\/\/blog.holyart.it\/fr\/articles-religieux\/confreries-les-plus-anciennes-histoire-et-curiosite\/\" \/>\n<meta property=\"og:site_name\" content=\"Holyart.fr Blog\" \/>\n<meta property=\"article:published_time\" content=\"2025-01-15T08:00:35+00:00\" \/>\n<meta property=\"article:modified_time\" content=\"2026-04-17T13:18:20+00:00\" \/>\n<meta property=\"og:image\" content=\"https:\/\/blog.holyart.it\/fr\/wp-content\/uploads\/sites\/14\/2025\/01\/confreries.jpg\" \/>\n\t<meta property=\"og:image:width\" content=\"1000\" \/>\n\t<meta property=\"og:image:height\" content=\"666\" \/>\n\t<meta property=\"og:image:type\" content=\"image\/jpeg\" \/>\n<meta name=\"author\" content=\"Redazione\" \/>\n<meta name=\"twitter:card\" content=\"summary_large_image\" \/>\n<meta name=\"twitter:label1\" content=\"\u00c9crit par\" \/>\n\t<meta name=\"twitter:data1\" content=\"Redazione\" \/>\n\t<meta name=\"twitter:label2\" content=\"Dur\u00e9e de lecture estim\u00e9e\" \/>\n\t<meta name=\"twitter:data2\" content=\"15 minutes\" \/>\n<script type=\"application\/ld+json\" class=\"yoast-schema-graph\">{\"@context\":\"https:\/\/schema.org\",\"@graph\":[{\"@type\":\"Article\",\"@id\":\"https:\/\/blog.holyart.it\/fr\/articles-religieux\/confreries-les-plus-anciennes-histoire-et-curiosite\/#article\",\"isPartOf\":{\"@id\":\"https:\/\/blog.holyart.it\/fr\/articles-religieux\/confreries-les-plus-anciennes-histoire-et-curiosite\/\"},\"author\":{\"name\":\"Redazione\",\"@id\":\"https:\/\/blog.holyart.it\/fr\/#\/schema\/person\/0a7b686e5af0f856ec1e390dd0baecda\"},\"headline\":\"Confr\u00e9ries les plus anciennes : histoire et curiosit\u00e9\",\"datePublished\":\"2025-01-15T08:00:35+00:00\",\"dateModified\":\"2026-04-17T13:18:20+00:00\",\"mainEntityOfPage\":{\"@id\":\"https:\/\/blog.holyart.it\/fr\/articles-religieux\/confreries-les-plus-anciennes-histoire-et-curiosite\/\"},\"wordCount\":2911,\"publisher\":{\"@id\":\"https:\/\/blog.holyart.it\/fr\/#organization\"},\"image\":{\"@id\":\"https:\/\/blog.holyart.it\/fr\/articles-religieux\/confreries-les-plus-anciennes-histoire-et-curiosite\/#primaryimage\"},\"thumbnailUrl\":\"https:\/\/blog.holyart.it\/fr\/wp-content\/uploads\/sites\/14\/2025\/01\/confreries.jpg\",\"articleSection\":[\"Religion\"],\"inLanguage\":\"fr-FR\"},{\"@type\":\"WebPage\",\"@id\":\"https:\/\/blog.holyart.it\/fr\/articles-religieux\/confreries-les-plus-anciennes-histoire-et-curiosite\/\",\"url\":\"https:\/\/blog.holyart.it\/fr\/articles-religieux\/confreries-les-plus-anciennes-histoire-et-curiosite\/\",\"name\":\"Confr\u00e9ries les plus anciennes : histoire et curiosit\u00e9 - Holyart.fr Blog\",\"isPartOf\":{\"@id\":\"https:\/\/blog.holyart.it\/fr\/#website\"},\"primaryImageOfPage\":{\"@id\":\"https:\/\/blog.holyart.it\/fr\/articles-religieux\/confreries-les-plus-anciennes-histoire-et-curiosite\/#primaryimage\"},\"image\":{\"@id\":\"https:\/\/blog.holyart.it\/fr\/articles-religieux\/confreries-les-plus-anciennes-histoire-et-curiosite\/#primaryimage\"},\"thumbnailUrl\":\"https:\/\/blog.holyart.it\/fr\/wp-content\/uploads\/sites\/14\/2025\/01\/confreries.jpg\",\"datePublished\":\"2025-01-15T08:00:35+00:00\",\"dateModified\":\"2026-04-17T13:18:20+00:00\",\"description\":\"Les confr\u00e9ries existent en Italie depuis toujours. Voici comment elles sont n\u00e9es et quel r\u00f4le ont-elles jou\u00e9 dans l\u2019histoire.\",\"breadcrumb\":{\"@id\":\"https:\/\/blog.holyart.it\/fr\/articles-religieux\/confreries-les-plus-anciennes-histoire-et-curiosite\/#breadcrumb\"},\"inLanguage\":\"fr-FR\",\"potentialAction\":[{\"@type\":\"ReadAction\",\"target\":[\"https:\/\/blog.holyart.it\/fr\/articles-religieux\/confreries-les-plus-anciennes-histoire-et-curiosite\/\"]}]},{\"@type\":\"ImageObject\",\"inLanguage\":\"fr-FR\",\"@id\":\"https:\/\/blog.holyart.it\/fr\/articles-religieux\/confreries-les-plus-anciennes-histoire-et-curiosite\/#primaryimage\",\"url\":\"https:\/\/blog.holyart.it\/fr\/wp-content\/uploads\/sites\/14\/2025\/01\/confreries.jpg\",\"contentUrl\":\"https:\/\/blog.holyart.it\/fr\/wp-content\/uploads\/sites\/14\/2025\/01\/confreries.jpg\",\"width\":1000,\"height\":666,\"caption\":\"confreries\"},{\"@type\":\"BreadcrumbList\",\"@id\":\"https:\/\/blog.holyart.it\/fr\/articles-religieux\/confreries-les-plus-anciennes-histoire-et-curiosite\/#breadcrumb\",\"itemListElement\":[{\"@type\":\"ListItem\",\"position\":1,\"name\":\"Homepage\",\"item\":\"https:\/\/blog.holyart.it\/fr\/\"},{\"@type\":\"ListItem\",\"position\":2,\"name\":\"Religion\",\"item\":\"https:\/\/blog.holyart.it\/fr\/articles-religieux\/\"},{\"@type\":\"ListItem\",\"position\":3,\"name\":\"Confr\u00e9ries les plus anciennes : histoire et curiosit\u00e9\"}]},{\"@type\":\"WebSite\",\"@id\":\"https:\/\/blog.holyart.it\/fr\/#website\",\"url\":\"https:\/\/blog.holyart.it\/fr\/\",\"name\":\"Holyart.fr Blog\",\"description\":\"Holyblog\",\"publisher\":{\"@id\":\"https:\/\/blog.holyart.it\/fr\/#organization\"},\"potentialAction\":[{\"@type\":\"SearchAction\",\"target\":{\"@type\":\"EntryPoint\",\"urlTemplate\":\"https:\/\/blog.holyart.it\/fr\/?s={search_term_string}\"},\"query-input\":{\"@type\":\"PropertyValueSpecification\",\"valueRequired\":true,\"valueName\":\"search_term_string\"}}],\"inLanguage\":\"fr-FR\"},{\"@type\":\"Organization\",\"@id\":\"https:\/\/blog.holyart.it\/fr\/#organization\",\"name\":\"Holyart.fr Blog\",\"url\":\"https:\/\/blog.holyart.it\/fr\/\",\"logo\":{\"@type\":\"ImageObject\",\"inLanguage\":\"fr-FR\",\"@id\":\"https:\/\/blog.holyart.it\/fr\/#\/schema\/logo\/image\/\",\"url\":\"https:\/\/blog.holyart.it\/fr\/wp-content\/uploads\/sites\/14\/2022\/12\/Holyart_Blog_Logo.jpg\",\"contentUrl\":\"https:\/\/blog.holyart.it\/fr\/wp-content\/uploads\/sites\/14\/2022\/12\/Holyart_Blog_Logo.jpg\",\"width\":300,\"height\":50,\"caption\":\"Holyart.fr Blog\"},\"image\":{\"@id\":\"https:\/\/blog.holyart.it\/fr\/#\/schema\/logo\/image\/\"}},{\"@type\":\"Person\",\"@id\":\"https:\/\/blog.holyart.it\/fr\/#\/schema\/person\/0a7b686e5af0f856ec1e390dd0baecda\",\"name\":\"Redazione\",\"image\":{\"@type\":\"ImageObject\",\"inLanguage\":\"fr-FR\",\"@id\":\"https:\/\/blog.holyart.it\/fr\/#\/schema\/person\/image\/\",\"url\":\"https:\/\/secure.gravatar.com\/avatar\/f477da817f43e50d0af36abecd33e3edf826c68299714bdc1057dff3b113f516?s=96&d=mm&r=g\",\"contentUrl\":\"https:\/\/secure.gravatar.com\/avatar\/f477da817f43e50d0af36abecd33e3edf826c68299714bdc1057dff3b113f516?s=96&d=mm&r=g\",\"caption\":\"Redazione\"},\"url\":\"https:\/\/blog.holyart.it\/fr\/author\/admin\/\"}]}<\/script>\n<!-- \/ Yoast SEO plugin. -->","yoast_head_json":{"title":"Confr\u00e9ries les plus anciennes : histoire et curiosit\u00e9 - Holyart.fr Blog","description":"Les confr\u00e9ries existent en Italie depuis toujours. Voici comment elles sont n\u00e9es et quel r\u00f4le ont-elles jou\u00e9 dans l\u2019histoire.","robots":{"index":"index","follow":"follow","max-snippet":"max-snippet:-1","max-image-preview":"max-image-preview:large","max-video-preview":"max-video-preview:-1"},"canonical":"https:\/\/blog.holyart.it\/fr\/articles-religieux\/confreries-les-plus-anciennes-histoire-et-curiosite\/","og_locale":"fr_FR","og_type":"article","og_title":"Confr\u00e9ries les plus anciennes : histoire et curiosit\u00e9 - Holyart.fr Blog","og_description":"Les confr\u00e9ries existent en Italie depuis toujours. Voici comment elles sont n\u00e9es et quel r\u00f4le ont-elles jou\u00e9 dans l\u2019histoire.","og_url":"https:\/\/blog.holyart.it\/fr\/articles-religieux\/confreries-les-plus-anciennes-histoire-et-curiosite\/","og_site_name":"Holyart.fr Blog","article_published_time":"2025-01-15T08:00:35+00:00","article_modified_time":"2026-04-17T13:18:20+00:00","og_image":[{"width":1000,"height":666,"url":"https:\/\/blog.holyart.it\/fr\/wp-content\/uploads\/sites\/14\/2025\/01\/confreries.jpg","type":"image\/jpeg"}],"author":"Redazione","twitter_card":"summary_large_image","twitter_misc":{"\u00c9crit par":"Redazione","Dur\u00e9e de lecture estim\u00e9e":"15 minutes"},"schema":{"@context":"https:\/\/schema.org","@graph":[{"@type":"Article","@id":"https:\/\/blog.holyart.it\/fr\/articles-religieux\/confreries-les-plus-anciennes-histoire-et-curiosite\/#article","isPartOf":{"@id":"https:\/\/blog.holyart.it\/fr\/articles-religieux\/confreries-les-plus-anciennes-histoire-et-curiosite\/"},"author":{"name":"Redazione","@id":"https:\/\/blog.holyart.it\/fr\/#\/schema\/person\/0a7b686e5af0f856ec1e390dd0baecda"},"headline":"Confr\u00e9ries les plus anciennes : histoire et curiosit\u00e9","datePublished":"2025-01-15T08:00:35+00:00","dateModified":"2026-04-17T13:18:20+00:00","mainEntityOfPage":{"@id":"https:\/\/blog.holyart.it\/fr\/articles-religieux\/confreries-les-plus-anciennes-histoire-et-curiosite\/"},"wordCount":2911,"publisher":{"@id":"https:\/\/blog.holyart.it\/fr\/#organization"},"image":{"@id":"https:\/\/blog.holyart.it\/fr\/articles-religieux\/confreries-les-plus-anciennes-histoire-et-curiosite\/#primaryimage"},"thumbnailUrl":"https:\/\/blog.holyart.it\/fr\/wp-content\/uploads\/sites\/14\/2025\/01\/confreries.jpg","articleSection":["Religion"],"inLanguage":"fr-FR"},{"@type":"WebPage","@id":"https:\/\/blog.holyart.it\/fr\/articles-religieux\/confreries-les-plus-anciennes-histoire-et-curiosite\/","url":"https:\/\/blog.holyart.it\/fr\/articles-religieux\/confreries-les-plus-anciennes-histoire-et-curiosite\/","name":"Confr\u00e9ries les plus anciennes : histoire et curiosit\u00e9 - Holyart.fr Blog","isPartOf":{"@id":"https:\/\/blog.holyart.it\/fr\/#website"},"primaryImageOfPage":{"@id":"https:\/\/blog.holyart.it\/fr\/articles-religieux\/confreries-les-plus-anciennes-histoire-et-curiosite\/#primaryimage"},"image":{"@id":"https:\/\/blog.holyart.it\/fr\/articles-religieux\/confreries-les-plus-anciennes-histoire-et-curiosite\/#primaryimage"},"thumbnailUrl":"https:\/\/blog.holyart.it\/fr\/wp-content\/uploads\/sites\/14\/2025\/01\/confreries.jpg","datePublished":"2025-01-15T08:00:35+00:00","dateModified":"2026-04-17T13:18:20+00:00","description":"Les confr\u00e9ries existent en Italie depuis toujours. Voici comment elles sont n\u00e9es et quel r\u00f4le ont-elles jou\u00e9 dans l\u2019histoire.","breadcrumb":{"@id":"https:\/\/blog.holyart.it\/fr\/articles-religieux\/confreries-les-plus-anciennes-histoire-et-curiosite\/#breadcrumb"},"inLanguage":"fr-FR","potentialAction":[{"@type":"ReadAction","target":["https:\/\/blog.holyart.it\/fr\/articles-religieux\/confreries-les-plus-anciennes-histoire-et-curiosite\/"]}]},{"@type":"ImageObject","inLanguage":"fr-FR","@id":"https:\/\/blog.holyart.it\/fr\/articles-religieux\/confreries-les-plus-anciennes-histoire-et-curiosite\/#primaryimage","url":"https:\/\/blog.holyart.it\/fr\/wp-content\/uploads\/sites\/14\/2025\/01\/confreries.jpg","contentUrl":"https:\/\/blog.holyart.it\/fr\/wp-content\/uploads\/sites\/14\/2025\/01\/confreries.jpg","width":1000,"height":666,"caption":"confreries"},{"@type":"BreadcrumbList","@id":"https:\/\/blog.holyart.it\/fr\/articles-religieux\/confreries-les-plus-anciennes-histoire-et-curiosite\/#breadcrumb","itemListElement":[{"@type":"ListItem","position":1,"name":"Homepage","item":"https:\/\/blog.holyart.it\/fr\/"},{"@type":"ListItem","position":2,"name":"Religion","item":"https:\/\/blog.holyart.it\/fr\/articles-religieux\/"},{"@type":"ListItem","position":3,"name":"Confr\u00e9ries les plus anciennes : histoire et curiosit\u00e9"}]},{"@type":"WebSite","@id":"https:\/\/blog.holyart.it\/fr\/#website","url":"https:\/\/blog.holyart.it\/fr\/","name":"Holyart.fr Blog","description":"Holyblog","publisher":{"@id":"https:\/\/blog.holyart.it\/fr\/#organization"},"potentialAction":[{"@type":"SearchAction","target":{"@type":"EntryPoint","urlTemplate":"https:\/\/blog.holyart.it\/fr\/?s={search_term_string}"},"query-input":{"@type":"PropertyValueSpecification","valueRequired":true,"valueName":"search_term_string"}}],"inLanguage":"fr-FR"},{"@type":"Organization","@id":"https:\/\/blog.holyart.it\/fr\/#organization","name":"Holyart.fr Blog","url":"https:\/\/blog.holyart.it\/fr\/","logo":{"@type":"ImageObject","inLanguage":"fr-FR","@id":"https:\/\/blog.holyart.it\/fr\/#\/schema\/logo\/image\/","url":"https:\/\/blog.holyart.it\/fr\/wp-content\/uploads\/sites\/14\/2022\/12\/Holyart_Blog_Logo.jpg","contentUrl":"https:\/\/blog.holyart.it\/fr\/wp-content\/uploads\/sites\/14\/2022\/12\/Holyart_Blog_Logo.jpg","width":300,"height":50,"caption":"Holyart.fr Blog"},"image":{"@id":"https:\/\/blog.holyart.it\/fr\/#\/schema\/logo\/image\/"}},{"@type":"Person","@id":"https:\/\/blog.holyart.it\/fr\/#\/schema\/person\/0a7b686e5af0f856ec1e390dd0baecda","name":"Redazione","image":{"@type":"ImageObject","inLanguage":"fr-FR","@id":"https:\/\/blog.holyart.it\/fr\/#\/schema\/person\/image\/","url":"https:\/\/secure.gravatar.com\/avatar\/f477da817f43e50d0af36abecd33e3edf826c68299714bdc1057dff3b113f516?s=96&d=mm&r=g","contentUrl":"https:\/\/secure.gravatar.com\/avatar\/f477da817f43e50d0af36abecd33e3edf826c68299714bdc1057dff3b113f516?s=96&d=mm&r=g","caption":"Redazione"},"url":"https:\/\/blog.holyart.it\/fr\/author\/admin\/"}]}},"_links":{"self":[{"href":"https:\/\/blog.holyart.it\/fr\/wp-json\/wp\/v2\/posts\/9450","targetHints":{"allow":["GET"]}}],"collection":[{"href":"https:\/\/blog.holyart.it\/fr\/wp-json\/wp\/v2\/posts"}],"about":[{"href":"https:\/\/blog.holyart.it\/fr\/wp-json\/wp\/v2\/types\/post"}],"author":[{"embeddable":true,"href":"https:\/\/blog.holyart.it\/fr\/wp-json\/wp\/v2\/users\/1"}],"replies":[{"embeddable":true,"href":"https:\/\/blog.holyart.it\/fr\/wp-json\/wp\/v2\/comments?post=9450"}],"version-history":[{"count":10,"href":"https:\/\/blog.holyart.it\/fr\/wp-json\/wp\/v2\/posts\/9450\/revisions"}],"predecessor-version":[{"id":9461,"href":"https:\/\/blog.holyart.it\/fr\/wp-json\/wp\/v2\/posts\/9450\/revisions\/9461"}],"wp:featuredmedia":[{"embeddable":true,"href":"https:\/\/blog.holyart.it\/fr\/wp-json\/wp\/v2\/media\/9462"}],"wp:attachment":[{"href":"https:\/\/blog.holyart.it\/fr\/wp-json\/wp\/v2\/media?parent=9450"}],"wp:term":[{"taxonomy":"category","embeddable":true,"href":"https:\/\/blog.holyart.it\/fr\/wp-json\/wp\/v2\/categories?post=9450"},{"taxonomy":"post_tag","embeddable":true,"href":"https:\/\/blog.holyart.it\/fr\/wp-json\/wp\/v2\/tags?post=9450"}],"curies":[{"name":"wp","href":"https:\/\/api.w.org\/{rel}","templated":true}]}}