{"id":9422,"date":"2025-01-08T10:00:41","date_gmt":"2025-01-08T09:00:41","guid":{"rendered":"https:\/\/blog.holyart.it\/fr\/?p=9422"},"modified":"2026-01-09T15:44:03","modified_gmt":"2026-01-09T14:44:03","slug":"priere-pour-la-paix-prions-ensemble-pour-un-monde-meilleur","status":"publish","type":"post","link":"https:\/\/blog.holyart.it\/fr\/articles-religieux\/priere-pour-la-paix-prions-ensemble-pour-un-monde-meilleur\/","title":{"rendered":"Pri\u00e8re pour la paix: prions ensemble pour un monde meilleur"},"content":{"rendered":"<h4><em>Depuis toujours, l\u2019humanit\u00e9 recherche dans la pri\u00e8re pour la paix les mots pour r\u00e9pandre l\u2019espoir en un future meilleur pour tous les hommes, fr\u00e8res dans l\u2019amour.<\/em><\/h4>\n<p>La<strong>\u00a0pri\u00e8re pour la paix\u00a0<\/strong>repr\u00e9sente un puissant <strong>acte d\u2019amour, espoir et union<\/strong> qui traverse les barri\u00e8res des diff\u00e9rences humaines et connecte les \u00e2mes dans un d\u00e9sir commun d\u2019harmonie et de s\u00e9r\u00e9nit\u00e9 dans le monde. Il s\u2019agit d\u2019une <strong>expression universelle de foi<\/strong>, un d\u00e9sir partag\u00e9 de nombreuses traditions religieuses. Dans le <strong>christianisme<\/strong>, en particulier, le concept de <strong>vivre comme des fr\u00e8res<\/strong> est profond\u00e9ment enracin\u00e9. La pri\u00e8re pour la paix, pour les chr\u00e9tiens, repr\u00e9sente le <strong>d\u00e9sir de suivre les <a href=\"https:\/\/www.holyart.fr\/blog\/articles-religieux\/lhistoire-de-jesus-les-evenements-les-plus-importants-de-sa-vie\/\"><u>enseignements de J\u00e9sus-Christ<\/u><\/a><\/strong>, qui a pr\u00each\u00e9 l\u2019amour pour son prochain, la compassion et la compr\u00e9hension. Ils prient afin que tout le monde puisse vivre en harmonie, comme les membres d\u2019une grande famille humaine, en suivant l\u2019exemple d\u2019amour et l\u2019h\u00e9ritage laiss\u00e9 par J\u00e9sus.<\/p>\n<div class=\"link-article\">\n<p><img loading=\"lazy\" decoding=\"async\" class=\"alignnone size-full wp-image-9426\" src=\"https:\/\/blog.holyart.it\/fr\/wp-content\/uploads\/sites\/14\/2025\/01\/Lhistoire-de-Jesus.jpg\" alt=\"L\u2019histoire de J\u00e9sus\" width=\"150\" height=\"99\" data-kale-share-title=\"Pri\u00e8re pour la paix : prions ensemble pour un monde meilleur\" data-kale-share-url=\"https:\/\/blog.holyart.it\/fr\/?p=9422\" \/><\/p>\n<div class=\"leggi-anche\">Lire aussi :<\/div>\n<p><strong><a href=\"https:\/\/www.holyart.fr\/blog\/articles-religieux\/lhistoire-de-jesus-les-evenements-les-plus-importants-de-sa-vie\/\">L\u2019histoire de J\u00e9sus : les \u00e9v\u00e9nements les plus importants de Sa vie<\/a><\/strong><br \/>\nL\u2019histoire de J\u00e9sus, entre r\u00e9cit \u00e9vang\u00e9lique, r\u00e9alit\u00e9 historique et l\u00e9gende&#8230;<\/p>\n<\/div>\n<p>Dans les <a href=\"https:\/\/www.holyart.fr\/articles-religieux\/livres-sacres\/bibles\"><strong>Saintes \u00c9critures<\/strong><\/a> aussi, en particulier dans les <a href=\"https:\/\/www.holyart.fr\/articles-religieux\/livres-sacres\/evangiles\"><strong>\u00c9vangiles<\/strong><\/a>, le rappel \u00e0 la paix et \u00e0 l\u2019unit\u00e9 recourt suivant. Lisons par exemple\u00a0: \u00ab\u00a0<em>Heureux ceux qui procurent la paix, car ils seront appel\u00e9s fils de Dieu<\/em>\u00a0\u00bb (Matthieu 5\u00a0:9). Cet extrait souligne l\u2019importance de chercher la paix et d\u2019\u00eatre promoteurs actifs d\u2019harmonie et d\u2019unit\u00e9 entre les \u00eatres humains. Dans la Bible, le concept de paix, \u00ab\u00a0Shalom\u00a0\u00bb en juif, va au-del\u00e0 de l\u2019absence de conflit ext\u00e9rieur. Il s\u2019agit de la <strong>condition d\u2019harmonie int\u00e9rieur avec soi-m\u00eame, avec le divin<\/strong> et <strong>avec la cr\u00e9ation<\/strong>. En tant que telle, la paix est consid\u00e9r\u00e9e comme un don de Dieu, mais demande \u00e9galement notre <strong>engagement personnel<\/strong>.<\/p>\n<p>Mais comment devient-on op\u00e9rateur de paix\u00a0? Voil\u00e0 que l\u2019invocation \u00e0 la paix contient une invitation implicite \u00e0 <strong>d\u00e9passer l\u2019indiff\u00e9rence<\/strong>, \u00e0 s\u2019engager quotidiennement comme fauteurs d\u2019harmonie et de concorde, avec un travail constant sur soi-m\u00eame, qui nous permet de <strong>r\u00e9pandre cette harmonie dans le monde<\/strong>. Les sentiments, les \u00e9motions, les actions deviennent ainsi des instruments avec lesquels un bon chr\u00e9tien prend soin des autres, lutte contre l\u2019\u00e9go\u00efsme et les blessures qu\u2019il procure \u00e0 l\u2019humanit\u00e9 et se fait acteur d\u2019une coh\u00e9sion qui vise \u00e0 la fraternit\u00e9 invoqu\u00e9e par J\u00e9sus. \u00c0 Son exemple se refont ceux qui s\u2019engagent activement pour la paix, suivant la vie par Lui trac\u00e9e, une vie d\u2019amour et de r\u00e9conciliation.<\/p>\n<p>La pri\u00e8re de la paix est donc une expression du souhait de vivre comme fr\u00e8res et s\u0153urs, en symbiose avec les <strong>valeurs chr\u00e9tiennes d\u2019amour, compassion et solidarit\u00e9 universelle<\/strong>. Il s\u2019agit d\u2019un appel \u00e0 la paix int\u00e9rieur et au maintien de relations pacifiques et respectueuses avec tout le monde, suivant le mod\u00e8le d\u2019amour universel propos\u00e9 par J\u00e9sus-Christ. La <strong>recherche de la paix<\/strong> a toujours travers\u00e9 l\u2019histoire humaine, en poussant les personnes \u00e0 chercher des moyens pour d\u00e9passer les conflits, les divisions et les souffrances. La pri\u00e8re pour la paix repr\u00e9sente un v\u00e9hicule pour canaliser cette \u00e9nergie positive et constructive vers l\u2019accomplissement d\u2019un monde plus harmonieux.<\/p>\n<p>Les pri\u00e8res pour la paix <strong>ne connaissant pas de fronti\u00e8res culturelles ou religieuses<\/strong>. Ce sont des mots d\u2019esp\u00e9rance, compassion et d\u00e9sir d\u2019unir les \u00eatres humains au-del\u00e0 des diff\u00e9rences. Ces pri\u00e8res peuvent \u00eatre r\u00e9cit\u00e9es <strong>individuellement ou collectivement<\/strong>, dans des lieux de culte, en communaut\u00e9s ou simplement dans le silence de son propre c\u0153ur. En outre, la pri\u00e8re pour la paix <strong>n\u2019est pas limit\u00e9e aux traditions religieuses<\/strong>. M\u00eame ceux qui ne suivent pas une pratique spirituelle sp\u00e9cifique peuvent participer aux actes de contemplation, m\u00e9ditation ou r\u00e9flexion qui promeuvent la paix int\u00e9rieure et collective.<\/p>\n<p>La pri\u00e8re pour la paix va au-del\u00e0 des mots. C\u2019est un <strong>acte de contemplation, r\u00e9flexion et connexion avec Dieu<\/strong>, mais aussi avec l\u2019essence la plus profonde de l\u2019humanit\u00e9, une mani\u00e8re puissante pour influencer positivement les \u00e9v\u00e9nements, les esprits et les c\u0153urs des personnes du monde entier. La pri\u00e8re de la paix peut <strong>inspirer dans les c\u0153urs des actions concr\u00e8tes<\/strong> destin\u00e9es \u00e0 promouvoir la compr\u00e9hension, la tol\u00e9rance et la r\u00e9solution pacifique des conflits. Dans les situations de conflit et tension, la pri\u00e8re pour la paix assume un r\u00f4le significatif dans la <strong>gu\u00e9rison et dans la r\u00e9conciliation<\/strong>. Elle offre un espace de recueillement o\u00f9 les gens peuvent<strong> mettre de c\u00f4t\u00e9 leurs diff\u00e9rences et se concentrer sur les similitudes humaines<\/strong>.<\/p>\n<p>Les pri\u00e8res pour la paix peuvent \u00eatre un <strong>catalyseur pour le pardon et la compr\u00e9hension r\u00e9ciproque<\/strong>. \u00c0 travers cette pratique, les communaut\u00e9s peuvent commencer le processus de gu\u00e9rison des blessures du pass\u00e9, en ouvrant la route \u00e0 un future bas\u00e9 sur la collaboration et sur la coexistence pacifique.<\/p>\n<p>Dans l\u2019\u00e8re moderne, caract\u00e9ris\u00e9e par une <strong>croissante interconnexion globale<\/strong> et par des d\u00e9fis sans pr\u00e9c\u00e9dents, la pri\u00e8re pour la paix assume un r\u00f4le encore plus crucial. \u00c0 travers les technologies modernes, les gens peuvent s\u2019unir virtuellement en pri\u00e8re, en surmontant les distances physiques et culturelles afin de promouvoir un monde plus pacifique et solidaire. Dans un monde o\u00f9 la paix peut sembler parfois un objectif distant, la pri\u00e8re pour la paix nous rappelle le <strong>pouvoir intrins\u00e8que qui r\u00e9side dans l\u2019union de nos intentions, actions et esp\u00e9rances<\/strong> pour construire un monde o\u00f9 la paix soit une r\u00e9alit\u00e9 pour tous.<\/p>\n<h2>Pri\u00e8re pour la paix de Pape Fran\u00e7ois<\/h2>\n<p><em>\u00ab\u00a0Pour faire la paix, il faut du courage, bien plus que pour faire la guerre. Il faut du courage pour dire oui \u00e0 la rencontre et non \u00e0 l\u2019affrontement ; oui au dialogue et non \u00e0 la violence ; oui \u00e0 la n\u00e9gociation et non aux hostilit\u00e9s ; oui au respect des accords et non aux provocations ; oui \u00e0 la sinc\u00e9rit\u00e9 et non \u00e0 la duplicit\u00e9. Pour tout cela, il faut du courage, une grande force d\u2019\u00e2me.\u00a0\u00bb\u00a0<\/em><\/p>\n<p>Ainsi <a href=\"https:\/\/www.holyart.fr\/blog\/articles-religieux\/les-plus-belles-phrases-sur-la-paix-de-pape-francois\/\"><strong><u>Pape Fran\u00e7ois<\/u><\/strong><\/a> s\u2019adressait le soir du 8 juin 2014 dans les Jardins du Vatican au Pr\u00e9sident de l\u2019Autorit\u00e9 palestinienne Abu Mazen et au Pr\u00e9sident isra\u00e9lien Shimon Peres. Le Pontife avait fortement voulu cette rencontre entre les deux leaders apr\u00e8s sa r\u00e9cente visite en Jordanie, Isra\u00ebl et dans les Territoires occup\u00e9s palestiniens.<\/p>\n<p>\u00c0 cette rencontre, avait pris part aussi le Patriarche de Constantinople, Bartolom\u00e9 I, et le gardien de la Terre Sainte, p\u00e8re Pierbattista Pizzaballa.<\/p>\n<div class=\"link-article\">\n<p><img loading=\"lazy\" decoding=\"async\" class=\"alignnone size-full wp-image-9430\" src=\"https:\/\/blog.holyart.it\/fr\/wp-content\/uploads\/sites\/14\/2025\/01\/Paix.jpg\" alt=\"Paix \" width=\"150\" height=\"99\" data-kale-share-title=\"Pri\u00e8re pour la paix : prions ensemble pour un monde meilleur\" data-kale-share-url=\"https:\/\/blog.holyart.it\/fr\/?p=9422\" \/><\/p>\n<div class=\"leggi-anche\">Lire aussi :<\/div>\n<p><strong><a href=\"https:\/\/www.holyart.fr\/blog\/articles-religieux\/les-plus-belles-phrases-sur-la-paix-de-pape-francois\/\">Les plus belles phrases sur la Paix de Pape Fran\u00e7ois<\/a><\/strong><br \/>\nEn ce moment historique particulier et dramatique, les phrases sur la Paix de Pape Fran\u00e7ois repr\u00e9sentent&#8230;<\/p>\n<\/div>\n<p>En ce moment historique plus que jamais il nous semble n\u00e9cessaire de rappeler ces mots, cet appel que le Saint P\u00e8re accompagna d\u2019une pri\u00e8re sp\u00e9ciale pour la paix, en \u00e9crivant une page historique sans pr\u00e9c\u00e9dents. Voici la pri\u00e8re de Pape Fran\u00e7ois en cette date m\u00e9morable.<\/p>\n<p><em>Seigneur Dieu de paix, \u00e9coute notre supplication !<\/em><\/p>\n<p><em>Nous avons essay\u00e9 tant de fois et durant tant d\u2019ann\u00e9es de r\u00e9soudre nos conflits avec nos forces et aussi avec nos armes ; tant de moments d\u2019hostilit\u00e9 et d\u2019obscurit\u00e9 ; tant de sang vers\u00e9 ; tant de vies bris\u00e9es, tant d\u2019esp\u00e9rances ensevelies\u2026 Mais nos efforts ont \u00e9t\u00e9 vains. A pr\u00e9sent, Seigneur, aide-nous Toi ! Donne-nous Toi la paix, enseigne-nous Toi la paix, guide-nous Toi vers la paix. Ouvre nos yeux et nos c\u0153urs et donne-nous le courage de dire : \u2018\u2018plus jamais la guerre\u2019\u2019 ; \u2018\u2018avec la guerre tout est d\u00e9truit !\u2019\u2019. Infuse en nous le courage d\u2019accomplir des gestes concrets pour construire la paix. Seigneur, Dieu d\u2019Abraham et des Proph\u00e8tes, Dieu Amour qui nous a cr\u00e9\u00e9s et nous appelle \u00e0 vivre en fr\u00e8res, donne-nous la force d\u2019\u00eatre chaque jour des artisans de paix ; donne-nous la capacit\u00e9 de regarder avec bienveillance tous les fr\u00e8res que nous rencontrons sur notre chemin. Rends-nous disponibles \u00e0 \u00e9couter le cri de nos concitoyens qui nous demandent de transformer nos armes en instruments de paix, nos peurs en confiance et nos tensions en pardon. Maintiens allum\u00e9e en nous la flamme de l\u2019esp\u00e9rance pour accomplir avec une patiente pers\u00e9v\u00e9rance des choix de dialogue et de r\u00e9conciliation, afin que vainque finalement la paix. Et que du c\u0153ur de chaque homme soient bannis ces mots : division, haine, guerre ! Seigneur, d\u00e9sarme la langue et les mains, renouvelle les c\u0153urs et les esprits, pour que la parole qui nous fait nous rencontrer soit toujours \u00ab fr\u00e8re \u00bb, et que le style de notre vie devienne : shalom, paix, salam ! Amen.<\/em><\/p>\n<h2>Pri\u00e8re pour la paix de M\u00e8re Teresa de Calcutta<\/h2>\n<p>Les pri\u00e8res pour la paix de <strong>M\u00e8re Teresa de Calcutta, <a href=\"https:\/\/www.holyart.fr\/blog\/saints-et-bienheureux\/la-fois-ou-une-sainte-chretienne-recut-le-prix-nobel-pour-la-paix\/\"><u>Prix Nobel pour la Paix en 1979<\/u><\/a><\/strong>, sont un reflet de son engagement total pour soulager les souffrances humaines et r\u00e9pandre l\u2019amour inconditionnel dans le monde. Sa vie m\u00eame a \u00e9t\u00e9 une <strong>expression vivante de pri\u00e8re<\/strong>, mais la Sainte femme a aussi partag\u00e9 de nombreuses pri\u00e8res qui repr\u00e9sentaient une requ\u00eate passionn\u00e9e \u00e0 Dieu d\u2019apporter paix, consolation et esp\u00e9rance dans un monde afflig\u00e9 par la pauvret\u00e9, la maladie, la guerre et l\u2019isolement social. Son message fondamental \u00e9tait celui d\u2019<strong>apporter la paix \u00e0 travers l\u2019amour et le service aux autres, <\/strong>sp\u00e9cialement aux plus n\u00e9cessiteux et oubli\u00e9s par la soci\u00e9t\u00e9.<\/p>\n<div class=\"link-article\">\n<p><img loading=\"lazy\" decoding=\"async\" class=\"alignnone size-full wp-image-9432\" src=\"https:\/\/blog.holyart.it\/fr\/wp-content\/uploads\/sites\/14\/2025\/01\/Mere-Teresa.jpg\" alt=\"M\u00e8re Teresa\" width=\"150\" height=\"99\" data-kale-share-title=\"Pri\u00e8re pour la paix : prions ensemble pour un monde meilleur\" data-kale-share-url=\"https:\/\/blog.holyart.it\/fr\/?p=9422\" \/><\/p>\n<div class=\"leggi-anche\">Lire aussi :<\/div>\n<p><strong><a href=\"https:\/\/www.holyart.fr\/blog\/saints-et-bienheureux\/la-fois-ou-une-sainte-chretienne-recut-le-prix-nobel-pour-la-paix\/\">La fois o\u00f9 une sainte chr\u00e9tienne r\u00e9\u00e7ut le Prix Nobel pour la Paix<\/a><\/strong><br \/>\nM\u00e8re Teresa de Calcutta Prix Nobel pour la Paix est parmi les Saints modernes&#8230;<\/p>\n<\/div>\n<p>M\u00e8re Teresa a enseign\u00e9 que la paix commence avec des <strong>petits gestes de gentillesse<\/strong>, compassion et partage. Ses pri\u00e8res pour la paix n\u2019\u00e9tait pas seulement un rappel \u00e0 Dieu, mais aussi une invitation \u00e0 nous tous \u00e0 devenir instruments de paix, \u00e0 partir de nos actions quotidiennes.<\/p>\n<p><em>Les oeuvres d\u2019amour<\/em><br \/>\n<em>sont toujours des oeuvres de paix.<\/em><br \/>\n<em>Chaque fois que vous partagez<\/em><br \/>\n<em>l\u2019amour avec d\u2019autres,<\/em><br \/>\n<em>vous remarquerez la paix<\/em><br \/>\n<em>qui vient sur vous et sur eux aussi.<\/em><br \/>\n<em>L\u00e0 o\u00f9 il y a la Paix, il y a Dieu.<\/em><br \/>\n<em>C\u2019est en versant la Paix et la Joie dans nos c\u0153urs<\/em><br \/>\n<em>que Dieu touche nos vies et nous montre Son Amour.<\/em><\/p>\n<p>Une autre pri\u00e8re de M\u00e8re Teresa nous renvoie \u00e0 l\u2019invocation \u00e0 la paix de <a href=\"https:\/\/www.holyart.fr\/blog\/saints-et-bienheureux\/le-cantique-des-creatures-de-saint-francois\/\"><strong><u>Saint Fran\u00e7ois d\u2019Assise<\/u><\/strong><\/a>:<\/p>\n<p><em>Seigneur, faites de moi un instrument de votre paix!<br \/>\nL\u00e0 o\u00f9 il y a de la haine, que je mette l&rsquo;amour.<br \/>\nL\u00e0 o\u00f9 il y a l&rsquo;offense, que je mette le pardon.<br \/>\nL\u00e0 o\u00f9 il y a la discorde, que je mette l&rsquo;union.<br \/>\nL\u00e0 o\u00f9 il y a l&rsquo;erreur, que je mette la v\u00e9rit\u00e9.<br \/>\nL\u00e0 o\u00f9 il y a le doute, que je mette la foi.<br \/>\nL\u00e0 o\u00f9 il y a le d\u00e9sespoir, que je mette l&rsquo;esp\u00e9rance.<br \/>\nL\u00e0 o\u00f9 il y a les t\u00e9n\u00e8bres, que je mette votre lumi\u00e8re.<br \/>\nL\u00e0 o\u00f9 il y a la tristesse, que je mette la joie.<\/em><\/p>\n<p>Que je ne cherche pas tant<br \/>\n\u00c0 \u00eatre consol\u00e9&#8230; qu&rsquo;\u00e0 consoler;<br \/>\n\u00c0 \u00eatre compris&#8230; qu&rsquo;\u00e0 comprendre;<br \/>\n\u00c0 \u00eatre aim\u00e9&#8230; qu&rsquo;\u00e0 aimer;<\/p>\n<p>Car c&rsquo;est en donnant&#8230; qu&rsquo;on re\u00e7oit;<br \/>\nC&rsquo;est en s&rsquo;oubliant&#8230; qu&rsquo;on trouve;<br \/>\nC&rsquo;est en pardonnant&#8230; qu&rsquo;on est pardonn\u00e9;<br \/>\nC&rsquo;est en mourant&#8230; qu&rsquo;on ressuscite \u00e0 l&rsquo;\u00e9ternelle vie.<\/p>\n<div class=\"link-article\">\n<p><img loading=\"lazy\" decoding=\"async\" class=\"alignnone size-full wp-image-9434\" src=\"https:\/\/blog.holyart.it\/fr\/wp-content\/uploads\/sites\/14\/2025\/01\/Saint-Francois.jpg\" alt=\"Saint Fran\u00e7ois\" width=\"150\" height=\"99\" data-kale-share-title=\"Pri\u00e8re pour la paix : prions ensemble pour un monde meilleur\" data-kale-share-url=\"https:\/\/blog.holyart.it\/fr\/?p=9422\" \/><\/p>\n<div class=\"leggi-anche\">Lire aussi :<\/div>\n<p><strong><a href=\"https:\/\/www.holyart.fr\/blog\/saints-et-bienheureux\/le-cantique-des-creatures-de-saint-francois\/\">Le cantique des cr\u00e9atures de Saint Fran\u00e7ois<\/a><\/strong><br \/>\nSaint Fran\u00e7ois d\u2019Assise est un des saints les plus aim\u00e9s et les plus v\u00e9n\u00e9r\u00e9s de l\u2019\u00c9glise catholique.<\/p>\n<\/div>\n<p>La voil\u00e0 revivre dans les mots de Sainte Teresa de Calcutta :<\/p>\n<p><em>\u00d4 Seigneur,<\/em><br \/>\n<em>il y a une guerre<\/em><br \/>\n<em>et je ne poss\u00e8de pas de mots.<\/em><br \/>\n<em>Tout ce que je peux faire<\/em><br \/>\n<em>est utiliser les mots<\/em><br \/>\n<em>de Fran\u00e7ois d\u2019Assise.<\/em><br \/>\n<em>Et lorsque je prie<\/em><br \/>\n<em>cette ancienne pri\u00e8re<\/em><br \/>\n<em>je sais que, encore une fois,<\/em><br \/>\n<em>tu transformeras la guerre en paix<\/em><br \/>\n<em>et la haine en amour.<\/em><br \/>\n<em>Donne-nous la paix,<\/em><br \/>\n<em>\u00f4 Seigneur,<\/em><br \/>\n<em>et fais que les armes soient inutiles<\/em><br \/>\n<em>en ce monde merveilleux.<\/em><br \/>\n<em>Amen.<\/em><\/p>\n<p>Encore une invocation de <a href=\"https:\/\/www.holyart.fr\/articles-religieux\/statues\/statues-en-bois-peint\/statue-sainte-mere-teresa-de-calcutta-bois-peint-val-gardena\"><strong>M\u00e8re Teresa de Calcutta<\/strong><\/a> \u00e0 Dieu, afin qu\u2019il fasse d\u2019elle un instrument de paix et d\u2019amour :<\/p>\n<p><em>Conduis-moi de la mort \u00e0 la vie,<\/em><\/p>\n<p><em>du mensonge \u00e0 la v\u00e9rit\u00e9.<\/em><br \/>\n<em>Conduis-moi du d\u00e9sespoir \u00e0 l\u2019espoir,<\/em><\/p>\n<p><em>de la peur \u00e0 la confiance.<\/em><br \/>\n<em>Conduis-moi de la haine \u00e0 l\u2019amour,<\/em><\/p>\n<p><em>de la guerre \u00e0 la paix.<\/em><br \/>\n<em>Que la paix emplisse notre c\u0153ur,<\/em><\/p>\n<p><em>notre monde, notre univers.<\/em><\/p>\n<div class=\"link-product\">\n<div class=\"blocco-immagine\"><img loading=\"lazy\" decoding=\"async\" class=\"alignnone size-full wp-image-9436\" src=\"https:\/\/blog.holyart.it\/fr\/wp-content\/uploads\/sites\/14\/2025\/01\/Statue-Sainte-Mere-Teresa-de-Calcutta-bois-peint-Val-Gardena.jpg\" alt=\"Statue Sainte M\u00e8re Teresa de Calcutta bois peint Val Gardena\" width=\"100\" height=\"100\" data-kale-share-title=\"Pri\u00e8re pour la paix : prions ensemble pour un monde meilleur\" data-kale-share-url=\"https:\/\/blog.holyart.it\/fr\/?p=9422\" \/><\/div>\n<div class=\"blocco-contenuto\">\n<div class=\"blocco-acquista\">Acheter sur Holyart:<\/div>\n<div class=\"blocco-titolo\"><a href=\"https:\/\/www.holyart.fr\/articles-religieux\/statues\/statues-en-bois-peint\/statue-sainte-mere-teresa-de-calcutta-bois-peint-val-gardena\">Statue Sainte M\u00e8re Teresa de Calcutta bois peint Val Gardena<\/a><\/div>\n<div class=\"blocco-descrizione\">Statue de M\u00e8re Teresa en bois peint, repr\u00e9sent\u00e9e les mains jointes&#8230;<\/div>\n<\/div>\n<\/div>\n","protected":false},"excerpt":{"rendered":"<p>Depuis toujours, l\u2019humanit\u00e9 recherche dans la pri\u00e8re pour la paix les mots pour r\u00e9pandre l\u2019espoir en un future meilleur pour tous les hommes, fr\u00e8res dans l\u2019amour. La\u00a0pri\u00e8re pour la paix\u00a0repr\u00e9sente un puissant acte d\u2019amour, espoir et union qui traverse les barri\u00e8res des diff\u00e9rences humaines et&hellip;<\/p>\n","protected":false},"author":1,"featured_media":9424,"comment_status":"closed","ping_status":"open","sticky":false,"template":"","format":"standard","meta":{"_acf_changed":false,"footnotes":""},"categories":[8],"tags":[],"class_list":["post-9422","post","type-post","status-publish","format-standard","has-post-thumbnail","hentry","category-articles-religieux"],"acf":[],"yoast_head":"<!-- This site is optimized with the Yoast SEO plugin v26.6 - https:\/\/yoast.com\/wordpress\/plugins\/seo\/ -->\n<title>Pri\u00e8re pour la paix: prions ensemble pour un monde meilleur - Holyart.fr Blog<\/title>\n<meta name=\"description\" content=\"La pri\u00e8re pour la paix r\u00e9cit\u00e9e en priv\u00e9 ou en communion avec tout le monde est un instrument de croissance spirituelle et d\u2019engagement \u00e0 apporter harmonie et amour dans le monde.\" \/>\n<meta name=\"robots\" content=\"index, follow, max-snippet:-1, max-image-preview:large, max-video-preview:-1\" \/>\n<link rel=\"canonical\" href=\"https:\/\/blog.holyart.it\/fr\/articles-religieux\/priere-pour-la-paix-prions-ensemble-pour-un-monde-meilleur\/\" \/>\n<meta property=\"og:locale\" content=\"fr_FR\" \/>\n<meta property=\"og:type\" content=\"article\" \/>\n<meta property=\"og:title\" content=\"Pri\u00e8re pour la paix: prions ensemble pour un monde meilleur - Holyart.fr Blog\" \/>\n<meta property=\"og:description\" content=\"La pri\u00e8re pour la paix r\u00e9cit\u00e9e en priv\u00e9 ou en communion avec tout le monde est un instrument de croissance spirituelle et d\u2019engagement \u00e0 apporter harmonie et amour dans le monde.\" \/>\n<meta property=\"og:url\" content=\"https:\/\/blog.holyart.it\/fr\/articles-religieux\/priere-pour-la-paix-prions-ensemble-pour-un-monde-meilleur\/\" \/>\n<meta property=\"og:site_name\" content=\"Holyart.fr Blog\" \/>\n<meta property=\"article:published_time\" content=\"2025-01-08T09:00:41+00:00\" \/>\n<meta property=\"article:modified_time\" content=\"2026-01-09T14:44:03+00:00\" \/>\n<meta property=\"og:image\" content=\"https:\/\/blog.holyart.it\/fr\/wp-content\/uploads\/sites\/14\/2025\/01\/Priere-pour-la-paix.jpeg\" \/>\n\t<meta property=\"og:image:width\" content=\"1000\" \/>\n\t<meta property=\"og:image:height\" content=\"666\" \/>\n\t<meta property=\"og:image:type\" content=\"image\/jpeg\" \/>\n<meta name=\"author\" content=\"Redazione\" \/>\n<meta name=\"twitter:card\" content=\"summary_large_image\" \/>\n<meta name=\"twitter:label1\" content=\"\u00c9crit par\" \/>\n\t<meta name=\"twitter:data1\" content=\"Redazione\" \/>\n\t<meta name=\"twitter:label2\" content=\"Dur\u00e9e de lecture estim\u00e9e\" \/>\n\t<meta name=\"twitter:data2\" content=\"12 minutes\" \/>\n<script type=\"application\/ld+json\" class=\"yoast-schema-graph\">{\"@context\":\"https:\/\/schema.org\",\"@graph\":[{\"@type\":\"Article\",\"@id\":\"https:\/\/blog.holyart.it\/fr\/articles-religieux\/priere-pour-la-paix-prions-ensemble-pour-un-monde-meilleur\/#article\",\"isPartOf\":{\"@id\":\"https:\/\/blog.holyart.it\/fr\/articles-religieux\/priere-pour-la-paix-prions-ensemble-pour-un-monde-meilleur\/\"},\"author\":{\"name\":\"Redazione\",\"@id\":\"https:\/\/blog.holyart.it\/fr\/#\/schema\/person\/0a7b686e5af0f856ec1e390dd0baecda\"},\"headline\":\"Pri\u00e8re pour la paix: prions ensemble pour un monde meilleur\",\"datePublished\":\"2025-01-08T09:00:41+00:00\",\"dateModified\":\"2026-01-09T14:44:03+00:00\",\"mainEntityOfPage\":{\"@id\":\"https:\/\/blog.holyart.it\/fr\/articles-religieux\/priere-pour-la-paix-prions-ensemble-pour-un-monde-meilleur\/\"},\"wordCount\":2197,\"publisher\":{\"@id\":\"https:\/\/blog.holyart.it\/fr\/#organization\"},\"image\":{\"@id\":\"https:\/\/blog.holyart.it\/fr\/articles-religieux\/priere-pour-la-paix-prions-ensemble-pour-un-monde-meilleur\/#primaryimage\"},\"thumbnailUrl\":\"https:\/\/blog.holyart.it\/fr\/wp-content\/uploads\/sites\/14\/2025\/01\/Priere-pour-la-paix.jpeg\",\"articleSection\":[\"Religion\"],\"inLanguage\":\"fr-FR\"},{\"@type\":\"WebPage\",\"@id\":\"https:\/\/blog.holyart.it\/fr\/articles-religieux\/priere-pour-la-paix-prions-ensemble-pour-un-monde-meilleur\/\",\"url\":\"https:\/\/blog.holyart.it\/fr\/articles-religieux\/priere-pour-la-paix-prions-ensemble-pour-un-monde-meilleur\/\",\"name\":\"Pri\u00e8re pour la paix: prions ensemble pour un monde meilleur - Holyart.fr Blog\",\"isPartOf\":{\"@id\":\"https:\/\/blog.holyart.it\/fr\/#website\"},\"primaryImageOfPage\":{\"@id\":\"https:\/\/blog.holyart.it\/fr\/articles-religieux\/priere-pour-la-paix-prions-ensemble-pour-un-monde-meilleur\/#primaryimage\"},\"image\":{\"@id\":\"https:\/\/blog.holyart.it\/fr\/articles-religieux\/priere-pour-la-paix-prions-ensemble-pour-un-monde-meilleur\/#primaryimage\"},\"thumbnailUrl\":\"https:\/\/blog.holyart.it\/fr\/wp-content\/uploads\/sites\/14\/2025\/01\/Priere-pour-la-paix.jpeg\",\"datePublished\":\"2025-01-08T09:00:41+00:00\",\"dateModified\":\"2026-01-09T14:44:03+00:00\",\"description\":\"La pri\u00e8re pour la paix r\u00e9cit\u00e9e en priv\u00e9 ou en communion avec tout le monde est un instrument de croissance spirituelle et d\u2019engagement \u00e0 apporter harmonie et amour dans le monde.\",\"breadcrumb\":{\"@id\":\"https:\/\/blog.holyart.it\/fr\/articles-religieux\/priere-pour-la-paix-prions-ensemble-pour-un-monde-meilleur\/#breadcrumb\"},\"inLanguage\":\"fr-FR\",\"potentialAction\":[{\"@type\":\"ReadAction\",\"target\":[\"https:\/\/blog.holyart.it\/fr\/articles-religieux\/priere-pour-la-paix-prions-ensemble-pour-un-monde-meilleur\/\"]}]},{\"@type\":\"ImageObject\",\"inLanguage\":\"fr-FR\",\"@id\":\"https:\/\/blog.holyart.it\/fr\/articles-religieux\/priere-pour-la-paix-prions-ensemble-pour-un-monde-meilleur\/#primaryimage\",\"url\":\"https:\/\/blog.holyart.it\/fr\/wp-content\/uploads\/sites\/14\/2025\/01\/Priere-pour-la-paix.jpeg\",\"contentUrl\":\"https:\/\/blog.holyart.it\/fr\/wp-content\/uploads\/sites\/14\/2025\/01\/Priere-pour-la-paix.jpeg\",\"width\":1000,\"height\":666,\"caption\":\"Pri\u00e8re pour la paix\"},{\"@type\":\"BreadcrumbList\",\"@id\":\"https:\/\/blog.holyart.it\/fr\/articles-religieux\/priere-pour-la-paix-prions-ensemble-pour-un-monde-meilleur\/#breadcrumb\",\"itemListElement\":[{\"@type\":\"ListItem\",\"position\":1,\"name\":\"Homepage\",\"item\":\"https:\/\/blog.holyart.it\/fr\/\"},{\"@type\":\"ListItem\",\"position\":2,\"name\":\"Religion\",\"item\":\"https:\/\/blog.holyart.it\/fr\/articles-religieux\/\"},{\"@type\":\"ListItem\",\"position\":3,\"name\":\"Pri\u00e8re pour la paix: prions ensemble pour un monde meilleur\"}]},{\"@type\":\"WebSite\",\"@id\":\"https:\/\/blog.holyart.it\/fr\/#website\",\"url\":\"https:\/\/blog.holyart.it\/fr\/\",\"name\":\"Holyart.fr Blog\",\"description\":\"Holyblog\",\"publisher\":{\"@id\":\"https:\/\/blog.holyart.it\/fr\/#organization\"},\"potentialAction\":[{\"@type\":\"SearchAction\",\"target\":{\"@type\":\"EntryPoint\",\"urlTemplate\":\"https:\/\/blog.holyart.it\/fr\/?s={search_term_string}\"},\"query-input\":{\"@type\":\"PropertyValueSpecification\",\"valueRequired\":true,\"valueName\":\"search_term_string\"}}],\"inLanguage\":\"fr-FR\"},{\"@type\":\"Organization\",\"@id\":\"https:\/\/blog.holyart.it\/fr\/#organization\",\"name\":\"Holyart.fr Blog\",\"url\":\"https:\/\/blog.holyart.it\/fr\/\",\"logo\":{\"@type\":\"ImageObject\",\"inLanguage\":\"fr-FR\",\"@id\":\"https:\/\/blog.holyart.it\/fr\/#\/schema\/logo\/image\/\",\"url\":\"https:\/\/blog.holyart.it\/fr\/wp-content\/uploads\/sites\/14\/2022\/12\/Holyart_Blog_Logo.jpg\",\"contentUrl\":\"https:\/\/blog.holyart.it\/fr\/wp-content\/uploads\/sites\/14\/2022\/12\/Holyart_Blog_Logo.jpg\",\"width\":300,\"height\":50,\"caption\":\"Holyart.fr Blog\"},\"image\":{\"@id\":\"https:\/\/blog.holyart.it\/fr\/#\/schema\/logo\/image\/\"}},{\"@type\":\"Person\",\"@id\":\"https:\/\/blog.holyart.it\/fr\/#\/schema\/person\/0a7b686e5af0f856ec1e390dd0baecda\",\"name\":\"Redazione\",\"image\":{\"@type\":\"ImageObject\",\"inLanguage\":\"fr-FR\",\"@id\":\"https:\/\/blog.holyart.it\/fr\/#\/schema\/person\/image\/\",\"url\":\"https:\/\/secure.gravatar.com\/avatar\/f477da817f43e50d0af36abecd33e3edf826c68299714bdc1057dff3b113f516?s=96&d=mm&r=g\",\"contentUrl\":\"https:\/\/secure.gravatar.com\/avatar\/f477da817f43e50d0af36abecd33e3edf826c68299714bdc1057dff3b113f516?s=96&d=mm&r=g\",\"caption\":\"Redazione\"},\"url\":\"https:\/\/blog.holyart.it\/fr\/author\/admin\/\"}]}<\/script>\n<!-- \/ Yoast SEO plugin. -->","yoast_head_json":{"title":"Pri\u00e8re pour la paix: prions ensemble pour un monde meilleur - Holyart.fr Blog","description":"La pri\u00e8re pour la paix r\u00e9cit\u00e9e en priv\u00e9 ou en communion avec tout le monde est un instrument de croissance spirituelle et d\u2019engagement \u00e0 apporter harmonie et amour dans le monde.","robots":{"index":"index","follow":"follow","max-snippet":"max-snippet:-1","max-image-preview":"max-image-preview:large","max-video-preview":"max-video-preview:-1"},"canonical":"https:\/\/blog.holyart.it\/fr\/articles-religieux\/priere-pour-la-paix-prions-ensemble-pour-un-monde-meilleur\/","og_locale":"fr_FR","og_type":"article","og_title":"Pri\u00e8re pour la paix: prions ensemble pour un monde meilleur - Holyart.fr Blog","og_description":"La pri\u00e8re pour la paix r\u00e9cit\u00e9e en priv\u00e9 ou en communion avec tout le monde est un instrument de croissance spirituelle et d\u2019engagement \u00e0 apporter harmonie et amour dans le monde.","og_url":"https:\/\/blog.holyart.it\/fr\/articles-religieux\/priere-pour-la-paix-prions-ensemble-pour-un-monde-meilleur\/","og_site_name":"Holyart.fr Blog","article_published_time":"2025-01-08T09:00:41+00:00","article_modified_time":"2026-01-09T14:44:03+00:00","og_image":[{"width":1000,"height":666,"url":"https:\/\/blog.holyart.it\/fr\/wp-content\/uploads\/sites\/14\/2025\/01\/Priere-pour-la-paix.jpeg","type":"image\/jpeg"}],"author":"Redazione","twitter_card":"summary_large_image","twitter_misc":{"\u00c9crit par":"Redazione","Dur\u00e9e de lecture estim\u00e9e":"12 minutes"},"schema":{"@context":"https:\/\/schema.org","@graph":[{"@type":"Article","@id":"https:\/\/blog.holyart.it\/fr\/articles-religieux\/priere-pour-la-paix-prions-ensemble-pour-un-monde-meilleur\/#article","isPartOf":{"@id":"https:\/\/blog.holyart.it\/fr\/articles-religieux\/priere-pour-la-paix-prions-ensemble-pour-un-monde-meilleur\/"},"author":{"name":"Redazione","@id":"https:\/\/blog.holyart.it\/fr\/#\/schema\/person\/0a7b686e5af0f856ec1e390dd0baecda"},"headline":"Pri\u00e8re pour la paix: prions ensemble pour un monde meilleur","datePublished":"2025-01-08T09:00:41+00:00","dateModified":"2026-01-09T14:44:03+00:00","mainEntityOfPage":{"@id":"https:\/\/blog.holyart.it\/fr\/articles-religieux\/priere-pour-la-paix-prions-ensemble-pour-un-monde-meilleur\/"},"wordCount":2197,"publisher":{"@id":"https:\/\/blog.holyart.it\/fr\/#organization"},"image":{"@id":"https:\/\/blog.holyart.it\/fr\/articles-religieux\/priere-pour-la-paix-prions-ensemble-pour-un-monde-meilleur\/#primaryimage"},"thumbnailUrl":"https:\/\/blog.holyart.it\/fr\/wp-content\/uploads\/sites\/14\/2025\/01\/Priere-pour-la-paix.jpeg","articleSection":["Religion"],"inLanguage":"fr-FR"},{"@type":"WebPage","@id":"https:\/\/blog.holyart.it\/fr\/articles-religieux\/priere-pour-la-paix-prions-ensemble-pour-un-monde-meilleur\/","url":"https:\/\/blog.holyart.it\/fr\/articles-religieux\/priere-pour-la-paix-prions-ensemble-pour-un-monde-meilleur\/","name":"Pri\u00e8re pour la paix: prions ensemble pour un monde meilleur - Holyart.fr Blog","isPartOf":{"@id":"https:\/\/blog.holyart.it\/fr\/#website"},"primaryImageOfPage":{"@id":"https:\/\/blog.holyart.it\/fr\/articles-religieux\/priere-pour-la-paix-prions-ensemble-pour-un-monde-meilleur\/#primaryimage"},"image":{"@id":"https:\/\/blog.holyart.it\/fr\/articles-religieux\/priere-pour-la-paix-prions-ensemble-pour-un-monde-meilleur\/#primaryimage"},"thumbnailUrl":"https:\/\/blog.holyart.it\/fr\/wp-content\/uploads\/sites\/14\/2025\/01\/Priere-pour-la-paix.jpeg","datePublished":"2025-01-08T09:00:41+00:00","dateModified":"2026-01-09T14:44:03+00:00","description":"La pri\u00e8re pour la paix r\u00e9cit\u00e9e en priv\u00e9 ou en communion avec tout le monde est un instrument de croissance spirituelle et d\u2019engagement \u00e0 apporter harmonie et amour dans le monde.","breadcrumb":{"@id":"https:\/\/blog.holyart.it\/fr\/articles-religieux\/priere-pour-la-paix-prions-ensemble-pour-un-monde-meilleur\/#breadcrumb"},"inLanguage":"fr-FR","potentialAction":[{"@type":"ReadAction","target":["https:\/\/blog.holyart.it\/fr\/articles-religieux\/priere-pour-la-paix-prions-ensemble-pour-un-monde-meilleur\/"]}]},{"@type":"ImageObject","inLanguage":"fr-FR","@id":"https:\/\/blog.holyart.it\/fr\/articles-religieux\/priere-pour-la-paix-prions-ensemble-pour-un-monde-meilleur\/#primaryimage","url":"https:\/\/blog.holyart.it\/fr\/wp-content\/uploads\/sites\/14\/2025\/01\/Priere-pour-la-paix.jpeg","contentUrl":"https:\/\/blog.holyart.it\/fr\/wp-content\/uploads\/sites\/14\/2025\/01\/Priere-pour-la-paix.jpeg","width":1000,"height":666,"caption":"Pri\u00e8re pour la paix"},{"@type":"BreadcrumbList","@id":"https:\/\/blog.holyart.it\/fr\/articles-religieux\/priere-pour-la-paix-prions-ensemble-pour-un-monde-meilleur\/#breadcrumb","itemListElement":[{"@type":"ListItem","position":1,"name":"Homepage","item":"https:\/\/blog.holyart.it\/fr\/"},{"@type":"ListItem","position":2,"name":"Religion","item":"https:\/\/blog.holyart.it\/fr\/articles-religieux\/"},{"@type":"ListItem","position":3,"name":"Pri\u00e8re pour la paix: prions ensemble pour un monde meilleur"}]},{"@type":"WebSite","@id":"https:\/\/blog.holyart.it\/fr\/#website","url":"https:\/\/blog.holyart.it\/fr\/","name":"Holyart.fr Blog","description":"Holyblog","publisher":{"@id":"https:\/\/blog.holyart.it\/fr\/#organization"},"potentialAction":[{"@type":"SearchAction","target":{"@type":"EntryPoint","urlTemplate":"https:\/\/blog.holyart.it\/fr\/?s={search_term_string}"},"query-input":{"@type":"PropertyValueSpecification","valueRequired":true,"valueName":"search_term_string"}}],"inLanguage":"fr-FR"},{"@type":"Organization","@id":"https:\/\/blog.holyart.it\/fr\/#organization","name":"Holyart.fr Blog","url":"https:\/\/blog.holyart.it\/fr\/","logo":{"@type":"ImageObject","inLanguage":"fr-FR","@id":"https:\/\/blog.holyart.it\/fr\/#\/schema\/logo\/image\/","url":"https:\/\/blog.holyart.it\/fr\/wp-content\/uploads\/sites\/14\/2022\/12\/Holyart_Blog_Logo.jpg","contentUrl":"https:\/\/blog.holyart.it\/fr\/wp-content\/uploads\/sites\/14\/2022\/12\/Holyart_Blog_Logo.jpg","width":300,"height":50,"caption":"Holyart.fr Blog"},"image":{"@id":"https:\/\/blog.holyart.it\/fr\/#\/schema\/logo\/image\/"}},{"@type":"Person","@id":"https:\/\/blog.holyart.it\/fr\/#\/schema\/person\/0a7b686e5af0f856ec1e390dd0baecda","name":"Redazione","image":{"@type":"ImageObject","inLanguage":"fr-FR","@id":"https:\/\/blog.holyart.it\/fr\/#\/schema\/person\/image\/","url":"https:\/\/secure.gravatar.com\/avatar\/f477da817f43e50d0af36abecd33e3edf826c68299714bdc1057dff3b113f516?s=96&d=mm&r=g","contentUrl":"https:\/\/secure.gravatar.com\/avatar\/f477da817f43e50d0af36abecd33e3edf826c68299714bdc1057dff3b113f516?s=96&d=mm&r=g","caption":"Redazione"},"url":"https:\/\/blog.holyart.it\/fr\/author\/admin\/"}]}},"_links":{"self":[{"href":"https:\/\/blog.holyart.it\/fr\/wp-json\/wp\/v2\/posts\/9422","targetHints":{"allow":["GET"]}}],"collection":[{"href":"https:\/\/blog.holyart.it\/fr\/wp-json\/wp\/v2\/posts"}],"about":[{"href":"https:\/\/blog.holyart.it\/fr\/wp-json\/wp\/v2\/types\/post"}],"author":[{"embeddable":true,"href":"https:\/\/blog.holyart.it\/fr\/wp-json\/wp\/v2\/users\/1"}],"replies":[{"embeddable":true,"href":"https:\/\/blog.holyart.it\/fr\/wp-json\/wp\/v2\/comments?post=9422"}],"version-history":[{"count":13,"href":"https:\/\/blog.holyart.it\/fr\/wp-json\/wp\/v2\/posts\/9422\/revisions"}],"predecessor-version":[{"id":11830,"href":"https:\/\/blog.holyart.it\/fr\/wp-json\/wp\/v2\/posts\/9422\/revisions\/11830"}],"wp:featuredmedia":[{"embeddable":true,"href":"https:\/\/blog.holyart.it\/fr\/wp-json\/wp\/v2\/media\/9424"}],"wp:attachment":[{"href":"https:\/\/blog.holyart.it\/fr\/wp-json\/wp\/v2\/media?parent=9422"}],"wp:term":[{"taxonomy":"category","embeddable":true,"href":"https:\/\/blog.holyart.it\/fr\/wp-json\/wp\/v2\/categories?post=9422"},{"taxonomy":"post_tag","embeddable":true,"href":"https:\/\/blog.holyart.it\/fr\/wp-json\/wp\/v2\/tags?post=9422"}],"curies":[{"name":"wp","href":"https:\/\/api.w.org\/{rel}","templated":true}]}}