{"id":9400,"date":"2025-01-01T10:00:27","date_gmt":"2025-01-01T09:00:27","guid":{"rendered":"https:\/\/blog.holyart.it\/fr\/?p=9400"},"modified":"2025-12-31T12:03:11","modified_gmt":"2025-12-31T11:03:11","slug":"fete-des-rois-mages-les-traditions-en-italie-et-en-europe","status":"publish","type":"post","link":"https:\/\/blog.holyart.it\/fr\/noel\/fete-des-rois-mages-les-traditions-en-italie-et-en-europe\/","title":{"rendered":"F\u00eate des Rois Mages : les traditions en Italie et en Europe"},"content":{"rendered":"<h4><strong>En Italie et partout en Europe, le 6 janvier, on c\u00e9l\u00e8bre l\u2019\u00c9piphanie, la Douzi\u00e8me nuit. Voici comment elle est c\u00e9l\u00e9br\u00e9e et pourquoi elle est \u00e9galement appel\u00e9e la F\u00eate des Rois Mages.<\/strong><\/h4>\n\n<p>Celle du 6 janvier est la <strong>Douzi\u00e8me nuit<\/strong> apr\u00e8s la naissance de J\u00e9sus. En Italie et dans d\u2019autres pays, elle est \u00e9galement la date \u00e0 laquelle on f\u00eate la Befana, la vieille dame au nez crochu qui chevauche un balai et apporte des cadeaux aux enfants sages (et du charbon aux moins sages\u2026). Mais en ce jour <a href=\"https:\/\/www.holyart.fr\/blog\/noel\/on-celebre-lepiphanie\/\"><strong><u>on c\u00e9l\u00e8bre surtout l\u2019\u00c9piphanie<\/u><\/strong><\/a>, i.e. la <strong>manifestation de la divinit\u00e9 de J\u00e9sus aux trois Rois Mages<\/strong>. En effet, selon la tradition, ce jour co\u00efncide avec la fin du long voyage accompli par les Rois Mages en suivant <a href=\"https:\/\/www.holyart.fr\/blog\/noel\/la-comete-pour-la-creche-ses-origines-et-comment-lutiliser-dans-votre-creche\/\"><strong>la trajectoire de la <u>com\u00e8te<\/u><\/strong><\/a> jusqu\u2019\u00e0 la cabane de Bethl\u00e9em, o\u00f9 J\u00e9sus \u00e9tait n\u00e9 douze jours auparavant. Les <a href=\"https:\/\/www.holyart.fr\/blog\/noel\/qui-etaient-les-rois-mages-et-leurs-prenoms\/\"><strong><u>trois hommes savants<\/u><\/strong><\/a> savaient que dans la cabane ils auraient trouv\u00e9 un Roi, et pour cela ils apportaient avec eux <a href=\"https:\/\/www.holyart.fr\/blog\/noel\/or-encens-et-myrrhe-pourquoi-ces-dons-pour-lenfant-jesus\/\"><strong><u>or, encens et myrrhe<\/u><\/strong><\/a>, des dons g\u00e9n\u00e9ralement r\u00e9serv\u00e9s aux Rois et aux divinit\u00e9s. Et c\u2019est ainsi que, en voyant le petit Enfant J\u00e9sus, ils le reconnurent comme Roi. Le nom complet de l\u2019\u00c9piphanie est en effet <strong>\u00c9piphanie du Seigneur<\/strong>, ou <em>Th\u00e9ophanie<\/em> dans les traditions chr\u00e9tiennes orientales, i.e. la <strong>r\u00e9v\u00e9lation de Dieu incarn\u00e9<\/strong>. Le mot m\u00eame \u00c9piphanie vient du mot grec \u1f10\u03c0\u03b9\u03c6\u03ac\u03bd\u03b5\u03b9\u03b1,\u00a0<em>Epif\u00e0neia<\/em>, c\u2019est-\u00e0-dire \u00ab\u00a0manifestation, apparition\u00a0\u00bb.<\/p>\n<div class=\"link-article\">\n<p><img loading=\"lazy\" decoding=\"async\" class=\"size-full wp-image-9389 alignleft\" src=\"https:\/\/www.holyart.fr\/blog\/wp-content\/uploads\/sites\/14\/2020\/10\/Les-Rois-Mages.jpg\" alt=\"Qui \u00e9taient les Rois Mages et leurs pr\u00e9noms\" width=\"150\" height=\"99\" data-kale-share-title=\"Qui \u00e9taient les Rois Mages et leurs pr\u00e9noms\" data-kale-share-url=\"https:\/\/blog.holyart.it\/fr\/?p=9380\" \/><\/p>\n<div class=\"leggi-anche\">Lire aussi :<\/div>\n<p><strong><a href=\"https:\/\/www.holyart.fr\/blog\/noel\/qui-etaient-les-rois-mages-et-leurs-prenoms\/\">Les plus belles phrases sur la Paix de Pape Fran\u00e7ois<\/a><\/strong><br \/>\nQui sont ces trois personnages ? Quelle est leur origine ? Quelle est la v\u00e9ritable signification de leur pr\u00e9sence \u00e0 la Nativit\u00e9 ?<\/p>\n<\/div>\n<p><strong>Mais qui \u00e9taient les Rois Mages\u00a0? <\/strong>Dans l\u2019<strong>\u00c9vangile de Matthieu<\/strong>, le seul \u00e0 les citer, on parle simplement de trois Mages arriv\u00e9s d\u2019Orient \u00e0 J\u00e9rusalem en suivant la trajectoire d\u2019une \u00e9toile \u00e0 travers le ciel. H\u00e9berg\u00e9 par H\u00e9rode, ils furent envoy\u00e9s par ruse par ce dernier pour connaitre la position de J\u00e9sus, mais r\u00e9ussirent \u00e0 masquer leurs traces au cruel t\u00e9trarque. La <strong>tradition orale chr\u00e9tienne<\/strong> et l\u2019<strong>histoire de l\u2019art <\/strong>les ont fait devenir trois des personnages principaux de la <strong>Cr\u00e8che<\/strong>, dont l\u2019arriv\u00e9e marque la fin des festivit\u00e9s de No\u00ebl. Il s\u2019agissait avec toute probabilit\u00e9 d\u2019<strong>hommes savants<\/strong>, connaisseurs de la nature, astrologues ou astronomes. Concernant <strong>combien les Rois Mages \u00e9taient<\/strong>, la tradition en indique trois, <strong>Gaspar, Melchior et Baltazar<\/strong>, mais il est probable que, ainsi que leurs personnes sont fortement impr\u00e9gn\u00e9es de significations symboliques, le nombre choisi le soit aussi. Certaines l\u00e9gendes parlent d\u2019un <a href=\"https:\/\/www.holyart.fr\/blog\/noel\/ou-est-passe-le-quatrieme-roi-mage\/\"><strong><u>quatri\u00e8me Roi Mage<\/u><\/strong><\/a>, <strong>Artaban<\/strong>, qui portait trois perles pour J\u00e9sus, grandes comme des \u0153ufs de pigeon et blanches comme la lune. Le quatri\u00e8me Roi Mage se serait attard\u00e9 en chemin et aurait c\u00e9d\u00e9 ses perles pour aider les n\u00e9cessiteux, n\u2019arrivant pas \u00e0 temps au rendez-vous avec les autres Rois Mages.<\/p>\n<div class=\"link-article\">\n<p><img loading=\"lazy\" decoding=\"async\" class=\"size-full wp-image-9389 alignleft\" src=\"https:\/\/www.holyart.fr\/blog\/wp-content\/uploads\/sites\/14\/2022\/01\/quatrieme-Roi-Mage.jpeg\" alt=\"O\u00f9 est pass\u00e9 le quatri\u00e8me Roi Mage ?\" width=\"150\" height=\"99\" data-kale-share-title=\"O\u00f9 est pass\u00e9 le quatri\u00e8me Roi Mage ?\" data-kale-share-url=\"https:\/\/blog.holyart.it\/fr\/?p=9380\" \/><\/p>\n<div class=\"leggi-anche\">Lire aussi :<\/div>\n<p><strong><a href=\"https:\/\/www.holyart.fr\/blog\/noel\/ou-est-passe-le-quatrieme-roi-mage\/\">O\u00f9 est pass\u00e9 le quatri\u00e8me Roi Mage ?<\/a><\/strong><br \/>\nAujourd\u2019hui, nous souhaitons vous parler d\u2019un personnage dont on sait encore moins : le quatri\u00e8me Roi Mage.<\/p>\n<\/div>\n<p>Pour ces raisons, l\u2019\u00c9piphanie est \u00e9galement appel\u00e9e le <strong>Jour des Rois Mages<\/strong>, ou <strong>F\u00eate des Rois Mages<\/strong>, ou encore \u00ab\u00a0Petit No\u00ebl\u00a0\u00bb. Celle de la <strong>Befana<\/strong> est une tradition enti\u00e8rement profane venue par la suite. Le nom \u00c9piphanie a \u00e9t\u00e9 corrompu en <em>bifan\u00eca<\/em> e <em>benfan\u00eca<\/em>, et a \u00e9t\u00e9 associ\u00e9 \u00e0 la figure folklorique de la petite vieille dame r\u00e9pandue dans de nombreuses zones d\u2019Italie.<\/p>\n<p>Nombreuses sont les traditions li\u00e9es \u00e0 l\u2019\u00c9piphanie et aux <a href=\"https:\/\/www.holyart.fr\/noel\/santons-creche\"><strong>trois Rois Mages<\/strong><\/a> r\u00e9pandues en Italie et dans le reste de l\u2019Europe.<\/p>\n<div class=\"link-product\">\n<div class=\"blocco-immagine\"><img loading=\"lazy\" decoding=\"async\" class=\"size-full wp-image-9387 alignleft\" src=\"https:\/\/assets.holyart.it\/images\/PR019758\/fr\/500\/A\/SN056810\/CLOSEUP01_HD\/h-270c1d8a\/rois-mages-chameau-creche-moranduzzo-style-xviii-10-cm.jpg\" width=\"100\" height=\"100\" data-kale-share-title=\"Rois Mages\" data-kale-share-url=\"https:\/\/blog.holyart.it\/fr\/?p=9380\" \/><\/div>\n<div class=\"blocco-contenuto\">\n<div class=\"blocco-acquista\">Acheter sur Holyart:<\/div>\n<div class=\"blocco-titolo\"><a href=\"https:\/\/www.holyart.fr\/noel\/santons-creche\">Rois Mages<\/a><\/div>\n<div class=\"blocco-descrizione\">Statues pr\u00e9par\u00e9es dans diff\u00e9rents formats, tailles et mat\u00e9riaux, qui peuvent \u00eatre adapt\u00e9s selon vos sp\u00e9cifications.<\/div>\n<\/div>\n<\/div>\n<h2>Les traditions de l\u2019\u00c9piphanie en Italie<\/h2>\n<p>\u00c0\u00a0<strong>Parcines<\/strong>\u00a0(Partschins), une petite commune dans la province autonome de Bolzano dans le Trentin-Haut-Adige, la tradition de la <strong><em>Kiniweihe<\/em><\/strong>, <strong>la F\u00eate des Trois Rois Mages<\/strong>, c\u00e9l\u00e9br\u00e9e le 6 janvier, est encore tr\u00e8s r\u00e9pandue. Sur les portes des maisons, on marque les initiales des noms des trois Rois Mages et les deux derniers chiffres de l\u2019ann\u00e9e avec une craie b\u00e9nite\u00a0: C+M+B (Gaspar, Melchior et Baltazar), ou m\u00eame l\u2019abr\u00e9viation de <strong>Christus Mansionem Benedicat<\/strong>, i.e. \u00ab\u00a0Que Christ b\u00e9nisse cette maison\u00a0\u00bb, tandis qu\u2019\u00e0 l\u2019int\u00e9rieur de l\u2019habitation on allume un feu \u00e0 l\u2019int\u00e9rieur d\u2019un conteneur et on y <a href=\"https:\/\/www.holyart.fr\/produits-de-consommation\/encens?page=1\"><strong>br\u00fble de l\u2019encens<\/strong><\/a>. De l\u2019eau b\u00e9nite est asperg\u00e9e sur la maison et sur les membres de la famille, et m\u00eame sur les champs, afin d\u2019\u00e9loigner le mal. Pour finir, on r\u00e9cite le Rosaire tous ensemble.<\/p>\n<div class=\"link-product\">\n<div class=\"blocco-immagine\"><img loading=\"lazy\" decoding=\"async\" class=\"size-full wp-image-9387 alignleft\" src=\"https:\/\/assets.holyart.it\/images\/GR005007\/fr\/500\/R\/SN016759\/CLOSEUP02_HD\/h-b9330d09\/myrrhe-grain.jpg\" width=\"100\" height=\"100\" data-kale-share-title=\"Myrrhe grain\" data-kale-share-url=\"https:\/\/blog.holyart.it\/fr\/?p=9380\" \/><\/div>\n<div class=\"blocco-contenuto\">\n<div class=\"blocco-acquista\">Acheter sur Holyart:<\/div>\n<div class=\"blocco-titolo\"><a href=\"https:\/\/www.holyart.fr\/noel\/santons-creche\">Myrrhe Grain<\/a><\/div>\n<div class=\"blocco-descrizione\">Gomme r\u00e9sine extraite de la Commiiphora Molmol Engler. Grains irr\u00e9gulier, du couleur rouge au jaune, fragiles huileux.<\/div>\n<\/div>\n<\/div>\n<p>En g\u00e9n\u00e9ral, dans toute la zone des Dolomites, de nombreux usages li\u00e9s aux Rois Mages sont r\u00e9pandus, outre que les traditions de No\u00ebl bien enracin\u00e9es. D\u00e8s les premiers jours de l\u2019ann\u00e9e, enfants et adultes habill\u00e9s en Rois Mages vont de maison en maison et chantent des <a href=\"https:\/\/www.holyart.fr\/blog\/noel\/les-7-chants-religieux-de-noel-les-plus-celebres-au-monde\/\"><strong><u>chants de No\u00ebl<\/u><\/strong><\/a> en demandant une offrande pour une \u0153uvre de charit\u00e9. On les appelle les <strong>Sternsinger<\/strong> ou <em>Chanteurs de l\u2019\u00c9toile<\/em> et ils apportent le charbon, l\u2019encens \u00e0 br\u00fbler dans la maison et la craie pour \u00e9crire sur la porte les noms des Rois Mages.<\/p>\n<div class=\"link-article\">\n<p><img loading=\"lazy\" decoding=\"async\" class=\"size-full wp-image-9389 alignleft\" src=\"https:\/\/www.holyart.fr\/blog\/wp-content\/uploads\/sites\/14\/2024\/11\/chants-religieux-de-Noel.jpg\" alt=\"Les 7 chants religieux de No\u00ebl les plus c\u00e9l\u00e8bres au monde\" width=\"150\" height=\"99\" data-kale-share-title=\"Les 7 chants religieux de No\u00ebl les plus c\u00e9l\u00e8bres au monde\" data-kale-share-url=\"https:\/\/blog.holyart.it\/fr\/?p=9380\" \/><\/p>\n<div class=\"leggi-anche\">Lire aussi :<\/div>\n<p><strong><a href=\"https:\/\/www.holyart.fr\/blog\/noel\/les-7-chants-religieux-de-noel-les-plus-celebres-au-monde\/\">Les 7 chants religieux de No\u00ebl les plus c\u00e9l\u00e8bres au monde<\/a><\/strong><br \/>\nPendant des si\u00e8cles, les chr\u00e9tiens ont chant\u00e9 leur joie \u00e0 No\u00ebl pour la venue de J\u00e9sus. Voici les plus c\u00e9l\u00e8bres de tous les temps.<\/p>\n<\/div>\n<h2>La f\u00eate des Rois Mages en Espagne<\/h2>\n<p>En Espagne, on f\u00eate\u00a0<strong><em>El dia de\u00a0Los Reyes Magos<\/em><\/strong>, l\u2019ancienne f\u00eate des Rois Mages. En vue de la nuit entre le 5 et le 6 janvier, dans laquelle pour tradition dans toutes les maisons arrivent les Rois Mages pour apporter des cadeaux aux enfants, les petits de la maison leur \u00e9crivent des <strong>lettres<\/strong> et les confient aux pages des Rois Mages envoy\u00e9s comme \u00e9missaires. Dans les grandes villes, on organise la <strong><em>Cabalgata de Los Reyes Magos<\/em><\/strong>, une parade costum\u00e9e avec des chars all\u00e9goriques tr\u00e8s color\u00e9s et charg\u00e9s de cadeaux, musique et danses, dirig\u00e9e par <a href=\"https:\/\/www.holyart.fr\/noel\/santons-creche\/trois-rois-mages-style-oriental-resine-coloree-30-cm\"><strong>Gaspar, Melchior et Baltazar<\/strong><\/a>, qui, chevauchant leurs chameaux, distribuent sucreries et petits cadeaux. La <strong><em>Cabalgata de Barcelona<\/em><\/strong> est une des plus spectaculaires et attire chaque ann\u00e9e plus d\u2019un demi-million de personnes entre espagnols et touristes du monde entier.<\/p>\n<p>\u00c0 Tenerife et dans le reste de l\u2019Espagne, on pr\u00e9pare \u00e9galement le <strong>Rosc\u00f3n de Reyes<\/strong>, le dessert typique de l\u2019\u00c9piphanie, en forme de couronne, d\u00e9cor\u00e9e avec des fruits confits, amandes concass\u00e9es et grains de sucre. \u00c0 l\u2019int\u00e9rieur de la p\u00e2te, se cache une \u00ab\u00a0surprise\u00a0\u00bb : une f\u00e8ve s\u00e8che. Autrefois, qui trouvait la f\u00e8ve \u00e9tait nomm\u00e9 roi pour un jour et pouvait donner des ordres \u00e0 tout le monde.<\/p>\n<h2>Les traditions de l\u2019\u00c9piphanie en Europe<\/h2>\n<h3>\u00c9piphanie en France<\/h3>\n<p>En France, depuis le Moyen \u00c2ge, le 6 janvier, on pr\u00e9pare la <em><u>Galette des Rois<\/u><\/em>, un g\u00e2teau qui a des origines tr\u00e8s anciennes, remontant m\u00eame \u00e0 l\u2019Empire Romain. Comme dans le <em>Rosc\u00f3n de Reyes<\/em> espagnol, dans ce dessert aussi \u00e9tait cach\u00e9e une f\u00e8ve, aujourd\u2019hui remplac\u00e9e par une figurine en c\u00e9ramique. Qui la trouvait, devenait Roi de la F\u00eate. Quand la <em>Galette<\/em> est amen\u00e9e \u00e0 table, on en coupe autant de morceaux que les personnes invit\u00e9es plus une, appel\u00e9e \u00ab\u00a0la part du Bon Dieu\u00a0\u00bb. Autrefois, on la gardait de c\u00f4t\u00e9 au cas o\u00f9 une personne pauvre se serait pr\u00e9sent\u00e9e \u00e0 la porte.<\/p>\n<p><img loading=\"lazy\" decoding=\"async\" class=\"size-full wp-image-9409 aligncenter\" src=\"https:\/\/blog.holyart.it\/fr\/wp-content\/uploads\/sites\/14\/2025\/01\/galette-des-rois.jpg\" alt=\"Galette des Rois\" width=\"1000\" height=\"666\" data-kale-share-title=\"F\u00eate des Rois Mages : les traditions en Italie et en Europe\" data-kale-share-url=\"https:\/\/blog.holyart.it\/fr\/?p=9400\" \/><\/p>\n<h3>\u00c9piphanie au Portugal<\/h3>\n<p>Au Portugal, le <strong>feu de joie de No\u00ebl<\/strong>, allum\u00e9, comme le veut une tradition s\u00e9culaire, le soir du R\u00e9veillon, continue de br\u00fbler jusqu\u2019au jour de l\u2019\u00c9piphanie, afin de garder \u00e9loign\u00e9s les mauvais esprits et d\u2019apporter chance et prosp\u00e9rit\u00e9 \u00e0 qui vit dans la maison.<\/p>\n<h3>\u00c9piphanie en Pologne<\/h3>\n<p>L\u2019\u00c9piphanie en Pologne est tr\u00e8s ressentie. La\u00a0<strong><em>Dzien Trzech Kroli<\/em><\/strong>, ou\u00a0<strong><em>Trzej Kr\u00f3lowie<\/em><\/strong>\u00a0(la f\u00eate des Rois Mages) est une des plus grandes c\u00e9l\u00e9brations. Toutefois, quand la Pologne \u00e9tait sous le communisme russe, l\u2019\u00c9piphanie ne jouait pas le r\u00f4le de f\u00eate nationale. Ce n\u2019est que depuis 2011 qu\u2019on a recommenc\u00e9 \u00e0 la f\u00eater avec des chanteurs qui se prom\u00e8nent dans les rues en allant de maison en maison et en entonnant des m\u00e9lodies de No\u00ebl. Ici aussi, comme au Trentin, on fait b\u00e9nir un morceau de craie blanche \u00e0 l\u2019\u00e9glise, avec lequel on inscrit sur la porte de sa maison les initiales des Rois Mages (K, M, B, respectivement en polonais Kacper, Melchior et Baltazar), comme forme de protection pour toute la famille.<\/p>\n<h3>\u00c9piphanie en Allemagne<\/h3>\n<p>Outre la coutume d\u00e9j\u00e0 cit\u00e9e des <strong>Sternsinger<\/strong>\u00a0ou <em>Chanteurs de l\u2019\u00c9toile<\/em>, et \u00e0 la c\u00e9r\u00e9monie de b\u00e9n\u00e9diction des maisons avec l\u2019inscription des initiales,<em>\u00a0<strong>das Dreik\u00f6nigsfest\u00a0<\/strong><\/em>(le festival des trois rois), l\u2019\u00c9piphanie est f\u00eat\u00e9e dans de nombreuses zones de l\u2019Allemagne avec des anciennes traditions. Les enfants habill\u00e9s en <a href=\"https:\/\/www.holyart.fr\/noel\/creches-noel\/creches-resine-et-tissu\/rois-mages-avec-chameau-assis-28-cm-resine-et-gaze\"><strong>Rois Mages, avec des habits confectionn\u00e9s<\/strong><\/a> par leurs mamans et par les femmes de la paroisse, vont de maison en maison recueillir des offrandes et chanter. \u00c0 la fin, on c\u00e9l\u00e8bre la Messe solennelle et on mange tous ensemble.<\/p>\n<div class=\"link-product\">\n<div class=\"blocco-immagine\"><img loading=\"lazy\" decoding=\"async\" class=\"size-full wp-image-9387 alignleft\" src=\"https:\/\/assets.holyart.it\/images\/PR019069\/fr\/500\/A\/SN022459\/CLOSEUP01_HD\/h-e2d2fcf5\/rois-mages-avec-chameau-assis-28-cm-resine-et-gaze.jpg\" width=\"100\" height=\"100\" data-kale-share-title=\"Rois Mages avec chameau assis 28 cm r\u00e9sine et gaze\" data-kale-share-url=\"https:\/\/blog.holyart.it\/fr\/?p=9380\" \/><\/div>\n<div class=\"blocco-contenuto\">\n<div class=\"blocco-acquista\">Acheter sur Holyart:<\/div>\n<div class=\"blocco-titolo\"><a href=\"https:\/\/www.holyart.fr\/noel\/creches-noel\/creches-resine-et-tissu\/rois-mages-avec-chameau-assis-28-cm-resine-et-gaze\">Rois Mages avec chameau assis 28 cm r\u00e9sine et gaze<\/a><\/div>\n<div class=\"blocco-descrizione\">Santons repr\u00e9sent\u00e9s avec dons \u00e0 la main, habill\u00e9s en gaze avec d\u00e9tails dor\u00e9s. Avec chameau, 15 cm de hauteur et 30 cm de longueur.<\/div>\n<\/div>\n<\/div>\n<h2>Po\u00e9sies sur les Rois Mages pour les enfants<\/h2>\n<p>Pour f\u00eater l\u2019\u00c9piphanie, les po\u00e9sies et les comptines ne peuvent pas manquer. Certaines d\u2019entre elles ont \u00e9t\u00e9 \u00e9crites par de grands auteurs du pass\u00e9, d\u2019autres transmises par la tradition populaire.<\/p>\n<h3>La marche des Rois Mage<\/h3>\n<p><em>De bon matin,<br \/>\nJ&rsquo;ai rencontr\u00e9 le train<br \/>\nDe trois grands\u00a0<\/em><strong><em>Rois<\/em><\/strong><em>\u00a0qui allaient en voyage,<br \/>\nDe bon matin,<br \/>\nJ&rsquo;ai rencontr\u00e9 le train<br \/>\nDe trois grands Rois dessus le grand chemin.<\/em><\/p>\n<p><em>Venaient d&rsquo;abord les gardes du corps,<br \/>\nDes gens arm\u00e9s avec trente petits pages,<br \/>\nVenaient d&rsquo;abord les gardes du corps<br \/>\nDes gens arm\u00e9s dessus leur juste au corps.<br \/>\n<\/em><\/p>\n<p><em>Puis sur un char,<br \/>\nDor\u00e9 de toute part,<br \/>\nOn voit trois rois modestes comme d&rsquo;anges<br \/>\nPuis sur un char,<br \/>\nDor\u00e9 de toute part<br \/>\nTrois rois debout parmi les \u00e9tendards.<br \/>\n<\/em><\/p>\n<p><em>L&rsquo;\u00e9toile luit<br \/>\nEt les Rois conduit,<br \/>\nPar longs chemins,<br \/>\nDevant une pauvre \u00e9table,<br \/>\nL&rsquo;\u00e9toile luit<br \/>\nEt les\u00a0<\/em><strong><em>Rois<\/em><\/strong><em>\u00a0conduit,<br \/>\nPar longs chemins devant l&rsquo;humble r\u00e9duit.<br \/>\n<\/em><\/p>\n<p><em>Au fils de Dieu<br \/>\nQui naquit en ce lieu<br \/>\nIls viennent tous pr\u00e9senter leurs hommages,<br \/>\nAu fils de Dieu<br \/>\nQui naquit en ce lieu<br \/>\nIls viennent tous pr\u00e9senter leurs doux voeux.<br \/>\n<\/em><\/p>\n<p><em>De beaux pr\u00e9sents,<br \/>\nOr, myrrhe et encens<br \/>\nIls vont offrir au ma\u00eetre tant admirable<br \/>\nDe beaux pr\u00e9sent,<br \/>\nOr, myrrhe et encens<br \/>\nIls vont offrir au bienheureux enfant.<\/em><\/p>\n<h3><em>Les Rois Mages<\/em> d\u2019Edmond Rostand<\/h3>\n<p><em>Ils perdirent l\u2019\u00c9toile, un soir\u00a0;<\/em><br \/>\n<em>pourquoi perd-on<\/em><br \/>\n<em>l\u2019\u00c9toile\u00a0? Pour l\u2019avoir parfois trop regard\u00e9e \u2026<\/em><br \/>\n<em>Les deux rois blancs,<\/em><br \/>\n<em>\u00e9tant des savants de Chald\u00e9e,<\/em><br \/>\n<em>trac\u00e8rent sur le sol des cercles au b\u00e2ton.<\/em><\/p>\n<p><em>Ils firent des calculs, gratt\u00e8rent leur menton \u2026<\/em><br \/>\n<em>Mais l\u2019\u00e9toile avait fui, comme fuit une id\u00e9e,<\/em><br \/>\n<em>et ces hommes, dont l\u2019\u00e2me<\/em><br \/>\n<em>eut soif d\u2019\u00eatre guid\u00e9e,<\/em><br \/>\n<em>pleur\u00e8rent, en dressant des tentes de coton.<\/em><\/p>\n<p><em>Mais le pauvre Roi noir, m\u00e9pris\u00e9 des deux autres,<\/em><br \/>\n<em>se dit\u00a0: \u00ab\u00a0Pensons aux soifs qui ne sont pas les n\u00f4tres,<\/em><br \/>\n<em>il faut donner quand m\u00eame \u00e0 boire aux animaux\u00a0\u00bb.<\/em><\/p>\n<p><em>Et, tandis qu\u2019il tenait son seau d\u2019eau par son anse,<\/em><br \/>\n<em>dans l\u2019humble rond de ciel<\/em><br \/>\n<em>o\u00f9 buvaient les chameaux<\/em><br \/>\n<em>il vit l\u2019\u00c9toile d\u2019or, qui dansait en silence.<\/em><\/p>\n<p>&nbsp;<\/p>\n<h3><em>Les Trois Rois Mages d\u2019Orient<\/em> de Heinrich Heine<\/h3>\n<p><em>Les trois rois mages d\u2019Orient<\/em><br \/>\n<em>s\u2019enqu\u00e9raient en chaque bourgade :<\/em><br \/>\n<em>\u00ab\u00a0O\u00f9 est la route de Bethl\u00e9em,<\/em><br \/>\n<em>gentils gar\u00e7ons, filles mignardes\u00a0?\u00a0\u00bb<\/em><\/p>\n<p><em>Les jeunes et les vieux n\u2019en savaient rien du tout.<\/em><br \/>\n<em>Les rois continu\u00e8rent leur route.<\/em><br \/>\n<em>Ils suivirent une \u00e9toile d\u2019or<\/em><br \/>\n<em>qui brillait aimable et sereine.<\/em><\/p>\n<p><em>L\u2019\u00e9toile s\u2019arr\u00eata au-dessus de chez Joseph,<\/em><br \/>\n<em>alors ils sont entr\u00e9s chez lui\u00a0;<\/em><br \/>\n<em>le petit b\u0153uf beuglait, l\u2019autre petit pleurait,<\/em><br \/>\n<em>et les trois rois mages chantaient.<\/em><\/p>\n<h3><em>\u00c9piphanie<\/em> de Jos\u00e9-Maria de Heredia<\/h3>\n<p><em>Donc, Balthazar, Melchior et Gaspar, les Rois Mages,<\/em><em><br \/>\nCharg\u00e9s de nefs d&rsquo;argent, de vermeil et d&rsquo;\u00e9maux<br \/>\nEt suivis d&rsquo;un tr\u00e8s long cort\u00e8ge de chameaux,<br \/>\nS&rsquo;avancent, tels qu&rsquo;ils sont dans les vieilles images.<\/em><\/p>\n<p><em><br \/>\nDe l&rsquo;Orient lointain, ils portent leurs hommages<br \/>\nAux pieds du fils de Dieu, n\u00e9 pour gu\u00e9rir les maux<br \/>\nQue souffrent ici-bas l&rsquo;homme et les animaux ;<br \/>\nUn page noir soutient leurs robes \u00e0 ramages.<\/em><\/p>\n<p>Sur le seuil de l&rsquo;\u00e9table o\u00f9 veille saint Joseph,<br \/>\nIls \u00f4tent humblement la couronne du chef<br \/>\nPour saluer l&rsquo;Enfant qui rit et les admire.<\/p>\n<p>C&rsquo;est ainsi qu&rsquo;autrefois, sous Augustus Caesar,<br \/>\nSont venus, pr\u00e9sentant l&rsquo;or, l&rsquo;encens et la myrrhe,<br \/>\nLes Rois Mages Gaspar, Melchior et Balthazar<\/p>\n","protected":false},"excerpt":{"rendered":"<p>En Italie et partout en Europe, le 6 janvier, on c\u00e9l\u00e8bre l\u2019\u00c9piphanie, la Douzi\u00e8me nuit. Voici comment elle est c\u00e9l\u00e9br\u00e9e et pourquoi elle est \u00e9galement appel\u00e9e la F\u00eate des Rois Mages. Celle du 6 janvier est la Douzi\u00e8me nuit apr\u00e8s la naissance de J\u00e9sus. En&hellip;<\/p>\n","protected":false},"author":1,"featured_media":9413,"comment_status":"closed","ping_status":"open","sticky":false,"template":"","format":"standard","meta":{"_acf_changed":false,"footnotes":""},"categories":[10],"tags":[],"class_list":["post-9400","post","type-post","status-publish","format-standard","has-post-thumbnail","hentry","category-noel"],"acf":[],"yoast_head":"<!-- This site is optimized with the Yoast SEO plugin v26.6 - https:\/\/yoast.com\/wordpress\/plugins\/seo\/ -->\n<title>F\u00eate des Rois Mages : les traditions en Italie et en Europe - Holyart.fr Blog<\/title>\n<meta name=\"description\" content=\"Partout en Europe, le 6 janvier on c\u00e9l\u00e8bre l\u2019\u00c9piphanie: voici comment et aussi pourquoi elle est \u00e9galement appel\u00e9e la &quot;F\u00eate des Rois Mages&quot;\" \/>\n<meta name=\"robots\" content=\"index, follow, max-snippet:-1, max-image-preview:large, max-video-preview:-1\" \/>\n<link rel=\"canonical\" href=\"https:\/\/blog.holyart.it\/fr\/noel\/fete-des-rois-mages-les-traditions-en-italie-et-en-europe\/\" \/>\n<meta property=\"og:locale\" content=\"fr_FR\" \/>\n<meta property=\"og:type\" content=\"article\" \/>\n<meta property=\"og:title\" content=\"F\u00eate des Rois Mages : les traditions en Italie et en Europe - Holyart.fr Blog\" \/>\n<meta property=\"og:description\" content=\"Partout en Europe, le 6 janvier on c\u00e9l\u00e8bre l\u2019\u00c9piphanie: voici comment et aussi pourquoi elle est \u00e9galement appel\u00e9e la &quot;F\u00eate des Rois Mages&quot;\" \/>\n<meta property=\"og:url\" content=\"https:\/\/blog.holyart.it\/fr\/noel\/fete-des-rois-mages-les-traditions-en-italie-et-en-europe\/\" \/>\n<meta property=\"og:site_name\" content=\"Holyart.fr Blog\" \/>\n<meta property=\"article:published_time\" content=\"2025-01-01T09:00:27+00:00\" \/>\n<meta property=\"article:modified_time\" content=\"2025-12-31T11:03:11+00:00\" \/>\n<meta property=\"og:image\" content=\"https:\/\/blog.holyart.it\/fr\/wp-content\/uploads\/sites\/14\/2025\/01\/fete-des-rois-mages.jpg\" \/>\n\t<meta property=\"og:image:width\" content=\"1000\" \/>\n\t<meta property=\"og:image:height\" content=\"666\" \/>\n\t<meta property=\"og:image:type\" content=\"image\/jpeg\" \/>\n<meta name=\"author\" content=\"Redazione\" \/>\n<meta name=\"twitter:card\" content=\"summary_large_image\" \/>\n<meta name=\"twitter:label1\" content=\"\u00c9crit par\" \/>\n\t<meta name=\"twitter:data1\" content=\"Redazione\" \/>\n\t<meta name=\"twitter:label2\" content=\"Dur\u00e9e de lecture estim\u00e9e\" \/>\n\t<meta name=\"twitter:data2\" content=\"12 minutes\" \/>\n<script type=\"application\/ld+json\" class=\"yoast-schema-graph\">{\"@context\":\"https:\/\/schema.org\",\"@graph\":[{\"@type\":\"Article\",\"@id\":\"https:\/\/blog.holyart.it\/fr\/noel\/fete-des-rois-mages-les-traditions-en-italie-et-en-europe\/#article\",\"isPartOf\":{\"@id\":\"https:\/\/blog.holyart.it\/fr\/noel\/fete-des-rois-mages-les-traditions-en-italie-et-en-europe\/\"},\"author\":{\"name\":\"Redazione\",\"@id\":\"https:\/\/blog.holyart.it\/fr\/#\/schema\/person\/0a7b686e5af0f856ec1e390dd0baecda\"},\"headline\":\"F\u00eate des Rois Mages : les traditions en Italie et en Europe\",\"datePublished\":\"2025-01-01T09:00:27+00:00\",\"dateModified\":\"2025-12-31T11:03:11+00:00\",\"mainEntityOfPage\":{\"@id\":\"https:\/\/blog.holyart.it\/fr\/noel\/fete-des-rois-mages-les-traditions-en-italie-et-en-europe\/\"},\"wordCount\":2293,\"publisher\":{\"@id\":\"https:\/\/blog.holyart.it\/fr\/#organization\"},\"image\":{\"@id\":\"https:\/\/blog.holyart.it\/fr\/noel\/fete-des-rois-mages-les-traditions-en-italie-et-en-europe\/#primaryimage\"},\"thumbnailUrl\":\"https:\/\/blog.holyart.it\/fr\/wp-content\/uploads\/sites\/14\/2025\/01\/fete-des-rois-mages.jpg\",\"articleSection\":[\"No\u00ebl\"],\"inLanguage\":\"fr-FR\"},{\"@type\":\"WebPage\",\"@id\":\"https:\/\/blog.holyart.it\/fr\/noel\/fete-des-rois-mages-les-traditions-en-italie-et-en-europe\/\",\"url\":\"https:\/\/blog.holyart.it\/fr\/noel\/fete-des-rois-mages-les-traditions-en-italie-et-en-europe\/\",\"name\":\"F\u00eate des Rois Mages : les traditions en Italie et en Europe - Holyart.fr Blog\",\"isPartOf\":{\"@id\":\"https:\/\/blog.holyart.it\/fr\/#website\"},\"primaryImageOfPage\":{\"@id\":\"https:\/\/blog.holyart.it\/fr\/noel\/fete-des-rois-mages-les-traditions-en-italie-et-en-europe\/#primaryimage\"},\"image\":{\"@id\":\"https:\/\/blog.holyart.it\/fr\/noel\/fete-des-rois-mages-les-traditions-en-italie-et-en-europe\/#primaryimage\"},\"thumbnailUrl\":\"https:\/\/blog.holyart.it\/fr\/wp-content\/uploads\/sites\/14\/2025\/01\/fete-des-rois-mages.jpg\",\"datePublished\":\"2025-01-01T09:00:27+00:00\",\"dateModified\":\"2025-12-31T11:03:11+00:00\",\"description\":\"Partout en Europe, le 6 janvier on c\u00e9l\u00e8bre l\u2019\u00c9piphanie: voici comment et aussi pourquoi elle est \u00e9galement appel\u00e9e la \\\"F\u00eate des Rois Mages\\\"\",\"breadcrumb\":{\"@id\":\"https:\/\/blog.holyart.it\/fr\/noel\/fete-des-rois-mages-les-traditions-en-italie-et-en-europe\/#breadcrumb\"},\"inLanguage\":\"fr-FR\",\"potentialAction\":[{\"@type\":\"ReadAction\",\"target\":[\"https:\/\/blog.holyart.it\/fr\/noel\/fete-des-rois-mages-les-traditions-en-italie-et-en-europe\/\"]}]},{\"@type\":\"ImageObject\",\"inLanguage\":\"fr-FR\",\"@id\":\"https:\/\/blog.holyart.it\/fr\/noel\/fete-des-rois-mages-les-traditions-en-italie-et-en-europe\/#primaryimage\",\"url\":\"https:\/\/blog.holyart.it\/fr\/wp-content\/uploads\/sites\/14\/2025\/01\/fete-des-rois-mages.jpg\",\"contentUrl\":\"https:\/\/blog.holyart.it\/fr\/wp-content\/uploads\/sites\/14\/2025\/01\/fete-des-rois-mages.jpg\",\"width\":1000,\"height\":666,\"caption\":\"fete des rois mages\"},{\"@type\":\"BreadcrumbList\",\"@id\":\"https:\/\/blog.holyart.it\/fr\/noel\/fete-des-rois-mages-les-traditions-en-italie-et-en-europe\/#breadcrumb\",\"itemListElement\":[{\"@type\":\"ListItem\",\"position\":1,\"name\":\"Homepage\",\"item\":\"https:\/\/blog.holyart.it\/fr\/\"},{\"@type\":\"ListItem\",\"position\":2,\"name\":\"No\u00ebl\",\"item\":\"https:\/\/blog.holyart.it\/fr\/noel\/\"},{\"@type\":\"ListItem\",\"position\":3,\"name\":\"F\u00eate des Rois Mages : les traditions en Italie et en Europe\"}]},{\"@type\":\"WebSite\",\"@id\":\"https:\/\/blog.holyart.it\/fr\/#website\",\"url\":\"https:\/\/blog.holyart.it\/fr\/\",\"name\":\"Holyart.fr Blog\",\"description\":\"Holyblog\",\"publisher\":{\"@id\":\"https:\/\/blog.holyart.it\/fr\/#organization\"},\"potentialAction\":[{\"@type\":\"SearchAction\",\"target\":{\"@type\":\"EntryPoint\",\"urlTemplate\":\"https:\/\/blog.holyart.it\/fr\/?s={search_term_string}\"},\"query-input\":{\"@type\":\"PropertyValueSpecification\",\"valueRequired\":true,\"valueName\":\"search_term_string\"}}],\"inLanguage\":\"fr-FR\"},{\"@type\":\"Organization\",\"@id\":\"https:\/\/blog.holyart.it\/fr\/#organization\",\"name\":\"Holyart.fr Blog\",\"url\":\"https:\/\/blog.holyart.it\/fr\/\",\"logo\":{\"@type\":\"ImageObject\",\"inLanguage\":\"fr-FR\",\"@id\":\"https:\/\/blog.holyart.it\/fr\/#\/schema\/logo\/image\/\",\"url\":\"https:\/\/blog.holyart.it\/fr\/wp-content\/uploads\/sites\/14\/2022\/12\/Holyart_Blog_Logo.jpg\",\"contentUrl\":\"https:\/\/blog.holyart.it\/fr\/wp-content\/uploads\/sites\/14\/2022\/12\/Holyart_Blog_Logo.jpg\",\"width\":300,\"height\":50,\"caption\":\"Holyart.fr Blog\"},\"image\":{\"@id\":\"https:\/\/blog.holyart.it\/fr\/#\/schema\/logo\/image\/\"}},{\"@type\":\"Person\",\"@id\":\"https:\/\/blog.holyart.it\/fr\/#\/schema\/person\/0a7b686e5af0f856ec1e390dd0baecda\",\"name\":\"Redazione\",\"image\":{\"@type\":\"ImageObject\",\"inLanguage\":\"fr-FR\",\"@id\":\"https:\/\/blog.holyart.it\/fr\/#\/schema\/person\/image\/\",\"url\":\"https:\/\/secure.gravatar.com\/avatar\/f477da817f43e50d0af36abecd33e3edf826c68299714bdc1057dff3b113f516?s=96&d=mm&r=g\",\"contentUrl\":\"https:\/\/secure.gravatar.com\/avatar\/f477da817f43e50d0af36abecd33e3edf826c68299714bdc1057dff3b113f516?s=96&d=mm&r=g\",\"caption\":\"Redazione\"},\"url\":\"https:\/\/blog.holyart.it\/fr\/author\/admin\/\"}]}<\/script>\n<!-- \/ Yoast SEO plugin. -->","yoast_head_json":{"title":"F\u00eate des Rois Mages : les traditions en Italie et en Europe - Holyart.fr Blog","description":"Partout en Europe, le 6 janvier on c\u00e9l\u00e8bre l\u2019\u00c9piphanie: voici comment et aussi pourquoi elle est \u00e9galement appel\u00e9e la \"F\u00eate des Rois Mages\"","robots":{"index":"index","follow":"follow","max-snippet":"max-snippet:-1","max-image-preview":"max-image-preview:large","max-video-preview":"max-video-preview:-1"},"canonical":"https:\/\/blog.holyart.it\/fr\/noel\/fete-des-rois-mages-les-traditions-en-italie-et-en-europe\/","og_locale":"fr_FR","og_type":"article","og_title":"F\u00eate des Rois Mages : les traditions en Italie et en Europe - Holyart.fr Blog","og_description":"Partout en Europe, le 6 janvier on c\u00e9l\u00e8bre l\u2019\u00c9piphanie: voici comment et aussi pourquoi elle est \u00e9galement appel\u00e9e la \"F\u00eate des Rois Mages\"","og_url":"https:\/\/blog.holyart.it\/fr\/noel\/fete-des-rois-mages-les-traditions-en-italie-et-en-europe\/","og_site_name":"Holyart.fr Blog","article_published_time":"2025-01-01T09:00:27+00:00","article_modified_time":"2025-12-31T11:03:11+00:00","og_image":[{"width":1000,"height":666,"url":"https:\/\/blog.holyart.it\/fr\/wp-content\/uploads\/sites\/14\/2025\/01\/fete-des-rois-mages.jpg","type":"image\/jpeg"}],"author":"Redazione","twitter_card":"summary_large_image","twitter_misc":{"\u00c9crit par":"Redazione","Dur\u00e9e de lecture estim\u00e9e":"12 minutes"},"schema":{"@context":"https:\/\/schema.org","@graph":[{"@type":"Article","@id":"https:\/\/blog.holyart.it\/fr\/noel\/fete-des-rois-mages-les-traditions-en-italie-et-en-europe\/#article","isPartOf":{"@id":"https:\/\/blog.holyart.it\/fr\/noel\/fete-des-rois-mages-les-traditions-en-italie-et-en-europe\/"},"author":{"name":"Redazione","@id":"https:\/\/blog.holyart.it\/fr\/#\/schema\/person\/0a7b686e5af0f856ec1e390dd0baecda"},"headline":"F\u00eate des Rois Mages : les traditions en Italie et en Europe","datePublished":"2025-01-01T09:00:27+00:00","dateModified":"2025-12-31T11:03:11+00:00","mainEntityOfPage":{"@id":"https:\/\/blog.holyart.it\/fr\/noel\/fete-des-rois-mages-les-traditions-en-italie-et-en-europe\/"},"wordCount":2293,"publisher":{"@id":"https:\/\/blog.holyart.it\/fr\/#organization"},"image":{"@id":"https:\/\/blog.holyart.it\/fr\/noel\/fete-des-rois-mages-les-traditions-en-italie-et-en-europe\/#primaryimage"},"thumbnailUrl":"https:\/\/blog.holyart.it\/fr\/wp-content\/uploads\/sites\/14\/2025\/01\/fete-des-rois-mages.jpg","articleSection":["No\u00ebl"],"inLanguage":"fr-FR"},{"@type":"WebPage","@id":"https:\/\/blog.holyart.it\/fr\/noel\/fete-des-rois-mages-les-traditions-en-italie-et-en-europe\/","url":"https:\/\/blog.holyart.it\/fr\/noel\/fete-des-rois-mages-les-traditions-en-italie-et-en-europe\/","name":"F\u00eate des Rois Mages : les traditions en Italie et en Europe - Holyart.fr Blog","isPartOf":{"@id":"https:\/\/blog.holyart.it\/fr\/#website"},"primaryImageOfPage":{"@id":"https:\/\/blog.holyart.it\/fr\/noel\/fete-des-rois-mages-les-traditions-en-italie-et-en-europe\/#primaryimage"},"image":{"@id":"https:\/\/blog.holyart.it\/fr\/noel\/fete-des-rois-mages-les-traditions-en-italie-et-en-europe\/#primaryimage"},"thumbnailUrl":"https:\/\/blog.holyart.it\/fr\/wp-content\/uploads\/sites\/14\/2025\/01\/fete-des-rois-mages.jpg","datePublished":"2025-01-01T09:00:27+00:00","dateModified":"2025-12-31T11:03:11+00:00","description":"Partout en Europe, le 6 janvier on c\u00e9l\u00e8bre l\u2019\u00c9piphanie: voici comment et aussi pourquoi elle est \u00e9galement appel\u00e9e la \"F\u00eate des Rois Mages\"","breadcrumb":{"@id":"https:\/\/blog.holyart.it\/fr\/noel\/fete-des-rois-mages-les-traditions-en-italie-et-en-europe\/#breadcrumb"},"inLanguage":"fr-FR","potentialAction":[{"@type":"ReadAction","target":["https:\/\/blog.holyart.it\/fr\/noel\/fete-des-rois-mages-les-traditions-en-italie-et-en-europe\/"]}]},{"@type":"ImageObject","inLanguage":"fr-FR","@id":"https:\/\/blog.holyart.it\/fr\/noel\/fete-des-rois-mages-les-traditions-en-italie-et-en-europe\/#primaryimage","url":"https:\/\/blog.holyart.it\/fr\/wp-content\/uploads\/sites\/14\/2025\/01\/fete-des-rois-mages.jpg","contentUrl":"https:\/\/blog.holyart.it\/fr\/wp-content\/uploads\/sites\/14\/2025\/01\/fete-des-rois-mages.jpg","width":1000,"height":666,"caption":"fete des rois mages"},{"@type":"BreadcrumbList","@id":"https:\/\/blog.holyart.it\/fr\/noel\/fete-des-rois-mages-les-traditions-en-italie-et-en-europe\/#breadcrumb","itemListElement":[{"@type":"ListItem","position":1,"name":"Homepage","item":"https:\/\/blog.holyart.it\/fr\/"},{"@type":"ListItem","position":2,"name":"No\u00ebl","item":"https:\/\/blog.holyart.it\/fr\/noel\/"},{"@type":"ListItem","position":3,"name":"F\u00eate des Rois Mages : les traditions en Italie et en Europe"}]},{"@type":"WebSite","@id":"https:\/\/blog.holyart.it\/fr\/#website","url":"https:\/\/blog.holyart.it\/fr\/","name":"Holyart.fr Blog","description":"Holyblog","publisher":{"@id":"https:\/\/blog.holyart.it\/fr\/#organization"},"potentialAction":[{"@type":"SearchAction","target":{"@type":"EntryPoint","urlTemplate":"https:\/\/blog.holyart.it\/fr\/?s={search_term_string}"},"query-input":{"@type":"PropertyValueSpecification","valueRequired":true,"valueName":"search_term_string"}}],"inLanguage":"fr-FR"},{"@type":"Organization","@id":"https:\/\/blog.holyart.it\/fr\/#organization","name":"Holyart.fr Blog","url":"https:\/\/blog.holyart.it\/fr\/","logo":{"@type":"ImageObject","inLanguage":"fr-FR","@id":"https:\/\/blog.holyart.it\/fr\/#\/schema\/logo\/image\/","url":"https:\/\/blog.holyart.it\/fr\/wp-content\/uploads\/sites\/14\/2022\/12\/Holyart_Blog_Logo.jpg","contentUrl":"https:\/\/blog.holyart.it\/fr\/wp-content\/uploads\/sites\/14\/2022\/12\/Holyart_Blog_Logo.jpg","width":300,"height":50,"caption":"Holyart.fr Blog"},"image":{"@id":"https:\/\/blog.holyart.it\/fr\/#\/schema\/logo\/image\/"}},{"@type":"Person","@id":"https:\/\/blog.holyart.it\/fr\/#\/schema\/person\/0a7b686e5af0f856ec1e390dd0baecda","name":"Redazione","image":{"@type":"ImageObject","inLanguage":"fr-FR","@id":"https:\/\/blog.holyart.it\/fr\/#\/schema\/person\/image\/","url":"https:\/\/secure.gravatar.com\/avatar\/f477da817f43e50d0af36abecd33e3edf826c68299714bdc1057dff3b113f516?s=96&d=mm&r=g","contentUrl":"https:\/\/secure.gravatar.com\/avatar\/f477da817f43e50d0af36abecd33e3edf826c68299714bdc1057dff3b113f516?s=96&d=mm&r=g","caption":"Redazione"},"url":"https:\/\/blog.holyart.it\/fr\/author\/admin\/"}]}},"_links":{"self":[{"href":"https:\/\/blog.holyart.it\/fr\/wp-json\/wp\/v2\/posts\/9400","targetHints":{"allow":["GET"]}}],"collection":[{"href":"https:\/\/blog.holyart.it\/fr\/wp-json\/wp\/v2\/posts"}],"about":[{"href":"https:\/\/blog.holyart.it\/fr\/wp-json\/wp\/v2\/types\/post"}],"author":[{"embeddable":true,"href":"https:\/\/blog.holyart.it\/fr\/wp-json\/wp\/v2\/users\/1"}],"replies":[{"embeddable":true,"href":"https:\/\/blog.holyart.it\/fr\/wp-json\/wp\/v2\/comments?post=9400"}],"version-history":[{"count":11,"href":"https:\/\/blog.holyart.it\/fr\/wp-json\/wp\/v2\/posts\/9400\/revisions"}],"predecessor-version":[{"id":9412,"href":"https:\/\/blog.holyart.it\/fr\/wp-json\/wp\/v2\/posts\/9400\/revisions\/9412"}],"wp:featuredmedia":[{"embeddable":true,"href":"https:\/\/blog.holyart.it\/fr\/wp-json\/wp\/v2\/media\/9413"}],"wp:attachment":[{"href":"https:\/\/blog.holyart.it\/fr\/wp-json\/wp\/v2\/media?parent=9400"}],"wp:term":[{"taxonomy":"category","embeddable":true,"href":"https:\/\/blog.holyart.it\/fr\/wp-json\/wp\/v2\/categories?post=9400"},{"taxonomy":"post_tag","embeddable":true,"href":"https:\/\/blog.holyart.it\/fr\/wp-json\/wp\/v2\/tags?post=9400"}],"curies":[{"name":"wp","href":"https:\/\/api.w.org\/{rel}","templated":true}]}}