{"id":9392,"date":"2024-12-30T10:00:58","date_gmt":"2024-12-30T09:00:58","guid":{"rendered":"https:\/\/blog.holyart.it\/fr\/?p=9392"},"modified":"2024-12-27T17:51:22","modified_gmt":"2024-12-27T16:51:22","slug":"journee-mondiale-de-la-paix-et-de-la-sainte-mere-de-dieu-deux-recurrences-le-meme-jour","status":"publish","type":"post","link":"https:\/\/blog.holyart.it\/fr\/occasions-speciales\/journee-mondiale-de-la-paix-et-de-la-sainte-mere-de-dieu-deux-recurrences-le-meme-jour\/","title":{"rendered":"Journ\u00e9e Mondiale de la Paix et de la Sainte M\u00e8re de Dieu : deux r\u00e9currences le m\u00eame jour"},"content":{"rendered":"<h4><em>\u00c0 l\u2019occasion de la Journ\u00e9e Mondiale de la Paix, qui se tiendra le 1er janvier 2024, le Saint Si\u00e8ge attire l\u2019attention sur les risques, mais aussi sur l\u2019immense potentiel, de l\u2019Intelligence Artificielle.<\/em><\/h4>\n<p>Le 1er janvier 2024, on c\u00e9l\u00e9brera la 57\u00e8me Journ\u00e9e Mondiale de la Paix. Institu\u00e9e par Pape Paul VI en 1967 et c\u00e9l\u00e9br\u00e9e pour la premi\u00e8re fois le 1<sup>er<\/sup> janvier de l\u2019ann\u00e9e successive, la <strong>Journ\u00e9e Mondiale de la Paix<\/strong> a \u00e9t\u00e9 ensuite reconnue aussi par l\u2019<strong>Assembl\u00e9e g\u00e9n\u00e9rale des Nations Unies<\/strong>, qui la c\u00e9l\u00e8bre le 21 septembre. Dans les deux cas, cette Journ\u00e9e repr\u00e9sente un moment important de r\u00e9flexion commune sur la <a href=\"https:\/\/www.holyart.fr\/articles-religieux\/pendentifs-tau-medailles-scapulaires\/pendentifs-assortis\/medaille-colombe-olivier\"><strong>valeur de la paix<\/strong><\/a> et pour prier afin qu\u2019elle puisse se r\u00e9pandre dans le monde entier. Ce que l\u2019\u00c9glise catholique comme les Nations Unies demandent est de suspendre toutes les hostilit\u00e9s et la violence en ce jour en tant que signe tangible de bonne volont\u00e9 et souhait de coop\u00e9ration, afin de travailler ensemble et atteindre un monde plus pacifique.<\/p>\n<div class=\"link-product\">\n<div class=\"blocco-immagine\"><img loading=\"lazy\" decoding=\"async\" class=\"size-full wp-image-9387 alignleft\" src=\"https:\/\/assets.holyart.it\/images\/ME000003\/fr\/500\/A\/SN000000\/CLOSEUP01_HD\/h-f7d60d1e\/medaille-colombe-olivier.jpg\" alt=\"M\u00e9daille colombe, olivier\" width=\"100\" height=\"100\" data-kale-share-title=\"M\u00e9daille colombe, olivier\" data-kale-share-url=\"https:\/\/blog.holyart.it\/fr\/?p=9380\" \/><\/div>\n<div class=\"blocco-contenuto\">\n<div class=\"blocco-acquista\">Acheter sur Holyart:<\/div>\n<div class=\"blocco-titolo\"><a href=\"https:\/\/www.holyart.fr\/articles-religieux\/pendentifs-tau-medailles-scapulaires\/pendentifs-assortis\/medaille-colombe-olivier\">M\u00e9daille colombe, olivier<\/a><\/div>\n<div class=\"blocco-descrizione\">Pendentif en bois d&rsquo;olivier, r\u00e9alis\u00e9 \u00e0 la main. Il repr\u00e9sente la colombe, image de paix et de simplicit\u00e9.<\/div>\n<\/div>\n<\/div>\n<p>Paul VI cr\u00e9a l\u2019institution de la Journ\u00e9e Mondiale de la Paix en rappelant les valeurs de la <em>Pax Romana<\/em>, promue dans tous les \u00e9tats de l\u2019Empire romain apr\u00e8s la prise du pouvoir de la part d\u2019Auguste. Exactement comme la <em>Pax Augustea<\/em>, la paix invoqu\u00e9e par le Pape aussi se basait sur l\u2019\u00e9galit\u00e9 des droits des citoyens et de tous les hommes. En l\u2019occurrence, Paul VI tentait de calmer les esprits en cherchant un dialogue afin de contrecarrer l\u2019escalade du conflit en cours au Vietnam, mais son discours sur la paix embrassait une vision plus ample, en souhaitant un monde o\u00f9 la discussion et la tr\u00eave puissent pr\u00e9valoir sur l\u2019hostilit\u00e9. Le discours de Paul VI fut couronn\u00e9 par la premi\u00e8re poignante <a href=\"https:\/\/www.holyart.fr\/blog\/articles-religieux\/les-plus-belles-phrases-sur-la-paix-de-pape-francois\/\"><strong><u>Pri\u00e8re pour la Paix dans le Monde<\/u><\/strong><\/a>, qui soulignait l\u2019importance de la spiritualit\u00e9 et de la r\u00e9flexion profonde comme fondation pour la paix globale, et invitait les personnes de toutes les fois et croyances \u00e0 s\u2019unir en ce souhait commun de paix.<\/p>\n<div class=\"link-article\">\n<p><img loading=\"lazy\" decoding=\"async\" class=\"size-full wp-image-9389 alignleft\" src=\"https:\/\/www.holyart.fr\/blog\/wp-content\/uploads\/sites\/14\/2023\/04\/paix.jpg\" alt=\"Les plus belles phrases sur la Paix de Pape Fran\u00e7ois\" width=\"150\" height=\"99\" data-kale-share-title=\"Les plus belles phrases sur la Paix de Pape Fran\u00e7ois\" data-kale-share-url=\"https:\/\/blog.holyart.it\/fr\/?p=9380\" \/><\/p>\n<div class=\"leggi-anche\">Lire aussi :<\/div>\n<p><strong><a href=\"https:\/\/www.holyart.fr\/blog\/articles-religieux\/les-plus-belles-phrases-sur-la-paix-de-pape-francois\/\">Les plus belles phrases sur la Paix de Pape Fran\u00e7ois<\/a><\/strong><br \/>\nEn ce moment historique particulier et dramatique, une lueur d\u2019espoir pour toute la chr\u00e9tient\u00e9<\/p>\n<\/div>\n<p><em>\u00ab <\/em><em>C\u2019est le moment de notre salut fraternel et paternel et de notre souhait de paix avec tout ce qu\u2019elle apporte avec elle: l\u2019ordre, la s\u00e9r\u00e9nit\u00e9, la joie, la fraternit\u00e9, la libert\u00e9, l\u2019esp\u00e9rance, l\u2019\u00e9nergie et la s\u00e9curit\u00e9 d\u2019un bon travail, l\u2019intention de recommencer et de progresser, le bien-\u00eatre sain et commun et cette capacit\u00e9 myst\u00e9rieuse de profiter de la vie en d\u00e9couvrant les rapports de son intime principe avec son but supr\u00eame: le Dieu de la paix<\/em><em>. \u00bb<\/em><\/p>\n<p>Le 1er janvier co\u00efncide avec une autre festivit\u00e9 religieuse fondamentale : la <strong><u>f\u00eate d\u00e9di\u00e9e \u00e0 Marie, Vierge et Sainte M\u00e8re de Dieu<\/u><\/strong>. Cette c\u00e9l\u00e9bration a lieu tout de suite apr\u00e8s <strong>No\u00ebl<\/strong>, un moment crucial pour les chr\u00e9tiens o\u00f9 on honore la double nature de J\u00e9sus en tant que Dieu et homme, outre sa miraculeuse incarnation <a href=\"https:\/\/www.holyart.fr\/noel\/santons-creche\/santons-marie-et-joseph-cherchant-un-logement-18-cm\"><strong><u>dans le sein de Marie<\/u><\/strong><\/a>, une femme mortelle. Une f\u00eate centr\u00e9e sur J\u00e9sus, donc, mais qui a comme figure centrale <strong>Marie Tr\u00e8s Sainte M\u00e8re de Dieu<\/strong>, une femme extraordinaire, et pourtant humble, une m\u00e8re parmi beaucoup d\u2019autre, et pourtant unique. Sa d\u00e9cision d\u2019adh\u00e9rer au plan divin, d\u2019accepter le poids de porter en son sein le Fils de Dieu, en incarnant le r\u00f4le de M\u00e8re de Dieu sur Terre, repr\u00e9sente le plus grand exemple d\u2019amour et de d\u00e9votion chr\u00e9tienne. Marie en \u00e9merge comme l\u2019<strong>arch\u00e9type f\u00e9minin par excellence<\/strong>, un mod\u00e8le inatteignable, mais, en m\u00eame temps, de r\u00e9f\u00e9rence pour toutes les femmes. La sienne est aussi une lumi\u00e8re in\u00e9puisable d\u2019amour pour les hommes, cette figure maternelle souhait\u00e9e par ceux qui recherchent protection et soin, m\u00eame dans les moments les plus sombres de leur vie. Sa pr\u00e9sence devient un phare d\u2019affection et de consolation pour tous ceux qui per\u00e7oivent le besoin d\u2019une <strong>figure maternelle<\/strong> qui puisse veiller sur eux.<\/p>\n<div class=\"link-product\">\n<div class=\"blocco-immagine\"><img loading=\"lazy\" decoding=\"async\" class=\"size-full wp-image-9387 alignleft\" src=\"https:\/\/assets.holyart.it\/images\/PR019099\/fr\/500\/R\/SN023017\/CLOSEUP01_HD\/h-4b2d3aab\/santons-marie-et-joseph-cherchant-un-logement-18-cm-br.jpg\" alt=\"Santons Marie et Joseph cherchant un logement 18 cm\" width=\"100\" height=\"100\" data-kale-share-title=\"Santons Marie et Joseph cherchant un logement 18 cm\" data-kale-share-url=\"https:\/\/blog.holyart.it\/fr\/?p=9380\" \/><\/div>\n<div class=\"blocco-contenuto\">\n<div class=\"blocco-acquista\">Acheter sur Holyart:<\/div>\n<div class=\"blocco-titolo\"><a href=\"https:\/\/www.holyart.fr\/noel\/santons-creche\/santons-marie-et-joseph-cherchant-un-logement-18-cm\">Santons Marie et Joseph cherchant un logement 18 cm<\/a><\/div>\n<div class=\"blocco-descrizione\">Pendentif en bois d&rsquo;olivier, r\u00e9alis\u00e9 \u00e0 la main. Il repr\u00e9sente la colombe, image de paix et de simplicit\u00e9.<\/div>\n<\/div>\n<\/div>\n<h2>La Journ\u00e9e de la Paix 2024<\/h2>\n<p>Tandis que la Journ\u00e9e Mondiale de la Paix en 2023 \u00e9tait d\u00e9di\u00e9e \u00e0 \u00ab\u00a0<em>Personne ne peut se sauver tout seul. Repartir apr\u00e8s la Covid-19 pour tracer ensemble des sentiers de paix<\/em>\u00a0\u00bb, la Journ\u00e9e Mondiale de la Paix 2024 affronte un th\u00e8me de grande importance\u00a0: <strong>Intelligence artificielle et paix<\/strong>. Ce th\u00e8me refl\u00e8te l\u2019impact de plus en plus profond des technologies avanc\u00e9es, en particulier de l\u2019intelligence artificielle, sur la vie humaine, sur le plan personnel et social, mais aussi les possibles r\u00e9percussions dans les diff\u00e9rents domaines politiques et \u00e9conomiques.<\/p>\n<p>Dans son message pour la Journ\u00e9e Mondiale de la Paix 2024, <a href=\"https:\/\/www.holyart.fr\/occasions-speciales\/pape-francois\"><strong>Pape Fran\u00e7ois<\/strong><\/a> promeut l\u2019\u00e9tude et un dialogue ouvert et profond concernant la signification et les effets de ces nouvelles technologies. Leur potentiel est ind\u00e9niable, mais le Pontife souligne \u00e9galement les aspects n\u00e9gatifs qu\u2019elles peuvent engendrer. Justement \u00e0 cause de cette ambivalence, le Saint P\u00e8re souligne la n\u00e9cessit\u00e9 de <strong>veiller attentivement<\/strong> afin que l\u2019usage de tels instruments ne donne lieu \u00e0 des dynamiques de violence et de discrimination, surtout au d\u00e9triment des plus vuln\u00e9rables et des marginaux, en alimentant injustice et in\u00e9galit\u00e9, tensions et conflits. Le d\u00e9veloppement et l\u2019utilisation de l\u2019intelligence artificielle devrait progresser de <strong>mani\u00e8re responsable<\/strong>, afin qu\u2019elle puisse \u00eatre un instrument au service de l\u2019humanit\u00e9 et de la protection de notre plan\u00e8te. La r\u00e9flexion \u00e9thique ne peut qu\u2019aller de pair avec le d\u00e9bat scientifique et social dans le contexte de l\u2019instruction et de la loi, justement parce que les enjeux ne sont pas uniquement les int\u00e9r\u00eats \u00e9conomiques et politiques, mais aussi la tutelle de la <strong>dignit\u00e9 humaine<\/strong>. Voil\u00e0 donc que dans les mots du Pape \u00e9merge l\u2019espoir que les nouvelles technologies puissent se r\u00e9v\u00e9ler des instruments pr\u00e9cieux pour la cr\u00e9ation d\u2019une <strong>fraternit\u00e9 inclusive<\/strong>, bas\u00e9e justement sur leur utilisation \u00e9thique et constructive, en particulier sur la pr\u00e9servation de la dignit\u00e9 individuelle. L\u2019espoir de Pape Fran\u00e7ois est que l\u2019intelligence artificielle n\u2019am\u00e8ne pas \u00e0 de nouvelles in\u00e9galit\u00e9s, \u00e0 un moment historique o\u00f9 nous avons plus que jamais besoin de surmonter celles qui affligent d\u00e9j\u00e0 l\u2019humanit\u00e9.<\/p>\n<div class=\"link-product\">\n<div class=\"blocco-immagine\"><img loading=\"lazy\" decoding=\"async\" class=\"size-full wp-image-9387 alignleft\" src=\"https:\/\/assets.holyart.it\/images\/RO009015\/fr\/500\/A\/SN006394\/CLOSEUP01\/h-f8685835\/chapelet-pape-francois-hematite-6-mm.jpg\" width=\"100\" height=\"100\" data-kale-share-title=\"https:\/\/assets.holyart.it\/images\/RO009015\/fr\/500\/A\/SN006394\/CLOSEUP01\/h-f8685835\/chapelet-pape-francois-hematite-6-mm.jpg\" data-kale-share-url=\"https:\/\/blog.holyart.it\/fr\/?p=9380\" \/><\/div>\n<div class=\"blocco-contenuto\">\n<div class=\"blocco-acquista\">Acheter sur Holyart:<\/div>\n<div class=\"blocco-titolo\"><a href=\"https:\/\/www.holyart.fr\/occasions-speciales\/pape-francois\">Pape Fran\u00e7ois<\/a><\/div>\n<div class=\"blocco-descrizione\">cat\u00e9gorie d\u00e9di\u00e9e au pape Jorge Mario Bergoglio<\/div>\n<\/div>\n<\/div>\n<p>\u00ab\u00a0<em>La vie ne peut pas \u00eatre d\u00e9cid\u00e9e par un algorithme, il faut de l\u2019\u00e9thique et du respect<\/em>\u00a0\u00bb, avait d\u00e9j\u00e0 dit Pape Fran\u00e7ois dans le pass\u00e9, en soulignant un concept fondamental\u00a0: l\u2019importance d\u2019une approche \u00e9thique dans l\u2019usage des <strong>algorithmes dans le domaine de l\u2019intelligence artificielle<\/strong>. Ce concept, connu comme <strong><em>algor\u00e9thique<\/em><\/strong>, repr\u00e9sente une composante significative dans la r\u00e9flexion du Saint-Si\u00e8ge concernant l\u2019utilisation responsable des nouvelles technologies. Il est fondamental de reconna\u00eetre que la vie humaine, avec ses nuances et complexit\u00e9s, ne peut \u00eatre r\u00e9duite ou trac\u00e9e par des simples algorithmes. Ce qu\u2019il faut, au contraire, est une approche guid\u00e9e par des valeurs \u00e9thiques et par le respect pour la dignit\u00e9 humaine.<\/p>\n<p>La r\u00e9flexion du Saint-Si\u00e8ge sur cette algor\u00e9thique est important, car elle souligne la n\u00e9cessit\u00e9 de consid\u00e9rer attentivement l\u2019impact social, \u00e9thique et moral des d\u00e9cisions bas\u00e9es sur les algorithmes. Ce panorama de pens\u00e9e renforce le rappel \u00e0 un usage conscient et responsable des technologies \u00e9mergentes, en pla\u00e7ant au centre la valeur de la vie humaine et de la dignit\u00e9 individuelle.<\/p>\n","protected":false},"excerpt":{"rendered":"<p>\u00c0 l\u2019occasion de la Journ\u00e9e Mondiale de la Paix, qui se tiendra le 1er janvier 2024, le Saint Si\u00e8ge attire l\u2019attention sur les risques, mais aussi sur l\u2019immense potentiel, de l\u2019Intelligence Artificielle. Le 1er janvier 2024, on c\u00e9l\u00e9brera la 57\u00e8me Journ\u00e9e Mondiale de la Paix.&hellip;<\/p>\n","protected":false},"author":1,"featured_media":9399,"comment_status":"closed","ping_status":"open","sticky":false,"template":"","format":"standard","meta":{"_acf_changed":false,"footnotes":""},"categories":[12],"tags":[],"class_list":["post-9392","post","type-post","status-publish","format-standard","has-post-thumbnail","hentry","category-occasions-speciales"],"acf":[],"yoast_head":"<!-- This site is optimized with the Yoast SEO plugin v26.6 - https:\/\/yoast.com\/wordpress\/plugins\/seo\/ -->\n<title>Journ\u00e9e Mondiale de la Paix et de la Sainte M\u00e8re de Dieu : deux r\u00e9currences le m\u00eame jour - Holyart.fr Blog<\/title>\n<meta name=\"description\" content=\"Le 1er janvier on c\u00e9l\u00e8bre la Journ\u00e9e Mondiale de la Paix, d\u00e9di\u00e9e dans le 2024 \u00e0 l\u2019intelligence artificielle et \u00e0 son impact \u00e9thique.\" \/>\n<meta name=\"robots\" content=\"index, follow, max-snippet:-1, max-image-preview:large, max-video-preview:-1\" \/>\n<link rel=\"canonical\" href=\"https:\/\/blog.holyart.it\/fr\/occasions-speciales\/journee-mondiale-de-la-paix-et-de-la-sainte-mere-de-dieu-deux-recurrences-le-meme-jour\/\" \/>\n<meta property=\"og:locale\" content=\"fr_FR\" \/>\n<meta property=\"og:type\" content=\"article\" \/>\n<meta property=\"og:title\" content=\"Journ\u00e9e Mondiale de la Paix et de la Sainte M\u00e8re de Dieu : deux r\u00e9currences le m\u00eame jour - Holyart.fr Blog\" \/>\n<meta property=\"og:description\" content=\"Le 1er janvier on c\u00e9l\u00e8bre la Journ\u00e9e Mondiale de la Paix, d\u00e9di\u00e9e dans le 2024 \u00e0 l\u2019intelligence artificielle et \u00e0 son impact \u00e9thique.\" \/>\n<meta property=\"og:url\" content=\"https:\/\/blog.holyart.it\/fr\/occasions-speciales\/journee-mondiale-de-la-paix-et-de-la-sainte-mere-de-dieu-deux-recurrences-le-meme-jour\/\" \/>\n<meta property=\"og:site_name\" content=\"Holyart.fr Blog\" \/>\n<meta property=\"article:published_time\" content=\"2024-12-30T09:00:58+00:00\" \/>\n<meta property=\"og:image\" content=\"https:\/\/blog.holyart.it\/fr\/wp-content\/uploads\/sites\/14\/2024\/12\/giornata-mondiale-della-pace.jpg\" \/>\n\t<meta property=\"og:image:width\" content=\"1000\" \/>\n\t<meta property=\"og:image:height\" content=\"666\" \/>\n\t<meta property=\"og:image:type\" content=\"image\/jpeg\" \/>\n<meta name=\"author\" content=\"Redazione\" \/>\n<meta name=\"twitter:card\" content=\"summary_large_image\" \/>\n<meta name=\"twitter:label1\" content=\"\u00c9crit par\" \/>\n\t<meta name=\"twitter:data1\" content=\"Redazione\" \/>\n\t<meta name=\"twitter:label2\" content=\"Dur\u00e9e de lecture estim\u00e9e\" \/>\n\t<meta name=\"twitter:data2\" content=\"8 minutes\" \/>\n<script type=\"application\/ld+json\" class=\"yoast-schema-graph\">{\"@context\":\"https:\/\/schema.org\",\"@graph\":[{\"@type\":\"Article\",\"@id\":\"https:\/\/blog.holyart.it\/fr\/occasions-speciales\/journee-mondiale-de-la-paix-et-de-la-sainte-mere-de-dieu-deux-recurrences-le-meme-jour\/#article\",\"isPartOf\":{\"@id\":\"https:\/\/blog.holyart.it\/fr\/occasions-speciales\/journee-mondiale-de-la-paix-et-de-la-sainte-mere-de-dieu-deux-recurrences-le-meme-jour\/\"},\"author\":{\"name\":\"Redazione\",\"@id\":\"https:\/\/blog.holyart.it\/fr\/#\/schema\/person\/0a7b686e5af0f856ec1e390dd0baecda\"},\"headline\":\"Journ\u00e9e Mondiale de la Paix et de la Sainte M\u00e8re de Dieu : deux r\u00e9currences le m\u00eame jour\",\"datePublished\":\"2024-12-30T09:00:58+00:00\",\"mainEntityOfPage\":{\"@id\":\"https:\/\/blog.holyart.it\/fr\/occasions-speciales\/journee-mondiale-de-la-paix-et-de-la-sainte-mere-de-dieu-deux-recurrences-le-meme-jour\/\"},\"wordCount\":1412,\"publisher\":{\"@id\":\"https:\/\/blog.holyart.it\/fr\/#organization\"},\"image\":{\"@id\":\"https:\/\/blog.holyart.it\/fr\/occasions-speciales\/journee-mondiale-de-la-paix-et-de-la-sainte-mere-de-dieu-deux-recurrences-le-meme-jour\/#primaryimage\"},\"thumbnailUrl\":\"https:\/\/blog.holyart.it\/fr\/wp-content\/uploads\/sites\/14\/2024\/12\/giornata-mondiale-della-pace.jpg\",\"articleSection\":[\"Occasions sp\u00e9ciales\"],\"inLanguage\":\"fr-FR\"},{\"@type\":\"WebPage\",\"@id\":\"https:\/\/blog.holyart.it\/fr\/occasions-speciales\/journee-mondiale-de-la-paix-et-de-la-sainte-mere-de-dieu-deux-recurrences-le-meme-jour\/\",\"url\":\"https:\/\/blog.holyart.it\/fr\/occasions-speciales\/journee-mondiale-de-la-paix-et-de-la-sainte-mere-de-dieu-deux-recurrences-le-meme-jour\/\",\"name\":\"Journ\u00e9e Mondiale de la Paix et de la Sainte M\u00e8re de Dieu : deux r\u00e9currences le m\u00eame jour - Holyart.fr Blog\",\"isPartOf\":{\"@id\":\"https:\/\/blog.holyart.it\/fr\/#website\"},\"primaryImageOfPage\":{\"@id\":\"https:\/\/blog.holyart.it\/fr\/occasions-speciales\/journee-mondiale-de-la-paix-et-de-la-sainte-mere-de-dieu-deux-recurrences-le-meme-jour\/#primaryimage\"},\"image\":{\"@id\":\"https:\/\/blog.holyart.it\/fr\/occasions-speciales\/journee-mondiale-de-la-paix-et-de-la-sainte-mere-de-dieu-deux-recurrences-le-meme-jour\/#primaryimage\"},\"thumbnailUrl\":\"https:\/\/blog.holyart.it\/fr\/wp-content\/uploads\/sites\/14\/2024\/12\/giornata-mondiale-della-pace.jpg\",\"datePublished\":\"2024-12-30T09:00:58+00:00\",\"description\":\"Le 1er janvier on c\u00e9l\u00e8bre la Journ\u00e9e Mondiale de la Paix, d\u00e9di\u00e9e dans le 2024 \u00e0 l\u2019intelligence artificielle et \u00e0 son impact \u00e9thique.\",\"breadcrumb\":{\"@id\":\"https:\/\/blog.holyart.it\/fr\/occasions-speciales\/journee-mondiale-de-la-paix-et-de-la-sainte-mere-de-dieu-deux-recurrences-le-meme-jour\/#breadcrumb\"},\"inLanguage\":\"fr-FR\",\"potentialAction\":[{\"@type\":\"ReadAction\",\"target\":[\"https:\/\/blog.holyart.it\/fr\/occasions-speciales\/journee-mondiale-de-la-paix-et-de-la-sainte-mere-de-dieu-deux-recurrences-le-meme-jour\/\"]}]},{\"@type\":\"ImageObject\",\"inLanguage\":\"fr-FR\",\"@id\":\"https:\/\/blog.holyart.it\/fr\/occasions-speciales\/journee-mondiale-de-la-paix-et-de-la-sainte-mere-de-dieu-deux-recurrences-le-meme-jour\/#primaryimage\",\"url\":\"https:\/\/blog.holyart.it\/fr\/wp-content\/uploads\/sites\/14\/2024\/12\/giornata-mondiale-della-pace.jpg\",\"contentUrl\":\"https:\/\/blog.holyart.it\/fr\/wp-content\/uploads\/sites\/14\/2024\/12\/giornata-mondiale-della-pace.jpg\",\"width\":1000,\"height\":666,\"caption\":\"journee mondiale de la Paix\"},{\"@type\":\"BreadcrumbList\",\"@id\":\"https:\/\/blog.holyart.it\/fr\/occasions-speciales\/journee-mondiale-de-la-paix-et-de-la-sainte-mere-de-dieu-deux-recurrences-le-meme-jour\/#breadcrumb\",\"itemListElement\":[{\"@type\":\"ListItem\",\"position\":1,\"name\":\"Homepage\",\"item\":\"https:\/\/blog.holyart.it\/fr\/\"},{\"@type\":\"ListItem\",\"position\":2,\"name\":\"Occasions sp\u00e9ciales\",\"item\":\"https:\/\/blog.holyart.it\/fr\/occasions-speciales\/\"},{\"@type\":\"ListItem\",\"position\":3,\"name\":\"Journ\u00e9e Mondiale de la Paix et de la Sainte M\u00e8re de Dieu : deux r\u00e9currences le m\u00eame jour\"}]},{\"@type\":\"WebSite\",\"@id\":\"https:\/\/blog.holyart.it\/fr\/#website\",\"url\":\"https:\/\/blog.holyart.it\/fr\/\",\"name\":\"Holyart.fr Blog\",\"description\":\"Holyblog\",\"publisher\":{\"@id\":\"https:\/\/blog.holyart.it\/fr\/#organization\"},\"potentialAction\":[{\"@type\":\"SearchAction\",\"target\":{\"@type\":\"EntryPoint\",\"urlTemplate\":\"https:\/\/blog.holyart.it\/fr\/?s={search_term_string}\"},\"query-input\":{\"@type\":\"PropertyValueSpecification\",\"valueRequired\":true,\"valueName\":\"search_term_string\"}}],\"inLanguage\":\"fr-FR\"},{\"@type\":\"Organization\",\"@id\":\"https:\/\/blog.holyart.it\/fr\/#organization\",\"name\":\"Holyart.fr Blog\",\"url\":\"https:\/\/blog.holyart.it\/fr\/\",\"logo\":{\"@type\":\"ImageObject\",\"inLanguage\":\"fr-FR\",\"@id\":\"https:\/\/blog.holyart.it\/fr\/#\/schema\/logo\/image\/\",\"url\":\"https:\/\/blog.holyart.it\/fr\/wp-content\/uploads\/sites\/14\/2022\/12\/Holyart_Blog_Logo.jpg\",\"contentUrl\":\"https:\/\/blog.holyart.it\/fr\/wp-content\/uploads\/sites\/14\/2022\/12\/Holyart_Blog_Logo.jpg\",\"width\":300,\"height\":50,\"caption\":\"Holyart.fr Blog\"},\"image\":{\"@id\":\"https:\/\/blog.holyart.it\/fr\/#\/schema\/logo\/image\/\"}},{\"@type\":\"Person\",\"@id\":\"https:\/\/blog.holyart.it\/fr\/#\/schema\/person\/0a7b686e5af0f856ec1e390dd0baecda\",\"name\":\"Redazione\",\"image\":{\"@type\":\"ImageObject\",\"inLanguage\":\"fr-FR\",\"@id\":\"https:\/\/blog.holyart.it\/fr\/#\/schema\/person\/image\/\",\"url\":\"https:\/\/secure.gravatar.com\/avatar\/f477da817f43e50d0af36abecd33e3edf826c68299714bdc1057dff3b113f516?s=96&d=mm&r=g\",\"contentUrl\":\"https:\/\/secure.gravatar.com\/avatar\/f477da817f43e50d0af36abecd33e3edf826c68299714bdc1057dff3b113f516?s=96&d=mm&r=g\",\"caption\":\"Redazione\"},\"url\":\"https:\/\/blog.holyart.it\/fr\/author\/admin\/\"}]}<\/script>\n<!-- \/ Yoast SEO plugin. -->","yoast_head_json":{"title":"Journ\u00e9e Mondiale de la Paix et de la Sainte M\u00e8re de Dieu : deux r\u00e9currences le m\u00eame jour - Holyart.fr Blog","description":"Le 1er janvier on c\u00e9l\u00e8bre la Journ\u00e9e Mondiale de la Paix, d\u00e9di\u00e9e dans le 2024 \u00e0 l\u2019intelligence artificielle et \u00e0 son impact \u00e9thique.","robots":{"index":"index","follow":"follow","max-snippet":"max-snippet:-1","max-image-preview":"max-image-preview:large","max-video-preview":"max-video-preview:-1"},"canonical":"https:\/\/blog.holyart.it\/fr\/occasions-speciales\/journee-mondiale-de-la-paix-et-de-la-sainte-mere-de-dieu-deux-recurrences-le-meme-jour\/","og_locale":"fr_FR","og_type":"article","og_title":"Journ\u00e9e Mondiale de la Paix et de la Sainte M\u00e8re de Dieu : deux r\u00e9currences le m\u00eame jour - Holyart.fr Blog","og_description":"Le 1er janvier on c\u00e9l\u00e8bre la Journ\u00e9e Mondiale de la Paix, d\u00e9di\u00e9e dans le 2024 \u00e0 l\u2019intelligence artificielle et \u00e0 son impact \u00e9thique.","og_url":"https:\/\/blog.holyart.it\/fr\/occasions-speciales\/journee-mondiale-de-la-paix-et-de-la-sainte-mere-de-dieu-deux-recurrences-le-meme-jour\/","og_site_name":"Holyart.fr Blog","article_published_time":"2024-12-30T09:00:58+00:00","og_image":[{"width":1000,"height":666,"url":"https:\/\/blog.holyart.it\/fr\/wp-content\/uploads\/sites\/14\/2024\/12\/giornata-mondiale-della-pace.jpg","type":"image\/jpeg"}],"author":"Redazione","twitter_card":"summary_large_image","twitter_misc":{"\u00c9crit par":"Redazione","Dur\u00e9e de lecture estim\u00e9e":"8 minutes"},"schema":{"@context":"https:\/\/schema.org","@graph":[{"@type":"Article","@id":"https:\/\/blog.holyart.it\/fr\/occasions-speciales\/journee-mondiale-de-la-paix-et-de-la-sainte-mere-de-dieu-deux-recurrences-le-meme-jour\/#article","isPartOf":{"@id":"https:\/\/blog.holyart.it\/fr\/occasions-speciales\/journee-mondiale-de-la-paix-et-de-la-sainte-mere-de-dieu-deux-recurrences-le-meme-jour\/"},"author":{"name":"Redazione","@id":"https:\/\/blog.holyart.it\/fr\/#\/schema\/person\/0a7b686e5af0f856ec1e390dd0baecda"},"headline":"Journ\u00e9e Mondiale de la Paix et de la Sainte M\u00e8re de Dieu : deux r\u00e9currences le m\u00eame jour","datePublished":"2024-12-30T09:00:58+00:00","mainEntityOfPage":{"@id":"https:\/\/blog.holyart.it\/fr\/occasions-speciales\/journee-mondiale-de-la-paix-et-de-la-sainte-mere-de-dieu-deux-recurrences-le-meme-jour\/"},"wordCount":1412,"publisher":{"@id":"https:\/\/blog.holyart.it\/fr\/#organization"},"image":{"@id":"https:\/\/blog.holyart.it\/fr\/occasions-speciales\/journee-mondiale-de-la-paix-et-de-la-sainte-mere-de-dieu-deux-recurrences-le-meme-jour\/#primaryimage"},"thumbnailUrl":"https:\/\/blog.holyart.it\/fr\/wp-content\/uploads\/sites\/14\/2024\/12\/giornata-mondiale-della-pace.jpg","articleSection":["Occasions sp\u00e9ciales"],"inLanguage":"fr-FR"},{"@type":"WebPage","@id":"https:\/\/blog.holyart.it\/fr\/occasions-speciales\/journee-mondiale-de-la-paix-et-de-la-sainte-mere-de-dieu-deux-recurrences-le-meme-jour\/","url":"https:\/\/blog.holyart.it\/fr\/occasions-speciales\/journee-mondiale-de-la-paix-et-de-la-sainte-mere-de-dieu-deux-recurrences-le-meme-jour\/","name":"Journ\u00e9e Mondiale de la Paix et de la Sainte M\u00e8re de Dieu : deux r\u00e9currences le m\u00eame jour - Holyart.fr Blog","isPartOf":{"@id":"https:\/\/blog.holyart.it\/fr\/#website"},"primaryImageOfPage":{"@id":"https:\/\/blog.holyart.it\/fr\/occasions-speciales\/journee-mondiale-de-la-paix-et-de-la-sainte-mere-de-dieu-deux-recurrences-le-meme-jour\/#primaryimage"},"image":{"@id":"https:\/\/blog.holyart.it\/fr\/occasions-speciales\/journee-mondiale-de-la-paix-et-de-la-sainte-mere-de-dieu-deux-recurrences-le-meme-jour\/#primaryimage"},"thumbnailUrl":"https:\/\/blog.holyart.it\/fr\/wp-content\/uploads\/sites\/14\/2024\/12\/giornata-mondiale-della-pace.jpg","datePublished":"2024-12-30T09:00:58+00:00","description":"Le 1er janvier on c\u00e9l\u00e8bre la Journ\u00e9e Mondiale de la Paix, d\u00e9di\u00e9e dans le 2024 \u00e0 l\u2019intelligence artificielle et \u00e0 son impact \u00e9thique.","breadcrumb":{"@id":"https:\/\/blog.holyart.it\/fr\/occasions-speciales\/journee-mondiale-de-la-paix-et-de-la-sainte-mere-de-dieu-deux-recurrences-le-meme-jour\/#breadcrumb"},"inLanguage":"fr-FR","potentialAction":[{"@type":"ReadAction","target":["https:\/\/blog.holyart.it\/fr\/occasions-speciales\/journee-mondiale-de-la-paix-et-de-la-sainte-mere-de-dieu-deux-recurrences-le-meme-jour\/"]}]},{"@type":"ImageObject","inLanguage":"fr-FR","@id":"https:\/\/blog.holyart.it\/fr\/occasions-speciales\/journee-mondiale-de-la-paix-et-de-la-sainte-mere-de-dieu-deux-recurrences-le-meme-jour\/#primaryimage","url":"https:\/\/blog.holyart.it\/fr\/wp-content\/uploads\/sites\/14\/2024\/12\/giornata-mondiale-della-pace.jpg","contentUrl":"https:\/\/blog.holyart.it\/fr\/wp-content\/uploads\/sites\/14\/2024\/12\/giornata-mondiale-della-pace.jpg","width":1000,"height":666,"caption":"journee mondiale de la Paix"},{"@type":"BreadcrumbList","@id":"https:\/\/blog.holyart.it\/fr\/occasions-speciales\/journee-mondiale-de-la-paix-et-de-la-sainte-mere-de-dieu-deux-recurrences-le-meme-jour\/#breadcrumb","itemListElement":[{"@type":"ListItem","position":1,"name":"Homepage","item":"https:\/\/blog.holyart.it\/fr\/"},{"@type":"ListItem","position":2,"name":"Occasions sp\u00e9ciales","item":"https:\/\/blog.holyart.it\/fr\/occasions-speciales\/"},{"@type":"ListItem","position":3,"name":"Journ\u00e9e Mondiale de la Paix et de la Sainte M\u00e8re de Dieu : deux r\u00e9currences le m\u00eame jour"}]},{"@type":"WebSite","@id":"https:\/\/blog.holyart.it\/fr\/#website","url":"https:\/\/blog.holyart.it\/fr\/","name":"Holyart.fr Blog","description":"Holyblog","publisher":{"@id":"https:\/\/blog.holyart.it\/fr\/#organization"},"potentialAction":[{"@type":"SearchAction","target":{"@type":"EntryPoint","urlTemplate":"https:\/\/blog.holyart.it\/fr\/?s={search_term_string}"},"query-input":{"@type":"PropertyValueSpecification","valueRequired":true,"valueName":"search_term_string"}}],"inLanguage":"fr-FR"},{"@type":"Organization","@id":"https:\/\/blog.holyart.it\/fr\/#organization","name":"Holyart.fr Blog","url":"https:\/\/blog.holyart.it\/fr\/","logo":{"@type":"ImageObject","inLanguage":"fr-FR","@id":"https:\/\/blog.holyart.it\/fr\/#\/schema\/logo\/image\/","url":"https:\/\/blog.holyart.it\/fr\/wp-content\/uploads\/sites\/14\/2022\/12\/Holyart_Blog_Logo.jpg","contentUrl":"https:\/\/blog.holyart.it\/fr\/wp-content\/uploads\/sites\/14\/2022\/12\/Holyart_Blog_Logo.jpg","width":300,"height":50,"caption":"Holyart.fr Blog"},"image":{"@id":"https:\/\/blog.holyart.it\/fr\/#\/schema\/logo\/image\/"}},{"@type":"Person","@id":"https:\/\/blog.holyart.it\/fr\/#\/schema\/person\/0a7b686e5af0f856ec1e390dd0baecda","name":"Redazione","image":{"@type":"ImageObject","inLanguage":"fr-FR","@id":"https:\/\/blog.holyart.it\/fr\/#\/schema\/person\/image\/","url":"https:\/\/secure.gravatar.com\/avatar\/f477da817f43e50d0af36abecd33e3edf826c68299714bdc1057dff3b113f516?s=96&d=mm&r=g","contentUrl":"https:\/\/secure.gravatar.com\/avatar\/f477da817f43e50d0af36abecd33e3edf826c68299714bdc1057dff3b113f516?s=96&d=mm&r=g","caption":"Redazione"},"url":"https:\/\/blog.holyart.it\/fr\/author\/admin\/"}]}},"_links":{"self":[{"href":"https:\/\/blog.holyart.it\/fr\/wp-json\/wp\/v2\/posts\/9392","targetHints":{"allow":["GET"]}}],"collection":[{"href":"https:\/\/blog.holyart.it\/fr\/wp-json\/wp\/v2\/posts"}],"about":[{"href":"https:\/\/blog.holyart.it\/fr\/wp-json\/wp\/v2\/types\/post"}],"author":[{"embeddable":true,"href":"https:\/\/blog.holyart.it\/fr\/wp-json\/wp\/v2\/users\/1"}],"replies":[{"embeddable":true,"href":"https:\/\/blog.holyart.it\/fr\/wp-json\/wp\/v2\/comments?post=9392"}],"version-history":[{"count":6,"href":"https:\/\/blog.holyart.it\/fr\/wp-json\/wp\/v2\/posts\/9392\/revisions"}],"predecessor-version":[{"id":9398,"href":"https:\/\/blog.holyart.it\/fr\/wp-json\/wp\/v2\/posts\/9392\/revisions\/9398"}],"wp:featuredmedia":[{"embeddable":true,"href":"https:\/\/blog.holyart.it\/fr\/wp-json\/wp\/v2\/media\/9399"}],"wp:attachment":[{"href":"https:\/\/blog.holyart.it\/fr\/wp-json\/wp\/v2\/media?parent=9392"}],"wp:term":[{"taxonomy":"category","embeddable":true,"href":"https:\/\/blog.holyart.it\/fr\/wp-json\/wp\/v2\/categories?post=9392"},{"taxonomy":"post_tag","embeddable":true,"href":"https:\/\/blog.holyart.it\/fr\/wp-json\/wp\/v2\/tags?post=9392"}],"curies":[{"name":"wp","href":"https:\/\/api.w.org\/{rel}","templated":true}]}}