{"id":9380,"date":"2024-12-25T10:00:51","date_gmt":"2024-12-25T09:00:51","guid":{"rendered":"https:\/\/blog.holyart.it\/fr\/?p=9380"},"modified":"2025-12-22T10:46:07","modified_gmt":"2025-12-22T09:46:07","slug":"messe-de-noel-toutes-les-curiosites-a-propos-du-rite","status":"publish","type":"post","link":"https:\/\/blog.holyart.it\/fr\/noel\/messe-de-noel-toutes-les-curiosites-a-propos-du-rite\/","title":{"rendered":"Messe de No\u00ebl : toutes les curiosit\u00e9s \u00e0 propos du rite"},"content":{"rendered":"<h4><em>La Messe de No\u00ebl est une tradition ancienne, qui puise ses racines dans les Saintes \u00c9critures, mais aussi dans les anciennes f\u00eates pa\u00efennes. Voici ce qu\u2019elle symbolise et comment elle se d\u00e9roule.<\/em><\/h4>\n\n<p>Une des traditions les plus connues associ\u00e9es \u00e0 No\u00ebl est la <strong>Messe de No\u00ebl<\/strong>. Cette c\u00e9l\u00e9bration liturgique sp\u00e9ciale se d\u00e9roule traditionnellement la nuit entre le 24 d\u00e9cembre, le R\u00e9veillon de No\u00ebl, et le 25 d\u00e9cembre. Puisque, par convention, elle est g\u00e9n\u00e9ralement c\u00e9l\u00e9br\u00e9e \u00e0 minuit ou juste apr\u00e8s, cette c\u00e9r\u00e9monie est \u00e9galement connue comme la <strong>Messe de Minuit<\/strong>, ou <strong>Messe Nocturne<\/strong>, ou encore <strong>Messe de l\u2019Ange<\/strong>.<\/p>\n<p><a href=\"https:\/\/www.holyart.fr\/noel\"><strong>No\u00ebl<\/strong><\/a> est, avec P\u00e2ques, la f\u00eate la plus importante pour les chr\u00e9tiens, car elle c\u00e9l\u00e8bre l\u2019<strong>Incarnation du Verbe de Dieu<\/strong>, le moment o\u00f9 <strong>Dieu s\u2019est fait homme<\/strong> \u00e0 travers J\u00e9sus-Christ. C\u2019est un point fondamental dans la th\u00e9ologie chr\u00e9tienne. La <a href=\"https:\/\/www.holyart.fr\/noel\/nativite\"><strong>naissance de J\u00e9sus<\/strong><\/a>, Sa venue sur terre, marque l\u2019accomplissement de la Promesse, <strong>le d\u00e9but de la R\u00e9demption de l\u2019humanit\u00e9<\/strong>, le premier pas vers le Salut. En ce sens, l\u2019incarnation de J\u00e9sus repr\u00e9sente le <strong>point de contact par excellence entre le divin et l\u2019humain<\/strong>, la Nouvelle Alliance qui trouvera sa pleine cons\u00e9cration dans la C\u00e8ne, dans la mort de Christ sur la Croix et dans Sa r\u00e9surrection. No\u00ebl n\u2019est donc pas seulement la c\u00e9l\u00e9bration de la naissance d\u2019un enfant sp\u00e9cial, mais le d\u00e9but d\u2019un \u00e9v\u00e9nement extraordinaire qui changera le cours de l\u2019histoire et offrira \u00e0 tous les hommes la possibilit\u00e9 d\u2019une relation plus profonde avec Dieu.<\/p>\n<div class=\"link-product\">\n<div class=\"blocco-immagine\"><img loading=\"lazy\" decoding=\"async\" class=\"alignnone size-full wp-image-9383\" src=\"https:\/\/blog.holyart.it\/fr\/wp-content\/uploads\/sites\/14\/2024\/12\/Nativite-60-cm-resine-peinte-1.jpg\" alt=\"Nativit\u00e9 60 cm r\u00e9sine peinte\" width=\"100\" height=\"100\" data-kale-share-title=\"Messe de No\u00ebl : toutes les curiosit\u00e9s \u00e0 propos du rite\" data-kale-share-url=\"https:\/\/blog.holyart.it\/fr\/?p=9380\" \/><\/div>\n<div class=\"blocco-contenuto\">\n<div class=\"blocco-acquista\">Acheter sur Holyart:<\/div>\n<div class=\"blocco-titolo\"><a href=\"https:\/\/www.holyart.fr\/noel\/nativite?page=1&amp;_gl=1*12afrcu*_gcl_aw*R0NMLjE3MzM0MDg3MzIuQ2owS0NRaUF1OFc2QmhDLUFSSXNBQ0VRb0RDWEdmR1hiclc4SjhZajBQT25SSTdvOGVuMGl1TFRWMFBSb0dSS1BGMEcteXBtb28zQ3BFOGFBcGZxRUFMd193Y0I.*_gcl_au*MTg5NTg5Mjc0NC4xNzMzNzQzNDk5\">Nativit\u00e9 <\/a><\/div>\n<div class=\"blocco-descrizione\">Dans cette cat\u00e9gorie, vous trouverez divers types de nativit\u00e9s, des pi\u00e8ces originales et fabriqu\u00e9es seulement en Italie.<\/div>\n<\/div>\n<\/div>\n<h2>Pourquoi f\u00eate-on No\u00ebl le 25 d\u00e9cembre ?<\/h2>\n<p>Du moment que la date pr\u00e9cise de la naissance de J\u00e9sus fait encore l\u2019objet de d\u00e9bats parmi les experts, le <strong>25 d\u00e9cembre<\/strong> a \u00e9t\u00e9 choisi comme date de c\u00e9l\u00e9bration de No\u00ebl pour une combinaison de raisons historiques, th\u00e9ologiques et symboliques. A l\u2019\u00e9poque romaine, le 25 d\u00e9cembre, on c\u00e9l\u00e9brait la <strong>f\u00eate pa\u00efenne du solstice d\u2019hiver<\/strong>, la p\u00e9riode la plus sombre de l\u2019ann\u00e9e, car le soleil se l\u00e8ve tard et se couche t\u00f4t, connue comme <strong><em>Natalis Solis Invicti<\/em><\/strong>, <em>Naissance du nouveau soleil<\/em>, et d\u00e9di\u00e9e \u00e0 la naissance du Dieu Soleil Mitre. Il est in\u00e9vitable d\u2019imaginer comment, avec l\u2019av\u00e8nement du Christianisme, on a voulu fait co\u00efncider la figure de J\u00e9sus, Lumi\u00e8re du monde, avec le Nouveau Soleil, en conf\u00e9rant une signification nouvelle au rite pa\u00efen et en transformant l\u2019ancienne tradition en <strong><u>c\u00e9l\u00e9bration de la Nativit\u00e9<\/u><\/strong>.<\/p>\n<p>Toujours \u00e0 l\u2019\u00e9poque romaine, entre le 17 et le 23 d\u00e9cembre, on c\u00e9l\u00e9brait les <strong>Saturnales<\/strong>, f\u00eates pa\u00efennes en l\u2019honneur de Saturne, dieu des champs et de la moisson. Puisqu\u2019en cette p\u00e9riode le travail dans les champs \u00e9tait interrompu, les paysans pouvaient se reposer et profiter du temps libre pour participer \u00e0 des banquets publics et pour rendre visite \u00e0 famille et amis. En cette occasion, on \u00e9changeait \u00e9galement des dons, et m\u00eame les esclaves jouissaient de plus grande libert\u00e9, au point que, dans certains cas, on leur conc\u00e9dait de s\u2019assoir \u00e0 la table de leurs ma\u00eetres, dans une c\u00e9l\u00e9bration de <strong>g\u00e9n\u00e9rosit\u00e9 et de partage<\/strong>.<\/p>\n<p>F\u00eate de la lumi\u00e8re, donc, et de la bont\u00e9, tous des \u00e9l\u00e9ments que nous retrouvons encore aujourd\u2019hui dans la tradition de la No\u00ebl du Seigneur.<\/p>\n<h2>La Messe de Minuit<\/h2>\n<p>La Messe de Minuit, c\u00e9l\u00e9bration de la lumi\u00e8re dans le coeur de la nuit, se relie \u00e0 cette signification spirituelle particuli\u00e8re de No\u00ebl pour les Chr\u00e9tiens du monde entier. Ce <strong>passage des t\u00e9n\u00e8bres \u00e0 la lumi\u00e8re<\/strong> est repr\u00e9sent\u00e9 aussi de mani\u00e8re concr\u00e8te dans de nombreuses \u00e9glises, o\u00f9 on attend minuit pour allumer les lumi\u00e8res, exactement quand l\u2019<a href=\"https:\/\/www.holyart.fr\/noel\/statues-enfant-jesus\/statue-enfant-jesus-39-5-cm-en-resine\"><strong>Enfant<\/strong><\/a> est d\u00e9pos\u00e9 dans la mangeoire et a lieu la Procession solennelle qui c\u00e9l\u00e8bre Sa naissance.<\/p>\n<div class=\"link-product\">\n<div class=\"blocco-immagine\"><img loading=\"lazy\" decoding=\"async\" class=\"alignnone size-full wp-image-9385\" src=\"https:\/\/blog.holyart.it\/fr\/wp-content\/uploads\/sites\/14\/2024\/12\/Statue-Enfant-Jesus-395-cm-en-resine.jpg\" alt=\"Statue Enfant J\u00e9sus 39,5 cm en r\u00e9sine\" width=\"100\" height=\"100\" data-kale-share-title=\"Messe de No\u00ebl : toutes les curiosit\u00e9s \u00e0 propos du rite\" data-kale-share-url=\"https:\/\/blog.holyart.it\/fr\/?p=9380\" \/><\/div>\n<div class=\"blocco-contenuto\">\n<div class=\"blocco-acquista\">Acheter sur Holyart:<\/div>\n<div class=\"blocco-titolo\"><a href=\"https:\/\/www.holyart.fr\/noel\/statues-enfant-jesus\/statue-enfant-jesus-39-5-cm-en-resine?_gl=1*316g2x*_gcl_aw*R0NMLjE3MzM0MDg3MzIuQ2owS0NRaUF1OFc2QmhDLUFSSXNBQ0VRb0RDWEdmR1hiclc4SjhZajBQT25SSTdvOGVuMGl1TFRWMFBSb0dSS1BGMEcteXBtb28zQ3BFOGFBcGZxRUFMd193Y0I.*_gcl_au*MTg5NTg5Mjc0NC4xNzMzNzQzNDk5\">Statue Enfant J\u00e9sus 39,5 cm en r\u00e9sine<\/a><\/div>\n<div class=\"blocco-descrizione\">Santon de l&rsquo;Enfant J\u00e9sus en r\u00e9sine pour cr\u00e8che de No\u00ebl.<\/div>\n<\/div>\n<\/div>\n<p>La structure de cette Messe de la nuit de No\u00ebl suit le rite de la Messe chr\u00e9tienne et pr\u00e9sente diff\u00e9rentes parties qui sont typiques d\u2019une c\u00e9l\u00e9bration liturgique. Voici comment se compose g\u00e9n\u00e9ralement la liturgie de No\u00ebl.<\/p>\n<p><strong>Rites d\u2019Entr\u00e9e :<\/strong>\u00a0La Messe commence avec les rites d\u2019entr\u00e9e, qui incluent l\u2019entr\u00e9e du pr\u00eatre, des ministres et des fid\u00e8les dans l\u2019\u00e9glise. Souvent, une procession solennelle a lieu. G\u00e9n\u00e9ralement, pendant ce moment, on chante des hymnes de No\u00ebl appropri\u00e9s et l\u2019assembl\u00e9e chante avec joie pour c\u00e9l\u00e9brer la venue de J\u00e9sus.<\/p>\n<p><strong>Acte P\u00e9nitentiel :<\/strong>\u00a0Cette partie de la Messe offre un moment de r\u00e9flexion et de repentance pour les p\u00e9ch\u00e9s commis. Les fid\u00e8les se confessent et demandent pardon \u00e0 Dieu.<\/p>\n<p><strong>Liturgie de la Parole :\u00a0<\/strong>Pendant cette phase, on lit des passages des Saintes \u00c9critures et de l\u2019\u00c9vangile de No\u00ebl, en particulier les passages \u00e9vang\u00e9liques qui racontent la naissance de J\u00e9sus \u00e0 Bethl\u00e9em. Souvent, on lit des extraits de l\u2019\u00c9vangile de Luc sur le r\u00e9cit traditionnel de la naissance de J\u00e9sus et sur l\u2019annonce des anges aux bergers. Ces passages bibliques sont suivis par une hom\u00e9lie ou un sermon du pr\u00eatre, qui offre des r\u00e9flexions et des enseignements sur la naissance de Christ et sa signification.<\/p>\n<p><strong>Credo :\u00a0<\/strong>Pendant la Messe de Minuit, les fid\u00e8les r\u00e9citent ou chantent le Credo de Nic\u00e9e-Constantinople qui expose les doctrines fondamentales du Christianisme.<\/p>\n<p><strong>Pri\u00e8re Universelle :<\/strong>\u00a0Les fid\u00e8les prient pour les exigences du monde, de l\u2019\u00c9glise et des personnes n\u00e9cessiteuses. Celle-ci est une pri\u00e8re d\u2019intercession qui couvre une s\u00e9rie d\u2019intentions.<\/p>\n<p><strong>Liturgie Eucharistique :<\/strong>\u00a0C\u2019est la partie centrale de la Messe, o\u00f9 a lieu la <a href=\"https:\/\/www.holyart.fr\/produits-de-consommation\"><strong>cons\u00e9cration du pain et du vin<\/strong><\/a>, qui deviennent le Corps et le Sang de Christ selon la foi catholique. Pendant cette phase, les fid\u00e8les participent \u00e0 l\u2019Eucharistie, en recevant la Communion. Toutefois, pendant la messe de No\u00ebl, l\u2019Eucharistie n\u2019est pas toujours incluse.<\/p>\n<p><strong>Rites de Conclusion :<\/strong> La Messe de Minuit se conclut avec les rites finaux, qui incluent la b\u00e9n\u00e9diction finale et la r\u00e9citation de l\u2019hymne <strong><em>Gloria in excelsis Deo<\/em><\/strong>, qui proclame la gloire de Dieu et l\u2019annonce de la naissance de J\u00e9sus.<\/p>\n<p><strong>Chant de No\u00ebl Final :<\/strong> La Messe de Minuit se conclut souvent avec un joyeux chant de No\u00ebl, qui exprime joie et c\u00e9l\u00e9bration pour la naissance de J\u00e9sus.<\/p>\n<h3>Pourquoi c\u00e9l\u00e8bre-t-on la messe de No\u00ebl \u00e0 minuit ?<\/h3>\n<p>Il existe des r\u00e9f\u00e9rences dans les <a href=\"https:\/\/www.holyart.fr\/articles-religieux\/livres-sacres\"><strong>Saintes \u00c9critures<\/strong><\/a> qui justifient le choix de minuit comme horaire pour c\u00e9l\u00e9brer la <a href=\"https:\/\/www.holyart.fr\/accessoires-pour-la-liturgie\/vetements-liturgiques-et-linges-dautel\/chasubles\/chasuble-liturgique-broderie-doree\"><strong>Sainte Messe de No\u00ebl<\/strong><\/a>. Dans l\u2019\u00c9vangile de Luc, on lit : \u00ab\u00a0<em>Il y avait, dans cette m\u00eame contr\u00e9e, des bergers qui passaient dans les champs les veilles de la nuit pour garder leurs troupeaux\u00a0<\/em>\u00bb (Luc 2,8). On ne sp\u00e9cifie pas qu\u2019il \u00e9tait minuit, mais un moment au c\u0153ur de la nuit.<\/p>\n<p>Dans le Livre de la Sagesse, on lit\u00a0: \u00ab\u00a0<em>Un silence paisible enveloppait toute chose, et la nuit de la P\u00e2que \u00e9tait au milieu de son cours rapide\u00a0; alors, du haut du ciel, venant de ton tr\u00f4ne royal, Seigneur, ta Parole toute-puissante fondit en plein milieu de ce pays de d\u00e9tresse, comme un guerrier impitoyable, portant l\u2019\u00e9p\u00e9e tranchante de ton d\u00e9cret inflexible<\/em>\u00a0\u00bb (Sagesse 18, 14-16).<\/p>\n<div class=\"link-product\">\n<div class=\"blocco-immagine\"><img loading=\"lazy\" decoding=\"async\" class=\"alignnone size-full wp-image-9387\" src=\"https:\/\/blog.holyart.it\/fr\/wp-content\/uploads\/sites\/14\/2024\/12\/Chasuble-liturgique-broderie-doree.jpg\" alt=\"Chasuble liturgique broderie dor\u00e9e \" width=\"100\" height=\"100\" data-kale-share-title=\"Messe de No\u00ebl : toutes les curiosit\u00e9s \u00e0 propos du rite\" data-kale-share-url=\"https:\/\/blog.holyart.it\/fr\/?p=9380\" \/><\/div>\n<div class=\"blocco-contenuto\">\n<div class=\"blocco-acquista\">Acheter sur Holyart:<\/div>\n<div class=\"blocco-titolo\"><a href=\"https:\/\/www.holyart.fr\/accessoires-pour-la-liturgie\/vetements-liturgiques-et-linges-dautel\/chasubles\/chasuble-liturgique-broderie-doree\">Chasuble liturgique broderie dor\u00e9e <\/a><\/div>\n<div class=\"blocco-descrizione\">Chasuble liturgique en tissu de polyester. Chasuble brod\u00e9e devant et derriere avec motif dor\u00e9.<\/div>\n<\/div>\n<\/div>\n<p>En r\u00e9alit\u00e9, <strong>le choix de minuit est symbolique<\/strong>, repr\u00e9sentant la transition de la nuit au jour, des t\u00e9n\u00e8bres \u00e0 la lumi\u00e8re, incarn\u00e9e par la venue de J\u00e9sus.<\/p>\n<p>La Messe de No\u00ebl n\u2019est pas constitu\u00e9e d\u2019une seule c\u00e9l\u00e9bration, mais de quatre c\u00e9l\u00e9brations liturgiques importantes qui commencent avec les <strong>V\u00eapres du 24 d\u00e9cembre<\/strong> et se terminent avec la <strong>Messe <em>in Die<\/em> du 25 d\u00e9cembre<\/strong>. Les quatre c\u00e9l\u00e9brations principales de la Messe de No\u00ebl sont\u00a0:<\/p>\n<ul>\n<li><strong>La Messe de la Vigile :<\/strong> Cette Messe se d\u00e9roule le soir du 24 d\u00e9cembre et marque le d\u00e9but des c\u00e9l\u00e9brations de No\u00ebl. Les fid\u00e8les se r\u00e9unissent pour anticiper la naissance de J\u00e9sus et r\u00e9fl\u00e9chir sur la signification spirituelle de cet \u00e9v\u00e9nement.<\/li>\n<li><strong>La Messe\u00a0<em>Ad Noctem<\/em>\u00a0(de la Nuit) <\/strong>: La Messe de Minuit est probablement la plus iconique parmi les c\u00e9l\u00e9brations de No\u00ebl et se tient peu apr\u00e8s minuit, en symbolisant la venue de <strong>J\u00e9sus comme lumi\u00e8re du monde<\/strong> dans la nuit la plus longue de l\u2019ann\u00e9e.<\/li>\n<li><strong>La Messe de l\u2019Aurore <\/strong>: Cette Messe se c\u00e9l\u00e8bre \u00e0 l\u2019aube du 25 d\u00e9cembre, en repr\u00e9sentant le lever de la <strong>lumi\u00e8re de justice<\/strong> et l\u2019esp\u00e9rance que J\u00e9sus apporte dans le monde.<\/li>\n<li><strong>La Messe\u00a0<em>in Die<\/em>\u00a0(du Jour) <\/strong>: C\u2019est la Messe principale du jour de No\u00ebl et se d\u00e9roule le 25 d\u00e9cembre. Elle repr\u00e9sente la <strong>c\u00e9l\u00e9bration officielle de la naissance de J\u00e9sus-Christ<\/strong>.<\/li>\n<\/ul>\n<h3>Depuis quand c\u00e9l\u00e8bre-t-on la messe de Minuit \u00e0 No\u00ebl\u00a0?<\/h3>\n<p>La pratique de la <strong>Veill\u00e9e de No\u00ebl<\/strong>, connue \u00e9galement comme Messe de Minuit, commen\u00e7a en Orient et fut observ\u00e9e pour la premi\u00e8re fois \u00e0 la fin du IVe si\u00e8cle \u00e0 J\u00e9rusalem. Elle fut ensuite introduite en Occident en 430 apr. J.-C. par Pape Sixte III, dans la Basilique de Sainte-Marie-Majeure, et au XIIe si\u00e8cle elle s\u2019\u00e9tait d\u00e9j\u00e0 amplement r\u00e9pandue. \u00c0 cette \u00e9poque-l\u00e0, on permettait aux pr\u00eatres de c\u00e9l\u00e9brer <strong>trois messes le jour de No\u00ebl<\/strong> \u00e0 des horaires appropri\u00e9s\u00a0: la <strong>Messe Nocturne<\/strong>, c\u00e9l\u00e9br\u00e9e \u00e0 minuit, pour f\u00eater la naissance de la lumi\u00e8re au milieu des t\u00e9n\u00e8bres\u00a0; la <strong>Messe de l\u2019Aurore<\/strong>, qui c\u00e9l\u00e9brait J\u00e9sus comme le Nouveau Soleil, esp\u00e9rance et r\u00e9demption du monde\u00a0; la <strong>Messe du Jour<\/strong>, comm\u00e9moration de la naissance de J\u00e9sus et du salut.<\/p>\n<h2>Quand J\u00e9sus est-il n\u00e9\u00a0?<\/h2>\n<p>La date exacte de la naissance de J\u00e9sus-Christ n<strong>\u2019est pas sp\u00e9cifi\u00e9e dans la Bible<\/strong> et reste objet de d\u00e9bat parmi les experts et les historiens. La tradition chr\u00e9tienne a fix\u00e9 le <strong>25 d\u00e9cembre<\/strong> comme date de la f\u00eate de No\u00ebl, mais ce choix n\u2019est pas bas\u00e9 sur des preuves historiques directes ou pr\u00e9cises.<\/p>\n<p>Le choix du 25 d\u00e9cembre pourrait avoir \u00e9t\u00e9 influenc\u00e9 par diff\u00e9rentes consid\u00e9rations, parmi lesquelles le souhait de superposer la c\u00e9l\u00e9bration de No\u00ebl aux <strong>festivit\u00e9s pa\u00efennes hivernales<\/strong>, comme le solstice d\u2019hiver, afin de promouvoir la conversion au Christianisme au sein des populations pa\u00efennes de l\u2019\u00e9poque. En outre, le terme <strong><em>Natalis<\/em><\/strong> \u00e9tait utilis\u00e9 dans l\u2019ancien calendrier romain pour de nombreuses festivit\u00e9s, parmi lesquelles le <em>Natalis<\/em> <em>Invicti<\/em> qui c\u00e9l\u00e9brait le solstice d\u2019hiver.<\/p>\n<p>L\u2019institution formelle de la <a href=\"https:\/\/www.holyart.fr\/blog\/articles-religieux\/kalenda-de-noel-quest-ce-que-cest-et-quand-se-passe-t-il\/\"><strong><u>f\u00eate liturgique de No\u00ebl<\/u><\/strong><\/a>, o\u00f9 on c\u00e9l\u00e8bre la naissance de J\u00e9sus-Christ, le 25 d\u00e9cembre est document\u00e9e \u00e0 Rome \u00e0 partir du 336 apr. J.-C., comme le montre le <strong>Chronographe<\/strong> r\u00e9dig\u00e9 en 353 apr. J.-C. par le calligraphe romain Furius Dionysius Filocalus. Cette date fut choisie afin de comm\u00e9morer la naissance de J\u00e9sus, mais son origine historique sp\u00e9cifique demeure sujet \u00e0 d\u00e9bat.<\/p>\n<div class=\"link-article\">\n<p><img loading=\"lazy\" decoding=\"async\" class=\"alignnone size-full wp-image-9389\" src=\"https:\/\/blog.holyart.it\/fr\/wp-content\/uploads\/sites\/14\/2024\/12\/Kalenda-de-Noel.jpg\" alt=\"Kalenda de No\u00ebl\" width=\"150\" height=\"99\" data-kale-share-title=\"Messe de No\u00ebl : toutes les curiosit\u00e9s \u00e0 propos du rite\" data-kale-share-url=\"https:\/\/blog.holyart.it\/fr\/?p=9380\" \/><\/p>\n<div class=\"leggi-anche\">Lire aussi :<\/div>\n<p><strong><a href=\"https:\/\/www.holyart.fr\/blog\/articles-religieux\/kalenda-de-noel-quest-ce-que-cest-et-quand-se-passe-t-il\/\">Kalenda de No\u00ebl: qu\u2019est-ce que c\u2019est et quand se passe-t-il<\/a><\/strong><br \/>\nLa messe de No\u00ebl est un de moments les plus importants de l\u2019ann\u00e9e pour la spiritualit\u00e9 de chaque chr\u00e9tien.<\/p>\n<\/div>\n<p>Les textes des <strong>\u00c9vangiles de Matthieu et de Luc<\/strong> concordent sur certains \u00e9v\u00e9nements centraux concernant la naissance de J\u00e9sus\u00a0: sa naissance \u00e0 Bethl\u00e9em (comme pr\u00e9vu dans Mich\u00e9e 5\u00a0:1) et la conception de la part d\u2019une vierge (comme annonc\u00e9 dans \u00c9sa\u00efe 7\u00a0:14) \u00e0 travers l\u2019\u0153uvre du Saint-Esprit. Mais on ne mentionne pas de dates.<\/p>\n<p>La traditionnelle datation au 1 av. J.-C. pourrait avoir \u00e9t\u00e9 influenc\u00e9e par une erreur commise au VIe si\u00e8cle par le moine Denys le Petit. La plupart des \u00e9rudits place actuellement la naissance de J\u00e9sus <strong>entre le 7 et le 6 av. J.-C.<\/strong> \u00e0 partir des donn\u00e9es historiques et de calcules bas\u00e9s sur les informations contenues dans les \u00c9vangiles et dans les sources historiques de l\u2019\u00e9poque.<\/p>\n<p>En r\u00e9sum\u00e9, la date du 25 d\u00e9cembre pour No\u00ebl et les narrations \u00e9vang\u00e9liques sur la naissance de J\u00e9sus sont des th\u00e8mes complexes et fascinants qui ont g\u00e9n\u00e9r\u00e9 de nombreuses discussions et recherches au cours des si\u00e8cles. La centralit\u00e9 de cette f\u00eate pour les chr\u00e9tiens, toutefois, va au-del\u00e0 des questions historiques, en refl\u00e9tant la signification spirituelle de la naissance de J\u00e9sus en tant que R\u00e9dempteur du monde.<\/p>\n","protected":false},"excerpt":{"rendered":"<p>La Messe de No\u00ebl est une tradition ancienne, qui puise ses racines dans les Saintes \u00c9critures, mais aussi dans les anciennes f\u00eates pa\u00efennes. Voici ce qu\u2019elle symbolise et comment elle se d\u00e9roule. Une des traditions les plus connues associ\u00e9es \u00e0 No\u00ebl est la Messe de&hellip;<\/p>\n","protected":false},"author":1,"featured_media":9381,"comment_status":"closed","ping_status":"open","sticky":false,"template":"","format":"standard","meta":{"_acf_changed":false,"footnotes":""},"categories":[10],"tags":[],"class_list":["post-9380","post","type-post","status-publish","format-standard","has-post-thumbnail","hentry","category-noel"],"acf":[],"yoast_head":"<!-- This site is optimized with the Yoast SEO plugin v26.6 - https:\/\/yoast.com\/wordpress\/plugins\/seo\/ -->\n<title>Messe de No\u00ebl : toutes les curiosit\u00e9s \u00e0 propos du rite - Holyart.fr Blog<\/title>\n<meta name=\"description\" content=\"Entre tradition, histoire et signification spirituelle, la Messe de No\u00ebl reste un des moments les plus importants du calendrier liturgique chr\u00e9tien. Voici pourquoi.\" \/>\n<meta name=\"robots\" content=\"index, follow, max-snippet:-1, max-image-preview:large, max-video-preview:-1\" \/>\n<link rel=\"canonical\" href=\"https:\/\/blog.holyart.it\/fr\/noel\/messe-de-noel-toutes-les-curiosites-a-propos-du-rite\/\" \/>\n<meta property=\"og:locale\" content=\"fr_FR\" \/>\n<meta property=\"og:type\" content=\"article\" \/>\n<meta property=\"og:title\" content=\"Messe de No\u00ebl : toutes les curiosit\u00e9s \u00e0 propos du rite - Holyart.fr Blog\" \/>\n<meta property=\"og:description\" content=\"Entre tradition, histoire et signification spirituelle, la Messe de No\u00ebl reste un des moments les plus importants du calendrier liturgique chr\u00e9tien. Voici pourquoi.\" \/>\n<meta property=\"og:url\" content=\"https:\/\/blog.holyart.it\/fr\/noel\/messe-de-noel-toutes-les-curiosites-a-propos-du-rite\/\" \/>\n<meta property=\"og:site_name\" content=\"Holyart.fr Blog\" \/>\n<meta property=\"article:published_time\" content=\"2024-12-25T09:00:51+00:00\" \/>\n<meta property=\"article:modified_time\" content=\"2025-12-22T09:46:07+00:00\" \/>\n<meta property=\"og:image\" content=\"https:\/\/blog.holyart.it\/fr\/wp-content\/uploads\/sites\/14\/2024\/12\/Messe-de-Noel.jpg\" \/>\n\t<meta property=\"og:image:width\" content=\"1000\" \/>\n\t<meta property=\"og:image:height\" content=\"666\" \/>\n\t<meta property=\"og:image:type\" content=\"image\/jpeg\" \/>\n<meta name=\"author\" content=\"Redazione\" \/>\n<meta name=\"twitter:card\" content=\"summary_large_image\" \/>\n<meta name=\"twitter:label1\" content=\"\u00c9crit par\" \/>\n\t<meta name=\"twitter:data1\" content=\"Redazione\" \/>\n\t<meta name=\"twitter:label2\" content=\"Dur\u00e9e de lecture estim\u00e9e\" \/>\n\t<meta name=\"twitter:data2\" content=\"11 minutes\" \/>\n<script type=\"application\/ld+json\" class=\"yoast-schema-graph\">{\"@context\":\"https:\/\/schema.org\",\"@graph\":[{\"@type\":\"Article\",\"@id\":\"https:\/\/blog.holyart.it\/fr\/noel\/messe-de-noel-toutes-les-curiosites-a-propos-du-rite\/#article\",\"isPartOf\":{\"@id\":\"https:\/\/blog.holyart.it\/fr\/noel\/messe-de-noel-toutes-les-curiosites-a-propos-du-rite\/\"},\"author\":{\"name\":\"Redazione\",\"@id\":\"https:\/\/blog.holyart.it\/fr\/#\/schema\/person\/0a7b686e5af0f856ec1e390dd0baecda\"},\"headline\":\"Messe de No\u00ebl : toutes les curiosit\u00e9s \u00e0 propos du rite\",\"datePublished\":\"2024-12-25T09:00:51+00:00\",\"dateModified\":\"2025-12-22T09:46:07+00:00\",\"mainEntityOfPage\":{\"@id\":\"https:\/\/blog.holyart.it\/fr\/noel\/messe-de-noel-toutes-les-curiosites-a-propos-du-rite\/\"},\"wordCount\":2285,\"publisher\":{\"@id\":\"https:\/\/blog.holyart.it\/fr\/#organization\"},\"image\":{\"@id\":\"https:\/\/blog.holyart.it\/fr\/noel\/messe-de-noel-toutes-les-curiosites-a-propos-du-rite\/#primaryimage\"},\"thumbnailUrl\":\"https:\/\/blog.holyart.it\/fr\/wp-content\/uploads\/sites\/14\/2024\/12\/Messe-de-Noel.jpg\",\"articleSection\":[\"No\u00ebl\"],\"inLanguage\":\"fr-FR\"},{\"@type\":\"WebPage\",\"@id\":\"https:\/\/blog.holyart.it\/fr\/noel\/messe-de-noel-toutes-les-curiosites-a-propos-du-rite\/\",\"url\":\"https:\/\/blog.holyart.it\/fr\/noel\/messe-de-noel-toutes-les-curiosites-a-propos-du-rite\/\",\"name\":\"Messe de No\u00ebl : toutes les curiosit\u00e9s \u00e0 propos du rite - Holyart.fr Blog\",\"isPartOf\":{\"@id\":\"https:\/\/blog.holyart.it\/fr\/#website\"},\"primaryImageOfPage\":{\"@id\":\"https:\/\/blog.holyart.it\/fr\/noel\/messe-de-noel-toutes-les-curiosites-a-propos-du-rite\/#primaryimage\"},\"image\":{\"@id\":\"https:\/\/blog.holyart.it\/fr\/noel\/messe-de-noel-toutes-les-curiosites-a-propos-du-rite\/#primaryimage\"},\"thumbnailUrl\":\"https:\/\/blog.holyart.it\/fr\/wp-content\/uploads\/sites\/14\/2024\/12\/Messe-de-Noel.jpg\",\"datePublished\":\"2024-12-25T09:00:51+00:00\",\"dateModified\":\"2025-12-22T09:46:07+00:00\",\"description\":\"Entre tradition, histoire et signification spirituelle, la Messe de No\u00ebl reste un des moments les plus importants du calendrier liturgique chr\u00e9tien. Voici pourquoi.\",\"breadcrumb\":{\"@id\":\"https:\/\/blog.holyart.it\/fr\/noel\/messe-de-noel-toutes-les-curiosites-a-propos-du-rite\/#breadcrumb\"},\"inLanguage\":\"fr-FR\",\"potentialAction\":[{\"@type\":\"ReadAction\",\"target\":[\"https:\/\/blog.holyart.it\/fr\/noel\/messe-de-noel-toutes-les-curiosites-a-propos-du-rite\/\"]}]},{\"@type\":\"ImageObject\",\"inLanguage\":\"fr-FR\",\"@id\":\"https:\/\/blog.holyart.it\/fr\/noel\/messe-de-noel-toutes-les-curiosites-a-propos-du-rite\/#primaryimage\",\"url\":\"https:\/\/blog.holyart.it\/fr\/wp-content\/uploads\/sites\/14\/2024\/12\/Messe-de-Noel.jpg\",\"contentUrl\":\"https:\/\/blog.holyart.it\/fr\/wp-content\/uploads\/sites\/14\/2024\/12\/Messe-de-Noel.jpg\",\"width\":1000,\"height\":666,\"caption\":\"Messe de No\u00ebl\"},{\"@type\":\"BreadcrumbList\",\"@id\":\"https:\/\/blog.holyart.it\/fr\/noel\/messe-de-noel-toutes-les-curiosites-a-propos-du-rite\/#breadcrumb\",\"itemListElement\":[{\"@type\":\"ListItem\",\"position\":1,\"name\":\"Homepage\",\"item\":\"https:\/\/blog.holyart.it\/fr\/\"},{\"@type\":\"ListItem\",\"position\":2,\"name\":\"No\u00ebl\",\"item\":\"https:\/\/blog.holyart.it\/fr\/noel\/\"},{\"@type\":\"ListItem\",\"position\":3,\"name\":\"Messe de No\u00ebl : toutes les curiosit\u00e9s \u00e0 propos du rite\"}]},{\"@type\":\"WebSite\",\"@id\":\"https:\/\/blog.holyart.it\/fr\/#website\",\"url\":\"https:\/\/blog.holyart.it\/fr\/\",\"name\":\"Holyart.fr Blog\",\"description\":\"Holyblog\",\"publisher\":{\"@id\":\"https:\/\/blog.holyart.it\/fr\/#organization\"},\"potentialAction\":[{\"@type\":\"SearchAction\",\"target\":{\"@type\":\"EntryPoint\",\"urlTemplate\":\"https:\/\/blog.holyart.it\/fr\/?s={search_term_string}\"},\"query-input\":{\"@type\":\"PropertyValueSpecification\",\"valueRequired\":true,\"valueName\":\"search_term_string\"}}],\"inLanguage\":\"fr-FR\"},{\"@type\":\"Organization\",\"@id\":\"https:\/\/blog.holyart.it\/fr\/#organization\",\"name\":\"Holyart.fr Blog\",\"url\":\"https:\/\/blog.holyart.it\/fr\/\",\"logo\":{\"@type\":\"ImageObject\",\"inLanguage\":\"fr-FR\",\"@id\":\"https:\/\/blog.holyart.it\/fr\/#\/schema\/logo\/image\/\",\"url\":\"https:\/\/blog.holyart.it\/fr\/wp-content\/uploads\/sites\/14\/2022\/12\/Holyart_Blog_Logo.jpg\",\"contentUrl\":\"https:\/\/blog.holyart.it\/fr\/wp-content\/uploads\/sites\/14\/2022\/12\/Holyart_Blog_Logo.jpg\",\"width\":300,\"height\":50,\"caption\":\"Holyart.fr Blog\"},\"image\":{\"@id\":\"https:\/\/blog.holyart.it\/fr\/#\/schema\/logo\/image\/\"}},{\"@type\":\"Person\",\"@id\":\"https:\/\/blog.holyart.it\/fr\/#\/schema\/person\/0a7b686e5af0f856ec1e390dd0baecda\",\"name\":\"Redazione\",\"image\":{\"@type\":\"ImageObject\",\"inLanguage\":\"fr-FR\",\"@id\":\"https:\/\/blog.holyart.it\/fr\/#\/schema\/person\/image\/\",\"url\":\"https:\/\/secure.gravatar.com\/avatar\/f477da817f43e50d0af36abecd33e3edf826c68299714bdc1057dff3b113f516?s=96&d=mm&r=g\",\"contentUrl\":\"https:\/\/secure.gravatar.com\/avatar\/f477da817f43e50d0af36abecd33e3edf826c68299714bdc1057dff3b113f516?s=96&d=mm&r=g\",\"caption\":\"Redazione\"},\"url\":\"https:\/\/blog.holyart.it\/fr\/author\/admin\/\"}]}<\/script>\n<!-- \/ Yoast SEO plugin. -->","yoast_head_json":{"title":"Messe de No\u00ebl : toutes les curiosit\u00e9s \u00e0 propos du rite - Holyart.fr Blog","description":"Entre tradition, histoire et signification spirituelle, la Messe de No\u00ebl reste un des moments les plus importants du calendrier liturgique chr\u00e9tien. Voici pourquoi.","robots":{"index":"index","follow":"follow","max-snippet":"max-snippet:-1","max-image-preview":"max-image-preview:large","max-video-preview":"max-video-preview:-1"},"canonical":"https:\/\/blog.holyart.it\/fr\/noel\/messe-de-noel-toutes-les-curiosites-a-propos-du-rite\/","og_locale":"fr_FR","og_type":"article","og_title":"Messe de No\u00ebl : toutes les curiosit\u00e9s \u00e0 propos du rite - Holyart.fr Blog","og_description":"Entre tradition, histoire et signification spirituelle, la Messe de No\u00ebl reste un des moments les plus importants du calendrier liturgique chr\u00e9tien. Voici pourquoi.","og_url":"https:\/\/blog.holyart.it\/fr\/noel\/messe-de-noel-toutes-les-curiosites-a-propos-du-rite\/","og_site_name":"Holyart.fr Blog","article_published_time":"2024-12-25T09:00:51+00:00","article_modified_time":"2025-12-22T09:46:07+00:00","og_image":[{"width":1000,"height":666,"url":"https:\/\/blog.holyart.it\/fr\/wp-content\/uploads\/sites\/14\/2024\/12\/Messe-de-Noel.jpg","type":"image\/jpeg"}],"author":"Redazione","twitter_card":"summary_large_image","twitter_misc":{"\u00c9crit par":"Redazione","Dur\u00e9e de lecture estim\u00e9e":"11 minutes"},"schema":{"@context":"https:\/\/schema.org","@graph":[{"@type":"Article","@id":"https:\/\/blog.holyart.it\/fr\/noel\/messe-de-noel-toutes-les-curiosites-a-propos-du-rite\/#article","isPartOf":{"@id":"https:\/\/blog.holyart.it\/fr\/noel\/messe-de-noel-toutes-les-curiosites-a-propos-du-rite\/"},"author":{"name":"Redazione","@id":"https:\/\/blog.holyart.it\/fr\/#\/schema\/person\/0a7b686e5af0f856ec1e390dd0baecda"},"headline":"Messe de No\u00ebl : toutes les curiosit\u00e9s \u00e0 propos du rite","datePublished":"2024-12-25T09:00:51+00:00","dateModified":"2025-12-22T09:46:07+00:00","mainEntityOfPage":{"@id":"https:\/\/blog.holyart.it\/fr\/noel\/messe-de-noel-toutes-les-curiosites-a-propos-du-rite\/"},"wordCount":2285,"publisher":{"@id":"https:\/\/blog.holyart.it\/fr\/#organization"},"image":{"@id":"https:\/\/blog.holyart.it\/fr\/noel\/messe-de-noel-toutes-les-curiosites-a-propos-du-rite\/#primaryimage"},"thumbnailUrl":"https:\/\/blog.holyart.it\/fr\/wp-content\/uploads\/sites\/14\/2024\/12\/Messe-de-Noel.jpg","articleSection":["No\u00ebl"],"inLanguage":"fr-FR"},{"@type":"WebPage","@id":"https:\/\/blog.holyart.it\/fr\/noel\/messe-de-noel-toutes-les-curiosites-a-propos-du-rite\/","url":"https:\/\/blog.holyart.it\/fr\/noel\/messe-de-noel-toutes-les-curiosites-a-propos-du-rite\/","name":"Messe de No\u00ebl : toutes les curiosit\u00e9s \u00e0 propos du rite - Holyart.fr Blog","isPartOf":{"@id":"https:\/\/blog.holyart.it\/fr\/#website"},"primaryImageOfPage":{"@id":"https:\/\/blog.holyart.it\/fr\/noel\/messe-de-noel-toutes-les-curiosites-a-propos-du-rite\/#primaryimage"},"image":{"@id":"https:\/\/blog.holyart.it\/fr\/noel\/messe-de-noel-toutes-les-curiosites-a-propos-du-rite\/#primaryimage"},"thumbnailUrl":"https:\/\/blog.holyart.it\/fr\/wp-content\/uploads\/sites\/14\/2024\/12\/Messe-de-Noel.jpg","datePublished":"2024-12-25T09:00:51+00:00","dateModified":"2025-12-22T09:46:07+00:00","description":"Entre tradition, histoire et signification spirituelle, la Messe de No\u00ebl reste un des moments les plus importants du calendrier liturgique chr\u00e9tien. Voici pourquoi.","breadcrumb":{"@id":"https:\/\/blog.holyart.it\/fr\/noel\/messe-de-noel-toutes-les-curiosites-a-propos-du-rite\/#breadcrumb"},"inLanguage":"fr-FR","potentialAction":[{"@type":"ReadAction","target":["https:\/\/blog.holyart.it\/fr\/noel\/messe-de-noel-toutes-les-curiosites-a-propos-du-rite\/"]}]},{"@type":"ImageObject","inLanguage":"fr-FR","@id":"https:\/\/blog.holyart.it\/fr\/noel\/messe-de-noel-toutes-les-curiosites-a-propos-du-rite\/#primaryimage","url":"https:\/\/blog.holyart.it\/fr\/wp-content\/uploads\/sites\/14\/2024\/12\/Messe-de-Noel.jpg","contentUrl":"https:\/\/blog.holyart.it\/fr\/wp-content\/uploads\/sites\/14\/2024\/12\/Messe-de-Noel.jpg","width":1000,"height":666,"caption":"Messe de No\u00ebl"},{"@type":"BreadcrumbList","@id":"https:\/\/blog.holyart.it\/fr\/noel\/messe-de-noel-toutes-les-curiosites-a-propos-du-rite\/#breadcrumb","itemListElement":[{"@type":"ListItem","position":1,"name":"Homepage","item":"https:\/\/blog.holyart.it\/fr\/"},{"@type":"ListItem","position":2,"name":"No\u00ebl","item":"https:\/\/blog.holyart.it\/fr\/noel\/"},{"@type":"ListItem","position":3,"name":"Messe de No\u00ebl : toutes les curiosit\u00e9s \u00e0 propos du rite"}]},{"@type":"WebSite","@id":"https:\/\/blog.holyart.it\/fr\/#website","url":"https:\/\/blog.holyart.it\/fr\/","name":"Holyart.fr Blog","description":"Holyblog","publisher":{"@id":"https:\/\/blog.holyart.it\/fr\/#organization"},"potentialAction":[{"@type":"SearchAction","target":{"@type":"EntryPoint","urlTemplate":"https:\/\/blog.holyart.it\/fr\/?s={search_term_string}"},"query-input":{"@type":"PropertyValueSpecification","valueRequired":true,"valueName":"search_term_string"}}],"inLanguage":"fr-FR"},{"@type":"Organization","@id":"https:\/\/blog.holyart.it\/fr\/#organization","name":"Holyart.fr Blog","url":"https:\/\/blog.holyart.it\/fr\/","logo":{"@type":"ImageObject","inLanguage":"fr-FR","@id":"https:\/\/blog.holyart.it\/fr\/#\/schema\/logo\/image\/","url":"https:\/\/blog.holyart.it\/fr\/wp-content\/uploads\/sites\/14\/2022\/12\/Holyart_Blog_Logo.jpg","contentUrl":"https:\/\/blog.holyart.it\/fr\/wp-content\/uploads\/sites\/14\/2022\/12\/Holyart_Blog_Logo.jpg","width":300,"height":50,"caption":"Holyart.fr Blog"},"image":{"@id":"https:\/\/blog.holyart.it\/fr\/#\/schema\/logo\/image\/"}},{"@type":"Person","@id":"https:\/\/blog.holyart.it\/fr\/#\/schema\/person\/0a7b686e5af0f856ec1e390dd0baecda","name":"Redazione","image":{"@type":"ImageObject","inLanguage":"fr-FR","@id":"https:\/\/blog.holyart.it\/fr\/#\/schema\/person\/image\/","url":"https:\/\/secure.gravatar.com\/avatar\/f477da817f43e50d0af36abecd33e3edf826c68299714bdc1057dff3b113f516?s=96&d=mm&r=g","contentUrl":"https:\/\/secure.gravatar.com\/avatar\/f477da817f43e50d0af36abecd33e3edf826c68299714bdc1057dff3b113f516?s=96&d=mm&r=g","caption":"Redazione"},"url":"https:\/\/blog.holyart.it\/fr\/author\/admin\/"}]}},"_links":{"self":[{"href":"https:\/\/blog.holyart.it\/fr\/wp-json\/wp\/v2\/posts\/9380","targetHints":{"allow":["GET"]}}],"collection":[{"href":"https:\/\/blog.holyart.it\/fr\/wp-json\/wp\/v2\/posts"}],"about":[{"href":"https:\/\/blog.holyart.it\/fr\/wp-json\/wp\/v2\/types\/post"}],"author":[{"embeddable":true,"href":"https:\/\/blog.holyart.it\/fr\/wp-json\/wp\/v2\/users\/1"}],"replies":[{"embeddable":true,"href":"https:\/\/blog.holyart.it\/fr\/wp-json\/wp\/v2\/comments?post=9380"}],"version-history":[{"count":5,"href":"https:\/\/blog.holyart.it\/fr\/wp-json\/wp\/v2\/posts\/9380\/revisions"}],"predecessor-version":[{"id":9390,"href":"https:\/\/blog.holyart.it\/fr\/wp-json\/wp\/v2\/posts\/9380\/revisions\/9390"}],"wp:featuredmedia":[{"embeddable":true,"href":"https:\/\/blog.holyart.it\/fr\/wp-json\/wp\/v2\/media\/9381"}],"wp:attachment":[{"href":"https:\/\/blog.holyart.it\/fr\/wp-json\/wp\/v2\/media?parent=9380"}],"wp:term":[{"taxonomy":"category","embeddable":true,"href":"https:\/\/blog.holyart.it\/fr\/wp-json\/wp\/v2\/categories?post=9380"},{"taxonomy":"post_tag","embeddable":true,"href":"https:\/\/blog.holyart.it\/fr\/wp-json\/wp\/v2\/tags?post=9380"}],"curies":[{"name":"wp","href":"https:\/\/api.w.org\/{rel}","templated":true}]}}