{"id":9324,"date":"2024-12-18T10:00:57","date_gmt":"2024-12-18T09:00:57","guid":{"rendered":"https:\/\/blog.holyart.it\/fr\/?p=9324"},"modified":"2025-12-11T12:08:37","modified_gmt":"2025-12-11T11:08:37","slug":"la-creche-ou-marie-se-repose-la-nativite-qui-emeut-pape-francois","status":"publish","type":"post","link":"https:\/\/blog.holyart.it\/fr\/noel\/la-creche-ou-marie-se-repose-la-nativite-qui-emeut-pape-francois\/","title":{"rendered":"La Cr\u00e8che o\u00f9 Marie se repose : la Nativit\u00e9 qui \u00e9meut Pape Fran\u00e7ois"},"content":{"rendered":"<h4><em>Dans la Cr\u00e8che, Marie se repose et Saint Joseph veille. Voil\u00e0 la repr\u00e9sentation originale de la Nativit\u00e9 qui a \u00e9mu Pape Fran\u00e7ois et qui nous montre un nouveau visage de la Sainte Famille.<\/em><\/h4>\n<p>Chaque ann\u00e9e, la <a href=\"https:\/\/www.holyart.fr\/noel\/nativite?page=1&amp;_gl=1*z92bll*_gcl_aw*R0NMLjE3MzM0MDg3MzIuQ2owS0NRaUF1OFc2QmhDLUFSSXNBQ0VRb0RDWEdmR1hiclc4SjhZajBQT25SSTdvOGVuMGl1TFRWMFBSb0dSS1BGMEcteXBtb28zQ3BFOGFBcGZxRUFMd193Y0I.*_gcl_au*MTg5NTg5Mjc0NC4xNzMzNzQzNDk5\"><strong>sc\u00e8ne de la Nativit\u00e9<\/strong><\/a> avec Marie qui tient l\u2019Enfant J\u00e9sus \u00e0 bras ou veille tendrement sur lui, allong\u00e9 dans la mangeoire, tandis que Saint Joseph, un peu \u00e0 l\u2019\u00e9cart, veille sur eux deux, nourrit la spiritualit\u00e9 et la d\u00e9votion de millions de personnes dans le monde entier pendant la p\u00e9riode de No\u00ebl et au-del\u00e0. Mais qu\u2019arrive-t-il si dans la Cr\u00e8che Marie se repose et c\u2019est par contre Saint Joseph qui s\u2019occupe du petit J\u00e9sus ?<\/p>\n<div class=\"link-product\">\n<div class=\"blocco-immagine\"><img loading=\"lazy\" decoding=\"async\" class=\"alignnone size-full wp-image-9329\" src=\"https:\/\/blog.holyart.it\/fr\/wp-content\/uploads\/sites\/14\/2024\/12\/Nativite-60-cm-resine-peinte.jpg\" alt=\"Nativit\u00e9 60 cm r\u00e9sine peinte\" width=\"100\" height=\"100\" data-kale-share-title=\"La Cr\u00e8che o\u00f9 Marie se repose : la Nativit\u00e9 qui \u00e9meut Pape Fran\u00e7ois\" data-kale-share-url=\"https:\/\/blog.holyart.it\/fr\/?p=9324\" \/><\/div>\n<div class=\"blocco-contenuto\">\n<div class=\"blocco-acquista\">Acheter sur Holyart:<\/div>\n<div class=\"blocco-titolo\"><a href=\"https:\/\/www.holyart.fr\/noel\/nativite?page=1&amp;_gl=1*1urvxtv*_gcl_aw*R0NMLjE3MzM0MDg3MzIuQ2owS0NRaUF1OFc2QmhDLUFSSXNBQ0VRb0RDWEdmR1hiclc4SjhZajBQT25SSTdvOGVuMGl1TFRWMFBSb0dSS1BGMEcteXBtb28zQ3BFOGFBcGZxRUFMd193Y0I.*_gcl_au*MTg5NTg5Mjc0NC4xNzMzNzQzNDk5\">Nativit\u00e9<\/a><\/div>\n<div class=\"blocco-descrizione\">Nativit\u00e9 compl\u00e8te: en bois, pierre, cotton, porcelaine.<\/div>\n<\/div>\n<\/div>\n<p>Il y a quelques ann\u00e9es, <a href=\"https:\/\/www.holyart.fr\/occasions-speciales\/pape-francois?page=1&amp;_gl=1*jwm0q3*_gcl_aw*R0NMLjE3MzM0MDg3MzIuQ2owS0NRaUF1OFc2QmhDLUFSSXNBQ0VRb0RDWEdmR1hiclc4SjhZajBQT25SSTdvOGVuMGl1TFRWMFBSb0dSS1BGMEcteXBtb28zQ3BFOGFBcGZxRUFMd193Y0I.*_gcl_au*MTg5NTg5Mjc0NC4xNzMzNzQzNDk5\"><strong>Pape Fran\u00e7ois<\/strong><\/a> a racont\u00e9 avoir re\u00e7u comme cadeau d\u2019anniversaire une reproduction originale de la Nativit\u00e9 d\u00e9nomm\u00e9e <a href=\"https:\/\/www.holyart.fr\/noel\/nativite\/nativite-couchee-20-cm-composition-en-resine-peinte?_gl=1*jwm0q3*_gcl_aw*R0NMLjE3MzM0MDg3MzIuQ2owS0NRaUF1OFc2QmhDLUFSSXNBQ0VRb0RDWEdmR1hiclc4SjhZajBQT25SSTdvOGVuMGl1TFRWMFBSb0dSS1BGMEcteXBtb28zQ3BFOGFBcGZxRUFMd193Y0I.*_gcl_au*MTg5NTg5Mjc0NC4xNzMzNzQzNDk5\"><strong><em>Laissons maman se reposer<\/em><\/strong><\/a>. Dans cette Cr\u00e8che insolite, unique en son genre, la Sainte Vierge est paisiblement endormie, la t\u00eate pos\u00e9e sur un sac qui lui fait office d\u2019oreiller, tandis que, non loin, Joseph berce l\u2019Enfant J\u00e9sus qui s\u2019\u00e9tire dans son sommeil, en tendant les mains en l\u2019air. Bref, dans cette Cr\u00e8che, Marie se repose et Joseph fait la maman\u00a0!<\/p>\n<p>Le Pape est rest\u00e9 tr\u00e8s touch\u00e9 et \u00e9mu par cette cr\u00e8che alternative et a voulu en parler m\u00eame pendant sa cat\u00e9ch\u00e8se. En particulier, il s\u2019est attard\u00e9 sur la <strong>simplicit\u00e9 et l\u2019humanit\u00e9<\/strong> de cette repr\u00e9sentation, qui, combien plus que de nombreuses repr\u00e9sentations de la Nativit\u00e9, a su exprimer la tendresse, mais aussi les probl\u00e8mes quotidiens au sein d\u2019une famille et d\u2019un mariage. Qui, parmi ceux qui ont des enfants, ne se souvient pas de combien il est fatigant de s\u2019occuper d\u2019un nouveau-n\u00e9 la nuit, quand maman et papa sont oblig\u00e9 de se relayer pour tenter de l\u2019apaiser et se reposer un peu \u00e0 tour de r\u00f4le\u00a0?<\/p>\n<div class=\"link-product\">\n<div class=\"blocco-immagine\"><img loading=\"lazy\" decoding=\"async\" class=\"alignnone size-full wp-image-9331\" src=\"https:\/\/blog.holyart.it\/fr\/wp-content\/uploads\/sites\/14\/2024\/12\/Magnet-de-Pape-Francois-en-resine.jpg\" alt=\"Magnet de Pape Fran\u00e7ois en r\u00e9sine\" width=\"100\" height=\"100\" data-kale-share-title=\"La Cr\u00e8che o\u00f9 Marie se repose : la Nativit\u00e9 qui \u00e9meut Pape Fran\u00e7ois\" data-kale-share-url=\"https:\/\/blog.holyart.it\/fr\/?p=9324\" \/><\/div>\n<div class=\"blocco-contenuto\">\n<div class=\"blocco-acquista\">Acheter sur Holyart:<\/div>\n<div class=\"blocco-titolo\"><a href=\"https:\/\/www.holyart.fr\/occasions-speciales\/pape-francois?page=1&amp;_gl=1*veqma7*_gcl_aw*R0NMLjE3MzM0MDg3MzIuQ2owS0NRaUF1OFc2QmhDLUFSSXNBQ0VRb0RDWEdmR1hiclc4SjhZajBQT25SSTdvOGVuMGl1TFRWMFBSb0dSS1BGMEcteXBtb28zQ3BFOGFBcGZxRUFMd193Y0I.*_gcl_au*MTg5NTg5Mjc0NC4xNzMzNzQzNDk5\">Pape Fran\u00e7ois <\/a><\/div>\n<div class=\"blocco-descrizione\">Pape Fran\u00e7ois: cat\u00e9gorie d\u00e9di\u00e9e \u00e0 Pape Jorge Mario Bergoglio.<\/div>\n<\/div>\n<\/div>\n<p>Voil\u00e0 que, du coup, <em>Laissons maman se reposer<\/em> montre non seulement une Nativit\u00e9 alternative, mais une mani\u00e8re nouvelle de concevoir la <a href=\"https:\/\/www.holyart.fr\/articles-religieux\/icones-religieuses\/icones-roumaines-peintes\/icone-sainte-famille-grecque-en-relief\"><strong>Sainte Famille<\/strong><\/a>, non pas comme cristallis\u00e9e dans des r\u00f4les d\u00e9finis et codifi\u00e9s au cours des si\u00e8cles, mais pour ce qu\u2019elle \u00e9tait et est vraiment\u00a0: une famille, la famille de toutes les familles.<\/p>\n<p>Faite de r\u00f4les, certes, mais de r\u00f4les qui peuvent \u00eatre invers\u00e9s, et faite de douceur et d\u2019harmonie domestique. Ces m\u00eames douceurs et harmonie que le Pape a souhait\u00e9 \u00e0 tous de ramener dans sa propre maison, pendant les F\u00eates, mais pas uniquement. Pour Pape Fran\u00e7ois, la Cr\u00e8che est un <strong>\u00c9vangile domestique<\/strong>, une inspiration, une invitation \u00e0 accueillir <a href=\"https:\/\/www.holyart.fr\/noel\/nativite\/sainte-famille-porcelaine-navel-coloree-18-cm?_gl=1*166t5jr*_gcl_aw*R0NMLjE3MzM0MDg3MzIuQ2owS0NRaUF1OFc2QmhDLUFSSXNBQ0VRb0RDWEdmR1hiclc4SjhZajBQT25SSTdvOGVuMGl1TFRWMFBSb0dSS1BGMEcteXBtb28zQ3BFOGFBcGZxRUFMd193Y0I.*_gcl_au*MTg5NTg5Mjc0NC4xNzMzNzQzNDk5\"><strong>l\u2019exemple de la Sainte Famille<\/strong><\/a> et \u00e0 apporter dans sa propre maison joie, proximit\u00e9, partage des inqui\u00e9tudes quotidiennes, une union profonde et aimante dans le quotidien.<\/p>\n<div class=\"link-product\">\n<div class=\"blocco-immagine\"><img loading=\"lazy\" decoding=\"async\" class=\"alignnone size-full wp-image-9332\" src=\"https:\/\/blog.holyart.it\/fr\/wp-content\/uploads\/sites\/14\/2024\/12\/Icone-Sainte-Famille-grecque-en-relief.jpg\" alt=\"Ic\u00f4ne Sainte Famille grecque en relief\" width=\"100\" height=\"100\" data-kale-share-title=\"La Cr\u00e8che o\u00f9 Marie se repose : la Nativit\u00e9 qui \u00e9meut Pape Fran\u00e7ois\" data-kale-share-url=\"https:\/\/blog.holyart.it\/fr\/?p=9324\" \/><\/div>\n<div class=\"blocco-contenuto\">\n<div class=\"blocco-acquista\">Acheter sur Holyart:<\/div>\n<div class=\"blocco-titolo\"><a href=\"https:\/\/www.holyart.fr\/articles-religieux\/icones-religieuses\/icones-roumaines-peintes\/icone-sainte-famille-grecque-en-relief?_gl=1*5v5n92*_gcl_aw*R0NMLjE3MzM0MDg3MzIuQ2owS0NRaUF1OFc2QmhDLUFSSXNBQ0VRb0RDWEdmR1hiclc4SjhZajBQT25SSTdvOGVuMGl1TFRWMFBSb0dSS1BGMEcteXBtb28zQ3BFOGFBcGZxRUFMd193Y0I.*_gcl_au*MTg5NTg5Mjc0NC4xNzMzNzQzNDk5\">Ic\u00f4ne Sainte Famille grecque en relief<\/a><\/div>\n<div class=\"blocco-descrizione\">Livr\u00e9e avec certificat d&rsquo;origine.<\/div>\n<\/div>\n<\/div>\n<p>La <a href=\"https:\/\/www.holyart.fr\/noel\/creches-noel?_gl=1*foq641*_gcl_aw*R0NMLjE3MzM0MDg3MzIuQ2owS0NRaUF1OFc2QmhDLUFSSXNBQ0VRb0RDWEdmR1hiclc4SjhZajBQT25SSTdvOGVuMGl1TFRWMFBSb0dSS1BGMEcteXBtb28zQ3BFOGFBcGZxRUFMd193Y0I.*_gcl_au*MTg5NTg5Mjc0NC4xNzMzNzQzNDk5\"><strong>Cr\u00e8che<\/strong><\/a> est plus que jamais importante aujourd\u2019hui, dans la <strong>vie fr\u00e9n\u00e9tique de tous les jours<\/strong>, dans la difficult\u00e9 de trouver le temps \u00e0 consacrer \u00e0 la spiritualit\u00e9 et \u00e0 ce qui est vraiment important, essentiel. Voil\u00e0 alors qu\u2019installer la Cr\u00e8che chez soi est une mani\u00e8re pour ouvrir la porte \u00e0 J\u00e9sus et pour le faire entrer dans nos vies.<\/p>\n<p>La Sainte Vierge qui se repose, tandis que Joseph prend soin de J\u00e9sus nous renvoie <a href=\"https:\/\/www.holyart.fr\/noel\/creches-noel\/creches-resine-et-tissu\/nativite-vierge-endormie-resine-peinte-main-10x15x10-cm?_gl=1*foq641*_gcl_aw*R0NMLjE3MzM0MDg3MzIuQ2owS0NRaUF1OFc2QmhDLUFSSXNBQ0VRb0RDWEdmR1hiclc4SjhZajBQT25SSTdvOGVuMGl1TFRWMFBSb0dSS1BGMEcteXBtb28zQ3BFOGFBcGZxRUFMd193Y0I.*_gcl_au*MTg5NTg5Mjc0NC4xNzMzNzQzNDk5\"><strong><u>une image extraordinairement moderne<\/u><\/strong><\/a>, bien qu\u2019insolite. Si dans cette Cr\u00e8che originale Marie se repose, cela signifie que sa pens\u00e9e, son c\u0153ur ne sont pas enti\u00e8rement tourn\u00e9s vers l\u2019Enfant auquel elle vient de donner la vie. Au contraire, c\u2019est justement cette assiduit\u00e9 de pens\u00e9e, cet effort d\u2019amour qui a \u00e9puis\u00e9 ses \u00e9nergies, qui l\u2019a oblig\u00e9 \u00e0 chercher le repos. Et il est beau de s\u2019imaginer Saint Joseph qui enl\u00e8ve d\u00e9licatement le petit J\u00e9sus des bras de son \u00e9pouse et qui, en lui souriant avec tendresse, lui murmure\u00a0: \u00ab\u00a0<em>Va te reposer un peu, je m\u2019occupe de tout\u00a0<\/em>\u00bb.<\/p>\n<p>Un homme et une femme, un mari et une \u00e9pouse qui partagent l\u2019exp\u00e9rience de la <a href=\"https:\/\/www.holyart.fr\/blog\/articles-religieux\/prenoms-bibliques-masculins-lesquels-sont-ils-et-quelle-est-leur-signification\/\"><strong><u>naissance de leur premier enfant<\/u><\/strong><\/a> et, avec elle, le myst\u00e8re immense, ineffable, duquel Dieu a voulu les rendre protagonistes. Apr\u00e8s tout, nous devons nous rappeler que Joseph et Marie ne pouvaient rien savoir de ce qui serait advenu ensuite, des pr\u00e9dications, des miracles, des foules enthousiastes qui auraient suivi J\u00e9sus \u00e0 travers la Jud\u00e9e. Ils vivaient une vie normale, eux, un quotidien fait de dur labeur, de bons et de mauvais moments, mais toujours partag\u00e9, un jour apr\u00e8s l\u2019autre, un pas apr\u00e8s l\u2019autre. Un quotidien qui n\u2019attendait qu\u2019un enfant pour \u00eatre complet.<\/p>\n<div class=\"link-article\">\n<p><img loading=\"lazy\" decoding=\"async\" class=\"alignnone size-full wp-image-9326\" src=\"https:\/\/blog.holyart.it\/fr\/wp-content\/uploads\/sites\/14\/2024\/12\/Prenoms-bibliques-masculins.jpg\" alt=\"Pr\u00e9noms bibliques masculins\" width=\"150\" height=\"99\" data-kale-share-title=\"La Cr\u00e8che o\u00f9 Marie se repose : la Nativit\u00e9 qui \u00e9meut Pape Fran\u00e7ois\" data-kale-share-url=\"https:\/\/blog.holyart.it\/fr\/?p=9324\" \/><\/p>\n<div class=\"leggi-anche\">Lire aussi :<\/div>\n<p><strong><a href=\"https:\/\/www.holyart.fr\/blog\/articles-religieux\/prenoms-bibliques-masculins-lesquels-sont-ils-et-quelle-est-leur-signification\/\">Pr\u00e9noms bibliques masculins : lesquels sont-ils et quelle est leur signification<\/a><\/strong><br \/>\nLes pr\u00e9noms de la Bible sont depuis toujours une source d\u2019inspiration pour les parents qui doivent choisir comment appeler leur fils \u00e0 na\u00eetre.<\/p>\n<\/div>\n<p>Dans ce couple mari\u00e9 qui choisit d\u2019intervertir ses r\u00f4les, d\u2019\u00e9changer ses responsabilit\u00e9s, le Pape, et nous avec lui, ne peut que reconna\u00eetre une interpr\u00e9tation contemporaine et humaine de la signification plus profonde de la Cr\u00e8che.<\/p>\n<p>Dans notre magasin en ligne, quelques mod\u00e8les de cette magnifique Cr\u00e8che alternative sont disponibles, avec Marie qui se repose et Saint Joseph qui veille sur J\u00e9sus.<\/p>\n<div class=\"sp-styles-warning\" style=\"width: 450px; background-color: #FFF; color: #F00; border: 1px solid #F00; padding: 10px; font-size: 14px;\">\n\t\t\t<span style=\"font-weight: bold;\">Warning: The stylesheets were not loaded!<\/span> \n\t\t\tYou will need to change the <i>Load stylesheets<\/i> setting from <i>Automatically<\/i> to <i>On homepage<\/i> or <i>On all pages<\/i>. \n\t\t\tYou can set that <a style=\"text-decoration: underline; color: #F00;\" href=\"https:\/\/blog.holyart.it\/fr\/wp-admin\/admin.php?page=sliderpro-settings\">here<\/a>.\n\t\t\t<\/div>\r\n<div id=\"slider-pro-151\" class=\"slider-pro sp-no-js\" style=\"width: 500px; height: 500px;\">\r\n\t<div class=\"sp-slides\">\r\n\t\t\r\n\t\t<div class=\"sp-slide\">\r\n\t\t\t<img loading=\"lazy\" decoding=\"async\" class=\"sp-image\" src=\"https:\/\/blog.holyart.it\/fr\/wp-content\/uploads\/sites\/14\/2024\/12\/Nativite-couchee-20-cm-composition-en-resine-peinte.jpg\" alt=\"Nativit\u00e9 couch\u00e9e 20 cm composition en r\u00e9sine peinte \" width=\"500\" height=\"500\" \/>\r\n\t\t\t<div class=\"sp-thumbnail\"><a class=\"\" href=\"https:\/\/www.holyart.fr\/noel\/nativite\/nativite-couchee-20-cm-composition-en-resine-peinte?_gl=1*1qaftmk*_gcl_aw*R0NMLjE3MzM0MDg3MzIuQ2owS0NRaUF1OFc2QmhDLUFSSXNBQ0VRb0RDWEdmR1hiclc4SjhZajBQT25SSTdvOGVuMGl1TFRWMFBSb0dSS1BGMEcteXBtb28zQ3BFOGFBcGZxRUFMd193Y0I.*_gcl_au*MTg5NTg5Mjc0NC4xNzMzNzQzNDk5\">\r\n\t\t\t\t<img decoding=\"async\" src=\"https:\/\/blog.holyart.it\/fr\/wp-content\/uploads\/sites\/14\/2024\/12\/Nativite-couchee-20-cm-composition-en-resine-peinte-150x150-1.jpg\" alt=\"Nativit\u00e9 couch\u00e9e 20 cm composition en r\u00e9sine peinte \" \/>\r\n\t\t\t<\/a>\r\n\t\t\t<\/div>\r\n\t\t\t<div class=\"sp-caption\">Nativit\u00e9 couch\u00e9e 20 cm composition en r\u00e9sine peinte\n Sc\u00e8ne de la Nativit\u00e9 en r\u00e9sine peinte en format originale avec Marie couch\u00e9e et Joseph avec l'Enfant J\u00e9sus \u00e0 bras.<br \/><strong><span style=\"color: #0000ff;font-size:18px\"><a style=\"color: #0000ff\" href=\"https:\/\/www.holyart.fr\/noel\/nativite\/nativite-couchee-20-cm-composition-en-resine-peinte?_gl=1*1bj5es9*_gcl_aw*R0NMLjE3MzM0MDg3MzIuQ2owS0NRaUF1OFc2QmhDLUFSSXNBQ0VRb0RDWEdmR1hiclc4SjhZajBQT25SSTdvOGVuMGl1TFRWMFBSb0dSS1BGMEcteXBtb28zQ3BFOGFBcGZxRUFMd193Y0I.*_gcl_au*MTg5NTg5Mjc0NC4xNzMzNzQzNDk5\">Achetez sur Holyart<\/a><\/span><\/strong><\/div>\r\n\t\t<\/div>\r\n\t\t<div class=\"sp-slide\">\r\n\t\t\t<img loading=\"lazy\" decoding=\"async\" class=\"sp-image\" src=\"https:\/\/blog.holyart.it\/fr\/wp-content\/uploads\/sites\/14\/2024\/12\/Sainte-Famille-porcelaine-Navel-coloree-18-cm.jpg\" alt=\"Sainte Famille porcelaine Navel color\u00e9e 18 cm\" width=\"500\" height=\"500\" \/>\r\n\t\t\t<div class=\"sp-thumbnail\"><a class=\"\" href=\"https:\/\/www.holyart.fr\/noel\/nativite\/sainte-famille-porcelaine-navel-coloree-18-cm?_gl=1*1wsk5v6*_gcl_aw*R0NMLjE3MzM0MDg3MzIuQ2owS0NRaUF1OFc2QmhDLUFSSXNBQ0VRb0RDWEdmR1hiclc4SjhZajBQT25SSTdvOGVuMGl1TFRWMFBSb0dSS1BGMEcteXBtb28zQ3BFOGFBcGZxRUFMd193Y0I.*_gcl_au*MTg5NTg5Mjc0NC4xNzMzNzQzNDk5\">\r\n\t\t\t\t<img decoding=\"async\" src=\"https:\/\/blog.holyart.it\/fr\/wp-content\/uploads\/sites\/14\/2024\/12\/Sainte-Famille-porcelaine-Navel-coloree-18-cm-150x150-1.jpg\" alt=\"Sainte Famille porcelaine Navel color\u00e9e 18 cm\" \/>\r\n\t\t\t<\/a>\r\n\t\t\t<\/div>\r\n\t\t\t<div class=\"sp-caption\">Sainte Famille porcelaine Navel color\u00e9e 18 cm.\nSainte Famille en tr\u00e8s fine porcelaine peinte \u00e0 la main, soign\u00e9e dans le moindre d\u00e9tail.<br \/><strong><span style=\"color: #0000ff;font-size:18px\"><a style=\"color: #0000ff\" href=\"https:\/\/www.holyart.fr\/noel\/nativite\/sainte-famille-porcelaine-navel-coloree-18-cm?_gl=1*1wsk5v6*_gcl_aw*R0NMLjE3MzM0MDg3MzIuQ2owS0NRaUF1OFc2QmhDLUFSSXNBQ0VRb0RDWEdmR1hiclc4SjhZajBQT25SSTdvOGVuMGl1TFRWMFBSb0dSS1BGMEcteXBtb28zQ3BFOGFBcGZxRUFMd193Y0I.*_gcl_au*MTg5NTg5Mjc0NC4xNzMzNzQzNDk5\">Achetez sur Holyart<\/a><\/span><\/strong><\/div>\r\n\t\t<\/div>\r\n\t\t<div class=\"sp-slide\">\r\n\t\t\t<img loading=\"lazy\" decoding=\"async\" class=\"sp-image\" src=\"https:\/\/blog.holyart.it\/fr\/wp-content\/uploads\/sites\/14\/2024\/12\/Nativite-Vierge-endormie-resine-peinte-main-10x15x10-cm.jpg\" alt=\"Nativit\u00e9 Vierge endormie r\u00e9sine peinte main 10x15x10 cm\" width=\"500\" height=\"500\" \/>\r\n\t\t\t<div class=\"sp-thumbnail\"><a class=\"\" href=\"https:\/\/www.holyart.fr\/noel\/creches-noel\/creches-resine-et-tissu\/nativite-vierge-endormie-resine-peinte-main-10x15x10-cm?_gl=1*152bg23*_gcl_aw*R0NMLjE3MzM0MDg3MzIuQ2owS0NRaUF1OFc2QmhDLUFSSXNBQ0VRb0RDWEdmR1hiclc4SjhZajBQT25SSTdvOGVuMGl1TFRWMFBSb0dSS1BGMEcteXBtb28zQ3BFOGFBcGZxRUFMd193Y0I.*_gcl_au*MTg5NTg5Mjc0NC4xNzMzNzQzNDk5\">\r\n\t\t\t\t<img decoding=\"async\" src=\"https:\/\/blog.holyart.it\/fr\/wp-content\/uploads\/sites\/14\/2024\/12\/Nativite-Vierge-endormie-resine-peinte-main-10x15x10-cm-150x150-1.jpg\" alt=\"Nativit\u00e9 Vierge endormie r\u00e9sine peinte main 10x15x10 cm\" \/>\r\n\t\t\t<\/a>\r\n\t\t\t<\/div>\r\n\t\t\t<div class=\"sp-caption\">Nativit\u00e9 Vierge endormie r\u00e9sine peinte main 10x15x10 cm.\nNativit\u00e9 sur base en r\u00e9sine peinte \u00e0 la main, repr\u00e9sentant la Sainte Famille avec la Sainte Vierge allong\u00e9e et Saint Joseph ber\u00e7ant l'Enfant J\u00e9sus dans ses bras.<br \/><strong><span style=\"color: #0000ff;font-size:18px\"><a style=\"color: #0000ff\" href=\"https:\/\/www.holyart.fr\/noel\/creches-noel\/creches-resine-et-tissu\/nativite-vierge-endormie-resine-peinte-main-10x15x10-cm?_gl=1*152bg23*_gcl_aw*R0NMLjE3MzM0MDg3MzIuQ2owS0NRaUF1OFc2QmhDLUFSSXNBQ0VRb0RDWEdmR1hiclc4SjhZajBQT25SSTdvOGVuMGl1TFRWMFBSb0dSS1BGMEcteXBtb28zQ3BFOGFBcGZxRUFMd193Y0I.*_gcl_au*MTg5NTg5Mjc0NC4xNzMzNzQzNDk5\">Achetez sur Holyart<\/a><\/span><\/strong><\/div>\r\n\t\t<\/div>\r\n\t<\/div>\r\n<\/div>\n","protected":false},"excerpt":{"rendered":"<p>Dans la Cr\u00e8che, Marie se repose et Saint Joseph veille. Voil\u00e0 la repr\u00e9sentation originale de la Nativit\u00e9 qui a \u00e9mu Pape Fran\u00e7ois et qui nous montre un nouveau visage de la Sainte Famille. Chaque ann\u00e9e, la sc\u00e8ne de la Nativit\u00e9 avec Marie qui tient l\u2019Enfant&hellip;<\/p>\n","protected":false},"author":1,"featured_media":9328,"comment_status":"closed","ping_status":"open","sticky":false,"template":"","format":"standard","meta":{"_acf_changed":false,"footnotes":""},"categories":[10],"tags":[],"class_list":["post-9324","post","type-post","status-publish","format-standard","has-post-thumbnail","hentry","category-noel"],"acf":[],"yoast_head":"<!-- This site is optimized with the Yoast SEO plugin v26.6 - https:\/\/yoast.com\/wordpress\/plugins\/seo\/ -->\n<title>La Cr\u00e8che o\u00f9 Marie se repose : la Nativit\u00e9 qui \u00e9meut Pape Fran\u00e7ois - Holyart.fr Blog<\/title>\n<meta name=\"description\" content=\"Dans la Cr\u00e8che, Marie repose et Joseph prend soin de l\u2019Enfant J\u00e9sus dans ses bras. La Sainte Famille en toute sa poignante modernit\u00e9, dans la Cr\u00e8che appr\u00e9ci\u00e9e par le Pape.\" \/>\n<meta name=\"robots\" content=\"index, follow, max-snippet:-1, max-image-preview:large, max-video-preview:-1\" \/>\n<link rel=\"canonical\" href=\"https:\/\/blog.holyart.it\/fr\/noel\/la-creche-ou-marie-se-repose-la-nativite-qui-emeut-pape-francois\/\" \/>\n<meta property=\"og:locale\" content=\"fr_FR\" \/>\n<meta property=\"og:type\" content=\"article\" \/>\n<meta property=\"og:title\" content=\"La Cr\u00e8che o\u00f9 Marie se repose : la Nativit\u00e9 qui \u00e9meut Pape Fran\u00e7ois - Holyart.fr Blog\" \/>\n<meta property=\"og:description\" content=\"Dans la Cr\u00e8che, Marie repose et Joseph prend soin de l\u2019Enfant J\u00e9sus dans ses bras. La Sainte Famille en toute sa poignante modernit\u00e9, dans la Cr\u00e8che appr\u00e9ci\u00e9e par le Pape.\" \/>\n<meta property=\"og:url\" content=\"https:\/\/blog.holyart.it\/fr\/noel\/la-creche-ou-marie-se-repose-la-nativite-qui-emeut-pape-francois\/\" \/>\n<meta property=\"og:site_name\" content=\"Holyart.fr Blog\" \/>\n<meta property=\"article:published_time\" content=\"2024-12-18T09:00:57+00:00\" \/>\n<meta property=\"article:modified_time\" content=\"2025-12-11T11:08:37+00:00\" \/>\n<meta property=\"og:image\" content=\"https:\/\/blog.holyart.it\/fr\/wp-content\/uploads\/sites\/14\/2024\/12\/La-Creche-ou-Marie-se-repose.jpg\" \/>\n\t<meta property=\"og:image:width\" content=\"1000\" \/>\n\t<meta property=\"og:image:height\" content=\"666\" \/>\n\t<meta property=\"og:image:type\" content=\"image\/jpeg\" \/>\n<meta name=\"author\" content=\"Redazione\" \/>\n<meta name=\"twitter:card\" content=\"summary_large_image\" \/>\n<meta name=\"twitter:label1\" content=\"\u00c9crit par\" \/>\n\t<meta name=\"twitter:data1\" content=\"Redazione\" \/>\n\t<meta name=\"twitter:label2\" content=\"Dur\u00e9e de lecture estim\u00e9e\" \/>\n\t<meta name=\"twitter:data2\" content=\"6 minutes\" \/>\n<script type=\"application\/ld+json\" class=\"yoast-schema-graph\">{\"@context\":\"https:\/\/schema.org\",\"@graph\":[{\"@type\":\"Article\",\"@id\":\"https:\/\/blog.holyart.it\/fr\/noel\/la-creche-ou-marie-se-repose-la-nativite-qui-emeut-pape-francois\/#article\",\"isPartOf\":{\"@id\":\"https:\/\/blog.holyart.it\/fr\/noel\/la-creche-ou-marie-se-repose-la-nativite-qui-emeut-pape-francois\/\"},\"author\":{\"name\":\"Redazione\",\"@id\":\"https:\/\/blog.holyart.it\/fr\/#\/schema\/person\/0a7b686e5af0f856ec1e390dd0baecda\"},\"headline\":\"La Cr\u00e8che o\u00f9 Marie se repose : la Nativit\u00e9 qui \u00e9meut Pape Fran\u00e7ois\",\"datePublished\":\"2024-12-18T09:00:57+00:00\",\"dateModified\":\"2025-12-11T11:08:37+00:00\",\"mainEntityOfPage\":{\"@id\":\"https:\/\/blog.holyart.it\/fr\/noel\/la-creche-ou-marie-se-repose-la-nativite-qui-emeut-pape-francois\/\"},\"wordCount\":969,\"publisher\":{\"@id\":\"https:\/\/blog.holyart.it\/fr\/#organization\"},\"image\":{\"@id\":\"https:\/\/blog.holyart.it\/fr\/noel\/la-creche-ou-marie-se-repose-la-nativite-qui-emeut-pape-francois\/#primaryimage\"},\"thumbnailUrl\":\"https:\/\/blog.holyart.it\/fr\/wp-content\/uploads\/sites\/14\/2024\/12\/La-Creche-ou-Marie-se-repose.jpg\",\"articleSection\":[\"No\u00ebl\"],\"inLanguage\":\"fr-FR\"},{\"@type\":\"WebPage\",\"@id\":\"https:\/\/blog.holyart.it\/fr\/noel\/la-creche-ou-marie-se-repose-la-nativite-qui-emeut-pape-francois\/\",\"url\":\"https:\/\/blog.holyart.it\/fr\/noel\/la-creche-ou-marie-se-repose-la-nativite-qui-emeut-pape-francois\/\",\"name\":\"La Cr\u00e8che o\u00f9 Marie se repose : la Nativit\u00e9 qui \u00e9meut Pape Fran\u00e7ois - Holyart.fr Blog\",\"isPartOf\":{\"@id\":\"https:\/\/blog.holyart.it\/fr\/#website\"},\"primaryImageOfPage\":{\"@id\":\"https:\/\/blog.holyart.it\/fr\/noel\/la-creche-ou-marie-se-repose-la-nativite-qui-emeut-pape-francois\/#primaryimage\"},\"image\":{\"@id\":\"https:\/\/blog.holyart.it\/fr\/noel\/la-creche-ou-marie-se-repose-la-nativite-qui-emeut-pape-francois\/#primaryimage\"},\"thumbnailUrl\":\"https:\/\/blog.holyart.it\/fr\/wp-content\/uploads\/sites\/14\/2024\/12\/La-Creche-ou-Marie-se-repose.jpg\",\"datePublished\":\"2024-12-18T09:00:57+00:00\",\"dateModified\":\"2025-12-11T11:08:37+00:00\",\"description\":\"Dans la Cr\u00e8che, Marie repose et Joseph prend soin de l\u2019Enfant J\u00e9sus dans ses bras. La Sainte Famille en toute sa poignante modernit\u00e9, dans la Cr\u00e8che appr\u00e9ci\u00e9e par le Pape.\",\"breadcrumb\":{\"@id\":\"https:\/\/blog.holyart.it\/fr\/noel\/la-creche-ou-marie-se-repose-la-nativite-qui-emeut-pape-francois\/#breadcrumb\"},\"inLanguage\":\"fr-FR\",\"potentialAction\":[{\"@type\":\"ReadAction\",\"target\":[\"https:\/\/blog.holyart.it\/fr\/noel\/la-creche-ou-marie-se-repose-la-nativite-qui-emeut-pape-francois\/\"]}]},{\"@type\":\"ImageObject\",\"inLanguage\":\"fr-FR\",\"@id\":\"https:\/\/blog.holyart.it\/fr\/noel\/la-creche-ou-marie-se-repose-la-nativite-qui-emeut-pape-francois\/#primaryimage\",\"url\":\"https:\/\/blog.holyart.it\/fr\/wp-content\/uploads\/sites\/14\/2024\/12\/La-Creche-ou-Marie-se-repose.jpg\",\"contentUrl\":\"https:\/\/blog.holyart.it\/fr\/wp-content\/uploads\/sites\/14\/2024\/12\/La-Creche-ou-Marie-se-repose.jpg\",\"width\":1000,\"height\":666,\"caption\":\"La Cr\u00e8che o\u00f9 Marie se repose\"},{\"@type\":\"BreadcrumbList\",\"@id\":\"https:\/\/blog.holyart.it\/fr\/noel\/la-creche-ou-marie-se-repose-la-nativite-qui-emeut-pape-francois\/#breadcrumb\",\"itemListElement\":[{\"@type\":\"ListItem\",\"position\":1,\"name\":\"Homepage\",\"item\":\"https:\/\/blog.holyart.it\/fr\/\"},{\"@type\":\"ListItem\",\"position\":2,\"name\":\"No\u00ebl\",\"item\":\"https:\/\/blog.holyart.it\/fr\/noel\/\"},{\"@type\":\"ListItem\",\"position\":3,\"name\":\"La Cr\u00e8che o\u00f9 Marie se repose : la Nativit\u00e9 qui \u00e9meut Pape Fran\u00e7ois\"}]},{\"@type\":\"WebSite\",\"@id\":\"https:\/\/blog.holyart.it\/fr\/#website\",\"url\":\"https:\/\/blog.holyart.it\/fr\/\",\"name\":\"Holyart.fr Blog\",\"description\":\"Holyblog\",\"publisher\":{\"@id\":\"https:\/\/blog.holyart.it\/fr\/#organization\"},\"potentialAction\":[{\"@type\":\"SearchAction\",\"target\":{\"@type\":\"EntryPoint\",\"urlTemplate\":\"https:\/\/blog.holyart.it\/fr\/?s={search_term_string}\"},\"query-input\":{\"@type\":\"PropertyValueSpecification\",\"valueRequired\":true,\"valueName\":\"search_term_string\"}}],\"inLanguage\":\"fr-FR\"},{\"@type\":\"Organization\",\"@id\":\"https:\/\/blog.holyart.it\/fr\/#organization\",\"name\":\"Holyart.fr Blog\",\"url\":\"https:\/\/blog.holyart.it\/fr\/\",\"logo\":{\"@type\":\"ImageObject\",\"inLanguage\":\"fr-FR\",\"@id\":\"https:\/\/blog.holyart.it\/fr\/#\/schema\/logo\/image\/\",\"url\":\"https:\/\/blog.holyart.it\/fr\/wp-content\/uploads\/sites\/14\/2022\/12\/Holyart_Blog_Logo.jpg\",\"contentUrl\":\"https:\/\/blog.holyart.it\/fr\/wp-content\/uploads\/sites\/14\/2022\/12\/Holyart_Blog_Logo.jpg\",\"width\":300,\"height\":50,\"caption\":\"Holyart.fr Blog\"},\"image\":{\"@id\":\"https:\/\/blog.holyart.it\/fr\/#\/schema\/logo\/image\/\"}},{\"@type\":\"Person\",\"@id\":\"https:\/\/blog.holyart.it\/fr\/#\/schema\/person\/0a7b686e5af0f856ec1e390dd0baecda\",\"name\":\"Redazione\",\"image\":{\"@type\":\"ImageObject\",\"inLanguage\":\"fr-FR\",\"@id\":\"https:\/\/blog.holyart.it\/fr\/#\/schema\/person\/image\/\",\"url\":\"https:\/\/secure.gravatar.com\/avatar\/f477da817f43e50d0af36abecd33e3edf826c68299714bdc1057dff3b113f516?s=96&d=mm&r=g\",\"contentUrl\":\"https:\/\/secure.gravatar.com\/avatar\/f477da817f43e50d0af36abecd33e3edf826c68299714bdc1057dff3b113f516?s=96&d=mm&r=g\",\"caption\":\"Redazione\"},\"url\":\"https:\/\/blog.holyart.it\/fr\/author\/admin\/\"}]}<\/script>\n<!-- \/ Yoast SEO plugin. -->","yoast_head_json":{"title":"La Cr\u00e8che o\u00f9 Marie se repose : la Nativit\u00e9 qui \u00e9meut Pape Fran\u00e7ois - Holyart.fr Blog","description":"Dans la Cr\u00e8che, Marie repose et Joseph prend soin de l\u2019Enfant J\u00e9sus dans ses bras. La Sainte Famille en toute sa poignante modernit\u00e9, dans la Cr\u00e8che appr\u00e9ci\u00e9e par le Pape.","robots":{"index":"index","follow":"follow","max-snippet":"max-snippet:-1","max-image-preview":"max-image-preview:large","max-video-preview":"max-video-preview:-1"},"canonical":"https:\/\/blog.holyart.it\/fr\/noel\/la-creche-ou-marie-se-repose-la-nativite-qui-emeut-pape-francois\/","og_locale":"fr_FR","og_type":"article","og_title":"La Cr\u00e8che o\u00f9 Marie se repose : la Nativit\u00e9 qui \u00e9meut Pape Fran\u00e7ois - Holyart.fr Blog","og_description":"Dans la Cr\u00e8che, Marie repose et Joseph prend soin de l\u2019Enfant J\u00e9sus dans ses bras. La Sainte Famille en toute sa poignante modernit\u00e9, dans la Cr\u00e8che appr\u00e9ci\u00e9e par le Pape.","og_url":"https:\/\/blog.holyart.it\/fr\/noel\/la-creche-ou-marie-se-repose-la-nativite-qui-emeut-pape-francois\/","og_site_name":"Holyart.fr Blog","article_published_time":"2024-12-18T09:00:57+00:00","article_modified_time":"2025-12-11T11:08:37+00:00","og_image":[{"width":1000,"height":666,"url":"https:\/\/blog.holyart.it\/fr\/wp-content\/uploads\/sites\/14\/2024\/12\/La-Creche-ou-Marie-se-repose.jpg","type":"image\/jpeg"}],"author":"Redazione","twitter_card":"summary_large_image","twitter_misc":{"\u00c9crit par":"Redazione","Dur\u00e9e de lecture estim\u00e9e":"6 minutes"},"schema":{"@context":"https:\/\/schema.org","@graph":[{"@type":"Article","@id":"https:\/\/blog.holyart.it\/fr\/noel\/la-creche-ou-marie-se-repose-la-nativite-qui-emeut-pape-francois\/#article","isPartOf":{"@id":"https:\/\/blog.holyart.it\/fr\/noel\/la-creche-ou-marie-se-repose-la-nativite-qui-emeut-pape-francois\/"},"author":{"name":"Redazione","@id":"https:\/\/blog.holyart.it\/fr\/#\/schema\/person\/0a7b686e5af0f856ec1e390dd0baecda"},"headline":"La Cr\u00e8che o\u00f9 Marie se repose : la Nativit\u00e9 qui \u00e9meut Pape Fran\u00e7ois","datePublished":"2024-12-18T09:00:57+00:00","dateModified":"2025-12-11T11:08:37+00:00","mainEntityOfPage":{"@id":"https:\/\/blog.holyart.it\/fr\/noel\/la-creche-ou-marie-se-repose-la-nativite-qui-emeut-pape-francois\/"},"wordCount":969,"publisher":{"@id":"https:\/\/blog.holyart.it\/fr\/#organization"},"image":{"@id":"https:\/\/blog.holyart.it\/fr\/noel\/la-creche-ou-marie-se-repose-la-nativite-qui-emeut-pape-francois\/#primaryimage"},"thumbnailUrl":"https:\/\/blog.holyart.it\/fr\/wp-content\/uploads\/sites\/14\/2024\/12\/La-Creche-ou-Marie-se-repose.jpg","articleSection":["No\u00ebl"],"inLanguage":"fr-FR"},{"@type":"WebPage","@id":"https:\/\/blog.holyart.it\/fr\/noel\/la-creche-ou-marie-se-repose-la-nativite-qui-emeut-pape-francois\/","url":"https:\/\/blog.holyart.it\/fr\/noel\/la-creche-ou-marie-se-repose-la-nativite-qui-emeut-pape-francois\/","name":"La Cr\u00e8che o\u00f9 Marie se repose : la Nativit\u00e9 qui \u00e9meut Pape Fran\u00e7ois - Holyart.fr Blog","isPartOf":{"@id":"https:\/\/blog.holyart.it\/fr\/#website"},"primaryImageOfPage":{"@id":"https:\/\/blog.holyart.it\/fr\/noel\/la-creche-ou-marie-se-repose-la-nativite-qui-emeut-pape-francois\/#primaryimage"},"image":{"@id":"https:\/\/blog.holyart.it\/fr\/noel\/la-creche-ou-marie-se-repose-la-nativite-qui-emeut-pape-francois\/#primaryimage"},"thumbnailUrl":"https:\/\/blog.holyart.it\/fr\/wp-content\/uploads\/sites\/14\/2024\/12\/La-Creche-ou-Marie-se-repose.jpg","datePublished":"2024-12-18T09:00:57+00:00","dateModified":"2025-12-11T11:08:37+00:00","description":"Dans la Cr\u00e8che, Marie repose et Joseph prend soin de l\u2019Enfant J\u00e9sus dans ses bras. La Sainte Famille en toute sa poignante modernit\u00e9, dans la Cr\u00e8che appr\u00e9ci\u00e9e par le Pape.","breadcrumb":{"@id":"https:\/\/blog.holyart.it\/fr\/noel\/la-creche-ou-marie-se-repose-la-nativite-qui-emeut-pape-francois\/#breadcrumb"},"inLanguage":"fr-FR","potentialAction":[{"@type":"ReadAction","target":["https:\/\/blog.holyart.it\/fr\/noel\/la-creche-ou-marie-se-repose-la-nativite-qui-emeut-pape-francois\/"]}]},{"@type":"ImageObject","inLanguage":"fr-FR","@id":"https:\/\/blog.holyart.it\/fr\/noel\/la-creche-ou-marie-se-repose-la-nativite-qui-emeut-pape-francois\/#primaryimage","url":"https:\/\/blog.holyart.it\/fr\/wp-content\/uploads\/sites\/14\/2024\/12\/La-Creche-ou-Marie-se-repose.jpg","contentUrl":"https:\/\/blog.holyart.it\/fr\/wp-content\/uploads\/sites\/14\/2024\/12\/La-Creche-ou-Marie-se-repose.jpg","width":1000,"height":666,"caption":"La Cr\u00e8che o\u00f9 Marie se repose"},{"@type":"BreadcrumbList","@id":"https:\/\/blog.holyart.it\/fr\/noel\/la-creche-ou-marie-se-repose-la-nativite-qui-emeut-pape-francois\/#breadcrumb","itemListElement":[{"@type":"ListItem","position":1,"name":"Homepage","item":"https:\/\/blog.holyart.it\/fr\/"},{"@type":"ListItem","position":2,"name":"No\u00ebl","item":"https:\/\/blog.holyart.it\/fr\/noel\/"},{"@type":"ListItem","position":3,"name":"La Cr\u00e8che o\u00f9 Marie se repose : la Nativit\u00e9 qui \u00e9meut Pape Fran\u00e7ois"}]},{"@type":"WebSite","@id":"https:\/\/blog.holyart.it\/fr\/#website","url":"https:\/\/blog.holyart.it\/fr\/","name":"Holyart.fr Blog","description":"Holyblog","publisher":{"@id":"https:\/\/blog.holyart.it\/fr\/#organization"},"potentialAction":[{"@type":"SearchAction","target":{"@type":"EntryPoint","urlTemplate":"https:\/\/blog.holyart.it\/fr\/?s={search_term_string}"},"query-input":{"@type":"PropertyValueSpecification","valueRequired":true,"valueName":"search_term_string"}}],"inLanguage":"fr-FR"},{"@type":"Organization","@id":"https:\/\/blog.holyart.it\/fr\/#organization","name":"Holyart.fr Blog","url":"https:\/\/blog.holyart.it\/fr\/","logo":{"@type":"ImageObject","inLanguage":"fr-FR","@id":"https:\/\/blog.holyart.it\/fr\/#\/schema\/logo\/image\/","url":"https:\/\/blog.holyart.it\/fr\/wp-content\/uploads\/sites\/14\/2022\/12\/Holyart_Blog_Logo.jpg","contentUrl":"https:\/\/blog.holyart.it\/fr\/wp-content\/uploads\/sites\/14\/2022\/12\/Holyart_Blog_Logo.jpg","width":300,"height":50,"caption":"Holyart.fr Blog"},"image":{"@id":"https:\/\/blog.holyart.it\/fr\/#\/schema\/logo\/image\/"}},{"@type":"Person","@id":"https:\/\/blog.holyart.it\/fr\/#\/schema\/person\/0a7b686e5af0f856ec1e390dd0baecda","name":"Redazione","image":{"@type":"ImageObject","inLanguage":"fr-FR","@id":"https:\/\/blog.holyart.it\/fr\/#\/schema\/person\/image\/","url":"https:\/\/secure.gravatar.com\/avatar\/f477da817f43e50d0af36abecd33e3edf826c68299714bdc1057dff3b113f516?s=96&d=mm&r=g","contentUrl":"https:\/\/secure.gravatar.com\/avatar\/f477da817f43e50d0af36abecd33e3edf826c68299714bdc1057dff3b113f516?s=96&d=mm&r=g","caption":"Redazione"},"url":"https:\/\/blog.holyart.it\/fr\/author\/admin\/"}]}},"_links":{"self":[{"href":"https:\/\/blog.holyart.it\/fr\/wp-json\/wp\/v2\/posts\/9324","targetHints":{"allow":["GET"]}}],"collection":[{"href":"https:\/\/blog.holyart.it\/fr\/wp-json\/wp\/v2\/posts"}],"about":[{"href":"https:\/\/blog.holyart.it\/fr\/wp-json\/wp\/v2\/types\/post"}],"author":[{"embeddable":true,"href":"https:\/\/blog.holyart.it\/fr\/wp-json\/wp\/v2\/users\/1"}],"replies":[{"embeddable":true,"href":"https:\/\/blog.holyart.it\/fr\/wp-json\/wp\/v2\/comments?post=9324"}],"version-history":[{"count":5,"href":"https:\/\/blog.holyart.it\/fr\/wp-json\/wp\/v2\/posts\/9324\/revisions"}],"predecessor-version":[{"id":9340,"href":"https:\/\/blog.holyart.it\/fr\/wp-json\/wp\/v2\/posts\/9324\/revisions\/9340"}],"wp:featuredmedia":[{"embeddable":true,"href":"https:\/\/blog.holyart.it\/fr\/wp-json\/wp\/v2\/media\/9328"}],"wp:attachment":[{"href":"https:\/\/blog.holyart.it\/fr\/wp-json\/wp\/v2\/media?parent=9324"}],"wp:term":[{"taxonomy":"category","embeddable":true,"href":"https:\/\/blog.holyart.it\/fr\/wp-json\/wp\/v2\/categories?post=9324"},{"taxonomy":"post_tag","embeddable":true,"href":"https:\/\/blog.holyart.it\/fr\/wp-json\/wp\/v2\/tags?post=9324"}],"curies":[{"name":"wp","href":"https:\/\/api.w.org\/{rel}","templated":true}]}}