{"id":9245,"date":"2024-12-09T10:00:59","date_gmt":"2024-12-09T09:00:59","guid":{"rendered":"https:\/\/blog.holyart.it\/fr\/?p=9245"},"modified":"2025-11-19T12:39:43","modified_gmt":"2025-11-19T11:39:43","slug":"ou-fete-t-on-sainte-lucie-les-traditions-dans-le-monde","status":"publish","type":"post","link":"https:\/\/blog.holyart.it\/fr\/noel\/ou-fete-t-on-sainte-lucie-les-traditions-dans-le-monde\/","title":{"rendered":"O\u00f9 f\u00eate-t-on Sainte Lucie : les traditions dans le monde"},"content":{"rendered":"<h4>Cadeaux pour les enfants, desserts typiques, processions et chants. Voici o\u00f9 l\u2019on f\u00eate Sainte Lucie et comment chaque pays lui rend hommage.<\/h4>\n<p>Le 13 d\u00e9cembre, Sainte Lucie, la jeune martyre chr\u00e9tienne dont le pr\u00e9nom signifie lumi\u00e8re, du latin <em>lux<\/em>, est f\u00eat\u00e9e dans de nombreuses parties du monde. Avant les r\u00e9formes du calendrier, cette f\u00eate co\u00efncidait avec le <strong>Solstice d\u2019Hiver<\/strong>, la journ\u00e9e la plus courte de l\u2019ann\u00e9e, depuis toujours c\u00e9l\u00e9br\u00e9 dans de nombreuses cultures, des Saturnales romains au Yule germanique. En raison aussi de son lien avec la lumi\u00e8re, la l\u00e9gende de Sainte Lucie a toujours \u00e9t\u00e9 associ\u00e9e \u00e0 <a href=\"https:\/\/www.holyart.fr\/noel\"><strong>No\u00ebl<\/strong><\/a>, jour de la venue de J\u00e9sus, qui est l\u2019incarnation ultime de la <strong>Lumi\u00e8re divine<\/strong>. Plus g\u00e9n\u00e9ralement, <strong>cette Sainte est li\u00e9e \u00e0 la lumi\u00e8re<\/strong>, \u00e0 comment elle fait d\u00e9faut pendant les moins d\u2019hiver, et repr\u00e9sente d\u2019une certaine mani\u00e8re l\u2019<strong>espoir<\/strong> pour un retour du printemps. Mais o\u00f9 f\u00eate-t-on Sainte Lucie et quelles sont les traditions li\u00e9es \u00e0 cette f\u00eate ?<\/p>\n<div class=\"link-product\">\n<div class=\"blocco-immagine\"><img loading=\"lazy\" decoding=\"async\" class=\"size-full wp-image-9254 alignleft\" src=\"https:\/\/blog.holyart.it\/fr\/wp-content\/uploads\/sites\/14\/2024\/11\/sapin-1.jpg\" alt=\"sapin\" width=\"100\" height=\"100\" data-kale-share-title=\"O\u00f9 f\u00eate-t-on Sainte Lucie : les traditions dans le monde\" data-kale-share-url=\"https:\/\/blog.holyart.it\/fr\/?p=9245\" \/><\/div>\n<div class=\"blocco-contenuto\">\n<div class=\"blocco-acquista\">Acheter sur Holyart:<\/div>\n<div class=\"blocco-titolo\"><a href=\"https:\/\/www.holyart.fr\/noel\">No\u00ebl<\/a><\/div>\n<div class=\"blocco-descrizione\">S\u00e9lection d&rsquo;articles pour d\u00e9corer la maison, le sapin de No\u00ebl et pour r\u00e9aliser la cr\u00e8che.<\/div>\n<\/div>\n<\/div>\n<h2>Traditions de Sainte Lucie<\/h2>\n<p>En ce qui concerne l\u2019<strong>Italie<\/strong>, Sainte Lucie est la <strong>Sainte patronne de Syracuse<\/strong>, ville o\u00f9 la jeune fille \u00e9tait n\u00e9e et o\u00f9 elle subit le martyre en 310 apr. J.-C., sous le r\u00e8gne de Diocl\u00e9tien, selon certaines traditions car elle apportait nourriture et soutien aux chr\u00e9tiens dans les Catacombes, en illuminant son chemin avec une couronne de bougies allum\u00e9es pos\u00e9e sur sa t\u00eate, selon d\u2019autres car elle refusa d\u2019\u00e9pouser un pa\u00efen. Syracuse f\u00eate sa Sainte patronne le 13 d\u00e9cembre en faisant d\u00e9filer dans les rues de la ville une <a href=\"https:\/\/www.holyart.fr\/articles-religieux\/statues\/statues-en-platre\/sainte-lucie-40-cm-platre-nacre\"><strong>statue<\/strong><\/a><strong> en argent<\/strong> qui la repr\u00e9sente et qui contient ses reliques, g\u00e9n\u00e9ralement conserv\u00e9e dans la Cath\u00e9drale de Syracuse. \u00c0 l\u2019occasion de cette f\u00eate, on mange des <strong>c\u00e9r\u00e9ales compl\u00e8tes<\/strong> au lieu du pain et on pr\u00e9pare la <strong><em>cuccia<\/em> de Sainte Lucie<\/strong>, un dessert typique sicilien fait avec du bl\u00e9 bouilli additionn\u00e9 de ricotta, p\u00e9pites de chocolat et miel.<\/p>\n<div class=\"link-product\">\n<div class=\"blocco-immagine\"><img loading=\"lazy\" decoding=\"async\" class=\"size-full wp-image-9250 alignleft\" src=\"https:\/\/blog.holyart.it\/fr\/wp-content\/uploads\/sites\/14\/2024\/11\/sainte-lucie-1.jpg\" alt=\"sainte lucie\" width=\"100\" height=\"100\" data-kale-share-title=\"O\u00f9 f\u00eate-t-on Sainte Lucie : les traditions dans le monde\" data-kale-share-url=\"https:\/\/blog.holyart.it\/fr\/?p=9245\" \/><\/div>\n<div class=\"blocco-contenuto\">\n<div class=\"blocco-acquista\">Acheter sur Holyart:<\/div>\n<div class=\"blocco-titolo\"><a href=\"https:\/\/www.holyart.fr\/blog\/saints-et-bienheureux\/lhistoire-de-sainte-lucie-la-martyre-qui-amene-des-dons\/\">Sainte Lucie 40 cm pl\u00e2tre nacr\u00e9<\/a><\/div>\n<div class=\"blocco-descrizione\">Produite et peinte \u00e0 la main en Italie.<\/div>\n<\/div>\n<\/div>\n<p>Mais la <a href=\"https:\/\/www.holyart.fr\/blog\/saints-et-bienheureux\/lhistoire-de-sainte-lucie-la-martyre-qui-amene-des-dons\/\"><strong>tradition de Sainte Lucie<\/strong><\/a> est f\u00eat\u00e9e \u00e9galement dans le <strong>Nord de l\u2019Italie<\/strong>, \u00e0 Brescia, Cr\u00e9mone, Lodi, Pavie, Mantoue, Plaisance, Parme, Reggio d\u2019\u00c9milie, dans les r\u00e9gions V\u00e9n\u00e9tie, Frioul-V\u00e9n\u00e9tie Julienne et Trentin-Haut-Adige. Dans de nombreuses villes o\u00f9 l\u2019on f\u00eate Sainte Lucie, les enfants sont invit\u00e9s \u00e0 \u00e9crire une <strong>petite lettre \u00e0 la Sainte<\/strong>, en demandant des <strong>cadeaux<\/strong> et en racontant leurs bonnes actions. La nuit du 13 d\u00e9cembre, elle arrive sur le dos de son <strong>\u00e2ne<\/strong>, pour lequel les petits de la maison installent un app\u00e9tissant en-cas \u00e0 base de carottes et de lait, et am\u00e8ne des dons aux enfants sages. Pour cette raison, la nuit de Sainte Lucie est unes des plus attendues par les enfants.<\/p>\n<p>La communaut\u00e9 sicilienne en <strong>Argentine<\/strong> a amen\u00e9 avec elle l\u2019amour pour Sainte Lucie et dans ce pays aussi la f\u00eate de la Sainte est c\u00e9l\u00e9br\u00e9e avec de grandes processions, o\u00f9 les jeunes gar\u00e7ons et les jeunes filles portent les habits de Saints et Saintes li\u00e9s \u00e0 la No\u00ebl.<\/p>\n<p>En <strong>Dalmatie et en Hongrie<\/strong>, le 13 d\u00e9cembre on plante des grains de bl\u00e9, symbole de la Nativit\u00e9 qui va arriver.<\/p>\n<div class=\"link-article\">\n<p><img loading=\"lazy\" decoding=\"async\" class=\"size-full wp-image-9249 alignleft\" src=\"https:\/\/blog.holyart.it\/fr\/wp-content\/uploads\/sites\/14\/2024\/11\/Lhistoire-de-sainte-lucie.jpeg\" alt=\"L'histoire de sainte lucie\" width=\"150\" height=\"99\" data-kale-share-title=\"O\u00f9 f\u00eate-t-on Sainte Lucie : les traditions dans le monde\" data-kale-share-url=\"https:\/\/blog.holyart.it\/fr\/?p=9245\" \/><\/p>\n<div class=\"leggi-anche\">Lire aussi :<\/div>\n<p><strong><a href=\"https:\/\/www.holyart.fr\/blog\/saints-et-bienheureux\/lhistoire-de-sainte-lucie-la-martyre-qui-amene-des-dons\/\">L\u2019histoire de Sainte Lucie : la martyre qui am\u00e8ne des dons<\/a><\/strong><br \/>\nLe 13 d\u00e9cembre, jour de Sainte Lucie, anticipe de quelques jours la lumi\u00e8re de la No\u00ebl. Qui est-ce cette Sainte&#8230;<\/p>\n<\/div>\n<h3>F\u00eate de Sainte Lucie dans les pays scandinaves<\/h3>\n<p>La f\u00eate de <a href=\"https:\/\/www.holyart.fr\/articles-religieux\/statues\/statues-en-resine-et-pvc\/sainte-lucie-statue-20-cm-resine\"><strong>Sainte Lucie<\/strong><\/a> est tr\u00e8s aim\u00e9e et c\u00e9l\u00e9br\u00e9e en <strong>Su\u00e8de<\/strong>, <strong>Norv\u00e8ge<\/strong>, <strong>Danemark<\/strong> et <strong>Finlande<\/strong>, o\u00f9 elle prend un sens encore plus profond\u00e9ment li\u00e9 \u00e0 la lumi\u00e8re. Les jeunes filles scandinaves enfilent des longues robes blanches, qui rappellent la puret\u00e9 de la Sainte et du Bapt\u00eame, une ceinture rouge, symbole de son martyre, et portent une couronne de bougies sur la t\u00eate, d\u00e9filant en procession. Cette tradition est une mani\u00e8re de c\u00e9l\u00e9brer la <strong>victoire de la lumi\u00e8re sur l\u2019obscurit\u00e9<\/strong>, sur les t\u00e9n\u00e8bres de l\u2019hiver, qui dans ces pays est vraiment froid, long et sombre. Souvent les jeunes filles apportent des desserts et du pain, et chantent des chansons d\u00e9di\u00e9es \u00e0 la Sainte. Chaque pays nordique o\u00f9 l\u2019on f\u00eate Sainte Lucie a une mani\u00e8re diff\u00e9rente de c\u00e9l\u00e9brer la Sainte de la lumi\u00e8re.<\/p>\n<div class=\"link-product\">\n<div class=\"blocco-immagine\"><img loading=\"lazy\" decoding=\"async\" class=\"wp-image-9251 alignleft\" src=\"https:\/\/blog.holyart.it\/fr\/wp-content\/uploads\/sites\/14\/2024\/11\/statue-sainte-lucie-30-cm-resine-coloree.jpg\" alt=\"statue sainte lucie 30 cm resine coloree\" width=\"100\" height=\"100\" data-kale-share-title=\"O\u00f9 f\u00eate-t-on Sainte Lucie : les traditions dans le monde\" data-kale-share-url=\"https:\/\/blog.holyart.it\/fr\/?p=9245\" \/><\/div>\n<div class=\"blocco-contenuto\">\n<div class=\"blocco-acquista\">Acheter sur Holyart:<\/div>\n<div class=\"blocco-titolo\"><a href=\"https:\/\/www.holyart.fr\/articles-religieux\/statues\/statues-en-resine-et-pvc\/statue-sainte-lucie-30-cm-resine-coloree\">Statue Sainte Lucie 30 cm r\u00e9sine color\u00e9e<\/a><\/div>\n<div class=\"blocco-descrizione\">Produit enti\u00e8rement r\u00e9alis\u00e9 en Italie.<\/div>\n<\/div>\n<\/div>\n<h3>Sainte Lucie en Su\u00e8de<\/h3>\n<p>Celle de Sainte Lucie est une des plus grandes traditions su\u00e9doises, c\u00e9l\u00e9br\u00e9e par l\u2019\u00e9glise chr\u00e9tienne comme par la luth\u00e9rienne. Outre \u00e0 un hommage \u00e0 la Sainte, il s\u2019agit d\u2019une mani\u00e8re pour <strong>implorer pour la lumi\u00e8re<\/strong>, qui en cette p\u00e9riode est vraiment peu pr\u00e9sente dans ce pays. Les \u00e9glises des villes principales s\u2019animent de <strong>concerts<\/strong>, avec ch\u0153urs d\u2019enfants, et <strong>on \u00e9lit Saint Lucie<\/strong>, une jeune fille qui avec une couronne de bougies sur la t\u00eate guidera la procession des jeunes de son \u00e2ge, toutes habill\u00e9es en blanc et avec les cheveux tress\u00e9s avec des feuilles vertes et des rubans rouges. Une curiosit\u00e9 : la chanson chant\u00e9e pendant ces processions est\u00a0<em>Lucias\u00e5ngen<\/em>, c\u2019est-\u00e0-dire la chanson napolitaine tout italienne de Sainte Lucie, mais avec le texte en su\u00e9dois !<br \/>\n\u00c0 cette occasion sont \u00e9galement pr\u00e9par\u00e9s les\u00a0<em>Lussekatter<\/em>\u00a0(les Chats de Lucie), des petites brioches au safran et aux raisins, et d\u2019autres desserts traditionnels.<\/p>\n<p><img decoding=\"async\" src=\"https:\/\/www.holyart.it\/blog\/wp-content\/uploads\/sites\/17\/2022\/11\/lussekatter-dolce-santa-lucia.jpg\" alt=\"lussekatter dolce santa lucia\" \/><\/p>\n<h3>Sainte Lucie au Danemark<\/h3>\n<p>En Danemark aussi le 13 d\u00e9cembre de chaque ann\u00e9e on f\u00eate le\u00a0<strong><em>Luciadag<\/em>, \u00ab\u00a0jour de Lucie\u00a0\u00bb<\/strong>. Dans ce pays aussi c\u2019est la lumi\u00e8re le v\u00e9ritable sujet de la c\u00e9l\u00e9bration, essentielle pour la vie humaine et si \u00e9ph\u00e9m\u00e8re en ce pays. Apr\u00e8s le Solstice d\u2019Hiver, que les peuples nordiques consid\u00e9raient la nuit la plus longue de l\u2019ann\u00e9e, les journ\u00e9es auraient commenc\u00e9 \u00e0 s\u2019allonger et la lumi\u00e8re serait revenue dans le monde. Ce n\u2019est pas un hasard si le premier <em>Luciadag<\/em> fut c\u00e9l\u00e9br\u00e9 au Danemark en 1944, apr\u00e8s la fin de l\u2019occupation allemande pendant la Deuxi\u00e8me Guerre Mondiale, consid\u00e9r\u00e9e par tout le monde la p\u00e9riode la plus sombre de l\u2019histoire du pays. Au Danemark aussi ont lieu des <strong>processions solennelles<\/strong>, des c\u00e9l\u00e9brations dans les \u00e9glises, mais aussi des repr\u00e9sentations dans les cr\u00e8ches et dans les \u00e9coles. On choisit une \u00ab\u00a0Lucie\u00a0\u00bb et les jeunes filles la suivent en chantant, habill\u00e9es de blanc et avec une bougie en main. La Lucie danoise aussi est couronn\u00e9e de bougies allum\u00e9es.<\/p>\n<h3>Sainte Lucie en Norv\u00e8ge<\/h3>\n<p>En Norv\u00e8ge, ce sont <strong>les enfants qui d\u00e9filent habill\u00e9s en blanc<\/strong>, en portant des bougies, en chantant des chansons et en distribuant des petits pains de f\u00eate. Une jeune fille blonde les conduit, repr\u00e9sentant <a href=\"https:\/\/www.holyart.fr\/articles-religieux\/tapisseries-religieuses\/tapisserie-ste-lucie-50x40-cm\"><strong>Sainte Lucie<\/strong><\/a>, avec une bougie sur la t\u00eate afin d\u2019avoir les mains libres pendant qu\u2019elle visite h\u00f4pitaux et maisons de repos en distribuant les desserts typiques de cette f\u00eate, les <em>lussekatt buns.<br \/>\n<\/em>En Norv\u00e8ge, la f\u00eate de Sainte Lucie a des <strong>origines pa\u00efennes<\/strong>, li\u00e9es \u00e0 <strong>Lussi, la \u00ab\u00a0Lumineuse\u00a0\u00bb<\/strong>, le double pa\u00efen et \u00ab\u00a0obscur\u00a0\u00bb de Sainte Lucie, un esprit f\u00e9minin li\u00e9 aux esprits de l\u2019Au-del\u00e0, qui guide une procession fant\u00f4me. Afin d\u2019\u00e9viter de tomber dans cette procession obscure, dans le pass\u00e9 les gens ne sortaient jamais pendant la nuit du 13 d\u00e9cembre.<\/p>\n<p>En Norv\u00e8ge aussi on f\u00eate avec <strong>d\u00e9fil\u00e9s et concerts<\/strong>.<\/p>\n<div class=\"link-product\">\n<div class=\"blocco-immagine\"><img loading=\"lazy\" decoding=\"async\" class=\"size-full wp-image-9252 alignleft\" src=\"https:\/\/blog.holyart.it\/fr\/wp-content\/uploads\/sites\/14\/2024\/11\/tapisserie-sainte-lucie.jpg\" alt=\"tapisserie sainte lucie\" width=\"100\" height=\"100\" data-kale-share-title=\"O\u00f9 f\u00eate-t-on Sainte Lucie : les traditions dans le monde\" data-kale-share-url=\"https:\/\/blog.holyart.it\/fr\/?p=9245\" \/><\/div>\n<div class=\"blocco-contenuto\">\n<div class=\"blocco-acquista\">Acheter sur Holyart:<\/div>\n<div class=\"blocco-titolo\"><a href=\"https:\/\/www.holyart.fr\/articles-religieux\/tapisseries-religieuses\/tapisserie-ste-lucie-50x40-cm\">Tapisserie Ste Lucie 50&#215;40 cm<\/a><\/div>\n<div class=\"blocco-descrizione\">Enti\u00e8rement confectionn\u00e9e en tissu Jacquard et finie \u00e0 la main en Italie.<\/div>\n<\/div>\n<\/div>\n<h3>Sainte Lucie en Finlande<\/h3>\n<p>En Finlande, des traditions li\u00e9es \u00e0 Sainte Lucie sont attest\u00e9es depuis 1898, mais les premi\u00e8res f\u00eates remontent \u00e0 1930. Ici aussi la Sainte est rappel\u00e9e pour son <strong>r\u00f4le symbolique li\u00e9 au Solstice <\/strong>et non pas vraiment pour son martyre. C\u00e9l\u00e8bre est le proverbe finlandais : <em>Lucia pisimm\u00e4n y\u00f6n anda, Vitus pisimm\u00e4n p\u00e4iv\u00e4n kanda<\/em>, \u00ab\u00a0Lucie donne la nuit la plus longue, Vitus am\u00e8ne le jour le plus long\u00a0\u00bb<\/p>\n<p>Mais Sainte Lucie en Finlande veille \u00e9galement sur <strong>les jeunes filles qui souhaitent trouver un mari<\/strong>. Ici aussi les filles habill\u00e9es en blanc d\u00e9filent avec une couronne de bougies en invoquant la Sainte \u00ab\u00a0porteuse de lumi\u00e8re\u00a0\u00bb afin qu\u2019elle illumine la p\u00e9riode la plus sombre de l\u2019ann\u00e9e.<\/p>\n","protected":false},"excerpt":{"rendered":"<p>Cadeaux pour les enfants, desserts typiques, processions et chants. Voici o\u00f9 l\u2019on f\u00eate Sainte Lucie et comment chaque pays lui rend hommage. Le 13 d\u00e9cembre, Sainte Lucie, la jeune martyre chr\u00e9tienne dont le pr\u00e9nom signifie lumi\u00e8re, du latin lux, est f\u00eat\u00e9e dans de nombreuses parties&hellip;<\/p>\n","protected":false},"author":1,"featured_media":9246,"comment_status":"closed","ping_status":"open","sticky":false,"template":"","format":"standard","meta":{"_acf_changed":false,"footnotes":""},"categories":[10],"tags":[],"class_list":["post-9245","post","type-post","status-publish","format-standard","has-post-thumbnail","hentry","category-noel"],"acf":[],"yoast_head":"<!-- This site is optimized with the Yoast SEO plugin v26.6 - https:\/\/yoast.com\/wordpress\/plugins\/seo\/ -->\n<title>O\u00f9 f\u00eate-t-on Sainte Lucie : les traditions dans le monde - Holyart.fr Blog<\/title>\n<meta name=\"description\" content=\"Dans de nombreux pays, Sainte Lucie est aim\u00e9e et c\u00e9l\u00e9br\u00e9e par tout le monde. Voici o\u00f9 l\u2019on f\u00eate, porteuse de lumi\u00e8re et d\u2019espoir.\" \/>\n<meta name=\"robots\" content=\"index, follow, max-snippet:-1, max-image-preview:large, max-video-preview:-1\" \/>\n<link rel=\"canonical\" href=\"https:\/\/blog.holyart.it\/fr\/noel\/ou-fete-t-on-sainte-lucie-les-traditions-dans-le-monde\/\" \/>\n<meta property=\"og:locale\" content=\"fr_FR\" \/>\n<meta property=\"og:type\" content=\"article\" \/>\n<meta property=\"og:title\" content=\"O\u00f9 f\u00eate-t-on Sainte Lucie : les traditions dans le monde - Holyart.fr Blog\" \/>\n<meta property=\"og:description\" content=\"Dans de nombreux pays, Sainte Lucie est aim\u00e9e et c\u00e9l\u00e9br\u00e9e par tout le monde. Voici o\u00f9 l\u2019on f\u00eate, porteuse de lumi\u00e8re et d\u2019espoir.\" \/>\n<meta property=\"og:url\" content=\"https:\/\/blog.holyart.it\/fr\/noel\/ou-fete-t-on-sainte-lucie-les-traditions-dans-le-monde\/\" \/>\n<meta property=\"og:site_name\" content=\"Holyart.fr Blog\" \/>\n<meta property=\"article:published_time\" content=\"2024-12-09T09:00:59+00:00\" \/>\n<meta property=\"article:modified_time\" content=\"2025-11-19T11:39:43+00:00\" \/>\n<meta property=\"og:image\" content=\"https:\/\/blog.holyart.it\/fr\/wp-content\/uploads\/sites\/14\/2024\/11\/Ou-fete-t-on-Sainte-Lucie-les-traditions-dans-le-monde.jpg\" \/>\n\t<meta property=\"og:image:width\" content=\"1000\" \/>\n\t<meta property=\"og:image:height\" content=\"666\" \/>\n\t<meta property=\"og:image:type\" content=\"image\/jpeg\" \/>\n<meta name=\"author\" content=\"Redazione\" \/>\n<meta name=\"twitter:card\" content=\"summary_large_image\" \/>\n<meta name=\"twitter:label1\" content=\"\u00c9crit par\" \/>\n\t<meta name=\"twitter:data1\" content=\"Redazione\" \/>\n\t<meta name=\"twitter:label2\" content=\"Dur\u00e9e de lecture estim\u00e9e\" \/>\n\t<meta name=\"twitter:data2\" content=\"9 minutes\" \/>\n<script type=\"application\/ld+json\" class=\"yoast-schema-graph\">{\"@context\":\"https:\/\/schema.org\",\"@graph\":[{\"@type\":\"Article\",\"@id\":\"https:\/\/blog.holyart.it\/fr\/noel\/ou-fete-t-on-sainte-lucie-les-traditions-dans-le-monde\/#article\",\"isPartOf\":{\"@id\":\"https:\/\/blog.holyart.it\/fr\/noel\/ou-fete-t-on-sainte-lucie-les-traditions-dans-le-monde\/\"},\"author\":{\"name\":\"Redazione\",\"@id\":\"https:\/\/blog.holyart.it\/fr\/#\/schema\/person\/0a7b686e5af0f856ec1e390dd0baecda\"},\"headline\":\"O\u00f9 f\u00eate-t-on Sainte Lucie : les traditions dans le monde\",\"datePublished\":\"2024-12-09T09:00:59+00:00\",\"dateModified\":\"2025-11-19T11:39:43+00:00\",\"mainEntityOfPage\":{\"@id\":\"https:\/\/blog.holyart.it\/fr\/noel\/ou-fete-t-on-sainte-lucie-les-traditions-dans-le-monde\/\"},\"wordCount\":1532,\"publisher\":{\"@id\":\"https:\/\/blog.holyart.it\/fr\/#organization\"},\"image\":{\"@id\":\"https:\/\/blog.holyart.it\/fr\/noel\/ou-fete-t-on-sainte-lucie-les-traditions-dans-le-monde\/#primaryimage\"},\"thumbnailUrl\":\"https:\/\/blog.holyart.it\/fr\/wp-content\/uploads\/sites\/14\/2024\/11\/Ou-fete-t-on-Sainte-Lucie-les-traditions-dans-le-monde.jpg\",\"articleSection\":[\"No\u00ebl\"],\"inLanguage\":\"fr-FR\"},{\"@type\":\"WebPage\",\"@id\":\"https:\/\/blog.holyart.it\/fr\/noel\/ou-fete-t-on-sainte-lucie-les-traditions-dans-le-monde\/\",\"url\":\"https:\/\/blog.holyart.it\/fr\/noel\/ou-fete-t-on-sainte-lucie-les-traditions-dans-le-monde\/\",\"name\":\"O\u00f9 f\u00eate-t-on Sainte Lucie : les traditions dans le monde - Holyart.fr Blog\",\"isPartOf\":{\"@id\":\"https:\/\/blog.holyart.it\/fr\/#website\"},\"primaryImageOfPage\":{\"@id\":\"https:\/\/blog.holyart.it\/fr\/noel\/ou-fete-t-on-sainte-lucie-les-traditions-dans-le-monde\/#primaryimage\"},\"image\":{\"@id\":\"https:\/\/blog.holyart.it\/fr\/noel\/ou-fete-t-on-sainte-lucie-les-traditions-dans-le-monde\/#primaryimage\"},\"thumbnailUrl\":\"https:\/\/blog.holyart.it\/fr\/wp-content\/uploads\/sites\/14\/2024\/11\/Ou-fete-t-on-Sainte-Lucie-les-traditions-dans-le-monde.jpg\",\"datePublished\":\"2024-12-09T09:00:59+00:00\",\"dateModified\":\"2025-11-19T11:39:43+00:00\",\"description\":\"Dans de nombreux pays, Sainte Lucie est aim\u00e9e et c\u00e9l\u00e9br\u00e9e par tout le monde. Voici o\u00f9 l\u2019on f\u00eate, porteuse de lumi\u00e8re et d\u2019espoir.\",\"breadcrumb\":{\"@id\":\"https:\/\/blog.holyart.it\/fr\/noel\/ou-fete-t-on-sainte-lucie-les-traditions-dans-le-monde\/#breadcrumb\"},\"inLanguage\":\"fr-FR\",\"potentialAction\":[{\"@type\":\"ReadAction\",\"target\":[\"https:\/\/blog.holyart.it\/fr\/noel\/ou-fete-t-on-sainte-lucie-les-traditions-dans-le-monde\/\"]}]},{\"@type\":\"ImageObject\",\"inLanguage\":\"fr-FR\",\"@id\":\"https:\/\/blog.holyart.it\/fr\/noel\/ou-fete-t-on-sainte-lucie-les-traditions-dans-le-monde\/#primaryimage\",\"url\":\"https:\/\/blog.holyart.it\/fr\/wp-content\/uploads\/sites\/14\/2024\/11\/Ou-fete-t-on-Sainte-Lucie-les-traditions-dans-le-monde.jpg\",\"contentUrl\":\"https:\/\/blog.holyart.it\/fr\/wp-content\/uploads\/sites\/14\/2024\/11\/Ou-fete-t-on-Sainte-Lucie-les-traditions-dans-le-monde.jpg\",\"width\":1000,\"height\":666,\"caption\":\"O\u00f9 f\u00eate-t-on Sainte Lucie les traditions dans le monde\"},{\"@type\":\"BreadcrumbList\",\"@id\":\"https:\/\/blog.holyart.it\/fr\/noel\/ou-fete-t-on-sainte-lucie-les-traditions-dans-le-monde\/#breadcrumb\",\"itemListElement\":[{\"@type\":\"ListItem\",\"position\":1,\"name\":\"Homepage\",\"item\":\"https:\/\/blog.holyart.it\/fr\/\"},{\"@type\":\"ListItem\",\"position\":2,\"name\":\"No\u00ebl\",\"item\":\"https:\/\/blog.holyart.it\/fr\/noel\/\"},{\"@type\":\"ListItem\",\"position\":3,\"name\":\"O\u00f9 f\u00eate-t-on Sainte Lucie : les traditions dans le monde\"}]},{\"@type\":\"WebSite\",\"@id\":\"https:\/\/blog.holyart.it\/fr\/#website\",\"url\":\"https:\/\/blog.holyart.it\/fr\/\",\"name\":\"Holyart.fr Blog\",\"description\":\"Holyblog\",\"publisher\":{\"@id\":\"https:\/\/blog.holyart.it\/fr\/#organization\"},\"potentialAction\":[{\"@type\":\"SearchAction\",\"target\":{\"@type\":\"EntryPoint\",\"urlTemplate\":\"https:\/\/blog.holyart.it\/fr\/?s={search_term_string}\"},\"query-input\":{\"@type\":\"PropertyValueSpecification\",\"valueRequired\":true,\"valueName\":\"search_term_string\"}}],\"inLanguage\":\"fr-FR\"},{\"@type\":\"Organization\",\"@id\":\"https:\/\/blog.holyart.it\/fr\/#organization\",\"name\":\"Holyart.fr Blog\",\"url\":\"https:\/\/blog.holyart.it\/fr\/\",\"logo\":{\"@type\":\"ImageObject\",\"inLanguage\":\"fr-FR\",\"@id\":\"https:\/\/blog.holyart.it\/fr\/#\/schema\/logo\/image\/\",\"url\":\"https:\/\/blog.holyart.it\/fr\/wp-content\/uploads\/sites\/14\/2022\/12\/Holyart_Blog_Logo.jpg\",\"contentUrl\":\"https:\/\/blog.holyart.it\/fr\/wp-content\/uploads\/sites\/14\/2022\/12\/Holyart_Blog_Logo.jpg\",\"width\":300,\"height\":50,\"caption\":\"Holyart.fr Blog\"},\"image\":{\"@id\":\"https:\/\/blog.holyart.it\/fr\/#\/schema\/logo\/image\/\"}},{\"@type\":\"Person\",\"@id\":\"https:\/\/blog.holyart.it\/fr\/#\/schema\/person\/0a7b686e5af0f856ec1e390dd0baecda\",\"name\":\"Redazione\",\"image\":{\"@type\":\"ImageObject\",\"inLanguage\":\"fr-FR\",\"@id\":\"https:\/\/blog.holyart.it\/fr\/#\/schema\/person\/image\/\",\"url\":\"https:\/\/secure.gravatar.com\/avatar\/f477da817f43e50d0af36abecd33e3edf826c68299714bdc1057dff3b113f516?s=96&d=mm&r=g\",\"contentUrl\":\"https:\/\/secure.gravatar.com\/avatar\/f477da817f43e50d0af36abecd33e3edf826c68299714bdc1057dff3b113f516?s=96&d=mm&r=g\",\"caption\":\"Redazione\"},\"url\":\"https:\/\/blog.holyart.it\/fr\/author\/admin\/\"}]}<\/script>\n<!-- \/ Yoast SEO plugin. -->","yoast_head_json":{"title":"O\u00f9 f\u00eate-t-on Sainte Lucie : les traditions dans le monde - Holyart.fr Blog","description":"Dans de nombreux pays, Sainte Lucie est aim\u00e9e et c\u00e9l\u00e9br\u00e9e par tout le monde. Voici o\u00f9 l\u2019on f\u00eate, porteuse de lumi\u00e8re et d\u2019espoir.","robots":{"index":"index","follow":"follow","max-snippet":"max-snippet:-1","max-image-preview":"max-image-preview:large","max-video-preview":"max-video-preview:-1"},"canonical":"https:\/\/blog.holyart.it\/fr\/noel\/ou-fete-t-on-sainte-lucie-les-traditions-dans-le-monde\/","og_locale":"fr_FR","og_type":"article","og_title":"O\u00f9 f\u00eate-t-on Sainte Lucie : les traditions dans le monde - Holyart.fr Blog","og_description":"Dans de nombreux pays, Sainte Lucie est aim\u00e9e et c\u00e9l\u00e9br\u00e9e par tout le monde. Voici o\u00f9 l\u2019on f\u00eate, porteuse de lumi\u00e8re et d\u2019espoir.","og_url":"https:\/\/blog.holyart.it\/fr\/noel\/ou-fete-t-on-sainte-lucie-les-traditions-dans-le-monde\/","og_site_name":"Holyart.fr Blog","article_published_time":"2024-12-09T09:00:59+00:00","article_modified_time":"2025-11-19T11:39:43+00:00","og_image":[{"width":1000,"height":666,"url":"https:\/\/blog.holyart.it\/fr\/wp-content\/uploads\/sites\/14\/2024\/11\/Ou-fete-t-on-Sainte-Lucie-les-traditions-dans-le-monde.jpg","type":"image\/jpeg"}],"author":"Redazione","twitter_card":"summary_large_image","twitter_misc":{"\u00c9crit par":"Redazione","Dur\u00e9e de lecture estim\u00e9e":"9 minutes"},"schema":{"@context":"https:\/\/schema.org","@graph":[{"@type":"Article","@id":"https:\/\/blog.holyart.it\/fr\/noel\/ou-fete-t-on-sainte-lucie-les-traditions-dans-le-monde\/#article","isPartOf":{"@id":"https:\/\/blog.holyart.it\/fr\/noel\/ou-fete-t-on-sainte-lucie-les-traditions-dans-le-monde\/"},"author":{"name":"Redazione","@id":"https:\/\/blog.holyart.it\/fr\/#\/schema\/person\/0a7b686e5af0f856ec1e390dd0baecda"},"headline":"O\u00f9 f\u00eate-t-on Sainte Lucie : les traditions dans le monde","datePublished":"2024-12-09T09:00:59+00:00","dateModified":"2025-11-19T11:39:43+00:00","mainEntityOfPage":{"@id":"https:\/\/blog.holyart.it\/fr\/noel\/ou-fete-t-on-sainte-lucie-les-traditions-dans-le-monde\/"},"wordCount":1532,"publisher":{"@id":"https:\/\/blog.holyart.it\/fr\/#organization"},"image":{"@id":"https:\/\/blog.holyart.it\/fr\/noel\/ou-fete-t-on-sainte-lucie-les-traditions-dans-le-monde\/#primaryimage"},"thumbnailUrl":"https:\/\/blog.holyart.it\/fr\/wp-content\/uploads\/sites\/14\/2024\/11\/Ou-fete-t-on-Sainte-Lucie-les-traditions-dans-le-monde.jpg","articleSection":["No\u00ebl"],"inLanguage":"fr-FR"},{"@type":"WebPage","@id":"https:\/\/blog.holyart.it\/fr\/noel\/ou-fete-t-on-sainte-lucie-les-traditions-dans-le-monde\/","url":"https:\/\/blog.holyart.it\/fr\/noel\/ou-fete-t-on-sainte-lucie-les-traditions-dans-le-monde\/","name":"O\u00f9 f\u00eate-t-on Sainte Lucie : les traditions dans le monde - Holyart.fr Blog","isPartOf":{"@id":"https:\/\/blog.holyart.it\/fr\/#website"},"primaryImageOfPage":{"@id":"https:\/\/blog.holyart.it\/fr\/noel\/ou-fete-t-on-sainte-lucie-les-traditions-dans-le-monde\/#primaryimage"},"image":{"@id":"https:\/\/blog.holyart.it\/fr\/noel\/ou-fete-t-on-sainte-lucie-les-traditions-dans-le-monde\/#primaryimage"},"thumbnailUrl":"https:\/\/blog.holyart.it\/fr\/wp-content\/uploads\/sites\/14\/2024\/11\/Ou-fete-t-on-Sainte-Lucie-les-traditions-dans-le-monde.jpg","datePublished":"2024-12-09T09:00:59+00:00","dateModified":"2025-11-19T11:39:43+00:00","description":"Dans de nombreux pays, Sainte Lucie est aim\u00e9e et c\u00e9l\u00e9br\u00e9e par tout le monde. Voici o\u00f9 l\u2019on f\u00eate, porteuse de lumi\u00e8re et d\u2019espoir.","breadcrumb":{"@id":"https:\/\/blog.holyart.it\/fr\/noel\/ou-fete-t-on-sainte-lucie-les-traditions-dans-le-monde\/#breadcrumb"},"inLanguage":"fr-FR","potentialAction":[{"@type":"ReadAction","target":["https:\/\/blog.holyart.it\/fr\/noel\/ou-fete-t-on-sainte-lucie-les-traditions-dans-le-monde\/"]}]},{"@type":"ImageObject","inLanguage":"fr-FR","@id":"https:\/\/blog.holyart.it\/fr\/noel\/ou-fete-t-on-sainte-lucie-les-traditions-dans-le-monde\/#primaryimage","url":"https:\/\/blog.holyart.it\/fr\/wp-content\/uploads\/sites\/14\/2024\/11\/Ou-fete-t-on-Sainte-Lucie-les-traditions-dans-le-monde.jpg","contentUrl":"https:\/\/blog.holyart.it\/fr\/wp-content\/uploads\/sites\/14\/2024\/11\/Ou-fete-t-on-Sainte-Lucie-les-traditions-dans-le-monde.jpg","width":1000,"height":666,"caption":"O\u00f9 f\u00eate-t-on Sainte Lucie les traditions dans le monde"},{"@type":"BreadcrumbList","@id":"https:\/\/blog.holyart.it\/fr\/noel\/ou-fete-t-on-sainte-lucie-les-traditions-dans-le-monde\/#breadcrumb","itemListElement":[{"@type":"ListItem","position":1,"name":"Homepage","item":"https:\/\/blog.holyart.it\/fr\/"},{"@type":"ListItem","position":2,"name":"No\u00ebl","item":"https:\/\/blog.holyart.it\/fr\/noel\/"},{"@type":"ListItem","position":3,"name":"O\u00f9 f\u00eate-t-on Sainte Lucie : les traditions dans le monde"}]},{"@type":"WebSite","@id":"https:\/\/blog.holyart.it\/fr\/#website","url":"https:\/\/blog.holyart.it\/fr\/","name":"Holyart.fr Blog","description":"Holyblog","publisher":{"@id":"https:\/\/blog.holyart.it\/fr\/#organization"},"potentialAction":[{"@type":"SearchAction","target":{"@type":"EntryPoint","urlTemplate":"https:\/\/blog.holyart.it\/fr\/?s={search_term_string}"},"query-input":{"@type":"PropertyValueSpecification","valueRequired":true,"valueName":"search_term_string"}}],"inLanguage":"fr-FR"},{"@type":"Organization","@id":"https:\/\/blog.holyart.it\/fr\/#organization","name":"Holyart.fr Blog","url":"https:\/\/blog.holyart.it\/fr\/","logo":{"@type":"ImageObject","inLanguage":"fr-FR","@id":"https:\/\/blog.holyart.it\/fr\/#\/schema\/logo\/image\/","url":"https:\/\/blog.holyart.it\/fr\/wp-content\/uploads\/sites\/14\/2022\/12\/Holyart_Blog_Logo.jpg","contentUrl":"https:\/\/blog.holyart.it\/fr\/wp-content\/uploads\/sites\/14\/2022\/12\/Holyart_Blog_Logo.jpg","width":300,"height":50,"caption":"Holyart.fr Blog"},"image":{"@id":"https:\/\/blog.holyart.it\/fr\/#\/schema\/logo\/image\/"}},{"@type":"Person","@id":"https:\/\/blog.holyart.it\/fr\/#\/schema\/person\/0a7b686e5af0f856ec1e390dd0baecda","name":"Redazione","image":{"@type":"ImageObject","inLanguage":"fr-FR","@id":"https:\/\/blog.holyart.it\/fr\/#\/schema\/person\/image\/","url":"https:\/\/secure.gravatar.com\/avatar\/f477da817f43e50d0af36abecd33e3edf826c68299714bdc1057dff3b113f516?s=96&d=mm&r=g","contentUrl":"https:\/\/secure.gravatar.com\/avatar\/f477da817f43e50d0af36abecd33e3edf826c68299714bdc1057dff3b113f516?s=96&d=mm&r=g","caption":"Redazione"},"url":"https:\/\/blog.holyart.it\/fr\/author\/admin\/"}]}},"_links":{"self":[{"href":"https:\/\/blog.holyart.it\/fr\/wp-json\/wp\/v2\/posts\/9245","targetHints":{"allow":["GET"]}}],"collection":[{"href":"https:\/\/blog.holyart.it\/fr\/wp-json\/wp\/v2\/posts"}],"about":[{"href":"https:\/\/blog.holyart.it\/fr\/wp-json\/wp\/v2\/types\/post"}],"author":[{"embeddable":true,"href":"https:\/\/blog.holyart.it\/fr\/wp-json\/wp\/v2\/users\/1"}],"replies":[{"embeddable":true,"href":"https:\/\/blog.holyart.it\/fr\/wp-json\/wp\/v2\/comments?post=9245"}],"version-history":[{"count":6,"href":"https:\/\/blog.holyart.it\/fr\/wp-json\/wp\/v2\/posts\/9245\/revisions"}],"predecessor-version":[{"id":9259,"href":"https:\/\/blog.holyart.it\/fr\/wp-json\/wp\/v2\/posts\/9245\/revisions\/9259"}],"wp:featuredmedia":[{"embeddable":true,"href":"https:\/\/blog.holyart.it\/fr\/wp-json\/wp\/v2\/media\/9246"}],"wp:attachment":[{"href":"https:\/\/blog.holyart.it\/fr\/wp-json\/wp\/v2\/media?parent=9245"}],"wp:term":[{"taxonomy":"category","embeddable":true,"href":"https:\/\/blog.holyart.it\/fr\/wp-json\/wp\/v2\/categories?post=9245"},{"taxonomy":"post_tag","embeddable":true,"href":"https:\/\/blog.holyart.it\/fr\/wp-json\/wp\/v2\/tags?post=9245"}],"curies":[{"name":"wp","href":"https:\/\/api.w.org\/{rel}","templated":true}]}}