{"id":9160,"date":"2024-11-27T10:00:58","date_gmt":"2024-11-27T09:00:58","guid":{"rendered":"https:\/\/blog.holyart.it\/fr\/?p=9160"},"modified":"2025-12-22T10:07:04","modified_gmt":"2025-12-22T09:07:04","slug":"enfant-jesus-les-representations-les-plus-celebres-au-monde","status":"publish","type":"post","link":"https:\/\/blog.holyart.it\/fr\/articles-religieux\/enfant-jesus-les-representations-les-plus-celebres-au-monde\/","title":{"rendered":"Enfant J\u00e9sus : les repr\u00e9sentations les plus c\u00e9l\u00e8bres au monde"},"content":{"rendered":"<h4>La figure de l\u2019Enfant J\u00e9sus n\u2019appartient pas uniquement \u00e0 la Cr\u00e8che et \u00e0 notre imaginaire enfantin.\u00a0 Symbole de salut et d\u2019espoir, il traverse l\u2019histoire de l\u2019art et de la d\u00e9votion depuis des si\u00e8cles.<\/h4>\n\n<p>Dans une nuit froide, l\u2019hiver de l\u2019ann\u00e9e 1 av. J.-C. un Enfant naquit dans une \u00e9table, dans lequel ses parents avaient cherch\u00e9 refuge car aucune taverne n\u2019avait de la place pour eux. Pour r\u00e9chauffer la m\u00e8re pendant l\u2019accouchement et le petit pendant ses premi\u00e8res heures de vie, il n\u2019y avait qu\u2019un b\u0153uf et un \u00e2ne, avec leur haleine chaude, tandis que, hors de l\u2019abris, dans une nuit grande et myst\u00e9rieuse, une \u00e9toile commen\u00e7ait son voyage \u00e0 travers le ciel afin de raconter l\u2019histoire de toutes les histoires. Nous connaissons tous ce r\u00e9cit, nous l\u2019entendons r\u00e9p\u00e9ter chaque No\u00ebl depuis notre enfance. Et il n\u2019est pas racont\u00e9 uniquement avec des mots, mais il est aussi repr\u00e9sent\u00e9 partout, m\u00eame dans notre maison, avec des santons, de la mousse et une \u00e9toile en papier-m\u00e2ch\u00e9. Et pourtant, \u00e0 chaque fois, nous ne pouvons pas nous emp\u00eacher d\u2019\u00eatre \u00e9mus. La <a href=\"https:\/\/www.holyart.fr\/blog\/noel\/creche-complete-ou-simple-trio-de-la-nativite\/\"><strong>naissance de l\u2019Enfant J\u00e9sus<\/strong><\/a> est bel et bien l\u2019histoire de toutes les histoires.<\/p>\n<div class=\"link-article\">\n<p><img loading=\"lazy\" decoding=\"async\" class=\"size-full wp-image-9162 alignleft\" src=\"https:\/\/blog.holyart.it\/fr\/wp-content\/uploads\/sites\/14\/2024\/11\/Creche-Complete.jpg\" alt=\"Cr\u00e8che Compl\u00e8te\" width=\"150\" height=\"99\" data-kale-share-title=\"Enfant J\u00e9sus : les repr\u00e9sentations les plus c\u00e9l\u00e8bres au monde\" data-kale-share-url=\"https:\/\/blog.holyart.it\/fr\/?p=9160\" \/><\/p>\n<div class=\"leggi-anche\">Lire aussi :<\/div>\n<p><strong><a href=\"https:\/\/www.holyart.fr\/blog\/noel\/creche-complete-ou-simple-trio-de-la-nativite\/\">Cr\u00e8che Compl\u00e8te ou simple trio de la Nativit\u00e9<\/a><\/strong><br \/>\nCr\u00e8che compl\u00e8te ou simplement la Sainte Famille ? No\u00ebl approche et il est temps de&#8230;<\/p>\n<\/div>\n<p>Et comme il doit \u00eatre pour une histoire pareille, outre que dans la <a href=\"https:\/\/www.holyart.fr\/noel\/creches-noel\"><strong>Cr\u00e8che <\/strong><\/a>que chaque ann\u00e9e nous r\u00e9alisons chez nous, elle a \u00e9t\u00e9 racont\u00e9e au cours des si\u00e8cles par d\u2019innombrables artistes, dont certains rendus immortels par leur talent, d\u2019autres oubli\u00e9s, mais pas leur \u0153uvre. Tous ces artistes, connus ou pas, ont donn\u00e9 leur propre interpr\u00e9tation de la naissance de l\u2019Enfant de Bethl\u00e9em et, au cours des si\u00e8cles, <strong>une iconographie sp\u00e9cifique<\/strong> s\u2019est cr\u00e9\u00e9e afin de le repr\u00e9senter. Plus qu\u2019une iconographie, en r\u00e9alit\u00e9, car comme dans chaque aspect de la religion chr\u00e9tienne et vis-\u00e0-vis de ses protagonistes, l\u2019art a d\u00e9clin\u00e9 de nombreuses et diff\u00e9rentes mani\u00e8res messages et symboles.<\/p>\n<div class=\"link-product\">\n<div class=\"blocco-immagine\"><img loading=\"lazy\" decoding=\"async\" class=\"size-full wp-image-9163 alignleft\" src=\"https:\/\/blog.holyart.it\/fr\/wp-content\/uploads\/sites\/14\/2024\/11\/creche-napolitaine.jpg\" alt=\"cr\u00e8che napolitaine\" width=\"100\" height=\"100\" data-kale-share-title=\"Enfant J\u00e9sus : les repr\u00e9sentations les plus c\u00e9l\u00e8bres au monde\" data-kale-share-url=\"https:\/\/blog.holyart.it\/fr\/?p=9160\" \/><\/div>\n<div class=\"blocco-contenuto\">\n<div class=\"blocco-acquista\">Acheter sur Holyart:<\/div>\n<div class=\"blocco-titolo\"><a href=\"https:\/\/www.holyart.fr\/noel\/creches-noel\">Cr\u00e8ches No\u00ebl<\/a><\/div>\n<div class=\"blocco-descrizione\">Dans ce rayon vous pouvez trouver plusieurs mod\u00e8les de cr\u00e8ches.<\/div>\n<\/div>\n<\/div>\n<p>Parmi les nombreuses repr\u00e9sentations r\u00e9currentes de l\u2019<a href=\"https:\/\/www.holyart.fr\/noel\/statues-enfant-jesus\"><strong>Enfant J\u00e9sus<\/strong><\/a>, la plus commune est surement celle de l\u2019enfant emmaillot\u00e9 d\u00e9pos\u00e9 dans la mangeoire, comme Saint Fran\u00e7ois d\u2019Assise le repr\u00e9senta dans la toute <a href=\"https:\/\/www.holyart.fr\/blog\/noel\/la-creche-de-greccio-la-creche-de-saint-francois\/\"><strong>premi\u00e8re Cr\u00e8che<\/strong><\/a>. Le symbolisme est clair et tr\u00e8s puissant : Dieu, qui non seulement se fait homme, mais enfant, inerme, vuln\u00e9rable, au beau milieu d\u2019un hiver glacial. Mais il y a aussi des repr\u00e9sentations de l\u2019<strong>Enfant J\u00e9sus eucharistique, <\/strong>en train de b\u00e9nir le calice du vin ou donner l\u2019hostie consacr\u00e9e, l\u2019<a href=\"https:\/\/www.holyart.fr\/noel\/statues-enfant-jesus\/santon-enfant-jesus-tunique-21-cm-resine\"><strong>Enfant J\u00e9sus b\u00e9nissant<\/strong><\/a>, qui b\u00e9nit avec la main lev\u00e9e, souriant comme seulement un enfant peut sourire, l\u2019<a href=\"https:\/\/www.holyart.fr\/noel\/statues-enfant-jesus\/enfant-jesus-santon-pate-a-bois-robe-creme-35-cm-fin.-elegante\"><strong>Enfant J\u00e9sus Roi, l\u2019Enfant J\u00e9sus Ressuscit\u00e9<\/strong><\/a>.<\/p>\n<p>Certains artistes ont choisi de repr\u00e9senter l\u2019<a href=\"https:\/\/www.holyart.fr\/noel\/statues-enfant-jesus\/enfant-jesus-avec-agneau-en-platre-15-cm\"><strong>Enfant J\u00e9sus comme l\u2019Agneau du sacrifice<\/strong><\/a>, en anticipant d\u2019une certaine mani\u00e8re la Passion qu\u2019un jour il aurait \u00e0 affronter. Une vision dramatique est celle de l\u2019<strong>Enfant J\u00e9sus de la Passion<\/strong>, parfois rendue encore plus triste par l\u2019innocence du petit J\u00e9sus, qui joue avec une croix en bois, ou se repose, inconscient des symboles de sa future condamnation d\u00e9pos\u00e9s \u00e0 c\u00f4t\u00e9 de son berceau.\u00a0 Ou bien l\u2019Enfant J\u00e9sus sait, et comme parfois les enfants peuvent rester sans bouger, en train de penser \u00e0 quelque chose d\u2019ind\u00e9fini, qu\u2019eux seuls peuvent imaginer, ainsi Lui Il pense \u00e0 la Croix, \u00e0 la fustigation, \u00e0 la couronne d\u2019\u00e9pines.<\/p>\n<p>Voyons ensemble quelques-unes des repr\u00e9sentations de l\u2019Enfant J\u00e9sus, les plus c\u00e9l\u00e8bres de tous les temps.<\/p>\n<div class=\"sp-styles-warning\" style=\"width: 450px; background-color: #FFF; color: #F00; border: 1px solid #F00; padding: 10px; font-size: 14px;\">\n\t\t\t<span style=\"font-weight: bold;\">Warning: The stylesheets were not loaded!<\/span> \n\t\t\tYou will need to change the <i>Load stylesheets<\/i> setting from <i>Automatically<\/i> to <i>On homepage<\/i> or <i>On all pages<\/i>. \n\t\t\tYou can set that <a style=\"text-decoration: underline; color: #F00;\" href=\"https:\/\/blog.holyart.it\/fr\/wp-admin\/admin.php?page=sliderpro-settings\">here<\/a>.\n\t\t\t<\/div>\r\n<div id=\"slider-pro-143\" class=\"slider-pro sp-no-js\" style=\"width: 500px; height: 500px;\">\r\n\t<div class=\"sp-slides\">\r\n\t\t\r\n\t\t<div class=\"sp-slide\">\r\n\t\t\t<img loading=\"lazy\" decoding=\"async\" class=\"sp-image\" src=\"https:\/\/blog.holyart.it\/fr\/wp-content\/uploads\/sites\/14\/2024\/11\/santon-enfant-jesus-tunique-21-cm-resine.jpg\" alt=\"santon enfant jesus tunique 21 cm resine\" width=\"500\" height=\"500\" \/>\r\n\t\t\t<div class=\"sp-thumbnail\"><a class=\"\" href=\"https:\/\/www.holyart.fr\/noel\/statues-enfant-jesus\/santon-enfant-jesus-tunique-21-cm-resine\">\r\n\t\t\t\t<img decoding=\"async\" src=\"https:\/\/blog.holyart.it\/fr\/wp-content\/uploads\/sites\/14\/2024\/11\/santon-enfant-jesus-tunique-21-cm-resine150x150.jpg\" alt=\"santon enfant jesus tunique 21 cm resine\" \/>\r\n\t\t\t<\/a>\r\n\t\t\t<\/div>\r\n\t\t\t<div class=\"sp-caption\">Santon Enfant J\u00e9sus tunique 21 cm r\u00e9sine <br \/><strong><a href=\"https:\/\/www.holyart.fr\/noel\/statues-enfant-jesus\/santon-enfant-jesus-tunique-21-cm-resine\">Acheter sur Holyart<\/a><\/strong><\/div>\r\n\t\t<\/div>\r\n\t\t<div class=\"sp-slide\">\r\n\t\t\t<img loading=\"lazy\" decoding=\"async\" class=\"sp-image\" src=\"https:\/\/blog.holyart.it\/fr\/wp-content\/uploads\/sites\/14\/2024\/11\/statue-enfant-jesus-39-5-cm-en-resine.jpg\" alt=\"statue enfant jesus 39 5 cm en resine\" width=\"500\" height=\"500\" \/>\r\n\t\t\t<div class=\"sp-thumbnail\"><a class=\"\" href=\"https:\/\/www.holyart.fr\/noel\/statues-enfant-jesus\/statue-enfant-jesus-39-5-cm-en-resine\">\r\n\t\t\t\t<img decoding=\"async\" src=\"https:\/\/blog.holyart.it\/fr\/wp-content\/uploads\/sites\/14\/2024\/11\/statue-enfant-jesus-39-5-cm-en-resine-150x150-1.jpg\" alt=\"statue enfant jesus 39 5 cm en resine\" \/>\r\n\t\t\t<\/a>\r\n\t\t\t<\/div>\r\n\t\t\t<div class=\"sp-caption\">Statue Enfant J\u00e9sus 39,5 cm en r\u00e9sine <br \/><strong><a href=\"https:\/\/www.holyart.fr\/noel\/statues-enfant-jesus\/statue-enfant-jesus-39-5-cm-en-resine\">Acheter sur Holyart<\/a><\/strong><\/div>\r\n\t\t<\/div>\r\n\t\t<div class=\"sp-slide\">\r\n\t\t\t<img loading=\"lazy\" decoding=\"async\" class=\"sp-image\" src=\"https:\/\/blog.holyart.it\/fr\/wp-content\/uploads\/sites\/14\/2024\/11\/enfant-jesus-bras-ouverts-en-bois-drap-dore.jpg\" alt=\"enfant jesus bras ouverts en bois drap dore\" width=\"500\" height=\"500\" \/>\r\n\t\t\t<div class=\"sp-thumbnail\"><a class=\"\" href=\"https:\/\/www.holyart.fr\/noel\/statues-enfant-jesus\/enfant-jesus-bras-ouverts-en-bois-drap-dore\">\r\n\t\t\t\t<img decoding=\"async\" src=\"https:\/\/blog.holyart.it\/fr\/wp-content\/uploads\/sites\/14\/2024\/11\/enfant-jesus-bras-ouverts-en-bois-drap-dore150x150.jpg\" alt=\"enfant jesus bras ouverts en bois drap dore\" \/>\r\n\t\t\t<\/a>\r\n\t\t\t<\/div>\r\n\t\t\t<div class=\"sp-caption\">Enfant J\u00e9sus bras ouverts en bois drap dor\u00e9 <br \/><strong><a href=\"https:\/\/www.holyart.fr\/noel\/statues-enfant-jesus\/enfant-jesus-bras-ouverts-en-bois-drap-dore\">Acheter sur Holyart<\/a><\/strong><\/div>\r\n\t\t<\/div>\r\n\t\t<div class=\"sp-slide\">\r\n\t\t\t<img loading=\"lazy\" decoding=\"async\" class=\"sp-image\" src=\"https:\/\/blog.holyart.it\/fr\/wp-content\/uploads\/sites\/14\/2024\/11\/enfant-jesus-santon-pate-a-bois-robe-creme-35-cm-fin.elegante.jpg\" alt=\"enfant jesus santon pate a bois robe creme 35 cm fin.elegante\" width=\"500\" height=\"500\" \/>\r\n\t\t\t<div class=\"sp-thumbnail\"><a class=\"\" href=\"https:\/\/www.holyart.fr\/noel\/statues-enfant-jesus\/enfant-jesus-santon-pate-a-bois-robe-creme-35-cm-fin.-elegante\">\r\n\t\t\t\t<img decoding=\"async\" src=\"https:\/\/blog.holyart.it\/fr\/wp-content\/uploads\/sites\/14\/2024\/11\/enfant-jesus-santon-pate-a-bois-robe-creme-35-cm-fin.-elegante150x150.jpg\" alt=\"enfant jesus santon pate a bois robe creme 35 cm fin.elegante\" \/>\r\n\t\t\t<\/a>\r\n\t\t\t<\/div>\r\n\t\t\t<div class=\"sp-caption\">Enfant J\u00e9sus santon p\u00e2te \u00e0 bois robe cr\u00e8me 35 cm fin. \u00e9l\u00e9gante<br \/><strong><a href=\"https:\/\/www.holyart.fr\/noel\/statues-enfant-jesus\/enfant-jesus-santon-pate-a-bois-robe-creme-35-cm-fin.-elegante\">Acheter sur Holyart<\/a><\/strong><\/div>\r\n\t\t<\/div>\r\n\t\t<div class=\"sp-slide\">\r\n\t\t\t<img loading=\"lazy\" decoding=\"async\" class=\"sp-image\" src=\"https:\/\/blog.holyart.it\/fr\/wp-content\/uploads\/sites\/14\/2024\/11\/enfant-jesus-avec-agneau-en-platre-15-cm.jpg\" alt=\"enfant jesus avec agneau en platre 15 cm\" width=\"500\" height=\"500\" \/>\r\n\t\t\t<div class=\"sp-thumbnail\"><a class=\"\" href=\"https:\/\/www.holyart.fr\/noel\/statues-enfant-jesus\/enfant-jesus-avec-agneau-en-platre-15-cm\">\r\n\t\t\t\t<img decoding=\"async\" src=\"https:\/\/blog.holyart.it\/fr\/wp-content\/uploads\/sites\/14\/2024\/11\/enfant-jesus-avec-agneau-en-platre-15-cm150x150.jpg\" alt=\"enfant jesus avec agneau en platre 15 cm\" \/>\r\n\t\t\t<\/a>\r\n\t\t\t<\/div>\r\n\t\t\t<div class=\"sp-caption\">Enfant J\u00e9sus avec agneau en pl\u00e2tre 15 cm <br \/><strong><a href=\"https:\/\/www.holyart.fr\/noel\/statues-enfant-jesus\/enfant-jesus-avec-agneau-en-platre-15-cm\">Acheter sur Holyart<\/a><\/strong><\/div>\r\n\t\t<\/div>\r\n\t<\/div>\r\n<\/div>\n<h2>Enfant J\u00e9sus de Prague<\/h2>\n<p>L\u2019<a href=\"https:\/\/www.holyart.fr\/articles-religieux\/statues\/statues-en-bois-peint\/enfant-jesus-de-prague-bois-val-gardena\"><strong>Enfant J\u00e9sus de Prague<\/strong><\/a> est un exemple de repr\u00e9sentation hybride de l\u2019Enfant J\u00e9sus. En effet, elle unit l\u2019iconographie de l\u2019Enfant J\u00e9sus b\u00e9nissant \u00e0 celle de l\u2019Enfant J\u00e9sus Roi.<\/p>\n<p>La petite statue en bois couverte de cire, qui aujourd\u2019hui se trouve dans l\u2019\u00e9glise de Sainte Marie de la Victoire \u00e0 Prague, repr\u00e9sente l\u2019Enfant J\u00e9sus habill\u00e9 de v\u00eatements royaux et avec la main droite lev\u00e9e dans un geste de b\u00e9n\u00e9diction, tandis que la gauche soutient le monde. Sculpt\u00e9e en Espagne au XVIe si\u00e8cle, quand la d\u00e9votion \u00e0 la royaut\u00e9 de l\u2019Enfant J\u00e9sus \u00e9tait tr\u00e8s r\u00e9pandue, surtout gr\u00e2ce \u00e0 <a href=\"https:\/\/www.holyart.fr\/blog\/articles-religieux\/sainte-therese-davila-religieuse-et-mystique-espagnole\/\"><strong>Sainte Th\u00e9r\u00e8se d\u2019Avila<\/strong><\/a>, la statuette fut amen\u00e9e \u00e0 Prague par les comtes de Trevi\u00f1o et les ducs de N\u00e1jera, ambassadeurs espagnols dans la ville. Ensuite, elle fut offerte aux <strong>Carm\u00e9litains d\u00e9chauss\u00e9s<\/strong>. Inspir\u00e9 par la statuette, Pape L\u00e9on XIII cr\u00e9a la Congr\u00e9gation de l\u2019Enfant J\u00e9sus de Prague en 1896 et d\u2019autres papes apr\u00e8s lui ont institu\u00e9 des confr\u00e9ries et proclam\u00e9 des c\u00e9l\u00e9brations en son honneur.<\/p>\n<div class=\"link-product\">\n<div class=\"blocco-immagine\"><img loading=\"lazy\" decoding=\"async\" class=\"size-full wp-image-9176 alignleft\" src=\"https:\/\/blog.holyart.it\/fr\/wp-content\/uploads\/sites\/14\/2024\/11\/enfant-jesus-de-prague.jpg\" alt=\"enfant jesus de prague\" width=\"100\" height=\"100\" data-kale-share-title=\"Enfant J\u00e9sus : les repr\u00e9sentations les plus c\u00e9l\u00e8bres au monde\" data-kale-share-url=\"https:\/\/blog.holyart.it\/fr\/?p=9160\" \/><\/div>\n<div class=\"blocco-contenuto\">\n<div class=\"blocco-acquista\">Acheter sur Holyart:<\/div>\n<div class=\"blocco-titolo\"><a href=\"https:\/\/www.holyart.fr\/articles-religieux\/statues\/statues-en-bois-peint\/enfant-jesus-de-prague-bois-val-gardena\">Enfant J\u00e9sus de Prague bois Val Gardena<\/a><\/div>\n<div class=\"blocco-descrizione\">Peinte \u00e0 la main avec couleurs \u00e0 l&rsquo;huile.<\/div>\n<\/div>\n<\/div>\n<h2>Le Saint Enfant J\u00e9sus d\u2019Atocha<\/h2>\n<p>Tr\u00e8s particuli\u00e8re et, \u00e0 certains \u00e9gards, unique en son genre est la repr\u00e9sentation de J\u00e9sus en tant que <a href=\"https:\/\/www.holyart.fr\/articles-religieux\/statues\/statues-en-platre\/st-enfant-jesus-dantocha-platre-25-cm\"><strong>Saint Enfant d\u2019Atocha<\/strong><\/a>, <strong><em>Santo Ni\u00f1o de Atocha<\/em>,<\/strong>\u00a0dont la d\u00e9votion est r\u00e9pandue dans tout le <strong>Mexique<\/strong>. Il s\u2019agit de l\u2019image d\u2019un enfant assis, habill\u00e9 comme un voyageur ou un p\u00e8lerin, avec une cape, un chapeau \u00e0 bords larges sur la t\u00eate et des sandales aux pieds. Il porte aussi un coquillage accroch\u00e9 \u00e0 son manteau, symbole des p\u00e8lerins qui parcourent le <a href=\"https:\/\/www.holyart.fr\/blog\/articles-religieux\/le-chemin-de-saint-jacques-de-compostelle-histoire-et-curiosites-dun-des-plus-celebres-itineraires-religieux\/\"><strong>Chemin de Saint-Jacques-de-Compostelle<\/strong><\/a>, et tient dans sa main gauche une canne \u00e0 laquelle est fix\u00e9 un r\u00e9cipient pour l\u2019eau et des \u00e9pis, tandis que dans la main droite il a un panier pour le pain.<\/p>\n<div class=\"link-article\">\n<p><img loading=\"lazy\" decoding=\"async\" class=\"size-full wp-image-9177 alignleft\" src=\"https:\/\/blog.holyart.it\/fr\/wp-content\/uploads\/sites\/14\/2024\/11\/Chemin-de-Saint-Jacques-de-Compostelle-300x200-1.jpeg\" alt=\"Chemin de Saint Jacques de Compostelle 300x200\" width=\"150\" height=\"100\" data-kale-share-title=\"Enfant J\u00e9sus : les repr\u00e9sentations les plus c\u00e9l\u00e8bres au monde\" data-kale-share-url=\"https:\/\/blog.holyart.it\/fr\/?p=9160\" \/><\/p>\n<div class=\"leggi-anche\">Lire aussi :<\/div>\n<p><strong><a href=\"https:\/\/www.holyart.fr\/blog\/articles-religieux\/le-chemin-de-saint-jacques-de-compostelle-histoire-et-curiosites-dun-des-plus-celebres-itineraires-religieux\/\">Le Chemin de Saint-Jacques-de-Compostelle: histoire et curiosit\u00e9s d\u2019un des plus c\u00e9l\u00e8bres itin\u00e9raires religieux<\/a><\/strong><br \/>\nDepuis des si\u00e8cles, ce Chemin repr\u00e9sente un&#8230;<\/p>\n<\/div>\n<p>\u00c0 l\u2019origine, l\u2019Enfant \u00e9tait assis sur les genoux de Notre-Dame d\u2019Atocha, en Espagne, une statue m\u00e9di\u00e9vale de la Vierge \u00e0 l\u2019Enfant, objet de grande d\u00e9votion en l\u2019\u00e9poque m\u00e9di\u00e9vale. L\u2019effigie de l\u2019Enfant pouvait \u00eatre enlev\u00e9e et \u00e9tait port\u00e9e dans les maisons des femmes sur le point d\u2019accoucher. Quand la ville d\u2019Atocha fut prise par les Maures au XIIIe si\u00e8cle, par ordre du Calife, uniquement les enfants d\u2019un \u00e2ge inf\u00e9rieur \u00e0 12 ans pouvaient apporter de la nourriture aux prisonniers chr\u00e9tiens, mais certains d\u2019entre eux n\u2019avaient pas d\u2019enfants en bas \u00e2ge et \u00e9taient condamn\u00e9s \u00e0 mourir de faim. Puis, un jour, un enfant myst\u00e9rieux apparut, habill\u00e9 comme un p\u00e8lerin, qui chaque nuit apportait de la nourriture aux prisonniers sans enfants. Les gens d\u2019Atocha comprirent que J\u00e9sus leur \u00e9tait venu en aide. La d\u00e9votion se r\u00e9pandit et fut amen\u00e9e \u00e9galement dans le Nouveau Monde par les Espagnols.<\/p>\n<p>Tr\u00e8s c\u00e9l\u00e8bre aussi parmi les catholiques philippins, au Saint Enfant d\u2019Atocha sont d\u00e9di\u00e9s deux sanctuaires au Mexique. La repr\u00e9sentation originale du Ni\u00f1o de Atocha mexicain fut plac\u00e9e dans l\u2019\u00e9glise de Saint Augustin avec le Christ en argent en 1554.<\/p>\n<p>Dans notre e-store, vous trouverez une belle repr\u00e9sentation de l\u2019<a href=\"https:\/\/www.holyart.fr\/articles-religieux\/statues\/statues-en-resine-et-pvc\/statue-resine-coloree-saint-enfant-jesus-datocha-15-cm\"><strong>Enfant miraculeux<\/strong><\/a>.<\/p>\n<div class=\"link-product\">\n<div class=\"blocco-immagine\"><img loading=\"lazy\" decoding=\"async\" class=\"size-full wp-image-9178 alignleft\" src=\"https:\/\/blog.holyart.it\/fr\/wp-content\/uploads\/sites\/14\/2024\/11\/saint-enfant-datocha.jpg\" alt=\"saint enfant d'atocha\" width=\"100\" height=\"100\" data-kale-share-title=\"Enfant J\u00e9sus : les repr\u00e9sentations les plus c\u00e9l\u00e8bres au monde\" data-kale-share-url=\"https:\/\/blog.holyart.it\/fr\/?p=9160\" \/><\/div>\n<div class=\"blocco-contenuto\">\n<div class=\"blocco-acquista\">Acheter sur Holyart:<\/div>\n<div class=\"blocco-titolo\"><a href=\"https:\/\/www.holyart.fr\/articles-religieux\/statues\/statues-en-resine-et-pvc\/statue-resine-coloree-saint-enfant-jesus-datocha-15-cm\">Statue r\u00e9sine color\u00e9e Saint Enfant J\u00e9sus d&rsquo;Atocha 15 cm <\/a><\/div>\n<div class=\"blocco-descrizione\">Statuette en r\u00e9sine peinte \u00e0 la main.<\/div>\n<\/div>\n<\/div>\n<h2>Le Santo Ni\u00f1o de Cebu<\/h2>\n<p>Tr\u00e8s semblable \u00e0 l\u2019Enfant J\u00e9sus de Prague est le\u00a0<strong>Santo Ni\u00f1o de Cebu<\/strong>\u00a0(<strong>Enfant-Saint de Cebu<\/strong>) conserv\u00e9 dans la Basilique mineur du Santo Ni\u00f1o dans la ville de Cebu, aux Philippines. Il s\u2019agit d\u2019une sculpture du XVIe si\u00e8cle offerte en 1521 par l\u2019explorateur Fernand de Magellan en voyage dans ces terres lointaines \u00e0 la Reine de Cebu \u00e0 l\u2019occasion de sa conversion au Catholicisme et lors de son Bapt\u00eame ainsi que celui du Roi et de huit cents sujets. Encore aujourd\u2019hui, l\u2019ic\u00f4ne est tr\u00e8s v\u00e9n\u00e9r\u00e9e par la population locale, en particulier \u00e0 l\u2019occasion du troisi\u00e8me dimanche de janvier, quand elle est amen\u00e9e en procession solennelle.<\/p>\n","protected":false},"excerpt":{"rendered":"<p>La figure de l\u2019Enfant J\u00e9sus n\u2019appartient pas uniquement \u00e0 la Cr\u00e8che et \u00e0 notre imaginaire enfantin.\u00a0 Symbole de salut et d\u2019espoir, il traverse l\u2019histoire de l\u2019art et de la d\u00e9votion depuis des si\u00e8cles. Dans une nuit froide, l\u2019hiver de l\u2019ann\u00e9e 1 av. J.-C. un Enfant&hellip;<\/p>\n","protected":false},"author":1,"featured_media":9161,"comment_status":"closed","ping_status":"open","sticky":false,"template":"","format":"standard","meta":{"_acf_changed":false,"footnotes":""},"categories":[8],"tags":[],"class_list":["post-9160","post","type-post","status-publish","format-standard","has-post-thumbnail","hentry","category-articles-religieux"],"acf":[],"yoast_head":"<!-- This site is optimized with the Yoast SEO plugin v26.6 - https:\/\/yoast.com\/wordpress\/plugins\/seo\/ -->\n<title>Enfant J\u00e9sus : les repr\u00e9sentations les plus c\u00e9l\u00e8bres au monde - Holyart.fr Blog<\/title>\n<meta name=\"description\" content=\"La figure de l&#039;Enfant J\u00e9sus n&#039;appartient pas seulement \u00e0 la cr\u00e8che : elle traverse l&#039;histoire de l&#039;art et de la d\u00e9votion depuis des si\u00e8cles.\" \/>\n<meta name=\"robots\" content=\"index, follow, max-snippet:-1, max-image-preview:large, max-video-preview:-1\" \/>\n<link rel=\"canonical\" href=\"https:\/\/blog.holyart.it\/fr\/articles-religieux\/enfant-jesus-les-representations-les-plus-celebres-au-monde\/\" \/>\n<meta property=\"og:locale\" content=\"fr_FR\" \/>\n<meta property=\"og:type\" content=\"article\" \/>\n<meta property=\"og:title\" content=\"Enfant J\u00e9sus : les repr\u00e9sentations les plus c\u00e9l\u00e8bres au monde - Holyart.fr Blog\" \/>\n<meta property=\"og:description\" content=\"La figure de l&#039;Enfant J\u00e9sus n&#039;appartient pas seulement \u00e0 la cr\u00e8che : elle traverse l&#039;histoire de l&#039;art et de la d\u00e9votion depuis des si\u00e8cles.\" \/>\n<meta property=\"og:url\" content=\"https:\/\/blog.holyart.it\/fr\/articles-religieux\/enfant-jesus-les-representations-les-plus-celebres-au-monde\/\" \/>\n<meta property=\"og:site_name\" content=\"Holyart.fr Blog\" \/>\n<meta property=\"article:published_time\" content=\"2024-11-27T09:00:58+00:00\" \/>\n<meta property=\"article:modified_time\" content=\"2025-12-22T09:07:04+00:00\" \/>\n<meta property=\"og:image\" content=\"https:\/\/blog.holyart.it\/fr\/wp-content\/uploads\/sites\/14\/2024\/11\/enfant-jesus.jpg\" \/>\n\t<meta property=\"og:image:width\" content=\"1000\" \/>\n\t<meta property=\"og:image:height\" content=\"666\" \/>\n\t<meta property=\"og:image:type\" content=\"image\/jpeg\" \/>\n<meta name=\"author\" content=\"Redazione\" \/>\n<meta name=\"twitter:card\" content=\"summary_large_image\" \/>\n<meta name=\"twitter:label1\" content=\"\u00c9crit par\" \/>\n\t<meta name=\"twitter:data1\" content=\"Redazione\" \/>\n\t<meta name=\"twitter:label2\" content=\"Dur\u00e9e de lecture estim\u00e9e\" \/>\n\t<meta name=\"twitter:data2\" content=\"8 minutes\" \/>\n<script type=\"application\/ld+json\" class=\"yoast-schema-graph\">{\"@context\":\"https:\/\/schema.org\",\"@graph\":[{\"@type\":\"Article\",\"@id\":\"https:\/\/blog.holyart.it\/fr\/articles-religieux\/enfant-jesus-les-representations-les-plus-celebres-au-monde\/#article\",\"isPartOf\":{\"@id\":\"https:\/\/blog.holyart.it\/fr\/articles-religieux\/enfant-jesus-les-representations-les-plus-celebres-au-monde\/\"},\"author\":{\"name\":\"Redazione\",\"@id\":\"https:\/\/blog.holyart.it\/fr\/#\/schema\/person\/0a7b686e5af0f856ec1e390dd0baecda\"},\"headline\":\"Enfant J\u00e9sus : les repr\u00e9sentations les plus c\u00e9l\u00e8bres au monde\",\"datePublished\":\"2024-11-27T09:00:58+00:00\",\"dateModified\":\"2025-12-22T09:07:04+00:00\",\"mainEntityOfPage\":{\"@id\":\"https:\/\/blog.holyart.it\/fr\/articles-religieux\/enfant-jesus-les-representations-les-plus-celebres-au-monde\/\"},\"wordCount\":1456,\"publisher\":{\"@id\":\"https:\/\/blog.holyart.it\/fr\/#organization\"},\"image\":{\"@id\":\"https:\/\/blog.holyart.it\/fr\/articles-religieux\/enfant-jesus-les-representations-les-plus-celebres-au-monde\/#primaryimage\"},\"thumbnailUrl\":\"https:\/\/blog.holyart.it\/fr\/wp-content\/uploads\/sites\/14\/2024\/11\/enfant-jesus.jpg\",\"articleSection\":[\"Religion\"],\"inLanguage\":\"fr-FR\"},{\"@type\":\"WebPage\",\"@id\":\"https:\/\/blog.holyart.it\/fr\/articles-religieux\/enfant-jesus-les-representations-les-plus-celebres-au-monde\/\",\"url\":\"https:\/\/blog.holyart.it\/fr\/articles-religieux\/enfant-jesus-les-representations-les-plus-celebres-au-monde\/\",\"name\":\"Enfant J\u00e9sus : les repr\u00e9sentations les plus c\u00e9l\u00e8bres au monde - Holyart.fr Blog\",\"isPartOf\":{\"@id\":\"https:\/\/blog.holyart.it\/fr\/#website\"},\"primaryImageOfPage\":{\"@id\":\"https:\/\/blog.holyart.it\/fr\/articles-religieux\/enfant-jesus-les-representations-les-plus-celebres-au-monde\/#primaryimage\"},\"image\":{\"@id\":\"https:\/\/blog.holyart.it\/fr\/articles-religieux\/enfant-jesus-les-representations-les-plus-celebres-au-monde\/#primaryimage\"},\"thumbnailUrl\":\"https:\/\/blog.holyart.it\/fr\/wp-content\/uploads\/sites\/14\/2024\/11\/enfant-jesus.jpg\",\"datePublished\":\"2024-11-27T09:00:58+00:00\",\"dateModified\":\"2025-12-22T09:07:04+00:00\",\"description\":\"La figure de l'Enfant J\u00e9sus n'appartient pas seulement \u00e0 la cr\u00e8che : elle traverse l'histoire de l'art et de la d\u00e9votion depuis des si\u00e8cles.\",\"breadcrumb\":{\"@id\":\"https:\/\/blog.holyart.it\/fr\/articles-religieux\/enfant-jesus-les-representations-les-plus-celebres-au-monde\/#breadcrumb\"},\"inLanguage\":\"fr-FR\",\"potentialAction\":[{\"@type\":\"ReadAction\",\"target\":[\"https:\/\/blog.holyart.it\/fr\/articles-religieux\/enfant-jesus-les-representations-les-plus-celebres-au-monde\/\"]}]},{\"@type\":\"ImageObject\",\"inLanguage\":\"fr-FR\",\"@id\":\"https:\/\/blog.holyart.it\/fr\/articles-religieux\/enfant-jesus-les-representations-les-plus-celebres-au-monde\/#primaryimage\",\"url\":\"https:\/\/blog.holyart.it\/fr\/wp-content\/uploads\/sites\/14\/2024\/11\/enfant-jesus.jpg\",\"contentUrl\":\"https:\/\/blog.holyart.it\/fr\/wp-content\/uploads\/sites\/14\/2024\/11\/enfant-jesus.jpg\",\"width\":1000,\"height\":666,\"caption\":\"enfant jesus\"},{\"@type\":\"BreadcrumbList\",\"@id\":\"https:\/\/blog.holyart.it\/fr\/articles-religieux\/enfant-jesus-les-representations-les-plus-celebres-au-monde\/#breadcrumb\",\"itemListElement\":[{\"@type\":\"ListItem\",\"position\":1,\"name\":\"Homepage\",\"item\":\"https:\/\/blog.holyart.it\/fr\/\"},{\"@type\":\"ListItem\",\"position\":2,\"name\":\"Religion\",\"item\":\"https:\/\/blog.holyart.it\/fr\/articles-religieux\/\"},{\"@type\":\"ListItem\",\"position\":3,\"name\":\"Enfant J\u00e9sus : les repr\u00e9sentations les plus c\u00e9l\u00e8bres au monde\"}]},{\"@type\":\"WebSite\",\"@id\":\"https:\/\/blog.holyart.it\/fr\/#website\",\"url\":\"https:\/\/blog.holyart.it\/fr\/\",\"name\":\"Holyart.fr Blog\",\"description\":\"Holyblog\",\"publisher\":{\"@id\":\"https:\/\/blog.holyart.it\/fr\/#organization\"},\"potentialAction\":[{\"@type\":\"SearchAction\",\"target\":{\"@type\":\"EntryPoint\",\"urlTemplate\":\"https:\/\/blog.holyart.it\/fr\/?s={search_term_string}\"},\"query-input\":{\"@type\":\"PropertyValueSpecification\",\"valueRequired\":true,\"valueName\":\"search_term_string\"}}],\"inLanguage\":\"fr-FR\"},{\"@type\":\"Organization\",\"@id\":\"https:\/\/blog.holyart.it\/fr\/#organization\",\"name\":\"Holyart.fr Blog\",\"url\":\"https:\/\/blog.holyart.it\/fr\/\",\"logo\":{\"@type\":\"ImageObject\",\"inLanguage\":\"fr-FR\",\"@id\":\"https:\/\/blog.holyart.it\/fr\/#\/schema\/logo\/image\/\",\"url\":\"https:\/\/blog.holyart.it\/fr\/wp-content\/uploads\/sites\/14\/2022\/12\/Holyart_Blog_Logo.jpg\",\"contentUrl\":\"https:\/\/blog.holyart.it\/fr\/wp-content\/uploads\/sites\/14\/2022\/12\/Holyart_Blog_Logo.jpg\",\"width\":300,\"height\":50,\"caption\":\"Holyart.fr Blog\"},\"image\":{\"@id\":\"https:\/\/blog.holyart.it\/fr\/#\/schema\/logo\/image\/\"}},{\"@type\":\"Person\",\"@id\":\"https:\/\/blog.holyart.it\/fr\/#\/schema\/person\/0a7b686e5af0f856ec1e390dd0baecda\",\"name\":\"Redazione\",\"image\":{\"@type\":\"ImageObject\",\"inLanguage\":\"fr-FR\",\"@id\":\"https:\/\/blog.holyart.it\/fr\/#\/schema\/person\/image\/\",\"url\":\"https:\/\/secure.gravatar.com\/avatar\/f477da817f43e50d0af36abecd33e3edf826c68299714bdc1057dff3b113f516?s=96&d=mm&r=g\",\"contentUrl\":\"https:\/\/secure.gravatar.com\/avatar\/f477da817f43e50d0af36abecd33e3edf826c68299714bdc1057dff3b113f516?s=96&d=mm&r=g\",\"caption\":\"Redazione\"},\"url\":\"https:\/\/blog.holyart.it\/fr\/author\/admin\/\"}]}<\/script>\n<!-- \/ Yoast SEO plugin. -->","yoast_head_json":{"title":"Enfant J\u00e9sus : les repr\u00e9sentations les plus c\u00e9l\u00e8bres au monde - Holyart.fr Blog","description":"La figure de l'Enfant J\u00e9sus n'appartient pas seulement \u00e0 la cr\u00e8che : elle traverse l'histoire de l'art et de la d\u00e9votion depuis des si\u00e8cles.","robots":{"index":"index","follow":"follow","max-snippet":"max-snippet:-1","max-image-preview":"max-image-preview:large","max-video-preview":"max-video-preview:-1"},"canonical":"https:\/\/blog.holyart.it\/fr\/articles-religieux\/enfant-jesus-les-representations-les-plus-celebres-au-monde\/","og_locale":"fr_FR","og_type":"article","og_title":"Enfant J\u00e9sus : les repr\u00e9sentations les plus c\u00e9l\u00e8bres au monde - Holyart.fr Blog","og_description":"La figure de l'Enfant J\u00e9sus n'appartient pas seulement \u00e0 la cr\u00e8che : elle traverse l'histoire de l'art et de la d\u00e9votion depuis des si\u00e8cles.","og_url":"https:\/\/blog.holyart.it\/fr\/articles-religieux\/enfant-jesus-les-representations-les-plus-celebres-au-monde\/","og_site_name":"Holyart.fr Blog","article_published_time":"2024-11-27T09:00:58+00:00","article_modified_time":"2025-12-22T09:07:04+00:00","og_image":[{"width":1000,"height":666,"url":"https:\/\/blog.holyart.it\/fr\/wp-content\/uploads\/sites\/14\/2024\/11\/enfant-jesus.jpg","type":"image\/jpeg"}],"author":"Redazione","twitter_card":"summary_large_image","twitter_misc":{"\u00c9crit par":"Redazione","Dur\u00e9e de lecture estim\u00e9e":"8 minutes"},"schema":{"@context":"https:\/\/schema.org","@graph":[{"@type":"Article","@id":"https:\/\/blog.holyart.it\/fr\/articles-religieux\/enfant-jesus-les-representations-les-plus-celebres-au-monde\/#article","isPartOf":{"@id":"https:\/\/blog.holyart.it\/fr\/articles-religieux\/enfant-jesus-les-representations-les-plus-celebres-au-monde\/"},"author":{"name":"Redazione","@id":"https:\/\/blog.holyart.it\/fr\/#\/schema\/person\/0a7b686e5af0f856ec1e390dd0baecda"},"headline":"Enfant J\u00e9sus : les repr\u00e9sentations les plus c\u00e9l\u00e8bres au monde","datePublished":"2024-11-27T09:00:58+00:00","dateModified":"2025-12-22T09:07:04+00:00","mainEntityOfPage":{"@id":"https:\/\/blog.holyart.it\/fr\/articles-religieux\/enfant-jesus-les-representations-les-plus-celebres-au-monde\/"},"wordCount":1456,"publisher":{"@id":"https:\/\/blog.holyart.it\/fr\/#organization"},"image":{"@id":"https:\/\/blog.holyart.it\/fr\/articles-religieux\/enfant-jesus-les-representations-les-plus-celebres-au-monde\/#primaryimage"},"thumbnailUrl":"https:\/\/blog.holyart.it\/fr\/wp-content\/uploads\/sites\/14\/2024\/11\/enfant-jesus.jpg","articleSection":["Religion"],"inLanguage":"fr-FR"},{"@type":"WebPage","@id":"https:\/\/blog.holyart.it\/fr\/articles-religieux\/enfant-jesus-les-representations-les-plus-celebres-au-monde\/","url":"https:\/\/blog.holyart.it\/fr\/articles-religieux\/enfant-jesus-les-representations-les-plus-celebres-au-monde\/","name":"Enfant J\u00e9sus : les repr\u00e9sentations les plus c\u00e9l\u00e8bres au monde - Holyart.fr Blog","isPartOf":{"@id":"https:\/\/blog.holyart.it\/fr\/#website"},"primaryImageOfPage":{"@id":"https:\/\/blog.holyart.it\/fr\/articles-religieux\/enfant-jesus-les-representations-les-plus-celebres-au-monde\/#primaryimage"},"image":{"@id":"https:\/\/blog.holyart.it\/fr\/articles-religieux\/enfant-jesus-les-representations-les-plus-celebres-au-monde\/#primaryimage"},"thumbnailUrl":"https:\/\/blog.holyart.it\/fr\/wp-content\/uploads\/sites\/14\/2024\/11\/enfant-jesus.jpg","datePublished":"2024-11-27T09:00:58+00:00","dateModified":"2025-12-22T09:07:04+00:00","description":"La figure de l'Enfant J\u00e9sus n'appartient pas seulement \u00e0 la cr\u00e8che : elle traverse l'histoire de l'art et de la d\u00e9votion depuis des si\u00e8cles.","breadcrumb":{"@id":"https:\/\/blog.holyart.it\/fr\/articles-religieux\/enfant-jesus-les-representations-les-plus-celebres-au-monde\/#breadcrumb"},"inLanguage":"fr-FR","potentialAction":[{"@type":"ReadAction","target":["https:\/\/blog.holyart.it\/fr\/articles-religieux\/enfant-jesus-les-representations-les-plus-celebres-au-monde\/"]}]},{"@type":"ImageObject","inLanguage":"fr-FR","@id":"https:\/\/blog.holyart.it\/fr\/articles-religieux\/enfant-jesus-les-representations-les-plus-celebres-au-monde\/#primaryimage","url":"https:\/\/blog.holyart.it\/fr\/wp-content\/uploads\/sites\/14\/2024\/11\/enfant-jesus.jpg","contentUrl":"https:\/\/blog.holyart.it\/fr\/wp-content\/uploads\/sites\/14\/2024\/11\/enfant-jesus.jpg","width":1000,"height":666,"caption":"enfant jesus"},{"@type":"BreadcrumbList","@id":"https:\/\/blog.holyart.it\/fr\/articles-religieux\/enfant-jesus-les-representations-les-plus-celebres-au-monde\/#breadcrumb","itemListElement":[{"@type":"ListItem","position":1,"name":"Homepage","item":"https:\/\/blog.holyart.it\/fr\/"},{"@type":"ListItem","position":2,"name":"Religion","item":"https:\/\/blog.holyart.it\/fr\/articles-religieux\/"},{"@type":"ListItem","position":3,"name":"Enfant J\u00e9sus : les repr\u00e9sentations les plus c\u00e9l\u00e8bres au monde"}]},{"@type":"WebSite","@id":"https:\/\/blog.holyart.it\/fr\/#website","url":"https:\/\/blog.holyart.it\/fr\/","name":"Holyart.fr Blog","description":"Holyblog","publisher":{"@id":"https:\/\/blog.holyart.it\/fr\/#organization"},"potentialAction":[{"@type":"SearchAction","target":{"@type":"EntryPoint","urlTemplate":"https:\/\/blog.holyart.it\/fr\/?s={search_term_string}"},"query-input":{"@type":"PropertyValueSpecification","valueRequired":true,"valueName":"search_term_string"}}],"inLanguage":"fr-FR"},{"@type":"Organization","@id":"https:\/\/blog.holyart.it\/fr\/#organization","name":"Holyart.fr Blog","url":"https:\/\/blog.holyart.it\/fr\/","logo":{"@type":"ImageObject","inLanguage":"fr-FR","@id":"https:\/\/blog.holyart.it\/fr\/#\/schema\/logo\/image\/","url":"https:\/\/blog.holyart.it\/fr\/wp-content\/uploads\/sites\/14\/2022\/12\/Holyart_Blog_Logo.jpg","contentUrl":"https:\/\/blog.holyart.it\/fr\/wp-content\/uploads\/sites\/14\/2022\/12\/Holyart_Blog_Logo.jpg","width":300,"height":50,"caption":"Holyart.fr Blog"},"image":{"@id":"https:\/\/blog.holyart.it\/fr\/#\/schema\/logo\/image\/"}},{"@type":"Person","@id":"https:\/\/blog.holyart.it\/fr\/#\/schema\/person\/0a7b686e5af0f856ec1e390dd0baecda","name":"Redazione","image":{"@type":"ImageObject","inLanguage":"fr-FR","@id":"https:\/\/blog.holyart.it\/fr\/#\/schema\/person\/image\/","url":"https:\/\/secure.gravatar.com\/avatar\/f477da817f43e50d0af36abecd33e3edf826c68299714bdc1057dff3b113f516?s=96&d=mm&r=g","contentUrl":"https:\/\/secure.gravatar.com\/avatar\/f477da817f43e50d0af36abecd33e3edf826c68299714bdc1057dff3b113f516?s=96&d=mm&r=g","caption":"Redazione"},"url":"https:\/\/blog.holyart.it\/fr\/author\/admin\/"}]}},"_links":{"self":[{"href":"https:\/\/blog.holyart.it\/fr\/wp-json\/wp\/v2\/posts\/9160","targetHints":{"allow":["GET"]}}],"collection":[{"href":"https:\/\/blog.holyart.it\/fr\/wp-json\/wp\/v2\/posts"}],"about":[{"href":"https:\/\/blog.holyart.it\/fr\/wp-json\/wp\/v2\/types\/post"}],"author":[{"embeddable":true,"href":"https:\/\/blog.holyart.it\/fr\/wp-json\/wp\/v2\/users\/1"}],"replies":[{"embeddable":true,"href":"https:\/\/blog.holyart.it\/fr\/wp-json\/wp\/v2\/comments?post=9160"}],"version-history":[{"count":5,"href":"https:\/\/blog.holyart.it\/fr\/wp-json\/wp\/v2\/posts\/9160\/revisions"}],"predecessor-version":[{"id":9181,"href":"https:\/\/blog.holyart.it\/fr\/wp-json\/wp\/v2\/posts\/9160\/revisions\/9181"}],"wp:featuredmedia":[{"embeddable":true,"href":"https:\/\/blog.holyart.it\/fr\/wp-json\/wp\/v2\/media\/9161"}],"wp:attachment":[{"href":"https:\/\/blog.holyart.it\/fr\/wp-json\/wp\/v2\/media?parent=9160"}],"wp:term":[{"taxonomy":"category","embeddable":true,"href":"https:\/\/blog.holyart.it\/fr\/wp-json\/wp\/v2\/categories?post=9160"},{"taxonomy":"post_tag","embeddable":true,"href":"https:\/\/blog.holyart.it\/fr\/wp-json\/wp\/v2\/tags?post=9160"}],"curies":[{"name":"wp","href":"https:\/\/api.w.org\/{rel}","templated":true}]}}