{"id":9122,"date":"2024-11-20T10:00:33","date_gmt":"2024-11-20T09:00:33","guid":{"rendered":"https:\/\/blog.holyart.it\/fr\/?p=9122"},"modified":"2025-11-19T12:44:52","modified_gmt":"2025-11-19T11:44:52","slug":"lettre-apostolique-admirabile-signum-de-pape-francois-sur-noel","status":"publish","type":"post","link":"https:\/\/blog.holyart.it\/fr\/articles-religieux\/lettre-apostolique-admirabile-signum-de-pape-francois-sur-noel\/","title":{"rendered":"Lettre Apostolique \u00ab\u00a0Admirabile Signum\u00a0\u00bb de Pape Fran\u00e7ois sur No\u00ebl"},"content":{"rendered":"<h4>La Lettre Apostolique\u00a0Admirabile Signum\u00a0di Papa Francesco est une invitation \u00e0 vivre No\u00ebl avec spontan\u00e9it\u00e9, joie, humilit\u00e9 et foi. Voici comment.<\/h4>\n\n<p>\u00c0 l\u2019occasion de sa visite au Sanctuaire de la <a href=\"https:\/\/www.holyart.fr\/blog\/noel\/la-creche-de-greccio-la-creche-de-saint-francois\/\"><strong>Cr\u00e8che de Greccio<\/strong><\/a>, le 1er d\u00e9cembre 2019, Pape Fran\u00e7ois publia la Lettre Apostolique\u00a0<strong><em>Admirabile Signum<\/em><\/strong>, son message sp\u00e9cial sur No\u00ebl.<\/p>\n<p><a href=\"https:\/\/www.holyart.fr\/noel\"><strong>No\u00ebl<\/strong><\/a> est une p\u00e9riode de f\u00eate et de joie pour des millions de personnes dans le monde entier. Mais, au milieu de toutes ces lumi\u00e8res scintillantes, les cadeaux et les d\u00e9corations, il est important de rappeler la <strong>v\u00e9ritable signification de cette f\u00eate chr\u00e9tienne<\/strong>\u00a0: la <strong><a href=\"https:\/\/www.holyart.fr\/blog\/articles-religieux\/ladoration-des-bergers-quand-lange-annonca-la-naissance-de-jesus\/\">naissance de J\u00e9sus-Christ<\/a><\/strong><span style=\"text-decoration: underline;\">.<\/span> Avec sa Lettre Apostolique, Pape Fran\u00e7ois a voulu renforcer cette id\u00e9e, en c\u00e9l\u00e9brant la beaut\u00e9 et la profondeur de No\u00ebl.<\/p>\n<p>Ce n\u2019est pas un hasard si, pour ce faire, il a choisi Greccio, l\u00e0 o\u00f9, en 1223, <a href=\"https:\/\/www.holyart.fr\/blog\/articles-religieux\/les-celebrations-pour-le-huitieme-centenaire-de-saint-francois-dassise\/\"><strong>Saint Fran\u00e7ois d\u2019Assise<\/strong><\/a>, le Saint dont le Pontife a pris le nom, voulut \u00e9voquer la Nativit\u00e9 en am\u00e9nageant la <strong>premi\u00e8re Cr\u00e8che de l\u2019histoire<\/strong>.<\/p>\n<div class=\"link-article\">\n<p><img loading=\"lazy\" decoding=\"async\" class=\"size-full wp-image-9124 alignleft\" src=\"https:\/\/blog.holyart.it\/fr\/wp-content\/uploads\/sites\/14\/2024\/10\/la-creche-de-Greccio.jpg\" alt=\"la cr\u00e8che de Greccio\" width=\"150\" height=\"97\" data-kale-share-title=\"Lettre Apostolique \u00ab\u00a0Admirabile Signum\u00a0\u00bb de Pape Fran\u00e7ois sur No\u00ebl\" data-kale-share-url=\"https:\/\/blog.holyart.it\/fr\/?p=9122\" \/><\/p>\n<div class=\"leggi-anche\">Lire aussi :<\/div>\n<p><strong><a href=\"https:\/\/www.holyart.fr\/blog\/noel\/la-creche-de-greccio-la-creche-de-saint-francois\/\">La cr\u00e8che de Greccio : la cr\u00e8che de Saint Fran\u00e7ois<\/a><\/strong><br \/>\nQuel est l\u2019histoire de la cr\u00e8che ? D\u2019o\u00f9 vient cette tradition que nous vivons tous les ans ? Voici&#8230;<\/p>\n<\/div>\n<p>La Cr\u00e8che repr\u00e9sente l\u2019image de la <a href=\"https:\/\/www.holyart.fr\/noel\/creches-noel\/creche-bois-d-olivier-de-jerusalem\/cabane-sainte-famille-bois-dolivier-bethleem-stylisee-15x20x10-cm\"><strong>Sainte Famille \u00e0 Bethl\u00e9hem<\/strong><\/a>, et est une mani\u00e8re tangible de raconter l\u2019<strong>histoire de la naissance de J\u00e9sus-Christ<\/strong>. Cela nous invite \u00e0 r\u00e9fl\u00e9chir sur la beaut\u00e9 et sur la simplicit\u00e9 de ce moment extraordinaire, o\u00f9 le Fils de Dieu est venu au monde pour apporter <strong>la lumi\u00e8re et l\u2019esp\u00e9rance<\/strong>. La tradition de la Cr\u00e8che, qui a des racines anciennes, nous unit au c\u0153ur de l\u2019histoire du salut et nous rappelle que No\u00ebl est bien plus que lumi\u00e8res scintillantes et cadeaux\u00a0; c\u2019est la c\u00e9l\u00e9bration de la <strong>naissance de Celui qui a apport\u00e9 la r\u00e9demption au monde entier<\/strong>.<\/p>\n<p><a href=\"https:\/\/www.holyart.fr\/occasions-speciales\/pape-francois\"><strong>Pape Fran\u00e7ois<\/strong><\/a> nous encourage \u00e0 faire de la Cr\u00e8che non seulement un <strong>\u00e9l\u00e9ment d\u00e9coratif<\/strong>, mais une <strong>manifestation de notre foi<\/strong>. Cette repr\u00e9sentation vivante de No\u00ebl nous offre l\u2019opportunit\u00e9 <strong>de m\u00e9diter sur la venue de J\u00e9sus<\/strong>, sur son humilit\u00e9 et sur l\u2019amour infini de Dieu pour l\u2019humanit\u00e9. La Cr\u00e8che, pourtant, devient un puissant <strong>instrument d\u2019\u00e9vang\u00e9lisation<\/strong> qui peut contribuer \u00e0 raviver la foi et l\u2019enthousiasme chr\u00e9tien en chacun de nous. Avec la Lettre Apostolique <strong><em>Admirabile Signum<\/em><\/strong>, Pape Fran\u00e7ois nous invite \u00e0 r\u00e9fl\u00e9chir sur la <strong>v\u00e9ritable signification de No\u00ebl <\/strong>\u00e0 travers le <strong>symbolisme de la Cr\u00e8che<\/strong>, sur son profond <strong>sens spirituel<\/strong>, en invitant les fid\u00e8les \u00e0 se souvenir de l\u2019importance de cet \u00e9v\u00e9nement dans l\u2019histoire de l\u2019humanit\u00e9. Il l\u2019a fait avec un voyage \u00e0 la d\u00e9couverte de la <strong>beaut\u00e9 de la Cr\u00e8che<\/strong>, \u00e9l\u00e9ment central de la tradition de No\u00ebl, ic\u00f4ne visuelle o\u00f9 la <strong>Sainte Famille<\/strong>, compos\u00e9e de Marie, Joseph et l\u2019<a href=\"https:\/\/www.holyart.fr\/noel\/statues-enfant-jesus\"><strong>Enfant J\u00e9sus<\/strong><\/a>, est repr\u00e9sent\u00e9e \u00e0 l\u2019int\u00e9rieur d\u2019une grotte ou d\u2019une \u00e9table en souvenir de la nuit la plus importante dans l\u2019histoire de l\u2019humanit\u00e9.<\/p>\n<div class=\"link-product\">\n<div class=\"blocco-immagine\"><img loading=\"lazy\" decoding=\"async\" class=\"size-full wp-image-9125 alignleft\" src=\"https:\/\/blog.holyart.it\/fr\/wp-content\/uploads\/sites\/14\/2024\/10\/pape-Francois.jpg\" alt=\"pape Fran\u00e7ois\" width=\"100\" height=\"100\" data-kale-share-title=\"Lettre Apostolique \u00ab\u00a0Admirabile Signum\u00a0\u00bb de Pape Fran\u00e7ois sur No\u00ebl\" data-kale-share-url=\"https:\/\/blog.holyart.it\/fr\/?p=9122\" \/><\/div>\n<div class=\"blocco-contenuto\">\n<div class=\"blocco-acquista\">Acheter sur Holyart:<\/div>\n<div class=\"blocco-titolo\"><a href=\"https:\/\/www.holyart.fr\/occasions-speciales\/pape-francois\">Pape Fran\u00e7ois<\/a><\/div>\n<div class=\"blocco-descrizione\">Cat\u00e9gorie d\u00e9di\u00e9e \u00e0 Pape Jorge Mario Bergoglio.<\/div>\n<\/div>\n<\/div>\n<p>Pour cette raison, Pape Fran\u00e7ois d\u00e9finit la <strong>Cr\u00e8che comme un \u00ab\u00a0signe admirable\u00a0\u00bb<\/strong> qui nous aide \u00e0 comprendre la profondeur de la venue de J\u00e9sus au monde, et <strong>encourage les fid\u00e8les \u00e0 cr\u00e9er des cr\u00e8ches<\/strong> dans leurs maisons, dans les communaut\u00e9s et dans les lieux de travail, non seulement en tant qu\u2019acte de d\u00e9votion, mais aussi en tant que <strong>t\u00e9moignage de foi<\/strong> \u00e0 partager avec les autres, pour rappeler que J\u00e9sus est venu au monde pour tous, pas seulement pour certaines personnes privil\u00e9gi\u00e9es.<\/p>\n<p>Dans la Lettre Apostolique, Pape Fran\u00e7ois offre \u00e9galement quelques consid\u00e9rations pratiques sur <a href=\"https:\/\/www.holyart.fr\/blog\/noel\/la-creche-faite-maison-illustree-en-10-simples-passages\/\"><strong>comment am\u00e9nager une Cr\u00e8che<\/strong><\/a>. Il sugg\u00e8re l\u2019usage de v\u00e9ritables <a href=\"https:\/\/www.holyart.fr\/noel\/santons-creche\"><strong>personnages<\/strong><\/a> <strong>et<\/strong> <a href=\"https:\/\/www.holyart.fr\/noel\/animaux-pour-la-creche\"><strong>animaux<\/strong><\/a>, chacun avec sa signification dans le r\u00e9cit de la naissance de J\u00e9sus. Ces \u00e9l\u00e9ments, avec la <a href=\"https:\/\/www.holyart.fr\/noel\/creches-noel\/creche-noel-val-gardena\/comete-pour-creche-original-bois-peint-val-gardena-12-cm\"><strong>Com\u00e8te<\/strong><\/a> et la lumi\u00e8re, sont fondamentaux pour repr\u00e9senter les diff\u00e9rents aspects symboliques de No\u00ebl.<\/p>\n<div class=\"link-article\">\n<p><img loading=\"lazy\" decoding=\"async\" class=\"size-full wp-image-9126 alignleft\" src=\"https:\/\/blog.holyart.it\/fr\/wp-content\/uploads\/sites\/14\/2024\/10\/creche-faite-maison.jpg\" alt=\"cr\u00e8che faite maison\" width=\"150\" height=\"99\" data-kale-share-title=\"Lettre Apostolique \u00ab\u00a0Admirabile Signum\u00a0\u00bb de Pape Fran\u00e7ois sur No\u00ebl\" data-kale-share-url=\"https:\/\/blog.holyart.it\/fr\/?p=9122\" \/><\/p>\n<div class=\"leggi-anche\">Lire aussi :<\/div>\n<p><strong><a href=\"https:\/\/www.holyart.fr\/blog\/noel\/la-creche-faite-maison-illustree-en-10-simples-passages\/\">La cr\u00e8che faite maison illustr\u00e9e en 10 simples passages<\/a><\/strong><br \/>\nLe moment d\u2019organiser notre Cr\u00e8che de No\u00ebl faite maison approche. Voici un guide&#8230;<\/p>\n<\/div>\n<p>Un autre aspect important de la Lettre Apostolique est l\u2019attention de Pape Fran\u00e7ois \u00e0 la <a href=\"https:\/\/www.holyart.fr\/blog\/articles-religieux\/pape-francois-et-lenvironnement-voici-ce-quil-a-en-commun-avec-le-saint-dont-il-a-pris-le-nom\/\"><strong>nature et \u00e0 l\u2019environnement<\/strong><\/a>. Il nous rappelle que la Cr\u00e8che nous invite \u00e0 r\u00e9fl\u00e9chir sur la <strong>relation entre l\u2019humanit\u00e9 et la cr\u00e9ation de Dieu<\/strong>. En ce sens, la Cr\u00e8che devient \u00e9galement un rappel de l\u2019importance de la pr\u00e9servation de l\u2019environnement et de la cr\u00e9ation de Dieu.<\/p>\n<p>Pape Fran\u00e7ois \u00e9crit encore : \u00ab\u00a0<em>En regardant la sc\u00e8ne de la Cr\u00e8che, pensons \u00e0 quand nous, comme Dieu, cr\u00e9ons un environnement o\u00f9 chacun puisse trouver sa place\u00a0<\/em>\u00bb. Cela \u00e9tant un <strong>rappel \u00e0 la solidarit\u00e9 et \u00e0 l\u2019accueil<\/strong>, valeurs cl\u00e9s du christianisme. La Cr\u00e8che nous rappelle que, en tant que chr\u00e9tiens, nous sommes appel\u00e9s \u00e0 accueillir les autres et \u00e0 cr\u00e9er un environnement d\u2019amour et de paix.<\/p>\n<div class=\"link-article\">\n<p><img loading=\"lazy\" decoding=\"async\" class=\"size-full wp-image-9127 alignleft\" src=\"https:\/\/blog.holyart.it\/fr\/wp-content\/uploads\/sites\/14\/2024\/10\/pape-francois-e-saint-francois.jpg\" alt=\"pape fran\u00e7ois e saint fran\u00e7ois\" width=\"150\" height=\"99\" data-kale-share-title=\"Lettre Apostolique \u00ab\u00a0Admirabile Signum\u00a0\u00bb de Pape Fran\u00e7ois sur No\u00ebl\" data-kale-share-url=\"https:\/\/blog.holyart.it\/fr\/?p=9122\" \/><\/p>\n<div class=\"leggi-anche\">Lire aussi :<\/div>\n<p><strong><a href=\"https:\/\/www.holyart.fr\/blog\/articles-religieux\/pape-francois-et-lenvironnement-voici-ce-quil-a-en-commun-avec-le-saint-dont-il-a-pris-le-nom\/\">Pape Fran\u00e7ois et l\u2019environnement : voici ce qu\u2019il a en commun avec le saint dont il a pris le nom<\/a><\/strong><br \/>\n\u00c0 l\u2019occasion de la Journ\u00e9e mondiale de la pri\u00e8re&#8230;<\/p>\n<\/div>\n<p>Voyons dans les d\u00e9tails les diff\u00e9rents points de la Lettre Apostolique de Pape Fran\u00e7ois.<\/p>\n<h2>La Cr\u00e8che : signe admirable et symbole de Foi<\/h2>\n<p><em>\u00ab\u00a0<\/em><em>Repr\u00e9senter l&rsquo;\u00e9v\u00e9nement de la naissance de J\u00e9sus, \u00e9quivaut \u00e0 annoncer le <strong>myst\u00e8re de l&rsquo;Incarnation du Fils de Dieu<\/strong> avec simplicit\u00e9 et joie. La cr\u00e8che, en effet, est comme un <strong>\u00c9vangile vivant<\/strong>, qui d\u00e9coule des pages de la Sainte \u00c9criture. En contemplant la sc\u00e8ne de No\u00ebl, <strong>nous sommes invit\u00e9s \u00e0 nous mettre spirituellement en chemin<\/strong>, attir\u00e9s par l&rsquo;humilit\u00e9 de Celui qui s&rsquo;est fait homme pour rencontrer chaque homme. Et, nous d\u00e9couvrons qu&rsquo;Il nous aime jusqu\u2019au point de s\u2019unir \u00e0 nous, pour que nous aussi nous puissions nous unir \u00e0 Lui. [\u2026] C&rsquo;est vraiment un <strong>exercice d&rsquo;imagination cr\u00e9ative<\/strong>, qui utilise les mat\u00e9riaux les plus vari\u00e9s pour cr\u00e9er de petits chefs-d&rsquo;\u0153uvre de beaut\u00e9. On l\u2019apprend d\u00e8s notre enfance : quand papa et maman, ensemble avec les grands-parents, transmettent cette habitude joyeuse qui poss\u00e8de en soi une <strong>riche spiritualit\u00e9 populaire<\/strong>.\u00a0\u00bb<\/em><\/p>\n<p>Dans les mots de Pape Fran\u00e7ois, <strong>la Cr\u00e8che devient une exp\u00e9rience spirituelle qui nous rapproche de Christ<\/strong>, autant voire plus des Saintes \u00c9critures, car son essence m\u00eame est la simplicit\u00e9 et l\u2019humilit\u00e9 de qui souhaite invoquer un \u00e9v\u00e9nement immense avec des moyens simples, humains, compr\u00e9hensibles de tous, exactement comme Saint Fran\u00e7ois voulut le faire en cette nuit froid d\u2019hiver \u00e0 Greccio.<\/p>\n<div class=\"link-product\">\n<div class=\"blocco-immagine\"><img loading=\"lazy\" decoding=\"async\" class=\"size-full wp-image-9128 alignleft\" src=\"https:\/\/blog.holyart.it\/fr\/wp-content\/uploads\/sites\/14\/2024\/10\/nativite.jpg\" alt=\"nativit\u00e9\" width=\"100\" height=\"100\" data-kale-share-title=\"Lettre Apostolique \u00ab\u00a0Admirabile Signum\u00a0\u00bb de Pape Fran\u00e7ois sur No\u00ebl\" data-kale-share-url=\"https:\/\/blog.holyart.it\/fr\/?p=9122\" \/><\/div>\n<div class=\"blocco-contenuto\">\n<div class=\"blocco-acquista\">Acheter sur Holyart:<\/div>\n<div class=\"blocco-titolo\"><a href=\"https:\/\/www.holyart.fr\/noel\/nativite\/nativite-50-cm-creche-resine-coloree-set-5-pcs\">Nativit\u00e9 50 cm<\/a><\/div>\n<div class=\"blocco-descrizione\">Cr\u00e8che r\u00e9sine color\u00e9e set 5 pcs.<\/div>\n<\/div>\n<\/div>\n<h2>Origines de la Cr\u00e8che : la Cr\u00e8che de Saint Fran\u00e7ois<\/h2>\n<p><em>\u00ab\u00a0<\/em><em>L&rsquo;origine de la cr\u00e8che se trouve surtout dans certains <strong>d\u00e9tails \u00e9vang\u00e9liques<\/strong> de la naissance de J\u00e9sus \u00e0 Bethl\u00e9em. [\u2026] \u00a0En r\u00e9alit\u00e9, la cr\u00e8che contient plusieurs myst\u00e8res de la vie de J\u00e9sus de telle sorte qu\u2019elle nous les rend plus proches de notre vie quotidienne. [\u2026] Quinze jours avant No\u00ebl, <strong>Fran\u00e7ois<\/strong> appela un homme du lieu, nomm\u00e9 Jean, et le supplia de l&rsquo;aider \u00e0 r\u00e9aliser un v\u0153u : \u00ab\u00a0Je voudrais repr\u00e9senter l&rsquo;Enfant n\u00e9 \u00e0 Bethl\u00e9em, et <strong>voir avec les yeux du corps, les souffrances<\/strong> dans lesquelles il s\u2019est trouv\u00e9 par manque du n\u00e9cessaire pour un nouveau-n\u00e9, lorsqu&rsquo;il \u00e9tait couch\u00e9 dans un berceau sur la paille entre le b\u0153uf et l&rsquo;\u00e2ne\u00a0\u00bb<\/em><\/p>\n<p>Pape Fran\u00e7ois \u00e9voque la <strong>premi\u00e8re Cr\u00e8che<\/strong>, r\u00e9alis\u00e9e par Saint Fran\u00e7ois \u00e0 Greccio en 1223, et nous rappelle comment ce que nous savons de la naissance de J\u00e9sus est <a href=\"https:\/\/www.holyart.fr\/articles-religieux\/livres-sacres\/evangiles\"><strong>mati\u00e8re des \u00c9vangiles<\/strong><\/a>.<\/p>\n<p><em>\u00ab\u00a0<\/em><em>Saint Fran\u00e7ois, par la simplicit\u00e9 de ce signe, a r\u00e9alis\u00e9 <strong>une grande \u0153uvre d&rsquo;\u00e9vang\u00e9lisation<\/strong>. Son enseignement a p\u00e9n\u00e9tr\u00e9 le c\u0153ur des chr\u00e9tiens et reste jusqu&rsquo;\u00e0 nos jours une mani\u00e8re authentique de proposer de nouveau la beaut\u00e9 de notre foi avec simplicit\u00e9. [\u2026] Pourquoi la cr\u00e8che suscite-t-elle tant d&rsquo;\u00e9merveillement et nous \u00e9meut-elle ? Tout d&rsquo;abord parce qu&rsquo;elle <strong>manifeste la tendresse de Dieu<\/strong>. [\u2026] <\/em><em>En J\u00e9sus, le P\u00e8re nous a donn\u00e9 un <strong>fr\u00e8re qui vient nous chercher<\/strong> quand nous sommes d\u00e9sorient\u00e9s et que nous perdons notre direction ; un ami fid\u00e8le qui est toujours pr\u00e8s de nous. Il nous a donn\u00e9 son Fils qui nous pardonne et nous rel\u00e8ve du p\u00e9ch\u00e9.<\/em><\/p>\n<p><em>Faire une cr\u00e8che dans nos maisons nous aide \u00e0 revivre l&rsquo;histoire v\u00e9cue \u00e0 Bethl\u00e9em. [\u2026] D&rsquo;une mani\u00e8re particuli\u00e8re, depuis ses origines franciscaines, la cr\u00e8che est <strong>une invitation \u00e0 \u00ab\u00a0sentir\u00a0\u00bb et \u00e0 \u00ab\u00a0toucher\u00a0\u00bb la pauvret\u00e9<\/strong> que le Fils de Dieu a choisie pour lui-m\u00eame dans son incarnation. Elle est donc, implicitement, <strong>un appel \u00e0 le suivre sur le chemin de l&rsquo;humilit\u00e9, de la pauvret\u00e9, du d\u00e9pouillement<\/strong>, qui, de la mangeoire de Bethl\u00e9em conduit \u00e0 la croix. C&rsquo;est un appel \u00e0 le rencontrer et \u00e0 le servir avec mis\u00e9ricorde dans les fr\u00e8res et s\u0153urs les plus n\u00e9cessiteux (cf.\u00a0Mt\u00a025, 31-46).\u00a0\u00bb<\/em><\/p>\n<p>De plus, le Pape d\u00e9signe dans la Cr\u00e8che la volont\u00e9 de Dieu de nous montrer <strong>Sa tendresse<\/strong>, en choisissant de se manifester parmi nous dans l\u2019humilit\u00e9 et la pauvret\u00e9, simplement un <a href=\"https:\/\/www.holyart.fr\/noel\/statues-enfant-jesus\/jesus-dans-mangeoire-creche-30-cm\"><strong>enfant transi dans une mangeoire<\/strong><\/a>, dernier parmi les derniers, et pourtant Roi du Ciel et de la Terre.<\/p>\n<div class=\"link-product\">\n<div class=\"blocco-immagine\"><img loading=\"lazy\" decoding=\"async\" class=\"size-full wp-image-9129 alignleft\" src=\"https:\/\/blog.holyart.it\/fr\/wp-content\/uploads\/sites\/14\/2024\/10\/jesus-dans-mangeoire.jpg\" alt=\"j\u00e9sus dans mangeoire\" width=\"100\" height=\"100\" data-kale-share-title=\"Lettre Apostolique \u00ab\u00a0Admirabile Signum\u00a0\u00bb de Pape Fran\u00e7ois sur No\u00ebl\" data-kale-share-url=\"https:\/\/blog.holyart.it\/fr\/?p=9122\" \/><\/div>\n<div class=\"blocco-contenuto\">\n<div class=\"blocco-acquista\">Acheter sur Holyart:<\/div>\n<div class=\"blocco-titolo\"><a href=\"https:\/\/www.holyart.fr\/noel\/statues-enfant-jesus\/jesus-dans-mangeoire-creche-30-cm\">J\u00e9sus dans mangeoire cr\u00e8che 30 cm<\/a><\/div>\n<div class=\"blocco-descrizione\">Santon en r\u00e9sine color\u00e9e.<\/div>\n<\/div>\n<\/div>\n<h2>Symboles de la Cr\u00e8che, expressions de Foi<\/h2>\n<p><em>\u00ab\u00a0<\/em><em>J&rsquo;aimerais maintenant passer en revue les diff\u00e9rents signes de la cr\u00e8che pour en saisir le sens qu&rsquo;ils portent en eux. En premier lieu, repr\u00e9sentons-nous le contexte du <strong>ciel \u00e9toil\u00e9 dans l&rsquo;obscurit\u00e9<\/strong> et dans le silence de la nuit. Ce n&rsquo;est pas seulement par fid\u00e9lit\u00e9 au r\u00e9cit \u00e9vang\u00e9lique que nous faisons ainsi, mais aussi pour la signification qu\u2019il poss\u00e8de. Pensons seulement aux <strong>nombreuses fois o\u00f9 la nuit obscurcit notre vie<\/strong>. Eh bien, m\u00eame dans ces moments-l\u00e0, <strong>Dieu ne nous laisse pas seuls<\/strong><\/em><em> [\u2026]. <\/em><em>Sa proximit\u00e9 apporte la lumi\u00e8re l\u00e0 o\u00f9 il y a les t\u00e9n\u00e8bres et illumine ceux qui traversent l\u2019obscurit\u00e9 profonde de la souffrance (cf.\u00a0Lc\u00a01,\u00a079).<\/em><\/p>\n<p><em>Les <strong>paysages<\/strong> qui font partie de la cr\u00e8che m\u00e9ritent, eux aussi, quelques mots, car ils repr\u00e9sentent souvent les ruines d&rsquo;anciennes maisons et de palais [\u2026]. Ces ruines sont avant tout le <strong>signe visible de l&rsquo;humanit\u00e9 d\u00e9chue<\/strong>, de tout ce qui va en ruine, de ce qui est corrompu et triste. Ce sc\u00e9nario montre que <strong>J\u00e9sus est la nouveaut\u00e9 au milieu de ce vieux monde<\/strong>, et qu&rsquo;il est venu gu\u00e9rir et reconstruire pour ramener nos vies et le monde \u00e0 leur splendeur originelle.\u00a0\u00bb<\/em><\/p>\n<p>La <a href=\"https:\/\/www.holyart.fr\/noel\/bricolage-de-noel-et-accessoires\/fonds-pour-creche-noel\/ciel-lumineux-et-montagnes-avec-leds-et-fibre-optique-40x60-cm\"><strong>pr\u00e9sence des \u00e9toiles dans le ciel nocturne<\/strong><\/a> de la Cr\u00e8che nous rappelle que Dieu est toujours avec nous, ind\u00e9pendamment de combien l\u2019obscurit\u00e9 qui nous entoure est profonde. Sa proximit\u00e9 illumine les t\u00e9n\u00e8bres de notre existence et apporte espoir \u00e0 ceux qui traversent les nuits sombres de la souffrance. C\u2019est un rappel puissant \u00e0 la lumi\u00e8re divine qui guide notre chemin, m\u00eame dans les moments les plus difficiles.<\/p>\n<p>Les <a href=\"https:\/\/www.holyart.fr\/noel\/decors-creche-de-noel\/maisons-milieux-ateliers-puits\"><strong>paysages repr\u00e9sent\u00e9s dans la Cr\u00e8che<\/strong><\/a>, souvent reproduisant des ruines d\u2019anciennes maisons et palais, sont un autre \u00e9l\u00e9ment \u00e0 prendre en consid\u00e9ration. Ce d\u00e9cor nous apprend que J\u00e9sus est l\u2019esp\u00e9rance et la renaissance dans un monde marqu\u00e9 par la d\u00e9cadence et la destruction. Il est venu pour gu\u00e9rir, reconstruire et reconduire notre vie et le monde \u00e0 leur beaut\u00e9 originaire. Les ruines dans la Cr\u00e8che deviennent le symbole de la n\u00e9cessit\u00e9 de renouvellement et de r\u00e9demption, en nous rappelant qu\u2019en Christ nous trouvons la force de reconstruire ce qui a \u00e9t\u00e9 d\u00e9truit et restaurer notre monde \u00e0 sa splendeur originaire.<\/p>\n<div class=\"link-product\">\n<div class=\"blocco-immagine\"><img loading=\"lazy\" decoding=\"async\" class=\"size-full wp-image-9130 alignleft\" src=\"https:\/\/blog.holyart.it\/fr\/wp-content\/uploads\/sites\/14\/2024\/10\/maisons-milieux-ateliers.jpg\" alt=\"maisons, milieux, ateliers\" width=\"100\" height=\"100\" data-kale-share-title=\"Lettre Apostolique \u00ab\u00a0Admirabile Signum\u00a0\u00bb de Pape Fran\u00e7ois sur No\u00ebl\" data-kale-share-url=\"https:\/\/blog.holyart.it\/fr\/?p=9122\" \/><\/div>\n<div class=\"blocco-contenuto\">\n<div class=\"blocco-acquista\">Acheter sur Holyart:<\/div>\n<div class=\"blocco-titolo\"><a href=\"https:\/\/www.holyart.fr\/noel\/decors-creche-de-noel\/maisons-milieux-ateliers-puits\">Maisons, milieux, ateliers, puits<\/a><\/div>\n<div class=\"blocco-descrizione\">Id\u00e9als pour d\u00e9corer et personnaliser la cr\u00e8che.<\/div>\n<\/div>\n<\/div>\n<h2>Toute la Cr\u00e9ation c\u00e9l\u00e8bre la venue de Christ<\/h2>\n<p><em>\u00ab\u00a0<\/em><em>Quelle \u00e9motion devrions-nous ressentir lorsque nous ajoutons dans la cr\u00e8che des montagnes, des ruisseaux, des moutons et des bergers ! Nous nous souvenons ainsi, comme les proph\u00e8tes l&rsquo;avaient annonc\u00e9, que toute la cr\u00e9ation participe \u00e0 la f\u00eate de la venue du Messie. Les anges et l&rsquo;\u00e9toile de Bethl\u00e9em sont le signe que nous sommes, nous aussi, appel\u00e9s \u00e0 nous mettre en route pour atteindre la grotte et adorer le Seigneur. [\u2026] Contrairement \u00e0 tant de personnes occup\u00e9es \u00e0 faire mille choses, <strong>les bergers deviennent les premiers t\u00e9moins de l\u2019essentiel<\/strong>, c\u2019est-\u00e0-dire du salut qui est donn\u00e9. Ce sont <strong>les plus humbles et les plus pauvres<\/strong> qui savent accueillir l&rsquo;\u00e9v\u00e9nement de l&rsquo;Incarnation. \u00c0 Dieu qui vient \u00e0 notre rencontre dans l&rsquo;Enfant J\u00e9sus, les bergers r\u00e9pondent <strong>en se mettant en route vers Lui<\/strong>\u00a0\u00bb<\/em><\/p>\n<p>Tandis que la pr\u00e9sence de rochers, rivi\u00e8res et animaux nous rappelle que <strong>toute la cr\u00e9ation participe au miracle de la Nativit\u00e9<\/strong>, les <a href=\"https:\/\/www.holyart.fr\/blog\/articles-religieux\/ladoration-des-bergers-quand-lange-annonca-la-naissance-de-jesus\/\"><strong>Bergers<\/strong> <\/a>sont les premiers \u00e0 accueillir la nouvelle, les premiers \u00e0 se rendre \u00e0 la cabane de Bethl\u00e9hem t\u00e9moigner de la venue du Sauveur, eux qui sont humbles, pauvres, et toutefois pr\u00eats \u00e0 croire \u00e0 l\u2019annonce de l\u2019Ange, \u00e0 la splendeur de l\u2019\u00c9toile.<\/p>\n<div class=\"link-article\">\n<p><img loading=\"lazy\" decoding=\"async\" class=\"size-full wp-image-9137 alignleft\" src=\"https:\/\/blog.holyart.it\/fr\/wp-content\/uploads\/sites\/14\/2024\/10\/adoration-des-bergers-1.jpg\" alt=\"adoration des bergers\" width=\"150\" height=\"99\" data-kale-share-title=\"Lettre Apostolique \u00ab\u00a0Admirabile Signum\u00a0\u00bb de Pape Fran\u00e7ois sur No\u00ebl\" data-kale-share-url=\"https:\/\/blog.holyart.it\/fr\/?p=9122\" \/><\/p>\n<div class=\"leggi-anche\">Lire aussi :<\/div>\n<p><strong><a href=\"https:\/\/www.holyart.fr\/blog\/articles-religieux\/ladoration-des-bergers-quand-lange-annonca-la-naissance-de-jesus\/\">L\u2019adoration des bergers: quand l\u2019Ange annon\u00e7a la naissance de J\u00e9sus<\/a><\/strong><br \/>\nL\u2019adoration des bergers: de l\u2019\u00c9vangile de&#8230;<\/p>\n<\/div>\n<h2>Personnages de la Cr\u00e8che et leur symbolisme<\/h2>\n<p><em>\u00ab\u00a0<\/em><em>Dans nos cr\u00e8ches, nous avons l&rsquo;habitude de mettre de nombreux santons symboliques. Tout d&rsquo;abord, ceux des <strong>mendiants<\/strong> et des personnes qui ne connaissent pas d&rsquo;autre abondance que celle du c\u0153ur. Eux aussi sont proches de l&rsquo;Enfant J\u00e9sus \u00e0 part enti\u00e8re, sans que personne ne puisse les expulser ou les \u00e9loigner du berceau improvis\u00e9, car ces pauvres qui l&rsquo;entourent ne d\u00e9tonnent pas au d\u00e9cor. <strong>Les pauvres, en effet, sont les privil\u00e9gi\u00e9s <\/strong>de ce myst\u00e8re et, souvent, les plus aptes \u00e0 reconna\u00eetre la pr\u00e9sence de Dieu parmi nous. [\u2026] Souvent les enfants &#8211; mais aussi les adultes ! &#8211; aiment ajouter \u00e0 la cr\u00e8che d&rsquo;autres figurines qui semblent n&rsquo;avoir aucun rapport avec les r\u00e9cits \u00e9vang\u00e9liques. Cette imagination entend exprimer que, dans <strong>ce monde nouveau inaugur\u00e9 par J\u00e9sus<\/strong>, il y a de la place pour tout ce qui est humain et pour toute cr\u00e9ature. Du berger au forgeron, du boulanger au musicien, de la femme qui porte une cruche d\u2019eau aux enfants qui jouent&#8230;\u00a0: tout cela repr\u00e9sente la <strong>saintet\u00e9 au quotidien<\/strong>, la joie d\u2019accomplir les choses de la vie courante d&rsquo;une mani\u00e8re extraordinaire, lorsque J\u00e9sus partage sa vie divine avec nous.\u00a0\u00bb<\/em><\/p>\n<p>Dans la Cr\u00e8che, rien n\u2019est laiss\u00e9 au hasard : chaque d\u00e9cor, <a href=\"https:\/\/www.holyart.fr\/blog\/noel\/les-personnages-de-la-creche-napolitaine-et-leur-signification\/\"><strong>chaque personnage symbolise quelque chose<\/strong><\/a>. Le Pape place encore l\u2019attention sur comment ce sont <strong>les pauvres les v\u00e9ritables protagonistes<\/strong>, ceux qui n\u2019avaient jamais \u00e9t\u00e9 pris en consid\u00e9ration, et qui trouvent dans la naissance de J\u00e9sus leur dimension, le lieu et le temps appropri\u00e9s pour \u00eatre importants, les premiers \u00e0 accueillir ce nouveau monde, o\u00f9 rien ne pourra plus jamais \u00eatre comme avant.<\/p>\n<div class=\"link-article\">\n<p><img loading=\"lazy\" decoding=\"async\" class=\"size-full wp-image-9132 alignleft\" src=\"https:\/\/blog.holyart.it\/fr\/wp-content\/uploads\/sites\/14\/2024\/10\/les-personnages-de-la-creche.jpg\" alt=\"les personnages de la cr\u00e8che\" width=\"150\" height=\"99\" data-kale-share-title=\"Lettre Apostolique \u00ab\u00a0Admirabile Signum\u00a0\u00bb de Pape Fran\u00e7ois sur No\u00ebl\" data-kale-share-url=\"https:\/\/blog.holyart.it\/fr\/?p=9122\" \/><\/p>\n<div class=\"leggi-anche\">Lire aussi :<\/div>\n<p><strong><a href=\"https:\/\/www.holyart.fr\/blog\/noel\/les-personnages-de-la-creche-napolitaine-et-leur-signification\/\">Les personnages de la Cr\u00e8che napolitaine et leur signification<\/a><\/strong><br \/>\nDans la Cr\u00e8che napolitaine, rien n\u2019est laiss\u00e9 au hasard. Chaque personnage, chaque lieu incarne un&#8230;<\/p>\n<\/div>\n<h2>Tout le pouvoir d\u2019un Enfant<\/h2>\n<p><em>\u00ab\u00a0<\/em><em>Le c\u0153ur de la cr\u00e8che commence \u00e0 battre quand, \u00e0 No\u00ebl, nous y d\u00e9posons le santon de l&rsquo;Enfant J\u00e9sus. Dieu se pr\u00e9sente ainsi, dans un enfant, pour \u00eatre accueilli dans nos bras. <strong>Dans la faiblesse et la fragilit\u00e9, se cache son pouvoir<\/strong> qui cr\u00e9e et transforme tout. Cela semble impossible, mais c&rsquo;est pourtant ainsi : en J\u00e9sus, Dieu a \u00e9t\u00e9 un enfant et c\u2019est dans cette condition qu\u2019il a voulu r\u00e9v\u00e9ler <strong>la grandeur de son amour<\/strong> qui se manifeste dans un sourire et dans l&rsquo;extension de ses mains tendues vers tous.\u00a0\u00bb<\/em><\/p>\n<p>La port\u00e9e r\u00e9volutionnaire de la venue de Christ est celle-ci\u00a0: pour la premi\u00e8re fois, un Dieu choisit de se manifester au monde non pas dans l\u2019\u00e9clat de sa puissance, non pas en s\u2019incarnant en un Roi ou un condottiere, mais en <strong>un petit enfant sans d\u00e9fenses<\/strong>, dans le froid d\u2019une nuit d\u2019hiver, fils d\u2019une femme, Marie, et d\u2019un homme, Joseph, pauvres, perdus devant un miracle qu\u2019ils ne comprennent qu\u2019en partie, mais auquel confient avec foi et humilit\u00e9. Aucune ostentation, aucune gloire : simplement un enfant, pareil \u00e0 des milliers d\u2019autres enfants, fragile, sans d\u00e9fenses, affam\u00e9 et transi, et, justement pour cela, miraculeux.<\/p>\n<h2>Les Mages et la mission d\u2019\u00e9vang\u00e9lisation<\/h2>\n<p><em>\u00ab\u00a0<\/em><em>Lorsque s\u2019approche la f\u00eate de l&rsquo;\u00c9piphanie, nous ajoutons dans la cr\u00e8che les trois santons des Rois Mages. Observant l&rsquo;\u00e9toile, ces sages et riches seigneurs de l&rsquo;Orient, s&rsquo;\u00e9taient mis en route vers Bethl\u00e9em pour conna\u00eetre J\u00e9sus et lui offrir comme pr\u00e9sent de <a href=\"https:\/\/www.holyart.fr\/blog\/noel\/or-encens-et-myrrhe-pourquoi-ces-dons-pour-lenfant-jesus\/\"><strong>l&rsquo;or, de l&rsquo;encens et de la myrrhe<\/strong><\/a>. Ces dons ont aussi une signification all\u00e9gorique : l&rsquo;or veut honorer la royaut\u00e9 de J\u00e9sus ; l&rsquo;encens sa divinit\u00e9 ; la myrrhe sa sainte humanit\u00e9 qui conna\u00eetra la mort et la s\u00e9pulture.<\/em><\/p>\n<p><em>En regardant la sc\u00e8ne de la cr\u00e8che, nous sommes appel\u00e9s \u00e0 r\u00e9fl\u00e9chir sur la <strong>responsabilit\u00e9 de tout chr\u00e9tien \u00e0 \u00eatre \u00e9vang\u00e9lisateur<\/strong>. Chacun de nous devient porteur de la Bonne Nouvelle pour ceux qu&rsquo;il rencontre, t\u00e9moignant, par des actions concr\u00e8tes de mis\u00e9ricorde, de la joie d&rsquo;avoir rencontr\u00e9 J\u00e9sus et son amour.\u00a0\u00bb<\/em><\/p>\n<p>La Cr\u00e8che manifeste notre volont\u00e9 de rendre hommage \u00e0 J\u00e9sus, mais aussi <strong>notre engagement \u00e0 diffuser Sa Parole<\/strong>, \u00e0 apporter la Bonne Nouvelle non seulement \u00e0 No\u00ebl, mais chaque jour, avec nos mots, nos comportements, notre mani\u00e8re de nous pr\u00e9senter aux autres.<\/p>\n<div class=\"link-article\">\n<p><img loading=\"lazy\" decoding=\"async\" class=\"size-full wp-image-9135 alignleft\" src=\"https:\/\/blog.holyart.it\/fr\/wp-content\/uploads\/sites\/14\/2024\/10\/or-encens-et-myrrhe-2.jpeg\" alt=\"or encens et myrrhe\" width=\"150\" height=\"99\" data-kale-share-title=\"Lettre Apostolique \u00ab\u00a0Admirabile Signum\u00a0\u00bb de Pape Fran\u00e7ois sur No\u00ebl\" data-kale-share-url=\"https:\/\/blog.holyart.it\/fr\/?p=9122\" \/><\/p>\n<div class=\"leggi-anche\">Lire aussi :<\/div>\n<p><strong><a href=\"https:\/\/www.holyart.fr\/blog\/noel\/or-encens-et-myrrhe-pourquoi-ces-dons-pour-lenfant-jesus\/\">Or encens et myrrhe : pourquoi ces dons pour l\u2019Enfant J\u00e9sus ?<\/a><\/strong><br \/>\nLes Rois Mages, figures fascinantes et repr\u00e9sentatives de la tradition de No\u00ebl, amen\u00e8rent&#8230;<\/p>\n<\/div>\n<p>Ainsi Pape Fran\u00e7ois conclut sa Lettre Apostolique <strong><em>Admirabile Signum<\/em><\/strong>, avec une exhortation \u00e0 <strong>vivre No\u00ebl comme fils de Dieu<\/strong>, en accueillant la joie qui d\u00e9coule du souvenir de la venue de J\u00e9sus, dans la simplicit\u00e9 et l\u2019humilit\u00e9 que la Cr\u00e8che nous sugg\u00e8re depuis toujours\u00a0:<\/p>\n<p><em>\u00ab\u00a0<\/em><em>Chers fr\u00e8res et s\u0153urs, la cr\u00e8che fait partie du processus doux et exigeant de la transmission de la foi. D\u00e8s l&rsquo;enfance et ensuite \u00e0 chaque \u00e2ge de la vie, elle nous apprend \u00e0 contempler J\u00e9sus, \u00e0 ressentir l&rsquo;amour de Dieu pour nous, \u00e0 vivre et \u00e0 croire que Dieu est avec nous et que nous sommes avec lui, tous fils et fr\u00e8res gr\u00e2ce \u00e0 cet Enfant qui est Fils de Dieu et de la Vierge Marie\u00a0; et \u00e0 \u00e9prouver en cela le bonheur. \u00c0 l&rsquo;\u00e9cole de saint Fran\u00e7ois, ouvrons notre c\u0153ur \u00e0 cette gr\u00e2ce simple et laissons surgir de l&rsquo;\u00e9merveillement une humble pri\u00e8re : notre \u00ab\u00a0merci\u00a0\u00bb \u00e0 Dieu qui a voulu tout partager avec nous afin de ne jamais nous laisser seuls\u00a0\u00bb.<\/em><\/p>\n","protected":false},"excerpt":{"rendered":"<p>La Lettre Apostolique\u00a0Admirabile Signum\u00a0di Papa Francesco est une invitation \u00e0 vivre No\u00ebl avec spontan\u00e9it\u00e9, joie, humilit\u00e9 et foi. Voici comment. \u00c0 l\u2019occasion de sa visite au Sanctuaire de la Cr\u00e8che de Greccio, le 1er d\u00e9cembre 2019, Pape Fran\u00e7ois publia la Lettre Apostolique\u00a0Admirabile Signum, son message&hellip;<\/p>\n","protected":false},"author":1,"featured_media":9123,"comment_status":"closed","ping_status":"open","sticky":false,"template":"","format":"standard","meta":{"_acf_changed":false,"footnotes":""},"categories":[8],"tags":[],"class_list":["post-9122","post","type-post","status-publish","format-standard","has-post-thumbnail","hentry","category-articles-religieux"],"acf":[],"yoast_head":"<!-- This site is optimized with the Yoast SEO plugin v26.6 - https:\/\/yoast.com\/wordpress\/plugins\/seo\/ -->\n<title>Lettre Apostolique \u00ab\u00a0Admirabile Signum\u00a0\u00bb de Pape Fran\u00e7ois sur No\u00ebl - Holyart.fr Blog<\/title>\n<meta name=\"description\" content=\"Avec la Lettre Apostolique Admirabile Signum, Pape Fran\u00e7ois exprime la valeur de la Cr\u00e8che, tradition s\u00e9culaire, mais toujours bien vivante.\" \/>\n<meta name=\"robots\" content=\"index, follow, max-snippet:-1, max-image-preview:large, max-video-preview:-1\" \/>\n<link rel=\"canonical\" href=\"https:\/\/blog.holyart.it\/fr\/articles-religieux\/lettre-apostolique-admirabile-signum-de-pape-francois-sur-noel\/\" \/>\n<meta property=\"og:locale\" content=\"fr_FR\" \/>\n<meta property=\"og:type\" content=\"article\" \/>\n<meta property=\"og:title\" content=\"Lettre Apostolique \u00ab\u00a0Admirabile Signum\u00a0\u00bb de Pape Fran\u00e7ois sur No\u00ebl - Holyart.fr Blog\" \/>\n<meta property=\"og:description\" content=\"Avec la Lettre Apostolique Admirabile Signum, Pape Fran\u00e7ois exprime la valeur de la Cr\u00e8che, tradition s\u00e9culaire, mais toujours bien vivante.\" \/>\n<meta property=\"og:url\" content=\"https:\/\/blog.holyart.it\/fr\/articles-religieux\/lettre-apostolique-admirabile-signum-de-pape-francois-sur-noel\/\" \/>\n<meta property=\"og:site_name\" content=\"Holyart.fr Blog\" \/>\n<meta property=\"article:published_time\" content=\"2024-11-20T09:00:33+00:00\" \/>\n<meta property=\"article:modified_time\" content=\"2025-11-19T11:44:52+00:00\" \/>\n<meta property=\"og:image\" content=\"https:\/\/blog.holyart.it\/fr\/wp-content\/uploads\/sites\/14\/2024\/10\/Lettre-Apostolique-Admirabile-Signum-de-Pape-Francois-sur-Noel.jpg\" \/>\n\t<meta property=\"og:image:width\" content=\"1000\" \/>\n\t<meta property=\"og:image:height\" content=\"666\" \/>\n\t<meta property=\"og:image:type\" content=\"image\/jpeg\" \/>\n<meta name=\"author\" content=\"Redazione\" \/>\n<meta name=\"twitter:card\" content=\"summary_large_image\" \/>\n<meta name=\"twitter:label1\" content=\"\u00c9crit par\" \/>\n\t<meta name=\"twitter:data1\" content=\"Redazione\" \/>\n\t<meta name=\"twitter:label2\" content=\"Dur\u00e9e de lecture estim\u00e9e\" \/>\n\t<meta name=\"twitter:data2\" content=\"17 minutes\" \/>\n<script type=\"application\/ld+json\" class=\"yoast-schema-graph\">{\"@context\":\"https:\/\/schema.org\",\"@graph\":[{\"@type\":\"Article\",\"@id\":\"https:\/\/blog.holyart.it\/fr\/articles-religieux\/lettre-apostolique-admirabile-signum-de-pape-francois-sur-noel\/#article\",\"isPartOf\":{\"@id\":\"https:\/\/blog.holyart.it\/fr\/articles-religieux\/lettre-apostolique-admirabile-signum-de-pape-francois-sur-noel\/\"},\"author\":{\"name\":\"Redazione\",\"@id\":\"https:\/\/blog.holyart.it\/fr\/#\/schema\/person\/0a7b686e5af0f856ec1e390dd0baecda\"},\"headline\":\"Lettre Apostolique \u00ab\u00a0Admirabile Signum\u00a0\u00bb de Pape Fran\u00e7ois sur No\u00ebl\",\"datePublished\":\"2024-11-20T09:00:33+00:00\",\"dateModified\":\"2025-11-19T11:44:52+00:00\",\"mainEntityOfPage\":{\"@id\":\"https:\/\/blog.holyart.it\/fr\/articles-religieux\/lettre-apostolique-admirabile-signum-de-pape-francois-sur-noel\/\"},\"wordCount\":3271,\"publisher\":{\"@id\":\"https:\/\/blog.holyart.it\/fr\/#organization\"},\"image\":{\"@id\":\"https:\/\/blog.holyart.it\/fr\/articles-religieux\/lettre-apostolique-admirabile-signum-de-pape-francois-sur-noel\/#primaryimage\"},\"thumbnailUrl\":\"https:\/\/blog.holyart.it\/fr\/wp-content\/uploads\/sites\/14\/2024\/10\/Lettre-Apostolique-Admirabile-Signum-de-Pape-Francois-sur-Noel.jpg\",\"articleSection\":[\"Religion\"],\"inLanguage\":\"fr-FR\"},{\"@type\":\"WebPage\",\"@id\":\"https:\/\/blog.holyart.it\/fr\/articles-religieux\/lettre-apostolique-admirabile-signum-de-pape-francois-sur-noel\/\",\"url\":\"https:\/\/blog.holyart.it\/fr\/articles-religieux\/lettre-apostolique-admirabile-signum-de-pape-francois-sur-noel\/\",\"name\":\"Lettre Apostolique \u00ab\u00a0Admirabile Signum\u00a0\u00bb de Pape Fran\u00e7ois sur No\u00ebl - Holyart.fr Blog\",\"isPartOf\":{\"@id\":\"https:\/\/blog.holyart.it\/fr\/#website\"},\"primaryImageOfPage\":{\"@id\":\"https:\/\/blog.holyart.it\/fr\/articles-religieux\/lettre-apostolique-admirabile-signum-de-pape-francois-sur-noel\/#primaryimage\"},\"image\":{\"@id\":\"https:\/\/blog.holyart.it\/fr\/articles-religieux\/lettre-apostolique-admirabile-signum-de-pape-francois-sur-noel\/#primaryimage\"},\"thumbnailUrl\":\"https:\/\/blog.holyart.it\/fr\/wp-content\/uploads\/sites\/14\/2024\/10\/Lettre-Apostolique-Admirabile-Signum-de-Pape-Francois-sur-Noel.jpg\",\"datePublished\":\"2024-11-20T09:00:33+00:00\",\"dateModified\":\"2025-11-19T11:44:52+00:00\",\"description\":\"Avec la Lettre Apostolique Admirabile Signum, Pape Fran\u00e7ois exprime la valeur de la Cr\u00e8che, tradition s\u00e9culaire, mais toujours bien vivante.\",\"breadcrumb\":{\"@id\":\"https:\/\/blog.holyart.it\/fr\/articles-religieux\/lettre-apostolique-admirabile-signum-de-pape-francois-sur-noel\/#breadcrumb\"},\"inLanguage\":\"fr-FR\",\"potentialAction\":[{\"@type\":\"ReadAction\",\"target\":[\"https:\/\/blog.holyart.it\/fr\/articles-religieux\/lettre-apostolique-admirabile-signum-de-pape-francois-sur-noel\/\"]}]},{\"@type\":\"ImageObject\",\"inLanguage\":\"fr-FR\",\"@id\":\"https:\/\/blog.holyart.it\/fr\/articles-religieux\/lettre-apostolique-admirabile-signum-de-pape-francois-sur-noel\/#primaryimage\",\"url\":\"https:\/\/blog.holyart.it\/fr\/wp-content\/uploads\/sites\/14\/2024\/10\/Lettre-Apostolique-Admirabile-Signum-de-Pape-Francois-sur-Noel.jpg\",\"contentUrl\":\"https:\/\/blog.holyart.it\/fr\/wp-content\/uploads\/sites\/14\/2024\/10\/Lettre-Apostolique-Admirabile-Signum-de-Pape-Francois-sur-Noel.jpg\",\"width\":1000,\"height\":666,\"caption\":\"Lettre Apostolique \u00ab\u00a0Admirabile Signum\u00a0\u00bb de Pape Fran\u00e7ois sur No\u00ebl\"},{\"@type\":\"BreadcrumbList\",\"@id\":\"https:\/\/blog.holyart.it\/fr\/articles-religieux\/lettre-apostolique-admirabile-signum-de-pape-francois-sur-noel\/#breadcrumb\",\"itemListElement\":[{\"@type\":\"ListItem\",\"position\":1,\"name\":\"Homepage\",\"item\":\"https:\/\/blog.holyart.it\/fr\/\"},{\"@type\":\"ListItem\",\"position\":2,\"name\":\"Religion\",\"item\":\"https:\/\/blog.holyart.it\/fr\/articles-religieux\/\"},{\"@type\":\"ListItem\",\"position\":3,\"name\":\"Lettre Apostolique \u00ab\u00a0Admirabile Signum\u00a0\u00bb de Pape Fran\u00e7ois sur No\u00ebl\"}]},{\"@type\":\"WebSite\",\"@id\":\"https:\/\/blog.holyart.it\/fr\/#website\",\"url\":\"https:\/\/blog.holyart.it\/fr\/\",\"name\":\"Holyart.fr Blog\",\"description\":\"Holyblog\",\"publisher\":{\"@id\":\"https:\/\/blog.holyart.it\/fr\/#organization\"},\"potentialAction\":[{\"@type\":\"SearchAction\",\"target\":{\"@type\":\"EntryPoint\",\"urlTemplate\":\"https:\/\/blog.holyart.it\/fr\/?s={search_term_string}\"},\"query-input\":{\"@type\":\"PropertyValueSpecification\",\"valueRequired\":true,\"valueName\":\"search_term_string\"}}],\"inLanguage\":\"fr-FR\"},{\"@type\":\"Organization\",\"@id\":\"https:\/\/blog.holyart.it\/fr\/#organization\",\"name\":\"Holyart.fr Blog\",\"url\":\"https:\/\/blog.holyart.it\/fr\/\",\"logo\":{\"@type\":\"ImageObject\",\"inLanguage\":\"fr-FR\",\"@id\":\"https:\/\/blog.holyart.it\/fr\/#\/schema\/logo\/image\/\",\"url\":\"https:\/\/blog.holyart.it\/fr\/wp-content\/uploads\/sites\/14\/2022\/12\/Holyart_Blog_Logo.jpg\",\"contentUrl\":\"https:\/\/blog.holyart.it\/fr\/wp-content\/uploads\/sites\/14\/2022\/12\/Holyart_Blog_Logo.jpg\",\"width\":300,\"height\":50,\"caption\":\"Holyart.fr Blog\"},\"image\":{\"@id\":\"https:\/\/blog.holyart.it\/fr\/#\/schema\/logo\/image\/\"}},{\"@type\":\"Person\",\"@id\":\"https:\/\/blog.holyart.it\/fr\/#\/schema\/person\/0a7b686e5af0f856ec1e390dd0baecda\",\"name\":\"Redazione\",\"image\":{\"@type\":\"ImageObject\",\"inLanguage\":\"fr-FR\",\"@id\":\"https:\/\/blog.holyart.it\/fr\/#\/schema\/person\/image\/\",\"url\":\"https:\/\/secure.gravatar.com\/avatar\/f477da817f43e50d0af36abecd33e3edf826c68299714bdc1057dff3b113f516?s=96&d=mm&r=g\",\"contentUrl\":\"https:\/\/secure.gravatar.com\/avatar\/f477da817f43e50d0af36abecd33e3edf826c68299714bdc1057dff3b113f516?s=96&d=mm&r=g\",\"caption\":\"Redazione\"},\"url\":\"https:\/\/blog.holyart.it\/fr\/author\/admin\/\"}]}<\/script>\n<!-- \/ Yoast SEO plugin. -->","yoast_head_json":{"title":"Lettre Apostolique \u00ab\u00a0Admirabile Signum\u00a0\u00bb de Pape Fran\u00e7ois sur No\u00ebl - Holyart.fr Blog","description":"Avec la Lettre Apostolique Admirabile Signum, Pape Fran\u00e7ois exprime la valeur de la Cr\u00e8che, tradition s\u00e9culaire, mais toujours bien vivante.","robots":{"index":"index","follow":"follow","max-snippet":"max-snippet:-1","max-image-preview":"max-image-preview:large","max-video-preview":"max-video-preview:-1"},"canonical":"https:\/\/blog.holyart.it\/fr\/articles-religieux\/lettre-apostolique-admirabile-signum-de-pape-francois-sur-noel\/","og_locale":"fr_FR","og_type":"article","og_title":"Lettre Apostolique \u00ab\u00a0Admirabile Signum\u00a0\u00bb de Pape Fran\u00e7ois sur No\u00ebl - Holyart.fr Blog","og_description":"Avec la Lettre Apostolique Admirabile Signum, Pape Fran\u00e7ois exprime la valeur de la Cr\u00e8che, tradition s\u00e9culaire, mais toujours bien vivante.","og_url":"https:\/\/blog.holyart.it\/fr\/articles-religieux\/lettre-apostolique-admirabile-signum-de-pape-francois-sur-noel\/","og_site_name":"Holyart.fr Blog","article_published_time":"2024-11-20T09:00:33+00:00","article_modified_time":"2025-11-19T11:44:52+00:00","og_image":[{"width":1000,"height":666,"url":"https:\/\/blog.holyart.it\/fr\/wp-content\/uploads\/sites\/14\/2024\/10\/Lettre-Apostolique-Admirabile-Signum-de-Pape-Francois-sur-Noel.jpg","type":"image\/jpeg"}],"author":"Redazione","twitter_card":"summary_large_image","twitter_misc":{"\u00c9crit par":"Redazione","Dur\u00e9e de lecture estim\u00e9e":"17 minutes"},"schema":{"@context":"https:\/\/schema.org","@graph":[{"@type":"Article","@id":"https:\/\/blog.holyart.it\/fr\/articles-religieux\/lettre-apostolique-admirabile-signum-de-pape-francois-sur-noel\/#article","isPartOf":{"@id":"https:\/\/blog.holyart.it\/fr\/articles-religieux\/lettre-apostolique-admirabile-signum-de-pape-francois-sur-noel\/"},"author":{"name":"Redazione","@id":"https:\/\/blog.holyart.it\/fr\/#\/schema\/person\/0a7b686e5af0f856ec1e390dd0baecda"},"headline":"Lettre Apostolique \u00ab\u00a0Admirabile Signum\u00a0\u00bb de Pape Fran\u00e7ois sur No\u00ebl","datePublished":"2024-11-20T09:00:33+00:00","dateModified":"2025-11-19T11:44:52+00:00","mainEntityOfPage":{"@id":"https:\/\/blog.holyart.it\/fr\/articles-religieux\/lettre-apostolique-admirabile-signum-de-pape-francois-sur-noel\/"},"wordCount":3271,"publisher":{"@id":"https:\/\/blog.holyart.it\/fr\/#organization"},"image":{"@id":"https:\/\/blog.holyart.it\/fr\/articles-religieux\/lettre-apostolique-admirabile-signum-de-pape-francois-sur-noel\/#primaryimage"},"thumbnailUrl":"https:\/\/blog.holyart.it\/fr\/wp-content\/uploads\/sites\/14\/2024\/10\/Lettre-Apostolique-Admirabile-Signum-de-Pape-Francois-sur-Noel.jpg","articleSection":["Religion"],"inLanguage":"fr-FR"},{"@type":"WebPage","@id":"https:\/\/blog.holyart.it\/fr\/articles-religieux\/lettre-apostolique-admirabile-signum-de-pape-francois-sur-noel\/","url":"https:\/\/blog.holyart.it\/fr\/articles-religieux\/lettre-apostolique-admirabile-signum-de-pape-francois-sur-noel\/","name":"Lettre Apostolique \u00ab\u00a0Admirabile Signum\u00a0\u00bb de Pape Fran\u00e7ois sur No\u00ebl - Holyart.fr Blog","isPartOf":{"@id":"https:\/\/blog.holyart.it\/fr\/#website"},"primaryImageOfPage":{"@id":"https:\/\/blog.holyart.it\/fr\/articles-religieux\/lettre-apostolique-admirabile-signum-de-pape-francois-sur-noel\/#primaryimage"},"image":{"@id":"https:\/\/blog.holyart.it\/fr\/articles-religieux\/lettre-apostolique-admirabile-signum-de-pape-francois-sur-noel\/#primaryimage"},"thumbnailUrl":"https:\/\/blog.holyart.it\/fr\/wp-content\/uploads\/sites\/14\/2024\/10\/Lettre-Apostolique-Admirabile-Signum-de-Pape-Francois-sur-Noel.jpg","datePublished":"2024-11-20T09:00:33+00:00","dateModified":"2025-11-19T11:44:52+00:00","description":"Avec la Lettre Apostolique Admirabile Signum, Pape Fran\u00e7ois exprime la valeur de la Cr\u00e8che, tradition s\u00e9culaire, mais toujours bien vivante.","breadcrumb":{"@id":"https:\/\/blog.holyart.it\/fr\/articles-religieux\/lettre-apostolique-admirabile-signum-de-pape-francois-sur-noel\/#breadcrumb"},"inLanguage":"fr-FR","potentialAction":[{"@type":"ReadAction","target":["https:\/\/blog.holyart.it\/fr\/articles-religieux\/lettre-apostolique-admirabile-signum-de-pape-francois-sur-noel\/"]}]},{"@type":"ImageObject","inLanguage":"fr-FR","@id":"https:\/\/blog.holyart.it\/fr\/articles-religieux\/lettre-apostolique-admirabile-signum-de-pape-francois-sur-noel\/#primaryimage","url":"https:\/\/blog.holyart.it\/fr\/wp-content\/uploads\/sites\/14\/2024\/10\/Lettre-Apostolique-Admirabile-Signum-de-Pape-Francois-sur-Noel.jpg","contentUrl":"https:\/\/blog.holyart.it\/fr\/wp-content\/uploads\/sites\/14\/2024\/10\/Lettre-Apostolique-Admirabile-Signum-de-Pape-Francois-sur-Noel.jpg","width":1000,"height":666,"caption":"Lettre Apostolique \u00ab\u00a0Admirabile Signum\u00a0\u00bb de Pape Fran\u00e7ois sur No\u00ebl"},{"@type":"BreadcrumbList","@id":"https:\/\/blog.holyart.it\/fr\/articles-religieux\/lettre-apostolique-admirabile-signum-de-pape-francois-sur-noel\/#breadcrumb","itemListElement":[{"@type":"ListItem","position":1,"name":"Homepage","item":"https:\/\/blog.holyart.it\/fr\/"},{"@type":"ListItem","position":2,"name":"Religion","item":"https:\/\/blog.holyart.it\/fr\/articles-religieux\/"},{"@type":"ListItem","position":3,"name":"Lettre Apostolique \u00ab\u00a0Admirabile Signum\u00a0\u00bb de Pape Fran\u00e7ois sur No\u00ebl"}]},{"@type":"WebSite","@id":"https:\/\/blog.holyart.it\/fr\/#website","url":"https:\/\/blog.holyart.it\/fr\/","name":"Holyart.fr Blog","description":"Holyblog","publisher":{"@id":"https:\/\/blog.holyart.it\/fr\/#organization"},"potentialAction":[{"@type":"SearchAction","target":{"@type":"EntryPoint","urlTemplate":"https:\/\/blog.holyart.it\/fr\/?s={search_term_string}"},"query-input":{"@type":"PropertyValueSpecification","valueRequired":true,"valueName":"search_term_string"}}],"inLanguage":"fr-FR"},{"@type":"Organization","@id":"https:\/\/blog.holyart.it\/fr\/#organization","name":"Holyart.fr Blog","url":"https:\/\/blog.holyart.it\/fr\/","logo":{"@type":"ImageObject","inLanguage":"fr-FR","@id":"https:\/\/blog.holyart.it\/fr\/#\/schema\/logo\/image\/","url":"https:\/\/blog.holyart.it\/fr\/wp-content\/uploads\/sites\/14\/2022\/12\/Holyart_Blog_Logo.jpg","contentUrl":"https:\/\/blog.holyart.it\/fr\/wp-content\/uploads\/sites\/14\/2022\/12\/Holyart_Blog_Logo.jpg","width":300,"height":50,"caption":"Holyart.fr Blog"},"image":{"@id":"https:\/\/blog.holyart.it\/fr\/#\/schema\/logo\/image\/"}},{"@type":"Person","@id":"https:\/\/blog.holyart.it\/fr\/#\/schema\/person\/0a7b686e5af0f856ec1e390dd0baecda","name":"Redazione","image":{"@type":"ImageObject","inLanguage":"fr-FR","@id":"https:\/\/blog.holyart.it\/fr\/#\/schema\/person\/image\/","url":"https:\/\/secure.gravatar.com\/avatar\/f477da817f43e50d0af36abecd33e3edf826c68299714bdc1057dff3b113f516?s=96&d=mm&r=g","contentUrl":"https:\/\/secure.gravatar.com\/avatar\/f477da817f43e50d0af36abecd33e3edf826c68299714bdc1057dff3b113f516?s=96&d=mm&r=g","caption":"Redazione"},"url":"https:\/\/blog.holyart.it\/fr\/author\/admin\/"}]}},"_links":{"self":[{"href":"https:\/\/blog.holyart.it\/fr\/wp-json\/wp\/v2\/posts\/9122","targetHints":{"allow":["GET"]}}],"collection":[{"href":"https:\/\/blog.holyart.it\/fr\/wp-json\/wp\/v2\/posts"}],"about":[{"href":"https:\/\/blog.holyart.it\/fr\/wp-json\/wp\/v2\/types\/post"}],"author":[{"embeddable":true,"href":"https:\/\/blog.holyart.it\/fr\/wp-json\/wp\/v2\/users\/1"}],"replies":[{"embeddable":true,"href":"https:\/\/blog.holyart.it\/fr\/wp-json\/wp\/v2\/comments?post=9122"}],"version-history":[{"count":9,"href":"https:\/\/blog.holyart.it\/fr\/wp-json\/wp\/v2\/posts\/9122\/revisions"}],"predecessor-version":[{"id":9146,"href":"https:\/\/blog.holyart.it\/fr\/wp-json\/wp\/v2\/posts\/9122\/revisions\/9146"}],"wp:featuredmedia":[{"embeddable":true,"href":"https:\/\/blog.holyart.it\/fr\/wp-json\/wp\/v2\/media\/9123"}],"wp:attachment":[{"href":"https:\/\/blog.holyart.it\/fr\/wp-json\/wp\/v2\/media?parent=9122"}],"wp:term":[{"taxonomy":"category","embeddable":true,"href":"https:\/\/blog.holyart.it\/fr\/wp-json\/wp\/v2\/categories?post=9122"},{"taxonomy":"post_tag","embeddable":true,"href":"https:\/\/blog.holyart.it\/fr\/wp-json\/wp\/v2\/tags?post=9122"}],"curies":[{"name":"wp","href":"https:\/\/api.w.org\/{rel}","templated":true}]}}