{"id":91,"date":"2016-07-04T11:46:13","date_gmt":"2016-07-04T09:46:13","guid":{"rendered":"https:\/\/blog.holyart.it\/fr\/?p=91"},"modified":"2016-10-28T13:01:11","modified_gmt":"2016-10-28T11:01:11","slug":"prie-dieu","status":"publish","type":"post","link":"https:\/\/blog.holyart.it\/fr\/accessoires-pour-la-liturgie\/prie-dieu\/","title":{"rendered":"Prie-Dieu"},"content":{"rendered":"<p>Le <strong><a title=\"Prie-Dieu\" href=\"http:\/\/www.holyart.fr\/accessoires-pour-la-liturgie\/mobilier-deglise\/ambons-prie-dieu-complements-dameublement\">prie-Dieu<\/a><\/strong> appartient au mobilier typique des <strong>\u00e9glises<\/strong> et des <strong>chapelles<\/strong> depuis le XV si\u00e8cle. Il s\u2019agit d\u2019une pi\u00e8ce de mobilier, <strong>d\u2019habitude en bois<\/strong>, utilis\u00e9e pour s\u2019agenouiller et <strong>prier<\/strong>.<\/p>\n<p>Le <strong>prie-Dieux<\/strong> peut \u00eatre dispos\u00e9 devant le <strong>tabernacle<\/strong>, devant un <strong>autel secondaire<\/strong>, devant la <strong>statue d\u2019un saint<\/strong> ou de la <strong>Sainte Vierge<\/strong>. Il est typiquement compos\u00e9 d\u2019un plan d\u2019appui pour les genoux (agenouilloir), souvent rembourr\u00e9 ou recouvert d\u2019un coussin, et d\u2019un autre plus \u00e9lev\u00e9 pour poser les mains jointes dans l\u2019acte de la pri\u00e8re (accoudoir).<\/p>\n<p>Au cours des si\u00e8cles, le <strong>prie-Dieux<\/strong> a subi de nombreuses variations artistiques, en s\u2019enrichissant de d\u00e9tails raffin\u00e9s, de marqueteries, de bas-reliefs d\u2019une beaut\u00e9 exquise repr\u00e9sentant des anges, des motifs floraux et des symboles sacr\u00e9s. Le <strong>prie-Dieu<\/strong>, surtout pendant l\u2019\u00e9poque baroque, pouvait \u00eatre embelli de bas-reliefs dor\u00e9s, d\u2019inserts en ivoire, en bronze et bien d\u2019autres mati\u00e8res pr\u00e9cieuses. En principe, par contre, il a gard\u00e9 tout au long des si\u00e8cle une ligne simple et constante, m\u00eame si avec quelques l\u00e9g\u00e8res variations. Certains <strong>prie-Dieux<\/strong> par exemple peuvent \u00eatre dot\u00e9s de tiroirs et de petites portes ou bien d\u2019un pupitre de lecture avec en-dessous un compartiment ferm\u00e9.<\/p>\n<p>Parmi les diff\u00e9rents types de prie-Dieu, il existe :<\/p>\n<ul>\n<li>le <strong>prie-Dieu<\/strong> <strong>de sacristie<\/strong>, sur lequel le pr\u00eatre s\u2019agenouille pour la pri\u00e8re avant d\u2019entrer dans l\u2019\u00e9glise pour c\u00e9l\u00e9brer la messe\u00a0; il peut pr\u00e9senter un accoudoir d\u00e9cor\u00e9 avec une <strong>image sacr\u00e9e<\/strong> et un tableau avec les pri\u00e8res de pr\u00e9paration et de remerciement\u00a0;<\/li>\n<li>le<strong> prie-Dieu de Communion <\/strong>sur lequel le fid\u00e8le s\u2019agenouille pour recevoir la Communion\u00a0;<\/li>\n<li>le <strong>prie-Dieu nominatif<\/strong>, souvent appartenant \u00e0 une personne ou \u00e0 une famille, marqu\u00e9 avec un plaque ou une petite enseigne d\u2019appartenance\u00a0;<\/li>\n<li>le <strong>prie-Dieu tabouret<\/strong>, simple, bas et sans accoudoir\u00a0;<\/li>\n<li>le <strong>banc prie-Dieu<\/strong>, une chaise avec prie-Dieu int\u00e9gr\u00e9, dot\u00e9 d\u2019accoudoir et d\u2019agenouilloir\u00a0; il peut pr\u00e9senter une assise r\u00e9versible sous laquelle est cach\u00e9 le prie-Dieu.<\/li>\n<\/ul>\n","protected":false},"excerpt":{"rendered":"<p>Le prie-Dieu appartient au mobilier typique des \u00e9glises et des chapelles depuis le XV si\u00e8cle. Il s\u2019agit d\u2019une pi\u00e8ce de mobilier, d\u2019habitude en bois, utilis\u00e9e pour s\u2019agenouiller et prier. Le prie-Dieux peut \u00eatre dispos\u00e9 devant le tabernacle, devant un autel secondaire, devant la statue d\u2019un&hellip;<\/p>\n","protected":false},"author":1,"featured_media":182,"comment_status":"closed","ping_status":"open","sticky":false,"template":"","format":"standard","meta":{"_acf_changed":false,"footnotes":""},"categories":[4],"tags":[],"class_list":["post-91","post","type-post","status-publish","format-standard","has-post-thumbnail","hentry","category-accessoires-pour-la-liturgie"],"acf":[],"yoast_head":"<!-- This site is optimized with the Yoast SEO plugin v26.6 - https:\/\/yoast.com\/wordpress\/plugins\/seo\/ -->\n<title>Prie-Dieu - Holyart.fr Blog<\/title>\n<meta name=\"description\" content=\"Le prie-Dieu appartient au mobilier typique des \u00e9glises depuis le XV si\u00e8cle. Il s\u2019agit d\u2019une pi\u00e8ce de mobilier, utilis\u00e9e pour s\u2019agenouiller et prier.\" \/>\n<meta name=\"robots\" content=\"index, follow, max-snippet:-1, max-image-preview:large, max-video-preview:-1\" \/>\n<link rel=\"canonical\" href=\"https:\/\/blog.holyart.it\/fr\/accessoires-pour-la-liturgie\/prie-dieu\/\" \/>\n<meta property=\"og:locale\" content=\"fr_FR\" \/>\n<meta property=\"og:type\" content=\"article\" \/>\n<meta property=\"og:title\" content=\"Prie-Dieu - Holyart.fr Blog\" \/>\n<meta property=\"og:description\" content=\"Le prie-Dieu appartient au mobilier typique des \u00e9glises depuis le XV si\u00e8cle. Il s\u2019agit d\u2019une pi\u00e8ce de mobilier, utilis\u00e9e pour s\u2019agenouiller et prier.\" \/>\n<meta property=\"og:url\" content=\"https:\/\/blog.holyart.it\/fr\/accessoires-pour-la-liturgie\/prie-dieu\/\" \/>\n<meta property=\"og:site_name\" content=\"Holyart.fr Blog\" \/>\n<meta property=\"article:published_time\" content=\"2016-07-04T09:46:13+00:00\" \/>\n<meta property=\"article:modified_time\" content=\"2016-10-28T11:01:11+00:00\" \/>\n<meta property=\"og:image\" content=\"https:\/\/blog.holyart.it\/fr\/wp-content\/uploads\/sites\/14\/2016\/07\/Prie-Dieu.png\" \/>\n\t<meta property=\"og:image:width\" content=\"750\" \/>\n\t<meta property=\"og:image:height\" content=\"410\" \/>\n\t<meta property=\"og:image:type\" content=\"image\/png\" \/>\n<meta name=\"author\" content=\"Redazione\" \/>\n<meta name=\"twitter:card\" content=\"summary_large_image\" \/>\n<meta name=\"twitter:label1\" content=\"\u00c9crit par\" \/>\n\t<meta name=\"twitter:data1\" content=\"Redazione\" \/>\n\t<meta name=\"twitter:label2\" content=\"Dur\u00e9e de lecture estim\u00e9e\" \/>\n\t<meta name=\"twitter:data2\" content=\"2 minutes\" \/>\n<script type=\"application\/ld+json\" class=\"yoast-schema-graph\">{\"@context\":\"https:\/\/schema.org\",\"@graph\":[{\"@type\":\"Article\",\"@id\":\"https:\/\/blog.holyart.it\/fr\/accessoires-pour-la-liturgie\/prie-dieu\/#article\",\"isPartOf\":{\"@id\":\"https:\/\/blog.holyart.it\/fr\/accessoires-pour-la-liturgie\/prie-dieu\/\"},\"author\":{\"name\":\"Redazione\",\"@id\":\"https:\/\/blog.holyart.it\/fr\/#\/schema\/person\/0a7b686e5af0f856ec1e390dd0baecda\"},\"headline\":\"Prie-Dieu\",\"datePublished\":\"2016-07-04T09:46:13+00:00\",\"dateModified\":\"2016-10-28T11:01:11+00:00\",\"mainEntityOfPage\":{\"@id\":\"https:\/\/blog.holyart.it\/fr\/accessoires-pour-la-liturgie\/prie-dieu\/\"},\"wordCount\":355,\"publisher\":{\"@id\":\"https:\/\/blog.holyart.it\/fr\/#organization\"},\"image\":{\"@id\":\"https:\/\/blog.holyart.it\/fr\/accessoires-pour-la-liturgie\/prie-dieu\/#primaryimage\"},\"thumbnailUrl\":\"https:\/\/blog.holyart.it\/fr\/wp-content\/uploads\/sites\/14\/2016\/07\/Prie-Dieu.png\",\"articleSection\":[\"Liturgie\"],\"inLanguage\":\"fr-FR\"},{\"@type\":\"WebPage\",\"@id\":\"https:\/\/blog.holyart.it\/fr\/accessoires-pour-la-liturgie\/prie-dieu\/\",\"url\":\"https:\/\/blog.holyart.it\/fr\/accessoires-pour-la-liturgie\/prie-dieu\/\",\"name\":\"Prie-Dieu - Holyart.fr Blog\",\"isPartOf\":{\"@id\":\"https:\/\/blog.holyart.it\/fr\/#website\"},\"primaryImageOfPage\":{\"@id\":\"https:\/\/blog.holyart.it\/fr\/accessoires-pour-la-liturgie\/prie-dieu\/#primaryimage\"},\"image\":{\"@id\":\"https:\/\/blog.holyart.it\/fr\/accessoires-pour-la-liturgie\/prie-dieu\/#primaryimage\"},\"thumbnailUrl\":\"https:\/\/blog.holyart.it\/fr\/wp-content\/uploads\/sites\/14\/2016\/07\/Prie-Dieu.png\",\"datePublished\":\"2016-07-04T09:46:13+00:00\",\"dateModified\":\"2016-10-28T11:01:11+00:00\",\"description\":\"Le prie-Dieu appartient au mobilier typique des \u00e9glises depuis le XV si\u00e8cle. Il s\u2019agit d\u2019une pi\u00e8ce de mobilier, utilis\u00e9e pour s\u2019agenouiller et prier.\",\"breadcrumb\":{\"@id\":\"https:\/\/blog.holyart.it\/fr\/accessoires-pour-la-liturgie\/prie-dieu\/#breadcrumb\"},\"inLanguage\":\"fr-FR\",\"potentialAction\":[{\"@type\":\"ReadAction\",\"target\":[\"https:\/\/blog.holyart.it\/fr\/accessoires-pour-la-liturgie\/prie-dieu\/\"]}]},{\"@type\":\"ImageObject\",\"inLanguage\":\"fr-FR\",\"@id\":\"https:\/\/blog.holyart.it\/fr\/accessoires-pour-la-liturgie\/prie-dieu\/#primaryimage\",\"url\":\"https:\/\/blog.holyart.it\/fr\/wp-content\/uploads\/sites\/14\/2016\/07\/Prie-Dieu.png\",\"contentUrl\":\"https:\/\/blog.holyart.it\/fr\/wp-content\/uploads\/sites\/14\/2016\/07\/Prie-Dieu.png\",\"width\":750,\"height\":410,\"caption\":\"Prie-Dieu\"},{\"@type\":\"BreadcrumbList\",\"@id\":\"https:\/\/blog.holyart.it\/fr\/accessoires-pour-la-liturgie\/prie-dieu\/#breadcrumb\",\"itemListElement\":[{\"@type\":\"ListItem\",\"position\":1,\"name\":\"Homepage\",\"item\":\"https:\/\/blog.holyart.it\/fr\/\"},{\"@type\":\"ListItem\",\"position\":2,\"name\":\"Liturgie\",\"item\":\"https:\/\/blog.holyart.it\/fr\/accessoires-pour-la-liturgie\/\"},{\"@type\":\"ListItem\",\"position\":3,\"name\":\"Prie-Dieu\"}]},{\"@type\":\"WebSite\",\"@id\":\"https:\/\/blog.holyart.it\/fr\/#website\",\"url\":\"https:\/\/blog.holyart.it\/fr\/\",\"name\":\"Holyart.fr Blog\",\"description\":\"Holyblog\",\"publisher\":{\"@id\":\"https:\/\/blog.holyart.it\/fr\/#organization\"},\"potentialAction\":[{\"@type\":\"SearchAction\",\"target\":{\"@type\":\"EntryPoint\",\"urlTemplate\":\"https:\/\/blog.holyart.it\/fr\/?s={search_term_string}\"},\"query-input\":{\"@type\":\"PropertyValueSpecification\",\"valueRequired\":true,\"valueName\":\"search_term_string\"}}],\"inLanguage\":\"fr-FR\"},{\"@type\":\"Organization\",\"@id\":\"https:\/\/blog.holyart.it\/fr\/#organization\",\"name\":\"Holyart.fr Blog\",\"url\":\"https:\/\/blog.holyart.it\/fr\/\",\"logo\":{\"@type\":\"ImageObject\",\"inLanguage\":\"fr-FR\",\"@id\":\"https:\/\/blog.holyart.it\/fr\/#\/schema\/logo\/image\/\",\"url\":\"https:\/\/blog.holyart.it\/fr\/wp-content\/uploads\/sites\/14\/2022\/12\/Holyart_Blog_Logo.jpg\",\"contentUrl\":\"https:\/\/blog.holyart.it\/fr\/wp-content\/uploads\/sites\/14\/2022\/12\/Holyart_Blog_Logo.jpg\",\"width\":300,\"height\":50,\"caption\":\"Holyart.fr Blog\"},\"image\":{\"@id\":\"https:\/\/blog.holyart.it\/fr\/#\/schema\/logo\/image\/\"}},{\"@type\":\"Person\",\"@id\":\"https:\/\/blog.holyart.it\/fr\/#\/schema\/person\/0a7b686e5af0f856ec1e390dd0baecda\",\"name\":\"Redazione\",\"image\":{\"@type\":\"ImageObject\",\"inLanguage\":\"fr-FR\",\"@id\":\"https:\/\/blog.holyart.it\/fr\/#\/schema\/person\/image\/\",\"url\":\"https:\/\/secure.gravatar.com\/avatar\/f477da817f43e50d0af36abecd33e3edf826c68299714bdc1057dff3b113f516?s=96&d=mm&r=g\",\"contentUrl\":\"https:\/\/secure.gravatar.com\/avatar\/f477da817f43e50d0af36abecd33e3edf826c68299714bdc1057dff3b113f516?s=96&d=mm&r=g\",\"caption\":\"Redazione\"},\"url\":\"https:\/\/blog.holyart.it\/fr\/author\/admin\/\"}]}<\/script>\n<!-- \/ Yoast SEO plugin. -->","yoast_head_json":{"title":"Prie-Dieu - Holyart.fr Blog","description":"Le prie-Dieu appartient au mobilier typique des \u00e9glises depuis le XV si\u00e8cle. Il s\u2019agit d\u2019une pi\u00e8ce de mobilier, utilis\u00e9e pour s\u2019agenouiller et prier.","robots":{"index":"index","follow":"follow","max-snippet":"max-snippet:-1","max-image-preview":"max-image-preview:large","max-video-preview":"max-video-preview:-1"},"canonical":"https:\/\/blog.holyart.it\/fr\/accessoires-pour-la-liturgie\/prie-dieu\/","og_locale":"fr_FR","og_type":"article","og_title":"Prie-Dieu - Holyart.fr Blog","og_description":"Le prie-Dieu appartient au mobilier typique des \u00e9glises depuis le XV si\u00e8cle. Il s\u2019agit d\u2019une pi\u00e8ce de mobilier, utilis\u00e9e pour s\u2019agenouiller et prier.","og_url":"https:\/\/blog.holyart.it\/fr\/accessoires-pour-la-liturgie\/prie-dieu\/","og_site_name":"Holyart.fr Blog","article_published_time":"2016-07-04T09:46:13+00:00","article_modified_time":"2016-10-28T11:01:11+00:00","og_image":[{"width":750,"height":410,"url":"https:\/\/blog.holyart.it\/fr\/wp-content\/uploads\/sites\/14\/2016\/07\/Prie-Dieu.png","type":"image\/png"}],"author":"Redazione","twitter_card":"summary_large_image","twitter_misc":{"\u00c9crit par":"Redazione","Dur\u00e9e de lecture estim\u00e9e":"2 minutes"},"schema":{"@context":"https:\/\/schema.org","@graph":[{"@type":"Article","@id":"https:\/\/blog.holyart.it\/fr\/accessoires-pour-la-liturgie\/prie-dieu\/#article","isPartOf":{"@id":"https:\/\/blog.holyart.it\/fr\/accessoires-pour-la-liturgie\/prie-dieu\/"},"author":{"name":"Redazione","@id":"https:\/\/blog.holyart.it\/fr\/#\/schema\/person\/0a7b686e5af0f856ec1e390dd0baecda"},"headline":"Prie-Dieu","datePublished":"2016-07-04T09:46:13+00:00","dateModified":"2016-10-28T11:01:11+00:00","mainEntityOfPage":{"@id":"https:\/\/blog.holyart.it\/fr\/accessoires-pour-la-liturgie\/prie-dieu\/"},"wordCount":355,"publisher":{"@id":"https:\/\/blog.holyart.it\/fr\/#organization"},"image":{"@id":"https:\/\/blog.holyart.it\/fr\/accessoires-pour-la-liturgie\/prie-dieu\/#primaryimage"},"thumbnailUrl":"https:\/\/blog.holyart.it\/fr\/wp-content\/uploads\/sites\/14\/2016\/07\/Prie-Dieu.png","articleSection":["Liturgie"],"inLanguage":"fr-FR"},{"@type":"WebPage","@id":"https:\/\/blog.holyart.it\/fr\/accessoires-pour-la-liturgie\/prie-dieu\/","url":"https:\/\/blog.holyart.it\/fr\/accessoires-pour-la-liturgie\/prie-dieu\/","name":"Prie-Dieu - Holyart.fr Blog","isPartOf":{"@id":"https:\/\/blog.holyart.it\/fr\/#website"},"primaryImageOfPage":{"@id":"https:\/\/blog.holyart.it\/fr\/accessoires-pour-la-liturgie\/prie-dieu\/#primaryimage"},"image":{"@id":"https:\/\/blog.holyart.it\/fr\/accessoires-pour-la-liturgie\/prie-dieu\/#primaryimage"},"thumbnailUrl":"https:\/\/blog.holyart.it\/fr\/wp-content\/uploads\/sites\/14\/2016\/07\/Prie-Dieu.png","datePublished":"2016-07-04T09:46:13+00:00","dateModified":"2016-10-28T11:01:11+00:00","description":"Le prie-Dieu appartient au mobilier typique des \u00e9glises depuis le XV si\u00e8cle. Il s\u2019agit d\u2019une pi\u00e8ce de mobilier, utilis\u00e9e pour s\u2019agenouiller et prier.","breadcrumb":{"@id":"https:\/\/blog.holyart.it\/fr\/accessoires-pour-la-liturgie\/prie-dieu\/#breadcrumb"},"inLanguage":"fr-FR","potentialAction":[{"@type":"ReadAction","target":["https:\/\/blog.holyart.it\/fr\/accessoires-pour-la-liturgie\/prie-dieu\/"]}]},{"@type":"ImageObject","inLanguage":"fr-FR","@id":"https:\/\/blog.holyart.it\/fr\/accessoires-pour-la-liturgie\/prie-dieu\/#primaryimage","url":"https:\/\/blog.holyart.it\/fr\/wp-content\/uploads\/sites\/14\/2016\/07\/Prie-Dieu.png","contentUrl":"https:\/\/blog.holyart.it\/fr\/wp-content\/uploads\/sites\/14\/2016\/07\/Prie-Dieu.png","width":750,"height":410,"caption":"Prie-Dieu"},{"@type":"BreadcrumbList","@id":"https:\/\/blog.holyart.it\/fr\/accessoires-pour-la-liturgie\/prie-dieu\/#breadcrumb","itemListElement":[{"@type":"ListItem","position":1,"name":"Homepage","item":"https:\/\/blog.holyart.it\/fr\/"},{"@type":"ListItem","position":2,"name":"Liturgie","item":"https:\/\/blog.holyart.it\/fr\/accessoires-pour-la-liturgie\/"},{"@type":"ListItem","position":3,"name":"Prie-Dieu"}]},{"@type":"WebSite","@id":"https:\/\/blog.holyart.it\/fr\/#website","url":"https:\/\/blog.holyart.it\/fr\/","name":"Holyart.fr Blog","description":"Holyblog","publisher":{"@id":"https:\/\/blog.holyart.it\/fr\/#organization"},"potentialAction":[{"@type":"SearchAction","target":{"@type":"EntryPoint","urlTemplate":"https:\/\/blog.holyart.it\/fr\/?s={search_term_string}"},"query-input":{"@type":"PropertyValueSpecification","valueRequired":true,"valueName":"search_term_string"}}],"inLanguage":"fr-FR"},{"@type":"Organization","@id":"https:\/\/blog.holyart.it\/fr\/#organization","name":"Holyart.fr Blog","url":"https:\/\/blog.holyart.it\/fr\/","logo":{"@type":"ImageObject","inLanguage":"fr-FR","@id":"https:\/\/blog.holyart.it\/fr\/#\/schema\/logo\/image\/","url":"https:\/\/blog.holyart.it\/fr\/wp-content\/uploads\/sites\/14\/2022\/12\/Holyart_Blog_Logo.jpg","contentUrl":"https:\/\/blog.holyart.it\/fr\/wp-content\/uploads\/sites\/14\/2022\/12\/Holyart_Blog_Logo.jpg","width":300,"height":50,"caption":"Holyart.fr Blog"},"image":{"@id":"https:\/\/blog.holyart.it\/fr\/#\/schema\/logo\/image\/"}},{"@type":"Person","@id":"https:\/\/blog.holyart.it\/fr\/#\/schema\/person\/0a7b686e5af0f856ec1e390dd0baecda","name":"Redazione","image":{"@type":"ImageObject","inLanguage":"fr-FR","@id":"https:\/\/blog.holyart.it\/fr\/#\/schema\/person\/image\/","url":"https:\/\/secure.gravatar.com\/avatar\/f477da817f43e50d0af36abecd33e3edf826c68299714bdc1057dff3b113f516?s=96&d=mm&r=g","contentUrl":"https:\/\/secure.gravatar.com\/avatar\/f477da817f43e50d0af36abecd33e3edf826c68299714bdc1057dff3b113f516?s=96&d=mm&r=g","caption":"Redazione"},"url":"https:\/\/blog.holyart.it\/fr\/author\/admin\/"}]}},"_links":{"self":[{"href":"https:\/\/blog.holyart.it\/fr\/wp-json\/wp\/v2\/posts\/91","targetHints":{"allow":["GET"]}}],"collection":[{"href":"https:\/\/blog.holyart.it\/fr\/wp-json\/wp\/v2\/posts"}],"about":[{"href":"https:\/\/blog.holyart.it\/fr\/wp-json\/wp\/v2\/types\/post"}],"author":[{"embeddable":true,"href":"https:\/\/blog.holyart.it\/fr\/wp-json\/wp\/v2\/users\/1"}],"replies":[{"embeddable":true,"href":"https:\/\/blog.holyart.it\/fr\/wp-json\/wp\/v2\/comments?post=91"}],"version-history":[{"count":0,"href":"https:\/\/blog.holyart.it\/fr\/wp-json\/wp\/v2\/posts\/91\/revisions"}],"wp:featuredmedia":[{"embeddable":true,"href":"https:\/\/blog.holyart.it\/fr\/wp-json\/wp\/v2\/media\/182"}],"wp:attachment":[{"href":"https:\/\/blog.holyart.it\/fr\/wp-json\/wp\/v2\/media?parent=91"}],"wp:term":[{"taxonomy":"category","embeddable":true,"href":"https:\/\/blog.holyart.it\/fr\/wp-json\/wp\/v2\/categories?post=91"},{"taxonomy":"post_tag","embeddable":true,"href":"https:\/\/blog.holyart.it\/fr\/wp-json\/wp\/v2\/tags?post=91"}],"curies":[{"name":"wp","href":"https:\/\/api.w.org\/{rel}","templated":true}]}}