{"id":8986,"date":"2024-10-28T10:00:10","date_gmt":"2024-10-28T09:00:10","guid":{"rendered":"https:\/\/blog.holyart.it\/fr\/?p=8986"},"modified":"2025-10-28T11:49:12","modified_gmt":"2025-10-28T10:49:12","slug":"2-novembre-jour-de-la-commemoration-des-defunts","status":"publish","type":"post","link":"https:\/\/blog.holyart.it\/fr\/articles-religieux\/2-novembre-jour-de-la-commemoration-des-defunts\/","title":{"rendered":"2 novembre : jour de la comm\u00e9moration des d\u00e9funts"},"content":{"rendered":"<h4>Tables dress\u00e9es dans la nuit et p\u00e2tisseries des morts. Pri\u00e8res, chrysanth\u00e8mes et visites au cimeti\u00e8re. Voici comment on c\u00e9l\u00e8bre la comm\u00e9moration des d\u00e9funts en Italie et dans le monde.<\/h4>\n\n<p>Chacun de nous connait surement la traditionnelle comm\u00e9moration des d\u00e9funts c\u00e9l\u00e9br\u00e9e tous les 2 de novembre, le jour apr\u00e8s la <a href=\"https:\/\/www.holyart.fr\/search?params=%7B%22search%22%3A%22TOUSSAINT%22%7D&amp;search_term=TOUSSAINT\"><strong>Toussaint<\/strong><\/a>. Il est probable que, d\u00e8s notre enfance, on ait vu nos parents s\u2019affairer entre chrysanth\u00e8mes et moments de pri\u00e8re, et il est quasi certain qu\u2019on nous ait amen\u00e9 au cimeti\u00e8re, jamais si bond\u00e9 de gens que dans le froid inattendu des tous premiers jours de novembre. \u00c0 notre question sur le pourquoi il fallait le faire, la r\u00e9ponse, qui resonnait myst\u00e9rieuse et un peu sinistre \u00e0 nos oreilles d\u2019enfants, \u00e9tait\u00a0: \u00ab\u00a0<em>C\u2019est le jour des morts<\/em>\u00a0\u00bb.<\/p>\n<div class=\"link-product\">\n<div class=\"blocco-immagine\"><img loading=\"lazy\" decoding=\"async\" class=\"size-full wp-image-8990 alignleft\" src=\"https:\/\/blog.holyart.it\/fr\/wp-content\/uploads\/sites\/14\/2024\/10\/SANTIVARI.jpg\" alt=\"Toussaint\" width=\"100\" height=\"100\" data-kale-share-title=\"2 novembre : jour de la comm\u00e9moration des d\u00e9funts\" data-kale-share-url=\"https:\/\/blog.holyart.it\/fr\/?p=8986\" \/><\/div>\n<div class=\"blocco-contenuto\">\n<div class=\"blocco-acquista\">Acheter sur Holyart:<\/div>\n<div class=\"blocco-titolo\"><a href=\"https:\/\/www.holyart.fr\/search?params=%7B%22search%22%3A%22TOUSSAINT%22%7D&amp;search_term=TOUSSAINT\">Toussaint<\/a><\/div>\n<div class=\"blocco-descrizione\">Cat\u00e9gorie du site o\u00f9 l&rsquo;on peut trouver des articles faisant r\u00e9f\u00e9rence \u00e0 tous les Saints.<\/div>\n<\/div>\n<\/div>\n<p>En r\u00e9alit\u00e9, la <em>Commemoratio Omnium Fidelium Defunctorum<\/em> est une r\u00e9currence tr\u00e8s importante pour l\u2019\u00c9glise catholique, qui la compte parmi ses <strong>Solennit\u00e9s<\/strong>, une des c\u00e9l\u00e9brations de plus grande importance liturgique donc, du moins apr\u00e8s la R\u00e9forme liturgique du rite romain entam\u00e9e par le Concile Vatican II. Pr\u00e9c\u00e9demment, si le 2 novembre tombait un dimanche, la Comm\u00e9moration des d\u00e9funts \u00e9tait d\u00e9plac\u00e9e au jour suivant, car le dimanche demeurait de toute mani\u00e8re sa priorit\u00e9.<\/p>\n<p>Comme le nom l\u2019indique, la <strong>Comm\u00e9moration des morts<\/strong>, <strong>ou Journ\u00e9e des <\/strong><a href=\"https:\/\/www.holyart.fr\/articles-religieux\/articles-funeraires\"><strong>d\u00e9funts<\/strong><\/a>, sert justement pour comm\u00e9morer les d\u00e9funts, non seulement ceux qui nous sont chers, les parents ou amis perdus. En ce jour, qui est un jour de f\u00eate, malgr\u00e9 le fait que cela puisse para\u00eetre triste, on prie en suffrage des \u00e2mes de tous les morts, afin d\u2019aider leur \u00e9ventuel passage par le Purgatoire. Il s\u2019agit, en effet, d\u2019une Solennit\u00e9 d\u2019<strong>origine byzantine<\/strong>, qui puise ses racines dans la v\u00e9rit\u00e9 de foi dans le <strong>Credo Apostolique<\/strong> et, en particulier, dans la <strong>communion des saints<\/strong>, selon laquelle les chr\u00e9tiens ne sont pas \u00e0 consid\u00e9rer comme des entit\u00e9s s\u00e9par\u00e9es, mais plut\u00f4t partie int\u00e9grante du corps mystique de J\u00e9sus-Christ ressuscit\u00e9, dans la <strong>r\u00e9mission des p\u00e9ch\u00e9s<\/strong>, qui permet d\u2019acc\u00e9der ou pas au Royaume des Cieux, et dans la <strong>R\u00e9surrection de la chair<\/strong>, selon laquelle, \u00e0 la fin des temps, tous les d\u00e9funts ressusciteront et \u00e2mes et corps se rejoindront. En effet, la derni\u00e8re partie du Credo r\u00e9cite :<\/p>\n<p>Je crois en l\u2019Esprit-Saint,<br \/>\n<em>\u00e0 la sainte \u00c9glise catholique, \u00e0 la\u00a0<strong>Communion des Saints<\/strong>,<\/em><br \/>\n<em>\u00e0 la\u00a0<strong>r\u00e9mission des p\u00e9ch\u00e9s<\/strong>,<\/em><br \/>\n<em>\u00e0 la\u00a0<strong>r\u00e9surrection de la chair<\/strong>,<\/em><br \/>\n<em>\u00e0 la vie \u00e9ternelle. Amen.<\/em><\/p>\n<p>Mais, \u00e0 la base de la Comm\u00e9moration des d\u00e9funts, il y a \u00e9galement l\u2019espoir et le souhait tr\u00e8s humain de <strong>pouvoir embrasser \u00e0 nouveau nos morts<\/strong>, un jour dans le futur. Pour ceux qui croient, la mort n\u2019est qu\u2019un passage, le d\u00e9but de l\u2019attente d\u2019amour et de foi qui nous am\u00e8nera \u00e0 nous retrouver dans la rencontre d\u00e9finitive avec ceux que nous aimons.<\/p>\n<div class=\"link-product\">\n<div class=\"blocco-immagine\"><img loading=\"lazy\" decoding=\"async\" class=\"size-full wp-image-8992 alignleft\" src=\"https:\/\/blog.holyart.it\/fr\/wp-content\/uploads\/sites\/14\/2024\/10\/Articles-funeraires.jpg\" alt=\"Articles fun\u00e9raires\" width=\"100\" height=\"100\" data-kale-share-title=\"2 novembre : jour de la comm\u00e9moration des d\u00e9funts\" data-kale-share-url=\"https:\/\/blog.holyart.it\/fr\/?p=8986\" \/><\/div>\n<div class=\"blocco-contenuto\">\n<div class=\"blocco-acquista\">Acheter sur Holyart:<\/div>\n<div class=\"blocco-titolo\"><a href=\"https:\/\/www.holyart.fr\/articles-religieux\/articles-funeraires\">Articles fun\u00e9raires<\/a><\/div>\n<div class=\"blocco-descrizione\">Urnes cin\u00e9raires faites \u00e0 la main, plaques et applications pour les cimeti\u00e8res.<\/div>\n<\/div>\n<\/div>\n<p>Les <a href=\"https:\/\/www.holyart.fr\/blog\/accessoires-pour-la-liturgie\/couleurs-liturgie-catholique-signification\/\"><strong>couleurs liturgiques<\/strong><\/a> qui caract\u00e9risent cette c\u00e9l\u00e9bration sont <a href=\"https:\/\/www.holyart.fr\/accessoires-pour-la-liturgie\/vetements-liturgiques-et-linges-dautel\/chasubles\/chasuble-liturgique-69-laine-vierge-double-retors-tasmania-22-viscose-9-polyester\"><strong>le violet<\/strong><\/a> et le noir.<\/p>\n<p>Du moment que la R\u00e9currence des d\u00e9funts demande une pr\u00e9paration de pri\u00e8re, du 24 octobre on peut commencer \u00e0 r\u00e9citer la <strong>Neuvaine des morts<\/strong>.<\/p>\n<p>Et le <strong>chrysanth\u00e8me<\/strong>\u00a0? Connue dans d\u2019autres pays comme la marguerite \u00e0 16 p\u00e9tales, cette fleur tr\u00e8s particuli\u00e8re fleurit justement \u00e0 cette p\u00e9riode de l\u2019ann\u00e9e. Il s\u2019agit en effet d\u2019une plante \u00e0 la floraison d\u2019automne-hiver qui fleurit quand les journ\u00e9es raccourcissent et la p\u00e9riode d\u2019obscurit\u00e9 d\u00e9passe les neuf heures par jour.<\/p>\n<p>Il est toutefois int\u00e9ressant de remarquer aussi comment, au cours des si\u00e8cles, la F\u00eate des d\u00e9funts a connu des caract\u00e9ristiques diff\u00e9rentes, se m\u00e9langeant souvent avec des <strong>traditions pa\u00efennes et folkloriques<\/strong> des diff\u00e9rents pays atteints par la Foi Catholique. Il existe des traditions dans le monde tr\u00e8s diff\u00e9rentes entre elles, comme le pittoresque <strong>D\u00eda de Muertos<\/strong>, le Jour des Morts typique de la culture mexicaine, qui pr\u00e9voit que les tombes soient d\u00e9cor\u00e9es de fleurs et que l\u2019on y d\u00e9pose des dons, de la nourriture, des jouets, voire des boissons alcoolis\u00e9es, tandis que dans chaque maison on am\u00e9nage un autel des morts et on attend que les d\u00e9funts viennent rendre visite aux parents encore en vie.<\/p>\n<div class=\"link-product\">\n<div class=\"blocco-immagine\"><img loading=\"lazy\" decoding=\"async\" class=\"size-full wp-image-8993 alignleft\" src=\"https:\/\/blog.holyart.it\/fr\/wp-content\/uploads\/sites\/14\/2024\/10\/Chasuble-litugique.jpg\" alt=\"Chasuble litugique\" width=\"100\" height=\"100\" data-kale-share-title=\"2 novembre : jour de la comm\u00e9moration des d\u00e9funts\" data-kale-share-url=\"https:\/\/blog.holyart.it\/fr\/?p=8986\" \/><\/div>\n<div class=\"blocco-contenuto\">\n<div class=\"blocco-acquista\">Acheter sur Holyart:<\/div>\n<div class=\"blocco-titolo\"><a href=\"https:\/\/www.holyart.fr\/accessoires-pour-la-liturgie\/vetements-liturgiques-et-linges-dautel\/chasubles\/chasuble-liturgique-69-laine-vierge-double-retors-tasmania-22-viscose-9-polyester\">Chasuble liturgique 69% laine vierge double retors Tasmania,22% viscose, 9% polyester<\/a><\/div>\n<div class=\"blocco-descrizione\">Chasuble en pure laine vierge avec double retors Tasmania.<\/div>\n<\/div>\n<\/div>\n<h2>L\u2019histoire du jour des morts<\/h2>\n<p>Quand a-t-on commenc\u00e9 \u00e0 f\u00eater le 2 novembre, jour des morts, en Italie ?<\/p>\n<p>Les derniers jours du mois d\u2019octobre et les premiers de novembre ont toujours \u00e9t\u00e9 consid\u00e9r\u00e9s comme propices aux d\u00e9funts et, pour cela, destin\u00e9s aux c\u00e9l\u00e9brations en leur honneur. Les raisons de cette pr\u00e9f\u00e9rence naissent de la croyance que le <strong>D\u00e9luge Universel<\/strong> a \u00e9t\u00e9 d\u00e9chain\u00e9 justement \u00e0 ce moment de l\u2019ann\u00e9e.<\/p>\n<p>Selon les <strong>byzantins<\/strong>, par contre, la comm\u00e9moration des d\u00e9funts devait avoir lieu entre la fin de janvier et le d\u00e9but de f\u00e9vrier, le samedi avant le dimanche de la Sexag\u00e9sime, deux semaines avant le d\u00e9but du Car\u00eame, environ soixante jours avant P\u00e2ques.<br \/>\nD\u00e9j\u00e0 <a href=\"https:\/\/www.holyart.fr\/blog\/articles-religieux\/les-confessions-de-saint-augustin-comment-changer-sa-vie\/\"><strong>Saint Augustin<\/strong><\/a> exhortait les fid\u00e8les \u00e0 prier pour les d\u00e9funts non seulement \u00e0 l\u2019occasion de leur anniversaire de mort, mais aussi \u00e0 d\u2019autres jours d\u00e9di\u00e9s.<\/p>\n<div class=\"link-article\">\n<p><img loading=\"lazy\" decoding=\"async\" class=\"size-full wp-image-8994 alignleft\" src=\"https:\/\/blog.holyart.it\/fr\/wp-content\/uploads\/sites\/14\/2024\/10\/Ls-confessions-de-Saint-Augustin.jpeg\" alt=\"Ls confessions de Saint Augustin\" width=\"150\" height=\"99\" data-kale-share-title=\"2 novembre : jour de la comm\u00e9moration des d\u00e9funts\" data-kale-share-url=\"https:\/\/blog.holyart.it\/fr\/?p=8986\" \/><\/p>\n<div class=\"leggi-anche\">Lire aussi :<\/div>\n<p><strong><a href=\"https:\/\/www.holyart.fr\/blog\/articles-religieux\/les-confessions-de-saint-augustin-comment-changer-sa-vie\/\">Les confessions de Saint Augustin : comment changer sa vie<\/a><\/strong><br \/>\nLes Confessions de Saint Augustin sont le t\u00e9moignage d\u2019un chemin de foi et de prise de conscience de soi&#8230;<\/p>\n<\/div>\n<p>En 998, l\u2019abb\u00e9 <strong>Saint Odilon de Cluny<\/strong>, partisan de la <strong>r\u00e9forme clunisienne<\/strong> au sommet de l\u2019ordre b\u00e9n\u00e9dictin, \u00e9tablit, parmi ses diff\u00e9rentes innovations, qu\u2019apr\u00e8s les V\u00eapres du 1<sup>er<\/sup> novembre les cloches de l\u2019Abbaye de Cluny sonnent le glas, afin d\u2019honorer les d\u00e9funts, et, le jour suivant, il c\u00e9l\u00e9bra la messe en offrant l\u2019Eucharistie\u00a0\u00ab<em>\u00a0pro requie omnium defunctorum\u00a0<\/em>\u00bb, i.e. pour les \u00e2mes de tous les d\u00e9funts. Depuis lors, la R\u00e9currence des morts est fix\u00e9e pour le <strong>2 novembre<\/strong>.<\/p>\n<h2>Les c\u00e9l\u00e9brations de la f\u00eate des morts en Italie<\/h2>\n<p>Nombreuses sont les traditions italiennes li\u00e9es \u00e0 la comm\u00e9moration des morts. En <strong>Sicile<\/strong>, la f\u00eate des morts puise ses origines dans les rites pr\u00e9chr\u00e9tiens et dans le culte des <strong>Lares romains<\/strong>, les esprits protecteurs des anc\u00eatres qui veillaient et prot\u00e9geaient les <em>gens<\/em> et la <em>familia<\/em>. La nuit de la Toussaint, les morts passaient dans les maisons de parents et laissaient des dons pour les enfants et les g\u00e2teaux typiques des morts\u00a0: la <em>frutta di Martorana, <\/em>des fruits factices \u00e0 base de massepain, les <em>pupi di zucchero<\/em> (poup\u00e9es de sucre), les biscuits appel\u00e9s \u00ab\u00a0os des morts\u00a0\u00bb.<\/p>\n<p>Dans les <strong>Pouilles<\/strong>, comme au Mexique, on croit que, la nuit de la Toussaint, les morts reviennent rendre visite \u00e0 parents et amis. Pour cette raison, on laisse la table dress\u00e9e pour eux avec pain, eau et vin. Dans certaines zones, on sculpte les citrouilles, comme pour la tradition d\u2019Halloween, et les enfants re\u00e7oivent en cadeau p\u00e2tisseries et des cadeaux laiss\u00e9s pour eux par les parents d\u00e9funts dans des chaussettes express\u00e9ment pendues \u00e0 la main. La table dress\u00e9e pour les morts est une tradition que l\u2019on retrouve \u00e9galement dans certaines zones du <strong>Trentin<\/strong>, du <strong>Pi\u00e9mont<\/strong> et de la <strong>Val d\u2019Aoste<\/strong>. En province de <strong>Cr\u00e9mone<\/strong>, on pr\u00e9pare par contre les lits pour les morts.<\/p>\n<p>Dans certaines zones de la <strong>Lombardie<\/strong> aussi on s\u2019inqui\u00e8te que les morts qui reviennent \u00e0 la maison puissent se d\u00e9salt\u00e9rer et on leur laisse de l\u2019eau fra\u00eeche, tandis qu\u2019au <strong>Frioul<\/strong> on pr\u00e9pare eau, pain et une <a href=\"https:\/\/www.holyart.fr\/produits-de-consommation\/veilleuses-votives-diverses\/veilleuse-led-rouge-lumiere-rouge-tremblante\"><strong>veilleuse allum\u00e9e<\/strong><\/a>.<\/p>\n<div class=\"link-product\">\n<div class=\"blocco-immagine\"><img loading=\"lazy\" decoding=\"async\" class=\"size-full wp-image-8995 alignleft\" src=\"https:\/\/blog.holyart.it\/fr\/wp-content\/uploads\/sites\/14\/2024\/10\/Veilleuse-led-rouge-lumiere-rouge-tremblante.jpg\" alt=\"Veilleuse led rouge lumi\u00e8re rouge tremblante\" width=\"100\" height=\"100\" data-kale-share-title=\"2 novembre : jour de la comm\u00e9moration des d\u00e9funts\" data-kale-share-url=\"https:\/\/blog.holyart.it\/fr\/?p=8986\" \/><\/div>\n<div class=\"blocco-contenuto\">\n<div class=\"blocco-acquista\">Acheter sur Holyart:<\/div>\n<div class=\"blocco-titolo\"><a href=\"https:\/\/www.holyart.fr\/produits-de-consommation\/veilleuses-votives-diverses\/veilleuse-led-rouge-lumiere-rouge-tremblante\">Veilleuse led rouge lumi\u00e8re rouge tremblante<\/a><\/div>\n<div class=\"blocco-descrizione\">Veilleuse led derni\u00e8re g\u00e9n\u00e9ration d&rsquo;une dur\u00e9e de 60 jours.<\/div>\n<\/div>\n<\/div>\n<p>En <strong>Toscane<\/strong>, il y a la tradition du <em>Ben d\u2019i morti <\/em>: ceux qui ont perdu un conjoint offrent de la nourriture aux n\u00e9cessiteux. Les enfants les plus jeunes portent la\u00a0<em>sfilza<\/em>, un collier de ch\u00e2taignes bouillies et de pommes. Mais, dans le pass\u00e9, le\u00a0<em>ben d\u2019i morti<\/em>\u00a0\u00e9tait \u00e9galement le m\u00e9lange de f\u00e8ves, ch\u00e2taignes et figues s\u00e9ch\u00e9es qui \u00e9tait offert aux enfants qui, dans la nuit du 1<sup>er<\/sup> novembre passaient de maison en maison, exactement comme ceux qui aujourd\u2019hui font la tourn\u00e9e des maisons en r\u00e9clamant <em>farce-ou-friandise<\/em>. Rappelons que les enfants habill\u00e9s en fant\u00f4mes repr\u00e9sentent aujourd\u2019hui comme \u00e0 l\u2019\u00e9poque les \u00e2mes des d\u00e9funts qui demandent offrandes et un bon souvenir.<\/p>\n<p>En <strong>Sardaigne<\/strong>, les enfants se prom\u00e8nent avec le visage t\u00e2ch\u00e9 de suie en demandant sucreries et fruits secs en r\u00e9citant la formule \u00ab\u00a0Seus benius po is animeddas\u00a0\u00bb\u00a0(<em>nous sommes venus pour les \u00e2mes)<\/em>, ou \u00ab\u00a0mi das fait po praxeri is animeddas?\u00a0\u00bb (<em>me donnez-vous quelque chose pour le bien des \u00e2mes<\/em>\u00a0?).<\/p>\n<p>Dans certaines r\u00e9gions, il y a la tradition de se rendre au cimeti\u00e8re non seulement pour apporter des chrysanth\u00e8mes et prier, mais aussi pour manger, exactement comme on fait au Mexique. En particulier, on mange des <strong>f\u00e8ves<\/strong>, consid\u00e9r\u00e9es depuis toujours comme une nourriture sacr\u00e9e et donc tr\u00e8s adapt\u00e9e pour les c\u00e9r\u00e9monies et les banquets fun\u00e8bres. En <strong>Ligurie<\/strong>, on pr\u00e9pare les f\u00e8ves s\u00e9ch\u00e9es, qui s\u2019appellent les <em>bacilli<\/em> avec les <em>balletti<\/em> (ch\u00e2taignes bouillies). Il y a \u00e9galement de nombreuses p\u00e2tisseries en forme de f\u00e8ves, comme les\u00a0<em>stinchetti dei morti<\/em>\u00a0en <strong>Ombrie<\/strong>.<\/p>\n<p><img loading=\"lazy\" decoding=\"async\" class=\"size-full wp-image-8996 aligncenter\" src=\"https:\/\/blog.holyart.it\/fr\/wp-content\/uploads\/sites\/14\/2024\/10\/feves.jpg\" alt=\"f\u00e8ves\" width=\"1000\" height=\"666\" data-kale-share-title=\"2 novembre : jour de la comm\u00e9moration des d\u00e9funts\" data-kale-share-url=\"https:\/\/blog.holyart.it\/fr\/?p=8986\" \/><\/p>\n<h2>Le jour des d\u00e9funts dans le monde<\/h2>\n<p>Outre les coutumes italiennes, il y a de nombreuses traditions fascinantes pour le jour des morts autour du monde. En plus du d\u00e9j\u00e0 cit\u00e9 <strong>Di\u00e1 de Muertos<\/strong> mexicain, tellement caract\u00e9ristique qu\u2019il a \u00e9t\u00e9 ins\u00e9r\u00e9 par l\u2019UNESCO dans le Patrimoine Culturel Immat\u00e9riel de l\u2019Humanit\u00e9, il y a le somptueux carnaval cr\u00e9ole de <strong>New Orleans<\/strong>, la ville la plus ensorcel\u00e9e d\u2019Am\u00e9rique, en vertu de son ancienne tradition de sorcellerie et <em>Voodoo<\/em>. En Irlande, le <em>Samhain<\/em> celtique est encore tr\u00e8s populaire, transform\u00e9 en <strong>Halloween<\/strong> et export\u00e9 d\u2019ici en Am\u00e9rique. On allume de grands feux de joie pour \u00e9loigner la malchance et les esprits malveillants, on se d\u00e9guise en monstres, on sculpte des citrouilles (autrefois il s\u2019agissait de navet) et on honore les morts, mais les esprits aussi.<\/p>\n<p>Tr\u00e8s diff\u00e9rentes sont les c\u00e9l\u00e9brations qui ont lieu en <strong>Orient<\/strong>, comme la\u00a0<em>Boon Para Wate\u00a0<\/em>en <strong>Tha\u00eflande<\/strong>, qui est c\u00e9l\u00e9br\u00e9e entre juin et juillet, o\u00f9 pendant trois jours on d\u00e9file avec des torches allum\u00e9es, on joue de la musique et on danse, mais les moments de pri\u00e8re, m\u00e9ditation et recueillement ne manquent pas non plus. En <strong>Chine<\/strong>, du 4 au 6 avril, on c\u00e9l\u00e8bre le\u00a0<em>Qingming<\/em>, \u00ab\u00a0Le Jour du Nettoyage des tombes\u00a0\u00bb, o\u00f9 toute la famille se r\u00e9unit pour nettoyer les tombes des anc\u00eatres, en ne consommant que de la nourriture froide car il est interdit d\u2019allumer du feu.<\/p>\n<p>Enfin, au <strong>Guatemala<\/strong>, on f\u00eate les Saints et les d\u00e9funts en construisant de gigantesques cerfs-volants pour le <em>Festival de Barriletes Gigantes<\/em>.<\/p>\n","protected":false},"excerpt":{"rendered":"<p>Tables dress\u00e9es dans la nuit et p\u00e2tisseries des morts. Pri\u00e8res, chrysanth\u00e8mes et visites au cimeti\u00e8re. Voici comment on c\u00e9l\u00e8bre la comm\u00e9moration des d\u00e9funts en Italie et dans le monde. Chacun de nous connait surement la traditionnelle comm\u00e9moration des d\u00e9funts c\u00e9l\u00e9br\u00e9e tous les 2 de novembre,&hellip;<\/p>\n","protected":false},"author":1,"featured_media":8988,"comment_status":"closed","ping_status":"open","sticky":false,"template":"","format":"standard","meta":{"_acf_changed":false,"footnotes":""},"categories":[8],"tags":[],"class_list":["post-8986","post","type-post","status-publish","format-standard","has-post-thumbnail","hentry","category-articles-religieux"],"acf":[],"yoast_head":"<!-- This site is optimized with the Yoast SEO plugin v26.6 - https:\/\/yoast.com\/wordpress\/plugins\/seo\/ -->\n<title>2 novembre : jour de la comm\u00e9moration des d\u00e9funts - Holyart.fr Blog<\/title>\n<meta name=\"description\" content=\"La Comm\u00e9moration des d\u00e9funts est une solennit\u00e9 importante pour la religion catholique, mais aussi une tradition ancienne r\u00e9pandue et c\u00e9l\u00e9br\u00e9e dans le monde entier.\" \/>\n<meta name=\"robots\" content=\"index, follow, max-snippet:-1, max-image-preview:large, max-video-preview:-1\" \/>\n<link rel=\"canonical\" href=\"https:\/\/blog.holyart.it\/fr\/articles-religieux\/2-novembre-jour-de-la-commemoration-des-defunts\/\" \/>\n<meta property=\"og:locale\" content=\"fr_FR\" \/>\n<meta property=\"og:type\" content=\"article\" \/>\n<meta property=\"og:title\" content=\"2 novembre : jour de la comm\u00e9moration des d\u00e9funts - Holyart.fr Blog\" \/>\n<meta property=\"og:description\" content=\"La Comm\u00e9moration des d\u00e9funts est une solennit\u00e9 importante pour la religion catholique, mais aussi une tradition ancienne r\u00e9pandue et c\u00e9l\u00e9br\u00e9e dans le monde entier.\" \/>\n<meta property=\"og:url\" content=\"https:\/\/blog.holyart.it\/fr\/articles-religieux\/2-novembre-jour-de-la-commemoration-des-defunts\/\" \/>\n<meta property=\"og:site_name\" content=\"Holyart.fr Blog\" \/>\n<meta property=\"article:published_time\" content=\"2024-10-28T09:00:10+00:00\" \/>\n<meta property=\"article:modified_time\" content=\"2025-10-28T10:49:12+00:00\" \/>\n<meta property=\"og:image\" content=\"https:\/\/blog.holyart.it\/fr\/wp-content\/uploads\/sites\/14\/2024\/10\/2-novembre-jour-de-la-commemoration-des-defunts.jpg\" \/>\n\t<meta property=\"og:image:width\" content=\"1000\" \/>\n\t<meta property=\"og:image:height\" content=\"666\" \/>\n\t<meta property=\"og:image:type\" content=\"image\/jpeg\" \/>\n<meta name=\"author\" content=\"Redazione\" \/>\n<meta name=\"twitter:card\" content=\"summary_large_image\" \/>\n<meta name=\"twitter:label1\" content=\"\u00c9crit par\" \/>\n\t<meta name=\"twitter:data1\" content=\"Redazione\" \/>\n\t<meta name=\"twitter:label2\" content=\"Dur\u00e9e de lecture estim\u00e9e\" \/>\n\t<meta name=\"twitter:data2\" content=\"11 minutes\" \/>\n<script type=\"application\/ld+json\" class=\"yoast-schema-graph\">{\"@context\":\"https:\/\/schema.org\",\"@graph\":[{\"@type\":\"Article\",\"@id\":\"https:\/\/blog.holyart.it\/fr\/articles-religieux\/2-novembre-jour-de-la-commemoration-des-defunts\/#article\",\"isPartOf\":{\"@id\":\"https:\/\/blog.holyart.it\/fr\/articles-religieux\/2-novembre-jour-de-la-commemoration-des-defunts\/\"},\"author\":{\"name\":\"Redazione\",\"@id\":\"https:\/\/blog.holyart.it\/fr\/#\/schema\/person\/0a7b686e5af0f856ec1e390dd0baecda\"},\"headline\":\"2 novembre : jour de la comm\u00e9moration des d\u00e9funts\",\"datePublished\":\"2024-10-28T09:00:10+00:00\",\"dateModified\":\"2025-10-28T10:49:12+00:00\",\"mainEntityOfPage\":{\"@id\":\"https:\/\/blog.holyart.it\/fr\/articles-religieux\/2-novembre-jour-de-la-commemoration-des-defunts\/\"},\"wordCount\":2001,\"publisher\":{\"@id\":\"https:\/\/blog.holyart.it\/fr\/#organization\"},\"image\":{\"@id\":\"https:\/\/blog.holyart.it\/fr\/articles-religieux\/2-novembre-jour-de-la-commemoration-des-defunts\/#primaryimage\"},\"thumbnailUrl\":\"https:\/\/blog.holyart.it\/fr\/wp-content\/uploads\/sites\/14\/2024\/10\/2-novembre-jour-de-la-commemoration-des-defunts.jpg\",\"articleSection\":[\"Religion\"],\"inLanguage\":\"fr-FR\"},{\"@type\":\"WebPage\",\"@id\":\"https:\/\/blog.holyart.it\/fr\/articles-religieux\/2-novembre-jour-de-la-commemoration-des-defunts\/\",\"url\":\"https:\/\/blog.holyart.it\/fr\/articles-religieux\/2-novembre-jour-de-la-commemoration-des-defunts\/\",\"name\":\"2 novembre : jour de la comm\u00e9moration des d\u00e9funts - Holyart.fr Blog\",\"isPartOf\":{\"@id\":\"https:\/\/blog.holyart.it\/fr\/#website\"},\"primaryImageOfPage\":{\"@id\":\"https:\/\/blog.holyart.it\/fr\/articles-religieux\/2-novembre-jour-de-la-commemoration-des-defunts\/#primaryimage\"},\"image\":{\"@id\":\"https:\/\/blog.holyart.it\/fr\/articles-religieux\/2-novembre-jour-de-la-commemoration-des-defunts\/#primaryimage\"},\"thumbnailUrl\":\"https:\/\/blog.holyart.it\/fr\/wp-content\/uploads\/sites\/14\/2024\/10\/2-novembre-jour-de-la-commemoration-des-defunts.jpg\",\"datePublished\":\"2024-10-28T09:00:10+00:00\",\"dateModified\":\"2025-10-28T10:49:12+00:00\",\"description\":\"La Comm\u00e9moration des d\u00e9funts est une solennit\u00e9 importante pour la religion catholique, mais aussi une tradition ancienne r\u00e9pandue et c\u00e9l\u00e9br\u00e9e dans le monde entier.\",\"breadcrumb\":{\"@id\":\"https:\/\/blog.holyart.it\/fr\/articles-religieux\/2-novembre-jour-de-la-commemoration-des-defunts\/#breadcrumb\"},\"inLanguage\":\"fr-FR\",\"potentialAction\":[{\"@type\":\"ReadAction\",\"target\":[\"https:\/\/blog.holyart.it\/fr\/articles-religieux\/2-novembre-jour-de-la-commemoration-des-defunts\/\"]}]},{\"@type\":\"ImageObject\",\"inLanguage\":\"fr-FR\",\"@id\":\"https:\/\/blog.holyart.it\/fr\/articles-religieux\/2-novembre-jour-de-la-commemoration-des-defunts\/#primaryimage\",\"url\":\"https:\/\/blog.holyart.it\/fr\/wp-content\/uploads\/sites\/14\/2024\/10\/2-novembre-jour-de-la-commemoration-des-defunts.jpg\",\"contentUrl\":\"https:\/\/blog.holyart.it\/fr\/wp-content\/uploads\/sites\/14\/2024\/10\/2-novembre-jour-de-la-commemoration-des-defunts.jpg\",\"width\":1000,\"height\":666,\"caption\":\"2 novembre jour de la comm\u00e9moration des d\u00e9funts\"},{\"@type\":\"BreadcrumbList\",\"@id\":\"https:\/\/blog.holyart.it\/fr\/articles-religieux\/2-novembre-jour-de-la-commemoration-des-defunts\/#breadcrumb\",\"itemListElement\":[{\"@type\":\"ListItem\",\"position\":1,\"name\":\"Homepage\",\"item\":\"https:\/\/blog.holyart.it\/fr\/\"},{\"@type\":\"ListItem\",\"position\":2,\"name\":\"Religion\",\"item\":\"https:\/\/blog.holyart.it\/fr\/articles-religieux\/\"},{\"@type\":\"ListItem\",\"position\":3,\"name\":\"2 novembre : jour de la comm\u00e9moration des d\u00e9funts\"}]},{\"@type\":\"WebSite\",\"@id\":\"https:\/\/blog.holyart.it\/fr\/#website\",\"url\":\"https:\/\/blog.holyart.it\/fr\/\",\"name\":\"Holyart.fr Blog\",\"description\":\"Holyblog\",\"publisher\":{\"@id\":\"https:\/\/blog.holyart.it\/fr\/#organization\"},\"potentialAction\":[{\"@type\":\"SearchAction\",\"target\":{\"@type\":\"EntryPoint\",\"urlTemplate\":\"https:\/\/blog.holyart.it\/fr\/?s={search_term_string}\"},\"query-input\":{\"@type\":\"PropertyValueSpecification\",\"valueRequired\":true,\"valueName\":\"search_term_string\"}}],\"inLanguage\":\"fr-FR\"},{\"@type\":\"Organization\",\"@id\":\"https:\/\/blog.holyart.it\/fr\/#organization\",\"name\":\"Holyart.fr Blog\",\"url\":\"https:\/\/blog.holyart.it\/fr\/\",\"logo\":{\"@type\":\"ImageObject\",\"inLanguage\":\"fr-FR\",\"@id\":\"https:\/\/blog.holyart.it\/fr\/#\/schema\/logo\/image\/\",\"url\":\"https:\/\/blog.holyart.it\/fr\/wp-content\/uploads\/sites\/14\/2022\/12\/Holyart_Blog_Logo.jpg\",\"contentUrl\":\"https:\/\/blog.holyart.it\/fr\/wp-content\/uploads\/sites\/14\/2022\/12\/Holyart_Blog_Logo.jpg\",\"width\":300,\"height\":50,\"caption\":\"Holyart.fr Blog\"},\"image\":{\"@id\":\"https:\/\/blog.holyart.it\/fr\/#\/schema\/logo\/image\/\"}},{\"@type\":\"Person\",\"@id\":\"https:\/\/blog.holyart.it\/fr\/#\/schema\/person\/0a7b686e5af0f856ec1e390dd0baecda\",\"name\":\"Redazione\",\"image\":{\"@type\":\"ImageObject\",\"inLanguage\":\"fr-FR\",\"@id\":\"https:\/\/blog.holyart.it\/fr\/#\/schema\/person\/image\/\",\"url\":\"https:\/\/secure.gravatar.com\/avatar\/f477da817f43e50d0af36abecd33e3edf826c68299714bdc1057dff3b113f516?s=96&d=mm&r=g\",\"contentUrl\":\"https:\/\/secure.gravatar.com\/avatar\/f477da817f43e50d0af36abecd33e3edf826c68299714bdc1057dff3b113f516?s=96&d=mm&r=g\",\"caption\":\"Redazione\"},\"url\":\"https:\/\/blog.holyart.it\/fr\/author\/admin\/\"}]}<\/script>\n<!-- \/ Yoast SEO plugin. -->","yoast_head_json":{"title":"2 novembre : jour de la comm\u00e9moration des d\u00e9funts - Holyart.fr Blog","description":"La Comm\u00e9moration des d\u00e9funts est une solennit\u00e9 importante pour la religion catholique, mais aussi une tradition ancienne r\u00e9pandue et c\u00e9l\u00e9br\u00e9e dans le monde entier.","robots":{"index":"index","follow":"follow","max-snippet":"max-snippet:-1","max-image-preview":"max-image-preview:large","max-video-preview":"max-video-preview:-1"},"canonical":"https:\/\/blog.holyart.it\/fr\/articles-religieux\/2-novembre-jour-de-la-commemoration-des-defunts\/","og_locale":"fr_FR","og_type":"article","og_title":"2 novembre : jour de la comm\u00e9moration des d\u00e9funts - Holyart.fr Blog","og_description":"La Comm\u00e9moration des d\u00e9funts est une solennit\u00e9 importante pour la religion catholique, mais aussi une tradition ancienne r\u00e9pandue et c\u00e9l\u00e9br\u00e9e dans le monde entier.","og_url":"https:\/\/blog.holyart.it\/fr\/articles-religieux\/2-novembre-jour-de-la-commemoration-des-defunts\/","og_site_name":"Holyart.fr Blog","article_published_time":"2024-10-28T09:00:10+00:00","article_modified_time":"2025-10-28T10:49:12+00:00","og_image":[{"width":1000,"height":666,"url":"https:\/\/blog.holyart.it\/fr\/wp-content\/uploads\/sites\/14\/2024\/10\/2-novembre-jour-de-la-commemoration-des-defunts.jpg","type":"image\/jpeg"}],"author":"Redazione","twitter_card":"summary_large_image","twitter_misc":{"\u00c9crit par":"Redazione","Dur\u00e9e de lecture estim\u00e9e":"11 minutes"},"schema":{"@context":"https:\/\/schema.org","@graph":[{"@type":"Article","@id":"https:\/\/blog.holyart.it\/fr\/articles-religieux\/2-novembre-jour-de-la-commemoration-des-defunts\/#article","isPartOf":{"@id":"https:\/\/blog.holyart.it\/fr\/articles-religieux\/2-novembre-jour-de-la-commemoration-des-defunts\/"},"author":{"name":"Redazione","@id":"https:\/\/blog.holyart.it\/fr\/#\/schema\/person\/0a7b686e5af0f856ec1e390dd0baecda"},"headline":"2 novembre : jour de la comm\u00e9moration des d\u00e9funts","datePublished":"2024-10-28T09:00:10+00:00","dateModified":"2025-10-28T10:49:12+00:00","mainEntityOfPage":{"@id":"https:\/\/blog.holyart.it\/fr\/articles-religieux\/2-novembre-jour-de-la-commemoration-des-defunts\/"},"wordCount":2001,"publisher":{"@id":"https:\/\/blog.holyart.it\/fr\/#organization"},"image":{"@id":"https:\/\/blog.holyart.it\/fr\/articles-religieux\/2-novembre-jour-de-la-commemoration-des-defunts\/#primaryimage"},"thumbnailUrl":"https:\/\/blog.holyart.it\/fr\/wp-content\/uploads\/sites\/14\/2024\/10\/2-novembre-jour-de-la-commemoration-des-defunts.jpg","articleSection":["Religion"],"inLanguage":"fr-FR"},{"@type":"WebPage","@id":"https:\/\/blog.holyart.it\/fr\/articles-religieux\/2-novembre-jour-de-la-commemoration-des-defunts\/","url":"https:\/\/blog.holyart.it\/fr\/articles-religieux\/2-novembre-jour-de-la-commemoration-des-defunts\/","name":"2 novembre : jour de la comm\u00e9moration des d\u00e9funts - Holyart.fr Blog","isPartOf":{"@id":"https:\/\/blog.holyart.it\/fr\/#website"},"primaryImageOfPage":{"@id":"https:\/\/blog.holyart.it\/fr\/articles-religieux\/2-novembre-jour-de-la-commemoration-des-defunts\/#primaryimage"},"image":{"@id":"https:\/\/blog.holyart.it\/fr\/articles-religieux\/2-novembre-jour-de-la-commemoration-des-defunts\/#primaryimage"},"thumbnailUrl":"https:\/\/blog.holyart.it\/fr\/wp-content\/uploads\/sites\/14\/2024\/10\/2-novembre-jour-de-la-commemoration-des-defunts.jpg","datePublished":"2024-10-28T09:00:10+00:00","dateModified":"2025-10-28T10:49:12+00:00","description":"La Comm\u00e9moration des d\u00e9funts est une solennit\u00e9 importante pour la religion catholique, mais aussi une tradition ancienne r\u00e9pandue et c\u00e9l\u00e9br\u00e9e dans le monde entier.","breadcrumb":{"@id":"https:\/\/blog.holyart.it\/fr\/articles-religieux\/2-novembre-jour-de-la-commemoration-des-defunts\/#breadcrumb"},"inLanguage":"fr-FR","potentialAction":[{"@type":"ReadAction","target":["https:\/\/blog.holyart.it\/fr\/articles-religieux\/2-novembre-jour-de-la-commemoration-des-defunts\/"]}]},{"@type":"ImageObject","inLanguage":"fr-FR","@id":"https:\/\/blog.holyart.it\/fr\/articles-religieux\/2-novembre-jour-de-la-commemoration-des-defunts\/#primaryimage","url":"https:\/\/blog.holyart.it\/fr\/wp-content\/uploads\/sites\/14\/2024\/10\/2-novembre-jour-de-la-commemoration-des-defunts.jpg","contentUrl":"https:\/\/blog.holyart.it\/fr\/wp-content\/uploads\/sites\/14\/2024\/10\/2-novembre-jour-de-la-commemoration-des-defunts.jpg","width":1000,"height":666,"caption":"2 novembre jour de la comm\u00e9moration des d\u00e9funts"},{"@type":"BreadcrumbList","@id":"https:\/\/blog.holyart.it\/fr\/articles-religieux\/2-novembre-jour-de-la-commemoration-des-defunts\/#breadcrumb","itemListElement":[{"@type":"ListItem","position":1,"name":"Homepage","item":"https:\/\/blog.holyart.it\/fr\/"},{"@type":"ListItem","position":2,"name":"Religion","item":"https:\/\/blog.holyart.it\/fr\/articles-religieux\/"},{"@type":"ListItem","position":3,"name":"2 novembre : jour de la comm\u00e9moration des d\u00e9funts"}]},{"@type":"WebSite","@id":"https:\/\/blog.holyart.it\/fr\/#website","url":"https:\/\/blog.holyart.it\/fr\/","name":"Holyart.fr Blog","description":"Holyblog","publisher":{"@id":"https:\/\/blog.holyart.it\/fr\/#organization"},"potentialAction":[{"@type":"SearchAction","target":{"@type":"EntryPoint","urlTemplate":"https:\/\/blog.holyart.it\/fr\/?s={search_term_string}"},"query-input":{"@type":"PropertyValueSpecification","valueRequired":true,"valueName":"search_term_string"}}],"inLanguage":"fr-FR"},{"@type":"Organization","@id":"https:\/\/blog.holyart.it\/fr\/#organization","name":"Holyart.fr Blog","url":"https:\/\/blog.holyart.it\/fr\/","logo":{"@type":"ImageObject","inLanguage":"fr-FR","@id":"https:\/\/blog.holyart.it\/fr\/#\/schema\/logo\/image\/","url":"https:\/\/blog.holyart.it\/fr\/wp-content\/uploads\/sites\/14\/2022\/12\/Holyart_Blog_Logo.jpg","contentUrl":"https:\/\/blog.holyart.it\/fr\/wp-content\/uploads\/sites\/14\/2022\/12\/Holyart_Blog_Logo.jpg","width":300,"height":50,"caption":"Holyart.fr Blog"},"image":{"@id":"https:\/\/blog.holyart.it\/fr\/#\/schema\/logo\/image\/"}},{"@type":"Person","@id":"https:\/\/blog.holyart.it\/fr\/#\/schema\/person\/0a7b686e5af0f856ec1e390dd0baecda","name":"Redazione","image":{"@type":"ImageObject","inLanguage":"fr-FR","@id":"https:\/\/blog.holyart.it\/fr\/#\/schema\/person\/image\/","url":"https:\/\/secure.gravatar.com\/avatar\/f477da817f43e50d0af36abecd33e3edf826c68299714bdc1057dff3b113f516?s=96&d=mm&r=g","contentUrl":"https:\/\/secure.gravatar.com\/avatar\/f477da817f43e50d0af36abecd33e3edf826c68299714bdc1057dff3b113f516?s=96&d=mm&r=g","caption":"Redazione"},"url":"https:\/\/blog.holyart.it\/fr\/author\/admin\/"}]}},"_links":{"self":[{"href":"https:\/\/blog.holyart.it\/fr\/wp-json\/wp\/v2\/posts\/8986","targetHints":{"allow":["GET"]}}],"collection":[{"href":"https:\/\/blog.holyart.it\/fr\/wp-json\/wp\/v2\/posts"}],"about":[{"href":"https:\/\/blog.holyart.it\/fr\/wp-json\/wp\/v2\/types\/post"}],"author":[{"embeddable":true,"href":"https:\/\/blog.holyart.it\/fr\/wp-json\/wp\/v2\/users\/1"}],"replies":[{"embeddable":true,"href":"https:\/\/blog.holyart.it\/fr\/wp-json\/wp\/v2\/comments?post=8986"}],"version-history":[{"count":5,"href":"https:\/\/blog.holyart.it\/fr\/wp-json\/wp\/v2\/posts\/8986\/revisions"}],"predecessor-version":[{"id":8998,"href":"https:\/\/blog.holyart.it\/fr\/wp-json\/wp\/v2\/posts\/8986\/revisions\/8998"}],"wp:featuredmedia":[{"embeddable":true,"href":"https:\/\/blog.holyart.it\/fr\/wp-json\/wp\/v2\/media\/8988"}],"wp:attachment":[{"href":"https:\/\/blog.holyart.it\/fr\/wp-json\/wp\/v2\/media?parent=8986"}],"wp:term":[{"taxonomy":"category","embeddable":true,"href":"https:\/\/blog.holyart.it\/fr\/wp-json\/wp\/v2\/categories?post=8986"},{"taxonomy":"post_tag","embeddable":true,"href":"https:\/\/blog.holyart.it\/fr\/wp-json\/wp\/v2\/tags?post=8986"}],"curies":[{"name":"wp","href":"https:\/\/api.w.org\/{rel}","templated":true}]}}