{"id":8871,"date":"2024-10-07T10:00:35","date_gmt":"2024-10-07T08:00:35","guid":{"rendered":"https:\/\/blog.holyart.it\/fr\/?p=8871"},"modified":"2024-10-11T16:48:01","modified_gmt":"2024-10-11T14:48:01","slug":"la-vierge-noire-dans-le-sanctuaire-de-saint-luc-a-bologne","status":"publish","type":"post","link":"https:\/\/blog.holyart.it\/fr\/articles-religieux\/la-vierge-noire-dans-le-sanctuaire-de-saint-luc-a-bologne\/","title":{"rendered":"La Vierge Noire dans le Sanctuaire de Saint Luc \u00e0 Bologne"},"content":{"rendered":"<h4>La Vierge Noire du Sanctuaire sur le Monte Guardia, \u00e0 Bologne, est une des images sacr\u00e9es attribu\u00e9es \u00e0 Saint Luc. Voici son histoire.<\/h4>\n<p>Nombreuses sont les repr\u00e9sentations de la Madone directement attribu\u00e9e \u00e0 Saint Luc. Nous pensons \u00e0 la <a href=\"https:\/\/www.holyart.fr\/blog\/articles-religieux\/la-vierge-noire-de-czestochowa-peinte-par-saint-luc\/\"><strong>Vierge Noire de Czestochowa<\/strong><\/a>, \u00e0 la Sainte-Marie d\u2019Arc\u0153li, \u00e0 la Madone Noire dans la Chapelle de Saint Marc \u00e0 J\u00e9rusalem et \u00e0 de nombreuses autres images de l\u2019art byzantin. La Vierge Noire dans le Sanctuaire d\u00e9di\u00e9 \u00e0 Saint Luc \u00e0 Bologne, qui depuis le Monte Guardia semble veiller sur la ville enti\u00e8re, est \u00e9galement attribu\u00e9 \u00e0 l\u2019\u00c9vang\u00e9liste. Ou plut\u00f4t, c\u2019est justement l\u2019ic\u00f4ne qui repr\u00e9sente la Vierge avec l\u2019Enfant J\u00e9sus b\u00e9nissant \u00e0 bras conserv\u00e9e depuis des si\u00e8cles en ce lieu qui en aurait d\u00e9cr\u00e9t\u00e9 la construction et la d\u00e9dicace \u00e0 ce Saint en particulier.<\/p>\n<div class=\"link-article\">\n<p><img loading=\"lazy\" decoding=\"async\" class=\"size-full wp-image-8872 alignleft\" src=\"https:\/\/blog.holyart.it\/fr\/wp-content\/uploads\/sites\/14\/2024\/09\/La-Vierge-Noire-de-Czestochowa.jpg\" alt=\"La Vierge Noire de Czestochowa\" width=\"150\" height=\"99\" data-kale-share-title=\"La Vierge Noire dans le Sanctuaire de Saint Luc \u00e0 Bologne\" data-kale-share-url=\"https:\/\/blog.holyart.it\/fr\/?p=8871\" \/><\/p>\n<div class=\"leggi-anche\">Lire aussi :<\/div>\n<p><strong><a href=\"https:\/\/www.holyart.fr\/blog\/articles-religieux\/la-vierge-noire-de-czestochowa-peinte-par-saint-luc\/\">La Vierge Noire de Czestochowa peinte par Saint Luc<\/a><\/strong><br \/>\nParmi les ic\u00f4nes sacr\u00e9es, celle de la Vierge Noire de Czestochowa est une des plus embl\u00e9matiques et fascinantes&#8230;<\/p>\n<\/div>\n<p>Selon la l\u00e9gende, un ermite grec en voyage \u00e0 Constantinople re\u00e7ut des pr\u00eatres de la basilique de Sainte Sophie cette pr\u00e9cieuse ic\u00f4ne de la Vierge Noire, \u0153uvre de <a href=\"https:\/\/www.holyart.fr\/articles-religieux\/statues\/statues-en-resine-et-pvc\/saint-luc-evangeliste-30-cm-statue-en-resine\"><strong>Luc l\u2019\u00c9vang\u00e9liste<\/strong><\/a>. Puisqu\u2019une inscription sur le tableau indiquait qu\u2019il soit amen\u00e9 sur le <em>Mont de la Garde<\/em> (Monte della Guardia), l\u2019ermite se mit en voyage pour trouver un lieu qui porte ce nom. \u00c0 Rome, il apprit que, pr\u00e8s de Bologne, se trouvait un col appel\u00e9 de cette mani\u00e8re et poursuivit donc son voyage. \u00c0 Bologne, la Vierge Noire fut accueillie avec une grande f\u00eate et amen\u00e9e en procession sur le mont par le peuple et les autorit\u00e9s.<\/p>\n<div class=\"link-product\">\n<div class=\"blocco-immagine\"><img loading=\"lazy\" decoding=\"async\" class=\"size-full wp-image-8874 alignleft\" src=\"https:\/\/blog.holyart.it\/fr\/wp-content\/uploads\/sites\/14\/2024\/09\/saint-luc-evangeliste-30-cm-statue-en-resine.jpg\" alt=\"saint luc evangeliste 30 cm statue en resine\" width=\"100\" height=\"100\" data-kale-share-title=\"La Vierge Noire dans le Sanctuaire de Saint Luc \u00e0 Bologne\" data-kale-share-url=\"https:\/\/blog.holyart.it\/fr\/?p=8871\" \/><\/div>\n<div class=\"blocco-contenuto\">\n<div class=\"blocco-acquista\">Acheter sur Holyart:<\/div>\n<div class=\"blocco-titolo\"><a href=\"https:\/\/www.holyart.fr\/articles-religieux\/statues\/statues-en-resine-et-pvc\/saint-luc-evangeliste-30-cm-statue-en-resine\">Saint Luc \u00c9vang\u00e9liste 30 cm statue en r\u00e9sine<\/a><\/div>\n<div class=\"blocco-descrizione\">Statue de Saint Luc en r\u00e9sine, enti\u00e8rement peinte \u00e0 la main et soign\u00e9e dans le moindre d\u00e9tail.<\/div>\n<\/div>\n<\/div>\n<h2>Le Sanctuaire de la Madone de Saint Luc<\/h2>\n<p>Ensuite, \u00e0 l\u2019\u00e9poque m\u00e9di\u00e9vale, sur ce col, furent \u00e9rig\u00e9s un oratoire et une \u00e9glise par volont\u00e9 de Angelica Bonfantini, une dame qui choisit de prononcer ses voeux et donna les terrains de sa propri\u00e9t\u00e9 sur le Monte Guardia \u00e0 l\u2019ordre des Canonici di Santa Maria in Reno, son ordre d\u2019appartenance. En \u00e9change, elle demanda de l\u2019aide pour la construction d\u2019une \u00e9glise et pour son entretien, y compris l\u2019usufruit et la rente des biens donn\u00e9s par les fid\u00e8les au cours du temps. Ainsi, en l\u2019an 1194, la premi\u00e8re pierre de la nouvelle \u00e9glise fut plac\u00e9e sur le Monte Guardia, o\u00f9 aurait ensuite \u00e9t\u00e9 install\u00e9e l\u2019<a href=\"https:\/\/www.holyart.fr\/articles-religieux\/icones-religieuses\/icones-roumaines-peintes\/icone-vierge-de-la-tendresse-18x22-cm\"><strong>ic\u00f4ne de la Vierge \u00e0 l\u2019Enfant<\/strong><\/a>.<\/p>\n<div class=\"link-product\">\n<div class=\"blocco-immagine\"><img loading=\"lazy\" decoding=\"async\" class=\"size-full wp-image-8875 alignleft\" src=\"https:\/\/blog.holyart.it\/fr\/wp-content\/uploads\/sites\/14\/2024\/09\/icone-vierge-de-la-tendresse-18x22-cm.jpg\" alt=\"icone vierge de la tendresse 18x22 cm\" width=\"100\" height=\"100\" data-kale-share-title=\"La Vierge Noire dans le Sanctuaire de Saint Luc \u00e0 Bologne\" data-kale-share-url=\"https:\/\/blog.holyart.it\/fr\/?p=8871\" \/><\/div>\n<div class=\"blocco-contenuto\">\n<div class=\"blocco-acquista\">Acheter sur Holyart:<\/div>\n<div class=\"blocco-titolo\"><a href=\"https:\/\/www.holyart.fr\/articles-religieux\/icones-religieuses\/icones-roumaines-peintes\/icone-vierge-de-la-tendresse-18x22-cm\">Ic\u00f4ne vierge de la tendresse 18&#215;22 cm<\/a><\/div>\n<div class=\"blocco-descrizione\">Image de la vierge avec enfant dans les bras.<\/div>\n<\/div>\n<\/div>\n<p>Gr\u00e2ce \u00e0 l\u2019intercession du Pape, et malgr\u00e9 des ann\u00e9es de diatribes avec l\u2019ordre rh\u00e9nan, Angelica arriva \u00e0 maintenir les privil\u00e8ges et les droits sur l\u2019\u00e9glise et le presbyt\u00e8re. \u00c0 sa mort, elle fut confi\u00e9e \u00e0 un groupe de nonnes augustiniennes de l\u2019ermitage de Ronzano, ensuite affili\u00e9es \u00e0 l\u2019ordre dominicain. Les s\u0153urs \u00e9rig\u00e8rent un monast\u00e8re un peu plus loin en l\u2019honneur de <a href=\"https:\/\/www.holyart.fr\/blog\/saints-et-bienheureux\/saint-matthieu-lapotre-qui-prit-la-place-de-judas-iscariote\/\"><strong>Saint Matthieu<\/strong><\/a>, o\u00f9 r\u00e9sidait la M\u00e8re Sup\u00e9rieure, tandis que l\u2019\u00e9glise sur le Monte Guardia \u00e9tait conserv\u00e9e par une Vicaire et neuf s\u0153urs.<\/p>\n<div class=\"link-article\">\n<p><img loading=\"lazy\" decoding=\"async\" class=\"size-full wp-image-8876 alignleft\" src=\"https:\/\/blog.holyart.it\/fr\/wp-content\/uploads\/sites\/14\/2024\/09\/Saint-Matthieu.jpg\" alt=\"Saint Matthieu\" width=\"150\" height=\"99\" data-kale-share-title=\"La Vierge Noire dans le Sanctuaire de Saint Luc \u00e0 Bologne\" data-kale-share-url=\"https:\/\/blog.holyart.it\/fr\/?p=8871\" \/><\/p>\n<div class=\"leggi-anche\">Lire aussi :<\/div>\n<p><strong><a href=\"https:\/\/www.holyart.fr\/blog\/saints-et-bienheureux\/saint-matthieu-lapotre-qui-prit-la-place-de-judas-iscariote\/\">Saint Matthieu : l\u2019ap\u00f4tre qui prit la place de Judas Iscariote<\/a><\/strong><br \/>\nSaint Matthieu ap\u00f4tre, protecteur des ing\u00e9nieurs et des bouchers, fut le seul \u00e0 ne pas \u00eatre choisi par J\u00e9sus, mais par les ap\u00f4tres&#8230;<\/p>\n<\/div>\n<p>Avec le temps, le sanctuaire connut des p\u00e9riodes plus ou moins heureuses, gr\u00e2ce aux donations des fid\u00e8les et, entre 1400 et 1700, il subit de nombreux r\u00e9am\u00e9nagements et extensions.<br \/>\nL\u2019\u00e9difice actuel remonte au XVIIIe si\u00e8cle et est principalement baroque. L\u2019invasion napol\u00e9onienne obligea les s\u0153urs \u00e0 quitter le monast\u00e8re et l\u2019\u00e9glise et, ensuite, ces derniers pass\u00e8rent sous le contr\u00f4le des dominicains et, enfin, des pr\u00eatres dioc\u00e9sains. \u00c0 partir de 1874, le sanctuaire de Saint Luc est consid\u00e9r\u00e9 comme un monument national. Il a \u00e9galement \u00e9t\u00e9 le si\u00e8ge d\u2019un orphelinat f\u00e9minin et, pendant de nombreuses ann\u00e9es, il \u00e9tait accessible via un funiculaire ensuite supprim\u00e9. Le tr\u00e8s long porche, construit pour permettre aux p\u00e8lerins d\u2019atteindre le Sanctuaire sans \u00eatre tremp\u00e9s en cas de pluie, caract\u00e9rise ce b\u00e2timent\u00a0: compos\u00e9 de 666 arches, il \u00e9voque le num\u00e9ro de la B\u00eate afin de rappeler comment la Sainte Vierge a \u00e9t\u00e9 capable d\u2019\u00e9craser le Diable sous son talon et de le vaincre.<\/p>\n<h2>L\u2019ic\u00f4ne de la Madone de Saint Luc<\/h2>\n<p>En juillet 1433, le <strong>miracle de la pluie<\/strong> eut lieu : une procession d\u00e9marr\u00e9e sur Monte Guardia conduisit l\u2019<a href=\"https:\/\/www.holyart.fr\/articles-religieux\/icones-religieuses\/icones-roumaines-peintes\/icone-mere-de-dieu-kazan-veste-decore\"><strong>ic\u00f4ne de la Vierge \u00e0 l\u2019Enfant<\/strong><\/a> en ville, en mettant fin aux terribles pluies qui \u00e9taient en train de d\u00e9truire les r\u00e9coltes. Depuis lors, nombreuses furent les processions et les c\u00e9l\u00e9brations qui amen\u00e8rent p\u00e9riodiquement la Vierge Noire de Saint Luc du Sanctuaire en ville. Quand elle se trouvait \u00e0 Bologne, la pr\u00e9cieuse ic\u00f4ne \u00e9tait confi\u00e9e \u00e0 la Confr\u00e9rie de Santa Maria della Morte, gardiens de l\u2019\u00e9glise homonyme qui l\u2019accueillait apr\u00e8s que les s\u0153urs de Saint Matthieu l\u2019avaient d\u00e9cor\u00e9es de fleurs et bijoux. De l\u00e0, d\u00e9marrait la procession pour toutes les autres \u00e9glises.<\/p>\n<div class=\"link-product\">\n<div class=\"blocco-immagine\"><img loading=\"lazy\" decoding=\"async\" class=\"size-full wp-image-8878 alignleft\" src=\"https:\/\/blog.holyart.it\/fr\/wp-content\/uploads\/sites\/14\/2024\/09\/icone-mere-de-dieu-kazan-veste-decore.jpg\" alt=\"icone mere de dieu kazan veste decore\" width=\"100\" height=\"100\" data-kale-share-title=\"La Vierge Noire dans le Sanctuaire de Saint Luc \u00e0 Bologne\" data-kale-share-url=\"https:\/\/blog.holyart.it\/fr\/?p=8871\" \/><\/div>\n<div class=\"blocco-contenuto\">\n<div class=\"blocco-acquista\">Acheter sur Holyart:<\/div>\n<div class=\"blocco-titolo\"><a href=\"https:\/\/www.holyart.fr\/articles-religieux\/icones-religieuses\/icones-roumaines-peintes\/icone-mere-de-dieu-kazan-veste-decore\">Ic\u00f4ne m\u00e8re de Dieu,Kazan, veste d\u00e9cor\u00e9<\/a><\/div>\n<div class=\"blocco-descrizione\">Il s&rsquo;agit d&rsquo;une des ic\u00f4nes les plus connues.<\/div>\n<\/div>\n<\/div>\n<p>L\u2019ic\u00f4ne mesure 65 x 57 cm et est compos\u00e9e d\u2019une planche centrale en peuplier, deux planches de t\u00eate en orme et ch\u00e2taigner et une toile de lin sur laquelle ont \u00e9t\u00e9 \u00e9tal\u00e9s d\u00e9trempe et feuille d\u2019argent. L\u2019existence d\u2019une peinture byzantine sous-jacente a \u00e9t\u00e9 apur\u00e9e. Comme d\u2019autres Vierges Noires, celle de Saint Luc descent du style de l\u2019art sacr\u00e9 oriental, et comme la <a href=\"https:\/\/www.holyart.fr\/articles-religieux\/tapisseries-religieuses\/tapisserie-vierge-noire-de-czestochowa-or-50x30-cm\"><strong>Vierge Noire de Czestochowa<\/strong><\/a> est une \u00ab\u00a0Hod\u00e9g\u00e9tria\u00a0\u00bb, une Vierge des voyageurs, <em>Celle qui indique et conduit le long du chemin<\/em>. Le buste de la Vierge pr\u00e9sente l\u2019expression grave des Notre-Dames des douleurs. Le visage est allong\u00e9, les doigts de la main qui indique l\u2019Enfant longs et fins. J\u00e9sus est peint en attitude b\u00e9nie. G\u00e9n\u00e9ralement, la peinture est prot\u00e9g\u00e9e par une plaque en argent plac\u00e9e en 1600 qui laisse \u00e0 d\u00e9couvert uniquement les visages de la Vierge et de l\u2019Enfant.<\/p>\n<div class=\"link-product\">\n<div class=\"blocco-immagine\"><img loading=\"lazy\" decoding=\"async\" class=\"size-full wp-image-8879 alignleft\" src=\"https:\/\/blog.holyart.it\/fr\/wp-content\/uploads\/sites\/14\/2024\/09\/tapisserie-vierge-noire-de-czestochowa-or-50x30-cm.jpg\" alt=\"tapisserie vierge noire de czestochowa or 50x30 cm\" width=\"100\" height=\"100\" data-kale-share-title=\"La Vierge Noire dans le Sanctuaire de Saint Luc \u00e0 Bologne\" data-kale-share-url=\"https:\/\/blog.holyart.it\/fr\/?p=8871\" \/><\/div>\n<div class=\"blocco-contenuto\">\n<div class=\"blocco-acquista\">Acheter sur Holyart:<\/div>\n<div class=\"blocco-titolo\"><a href=\"https:\/\/www.holyart.fr\/articles-religieux\/tapisseries-religieuses\/tapisserie-vierge-noire-de-czestochowa-or-50x30-cm\">Tapisserie Vierge Noire de Czestochowa or 50&#215;30 cm<\/a><\/div>\n<div class=\"blocco-descrizione\">Tapisserie avec repr\u00e9sentation de la Vierge Noire de Czestochowa.<\/div>\n<\/div>\n<\/div>\n","protected":false},"excerpt":{"rendered":"<p>La Vierge Noire du Sanctuaire sur le Monte Guardia, \u00e0 Bologne, est une des images sacr\u00e9es attribu\u00e9es \u00e0 Saint Luc. Voici son histoire. Nombreuses sont les repr\u00e9sentations de la Madone directement attribu\u00e9e \u00e0 Saint Luc. Nous pensons \u00e0 la Vierge Noire de Czestochowa, \u00e0 la&hellip;<\/p>\n","protected":false},"author":1,"featured_media":8873,"comment_status":"closed","ping_status":"open","sticky":false,"template":"","format":"standard","meta":{"_acf_changed":false,"footnotes":""},"categories":[8],"tags":[],"class_list":["post-8871","post","type-post","status-publish","format-standard","has-post-thumbnail","hentry","category-articles-religieux"],"acf":[],"yoast_head":"<!-- This site is optimized with the Yoast SEO plugin v26.6 - https:\/\/yoast.com\/wordpress\/plugins\/seo\/ -->\n<title>La Vierge Noire dans le Sanctuaire de Saint Luc \u00e0 Bologne - Holyart.fr Blog<\/title>\n<meta name=\"description\" content=\"Le Sanctuaire de Saint Luc \u00e0 Bologne conserve une Vierge noire attribu\u00e9e \u00e0 l\u2019\u00c9vang\u00e9liste en personne. Voici comme elle est arriv\u00e9e jusque l\u00e0 et les miracles qui lui sont attribu\u00e9s.\" \/>\n<meta name=\"robots\" content=\"index, follow, max-snippet:-1, max-image-preview:large, max-video-preview:-1\" \/>\n<link rel=\"canonical\" href=\"https:\/\/blog.holyart.it\/fr\/articles-religieux\/la-vierge-noire-dans-le-sanctuaire-de-saint-luc-a-bologne\/\" \/>\n<meta property=\"og:locale\" content=\"fr_FR\" \/>\n<meta property=\"og:type\" content=\"article\" \/>\n<meta property=\"og:title\" content=\"La Vierge Noire dans le Sanctuaire de Saint Luc \u00e0 Bologne - Holyart.fr Blog\" \/>\n<meta property=\"og:description\" content=\"Le Sanctuaire de Saint Luc \u00e0 Bologne conserve une Vierge noire attribu\u00e9e \u00e0 l\u2019\u00c9vang\u00e9liste en personne. Voici comme elle est arriv\u00e9e jusque l\u00e0 et les miracles qui lui sont attribu\u00e9s.\" \/>\n<meta property=\"og:url\" content=\"https:\/\/blog.holyart.it\/fr\/articles-religieux\/la-vierge-noire-dans-le-sanctuaire-de-saint-luc-a-bologne\/\" \/>\n<meta property=\"og:site_name\" content=\"Holyart.fr Blog\" \/>\n<meta property=\"article:published_time\" content=\"2024-10-07T08:00:35+00:00\" \/>\n<meta property=\"article:modified_time\" content=\"2024-10-11T14:48:01+00:00\" \/>\n<meta property=\"og:image\" content=\"https:\/\/blog.holyart.it\/fr\/wp-content\/uploads\/sites\/14\/2024\/09\/La-Vierge-Noire-dans-le-Sanctuaire-de-Saint-Luc.jpg\" \/>\n\t<meta property=\"og:image:width\" content=\"1000\" \/>\n\t<meta property=\"og:image:height\" content=\"666\" \/>\n\t<meta property=\"og:image:type\" content=\"image\/jpeg\" \/>\n<meta name=\"author\" content=\"Redazione\" \/>\n<meta name=\"twitter:card\" content=\"summary_large_image\" \/>\n<meta name=\"twitter:label1\" content=\"\u00c9crit par\" \/>\n\t<meta name=\"twitter:data1\" content=\"Redazione\" \/>\n\t<meta name=\"twitter:label2\" content=\"Dur\u00e9e de lecture estim\u00e9e\" \/>\n\t<meta name=\"twitter:data2\" content=\"7 minutes\" \/>\n<script type=\"application\/ld+json\" class=\"yoast-schema-graph\">{\"@context\":\"https:\/\/schema.org\",\"@graph\":[{\"@type\":\"Article\",\"@id\":\"https:\/\/blog.holyart.it\/fr\/articles-religieux\/la-vierge-noire-dans-le-sanctuaire-de-saint-luc-a-bologne\/#article\",\"isPartOf\":{\"@id\":\"https:\/\/blog.holyart.it\/fr\/articles-religieux\/la-vierge-noire-dans-le-sanctuaire-de-saint-luc-a-bologne\/\"},\"author\":{\"name\":\"Redazione\",\"@id\":\"https:\/\/blog.holyart.it\/fr\/#\/schema\/person\/0a7b686e5af0f856ec1e390dd0baecda\"},\"headline\":\"La Vierge Noire dans le Sanctuaire de Saint Luc \u00e0 Bologne\",\"datePublished\":\"2024-10-07T08:00:35+00:00\",\"dateModified\":\"2024-10-11T14:48:01+00:00\",\"mainEntityOfPage\":{\"@id\":\"https:\/\/blog.holyart.it\/fr\/articles-religieux\/la-vierge-noire-dans-le-sanctuaire-de-saint-luc-a-bologne\/\"},\"wordCount\":1152,\"publisher\":{\"@id\":\"https:\/\/blog.holyart.it\/fr\/#organization\"},\"image\":{\"@id\":\"https:\/\/blog.holyart.it\/fr\/articles-religieux\/la-vierge-noire-dans-le-sanctuaire-de-saint-luc-a-bologne\/#primaryimage\"},\"thumbnailUrl\":\"https:\/\/blog.holyart.it\/fr\/wp-content\/uploads\/sites\/14\/2024\/09\/La-Vierge-Noire-dans-le-Sanctuaire-de-Saint-Luc.jpg\",\"articleSection\":[\"Religion\"],\"inLanguage\":\"fr-FR\"},{\"@type\":\"WebPage\",\"@id\":\"https:\/\/blog.holyart.it\/fr\/articles-religieux\/la-vierge-noire-dans-le-sanctuaire-de-saint-luc-a-bologne\/\",\"url\":\"https:\/\/blog.holyart.it\/fr\/articles-religieux\/la-vierge-noire-dans-le-sanctuaire-de-saint-luc-a-bologne\/\",\"name\":\"La Vierge Noire dans le Sanctuaire de Saint Luc \u00e0 Bologne - Holyart.fr Blog\",\"isPartOf\":{\"@id\":\"https:\/\/blog.holyart.it\/fr\/#website\"},\"primaryImageOfPage\":{\"@id\":\"https:\/\/blog.holyart.it\/fr\/articles-religieux\/la-vierge-noire-dans-le-sanctuaire-de-saint-luc-a-bologne\/#primaryimage\"},\"image\":{\"@id\":\"https:\/\/blog.holyart.it\/fr\/articles-religieux\/la-vierge-noire-dans-le-sanctuaire-de-saint-luc-a-bologne\/#primaryimage\"},\"thumbnailUrl\":\"https:\/\/blog.holyart.it\/fr\/wp-content\/uploads\/sites\/14\/2024\/09\/La-Vierge-Noire-dans-le-Sanctuaire-de-Saint-Luc.jpg\",\"datePublished\":\"2024-10-07T08:00:35+00:00\",\"dateModified\":\"2024-10-11T14:48:01+00:00\",\"description\":\"Le Sanctuaire de Saint Luc \u00e0 Bologne conserve une Vierge noire attribu\u00e9e \u00e0 l\u2019\u00c9vang\u00e9liste en personne. Voici comme elle est arriv\u00e9e jusque l\u00e0 et les miracles qui lui sont attribu\u00e9s.\",\"breadcrumb\":{\"@id\":\"https:\/\/blog.holyart.it\/fr\/articles-religieux\/la-vierge-noire-dans-le-sanctuaire-de-saint-luc-a-bologne\/#breadcrumb\"},\"inLanguage\":\"fr-FR\",\"potentialAction\":[{\"@type\":\"ReadAction\",\"target\":[\"https:\/\/blog.holyart.it\/fr\/articles-religieux\/la-vierge-noire-dans-le-sanctuaire-de-saint-luc-a-bologne\/\"]}]},{\"@type\":\"ImageObject\",\"inLanguage\":\"fr-FR\",\"@id\":\"https:\/\/blog.holyart.it\/fr\/articles-religieux\/la-vierge-noire-dans-le-sanctuaire-de-saint-luc-a-bologne\/#primaryimage\",\"url\":\"https:\/\/blog.holyart.it\/fr\/wp-content\/uploads\/sites\/14\/2024\/09\/La-Vierge-Noire-dans-le-Sanctuaire-de-Saint-Luc.jpg\",\"contentUrl\":\"https:\/\/blog.holyart.it\/fr\/wp-content\/uploads\/sites\/14\/2024\/09\/La-Vierge-Noire-dans-le-Sanctuaire-de-Saint-Luc.jpg\",\"width\":1000,\"height\":666,\"caption\":\"La Vierge Noire dans le Sanctuaire de Saint Luc\"},{\"@type\":\"BreadcrumbList\",\"@id\":\"https:\/\/blog.holyart.it\/fr\/articles-religieux\/la-vierge-noire-dans-le-sanctuaire-de-saint-luc-a-bologne\/#breadcrumb\",\"itemListElement\":[{\"@type\":\"ListItem\",\"position\":1,\"name\":\"Homepage\",\"item\":\"https:\/\/blog.holyart.it\/fr\/\"},{\"@type\":\"ListItem\",\"position\":2,\"name\":\"Religion\",\"item\":\"https:\/\/blog.holyart.it\/fr\/articles-religieux\/\"},{\"@type\":\"ListItem\",\"position\":3,\"name\":\"La Vierge Noire dans le Sanctuaire de Saint Luc \u00e0 Bologne\"}]},{\"@type\":\"WebSite\",\"@id\":\"https:\/\/blog.holyart.it\/fr\/#website\",\"url\":\"https:\/\/blog.holyart.it\/fr\/\",\"name\":\"Holyart.fr Blog\",\"description\":\"Holyblog\",\"publisher\":{\"@id\":\"https:\/\/blog.holyart.it\/fr\/#organization\"},\"potentialAction\":[{\"@type\":\"SearchAction\",\"target\":{\"@type\":\"EntryPoint\",\"urlTemplate\":\"https:\/\/blog.holyart.it\/fr\/?s={search_term_string}\"},\"query-input\":{\"@type\":\"PropertyValueSpecification\",\"valueRequired\":true,\"valueName\":\"search_term_string\"}}],\"inLanguage\":\"fr-FR\"},{\"@type\":\"Organization\",\"@id\":\"https:\/\/blog.holyart.it\/fr\/#organization\",\"name\":\"Holyart.fr Blog\",\"url\":\"https:\/\/blog.holyart.it\/fr\/\",\"logo\":{\"@type\":\"ImageObject\",\"inLanguage\":\"fr-FR\",\"@id\":\"https:\/\/blog.holyart.it\/fr\/#\/schema\/logo\/image\/\",\"url\":\"https:\/\/blog.holyart.it\/fr\/wp-content\/uploads\/sites\/14\/2022\/12\/Holyart_Blog_Logo.jpg\",\"contentUrl\":\"https:\/\/blog.holyart.it\/fr\/wp-content\/uploads\/sites\/14\/2022\/12\/Holyart_Blog_Logo.jpg\",\"width\":300,\"height\":50,\"caption\":\"Holyart.fr Blog\"},\"image\":{\"@id\":\"https:\/\/blog.holyart.it\/fr\/#\/schema\/logo\/image\/\"}},{\"@type\":\"Person\",\"@id\":\"https:\/\/blog.holyart.it\/fr\/#\/schema\/person\/0a7b686e5af0f856ec1e390dd0baecda\",\"name\":\"Redazione\",\"image\":{\"@type\":\"ImageObject\",\"inLanguage\":\"fr-FR\",\"@id\":\"https:\/\/blog.holyart.it\/fr\/#\/schema\/person\/image\/\",\"url\":\"https:\/\/secure.gravatar.com\/avatar\/f477da817f43e50d0af36abecd33e3edf826c68299714bdc1057dff3b113f516?s=96&d=mm&r=g\",\"contentUrl\":\"https:\/\/secure.gravatar.com\/avatar\/f477da817f43e50d0af36abecd33e3edf826c68299714bdc1057dff3b113f516?s=96&d=mm&r=g\",\"caption\":\"Redazione\"},\"url\":\"https:\/\/blog.holyart.it\/fr\/author\/admin\/\"}]}<\/script>\n<!-- \/ Yoast SEO plugin. -->","yoast_head_json":{"title":"La Vierge Noire dans le Sanctuaire de Saint Luc \u00e0 Bologne - Holyart.fr Blog","description":"Le Sanctuaire de Saint Luc \u00e0 Bologne conserve une Vierge noire attribu\u00e9e \u00e0 l\u2019\u00c9vang\u00e9liste en personne. Voici comme elle est arriv\u00e9e jusque l\u00e0 et les miracles qui lui sont attribu\u00e9s.","robots":{"index":"index","follow":"follow","max-snippet":"max-snippet:-1","max-image-preview":"max-image-preview:large","max-video-preview":"max-video-preview:-1"},"canonical":"https:\/\/blog.holyart.it\/fr\/articles-religieux\/la-vierge-noire-dans-le-sanctuaire-de-saint-luc-a-bologne\/","og_locale":"fr_FR","og_type":"article","og_title":"La Vierge Noire dans le Sanctuaire de Saint Luc \u00e0 Bologne - Holyart.fr Blog","og_description":"Le Sanctuaire de Saint Luc \u00e0 Bologne conserve une Vierge noire attribu\u00e9e \u00e0 l\u2019\u00c9vang\u00e9liste en personne. Voici comme elle est arriv\u00e9e jusque l\u00e0 et les miracles qui lui sont attribu\u00e9s.","og_url":"https:\/\/blog.holyart.it\/fr\/articles-religieux\/la-vierge-noire-dans-le-sanctuaire-de-saint-luc-a-bologne\/","og_site_name":"Holyart.fr Blog","article_published_time":"2024-10-07T08:00:35+00:00","article_modified_time":"2024-10-11T14:48:01+00:00","og_image":[{"width":1000,"height":666,"url":"https:\/\/blog.holyart.it\/fr\/wp-content\/uploads\/sites\/14\/2024\/09\/La-Vierge-Noire-dans-le-Sanctuaire-de-Saint-Luc.jpg","type":"image\/jpeg"}],"author":"Redazione","twitter_card":"summary_large_image","twitter_misc":{"\u00c9crit par":"Redazione","Dur\u00e9e de lecture estim\u00e9e":"7 minutes"},"schema":{"@context":"https:\/\/schema.org","@graph":[{"@type":"Article","@id":"https:\/\/blog.holyart.it\/fr\/articles-religieux\/la-vierge-noire-dans-le-sanctuaire-de-saint-luc-a-bologne\/#article","isPartOf":{"@id":"https:\/\/blog.holyart.it\/fr\/articles-religieux\/la-vierge-noire-dans-le-sanctuaire-de-saint-luc-a-bologne\/"},"author":{"name":"Redazione","@id":"https:\/\/blog.holyart.it\/fr\/#\/schema\/person\/0a7b686e5af0f856ec1e390dd0baecda"},"headline":"La Vierge Noire dans le Sanctuaire de Saint Luc \u00e0 Bologne","datePublished":"2024-10-07T08:00:35+00:00","dateModified":"2024-10-11T14:48:01+00:00","mainEntityOfPage":{"@id":"https:\/\/blog.holyart.it\/fr\/articles-religieux\/la-vierge-noire-dans-le-sanctuaire-de-saint-luc-a-bologne\/"},"wordCount":1152,"publisher":{"@id":"https:\/\/blog.holyart.it\/fr\/#organization"},"image":{"@id":"https:\/\/blog.holyart.it\/fr\/articles-religieux\/la-vierge-noire-dans-le-sanctuaire-de-saint-luc-a-bologne\/#primaryimage"},"thumbnailUrl":"https:\/\/blog.holyart.it\/fr\/wp-content\/uploads\/sites\/14\/2024\/09\/La-Vierge-Noire-dans-le-Sanctuaire-de-Saint-Luc.jpg","articleSection":["Religion"],"inLanguage":"fr-FR"},{"@type":"WebPage","@id":"https:\/\/blog.holyart.it\/fr\/articles-religieux\/la-vierge-noire-dans-le-sanctuaire-de-saint-luc-a-bologne\/","url":"https:\/\/blog.holyart.it\/fr\/articles-religieux\/la-vierge-noire-dans-le-sanctuaire-de-saint-luc-a-bologne\/","name":"La Vierge Noire dans le Sanctuaire de Saint Luc \u00e0 Bologne - Holyart.fr Blog","isPartOf":{"@id":"https:\/\/blog.holyart.it\/fr\/#website"},"primaryImageOfPage":{"@id":"https:\/\/blog.holyart.it\/fr\/articles-religieux\/la-vierge-noire-dans-le-sanctuaire-de-saint-luc-a-bologne\/#primaryimage"},"image":{"@id":"https:\/\/blog.holyart.it\/fr\/articles-religieux\/la-vierge-noire-dans-le-sanctuaire-de-saint-luc-a-bologne\/#primaryimage"},"thumbnailUrl":"https:\/\/blog.holyart.it\/fr\/wp-content\/uploads\/sites\/14\/2024\/09\/La-Vierge-Noire-dans-le-Sanctuaire-de-Saint-Luc.jpg","datePublished":"2024-10-07T08:00:35+00:00","dateModified":"2024-10-11T14:48:01+00:00","description":"Le Sanctuaire de Saint Luc \u00e0 Bologne conserve une Vierge noire attribu\u00e9e \u00e0 l\u2019\u00c9vang\u00e9liste en personne. Voici comme elle est arriv\u00e9e jusque l\u00e0 et les miracles qui lui sont attribu\u00e9s.","breadcrumb":{"@id":"https:\/\/blog.holyart.it\/fr\/articles-religieux\/la-vierge-noire-dans-le-sanctuaire-de-saint-luc-a-bologne\/#breadcrumb"},"inLanguage":"fr-FR","potentialAction":[{"@type":"ReadAction","target":["https:\/\/blog.holyart.it\/fr\/articles-religieux\/la-vierge-noire-dans-le-sanctuaire-de-saint-luc-a-bologne\/"]}]},{"@type":"ImageObject","inLanguage":"fr-FR","@id":"https:\/\/blog.holyart.it\/fr\/articles-religieux\/la-vierge-noire-dans-le-sanctuaire-de-saint-luc-a-bologne\/#primaryimage","url":"https:\/\/blog.holyart.it\/fr\/wp-content\/uploads\/sites\/14\/2024\/09\/La-Vierge-Noire-dans-le-Sanctuaire-de-Saint-Luc.jpg","contentUrl":"https:\/\/blog.holyart.it\/fr\/wp-content\/uploads\/sites\/14\/2024\/09\/La-Vierge-Noire-dans-le-Sanctuaire-de-Saint-Luc.jpg","width":1000,"height":666,"caption":"La Vierge Noire dans le Sanctuaire de Saint Luc"},{"@type":"BreadcrumbList","@id":"https:\/\/blog.holyart.it\/fr\/articles-religieux\/la-vierge-noire-dans-le-sanctuaire-de-saint-luc-a-bologne\/#breadcrumb","itemListElement":[{"@type":"ListItem","position":1,"name":"Homepage","item":"https:\/\/blog.holyart.it\/fr\/"},{"@type":"ListItem","position":2,"name":"Religion","item":"https:\/\/blog.holyart.it\/fr\/articles-religieux\/"},{"@type":"ListItem","position":3,"name":"La Vierge Noire dans le Sanctuaire de Saint Luc \u00e0 Bologne"}]},{"@type":"WebSite","@id":"https:\/\/blog.holyart.it\/fr\/#website","url":"https:\/\/blog.holyart.it\/fr\/","name":"Holyart.fr Blog","description":"Holyblog","publisher":{"@id":"https:\/\/blog.holyart.it\/fr\/#organization"},"potentialAction":[{"@type":"SearchAction","target":{"@type":"EntryPoint","urlTemplate":"https:\/\/blog.holyart.it\/fr\/?s={search_term_string}"},"query-input":{"@type":"PropertyValueSpecification","valueRequired":true,"valueName":"search_term_string"}}],"inLanguage":"fr-FR"},{"@type":"Organization","@id":"https:\/\/blog.holyart.it\/fr\/#organization","name":"Holyart.fr Blog","url":"https:\/\/blog.holyart.it\/fr\/","logo":{"@type":"ImageObject","inLanguage":"fr-FR","@id":"https:\/\/blog.holyart.it\/fr\/#\/schema\/logo\/image\/","url":"https:\/\/blog.holyart.it\/fr\/wp-content\/uploads\/sites\/14\/2022\/12\/Holyart_Blog_Logo.jpg","contentUrl":"https:\/\/blog.holyart.it\/fr\/wp-content\/uploads\/sites\/14\/2022\/12\/Holyart_Blog_Logo.jpg","width":300,"height":50,"caption":"Holyart.fr Blog"},"image":{"@id":"https:\/\/blog.holyart.it\/fr\/#\/schema\/logo\/image\/"}},{"@type":"Person","@id":"https:\/\/blog.holyart.it\/fr\/#\/schema\/person\/0a7b686e5af0f856ec1e390dd0baecda","name":"Redazione","image":{"@type":"ImageObject","inLanguage":"fr-FR","@id":"https:\/\/blog.holyart.it\/fr\/#\/schema\/person\/image\/","url":"https:\/\/secure.gravatar.com\/avatar\/f477da817f43e50d0af36abecd33e3edf826c68299714bdc1057dff3b113f516?s=96&d=mm&r=g","contentUrl":"https:\/\/secure.gravatar.com\/avatar\/f477da817f43e50d0af36abecd33e3edf826c68299714bdc1057dff3b113f516?s=96&d=mm&r=g","caption":"Redazione"},"url":"https:\/\/blog.holyart.it\/fr\/author\/admin\/"}]}},"_links":{"self":[{"href":"https:\/\/blog.holyart.it\/fr\/wp-json\/wp\/v2\/posts\/8871","targetHints":{"allow":["GET"]}}],"collection":[{"href":"https:\/\/blog.holyart.it\/fr\/wp-json\/wp\/v2\/posts"}],"about":[{"href":"https:\/\/blog.holyart.it\/fr\/wp-json\/wp\/v2\/types\/post"}],"author":[{"embeddable":true,"href":"https:\/\/blog.holyart.it\/fr\/wp-json\/wp\/v2\/users\/1"}],"replies":[{"embeddable":true,"href":"https:\/\/blog.holyart.it\/fr\/wp-json\/wp\/v2\/comments?post=8871"}],"version-history":[{"count":2,"href":"https:\/\/blog.holyart.it\/fr\/wp-json\/wp\/v2\/posts\/8871\/revisions"}],"predecessor-version":[{"id":8880,"href":"https:\/\/blog.holyart.it\/fr\/wp-json\/wp\/v2\/posts\/8871\/revisions\/8880"}],"wp:featuredmedia":[{"embeddable":true,"href":"https:\/\/blog.holyart.it\/fr\/wp-json\/wp\/v2\/media\/8873"}],"wp:attachment":[{"href":"https:\/\/blog.holyart.it\/fr\/wp-json\/wp\/v2\/media?parent=8871"}],"wp:term":[{"taxonomy":"category","embeddable":true,"href":"https:\/\/blog.holyart.it\/fr\/wp-json\/wp\/v2\/categories?post=8871"},{"taxonomy":"post_tag","embeddable":true,"href":"https:\/\/blog.holyart.it\/fr\/wp-json\/wp\/v2\/tags?post=8871"}],"curies":[{"name":"wp","href":"https:\/\/api.w.org\/{rel}","templated":true}]}}