{"id":8859,"date":"2024-10-02T10:00:54","date_gmt":"2024-10-02T08:00:54","guid":{"rendered":"https:\/\/blog.holyart.it\/fr\/?p=8859"},"modified":"2024-09-23T10:44:56","modified_gmt":"2024-09-23T08:44:56","slug":"les-celebrations-pour-le-huitieme-centenaire-de-saint-francois-dassise","status":"publish","type":"post","link":"https:\/\/blog.holyart.it\/fr\/articles-religieux\/les-celebrations-pour-le-huitieme-centenaire-de-saint-francois-dassise\/","title":{"rendered":"Les c\u00e9l\u00e9brations pour le huiti\u00e8me centenaire de Saint Fran\u00e7ois d\u2019Assise"},"content":{"rendered":"<h4>En 2026, on comm\u00e9morera le huiti\u00e8me centenaire de la mort de Saint Fran\u00e7ois d\u2019Assise, mais ce sera \u00e9galement le point culminant de quatre ans de f\u00eates et c\u00e9l\u00e9brations d\u00e9di\u00e9es au poverello d\u2019Assise.<\/h4>\n\n<p>Dans la nuit entre le <strong>3 et le 4 octobre de l\u2019ann\u00e9e 1226<\/strong> mourait \u00e0 Assise <a href=\"https:\/\/www.holyart.fr\/blog\/saints-et-bienheureux\/saint-francois-dassise\/\"><strong>Saint Fran\u00e7ois<\/strong><\/a>, un des saints les plus aim\u00e9s et des figures spirituelles les plus influentes de l\u2019histoire de l\u2019\u00c9glise. Il mourut dans la Portioncule, la petite \u00e9glise o\u00f9 il reconnut sa vocation et dans laquelle il accueillit <a href=\"https:\/\/www.holyart.fr\/blog\/saints-et-bienheureux\/sainte-claire-embrassa-la-pauvrete-sur-les-traces-de-saint-francois\/\"><strong>Sainte Claire<\/strong><\/a> et ses premiers disciples. Aujourd\u2019hui, elle est conserv\u00e9e \u00e0 l\u2019int\u00e9rieur de la <a href=\"https:\/\/www.holyart.fr\/blog\/articles-religieux\/les-10-sanctuaires-mariaux-les-plus-celebres-en-italie\/\"><strong>Basilique de Sainte-Marie-des-Anges<\/strong><\/a> d\u2019Assise, un des lieux sacr\u00e9s les plus importants dans la chr\u00e9tient\u00e9. Apr\u00e8s la mort de Saint Fran\u00e7ois, son corps fut transport\u00e9 \u00e0 travers Assise jusqu\u2019\u00e0 Saint Damien pour que Claire et ses cons\u0153urs puissent le pleurer et lui rendre un dernier hommage, et enfin plac\u00e9 dans l\u2019\u00e9glise de Saint George.<\/p>\n<div class=\"link-article\">\n<p><img loading=\"lazy\" decoding=\"async\" class=\"size-full wp-image-8863 alignleft\" src=\"https:\/\/blog.holyart.it\/fr\/wp-content\/uploads\/sites\/14\/2024\/09\/Sainte-Claire-embrassa-la-pauvrete-sur-les-traces-de-Saint-Francois.jpeg\" alt=\"Sainte Claire embrassa la pauvret\u00e9, sur les traces de Saint Fran\u00e7ois\" width=\"150\" height=\"99\" data-kale-share-title=\"Les c\u00e9l\u00e9brations pour le huiti\u00e8me centenaire de Saint Fran\u00e7ois d\u2019Assise\" data-kale-share-url=\"https:\/\/blog.holyart.it\/fr\/?p=8859\" \/><\/p>\n<div class=\"leggi-anche\">Lire aussi :<\/div>\n<p><strong><a href=\"https:\/\/www.holyart.fr\/blog\/saints-et-bienheureux\/sainte-claire-embrassa-la-pauvrete-sur-les-traces-de-saint-francois\/\">Sainte Claire embrassa la pauvret\u00e9, sur les traces de Saint Fran\u00e7ois<\/a><\/strong><br \/>\nSainte Claire suivit l\u2019exemple de Saint Fran\u00e7ois, en renon\u00e7ant \u00e0 tous&#8230;<\/p>\n<\/div>\n<p>Sur la vie de Saint Fran\u00e7ois d\u2019Assise, n\u00e9 en 1181, on a d\u00e9j\u00e0 beaucoup racont\u00e9. Apr\u00e8s avoir pass\u00e9 sa jeunesse \u00e0 la recherche d\u2019aventure et succ\u00e8s militaire, il v\u00e9cut un profond r\u00e9veil spirituel, qui l\u2019amena \u00e0 renoncer \u00e0 une vie de luxe afin d\u2019embrasser <strong>la pauvret\u00e9, la pri\u00e8re et le service des autres<\/strong>. Ce choix l\u2019amena \u00e0 fonder l\u2019Ordre des Fr\u00e8res Mineurs, connus comme <strong>Franciscains<\/strong>, qui ont partag\u00e9 avec lui les valeurs d\u2019humilit\u00e9, compassion et amour pour toutes les cr\u00e9atures vivantes.<\/p>\n<p>Mais la mort de <a href=\"https:\/\/www.holyart.fr\/articles-religieux\/statues\/statues-en-resine-et-pvc\/saint-francois-20-cm-resine-et-tissu\"><strong>Saint Fran\u00e7ois<\/strong><\/a> n\u2019a repr\u00e9sent\u00e9 que le d\u00e9but de sa profonde <strong>r\u00e9volution spirituelle<\/strong>. Son h\u00e9ritage et son influence sur la chr\u00e9tient\u00e9 continu\u00e8rent de bouleverser, de mani\u00e8re positive, l\u2019histoire de l\u2019\u00c9glise. La force de l\u2019h\u00e9ritage de Saint Fran\u00e7ois d\u2019Assise est \u00e9vidente dans de nombreux aspects de la soci\u00e9t\u00e9 moderne. Son <strong>message de paix et de r\u00e9conciliation<\/strong> continue d\u2019inspirer tous ceux qui s\u2019efforcent de r\u00e9soudre les conflits mondiaux. Sa <strong>vision \u00e9cologique<\/strong>, bien avant que cela ne devienne un sujet d\u2019actualit\u00e9, en fait un mod\u00e8le pour le soin de la Terre et de toutes ses cr\u00e9atures. Son <strong>h\u00e9ritage d\u2019humilit\u00e9 et amour<\/strong> continue d\u2019inspirer les g\u00e9n\u00e9rations pr\u00e9sentes et futures et, pour cela, reste si important huit si\u00e8cles apr\u00e8s. <strong>Les c\u00e9l\u00e9brations pour le huiti\u00e8me centenaire de sa mort<\/strong> deviennent si importantes. Saint Fran\u00e7ois a \u00e9t\u00e9 et est une lueur d\u2019espoir et d\u2019humilit\u00e9 dans un monde afflig\u00e9, aujourd\u2019hui comme jamais auparavant, par divisions et conflits.<\/p>\n<div class=\"link-product\">\n<div class=\"blocco-immagine\"><img loading=\"lazy\" decoding=\"async\" class=\"size-full wp-image-8864 alignleft\" src=\"https:\/\/blog.holyart.it\/fr\/wp-content\/uploads\/sites\/14\/2024\/09\/Saint-Francois-20-cm-resine-et-tissu-1.jpg\" alt=\"Saint Fran\u00e7ois 20 cm r\u00e9sine et tissu\" width=\"100\" height=\"100\" data-kale-share-title=\"Les c\u00e9l\u00e9brations pour le huiti\u00e8me centenaire de Saint Fran\u00e7ois d\u2019Assise\" data-kale-share-url=\"https:\/\/blog.holyart.it\/fr\/?p=8859\" \/><\/div>\n<div class=\"blocco-contenuto\">\n<div class=\"blocco-acquista\">Acheter sur Holyart:<\/div>\n<div class=\"blocco-titolo\"><a href=\"https:\/\/www.holyart.fr\/articles-religieux\/statues\/statues-en-resine-et-pvc\/saint-francois-20-cm-resine-et-tissu\">Saint Fran\u00e7ois 20 cm r\u00e9sine et tissu<\/a><\/div>\n<div class=\"blocco-descrizione\">Statuette de Saint Fran\u00e7ois en r\u00e9sine avec v\u00eatements en tissu, enti\u00e8rement\u00a0 \u00a0 \u00a0 peinte \u00e0 la main et soign\u00e9e dans le moindre d\u00e9tail.<\/div>\n<\/div>\n<\/div>\n<p>Les c\u00e9l\u00e9brations pour le huiti\u00e8me centenaire de la mort de Saint Fran\u00e7ois d\u2019Assise sont un <strong>\u00e9v\u00e9nement de port\u00e9e mondiale<\/strong>. Dans de nombreux pays on est d\u00e9j\u00e0 en train d\u2019honorer cet homme extraordinaire \u00e0 travers une s\u00e9rie d\u2019\u00e9v\u00e9nements culturels, religieux et \u00e9ducatifs. \u00a0Entre 2023 et 2026, les occasions de f\u00eate et r\u00e9flexion pour la communaut\u00e9 franciscaine seront vraiment nombreuses et s\u2019entrem\u00ealeront avec les festivit\u00e9s du <a href=\"https:\/\/www.holyart.fr\/occasions-speciales\/jubile-2025-pelerins-desperance\"><strong>Jubil\u00e9 de 2025<\/strong><\/a>, une Ann\u00e9e Sainte exceptionnelle qui concernera la chr\u00e9tient\u00e9 enti\u00e8re. Quatre sont les \u00e9tapes cruciales de l\u2019exp\u00e9rience s\u00e9culaire de Saint Fran\u00e7ois. On commence en 2023 avec la c\u00e9l\u00e9bration du <strong>huiti\u00e8me centenaire de la <em>Regula bullat<\/em>a<\/strong>, \u00e9crite par Saint Fran\u00e7ois pour ses Fr\u00e8res Mineurs \u00e0 Fonte Colombe, et de la <a href=\"https:\/\/www.holyart.fr\/blog\/noel\/la-creche-de-greccio-la-creche-de-saint-francois\/\"><strong>premi\u00e8re Cr\u00e8che \u00e0 Greccio<\/strong><\/a>.<\/p>\n<p>On poursuit avec le huiti\u00e8me centenaire de la <strong>stigmatisation \u00e0 La Verna<\/strong> en 2024 et avec l\u2019anniversaire de la r\u00e9<strong>daction du Cantique des cr\u00e9atures de Saint Fran\u00e7ois<\/strong> en 2025, qui co\u00efncidera avec le Jubil\u00e9.<\/p>\n<p>Enfin, en 2026, nous comm\u00e9morerons le huiti\u00e8me centenaire de la <strong>mort de Saint Fran\u00e7ois<\/strong>, son passage \u00e0 la vie \u00e9ternelle, la fin de sa vie sur Terre et le d\u00e9but d\u2019un h\u00e9ritage durable de foi, humanit\u00e9 et compassion.<\/p>\n<div class=\"link-article\">\n<p><img loading=\"lazy\" decoding=\"async\" class=\"size-full wp-image-8865 alignleft\" src=\"https:\/\/blog.holyart.it\/fr\/wp-content\/uploads\/sites\/14\/2024\/09\/La-creche-de-Greccio.jpg\" alt=\"La cr\u00e8che de Greccio\" width=\"150\" height=\"97\" data-kale-share-title=\"Les c\u00e9l\u00e9brations pour le huiti\u00e8me centenaire de Saint Fran\u00e7ois d\u2019Assise\" data-kale-share-url=\"https:\/\/blog.holyart.it\/fr\/?p=8859\" \/><\/p>\n<div class=\"leggi-anche\">Lire aussi :<\/div>\n<p><strong><a href=\"https:\/\/www.holyart.fr\/blog\/noel\/la-creche-de-greccio-la-creche-de-saint-francois\/\">La cr\u00e8che de Greccio : la cr\u00e8che de Saint Fran\u00e7ois<\/a><\/strong><br \/>\nQuel est l\u2019histoire de la cr\u00e8che ? D\u2019o\u00f9 vient cette tradition que nous vivons tous les ans ? Voici l\u2019histoire de la premi\u00e8re cr\u00e8che&#8230;<\/p>\n<\/div>\n<h2>2023 : la R\u00e8gle franciscaine f\u00eate ses 800 ans<\/h2>\n<p>L\u2019ann\u00e9e 2023 marque le <strong>huiti\u00e8me centenaire de la R\u00e8gle Franciscaine<\/strong>, un document crucial \u00e9crit par Saint Fran\u00e7ois pour guider ses disciples dans l\u2019id\u00e9al de pauvret\u00e9, humilit\u00e9 et service promu par le <em>poverello<\/em> d\u2019Assise. La <strong>R\u00e8gle de Saint Fran\u00e7ois<\/strong> repr\u00e9sente un document d\u2019importance fondamentale pour l\u2019Ordre Franciscain, un guide spirituel et pratique qui, encore aujourd\u2019hui, guide et inspire les fr\u00e8res et les s\u0153urs qui ont choisi de suivre les pas et les enseignements de Saint Fran\u00e7ois d\u2019Assise, en vivant une vie de simplicit\u00e9, de d\u00e9votion et service des autres.<\/p>\n<p>Il existe <strong>diff\u00e9rentes versions<\/strong> de la R\u00e8gle\u00a0: le <em>Propositum<\/em> ou <strong>Premi\u00e8re R\u00e8gle<\/strong>, la premi\u00e8re tentative de Saint Fran\u00e7ois de tracer l\u2019id\u00e9al de vie pour ses disciples\u00a0; la <strong>R\u00e8gle <em>non bullata<\/em><\/strong>, o\u00f9 Saint Fran\u00e7ois essaie de d\u00e9finir de mani\u00e8re plus d\u00e9taill\u00e9es les aspects pratiques de l\u2019Ordre franciscains\u00a0; la <strong>R\u00e8gle <em>bullata<\/em><\/strong>, approuv\u00e9e par Pape Honorius III le <strong>29 septembre 1223<\/strong>, qui fixait les valeurs de pauvret\u00e9, humilit\u00e9 et service que les Fr\u00e8res Mineurs auraient d\u00fb suivre et exprimait clairement l\u2019orientation spirituelle et l\u2019identit\u00e9 de l\u2019Ordre Franciscain.<\/p>\n<p>Outre les expositions d\u2019art et les \u00e9v\u00e9nements culturels, \u00e0 l\u2019occasion du huiti\u00e8me centenaire de la R\u00e8gle franciscaine, la copie digitale de la bulle d\u2019approbation de la R\u00e8gle, dont l\u2019original est conserv\u00e9 dans le Saint Couvent d\u2019Assise, a \u00e9galement \u00e9t\u00e9 rendue publique.<\/p>\n<p>En 2023, tombe \u00e9galement l\u2019anniversaire de l\u2019inoubliable <strong>No\u00ebl de Greccio<\/strong>, o\u00f9, pour la No\u00ebl 1223, Saint Fran\u00e7ois cr\u00e9a la premi\u00e8re Cr\u00e8che vivante, en amenant l\u2019histoire de la naissance de J\u00e9sus dans un contexte tangible et accessible \u00e0 tous. \u00c0 Greccio, exactement dans la grotte o\u00f9 Saint Fran\u00e7ois r\u00e9alisa sa premi\u00e8re Cr\u00e8che, <a href=\"https:\/\/www.holyart.fr\/occasions-speciales\/pape-francois\"><strong>Pape Fran\u00e7ois<\/strong><\/a> a sign\u00e9 en 2019 la Lettre apostolique <strong><em>Admirabile signum<\/em><\/strong>, qui traite justement da la signification et de la valeur de la Cr\u00e8che comme c\u00e9l\u00e9bration de la Nativit\u00e9 de Christ. L\u2019endroit o\u00f9 fut plac\u00e9e la mangeoire a \u00e9t\u00e9 consacr\u00e9 comme autel, au-dessus duquel une fresque repr\u00e9sente la No\u00ebl de Bethl\u00e9em et la No\u00ebl de Greccio, plac\u00e9s en s\u00e9quence, et, tout autour, a \u00e9t\u00e9 construite une \u00e9glise d\u00e9di\u00e9e \u00e0 Saint Fran\u00e7ois.<\/p>\n<div class=\"link-product\">\n<div class=\"blocco-immagine\"><img loading=\"lazy\" decoding=\"async\" class=\"size-full wp-image-8866 alignleft\" src=\"https:\/\/blog.holyart.it\/fr\/wp-content\/uploads\/sites\/14\/2024\/09\/pape-Francois.jpg\" alt=\"pape Fran\u00e7ois\" width=\"100\" height=\"100\" data-kale-share-title=\"Les c\u00e9l\u00e9brations pour le huiti\u00e8me centenaire de Saint Fran\u00e7ois d\u2019Assise\" data-kale-share-url=\"https:\/\/blog.holyart.it\/fr\/?p=8859\" \/><\/div>\n<div class=\"blocco-contenuto\">\n<div class=\"blocco-acquista\">Acheter sur Holyart:<\/div>\n<div class=\"blocco-titolo\"><a href=\"https:\/\/www.holyart.fr\/occasions-speciales\/pape-francois\">Pape Fran\u00e7ois<\/a><\/div>\n<div class=\"blocco-descrizione\">Cat\u00e9gorie d\u00e9di\u00e9e \u00e0 Pape Jorge Mario Bergoglio.<\/div>\n<\/div>\n<\/div>\n<h2>2024 : huiti\u00e8me centenaire des stigmates de Saint Fran\u00e7ois<\/h2>\n<p>L\u2019ann\u00e9e 2024 repr\u00e9sente une ann\u00e9e significative pour la spiritualit\u00e9 franciscaine car elle marque le <strong>huiti\u00e8me centenaire des Stigmates de Saint Fran\u00e7ois d\u2019Assise<\/strong>, que l\u2019\u00c9glise c\u00e9l\u00e8bre chaque ann\u00e9e le 17 septembre avec la <strong>F\u00eate des Stigmates de Saint Fran\u00e7ois<\/strong>. Cet \u00e9v\u00e9nement extraordinaire, qui eut lieu en 1224, est un des moments les plus embl\u00e9matiques de la vie de Saint Fran\u00e7ois et de sa profonde <strong>union avec la Passion de Christ<\/strong>. Lorsqu\u2019il m\u00e9ditait et priait sur le Mont Verna, Fran\u00e7ois implora de pouvoir \u00e9prouver au moins une partie de l\u2019amour et de la douleur que J\u00e9sus-Christ subit pendant sa Passion et sa mort. Sa supplication fut exauc\u00e9e et le 14 septembre, F\u00eate de l\u2019Exaltation de la Croix, les plaies de la Crucifixion apparurent sur son corps.<\/p>\n<h2>2025 : 800 ans du Cantique des Cr\u00e9atures<\/h2>\n<p>Fran\u00e7ois composa son <a href=\"https:\/\/www.holyart.fr\/blog\/saints-et-bienheureux\/le-cantique-des-creatures-de-saint-francois\/\"><strong>Cantique des cr\u00e9atures<\/strong><\/a>, appel\u00e9 aussi <strong>Cantique de Fr\u00e8re Soleil<\/strong>, autour de 1225. Il s\u2019agit d\u2019un des textes les plus anciens de la litt\u00e9rature italienne, un po\u00e8me qui c\u00e9l\u00e8bre la <strong>cr\u00e9ation et la nature en tant qu\u2019expression de la beaut\u00e9 divine<\/strong> et de l\u2019amour de Dieu, mais aussi une pri\u00e8re, qui exprime l\u2019<strong>amour pour<\/strong> la <strong>cr\u00e9ation en tant qu\u2019amour pour Dieu<\/strong>, outre au <strong>respect pour la nature et pour les animaux<\/strong>, id\u00e9es absolument r\u00e9volutionnaires pour l\u2019\u00e9poque.<\/p>\n<p>En 2025, le Cantique de Saint Fran\u00e7ois f\u00eatera les 800 ans de sa composition, un anniversaire significatif pour les fid\u00e8les de Saint Fran\u00e7ois et pour ceux qui appr\u00e9cient la po\u00e9sie et la spiritualit\u00e9. Cet anniversaire sera comm\u00e9mor\u00e9 avec des \u00e9v\u00e9nements religieux, des conf\u00e9rences, des expositions artistiques, des performances musicales, des lectures publiques du Cantique et bien plus encore.<\/p>\n<p>Il s\u2019agira d\u2019une opportunit\u00e9 pour r\u00e9fl\u00e9chir au message de Saint Fran\u00e7ois, \u00e0 la <strong>responsabilit\u00e9 de l\u2019humanit\u00e9 envers la nature<\/strong> et \u00e0 l\u2019<strong>importance de conserver et prot\u00e9ger la cr\u00e9ation<\/strong>. En outre, il pourrait s\u2019agir \u00e9galement d\u2019un moment pour <strong>promouvoir l\u2019\u00e9cologie<\/strong> et la <strong>durabilit\u00e9<\/strong>, th\u00e8mes centraux dans le Cantique des Cr\u00e9atures, dans un monde aux prises avec trop de d\u00e9fis environnementaux.<\/p>\n<div class=\"link-article\">\n<p><img loading=\"lazy\" decoding=\"async\" class=\"size-full wp-image-8867 alignleft\" src=\"https:\/\/blog.holyart.it\/fr\/wp-content\/uploads\/sites\/14\/2024\/09\/Le-cantique-des-creatures-de-Saint-Francois-1.jpg\" alt=\"Le cantique des cr\u00e9atures de Saint Fran\u00e7ois\" width=\"150\" height=\"99\" data-kale-share-title=\"Les c\u00e9l\u00e9brations pour le huiti\u00e8me centenaire de Saint Fran\u00e7ois d\u2019Assise\" data-kale-share-url=\"https:\/\/blog.holyart.it\/fr\/?p=8859\" \/><\/p>\n<div class=\"leggi-anche\">Lire aussi :<\/div>\n<p><strong><a href=\"https:\/\/www.holyart.fr\/blog\/saints-et-bienheureux\/le-cantique-des-creatures-de-saint-francois\/\">Le cantique des cr\u00e9atures de Saint Fran\u00e7ois<\/a><\/strong><br \/>\nSaint Fran\u00e7ois d\u2019Assise est un des saints les plus aim\u00e9s et les plus v\u00e9n\u00e9r\u00e9s de l\u2019\u00c9glise catholique. Proche des pauvres&#8230;<\/p>\n<\/div>\n<h2>2026 : huiti\u00e8me centenaire de la mort de Saint Fran\u00e7ois<\/h2>\n<p>L\u2019ann\u00e9e 2026 viendra cl\u00f4turer les c\u00e9l\u00e9brations en l\u2019honneur des 800 ans de Saint Fran\u00e7ois d\u2019Assise avec le <strong>souvenir de sa mort<\/strong>. Le style de vie humble de ce Saint si sp\u00e9cial, son d\u00e9vouement \u00e0 la pauvret\u00e9, son amour pour la nature et son lien profond avec Dieu se reconfirment dans cet h\u00e9ritage spirituel profond et durable \u00e0 travers les si\u00e8cles.<\/p>\n<p>Comme nous l\u2019avons rappel\u00e9, Saint Fran\u00e7ois mourut le 3 octobre 1226. Ainsi avait-il \u00e9crit concernant la mort dans son Cantique des cr\u00e9atures\u00a0:<\/p>\n<p><em>Lou\u00e9 sois-tu, mon Seigneur, pour notre s\u0153ur la Mort corporelle, \u00e0 qui nul homme vivant ne peut \u00e9chapper. Malheur \u00e0 ceux qui mourront dans les p\u00e9ch\u00e9s mortels. Heureux ceux qu\u2019elle trouvera dans tes tr\u00e8s saintes volont\u00e9s, car la seconde mort ne leur fera pas de mal.<\/em><\/p>\n<p>Les c\u00e9l\u00e9brations pour le huiti\u00e8me centenaire de la mort de Saint Fran\u00e7ois incluront des \u00e9v\u00e9nements religieux sp\u00e9ciaux, p\u00e8lerinages vers des lieux significatifs li\u00e9s \u00e0 sa vie, Assise avant tout, expositions historiques, conf\u00e9rences, concerts et de nombreuses manifestations culturelles. Ce sera \u00e9galement l\u2019occasion pour r\u00e9fl\u00e9chir \u00e0 son h\u00e9ritage et \u00e0 comment son message d\u2019amour, humilit\u00e9 et soin pour la cr\u00e9ation est encore pertinent aujourd\u2019hui, sp\u00e9cialement dans le contexte de la pr\u00e9servation de l\u2019environnement.<\/p>\n","protected":false},"excerpt":{"rendered":"<p>En 2026, on comm\u00e9morera le huiti\u00e8me centenaire de la mort de Saint Fran\u00e7ois d\u2019Assise, mais ce sera \u00e9galement le point culminant de quatre ans de f\u00eates et c\u00e9l\u00e9brations d\u00e9di\u00e9es au poverello d\u2019Assise. Dans la nuit entre le 3 et le 4 octobre de l\u2019ann\u00e9e 1226&hellip;<\/p>\n","protected":false},"author":1,"featured_media":8861,"comment_status":"closed","ping_status":"open","sticky":false,"template":"","format":"standard","meta":{"_acf_changed":false,"footnotes":""},"categories":[8],"tags":[],"class_list":["post-8859","post","type-post","status-publish","format-standard","has-post-thumbnail","hentry","category-articles-religieux"],"acf":[],"yoast_head":"<!-- This site is optimized with the Yoast SEO plugin v26.6 - https:\/\/yoast.com\/wordpress\/plugins\/seo\/ -->\n<title>Les c\u00e9l\u00e9brations pour le huiti\u00e8me centenaire de Saint Fran\u00e7ois d\u2019Assise - Holyart.fr Blog<\/title>\n<meta name=\"description\" content=\"Le huiti\u00e8me centenaire de la mort de Saint Fran\u00e7ois d\u2019Assise en 2026 viendra cl\u00f4turer quatre ans de c\u00e9l\u00e9brations qui lui sont d\u00e9di\u00e9es. Voici l\u2019h\u00e9ritage d\u2019un Saint tr\u00e8s aim\u00e9.\" \/>\n<meta name=\"robots\" content=\"index, follow, max-snippet:-1, max-image-preview:large, max-video-preview:-1\" \/>\n<link rel=\"canonical\" href=\"https:\/\/blog.holyart.it\/fr\/articles-religieux\/les-celebrations-pour-le-huitieme-centenaire-de-saint-francois-dassise\/\" \/>\n<meta property=\"og:locale\" content=\"fr_FR\" \/>\n<meta property=\"og:type\" content=\"article\" \/>\n<meta property=\"og:title\" content=\"Les c\u00e9l\u00e9brations pour le huiti\u00e8me centenaire de Saint Fran\u00e7ois d\u2019Assise - Holyart.fr Blog\" \/>\n<meta property=\"og:description\" content=\"Le huiti\u00e8me centenaire de la mort de Saint Fran\u00e7ois d\u2019Assise en 2026 viendra cl\u00f4turer quatre ans de c\u00e9l\u00e9brations qui lui sont d\u00e9di\u00e9es. Voici l\u2019h\u00e9ritage d\u2019un Saint tr\u00e8s aim\u00e9.\" \/>\n<meta property=\"og:url\" content=\"https:\/\/blog.holyart.it\/fr\/articles-religieux\/les-celebrations-pour-le-huitieme-centenaire-de-saint-francois-dassise\/\" \/>\n<meta property=\"og:site_name\" content=\"Holyart.fr Blog\" \/>\n<meta property=\"article:published_time\" content=\"2024-10-02T08:00:54+00:00\" \/>\n<meta property=\"og:image\" content=\"https:\/\/blog.holyart.it\/fr\/wp-content\/uploads\/sites\/14\/2024\/09\/Les-celebrations-pour-le-huitieme-centenaire-de-Saint-Francois-dAssise.jpg\" \/>\n\t<meta property=\"og:image:width\" content=\"1000\" \/>\n\t<meta property=\"og:image:height\" content=\"666\" \/>\n\t<meta property=\"og:image:type\" content=\"image\/jpeg\" \/>\n<meta name=\"author\" content=\"Redazione\" \/>\n<meta name=\"twitter:card\" content=\"summary_large_image\" \/>\n<meta name=\"twitter:label1\" content=\"\u00c9crit par\" \/>\n\t<meta name=\"twitter:data1\" content=\"Redazione\" \/>\n\t<meta name=\"twitter:label2\" content=\"Dur\u00e9e de lecture estim\u00e9e\" \/>\n\t<meta name=\"twitter:data2\" content=\"10 minutes\" \/>\n<script type=\"application\/ld+json\" class=\"yoast-schema-graph\">{\"@context\":\"https:\/\/schema.org\",\"@graph\":[{\"@type\":\"Article\",\"@id\":\"https:\/\/blog.holyart.it\/fr\/articles-religieux\/les-celebrations-pour-le-huitieme-centenaire-de-saint-francois-dassise\/#article\",\"isPartOf\":{\"@id\":\"https:\/\/blog.holyart.it\/fr\/articles-religieux\/les-celebrations-pour-le-huitieme-centenaire-de-saint-francois-dassise\/\"},\"author\":{\"name\":\"Redazione\",\"@id\":\"https:\/\/blog.holyart.it\/fr\/#\/schema\/person\/0a7b686e5af0f856ec1e390dd0baecda\"},\"headline\":\"Les c\u00e9l\u00e9brations pour le huiti\u00e8me centenaire de Saint Fran\u00e7ois d\u2019Assise\",\"datePublished\":\"2024-10-02T08:00:54+00:00\",\"mainEntityOfPage\":{\"@id\":\"https:\/\/blog.holyart.it\/fr\/articles-religieux\/les-celebrations-pour-le-huitieme-centenaire-de-saint-francois-dassise\/\"},\"wordCount\":1893,\"publisher\":{\"@id\":\"https:\/\/blog.holyart.it\/fr\/#organization\"},\"image\":{\"@id\":\"https:\/\/blog.holyart.it\/fr\/articles-religieux\/les-celebrations-pour-le-huitieme-centenaire-de-saint-francois-dassise\/#primaryimage\"},\"thumbnailUrl\":\"https:\/\/blog.holyart.it\/fr\/wp-content\/uploads\/sites\/14\/2024\/09\/Les-celebrations-pour-le-huitieme-centenaire-de-Saint-Francois-dAssise.jpg\",\"articleSection\":[\"Religion\"],\"inLanguage\":\"fr-FR\"},{\"@type\":\"WebPage\",\"@id\":\"https:\/\/blog.holyart.it\/fr\/articles-religieux\/les-celebrations-pour-le-huitieme-centenaire-de-saint-francois-dassise\/\",\"url\":\"https:\/\/blog.holyart.it\/fr\/articles-religieux\/les-celebrations-pour-le-huitieme-centenaire-de-saint-francois-dassise\/\",\"name\":\"Les c\u00e9l\u00e9brations pour le huiti\u00e8me centenaire de Saint Fran\u00e7ois d\u2019Assise - Holyart.fr Blog\",\"isPartOf\":{\"@id\":\"https:\/\/blog.holyart.it\/fr\/#website\"},\"primaryImageOfPage\":{\"@id\":\"https:\/\/blog.holyart.it\/fr\/articles-religieux\/les-celebrations-pour-le-huitieme-centenaire-de-saint-francois-dassise\/#primaryimage\"},\"image\":{\"@id\":\"https:\/\/blog.holyart.it\/fr\/articles-religieux\/les-celebrations-pour-le-huitieme-centenaire-de-saint-francois-dassise\/#primaryimage\"},\"thumbnailUrl\":\"https:\/\/blog.holyart.it\/fr\/wp-content\/uploads\/sites\/14\/2024\/09\/Les-celebrations-pour-le-huitieme-centenaire-de-Saint-Francois-dAssise.jpg\",\"datePublished\":\"2024-10-02T08:00:54+00:00\",\"description\":\"Le huiti\u00e8me centenaire de la mort de Saint Fran\u00e7ois d\u2019Assise en 2026 viendra cl\u00f4turer quatre ans de c\u00e9l\u00e9brations qui lui sont d\u00e9di\u00e9es. Voici l\u2019h\u00e9ritage d\u2019un Saint tr\u00e8s aim\u00e9.\",\"breadcrumb\":{\"@id\":\"https:\/\/blog.holyart.it\/fr\/articles-religieux\/les-celebrations-pour-le-huitieme-centenaire-de-saint-francois-dassise\/#breadcrumb\"},\"inLanguage\":\"fr-FR\",\"potentialAction\":[{\"@type\":\"ReadAction\",\"target\":[\"https:\/\/blog.holyart.it\/fr\/articles-religieux\/les-celebrations-pour-le-huitieme-centenaire-de-saint-francois-dassise\/\"]}]},{\"@type\":\"ImageObject\",\"inLanguage\":\"fr-FR\",\"@id\":\"https:\/\/blog.holyart.it\/fr\/articles-religieux\/les-celebrations-pour-le-huitieme-centenaire-de-saint-francois-dassise\/#primaryimage\",\"url\":\"https:\/\/blog.holyart.it\/fr\/wp-content\/uploads\/sites\/14\/2024\/09\/Les-celebrations-pour-le-huitieme-centenaire-de-Saint-Francois-dAssise.jpg\",\"contentUrl\":\"https:\/\/blog.holyart.it\/fr\/wp-content\/uploads\/sites\/14\/2024\/09\/Les-celebrations-pour-le-huitieme-centenaire-de-Saint-Francois-dAssise.jpg\",\"width\":1000,\"height\":666,\"caption\":\"Les c\u00e9l\u00e9brations pour le huiti\u00e8me centenaire de Saint Fran\u00e7ois d\u2019Assise\"},{\"@type\":\"BreadcrumbList\",\"@id\":\"https:\/\/blog.holyart.it\/fr\/articles-religieux\/les-celebrations-pour-le-huitieme-centenaire-de-saint-francois-dassise\/#breadcrumb\",\"itemListElement\":[{\"@type\":\"ListItem\",\"position\":1,\"name\":\"Homepage\",\"item\":\"https:\/\/blog.holyart.it\/fr\/\"},{\"@type\":\"ListItem\",\"position\":2,\"name\":\"Religion\",\"item\":\"https:\/\/blog.holyart.it\/fr\/articles-religieux\/\"},{\"@type\":\"ListItem\",\"position\":3,\"name\":\"Les c\u00e9l\u00e9brations pour le huiti\u00e8me centenaire de Saint Fran\u00e7ois d\u2019Assise\"}]},{\"@type\":\"WebSite\",\"@id\":\"https:\/\/blog.holyart.it\/fr\/#website\",\"url\":\"https:\/\/blog.holyart.it\/fr\/\",\"name\":\"Holyart.fr Blog\",\"description\":\"Holyblog\",\"publisher\":{\"@id\":\"https:\/\/blog.holyart.it\/fr\/#organization\"},\"potentialAction\":[{\"@type\":\"SearchAction\",\"target\":{\"@type\":\"EntryPoint\",\"urlTemplate\":\"https:\/\/blog.holyart.it\/fr\/?s={search_term_string}\"},\"query-input\":{\"@type\":\"PropertyValueSpecification\",\"valueRequired\":true,\"valueName\":\"search_term_string\"}}],\"inLanguage\":\"fr-FR\"},{\"@type\":\"Organization\",\"@id\":\"https:\/\/blog.holyart.it\/fr\/#organization\",\"name\":\"Holyart.fr Blog\",\"url\":\"https:\/\/blog.holyart.it\/fr\/\",\"logo\":{\"@type\":\"ImageObject\",\"inLanguage\":\"fr-FR\",\"@id\":\"https:\/\/blog.holyart.it\/fr\/#\/schema\/logo\/image\/\",\"url\":\"https:\/\/blog.holyart.it\/fr\/wp-content\/uploads\/sites\/14\/2022\/12\/Holyart_Blog_Logo.jpg\",\"contentUrl\":\"https:\/\/blog.holyart.it\/fr\/wp-content\/uploads\/sites\/14\/2022\/12\/Holyart_Blog_Logo.jpg\",\"width\":300,\"height\":50,\"caption\":\"Holyart.fr Blog\"},\"image\":{\"@id\":\"https:\/\/blog.holyart.it\/fr\/#\/schema\/logo\/image\/\"}},{\"@type\":\"Person\",\"@id\":\"https:\/\/blog.holyart.it\/fr\/#\/schema\/person\/0a7b686e5af0f856ec1e390dd0baecda\",\"name\":\"Redazione\",\"image\":{\"@type\":\"ImageObject\",\"inLanguage\":\"fr-FR\",\"@id\":\"https:\/\/blog.holyart.it\/fr\/#\/schema\/person\/image\/\",\"url\":\"https:\/\/secure.gravatar.com\/avatar\/f477da817f43e50d0af36abecd33e3edf826c68299714bdc1057dff3b113f516?s=96&d=mm&r=g\",\"contentUrl\":\"https:\/\/secure.gravatar.com\/avatar\/f477da817f43e50d0af36abecd33e3edf826c68299714bdc1057dff3b113f516?s=96&d=mm&r=g\",\"caption\":\"Redazione\"},\"url\":\"https:\/\/blog.holyart.it\/fr\/author\/admin\/\"}]}<\/script>\n<!-- \/ Yoast SEO plugin. -->","yoast_head_json":{"title":"Les c\u00e9l\u00e9brations pour le huiti\u00e8me centenaire de Saint Fran\u00e7ois d\u2019Assise - Holyart.fr Blog","description":"Le huiti\u00e8me centenaire de la mort de Saint Fran\u00e7ois d\u2019Assise en 2026 viendra cl\u00f4turer quatre ans de c\u00e9l\u00e9brations qui lui sont d\u00e9di\u00e9es. Voici l\u2019h\u00e9ritage d\u2019un Saint tr\u00e8s aim\u00e9.","robots":{"index":"index","follow":"follow","max-snippet":"max-snippet:-1","max-image-preview":"max-image-preview:large","max-video-preview":"max-video-preview:-1"},"canonical":"https:\/\/blog.holyart.it\/fr\/articles-religieux\/les-celebrations-pour-le-huitieme-centenaire-de-saint-francois-dassise\/","og_locale":"fr_FR","og_type":"article","og_title":"Les c\u00e9l\u00e9brations pour le huiti\u00e8me centenaire de Saint Fran\u00e7ois d\u2019Assise - Holyart.fr Blog","og_description":"Le huiti\u00e8me centenaire de la mort de Saint Fran\u00e7ois d\u2019Assise en 2026 viendra cl\u00f4turer quatre ans de c\u00e9l\u00e9brations qui lui sont d\u00e9di\u00e9es. Voici l\u2019h\u00e9ritage d\u2019un Saint tr\u00e8s aim\u00e9.","og_url":"https:\/\/blog.holyart.it\/fr\/articles-religieux\/les-celebrations-pour-le-huitieme-centenaire-de-saint-francois-dassise\/","og_site_name":"Holyart.fr Blog","article_published_time":"2024-10-02T08:00:54+00:00","og_image":[{"width":1000,"height":666,"url":"https:\/\/blog.holyart.it\/fr\/wp-content\/uploads\/sites\/14\/2024\/09\/Les-celebrations-pour-le-huitieme-centenaire-de-Saint-Francois-dAssise.jpg","type":"image\/jpeg"}],"author":"Redazione","twitter_card":"summary_large_image","twitter_misc":{"\u00c9crit par":"Redazione","Dur\u00e9e de lecture estim\u00e9e":"10 minutes"},"schema":{"@context":"https:\/\/schema.org","@graph":[{"@type":"Article","@id":"https:\/\/blog.holyart.it\/fr\/articles-religieux\/les-celebrations-pour-le-huitieme-centenaire-de-saint-francois-dassise\/#article","isPartOf":{"@id":"https:\/\/blog.holyart.it\/fr\/articles-religieux\/les-celebrations-pour-le-huitieme-centenaire-de-saint-francois-dassise\/"},"author":{"name":"Redazione","@id":"https:\/\/blog.holyart.it\/fr\/#\/schema\/person\/0a7b686e5af0f856ec1e390dd0baecda"},"headline":"Les c\u00e9l\u00e9brations pour le huiti\u00e8me centenaire de Saint Fran\u00e7ois d\u2019Assise","datePublished":"2024-10-02T08:00:54+00:00","mainEntityOfPage":{"@id":"https:\/\/blog.holyart.it\/fr\/articles-religieux\/les-celebrations-pour-le-huitieme-centenaire-de-saint-francois-dassise\/"},"wordCount":1893,"publisher":{"@id":"https:\/\/blog.holyart.it\/fr\/#organization"},"image":{"@id":"https:\/\/blog.holyart.it\/fr\/articles-religieux\/les-celebrations-pour-le-huitieme-centenaire-de-saint-francois-dassise\/#primaryimage"},"thumbnailUrl":"https:\/\/blog.holyart.it\/fr\/wp-content\/uploads\/sites\/14\/2024\/09\/Les-celebrations-pour-le-huitieme-centenaire-de-Saint-Francois-dAssise.jpg","articleSection":["Religion"],"inLanguage":"fr-FR"},{"@type":"WebPage","@id":"https:\/\/blog.holyart.it\/fr\/articles-religieux\/les-celebrations-pour-le-huitieme-centenaire-de-saint-francois-dassise\/","url":"https:\/\/blog.holyart.it\/fr\/articles-religieux\/les-celebrations-pour-le-huitieme-centenaire-de-saint-francois-dassise\/","name":"Les c\u00e9l\u00e9brations pour le huiti\u00e8me centenaire de Saint Fran\u00e7ois d\u2019Assise - Holyart.fr Blog","isPartOf":{"@id":"https:\/\/blog.holyart.it\/fr\/#website"},"primaryImageOfPage":{"@id":"https:\/\/blog.holyart.it\/fr\/articles-religieux\/les-celebrations-pour-le-huitieme-centenaire-de-saint-francois-dassise\/#primaryimage"},"image":{"@id":"https:\/\/blog.holyart.it\/fr\/articles-religieux\/les-celebrations-pour-le-huitieme-centenaire-de-saint-francois-dassise\/#primaryimage"},"thumbnailUrl":"https:\/\/blog.holyart.it\/fr\/wp-content\/uploads\/sites\/14\/2024\/09\/Les-celebrations-pour-le-huitieme-centenaire-de-Saint-Francois-dAssise.jpg","datePublished":"2024-10-02T08:00:54+00:00","description":"Le huiti\u00e8me centenaire de la mort de Saint Fran\u00e7ois d\u2019Assise en 2026 viendra cl\u00f4turer quatre ans de c\u00e9l\u00e9brations qui lui sont d\u00e9di\u00e9es. Voici l\u2019h\u00e9ritage d\u2019un Saint tr\u00e8s aim\u00e9.","breadcrumb":{"@id":"https:\/\/blog.holyart.it\/fr\/articles-religieux\/les-celebrations-pour-le-huitieme-centenaire-de-saint-francois-dassise\/#breadcrumb"},"inLanguage":"fr-FR","potentialAction":[{"@type":"ReadAction","target":["https:\/\/blog.holyart.it\/fr\/articles-religieux\/les-celebrations-pour-le-huitieme-centenaire-de-saint-francois-dassise\/"]}]},{"@type":"ImageObject","inLanguage":"fr-FR","@id":"https:\/\/blog.holyart.it\/fr\/articles-religieux\/les-celebrations-pour-le-huitieme-centenaire-de-saint-francois-dassise\/#primaryimage","url":"https:\/\/blog.holyart.it\/fr\/wp-content\/uploads\/sites\/14\/2024\/09\/Les-celebrations-pour-le-huitieme-centenaire-de-Saint-Francois-dAssise.jpg","contentUrl":"https:\/\/blog.holyart.it\/fr\/wp-content\/uploads\/sites\/14\/2024\/09\/Les-celebrations-pour-le-huitieme-centenaire-de-Saint-Francois-dAssise.jpg","width":1000,"height":666,"caption":"Les c\u00e9l\u00e9brations pour le huiti\u00e8me centenaire de Saint Fran\u00e7ois d\u2019Assise"},{"@type":"BreadcrumbList","@id":"https:\/\/blog.holyart.it\/fr\/articles-religieux\/les-celebrations-pour-le-huitieme-centenaire-de-saint-francois-dassise\/#breadcrumb","itemListElement":[{"@type":"ListItem","position":1,"name":"Homepage","item":"https:\/\/blog.holyart.it\/fr\/"},{"@type":"ListItem","position":2,"name":"Religion","item":"https:\/\/blog.holyart.it\/fr\/articles-religieux\/"},{"@type":"ListItem","position":3,"name":"Les c\u00e9l\u00e9brations pour le huiti\u00e8me centenaire de Saint Fran\u00e7ois d\u2019Assise"}]},{"@type":"WebSite","@id":"https:\/\/blog.holyart.it\/fr\/#website","url":"https:\/\/blog.holyart.it\/fr\/","name":"Holyart.fr Blog","description":"Holyblog","publisher":{"@id":"https:\/\/blog.holyart.it\/fr\/#organization"},"potentialAction":[{"@type":"SearchAction","target":{"@type":"EntryPoint","urlTemplate":"https:\/\/blog.holyart.it\/fr\/?s={search_term_string}"},"query-input":{"@type":"PropertyValueSpecification","valueRequired":true,"valueName":"search_term_string"}}],"inLanguage":"fr-FR"},{"@type":"Organization","@id":"https:\/\/blog.holyart.it\/fr\/#organization","name":"Holyart.fr Blog","url":"https:\/\/blog.holyart.it\/fr\/","logo":{"@type":"ImageObject","inLanguage":"fr-FR","@id":"https:\/\/blog.holyart.it\/fr\/#\/schema\/logo\/image\/","url":"https:\/\/blog.holyart.it\/fr\/wp-content\/uploads\/sites\/14\/2022\/12\/Holyart_Blog_Logo.jpg","contentUrl":"https:\/\/blog.holyart.it\/fr\/wp-content\/uploads\/sites\/14\/2022\/12\/Holyart_Blog_Logo.jpg","width":300,"height":50,"caption":"Holyart.fr Blog"},"image":{"@id":"https:\/\/blog.holyart.it\/fr\/#\/schema\/logo\/image\/"}},{"@type":"Person","@id":"https:\/\/blog.holyart.it\/fr\/#\/schema\/person\/0a7b686e5af0f856ec1e390dd0baecda","name":"Redazione","image":{"@type":"ImageObject","inLanguage":"fr-FR","@id":"https:\/\/blog.holyart.it\/fr\/#\/schema\/person\/image\/","url":"https:\/\/secure.gravatar.com\/avatar\/f477da817f43e50d0af36abecd33e3edf826c68299714bdc1057dff3b113f516?s=96&d=mm&r=g","contentUrl":"https:\/\/secure.gravatar.com\/avatar\/f477da817f43e50d0af36abecd33e3edf826c68299714bdc1057dff3b113f516?s=96&d=mm&r=g","caption":"Redazione"},"url":"https:\/\/blog.holyart.it\/fr\/author\/admin\/"}]}},"_links":{"self":[{"href":"https:\/\/blog.holyart.it\/fr\/wp-json\/wp\/v2\/posts\/8859","targetHints":{"allow":["GET"]}}],"collection":[{"href":"https:\/\/blog.holyart.it\/fr\/wp-json\/wp\/v2\/posts"}],"about":[{"href":"https:\/\/blog.holyart.it\/fr\/wp-json\/wp\/v2\/types\/post"}],"author":[{"embeddable":true,"href":"https:\/\/blog.holyart.it\/fr\/wp-json\/wp\/v2\/users\/1"}],"replies":[{"embeddable":true,"href":"https:\/\/blog.holyart.it\/fr\/wp-json\/wp\/v2\/comments?post=8859"}],"version-history":[{"count":4,"href":"https:\/\/blog.holyart.it\/fr\/wp-json\/wp\/v2\/posts\/8859\/revisions"}],"predecessor-version":[{"id":8869,"href":"https:\/\/blog.holyart.it\/fr\/wp-json\/wp\/v2\/posts\/8859\/revisions\/8869"}],"wp:featuredmedia":[{"embeddable":true,"href":"https:\/\/blog.holyart.it\/fr\/wp-json\/wp\/v2\/media\/8861"}],"wp:attachment":[{"href":"https:\/\/blog.holyart.it\/fr\/wp-json\/wp\/v2\/media?parent=8859"}],"wp:term":[{"taxonomy":"category","embeddable":true,"href":"https:\/\/blog.holyart.it\/fr\/wp-json\/wp\/v2\/categories?post=8859"},{"taxonomy":"post_tag","embeddable":true,"href":"https:\/\/blog.holyart.it\/fr\/wp-json\/wp\/v2\/tags?post=8859"}],"curies":[{"name":"wp","href":"https:\/\/api.w.org\/{rel}","templated":true}]}}