{"id":885,"date":"2018-08-16T16:52:11","date_gmt":"2018-08-16T14:52:11","guid":{"rendered":"https:\/\/blog.holyart.it\/fr\/?p=885"},"modified":"2018-08-31T10:51:00","modified_gmt":"2018-08-31T08:51:00","slug":"arbres-plantes-tradition-chretienne","status":"publish","type":"post","link":"https:\/\/blog.holyart.it\/fr\/noel\/arbres-plantes-tradition-chretienne\/","title":{"rendered":"Arbres et plantes dans la tradition chr\u00e9tienne"},"content":{"rendered":"<p>Dans l\u2019Antiquit\u00e9, la relation entre l\u2019homme et la nature \u00e9tait beaucoup plus \u00e9troite qu\u2019elle ne l\u2019est aujourd\u2019hui. La vie quotidienne \u00e9tait inextricablement li\u00e9e aux changements de saisons, aux pr\u00e9cipitations atmosph\u00e9riques, \u00e0 la chaleur excessive ou au grand froid. Nos anc\u00eatres n\u2019avaient certainement pas une existence facile, victimes d\u2019un monde trop grand et insidieux pour eux, trop difficile \u00e0 soumettre et \u00e0 contr\u00f4ler. Le confort et la s\u00e9curit\u00e9 que nous avons tendance \u00e0 prendre pour acquis, les m\u00e9dicaments qui sont efficaces contre des maladies banales pour nous, mais qui faisaient jadis des milliers de victimes, les services qui sont aujourd\u2019hui \u00e0 la port\u00e9e de tous, sont des conqu\u00eates qui ont \u00e9t\u00e9 r\u00e9alis\u00e9es en un temps relativement court par rapport \u00e0 l\u2019histoire de l\u2019humanit\u00e9 et infinit\u00e9simal dans la vie de notre plan\u00e8te.<\/p>\n<p>Nous voulons maintenant faire un pas en arri\u00e8re, \u00e0 l\u2019\u00e9poque o\u00f9 l\u2019homme vivait, volontairement ou non, en contact plus \u00e9troit avec l\u2019environnement qui l\u2019entourait, et sa survie d\u00e9pendait exclusivement de la fa\u00e7on dont il savait profiter des quelques ressources mises \u00e0 sa disposition pour se nourrir, se couvrir, se prot\u00e9ger.<\/p>\n<p>Dans ce monde, l\u2019existence de l\u2019homme d\u00e9pendait en grande partie des arbres et des plantes. De l\u00e0, nos anc\u00eatres tiraient de la nourriture, sous forme de baies et de fruits, du bois pour construire des huttes, des maisons, des cl\u00f4tures pour se d\u00e9fendre, du bois de chauffage pour \u00e9clairer la nuit et se r\u00e9chauffer, mais aussi des distillats pr\u00e9cieux et des rem\u00e8des pour gu\u00e9rir les maladies.<\/p>\n<p>Les arbres sont des alli\u00e9s pr\u00e9cieux, des amis fid\u00e8les, mais aussi des sentinelles myst\u00e9rieuses et silencieuses et, peut-\u00eatre, les gardiens du savoir ancestral. C\u2019est ainsi que devaient les consid\u00e9rer les hommes de l\u2019Antiquit\u00e9, car depuis l\u2019aube des temps, les arbres se sont vu attribuer de grands pouvoirs et un r\u00f4le de communication entre les diff\u00e9rents plans de l\u2019existence. Car leurs racines \u00e9taient dans le sol, leurs troncs \u00e9taient forts et vigoureux \u00e0 la surface, et leurs pics, parfois perdus dans les nuages, s\u2019\u00e9levaient vers le ciel. Il n\u2019est pas difficile d\u2019imaginer comment, dans l\u2019esprit de nos anc\u00eatres, ce d\u00e9veloppement prodigieux a co\u00efncid\u00e9 avec la capacit\u00e9 de relier le monde des Enfers, celui des Hommes et celui des Dieux.<\/p>\n<p>De plus, les arbres \u00e9taient souvent assimil\u00e9s directement aux divinit\u00e9s. Il n\u2019y a pas de religion du pass\u00e9 qui ne poss\u00e8de pas de mythes sur les arbres. Par exemple, les \u00c9gyptiens de l\u2019Antiquit\u00e9 croyaient que la d\u00e9esse Nout versait l\u2019eau de l\u2019immortalit\u00e9 sur l\u2019\u00e2me des morts depuis le sommet d\u2019un sycomore, tandis que pour les Scandinaves, la naissance de l\u2019univers lui-m\u00eame \u00e9tait li\u00e9e \u00e0 celle d\u2019Yggdrasill, un immense fr\u00eane qui avait ses racines dans le pass\u00e9, le pr\u00e9sent et le futur, et embrassait avec ses branches toute la terre et le ciel. Pour les Sioux, un grand arbre \u00e9tait au centre du Cercle Mondial.<\/p>\n<p>Les mythes grecs sont riches en r\u00e9f\u00e9rences aux arbres\u00a0: pensons aux pommes d\u2019or dans le jardin des Hesp\u00e9rides, qui donnaient l\u2019immortalit\u00e9, \u00e0 l\u2019olivier sacr\u00e9 \u00e0 Ath\u00e8nes, au laurier et au cypr\u00e8s chers \u00e0 Apollon, etc.<\/p>\n<p>Les symboles religieux et \u00e9sot\u00e9riques sont aussi souvent inspir\u00e9s par des arbres ou leurs parties. L\u2019arbre de vie est une image universelle, un arch\u00e9type puissant qui prend des formes infinies. Les \u00c9gyptiens d\u00e9peignaient souvent des oignons dans les hi\u00e9roglyphes et dans les tombes des pharaons\u00a0: pour eux, c\u2019\u00e9taient des laissez-passer tr\u00e8s efficaces pour l\u2019au-del\u00e0. Le cypr\u00e8s, n\u00e9 de la m\u00e9tamorphose du jeune Cyparis par Apollon, a toujours \u00e9t\u00e9 un symbole de deuil et d\u2019\u00e9ternit\u00e9.<\/p>\n<p>La tradition chr\u00e9tienne a \u00e9galement attach\u00e9 une grande importance aux plantes.<\/p>\n<p>L\u2019Ancien et le Nouveau Testament contiennent de nombreuses r\u00e9f\u00e9rences aux plantes, fleurs et arbustes. D\u2019autres ont \u00e9t\u00e9 associ\u00e9s au fil du temps au culte de Notre-Dame, de J\u00e9sus ou de plusieurs saints. Nous voulons examiner ceux que nous consid\u00e9rons comme les plus importants et les plus int\u00e9ressants.<\/p>\n<h2><strong>\u00c9pic\u00e9a, sapin (Picea abies) <\/strong><\/h2>\n<p>Il peut sembler banal de vouloir commencer par le sapin, que nous connaissons tous depuis l\u2019enfance sous le nom de sapin de No\u00ebl, mais ce n\u2019est pas le cas. Avant m\u00eame de devenir un symbole du<img loading=\"lazy\" decoding=\"async\" class=\"alignright size-medium wp-image-888\" src=\"https:\/\/blog.holyart.it\/fr\/wp-content\/uploads\/sites\/14\/2018\/08\/Sapin-de-No\u00ebl-bordeaux-300x300.jpg\" alt=\"Sapin de No\u00ebl bordeaux\" width=\"300\" height=\"300\" \/> christianisme associ\u00e9 \u00e0 la R\u00e9surrection du Christ comme tous les arbres \u00e0 feuillage persistant, le sapin \u00e9tait un arbre qui rappelait l\u2019id\u00e9e de long\u00e9vit\u00e9 et d\u2019immortalit\u00e9. Dans l\u2019Antiquit\u00e9, le sapin \u00e9tait utilis\u00e9 pour les feux sacrificiels et la divination. Les Celtes l\u2019associaient \u00e0 la fertilit\u00e9, les Grecs \u00e0 l\u2019espoir. La propagation de <strong><a href=\"https:\/\/www.holyart.fr\/noel\/sapins-de-noel\">l\u2019arbre de No\u00ebl<\/a><\/strong>, allant en partie au-del\u00e0 du symbolisme chr\u00e9tien, l\u2019a n\u00e9anmoins li\u00e9 \u00e0 un sentiment de chaleur, de joie et de famille qui va bien avec la tradition de No\u00ebl. L\u2019arbre de No\u00ebl rappelle le d\u00e9but du cycle annuel et donc de la vie. <strong><a href=\"https:\/\/www.holyart.fr\/noel\/sapins-de-noel\/sapin-de-noel-230-cm-victorian-burgundy-bordeaux-givre-et-pommes-pin-400-lumieres-exterieur\">L\u2019\u00e9pic\u00e9a rouge<\/a><\/strong> repr\u00e9sente le Christ dans son incarnation humaine comme un symbole de sacrifice, de mort et de vie \u00e9ternelle.<\/p>\n<h2><strong>Robinier faux-acacia ou acacia (Robinia pseudoacacia)<\/strong><\/h2>\n<p>Le bois de l\u2019acacia \u00e9tant tr\u00e8s dur et r\u00e9sistant, les diff\u00e9rentes religions ont attribu\u00e9 \u00e0 cette plante l\u2019id\u00e9e de force et de vigueur. Chez les \u00c9gyptiens et les Chinois, il \u00e9tait un arbre li\u00e9 \u00e0 la connaissance. Dans la culture \u00e9gyptienne en particulier, l\u2019acacia \u00e9tait l\u2019arbre initiatique\u00a0: on croyait que de nombreuses divinit\u00e9s \u00e9gyptiennes \u00e9taient n\u00e9es sous les acacias, et l\u2019arbre lui-m\u00eame \u00e9tait un symbole de la transition de l\u2019ignorance \u00e0 la connaissance. Dans le contexte biblique, il est utile de rappeler que l\u2019Arche de No\u00e9 a \u00e9t\u00e9 construite enti\u00e8rement en bois d\u2019acacia le plus dur.<\/p>\n<h2><strong>Arbre de Jud\u00e9e (Cercis siliquastrum)<\/strong><\/h2>\n<p>Originaire d\u2019Isra\u00ebl, cet arbre est aussi appel\u00e9 \u00ab\u00a0arbre de Judas\u00a0\u00bb. Selon la tradition chr\u00e9tienne, ce serait l\u2019arbre auquel Judas s\u2019est pendu apr\u00e8s avoir trahi J\u00e9sus. Les fleurs qui apparaissent directement sur son tronc symbolisent les larmes du Christ, tandis que leur couleur rose fonc\u00e9 repr\u00e9sente la honte de Judas pour son crime effrayant.<\/p>\n<h2><strong><img loading=\"lazy\" decoding=\"async\" class=\"alignleft size-medium wp-image-889\" src=\"https:\/\/blog.holyart.it\/fr\/wp-content\/uploads\/sites\/14\/2018\/08\/Alo\u00e8s-200x300.jpg\" alt=\"Alo\u00e8s\" width=\"200\" height=\"300\" \/>Alo\u00e8s (Aloe vera)<\/strong><\/h2>\n<p>Connu depuis l\u2019Antiquit\u00e9 pour ses propri\u00e9t\u00e9s pharmaceutiques extraordinaires, l\u2019alo\u00e8s \u00e9tait utilis\u00e9 par les \u00c9gyptiens pour embaumer les cadavres. Le corps de J\u00e9sus aurait aussi suivi le m\u00eame destin. En fait, on dit que Nicod\u00e8me a apport\u00e9 de l\u2019alo\u00e8s pour parfumer le drap et, vraisemblablement, pour l\u2019embaumer. Pour beaucoup de cultures anciennes, l\u2019alo\u00e8s \u00e9tait un symbole de vie \u00e9ternelle et d\u2019immortalit\u00e9.<\/p>\n<h2><strong>Ang\u00e9lique<\/strong><\/h2>\n<p>Son parfum tr\u00e8s doux lui a valu le nom d\u2019\u00ab\u00a0herbe des anges\u00a0\u00bb, ou m\u00eame d\u2019\u00ab\u00a0herbe des archanges\u00a0\u00bb, puisque Rapha\u00ebl lui-m\u00eame aurait fait conna\u00eetre aux hommes ses vertus curatives exceptionnelles.<\/p>\n<p>Efficace contre de nombreuses maladies et troubles, elle \u00e9tait autrefois plac\u00e9e autour du cou des enfants pour les prot\u00e9ger du mal.<\/p>\n<h2><strong>Ancolie (Aquilegia vulgaris)<\/strong><\/h2>\n<p>L\u2019ancolie est aussi connu sous le nom de \u00ab\u00a0gants de Notre-Dame\u00a0\u00bb. Elle doit ce nom original \u00e0 sa forme bizarre\u00a0: en effet, ses fleurs sont form\u00e9es par cinq cornes avec des p\u00e9tales qui rappellent les doigts d\u2019une main, la main de Notre-Dame.<\/p>\n<h2><strong>Chardon-Marie (Silybum marianum)<\/strong><\/h2>\n<p>Le Chardon-Marie, typique des r\u00e9gions chaudes et ensoleill\u00e9es, est li\u00e9 \u00e0 la l\u00e9gende selon laquelle, pendant sa fuite de Jud\u00e9e en \u00c9gypte pour \u00e9chapper \u00e0 H\u00e9rode, Marie a cach\u00e9 son petit J\u00e9sus sous un buisson de chardons pour l\u2019allaiter. Un peu de son lait est tomb\u00e9 sur la plante, dont les feuilles ont depuis lors des nervures blanches.<\/p>\n<h2><strong>Caroubier (Ceratonia siliqua)<\/strong><\/h2>\n<p>Tout comme le c\u00e8dre, l\u2019alo\u00e8s et le figuier, le caroubier \u00e9tait tr\u00e8s r\u00e9pandu en Galil\u00e9e. Il n\u2019a pas de signification symbolique particuli\u00e8re, mais nous le mentionnons ici parce qu\u2019il appara\u00eet dans la parabole du Fils prodigue.<\/p>\n<h2><strong>C\u00e8dre (Cedrus)<img loading=\"lazy\" decoding=\"async\" class=\"alignright size-medium wp-image-890\" src=\"https:\/\/blog.holyart.it\/fr\/wp-content\/uploads\/sites\/14\/2018\/08\/palmier-dans-une-cr\u00e8che-300x300.jpg\" alt=\"palmier dans une cr\u00e8che\" width=\"300\" height=\"300\" \/><\/strong><\/h2>\n<p>Originaire de Chine et d\u2019Inde, Il fut le premier agrume cultiv\u00e9 en Isra\u00ebl. La tradition veut que le temple de J\u00e9rusalem, le palais de Salomon et le labyrinthe de Minos avaient de majestueuses colonnes de c\u00e8dre du Liban qui soutenaient leurs plafonds.<\/p>\n<p>Pendant la f\u00eate des Tabernacles, les juifs utilisaient ses branches, ainsi que celles des palmiers et des myrtes. Dans le monde entier, le palmier est un type d\u2019arbre qui est toujours mis dans les cr\u00e8ches. Le <strong><a href=\"https:\/\/www.holyart.fr\/noel\/bricolage-de-noel-et-accessoires\/mousse-vegetale-lichens-arbres-pavages\/palmier-creche-resine-h-80-cm\">palmier dans une cr\u00e8che<\/a><\/strong> symbolise le lien entre l\u2019homme et les myst\u00e8res de la vie. Il est \u00e9galement une constante pendant la p\u00e9riode de la Semaine Sainte. Les juifs utilisent les fruits du c\u00e8dre lors de leurs c\u00e9l\u00e9brations. Le c\u00e8dre est un arbre qui symbolise aussi la connaissance.<\/p>\n<h2><strong>Oignon (Allium cepa) <\/strong><\/h2>\n<p>Si pour les \u00c9gyptiens, l\u2019oignon \u00e9tait un laissez-passer pour le monde souterrain et pour les Grecs, un embl\u00e8me de valeur et de courage li\u00e9 au Dieu de la guerre d\u2019Ares, dans la Bible, il est un symbole de p\u00e9ch\u00e9 et de fausset\u00e9. La douleur et l\u2019inconfort caus\u00e9s aux yeux par l\u2019oignon rappelle le sentiment de culpabilit\u00e9 de ceux qui commettent le p\u00e9ch\u00e9, tandis que les nombreuses couches qui le composent repr\u00e9sentent le mensonge et la tromperie.<\/p>\n<h2><strong>Figue (Ficus)<\/strong><\/h2>\n<p>Le figuier est un arbre symbolique dans de nombreuses religions et cultures, de l\u2019islam au christianisme et au juda\u00efsme, mais aussi dans l\u2019hindouisme. Il \u00e9tait d\u00e9j\u00e0 connu et appr\u00e9ci\u00e9 dans la Gr\u00e8ce antique, o\u00f9 il \u00e9tait associ\u00e9 \u00e0 Dionysos et Ath\u00e9na. Il est mentionn\u00e9 dans l\u2019Ancien et dans le Nouveau Testament. En fait, c\u2019\u00e9tait l\u2019une des sept plantes de la Terre Promise. Dans toutes les civilisations, il a toujours repr\u00e9sent\u00e9 les m\u00eames valeurs\u00a0: l\u2019abondance, la fertilit\u00e9, la prosp\u00e9rit\u00e9, le bonheur sur terre et dans l\u2019autre monde, mais aussi la force, la lumi\u00e8re et la connaissance.<\/p>\n<h2><strong>Bl\u00e9 (bl\u00e9 dur)<\/strong><\/h2>\n<p><img loading=\"lazy\" decoding=\"async\" class=\"alignleft size-full wp-image-891\" src=\"https:\/\/blog.holyart.it\/fr\/wp-content\/uploads\/sites\/14\/2018\/08\/Bl\u00e9.jpg\" alt=\"Bl\u00e9\" width=\"275\" height=\"183\" \/>Le bl\u00e9 est l\u2019une des plantes les plus mentionn\u00e9es dans la Bible. Son importance est \u00e9vidente, \u00e9tant donn\u00e9 que la farine obtenue \u00e0 partir d\u2019elle \u00e9tait la base de l\u2019alimentation des territoires qui ont servi de th\u00e9\u00e2tre aux \u00e9v\u00e9nements de la Bible, consomm\u00e9s sous forme de semoule, de pain, de galette, etc. Dans les civilisations anciennes, le bl\u00e9 \u00e9tait le symbole de la renaissance et de l\u2019alternance des saisons. En fait, il est enfoui sous terre et na\u00eet au printemps, tout comme l\u2019\u00e2me passe de l\u2019ombre \u00e0 la lumi\u00e8re. Chez les \u00c9gyptiens, le bl\u00e9 \u00e9tait associ\u00e9 \u00e0 Osiris et chez les Grecs, \u00e0 D\u00e9m\u00e9ter.<\/p>\n<p>Dans le contexte chr\u00e9tien, J\u00e9sus est associ\u00e9 \u00e0 la semence de bl\u00e9 qui meurt sur la terre pour rena\u00eetre, aux \u00e9pis de bl\u00e9 d\u00e9cortiqu\u00e9s par les hommes, aux grains tamis\u00e9s. De toute cette souffrance, de toute cette violence, il na\u00eet dans la nourriture qui nous permet de vivre. Comme J\u00e9sus est mort pour nous tous, son exemple, ses paroles, sa m\u00e9moire sont des semences qui tombent et s\u2019enracinent dans la terre fertile de notre c\u0153ur, pour produire de nouveaux bons fruits.<\/p>\n<h2><strong>Lys (Lilium)<\/strong><\/h2>\n<p>Symbole de beaut\u00e9 et de puret\u00e9 par excellence, mais aussi de virginit\u00e9 et de f\u00e9condit\u00e9, le lys est une belle fleur au parfum enivrant.<\/p>\n<p>Pour les juifs, c\u2019\u00e9tait un symbole de beaut\u00e9 et de fertilit\u00e9, pour les chr\u00e9tiens, il est associ\u00e9 aux concepts de saintet\u00e9 et de r\u00e9surrection. Dans l\u2019iconographie chr\u00e9tienne, il est associ\u00e9 \u00e0 la Vierge, et saint Joseph est souvent repr\u00e9sent\u00e9 avec un b\u00e2ton d\u2019o\u00f9 fleurissent les lis.<\/p>\n<h2><strong>Amandier (Prunus dulcis)<\/strong><\/h2>\n<p>\u00c9tant le premier arbre \u00e0 fleurir avec l\u2019arriv\u00e9e de la belle saison, il \u00e9tait consid\u00e9r\u00e9 par de nombreuses civilisations anciennes comme un symbole de fertilit\u00e9, de renaissance et de r\u00e9surrection. Dans la Bible, il est souvent mentionn\u00e9 comme symbole de la promesse de salut de Dieu au peuple \u00e9lu. Des fleurs blanches ont germ\u00e9 du b\u00e2ton d\u2019Aaron, donnant une amande comme fruit. La tradition chr\u00e9tienne l\u2019associe \u00e0 la Vierge Marie, \u00e0 la fois vierge et f\u00e9conde.<\/p>\n<h2><strong>Pommier (Malus domestica)<\/strong><\/h2>\n<p>Arbre tr\u00e8s r\u00e9pandu, le pommier est pr\u00e9sent dans de nombreuses traditions mythologiques. Dans la mythologie grecque, la pomme est la protagoniste de nombreux mythes, de celui des pommes d\u2019or conserv\u00e9es dans le jardin des Hesp\u00e9rides, qui donnaient l\u2019immortalit\u00e9, \u00e0 la pomme de la discorde, disput\u00e9e par trois d\u00e9esses et donn\u00e9e par P\u00e2ris \u00e0 H\u00e9l\u00e8ne, qui a d\u00e9clench\u00e9 la guerre de Troie. Dans la mythologie scandinave, les pommes \u00e9taient la nourriture des dieux.<\/p>\n<p>Dans les contextes juif et chr\u00e9tien, comme nous le savons bien, la pomme \u00e9tait le fruit d\u00e9fendu qui apportait la connaissance \u00e0 ceux qui le go\u00fbtaient, et qui a conduit \u00e0 l\u2019expulsion d\u2019Adam et \u00c8ve du paradis terrestre.<\/p>\n<h2><strong>Olivier (Olea europaea)<\/strong><\/h2>\n<p>L\u2019olivier \u00e9tait consid\u00e9r\u00e9 par de nombreux peuples et civilisations anciennes comme un arbre sacr\u00e9 et un symbole de paix. Dans la Gr\u00e8ce antique, il entourait la t\u00eate des athl\u00e8tes gagnants et \u00e9tait <img loading=\"lazy\" decoding=\"async\" class=\"alignright size-medium wp-image-892\" src=\"https:\/\/blog.holyart.it\/fr\/wp-content\/uploads\/sites\/14\/2018\/08\/Olivier-300x225.jpg\" alt=\"Olivier\" width=\"300\" height=\"225\" \/>cher \u00e0 Ath\u00e9na, qui en avait fait un cadeau aux hommes. En l\u2019honneur de la d\u00e9esse, l\u2019olivier est aussi devenu un symbole de chastet\u00e9.<\/p>\n<p>Dans la culture juive, il \u00e9tait un symbole de justice et de sagesse. \u00c0 la fin du D\u00e9luge, No\u00e9 envoya une colombe en reconnaissance, et elle revint avec une branche d\u2019olivier dans son bec, signe que la col\u00e8re de Dieu s\u2019\u00e9tait apais\u00e9e et que les hommes avaient \u00e9t\u00e9 pardonn\u00e9s.<\/p>\n<p>\u00c0 la f\u00eate des palmiers, dans le contexte chr\u00e9tien, l\u2019olivier repr\u00e9sente J\u00e9sus qui, mourant sur la croix et se sacrifiant lui-m\u00eame, devient un symbole de r\u00e9conciliation entre Dieu et les hommes. Apr\u00e8s tout, J\u00e9sus a \u00e9t\u00e9 accueilli \u00e0 J\u00e9rusalem par une foule qui agitait des feuilles de palmier et des branches d\u2019olivier, et a pass\u00e9 sa derni\u00e8re nuit au Jardin des Oliviers.<\/p>\n<p>Les fruits de l\u2019olivier ont aussi une forte valeur religieuse\u00a0: l\u2019huile d\u2019olive est \u00e0 la base du chr\u00eame, avec laquelle les c\u00e9l\u00e9brants baptisent le nouveau-n\u00e9, marquent les gar\u00e7ons qui re\u00e7oivent la Confirmation, consacrent les nouveaux pr\u00eatres et transmettent l\u2019onction extr\u00eame.<\/p>\n<h2><strong>Passiflore<\/strong><\/h2>\n<p>La passiflore, ou \u00ab\u00a0fleur de la Passion\u00a0\u00bb, qui rappelle la Passion du Christ, a une forme qui elle-m\u00eame est un embl\u00e8me\u00a0: le pistil a trois stigmates qui symbolisent les clous de la croix, cinq petits points qui rappellent les cinq blessures de J\u00e9sus, tandis que la corolle a 72 filaments comme 72 \u00e9pines de la couronne pos\u00e9e sur la t\u00eate de Notre Seigneur, et douze p\u00e9tales comme douze ap\u00f4tres. En outre, ses feuilles sont tranchantes comme des pointes de lance et \u00e0 l\u2019int\u00e9rieur de la fleur, il y a 30 fentes arrondies, comme les 30 deniers pour lesquels Judas a trahi J\u00e9sus.<\/p>\n<h2><strong>Renoncule \u00e2cre ou bouton d\u2019or (Ranunculus acris)<\/strong><\/h2>\n<p>Symbole de beaut\u00e9 et de richesse, mais aussi de leur \u00e9ph\u00e9m\u00e8re, \u00e9tant une tr\u00e8s belle fleur, mais qui dure tr\u00e8s peu de temps. Elle est pr\u00e9sente de nombreuses fois dans la Bible. Selon la tradition, J\u00e9sus a transform\u00e9 les \u00e9toiles en renoncules pour les donner \u00e0 sa m\u00e8re, la Vierge\u00a0; c\u2019est pourquoi ces fleurs sont utilis\u00e9es pour d\u00e9corer les autels pendant la Semaine Sainte.<\/p>\n","protected":false},"excerpt":{"rendered":"<p>Dans l\u2019Antiquit\u00e9, la relation entre l\u2019homme et la nature \u00e9tait beaucoup plus \u00e9troite qu\u2019elle ne l\u2019est aujourd\u2019hui. La vie quotidienne \u00e9tait inextricablement li\u00e9e aux changements de saisons, aux pr\u00e9cipitations atmosph\u00e9riques, \u00e0 la chaleur excessive ou au grand froid. Nos anc\u00eatres n\u2019avaient certainement pas une existence&hellip;<\/p>\n","protected":false},"author":1,"featured_media":887,"comment_status":"closed","ping_status":"open","sticky":false,"template":"","format":"standard","meta":{"_acf_changed":false,"footnotes":""},"categories":[10,8],"tags":[],"class_list":["post-885","post","type-post","status-publish","format-standard","has-post-thumbnail","hentry","category-noel","category-articles-religieux"],"acf":[],"yoast_head":"<!-- This site is optimized with the Yoast SEO plugin v26.6 - https:\/\/yoast.com\/wordpress\/plugins\/seo\/ -->\n<title>Arbres et plantes dans la tradition chr\u00e9tienne - Holyart.fr Blog<\/title>\n<meta name=\"description\" content=\"Dans l\u2019Antiquit\u00e9, la relation entre l\u2019homme et la nature \u00e9tait beaucoup plus \u00e9troite qu\u2019elle ne l\u2019est aujourd\u2019hui.\" \/>\n<meta name=\"robots\" content=\"index, follow, max-snippet:-1, max-image-preview:large, max-video-preview:-1\" \/>\n<link rel=\"canonical\" href=\"https:\/\/blog.holyart.it\/fr\/noel\/arbres-plantes-tradition-chretienne\/\" \/>\n<meta property=\"og:locale\" content=\"fr_FR\" \/>\n<meta property=\"og:type\" content=\"article\" \/>\n<meta property=\"og:title\" content=\"Arbres et plantes dans la tradition chr\u00e9tienne - Holyart.fr Blog\" \/>\n<meta property=\"og:description\" content=\"Dans l\u2019Antiquit\u00e9, la relation entre l\u2019homme et la nature \u00e9tait beaucoup plus \u00e9troite qu\u2019elle ne l\u2019est aujourd\u2019hui.\" \/>\n<meta property=\"og:url\" content=\"https:\/\/blog.holyart.it\/fr\/noel\/arbres-plantes-tradition-chretienne\/\" \/>\n<meta property=\"og:site_name\" content=\"Holyart.fr Blog\" \/>\n<meta property=\"article:published_time\" content=\"2018-08-16T14:52:11+00:00\" \/>\n<meta property=\"article:modified_time\" content=\"2018-08-31T08:51:00+00:00\" \/>\n<meta property=\"og:image\" content=\"https:\/\/blog.holyart.it\/fr\/wp-content\/uploads\/sites\/14\/2018\/08\/Arbres-et-plantes-dans-la-tradition-chr\u00e9tienne.jpg\" \/>\n\t<meta property=\"og:image:width\" content=\"1000\" \/>\n\t<meta property=\"og:image:height\" content=\"666\" \/>\n\t<meta property=\"og:image:type\" content=\"image\/jpeg\" \/>\n<meta name=\"author\" content=\"Redazione\" \/>\n<meta name=\"twitter:card\" content=\"summary_large_image\" \/>\n<meta name=\"twitter:label1\" content=\"\u00c9crit par\" \/>\n\t<meta name=\"twitter:data1\" content=\"Redazione\" \/>\n\t<meta name=\"twitter:label2\" content=\"Dur\u00e9e de lecture estim\u00e9e\" \/>\n\t<meta name=\"twitter:data2\" content=\"13 minutes\" \/>\n<script type=\"application\/ld+json\" class=\"yoast-schema-graph\">{\"@context\":\"https:\/\/schema.org\",\"@graph\":[{\"@type\":\"Article\",\"@id\":\"https:\/\/blog.holyart.it\/fr\/noel\/arbres-plantes-tradition-chretienne\/#article\",\"isPartOf\":{\"@id\":\"https:\/\/blog.holyart.it\/fr\/noel\/arbres-plantes-tradition-chretienne\/\"},\"author\":{\"name\":\"Redazione\",\"@id\":\"https:\/\/blog.holyart.it\/fr\/#\/schema\/person\/0a7b686e5af0f856ec1e390dd0baecda\"},\"headline\":\"Arbres et plantes dans la tradition chr\u00e9tienne\",\"datePublished\":\"2018-08-16T14:52:11+00:00\",\"dateModified\":\"2018-08-31T08:51:00+00:00\",\"mainEntityOfPage\":{\"@id\":\"https:\/\/blog.holyart.it\/fr\/noel\/arbres-plantes-tradition-chretienne\/\"},\"wordCount\":2673,\"publisher\":{\"@id\":\"https:\/\/blog.holyart.it\/fr\/#organization\"},\"image\":{\"@id\":\"https:\/\/blog.holyart.it\/fr\/noel\/arbres-plantes-tradition-chretienne\/#primaryimage\"},\"thumbnailUrl\":\"https:\/\/blog.holyart.it\/fr\/wp-content\/uploads\/sites\/14\/2018\/08\/Arbres-et-plantes-dans-la-tradition-chr\u00e9tienne.jpg\",\"articleSection\":[\"No\u00ebl\",\"Religion\"],\"inLanguage\":\"fr-FR\"},{\"@type\":\"WebPage\",\"@id\":\"https:\/\/blog.holyart.it\/fr\/noel\/arbres-plantes-tradition-chretienne\/\",\"url\":\"https:\/\/blog.holyart.it\/fr\/noel\/arbres-plantes-tradition-chretienne\/\",\"name\":\"Arbres et plantes dans la tradition chr\u00e9tienne - Holyart.fr Blog\",\"isPartOf\":{\"@id\":\"https:\/\/blog.holyart.it\/fr\/#website\"},\"primaryImageOfPage\":{\"@id\":\"https:\/\/blog.holyart.it\/fr\/noel\/arbres-plantes-tradition-chretienne\/#primaryimage\"},\"image\":{\"@id\":\"https:\/\/blog.holyart.it\/fr\/noel\/arbres-plantes-tradition-chretienne\/#primaryimage\"},\"thumbnailUrl\":\"https:\/\/blog.holyart.it\/fr\/wp-content\/uploads\/sites\/14\/2018\/08\/Arbres-et-plantes-dans-la-tradition-chr\u00e9tienne.jpg\",\"datePublished\":\"2018-08-16T14:52:11+00:00\",\"dateModified\":\"2018-08-31T08:51:00+00:00\",\"description\":\"Dans l\u2019Antiquit\u00e9, la relation entre l\u2019homme et la nature \u00e9tait beaucoup plus \u00e9troite qu\u2019elle ne l\u2019est aujourd\u2019hui.\",\"breadcrumb\":{\"@id\":\"https:\/\/blog.holyart.it\/fr\/noel\/arbres-plantes-tradition-chretienne\/#breadcrumb\"},\"inLanguage\":\"fr-FR\",\"potentialAction\":[{\"@type\":\"ReadAction\",\"target\":[\"https:\/\/blog.holyart.it\/fr\/noel\/arbres-plantes-tradition-chretienne\/\"]}]},{\"@type\":\"ImageObject\",\"inLanguage\":\"fr-FR\",\"@id\":\"https:\/\/blog.holyart.it\/fr\/noel\/arbres-plantes-tradition-chretienne\/#primaryimage\",\"url\":\"https:\/\/blog.holyart.it\/fr\/wp-content\/uploads\/sites\/14\/2018\/08\/Arbres-et-plantes-dans-la-tradition-chr\u00e9tienne.jpg\",\"contentUrl\":\"https:\/\/blog.holyart.it\/fr\/wp-content\/uploads\/sites\/14\/2018\/08\/Arbres-et-plantes-dans-la-tradition-chr\u00e9tienne.jpg\",\"width\":1000,\"height\":666,\"caption\":\"Arbres et plantes dans la tradition chr\u00e9tienne\"},{\"@type\":\"BreadcrumbList\",\"@id\":\"https:\/\/blog.holyart.it\/fr\/noel\/arbres-plantes-tradition-chretienne\/#breadcrumb\",\"itemListElement\":[{\"@type\":\"ListItem\",\"position\":1,\"name\":\"Homepage\",\"item\":\"https:\/\/blog.holyart.it\/fr\/\"},{\"@type\":\"ListItem\",\"position\":2,\"name\":\"No\u00ebl\",\"item\":\"https:\/\/blog.holyart.it\/fr\/noel\/\"},{\"@type\":\"ListItem\",\"position\":3,\"name\":\"Arbres et plantes dans la tradition chr\u00e9tienne\"}]},{\"@type\":\"WebSite\",\"@id\":\"https:\/\/blog.holyart.it\/fr\/#website\",\"url\":\"https:\/\/blog.holyart.it\/fr\/\",\"name\":\"Holyart.fr Blog\",\"description\":\"Holyblog\",\"publisher\":{\"@id\":\"https:\/\/blog.holyart.it\/fr\/#organization\"},\"potentialAction\":[{\"@type\":\"SearchAction\",\"target\":{\"@type\":\"EntryPoint\",\"urlTemplate\":\"https:\/\/blog.holyart.it\/fr\/?s={search_term_string}\"},\"query-input\":{\"@type\":\"PropertyValueSpecification\",\"valueRequired\":true,\"valueName\":\"search_term_string\"}}],\"inLanguage\":\"fr-FR\"},{\"@type\":\"Organization\",\"@id\":\"https:\/\/blog.holyart.it\/fr\/#organization\",\"name\":\"Holyart.fr Blog\",\"url\":\"https:\/\/blog.holyart.it\/fr\/\",\"logo\":{\"@type\":\"ImageObject\",\"inLanguage\":\"fr-FR\",\"@id\":\"https:\/\/blog.holyart.it\/fr\/#\/schema\/logo\/image\/\",\"url\":\"https:\/\/blog.holyart.it\/fr\/wp-content\/uploads\/sites\/14\/2022\/12\/Holyart_Blog_Logo.jpg\",\"contentUrl\":\"https:\/\/blog.holyart.it\/fr\/wp-content\/uploads\/sites\/14\/2022\/12\/Holyart_Blog_Logo.jpg\",\"width\":300,\"height\":50,\"caption\":\"Holyart.fr Blog\"},\"image\":{\"@id\":\"https:\/\/blog.holyart.it\/fr\/#\/schema\/logo\/image\/\"}},{\"@type\":\"Person\",\"@id\":\"https:\/\/blog.holyart.it\/fr\/#\/schema\/person\/0a7b686e5af0f856ec1e390dd0baecda\",\"name\":\"Redazione\",\"image\":{\"@type\":\"ImageObject\",\"inLanguage\":\"fr-FR\",\"@id\":\"https:\/\/blog.holyart.it\/fr\/#\/schema\/person\/image\/\",\"url\":\"https:\/\/secure.gravatar.com\/avatar\/f477da817f43e50d0af36abecd33e3edf826c68299714bdc1057dff3b113f516?s=96&d=mm&r=g\",\"contentUrl\":\"https:\/\/secure.gravatar.com\/avatar\/f477da817f43e50d0af36abecd33e3edf826c68299714bdc1057dff3b113f516?s=96&d=mm&r=g\",\"caption\":\"Redazione\"},\"url\":\"https:\/\/blog.holyart.it\/fr\/author\/admin\/\"}]}<\/script>\n<!-- \/ Yoast SEO plugin. -->","yoast_head_json":{"title":"Arbres et plantes dans la tradition chr\u00e9tienne - Holyart.fr Blog","description":"Dans l\u2019Antiquit\u00e9, la relation entre l\u2019homme et la nature \u00e9tait beaucoup plus \u00e9troite qu\u2019elle ne l\u2019est aujourd\u2019hui.","robots":{"index":"index","follow":"follow","max-snippet":"max-snippet:-1","max-image-preview":"max-image-preview:large","max-video-preview":"max-video-preview:-1"},"canonical":"https:\/\/blog.holyart.it\/fr\/noel\/arbres-plantes-tradition-chretienne\/","og_locale":"fr_FR","og_type":"article","og_title":"Arbres et plantes dans la tradition chr\u00e9tienne - Holyart.fr Blog","og_description":"Dans l\u2019Antiquit\u00e9, la relation entre l\u2019homme et la nature \u00e9tait beaucoup plus \u00e9troite qu\u2019elle ne l\u2019est aujourd\u2019hui.","og_url":"https:\/\/blog.holyart.it\/fr\/noel\/arbres-plantes-tradition-chretienne\/","og_site_name":"Holyart.fr Blog","article_published_time":"2018-08-16T14:52:11+00:00","article_modified_time":"2018-08-31T08:51:00+00:00","og_image":[{"width":1000,"height":666,"url":"https:\/\/blog.holyart.it\/fr\/wp-content\/uploads\/sites\/14\/2018\/08\/Arbres-et-plantes-dans-la-tradition-chr\u00e9tienne.jpg","type":"image\/jpeg"}],"author":"Redazione","twitter_card":"summary_large_image","twitter_misc":{"\u00c9crit par":"Redazione","Dur\u00e9e de lecture estim\u00e9e":"13 minutes"},"schema":{"@context":"https:\/\/schema.org","@graph":[{"@type":"Article","@id":"https:\/\/blog.holyart.it\/fr\/noel\/arbres-plantes-tradition-chretienne\/#article","isPartOf":{"@id":"https:\/\/blog.holyart.it\/fr\/noel\/arbres-plantes-tradition-chretienne\/"},"author":{"name":"Redazione","@id":"https:\/\/blog.holyart.it\/fr\/#\/schema\/person\/0a7b686e5af0f856ec1e390dd0baecda"},"headline":"Arbres et plantes dans la tradition chr\u00e9tienne","datePublished":"2018-08-16T14:52:11+00:00","dateModified":"2018-08-31T08:51:00+00:00","mainEntityOfPage":{"@id":"https:\/\/blog.holyart.it\/fr\/noel\/arbres-plantes-tradition-chretienne\/"},"wordCount":2673,"publisher":{"@id":"https:\/\/blog.holyart.it\/fr\/#organization"},"image":{"@id":"https:\/\/blog.holyart.it\/fr\/noel\/arbres-plantes-tradition-chretienne\/#primaryimage"},"thumbnailUrl":"https:\/\/blog.holyart.it\/fr\/wp-content\/uploads\/sites\/14\/2018\/08\/Arbres-et-plantes-dans-la-tradition-chr\u00e9tienne.jpg","articleSection":["No\u00ebl","Religion"],"inLanguage":"fr-FR"},{"@type":"WebPage","@id":"https:\/\/blog.holyart.it\/fr\/noel\/arbres-plantes-tradition-chretienne\/","url":"https:\/\/blog.holyart.it\/fr\/noel\/arbres-plantes-tradition-chretienne\/","name":"Arbres et plantes dans la tradition chr\u00e9tienne - Holyart.fr Blog","isPartOf":{"@id":"https:\/\/blog.holyart.it\/fr\/#website"},"primaryImageOfPage":{"@id":"https:\/\/blog.holyart.it\/fr\/noel\/arbres-plantes-tradition-chretienne\/#primaryimage"},"image":{"@id":"https:\/\/blog.holyart.it\/fr\/noel\/arbres-plantes-tradition-chretienne\/#primaryimage"},"thumbnailUrl":"https:\/\/blog.holyart.it\/fr\/wp-content\/uploads\/sites\/14\/2018\/08\/Arbres-et-plantes-dans-la-tradition-chr\u00e9tienne.jpg","datePublished":"2018-08-16T14:52:11+00:00","dateModified":"2018-08-31T08:51:00+00:00","description":"Dans l\u2019Antiquit\u00e9, la relation entre l\u2019homme et la nature \u00e9tait beaucoup plus \u00e9troite qu\u2019elle ne l\u2019est aujourd\u2019hui.","breadcrumb":{"@id":"https:\/\/blog.holyart.it\/fr\/noel\/arbres-plantes-tradition-chretienne\/#breadcrumb"},"inLanguage":"fr-FR","potentialAction":[{"@type":"ReadAction","target":["https:\/\/blog.holyart.it\/fr\/noel\/arbres-plantes-tradition-chretienne\/"]}]},{"@type":"ImageObject","inLanguage":"fr-FR","@id":"https:\/\/blog.holyart.it\/fr\/noel\/arbres-plantes-tradition-chretienne\/#primaryimage","url":"https:\/\/blog.holyart.it\/fr\/wp-content\/uploads\/sites\/14\/2018\/08\/Arbres-et-plantes-dans-la-tradition-chr\u00e9tienne.jpg","contentUrl":"https:\/\/blog.holyart.it\/fr\/wp-content\/uploads\/sites\/14\/2018\/08\/Arbres-et-plantes-dans-la-tradition-chr\u00e9tienne.jpg","width":1000,"height":666,"caption":"Arbres et plantes dans la tradition chr\u00e9tienne"},{"@type":"BreadcrumbList","@id":"https:\/\/blog.holyart.it\/fr\/noel\/arbres-plantes-tradition-chretienne\/#breadcrumb","itemListElement":[{"@type":"ListItem","position":1,"name":"Homepage","item":"https:\/\/blog.holyart.it\/fr\/"},{"@type":"ListItem","position":2,"name":"No\u00ebl","item":"https:\/\/blog.holyart.it\/fr\/noel\/"},{"@type":"ListItem","position":3,"name":"Arbres et plantes dans la tradition chr\u00e9tienne"}]},{"@type":"WebSite","@id":"https:\/\/blog.holyart.it\/fr\/#website","url":"https:\/\/blog.holyart.it\/fr\/","name":"Holyart.fr Blog","description":"Holyblog","publisher":{"@id":"https:\/\/blog.holyart.it\/fr\/#organization"},"potentialAction":[{"@type":"SearchAction","target":{"@type":"EntryPoint","urlTemplate":"https:\/\/blog.holyart.it\/fr\/?s={search_term_string}"},"query-input":{"@type":"PropertyValueSpecification","valueRequired":true,"valueName":"search_term_string"}}],"inLanguage":"fr-FR"},{"@type":"Organization","@id":"https:\/\/blog.holyart.it\/fr\/#organization","name":"Holyart.fr Blog","url":"https:\/\/blog.holyart.it\/fr\/","logo":{"@type":"ImageObject","inLanguage":"fr-FR","@id":"https:\/\/blog.holyart.it\/fr\/#\/schema\/logo\/image\/","url":"https:\/\/blog.holyart.it\/fr\/wp-content\/uploads\/sites\/14\/2022\/12\/Holyart_Blog_Logo.jpg","contentUrl":"https:\/\/blog.holyart.it\/fr\/wp-content\/uploads\/sites\/14\/2022\/12\/Holyart_Blog_Logo.jpg","width":300,"height":50,"caption":"Holyart.fr Blog"},"image":{"@id":"https:\/\/blog.holyart.it\/fr\/#\/schema\/logo\/image\/"}},{"@type":"Person","@id":"https:\/\/blog.holyart.it\/fr\/#\/schema\/person\/0a7b686e5af0f856ec1e390dd0baecda","name":"Redazione","image":{"@type":"ImageObject","inLanguage":"fr-FR","@id":"https:\/\/blog.holyart.it\/fr\/#\/schema\/person\/image\/","url":"https:\/\/secure.gravatar.com\/avatar\/f477da817f43e50d0af36abecd33e3edf826c68299714bdc1057dff3b113f516?s=96&d=mm&r=g","contentUrl":"https:\/\/secure.gravatar.com\/avatar\/f477da817f43e50d0af36abecd33e3edf826c68299714bdc1057dff3b113f516?s=96&d=mm&r=g","caption":"Redazione"},"url":"https:\/\/blog.holyart.it\/fr\/author\/admin\/"}]}},"_links":{"self":[{"href":"https:\/\/blog.holyart.it\/fr\/wp-json\/wp\/v2\/posts\/885","targetHints":{"allow":["GET"]}}],"collection":[{"href":"https:\/\/blog.holyart.it\/fr\/wp-json\/wp\/v2\/posts"}],"about":[{"href":"https:\/\/blog.holyart.it\/fr\/wp-json\/wp\/v2\/types\/post"}],"author":[{"embeddable":true,"href":"https:\/\/blog.holyart.it\/fr\/wp-json\/wp\/v2\/users\/1"}],"replies":[{"embeddable":true,"href":"https:\/\/blog.holyart.it\/fr\/wp-json\/wp\/v2\/comments?post=885"}],"version-history":[{"count":0,"href":"https:\/\/blog.holyart.it\/fr\/wp-json\/wp\/v2\/posts\/885\/revisions"}],"wp:featuredmedia":[{"embeddable":true,"href":"https:\/\/blog.holyart.it\/fr\/wp-json\/wp\/v2\/media\/887"}],"wp:attachment":[{"href":"https:\/\/blog.holyart.it\/fr\/wp-json\/wp\/v2\/media?parent=885"}],"wp:term":[{"taxonomy":"category","embeddable":true,"href":"https:\/\/blog.holyart.it\/fr\/wp-json\/wp\/v2\/categories?post=885"},{"taxonomy":"post_tag","embeddable":true,"href":"https:\/\/blog.holyart.it\/fr\/wp-json\/wp\/v2\/tags?post=885"}],"curies":[{"name":"wp","href":"https:\/\/api.w.org\/{rel}","templated":true}]}}