{"id":8848,"date":"2024-09-30T10:00:50","date_gmt":"2024-09-30T08:00:50","guid":{"rendered":"https:\/\/blog.holyart.it\/fr\/?p=8848"},"modified":"2024-09-27T14:45:41","modified_gmt":"2024-09-27T12:45:41","slug":"pape-francois-et-lenvironnement-voici-ce-quil-a-en-commun-avec-le-saint-dont-il-a-pris-le-nom","status":"publish","type":"post","link":"https:\/\/blog.holyart.it\/fr\/articles-religieux\/pape-francois-et-lenvironnement-voici-ce-quil-a-en-commun-avec-le-saint-dont-il-a-pris-le-nom\/","title":{"rendered":"Pape Fran\u00e7ois et l\u2019environnement : voici ce qu\u2019il a en commun avec le saint dont il a pris le nom"},"content":{"rendered":"<h4>\u00c0 l\u2019occasion de la Journ\u00e9e mondiale de la pri\u00e8re pour la sauvegarde de la cr\u00e9ation et du Temps de la Cr\u00e9ation, \u00e9merge le rapport de Pape Fran\u00e7ois avec l\u2019environnement et son lien avec Saint Fran\u00e7ois d\u2019Assise.<\/h4>\n\n<p><em>\u00a0<\/em>Le <strong>4 octobre<\/strong>, <strong>F\u00eate de <a href=\"https:\/\/www.holyart.fr\/blog\/saints-et-bienheureux\/saint-francois-dassise\/\">Saint Fran\u00e7ois d\u2019Assise<\/a><\/strong>, l\u2019\u00c9glise c\u00e9l\u00e8bre la conclusion de ce qu\u2019on appelle le <strong>Temps de la Cr\u00e9ation<\/strong>, une p\u00e9riode d\u00e9di\u00e9e \u00e0 r\u00e9cup\u00e9rer le rapport entre l\u2019humanit\u00e9 et le monde que Dieu a cr\u00e9\u00e9 pour nous tous. En cette p\u00e9riode, on se d\u00e9die \u00e0 la pri\u00e8re, mais aussi \u00e0 la discussion et \u00e0 des actions pratiques visant \u00e0 prot\u00e9ger et sauvegarder l\u2019environnement, la \u00ab\u00a0maison commune\u00a0\u00bb pour nous et pour les g\u00e9n\u00e9rations futures. Chaque ann\u00e9e, on choisit un th\u00e8me. Pour 2023, c\u2019est \u00ab\u00a0<em>Que la Justice et la Paix jaillissent<\/em>\u00a0\u00bb. Comme il est pr\u00e9visible, dans le contexte de cette initiative, un r\u00f4le fondamental est jou\u00e9 par le pontife, guide et inspiration pour la communaut\u00e9 enti\u00e8re. Le rapport entre <a href=\"https:\/\/www.holyart.fr\/occasions-speciales\/pape-francois\"><strong>Pape Fran\u00e7ois<\/strong><\/a><strong> et l\u2019environnement<\/strong>, l\u2019attention que le Saint P\u00e8re consacre au monde o\u00f9 nous vivons, d\u00e9passe toutefois cette p\u00e9riode sp\u00e9cifique. C\u2019est peut-\u00eatre le nom choisi par Pape Bergoglio, <strong>Fran\u00e7ois<\/strong>, qui l\u2019inspire et le pousse \u00e0 pr\u00eater autant d\u2019<strong>attention au rapport entre homme et nature<\/strong>. En effet, en 1979, Saint Fran\u00e7ois d\u2019Assise a \u00e9t\u00e9 proclam\u00e9 par Jean-Paul II le <strong>saint patron de l\u2019\u00e9cologie<\/strong>.<\/p>\n<div class=\"link-product\">\n<div class=\"blocco-immagine\"><img loading=\"lazy\" decoding=\"async\" class=\"size-full wp-image-8853 alignleft\" src=\"https:\/\/blog.holyart.it\/fr\/wp-content\/uploads\/sites\/14\/2024\/09\/Pape-Francois-categorie.jpg\" alt=\"Pape Fran\u00e7ois categorie\" width=\"100\" height=\"100\" data-kale-share-title=\"Pape Fran\u00e7ois et l\u2019environnement : voici ce qu\u2019il a en commun avec le saint dont il a pris le nom\" data-kale-share-url=\"https:\/\/blog.holyart.it\/fr\/?p=8848\" \/><\/div>\n<div class=\"blocco-contenuto\">\n<div class=\"blocco-acquista\">Acheter sur Holyart:<\/div>\n<div class=\"blocco-titolo\"><a href=\"https:\/\/www.holyart.fr\/occasions-speciales\/pape-francois\">Pape Fran\u00e7ois<\/a><\/div>\n<div class=\"blocco-descrizione\">Cat\u00e9gorie d\u00e9di\u00e9e \u00e0 Pape Jorge Mario Bergoglio.<\/div>\n<\/div>\n<\/div>\n<p>Le Temps de la Cr\u00e9ation s\u2019ouvre le 1<sup>er<\/sup> septembre avec la <strong>Journ\u00e9e mondiale de la pri\u00e8re pour la sauvegarde de la cr\u00e9ation<\/strong>. \u00c0 cette occasion, Pape Fran\u00e7ois a ramen\u00e9 l\u2019attention sur l\u2019<strong>Encyclique<\/strong> <a href=\"https:\/\/www.holyart.fr\/blog\/saints-et-bienheureux\/le-cantique-des-creatures-de-saint-francois\/\"><strong><em>Laudato Si\u2019<\/em><\/strong><\/a>, par lui publi\u00e9e le 24 mai 2015 et d\u00e9di\u00e9e justement \u00e0 la sauvegarde de la maison commune, en annon\u00e7ant son intention de publier une exhortation apostolique \u00e0 l\u2019occasion de la fermeture du Temps de la Cr\u00e9ation de 2023 et de la F\u00eate de Saint Fran\u00e7ois, que de cette encyclique reproposera les th\u00e8mes, rendus encore plus urgents par l\u2019<strong>usage irresponsable et l\u2019abus des biens <\/strong>que Dieu a cr\u00e9\u00e9 par des hommes et des gouvernements sans scrupules.<\/p>\n<div class=\"link-article\">\n<p><img loading=\"lazy\" decoding=\"async\" class=\"size-full wp-image-8852 alignleft\" src=\"https:\/\/blog.holyart.it\/fr\/wp-content\/uploads\/sites\/14\/2024\/09\/Le-cantique-des-creatures-de-Saint-Francois.jpg\" alt=\"Le cantique des cr\u00e9atures de Saint Fran\u00e7ois\" width=\"150\" height=\"99\" data-kale-share-title=\"Pape Fran\u00e7ois et l\u2019environnement : voici ce qu\u2019il a en commun avec le saint dont il a pris le nom\" data-kale-share-url=\"https:\/\/blog.holyart.it\/fr\/?p=8848\" \/><\/p>\n<div class=\"leggi-anche\">Lire aussi :<\/div>\n<p><strong><a href=\"https:\/\/www.holyart.fr\/blog\/saints-et-bienheureux\/le-cantique-des-creatures-de-saint-francois\/\">Le cantique des cr\u00e9atures de Saint Fran\u00e7ois<\/a><\/strong><br \/>\nSaint Fran\u00e7ois d\u2019Assise est un des saints les plus aim\u00e9s et les plus v\u00e9n\u00e9r\u00e9s de l\u2019\u00c9glise catholique&#8230;<\/p>\n<\/div>\n<p>Le Pape parle d\u2019<strong>injustices environnementales et climatiques<\/strong>, d\u2019une <strong>guerre insens\u00e9e en cours contre notre maison commune<\/strong>, une guerre mondiale et terrible qui doit \u00eatre arr\u00eat\u00e9e avec l\u2019engagement de tous. Des mots du Pape \u00e9merge comme la nature, le monde qui nous entoure, n\u2019es pas quelque chose \u00e0 exploiter impitoyablement et sans discernement, mais une <strong>r\u00e9alit\u00e9 sacr\u00e9e \u00e0 sauvegarder<\/strong>, en tant que don du Cr\u00e9ateur. De la m\u00eame mani\u00e8re, le Pape, dont l\u2019engagement vis-\u00e0-vis de l\u2019\u00e9cologie va de pair avec la <strong>lutte contre les injustices et les in\u00e9galit\u00e9s sociales<\/strong>, attire l\u2019attention sur la fragilit\u00e9 de ces populations dont l\u2019existence m\u00eame est \u00e9cras\u00e9e et menac\u00e9es par des pouvoirs forts et sans scrupules, comme les nombreux, trop nombreux <strong>migrants<\/strong> oblig\u00e9s de quitter leur terre ravag\u00e9e par les changements climatiques, mais aussi par guerres et mis\u00e8re aliment\u00e9es par des int\u00e9r\u00eats \u00e9conomiques inconsid\u00e9r\u00e9s.<\/p>\n<p>Une <strong>invocation \u00e0 la justice<\/strong>, donc, que celle adress\u00e9e par Pape Fran\u00e7ois au monde, et \u00e0 l\u2019\u00e9coute aux <strong>jeunes, protagonistes du monde de demain<\/strong>, plus que jamais impliqu\u00e9s dans ces changements qui pourraient mettre en danger leur survie et leur future, comme celui de toutes les cr\u00e9atures. Enfin, le Pape invoque le <strong>Saint-Esprit en tant que guide pour l\u2019humanit\u00e9<\/strong> dans l\u2019engagement \u00e0 prot\u00e9ger et \u00ab\u00a0<em>renouveler la face de la terre<\/em>\u00a0\u00bb.<\/p>\n<h2>Saint Fran\u00e7ois et le Pape<\/h2>\n<p>Ainsi \u00e9crivait Pape Fran\u00e7ois d\u00e9j\u00e0 en 2015 dans son Encyclique\u00a0<em>Laudato Si\u2019<\/em>, en parlant de Saint Fran\u00e7ois d\u2019Assise\u00a0:<\/p>\n<p><em>J\u2019ai pris son nom comme guide et inspiration au moment de mon \u00e9lection en tant qu\u2019\u00c9v\u00eaque de Rome. Je crois que Fran\u00e7ois est l\u2019exemple par excellence de la protection de ce qui est faible et d\u2019une \u00e9cologie int\u00e9grale, v\u00e9cue avec joie et authenticit\u00e9. C\u2019est le saint patron de tous ceux qui \u00e9tudient et travaillent autour de l\u2019\u00e9cologie, aim\u00e9 aussi par beaucoup de personnes qui ne sont pas chr\u00e9tiennes. Il a manifest\u00e9 une attention particuli\u00e8re envers la <strong>cr\u00e9ation de Dieu<\/strong> ainsi qu\u2019envers <strong>les pauvres et les abandonn\u00e9es<\/strong>. Il aimait et \u00e9tait aim\u00e9 pour sa joie, pour son g\u00e9n\u00e9reux engagement et pour son <strong>c\u0153ur universel<\/strong>. C\u2019\u00e9tait un mystique et un p\u00e8lerin qui vivait avec simplicit\u00e9 et dans une <strong>merveilleuse harmonie avec Dieu, avec les autres, avec la nature et avec lui-m\u00eame<\/strong>. En lui, on voit jusqu\u2019\u00e0 quel point sont <strong>ins\u00e9parables la pr\u00e9occupation pour la nature, la justice envers les pauvres, l\u2019engagement pour la soci\u00e9t\u00e9 et la paix int\u00e9rieure<\/strong>.<\/em><\/p>\n<p>De ces mots \u00e9merge de mani\u00e8re claire la <strong>communion d\u2019intentions entre Pape Fran\u00e7ois et <\/strong><a href=\"https:\/\/www.holyart.fr\/articles-religieux\/statues\/statues-en-resine-et-pvc\/saint-francois-20-cm-resine-et-tissu\"><strong>Saint Fran\u00e7ois<\/strong><\/a>, et comme dans la vision du pontificat la pr\u00e9occupation pour le climat et l\u2019environnement va de pair avec celle pour les plus fragiles, les victimes des bouleversements climatiques, mais aussi des profondes injustices sociales et politiques qui dominent le monde o\u00f9 nous vivons.<\/p>\n<div class=\"link-product\">\n<div class=\"blocco-immagine\"><img loading=\"lazy\" decoding=\"async\" class=\"size-full wp-image-8855 alignleft\" src=\"https:\/\/blog.holyart.it\/fr\/wp-content\/uploads\/sites\/14\/2024\/09\/Saint-Francois-20-cm-resine-et-tissu.jpg\" alt=\"Saint Fran\u00e7ois 20 cm r\u00e9sine et tissu\" width=\"100\" height=\"100\" data-kale-share-title=\"Pape Fran\u00e7ois et l\u2019environnement : voici ce qu\u2019il a en commun avec le saint dont il a pris le nom\" data-kale-share-url=\"https:\/\/blog.holyart.it\/fr\/?p=8848\" \/><\/div>\n<div class=\"blocco-contenuto\">\n<div class=\"blocco-acquista\">Acheter sur Holyart:<\/div>\n<div class=\"blocco-titolo\"><a href=\"https:\/\/www.holyart.fr\/articles-religieux\/statues\/statues-en-resine-et-pvc\/saint-francois-20-cm-resine-et-tissu\">Saint Fran\u00e7ois 20 cm r\u00e9sine et tissu<\/a><\/div>\n<div class=\"blocco-descrizione\">Statuette de Saint Fran\u00e7ois en r\u00e9sine avec v\u00eatements en tissu, enti\u00e8rement peinte \u00e0 la main et soign\u00e9e dans le moindre d\u00e9tail.<\/div>\n<\/div>\n<\/div>\n<p>Toujours dans l\u2019encyclique de Pape Fran\u00e7ois, nous lisons, concernant son Saint homonyme\u00a0:<\/p>\n<p><em>Son t\u00e9moignage nous montre aussi qu\u2019une <strong>\u00e9cologie int\u00e9grale<\/strong> requiert une ouverture \u00e0 des cat\u00e9gories qui transcendent le langage des math\u00e9matiques ou de la biologie, et nous orientent vers l\u2019essence de l\u2019humain. Tout comme cela arrive quand nous tombons amoureux d\u2019une personne, chaque fois qu\u2019il regardait le soleil, la lune ou les animaux m\u00eame les plus petits, sa r\u00e9action \u00e9tait de chanter, <strong>en incorporant dans sa louange les autres cr\u00e9atures<\/strong>. Il entrait <strong>en communion avec toute la cr\u00e9ation<\/strong>, et il pr\u00eachait m\u00eame aux fleurs \u00ab\u00a0en les invitant \u00e0 louer le Seigneur, comme si elles \u00e9taient dot\u00e9es de raison \u00bb.[19] Sa r\u00e9action \u00e9tait bien plus qu\u2019une valorisation intellectuelle ou qu\u2019un calcul \u00e9conomique, parce que pour lui, n\u2019importe quelle cr\u00e9ature \u00e9tait une s\u0153ur, unie \u00e0 lui par des liens d\u2019affection. Voil\u00e0 pourquoi <strong>il se sentait appel\u00e9 \u00e0 prot\u00e9ger tout ce qui existe<\/strong>.<\/em><\/p>\n<h2>L\u2019encyclique du Pape sur l\u2019environnement\u00a0: <em>Laudato Si\u2019<\/em><\/h2>\n<p>En continuant \u00e0 parler de l\u2019Encyclique\u00a0<em>Laudato S\u00ec,\u00a0<\/em>nous y retrouvons une phrase qui exprime parfaitement le message de Pape Fran\u00e7ois, incarn\u00e9 par Saint Fran\u00e7ois il y a des si\u00e8cles\u00a0:<\/p>\n<p><strong><em>Si nous nous approchons de la nature et de l\u2019environnement sans cette <\/em><\/strong>[de Saint Fran\u00e7ois]<strong><em> ouverture \u00e0 l\u2019\u00e9tonnement et \u00e0 l\u2019\u00e9merveillement, si nous ne parlons plus le langage de la fraternit\u00e9 et de la beaut\u00e9 dans notre relation avec le monde, nos attitudes seront celles du dominateur, du consommateur ou du pur exploiteur de ressources, incapable de fixer des limites \u00e0 ses int\u00e9r\u00eats imm\u00e9diats. En revanche, si nous nous sentons intimement unis \u00e0 tout ce qui existe, la sobri\u00e9t\u00e9 et le souci de protection jailliront spontan\u00e9ment.\u00a0<\/em><\/strong><\/p>\n<h2>La Journ\u00e9e mondiale de la pri\u00e8re pour la sauvegarde de la Cr\u00e9ation<\/h2>\n<p>Depuis 2003, chaque ann\u00e9e, la communaut\u00e9 chr\u00e9tienne mondiale c\u00e9l\u00e8bre le Temps de la Cr\u00e9ation, une p\u00e9riode sp\u00e9ciale pendant laquelle l\u2019humanit\u00e9, guid\u00e9e par l\u2019\u00c9glise, a l\u2019opportunit\u00e9 de renouveler son lien avec Dieu Cr\u00e9ateur et avec le monde dans lequel nous vivons. Le Temps de la Cr\u00e9ation d\u00e9bute le 1<sup>er<\/sup> septembre, quand on c\u00e9l\u00e8bre la <strong>Journ\u00e9e Mondiale de Pri\u00e8re pour la Sauvegarde de la Cr\u00e9ation<\/strong>, et se referme le 4 octobre, f\u00eate de Saint Fran\u00e7ois d\u2019Assise, saint patron de l\u2019\u00e9cologie.<\/p>\n<p>Dans son message \u00e0 l\u2019occasion de la <strong>Journ\u00e9e Mondiale de Pri\u00e8re pour la Sauvegarde de la Cr\u00e9ation 2023<\/strong>, Pape Fran\u00e7ois a invit\u00e9 tout le monde \u00e0 accomplir une <strong>profonde transformation dans son c\u0153ur, dans son style de vie<\/strong> et dans les politiques publiques, dans l\u2019optique d\u2019une <strong>conversion \u00e9cologique<\/strong> non plus simplement souhaitable, mais n\u00e9cessaire, indispensable, pour la survie de la plan\u00e8te et de l\u2019humanit\u00e9. En particulier, le Pontife met en \u00e9vidence la n\u00e9cessit\u00e9 de <strong>revoir et de reformer les politiques publiques <\/strong>qui influencent la vie des gens, en particulier des jeunes d\u2019aujourd\u2019hui et de demain.<\/p>\n","protected":false},"excerpt":{"rendered":"<p>\u00c0 l\u2019occasion de la Journ\u00e9e mondiale de la pri\u00e8re pour la sauvegarde de la cr\u00e9ation et du Temps de la Cr\u00e9ation, \u00e9merge le rapport de Pape Fran\u00e7ois avec l\u2019environnement et son lien avec Saint Fran\u00e7ois d\u2019Assise. \u00a0Le 4 octobre, F\u00eate de Saint Fran\u00e7ois d\u2019Assise, l\u2019\u00c9glise&hellip;<\/p>\n","protected":false},"author":1,"featured_media":8850,"comment_status":"closed","ping_status":"open","sticky":false,"template":"","format":"standard","meta":{"_acf_changed":false,"footnotes":""},"categories":[8],"tags":[],"class_list":["post-8848","post","type-post","status-publish","format-standard","has-post-thumbnail","hentry","category-articles-religieux"],"acf":[],"yoast_head":"<!-- This site is optimized with the Yoast SEO plugin v26.6 - https:\/\/yoast.com\/wordpress\/plugins\/seo\/ -->\n<title>Pape Fran\u00e7ois et l\u2019environnement : voici ce qu\u2019il a en commun avec le saint dont il a pris le nom - Holyart.fr Blog<\/title>\n<meta name=\"description\" content=\"Pape Fran\u00e7ois et l\u2019environnement : \u00e0 l\u2019occasion de la Journ\u00e9e internationale pour la sauvegarde de la Cr\u00e9ation, le Saint-P\u00e8re a repropos\u00e9 les th\u00e9matiques de Laudato Si\u2019.\" \/>\n<meta name=\"robots\" content=\"index, follow, max-snippet:-1, max-image-preview:large, max-video-preview:-1\" \/>\n<link rel=\"canonical\" href=\"https:\/\/blog.holyart.it\/fr\/articles-religieux\/pape-francois-et-lenvironnement-voici-ce-quil-a-en-commun-avec-le-saint-dont-il-a-pris-le-nom\/\" \/>\n<meta property=\"og:locale\" content=\"fr_FR\" \/>\n<meta property=\"og:type\" content=\"article\" \/>\n<meta property=\"og:title\" content=\"Pape Fran\u00e7ois et l\u2019environnement : voici ce qu\u2019il a en commun avec le saint dont il a pris le nom - Holyart.fr Blog\" \/>\n<meta property=\"og:description\" content=\"Pape Fran\u00e7ois et l\u2019environnement : \u00e0 l\u2019occasion de la Journ\u00e9e internationale pour la sauvegarde de la Cr\u00e9ation, le Saint-P\u00e8re a repropos\u00e9 les th\u00e9matiques de Laudato Si\u2019.\" \/>\n<meta property=\"og:url\" content=\"https:\/\/blog.holyart.it\/fr\/articles-religieux\/pape-francois-et-lenvironnement-voici-ce-quil-a-en-commun-avec-le-saint-dont-il-a-pris-le-nom\/\" \/>\n<meta property=\"og:site_name\" content=\"Holyart.fr Blog\" \/>\n<meta property=\"article:published_time\" content=\"2024-09-30T08:00:50+00:00\" \/>\n<meta property=\"og:image\" content=\"https:\/\/blog.holyart.it\/fr\/wp-content\/uploads\/sites\/14\/2024\/09\/Pape-Francois-et-lenvironnement.jpg\" \/>\n\t<meta property=\"og:image:width\" content=\"1000\" \/>\n\t<meta property=\"og:image:height\" content=\"666\" \/>\n\t<meta property=\"og:image:type\" content=\"image\/jpeg\" \/>\n<meta name=\"author\" content=\"Redazione\" \/>\n<meta name=\"twitter:card\" content=\"summary_large_image\" \/>\n<meta name=\"twitter:label1\" content=\"\u00c9crit par\" \/>\n\t<meta name=\"twitter:data1\" content=\"Redazione\" \/>\n\t<meta name=\"twitter:label2\" content=\"Dur\u00e9e de lecture estim\u00e9e\" \/>\n\t<meta name=\"twitter:data2\" content=\"8 minutes\" \/>\n<script type=\"application\/ld+json\" class=\"yoast-schema-graph\">{\"@context\":\"https:\/\/schema.org\",\"@graph\":[{\"@type\":\"Article\",\"@id\":\"https:\/\/blog.holyart.it\/fr\/articles-religieux\/pape-francois-et-lenvironnement-voici-ce-quil-a-en-commun-avec-le-saint-dont-il-a-pris-le-nom\/#article\",\"isPartOf\":{\"@id\":\"https:\/\/blog.holyart.it\/fr\/articles-religieux\/pape-francois-et-lenvironnement-voici-ce-quil-a-en-commun-avec-le-saint-dont-il-a-pris-le-nom\/\"},\"author\":{\"name\":\"Redazione\",\"@id\":\"https:\/\/blog.holyart.it\/fr\/#\/schema\/person\/0a7b686e5af0f856ec1e390dd0baecda\"},\"headline\":\"Pape Fran\u00e7ois et l\u2019environnement : voici ce qu\u2019il a en commun avec le saint dont il a pris le nom\",\"datePublished\":\"2024-09-30T08:00:50+00:00\",\"mainEntityOfPage\":{\"@id\":\"https:\/\/blog.holyart.it\/fr\/articles-religieux\/pape-francois-et-lenvironnement-voici-ce-quil-a-en-commun-avec-le-saint-dont-il-a-pris-le-nom\/\"},\"wordCount\":1531,\"publisher\":{\"@id\":\"https:\/\/blog.holyart.it\/fr\/#organization\"},\"image\":{\"@id\":\"https:\/\/blog.holyart.it\/fr\/articles-religieux\/pape-francois-et-lenvironnement-voici-ce-quil-a-en-commun-avec-le-saint-dont-il-a-pris-le-nom\/#primaryimage\"},\"thumbnailUrl\":\"https:\/\/blog.holyart.it\/fr\/wp-content\/uploads\/sites\/14\/2024\/09\/Pape-Francois-et-lenvironnement.jpg\",\"articleSection\":[\"Religion\"],\"inLanguage\":\"fr-FR\"},{\"@type\":\"WebPage\",\"@id\":\"https:\/\/blog.holyart.it\/fr\/articles-religieux\/pape-francois-et-lenvironnement-voici-ce-quil-a-en-commun-avec-le-saint-dont-il-a-pris-le-nom\/\",\"url\":\"https:\/\/blog.holyart.it\/fr\/articles-religieux\/pape-francois-et-lenvironnement-voici-ce-quil-a-en-commun-avec-le-saint-dont-il-a-pris-le-nom\/\",\"name\":\"Pape Fran\u00e7ois et l\u2019environnement : voici ce qu\u2019il a en commun avec le saint dont il a pris le nom - Holyart.fr Blog\",\"isPartOf\":{\"@id\":\"https:\/\/blog.holyart.it\/fr\/#website\"},\"primaryImageOfPage\":{\"@id\":\"https:\/\/blog.holyart.it\/fr\/articles-religieux\/pape-francois-et-lenvironnement-voici-ce-quil-a-en-commun-avec-le-saint-dont-il-a-pris-le-nom\/#primaryimage\"},\"image\":{\"@id\":\"https:\/\/blog.holyart.it\/fr\/articles-religieux\/pape-francois-et-lenvironnement-voici-ce-quil-a-en-commun-avec-le-saint-dont-il-a-pris-le-nom\/#primaryimage\"},\"thumbnailUrl\":\"https:\/\/blog.holyart.it\/fr\/wp-content\/uploads\/sites\/14\/2024\/09\/Pape-Francois-et-lenvironnement.jpg\",\"datePublished\":\"2024-09-30T08:00:50+00:00\",\"description\":\"Pape Fran\u00e7ois et l\u2019environnement : \u00e0 l\u2019occasion de la Journ\u00e9e internationale pour la sauvegarde de la Cr\u00e9ation, le Saint-P\u00e8re a repropos\u00e9 les th\u00e9matiques de Laudato Si\u2019.\",\"breadcrumb\":{\"@id\":\"https:\/\/blog.holyart.it\/fr\/articles-religieux\/pape-francois-et-lenvironnement-voici-ce-quil-a-en-commun-avec-le-saint-dont-il-a-pris-le-nom\/#breadcrumb\"},\"inLanguage\":\"fr-FR\",\"potentialAction\":[{\"@type\":\"ReadAction\",\"target\":[\"https:\/\/blog.holyart.it\/fr\/articles-religieux\/pape-francois-et-lenvironnement-voici-ce-quil-a-en-commun-avec-le-saint-dont-il-a-pris-le-nom\/\"]}]},{\"@type\":\"ImageObject\",\"inLanguage\":\"fr-FR\",\"@id\":\"https:\/\/blog.holyart.it\/fr\/articles-religieux\/pape-francois-et-lenvironnement-voici-ce-quil-a-en-commun-avec-le-saint-dont-il-a-pris-le-nom\/#primaryimage\",\"url\":\"https:\/\/blog.holyart.it\/fr\/wp-content\/uploads\/sites\/14\/2024\/09\/Pape-Francois-et-lenvironnement.jpg\",\"contentUrl\":\"https:\/\/blog.holyart.it\/fr\/wp-content\/uploads\/sites\/14\/2024\/09\/Pape-Francois-et-lenvironnement.jpg\",\"width\":1000,\"height\":666,\"caption\":\"Pape Fran\u00e7ois et l\u2019environnement\"},{\"@type\":\"BreadcrumbList\",\"@id\":\"https:\/\/blog.holyart.it\/fr\/articles-religieux\/pape-francois-et-lenvironnement-voici-ce-quil-a-en-commun-avec-le-saint-dont-il-a-pris-le-nom\/#breadcrumb\",\"itemListElement\":[{\"@type\":\"ListItem\",\"position\":1,\"name\":\"Homepage\",\"item\":\"https:\/\/blog.holyart.it\/fr\/\"},{\"@type\":\"ListItem\",\"position\":2,\"name\":\"Religion\",\"item\":\"https:\/\/blog.holyart.it\/fr\/articles-religieux\/\"},{\"@type\":\"ListItem\",\"position\":3,\"name\":\"Pape Fran\u00e7ois et l\u2019environnement : voici ce qu\u2019il a en commun avec le saint dont il a pris le nom\"}]},{\"@type\":\"WebSite\",\"@id\":\"https:\/\/blog.holyart.it\/fr\/#website\",\"url\":\"https:\/\/blog.holyart.it\/fr\/\",\"name\":\"Holyart.fr Blog\",\"description\":\"Holyblog\",\"publisher\":{\"@id\":\"https:\/\/blog.holyart.it\/fr\/#organization\"},\"potentialAction\":[{\"@type\":\"SearchAction\",\"target\":{\"@type\":\"EntryPoint\",\"urlTemplate\":\"https:\/\/blog.holyart.it\/fr\/?s={search_term_string}\"},\"query-input\":{\"@type\":\"PropertyValueSpecification\",\"valueRequired\":true,\"valueName\":\"search_term_string\"}}],\"inLanguage\":\"fr-FR\"},{\"@type\":\"Organization\",\"@id\":\"https:\/\/blog.holyart.it\/fr\/#organization\",\"name\":\"Holyart.fr Blog\",\"url\":\"https:\/\/blog.holyart.it\/fr\/\",\"logo\":{\"@type\":\"ImageObject\",\"inLanguage\":\"fr-FR\",\"@id\":\"https:\/\/blog.holyart.it\/fr\/#\/schema\/logo\/image\/\",\"url\":\"https:\/\/blog.holyart.it\/fr\/wp-content\/uploads\/sites\/14\/2022\/12\/Holyart_Blog_Logo.jpg\",\"contentUrl\":\"https:\/\/blog.holyart.it\/fr\/wp-content\/uploads\/sites\/14\/2022\/12\/Holyart_Blog_Logo.jpg\",\"width\":300,\"height\":50,\"caption\":\"Holyart.fr Blog\"},\"image\":{\"@id\":\"https:\/\/blog.holyart.it\/fr\/#\/schema\/logo\/image\/\"}},{\"@type\":\"Person\",\"@id\":\"https:\/\/blog.holyart.it\/fr\/#\/schema\/person\/0a7b686e5af0f856ec1e390dd0baecda\",\"name\":\"Redazione\",\"image\":{\"@type\":\"ImageObject\",\"inLanguage\":\"fr-FR\",\"@id\":\"https:\/\/blog.holyart.it\/fr\/#\/schema\/person\/image\/\",\"url\":\"https:\/\/secure.gravatar.com\/avatar\/f477da817f43e50d0af36abecd33e3edf826c68299714bdc1057dff3b113f516?s=96&d=mm&r=g\",\"contentUrl\":\"https:\/\/secure.gravatar.com\/avatar\/f477da817f43e50d0af36abecd33e3edf826c68299714bdc1057dff3b113f516?s=96&d=mm&r=g\",\"caption\":\"Redazione\"},\"url\":\"https:\/\/blog.holyart.it\/fr\/author\/admin\/\"}]}<\/script>\n<!-- \/ Yoast SEO plugin. -->","yoast_head_json":{"title":"Pape Fran\u00e7ois et l\u2019environnement : voici ce qu\u2019il a en commun avec le saint dont il a pris le nom - Holyart.fr Blog","description":"Pape Fran\u00e7ois et l\u2019environnement : \u00e0 l\u2019occasion de la Journ\u00e9e internationale pour la sauvegarde de la Cr\u00e9ation, le Saint-P\u00e8re a repropos\u00e9 les th\u00e9matiques de Laudato Si\u2019.","robots":{"index":"index","follow":"follow","max-snippet":"max-snippet:-1","max-image-preview":"max-image-preview:large","max-video-preview":"max-video-preview:-1"},"canonical":"https:\/\/blog.holyart.it\/fr\/articles-religieux\/pape-francois-et-lenvironnement-voici-ce-quil-a-en-commun-avec-le-saint-dont-il-a-pris-le-nom\/","og_locale":"fr_FR","og_type":"article","og_title":"Pape Fran\u00e7ois et l\u2019environnement : voici ce qu\u2019il a en commun avec le saint dont il a pris le nom - Holyart.fr Blog","og_description":"Pape Fran\u00e7ois et l\u2019environnement : \u00e0 l\u2019occasion de la Journ\u00e9e internationale pour la sauvegarde de la Cr\u00e9ation, le Saint-P\u00e8re a repropos\u00e9 les th\u00e9matiques de Laudato Si\u2019.","og_url":"https:\/\/blog.holyart.it\/fr\/articles-religieux\/pape-francois-et-lenvironnement-voici-ce-quil-a-en-commun-avec-le-saint-dont-il-a-pris-le-nom\/","og_site_name":"Holyart.fr Blog","article_published_time":"2024-09-30T08:00:50+00:00","og_image":[{"width":1000,"height":666,"url":"https:\/\/blog.holyart.it\/fr\/wp-content\/uploads\/sites\/14\/2024\/09\/Pape-Francois-et-lenvironnement.jpg","type":"image\/jpeg"}],"author":"Redazione","twitter_card":"summary_large_image","twitter_misc":{"\u00c9crit par":"Redazione","Dur\u00e9e de lecture estim\u00e9e":"8 minutes"},"schema":{"@context":"https:\/\/schema.org","@graph":[{"@type":"Article","@id":"https:\/\/blog.holyart.it\/fr\/articles-religieux\/pape-francois-et-lenvironnement-voici-ce-quil-a-en-commun-avec-le-saint-dont-il-a-pris-le-nom\/#article","isPartOf":{"@id":"https:\/\/blog.holyart.it\/fr\/articles-religieux\/pape-francois-et-lenvironnement-voici-ce-quil-a-en-commun-avec-le-saint-dont-il-a-pris-le-nom\/"},"author":{"name":"Redazione","@id":"https:\/\/blog.holyart.it\/fr\/#\/schema\/person\/0a7b686e5af0f856ec1e390dd0baecda"},"headline":"Pape Fran\u00e7ois et l\u2019environnement : voici ce qu\u2019il a en commun avec le saint dont il a pris le nom","datePublished":"2024-09-30T08:00:50+00:00","mainEntityOfPage":{"@id":"https:\/\/blog.holyart.it\/fr\/articles-religieux\/pape-francois-et-lenvironnement-voici-ce-quil-a-en-commun-avec-le-saint-dont-il-a-pris-le-nom\/"},"wordCount":1531,"publisher":{"@id":"https:\/\/blog.holyart.it\/fr\/#organization"},"image":{"@id":"https:\/\/blog.holyart.it\/fr\/articles-religieux\/pape-francois-et-lenvironnement-voici-ce-quil-a-en-commun-avec-le-saint-dont-il-a-pris-le-nom\/#primaryimage"},"thumbnailUrl":"https:\/\/blog.holyart.it\/fr\/wp-content\/uploads\/sites\/14\/2024\/09\/Pape-Francois-et-lenvironnement.jpg","articleSection":["Religion"],"inLanguage":"fr-FR"},{"@type":"WebPage","@id":"https:\/\/blog.holyart.it\/fr\/articles-religieux\/pape-francois-et-lenvironnement-voici-ce-quil-a-en-commun-avec-le-saint-dont-il-a-pris-le-nom\/","url":"https:\/\/blog.holyart.it\/fr\/articles-religieux\/pape-francois-et-lenvironnement-voici-ce-quil-a-en-commun-avec-le-saint-dont-il-a-pris-le-nom\/","name":"Pape Fran\u00e7ois et l\u2019environnement : voici ce qu\u2019il a en commun avec le saint dont il a pris le nom - Holyart.fr Blog","isPartOf":{"@id":"https:\/\/blog.holyart.it\/fr\/#website"},"primaryImageOfPage":{"@id":"https:\/\/blog.holyart.it\/fr\/articles-religieux\/pape-francois-et-lenvironnement-voici-ce-quil-a-en-commun-avec-le-saint-dont-il-a-pris-le-nom\/#primaryimage"},"image":{"@id":"https:\/\/blog.holyart.it\/fr\/articles-religieux\/pape-francois-et-lenvironnement-voici-ce-quil-a-en-commun-avec-le-saint-dont-il-a-pris-le-nom\/#primaryimage"},"thumbnailUrl":"https:\/\/blog.holyart.it\/fr\/wp-content\/uploads\/sites\/14\/2024\/09\/Pape-Francois-et-lenvironnement.jpg","datePublished":"2024-09-30T08:00:50+00:00","description":"Pape Fran\u00e7ois et l\u2019environnement : \u00e0 l\u2019occasion de la Journ\u00e9e internationale pour la sauvegarde de la Cr\u00e9ation, le Saint-P\u00e8re a repropos\u00e9 les th\u00e9matiques de Laudato Si\u2019.","breadcrumb":{"@id":"https:\/\/blog.holyart.it\/fr\/articles-religieux\/pape-francois-et-lenvironnement-voici-ce-quil-a-en-commun-avec-le-saint-dont-il-a-pris-le-nom\/#breadcrumb"},"inLanguage":"fr-FR","potentialAction":[{"@type":"ReadAction","target":["https:\/\/blog.holyart.it\/fr\/articles-religieux\/pape-francois-et-lenvironnement-voici-ce-quil-a-en-commun-avec-le-saint-dont-il-a-pris-le-nom\/"]}]},{"@type":"ImageObject","inLanguage":"fr-FR","@id":"https:\/\/blog.holyart.it\/fr\/articles-religieux\/pape-francois-et-lenvironnement-voici-ce-quil-a-en-commun-avec-le-saint-dont-il-a-pris-le-nom\/#primaryimage","url":"https:\/\/blog.holyart.it\/fr\/wp-content\/uploads\/sites\/14\/2024\/09\/Pape-Francois-et-lenvironnement.jpg","contentUrl":"https:\/\/blog.holyart.it\/fr\/wp-content\/uploads\/sites\/14\/2024\/09\/Pape-Francois-et-lenvironnement.jpg","width":1000,"height":666,"caption":"Pape Fran\u00e7ois et l\u2019environnement"},{"@type":"BreadcrumbList","@id":"https:\/\/blog.holyart.it\/fr\/articles-religieux\/pape-francois-et-lenvironnement-voici-ce-quil-a-en-commun-avec-le-saint-dont-il-a-pris-le-nom\/#breadcrumb","itemListElement":[{"@type":"ListItem","position":1,"name":"Homepage","item":"https:\/\/blog.holyart.it\/fr\/"},{"@type":"ListItem","position":2,"name":"Religion","item":"https:\/\/blog.holyart.it\/fr\/articles-religieux\/"},{"@type":"ListItem","position":3,"name":"Pape Fran\u00e7ois et l\u2019environnement : voici ce qu\u2019il a en commun avec le saint dont il a pris le nom"}]},{"@type":"WebSite","@id":"https:\/\/blog.holyart.it\/fr\/#website","url":"https:\/\/blog.holyart.it\/fr\/","name":"Holyart.fr Blog","description":"Holyblog","publisher":{"@id":"https:\/\/blog.holyart.it\/fr\/#organization"},"potentialAction":[{"@type":"SearchAction","target":{"@type":"EntryPoint","urlTemplate":"https:\/\/blog.holyart.it\/fr\/?s={search_term_string}"},"query-input":{"@type":"PropertyValueSpecification","valueRequired":true,"valueName":"search_term_string"}}],"inLanguage":"fr-FR"},{"@type":"Organization","@id":"https:\/\/blog.holyart.it\/fr\/#organization","name":"Holyart.fr Blog","url":"https:\/\/blog.holyart.it\/fr\/","logo":{"@type":"ImageObject","inLanguage":"fr-FR","@id":"https:\/\/blog.holyart.it\/fr\/#\/schema\/logo\/image\/","url":"https:\/\/blog.holyart.it\/fr\/wp-content\/uploads\/sites\/14\/2022\/12\/Holyart_Blog_Logo.jpg","contentUrl":"https:\/\/blog.holyart.it\/fr\/wp-content\/uploads\/sites\/14\/2022\/12\/Holyart_Blog_Logo.jpg","width":300,"height":50,"caption":"Holyart.fr Blog"},"image":{"@id":"https:\/\/blog.holyart.it\/fr\/#\/schema\/logo\/image\/"}},{"@type":"Person","@id":"https:\/\/blog.holyart.it\/fr\/#\/schema\/person\/0a7b686e5af0f856ec1e390dd0baecda","name":"Redazione","image":{"@type":"ImageObject","inLanguage":"fr-FR","@id":"https:\/\/blog.holyart.it\/fr\/#\/schema\/person\/image\/","url":"https:\/\/secure.gravatar.com\/avatar\/f477da817f43e50d0af36abecd33e3edf826c68299714bdc1057dff3b113f516?s=96&d=mm&r=g","contentUrl":"https:\/\/secure.gravatar.com\/avatar\/f477da817f43e50d0af36abecd33e3edf826c68299714bdc1057dff3b113f516?s=96&d=mm&r=g","caption":"Redazione"},"url":"https:\/\/blog.holyart.it\/fr\/author\/admin\/"}]}},"_links":{"self":[{"href":"https:\/\/blog.holyart.it\/fr\/wp-json\/wp\/v2\/posts\/8848","targetHints":{"allow":["GET"]}}],"collection":[{"href":"https:\/\/blog.holyart.it\/fr\/wp-json\/wp\/v2\/posts"}],"about":[{"href":"https:\/\/blog.holyart.it\/fr\/wp-json\/wp\/v2\/types\/post"}],"author":[{"embeddable":true,"href":"https:\/\/blog.holyart.it\/fr\/wp-json\/wp\/v2\/users\/1"}],"replies":[{"embeddable":true,"href":"https:\/\/blog.holyart.it\/fr\/wp-json\/wp\/v2\/comments?post=8848"}],"version-history":[{"count":5,"href":"https:\/\/blog.holyart.it\/fr\/wp-json\/wp\/v2\/posts\/8848\/revisions"}],"predecessor-version":[{"id":8857,"href":"https:\/\/blog.holyart.it\/fr\/wp-json\/wp\/v2\/posts\/8848\/revisions\/8857"}],"wp:featuredmedia":[{"embeddable":true,"href":"https:\/\/blog.holyart.it\/fr\/wp-json\/wp\/v2\/media\/8850"}],"wp:attachment":[{"href":"https:\/\/blog.holyart.it\/fr\/wp-json\/wp\/v2\/media?parent=8848"}],"wp:term":[{"taxonomy":"category","embeddable":true,"href":"https:\/\/blog.holyart.it\/fr\/wp-json\/wp\/v2\/categories?post=8848"},{"taxonomy":"post_tag","embeddable":true,"href":"https:\/\/blog.holyart.it\/fr\/wp-json\/wp\/v2\/tags?post=8848"}],"curies":[{"name":"wp","href":"https:\/\/api.w.org\/{rel}","templated":true}]}}