{"id":8833,"date":"2024-09-25T10:00:55","date_gmt":"2024-09-25T08:00:55","guid":{"rendered":"https:\/\/blog.holyart.it\/fr\/?p=8833"},"modified":"2025-09-29T17:17:59","modified_gmt":"2025-09-29T15:17:59","slug":"2-octobre-fete-des-anges-gardiens","status":"publish","type":"post","link":"https:\/\/blog.holyart.it\/fr\/articles-religieux\/2-octobre-fete-des-anges-gardiens\/","title":{"rendered":"2 octobre : f\u00eate des anges gardiens"},"content":{"rendered":"<h4>Les Anges Gardiens accompagnent depuis toujours l\u2019existence des hommes en tant que messagers, conseillers dans la vie de tous les jours, mais aussi protecteurs contre les tentations et les pi\u00e8ges du mal.<\/h4>\n\n<p>Le 2 octobre de chaque ann\u00e9e, des millions de personnes dans le monde entier c\u00e9l\u00e8brent la <strong>F\u00eate des Anges Gardiens<\/strong>, une occasion sp\u00e9ciale pour honorer et remercier ces \u00eatres c\u00e9lestes et \u00e9th\u00e9r\u00e9s qui veillent sur nous, en s\u2019offrant comme interm\u00e9diaires entre chaque homme et le Ciel, protecteurs, confidents, gardiens de nos secrets et de nos peurs les plus intimes. On croit, en effet, que chaque individu a un ange gardien assign\u00e9, qui prie pour lui, le prot\u00e8ge des dangers et le guide sur le chemin de la vie.<\/p>\n<p>Cette f\u00eate est importante dans la tradition religieuse chr\u00e9tienne et poss\u00e8de des racines profondes dans l\u2019histoire de l\u2019\u00c9glise Catholique. Elle offre une occasion sp\u00e9ciale pour ceux qui croient en l\u2019existence d\u2019<a href=\"https:\/\/www.holyart.fr\/articles-religieux\/anges\/ange-gardien-en-argile-refractaire\"><strong>Anges Gardiens<\/strong><\/a> et peuvent d\u00e9dier cette journ\u00e9e particuli\u00e8re \u00e0 r\u00e9fl\u00e9chir sur leur protection et guide dans la vie de tous les jours.<\/p>\n<div class=\"link-product\">\n<div class=\"blocco-immagine\"><img loading=\"lazy\" decoding=\"async\" class=\"size-full wp-image-8837 alignleft\" src=\"https:\/\/blog.holyart.it\/fr\/wp-content\/uploads\/sites\/14\/2024\/09\/Ange-gardien-en-argile-refractaire.jpg\" alt=\"Ange gardien en argile r\u00e9fractaire\" width=\"100\" height=\"100\" data-kale-share-title=\"2 octobre : f\u00eate des anges gardiens\" data-kale-share-url=\"https:\/\/blog.holyart.it\/fr\/?p=8833\" \/><\/div>\n<div class=\"blocco-contenuto\">\n<div class=\"blocco-acquista\">Acheter sur Holyart:<\/div>\n<div class=\"blocco-titolo\"><a href=\"https:\/\/www.holyart.fr\/articles-religieux\/anges\/ange-gardien-en-argile-refractaire\">Ange gardien en argile r\u00e9fractaire<\/a><\/div>\n<div class=\"blocco-descrizione\">Ange gardien en argile r\u00e9fractaire. Statue stylis\u00e9e r\u00e9alis\u00e9e \u00e0 la main, en Italie, en argile r\u00e9fractaire blanche.<\/div>\n<\/div>\n<\/div>\n<p>L\u2019existence des Anges est un <a href=\"https:\/\/www.holyart.fr\/blog\/articles-religieux\/lhistoire-des-dogmes-de-leglise-catholique\/\"><strong>dogme de foi<\/strong><\/a> reconnu et la c\u00e9l\u00e9bration des Anges Gardiens a une longue histoire qui remonte aux premi\u00e8res ann\u00e9es du Christianisme. Toutefois, la f\u00eate comme nous la connaissons aujourd\u2019hui a \u00e9t\u00e9 officiellement institu\u00e9e en <strong>1670 sous la papaut\u00e9 de Pape Cl\u00e9ment X<\/strong>, en septembre au d\u00e9but, mais la date fut bient\u00f4t chang\u00e9e au 2 octobre, o\u00f9 elle est rest\u00e9e jusqu\u2019\u00e0 aujourd\u2019hui. Pour cela, souvent, on consid\u00e8re encore septembre comme mois d\u00e9di\u00e9 aux anges.<\/p>\n<p>La F\u00eate des Anges Gardiens est c\u00e9l\u00e9br\u00e9e avec pri\u00e8res et r\u00e9flexions sur la pr\u00e9sence et la protection des Anges Gardiens et, dans de nombreuses \u00e9glises catholiques, des <strong>messes sp\u00e9ciales<\/strong> en leur honneur sont \u00e9galement c\u00e9l\u00e9br\u00e9es. Certaines personnes choisissent d\u2019accomplir des actes de gentillesses le 2 octobre en l\u2019honneur de leurs Anges Gardiens, comme aider les autres, faire des donations ou simplement \u00eatre plus compatissants et pr\u00e9venants.<\/p>\n<div class=\"link-article\">\n<p><img loading=\"lazy\" decoding=\"async\" class=\"size-full wp-image-8838 alignleft\" src=\"https:\/\/blog.holyart.it\/fr\/wp-content\/uploads\/sites\/14\/2024\/09\/Lhistoire-des-dogmes-de-lEglise-catholique.jpg\" alt=\"L\u2019histoire des dogmes de l\u2019\u00c9glise catholique\" width=\"150\" height=\"99\" data-kale-share-title=\"2 octobre : f\u00eate des anges gardiens\" data-kale-share-url=\"https:\/\/blog.holyart.it\/fr\/?p=8833\" \/><\/p>\n<div class=\"leggi-anche\">Lire aussi :<\/div>\n<p><strong><a href=\"https:\/\/www.holyart.fr\/blog\/articles-religieux\/lhistoire-des-dogmes-de-leglise-catholique\/\">L\u2019histoire des dogmes de l\u2019\u00c9glise catholique<\/a><\/strong><br \/>\nLes dogmes sont des v\u00e9rit\u00e9s absolues et incontournables auxquelles chaque chr\u00e9tien doit croire en vertu de sa foi&#8230;<\/p>\n<\/div>\n<p>L\u2019id\u00e9e de l\u2019existence des Anges Gardiens d\u00e9rive des <strong>Saintes \u00c9critures<\/strong>. Dans la <strong>Bible<\/strong>, ils apparaissent \u00e0 plusieurs reprises en tant que protecteurs et gardiens des hommes et des femmes chers \u00e0 Dieu, qui les leur envoie afin de les prot\u00e9ger surtout des pi\u00e8ges des d\u00e9mons. En ce sens, la foi en les <a href=\"https:\/\/www.holyart.fr\/articles-religieux\/azur-loppiano\/ange-vert-azur-loppiano-boite-a-musique-bois-20x18-cm\"><strong>Anges Gardiens<\/strong><\/a> appartient depuis toujours au Christianisme, ainsi comme de nombreuses autres traditions religieuses, qui reconnaissent \u00e9galement l\u2019existence d\u2019\u00eatres spirituels charg\u00e9s de veiller sur les gens et de les aider dans leurs d\u00e9fis quotidiens. Le culte des Anges est plus ancien que celui des Saints et leur adoration est une pratique ancestrale qui a \u00e9volu\u00e9 \u00e0 travers les \u00e9poques. Avec l\u2019\u00e9volution du Christianisme, en Orient comme en Occident, le lien entre les Anges Gardiens et les hommes s\u2019est renforc\u00e9 de plus en plus. Si \u00e0 l\u2019\u00e9poque m\u00e9di\u00e9vale les moines invoquaient souvent les Anges Gardiens dans leurs pri\u00e8res et supplications, \u00e0 la Renaissance leurs histoires et les invocations qui leur \u00e9taient adress\u00e9es furent destin\u00e9es pour la plupart aux enfants. Mais, apr\u00e8s le Concile de Trente, la d\u00e9votion aux Anges Gardiens reprit tant de vigueur qu\u2019il fut n\u00e9cessaire de cr\u00e9er une science d\u00e9di\u00e9e, l\u2019<strong>angiologie<\/strong>, une doctrine concernant justement les anges, qui nous illustre ce que la Bible nous dit \u00e0 leur propos et \u00e9tudie comment ils agissent et ont agi au cours des si\u00e8cles en tant qu\u2019interm\u00e9diaires entre l\u2019humanit\u00e9 et Dieu.<\/p>\n<div class=\"link-product\">\n<div class=\"blocco-immagine\"><img loading=\"lazy\" decoding=\"async\" class=\"size-full wp-image-8840 alignleft\" src=\"https:\/\/blog.holyart.it\/fr\/wp-content\/uploads\/sites\/14\/2024\/09\/ange-vert-azur-loppiano-boite-a-musique-bois-20x18-cm.jpg\" alt=\"ange vert Azur loppiano boite a musique bois 20x18 cm\" width=\"100\" height=\"100\" data-kale-share-title=\"2 octobre : f\u00eate des anges gardiens\" data-kale-share-url=\"https:\/\/blog.holyart.it\/fr\/?p=8833\" \/><\/div>\n<div class=\"blocco-contenuto\">\n<div class=\"blocco-acquista\">Acheter sur Holyart:<\/div>\n<div class=\"blocco-titolo\"><a href=\"https:\/\/www.holyart.fr\/articles-religieux\/azur-loppiano\/ange-vert-azur-loppiano-boite-a-musique-bois-20x18-cm\">Ange vert Azur Loppiano bo\u00eete \u00e0 musique bois 20&#215;18 cm<\/a><\/div>\n<div class=\"blocco-descrizione\">Ange gardien en argile r\u00e9fractaire. Statue stylis\u00e9e r\u00e9alis\u00e9e \u00e0 la main, en Italie, en argile r\u00e9fractaire blanche.<\/div>\n<\/div>\n<\/div>\n<h2>La f\u00eate des Anges Gardiens et la f\u00eates des grands-parents<\/h2>\n<p>En Italie, le 2 octobre n\u2019est pas une journ\u00e9e sp\u00e9ciale uniquement parce qu\u2019elle est d\u00e9di\u00e9e aux Anges Gardiens. En ce jour, nous c\u00e9l\u00e9brons \u00e9galement la <a href=\"https:\/\/www.holyart.fr\/blog\/articles-religieux\/fete-des-grands-parents-quand-la-celebrer-quoi-offrir-un-lien-tres-fort-avec-les-anges-gardiens\/\"><strong>F\u00eate des Grands-parents<\/strong><\/a>, destin\u00e9e \u00e0 faire partie du calendrier italien avec une loi d\u00e9di\u00e9e ins\u00e9r\u00e9e par le Parlement dans le Journal Officiel le 12 ao\u00fbt 2005, afin de reconna\u00eetre \u00ab\u00a0<em>l\u2019importance du r\u00f4le jou\u00e9 par les grands-parents au sein des familles et de la soci\u00e9t\u00e9 en g\u00e9n\u00e9ral<\/em>\u00a0\u00bb. Les autres pays aussi f\u00eatent la Journ\u00e9e des Grands-Parents, mais \u00e0 des dates diff\u00e9rentes.<\/p>\n<div class=\"link-article\">\n<p><img loading=\"lazy\" decoding=\"async\" class=\"size-full wp-image-8841 alignleft\" src=\"https:\/\/blog.holyart.it\/fr\/wp-content\/uploads\/sites\/14\/2024\/09\/Fete-des-Grands-parents.jpg\" alt=\"F\u00eate des Grands-parents\" width=\"150\" height=\"99\" data-kale-share-title=\"2 octobre : f\u00eate des anges gardiens\" data-kale-share-url=\"https:\/\/blog.holyart.it\/fr\/?p=8833\" \/><\/p>\n<div class=\"leggi-anche\">Lire aussi :<\/div>\n<p><strong><a href=\"https:\/\/www.holyart.fr\/blog\/articles-religieux\/fete-des-grands-parents-quand-la-celebrer-quoi-offrir-un-lien-tres-fort-avec-les-anges-gardiens\/\">F\u00eate des grands-parents : quand la c\u00e9l\u00e9brer, quoi offrir, un lien tr\u00e8s fort avec les anges gardiens<\/a><\/strong><br \/>\nTout le monde n\u2019a pas eu la chance de grandir avec un grand-parent \u00e0&#8230;<\/p>\n<\/div>\n<p>Il est important de remarquer que cette date co\u00efncide avec la f\u00eate religieuse des Anges Gardiens, ce qui souligne davantage l\u2019importance des grands-parents. Les grands-parents sont souvent consid\u00e9r\u00e9s comme de v\u00e9ritables Anges Gardiens en chair et en os, mais, si dans le pass\u00e9 leur r\u00f4le \u00e9tait amplement reconnu, aujourd\u2019hui cela arrive de moins en moins. Gardiens de la sagesse des anciens, transmise verbalement de g\u00e9n\u00e9ration en g\u00e9n\u00e9ration, les personnes s\u2019adressaient autrefois \u00e0 eux afin de recevoir des conseils et affronter des d\u00e9cisions difficiles, mais le monde moderne, avec son rythme fr\u00e9n\u00e9tique et son accent sur l\u2019efficacit\u00e9 et le succ\u00e8s \u00e0 tout prix, a amen\u00e9 \u00e0 une r\u00e9duction de certaines de ces traditions. Pour cela, la f\u00eate des grands-parents du 2 octobre devient si importante. Le Parlement italien a voulu officialiser l\u2019importance des grands-parents non seulement en tant que support \u00e9conomique, car ils permettent d\u2019\u00e9pargner sur les frais de babysitting ou des services d\u2019assistance \u00e0 l\u2019enfance, mais aussi en tant que <strong>gardiens de sagesse et de connaissances<\/strong> qu\u2019il est indispensable de transmettre aux nouvelles g\u00e9n\u00e9rations. Ils am\u00e8nent avec eux un tr\u00e9sor de connaissances, exp\u00e9riences de vie v\u00e9cues en personne et histoires qui entrem\u00ealent avec l\u2019histoire r\u00e9cente, souvent n\u00e9glig\u00e9e dans les livres d\u2019\u00e9cole. Ce patrimoine est inestimable pour l\u2019\u00e9ducation des jeunes, les aidant \u00e0 d\u00e9velopper une solide conscience civique et historique.<\/p>\n<h2>Qui sont les Anges Gardiens dans la tradition chr\u00e9tienne<\/h2>\n<p>Selon la tradition, les anges sont divis\u00e9s en <strong>arm\u00e9es et hi\u00e9rarchies<\/strong>, \u00e9labor\u00e9es en classifications tr\u00e8s anciennes, comme la c\u00e9l\u00e8bre <em>De coelesti hierarchia<\/em>\u00a0du Pseudo-Denys, qui a d\u00e9fini trois hi\u00e9rarchies principales, chacune desquelles contient \u00e0 son tour trois ordres ou ch\u0153urs, pour un total de neuves typologies d\u2019anges.<br \/>\nDans la <strong>Premi\u00e8re hi\u00e9rarchie<\/strong> nous retrouvons les S\u00e9raphins, les Ch\u00e9rubins et les Tr\u00f4nes.<br \/>\nDans la <strong>Deuxi\u00e8me hi\u00e9rarchie<\/strong>, Dominations, Vertus et Puissances.<br \/>\nDans la <strong>Troisi\u00e8me hi\u00e9rarchie<\/strong>, Principaut\u00e9s, Archanges et Anges.<\/p>\n<p>Cette classification sera repropos\u00e9e par Saint Thomas dans sa <a href=\"https:\/\/www.holyart.fr\/blog\/saints-et-bienheureux\/thomas-daquin-et-la-hierarchie-des-anges\/\"><strong><em>Summa teologica<\/em><\/strong><\/a>.<\/p>\n<div class=\"link-article\">\n<p><img loading=\"lazy\" decoding=\"async\" class=\"size-full wp-image-8843 alignleft\" src=\"https:\/\/blog.holyart.it\/fr\/wp-content\/uploads\/sites\/14\/2024\/09\/Thomas-dAquin-1.jpg\" alt=\"Thomas d\u2019Aquin\" width=\"150\" height=\"99\" data-kale-share-title=\"2 octobre : f\u00eate des anges gardiens\" data-kale-share-url=\"https:\/\/blog.holyart.it\/fr\/?p=8833\" \/><\/p>\n<div class=\"leggi-anche\">Lire aussi :<\/div>\n<p><strong><a href=\"https:\/\/www.holyart.fr\/blog\/saints-et-bienheureux\/thomas-daquin-et-la-hierarchie-des-anges\/\">Thomas d\u2019Aquin et la hi\u00e9rarchie des anges<\/a><\/strong><br \/>\nLe 28 janvier on f\u00eate la m\u00e9moire liturgique de Saint Thomas d\u2019Aquin, \u00ab docteur ang\u00e9lique \u00bb et auteur&#8230;<\/p>\n<\/div>\n<p>Les Anges Gardiens rentrent donc dans la Troisi\u00e8me hi\u00e9rarchie, la plus basse, mais constituent un ordre sp\u00e9cial \u00e0 l\u2019int\u00e9rieur de la hi\u00e9rarchie elle-m\u00eame, \u00e9tant les plus proches des \u00eatres humains et de leur vie de tous les jours. Ils r\u00e9sident dans l\u2019espace cosmique le plus proche de la Terre, un lieu symbolis\u00e9 par la Lune, et leur pr\u00e9sence est intime et constante. Ils sont \u00e9galement consid\u00e9r\u00e9s comme <strong>messagers divins<\/strong>, charg\u00e9s de communiquer avec les hommes. Le terme \u00ab\u00a0ange\u00a0\u00bb d\u00e9rive en effet du grec <em>anghelos<\/em>, qui signifie \u00ab\u00a0messager\u00a0\u00bb.<\/p>\n<h2>Pri\u00e8re de l\u2019ange gardien<\/h2>\n<p>D\u00e8s notre enfance, nous apprenons la pri\u00e8re de l\u2019<strong>Ange de Dieu<\/strong>, probablement la plus c\u00e9l\u00e8bre invocation \u00e0 adresser \u00e0 l\u2019Ange Gardien. En r\u00e9alit\u00e9, il existe de nombreuses autres pri\u00e8res pour invoquer les diff\u00e9rentes hi\u00e9rarchies ang\u00e9liques, comme le <a href=\"https:\/\/www.holyart.fr\/blog\/saints-et-bienheureux\/culte-de-saint-michel-archange\/\"><strong>chapelet des anges<\/strong><\/a>, \u00e9galement appel\u00e9 <a href=\"https:\/\/www.holyart.fr\/articles-religieux\/chapelets-et-etuis-a-chapelet\/chapelets-cristal\/chapelet-cristal-saint-michel-grains-colores-6-mm\"><strong>Chapelet de Saint Michel Archange<\/strong><\/a>, qui est r\u00e9cit\u00e9 en l\u2019honneur de Saint Michel archange et des ch\u0153urs c\u00e9lestes, afin qu\u2019ils interc\u00e8dent aupr\u00e8s de Dieu pour obtenir gr\u00e2ces et b\u00e9n\u00e9dictions.<\/p>\n<div class=\"link-product\">\n<div class=\"blocco-immagine\"><img loading=\"lazy\" decoding=\"async\" class=\"size-full wp-image-8844 alignleft\" src=\"https:\/\/blog.holyart.it\/fr\/wp-content\/uploads\/sites\/14\/2024\/09\/Chapelet-de-Saint-Michel-Archange.jpg\" alt=\"Chapelet de Saint Michel Archange\" width=\"100\" height=\"100\" data-kale-share-title=\"2 octobre : f\u00eate des anges gardiens\" data-kale-share-url=\"https:\/\/blog.holyart.it\/fr\/?p=8833\" \/><\/div>\n<div class=\"blocco-contenuto\">\n<div class=\"blocco-acquista\">Acheter sur Holyart:<\/div>\n<div class=\"blocco-titolo\"><a href=\"https:\/\/www.holyart.fr\/articles-religieux\/chapelets-et-etuis-a-chapelet\/chapelets-cristal\/chapelet-cristal-saint-michel-grains-colores-6-mm\">Chapelet cristal Saint Michel grains color\u00e9s 6 mm<\/a><\/div>\n<div class=\"blocco-descrizione\">Chapelet compos\u00e9 d&rsquo;une cha\u00eene m\u00e9tallique, grains de 6 mm en cristal color\u00e9, divis\u00e9s par dizaines, crucifix et m\u00e9daille ovale.<\/div>\n<\/div>\n<\/div>\n<h3>Ange de Dieu<\/h3>\n<p>Connue \u00e9galement comme\u00a0<em>Angele Dei\u00a0<\/em>en latin, la pri\u00e8re <strong>Ange de Dieu<\/strong> est profond\u00e9ment enracin\u00e9e dans la tradition religieuse catholique. Cette ancienne pri\u00e8re, remontant \u00e0 l\u2019\u00e9poque m\u00e9di\u00e9vale, est amplement r\u00e9pandue dans tout le monde catholique et occupe une place sp\u00e9ciale dans le c\u0153ur des fid\u00e8les pour sa simplicit\u00e9 et son efficacit\u00e9. Elle est souvent apprise aux enfants pour leur expliquer comment on s\u2019adresse \u00e0 l\u2019ange gardien, leur guide, compagnon, d\u00e9stin\u00e9 \u00e0 les prot\u00e9ger des tentations et du p\u00e9ch\u00e9. R\u00e9citer la pri\u00e8re de l\u2019Ange de Dieu ouvre une porte directe au dialogue avec Dieu, un moyen intime et profond pour communiquer avec son Ange gardien, mais aussi avec Celui qui a voulu le placer \u00e0 nos c\u00f4t\u00e9s.<\/p>\n<p><em>Ange de Dieu,<\/em><br \/>\n<em>qui es mon gardien,<\/em><br \/>\n<em>et \u00e0 qui j\u2019ai \u00e9t\u00e9 confi\u00e9 par la Bont\u00e9 divine,<\/em><br \/>\n<em>\u00e9claire-moi, d\u00e9fends-moi,<\/em><br \/>\n<em>conduis-moi et dirige-moi.<\/em><br \/>\n<em>Amen.<\/em><\/p>\n<h3>Ange gardien de Padre Pio<\/h3>\n<p>M\u00eame Padre Pio of Pietrelcina <a href=\"https:\/\/www.holyart.fr\/blog\/saints-et-bienheureux\/padre-pio-priere-preferee\/#:~:text=Padre%20Pio%20et%20les%20anges%20gardiens\"><strong>parlait souvent avec son ange gardien<\/strong><\/a> et d\u00e9clarait le percevoir \u00e0 ses c\u00f4t\u00e9s depuis son enfance. C\u2019est \u00e0 lui que nous devons une magnifique pri\u00e8re \u00e0 adresser \u00e0 son ange protecteur, \u00e0 faire r\u00e9citer le soir aux enfants, mais adapt\u00e9e \u00e0 tous les \u00e2ges\u00a0:<\/p>\n<p><em>\u00d4 mon Saint Ange Gardien, prends soin de mon \u00e2me et de mon corps.<\/em><\/p>\n<p><em>Illumine mon esprit afin que je puisse mieux conna\u00eetre le Seigneur mon Dieu et l\u2019aimer de tout mon c\u0153ur.<\/em><\/p>\n<p><em>Veille sur moi lorsque je prie afin que je ne c\u00e8de point aux distractions de la vie.<\/em><\/p>\n<p><em>Soutiens-moi par tes conseils pour vivre en bon chr\u00e9tien et aide-moi \u00e0 faire de bonnes \u0153uvres avec g\u00e9n\u00e9rosit\u00e9.<\/em><\/p>\n<p><em>D\u00e9fends-moi des ruses du Malin et soutiens-moi pendant les tentations afin que je puisse gagner la bataille contre le mal.<\/em><\/p>\n<p><em>\u00d4 mon cher Ange Gardien, je t\u2019adresse cette pri\u00e8re pour te demander de rester toujours \u00e0 mes c\u00f4t\u00e9s et de ne jamais cesser d\u2019\u00eatre mon protecteur \u2013 jusqu\u2019\u00e0 ce que je sois appel\u00e9 dans la maison du P\u00e8re, o\u00f9 ensemble nous louerons Dieu notre Seigneur pour toute l\u2019\u00e9ternit\u00e9.<\/em><\/p>\n<p><em>Amen.<\/em><\/p>\n<div class=\"link-article\">\n<p><img loading=\"lazy\" decoding=\"async\" class=\"size-full wp-image-8845 alignleft\" src=\"https:\/\/blog.holyart.it\/fr\/wp-content\/uploads\/sites\/14\/2024\/09\/padre-pio-Copia.jpg\" alt=\"padre pio\" width=\"150\" height=\"99\" data-kale-share-title=\"2 octobre : f\u00eate des anges gardiens\" data-kale-share-url=\"https:\/\/blog.holyart.it\/fr\/?p=8833\" \/><\/p>\n<div class=\"leggi-anche\">Lire aussi :<\/div>\n<p><strong><a href=\"https:\/\/www.holyart.fr\/blog\/saints-et-bienheureux\/padre-pio-priere-preferee\/#:~:text=Padre%20Pio%20et%20les%20anges%20gardiens\">Padre Pio et sa pri\u00e8re pr\u00e9f\u00e9r\u00e9e<\/a><\/strong><br \/>\nPadre Pio est une figure qui a \u00e9t\u00e9 tr\u00e8s controvers\u00e9e et longuement discut\u00e9e dans l\u2019\u00c9glise catholique. M\u00eame apr\u00e8s sa canonisation, qui eut lieu le 16&#8230;<\/p>\n<\/div>\n","protected":false},"excerpt":{"rendered":"<p>Les Anges Gardiens accompagnent depuis toujours l\u2019existence des hommes en tant que messagers, conseillers dans la vie de tous les jours, mais aussi protecteurs contre les tentations et les pi\u00e8ges du mal. Le 2 octobre de chaque ann\u00e9e, des millions de personnes dans le monde&hellip;<\/p>\n","protected":false},"author":1,"featured_media":8835,"comment_status":"closed","ping_status":"open","sticky":false,"template":"","format":"standard","meta":{"_acf_changed":false,"footnotes":""},"categories":[8],"tags":[],"class_list":["post-8833","post","type-post","status-publish","format-standard","has-post-thumbnail","hentry","category-articles-religieux"],"acf":[],"yoast_head":"<!-- This site is optimized with the Yoast SEO plugin v26.6 - https:\/\/yoast.com\/wordpress\/plugins\/seo\/ -->\n<title>2 octobre : f\u00eate des anges gardiens - Holyart.fr Blog<\/title>\n<meta name=\"description\" content=\"Depuis toujours, les Anges Gardiens sont \u00e0 c\u00f4t\u00e9 de chacun de nous, gardiens attribu\u00e9s par l\u2019amour divin pour nous prot\u00e9ger et guider. Voici qui sont-ils et comment les prier.\" \/>\n<meta name=\"robots\" content=\"index, follow, max-snippet:-1, max-image-preview:large, max-video-preview:-1\" \/>\n<link rel=\"canonical\" href=\"https:\/\/blog.holyart.it\/fr\/articles-religieux\/2-octobre-fete-des-anges-gardiens\/\" \/>\n<meta property=\"og:locale\" content=\"fr_FR\" \/>\n<meta property=\"og:type\" content=\"article\" \/>\n<meta property=\"og:title\" content=\"2 octobre : f\u00eate des anges gardiens - Holyart.fr Blog\" \/>\n<meta property=\"og:description\" content=\"Depuis toujours, les Anges Gardiens sont \u00e0 c\u00f4t\u00e9 de chacun de nous, gardiens attribu\u00e9s par l\u2019amour divin pour nous prot\u00e9ger et guider. Voici qui sont-ils et comment les prier.\" \/>\n<meta property=\"og:url\" content=\"https:\/\/blog.holyart.it\/fr\/articles-religieux\/2-octobre-fete-des-anges-gardiens\/\" \/>\n<meta property=\"og:site_name\" content=\"Holyart.fr Blog\" \/>\n<meta property=\"article:published_time\" content=\"2024-09-25T08:00:55+00:00\" \/>\n<meta property=\"article:modified_time\" content=\"2025-09-29T15:17:59+00:00\" \/>\n<meta property=\"og:image\" content=\"https:\/\/blog.holyart.it\/fr\/wp-content\/uploads\/sites\/14\/2024\/09\/2-octobre-fete-des-anges-gardiens.jpg\" \/>\n\t<meta property=\"og:image:width\" content=\"1000\" \/>\n\t<meta property=\"og:image:height\" content=\"666\" \/>\n\t<meta property=\"og:image:type\" content=\"image\/jpeg\" \/>\n<meta name=\"author\" content=\"Redazione\" \/>\n<meta name=\"twitter:card\" content=\"summary_large_image\" \/>\n<meta name=\"twitter:label1\" content=\"\u00c9crit par\" \/>\n\t<meta name=\"twitter:data1\" content=\"Redazione\" \/>\n\t<meta name=\"twitter:label2\" content=\"Dur\u00e9e de lecture estim\u00e9e\" \/>\n\t<meta name=\"twitter:data2\" content=\"11 minutes\" \/>\n<script type=\"application\/ld+json\" class=\"yoast-schema-graph\">{\"@context\":\"https:\/\/schema.org\",\"@graph\":[{\"@type\":\"Article\",\"@id\":\"https:\/\/blog.holyart.it\/fr\/articles-religieux\/2-octobre-fete-des-anges-gardiens\/#article\",\"isPartOf\":{\"@id\":\"https:\/\/blog.holyart.it\/fr\/articles-religieux\/2-octobre-fete-des-anges-gardiens\/\"},\"author\":{\"name\":\"Redazione\",\"@id\":\"https:\/\/blog.holyart.it\/fr\/#\/schema\/person\/0a7b686e5af0f856ec1e390dd0baecda\"},\"headline\":\"2 octobre : f\u00eate des anges gardiens\",\"datePublished\":\"2024-09-25T08:00:55+00:00\",\"dateModified\":\"2025-09-29T15:17:59+00:00\",\"mainEntityOfPage\":{\"@id\":\"https:\/\/blog.holyart.it\/fr\/articles-religieux\/2-octobre-fete-des-anges-gardiens\/\"},\"wordCount\":1911,\"publisher\":{\"@id\":\"https:\/\/blog.holyart.it\/fr\/#organization\"},\"image\":{\"@id\":\"https:\/\/blog.holyart.it\/fr\/articles-religieux\/2-octobre-fete-des-anges-gardiens\/#primaryimage\"},\"thumbnailUrl\":\"https:\/\/blog.holyart.it\/fr\/wp-content\/uploads\/sites\/14\/2024\/09\/2-octobre-fete-des-anges-gardiens.jpg\",\"articleSection\":[\"Religion\"],\"inLanguage\":\"fr-FR\"},{\"@type\":\"WebPage\",\"@id\":\"https:\/\/blog.holyart.it\/fr\/articles-religieux\/2-octobre-fete-des-anges-gardiens\/\",\"url\":\"https:\/\/blog.holyart.it\/fr\/articles-religieux\/2-octobre-fete-des-anges-gardiens\/\",\"name\":\"2 octobre : f\u00eate des anges gardiens - Holyart.fr Blog\",\"isPartOf\":{\"@id\":\"https:\/\/blog.holyart.it\/fr\/#website\"},\"primaryImageOfPage\":{\"@id\":\"https:\/\/blog.holyart.it\/fr\/articles-religieux\/2-octobre-fete-des-anges-gardiens\/#primaryimage\"},\"image\":{\"@id\":\"https:\/\/blog.holyart.it\/fr\/articles-religieux\/2-octobre-fete-des-anges-gardiens\/#primaryimage\"},\"thumbnailUrl\":\"https:\/\/blog.holyart.it\/fr\/wp-content\/uploads\/sites\/14\/2024\/09\/2-octobre-fete-des-anges-gardiens.jpg\",\"datePublished\":\"2024-09-25T08:00:55+00:00\",\"dateModified\":\"2025-09-29T15:17:59+00:00\",\"description\":\"Depuis toujours, les Anges Gardiens sont \u00e0 c\u00f4t\u00e9 de chacun de nous, gardiens attribu\u00e9s par l\u2019amour divin pour nous prot\u00e9ger et guider. Voici qui sont-ils et comment les prier.\",\"breadcrumb\":{\"@id\":\"https:\/\/blog.holyart.it\/fr\/articles-religieux\/2-octobre-fete-des-anges-gardiens\/#breadcrumb\"},\"inLanguage\":\"fr-FR\",\"potentialAction\":[{\"@type\":\"ReadAction\",\"target\":[\"https:\/\/blog.holyart.it\/fr\/articles-religieux\/2-octobre-fete-des-anges-gardiens\/\"]}]},{\"@type\":\"ImageObject\",\"inLanguage\":\"fr-FR\",\"@id\":\"https:\/\/blog.holyart.it\/fr\/articles-religieux\/2-octobre-fete-des-anges-gardiens\/#primaryimage\",\"url\":\"https:\/\/blog.holyart.it\/fr\/wp-content\/uploads\/sites\/14\/2024\/09\/2-octobre-fete-des-anges-gardiens.jpg\",\"contentUrl\":\"https:\/\/blog.holyart.it\/fr\/wp-content\/uploads\/sites\/14\/2024\/09\/2-octobre-fete-des-anges-gardiens.jpg\",\"width\":1000,\"height\":666,\"caption\":\"2 octobre f\u00eate des anges gardiens\"},{\"@type\":\"BreadcrumbList\",\"@id\":\"https:\/\/blog.holyart.it\/fr\/articles-religieux\/2-octobre-fete-des-anges-gardiens\/#breadcrumb\",\"itemListElement\":[{\"@type\":\"ListItem\",\"position\":1,\"name\":\"Homepage\",\"item\":\"https:\/\/blog.holyart.it\/fr\/\"},{\"@type\":\"ListItem\",\"position\":2,\"name\":\"Religion\",\"item\":\"https:\/\/blog.holyart.it\/fr\/articles-religieux\/\"},{\"@type\":\"ListItem\",\"position\":3,\"name\":\"2 octobre : f\u00eate des anges gardiens\"}]},{\"@type\":\"WebSite\",\"@id\":\"https:\/\/blog.holyart.it\/fr\/#website\",\"url\":\"https:\/\/blog.holyart.it\/fr\/\",\"name\":\"Holyart.fr Blog\",\"description\":\"Holyblog\",\"publisher\":{\"@id\":\"https:\/\/blog.holyart.it\/fr\/#organization\"},\"potentialAction\":[{\"@type\":\"SearchAction\",\"target\":{\"@type\":\"EntryPoint\",\"urlTemplate\":\"https:\/\/blog.holyart.it\/fr\/?s={search_term_string}\"},\"query-input\":{\"@type\":\"PropertyValueSpecification\",\"valueRequired\":true,\"valueName\":\"search_term_string\"}}],\"inLanguage\":\"fr-FR\"},{\"@type\":\"Organization\",\"@id\":\"https:\/\/blog.holyart.it\/fr\/#organization\",\"name\":\"Holyart.fr Blog\",\"url\":\"https:\/\/blog.holyart.it\/fr\/\",\"logo\":{\"@type\":\"ImageObject\",\"inLanguage\":\"fr-FR\",\"@id\":\"https:\/\/blog.holyart.it\/fr\/#\/schema\/logo\/image\/\",\"url\":\"https:\/\/blog.holyart.it\/fr\/wp-content\/uploads\/sites\/14\/2022\/12\/Holyart_Blog_Logo.jpg\",\"contentUrl\":\"https:\/\/blog.holyart.it\/fr\/wp-content\/uploads\/sites\/14\/2022\/12\/Holyart_Blog_Logo.jpg\",\"width\":300,\"height\":50,\"caption\":\"Holyart.fr Blog\"},\"image\":{\"@id\":\"https:\/\/blog.holyart.it\/fr\/#\/schema\/logo\/image\/\"}},{\"@type\":\"Person\",\"@id\":\"https:\/\/blog.holyart.it\/fr\/#\/schema\/person\/0a7b686e5af0f856ec1e390dd0baecda\",\"name\":\"Redazione\",\"image\":{\"@type\":\"ImageObject\",\"inLanguage\":\"fr-FR\",\"@id\":\"https:\/\/blog.holyart.it\/fr\/#\/schema\/person\/image\/\",\"url\":\"https:\/\/secure.gravatar.com\/avatar\/f477da817f43e50d0af36abecd33e3edf826c68299714bdc1057dff3b113f516?s=96&d=mm&r=g\",\"contentUrl\":\"https:\/\/secure.gravatar.com\/avatar\/f477da817f43e50d0af36abecd33e3edf826c68299714bdc1057dff3b113f516?s=96&d=mm&r=g\",\"caption\":\"Redazione\"},\"url\":\"https:\/\/blog.holyart.it\/fr\/author\/admin\/\"}]}<\/script>\n<!-- \/ Yoast SEO plugin. -->","yoast_head_json":{"title":"2 octobre : f\u00eate des anges gardiens - Holyart.fr Blog","description":"Depuis toujours, les Anges Gardiens sont \u00e0 c\u00f4t\u00e9 de chacun de nous, gardiens attribu\u00e9s par l\u2019amour divin pour nous prot\u00e9ger et guider. Voici qui sont-ils et comment les prier.","robots":{"index":"index","follow":"follow","max-snippet":"max-snippet:-1","max-image-preview":"max-image-preview:large","max-video-preview":"max-video-preview:-1"},"canonical":"https:\/\/blog.holyart.it\/fr\/articles-religieux\/2-octobre-fete-des-anges-gardiens\/","og_locale":"fr_FR","og_type":"article","og_title":"2 octobre : f\u00eate des anges gardiens - Holyart.fr Blog","og_description":"Depuis toujours, les Anges Gardiens sont \u00e0 c\u00f4t\u00e9 de chacun de nous, gardiens attribu\u00e9s par l\u2019amour divin pour nous prot\u00e9ger et guider. Voici qui sont-ils et comment les prier.","og_url":"https:\/\/blog.holyart.it\/fr\/articles-religieux\/2-octobre-fete-des-anges-gardiens\/","og_site_name":"Holyart.fr Blog","article_published_time":"2024-09-25T08:00:55+00:00","article_modified_time":"2025-09-29T15:17:59+00:00","og_image":[{"width":1000,"height":666,"url":"https:\/\/blog.holyart.it\/fr\/wp-content\/uploads\/sites\/14\/2024\/09\/2-octobre-fete-des-anges-gardiens.jpg","type":"image\/jpeg"}],"author":"Redazione","twitter_card":"summary_large_image","twitter_misc":{"\u00c9crit par":"Redazione","Dur\u00e9e de lecture estim\u00e9e":"11 minutes"},"schema":{"@context":"https:\/\/schema.org","@graph":[{"@type":"Article","@id":"https:\/\/blog.holyart.it\/fr\/articles-religieux\/2-octobre-fete-des-anges-gardiens\/#article","isPartOf":{"@id":"https:\/\/blog.holyart.it\/fr\/articles-religieux\/2-octobre-fete-des-anges-gardiens\/"},"author":{"name":"Redazione","@id":"https:\/\/blog.holyart.it\/fr\/#\/schema\/person\/0a7b686e5af0f856ec1e390dd0baecda"},"headline":"2 octobre : f\u00eate des anges gardiens","datePublished":"2024-09-25T08:00:55+00:00","dateModified":"2025-09-29T15:17:59+00:00","mainEntityOfPage":{"@id":"https:\/\/blog.holyart.it\/fr\/articles-religieux\/2-octobre-fete-des-anges-gardiens\/"},"wordCount":1911,"publisher":{"@id":"https:\/\/blog.holyart.it\/fr\/#organization"},"image":{"@id":"https:\/\/blog.holyart.it\/fr\/articles-religieux\/2-octobre-fete-des-anges-gardiens\/#primaryimage"},"thumbnailUrl":"https:\/\/blog.holyart.it\/fr\/wp-content\/uploads\/sites\/14\/2024\/09\/2-octobre-fete-des-anges-gardiens.jpg","articleSection":["Religion"],"inLanguage":"fr-FR"},{"@type":"WebPage","@id":"https:\/\/blog.holyart.it\/fr\/articles-religieux\/2-octobre-fete-des-anges-gardiens\/","url":"https:\/\/blog.holyart.it\/fr\/articles-religieux\/2-octobre-fete-des-anges-gardiens\/","name":"2 octobre : f\u00eate des anges gardiens - Holyart.fr Blog","isPartOf":{"@id":"https:\/\/blog.holyart.it\/fr\/#website"},"primaryImageOfPage":{"@id":"https:\/\/blog.holyart.it\/fr\/articles-religieux\/2-octobre-fete-des-anges-gardiens\/#primaryimage"},"image":{"@id":"https:\/\/blog.holyart.it\/fr\/articles-religieux\/2-octobre-fete-des-anges-gardiens\/#primaryimage"},"thumbnailUrl":"https:\/\/blog.holyart.it\/fr\/wp-content\/uploads\/sites\/14\/2024\/09\/2-octobre-fete-des-anges-gardiens.jpg","datePublished":"2024-09-25T08:00:55+00:00","dateModified":"2025-09-29T15:17:59+00:00","description":"Depuis toujours, les Anges Gardiens sont \u00e0 c\u00f4t\u00e9 de chacun de nous, gardiens attribu\u00e9s par l\u2019amour divin pour nous prot\u00e9ger et guider. Voici qui sont-ils et comment les prier.","breadcrumb":{"@id":"https:\/\/blog.holyart.it\/fr\/articles-religieux\/2-octobre-fete-des-anges-gardiens\/#breadcrumb"},"inLanguage":"fr-FR","potentialAction":[{"@type":"ReadAction","target":["https:\/\/blog.holyart.it\/fr\/articles-religieux\/2-octobre-fete-des-anges-gardiens\/"]}]},{"@type":"ImageObject","inLanguage":"fr-FR","@id":"https:\/\/blog.holyart.it\/fr\/articles-religieux\/2-octobre-fete-des-anges-gardiens\/#primaryimage","url":"https:\/\/blog.holyart.it\/fr\/wp-content\/uploads\/sites\/14\/2024\/09\/2-octobre-fete-des-anges-gardiens.jpg","contentUrl":"https:\/\/blog.holyart.it\/fr\/wp-content\/uploads\/sites\/14\/2024\/09\/2-octobre-fete-des-anges-gardiens.jpg","width":1000,"height":666,"caption":"2 octobre f\u00eate des anges gardiens"},{"@type":"BreadcrumbList","@id":"https:\/\/blog.holyart.it\/fr\/articles-religieux\/2-octobre-fete-des-anges-gardiens\/#breadcrumb","itemListElement":[{"@type":"ListItem","position":1,"name":"Homepage","item":"https:\/\/blog.holyart.it\/fr\/"},{"@type":"ListItem","position":2,"name":"Religion","item":"https:\/\/blog.holyart.it\/fr\/articles-religieux\/"},{"@type":"ListItem","position":3,"name":"2 octobre : f\u00eate des anges gardiens"}]},{"@type":"WebSite","@id":"https:\/\/blog.holyart.it\/fr\/#website","url":"https:\/\/blog.holyart.it\/fr\/","name":"Holyart.fr Blog","description":"Holyblog","publisher":{"@id":"https:\/\/blog.holyart.it\/fr\/#organization"},"potentialAction":[{"@type":"SearchAction","target":{"@type":"EntryPoint","urlTemplate":"https:\/\/blog.holyart.it\/fr\/?s={search_term_string}"},"query-input":{"@type":"PropertyValueSpecification","valueRequired":true,"valueName":"search_term_string"}}],"inLanguage":"fr-FR"},{"@type":"Organization","@id":"https:\/\/blog.holyart.it\/fr\/#organization","name":"Holyart.fr Blog","url":"https:\/\/blog.holyart.it\/fr\/","logo":{"@type":"ImageObject","inLanguage":"fr-FR","@id":"https:\/\/blog.holyart.it\/fr\/#\/schema\/logo\/image\/","url":"https:\/\/blog.holyart.it\/fr\/wp-content\/uploads\/sites\/14\/2022\/12\/Holyart_Blog_Logo.jpg","contentUrl":"https:\/\/blog.holyart.it\/fr\/wp-content\/uploads\/sites\/14\/2022\/12\/Holyart_Blog_Logo.jpg","width":300,"height":50,"caption":"Holyart.fr Blog"},"image":{"@id":"https:\/\/blog.holyart.it\/fr\/#\/schema\/logo\/image\/"}},{"@type":"Person","@id":"https:\/\/blog.holyart.it\/fr\/#\/schema\/person\/0a7b686e5af0f856ec1e390dd0baecda","name":"Redazione","image":{"@type":"ImageObject","inLanguage":"fr-FR","@id":"https:\/\/blog.holyart.it\/fr\/#\/schema\/person\/image\/","url":"https:\/\/secure.gravatar.com\/avatar\/f477da817f43e50d0af36abecd33e3edf826c68299714bdc1057dff3b113f516?s=96&d=mm&r=g","contentUrl":"https:\/\/secure.gravatar.com\/avatar\/f477da817f43e50d0af36abecd33e3edf826c68299714bdc1057dff3b113f516?s=96&d=mm&r=g","caption":"Redazione"},"url":"https:\/\/blog.holyart.it\/fr\/author\/admin\/"}]}},"_links":{"self":[{"href":"https:\/\/blog.holyart.it\/fr\/wp-json\/wp\/v2\/posts\/8833","targetHints":{"allow":["GET"]}}],"collection":[{"href":"https:\/\/blog.holyart.it\/fr\/wp-json\/wp\/v2\/posts"}],"about":[{"href":"https:\/\/blog.holyart.it\/fr\/wp-json\/wp\/v2\/types\/post"}],"author":[{"embeddable":true,"href":"https:\/\/blog.holyart.it\/fr\/wp-json\/wp\/v2\/users\/1"}],"replies":[{"embeddable":true,"href":"https:\/\/blog.holyart.it\/fr\/wp-json\/wp\/v2\/comments?post=8833"}],"version-history":[{"count":5,"href":"https:\/\/blog.holyart.it\/fr\/wp-json\/wp\/v2\/posts\/8833\/revisions"}],"predecessor-version":[{"id":8847,"href":"https:\/\/blog.holyart.it\/fr\/wp-json\/wp\/v2\/posts\/8833\/revisions\/8847"}],"wp:featuredmedia":[{"embeddable":true,"href":"https:\/\/blog.holyart.it\/fr\/wp-json\/wp\/v2\/media\/8835"}],"wp:attachment":[{"href":"https:\/\/blog.holyart.it\/fr\/wp-json\/wp\/v2\/media?parent=8833"}],"wp:term":[{"taxonomy":"category","embeddable":true,"href":"https:\/\/blog.holyart.it\/fr\/wp-json\/wp\/v2\/categories?post=8833"},{"taxonomy":"post_tag","embeddable":true,"href":"https:\/\/blog.holyart.it\/fr\/wp-json\/wp\/v2\/tags?post=8833"}],"curies":[{"name":"wp","href":"https:\/\/api.w.org\/{rel}","templated":true}]}}