{"id":8823,"date":"2024-09-23T10:00:11","date_gmt":"2024-09-23T08:00:11","guid":{"rendered":"https:\/\/blog.holyart.it\/fr\/?p=8823"},"modified":"2025-09-18T09:47:39","modified_gmt":"2025-09-18T07:47:39","slug":"lhistoire-de-saint-vincent-de-paul-et-son-oeuvre-de-charite","status":"publish","type":"post","link":"https:\/\/blog.holyart.it\/fr\/saints-et-bienheureux\/lhistoire-de-saint-vincent-de-paul-et-son-oeuvre-de-charite\/","title":{"rendered":"L\u2019histoire de Saint Vincent de Paul et son \u0153uvre de charit\u00e9"},"content":{"rendered":"<h4>Saint Vincent de Paul fit de la charit\u00e9 sa mission, en pr\u00eachant le mod\u00e8le de Christ, l\u2019\u00e9galit\u00e9 entre les hommes et une meilleure justice sociale. Aujourd\u2019hui, son mod\u00e8le est plus actuel que jamais.<\/h4>\n\n<p>Dans le panorama des grands saints et des figures d\u2019inspiration qui ont marqu\u00e9 l\u2019histoire de l\u2019\u00c9glise catholique, Saint Vincent de Paul se distingue par son profond <a href=\"https:\/\/www.holyart.fr\/blog\/articles-religieux\/faire-laumone-est-ce-de-la-charite\/\"><strong>d\u00e9vouement \u00e0 l\u2019\u0153uvre de charit\u00e9<\/strong><\/a> et au <strong>service des plus d\u00e9munis<\/strong>. Sa vie et son travail ont laiss\u00e9 une empreinte ind\u00e9l\u00e9bile dans l\u2019histoire de la foi et dans la pratique de la solidarit\u00e9.<\/p>\n<p>N\u00e9 en France \u00e0 la fin du XVIe si\u00e8cle, dans une p\u00e9riode caract\u00e9ris\u00e9e par de profondes divisions sociales, difficult\u00e9s \u00e9conomiques et conflits religieux, Vincent d\u00e9veloppa, d\u00e8s son plus jeune \u00e2ge, un amour profond pour les pauvres et les n\u00e9cessiteux, inspir\u00e9 par l\u2019\u00c9vangile et par son souhait de suivre <strong>l\u2019exemple de Christ dans le service aux autres<\/strong>. Issu d\u2019une famille modeste, il arriva \u00e0 \u00e9tudier gr\u00e2ce aux sacrifices de ses parents et \u00e0 l\u2019aide de quelques bienfaiteurs qui surent reconna\u00eetre les m\u00e9rites de ce jeune intelligent et \u00e0 la vocation religieuse pr\u00e9coce. Apr\u00e8s avoir re\u00e7u sa tonsure \u00e0 16 ans, Vincent de Paul, gr\u00e2ce \u00e0 l\u2019appui d\u2019un influent avocat de sa r\u00e9gion, compl\u00e9ta ses \u00e9tudes de th\u00e9ologie \u00e0 Toulouse. Son d\u00e9vouement et sa passion religieuse l\u2019amen\u00e8rent \u00e0 \u00eatre <a href=\"https:\/\/www.holyart.fr\/blog\/articles-religieux\/ordination-presbyterale-voici-comment-lon-devient-pretre\/\"><strong>ordonn\u00e9 pr\u00eatre<\/strong><\/a> le 23 septembre 1600. Au d\u00e9but, il entreprit ce chemin en tant que pr\u00eatre s\u00e9culaire, mais ensuite il trouva son chemin au sein de la <strong>Compagnie du Saint-Sacrement<\/strong>, o\u00f9 il continua de grandir spirituellement en b\u00e9n\u00e9ficiant des connaissances illustres et des c\u00e9l\u00e9brit\u00e9s religieuses membres de cette soci\u00e9t\u00e9 secr\u00e8te catholique.<\/p>\n<div class=\"link-article\">\n<p><img loading=\"lazy\" decoding=\"async\" class=\"size-full wp-image-8826 alignleft\" src=\"https:\/\/blog.holyart.it\/fr\/wp-content\/uploads\/sites\/14\/2024\/09\/Ordination-presbyterale-voici-comment-lon-devient-pretre.jpg\" alt=\"Ordination presbyt\u00e9rale voici comment l\u2019on devient pr\u00eatre\" width=\"150\" height=\"99\" data-kale-share-title=\"L\u2019histoire de Saint Vincent de Paul et son \u0153uvre de charit\u00e9\" data-kale-share-url=\"https:\/\/blog.holyart.it\/fr\/?p=8823\" \/><\/p>\n<div class=\"leggi-anche\">Lire aussi :<\/div>\n<p><strong><a href=\"https:\/\/www.holyart.fr\/blog\/articles-religieux\/ordination-presbyterale-voici-comment-lon-devient-pretre\/\">Ordination presbyt\u00e9rale : voici comment l\u2019on devient pr\u00eatre<\/a><\/strong><br \/>\nAvec l\u2019Ordination Presbyt\u00e9rale, un homme devient \u00e0 tous points de vue un pr\u00eatre. Voici comment se d\u00e9roule le rite&#8230;<\/p>\n<\/div>\n<p>Toutefois, la vie r\u00e9servait de nouveaux d\u00e9fis et adversit\u00e9s \u00e0 Vincent de Paul. En 1605, lorsqu\u2019il voyageait sur un navire de Marseille \u00e0 Narbonne, il fut <strong>captur\u00e9 par des pirates turcs <\/strong>et v\u00e9cut deux ans en captivit\u00e9 \u00e0 Tunis. La captivit\u00e9 mit \u00e0 rude \u00e9preuve sa foi et sa r\u00e9sistance, jusqu\u2019\u00e0 ce que son ma\u00eetre, converti au Christianisme, d\u00e9cida de le lib\u00e9rer.<\/p>\n<p>Une fois sa libert\u00e9 reconquise, <a href=\"https:\/\/www.holyart.fr\/articles-religieux\/statues\/statues-en-platre\/statue-saint-vincent-de-paul-30-cm-platre-peint-main-barsanti\"><strong>Vincent de Paul<\/strong><\/a> retourna en France et <strong>entra \u00e0 la cour fran\u00e7aise<\/strong> en qualit\u00e9 de chapelain et aum\u00f4nier de Marguerite de Valois, une opportunit\u00e9 qui lui offrit un regard privil\u00e9gi\u00e9 sur la soci\u00e9t\u00e9 de l\u2019\u00e9poque, mais qui lui permit \u00e9galement de percevoir les profondes diff\u00e9rences entre riches et pauvres qui seront \u00e0 la base de son \u0153uvre de mis\u00e9ricorde. En effet, malgr\u00e9 sa position privil\u00e9gi\u00e9e, Vincent ne se laissa pas pi\u00e9ger par les ambitions mat\u00e9rielles ou de carri\u00e8re, mais d\u00e9cida de se retirer \u00e0 Clichy, comme simple cur\u00e9, afin de se d\u00e9dier corps et \u00e2me \u00e0 l\u2019<strong>enseignement du cat\u00e9chisme <\/strong>et, encore plus important, \u00e0 <strong>l\u2019aide directe des infirmes et des pauvres<\/strong>.<\/p>\n<div class=\"link-product\">\n<div class=\"blocco-immagine\"><img loading=\"lazy\" decoding=\"async\" class=\"size-full wp-image-8827 alignleft\" src=\"https:\/\/blog.holyart.it\/fr\/wp-content\/uploads\/sites\/14\/2024\/09\/Statue-Saint-Vincent-de-Paul-30-cm-platre-peint-main-Barsanti.jpg\" alt=\"Statue Saint Vincent de Paul 30 cm pl\u00e2tre peint main Barsanti\" width=\"100\" height=\"100\" data-kale-share-title=\"L\u2019histoire de Saint Vincent de Paul et son \u0153uvre de charit\u00e9\" data-kale-share-url=\"https:\/\/blog.holyart.it\/fr\/?p=8823\" \/><\/div>\n<div class=\"blocco-contenuto\">\n<div class=\"blocco-acquista\">Acheter sur Holyart:<\/div>\n<div class=\"blocco-titolo\"><a href=\"https:\/\/www.holyart.fr\/articles-religieux\/statues\/statues-en-platre\/statue-saint-vincent-de-paul-30-cm-platre-peint-main-barsanti\">Statue Saint Vincent de Paul 30 cm pl\u00e2tre peint main Barsanti<\/a><\/div>\n<div class=\"blocco-descrizione\">Statue r\u00e9alis\u00e9e en pl\u00e2tre, caract\u00e9ris\u00e9e par la finition color\u00e9e ex\u00e9cut\u00e9e \u00e0 la main par des artisans d&rsquo;une entreprise italienne.<\/div>\n<\/div>\n<\/div>\n<p>Cette p\u00e9riode de sa vie est particuli\u00e8rement inspir\u00e9e par la connaissance de <a href=\"https:\/\/www.holyart.fr\/blog\/saints-et-bienheureux\/saint-francois-de-sales-le-saint-patron-des-journalistes\/\"><strong>Fran\u00e7ois de Sales<\/strong><\/a>, \u00e9v\u00eaque, th\u00e9ologien, pr\u00eacheur et fondateur de l\u2019Ordre de la Visitation de Sainte Marie qui sut faire de l\u2019amour pour Dieu et de la douceur dans l\u2019expression de ses croyances son arme la plus puissante. Cette rencontre guida de mani\u00e8re encore plus significative la vie et l\u2019\u0153uvre de Vincent dans une perspective de charit\u00e9 et service aux autres et jeta les fondations pour la cr\u00e9ation des <strong>Filles de la Charit\u00e9<\/strong> et des <strong>Confr\u00e9ries de la Charit\u00e9<\/strong>, le v\u00e9ritable h\u00e9ritage d\u2019amour et de compassion envers son prochain laiss\u00e9 par Saint Vincent de Paul.<\/p>\n<p>Vincent continua de poursuivre ses objectifs en tant que pr\u00eatre, mais aussi en collaborant avec de nombreuses familles nobles de l\u2019\u00e9poque afin d\u2019obtenir les financements n\u00e9cessaires et les aides pour promouvoir ses \u0153uvres de charit\u00e9. En tant que pr\u00e9cepteur au service des <strong>marquis de Gondi<\/strong>, il offrit une aide pratique aux enfants orphelins et d\u00e9sh\u00e9rit\u00e9s. Il cr\u00e9a \u00e9galement des groupes de pr\u00eatres instruits afin d\u2019\u00e9vang\u00e9liser les paysans dans les zones rurales les plus pauvres. Naquit ainsi en 1625 le premier noyau de la <strong>Congr\u00e9gation de la mission<\/strong> (<em>Congregatio Missionis<\/em>), une soci\u00e9t\u00e9 cl\u00e9ricale de vie apostolique de droit pontifical, dont les membres seront ensuite commun\u00e9ment appel\u00e9s <em>lazaristes<\/em>.<\/p>\n<div class=\"link-article\">\n<p><img loading=\"lazy\" decoding=\"async\" class=\"size-full wp-image-8828 alignleft\" src=\"https:\/\/blog.holyart.it\/fr\/wp-content\/uploads\/sites\/14\/2024\/09\/Saint-Francois-de-Sales-le-saint-patron-des-journalistes.jpg\" alt=\"Saint Fran\u00e7ois de Sales, le saint patron des journalistes\" width=\"150\" height=\"99\" data-kale-share-title=\"L\u2019histoire de Saint Vincent de Paul et son \u0153uvre de charit\u00e9\" data-kale-share-url=\"https:\/\/blog.holyart.it\/fr\/?p=8823\" \/><\/p>\n<div class=\"leggi-anche\">Lire aussi :<\/div>\n<p><strong><a href=\"https:\/\/www.holyart.fr\/blog\/saints-et-bienheureux\/saint-francois-de-sales-le-saint-patron-des-journalistes\/\">Saint Fran\u00e7ois de Sales, le saint patron des journalistes<\/a><\/strong><br \/>\nSaint Fran\u00e7ois de Sales fit de l\u2019amour pour Dieu et de la douceur dans l\u2019expression son credo l\u2019arme la plus puissante de sa pr\u00e9dication&#8230;<\/p>\n<\/div>\n<p>Ses nombreuses initiatives humanitaires, men\u00e9es \u00e9galement avec l\u2019aide de ses Missionnaires et des Filles de la charit\u00e9, s\u2019adressent aux pauvres, aux malades (ils entreront \u00e9galement \u00e0 l\u2019H\u00f4pital des innocents de Paris), aux orphelins, aux personnes \u00e2g\u00e9es et m\u00eame aux victimes des Guerres de religion entre catholiques et protestants qui avaient ravag\u00e9 le pays dans ces derni\u00e8res d\u00e9cennies.<\/p>\n<p><strong>Roi Louis XIII<\/strong> appela Vincent \u00e0 sa cour en tant que conseiller, m\u00eame si pour une br\u00e8ve p\u00e9riode, mais demanda ensuite la pr\u00e9sence du Saint sur son lit de mort.<\/p>\n<p>Saint Vincent de Paul <strong>mourut le 27 septembre 1660<\/strong>. Ses restes sont aujourd\u2019hui enterr\u00e9s dans la Chapelle Saint-Vincent-de-Paul, toujours \u00e0 Paris. Le 27 septembre, l\u2019\u00c9glise c\u00e9l\u00e8bre la m\u00e9moire liturgique de Saint Vincent de Paul (pour la messe tridentine, il est par contre f\u00eat\u00e9 le 19 juillet).<\/p>\n<p>L\u2019h\u00e9ritage de Saint Vincent de Paul perdure encore aujourd\u2019hui \u00e0 travers l\u2019\u0153uvre des Filles de la Charit\u00e9 et des Confr\u00e9ries de la Charit\u00e9, qui continuent de servir les pauvres et les n\u00e9cessiteux du monde entier. Sa vie et son engagement ont \u00e9t\u00e9 reconnus avec sa <strong>canonisation en 1737<\/strong> par Pape Cl\u00e9ment XII.<\/p>\n<h2>Saint Vincent de Paul et la lutte contre l\u2019\u00e9cart entre riches et pauvres<\/h2>\n<p>La vision de Saint Vincent de Paul sur la <strong>charit\u00e9 comme mission centrale de l\u2019\u00c9glise<\/strong> <strong>et de la vie chr\u00e9tienne<\/strong> l\u2019amena \u00e0 construire un lien profond avec les pauvres et les mis\u00e9rables. Sa compassion et son engagement lui ont valu le titre d\u2019<a href=\"https:\/\/www.holyart.fr\/articles-religieux\/statues\/statues-en-platre\/saint-vincent-de-paul-25-cm-statue-platre-peint-main-arte-barsanti\"><strong><em>Ap\u00f4tre de la Charit\u00e9<\/em><\/strong><\/a> et sa lutte infatigable contre l\u2019\u00e9cart entre riches et pauvres a laiss\u00e9 une empreinte ind\u00e9l\u00e9bile dans l\u2019histoire. Sa vie et son travail ont \u00e9t\u00e9 enti\u00e8rement d\u00e9di\u00e9s \u00e0 servir les plus n\u00e9cessiteux, en soulageant les souffrances des parias de la soci\u00e9t\u00e9 et en <strong>promouvant l\u2019\u00e9galit\u00e9 entre tous les \u00eatres humains<\/strong>.<\/p>\n<p>Saint Vincent de Paul a reconnu que la pauvret\u00e9 ne concernait pas uniquement le manque de ressources financi\u00e8res, mais aussi <strong>l\u2019absence d\u2019opportunit\u00e9 et d\u2019acc\u00e8s \u00e0 l\u2019instruction<\/strong>. Dans ce sens, il a essay\u00e9 de garantir aux pauvres la possibilit\u00e9 d\u2019obtenir les comp\u00e9tences n\u00e9cessaires afin d\u2019am\u00e9liorer leurs vies et de trouver des moyens dignes de subvenir \u00e0 leurs besoins.<\/p>\n<div class=\"link-product\">\n<div class=\"blocco-immagine\"><img loading=\"lazy\" decoding=\"async\" class=\"size-full wp-image-8829 alignleft\" src=\"https:\/\/blog.holyart.it\/fr\/wp-content\/uploads\/sites\/14\/2024\/09\/Saint-Vincent-de-Paul-25-cm-statue-platre-peint-main-Arte-Barsanti.jpg\" alt=\"Saint Vincent de Paul 25 cm statue pl\u00e2tre peint main Arte Barsanti\" width=\"100\" height=\"100\" data-kale-share-title=\"L\u2019histoire de Saint Vincent de Paul et son \u0153uvre de charit\u00e9\" data-kale-share-url=\"https:\/\/blog.holyart.it\/fr\/?p=8823\" \/><\/div>\n<div class=\"blocco-contenuto\">\n<div class=\"blocco-acquista\">Acheter sur Holyart:<\/div>\n<div class=\"blocco-titolo\"><a href=\"https:\/\/www.holyart.fr\/articles-religieux\/statues\/statues-en-platre\/saint-vincent-de-paul-25-cm-statue-platre-peint-main-arte-barsanti\">Saint Vincent de Paul 25 cm statue pl\u00e2tre peint main Arte Barsanti<\/a><\/div>\n<div class=\"blocco-descrizione\">Statue de haute qualit\u00e9 en pl\u00e2tre peint \u00e0 la main, r\u00e9alis\u00e9e par une entreprise italienne renomm\u00e9e.<\/div>\n<\/div>\n<\/div>\n<p>Un autre aspect important de la lutte de Saint Vincent contre l\u2019\u00e9cart entre riches et pauvres a \u00e9t\u00e9 son <strong>\u0153uvre de sensibilisation<\/strong>. \u00c0 travers son exemple et sa pr\u00e9dication, il a essay\u00e9 d\u2019<strong>inspirer les autres<\/strong>, en particulier ceux qui poss\u00e9daient privil\u00e8ges et ressources, \u00e0 partager avec les moins chanceux et \u00e0 comprendre leur situation. Il a d\u00e9fi\u00e9 les structures du pouvoir et les injustices sociales de son temps, en exhortant les riches \u00e0 reconna\u00eetre leurs responsabilit\u00e9s vis-\u00e0-vis des plus vuln\u00e9rables.<\/p>\n<p>\u00c0 une \u00e9poque \u2013 la n\u00f4tre \u2013 o\u00f9 l\u2019\u00e9cart entre riches et pauvres continue d\u2019\u00eatre un d\u00e9fi consid\u00e9rable, l\u2019exemple de Saint Vincent de Paul nous invite \u00e0 r\u00e9fl\u00e9chir sur notre engagement pour <strong>r\u00e9duire les disparit\u00e9s sociales<\/strong>. Son d\u00e9vouement et son esprit altruiste sont un appel \u00e0 <strong>promouvoir la justice sociale<\/strong>, \u00e0 travailler pour l\u2019\u00e9galit\u00e9 et \u00e0 tendre la main afin de proposer de l\u2019aide \u00e0 ceux qui en ont le plus besoin.<\/p>\n<h2>Les Filles de la Charit\u00e9<\/h2>\n<p>Une des contributions les plus significatives de Saint Vincent de Paul \u00e0 l\u2019\u0153uvre de charit\u00e9 fut justement la fondation des <strong>Filles de la Charit\u00e9<\/strong> avec Sainte Louise de Marillac et Marguerite Naseau, avec le soutien de l\u2019\u00c9glise. Cette congr\u00e9gation religieuse f\u00e9minine s\u2019est d\u00e9di\u00e9e d\u00e8s le d\u00e9but \u00e0 l\u2019<strong>assistance aux pauvres<\/strong>, aux <strong>malades<\/strong> et aux <strong>marginaux<\/strong>.<\/p>\n<p>L\u2019histoire des Filles de la Charit\u00e9 trouve son origine dans les <a href=\"https:\/\/www.holyart.fr\/articles-religieux\/medailles-confreries-et-associations\"><strong>Confr\u00e9ries<\/strong><\/a> <strong>des Dames de la Charit\u00e9<\/strong>, institu\u00e9es \u00e0 partir de 1617 par Vincent de Paul en personne. Ces confr\u00e9ries avaient pour but de fournir une <strong>assistance \u00e0 domicile aux n\u00e9cessiteux et aux malades<\/strong>. R\u00e9pandues tout d\u2019abord dans les zones rurales de France, les confr\u00e9ries d\u00e9barqu\u00e8rent \u00e0 Paris aussi, o\u00f9 en 1630 Vincent confia la direction de ces dames \u00e0 <strong>Louise de Marillac<\/strong>\u00a0(1591-1660). Puisque la disponibilit\u00e9 des femmes n\u2019\u00e9taient pas suffisantes pour r\u00e9pondre aux r\u00e9els besoins des nombreux pauvres et d\u00e9sesp\u00e9r\u00e9s de Paris, Vincent proposa aux quatre premi\u00e8res filles qui avaient r\u00e9pondu \u00e0 son appel et qui avaient \u00e9t\u00e9 \u00e9duqu\u00e9es par Louise de Marillac de vivre une <strong>vie en communaut\u00e9<\/strong>. Naquit ainsi la premi\u00e8re compagnie de femme en habit s\u00e9culaire d\u00e9di\u00e9es \u00e0 l\u2019assistance. Ensuite, Louise et ses compagnes prononc\u00e8rent leurs v\u0153ux de <strong>pauvret\u00e9, ob\u00e9issance et chastet\u00e9<\/strong>, outre qu\u2019un quatri\u00e8me v\u0153u sp\u00e9cifique\u00a0: <strong>servir les pauvres<\/strong>.<\/p>\n<div class=\"link-product\">\n<div class=\"blocco-immagine\"><img loading=\"lazy\" decoding=\"async\" class=\"size-full wp-image-8830 alignleft\" src=\"https:\/\/blog.holyart.it\/fr\/wp-content\/uploads\/sites\/14\/2024\/09\/Medailles-confreries-et-associations.jpg\" alt=\"M\u00e9dailles confr\u00e9ries et associations\" width=\"100\" height=\"100\" data-kale-share-title=\"L\u2019histoire de Saint Vincent de Paul et son \u0153uvre de charit\u00e9\" data-kale-share-url=\"https:\/\/blog.holyart.it\/fr\/?p=8823\" \/><\/div>\n<div class=\"blocco-contenuto\">\n<div class=\"blocco-acquista\">Acheter sur Holyart:<\/div>\n<div class=\"blocco-titolo\"><a href=\"https:\/\/www.holyart.fr\/articles-religieux\/medailles-confreries-et-associations\">M\u00e9dailles confr\u00e9ries et associations<\/a><\/div>\n<div class=\"blocco-descrizione\">M\u00e9daillons en m\u00e9tal pour confr\u00e9ries r\u00e9alis\u00e9s par des artisans Italiens.<\/div>\n<\/div>\n<\/div>\n<p>L\u2019archev\u00eaque de Paris, Jean-Fran\u00e7ois de Gondi, approuva officiellement la compagnie, appel\u00e9e <strong>Compagnie des Filles de la Charit\u00e9, Servantes des pauvres<\/strong>, et en 1668 arriva \u00e9galement la reconnaissance pontificale. Depuis lors, la compagnie n\u2019a jamais arr\u00eat\u00e9 son \u0153uvre de charit\u00e9 et de mis\u00e9ricorde, en se d\u00e9dia \u00e0 l\u2019assistance aux orphelins, malades dans les h\u00f4pitaux, personnes \u00e2g\u00e9es dans les maisons de repos, invalides, mais aussi \u00e0 l\u2019instruction dans les \u00e9coles et \u00e0 l\u2019aide aux femmes et aux enfants.<\/p>\n<p>L\u2019<a href=\"https:\/\/www.holyart.fr\/accessoires-pour-la-liturgie\/habits-clerge\/vetement-religieuses\"><strong>habit<\/strong><\/a> des Filles de la Charit\u00e9 a subi des changements au cours du temps, des habits s\u00e9culaires \u00e0 l\u2019usage du costume des femmes du peuple de l\u2019\u00cele-de-France, caract\u00e9ris\u00e9 par la cornette, une coiffe \u00e0 larges bords. Apr\u00e8s le Concile Vatican II, l\u2019habit a \u00e9t\u00e9 simplifi\u00e9 et modifi\u00e9.<\/p>\n<p>Aujourd\u2019hui, les Filles de la Charit\u00e9 sont pr\u00e9sentes dans 91 pays et constituent la plus nombreuse soci\u00e9t\u00e9 f\u00e9minine au sein de l\u2019\u00c9glise. Leur \u0153uvre continue de refl\u00e9ter l\u2019amour et le d\u00e9vouement de Vincent de Paul et Louise de Marillac dans le service des plus n\u00e9cessiteux, en perp\u00e9tuant un h\u00e9ritage de compassion et solidarit\u00e9.<\/p>\n<h2>Les<em>\u00a0regulae<\/em>\u00a0de Saint Vincent<\/h2>\n<p>Vincent de Paul n\u2019a pas laiss\u00e9 d\u2019\u0153uvres \u00e9crites, mais son h\u00e9ritage le plus grand est justement <strong>l\u2019enseignement de la Charit\u00e9<\/strong>. Une charit\u00e9 faite principalement d\u2019actions, de faits concrets, aliment\u00e9e par l\u2019amour pour Dieu et pour son prochain sans aucune distinction. Pri\u00e8re et action, \u00e9vang\u00e9lisation et lutte contre les in\u00e9galit\u00e9s et l\u2019injustice sociale, au nom d\u2019une am\u00e9lioration du monde pour tous les hommes, m\u00eame les moins chanceux.<\/p>\n<p>Celles-l\u00e0 sont les <strong><em>Regulae<\/em><\/strong> laiss\u00e9es par le Saint pour ses disciples : simplicit\u00e9, humilit\u00e9, mansu\u00e9tude, mortification, mais surtout une in\u00e9puisable volont\u00e9 de faire du bien, dans le corps et dans l\u2019esprit, au prochain.<\/p>\n","protected":false},"excerpt":{"rendered":"<p>Saint Vincent de Paul fit de la charit\u00e9 sa mission, en pr\u00eachant le mod\u00e8le de Christ, l\u2019\u00e9galit\u00e9 entre les hommes et une meilleure justice sociale. Aujourd\u2019hui, son mod\u00e8le est plus actuel que jamais. Dans le panorama des grands saints et des figures d\u2019inspiration qui ont&hellip;<\/p>\n","protected":false},"author":1,"featured_media":8824,"comment_status":"closed","ping_status":"open","sticky":false,"template":"","format":"standard","meta":{"_acf_changed":false,"footnotes":""},"categories":[8,7],"tags":[],"class_list":["post-8823","post","type-post","status-publish","format-standard","has-post-thumbnail","hentry","category-articles-religieux","category-saints-et-bienheureux"],"acf":[],"yoast_head":"<!-- This site is optimized with the Yoast SEO plugin v26.6 - https:\/\/yoast.com\/wordpress\/plugins\/seo\/ -->\n<title>L\u2019histoire de Saint Vincent de Paul et son \u0153uvre de charit\u00e9 - Holyart.fr Blog<\/title>\n<meta name=\"description\" content=\"Saint Vincent de Paul fonda les Filles de la Charit\u00e9 en tant qu\u2019instrument de son \u0153uvre de charit\u00e9 et de mis\u00e9ricorde. Il promut l\u2019\u00e9galit\u00e9 et la justice sociale.\" \/>\n<meta name=\"robots\" content=\"index, follow, max-snippet:-1, max-image-preview:large, max-video-preview:-1\" \/>\n<link rel=\"canonical\" href=\"https:\/\/blog.holyart.it\/fr\/saints-et-bienheureux\/lhistoire-de-saint-vincent-de-paul-et-son-oeuvre-de-charite\/\" \/>\n<meta property=\"og:locale\" content=\"fr_FR\" \/>\n<meta property=\"og:type\" content=\"article\" \/>\n<meta property=\"og:title\" content=\"L\u2019histoire de Saint Vincent de Paul et son \u0153uvre de charit\u00e9 - Holyart.fr Blog\" \/>\n<meta property=\"og:description\" content=\"Saint Vincent de Paul fonda les Filles de la Charit\u00e9 en tant qu\u2019instrument de son \u0153uvre de charit\u00e9 et de mis\u00e9ricorde. Il promut l\u2019\u00e9galit\u00e9 et la justice sociale.\" \/>\n<meta property=\"og:url\" content=\"https:\/\/blog.holyart.it\/fr\/saints-et-bienheureux\/lhistoire-de-saint-vincent-de-paul-et-son-oeuvre-de-charite\/\" \/>\n<meta property=\"og:site_name\" content=\"Holyart.fr Blog\" \/>\n<meta property=\"article:published_time\" content=\"2024-09-23T08:00:11+00:00\" \/>\n<meta property=\"article:modified_time\" content=\"2025-09-18T07:47:39+00:00\" \/>\n<meta property=\"og:image\" content=\"https:\/\/blog.holyart.it\/fr\/wp-content\/uploads\/sites\/14\/2024\/09\/Lhistoire-de-Saint-Vincent-de-Paul-et-son-oeuvre-de-charite.jpg\" \/>\n\t<meta property=\"og:image:width\" content=\"1000\" \/>\n\t<meta property=\"og:image:height\" content=\"666\" \/>\n\t<meta property=\"og:image:type\" content=\"image\/jpeg\" \/>\n<meta name=\"author\" content=\"Redazione\" \/>\n<meta name=\"twitter:card\" content=\"summary_large_image\" \/>\n<meta name=\"twitter:label1\" content=\"\u00c9crit par\" \/>\n\t<meta name=\"twitter:data1\" content=\"Redazione\" \/>\n\t<meta name=\"twitter:label2\" content=\"Dur\u00e9e de lecture estim\u00e9e\" \/>\n\t<meta name=\"twitter:data2\" content=\"11 minutes\" \/>\n<script type=\"application\/ld+json\" class=\"yoast-schema-graph\">{\"@context\":\"https:\/\/schema.org\",\"@graph\":[{\"@type\":\"Article\",\"@id\":\"https:\/\/blog.holyart.it\/fr\/saints-et-bienheureux\/lhistoire-de-saint-vincent-de-paul-et-son-oeuvre-de-charite\/#article\",\"isPartOf\":{\"@id\":\"https:\/\/blog.holyart.it\/fr\/saints-et-bienheureux\/lhistoire-de-saint-vincent-de-paul-et-son-oeuvre-de-charite\/\"},\"author\":{\"name\":\"Redazione\",\"@id\":\"https:\/\/blog.holyart.it\/fr\/#\/schema\/person\/0a7b686e5af0f856ec1e390dd0baecda\"},\"headline\":\"L\u2019histoire de Saint Vincent de Paul et son \u0153uvre de charit\u00e9\",\"datePublished\":\"2024-09-23T08:00:11+00:00\",\"dateModified\":\"2025-09-18T07:47:39+00:00\",\"mainEntityOfPage\":{\"@id\":\"https:\/\/blog.holyart.it\/fr\/saints-et-bienheureux\/lhistoire-de-saint-vincent-de-paul-et-son-oeuvre-de-charite\/\"},\"wordCount\":2058,\"publisher\":{\"@id\":\"https:\/\/blog.holyart.it\/fr\/#organization\"},\"image\":{\"@id\":\"https:\/\/blog.holyart.it\/fr\/saints-et-bienheureux\/lhistoire-de-saint-vincent-de-paul-et-son-oeuvre-de-charite\/#primaryimage\"},\"thumbnailUrl\":\"https:\/\/blog.holyart.it\/fr\/wp-content\/uploads\/sites\/14\/2024\/09\/Lhistoire-de-Saint-Vincent-de-Paul-et-son-oeuvre-de-charite.jpg\",\"articleSection\":[\"Religion\",\"Saints et Bienheureux\"],\"inLanguage\":\"fr-FR\"},{\"@type\":\"WebPage\",\"@id\":\"https:\/\/blog.holyart.it\/fr\/saints-et-bienheureux\/lhistoire-de-saint-vincent-de-paul-et-son-oeuvre-de-charite\/\",\"url\":\"https:\/\/blog.holyart.it\/fr\/saints-et-bienheureux\/lhistoire-de-saint-vincent-de-paul-et-son-oeuvre-de-charite\/\",\"name\":\"L\u2019histoire de Saint Vincent de Paul et son \u0153uvre de charit\u00e9 - Holyart.fr Blog\",\"isPartOf\":{\"@id\":\"https:\/\/blog.holyart.it\/fr\/#website\"},\"primaryImageOfPage\":{\"@id\":\"https:\/\/blog.holyart.it\/fr\/saints-et-bienheureux\/lhistoire-de-saint-vincent-de-paul-et-son-oeuvre-de-charite\/#primaryimage\"},\"image\":{\"@id\":\"https:\/\/blog.holyart.it\/fr\/saints-et-bienheureux\/lhistoire-de-saint-vincent-de-paul-et-son-oeuvre-de-charite\/#primaryimage\"},\"thumbnailUrl\":\"https:\/\/blog.holyart.it\/fr\/wp-content\/uploads\/sites\/14\/2024\/09\/Lhistoire-de-Saint-Vincent-de-Paul-et-son-oeuvre-de-charite.jpg\",\"datePublished\":\"2024-09-23T08:00:11+00:00\",\"dateModified\":\"2025-09-18T07:47:39+00:00\",\"description\":\"Saint Vincent de Paul fonda les Filles de la Charit\u00e9 en tant qu\u2019instrument de son \u0153uvre de charit\u00e9 et de mis\u00e9ricorde. Il promut l\u2019\u00e9galit\u00e9 et la justice sociale.\",\"breadcrumb\":{\"@id\":\"https:\/\/blog.holyart.it\/fr\/saints-et-bienheureux\/lhistoire-de-saint-vincent-de-paul-et-son-oeuvre-de-charite\/#breadcrumb\"},\"inLanguage\":\"fr-FR\",\"potentialAction\":[{\"@type\":\"ReadAction\",\"target\":[\"https:\/\/blog.holyart.it\/fr\/saints-et-bienheureux\/lhistoire-de-saint-vincent-de-paul-et-son-oeuvre-de-charite\/\"]}]},{\"@type\":\"ImageObject\",\"inLanguage\":\"fr-FR\",\"@id\":\"https:\/\/blog.holyart.it\/fr\/saints-et-bienheureux\/lhistoire-de-saint-vincent-de-paul-et-son-oeuvre-de-charite\/#primaryimage\",\"url\":\"https:\/\/blog.holyart.it\/fr\/wp-content\/uploads\/sites\/14\/2024\/09\/Lhistoire-de-Saint-Vincent-de-Paul-et-son-oeuvre-de-charite.jpg\",\"contentUrl\":\"https:\/\/blog.holyart.it\/fr\/wp-content\/uploads\/sites\/14\/2024\/09\/Lhistoire-de-Saint-Vincent-de-Paul-et-son-oeuvre-de-charite.jpg\",\"width\":1000,\"height\":666,\"caption\":\"L\u2019histoire de Saint Vincent de Paul et son \u0153uvre de charit\u00e9\"},{\"@type\":\"BreadcrumbList\",\"@id\":\"https:\/\/blog.holyart.it\/fr\/saints-et-bienheureux\/lhistoire-de-saint-vincent-de-paul-et-son-oeuvre-de-charite\/#breadcrumb\",\"itemListElement\":[{\"@type\":\"ListItem\",\"position\":1,\"name\":\"Homepage\",\"item\":\"https:\/\/blog.holyart.it\/fr\/\"},{\"@type\":\"ListItem\",\"position\":2,\"name\":\"Saints et Bienheureux\",\"item\":\"https:\/\/blog.holyart.it\/fr\/saints-et-bienheureux\/\"},{\"@type\":\"ListItem\",\"position\":3,\"name\":\"L\u2019histoire de Saint Vincent de Paul et son \u0153uvre de charit\u00e9\"}]},{\"@type\":\"WebSite\",\"@id\":\"https:\/\/blog.holyart.it\/fr\/#website\",\"url\":\"https:\/\/blog.holyart.it\/fr\/\",\"name\":\"Holyart.fr Blog\",\"description\":\"Holyblog\",\"publisher\":{\"@id\":\"https:\/\/blog.holyart.it\/fr\/#organization\"},\"potentialAction\":[{\"@type\":\"SearchAction\",\"target\":{\"@type\":\"EntryPoint\",\"urlTemplate\":\"https:\/\/blog.holyart.it\/fr\/?s={search_term_string}\"},\"query-input\":{\"@type\":\"PropertyValueSpecification\",\"valueRequired\":true,\"valueName\":\"search_term_string\"}}],\"inLanguage\":\"fr-FR\"},{\"@type\":\"Organization\",\"@id\":\"https:\/\/blog.holyart.it\/fr\/#organization\",\"name\":\"Holyart.fr Blog\",\"url\":\"https:\/\/blog.holyart.it\/fr\/\",\"logo\":{\"@type\":\"ImageObject\",\"inLanguage\":\"fr-FR\",\"@id\":\"https:\/\/blog.holyart.it\/fr\/#\/schema\/logo\/image\/\",\"url\":\"https:\/\/blog.holyart.it\/fr\/wp-content\/uploads\/sites\/14\/2022\/12\/Holyart_Blog_Logo.jpg\",\"contentUrl\":\"https:\/\/blog.holyart.it\/fr\/wp-content\/uploads\/sites\/14\/2022\/12\/Holyart_Blog_Logo.jpg\",\"width\":300,\"height\":50,\"caption\":\"Holyart.fr Blog\"},\"image\":{\"@id\":\"https:\/\/blog.holyart.it\/fr\/#\/schema\/logo\/image\/\"}},{\"@type\":\"Person\",\"@id\":\"https:\/\/blog.holyart.it\/fr\/#\/schema\/person\/0a7b686e5af0f856ec1e390dd0baecda\",\"name\":\"Redazione\",\"image\":{\"@type\":\"ImageObject\",\"inLanguage\":\"fr-FR\",\"@id\":\"https:\/\/blog.holyart.it\/fr\/#\/schema\/person\/image\/\",\"url\":\"https:\/\/secure.gravatar.com\/avatar\/f477da817f43e50d0af36abecd33e3edf826c68299714bdc1057dff3b113f516?s=96&d=mm&r=g\",\"contentUrl\":\"https:\/\/secure.gravatar.com\/avatar\/f477da817f43e50d0af36abecd33e3edf826c68299714bdc1057dff3b113f516?s=96&d=mm&r=g\",\"caption\":\"Redazione\"},\"url\":\"https:\/\/blog.holyart.it\/fr\/author\/admin\/\"}]}<\/script>\n<!-- \/ Yoast SEO plugin. -->","yoast_head_json":{"title":"L\u2019histoire de Saint Vincent de Paul et son \u0153uvre de charit\u00e9 - Holyart.fr Blog","description":"Saint Vincent de Paul fonda les Filles de la Charit\u00e9 en tant qu\u2019instrument de son \u0153uvre de charit\u00e9 et de mis\u00e9ricorde. Il promut l\u2019\u00e9galit\u00e9 et la justice sociale.","robots":{"index":"index","follow":"follow","max-snippet":"max-snippet:-1","max-image-preview":"max-image-preview:large","max-video-preview":"max-video-preview:-1"},"canonical":"https:\/\/blog.holyart.it\/fr\/saints-et-bienheureux\/lhistoire-de-saint-vincent-de-paul-et-son-oeuvre-de-charite\/","og_locale":"fr_FR","og_type":"article","og_title":"L\u2019histoire de Saint Vincent de Paul et son \u0153uvre de charit\u00e9 - Holyart.fr Blog","og_description":"Saint Vincent de Paul fonda les Filles de la Charit\u00e9 en tant qu\u2019instrument de son \u0153uvre de charit\u00e9 et de mis\u00e9ricorde. Il promut l\u2019\u00e9galit\u00e9 et la justice sociale.","og_url":"https:\/\/blog.holyart.it\/fr\/saints-et-bienheureux\/lhistoire-de-saint-vincent-de-paul-et-son-oeuvre-de-charite\/","og_site_name":"Holyart.fr Blog","article_published_time":"2024-09-23T08:00:11+00:00","article_modified_time":"2025-09-18T07:47:39+00:00","og_image":[{"width":1000,"height":666,"url":"https:\/\/blog.holyart.it\/fr\/wp-content\/uploads\/sites\/14\/2024\/09\/Lhistoire-de-Saint-Vincent-de-Paul-et-son-oeuvre-de-charite.jpg","type":"image\/jpeg"}],"author":"Redazione","twitter_card":"summary_large_image","twitter_misc":{"\u00c9crit par":"Redazione","Dur\u00e9e de lecture estim\u00e9e":"11 minutes"},"schema":{"@context":"https:\/\/schema.org","@graph":[{"@type":"Article","@id":"https:\/\/blog.holyart.it\/fr\/saints-et-bienheureux\/lhistoire-de-saint-vincent-de-paul-et-son-oeuvre-de-charite\/#article","isPartOf":{"@id":"https:\/\/blog.holyart.it\/fr\/saints-et-bienheureux\/lhistoire-de-saint-vincent-de-paul-et-son-oeuvre-de-charite\/"},"author":{"name":"Redazione","@id":"https:\/\/blog.holyart.it\/fr\/#\/schema\/person\/0a7b686e5af0f856ec1e390dd0baecda"},"headline":"L\u2019histoire de Saint Vincent de Paul et son \u0153uvre de charit\u00e9","datePublished":"2024-09-23T08:00:11+00:00","dateModified":"2025-09-18T07:47:39+00:00","mainEntityOfPage":{"@id":"https:\/\/blog.holyart.it\/fr\/saints-et-bienheureux\/lhistoire-de-saint-vincent-de-paul-et-son-oeuvre-de-charite\/"},"wordCount":2058,"publisher":{"@id":"https:\/\/blog.holyart.it\/fr\/#organization"},"image":{"@id":"https:\/\/blog.holyart.it\/fr\/saints-et-bienheureux\/lhistoire-de-saint-vincent-de-paul-et-son-oeuvre-de-charite\/#primaryimage"},"thumbnailUrl":"https:\/\/blog.holyart.it\/fr\/wp-content\/uploads\/sites\/14\/2024\/09\/Lhistoire-de-Saint-Vincent-de-Paul-et-son-oeuvre-de-charite.jpg","articleSection":["Religion","Saints et Bienheureux"],"inLanguage":"fr-FR"},{"@type":"WebPage","@id":"https:\/\/blog.holyart.it\/fr\/saints-et-bienheureux\/lhistoire-de-saint-vincent-de-paul-et-son-oeuvre-de-charite\/","url":"https:\/\/blog.holyart.it\/fr\/saints-et-bienheureux\/lhistoire-de-saint-vincent-de-paul-et-son-oeuvre-de-charite\/","name":"L\u2019histoire de Saint Vincent de Paul et son \u0153uvre de charit\u00e9 - Holyart.fr Blog","isPartOf":{"@id":"https:\/\/blog.holyart.it\/fr\/#website"},"primaryImageOfPage":{"@id":"https:\/\/blog.holyart.it\/fr\/saints-et-bienheureux\/lhistoire-de-saint-vincent-de-paul-et-son-oeuvre-de-charite\/#primaryimage"},"image":{"@id":"https:\/\/blog.holyart.it\/fr\/saints-et-bienheureux\/lhistoire-de-saint-vincent-de-paul-et-son-oeuvre-de-charite\/#primaryimage"},"thumbnailUrl":"https:\/\/blog.holyart.it\/fr\/wp-content\/uploads\/sites\/14\/2024\/09\/Lhistoire-de-Saint-Vincent-de-Paul-et-son-oeuvre-de-charite.jpg","datePublished":"2024-09-23T08:00:11+00:00","dateModified":"2025-09-18T07:47:39+00:00","description":"Saint Vincent de Paul fonda les Filles de la Charit\u00e9 en tant qu\u2019instrument de son \u0153uvre de charit\u00e9 et de mis\u00e9ricorde. Il promut l\u2019\u00e9galit\u00e9 et la justice sociale.","breadcrumb":{"@id":"https:\/\/blog.holyart.it\/fr\/saints-et-bienheureux\/lhistoire-de-saint-vincent-de-paul-et-son-oeuvre-de-charite\/#breadcrumb"},"inLanguage":"fr-FR","potentialAction":[{"@type":"ReadAction","target":["https:\/\/blog.holyart.it\/fr\/saints-et-bienheureux\/lhistoire-de-saint-vincent-de-paul-et-son-oeuvre-de-charite\/"]}]},{"@type":"ImageObject","inLanguage":"fr-FR","@id":"https:\/\/blog.holyart.it\/fr\/saints-et-bienheureux\/lhistoire-de-saint-vincent-de-paul-et-son-oeuvre-de-charite\/#primaryimage","url":"https:\/\/blog.holyart.it\/fr\/wp-content\/uploads\/sites\/14\/2024\/09\/Lhistoire-de-Saint-Vincent-de-Paul-et-son-oeuvre-de-charite.jpg","contentUrl":"https:\/\/blog.holyart.it\/fr\/wp-content\/uploads\/sites\/14\/2024\/09\/Lhistoire-de-Saint-Vincent-de-Paul-et-son-oeuvre-de-charite.jpg","width":1000,"height":666,"caption":"L\u2019histoire de Saint Vincent de Paul et son \u0153uvre de charit\u00e9"},{"@type":"BreadcrumbList","@id":"https:\/\/blog.holyart.it\/fr\/saints-et-bienheureux\/lhistoire-de-saint-vincent-de-paul-et-son-oeuvre-de-charite\/#breadcrumb","itemListElement":[{"@type":"ListItem","position":1,"name":"Homepage","item":"https:\/\/blog.holyart.it\/fr\/"},{"@type":"ListItem","position":2,"name":"Saints et Bienheureux","item":"https:\/\/blog.holyart.it\/fr\/saints-et-bienheureux\/"},{"@type":"ListItem","position":3,"name":"L\u2019histoire de Saint Vincent de Paul et son \u0153uvre de charit\u00e9"}]},{"@type":"WebSite","@id":"https:\/\/blog.holyart.it\/fr\/#website","url":"https:\/\/blog.holyart.it\/fr\/","name":"Holyart.fr Blog","description":"Holyblog","publisher":{"@id":"https:\/\/blog.holyart.it\/fr\/#organization"},"potentialAction":[{"@type":"SearchAction","target":{"@type":"EntryPoint","urlTemplate":"https:\/\/blog.holyart.it\/fr\/?s={search_term_string}"},"query-input":{"@type":"PropertyValueSpecification","valueRequired":true,"valueName":"search_term_string"}}],"inLanguage":"fr-FR"},{"@type":"Organization","@id":"https:\/\/blog.holyart.it\/fr\/#organization","name":"Holyart.fr Blog","url":"https:\/\/blog.holyart.it\/fr\/","logo":{"@type":"ImageObject","inLanguage":"fr-FR","@id":"https:\/\/blog.holyart.it\/fr\/#\/schema\/logo\/image\/","url":"https:\/\/blog.holyart.it\/fr\/wp-content\/uploads\/sites\/14\/2022\/12\/Holyart_Blog_Logo.jpg","contentUrl":"https:\/\/blog.holyart.it\/fr\/wp-content\/uploads\/sites\/14\/2022\/12\/Holyart_Blog_Logo.jpg","width":300,"height":50,"caption":"Holyart.fr Blog"},"image":{"@id":"https:\/\/blog.holyart.it\/fr\/#\/schema\/logo\/image\/"}},{"@type":"Person","@id":"https:\/\/blog.holyart.it\/fr\/#\/schema\/person\/0a7b686e5af0f856ec1e390dd0baecda","name":"Redazione","image":{"@type":"ImageObject","inLanguage":"fr-FR","@id":"https:\/\/blog.holyart.it\/fr\/#\/schema\/person\/image\/","url":"https:\/\/secure.gravatar.com\/avatar\/f477da817f43e50d0af36abecd33e3edf826c68299714bdc1057dff3b113f516?s=96&d=mm&r=g","contentUrl":"https:\/\/secure.gravatar.com\/avatar\/f477da817f43e50d0af36abecd33e3edf826c68299714bdc1057dff3b113f516?s=96&d=mm&r=g","caption":"Redazione"},"url":"https:\/\/blog.holyart.it\/fr\/author\/admin\/"}]}},"_links":{"self":[{"href":"https:\/\/blog.holyart.it\/fr\/wp-json\/wp\/v2\/posts\/8823","targetHints":{"allow":["GET"]}}],"collection":[{"href":"https:\/\/blog.holyart.it\/fr\/wp-json\/wp\/v2\/posts"}],"about":[{"href":"https:\/\/blog.holyart.it\/fr\/wp-json\/wp\/v2\/types\/post"}],"author":[{"embeddable":true,"href":"https:\/\/blog.holyart.it\/fr\/wp-json\/wp\/v2\/users\/1"}],"replies":[{"embeddable":true,"href":"https:\/\/blog.holyart.it\/fr\/wp-json\/wp\/v2\/comments?post=8823"}],"version-history":[{"count":2,"href":"https:\/\/blog.holyart.it\/fr\/wp-json\/wp\/v2\/posts\/8823\/revisions"}],"predecessor-version":[{"id":8831,"href":"https:\/\/blog.holyart.it\/fr\/wp-json\/wp\/v2\/posts\/8823\/revisions\/8831"}],"wp:featuredmedia":[{"embeddable":true,"href":"https:\/\/blog.holyart.it\/fr\/wp-json\/wp\/v2\/media\/8824"}],"wp:attachment":[{"href":"https:\/\/blog.holyart.it\/fr\/wp-json\/wp\/v2\/media?parent=8823"}],"wp:term":[{"taxonomy":"category","embeddable":true,"href":"https:\/\/blog.holyart.it\/fr\/wp-json\/wp\/v2\/categories?post=8823"},{"taxonomy":"post_tag","embeddable":true,"href":"https:\/\/blog.holyart.it\/fr\/wp-json\/wp\/v2\/tags?post=8823"}],"curies":[{"name":"wp","href":"https:\/\/api.w.org\/{rel}","templated":true}]}}