{"id":8798,"date":"2024-09-16T10:00:02","date_gmt":"2024-09-16T08:00:02","guid":{"rendered":"https:\/\/blog.holyart.it\/fr\/?p=8798"},"modified":"2026-02-18T15:52:35","modified_gmt":"2026-02-18T14:52:35","slug":"le-voile-de-manoppello-les-mysteres-de-cette-sainte-relique","status":"publish","type":"post","link":"https:\/\/blog.holyart.it\/fr\/articles-religieux\/le-voile-de-manoppello-les-mysteres-de-cette-sainte-relique\/","title":{"rendered":"Le Voile de Manoppello : les myst\u00e8res de cette sainte relique"},"content":{"rendered":"<h4>Le Saint Suaire, le Voile de V\u00e9ronique, le Voile de Manoppello : les repr\u00e9sentations miraculeuses du visage de Christ fascinent et partagent croyants et experts \u00e0 travers les si\u00e8cles.<\/h4>\n\n<p>Parmi les nombreuses <a href=\"https:\/\/www.holyart.fr\/blog\/articles-religieux\/reliques-des-saints-liste-des-10-les-plus-suggestives\/\"><strong>reliques<\/strong><\/a> qui ont \u00e9t\u00e9 transmises \u00e0 travers l\u2019histoire de la chr\u00e9tient\u00e9, certaines r\u00e9sulte toujours extr\u00eamement fascinantes. En particulier, pensons \u00e0 celles qui repr\u00e9senteraient le <strong>visage de Christ<\/strong>, comme le <strong>Voile de V\u00e9ronique<\/strong>, le <strong>Suaire de Turin<\/strong> et le <strong>Voile de Manoppello<\/strong>. Il est tout \u00e0 fait compr\u00e9hensible que ce genre de relique exerce une fascination si profonde pour les croyants\u00a0: pouvoir avoir m\u00eame une simple et vague perception du visage saint de <a href=\"https:\/\/www.holyart.fr\/articles-religieux\/statues\/statues-en-bois-peint\/jesus-bon-pasteur-colore-val-gardena\"><strong>J\u00e9sus<\/strong><\/a> est un souhait qui nous unit tous.<\/p>\n<div class=\"link-article\">\n<p><img loading=\"lazy\" decoding=\"async\" class=\"size-full wp-image-8802 alignleft\" src=\"https:\/\/blog.holyart.it\/fr\/wp-content\/uploads\/sites\/14\/2024\/09\/Le-Voile-de-Manoppello-les-mysteres-de-cette-sainte-relique.jpeg\" alt=\"Le Voile de Manoppello les myst\u00e8res de cette sainte relique\" width=\"150\" height=\"99\" data-kale-share-title=\"Le Voile de Manoppello : les myst\u00e8res de cette sainte relique\" data-kale-share-url=\"https:\/\/blog.holyart.it\/fr\/?p=8798\" \/><\/p>\n<div class=\"leggi-anche\">Lire aussi :<\/div>\n<p><strong><a href=\"https:\/\/www.holyart.fr\/blog\/articles-religieux\/reliques-des-saints-liste-des-10-les-plus-suggestives\/\">Reliques des saints: liste des 10 les plus suggestives<\/a><\/strong><br \/>\nLes reliques des saints traversent l\u2019histoire de la chr\u00e9tient\u00e9 comme t\u00e9moignage d\u2019amour&#8230;<\/p>\n<\/div>\n<p>Une des caract\u00e9ristiques qui rassemble ces reliques est que, selon la tradition, elles seraient <strong><em>acheiropo\u00ef\u00e8tes<\/em><\/strong>, non dessin\u00e9es ou peintes par main humaine. Souvent ces reliques sont \u00e9galement confondues l\u2019une avec l\u2019autre. Le <a href=\"https:\/\/www.holyart.fr\/blog\/articles-religieux\/le-mystere-du-voile-de-veronique-un-morceau-de-tissu-avec-lempreinte-du-visage-de-jesus\/#Le_voile_de_Manoppello\"><strong>voile que V\u00e9ronique<\/strong><\/a>, disciple de J\u00e9sus, utilisa pour tamponner le visage de Christ pendant la mont\u00e9e au Calvaire, est parfois appel\u00e9 \u00ab\u00a0suaire de J\u00e9sus-Christ\u00a0\u00bb, mais il s\u2019agit d\u2019une d\u00e9finition erron\u00e9e, car le Voile montre uniquement le visage pr\u00e9sum\u00e9 de J\u00e9sus, tandis que le <a href=\"https:\/\/www.holyart.fr\/blog\/articles-religieux\/le-saint-suaire-que-savons-nous-jusqua-aujourdhui\/\"><strong>Saint Suaire<\/strong><\/a>, par exemple, montre J\u00e9sus en entier, exactement comme on pourrait s\u2019y attendre d\u2019un suaire utilis\u00e9 pour enrouler un corps sans vie.<\/p>\n<p>En ce qui concerne le <strong>Voile de Manoppello<\/strong>, lui aussi comme le Voile de V\u00e9ronique nous montre uniquement le visage d\u2019un homme, avec barbe et longs cheveux, selon l\u2019iconographie connue de J\u00e9sus. Conserv\u00e9 dans la <strong>basilique de la Sainte Face<\/strong>, le voile de Manoppello pr\u00e9sente une structure simple, avec une trame visible \u00e0 l\u2019\u0153il nu. Il mesure 0,17&#215;0,24 m.<\/p>\n<div class=\"link-article\">\n<p><img loading=\"lazy\" decoding=\"async\" class=\"size-full wp-image-8803 alignleft\" src=\"https:\/\/blog.holyart.it\/fr\/wp-content\/uploads\/sites\/14\/2024\/09\/voile-que-Veronique.jpg\" alt=\"voile que V\u00e9ronique\" width=\"150\" height=\"99\" data-kale-share-title=\"Le Voile de Manoppello : les myst\u00e8res de cette sainte relique\" data-kale-share-url=\"https:\/\/blog.holyart.it\/fr\/?p=8798\" \/><\/p>\n<div class=\"leggi-anche\">Lire aussi :<\/div>\n<p><strong><a href=\"https:\/\/www.holyart.fr\/blog\/articles-religieux\/le-mystere-du-voile-de-veronique-un-morceau-de-tissu-avec-lempreinte-du-visage-de-jesus\/#Le_voile_de_Manoppello\">Le myst\u00e8re du Voile de V\u00e9ronique, un morceau de tissu avec l\u2019empreinte du visage de J\u00e9sus<\/a><\/strong><br \/>\nLe Voile de V\u00e9ronique est une des reliques les plus myst\u00e9rieuses et les&#8230;<\/p>\n<\/div>\n<p>En outre, le visage de Manoppello est v<strong>isible de la m\u00eame mani\u00e8re sur les deux c\u00f4t\u00e9s<\/strong>, \u00e0 travers le tissu qui le compose. L\u2019image est repr\u00e9sent\u00e9e avec une couleur brune, l\u00e9g\u00e8rement asym\u00e9trique, avec une joue plus ronde que l\u2019autre et les pupilles irr\u00e9guli\u00e8res. Toutefois, les analyses modernes avec rayons ultraviolets n\u2019ont identifi\u00e9 aucun type de couleurs sur le tissu, preuve que le visage y repr\u00e9sent\u00e9 n\u2019est ni peint ni tiss\u00e9.<\/p>\n<p>Ce fut un p\u00e8lerin inconnu \u00e0 amener le Voile de Manoppellon en province de Pescara, en 1506. Il le donna au m\u00e9decin Giacomo Antonio Leonelli et ensuite disparu. La famille Leonelli conserva la relique jusqu\u2019\u00e0 ce que Marzia Leonelli ne le vende \u00e0 Donato Antonio de Fabritiis. Puisqu\u2019entretemps le voile s\u2019\u00e9tait abim\u00e9, le nouveau propri\u00e9taire demanda \u00e0 p\u00e8re Cl\u00e9ment de Castelvecchio de le confier aux soins habiles du fr\u00e8re capucin Remigio de Rapino, qui le pla\u00e7a dans l\u2019encadrement en noyer referm\u00e9 entre deux verres dans lequel nous le voyons encore aujourd\u2019hui. Malheureusement pour nous, P\u00e8re Cl\u00e9ment retint inutile de conserver le restant du tissu autour du visage, faisant la taille d\u2019une nappe, effa\u00e7ant ainsi de pr\u00e9cieux indices sur les origines effectives de la relique. \u00c0 partir de 1638, la relique fut expos\u00e9e dans l\u2019\u00e9glise de Manopello, en dehors du village, aupr\u00e8s du couvent des Fr\u00e8res Mineurs Capucins, d\u00e9di\u00e9 \u00e0 Saint Michel Archange, o\u00f9 surgit aujourd\u2019hui la <strong>basilique de la Sainte Face<\/strong> ou <strong>sanctuaire du Saint Voile<\/strong>, une des \u00e9glises les plus importantes de Manoppello. Le sanctuaire fut \u00e9lev\u00e9 \u00e0 Basilique mineure apr\u00e8s la visite de <a href=\"https:\/\/www.holyart.fr\/blog\/articles-religieux\/benoit-xvi-lhistoire-du-pape-emerite\/\"><strong>pape Beno\u00eet XVI<\/strong><\/a> en septembre 2006.<\/p>\n<div class=\"link-article\">\n<p><img loading=\"lazy\" decoding=\"async\" class=\"size-full wp-image-8804 alignleft\" src=\"https:\/\/blog.holyart.it\/fr\/wp-content\/uploads\/sites\/14\/2024\/09\/Benoit-XVI-lhistoire-du-pape-emerite.jpg\" alt=\"Beno\u00eet XVI l\u2019histoire du pape \u00e9m\u00e9rite\" width=\"150\" height=\"99\" data-kale-share-title=\"Le Voile de Manoppello : les myst\u00e8res de cette sainte relique\" data-kale-share-url=\"https:\/\/blog.holyart.it\/fr\/?p=8798\" \/><\/p>\n<div class=\"leggi-anche\">Lire aussi :<\/div>\n<p><strong><a href=\"https:\/\/www.holyart.fr\/blog\/articles-religieux\/benoit-xvi-lhistoire-du-pape-emerite\/\">Beno\u00eet XVI: l\u2019histoire du pape \u00e9m\u00e9rite<\/a><\/strong><br \/>\nPape Beno\u00eet XVI, le Pape th\u00e9ologien, premier pontife de l\u2019\u00e9poque digitale&#8230;<\/p>\n<\/div>\n<h2>Le voile de Manoppello et le voile de V\u00e9ronique<\/h2>\n<p>Souvent on a tendance \u00e0 faire co\u00efncider le <strong>Voile de Manoppello<\/strong> avec le voile avec lequel V\u00e9ronique \u00e9pongea <a href=\"https:\/\/www.holyart.fr\/blog\/articles-religieux\/pourquoi-jesus-en-croix-est-un-symbole-si-important-pour-les-catholiques\/\"><strong>le visage de J\u00e9sus<\/strong><\/a>.<\/p>\n<p>Le <a href=\"https:\/\/www.holyart.fr\/occasions-speciales\/paques-et-careme\/creche-de-paques\/montee-au-calvaire-jesus-samaritain-et-veronique-resine-peinte-main-15-cm\"><strong>Voile de V\u00e9ronique<\/strong><\/a>, conserv\u00e9 depuis 1300 dans l\u2019ancienne basilique Saint-Pierre au Vatican \u00e0 Rome, avait disparu en 1608, apr\u00e8s la destruction de la Chapelle qui l\u2019accueillait. Le m\u00eame voile serait apr\u00e8s arriv\u00e9 \u00e0 Manoppello, mais cette \u00e9ventualit\u00e9 va \u00e0 l\u2019encontre de ce qui ressort des annotations de la \u00ab\u00a0<em>Relatione historica<\/em>\u00a0\u00bb r\u00e9dig\u00e9e par p\u00e8re Donato de Bomba et conserv\u00e9e \u00e0 L\u2019Aquila, qui t\u00e9moigne que le tissu \u00e9tait d\u00e9j\u00e0 \u00e0 Manoppello en 1506.<\/p>\n<div class=\"link-product\">\n<div class=\"blocco-immagine\"><img loading=\"lazy\" decoding=\"async\" class=\"size-full wp-image-8805 alignleft\" src=\"https:\/\/blog.holyart.it\/fr\/wp-content\/uploads\/sites\/14\/2024\/09\/Montee-au-Calvaire-Jesus-Samaritain-et-Veronique-resine-peinte-main-15-cm.jpg\" alt=\"Mont\u00e9e au Calvaire J\u00e9sus Samaritain et V\u00e9ronique r\u00e9sine peinte main 15 cm\" width=\"100\" height=\"100\" data-kale-share-title=\"Le Voile de Manoppello : les myst\u00e8res de cette sainte relique\" data-kale-share-url=\"https:\/\/blog.holyart.it\/fr\/?p=8798\" \/><\/div>\n<div class=\"blocco-contenuto\">\n<div class=\"blocco-acquista\">Acheter sur Holyart:<\/div>\n<div class=\"blocco-titolo\"><a href=\"https:\/\/www.holyart.fr\/occasions-speciales\/creche-de-paques\/montee-au-calvaire-jesus-samaritain-et-veronique-resine-peinte-main-15-cm\">Mont\u00e9e au Calvaire J\u00e9sus Samaritain et V\u00e9ronique r\u00e9sine peinte main 15 cm<\/a><\/div>\n<div class=\"blocco-descrizione\">Mont\u00e9e au Calvaire J\u00e9sus Samaritain et V\u00e9ronique r\u00e9sine peinte main 16,5 cm.<\/div>\n<\/div>\n<\/div>\n<p>Les \u00e9tudes amen\u00e9es au cours des ann\u00e9es par le j\u00e9suite\u00a0<strong>Heinrich Pfeiffer<\/strong>, et d\u2019autres \u00e9rudits affirment que la Sainte Face est de fait le suaire pos\u00e9 sur le <a href=\"https:\/\/www.holyart.fr\/blog\/saints-et-bienheureux\/les-pieuses-femmes-les-trois-marie-presentes-sous-la-croix-de-jesus\/\"><strong>visage de Christ apr\u00e8s qu\u2019il a \u00e9t\u00e9 plac\u00e9 dans le s\u00e9pulcre<\/strong><\/a>, c\u2019est-\u00e0-dire le Voile de V\u00e9ronique. Les yeux ouverts, la coupe de cheveux, les traces de sang, la conformation du visage, les caract\u00e9ristiques de la barbe alimenteraient cette hypoth\u00e8se, en faisant du <strong>Voile de V\u00e9ronique et du Saint Voile la m\u00eame relique<\/strong>.<\/p>\n<div class=\"link-article\">\n<p><img loading=\"lazy\" decoding=\"async\" class=\"size-full wp-image-8806 alignleft\" src=\"https:\/\/blog.holyart.it\/fr\/wp-content\/uploads\/sites\/14\/2024\/09\/Les-pieuses-femmes.jpeg\" alt=\"Les pieuses femmes\" width=\"150\" height=\"100\" data-kale-share-title=\"Le Voile de Manoppello : les myst\u00e8res de cette sainte relique\" data-kale-share-url=\"https:\/\/blog.holyart.it\/fr\/?p=8798\" \/><\/p>\n<div class=\"leggi-anche\">Lire aussi :<\/div>\n<p><strong><a href=\"https:\/\/www.holyart.fr\/blog\/saints-et-bienheureux\/les-pieuses-femmes-les-trois-marie-presentes-sous-la-croix-de-jesus\/\">Les pieuses femmes : les trois Marie pr\u00e9sentes sous la croix de J\u00e9sus<\/a><\/strong><br \/>\nLa Vierge Marie, Marie de Cl\u00e9ophas et Marie de Magdala : voici qui&#8230;<\/p>\n<\/div>\n<h2>Le voile de Manoppello et le Saint Suaire<\/h2>\n<p>D\u2019autres experts ont toutefois trouv\u00e9 des analogies entre le Voile de Manoppello et le <a href=\"https:\/\/www.holyart.fr\/blog\/articles-religieux\/le-saint-suaire-que-savons-nous-jusqua-aujourdhui\/\"><strong>Suaire de Turin<\/strong><\/a>. Selon la tradition le Saint Suaire de Turin serait <strong>le linceul qui a envelopp\u00e9 le corps de Christ<\/strong> apr\u00e8s la d\u00e9position de la croix. Cette <a href=\"https:\/\/www.holyart.fr\/accessoires-pour-la-liturgie\/ostensoirs-reliquaires-trones\/ostensoirs-reliquaires-en-metal\/ostensoir-chapelle-laiton-h-22-cm\"><strong>relique tr\u00e8s pr\u00e9cieuse<\/strong><\/a> a partag\u00e9 et fascin\u00e9 les hommes de toutes les \u00e9poques avec son myst\u00e8re immortel.<\/p>\n<p>En particulier, les \u00e9tudes de la s\u0153ur iconoclaste <strong>S\u0153ur<\/strong> <strong>Blandine Paschalis Schloemer <\/strong>ont pu constater les m\u00eames traits dans la Sainte Face et dans le Saint Suaire, la forme ovale du visage, la m\u00eame asym\u00e9trie, les cheveux longs, la m\u00e8che sur le front, la bouche ouverte. Seule diff\u00e9rence les <strong>yeux<\/strong> qui, dans le Voile de Manoppello et dans le Voile de V\u00e9ronique sont ouverts, tandis que dans le Suaire de Turin sont ferm\u00e9s. Cela mis \u00e0 part, le Visage du Suaire de Turin et celui de Manoppello co\u00efncident parfaitement.<\/p>\n<div class=\"link-article\">\n<p><img loading=\"lazy\" decoding=\"async\" class=\"size-full wp-image-8807 alignleft\" src=\"https:\/\/blog.holyart.it\/fr\/wp-content\/uploads\/sites\/14\/2024\/09\/Le-Saint-Suaire.jpg\" alt=\"Le Saint-Suaire\" width=\"150\" height=\"99\" data-kale-share-title=\"Le Voile de Manoppello : les myst\u00e8res de cette sainte relique\" data-kale-share-url=\"https:\/\/blog.holyart.it\/fr\/?p=8798\" \/><\/p>\n<div class=\"leggi-anche\">Lire aussi :<\/div>\n<p><strong><a href=\"https:\/\/www.holyart.fr\/blog\/articles-religieux\/le-saint-suaire-que-savons-nous-jusqua-aujourdhui\/\">Le Saint-Suaire : que savons-nous jusqu\u2019\u00e0 aujourd\u2019hui<\/a><\/strong><br \/>\nOn dit qu\u2019il s\u2019agit du linceul qui a envelopp\u00e9 le corps de Christ apr\u00e8s la descente de la croix. Entre foi et science, le Saint-Suaire&#8230;<\/p>\n<\/div>\n<h2>Le Sanctuaire de Manoppello<\/h2>\n<p><a href=\"https:\/\/www.holyart.fr\/blog\/saints-et-bienheureux\/padre-pio-lordre-freres-mineurs-capucins\/\"><strong>Du couvent des Capucins<\/strong><\/a> qui accueillit le Voile de Manoppelle il ne reste aujourd\u2019hui plus grand chose. Donato Antonio de Fabritiis en 1638 offrit l\u2019image sacr\u00e9e au couvent, celui-ci venait d\u2019\u00eatre fond\u00e9 et \u00e9tait d\u00e9di\u00e9 \u00e0 Saint Michel et au Tr\u00e8s-Saint-Nom de Dieu. Les fr\u00e8res Capucins furent \u00e9loign\u00e9s pendant l\u2019occupation napol\u00e9onienne qui imposait la fermeture des instituts religieux. Confi\u00e9 aux Clarisses, il fut rendu aux Capucins apr\u00e8s la Restauration bourbonienne. Entre la fin du XIXe si\u00e8cle et la moiti\u00e9 du XXe, de nombreuses interventions de restauration ont \u00e9t\u00e9 accomplies, d\u00e9naturant enti\u00e8rement l\u2019aspect originaire de l\u2019\u00e9glise. Aujourd\u2019hui, on y voit une belle basilique \u00e0 la fa\u00e7ade de pierre blanche et rose, mais la chapelle sur la droite du ch\u0153ur qui conservait la pr\u00e9cieuse relique est rest\u00e9e sensiblement la m\u00eame. L\u2019int\u00e9rieur de la Basilique est \u00e0 neuf unique, enrichie de d\u00e9corations baroques, et la Sainte Face a \u00e9t\u00e9 plac\u00e9e dans un pr\u00e9cieux <a href=\"https:\/\/www.holyart.fr\/accessoires-pour-la-liturgie\/ostensoirs-reliquaires-trones\/ostensoirs-reliquaires-en-metal\/reliquaire-filigrane-argent-800-13-cm\"><strong>reliquaire en argent<\/strong><\/a> de manufacture napolitaine remontant au XVIIIe si\u00e8cle et install\u00e9 sur un plateau sur\u00e9lev\u00e9 derri\u00e8re l\u2019autel.<\/p>\n<div class=\"link-product\">\n<div class=\"blocco-immagine\"><img loading=\"lazy\" decoding=\"async\" class=\"size-full wp-image-8808 alignleft\" src=\"https:\/\/blog.holyart.it\/fr\/wp-content\/uploads\/sites\/14\/2024\/09\/Reliquaire-filigrane-argent-800-13-cm.jpg\" alt=\"Reliquaire filigrane argent 800 13 cm\" width=\"100\" height=\"100\" data-kale-share-title=\"Le Voile de Manoppello : les myst\u00e8res de cette sainte relique\" data-kale-share-url=\"https:\/\/blog.holyart.it\/fr\/?p=8798\" \/><\/div>\n<div class=\"blocco-contenuto\">\n<div class=\"blocco-acquista\">Acheter sur Holyart:<\/div>\n<div class=\"blocco-titolo\"><a href=\"https:\/\/www.holyart.fr\/accessoires-pour-la-liturgie\/ostensoirs-reliquaires-trones\/ostensoirs-reliquaires-en-metal\/reliquaire-filigrane-argent-800-13-cm\">Reliquaire filigrane argent 800 13 cm<\/a><\/div>\n<div class=\"blocco-descrizione\">Reliquaire en filigrane d&rsquo;argent 800 richement d\u00e9cor\u00e9. Reliquaire r\u00e9alis\u00e9 avec la technique traditionnelle du filigrane et dor\u00e9 en bain d&rsquo;or 24k.<\/div>\n<\/div>\n<\/div>\n","protected":false},"excerpt":{"rendered":"<p>Le Saint Suaire, le Voile de V\u00e9ronique, le Voile de Manoppello : les repr\u00e9sentations miraculeuses du visage de Christ fascinent et partagent croyants et experts \u00e0 travers les si\u00e8cles. Parmi les nombreuses reliques qui ont \u00e9t\u00e9 transmises \u00e0 travers l\u2019histoire de la chr\u00e9tient\u00e9, certaines r\u00e9sulte&hellip;<\/p>\n","protected":false},"author":1,"featured_media":8800,"comment_status":"closed","ping_status":"open","sticky":false,"template":"","format":"standard","meta":{"_acf_changed":false,"footnotes":""},"categories":[8],"tags":[],"class_list":["post-8798","post","type-post","status-publish","format-standard","has-post-thumbnail","hentry","category-articles-religieux"],"acf":[],"yoast_head":"<!-- This site is optimized with the Yoast SEO plugin v26.6 - https:\/\/yoast.com\/wordpress\/plugins\/seo\/ -->\n<title>Le Voile de Manoppello : les myst\u00e8res de cette sainte relique - Holyart.fr Blog<\/title>\n<meta name=\"description\" content=\"Le Saint Suaire, le Voile de V\u00e9ronique, le Voile de Manoppello : les repr\u00e9sentations miraculeuses du visage de Christ fascinent et partagent croyants et experts \u00e0 travers les si\u00e8cles.\" \/>\n<meta name=\"robots\" content=\"index, follow, max-snippet:-1, max-image-preview:large, max-video-preview:-1\" \/>\n<link rel=\"canonical\" href=\"https:\/\/blog.holyart.it\/fr\/articles-religieux\/le-voile-de-manoppello-les-mysteres-de-cette-sainte-relique\/\" \/>\n<meta property=\"og:locale\" content=\"fr_FR\" \/>\n<meta property=\"og:type\" content=\"article\" \/>\n<meta property=\"og:title\" content=\"Le Voile de Manoppello : les myst\u00e8res de cette sainte relique - Holyart.fr Blog\" \/>\n<meta property=\"og:description\" content=\"Le Saint Suaire, le Voile de V\u00e9ronique, le Voile de Manoppello : les repr\u00e9sentations miraculeuses du visage de Christ fascinent et partagent croyants et experts \u00e0 travers les si\u00e8cles.\" \/>\n<meta property=\"og:url\" content=\"https:\/\/blog.holyart.it\/fr\/articles-religieux\/le-voile-de-manoppello-les-mysteres-de-cette-sainte-relique\/\" \/>\n<meta property=\"og:site_name\" content=\"Holyart.fr Blog\" \/>\n<meta property=\"article:published_time\" content=\"2024-09-16T08:00:02+00:00\" \/>\n<meta property=\"article:modified_time\" content=\"2026-02-18T14:52:35+00:00\" \/>\n<meta property=\"og:image\" content=\"https:\/\/blog.holyart.it\/fr\/wp-content\/uploads\/sites\/14\/2024\/09\/Le-Voile-de-Manoppello.jpeg\" \/>\n\t<meta property=\"og:image:width\" content=\"1000\" \/>\n\t<meta property=\"og:image:height\" content=\"666\" \/>\n\t<meta property=\"og:image:type\" content=\"image\/jpeg\" \/>\n<meta name=\"author\" content=\"Redazione\" \/>\n<meta name=\"twitter:card\" content=\"summary_large_image\" \/>\n<meta name=\"twitter:label1\" content=\"\u00c9crit par\" \/>\n\t<meta name=\"twitter:data1\" content=\"Redazione\" \/>\n\t<meta name=\"twitter:label2\" content=\"Dur\u00e9e de lecture estim\u00e9e\" \/>\n\t<meta name=\"twitter:data2\" content=\"8 minutes\" \/>\n<script type=\"application\/ld+json\" class=\"yoast-schema-graph\">{\"@context\":\"https:\/\/schema.org\",\"@graph\":[{\"@type\":\"Article\",\"@id\":\"https:\/\/blog.holyart.it\/fr\/articles-religieux\/le-voile-de-manoppello-les-mysteres-de-cette-sainte-relique\/#article\",\"isPartOf\":{\"@id\":\"https:\/\/blog.holyart.it\/fr\/articles-religieux\/le-voile-de-manoppello-les-mysteres-de-cette-sainte-relique\/\"},\"author\":{\"name\":\"Redazione\",\"@id\":\"https:\/\/blog.holyart.it\/fr\/#\/schema\/person\/0a7b686e5af0f856ec1e390dd0baecda\"},\"headline\":\"Le Voile de Manoppello : les myst\u00e8res de cette sainte relique\",\"datePublished\":\"2024-09-16T08:00:02+00:00\",\"dateModified\":\"2026-02-18T14:52:35+00:00\",\"mainEntityOfPage\":{\"@id\":\"https:\/\/blog.holyart.it\/fr\/articles-religieux\/le-voile-de-manoppello-les-mysteres-de-cette-sainte-relique\/\"},\"wordCount\":1394,\"publisher\":{\"@id\":\"https:\/\/blog.holyart.it\/fr\/#organization\"},\"image\":{\"@id\":\"https:\/\/blog.holyart.it\/fr\/articles-religieux\/le-voile-de-manoppello-les-mysteres-de-cette-sainte-relique\/#primaryimage\"},\"thumbnailUrl\":\"https:\/\/blog.holyart.it\/fr\/wp-content\/uploads\/sites\/14\/2024\/09\/Le-Voile-de-Manoppello.jpeg\",\"articleSection\":[\"Religion\"],\"inLanguage\":\"fr-FR\"},{\"@type\":\"WebPage\",\"@id\":\"https:\/\/blog.holyart.it\/fr\/articles-religieux\/le-voile-de-manoppello-les-mysteres-de-cette-sainte-relique\/\",\"url\":\"https:\/\/blog.holyart.it\/fr\/articles-religieux\/le-voile-de-manoppello-les-mysteres-de-cette-sainte-relique\/\",\"name\":\"Le Voile de Manoppello : les myst\u00e8res de cette sainte relique - Holyart.fr Blog\",\"isPartOf\":{\"@id\":\"https:\/\/blog.holyart.it\/fr\/#website\"},\"primaryImageOfPage\":{\"@id\":\"https:\/\/blog.holyart.it\/fr\/articles-religieux\/le-voile-de-manoppello-les-mysteres-de-cette-sainte-relique\/#primaryimage\"},\"image\":{\"@id\":\"https:\/\/blog.holyart.it\/fr\/articles-religieux\/le-voile-de-manoppello-les-mysteres-de-cette-sainte-relique\/#primaryimage\"},\"thumbnailUrl\":\"https:\/\/blog.holyart.it\/fr\/wp-content\/uploads\/sites\/14\/2024\/09\/Le-Voile-de-Manoppello.jpeg\",\"datePublished\":\"2024-09-16T08:00:02+00:00\",\"dateModified\":\"2026-02-18T14:52:35+00:00\",\"description\":\"Le Saint Suaire, le Voile de V\u00e9ronique, le Voile de Manoppello : les repr\u00e9sentations miraculeuses du visage de Christ fascinent et partagent croyants et experts \u00e0 travers les si\u00e8cles.\",\"breadcrumb\":{\"@id\":\"https:\/\/blog.holyart.it\/fr\/articles-religieux\/le-voile-de-manoppello-les-mysteres-de-cette-sainte-relique\/#breadcrumb\"},\"inLanguage\":\"fr-FR\",\"potentialAction\":[{\"@type\":\"ReadAction\",\"target\":[\"https:\/\/blog.holyart.it\/fr\/articles-religieux\/le-voile-de-manoppello-les-mysteres-de-cette-sainte-relique\/\"]}]},{\"@type\":\"ImageObject\",\"inLanguage\":\"fr-FR\",\"@id\":\"https:\/\/blog.holyart.it\/fr\/articles-religieux\/le-voile-de-manoppello-les-mysteres-de-cette-sainte-relique\/#primaryimage\",\"url\":\"https:\/\/blog.holyart.it\/fr\/wp-content\/uploads\/sites\/14\/2024\/09\/Le-Voile-de-Manoppello.jpeg\",\"contentUrl\":\"https:\/\/blog.holyart.it\/fr\/wp-content\/uploads\/sites\/14\/2024\/09\/Le-Voile-de-Manoppello.jpeg\",\"width\":1000,\"height\":666,\"caption\":\"Le Voile de Manoppello\"},{\"@type\":\"BreadcrumbList\",\"@id\":\"https:\/\/blog.holyart.it\/fr\/articles-religieux\/le-voile-de-manoppello-les-mysteres-de-cette-sainte-relique\/#breadcrumb\",\"itemListElement\":[{\"@type\":\"ListItem\",\"position\":1,\"name\":\"Homepage\",\"item\":\"https:\/\/blog.holyart.it\/fr\/\"},{\"@type\":\"ListItem\",\"position\":2,\"name\":\"Religion\",\"item\":\"https:\/\/blog.holyart.it\/fr\/articles-religieux\/\"},{\"@type\":\"ListItem\",\"position\":3,\"name\":\"Le Voile de Manoppello : les myst\u00e8res de cette sainte relique\"}]},{\"@type\":\"WebSite\",\"@id\":\"https:\/\/blog.holyart.it\/fr\/#website\",\"url\":\"https:\/\/blog.holyart.it\/fr\/\",\"name\":\"Holyart.fr Blog\",\"description\":\"Holyblog\",\"publisher\":{\"@id\":\"https:\/\/blog.holyart.it\/fr\/#organization\"},\"potentialAction\":[{\"@type\":\"SearchAction\",\"target\":{\"@type\":\"EntryPoint\",\"urlTemplate\":\"https:\/\/blog.holyart.it\/fr\/?s={search_term_string}\"},\"query-input\":{\"@type\":\"PropertyValueSpecification\",\"valueRequired\":true,\"valueName\":\"search_term_string\"}}],\"inLanguage\":\"fr-FR\"},{\"@type\":\"Organization\",\"@id\":\"https:\/\/blog.holyart.it\/fr\/#organization\",\"name\":\"Holyart.fr Blog\",\"url\":\"https:\/\/blog.holyart.it\/fr\/\",\"logo\":{\"@type\":\"ImageObject\",\"inLanguage\":\"fr-FR\",\"@id\":\"https:\/\/blog.holyart.it\/fr\/#\/schema\/logo\/image\/\",\"url\":\"https:\/\/blog.holyart.it\/fr\/wp-content\/uploads\/sites\/14\/2022\/12\/Holyart_Blog_Logo.jpg\",\"contentUrl\":\"https:\/\/blog.holyart.it\/fr\/wp-content\/uploads\/sites\/14\/2022\/12\/Holyart_Blog_Logo.jpg\",\"width\":300,\"height\":50,\"caption\":\"Holyart.fr Blog\"},\"image\":{\"@id\":\"https:\/\/blog.holyart.it\/fr\/#\/schema\/logo\/image\/\"}},{\"@type\":\"Person\",\"@id\":\"https:\/\/blog.holyart.it\/fr\/#\/schema\/person\/0a7b686e5af0f856ec1e390dd0baecda\",\"name\":\"Redazione\",\"image\":{\"@type\":\"ImageObject\",\"inLanguage\":\"fr-FR\",\"@id\":\"https:\/\/blog.holyart.it\/fr\/#\/schema\/person\/image\/\",\"url\":\"https:\/\/secure.gravatar.com\/avatar\/f477da817f43e50d0af36abecd33e3edf826c68299714bdc1057dff3b113f516?s=96&d=mm&r=g\",\"contentUrl\":\"https:\/\/secure.gravatar.com\/avatar\/f477da817f43e50d0af36abecd33e3edf826c68299714bdc1057dff3b113f516?s=96&d=mm&r=g\",\"caption\":\"Redazione\"},\"url\":\"https:\/\/blog.holyart.it\/fr\/author\/admin\/\"}]}<\/script>\n<!-- \/ Yoast SEO plugin. -->","yoast_head_json":{"title":"Le Voile de Manoppello : les myst\u00e8res de cette sainte relique - Holyart.fr Blog","description":"Le Saint Suaire, le Voile de V\u00e9ronique, le Voile de Manoppello : les repr\u00e9sentations miraculeuses du visage de Christ fascinent et partagent croyants et experts \u00e0 travers les si\u00e8cles.","robots":{"index":"index","follow":"follow","max-snippet":"max-snippet:-1","max-image-preview":"max-image-preview:large","max-video-preview":"max-video-preview:-1"},"canonical":"https:\/\/blog.holyart.it\/fr\/articles-religieux\/le-voile-de-manoppello-les-mysteres-de-cette-sainte-relique\/","og_locale":"fr_FR","og_type":"article","og_title":"Le Voile de Manoppello : les myst\u00e8res de cette sainte relique - Holyart.fr Blog","og_description":"Le Saint Suaire, le Voile de V\u00e9ronique, le Voile de Manoppello : les repr\u00e9sentations miraculeuses du visage de Christ fascinent et partagent croyants et experts \u00e0 travers les si\u00e8cles.","og_url":"https:\/\/blog.holyart.it\/fr\/articles-religieux\/le-voile-de-manoppello-les-mysteres-de-cette-sainte-relique\/","og_site_name":"Holyart.fr Blog","article_published_time":"2024-09-16T08:00:02+00:00","article_modified_time":"2026-02-18T14:52:35+00:00","og_image":[{"width":1000,"height":666,"url":"https:\/\/blog.holyart.it\/fr\/wp-content\/uploads\/sites\/14\/2024\/09\/Le-Voile-de-Manoppello.jpeg","type":"image\/jpeg"}],"author":"Redazione","twitter_card":"summary_large_image","twitter_misc":{"\u00c9crit par":"Redazione","Dur\u00e9e de lecture estim\u00e9e":"8 minutes"},"schema":{"@context":"https:\/\/schema.org","@graph":[{"@type":"Article","@id":"https:\/\/blog.holyart.it\/fr\/articles-religieux\/le-voile-de-manoppello-les-mysteres-de-cette-sainte-relique\/#article","isPartOf":{"@id":"https:\/\/blog.holyart.it\/fr\/articles-religieux\/le-voile-de-manoppello-les-mysteres-de-cette-sainte-relique\/"},"author":{"name":"Redazione","@id":"https:\/\/blog.holyart.it\/fr\/#\/schema\/person\/0a7b686e5af0f856ec1e390dd0baecda"},"headline":"Le Voile de Manoppello : les myst\u00e8res de cette sainte relique","datePublished":"2024-09-16T08:00:02+00:00","dateModified":"2026-02-18T14:52:35+00:00","mainEntityOfPage":{"@id":"https:\/\/blog.holyart.it\/fr\/articles-religieux\/le-voile-de-manoppello-les-mysteres-de-cette-sainte-relique\/"},"wordCount":1394,"publisher":{"@id":"https:\/\/blog.holyart.it\/fr\/#organization"},"image":{"@id":"https:\/\/blog.holyart.it\/fr\/articles-religieux\/le-voile-de-manoppello-les-mysteres-de-cette-sainte-relique\/#primaryimage"},"thumbnailUrl":"https:\/\/blog.holyart.it\/fr\/wp-content\/uploads\/sites\/14\/2024\/09\/Le-Voile-de-Manoppello.jpeg","articleSection":["Religion"],"inLanguage":"fr-FR"},{"@type":"WebPage","@id":"https:\/\/blog.holyart.it\/fr\/articles-religieux\/le-voile-de-manoppello-les-mysteres-de-cette-sainte-relique\/","url":"https:\/\/blog.holyart.it\/fr\/articles-religieux\/le-voile-de-manoppello-les-mysteres-de-cette-sainte-relique\/","name":"Le Voile de Manoppello : les myst\u00e8res de cette sainte relique - Holyart.fr Blog","isPartOf":{"@id":"https:\/\/blog.holyart.it\/fr\/#website"},"primaryImageOfPage":{"@id":"https:\/\/blog.holyart.it\/fr\/articles-religieux\/le-voile-de-manoppello-les-mysteres-de-cette-sainte-relique\/#primaryimage"},"image":{"@id":"https:\/\/blog.holyart.it\/fr\/articles-religieux\/le-voile-de-manoppello-les-mysteres-de-cette-sainte-relique\/#primaryimage"},"thumbnailUrl":"https:\/\/blog.holyart.it\/fr\/wp-content\/uploads\/sites\/14\/2024\/09\/Le-Voile-de-Manoppello.jpeg","datePublished":"2024-09-16T08:00:02+00:00","dateModified":"2026-02-18T14:52:35+00:00","description":"Le Saint Suaire, le Voile de V\u00e9ronique, le Voile de Manoppello : les repr\u00e9sentations miraculeuses du visage de Christ fascinent et partagent croyants et experts \u00e0 travers les si\u00e8cles.","breadcrumb":{"@id":"https:\/\/blog.holyart.it\/fr\/articles-religieux\/le-voile-de-manoppello-les-mysteres-de-cette-sainte-relique\/#breadcrumb"},"inLanguage":"fr-FR","potentialAction":[{"@type":"ReadAction","target":["https:\/\/blog.holyart.it\/fr\/articles-religieux\/le-voile-de-manoppello-les-mysteres-de-cette-sainte-relique\/"]}]},{"@type":"ImageObject","inLanguage":"fr-FR","@id":"https:\/\/blog.holyart.it\/fr\/articles-religieux\/le-voile-de-manoppello-les-mysteres-de-cette-sainte-relique\/#primaryimage","url":"https:\/\/blog.holyart.it\/fr\/wp-content\/uploads\/sites\/14\/2024\/09\/Le-Voile-de-Manoppello.jpeg","contentUrl":"https:\/\/blog.holyart.it\/fr\/wp-content\/uploads\/sites\/14\/2024\/09\/Le-Voile-de-Manoppello.jpeg","width":1000,"height":666,"caption":"Le Voile de Manoppello"},{"@type":"BreadcrumbList","@id":"https:\/\/blog.holyart.it\/fr\/articles-religieux\/le-voile-de-manoppello-les-mysteres-de-cette-sainte-relique\/#breadcrumb","itemListElement":[{"@type":"ListItem","position":1,"name":"Homepage","item":"https:\/\/blog.holyart.it\/fr\/"},{"@type":"ListItem","position":2,"name":"Religion","item":"https:\/\/blog.holyart.it\/fr\/articles-religieux\/"},{"@type":"ListItem","position":3,"name":"Le Voile de Manoppello : les myst\u00e8res de cette sainte relique"}]},{"@type":"WebSite","@id":"https:\/\/blog.holyart.it\/fr\/#website","url":"https:\/\/blog.holyart.it\/fr\/","name":"Holyart.fr Blog","description":"Holyblog","publisher":{"@id":"https:\/\/blog.holyart.it\/fr\/#organization"},"potentialAction":[{"@type":"SearchAction","target":{"@type":"EntryPoint","urlTemplate":"https:\/\/blog.holyart.it\/fr\/?s={search_term_string}"},"query-input":{"@type":"PropertyValueSpecification","valueRequired":true,"valueName":"search_term_string"}}],"inLanguage":"fr-FR"},{"@type":"Organization","@id":"https:\/\/blog.holyart.it\/fr\/#organization","name":"Holyart.fr Blog","url":"https:\/\/blog.holyart.it\/fr\/","logo":{"@type":"ImageObject","inLanguage":"fr-FR","@id":"https:\/\/blog.holyart.it\/fr\/#\/schema\/logo\/image\/","url":"https:\/\/blog.holyart.it\/fr\/wp-content\/uploads\/sites\/14\/2022\/12\/Holyart_Blog_Logo.jpg","contentUrl":"https:\/\/blog.holyart.it\/fr\/wp-content\/uploads\/sites\/14\/2022\/12\/Holyart_Blog_Logo.jpg","width":300,"height":50,"caption":"Holyart.fr Blog"},"image":{"@id":"https:\/\/blog.holyart.it\/fr\/#\/schema\/logo\/image\/"}},{"@type":"Person","@id":"https:\/\/blog.holyart.it\/fr\/#\/schema\/person\/0a7b686e5af0f856ec1e390dd0baecda","name":"Redazione","image":{"@type":"ImageObject","inLanguage":"fr-FR","@id":"https:\/\/blog.holyart.it\/fr\/#\/schema\/person\/image\/","url":"https:\/\/secure.gravatar.com\/avatar\/f477da817f43e50d0af36abecd33e3edf826c68299714bdc1057dff3b113f516?s=96&d=mm&r=g","contentUrl":"https:\/\/secure.gravatar.com\/avatar\/f477da817f43e50d0af36abecd33e3edf826c68299714bdc1057dff3b113f516?s=96&d=mm&r=g","caption":"Redazione"},"url":"https:\/\/blog.holyart.it\/fr\/author\/admin\/"}]}},"_links":{"self":[{"href":"https:\/\/blog.holyart.it\/fr\/wp-json\/wp\/v2\/posts\/8798","targetHints":{"allow":["GET"]}}],"collection":[{"href":"https:\/\/blog.holyart.it\/fr\/wp-json\/wp\/v2\/posts"}],"about":[{"href":"https:\/\/blog.holyart.it\/fr\/wp-json\/wp\/v2\/types\/post"}],"author":[{"embeddable":true,"href":"https:\/\/blog.holyart.it\/fr\/wp-json\/wp\/v2\/users\/1"}],"replies":[{"embeddable":true,"href":"https:\/\/blog.holyart.it\/fr\/wp-json\/wp\/v2\/comments?post=8798"}],"version-history":[{"count":4,"href":"https:\/\/blog.holyart.it\/fr\/wp-json\/wp\/v2\/posts\/8798\/revisions"}],"predecessor-version":[{"id":8810,"href":"https:\/\/blog.holyart.it\/fr\/wp-json\/wp\/v2\/posts\/8798\/revisions\/8810"}],"wp:featuredmedia":[{"embeddable":true,"href":"https:\/\/blog.holyart.it\/fr\/wp-json\/wp\/v2\/media\/8800"}],"wp:attachment":[{"href":"https:\/\/blog.holyart.it\/fr\/wp-json\/wp\/v2\/media?parent=8798"}],"wp:term":[{"taxonomy":"category","embeddable":true,"href":"https:\/\/blog.holyart.it\/fr\/wp-json\/wp\/v2\/categories?post=8798"},{"taxonomy":"post_tag","embeddable":true,"href":"https:\/\/blog.holyart.it\/fr\/wp-json\/wp\/v2\/tags?post=8798"}],"curies":[{"name":"wp","href":"https:\/\/api.w.org\/{rel}","templated":true}]}}