{"id":878,"date":"2018-08-14T16:30:45","date_gmt":"2018-08-14T14:30:45","guid":{"rendered":"https:\/\/blog.holyart.it\/fr\/?p=878"},"modified":"2018-08-30T12:31:11","modified_gmt":"2018-08-30T10:31:11","slug":"lheure-de-misericorde","status":"publish","type":"post","link":"https:\/\/blog.holyart.it\/fr\/articles-religieux\/lheure-de-misericorde\/","title":{"rendered":"L\u2019heure de la Mis\u00e9ricorde"},"content":{"rendered":"<p>Mis\u00e9ricorde. Une parole qui revient souvent lorsque nous parlons de Notre Seigneur.<\/p>\n<h2>Mis\u00e9ricorde: origine et signification<\/h2>\n<p>Le terme d\u00e9rive du latin <em>misereor<\/em> (j\u2019ai piti\u00e9) et <em>cor -cordis<\/em> (coeur), mais il existe conceptuellement depuis toujours au sein de la religion chr\u00e9tienne. Nous pourrions le d\u00e9finir comme une sorte d\u2019empathie profonde, un \u00e9lan de compassion inspir\u00e9 par la souffrance des autres. C\u2019est un sentiment qui \u00e9meut le c\u0153ur avec piti\u00e9 devant la douleur physique ou spirituelle d\u2019un autre homme, qui le pousse \u00e0 s\u2019ouvrir, \u00e0 envelopper d\u2019une \u00e9treinte transcendante et b\u00e9n\u00e9fique ceux qui l\u2019entourent, les aider, les sauver.<\/p>\n<p>La mis\u00e9ricorde est un \u00e9l\u00e9ment fondamental dans la vie d\u2019un chr\u00e9tien. Ce n\u2019est pas un hasard si beaucoup de confr\u00e9ries, de congr\u00e9gations religieuses et aussi de congr\u00e9gations la\u00efques, qui se sont toujours engag\u00e9es dans des \u0153uvres de charit\u00e9 et d\u2019aide aux n\u00e9cessiteux, ont des noms qui d\u00e9rivent de la Mis\u00e9ricorde ou la contiennent. Pensez \u00e0 la V\u00e9n\u00e9rable Archiconfr\u00e9rie de la Mis\u00e9ricorde, fond\u00e9e \u00e0 Florence au XIIIe si\u00e8cle pour aider les victimes de la peste, aux pr\u00eatres de la Mis\u00e9ricorde, aux S\u0153urs de la Mis\u00e9ricorde, aux Filles de la Mis\u00e9ricorde, etc.<\/p>\n<p>La religion catholique tient en haute estime ce sentiment, v\u00e9ritable moteur du chr\u00e9tien, un \u00e9lan int\u00e9rieur qui se manifeste par des impulsions g\u00e9n\u00e9reuses, des \u0153uvres de bonne volont\u00e9, des attitudes charitables et humaines envers les moins fortun\u00e9s et, en g\u00e9n\u00e9ral, envers tous les fr\u00e8res et s\u0153urs.<\/p>\n<p>La Vierge est souvent invoqu\u00e9e comme Notre-Dame de la Mis\u00e9ricorde, d\u00e9peinte en ouvrant son large manteau pour accueillir les fid\u00e8les autour d\u2019elle, leur offrant abri et protection.<\/p>\n<p>Dans l\u2019Ancien Testament, il est \u00e9crit que Dieu est mis\u00e9ricordieux. Dans le livre de l\u2019Exode, par exemple, il s\u2019adresse \u00e0 Mo\u00efse de la mani\u00e8re suivante : \u00ab\u00a0<em>Le Seigneur, Dieu mis\u00e9ricordieux et pitoyable, lent \u00e0 la col\u00e8re et riche en amour et fid\u00e9lit\u00e9\u00a0\u00bb<\/em> (34.6).<\/p>\n<p>Un P\u00e8re mis\u00e9ricordieux donc, qui aime ses enfants avec tendresse, qui les prot\u00e8ge et les aide, qui est pr\u00eat \u00e0 se donner enti\u00e8rement pour leur bien-\u00eatre, pour leur salut. Un Amour qui n\u2019a pas besoin d\u2019\u00eatre \u00e9chang\u00e9 pour \u00eatre amour, comme celui d\u2019une m\u00e8re, sans limites, presque t\u00e9m\u00e9raire. Un amour sp\u00e9cial adress\u00e9 \u00e0 nous tous, au nom duquel Dieu s\u2019est fait homme et s\u2019est sacrifi\u00e9, acceptant une mort cruelle et injuste, endurant le plus grand des maux, seulement pour nous donner de l\u2019espoir.<\/p>\n<h2>L\u2019heure de la Mis\u00e9ricorde<\/h2>\n<p>La mis\u00e9ricorde prend un sens plus sp\u00e9cifique lorsqu\u2019elle est associ\u00e9e \u00e0 un contexte particulier, \u00e0 un moment particulier de la vie de J\u00e9sus\u00a0: nous parlons de l\u2019Heure de la Mis\u00e9ricorde.<\/p>\n<p>\u00ab<em> Chaque fois que vous entendez l\u2019horloge battre les trois, souvenez-vous de vous immerger compl\u00e8tement dans Ma Mis\u00e9ricorde, en l\u2019adorant et en l\u2019exaltant\u00a0; invoquez sa toute-puissance pour le monde entier et surtout pour les pauvres p\u00e9cheurs, car c\u2019est \u00e0 cette heure-l\u00e0 qu\u2019elle s\u2019est ouverte \u00e0 toutes les \u00e2mes (1572)<\/em> \u00bb<\/p>\n<p>Ces paroles sont \u00e9crites dans le journal de S\u0153ur Marie Faustine Kowalska, jeune religieuse polonaise, propagatrice de la d\u00e9votion \u00e0 J\u00e9sus mis\u00e9ricordieux et consid\u00e9r\u00e9e comme l\u2019Ap\u00f4tre de la Divine Mis\u00e9ricorde.<\/p>\n<figure id=\"attachment_880\" aria-describedby=\"caption-attachment-880\" style=\"width: 300px\" class=\"wp-caption alignright\"><img loading=\"lazy\" decoding=\"async\" class=\"size-medium wp-image-880\" src=\"https:\/\/blog.holyart.it\/fr\/wp-content\/uploads\/sites\/14\/2018\/08\/J\u00e9sus-mis\u00e9ricordieux-Val-Gardena-300x300.jpg\" alt=\"Statue de J\u00e9sus mis\u00e9ricordieux\" width=\"300\" height=\"300\" \/><figcaption id=\"caption-attachment-880\" class=\"wp-caption-text\"><center><strong><a href=\"https:\/\/www.holyart.fr\/articles-religieux\/statues\/statues-en-bois-peint\/jesus-misericordieux-en-bois-val-gardena-rayons-rouges-bleus\">J\u00e9sus mis\u00e9ricordieux<\/a><\/strong><br \/><a href=\"https:\/\/www.holyart.fr\/articles-religieux\/statues\/statues-en-bois-peint\/jesus-misericordieux-en-bois-val-gardena-rayons-rouges-bleus\"><button class=\"bottoneacquista\" style=\"vertical-align: middle;\">Acheter sur Holyart<\/button><\/a><\/center><\/figcaption><\/figure>\n<p>L\u2019Heure de la Mis\u00e9ricorde correspond \u00e0 trois heures de l\u2019apr\u00e8s-midi, l\u2019heure exacte \u00e0 laquelle J\u00e9sus est mort sur la croix le Vendredi saint. C\u2019est le point culminant de son agonie, le moment de sa mort.<\/p>\n<p>S\u0153ur Marie Faustine a largement contribu\u00e9 \u00e0 la diffusion du culte de la Divine Mis\u00e9ricorde. Sa vie mystique intense, les nombreuses visites re\u00e7ues du Christ, ont conduit \u00e0 la codification de cette forme particuli\u00e8re de d\u00e9votion et \u00e0 la repr\u00e9sentation de <strong><a href=\"https:\/\/www.holyart.fr\/articles-religieux\/tableaux-gravures-manuscrit-enlumine\/estampe-jesus-misericordieux\">J\u00e9sus mis\u00e9ricordieux<\/a><\/strong>, repr\u00e9sent\u00e9 v\u00eatu d\u2019une robe blanche, avec une main lev\u00e9e pour b\u00e9nir, l\u2019autre plac\u00e9e sur sa poitrine, d\u2019o\u00f9 partent deux grands rayons, l\u2019un rouge et l\u2019autre blanc.<\/p>\n<p>\u00ab\u00a0<em>Vendredi saint. Aux trois, j\u2019ai vu J\u00e9sus Crucifi\u00e9 qui m\u2019a regard\u00e9 et a dit : \u00ab\u00a0J\u2019ai soif\u00a0\u00bb. Tout d\u2019un coup, j\u2019ai vu que de son c\u00f4t\u00e9 sont sortis les deux m\u00eames rayons qui sont sur l\u2019image. En m\u00eame temps, j\u2019ai ressenti dans mon \u00e2me un grand d\u00e9sir de sauver les \u00e2mes et de m\u2019annihiler pour les pauvres p\u00e9cheurs. Avec la mort de J\u00e9sus, je me suis offerte au P\u00e8re \u00e9ternel pour le salut du monde. Avec J\u00e9sus, par J\u00e9sus et en J\u00e9sus, je suis unie \u00e0 Toi, \u00d4 P\u00e8re \u00e9ternel<\/em>\u00a0\u00bb (Journal de Sainte Faustine, n\u00b0 648).<\/p>\n<p>Une invitation \u00e0 la pri\u00e8re, donc, mais aussi une invitation \u00e0 la Mis\u00e9ricorde, au sacrifice pour les fr\u00e8res et s\u0153urs les plus faibles et les plus malheureux. La vision de J\u00e9sus a suscit\u00e9 chez la Sainte le d\u00e9sir irr\u00e9pressible de l\u2019imiter, de se sacrifier comme lui pour le salut des p\u00e9cheurs, de toutes les \u00e2mes du monde. Parce qu\u2019au moment de la plus grande douleur, Il \u00e9tait capable de l\u2019amour le plus immense, l\u2019amour qui nous rapproche de Dieu et fait de nous une partie de Son Myst\u00e8re.<\/p>\n<p>C\u2019est J\u00e9sus qui a demand\u00e9 \u00e0 la Sainte de peindre une image qui le montrerait de cette fa\u00e7on, afin qu\u2019elle soit connue et v\u00e9n\u00e9r\u00e9e de tous. J\u00e9sus lui a aussi dit qu\u2019il voulait que le premier dimanche apr\u00e8s P\u00e2ques devienne la f\u00eate de la Mis\u00e9ricorde.<\/p>\n<p>Le pape Jean-Paul II, qui a b\u00e9atifi\u00e9 S\u0153ur Marie Faustine, a confirm\u00e9 la f\u00eate de la Mis\u00e9ricorde pour ce jour-l\u00e0.<\/p>\n<h2>La Couronne ou chapelet de la Mis\u00e9ricorde divine<\/h2>\n<p>Dans une autre r\u00e9v\u00e9lation, J\u00e9sus enseigna \u00e0 S\u0153ur Marie Faustine <strong><a href=\"https:\/\/www.holyart.fr\/blog\/articles-religieux\/reciter-rosaire-de-divine-misericorde\/\">une pri\u00e8re sp\u00e9ciale\u00a0: la Couronne ou chapelet de la Mis\u00e9ricorde divine<\/a>.<\/strong> J\u00e9sus a accompagn\u00e9 ce don avec les mots\u00a0: \u00ab\u00a0<em>Ma mis\u00e9ricorde enveloppera de vie et surtout \u00e0 l\u2019heure de la mort les \u00e2mes qui r\u00e9citent cette couronne.\u00a0\u00bb<\/em><\/p>\n<p>La couronne de la Mis\u00e9ricorde garantirait la gr\u00e2ce de la conversion et le pardon de tous les p\u00e9ch\u00e9s, surtout si elle est r\u00e9cit\u00e9e au moment de la mort.<\/p>\n<figure id=\"attachment_600\" aria-describedby=\"caption-attachment-600\" style=\"width: 300px\" class=\"wp-caption alignleft\"><img loading=\"lazy\" decoding=\"async\" class=\"size-medium wp-image-600\" src=\"https:\/\/blog.holyart.it\/fr\/wp-content\/uploads\/sites\/14\/2018\/05\/chapelet-de-devotion-divine-misericorde-1-300x300.jpg\" alt=\"chapelet de devotion divine misericorde\" width=\"300\" height=\"300\" \/><figcaption id=\"caption-attachment-600\" class=\"wp-caption-text\"><center><strong><a href=\"https:\/\/www.holyart.fr\/articles-religieux\/chapelets-et-etuis-a-chapelet\/rosaires-de-devotion\/chapelet-de-devotion-divine-misericorde\">Chapelet de d\u00e9votion <br \/>Divine Mis\u00e9ricorde<\/a><\/strong><br \/><a href=\"https:\/\/www.holyart.fr\/articles-religieux\/chapelets-et-etuis-a-chapelet\/rosaires-de-devotion\/chapelet-de-devotion-divine-misericorde\"><button class=\"bottoneacquista\" style=\"vertical-align: middle;\">Acheter sur Holyart<\/button><\/a><\/center><\/figcaption><\/figure>\n<p>En particulier, le chapelet montre toute son efficacit\u00e9 s\u2019il est r\u00e9cit\u00e9 en conjonction avec l\u2019Heure de la Mis\u00e9ricorde. En la r\u00e9citant \u00e0 trois heures de l\u2019apr\u00e8s-midi, nous honorons le moment de la mort de J\u00e9sus, nous m\u00e9ditons sur son agonie, sur son immense sacrifice. De cette m\u00e9ditation et de la pri\u00e8re qui l\u2019accompagne, l\u2019esprit doit se sentir contamin\u00e9 d\u2019une certaine mani\u00e8re par la Mis\u00e9ricorde de Dieu qui, gr\u00e2ce \u00e0 la foi et \u00e0 la d\u00e9votion de ceux qui prient, s\u2019\u00e9tend au monde entier, m\u00eame les plus indignes, en leur inspirant amour et pi\u00e9t\u00e9.<\/p>\n<p>\u00ab\u00a0<em>\u00a0 Chaque fois que vous entendez l\u2019horloge battre les trois, souvenez-vous de vous immerger compl\u00e8tement dans Ma Mis\u00e9ricorde, en l\u2019adorant et en l\u2019exaltant\u00a0; invoquez sa toute-puissance pour le monde entier et surtout pour les pauvres p\u00e9cheurs, car c\u2019est \u00e0 cette heure-l\u00e0 qu\u2019elle s\u2019est ouverte \u00e0 toutes les \u00e2mes. \u00c0 cette heure, vous obtiendrez tout pour vous et pour les autres. \u00c0 cette heure-l\u00e0, la gr\u00e2ce a \u00e9t\u00e9 accord\u00e9e au monde entier &#8211; la Mis\u00e9ricorde a gagn\u00e9 la justice<\/em>\u00a0\u00bb (Journal de sainte Faustine, 1572).<\/p>\n<p><em>[\u2026] \u00c0 cette heure, essayez de faire le Chemin de Croix, si vos engagements le permettent et si vous ne pouvez pas faire le Chemin de Croix, entrez au moins un instant dans la chapelle et honorez mon c\u0153ur qui, dans le Saint Sacrement, est plein de mis\u00e9ricorde. Et si vous ne pouvez pas aller \u00e0 la chapelle, rassemblez-vous dans la pri\u00e8re au moins pour un bref moment l\u00e0 o\u00f9 vous \u00eates [\u2026] \u00c0 cette heure, vous obtiendrez tout pour vous-m\u00eame et pour les autres <\/em>(Journal de sainte Faustine, 1572). <em>\u00c0 cette heure-l\u00e0, je ne refuserai rien \u00e0 l\u2019\u00e2me qui me prie pour Ma Passion\u00a0<\/em> \u00bb (Journal de sainte Faustine, 1320).<\/p>\n<p>La pratique de l\u2019Heure de la Mis\u00e9ricorde est donc un entra\u00eenement pour l\u2019\u00e2me, ainsi qu\u2019un moyen de prot\u00e9ger et de garantir le salut pour tous. Il suffit de d\u00e9dier un bref moment de pri\u00e8re \u00e0 Dieu, \u00e0 trois heures de l\u2019apr\u00e8s-midi, de se recueillir un moment dans une conversation priv\u00e9e et sp\u00e9ciale avec Lui, de se sentir faire partie de son plan d\u2019amour, de se rappeler combien il est pr\u00e9cieux et unique.<\/p>\n","protected":false},"excerpt":{"rendered":"<p>Mis\u00e9ricorde. Une parole qui revient souvent lorsque nous parlons de Notre Seigneur. Mis\u00e9ricorde: origine et signification Le terme d\u00e9rive du latin misereor (j\u2019ai piti\u00e9) et cor -cordis (coeur), mais il existe conceptuellement depuis toujours au sein de la religion chr\u00e9tienne. Nous pourrions le d\u00e9finir comme&hellip;<\/p>\n","protected":false},"author":1,"featured_media":879,"comment_status":"closed","ping_status":"open","sticky":false,"template":"","format":"standard","meta":{"_acf_changed":false,"footnotes":""},"categories":[8],"tags":[],"class_list":["post-878","post","type-post","status-publish","format-standard","has-post-thumbnail","hentry","category-articles-religieux"],"acf":[],"yoast_head":"<!-- This site is optimized with the Yoast SEO plugin v26.6 - https:\/\/yoast.com\/wordpress\/plugins\/seo\/ -->\n<title>L\u2019heure de la Mis\u00e9ricorde - Holyart.fr Blog<\/title>\n<meta name=\"description\" content=\"La mis\u00e9ricorde prend un sens plus sp\u00e9cifique lorsqu\u2019elle est associ\u00e9e \u00e0 un moment particulier de la vie de J\u00e9sus : nous parlons de l\u2019Heure de la Mis\u00e9ricorde\" \/>\n<meta name=\"robots\" content=\"index, follow, max-snippet:-1, max-image-preview:large, max-video-preview:-1\" \/>\n<link rel=\"canonical\" href=\"https:\/\/blog.holyart.it\/fr\/articles-religieux\/lheure-de-misericorde\/\" \/>\n<meta property=\"og:locale\" content=\"fr_FR\" \/>\n<meta property=\"og:type\" content=\"article\" \/>\n<meta property=\"og:title\" content=\"L\u2019heure de la Mis\u00e9ricorde - Holyart.fr Blog\" \/>\n<meta property=\"og:description\" content=\"La mis\u00e9ricorde prend un sens plus sp\u00e9cifique lorsqu\u2019elle est associ\u00e9e \u00e0 un moment particulier de la vie de J\u00e9sus : nous parlons de l\u2019Heure de la Mis\u00e9ricorde\" \/>\n<meta property=\"og:url\" content=\"https:\/\/blog.holyart.it\/fr\/articles-religieux\/lheure-de-misericorde\/\" \/>\n<meta property=\"og:site_name\" content=\"Holyart.fr Blog\" \/>\n<meta property=\"article:published_time\" content=\"2018-08-14T14:30:45+00:00\" \/>\n<meta property=\"article:modified_time\" content=\"2018-08-30T10:31:11+00:00\" \/>\n<meta property=\"og:image\" content=\"https:\/\/blog.holyart.it\/fr\/wp-content\/uploads\/sites\/14\/2018\/08\/L\u2019heure-de-la-Mis\u00e9ricorde.jpg\" \/>\n\t<meta property=\"og:image:width\" content=\"1000\" \/>\n\t<meta property=\"og:image:height\" content=\"666\" \/>\n\t<meta property=\"og:image:type\" content=\"image\/jpeg\" \/>\n<meta name=\"author\" content=\"Redazione\" \/>\n<meta name=\"twitter:card\" content=\"summary_large_image\" \/>\n<meta name=\"twitter:label1\" content=\"\u00c9crit par\" \/>\n\t<meta name=\"twitter:data1\" content=\"Redazione\" \/>\n\t<meta name=\"twitter:label2\" content=\"Dur\u00e9e de lecture estim\u00e9e\" \/>\n\t<meta name=\"twitter:data2\" content=\"8 minutes\" \/>\n<script type=\"application\/ld+json\" class=\"yoast-schema-graph\">{\"@context\":\"https:\/\/schema.org\",\"@graph\":[{\"@type\":\"Article\",\"@id\":\"https:\/\/blog.holyart.it\/fr\/articles-religieux\/lheure-de-misericorde\/#article\",\"isPartOf\":{\"@id\":\"https:\/\/blog.holyart.it\/fr\/articles-religieux\/lheure-de-misericorde\/\"},\"author\":{\"name\":\"Redazione\",\"@id\":\"https:\/\/blog.holyart.it\/fr\/#\/schema\/person\/0a7b686e5af0f856ec1e390dd0baecda\"},\"headline\":\"L\u2019heure de la Mis\u00e9ricorde\",\"datePublished\":\"2018-08-14T14:30:45+00:00\",\"dateModified\":\"2018-08-30T10:31:11+00:00\",\"mainEntityOfPage\":{\"@id\":\"https:\/\/blog.holyart.it\/fr\/articles-religieux\/lheure-de-misericorde\/\"},\"wordCount\":1530,\"publisher\":{\"@id\":\"https:\/\/blog.holyart.it\/fr\/#organization\"},\"image\":{\"@id\":\"https:\/\/blog.holyart.it\/fr\/articles-religieux\/lheure-de-misericorde\/#primaryimage\"},\"thumbnailUrl\":\"https:\/\/blog.holyart.it\/fr\/wp-content\/uploads\/sites\/14\/2018\/08\/L\u2019heure-de-la-Mis\u00e9ricorde.jpg\",\"articleSection\":[\"Religion\"],\"inLanguage\":\"fr-FR\"},{\"@type\":\"WebPage\",\"@id\":\"https:\/\/blog.holyart.it\/fr\/articles-religieux\/lheure-de-misericorde\/\",\"url\":\"https:\/\/blog.holyart.it\/fr\/articles-religieux\/lheure-de-misericorde\/\",\"name\":\"L\u2019heure de la Mis\u00e9ricorde - Holyart.fr Blog\",\"isPartOf\":{\"@id\":\"https:\/\/blog.holyart.it\/fr\/#website\"},\"primaryImageOfPage\":{\"@id\":\"https:\/\/blog.holyart.it\/fr\/articles-religieux\/lheure-de-misericorde\/#primaryimage\"},\"image\":{\"@id\":\"https:\/\/blog.holyart.it\/fr\/articles-religieux\/lheure-de-misericorde\/#primaryimage\"},\"thumbnailUrl\":\"https:\/\/blog.holyart.it\/fr\/wp-content\/uploads\/sites\/14\/2018\/08\/L\u2019heure-de-la-Mis\u00e9ricorde.jpg\",\"datePublished\":\"2018-08-14T14:30:45+00:00\",\"dateModified\":\"2018-08-30T10:31:11+00:00\",\"description\":\"La mis\u00e9ricorde prend un sens plus sp\u00e9cifique lorsqu\u2019elle est associ\u00e9e \u00e0 un moment particulier de la vie de J\u00e9sus : nous parlons de l\u2019Heure de la Mis\u00e9ricorde\",\"breadcrumb\":{\"@id\":\"https:\/\/blog.holyart.it\/fr\/articles-religieux\/lheure-de-misericorde\/#breadcrumb\"},\"inLanguage\":\"fr-FR\",\"potentialAction\":[{\"@type\":\"ReadAction\",\"target\":[\"https:\/\/blog.holyart.it\/fr\/articles-religieux\/lheure-de-misericorde\/\"]}]},{\"@type\":\"ImageObject\",\"inLanguage\":\"fr-FR\",\"@id\":\"https:\/\/blog.holyart.it\/fr\/articles-religieux\/lheure-de-misericorde\/#primaryimage\",\"url\":\"https:\/\/blog.holyart.it\/fr\/wp-content\/uploads\/sites\/14\/2018\/08\/L\u2019heure-de-la-Mis\u00e9ricorde.jpg\",\"contentUrl\":\"https:\/\/blog.holyart.it\/fr\/wp-content\/uploads\/sites\/14\/2018\/08\/L\u2019heure-de-la-Mis\u00e9ricorde.jpg\",\"width\":1000,\"height\":666,\"caption\":\"L\u2019heure de la Mis\u00e9ricorde\"},{\"@type\":\"BreadcrumbList\",\"@id\":\"https:\/\/blog.holyart.it\/fr\/articles-religieux\/lheure-de-misericorde\/#breadcrumb\",\"itemListElement\":[{\"@type\":\"ListItem\",\"position\":1,\"name\":\"Homepage\",\"item\":\"https:\/\/blog.holyart.it\/fr\/\"},{\"@type\":\"ListItem\",\"position\":2,\"name\":\"Religion\",\"item\":\"https:\/\/blog.holyart.it\/fr\/articles-religieux\/\"},{\"@type\":\"ListItem\",\"position\":3,\"name\":\"L\u2019heure de la Mis\u00e9ricorde\"}]},{\"@type\":\"WebSite\",\"@id\":\"https:\/\/blog.holyart.it\/fr\/#website\",\"url\":\"https:\/\/blog.holyart.it\/fr\/\",\"name\":\"Holyart.fr Blog\",\"description\":\"Holyblog\",\"publisher\":{\"@id\":\"https:\/\/blog.holyart.it\/fr\/#organization\"},\"potentialAction\":[{\"@type\":\"SearchAction\",\"target\":{\"@type\":\"EntryPoint\",\"urlTemplate\":\"https:\/\/blog.holyart.it\/fr\/?s={search_term_string}\"},\"query-input\":{\"@type\":\"PropertyValueSpecification\",\"valueRequired\":true,\"valueName\":\"search_term_string\"}}],\"inLanguage\":\"fr-FR\"},{\"@type\":\"Organization\",\"@id\":\"https:\/\/blog.holyart.it\/fr\/#organization\",\"name\":\"Holyart.fr Blog\",\"url\":\"https:\/\/blog.holyart.it\/fr\/\",\"logo\":{\"@type\":\"ImageObject\",\"inLanguage\":\"fr-FR\",\"@id\":\"https:\/\/blog.holyart.it\/fr\/#\/schema\/logo\/image\/\",\"url\":\"https:\/\/blog.holyart.it\/fr\/wp-content\/uploads\/sites\/14\/2022\/12\/Holyart_Blog_Logo.jpg\",\"contentUrl\":\"https:\/\/blog.holyart.it\/fr\/wp-content\/uploads\/sites\/14\/2022\/12\/Holyart_Blog_Logo.jpg\",\"width\":300,\"height\":50,\"caption\":\"Holyart.fr Blog\"},\"image\":{\"@id\":\"https:\/\/blog.holyart.it\/fr\/#\/schema\/logo\/image\/\"}},{\"@type\":\"Person\",\"@id\":\"https:\/\/blog.holyart.it\/fr\/#\/schema\/person\/0a7b686e5af0f856ec1e390dd0baecda\",\"name\":\"Redazione\",\"image\":{\"@type\":\"ImageObject\",\"inLanguage\":\"fr-FR\",\"@id\":\"https:\/\/blog.holyart.it\/fr\/#\/schema\/person\/image\/\",\"url\":\"https:\/\/secure.gravatar.com\/avatar\/f477da817f43e50d0af36abecd33e3edf826c68299714bdc1057dff3b113f516?s=96&d=mm&r=g\",\"contentUrl\":\"https:\/\/secure.gravatar.com\/avatar\/f477da817f43e50d0af36abecd33e3edf826c68299714bdc1057dff3b113f516?s=96&d=mm&r=g\",\"caption\":\"Redazione\"},\"url\":\"https:\/\/blog.holyart.it\/fr\/author\/admin\/\"}]}<\/script>\n<!-- \/ Yoast SEO plugin. -->","yoast_head_json":{"title":"L\u2019heure de la Mis\u00e9ricorde - Holyart.fr Blog","description":"La mis\u00e9ricorde prend un sens plus sp\u00e9cifique lorsqu\u2019elle est associ\u00e9e \u00e0 un moment particulier de la vie de J\u00e9sus : nous parlons de l\u2019Heure de la Mis\u00e9ricorde","robots":{"index":"index","follow":"follow","max-snippet":"max-snippet:-1","max-image-preview":"max-image-preview:large","max-video-preview":"max-video-preview:-1"},"canonical":"https:\/\/blog.holyart.it\/fr\/articles-religieux\/lheure-de-misericorde\/","og_locale":"fr_FR","og_type":"article","og_title":"L\u2019heure de la Mis\u00e9ricorde - Holyart.fr Blog","og_description":"La mis\u00e9ricorde prend un sens plus sp\u00e9cifique lorsqu\u2019elle est associ\u00e9e \u00e0 un moment particulier de la vie de J\u00e9sus : nous parlons de l\u2019Heure de la Mis\u00e9ricorde","og_url":"https:\/\/blog.holyart.it\/fr\/articles-religieux\/lheure-de-misericorde\/","og_site_name":"Holyart.fr Blog","article_published_time":"2018-08-14T14:30:45+00:00","article_modified_time":"2018-08-30T10:31:11+00:00","og_image":[{"width":1000,"height":666,"url":"https:\/\/blog.holyart.it\/fr\/wp-content\/uploads\/sites\/14\/2018\/08\/L\u2019heure-de-la-Mis\u00e9ricorde.jpg","type":"image\/jpeg"}],"author":"Redazione","twitter_card":"summary_large_image","twitter_misc":{"\u00c9crit par":"Redazione","Dur\u00e9e de lecture estim\u00e9e":"8 minutes"},"schema":{"@context":"https:\/\/schema.org","@graph":[{"@type":"Article","@id":"https:\/\/blog.holyart.it\/fr\/articles-religieux\/lheure-de-misericorde\/#article","isPartOf":{"@id":"https:\/\/blog.holyart.it\/fr\/articles-religieux\/lheure-de-misericorde\/"},"author":{"name":"Redazione","@id":"https:\/\/blog.holyart.it\/fr\/#\/schema\/person\/0a7b686e5af0f856ec1e390dd0baecda"},"headline":"L\u2019heure de la Mis\u00e9ricorde","datePublished":"2018-08-14T14:30:45+00:00","dateModified":"2018-08-30T10:31:11+00:00","mainEntityOfPage":{"@id":"https:\/\/blog.holyart.it\/fr\/articles-religieux\/lheure-de-misericorde\/"},"wordCount":1530,"publisher":{"@id":"https:\/\/blog.holyart.it\/fr\/#organization"},"image":{"@id":"https:\/\/blog.holyart.it\/fr\/articles-religieux\/lheure-de-misericorde\/#primaryimage"},"thumbnailUrl":"https:\/\/blog.holyart.it\/fr\/wp-content\/uploads\/sites\/14\/2018\/08\/L\u2019heure-de-la-Mis\u00e9ricorde.jpg","articleSection":["Religion"],"inLanguage":"fr-FR"},{"@type":"WebPage","@id":"https:\/\/blog.holyart.it\/fr\/articles-religieux\/lheure-de-misericorde\/","url":"https:\/\/blog.holyart.it\/fr\/articles-religieux\/lheure-de-misericorde\/","name":"L\u2019heure de la Mis\u00e9ricorde - Holyart.fr Blog","isPartOf":{"@id":"https:\/\/blog.holyart.it\/fr\/#website"},"primaryImageOfPage":{"@id":"https:\/\/blog.holyart.it\/fr\/articles-religieux\/lheure-de-misericorde\/#primaryimage"},"image":{"@id":"https:\/\/blog.holyart.it\/fr\/articles-religieux\/lheure-de-misericorde\/#primaryimage"},"thumbnailUrl":"https:\/\/blog.holyart.it\/fr\/wp-content\/uploads\/sites\/14\/2018\/08\/L\u2019heure-de-la-Mis\u00e9ricorde.jpg","datePublished":"2018-08-14T14:30:45+00:00","dateModified":"2018-08-30T10:31:11+00:00","description":"La mis\u00e9ricorde prend un sens plus sp\u00e9cifique lorsqu\u2019elle est associ\u00e9e \u00e0 un moment particulier de la vie de J\u00e9sus : nous parlons de l\u2019Heure de la Mis\u00e9ricorde","breadcrumb":{"@id":"https:\/\/blog.holyart.it\/fr\/articles-religieux\/lheure-de-misericorde\/#breadcrumb"},"inLanguage":"fr-FR","potentialAction":[{"@type":"ReadAction","target":["https:\/\/blog.holyart.it\/fr\/articles-religieux\/lheure-de-misericorde\/"]}]},{"@type":"ImageObject","inLanguage":"fr-FR","@id":"https:\/\/blog.holyart.it\/fr\/articles-religieux\/lheure-de-misericorde\/#primaryimage","url":"https:\/\/blog.holyart.it\/fr\/wp-content\/uploads\/sites\/14\/2018\/08\/L\u2019heure-de-la-Mis\u00e9ricorde.jpg","contentUrl":"https:\/\/blog.holyart.it\/fr\/wp-content\/uploads\/sites\/14\/2018\/08\/L\u2019heure-de-la-Mis\u00e9ricorde.jpg","width":1000,"height":666,"caption":"L\u2019heure de la Mis\u00e9ricorde"},{"@type":"BreadcrumbList","@id":"https:\/\/blog.holyart.it\/fr\/articles-religieux\/lheure-de-misericorde\/#breadcrumb","itemListElement":[{"@type":"ListItem","position":1,"name":"Homepage","item":"https:\/\/blog.holyart.it\/fr\/"},{"@type":"ListItem","position":2,"name":"Religion","item":"https:\/\/blog.holyart.it\/fr\/articles-religieux\/"},{"@type":"ListItem","position":3,"name":"L\u2019heure de la Mis\u00e9ricorde"}]},{"@type":"WebSite","@id":"https:\/\/blog.holyart.it\/fr\/#website","url":"https:\/\/blog.holyart.it\/fr\/","name":"Holyart.fr Blog","description":"Holyblog","publisher":{"@id":"https:\/\/blog.holyart.it\/fr\/#organization"},"potentialAction":[{"@type":"SearchAction","target":{"@type":"EntryPoint","urlTemplate":"https:\/\/blog.holyart.it\/fr\/?s={search_term_string}"},"query-input":{"@type":"PropertyValueSpecification","valueRequired":true,"valueName":"search_term_string"}}],"inLanguage":"fr-FR"},{"@type":"Organization","@id":"https:\/\/blog.holyart.it\/fr\/#organization","name":"Holyart.fr Blog","url":"https:\/\/blog.holyart.it\/fr\/","logo":{"@type":"ImageObject","inLanguage":"fr-FR","@id":"https:\/\/blog.holyart.it\/fr\/#\/schema\/logo\/image\/","url":"https:\/\/blog.holyart.it\/fr\/wp-content\/uploads\/sites\/14\/2022\/12\/Holyart_Blog_Logo.jpg","contentUrl":"https:\/\/blog.holyart.it\/fr\/wp-content\/uploads\/sites\/14\/2022\/12\/Holyart_Blog_Logo.jpg","width":300,"height":50,"caption":"Holyart.fr Blog"},"image":{"@id":"https:\/\/blog.holyart.it\/fr\/#\/schema\/logo\/image\/"}},{"@type":"Person","@id":"https:\/\/blog.holyart.it\/fr\/#\/schema\/person\/0a7b686e5af0f856ec1e390dd0baecda","name":"Redazione","image":{"@type":"ImageObject","inLanguage":"fr-FR","@id":"https:\/\/blog.holyart.it\/fr\/#\/schema\/person\/image\/","url":"https:\/\/secure.gravatar.com\/avatar\/f477da817f43e50d0af36abecd33e3edf826c68299714bdc1057dff3b113f516?s=96&d=mm&r=g","contentUrl":"https:\/\/secure.gravatar.com\/avatar\/f477da817f43e50d0af36abecd33e3edf826c68299714bdc1057dff3b113f516?s=96&d=mm&r=g","caption":"Redazione"},"url":"https:\/\/blog.holyart.it\/fr\/author\/admin\/"}]}},"_links":{"self":[{"href":"https:\/\/blog.holyart.it\/fr\/wp-json\/wp\/v2\/posts\/878","targetHints":{"allow":["GET"]}}],"collection":[{"href":"https:\/\/blog.holyart.it\/fr\/wp-json\/wp\/v2\/posts"}],"about":[{"href":"https:\/\/blog.holyart.it\/fr\/wp-json\/wp\/v2\/types\/post"}],"author":[{"embeddable":true,"href":"https:\/\/blog.holyart.it\/fr\/wp-json\/wp\/v2\/users\/1"}],"replies":[{"embeddable":true,"href":"https:\/\/blog.holyart.it\/fr\/wp-json\/wp\/v2\/comments?post=878"}],"version-history":[{"count":0,"href":"https:\/\/blog.holyart.it\/fr\/wp-json\/wp\/v2\/posts\/878\/revisions"}],"wp:featuredmedia":[{"embeddable":true,"href":"https:\/\/blog.holyart.it\/fr\/wp-json\/wp\/v2\/media\/879"}],"wp:attachment":[{"href":"https:\/\/blog.holyart.it\/fr\/wp-json\/wp\/v2\/media?parent=878"}],"wp:term":[{"taxonomy":"category","embeddable":true,"href":"https:\/\/blog.holyart.it\/fr\/wp-json\/wp\/v2\/categories?post=878"},{"taxonomy":"post_tag","embeddable":true,"href":"https:\/\/blog.holyart.it\/fr\/wp-json\/wp\/v2\/tags?post=878"}],"curies":[{"name":"wp","href":"https:\/\/api.w.org\/{rel}","templated":true}]}}