{"id":8731,"date":"2024-09-03T10:00:06","date_gmt":"2024-09-03T08:00:06","guid":{"rendered":"https:\/\/blog.holyart.it\/fr\/?p=8731"},"modified":"2025-09-02T15:45:48","modified_gmt":"2025-09-02T13:45:48","slug":"les-missionnaires-de-la-charite-de-mere-teresa-de-calcutta","status":"publish","type":"post","link":"https:\/\/blog.holyart.it\/fr\/articles-religieux\/les-missionnaires-de-la-charite-de-mere-teresa-de-calcutta\/","title":{"rendered":"Les Missionnaires de la Charit\u00e9 de M\u00e8re Teresa de Calcutta"},"content":{"rendered":"<h4>Les Missionnaires de la Charit\u00e9 de M\u00e8re Teresa de Calcutta vivent quotidiennement l\u2019h\u00e9ritage d\u2019amour et de compassion promu par leur fondatrice, M\u00e8re Teresa de Calcutta. Partout dans le monde, elles soulagent les souffrances des plus malheureux.<\/h4>\n\n<p>Les <strong>Missionnaires de la Charit\u00e9<\/strong> sont l\u2019h\u00e9ritage vivant laiss\u00e9 par <a href=\"https:\/\/www.holyart.fr\/blog\/articles-religieux\/mere-teresa-symbole-de-charite\/\"><strong>M\u00e8re Teresa de Calcutta<\/strong><\/a> au monde. Commun\u00e9ment connues <strong>comme S\u0153urs de la Charit\u00e9<\/strong>, elles font partie d\u2019un ordre religieux fond\u00e9s en 1950. Ces s\u0153urs consacr\u00e9es au service des plus n\u00e9cessiteux ont eu un impact significatif dans la soci\u00e9t\u00e9 que la Sainte symbole de charit\u00e9 a essay\u00e9 d\u2019am\u00e9liorer, en diffusant son message d\u2019amour, compassion et aide dans le monde entier.<\/p>\n<div class=\"link-article\">\n<p><img loading=\"lazy\" decoding=\"async\" class=\"size-full wp-image-8735 alignleft\" src=\"https:\/\/blog.holyart.it\/fr\/wp-content\/uploads\/sites\/14\/2024\/08\/Mere-Teresa-symbole-de-charite.png\" alt=\"M\u00e8re Teresa symbole de charit\u00e9\" width=\"150\" height=\"99\" data-kale-share-title=\"Les Missionnaires de la Charit\u00e9 de M\u00e8re Teresa de Calcutta\" data-kale-share-url=\"https:\/\/blog.holyart.it\/fr\/?p=8731\" \/><\/p>\n<div class=\"leggi-anche\">Lire aussi :<\/div>\n<p><strong><a href=\"https:\/\/www.holyart.fr\/blog\/articles-religieux\/mere-teresa-symbole-de-charite\/\">M\u00e8re Teresa : symbole de charit\u00e9<\/a><\/strong><br \/>\nUne nouvelle ann\u00e9e vient de commencer. C\u2019est le moment des bilans et des bons propos. Et si notre propos le plus important&#8230;<\/p>\n<\/div>\n<p><a href=\"https:\/\/www.holyart.fr\/articles-religieux\/statues\/statues-en-bois-peint\/statue-sainte-mere-teresa-de-calcutta-bois-peint-val-gardena\"><strong>M\u00e8re Teresa de Calcutta<\/strong><\/a><strong>, <\/strong>connue \u00e9galement comme Sainte M\u00e8re Teresa de Calcutta apr\u00e8s sa canonisation en 2016, a \u00e9t\u00e9 une figure charismatique et altruiste qui a d\u00e9di\u00e9 sa vie \u00e0 aider les pauvres, les malades, les orphelins et les mourants dans les rues de Calcutta, en Inde. Son inspiration et sa d\u00e9votion \u00e0 la cause de la charit\u00e9 ont attir\u00e9 de nombreuses jeunes femmes qui ont d\u00e9cid\u00e9 de s\u2019unir aux Missionnaires de la Charit\u00e9 afin de suivre son exemple. L\u2019ordre des Missionnaires de la Charit\u00e9 s\u2019est vite agrandi, en se r\u00e9pandant dans plusieurs parties du monder, y compris <strong>Rome<\/strong>, o\u00f9 a \u00e9t\u00e9 fond\u00e9e une des maisons-m\u00e8res de l\u2019ordre.<\/p>\n<p>Parmi les s\u0153urs qui composent l\u2019ordre, il y a \u00e9galement les <strong>Petites S\u0153urs Missionnaires de la Charit\u00e9<\/strong>, une sous-branche des Missionnaires de la Charit\u00e9. Ces s\u0153urs sont particuli\u00e8rement d\u00e9vou\u00e9es \u00e0 l\u2019<strong>assistance aux pauvres <\/strong>et \u00e0 l\u2019<strong>accompagnement des malades terminaux <\/strong>attendant la mort, offrant r\u00e9confort et support en ces moments difficiles.<\/p>\n<div class=\"link-product\">\n<div class=\"blocco-immagine\"><img loading=\"lazy\" decoding=\"async\" class=\"size-full wp-image-8736 alignleft\" src=\"https:\/\/blog.holyart.it\/fr\/wp-content\/uploads\/sites\/14\/2024\/08\/Statue-Sainte-Mere-Teresa-de-Calcutta-bois-peint-Val-Gardena.jpg\" alt=\"Statue Sainte M\u00e8re Teresa de Calcutta bois peint Val Gardena\" width=\"100\" height=\"100\" data-kale-share-title=\"Les Missionnaires de la Charit\u00e9 de M\u00e8re Teresa de Calcutta\" data-kale-share-url=\"https:\/\/blog.holyart.it\/fr\/?p=8731\" \/><\/div>\n<div class=\"blocco-contenuto\">\n<div class=\"blocco-acquista\">Acheter sur Holyart:<\/div>\n<div class=\"blocco-titolo\"><a href=\"https:\/\/www.holyart.fr\/articles-religieux\/statues\/statues-en-bois-peint\/statue-sainte-mere-teresa-de-calcutta-bois-peint-val-gardena\">Statue Sainte M\u00e8re Teresa de Calcutta bois peint Val Gardena<\/a><\/div>\n<div class=\"blocco-descrizione\">Statue de M\u00e8re Teresa en bois peint, repr\u00e9sent\u00e9e les mains jointes avec un chapelet, habill\u00e9e avec son sari blanc et bleu.<\/div>\n<\/div>\n<\/div>\n<p>Malgr\u00e9 la <strong>disparition de M\u00e8re Teresa en 1997<\/strong>, son esprit et sa mission continuent de vivre \u00e0 travers les Missionnaires de la Charit\u00e9, qui poursuivent son pr\u00e9cieux travail et inspirent les personnes du monde entier \u00e0 \u00eatre altruistes et g\u00e9n\u00e9reuses envers les plus vuln\u00e9rables de la soci\u00e9t\u00e9.<\/p>\n<p>Les s\u0153urs de cet ordre ont d\u00e9montr\u00e9 avec leur exemple que la <strong>v\u00e9ritable signification de l\u2019amour et de la compassion<\/strong> r\u00e9side dans le service aux autres et se d\u00e9dier aux \u0153uvres de mis\u00e9ricorde. Leur influence et leur engagement sont un t\u00e9moignage de l\u2019importance de <strong>mettre le bien-\u00eatre des autres au centre de notre assistance<\/strong>. Ce n\u2019est pas un hasard si, en plus d\u2019observer les trois v\u0153ux communs \u00e0 tous les religieux (pauvret\u00e9, ob\u00e9issance et chastet\u00e9), les Missionnaires de la Charit\u00e9 s\u2019engagent \u00e9galement dans un <strong>quatri\u00e8me v\u0153u sp\u00e9cifique<\/strong>, un acte de d\u00e9vouement encore plus profonde\u00a0: offrir leur personne au service des <a href=\"https:\/\/www.holyart.fr\/blog\/articles-religieux\/faire-laumone-est-ce-de-la-charite\/\"><strong>plus pauvres parmi les pauvres<\/strong><\/a>.<\/p>\n<div class=\"link-article\">\n<p><img loading=\"lazy\" decoding=\"async\" class=\"size-full wp-image-8737 alignleft\" src=\"https:\/\/blog.holyart.it\/fr\/wp-content\/uploads\/sites\/14\/2024\/08\/Faire-laumone-est-ce-de-la-charite.jpg\" alt=\"Faire l\u2019aum\u00f4ne est-ce de la charit\u00e9 \" width=\"150\" height=\"99\" data-kale-share-title=\"Les Missionnaires de la Charit\u00e9 de M\u00e8re Teresa de Calcutta\" data-kale-share-url=\"https:\/\/blog.holyart.it\/fr\/?p=8731\" \/><\/p>\n<div class=\"leggi-anche\">Lire aussi :<\/div>\n<p><strong><a href=\"https:\/\/www.holyart.fr\/blog\/articles-religieux\/faire-laumone-est-ce-de-la-charite\/\">Faire l\u2019aum\u00f4ne : est-ce de la charit\u00e9 ?<\/a><\/strong><br \/>\nL\u2019aum\u00f4ne aux pauvres est une manifestation de mis\u00e9ricorde strictement li\u00e9e aux devoirs d\u2019un bon chr\u00e9tien&#8230;<\/p>\n<\/div>\n<h2>L\u2019histoire des Missionnaires de la Charit\u00e9<\/h2>\n<p>La fondatrice des Missionnaires de la Charit\u00e9 a \u00e9t\u00e9 <a href=\"https:\/\/www.holyart.fr\/articles-religieux\/bagues-religieuses\/bague-bronze-phrase-de-mere-teresa\"><strong>Teresa de Calcutta<\/strong><\/a>, n\u00e9e Anjez\u00eb Gonxhe Bojaxhiu en 1910 et disparue en 1997. D\u2019origine albanaise, elle entra initialement pour faire partie de la Congr\u00e9gation des S\u0153urs de Lorette, une branche irlandaise de l\u2019Institut de la Bienheureuse Vierge Marie. En tant que religieuse, elle d\u00e9cida de prendre le nom de Teresa en raison de sa d\u00e9votion pour la s\u0153ur carm\u00e9litaine <a href=\"https:\/\/www.holyart.fr\/blog\/articles-religieux\/sainte-therese-de-lisieux-et-le-miracle-des-roses\/\"><strong>Sainte Th\u00e9r\u00e8se de Lisieux<\/strong><\/a>.<\/p>\n<p>En 1929, elle fut envoy\u00e9e en <strong>Inde<\/strong>, o\u00f9 elle commen\u00e7a sa carri\u00e8re en tant qu\u2019enseignante. Ici M\u00e8re Teresa resta profond\u00e9ment touch\u00e9e par les conditions de vie et de pauvret\u00e9 atroces dans lesquelles vivaient les gens de Calcutta. Avec l\u2019accord du Saint-Si\u00e8ge, le 18 ao\u00fbt 1948, elle d\u00e9cida de <strong>quitter sa congr\u00e9gation et en fonder une nouvelle<\/strong>, les <strong>Missionnaires de la Charit\u00e9<\/strong>, avec l\u2019objectif de se d\u00e9dier enti\u00e8rement \u00e0 l\u2019assistance et au soin des plus n\u00e9cessiteux. Le 19 mars 1949, la premi\u00e8re compagne s\u2019unit \u00e0 elle en ce chemin de d\u00e9vouement au service des autres.<\/p>\n<div class=\"link-article\">\n<p><img loading=\"lazy\" decoding=\"async\" class=\"size-full wp-image-8738 alignleft\" src=\"https:\/\/blog.holyart.it\/fr\/wp-content\/uploads\/sites\/14\/2024\/08\/Sainte-Therese-de-Lisieux-et-le-miracle-des-roses.jpg\" alt=\"Sainte Th\u00e9r\u00e8se de Lisieux et le miracle des roses\" width=\"150\" height=\"99\" data-kale-share-title=\"Les Missionnaires de la Charit\u00e9 de M\u00e8re Teresa de Calcutta\" data-kale-share-url=\"https:\/\/blog.holyart.it\/fr\/?p=8731\" \/><\/p>\n<div class=\"leggi-anche\">Lire aussi :<\/div>\n<p><strong><a href=\"https:\/\/www.holyart.fr\/blog\/articles-religieux\/sainte-therese-de-lisieux-et-le-miracle-des-roses\/\">Sainte Th\u00e9r\u00e8se de Lisieux et le miracle des roses<\/a><\/strong><br \/>\nSainte Th\u00e9r\u00e8se de Lisieux, morte \u00e0 seulement vingt-cinq ans, apr\u00e8s avoir pass\u00e9 une bonne partie de sa vie en clo\u00eetre&#8230;<\/p>\n<\/div>\n<p>Le 7 octobre 1950, l\u2019archev\u00eaque de Calcutta \u00e9leva officiellement les Missionnaires de la Charit\u00e9 \u00e0 <strong>congr\u00e9gation religieuse de droit dioc\u00e9sain<\/strong>, en reconnaissant leur engagement et leur mission. Ensuite, le <strong>1<sup>er<\/sup> f\u00e9vrier 1965, elles re\u00e7urent \u00e9galement l\u2019approbation pontificale<\/strong>, en obtenant ainsi une reconnaissance au niveau mondial.<\/p>\n<p>L\u2019engagement de M\u00e8re Teresa et des Missionnaires de la Charit\u00e9 dans l\u2019aide aux pauvres, aux malades, aux orphelins et aux mourants attira l\u2019attention du monde entier. En <strong>1979<\/strong>, M\u00e8re Teresa re\u00e7ut le <a href=\"https:\/\/www.holyart.fr\/blog\/saints-et-bienheureux\/la-fois-ou-une-sainte-chretienne-recut-le-prix-nobel-pour-la-paix\/\"><strong>Prix Nobel pour la Paix<\/strong><\/a> pour son extraordinaire contribution \u00e0 l\u2019humanit\u00e9.<\/p>\n<div class=\"link-article\">\n<p><img loading=\"lazy\" decoding=\"async\" class=\"size-full wp-image-8739 alignleft\" src=\"https:\/\/blog.holyart.it\/fr\/wp-content\/uploads\/sites\/14\/2024\/08\/La-fois-ou-une-sainte-chretienne-recut-le-Prix-Nobel-pour-la-Paix.jpg\" alt=\"La fois o\u00f9 une sainte chr\u00e9tienne r\u00e9\u00e7ut le Prix Nobel pour la Paix\" width=\"150\" height=\"99\" data-kale-share-title=\"Les Missionnaires de la Charit\u00e9 de M\u00e8re Teresa de Calcutta\" data-kale-share-url=\"https:\/\/blog.holyart.it\/fr\/?p=8731\" \/><\/p>\n<div class=\"leggi-anche\">Lire aussi :<\/div>\n<p><strong><a href=\"https:\/\/www.holyart.fr\/blog\/saints-et-bienheureux\/la-fois-ou-une-sainte-chretienne-recut-le-prix-nobel-pour-la-paix\/\">La fois o\u00f9 une sainte chr\u00e9tienne r\u00e9\u00e7ut le Prix Nobel pour la Paix<\/a><\/strong><br \/>\nM\u00e8re Teresa de Calcutta Prix Nobel pour la Paix est parmi les Saints modernes celle qui a su le plus donner un exemple de charit\u00e9&#8230;<\/p>\n<\/div>\n<p>La <strong>b\u00e9atification de M\u00e8re Teresa eut lieu le 19 octobre 2003<\/strong>, quand Pape Jean-Paul II la proclama bienheureuse dans une c\u00e9r\u00e9monie sur Place Saint-Pierre \u00e0 Rome. Enfin, <strong>Pape Fran\u00e7ois canonisa M\u00e8re Teresa le 4 septembre 2016<\/strong>, en reconnaissant officiellement sa saintet\u00e9 et l\u2019importance de son travail de soin des plus n\u00e9cessiteux, mais aussi sa capacit\u00e9 \u00e0 inspirer b\u00e9n\u00e9voles et fid\u00e8les \u00e0 suivre son noble exemple.<\/p>\n<div class=\"link-product\">\n<div class=\"blocco-immagine\"><img loading=\"lazy\" decoding=\"async\" class=\"size-full wp-image-8740 alignleft\" src=\"https:\/\/blog.holyart.it\/fr\/wp-content\/uploads\/sites\/14\/2024\/08\/Bague-bronze-phrase-de-Mere-Teresa.jpg\" alt=\"Bague bronze phrase de M\u00e8re Teresa\" width=\"100\" height=\"100\" data-kale-share-title=\"Les Missionnaires de la Charit\u00e9 de M\u00e8re Teresa de Calcutta\" data-kale-share-url=\"https:\/\/blog.holyart.it\/fr\/?p=8731\" \/><\/div>\n<div class=\"blocco-contenuto\">\n<div class=\"blocco-acquista\">Acheter sur Holyart:<\/div>\n<div class=\"blocco-titolo\"><a href=\"https:\/\/www.holyart.fr\/articles-religieux\/bagues-religieuses\/bague-bronze-phrase-de-mere-teresa\">Bague bronze phrase de M\u00e8re Teresa<\/a><\/div>\n<div class=\"blocco-descrizione\">Bague en bronze, inalt\u00e9rable, avec phrase de M\u00e8re Teresa en relief sur toute la bague.<\/div>\n<\/div>\n<\/div>\n<h2>L\u2019habit des Missionnaires de la Charit\u00e9<\/h2>\n<p>Les s\u0153urs des Missionnaires de la Charit\u00e9 se d\u00e9marquent par leur <a href=\"https:\/\/www.holyart.fr\/accessoires-pour-la-liturgie\/habits-clerge\/vetement-religieuses\"><strong>habit modeste et distinctif<\/strong><\/a>, en portant un <strong><em>sari<\/em> blanc aux bords bleus et une croix au centre<\/strong>. Cet uniforme refl\u00e8te leur <strong>humilit\u00e9<\/strong> et leur engagement \u00e0 vivre dans la pauvret\u00e9 spirituelle et mat\u00e9rielle, en suivant l\u2019exemple de M\u00e8re Teresa. La traditionnelle robe indienne a \u00e9t\u00e9 choisie express\u00e9ment par M\u00e8re Teresa pour <strong>s\u2019identifier avec le peuple indien<\/strong> et pour \u00eatre accept\u00e9e dans la culture locale. Le choix du <em>sari<\/em> est \u00e9galement une mani\u00e8re pour partager la m\u00eame condition de <strong>pauvret\u00e9 et d\u2019humilit\u00e9 que les personnes qu\u2019elles servent<\/strong>. Sur leurs \u00e9paules, les s\u0153urs <strong>portent une croix<\/strong>, symbole de leur engagement \u00e0 suivre J\u00e9sus-Christ et \u00e0 apporter son amour et sa compassion dans le monde. L\u2019habit des Missionnaires de la Charit\u00e9 est un signe tangible de leur v\u0153u de pauvret\u00e9 et de leur d\u00e9vouement \u00e0 vivre une vie simple, sans poss\u00e9der de biens mat\u00e9riel, mais enrichie par un amour profond et un service g\u00e9n\u00e9reux des plus vuln\u00e9rables dans la soci\u00e9t\u00e9.<\/p>\n<div class=\"link-product\">\n<div class=\"blocco-immagine\"><img loading=\"lazy\" decoding=\"async\" class=\"size-full wp-image-8741 alignleft\" src=\"https:\/\/blog.holyart.it\/fr\/wp-content\/uploads\/sites\/14\/2024\/08\/Cardigan-blanc-court-pour-soeur-avec-boutons-melange-de-laine-In-Primis.jpg\" alt=\"Cardigan blanc court pour soeur avec boutons m\u00e9lange de laine In Primis\" width=\"100\" height=\"100\" data-kale-share-title=\"Les Missionnaires de la Charit\u00e9 de M\u00e8re Teresa de Calcutta\" data-kale-share-url=\"https:\/\/blog.holyart.it\/fr\/?p=8731\" \/><\/div>\n<div class=\"blocco-contenuto\">\n<div class=\"blocco-acquista\">Acheter sur Holyart:<\/div>\n<div class=\"blocco-titolo\"><a href=\"https:\/\/www.holyart.fr\/accessoires-pour-la-liturgie\/habits-clerge\/vetement-religieuses\">V\u00eatement religieuses<\/a><\/div>\n<div class=\"blocco-descrizione\">V\u00eatement pour bonnes soeurs : dans cette section vous trouverez des v\u00eatements pour bonnes soeurs et habits religieux f\u00e9minins.<\/div>\n<\/div>\n<\/div>\n<h2>Les Missionnaires de la Charit\u00e9 dans le monde<\/h2>\n<p>Les Missionnaires de la Charit\u00e9 sont aujourd\u2019hui environ 6000, pr\u00e9sentes dans <strong>plus de 130 Pays<\/strong>. Les s\u0153urs de l\u2019ordre de <a href=\"https:\/\/www.holyart.fr\/articles-religieux\/tableaux-gravures-manuscrit-enlumine\/cadre-sur-toile-mere-teresa-de-calcutta-40x30-cm\"><strong>M\u00e8re Teresa de Calcutta<\/strong><\/a> g\u00e8rent orphelinats, maisons pour malades terminaux, dispensaires, \u00e9coles et centres d\u2019accueils pour personnes sans domicile fixe. Leur pr\u00e9sence a \u00e9t\u00e9 particuli\u00e8rement significative dans certaines des r\u00e9gions les plus pauvres et les plus d\u00e9favoris\u00e9es du monde, en apportant espoir et aide \u00e0 ceux qui en ont le plus besoin.<\/p>\n<div class=\"link-product\">\n<div class=\"blocco-immagine\"><img loading=\"lazy\" decoding=\"async\" class=\"size-full wp-image-8742 alignleft\" src=\"https:\/\/blog.holyart.it\/fr\/wp-content\/uploads\/sites\/14\/2024\/08\/Cadre-sur-toile-Mere-Teresa-de-Calcutta-40x30-cm.jpg\" alt=\"Cadre sur toile M\u00e8re Teresa de Calcutta 40x30 cm\" width=\"100\" height=\"100\" data-kale-share-title=\"Les Missionnaires de la Charit\u00e9 de M\u00e8re Teresa de Calcutta\" data-kale-share-url=\"https:\/\/blog.holyart.it\/fr\/?p=8731\" \/><\/div>\n<div class=\"blocco-contenuto\">\n<div class=\"blocco-acquista\">Acheter sur Holyart:<\/div>\n<div class=\"blocco-titolo\"><a href=\"https:\/\/www.holyart.fr\/articles-religieux\/tableaux-gravures-manuscrit-enlumine\/cadre-sur-toile-mere-teresa-de-calcutta-40x30-cm\">Cadre sur toile M\u00e8re Teresa de Calcutta 40&#215;30 cm<\/a><\/div>\n<div class=\"blocco-descrizione\">Cadre sur toile avec reproduction de M\u00e8re Teresa, tir\u00e9e des archives Fratelli Bonella, format moyen de 40&#215;30 cm.<\/div>\n<\/div>\n<\/div>\n<p>En <strong>Italie<\/strong>, 129 s\u0153urs Missionnaires de la Charit\u00e9 oeuvrent en 18 communaut\u00e9s, 5 rien qu\u2019\u00e0 <strong>Rome<\/strong>, o\u00f9 le si\u00e8ge principal des Missionnaires de la Charit\u00e9 se trouve en face du Cirque Maxime. En ce lieu sont accueillies les jeunes femmes postulantes en formation qui aspirent \u00e0 devenir s\u0153urs de la congr\u00e9gation. En outre, dans la m\u00eame zone, est situ\u00e9e la centrale op\u00e9rationnelle de la postulation pour la cause de canonisation de <a href=\"https:\/\/www.holyart.fr\/articles-religieux\/bracelets-religieux\/bracelets-divers\/bracelet-medaille-mere-teresa-cuivre-dore\"><strong>M\u00e8re Teresa de Calcutta<\/strong><\/a>. Mais la pr\u00e9sence des Missionnaires de la Charit\u00e9 \u00e0 Rome ne se limite pas \u00e0 la <strong>formation des nouvelles s\u0153urs<\/strong> et aux <strong>pratiques de canonisation<\/strong>. \u00c0 quelques m\u00e8tres du si\u00e8ge central, les s\u0153urs g\u00e8rent une <strong>maison d\u2019accueil<\/strong> pour plus de 60 personnes sans domicile. Ce lieu offre refuge, nourriture et assistance \u00e0 ceux qui vivent en situation d\u2019extr\u00eame pauvret\u00e9 et privation.<\/p>\n<p>En outre, les s\u0153urs se d\u00e9dient \u00e0 un important <strong>service de soutien aux familles n\u00e9cessiteuses<\/strong>. Deux fois par semaine, elles distribuent v\u00eatements et provisions alimentaires aux familles qui se trouvent en difficult\u00e9. Outre \u00e0 la distribution sur place, les s\u0153urs rendent visite aux familles \u00e0 domicile, en apportant <strong>aide et r\u00e9confort<\/strong>.<\/p>\n<div class=\"link-product\">\n<div class=\"blocco-immagine\"><img loading=\"lazy\" decoding=\"async\" class=\"size-full wp-image-8743 alignleft\" src=\"https:\/\/blog.holyart.it\/fr\/wp-content\/uploads\/sites\/14\/2024\/08\/bracelet-medaille-mere-teresa-cuivre-dore.jpg\" alt=\"Bracelet m\u00e9daille M\u00e8re Teresa cuivre dor\u00e9\" width=\"100\" height=\"100\" data-kale-share-title=\"Les Missionnaires de la Charit\u00e9 de M\u00e8re Teresa de Calcutta\" data-kale-share-url=\"https:\/\/blog.holyart.it\/fr\/?p=8731\" \/><\/div>\n<div class=\"blocco-contenuto\">\n<div class=\"blocco-acquista\">Acheter sur Holyart:<\/div>\n<div class=\"blocco-titolo\"><a href=\"https:\/\/www.holyart.fr\/articles-religieux\/bracelets-religieux\/bracelets-divers\/bracelet-medaille-mere-teresa-cuivre-dore\">Bracelet m\u00e9daille M\u00e8re Teresa cuivre dor\u00e9<\/a><\/div>\n<div class=\"blocco-descrizione\">Bracelet m\u00e9daille M\u00e8re Teresa en cuivre avec bain galvanique dor\u00e9, m\u00e9daille ovale en zamak et fermoir mousqueton en laiton.<\/div>\n<\/div>\n<\/div>\n<p>Depuis 1983, les Missionnaires de la Charit\u00e9 ont \u00e9tendu leur \u0153uvre \u00e0 <strong>Milan<\/strong> aussi, dans le quartier Baggio, o\u00f9 tous les soirs elles <strong>servent un d\u00eener chaud aux pauvres<\/strong>, italiens comme \u00e9trangers, et offrent refuge et soutien aux <strong>femmes seules avec leurs enfants<\/strong>.<\/p>\n<p>En 1993, les s\u0153urs ont atteint \u00e9galement la ville de <strong>Bologne<\/strong>, en accueillant mamans et enfants, ex-prostitu\u00e9es et immigr\u00e9es, en leur garantissant repas et v\u00eatements. \u00c0 <strong>Reggio de Calabre<\/strong> se trouve la maison <em>Dono di Pace<\/em> (Don de Paix), un centre d\u2019accueil g\u00e9r\u00e9 par les Missionnaires de la Charit\u00e9. Les s\u0153urs se sont install\u00e9es dans d\u2019autres villes italiennes aussi, comme G\u00eanes, Turin, Naples et Florence, en d\u00e9montrant partout leur proximit\u00e9 aux communaut\u00e9s les plus d\u00e9favoris\u00e9es.<\/p>\n","protected":false},"excerpt":{"rendered":"<p>Les Missionnaires de la Charit\u00e9 de M\u00e8re Teresa de Calcutta vivent quotidiennement l\u2019h\u00e9ritage d\u2019amour et de compassion promu par leur fondatrice, M\u00e8re Teresa de Calcutta. Partout dans le monde, elles soulagent les souffrances des plus malheureux. Les Missionnaires de la Charit\u00e9 sont l\u2019h\u00e9ritage vivant laiss\u00e9&hellip;<\/p>\n","protected":false},"author":1,"featured_media":8733,"comment_status":"closed","ping_status":"open","sticky":false,"template":"","format":"standard","meta":{"_acf_changed":false,"footnotes":""},"categories":[11,8,7],"tags":[],"class_list":["post-8731","post","type-post","status-publish","format-standard","has-post-thumbnail","hentry","category-monasteres","category-articles-religieux","category-saints-et-bienheureux"],"acf":[],"yoast_head":"<!-- This site is optimized with the Yoast SEO plugin v26.6 - https:\/\/yoast.com\/wordpress\/plugins\/seo\/ -->\n<title>Les Missionnaires de la Charit\u00e9 de M\u00e8re Teresa de Calcutta - Holyart.fr Blog<\/title>\n<meta name=\"description\" content=\"Les Missionnaires de la Charit\u00e9 poursuivent l\u2019\u0153uvre de mis\u00e9ricorde commenc\u00e9 par M\u00e8re Teresa de Calcutta en mettant le bien des autres au centre de leur existence.\" \/>\n<meta name=\"robots\" content=\"index, follow, max-snippet:-1, max-image-preview:large, max-video-preview:-1\" \/>\n<link rel=\"canonical\" href=\"https:\/\/blog.holyart.it\/fr\/articles-religieux\/les-missionnaires-de-la-charite-de-mere-teresa-de-calcutta\/\" \/>\n<meta property=\"og:locale\" content=\"fr_FR\" \/>\n<meta property=\"og:type\" content=\"article\" \/>\n<meta property=\"og:title\" content=\"Les Missionnaires de la Charit\u00e9 de M\u00e8re Teresa de Calcutta - Holyart.fr Blog\" \/>\n<meta property=\"og:description\" content=\"Les Missionnaires de la Charit\u00e9 poursuivent l\u2019\u0153uvre de mis\u00e9ricorde commenc\u00e9 par M\u00e8re Teresa de Calcutta en mettant le bien des autres au centre de leur existence.\" \/>\n<meta property=\"og:url\" content=\"https:\/\/blog.holyart.it\/fr\/articles-religieux\/les-missionnaires-de-la-charite-de-mere-teresa-de-calcutta\/\" \/>\n<meta property=\"og:site_name\" content=\"Holyart.fr Blog\" \/>\n<meta property=\"article:published_time\" content=\"2024-09-03T08:00:06+00:00\" \/>\n<meta property=\"article:modified_time\" content=\"2025-09-02T13:45:48+00:00\" \/>\n<meta property=\"og:image\" content=\"https:\/\/blog.holyart.it\/fr\/wp-content\/uploads\/sites\/14\/2024\/08\/Missionnaires-de-la-Charite.jpg\" \/>\n\t<meta property=\"og:image:width\" content=\"1000\" \/>\n\t<meta property=\"og:image:height\" content=\"666\" \/>\n\t<meta property=\"og:image:type\" content=\"image\/jpeg\" \/>\n<meta name=\"author\" content=\"Redazione\" \/>\n<meta name=\"twitter:card\" content=\"summary_large_image\" \/>\n<meta name=\"twitter:label1\" content=\"\u00c9crit par\" \/>\n\t<meta name=\"twitter:data1\" content=\"Redazione\" \/>\n\t<meta name=\"twitter:label2\" content=\"Dur\u00e9e de lecture estim\u00e9e\" \/>\n\t<meta name=\"twitter:data2\" content=\"11 minutes\" \/>\n<script type=\"application\/ld+json\" class=\"yoast-schema-graph\">{\"@context\":\"https:\/\/schema.org\",\"@graph\":[{\"@type\":\"Article\",\"@id\":\"https:\/\/blog.holyart.it\/fr\/articles-religieux\/les-missionnaires-de-la-charite-de-mere-teresa-de-calcutta\/#article\",\"isPartOf\":{\"@id\":\"https:\/\/blog.holyart.it\/fr\/articles-religieux\/les-missionnaires-de-la-charite-de-mere-teresa-de-calcutta\/\"},\"author\":{\"name\":\"Redazione\",\"@id\":\"https:\/\/blog.holyart.it\/fr\/#\/schema\/person\/0a7b686e5af0f856ec1e390dd0baecda\"},\"headline\":\"Les Missionnaires de la Charit\u00e9 de M\u00e8re Teresa de Calcutta\",\"datePublished\":\"2024-09-03T08:00:06+00:00\",\"dateModified\":\"2025-09-02T13:45:48+00:00\",\"mainEntityOfPage\":{\"@id\":\"https:\/\/blog.holyart.it\/fr\/articles-religieux\/les-missionnaires-de-la-charite-de-mere-teresa-de-calcutta\/\"},\"wordCount\":1758,\"publisher\":{\"@id\":\"https:\/\/blog.holyart.it\/fr\/#organization\"},\"image\":{\"@id\":\"https:\/\/blog.holyart.it\/fr\/articles-religieux\/les-missionnaires-de-la-charite-de-mere-teresa-de-calcutta\/#primaryimage\"},\"thumbnailUrl\":\"https:\/\/blog.holyart.it\/fr\/wp-content\/uploads\/sites\/14\/2024\/08\/Missionnaires-de-la-Charite.jpg\",\"articleSection\":[\"Monast\u00e8res et confr\u00e9ries\",\"Religion\",\"Saints et Bienheureux\"],\"inLanguage\":\"fr-FR\"},{\"@type\":\"WebPage\",\"@id\":\"https:\/\/blog.holyart.it\/fr\/articles-religieux\/les-missionnaires-de-la-charite-de-mere-teresa-de-calcutta\/\",\"url\":\"https:\/\/blog.holyart.it\/fr\/articles-religieux\/les-missionnaires-de-la-charite-de-mere-teresa-de-calcutta\/\",\"name\":\"Les Missionnaires de la Charit\u00e9 de M\u00e8re Teresa de Calcutta - Holyart.fr Blog\",\"isPartOf\":{\"@id\":\"https:\/\/blog.holyart.it\/fr\/#website\"},\"primaryImageOfPage\":{\"@id\":\"https:\/\/blog.holyart.it\/fr\/articles-religieux\/les-missionnaires-de-la-charite-de-mere-teresa-de-calcutta\/#primaryimage\"},\"image\":{\"@id\":\"https:\/\/blog.holyart.it\/fr\/articles-religieux\/les-missionnaires-de-la-charite-de-mere-teresa-de-calcutta\/#primaryimage\"},\"thumbnailUrl\":\"https:\/\/blog.holyart.it\/fr\/wp-content\/uploads\/sites\/14\/2024\/08\/Missionnaires-de-la-Charite.jpg\",\"datePublished\":\"2024-09-03T08:00:06+00:00\",\"dateModified\":\"2025-09-02T13:45:48+00:00\",\"description\":\"Les Missionnaires de la Charit\u00e9 poursuivent l\u2019\u0153uvre de mis\u00e9ricorde commenc\u00e9 par M\u00e8re Teresa de Calcutta en mettant le bien des autres au centre de leur existence.\",\"breadcrumb\":{\"@id\":\"https:\/\/blog.holyart.it\/fr\/articles-religieux\/les-missionnaires-de-la-charite-de-mere-teresa-de-calcutta\/#breadcrumb\"},\"inLanguage\":\"fr-FR\",\"potentialAction\":[{\"@type\":\"ReadAction\",\"target\":[\"https:\/\/blog.holyart.it\/fr\/articles-religieux\/les-missionnaires-de-la-charite-de-mere-teresa-de-calcutta\/\"]}]},{\"@type\":\"ImageObject\",\"inLanguage\":\"fr-FR\",\"@id\":\"https:\/\/blog.holyart.it\/fr\/articles-religieux\/les-missionnaires-de-la-charite-de-mere-teresa-de-calcutta\/#primaryimage\",\"url\":\"https:\/\/blog.holyart.it\/fr\/wp-content\/uploads\/sites\/14\/2024\/08\/Missionnaires-de-la-Charite.jpg\",\"contentUrl\":\"https:\/\/blog.holyart.it\/fr\/wp-content\/uploads\/sites\/14\/2024\/08\/Missionnaires-de-la-Charite.jpg\",\"width\":1000,\"height\":666,\"caption\":\"Missionnaires de la Charit\u00e9\"},{\"@type\":\"BreadcrumbList\",\"@id\":\"https:\/\/blog.holyart.it\/fr\/articles-religieux\/les-missionnaires-de-la-charite-de-mere-teresa-de-calcutta\/#breadcrumb\",\"itemListElement\":[{\"@type\":\"ListItem\",\"position\":1,\"name\":\"Homepage\",\"item\":\"https:\/\/blog.holyart.it\/fr\/\"},{\"@type\":\"ListItem\",\"position\":2,\"name\":\"Religion\",\"item\":\"https:\/\/blog.holyart.it\/fr\/articles-religieux\/\"},{\"@type\":\"ListItem\",\"position\":3,\"name\":\"Les Missionnaires de la Charit\u00e9 de M\u00e8re Teresa de Calcutta\"}]},{\"@type\":\"WebSite\",\"@id\":\"https:\/\/blog.holyart.it\/fr\/#website\",\"url\":\"https:\/\/blog.holyart.it\/fr\/\",\"name\":\"Holyart.fr Blog\",\"description\":\"Holyblog\",\"publisher\":{\"@id\":\"https:\/\/blog.holyart.it\/fr\/#organization\"},\"potentialAction\":[{\"@type\":\"SearchAction\",\"target\":{\"@type\":\"EntryPoint\",\"urlTemplate\":\"https:\/\/blog.holyart.it\/fr\/?s={search_term_string}\"},\"query-input\":{\"@type\":\"PropertyValueSpecification\",\"valueRequired\":true,\"valueName\":\"search_term_string\"}}],\"inLanguage\":\"fr-FR\"},{\"@type\":\"Organization\",\"@id\":\"https:\/\/blog.holyart.it\/fr\/#organization\",\"name\":\"Holyart.fr Blog\",\"url\":\"https:\/\/blog.holyart.it\/fr\/\",\"logo\":{\"@type\":\"ImageObject\",\"inLanguage\":\"fr-FR\",\"@id\":\"https:\/\/blog.holyart.it\/fr\/#\/schema\/logo\/image\/\",\"url\":\"https:\/\/blog.holyart.it\/fr\/wp-content\/uploads\/sites\/14\/2022\/12\/Holyart_Blog_Logo.jpg\",\"contentUrl\":\"https:\/\/blog.holyart.it\/fr\/wp-content\/uploads\/sites\/14\/2022\/12\/Holyart_Blog_Logo.jpg\",\"width\":300,\"height\":50,\"caption\":\"Holyart.fr Blog\"},\"image\":{\"@id\":\"https:\/\/blog.holyart.it\/fr\/#\/schema\/logo\/image\/\"}},{\"@type\":\"Person\",\"@id\":\"https:\/\/blog.holyart.it\/fr\/#\/schema\/person\/0a7b686e5af0f856ec1e390dd0baecda\",\"name\":\"Redazione\",\"image\":{\"@type\":\"ImageObject\",\"inLanguage\":\"fr-FR\",\"@id\":\"https:\/\/blog.holyart.it\/fr\/#\/schema\/person\/image\/\",\"url\":\"https:\/\/secure.gravatar.com\/avatar\/f477da817f43e50d0af36abecd33e3edf826c68299714bdc1057dff3b113f516?s=96&d=mm&r=g\",\"contentUrl\":\"https:\/\/secure.gravatar.com\/avatar\/f477da817f43e50d0af36abecd33e3edf826c68299714bdc1057dff3b113f516?s=96&d=mm&r=g\",\"caption\":\"Redazione\"},\"url\":\"https:\/\/blog.holyart.it\/fr\/author\/admin\/\"}]}<\/script>\n<!-- \/ Yoast SEO plugin. -->","yoast_head_json":{"title":"Les Missionnaires de la Charit\u00e9 de M\u00e8re Teresa de Calcutta - Holyart.fr Blog","description":"Les Missionnaires de la Charit\u00e9 poursuivent l\u2019\u0153uvre de mis\u00e9ricorde commenc\u00e9 par M\u00e8re Teresa de Calcutta en mettant le bien des autres au centre de leur existence.","robots":{"index":"index","follow":"follow","max-snippet":"max-snippet:-1","max-image-preview":"max-image-preview:large","max-video-preview":"max-video-preview:-1"},"canonical":"https:\/\/blog.holyart.it\/fr\/articles-religieux\/les-missionnaires-de-la-charite-de-mere-teresa-de-calcutta\/","og_locale":"fr_FR","og_type":"article","og_title":"Les Missionnaires de la Charit\u00e9 de M\u00e8re Teresa de Calcutta - Holyart.fr Blog","og_description":"Les Missionnaires de la Charit\u00e9 poursuivent l\u2019\u0153uvre de mis\u00e9ricorde commenc\u00e9 par M\u00e8re Teresa de Calcutta en mettant le bien des autres au centre de leur existence.","og_url":"https:\/\/blog.holyart.it\/fr\/articles-religieux\/les-missionnaires-de-la-charite-de-mere-teresa-de-calcutta\/","og_site_name":"Holyart.fr Blog","article_published_time":"2024-09-03T08:00:06+00:00","article_modified_time":"2025-09-02T13:45:48+00:00","og_image":[{"width":1000,"height":666,"url":"https:\/\/blog.holyart.it\/fr\/wp-content\/uploads\/sites\/14\/2024\/08\/Missionnaires-de-la-Charite.jpg","type":"image\/jpeg"}],"author":"Redazione","twitter_card":"summary_large_image","twitter_misc":{"\u00c9crit par":"Redazione","Dur\u00e9e de lecture estim\u00e9e":"11 minutes"},"schema":{"@context":"https:\/\/schema.org","@graph":[{"@type":"Article","@id":"https:\/\/blog.holyart.it\/fr\/articles-religieux\/les-missionnaires-de-la-charite-de-mere-teresa-de-calcutta\/#article","isPartOf":{"@id":"https:\/\/blog.holyart.it\/fr\/articles-religieux\/les-missionnaires-de-la-charite-de-mere-teresa-de-calcutta\/"},"author":{"name":"Redazione","@id":"https:\/\/blog.holyart.it\/fr\/#\/schema\/person\/0a7b686e5af0f856ec1e390dd0baecda"},"headline":"Les Missionnaires de la Charit\u00e9 de M\u00e8re Teresa de Calcutta","datePublished":"2024-09-03T08:00:06+00:00","dateModified":"2025-09-02T13:45:48+00:00","mainEntityOfPage":{"@id":"https:\/\/blog.holyart.it\/fr\/articles-religieux\/les-missionnaires-de-la-charite-de-mere-teresa-de-calcutta\/"},"wordCount":1758,"publisher":{"@id":"https:\/\/blog.holyart.it\/fr\/#organization"},"image":{"@id":"https:\/\/blog.holyart.it\/fr\/articles-religieux\/les-missionnaires-de-la-charite-de-mere-teresa-de-calcutta\/#primaryimage"},"thumbnailUrl":"https:\/\/blog.holyart.it\/fr\/wp-content\/uploads\/sites\/14\/2024\/08\/Missionnaires-de-la-Charite.jpg","articleSection":["Monast\u00e8res et confr\u00e9ries","Religion","Saints et Bienheureux"],"inLanguage":"fr-FR"},{"@type":"WebPage","@id":"https:\/\/blog.holyart.it\/fr\/articles-religieux\/les-missionnaires-de-la-charite-de-mere-teresa-de-calcutta\/","url":"https:\/\/blog.holyart.it\/fr\/articles-religieux\/les-missionnaires-de-la-charite-de-mere-teresa-de-calcutta\/","name":"Les Missionnaires de la Charit\u00e9 de M\u00e8re Teresa de Calcutta - Holyart.fr Blog","isPartOf":{"@id":"https:\/\/blog.holyart.it\/fr\/#website"},"primaryImageOfPage":{"@id":"https:\/\/blog.holyart.it\/fr\/articles-religieux\/les-missionnaires-de-la-charite-de-mere-teresa-de-calcutta\/#primaryimage"},"image":{"@id":"https:\/\/blog.holyart.it\/fr\/articles-religieux\/les-missionnaires-de-la-charite-de-mere-teresa-de-calcutta\/#primaryimage"},"thumbnailUrl":"https:\/\/blog.holyart.it\/fr\/wp-content\/uploads\/sites\/14\/2024\/08\/Missionnaires-de-la-Charite.jpg","datePublished":"2024-09-03T08:00:06+00:00","dateModified":"2025-09-02T13:45:48+00:00","description":"Les Missionnaires de la Charit\u00e9 poursuivent l\u2019\u0153uvre de mis\u00e9ricorde commenc\u00e9 par M\u00e8re Teresa de Calcutta en mettant le bien des autres au centre de leur existence.","breadcrumb":{"@id":"https:\/\/blog.holyart.it\/fr\/articles-religieux\/les-missionnaires-de-la-charite-de-mere-teresa-de-calcutta\/#breadcrumb"},"inLanguage":"fr-FR","potentialAction":[{"@type":"ReadAction","target":["https:\/\/blog.holyart.it\/fr\/articles-religieux\/les-missionnaires-de-la-charite-de-mere-teresa-de-calcutta\/"]}]},{"@type":"ImageObject","inLanguage":"fr-FR","@id":"https:\/\/blog.holyart.it\/fr\/articles-religieux\/les-missionnaires-de-la-charite-de-mere-teresa-de-calcutta\/#primaryimage","url":"https:\/\/blog.holyart.it\/fr\/wp-content\/uploads\/sites\/14\/2024\/08\/Missionnaires-de-la-Charite.jpg","contentUrl":"https:\/\/blog.holyart.it\/fr\/wp-content\/uploads\/sites\/14\/2024\/08\/Missionnaires-de-la-Charite.jpg","width":1000,"height":666,"caption":"Missionnaires de la Charit\u00e9"},{"@type":"BreadcrumbList","@id":"https:\/\/blog.holyart.it\/fr\/articles-religieux\/les-missionnaires-de-la-charite-de-mere-teresa-de-calcutta\/#breadcrumb","itemListElement":[{"@type":"ListItem","position":1,"name":"Homepage","item":"https:\/\/blog.holyart.it\/fr\/"},{"@type":"ListItem","position":2,"name":"Religion","item":"https:\/\/blog.holyart.it\/fr\/articles-religieux\/"},{"@type":"ListItem","position":3,"name":"Les Missionnaires de la Charit\u00e9 de M\u00e8re Teresa de Calcutta"}]},{"@type":"WebSite","@id":"https:\/\/blog.holyart.it\/fr\/#website","url":"https:\/\/blog.holyart.it\/fr\/","name":"Holyart.fr Blog","description":"Holyblog","publisher":{"@id":"https:\/\/blog.holyart.it\/fr\/#organization"},"potentialAction":[{"@type":"SearchAction","target":{"@type":"EntryPoint","urlTemplate":"https:\/\/blog.holyart.it\/fr\/?s={search_term_string}"},"query-input":{"@type":"PropertyValueSpecification","valueRequired":true,"valueName":"search_term_string"}}],"inLanguage":"fr-FR"},{"@type":"Organization","@id":"https:\/\/blog.holyart.it\/fr\/#organization","name":"Holyart.fr Blog","url":"https:\/\/blog.holyart.it\/fr\/","logo":{"@type":"ImageObject","inLanguage":"fr-FR","@id":"https:\/\/blog.holyart.it\/fr\/#\/schema\/logo\/image\/","url":"https:\/\/blog.holyart.it\/fr\/wp-content\/uploads\/sites\/14\/2022\/12\/Holyart_Blog_Logo.jpg","contentUrl":"https:\/\/blog.holyart.it\/fr\/wp-content\/uploads\/sites\/14\/2022\/12\/Holyart_Blog_Logo.jpg","width":300,"height":50,"caption":"Holyart.fr Blog"},"image":{"@id":"https:\/\/blog.holyart.it\/fr\/#\/schema\/logo\/image\/"}},{"@type":"Person","@id":"https:\/\/blog.holyart.it\/fr\/#\/schema\/person\/0a7b686e5af0f856ec1e390dd0baecda","name":"Redazione","image":{"@type":"ImageObject","inLanguage":"fr-FR","@id":"https:\/\/blog.holyart.it\/fr\/#\/schema\/person\/image\/","url":"https:\/\/secure.gravatar.com\/avatar\/f477da817f43e50d0af36abecd33e3edf826c68299714bdc1057dff3b113f516?s=96&d=mm&r=g","contentUrl":"https:\/\/secure.gravatar.com\/avatar\/f477da817f43e50d0af36abecd33e3edf826c68299714bdc1057dff3b113f516?s=96&d=mm&r=g","caption":"Redazione"},"url":"https:\/\/blog.holyart.it\/fr\/author\/admin\/"}]}},"_links":{"self":[{"href":"https:\/\/blog.holyart.it\/fr\/wp-json\/wp\/v2\/posts\/8731","targetHints":{"allow":["GET"]}}],"collection":[{"href":"https:\/\/blog.holyart.it\/fr\/wp-json\/wp\/v2\/posts"}],"about":[{"href":"https:\/\/blog.holyart.it\/fr\/wp-json\/wp\/v2\/types\/post"}],"author":[{"embeddable":true,"href":"https:\/\/blog.holyart.it\/fr\/wp-json\/wp\/v2\/users\/1"}],"replies":[{"embeddable":true,"href":"https:\/\/blog.holyart.it\/fr\/wp-json\/wp\/v2\/comments?post=8731"}],"version-history":[{"count":6,"href":"https:\/\/blog.holyart.it\/fr\/wp-json\/wp\/v2\/posts\/8731\/revisions"}],"predecessor-version":[{"id":8747,"href":"https:\/\/blog.holyart.it\/fr\/wp-json\/wp\/v2\/posts\/8731\/revisions\/8747"}],"wp:featuredmedia":[{"embeddable":true,"href":"https:\/\/blog.holyart.it\/fr\/wp-json\/wp\/v2\/media\/8733"}],"wp:attachment":[{"href":"https:\/\/blog.holyart.it\/fr\/wp-json\/wp\/v2\/media?parent=8731"}],"wp:term":[{"taxonomy":"category","embeddable":true,"href":"https:\/\/blog.holyart.it\/fr\/wp-json\/wp\/v2\/categories?post=8731"},{"taxonomy":"post_tag","embeddable":true,"href":"https:\/\/blog.holyart.it\/fr\/wp-json\/wp\/v2\/tags?post=8731"}],"curies":[{"name":"wp","href":"https:\/\/api.w.org\/{rel}","templated":true}]}}