{"id":8700,"date":"2024-08-26T10:00:50","date_gmt":"2024-08-26T08:00:50","guid":{"rendered":"https:\/\/blog.holyart.it\/fr\/?p=8700"},"modified":"2024-08-02T09:59:10","modified_gmt":"2024-08-02T07:59:10","slug":"journee-mondiale-de-la-jeunesse-le-pape-reunit-les-jeunes-du-monde-entier","status":"publish","type":"post","link":"https:\/\/blog.holyart.it\/fr\/articles-religieux\/journee-mondiale-de-la-jeunesse-le-pape-reunit-les-jeunes-du-monde-entier\/","title":{"rendered":"Journ\u00e9e Mondiale de la Jeunesse : le Pape r\u00e9unit les jeunes du monde entier"},"content":{"rendered":"<h4><em>La Journ\u00e9e Mondiale de la Jeunesse repr\u00e9sente un \u00e9v\u00e9nement sans \u00e9gal pour les jeunes catholiques, une exp\u00e9rience de foi et de partage qui souvent les am\u00e8nent \u00e0 embrasser leur vocation la plus authentique. Voici comment est-elle n\u00e9e et quand elle se d\u00e9roule.<\/em><\/h4>\n\n<p>La <strong>Journ\u00e9e Mondiale de la Jeunesse (JMJ) <\/strong>est un \u00e9v\u00e9nement de grande importance pour l\u2019\u00c9glise catholique et surtout pour les jeunes catholiques. D\u00e8s sa premi\u00e8re \u00e9dition \u00e0 <strong>Rome le 23 mars 1986<\/strong>, la JMJ a d\u00e9montr\u00e9 \u00eatre un v\u00e9ritable atelier de foi, une occasion unique pour partager sa spiritualit\u00e9 et faire partie d\u2019une communaut\u00e9 plus ample. En plus d\u2019avoir la possibilit\u00e9 de <strong>rencontrer le Pape<\/strong>, les jeunes qui adh\u00e8rent \u00e0 la JMJ peuvent participer \u00e0 des <a href=\"https:\/\/www.holyart.fr\/blog\/articles-religieux\/la-priere-de-la-bonne-humeur-la-preferee-de-pape-francois\/\"><strong>moments de pri\u00e8re<\/strong><\/a>, <strong>cat\u00e9ch\u00e8se<\/strong>, <strong>c\u00e9l\u00e9brations liturgiques<\/strong> et \u00e9couter de pr\u00e9cieux <strong>t\u00e9moignages de foi<\/strong>. \u00c0 travers les moments de pri\u00e8res et de r\u00e9flexion, les jeunes sont encourag\u00e9s \u00e0 renforcer leur foi et \u00e0 d\u00e9velopper une relation plus profonde avec le Seigneur. En effet, l\u2019objectif principale de la JMJ est celui <strong>de favoriser la rencontre personnelle avec J\u00e9sus-Christ<\/strong>. Mais pas seulement. La Journ\u00e9e Mondiale de la Jeunesse se r\u00e9v\u00e8le pour beaucoup une occasion pour <strong>suivre sa vocation<\/strong>, l\u2019am\u00e8ne-t-elle au <a href=\"https:\/\/www.holyart.fr\/blog\/articles-religieux\/mariage-fete-on-mariage-monde\/\"><strong>mariage<\/strong><\/a> ou \u00e0 la <a href=\"https:\/\/www.holyart.fr\/blog\/articles-religieux\/ordination-presbyterale-voici-comment-lon-devient-pretre\/\"><strong>vie consacr\u00e9e<\/strong><\/a>.<\/p>\n<div class=\"link-article\">\n<p><img loading=\"lazy\" decoding=\"async\" class=\"size-full wp-image-8704 alignleft\" src=\"https:\/\/blog.holyart.it\/fr\/wp-content\/uploads\/sites\/14\/2024\/08\/Pape-Francois.jpg\" alt=\"Pape Fran\u00e7ois\" width=\"150\" height=\"99\" data-kale-share-title=\"Journ\u00e9e Mondiale de la Jeunesse : le Pape r\u00e9unit les jeunes du monde entier\" data-kale-share-url=\"https:\/\/blog.holyart.it\/fr\/?p=8700\" \/><\/p>\n<div class=\"leggi-anche\">Lire aussi :<\/div>\n<p><strong><a href=\"https:\/\/www.holyart.fr\/blog\/articles-religieux\/la-priere-de-la-bonne-humeur-la-preferee-de-pape-francois\/\">La pri\u00e8re de la bonne humeur : la pr\u00e9f\u00e9r\u00e9e de Pape Fran\u00e7ois<\/a><\/strong><br \/>\nOctobre est un des mois d\u00e9di\u00e9s au Saint Rosaire, mais il y a d\u2019autres moyens pour s\u2019adresser \u00e0 Dieu tous les jours&#8230;<\/p>\n<\/div>\n<p>La Journ\u00e9e Mondiale de la Jeunesse n\u2019est pas uniquement importante dans le contexte religieux. Elle peut en effet \u00eatre consid\u00e9r\u00e9e \u00e0 tous les niveaux comme la journ\u00e9e mondiale des jeunes. M\u00eame les jeunes qui n\u2019appartiennent pas \u00e0 l\u2019\u00e9glise catholique peuvent la vivre comme une grande occasion sociale et culturelle, et c\u2019est justement cette dimension de <strong>dialogue interreligieux<\/strong> et d\u2019<strong>\u00e9change culturel <\/strong>qui en fait un instrument pr\u00e9cieux pour promouvoir et favoriser l\u2019unit\u00e9 et la fraternit\u00e9, la paix et l\u2019amour entre les peuples du monde entier.<\/p>\n<h2>Quand la JMJ est-elle n\u00e9e\u00a0?<\/h2>\n<p>La Journ\u00e9e Mondiale de la Jeunesse fut officiellement institu\u00e9e le 20 d\u00e9cembre 1985, avec une Exhortation Apostolique \u00e9crite par <a href=\"https:\/\/www.holyart.fr\/occasions-speciales\/jean-paul-ii\"><strong>Pape Jean-Paul II<\/strong><\/a> et adress\u00e9e aux jeunes du monde entier. Ce fut ce m\u00eame Pape a con\u00e7u et promu la premi\u00e8re Journ\u00e9e Mondiale de la Jeunesse. D\u00e9j\u00e0 en <strong>1984<\/strong>, le Pontife avait d\u00e9cid\u00e9 d\u2019organiser une rencontre pour le <a href=\"https:\/\/www.holyart.fr\/blog\/articles-religieux\/dimanche-des-rameaux-histoire-et-signification-de-la-fete\/\"><strong>Dimanche des Rameaux<\/strong><\/a> \u00e0 Rome, afin de c\u00e9l\u00e9brer le <strong>Jubil\u00e9 des jeunes<\/strong> de l\u2019Ann\u00e9e Sainte de la R\u00e9demption 1983-1984. L\u2019objectif initial \u00e9tait celui d\u2019accueillir soixante milles p\u00e8lerins, mais l\u2019\u00e9v\u00e9nement d\u00e9passa toute attente : deux cent cinquante mille jeunes provenant de diff\u00e9rentes nations du monde accoururent \u00e0 l\u2019appel du Pape. Le Saint P\u00e8re d\u00e9cida de r\u00e9p\u00e9ter la c\u00e9l\u00e9bration l\u2019ann\u00e9e suivante et cette fois ce furent trois cent mille jeunes p\u00e8lerins qui se rendirent \u00e0 Rome et se r\u00e9unirent dans ses \u00e9glises et ses lieux de culte pour des moments de pri\u00e8re et de cat\u00e9ch\u00e8se. Tous se revers\u00e8rent ensuite Place Saint-Pierre pour la c\u00e9l\u00e9bration avec le Pape. Ce fut une f\u00eate inoubliable.<\/p>\n<div class=\"link-product\">\n<div class=\"blocco-immagine\"><img loading=\"lazy\" decoding=\"async\" class=\"size-full wp-image-8705 alignleft\" src=\"https:\/\/blog.holyart.it\/fr\/wp-content\/uploads\/sites\/14\/2024\/08\/Tapisserie-Pape-Jean-Paul-II.jpg\" alt=\"Tapisserie Pape Jean-Paul II \" width=\"100\" height=\"100\" data-kale-share-title=\"Journ\u00e9e Mondiale de la Jeunesse : le Pape r\u00e9unit les jeunes du monde entier\" data-kale-share-url=\"https:\/\/blog.holyart.it\/fr\/?p=8700\" \/><\/div>\n<div class=\"blocco-contenuto\">\n<div class=\"blocco-acquista\">Acheter sur Holyart:<\/div>\n<div class=\"blocco-titolo\"><a href=\"https:\/\/www.holyart.fr\/occasions-speciales\/jean-paul-ii\">Jean Paul II<\/a><\/div>\n<div class=\"blocco-descrizione\">\u00c0 l&rsquo;occasion de sa b\u00e9atification, nous avons cr\u00e9\u00e9 une cat\u00e9gorie enti\u00e8rement consacr\u00e9e \u00e0 lui.<\/div>\n<\/div>\n<\/div>\n<p>\u00c0 partir de ce moment-l\u00e0, la Journ\u00e9e Mondiale de la Jeunesse a continu\u00e9 de grandir et d\u2019\u00e9voluer, en devenant un \u00e9v\u00e9nement qui impliquent des centaines de milliers de jeunes provenant du monde entier.<\/p>\n<h2>Quand c\u00e9l\u00e8bre-t-on la JMJ<\/h2>\n<p>Au niveau dioc\u00e9sain, depuis 2021, la JMJ est c\u00e9l\u00e9br\u00e9e annuellement pendant le <strong>Dimanche de <\/strong><a href=\"https:\/\/www.holyart.fr\/articles-religieux\/statues\/statues-en-bois-peint\/statue-christ-roi-en-bois-peint-de-valgardena\"><strong>Christ Roi<\/strong><\/a>, et non plus le Dimanche des Rameaux, comme cela avait \u00e9t\u00e9 \u00e9tabli au d\u00e9but. En plus de l\u2019\u00e9v\u00e9nement organis\u00e9 Place Saint-Pierre, tous les deux-trois ans est organis\u00e9e une Journ\u00e9e Mondiale de la Jeunesse dans une ville du monde, choisie par le Pape pour des raisons symboliques sp\u00e9cifiques. Par exemple, en 1987, on la f\u00eate en Argentine \u00e0 Buenos Aires, juste quand le pays sortait de sa dictature. Cette ann\u00e9e, la XXXVII Journ\u00e9e Mondiale de la Jeunesse se tiendra \u00e0 <strong>Lisbonne du 1er au 6 ao\u00fbt<\/strong>.<\/p>\n<div class=\"link-product\">\n<div class=\"blocco-immagine\"><img loading=\"lazy\" decoding=\"async\" class=\"size-full wp-image-8706 alignleft\" src=\"https:\/\/blog.holyart.it\/fr\/wp-content\/uploads\/sites\/14\/2024\/08\/Christ-roi.jpg\" alt=\"Christ roi\" width=\"100\" height=\"100\" data-kale-share-title=\"Journ\u00e9e Mondiale de la Jeunesse : le Pape r\u00e9unit les jeunes du monde entier\" data-kale-share-url=\"https:\/\/blog.holyart.it\/fr\/?p=8700\" \/><\/div>\n<div class=\"blocco-contenuto\">\n<div class=\"blocco-acquista\">Acheter sur Holyart:<\/div>\n<div class=\"blocco-titolo\"><a href=\"https:\/\/www.holyart.fr\/articles-religieux\/statues\/statues-en-bois-peint\/statue-christ-roi-en-bois-peint-de-valgardena\">Statue Christ Roi en bois peint de Valgardena<\/a><\/div>\n<div class=\"blocco-descrizione\">Statue de Christ Roi en bois peint, r\u00e9alis\u00e9e par des artisans exp\u00e9riment\u00e9s.<\/div>\n<\/div>\n<\/div>\n<h2>Le programme de la JMJ<\/h2>\n<p>Le programme exact peut varier au cas par cas, mais g\u00e9n\u00e9ralement le programme d\u2019une Journ\u00e9e Mondiale de la Jeunesse internationale est tr\u00e8s riche et implique une s\u00e9rie d\u2019activit\u00e9s qui se d\u00e9roulent sur plusieurs jours. Le programme typique d\u2019une JMJ internationale pr\u00e9voit :<\/p>\n<ol>\n<li style=\"list-style-type: none;\">\n<ol>\n<li><strong>Arriv\u00e9e des participants :<\/strong>Les jeunes provenant du monde entier arrivent dans la ville accueillant la JMJ. G\u00e9n\u00e9ralement des points d\u2019accueil et d\u2019inscription sont organis\u00e9s afin de garantir une installation ad\u00e9quate et une bonne logistique pendant l\u2019\u00e9v\u00e9nement.<\/li>\n<li><strong>Journ\u00e9es de cat\u00e9ch\u00e8se et t\u00e9moignages :<\/strong>Pendant les premiers jours de l\u2019\u00e9v\u00e9nement, les participants ont l\u2019opportunit\u00e9 de participer \u00e0 cat\u00e9ch\u00e8ses, rencontres de formation et t\u00e9moignage de foi. Diff\u00e9rents s\u00e9minaires, conf\u00e9rences et laboratoires sont organis\u00e9s, affrontant des th\u00e8mes pertinents pour les jeunes et leur vie spirituelle.<\/li>\n<li><strong>\u00c9v\u00e9nements culturels et sociaux :<\/strong>Outre les aspects spirituels, la JMJ offre \u00e9galement des moments de c\u00e9l\u00e9bration culturelle et sociale. Des concerts, des spectacles, des expositions d\u2019art et d\u2019autres activit\u00e9s pour promouvoir l\u2019interculturalit\u00e9 et l\u2019interaction entre les participants provenant de diff\u00e9rentes nations sont mis en place.<\/li>\n<li><a href=\"https:\/\/www.holyart.fr\/accessoires-pour-la-liturgie\/mobilier-deglise\/chemin-de-croix\"><strong>Chemin de Croix\u00a0<\/strong><\/a><strong>:<\/strong> Un des \u00e9v\u00e9nements traditionnels de la JMJ est le Chemin de Croix qui se d\u00e9roule g\u00e9n\u00e9ralement le <a href=\"https:\/\/www.holyart.fr\/blog\/occasions-speciales\/les-celebrations-du-vendredi-saint-tous-les-moments-les-plus-importants\/\"><strong>Vendredi Saint<\/strong><\/a>. Les jeunes suivent les \u00e9tapes du Chemin de Croix en r\u00e9fl\u00e9chissant \u00e0 propos de la passion et de la mort de J\u00e9sus-Christ. Ce moment de pri\u00e8re et de m\u00e9ditation est particuli\u00e8rement significatif et touchant.<\/li>\n<li><strong>Veill\u00e9e de pri\u00e8re\u00a0: <\/strong>Pendant la JMJ se d\u00e9roule une Veill\u00e9e de pri\u00e8re nocturne qui concernent tous les participants. C\u2019est un moment d\u2019adoration, chants, t\u00e9moignages et pri\u00e8re collective guid\u00e9e par le Pape. La Veill\u00e9e de pri\u00e8re cr\u00e9e une atmosph\u00e8re de spiritualit\u00e9 profonde et de communion entre les jeunes pr\u00e9sents.<\/li>\n<li><strong>C\u00e9l\u00e9bration eucharistique finale : <\/strong>La JMJ culmine avec une grande <strong>C\u00e9l\u00e9bration eucharistique<\/strong> pr\u00e9sid\u00e9e par le Pape. C\u2019est le moment le plus attendu de l\u2019\u00e9v\u00e9nement, o\u00f9 des milliers de jeunes se r\u00e9unissent pour participer \u00e0 la Messe avec le Saint P\u00e8re. Cette c\u00e9l\u00e9bration repr\u00e9sente un moment de communion et de joie pour les jeunes catholiques du monde entier.<\/li>\n<\/ol>\n<\/li>\n<\/ol>\n<div class=\"link-product\">\n<div class=\"blocco-immagine\"><img loading=\"lazy\" decoding=\"async\" class=\"size-full wp-image-8711 alignleft\" src=\"https:\/\/blog.holyart.it\/fr\/wp-content\/uploads\/sites\/14\/2024\/08\/Chemin-de-croix-1.jpg\" alt=\"Chemin de croix\" width=\"100\" height=\"100\" data-kale-share-title=\"Journ\u00e9e Mondiale de la Jeunesse : le Pape r\u00e9unit les jeunes du monde entier\" data-kale-share-url=\"https:\/\/blog.holyart.it\/fr\/?p=8700\" \/><\/div>\n<div class=\"blocco-contenuto\">\n<div class=\"blocco-acquista\">Acheter sur Holyart:<\/div>\n<div class=\"blocco-titolo\"><a href=\"https:\/\/www.holyart.fr\/accessoires-pour-la-liturgie\/mobilier-deglise\/chemin-de-croix\">Chemin de Croix<\/a><\/div>\n<div class=\"blocco-descrizione\">Dans cette cat\u00e9gorie vous trouverez les 15 stations du Chemin de Croix.<\/div>\n<\/div>\n<\/div>\n<p>En plus de ces activit\u00e9s principales, d\u2019autres initiatives peuvent \u00eatre mises en place, comme des <strong>visites dans des lieux d\u2019int\u00e9r\u00eat religieux ou culturels<\/strong> de la ville d\u2019accueil, des moments de service \u00e0 la communaut\u00e9 locale et des opportunit\u00e9s pour les jeunes de se rencontrer et de partager leur exp\u00e9rience de foi.<\/p>\n<h2>Les journ\u00e9es dans les dioc\u00e8ses<\/h2>\n<p>Les <strong>Journ\u00e9es dans les Dioc\u00e8ses<\/strong> ou <strong>DID<\/strong> (<em>Days in the Dioceses<\/em>) sont une partie int\u00e9grante de la pr\u00e9paration et de l\u2019exp\u00e9rience complexive de la Journ\u00e9e Mondiale de la Jeunesse. Pendant les DID, les participants \u00e0 l\u2019\u00e9v\u00e9nement principal sont <strong>accueillis \u00e0 l\u2019int\u00e9rieur des diff\u00e9rentes Dioc\u00e8ses<\/strong> qui entourent la ville d\u2019accueil.<\/p>\n<p>L\u2019objectif principal des Journ\u00e9es dans les Dioc\u00e8ses est d\u2019offrir aux jeunes l\u2019opportunit\u00e9 d\u2019<strong>entrer en contact avec la r\u00e9alit\u00e9 eccl\u00e9siastique locale <\/strong>et de vivre une exp\u00e9rience plus profonde de foi, de partage culturel et de fraternit\u00e9. Aux participants est offerte la possibilit\u00e9 de faire l\u2019exp\u00e9rience de la vie quotidienne des communaut\u00e9s dioc\u00e9saines et d\u2019entrer en contact avec les jeunes et les membres de l\u2019\u00c9glise locale.<\/p>\n<p>Pendant les Jours dans les Dioc\u00e8ses <strong>diff\u00e9rents \u00e9v\u00e9nements et activit\u00e9s<\/strong> sont organis\u00e9s impliquant les jeunes h\u00f4tes. Ceux-ci peuvent inclure des <strong>moments de pri\u00e8re, cat\u00e9ch\u00e8se, rencontres de formation, c\u00e9l\u00e9brations liturgiques, visites de lieux d\u2019int\u00e9r\u00eat religieux ou culturel, activit\u00e9s de service \u00e0 la communaut\u00e9 et \u00e9changes culturels<\/strong>. Cette interaction cr\u00e9e des liens d\u2019amiti\u00e9, de fraternit\u00e9 et de solidarit\u00e9, en promouvant une exp\u00e9rience authentique de communion et de partage.<\/p>\n<p>Les Jours dans les Dioc\u00e8ses repr\u00e9sentent un moment de pri\u00e8re intense, qui permet aux participants de s\u2019immerger progressivement dans l\u2019esprit de l\u2019\u00e9v\u00e9nement principal de la JMJ. Cette initiative a \u00e9t\u00e9 introduite officiellement pendant l\u2019\u00e9v\u00e9nement de Paris en 1997 et repr\u00e9sente une importante phase pr\u00e9paratoire de l\u2019\u00e9v\u00e9nement.<\/p>\n","protected":false},"excerpt":{"rendered":"<p>La Journ\u00e9e Mondiale de la Jeunesse repr\u00e9sente un \u00e9v\u00e9nement sans \u00e9gal pour les jeunes catholiques, une exp\u00e9rience de foi et de partage qui souvent les am\u00e8nent \u00e0 embrasser leur vocation la plus authentique. Voici comment est-elle n\u00e9e et quand elle se d\u00e9roule. La Journ\u00e9e Mondiale&hellip;<\/p>\n","protected":false},"author":1,"featured_media":8703,"comment_status":"closed","ping_status":"open","sticky":false,"template":"","format":"standard","meta":{"_acf_changed":false,"footnotes":""},"categories":[8],"tags":[],"class_list":["post-8700","post","type-post","status-publish","format-standard","has-post-thumbnail","hentry","category-articles-religieux"],"acf":[],"yoast_head":"<!-- This site is optimized with the Yoast SEO plugin v26.6 - https:\/\/yoast.com\/wordpress\/plugins\/seo\/ -->\n<title>Journ\u00e9e Mondiale de la Jeunesse : le Pape r\u00e9unit les jeunes du monde entier - Holyart.fr Blog<\/title>\n<meta name=\"description\" content=\"Cette ann\u00e9e, la Journ\u00e9e Mondiale de la Jeunesse se tiendra \u00e0 Lisbonne. D\u00e9couvrons le programme et l\u2019histoire de cet \u00e9v\u00e9nement si important pour les jeunes catholiques.\" \/>\n<meta name=\"robots\" content=\"index, follow, max-snippet:-1, max-image-preview:large, max-video-preview:-1\" \/>\n<link rel=\"canonical\" href=\"https:\/\/blog.holyart.it\/fr\/articles-religieux\/journee-mondiale-de-la-jeunesse-le-pape-reunit-les-jeunes-du-monde-entier\/\" \/>\n<meta property=\"og:locale\" content=\"fr_FR\" \/>\n<meta property=\"og:type\" content=\"article\" \/>\n<meta property=\"og:title\" content=\"Journ\u00e9e Mondiale de la Jeunesse : le Pape r\u00e9unit les jeunes du monde entier - Holyart.fr Blog\" \/>\n<meta property=\"og:description\" content=\"Cette ann\u00e9e, la Journ\u00e9e Mondiale de la Jeunesse se tiendra \u00e0 Lisbonne. D\u00e9couvrons le programme et l\u2019histoire de cet \u00e9v\u00e9nement si important pour les jeunes catholiques.\" \/>\n<meta property=\"og:url\" content=\"https:\/\/blog.holyart.it\/fr\/articles-religieux\/journee-mondiale-de-la-jeunesse-le-pape-reunit-les-jeunes-du-monde-entier\/\" \/>\n<meta property=\"og:site_name\" content=\"Holyart.fr Blog\" \/>\n<meta property=\"article:published_time\" content=\"2024-08-26T08:00:50+00:00\" \/>\n<meta property=\"og:image\" content=\"https:\/\/blog.holyart.it\/fr\/wp-content\/uploads\/sites\/14\/2024\/08\/Journee-Mondiale-de-la-Jeunesse.jpg\" \/>\n\t<meta property=\"og:image:width\" content=\"1000\" \/>\n\t<meta property=\"og:image:height\" content=\"666\" \/>\n\t<meta property=\"og:image:type\" content=\"image\/jpeg\" \/>\n<meta name=\"author\" content=\"Redazione\" \/>\n<meta name=\"twitter:card\" content=\"summary_large_image\" \/>\n<meta name=\"twitter:label1\" content=\"\u00c9crit par\" \/>\n\t<meta name=\"twitter:data1\" content=\"Redazione\" \/>\n\t<meta name=\"twitter:label2\" content=\"Dur\u00e9e de lecture estim\u00e9e\" \/>\n\t<meta name=\"twitter:data2\" content=\"8 minutes\" \/>\n<script type=\"application\/ld+json\" class=\"yoast-schema-graph\">{\"@context\":\"https:\/\/schema.org\",\"@graph\":[{\"@type\":\"Article\",\"@id\":\"https:\/\/blog.holyart.it\/fr\/articles-religieux\/journee-mondiale-de-la-jeunesse-le-pape-reunit-les-jeunes-du-monde-entier\/#article\",\"isPartOf\":{\"@id\":\"https:\/\/blog.holyart.it\/fr\/articles-religieux\/journee-mondiale-de-la-jeunesse-le-pape-reunit-les-jeunes-du-monde-entier\/\"},\"author\":{\"name\":\"Redazione\",\"@id\":\"https:\/\/blog.holyart.it\/fr\/#\/schema\/person\/0a7b686e5af0f856ec1e390dd0baecda\"},\"headline\":\"Journ\u00e9e Mondiale de la Jeunesse : le Pape r\u00e9unit les jeunes du monde entier\",\"datePublished\":\"2024-08-26T08:00:50+00:00\",\"mainEntityOfPage\":{\"@id\":\"https:\/\/blog.holyart.it\/fr\/articles-religieux\/journee-mondiale-de-la-jeunesse-le-pape-reunit-les-jeunes-du-monde-entier\/\"},\"wordCount\":1563,\"publisher\":{\"@id\":\"https:\/\/blog.holyart.it\/fr\/#organization\"},\"image\":{\"@id\":\"https:\/\/blog.holyart.it\/fr\/articles-religieux\/journee-mondiale-de-la-jeunesse-le-pape-reunit-les-jeunes-du-monde-entier\/#primaryimage\"},\"thumbnailUrl\":\"https:\/\/blog.holyart.it\/fr\/wp-content\/uploads\/sites\/14\/2024\/08\/Journee-Mondiale-de-la-Jeunesse.jpg\",\"articleSection\":[\"Religion\"],\"inLanguage\":\"fr-FR\"},{\"@type\":\"WebPage\",\"@id\":\"https:\/\/blog.holyart.it\/fr\/articles-religieux\/journee-mondiale-de-la-jeunesse-le-pape-reunit-les-jeunes-du-monde-entier\/\",\"url\":\"https:\/\/blog.holyart.it\/fr\/articles-religieux\/journee-mondiale-de-la-jeunesse-le-pape-reunit-les-jeunes-du-monde-entier\/\",\"name\":\"Journ\u00e9e Mondiale de la Jeunesse : le Pape r\u00e9unit les jeunes du monde entier - Holyart.fr Blog\",\"isPartOf\":{\"@id\":\"https:\/\/blog.holyart.it\/fr\/#website\"},\"primaryImageOfPage\":{\"@id\":\"https:\/\/blog.holyart.it\/fr\/articles-religieux\/journee-mondiale-de-la-jeunesse-le-pape-reunit-les-jeunes-du-monde-entier\/#primaryimage\"},\"image\":{\"@id\":\"https:\/\/blog.holyart.it\/fr\/articles-religieux\/journee-mondiale-de-la-jeunesse-le-pape-reunit-les-jeunes-du-monde-entier\/#primaryimage\"},\"thumbnailUrl\":\"https:\/\/blog.holyart.it\/fr\/wp-content\/uploads\/sites\/14\/2024\/08\/Journee-Mondiale-de-la-Jeunesse.jpg\",\"datePublished\":\"2024-08-26T08:00:50+00:00\",\"description\":\"Cette ann\u00e9e, la Journ\u00e9e Mondiale de la Jeunesse se tiendra \u00e0 Lisbonne. D\u00e9couvrons le programme et l\u2019histoire de cet \u00e9v\u00e9nement si important pour les jeunes catholiques.\",\"breadcrumb\":{\"@id\":\"https:\/\/blog.holyart.it\/fr\/articles-religieux\/journee-mondiale-de-la-jeunesse-le-pape-reunit-les-jeunes-du-monde-entier\/#breadcrumb\"},\"inLanguage\":\"fr-FR\",\"potentialAction\":[{\"@type\":\"ReadAction\",\"target\":[\"https:\/\/blog.holyart.it\/fr\/articles-religieux\/journee-mondiale-de-la-jeunesse-le-pape-reunit-les-jeunes-du-monde-entier\/\"]}]},{\"@type\":\"ImageObject\",\"inLanguage\":\"fr-FR\",\"@id\":\"https:\/\/blog.holyart.it\/fr\/articles-religieux\/journee-mondiale-de-la-jeunesse-le-pape-reunit-les-jeunes-du-monde-entier\/#primaryimage\",\"url\":\"https:\/\/blog.holyart.it\/fr\/wp-content\/uploads\/sites\/14\/2024\/08\/Journee-Mondiale-de-la-Jeunesse.jpg\",\"contentUrl\":\"https:\/\/blog.holyart.it\/fr\/wp-content\/uploads\/sites\/14\/2024\/08\/Journee-Mondiale-de-la-Jeunesse.jpg\",\"width\":1000,\"height\":666,\"caption\":\"Journ\u00e9e Mondiale de la Jeunesse\"},{\"@type\":\"BreadcrumbList\",\"@id\":\"https:\/\/blog.holyart.it\/fr\/articles-religieux\/journee-mondiale-de-la-jeunesse-le-pape-reunit-les-jeunes-du-monde-entier\/#breadcrumb\",\"itemListElement\":[{\"@type\":\"ListItem\",\"position\":1,\"name\":\"Homepage\",\"item\":\"https:\/\/blog.holyart.it\/fr\/\"},{\"@type\":\"ListItem\",\"position\":2,\"name\":\"Religion\",\"item\":\"https:\/\/blog.holyart.it\/fr\/articles-religieux\/\"},{\"@type\":\"ListItem\",\"position\":3,\"name\":\"Journ\u00e9e Mondiale de la Jeunesse : le Pape r\u00e9unit les jeunes du monde entier\"}]},{\"@type\":\"WebSite\",\"@id\":\"https:\/\/blog.holyart.it\/fr\/#website\",\"url\":\"https:\/\/blog.holyart.it\/fr\/\",\"name\":\"Holyart.fr Blog\",\"description\":\"Holyblog\",\"publisher\":{\"@id\":\"https:\/\/blog.holyart.it\/fr\/#organization\"},\"potentialAction\":[{\"@type\":\"SearchAction\",\"target\":{\"@type\":\"EntryPoint\",\"urlTemplate\":\"https:\/\/blog.holyart.it\/fr\/?s={search_term_string}\"},\"query-input\":{\"@type\":\"PropertyValueSpecification\",\"valueRequired\":true,\"valueName\":\"search_term_string\"}}],\"inLanguage\":\"fr-FR\"},{\"@type\":\"Organization\",\"@id\":\"https:\/\/blog.holyart.it\/fr\/#organization\",\"name\":\"Holyart.fr Blog\",\"url\":\"https:\/\/blog.holyart.it\/fr\/\",\"logo\":{\"@type\":\"ImageObject\",\"inLanguage\":\"fr-FR\",\"@id\":\"https:\/\/blog.holyart.it\/fr\/#\/schema\/logo\/image\/\",\"url\":\"https:\/\/blog.holyart.it\/fr\/wp-content\/uploads\/sites\/14\/2022\/12\/Holyart_Blog_Logo.jpg\",\"contentUrl\":\"https:\/\/blog.holyart.it\/fr\/wp-content\/uploads\/sites\/14\/2022\/12\/Holyart_Blog_Logo.jpg\",\"width\":300,\"height\":50,\"caption\":\"Holyart.fr Blog\"},\"image\":{\"@id\":\"https:\/\/blog.holyart.it\/fr\/#\/schema\/logo\/image\/\"}},{\"@type\":\"Person\",\"@id\":\"https:\/\/blog.holyart.it\/fr\/#\/schema\/person\/0a7b686e5af0f856ec1e390dd0baecda\",\"name\":\"Redazione\",\"image\":{\"@type\":\"ImageObject\",\"inLanguage\":\"fr-FR\",\"@id\":\"https:\/\/blog.holyart.it\/fr\/#\/schema\/person\/image\/\",\"url\":\"https:\/\/secure.gravatar.com\/avatar\/f477da817f43e50d0af36abecd33e3edf826c68299714bdc1057dff3b113f516?s=96&d=mm&r=g\",\"contentUrl\":\"https:\/\/secure.gravatar.com\/avatar\/f477da817f43e50d0af36abecd33e3edf826c68299714bdc1057dff3b113f516?s=96&d=mm&r=g\",\"caption\":\"Redazione\"},\"url\":\"https:\/\/blog.holyart.it\/fr\/author\/admin\/\"}]}<\/script>\n<!-- \/ Yoast SEO plugin. -->","yoast_head_json":{"title":"Journ\u00e9e Mondiale de la Jeunesse : le Pape r\u00e9unit les jeunes du monde entier - Holyart.fr Blog","description":"Cette ann\u00e9e, la Journ\u00e9e Mondiale de la Jeunesse se tiendra \u00e0 Lisbonne. D\u00e9couvrons le programme et l\u2019histoire de cet \u00e9v\u00e9nement si important pour les jeunes catholiques.","robots":{"index":"index","follow":"follow","max-snippet":"max-snippet:-1","max-image-preview":"max-image-preview:large","max-video-preview":"max-video-preview:-1"},"canonical":"https:\/\/blog.holyart.it\/fr\/articles-religieux\/journee-mondiale-de-la-jeunesse-le-pape-reunit-les-jeunes-du-monde-entier\/","og_locale":"fr_FR","og_type":"article","og_title":"Journ\u00e9e Mondiale de la Jeunesse : le Pape r\u00e9unit les jeunes du monde entier - Holyart.fr Blog","og_description":"Cette ann\u00e9e, la Journ\u00e9e Mondiale de la Jeunesse se tiendra \u00e0 Lisbonne. D\u00e9couvrons le programme et l\u2019histoire de cet \u00e9v\u00e9nement si important pour les jeunes catholiques.","og_url":"https:\/\/blog.holyart.it\/fr\/articles-religieux\/journee-mondiale-de-la-jeunesse-le-pape-reunit-les-jeunes-du-monde-entier\/","og_site_name":"Holyart.fr Blog","article_published_time":"2024-08-26T08:00:50+00:00","og_image":[{"width":1000,"height":666,"url":"https:\/\/blog.holyart.it\/fr\/wp-content\/uploads\/sites\/14\/2024\/08\/Journee-Mondiale-de-la-Jeunesse.jpg","type":"image\/jpeg"}],"author":"Redazione","twitter_card":"summary_large_image","twitter_misc":{"\u00c9crit par":"Redazione","Dur\u00e9e de lecture estim\u00e9e":"8 minutes"},"schema":{"@context":"https:\/\/schema.org","@graph":[{"@type":"Article","@id":"https:\/\/blog.holyart.it\/fr\/articles-religieux\/journee-mondiale-de-la-jeunesse-le-pape-reunit-les-jeunes-du-monde-entier\/#article","isPartOf":{"@id":"https:\/\/blog.holyart.it\/fr\/articles-religieux\/journee-mondiale-de-la-jeunesse-le-pape-reunit-les-jeunes-du-monde-entier\/"},"author":{"name":"Redazione","@id":"https:\/\/blog.holyart.it\/fr\/#\/schema\/person\/0a7b686e5af0f856ec1e390dd0baecda"},"headline":"Journ\u00e9e Mondiale de la Jeunesse : le Pape r\u00e9unit les jeunes du monde entier","datePublished":"2024-08-26T08:00:50+00:00","mainEntityOfPage":{"@id":"https:\/\/blog.holyart.it\/fr\/articles-religieux\/journee-mondiale-de-la-jeunesse-le-pape-reunit-les-jeunes-du-monde-entier\/"},"wordCount":1563,"publisher":{"@id":"https:\/\/blog.holyart.it\/fr\/#organization"},"image":{"@id":"https:\/\/blog.holyart.it\/fr\/articles-religieux\/journee-mondiale-de-la-jeunesse-le-pape-reunit-les-jeunes-du-monde-entier\/#primaryimage"},"thumbnailUrl":"https:\/\/blog.holyart.it\/fr\/wp-content\/uploads\/sites\/14\/2024\/08\/Journee-Mondiale-de-la-Jeunesse.jpg","articleSection":["Religion"],"inLanguage":"fr-FR"},{"@type":"WebPage","@id":"https:\/\/blog.holyart.it\/fr\/articles-religieux\/journee-mondiale-de-la-jeunesse-le-pape-reunit-les-jeunes-du-monde-entier\/","url":"https:\/\/blog.holyart.it\/fr\/articles-religieux\/journee-mondiale-de-la-jeunesse-le-pape-reunit-les-jeunes-du-monde-entier\/","name":"Journ\u00e9e Mondiale de la Jeunesse : le Pape r\u00e9unit les jeunes du monde entier - Holyart.fr Blog","isPartOf":{"@id":"https:\/\/blog.holyart.it\/fr\/#website"},"primaryImageOfPage":{"@id":"https:\/\/blog.holyart.it\/fr\/articles-religieux\/journee-mondiale-de-la-jeunesse-le-pape-reunit-les-jeunes-du-monde-entier\/#primaryimage"},"image":{"@id":"https:\/\/blog.holyart.it\/fr\/articles-religieux\/journee-mondiale-de-la-jeunesse-le-pape-reunit-les-jeunes-du-monde-entier\/#primaryimage"},"thumbnailUrl":"https:\/\/blog.holyart.it\/fr\/wp-content\/uploads\/sites\/14\/2024\/08\/Journee-Mondiale-de-la-Jeunesse.jpg","datePublished":"2024-08-26T08:00:50+00:00","description":"Cette ann\u00e9e, la Journ\u00e9e Mondiale de la Jeunesse se tiendra \u00e0 Lisbonne. D\u00e9couvrons le programme et l\u2019histoire de cet \u00e9v\u00e9nement si important pour les jeunes catholiques.","breadcrumb":{"@id":"https:\/\/blog.holyart.it\/fr\/articles-religieux\/journee-mondiale-de-la-jeunesse-le-pape-reunit-les-jeunes-du-monde-entier\/#breadcrumb"},"inLanguage":"fr-FR","potentialAction":[{"@type":"ReadAction","target":["https:\/\/blog.holyart.it\/fr\/articles-religieux\/journee-mondiale-de-la-jeunesse-le-pape-reunit-les-jeunes-du-monde-entier\/"]}]},{"@type":"ImageObject","inLanguage":"fr-FR","@id":"https:\/\/blog.holyart.it\/fr\/articles-religieux\/journee-mondiale-de-la-jeunesse-le-pape-reunit-les-jeunes-du-monde-entier\/#primaryimage","url":"https:\/\/blog.holyart.it\/fr\/wp-content\/uploads\/sites\/14\/2024\/08\/Journee-Mondiale-de-la-Jeunesse.jpg","contentUrl":"https:\/\/blog.holyart.it\/fr\/wp-content\/uploads\/sites\/14\/2024\/08\/Journee-Mondiale-de-la-Jeunesse.jpg","width":1000,"height":666,"caption":"Journ\u00e9e Mondiale de la Jeunesse"},{"@type":"BreadcrumbList","@id":"https:\/\/blog.holyart.it\/fr\/articles-religieux\/journee-mondiale-de-la-jeunesse-le-pape-reunit-les-jeunes-du-monde-entier\/#breadcrumb","itemListElement":[{"@type":"ListItem","position":1,"name":"Homepage","item":"https:\/\/blog.holyart.it\/fr\/"},{"@type":"ListItem","position":2,"name":"Religion","item":"https:\/\/blog.holyart.it\/fr\/articles-religieux\/"},{"@type":"ListItem","position":3,"name":"Journ\u00e9e Mondiale de la Jeunesse : le Pape r\u00e9unit les jeunes du monde entier"}]},{"@type":"WebSite","@id":"https:\/\/blog.holyart.it\/fr\/#website","url":"https:\/\/blog.holyart.it\/fr\/","name":"Holyart.fr Blog","description":"Holyblog","publisher":{"@id":"https:\/\/blog.holyart.it\/fr\/#organization"},"potentialAction":[{"@type":"SearchAction","target":{"@type":"EntryPoint","urlTemplate":"https:\/\/blog.holyart.it\/fr\/?s={search_term_string}"},"query-input":{"@type":"PropertyValueSpecification","valueRequired":true,"valueName":"search_term_string"}}],"inLanguage":"fr-FR"},{"@type":"Organization","@id":"https:\/\/blog.holyart.it\/fr\/#organization","name":"Holyart.fr Blog","url":"https:\/\/blog.holyart.it\/fr\/","logo":{"@type":"ImageObject","inLanguage":"fr-FR","@id":"https:\/\/blog.holyart.it\/fr\/#\/schema\/logo\/image\/","url":"https:\/\/blog.holyart.it\/fr\/wp-content\/uploads\/sites\/14\/2022\/12\/Holyart_Blog_Logo.jpg","contentUrl":"https:\/\/blog.holyart.it\/fr\/wp-content\/uploads\/sites\/14\/2022\/12\/Holyart_Blog_Logo.jpg","width":300,"height":50,"caption":"Holyart.fr Blog"},"image":{"@id":"https:\/\/blog.holyart.it\/fr\/#\/schema\/logo\/image\/"}},{"@type":"Person","@id":"https:\/\/blog.holyart.it\/fr\/#\/schema\/person\/0a7b686e5af0f856ec1e390dd0baecda","name":"Redazione","image":{"@type":"ImageObject","inLanguage":"fr-FR","@id":"https:\/\/blog.holyart.it\/fr\/#\/schema\/person\/image\/","url":"https:\/\/secure.gravatar.com\/avatar\/f477da817f43e50d0af36abecd33e3edf826c68299714bdc1057dff3b113f516?s=96&d=mm&r=g","contentUrl":"https:\/\/secure.gravatar.com\/avatar\/f477da817f43e50d0af36abecd33e3edf826c68299714bdc1057dff3b113f516?s=96&d=mm&r=g","caption":"Redazione"},"url":"https:\/\/blog.holyart.it\/fr\/author\/admin\/"}]}},"_links":{"self":[{"href":"https:\/\/blog.holyart.it\/fr\/wp-json\/wp\/v2\/posts\/8700","targetHints":{"allow":["GET"]}}],"collection":[{"href":"https:\/\/blog.holyart.it\/fr\/wp-json\/wp\/v2\/posts"}],"about":[{"href":"https:\/\/blog.holyart.it\/fr\/wp-json\/wp\/v2\/types\/post"}],"author":[{"embeddable":true,"href":"https:\/\/blog.holyart.it\/fr\/wp-json\/wp\/v2\/users\/1"}],"replies":[{"embeddable":true,"href":"https:\/\/blog.holyart.it\/fr\/wp-json\/wp\/v2\/comments?post=8700"}],"version-history":[{"count":7,"href":"https:\/\/blog.holyart.it\/fr\/wp-json\/wp\/v2\/posts\/8700\/revisions"}],"predecessor-version":[{"id":8713,"href":"https:\/\/blog.holyart.it\/fr\/wp-json\/wp\/v2\/posts\/8700\/revisions\/8713"}],"wp:featuredmedia":[{"embeddable":true,"href":"https:\/\/blog.holyart.it\/fr\/wp-json\/wp\/v2\/media\/8703"}],"wp:attachment":[{"href":"https:\/\/blog.holyart.it\/fr\/wp-json\/wp\/v2\/media?parent=8700"}],"wp:term":[{"taxonomy":"category","embeddable":true,"href":"https:\/\/blog.holyart.it\/fr\/wp-json\/wp\/v2\/categories?post=8700"},{"taxonomy":"post_tag","embeddable":true,"href":"https:\/\/blog.holyart.it\/fr\/wp-json\/wp\/v2\/tags?post=8700"}],"curies":[{"name":"wp","href":"https:\/\/api.w.org\/{rel}","templated":true}]}}