{"id":8650,"date":"2024-08-19T10:00:07","date_gmt":"2024-08-19T08:00:07","guid":{"rendered":"https:\/\/blog.holyart.it\/fr\/?p=8650"},"modified":"2025-06-05T16:06:35","modified_gmt":"2025-06-05T14:06:35","slug":"anneau-episcopal-avec-amethyste-quelle-est-sa-signification","status":"publish","type":"post","link":"https:\/\/blog.holyart.it\/fr\/articles-religieux\/anneau-episcopal-avec-amethyste-quelle-est-sa-signification\/","title":{"rendered":"Anneau \u00e9piscopal avec am\u00e9thyste: quelle est sa signification"},"content":{"rendered":"<h4>Pierre d\u2019am\u00e9thyste pour les \u00c9v\u00eaques, topaze jaune pour les Archev\u00eaques, saphir ou rubis pour les Cardinaux. L\u2019anneau \u00e9piscopal entre symbolisme et spiritualit\u00e9.<\/h4>\n\n<p>Comme tout autre aspect de la religion, les bijoux port\u00e9s par les hauts pr\u00e9lats, comme \u00c9v\u00eaques, Archev\u00eaques et Cardinaux, ne sont pas non plus de simple ornements ou clinquants, mais sont investis d\u2019une <strong>forte valeur symbolique<\/strong>. En particulier, la <a href=\"https:\/\/www.holyart.fr\/accessoires-pour-la-liturgie\/attributs-episcopaux?page=1&amp;params=%7B%22offset%22:0,%22limit%22:60,%22filters%22:%5B%5D,%22sorter%22:%22YEAR_BEST_SELLERS%22,%22categoryIds%22:%5B108338%5D,%22filtersByIds%22:%5B%7B%22key%22:39,%22values%22:%5B1600%5D%7D%5D%7D\"><strong>bague \u00e9piscopale<\/strong><\/a> que les \u00c9v\u00eaques arborent pendant les c\u00e9l\u00e9brations les plus solennelles symbolise leur totale d\u00e9votion \u00e0 l\u2019\u00c9glise, leur choix d\u2019<strong>ob\u00e9issance et de service<\/strong>.<\/p>\n<p>Mais la valeur symbolique de l\u2019anneau \u00e9piscopal, ainsi que de toutes les bagues sacr\u00e9es, ne se limite pas au sens qui lui a \u00e9t\u00e9 attribu\u00e9 au cours des si\u00e8cles. La bague, par sa propre <strong>forme<\/strong>, a toujours \u00e9t\u00e9 investie d\u2019une signification profonde et universelle, dont l\u2019\u00c9glise catholique s\u2019est appropri\u00e9e. Les premi\u00e8res bagues remonteraient \u00e0 l\u2019\u00c2ge du Bronze et d\u00e9j\u00e0 dans les civilisations anciennes, comme chez les \u00c9gyptiens, elles \u00e9taient utilis\u00e9es comme marque distinctive par les personnalit\u00e9s \u00e9minentes, ou comme sceaux pour des pr\u00e9cieux documents. Cela d\u00e9pend de la forme du cercle, <strong>symbole de perfection, infini et \u00e9ternit\u00e9<\/strong>, qui pour l\u2019\u00c9glise s\u2019est traduit \u00e9galement en <strong>saintet\u00e9<\/strong>. Il suffit de penser aux <strong><a href=\"https:\/\/www.holyart.fr\/articles-religieux\/couronnes-et-aureoles-detoiles\">aur\u00e9oles<\/a> <\/strong>qui ornent la t\u00eate de la Sainte Vierge, de Christ et des Saints, et qui sont presque toujours rondes, ou \u00e0 l\u2019usage de l\u2019<a href=\"https:\/\/www.holyart.fr\/blog\/articles-religieux\/comment-prendre-les-mesures-pour-les-bagues-notre-mini-guide\/\"><strong>\u00e9change des alliances <\/strong><\/a>dans le <strong>Sacrement du Mariage<\/strong>, \u00e0 signifier le compl\u00e8tement r\u00e9ciproque qui nait de l\u2019union entre deux individus.<\/p>\n<div class=\"link-product\">\n<div class=\"blocco-immagine\"><img loading=\"lazy\" decoding=\"async\" class=\"size-full wp-image-8652 alignleft\" src=\"https:\/\/blog.holyart.it\/fr\/wp-content\/uploads\/sites\/14\/2024\/07\/bague-pour-eveque-argent-800-dore-tau-emaille.jpg\" alt=\"bague pour eveque argent 800 dore tau emaille\" width=\"100\" height=\"100\" data-kale-share-title=\"Anneau \u00e9piscopal avec am\u00e9thyste: quelle est sa signification\" data-kale-share-url=\"https:\/\/blog.holyart.it\/fr\/?p=8650\" \/><\/div>\n<div class=\"blocco-contenuto\">\n<div class=\"blocco-acquista\">Acheter sur Holyart:<\/div>\n<div class=\"blocco-titolo\"><a href=\"https:\/\/www.holyart.fr\/accessoires-pour-la-liturgie\/attributs-episcopaux\">Attributs \u00e9piscopaux<\/a><\/div>\n<div class=\"blocco-descrizione\">Attributs \u00e9piscopaux: anneaux pastorals, anneaux pour \u00e9v\u00eaques, croix \u00e9piscopales et croix pectorales.<\/div>\n<\/div>\n<\/div>\n<p>En revenant \u00e0 l\u2019\u00e9volution de la bague en tant qu\u2019ornement <strong>symbole du pouvoir temporel et religieux<\/strong>, dans la <strong>Rome antique<\/strong> les pr\u00eatres de haut rang portaient des bagues d\u2019abord en fer, puis en or, et il \u00e9tait d\u2019usage que tout interlocuteur leur baise l\u2019anneau en signe de d\u00e9f\u00e9rence, coutume ensuite transmise aux rois, aux empereurs et, avec l\u2019av\u00e9nement du Christianisme, au haut clerg\u00e9. Mais des bagues d\u00e9cor\u00e9es de gravures symboliques furent retrouv\u00e9es d\u00e9j\u00e0 dans les <strong>Catacombes<\/strong>, signe que les premiers chr\u00e9tiens adopt\u00e8rent ce symbole d\u00e8s le d\u00e9but.<\/p>\n<p>Et n\u2019oublions pas l\u2019<strong>anneau du P\u00eacheur<\/strong>, une des plus anciennes traditions li\u00e9es \u00e0 l\u2019\u00e9lection papale, ainsi qu\u2019un des objets li\u00e9s \u00e0 la religion et au catholicisme les plus investis de valeur symbolique.<\/p>\n<p>Les <strong>pierres pr\u00e9cieuses<\/strong> aussi qui d\u00e9corent les bagues port\u00e9es par \u00c9v\u00eaques (am\u00e9thyste), Archev\u00eaques (topaze jaune) et Cardinaux (saphir ou rubis) ne se limitent pas uniquement \u00e0 d\u00e9finir la <a href=\"https:\/\/www.holyart.fr\/blog\/accessoires-pour-la-liturgie\/la-hierarchie-ecclesiastique-dans-leglise-catholique\/\"><strong>hi\u00e9rarchie sacerdotale<\/strong><\/a>, mais ont \u00e9galement une signification symbolique bien pr\u00e9cise.<\/p>\n<div class=\"link-article\">\n<p><img loading=\"lazy\" decoding=\"async\" class=\"size-full wp-image-8654 alignleft\" src=\"https:\/\/blog.holyart.it\/fr\/wp-content\/uploads\/sites\/14\/2024\/07\/hierarchie-ecclesiastique.jpg\" alt=\"hierarchie ecclesiastique\" width=\"150\" height=\"99\" data-kale-share-title=\"Anneau \u00e9piscopal avec am\u00e9thyste: quelle est sa signification\" data-kale-share-url=\"https:\/\/blog.holyart.it\/fr\/?p=8650\" \/><\/p>\n<div class=\"leggi-anche\">Lire aussi :<\/div>\n<p><strong><a href=\"https:\/\/www.holyart.fr\/blog\/accessoires-pour-la-liturgie\/la-hierarchie-ecclesiastique-dans-leglise-catholique\/\">La hi\u00e9rarchie eccl\u00e9siastique dans l\u2019\u00c9glise Catholique<\/a><\/strong><br \/>\nL\u2019\u00e9glise est une institution tr\u00e8s vaste et complexe. En tant que telle, elle a besoin d\u2019une hi\u00e9rarchie bien d\u00e9finie qui a pris forme avec le temps&#8230;<\/p>\n<\/div>\n<h2>La signification de l\u2019am\u00e9thyste sur l\u2019anneau \u00e9piscopal<\/h2>\n<p>Le choix de la <a href=\"https:\/\/www.holyart.fr\/accessoires-pour-la-liturgie\/attributs-episcopaux\/bague-episcopale-ajustable-argent-925-dore-avec-amethyste\"><strong>pierre d\u2019am\u00e9thyste<\/strong><\/a> comme joyau pour d\u00e9corer la bague de l\u2019\u00c9v\u00eaque n\u2019est pas un hasard. Cette pierre est d\u00e9j\u00e0 cit\u00e9e dans la <strong>Bible<\/strong> parmi les v\u00eatements de c\u00e9r\u00e9monie pour Aaron que Dieu avait command\u00e9 \u00e0 Mo\u00efse : \u00ab\u00a0<em>Tu y sertiras quatre rang\u00e9es de pierreries. Sur la premi\u00e8re tu ench\u00e2sseras une sardoine, une topaze et une \u00e9meraude. Sur la seconde rang\u00e9e : un rubis, un saphir et un diamant. Sur la troisi\u00e8me\u00a0: une opale, une agate et une <strong>am\u00e9thyste<\/strong>. Sur la quatri\u00e8me : une chrysolithe, un onyx et un jaspe. Ces pierreries seront serties dans des chatons en or. Elles seront grav\u00e9es aux noms des douze fils d\u2019Isra\u00ebl comme des sceaux \u00e0 cacheter\u00a0; chacune portera le nom d\u2019une des douze tribus<\/em>\u00a0\u00bb (Exode 28, 17-21).<\/p>\n<div class=\"link-product\">\n<div class=\"blocco-immagine\"><img loading=\"lazy\" decoding=\"async\" class=\"size-full wp-image-8656 alignleft\" src=\"https:\/\/blog.holyart.it\/fr\/wp-content\/uploads\/sites\/14\/2024\/07\/bague-episcopale-ajustable-argent-925-dore-avec-amethyste.jpg\" alt=\"bague episcopale ajustable argent 925 dore avec amethyste\" width=\"100\" height=\"100\" data-kale-share-title=\"Anneau \u00e9piscopal avec am\u00e9thyste: quelle est sa signification\" data-kale-share-url=\"https:\/\/blog.holyart.it\/fr\/?p=8650\" \/><\/div>\n<div class=\"blocco-contenuto\">\n<div class=\"blocco-acquista\">Acheter sur Holyart:<\/div>\n<div class=\"blocco-titolo\"><a href=\"https:\/\/www.holyart.fr\/accessoires-pour-la-liturgie\/attributs-episcopaux\/bague-episcopale-ajustable-argent-925-dore-avec-amethyste\">Bague \u00e9piscopale ajustable argent 925 dor\u00e9 avec am\u00e9thyste<\/a><\/div>\n<div class=\"blocco-descrizione\">Bague \u00e9piscopale en argent 925 dor\u00e9 avec am\u00e9thyste sertie de 2 cm de diam\u00e8tre enti\u00e8rement manufactur\u00e9e en Italie.<\/div>\n<\/div>\n<\/div>\n<p>La valeur symbolique attribu\u00e9e \u00e0 cette magnifique pierre violette et, par cons\u00e9quent, \u00e0 l\u2019anneau \u00e9piscopal avec am\u00e9thyste puise ses origines encore plus loin dans le temps, dans les anciens <strong>mythes grecs<\/strong>, selon lesquels Am\u00e9thyste \u00e9tait une nymphe que la d\u00e9esse Art\u00e9mie transforma en un magnifique cristal afin de la prot\u00e9ger de Dionysos, dieu de l\u2019ivresse. Repenti de l\u2019avoir emb\u00eat\u00e9e et condamn\u00e9e \u00e0 cette m\u00e9tamorphose, ce dernier aurait vers\u00e9 du vin sur le cristal, qui de sa limpidit\u00e9 assuma imm\u00e9diatement la couleur caract\u00e9ristique que nous lui connaissons tous. Probablement pour ce lien mythique avec Dionysos, d\u00e8s l\u2019antiquit\u00e9, \u00e0 l\u2019am\u00e9thyste fut attribu\u00e9e le pouvoir de prot\u00e9ger de l\u2019ivresse, tant que le mot grec <strong><em>am\u00e9thystos<\/em><\/strong> signifie \u00ab\u00a0non ivre, sobre\u00a0\u00bb. Dans la Rome ancienne, on r\u00e9alisait des coupes d\u2019am\u00e9thyste, utilis\u00e9es pendant les banquets des patriciens.<\/p>\n<p>Selon la cristal-th\u00e9rapie, l\u2019am\u00e9thyste est une pierre qui apporte \u00e9quilibre et ma\u00eetrise de soi, alimente l\u2019amour-propre, attire les beaux r\u00eaves et \u00e9loigne les cauchemars.<\/p>\n<p>Le choix de cette pierre pour l\u2019anneau de l\u2019\u00c9v\u00eaque est li\u00e9 \u00e0 sa couleur, le violet, une <strong>couleur sacr\u00e9e<\/strong> qui rappelle la p\u00e9nitence, l\u2019attente et le deuil, mais aussi les noces mystiques entre J\u00e9sus et son \u00c9glise. Elle est utilis\u00e9e en particulier pendant <a href=\"https:\/\/www.holyart.fr\/blog\/accessoires-pour-la-liturgie\/lannee-liturgique-eclaircissons-les-choses\/\"><strong>l\u2019Avent et le Car\u00eame<\/strong><\/a>.<\/p>\n<div class=\"link-article\">\n<p><img loading=\"lazy\" decoding=\"async\" class=\"size-full wp-image-8661 alignleft\" src=\"https:\/\/blog.holyart.it\/fr\/wp-content\/uploads\/sites\/14\/2024\/07\/calendrier-liturgique-1.jpg\" alt=\"calendrier liturgique\" width=\"150\" height=\"99\" data-kale-share-title=\"Anneau \u00e9piscopal avec am\u00e9thyste: quelle est sa signification\" data-kale-share-url=\"https:\/\/blog.holyart.it\/fr\/?p=8650\" \/><\/p>\n<div class=\"leggi-anche\">Lire aussi :<\/div>\n<p><strong><a href=\"https:\/\/www.holyart.fr\/blog\/accessoires-pour-la-liturgie\/lannee-liturgique-eclaircissons-les-choses\/\">L\u2019ann\u00e9e liturgique: \u00e9claircissons les choses<\/a><\/strong><br \/>\nLes temps liturgiques de l\u2019\u00e9glise catholique sont les saisons dans lesquelles est subdivis\u00e9e l\u2019ann\u00e9e liturgique&#8230;<\/p>\n<\/div>\n<p>Les premiers chr\u00e9tiens trouv\u00e8rent tout de suite un <strong>lien entre l\u2019am\u00e9thyste et Christ<\/strong>, en reconnaissant dans le cristal la puret\u00e9 de l\u2019esprit et dans les nuances violac\u00e9es et rouge\u00e2tres les marques et les blessures de la Passion. Avec le temps, l\u2019am\u00e9thyste est devenue symbole des humbles qui, comme Christ, choisissent de se sacrifier pour les autres sans arr\u00eater de prier pour ceux qui les pers\u00e9cutent. Elle est \u00e9galement symbole de confiance, piti\u00e9, humilit\u00e9, sinc\u00e9rit\u00e9 et sagesse spirituelle, et pour cette raison elle a \u00e9t\u00e9 choisie comme pierre des \u00c9v\u00eaques, pasteurs d\u2019\u00e2mes, gardiens de l\u2019\u00c9glise.<\/p>\n<h2>L\u2019anneau de l\u2019\u00c9v\u00eaque<\/h2>\n<p>C\u2019est avec le IVe <strong>Concile de Tol\u00e8de en 633 apr. J.-C.<\/strong> qu\u2019il a \u00e9t\u00e9 d\u00e9fini qu\u2019au moment de l\u2019ordination, l\u2019\u00e9v\u00eaque re\u00e7oit, en plus de son <strong>\u00e9tole<\/strong>, ou <em>orarium<\/em>, et de la <a href=\"https:\/\/www.holyart.fr\/accessoires-pour-la-liturgie\/attributs-episcopaux\/crosse-pastorale-evangelistes\"><strong>crosse \u00e9piscopale<\/strong><\/a>, l\u2019<strong>anneau<\/strong> aussi, ou <em>anulum<\/em>, embl\u00e8me de la dignit\u00e9 pastorale, qu\u2019il portera \u00e0 l\u2019annulaire droit. Saint Charles Borrom\u00e9e, \u00e0 la fin du XVIe si\u00e8cle, \u00e9tablit que l\u2019anneau \u00e9piscopal devait \u00eatre en or, bien qu\u2019il y ait eu, au cours des si\u00e8cles, des \u00e9v\u00eaques qui ont pr\u00e9f\u00e9r\u00e9 des mat\u00e9riaux plus humbles, serti avec une am\u00e9thyste.<\/p>\n<p>Aujourd\u2019hui, les \u00c9v\u00eaques re\u00e7oivent l\u2019\u00c9vangile, symbole de leur t\u00e2che de diffusion de la Parole\u00a0; la mitre, qui symbolise la Saintet\u00e9\u00a0; la crosse, pour leur mission de pasteurs d\u2019\u00e2mes\u00a0; l\u2019anneau avec l\u2019am\u00e9thyste, symbole de la fid\u00e9lit\u00e9 \u00e0 l\u2019\u00c9glise.<\/p>\n<div class=\"link-product\">\n<div class=\"blocco-immagine\"><img loading=\"lazy\" decoding=\"async\" class=\"size-full wp-image-8663 alignleft\" src=\"https:\/\/blog.holyart.it\/fr\/wp-content\/uploads\/sites\/14\/2024\/07\/crosse-pastorale-evangelistes.jpg\" alt=\"crosse pastorale evangelistes\" width=\"100\" height=\"100\" data-kale-share-title=\"Anneau \u00e9piscopal avec am\u00e9thyste: quelle est sa signification\" data-kale-share-url=\"https:\/\/blog.holyart.it\/fr\/?p=8650\" \/><\/div>\n<div class=\"blocco-contenuto\">\n<div class=\"blocco-acquista\">Acheter sur Holyart:<\/div>\n<div class=\"blocco-titolo\"><a href=\"https:\/\/www.holyart.fr\/accessoires-pour-la-liturgie\/attributs-episcopaux\/crosse-pastorale-evangelistes\">Crosse pastorale \u00e9vang\u00e9listes<\/a><\/div>\n<div class=\"blocco-descrizione\">Le b\u00e2ton et le bout recourb\u00e9 sont en laiton argent\u00e9. Sur le noeud d\u00e9coration en relief des 4 \u00e9vang\u00e9listes.<\/div>\n<\/div>\n<\/div>\n<h2>L\u2019anneau de l\u2019Archev\u00eaque<\/h2>\n<p>La <a href=\"https:\/\/www.holyart.fr\/accessoires-pour-la-liturgie\/attributs-episcopaux\/bague-episcopale-avec-colombe-argent-925-dore\"><strong>topaze<\/strong><\/a> aussi, la merveilleuse pierre aux reflets dor\u00e9e qui orne l\u2019anneau des Archev\u00eaques, est mentionn\u00e9e dans la Bible parmi les joyaux sacr\u00e9s qui devaient d\u00e9corer le pectoral des Grands pr\u00eatres, associ\u00e9es aux douze tribus d\u2019Isra\u00ebl, mais aussi aux douze anges qui gardent l\u2019arche de l\u2019Alliance et pr\u00e9sident \u00e0 la porte du Paradis. Pour les \u00c9gyptiens, la topaze \u00e9tait la pierre de R\u00ea, Dieu du Soleil. Son nom en sanskrit ancien signifie \u201cle feu\u201d. Sa couleur marron et or renvoie au soleil, \u00e0 la terre, \u00e0 la fertilit\u00e9 et \u00e0 la vie. Selon les grecs, elle conf\u00e9rait force physique et mentale.<\/p>\n<div class=\"link-product\">\n<div class=\"blocco-immagine\"><img loading=\"lazy\" decoding=\"async\" class=\"size-full wp-image-8665 alignleft\" src=\"https:\/\/blog.holyart.it\/fr\/wp-content\/uploads\/sites\/14\/2024\/07\/bague-episcopale-avec-colombe-argent-925-dore.jpg\" alt=\"bague episcopale avec colombe argent 925 dore\" width=\"100\" height=\"100\" data-kale-share-title=\"Anneau \u00e9piscopal avec am\u00e9thyste: quelle est sa signification\" data-kale-share-url=\"https:\/\/blog.holyart.it\/fr\/?p=8650\" \/><\/div>\n<div class=\"blocco-contenuto\">\n<div class=\"blocco-acquista\">Acheter sur Holyart:<\/div>\n<div class=\"blocco-titolo\"><a href=\"https:\/\/www.holyart.fr\/accessoires-pour-la-liturgie\/attributs-episcopaux\/bague-episcopale-avec-colombe-argent-925-dore\">Bague \u00e9piscopale avec Colombe argent 925 dor\u00e9<\/a><\/div>\n<div class=\"blocco-descrizione\">Au centre de la bague se trouve un topaze synth\u00e9tique.<\/div>\n<\/div>\n<\/div>\n<h2>L\u2019anneau du Cardinal<\/h2>\n<p>Les <strong>cardinaux<\/strong> ont un anneau propre, d\u00e9j\u00e0 document\u00e9 dans le XIIe si\u00e8cle, qui leur est donn\u00e9 par le Pape pendant le consistoire secret, en tant que <strong>symbole de leur dignit\u00e9 et d\u2019alliance avec l\u2019\u00c9glise<\/strong>. L\u2019anneau du Cardinal est d\u00e9cor\u00e9 <strong>d\u2019un saphir ou d\u2019un rubis<\/strong> et se diff\u00e9rencie des autres <a href=\"https:\/\/www.holyart.fr\/accessoires-pour-la-liturgie\/attributs-episcopaux\/anneau-episcopal-argent-925-cornaline\"><strong>anneaux pastoraux<\/strong><\/a> car il est grav\u00e9 au niveau de la bague m\u00eame ou au verso de la pierre avec les insignes du Pape qui l\u2019a remis au Cardinal. Il est \u00e9galement un peu plus large, car il doit pouvoir \u00eatre port\u00e9 au-dessus des gants pontificaux.<\/p>\n<div class=\"link-product\">\n<div class=\"blocco-immagine\"><img loading=\"lazy\" decoding=\"async\" class=\"size-full wp-image-8667 alignleft\" src=\"https:\/\/blog.holyart.it\/fr\/wp-content\/uploads\/sites\/14\/2024\/07\/anneau-episcopal-argent-800-cornaline.jpg\" alt=\"anneau episcopal argent 800 cornaline\" width=\"100\" height=\"100\" data-kale-share-title=\"Anneau \u00e9piscopal avec am\u00e9thyste: quelle est sa signification\" data-kale-share-url=\"https:\/\/blog.holyart.it\/fr\/?p=8650\" \/><\/div>\n<div class=\"blocco-contenuto\">\n<div class=\"blocco-acquista\">Acheter sur Holyart:<\/div>\n<div class=\"blocco-titolo\"><a href=\"https:\/\/www.holyart.fr\/accessoires-pour-la-liturgie\/attributs-episcopaux\/anneau-episcopal-argent-925-cornaline\">Anneau \u00e9piscopal argent 925 cornaline<\/a><\/div>\n<div class=\"blocco-descrizione\">Anneau pour \u00e9v\u00eaque r\u00e9alis\u00e9 de mani\u00e8re artisanale en Italie par des artisans avec une longue exp\u00e9rience.<\/div>\n<\/div>\n<\/div>\n<p>Le <strong>saphir<\/strong> a toujours \u00e9t\u00e9 associ\u00e9 au <strong>concept de divin<\/strong>, dans toutes les cultures. Le sceau de Salomon \u00e9tait de fait un saphir\u00a0; les anciens Persans le consid\u00e9raient comme la pierre sacr\u00e9e par excellence et croyaient que les saphirs d\u00e9terminaient le bleu du ciel. Une ancienne tradition affirme que les tablettes des Dix Commandements \u00e9taient faites de saphir. Dans l\u2019antique \u00c9gypte, il \u00e9tait la pierre de la v\u00e9rit\u00e9 et de la justice. Pour Charlemagne, qui portait toujours une amulette avec un saphir serti, il \u00e9tait une d\u00e9monstration d\u2019amour pour Dieu. Ce fut Pape Innocent III au XIIIe si\u00e8cle qui d\u00e9cida que les cardinaux porteraient l\u2019anneau avec le saphir dans la main droite.<\/p>\n<p>Consid\u00e9r\u00e9 comme le roi des pierres pr\u00e9cieuses, le <strong>rubis<\/strong> \u00e9tait autrefois \u00e9galement la bague nuptiale par excellence. Il repr\u00e9sente l\u2019enthousiasme et la joie de vivre, amour, libert\u00e9, mais aussi force et sant\u00e9, et passion. Il prot\u00e8ge du mal physique et de celui de l\u2019\u00e2me, rend invincibles et courageux.<\/p>\n","protected":false},"excerpt":{"rendered":"<p>Pierre d\u2019am\u00e9thyste pour les \u00c9v\u00eaques, topaze jaune pour les Archev\u00eaques, saphir ou rubis pour les Cardinaux. L\u2019anneau \u00e9piscopal entre symbolisme et spiritualit\u00e9. Comme tout autre aspect de la religion, les bijoux port\u00e9s par les hauts pr\u00e9lats, comme \u00c9v\u00eaques, Archev\u00eaques et Cardinaux, ne sont pas non&hellip;<\/p>\n","protected":false},"author":1,"featured_media":8651,"comment_status":"closed","ping_status":"open","sticky":false,"template":"","format":"standard","meta":{"_acf_changed":false,"footnotes":""},"categories":[8],"tags":[],"class_list":["post-8650","post","type-post","status-publish","format-standard","has-post-thumbnail","hentry","category-articles-religieux"],"acf":[],"yoast_head":"<!-- This site is optimized with the Yoast SEO plugin v26.6 - https:\/\/yoast.com\/wordpress\/plugins\/seo\/ -->\n<title>Anneau \u00e9piscopal avec am\u00e9thyste: quelle est sa signification - Holyart.fr Blog<\/title>\n<meta name=\"description\" content=\"L\u2019anneau \u00e9piscopal des \u00c9v\u00eaques est serti d\u2019une am\u00e9thyste. Voici comment nait cette tradition et ce que signifie ce bijou port\u00e9 encore de nos jours par les hauts pr\u00e9lats.\" \/>\n<meta name=\"robots\" content=\"index, follow, max-snippet:-1, max-image-preview:large, max-video-preview:-1\" \/>\n<link rel=\"canonical\" href=\"https:\/\/blog.holyart.it\/fr\/articles-religieux\/anneau-episcopal-avec-amethyste-quelle-est-sa-signification\/\" \/>\n<meta property=\"og:locale\" content=\"fr_FR\" \/>\n<meta property=\"og:type\" content=\"article\" \/>\n<meta property=\"og:title\" content=\"Anneau \u00e9piscopal avec am\u00e9thyste: quelle est sa signification - Holyart.fr Blog\" \/>\n<meta property=\"og:description\" content=\"L\u2019anneau \u00e9piscopal des \u00c9v\u00eaques est serti d\u2019une am\u00e9thyste. Voici comment nait cette tradition et ce que signifie ce bijou port\u00e9 encore de nos jours par les hauts pr\u00e9lats.\" \/>\n<meta property=\"og:url\" content=\"https:\/\/blog.holyart.it\/fr\/articles-religieux\/anneau-episcopal-avec-amethyste-quelle-est-sa-signification\/\" \/>\n<meta property=\"og:site_name\" content=\"Holyart.fr Blog\" \/>\n<meta property=\"article:published_time\" content=\"2024-08-19T08:00:07+00:00\" \/>\n<meta property=\"article:modified_time\" content=\"2025-06-05T14:06:35+00:00\" \/>\n<meta property=\"og:image\" content=\"https:\/\/blog.holyart.it\/fr\/wp-content\/uploads\/sites\/14\/2024\/07\/anneau-apiscopal.jpg\" \/>\n\t<meta property=\"og:image:width\" content=\"1000\" \/>\n\t<meta property=\"og:image:height\" content=\"666\" \/>\n\t<meta property=\"og:image:type\" content=\"image\/jpeg\" \/>\n<meta name=\"author\" content=\"Redazione\" \/>\n<meta name=\"twitter:card\" content=\"summary_large_image\" \/>\n<meta name=\"twitter:label1\" content=\"\u00c9crit par\" \/>\n\t<meta name=\"twitter:data1\" content=\"Redazione\" \/>\n\t<meta name=\"twitter:label2\" content=\"Dur\u00e9e de lecture estim\u00e9e\" \/>\n\t<meta name=\"twitter:data2\" content=\"10 minutes\" \/>\n<script type=\"application\/ld+json\" class=\"yoast-schema-graph\">{\"@context\":\"https:\/\/schema.org\",\"@graph\":[{\"@type\":\"Article\",\"@id\":\"https:\/\/blog.holyart.it\/fr\/articles-religieux\/anneau-episcopal-avec-amethyste-quelle-est-sa-signification\/#article\",\"isPartOf\":{\"@id\":\"https:\/\/blog.holyart.it\/fr\/articles-religieux\/anneau-episcopal-avec-amethyste-quelle-est-sa-signification\/\"},\"author\":{\"name\":\"Redazione\",\"@id\":\"https:\/\/blog.holyart.it\/fr\/#\/schema\/person\/0a7b686e5af0f856ec1e390dd0baecda\"},\"headline\":\"Anneau \u00e9piscopal avec am\u00e9thyste: quelle est sa signification\",\"datePublished\":\"2024-08-19T08:00:07+00:00\",\"dateModified\":\"2025-06-05T14:06:35+00:00\",\"mainEntityOfPage\":{\"@id\":\"https:\/\/blog.holyart.it\/fr\/articles-religieux\/anneau-episcopal-avec-amethyste-quelle-est-sa-signification\/\"},\"wordCount\":1731,\"publisher\":{\"@id\":\"https:\/\/blog.holyart.it\/fr\/#organization\"},\"image\":{\"@id\":\"https:\/\/blog.holyart.it\/fr\/articles-religieux\/anneau-episcopal-avec-amethyste-quelle-est-sa-signification\/#primaryimage\"},\"thumbnailUrl\":\"https:\/\/blog.holyart.it\/fr\/wp-content\/uploads\/sites\/14\/2024\/07\/anneau-apiscopal.jpg\",\"articleSection\":[\"Religion\"],\"inLanguage\":\"fr-FR\"},{\"@type\":\"WebPage\",\"@id\":\"https:\/\/blog.holyart.it\/fr\/articles-religieux\/anneau-episcopal-avec-amethyste-quelle-est-sa-signification\/\",\"url\":\"https:\/\/blog.holyart.it\/fr\/articles-religieux\/anneau-episcopal-avec-amethyste-quelle-est-sa-signification\/\",\"name\":\"Anneau \u00e9piscopal avec am\u00e9thyste: quelle est sa signification - Holyart.fr Blog\",\"isPartOf\":{\"@id\":\"https:\/\/blog.holyart.it\/fr\/#website\"},\"primaryImageOfPage\":{\"@id\":\"https:\/\/blog.holyart.it\/fr\/articles-religieux\/anneau-episcopal-avec-amethyste-quelle-est-sa-signification\/#primaryimage\"},\"image\":{\"@id\":\"https:\/\/blog.holyart.it\/fr\/articles-religieux\/anneau-episcopal-avec-amethyste-quelle-est-sa-signification\/#primaryimage\"},\"thumbnailUrl\":\"https:\/\/blog.holyart.it\/fr\/wp-content\/uploads\/sites\/14\/2024\/07\/anneau-apiscopal.jpg\",\"datePublished\":\"2024-08-19T08:00:07+00:00\",\"dateModified\":\"2025-06-05T14:06:35+00:00\",\"description\":\"L\u2019anneau \u00e9piscopal des \u00c9v\u00eaques est serti d\u2019une am\u00e9thyste. Voici comment nait cette tradition et ce que signifie ce bijou port\u00e9 encore de nos jours par les hauts pr\u00e9lats.\",\"breadcrumb\":{\"@id\":\"https:\/\/blog.holyart.it\/fr\/articles-religieux\/anneau-episcopal-avec-amethyste-quelle-est-sa-signification\/#breadcrumb\"},\"inLanguage\":\"fr-FR\",\"potentialAction\":[{\"@type\":\"ReadAction\",\"target\":[\"https:\/\/blog.holyart.it\/fr\/articles-religieux\/anneau-episcopal-avec-amethyste-quelle-est-sa-signification\/\"]}]},{\"@type\":\"ImageObject\",\"inLanguage\":\"fr-FR\",\"@id\":\"https:\/\/blog.holyart.it\/fr\/articles-religieux\/anneau-episcopal-avec-amethyste-quelle-est-sa-signification\/#primaryimage\",\"url\":\"https:\/\/blog.holyart.it\/fr\/wp-content\/uploads\/sites\/14\/2024\/07\/anneau-apiscopal.jpg\",\"contentUrl\":\"https:\/\/blog.holyart.it\/fr\/wp-content\/uploads\/sites\/14\/2024\/07\/anneau-apiscopal.jpg\",\"width\":1000,\"height\":666,\"caption\":\"anneau apiscopal\"},{\"@type\":\"BreadcrumbList\",\"@id\":\"https:\/\/blog.holyart.it\/fr\/articles-religieux\/anneau-episcopal-avec-amethyste-quelle-est-sa-signification\/#breadcrumb\",\"itemListElement\":[{\"@type\":\"ListItem\",\"position\":1,\"name\":\"Homepage\",\"item\":\"https:\/\/blog.holyart.it\/fr\/\"},{\"@type\":\"ListItem\",\"position\":2,\"name\":\"Religion\",\"item\":\"https:\/\/blog.holyart.it\/fr\/articles-religieux\/\"},{\"@type\":\"ListItem\",\"position\":3,\"name\":\"Anneau \u00e9piscopal avec am\u00e9thyste: quelle est sa signification\"}]},{\"@type\":\"WebSite\",\"@id\":\"https:\/\/blog.holyart.it\/fr\/#website\",\"url\":\"https:\/\/blog.holyart.it\/fr\/\",\"name\":\"Holyart.fr Blog\",\"description\":\"Holyblog\",\"publisher\":{\"@id\":\"https:\/\/blog.holyart.it\/fr\/#organization\"},\"potentialAction\":[{\"@type\":\"SearchAction\",\"target\":{\"@type\":\"EntryPoint\",\"urlTemplate\":\"https:\/\/blog.holyart.it\/fr\/?s={search_term_string}\"},\"query-input\":{\"@type\":\"PropertyValueSpecification\",\"valueRequired\":true,\"valueName\":\"search_term_string\"}}],\"inLanguage\":\"fr-FR\"},{\"@type\":\"Organization\",\"@id\":\"https:\/\/blog.holyart.it\/fr\/#organization\",\"name\":\"Holyart.fr Blog\",\"url\":\"https:\/\/blog.holyart.it\/fr\/\",\"logo\":{\"@type\":\"ImageObject\",\"inLanguage\":\"fr-FR\",\"@id\":\"https:\/\/blog.holyart.it\/fr\/#\/schema\/logo\/image\/\",\"url\":\"https:\/\/blog.holyart.it\/fr\/wp-content\/uploads\/sites\/14\/2022\/12\/Holyart_Blog_Logo.jpg\",\"contentUrl\":\"https:\/\/blog.holyart.it\/fr\/wp-content\/uploads\/sites\/14\/2022\/12\/Holyart_Blog_Logo.jpg\",\"width\":300,\"height\":50,\"caption\":\"Holyart.fr Blog\"},\"image\":{\"@id\":\"https:\/\/blog.holyart.it\/fr\/#\/schema\/logo\/image\/\"}},{\"@type\":\"Person\",\"@id\":\"https:\/\/blog.holyart.it\/fr\/#\/schema\/person\/0a7b686e5af0f856ec1e390dd0baecda\",\"name\":\"Redazione\",\"image\":{\"@type\":\"ImageObject\",\"inLanguage\":\"fr-FR\",\"@id\":\"https:\/\/blog.holyart.it\/fr\/#\/schema\/person\/image\/\",\"url\":\"https:\/\/secure.gravatar.com\/avatar\/f477da817f43e50d0af36abecd33e3edf826c68299714bdc1057dff3b113f516?s=96&d=mm&r=g\",\"contentUrl\":\"https:\/\/secure.gravatar.com\/avatar\/f477da817f43e50d0af36abecd33e3edf826c68299714bdc1057dff3b113f516?s=96&d=mm&r=g\",\"caption\":\"Redazione\"},\"url\":\"https:\/\/blog.holyart.it\/fr\/author\/admin\/\"}]}<\/script>\n<!-- \/ Yoast SEO plugin. -->","yoast_head_json":{"title":"Anneau \u00e9piscopal avec am\u00e9thyste: quelle est sa signification - Holyart.fr Blog","description":"L\u2019anneau \u00e9piscopal des \u00c9v\u00eaques est serti d\u2019une am\u00e9thyste. Voici comment nait cette tradition et ce que signifie ce bijou port\u00e9 encore de nos jours par les hauts pr\u00e9lats.","robots":{"index":"index","follow":"follow","max-snippet":"max-snippet:-1","max-image-preview":"max-image-preview:large","max-video-preview":"max-video-preview:-1"},"canonical":"https:\/\/blog.holyart.it\/fr\/articles-religieux\/anneau-episcopal-avec-amethyste-quelle-est-sa-signification\/","og_locale":"fr_FR","og_type":"article","og_title":"Anneau \u00e9piscopal avec am\u00e9thyste: quelle est sa signification - Holyart.fr Blog","og_description":"L\u2019anneau \u00e9piscopal des \u00c9v\u00eaques est serti d\u2019une am\u00e9thyste. Voici comment nait cette tradition et ce que signifie ce bijou port\u00e9 encore de nos jours par les hauts pr\u00e9lats.","og_url":"https:\/\/blog.holyart.it\/fr\/articles-religieux\/anneau-episcopal-avec-amethyste-quelle-est-sa-signification\/","og_site_name":"Holyart.fr Blog","article_published_time":"2024-08-19T08:00:07+00:00","article_modified_time":"2025-06-05T14:06:35+00:00","og_image":[{"width":1000,"height":666,"url":"https:\/\/blog.holyart.it\/fr\/wp-content\/uploads\/sites\/14\/2024\/07\/anneau-apiscopal.jpg","type":"image\/jpeg"}],"author":"Redazione","twitter_card":"summary_large_image","twitter_misc":{"\u00c9crit par":"Redazione","Dur\u00e9e de lecture estim\u00e9e":"10 minutes"},"schema":{"@context":"https:\/\/schema.org","@graph":[{"@type":"Article","@id":"https:\/\/blog.holyart.it\/fr\/articles-religieux\/anneau-episcopal-avec-amethyste-quelle-est-sa-signification\/#article","isPartOf":{"@id":"https:\/\/blog.holyart.it\/fr\/articles-religieux\/anneau-episcopal-avec-amethyste-quelle-est-sa-signification\/"},"author":{"name":"Redazione","@id":"https:\/\/blog.holyart.it\/fr\/#\/schema\/person\/0a7b686e5af0f856ec1e390dd0baecda"},"headline":"Anneau \u00e9piscopal avec am\u00e9thyste: quelle est sa signification","datePublished":"2024-08-19T08:00:07+00:00","dateModified":"2025-06-05T14:06:35+00:00","mainEntityOfPage":{"@id":"https:\/\/blog.holyart.it\/fr\/articles-religieux\/anneau-episcopal-avec-amethyste-quelle-est-sa-signification\/"},"wordCount":1731,"publisher":{"@id":"https:\/\/blog.holyart.it\/fr\/#organization"},"image":{"@id":"https:\/\/blog.holyart.it\/fr\/articles-religieux\/anneau-episcopal-avec-amethyste-quelle-est-sa-signification\/#primaryimage"},"thumbnailUrl":"https:\/\/blog.holyart.it\/fr\/wp-content\/uploads\/sites\/14\/2024\/07\/anneau-apiscopal.jpg","articleSection":["Religion"],"inLanguage":"fr-FR"},{"@type":"WebPage","@id":"https:\/\/blog.holyart.it\/fr\/articles-religieux\/anneau-episcopal-avec-amethyste-quelle-est-sa-signification\/","url":"https:\/\/blog.holyart.it\/fr\/articles-religieux\/anneau-episcopal-avec-amethyste-quelle-est-sa-signification\/","name":"Anneau \u00e9piscopal avec am\u00e9thyste: quelle est sa signification - Holyart.fr Blog","isPartOf":{"@id":"https:\/\/blog.holyart.it\/fr\/#website"},"primaryImageOfPage":{"@id":"https:\/\/blog.holyart.it\/fr\/articles-religieux\/anneau-episcopal-avec-amethyste-quelle-est-sa-signification\/#primaryimage"},"image":{"@id":"https:\/\/blog.holyart.it\/fr\/articles-religieux\/anneau-episcopal-avec-amethyste-quelle-est-sa-signification\/#primaryimage"},"thumbnailUrl":"https:\/\/blog.holyart.it\/fr\/wp-content\/uploads\/sites\/14\/2024\/07\/anneau-apiscopal.jpg","datePublished":"2024-08-19T08:00:07+00:00","dateModified":"2025-06-05T14:06:35+00:00","description":"L\u2019anneau \u00e9piscopal des \u00c9v\u00eaques est serti d\u2019une am\u00e9thyste. Voici comment nait cette tradition et ce que signifie ce bijou port\u00e9 encore de nos jours par les hauts pr\u00e9lats.","breadcrumb":{"@id":"https:\/\/blog.holyart.it\/fr\/articles-religieux\/anneau-episcopal-avec-amethyste-quelle-est-sa-signification\/#breadcrumb"},"inLanguage":"fr-FR","potentialAction":[{"@type":"ReadAction","target":["https:\/\/blog.holyart.it\/fr\/articles-religieux\/anneau-episcopal-avec-amethyste-quelle-est-sa-signification\/"]}]},{"@type":"ImageObject","inLanguage":"fr-FR","@id":"https:\/\/blog.holyart.it\/fr\/articles-religieux\/anneau-episcopal-avec-amethyste-quelle-est-sa-signification\/#primaryimage","url":"https:\/\/blog.holyart.it\/fr\/wp-content\/uploads\/sites\/14\/2024\/07\/anneau-apiscopal.jpg","contentUrl":"https:\/\/blog.holyart.it\/fr\/wp-content\/uploads\/sites\/14\/2024\/07\/anneau-apiscopal.jpg","width":1000,"height":666,"caption":"anneau apiscopal"},{"@type":"BreadcrumbList","@id":"https:\/\/blog.holyart.it\/fr\/articles-religieux\/anneau-episcopal-avec-amethyste-quelle-est-sa-signification\/#breadcrumb","itemListElement":[{"@type":"ListItem","position":1,"name":"Homepage","item":"https:\/\/blog.holyart.it\/fr\/"},{"@type":"ListItem","position":2,"name":"Religion","item":"https:\/\/blog.holyart.it\/fr\/articles-religieux\/"},{"@type":"ListItem","position":3,"name":"Anneau \u00e9piscopal avec am\u00e9thyste: quelle est sa signification"}]},{"@type":"WebSite","@id":"https:\/\/blog.holyart.it\/fr\/#website","url":"https:\/\/blog.holyart.it\/fr\/","name":"Holyart.fr Blog","description":"Holyblog","publisher":{"@id":"https:\/\/blog.holyart.it\/fr\/#organization"},"potentialAction":[{"@type":"SearchAction","target":{"@type":"EntryPoint","urlTemplate":"https:\/\/blog.holyart.it\/fr\/?s={search_term_string}"},"query-input":{"@type":"PropertyValueSpecification","valueRequired":true,"valueName":"search_term_string"}}],"inLanguage":"fr-FR"},{"@type":"Organization","@id":"https:\/\/blog.holyart.it\/fr\/#organization","name":"Holyart.fr Blog","url":"https:\/\/blog.holyart.it\/fr\/","logo":{"@type":"ImageObject","inLanguage":"fr-FR","@id":"https:\/\/blog.holyart.it\/fr\/#\/schema\/logo\/image\/","url":"https:\/\/blog.holyart.it\/fr\/wp-content\/uploads\/sites\/14\/2022\/12\/Holyart_Blog_Logo.jpg","contentUrl":"https:\/\/blog.holyart.it\/fr\/wp-content\/uploads\/sites\/14\/2022\/12\/Holyart_Blog_Logo.jpg","width":300,"height":50,"caption":"Holyart.fr Blog"},"image":{"@id":"https:\/\/blog.holyart.it\/fr\/#\/schema\/logo\/image\/"}},{"@type":"Person","@id":"https:\/\/blog.holyart.it\/fr\/#\/schema\/person\/0a7b686e5af0f856ec1e390dd0baecda","name":"Redazione","image":{"@type":"ImageObject","inLanguage":"fr-FR","@id":"https:\/\/blog.holyart.it\/fr\/#\/schema\/person\/image\/","url":"https:\/\/secure.gravatar.com\/avatar\/f477da817f43e50d0af36abecd33e3edf826c68299714bdc1057dff3b113f516?s=96&d=mm&r=g","contentUrl":"https:\/\/secure.gravatar.com\/avatar\/f477da817f43e50d0af36abecd33e3edf826c68299714bdc1057dff3b113f516?s=96&d=mm&r=g","caption":"Redazione"},"url":"https:\/\/blog.holyart.it\/fr\/author\/admin\/"}]}},"_links":{"self":[{"href":"https:\/\/blog.holyart.it\/fr\/wp-json\/wp\/v2\/posts\/8650","targetHints":{"allow":["GET"]}}],"collection":[{"href":"https:\/\/blog.holyart.it\/fr\/wp-json\/wp\/v2\/posts"}],"about":[{"href":"https:\/\/blog.holyart.it\/fr\/wp-json\/wp\/v2\/types\/post"}],"author":[{"embeddable":true,"href":"https:\/\/blog.holyart.it\/fr\/wp-json\/wp\/v2\/users\/1"}],"replies":[{"embeddable":true,"href":"https:\/\/blog.holyart.it\/fr\/wp-json\/wp\/v2\/comments?post=8650"}],"version-history":[{"count":10,"href":"https:\/\/blog.holyart.it\/fr\/wp-json\/wp\/v2\/posts\/8650\/revisions"}],"predecessor-version":[{"id":8669,"href":"https:\/\/blog.holyart.it\/fr\/wp-json\/wp\/v2\/posts\/8650\/revisions\/8669"}],"wp:featuredmedia":[{"embeddable":true,"href":"https:\/\/blog.holyart.it\/fr\/wp-json\/wp\/v2\/media\/8651"}],"wp:attachment":[{"href":"https:\/\/blog.holyart.it\/fr\/wp-json\/wp\/v2\/media?parent=8650"}],"wp:term":[{"taxonomy":"category","embeddable":true,"href":"https:\/\/blog.holyart.it\/fr\/wp-json\/wp\/v2\/categories?post=8650"},{"taxonomy":"post_tag","embeddable":true,"href":"https:\/\/blog.holyart.it\/fr\/wp-json\/wp\/v2\/tags?post=8650"}],"curies":[{"name":"wp","href":"https:\/\/api.w.org\/{rel}","templated":true}]}}