{"id":8615,"date":"2024-08-07T10:00:18","date_gmt":"2024-08-07T08:00:18","guid":{"rendered":"https:\/\/blog.holyart.it\/fr\/?p=8615"},"modified":"2025-04-01T17:57:32","modified_gmt":"2025-04-01T15:57:32","slug":"ave-maris-stella-linvocation-a-marie-etoile-de-la-mer","status":"publish","type":"post","link":"https:\/\/blog.holyart.it\/fr\/articles-religieux\/ave-maris-stella-linvocation-a-marie-etoile-de-la-mer\/","title":{"rendered":"Ave Maris Stella : l\u2019invocation \u00e0 Marie \u00c9toile de la Mer"},"content":{"rendered":"<h4><em>Ave Maris Stella est une invocation accord\u00e9e \u00e0 Marie \u00c9toile de la Mer, un des titres mariaux les plus anciens. Comment nait cette pri\u00e8re et que signifie-t-elle ?<\/em><\/h4>\n<p>Depuis toujours, la figure de Marie, m\u00e8re de J\u00e9sus-Christ, joue un r\u00f4le central dans la d\u00e9votion et la v\u00e9n\u00e9ration des chr\u00e9tiens. Au cours des si\u00e8cles, les fid\u00e8les se sont adress\u00e9s \u00e0 Elle avec espoir et confiance, en l\u2019invoquant en tant que guide et protectrice dans diff\u00e9rentes situations de vie. Le culte de la Sainte Vierge a toujours accompagn\u00e9 celui de Christ, d\u00e9j\u00e0 dans le Christianisme primitif. Un des <a href=\"https:\/\/www.holyart.fr\/blog\/articles-religieux\/titres-mariaux-combien-et-lesquels-sont-les-noms-dedies-a-marie\/\"><strong>titres les plus anciens et les plus fascinants attribu\u00e9s \u00e0 Marie<\/strong><\/a> est <strong>Marie \u00c9toile de la Mer<\/strong>, qui l\u2019identifie avec une sorte d\u2019<em>\u00e9toile polaire <\/em>pour les chr\u00e9tiens, un guide et un espoir pour ceux qui s\u2019aventurent en mer et, au sens plus large, sur les vagues p\u00e9rilleuses de l\u2019existence. Ce titre rappelle \u00e9galement le concept de <strong><em>Hodigitria<\/em><\/strong>, <em>Notre-Dame du (bon) chemin<\/em>, cher \u00e0 l\u2019iconographie byzantine et russe m\u00e9di\u00e9vale, \u00ab\u00a0Celle qui montre la voie\u00a0\u00bb. Du titre marial \u00c9toile de la Mer nait la magnifique pri\u00e8re <strong>Ave Maris Stella<\/strong>.<\/p>\n<div class=\"link-article\">\n<p><img loading=\"lazy\" decoding=\"async\" class=\"size-full wp-image-8618 alignleft\" src=\"https:\/\/blog.holyart.it\/fr\/wp-content\/uploads\/sites\/14\/2024\/07\/Titres-Mariaux.jpeg\" alt=\"Titres Mariaux\" width=\"150\" height=\"99\" data-kale-share-title=\"Ave Maris Stella : l\u2019invocation \u00e0 Marie \u00c9toile de la Mer\" data-kale-share-url=\"https:\/\/blog.holyart.it\/fr\/?p=8615\" \/><\/p>\n<div class=\"leggi-anche\">Lire aussi :<\/div>\n<p><strong><a href=\"https:\/\/www.holyart.fr\/blog\/articles-religieux\/titres-mariaux-combien-et-lesquels-sont-les-noms-dedies-a-marie\/\">Titres Mariaux : combien et lesquels sont les noms d\u00e9di\u00e9s \u00e0 Marie<\/a><\/strong><br \/>\nTitres Mariaux : toutes les appellations avec lesquelles on v\u00e9n\u00e8re&#8230;<\/p>\n<\/div>\n<p>Comme l\u2019\u00e9toile polaire guide les navigateurs dans les nuits sombres, ainsi Marie \u00c9toile de la Mer est invoqu\u00e9e en tant que <strong>guide spirituel<\/strong> par ceux qui s\u2019aventurent en mer, mais pas seulement. Les marins, les p\u00eacheurs et les voyageurs ont depuis toujours trouv\u00e9 r\u00e9confort et protection dans la <a href=\"https:\/\/www.holyart.fr\/blog\/articles-religieux\/sainte-maria-a-mare-la-vierge-retrouvee-echouee-sur-une-plage\/\"><strong>d\u00e9votion \u00e0 Marie<\/strong><\/a>, en ayant confiance en son <strong>intercession<\/strong> pour une navigation sure et un retour \u00e0 la maison sains et saufs. Sa <strong>pr\u00e9sence lumineuse dans la vie<\/strong> de qui se trouve au milieu des vagues repr\u00e9sente une source constante d\u2019espoir et de confiance. Mais ce sens de protection li\u00e9 \u00e0 la Vierge ne se limite pas uniquement \u00e0 concerner\u00a0 les marins et les voyageurs. <strong>Chaque homme qui se sent \u00e9gar\u00e9 et seul<\/strong> peut s\u2019adresser avec espoir et confiance \u00e0 cette m\u00e8re lumineuse et infiniment aimante, pr\u00eate \u00e0 lui offrir une consolation et un guide vers des ports plus s\u00fbrs. Invoquer Marie en tant qu\u2019\u00c9toile de la Mer signifie se confier \u00e0 son <strong>intercession maternelle<\/strong>, en ayant confiance en sa capacit\u00e9 \u00e0 guider et prot\u00e9ger ceux qui ont confiance en elle dans leur recherche de Christ et dans la lutte contre les adversit\u00e9s du monde.<\/p>\n<div class=\"link-article\">\n<p><img loading=\"lazy\" decoding=\"async\" class=\"size-full wp-image-8619 alignleft\" src=\"https:\/\/blog.holyart.it\/fr\/wp-content\/uploads\/sites\/14\/2024\/07\/Sainte-Maria-a-Mare.jpeg\" alt=\"Sainte Maria a Mare\" width=\"150\" height=\"99\" data-kale-share-title=\"Ave Maris Stella : l\u2019invocation \u00e0 Marie \u00c9toile de la Mer\" data-kale-share-url=\"https:\/\/blog.holyart.it\/fr\/?p=8615\" \/><\/p>\n<div class=\"leggi-anche\">Lire aussi :<\/div>\n<p><strong><a href=\"https:\/\/www.holyart.fr\/blog\/articles-religieux\/sainte-maria-a-mare-la-vierge-retrouvee-echouee-sur-une-plage\/\">Sainte Maria a Mare : la Vierge retrouv\u00e9e \u00e9chou\u00e9e sur une plage<\/a><\/strong><br \/>\nLa d\u00e9votion \u00e0 Santa Maria a Mare nait d\u2019une l\u00e9gende des plus suggestives. D\u00e9couvrons comment elle est c\u00e9l\u00e9br\u00e9e \u00e0 Maiori&#8230;<\/p>\n<\/div>\n<h2>Pourquoi Maris Stella ?<\/h2>\n<p>Le titre <em>\u00c9toile de Mer<\/em> est une image puissante et significative pour la tradition chr\u00e9tienne. Elle poss\u00e8de une origine fascinante et ancienne, li\u00e9e \u00e0 la mer et aux \u00e9toiles. Elle d\u00e9rive, en effet, de l\u2019\u00e9toile <em>Ursae Minoris<\/em>, depuis toujours connue comme <em>Stella Polaris<\/em> ou \u00c9toile du Nord. D\u00e8s l\u2019antiquit\u00e9, cette \u00e9toile tr\u00e8s lumineuse a repr\u00e9sent\u00e9 le point de r\u00e9f\u00e9rence principal pour s\u2019orienter en mer, et cela serait suffisant pour nous faire comprendre pourquoi elle a \u00e9t\u00e9 associ\u00e9e \u00e0 Marie, guide et protectrice des hommes. Et bien, l\u2019attribution de le nom Stella Maris \u00e0 la <a href=\"https:\/\/www.holyart.fr\/articles-religieux\/statues\/statues-en-porcelaine-et-argile\/statue-vierge-immaculee-porcelaine-navel-30-cm\"><strong>Sainte Vierge<\/strong><\/a> nait d\u2019une <strong>erreur de transcription<\/strong> fait par un copiste malavis\u00e9 en train de r\u00e9diger une copie de l\u2019<em>Onomasticon<\/em> d\u2019Eus\u00e8be de C\u00e9sar\u00e9e dans la traduction latine faite par Saint J\u00e9r\u00f4me. Ce dernier, dans son texte, avait d\u00e9fini la Vierge comme <em>stilla maris<\/em>, \u00ab\u00a0goutte de la mer\u00a0\u00bb, en traduisant le nom juif Miryam. Mais le copiste \u00e9crivit \u00ab\u00a0Stella Maris\u00a0\u00bb au lieu de \u00ab\u00a0Stilla Maris\u00a0\u00bb, en cr\u00e9ant, sans le vouloir, un nouveau et titre marial marquant.<\/p>\n<div class=\"link-product\">\n<div class=\"blocco-immagine\"><img loading=\"lazy\" decoding=\"async\" class=\"size-full wp-image-8620 alignleft\" src=\"https:\/\/blog.holyart.it\/fr\/wp-content\/uploads\/sites\/14\/2024\/07\/Statue-Vierge-Immaculee-porcelaine-Navel-30-cm.jpg\" alt=\"Statue Vierge Immacul\u00e9e porcelaine Navel 30 cm\" width=\"100\" height=\"100\" data-kale-share-title=\"Ave Maris Stella : l\u2019invocation \u00e0 Marie \u00c9toile de la Mer\" data-kale-share-url=\"https:\/\/blog.holyart.it\/fr\/?p=8615\" \/><\/div>\n<div class=\"blocco-contenuto\">\n<div class=\"blocco-acquista\">Acheter sur Holyart:<\/div>\n<div class=\"blocco-titolo\"><a href=\"https:\/\/www.holyart.fr\/articles-religieux\/statues\/statues-en-porcelaine-et-argile\/statue-vierge-immaculee-porcelaine-navel-30-cm\">Statue Vierge Immacul\u00e9e porcelaine Navel 30 cm<\/a><\/div>\n<div class=\"blocco-descrizione\">Statue Vierge Immacul\u00e9e porcelaine Navel 30 cm. Statue de la Vierge\u00a0 \u00a0 Immacul\u00e9e en tr\u00e8s fine porcelaine, peinte \u00e0 la main.<\/div>\n<\/div>\n<\/div>\n<p>Au cours des si\u00e8cles qui suivirent, de nombreux th\u00e9ologiens et hommes de foi reprirent l\u2019image de <strong>Marie \u00c9toile de la Mer<\/strong>, en l\u2019identifiant comme un guide capable de conduire quiconque croit et met sa confiance en elle au-del\u00e0 de toute temp\u00eate. Ainsi Saint Paschase Radbert, au IXe si\u00e8cle, et Saint Bernard de Clairvaux au XIIe si\u00e8cle d\u00e9finit un acte de foi et de confiance le fait de s\u2019adresser et faire confiance \u00e0 Marie \u00c9toile de la Mer dans les moments sombres de la vie, quand on est d\u00e9pass\u00e9s par les tentations et\u00a0 l\u2019adversit\u00e9.<\/p>\n<p>Mais m\u00eame dans sa comparaison \u00e0 une \u00e9toile Marie ne perd pas son <strong>humilit\u00e9<\/strong>. Vues de la mer, les \u00e9toiles n\u2019apparaissent que des points lumineux dans le firmament, peu importe combien elles peuvent \u00eatre grandes en r\u00e9alit\u00e9. <a href=\"https:\/\/www.holyart.fr\/blog\/articles-religieux\/les-10-plus-importantes-apparitions-mariales-dans-le-monde\/\"><strong>Marie<\/strong><\/a>, la plus lumineuse de ces petites \u00e9toiles, est une lumi\u00e8re suspendue dans l\u2019Ab\u00eeme, palpitante, lointaine, et pourtant toujours pr\u00e9sente, pour rendre m\u00eame la nuit la plus sombre moins lugubre.<\/p>\n<div class=\"link-article\">\n<p><img loading=\"lazy\" decoding=\"async\" class=\"size-full wp-image-8621 alignleft\" src=\"https:\/\/blog.holyart.it\/fr\/wp-content\/uploads\/sites\/14\/2024\/07\/Les-10-plus-importantes-apparitions-Mariales-dans-le-monde.jpg\" alt=\"Les 10 plus importantes apparitions Mariales dans le monde\" width=\"150\" height=\"99\" data-kale-share-title=\"Ave Maris Stella : l\u2019invocation \u00e0 Marie \u00c9toile de la Mer\" data-kale-share-url=\"https:\/\/blog.holyart.it\/fr\/?p=8615\" \/><\/p>\n<div class=\"leggi-anche\">Lire aussi :<\/div>\n<p><strong><a href=\"https:\/\/www.holyart.fr\/blog\/articles-religieux\/les-10-plus-importantes-apparitions-mariales-dans-le-monde\/\">Les 10 plus importantes apparitions Mariales dans le monde<\/a><\/strong><br \/>\nLes nombreux appellatifs avec lesquels les chr\u00e9tiens s\u2019adressent \u00e0 la Sainte Vierge d\u00e9rivent en bonne partie aussi des nombreuses&#8230;<\/p>\n<\/div>\n<h2>La pri\u00e8re Ave Maris Stella<\/h2>\n<p>L\u2019association du nom de Marie \u00e0 l\u2019\u00e9toile polaire et la d\u00e9votion qui en a d\u00e9coul\u00e9 a amen\u00e9 \u00e0 la naissance d\u2019une des pri\u00e8res mariales les plus anciennes et les plus suggestives de tous les temps : <em>Ave Maris Stella<\/em>, \u00ab\u00a0Salut, \u00c9toile de la Mer\u00a0\u00bb. Elle remonte \u00e0 titre indicatif au VIIe si\u00e8cle et repr\u00e9sente un hymne de louange et de d\u00e9votion \u00e0 la Vierge Marie, et une invitation aux croyants \u00e0 s\u2019adresser \u00e0 Elle en tant que guide lumineux et consolateur dans les d\u00e9fis de la vie.<\/p>\n<p>L\u2019origine de la pri\u00e8re est incertaine, attribu\u00e9e \u00e0 Venance Fortunat, \u00e9v\u00eaque de Poitiers (530-607 environ), ou \u00e0 Paul Diacre, ou peut-\u00eatre \u00e0 Robert II ou \u00e0 Saint Bernard, mais elle \u00e9tait d\u00e9j\u00e0 mentionn\u00e9e dans le <em>Codex Sangallensis<\/em> conserv\u00e9 dans l\u2019Abbaye de Saint-Gall.<\/p>\n<p>La pri\u00e8re est \u00e0 tous les effets un po\u00e8me compos\u00e9 par sept quatrains accentu\u00e9s, sans rimes. Pendant des si\u00e8cles, elle a \u00e9t\u00e9 partie int\u00e9grante de l\u2019Office Divin, de l\u2019Office de la Bienheureuse Vierge Marie et des V\u00eapres. Dans l\u2019antienne initiale, on s\u2019adresse \u00e0 Marie, en \u00e9voquant <a href=\"https:\/\/www.holyart.fr\/occasions-speciales\/creche-de-paques\/scene-de-lannonciation-a-marie-avec-archange-gabriel-9-cm\"><strong>la salutation de l\u2019archange Gabriel<\/strong><\/a> au moment de l\u2019Annonciation, en l\u2019appelant \u00c9toile de la Mer, M\u00e8re de Dieu, toujours Vierge et <em>porte du ciel<\/em>, en la reconnaissant comme guide et point de r\u00e9f\u00e9rence\u00a0:<\/p>\n<p><em>Ave maris stella,<\/em><br \/>\n<em>Dei Mater alma<\/em><br \/>\n<em>atque semper virgo<\/em><br \/>\n<em>felix coeli porta.<\/em><\/p>\n<div class=\"link-product\">\n<div class=\"blocco-immagine\"><img loading=\"lazy\" decoding=\"async\" class=\"size-full wp-image-8622 alignleft\" src=\"https:\/\/blog.holyart.it\/fr\/wp-content\/uploads\/sites\/14\/2024\/07\/Scene-de-lAnnonciation-a-Marie-avec-Archange-Gabriel-9-cm.jpg\" alt=\"Sc\u00e8ne de l'Annonciation \u00e0 Marie avec Archange Gabriel 9 cm \" width=\"100\" height=\"100\" data-kale-share-title=\"Ave Maris Stella : l\u2019invocation \u00e0 Marie \u00c9toile de la Mer\" data-kale-share-url=\"https:\/\/blog.holyart.it\/fr\/?p=8615\" \/><\/div>\n<div class=\"blocco-contenuto\">\n<div class=\"blocco-acquista\">Acheter sur Holyart:<\/div>\n<div class=\"blocco-titolo\"><a href=\"https:\/\/www.holyart.fr\/occasions-speciales\/creche-de-paques\/scene-de-lannonciation-a-marie-avec-archange-gabriel-9-cm\">Sc\u00e8ne de l&rsquo;Annonciation \u00e0 Marie avec Archange Gabriel 9 cm <\/a><\/div>\n<div class=\"blocco-descrizione\">Sc\u00e8ne de l&rsquo;Annonciation \u00e0 Marie avec Archange Gabriel 9 cm. Santons pour\u00a0 \u00a0 sc\u00e8ne de la vie de Christ, r\u00e9alis\u00e9 en r\u00e9sine.<\/div>\n<\/div>\n<\/div>\n<p>Les strophes suivantes contiennent des <strong>requ\u00eates directes \u00e0 la Vierge Marie pour obtenir son intercession maternelle<\/strong>, afin qu\u2019elle apporte la lumi\u00e8re \u00e0 ceux qui sont dans le noir de la vie\u00a0:<\/p>\n<p><em>Rompez les liens des p\u00e9cheurs,<br \/>\nrendez la lumi\u00e8re aux aveugles,<\/em><br \/>\n<em>\u00e9loignez de nous les maux,<\/em><br \/>\n<em>obtenez-nous tous les biens.<\/em><\/p>\n<p>On demande \u00e9galement \u00e0 la Vierge de garder ses enfants <strong>innocents, purs et humbles de c\u0153ur\u00a0<\/strong>:<\/p>\n<p><em>Vierge sans \u00e9gale,<\/em><br \/>\n<em>douce entre tous,<\/em><br \/>\n<em>quand nous serons lib\u00e9r\u00e9s de nos fautes,<\/em><br \/>\n<em>rendez-nous doux et chastes.<\/em><\/p>\n<p>La pri\u00e8re culmine et se conclut avec un <strong>hymne de louange \u00e0 la<\/strong> <a href=\"https:\/\/www.holyart.fr\/articles-religieux\/icones-religieuses\/icones-grecques\/sainte-trinite-de-rublev\"><strong>Tr\u00e8s-Sainte Trinit\u00e9<\/strong><\/a> : \u00e0 Dieu P\u00e8re, au Fils et au Saint-Esprit :<\/p>\n<p><em>Louange \u00e0 Dieu le P\u00e8re,<\/em><br \/>\n<em>Gloire au Christ Roi,<\/em><br \/>\n<em>et \u00e0 l\u2019Esprit Saint,<\/em><br \/>\n<em>\u00e0 la Trinit\u00e9 enti\u00e8re un seul hommage.<\/em><\/p>\n<p>Souvent utilis\u00e9e comme texte pour le <strong>chant gr\u00e9gorien<\/strong>, la pri\u00e8re Ave Maris Stella a \u00e9t\u00e9 reprise par de nombreux compositeurs connus au cours des si\u00e8cles et mise en musique en tant qu\u2019hymne sacr\u00e9e. L\u2019Acadie, petite r\u00e9gion de l\u2019Am\u00e9rique du Nord sur la c\u00f4te de l\u2019Oc\u00e9an Atlantique, en a choisi une version modifi\u00e9e en tant qu\u2019hymne national.<\/p>\n","protected":false},"excerpt":{"rendered":"<p>Ave Maris Stella est une invocation accord\u00e9e \u00e0 Marie \u00c9toile de la Mer, un des titres mariaux les plus anciens. Comment nait cette pri\u00e8re et que signifie-t-elle ? Depuis toujours, la figure de Marie, m\u00e8re de J\u00e9sus-Christ, joue un r\u00f4le central dans la d\u00e9votion et&hellip;<\/p>\n","protected":false},"author":1,"featured_media":8617,"comment_status":"closed","ping_status":"open","sticky":false,"template":"","format":"standard","meta":{"_acf_changed":false,"footnotes":""},"categories":[8],"tags":[],"class_list":["post-8615","post","type-post","status-publish","format-standard","has-post-thumbnail","hentry","category-articles-religieux"],"acf":[],"yoast_head":"<!-- This site is optimized with the Yoast SEO plugin v26.6 - https:\/\/yoast.com\/wordpress\/plugins\/seo\/ -->\n<title>Ave Maris Stella : l\u2019invocation \u00e0 Marie \u00c9toile de la Mer - Holyart.fr Blog<\/title>\n<meta name=\"description\" content=\"Avec l\u2019ancienne pri\u00e8re Ave Maris Stella on s\u2019adresse \u00e0 la Vierge Marie en tant qu\u2019\u00c9toile Polaire, capable de conduire ceux qui se remettent \u00e0 elle, m\u00eame dans la nuit la plus sombre.\" \/>\n<meta name=\"robots\" content=\"index, follow, max-snippet:-1, max-image-preview:large, max-video-preview:-1\" \/>\n<link rel=\"canonical\" href=\"https:\/\/blog.holyart.it\/fr\/articles-religieux\/ave-maris-stella-linvocation-a-marie-etoile-de-la-mer\/\" \/>\n<meta property=\"og:locale\" content=\"fr_FR\" \/>\n<meta property=\"og:type\" content=\"article\" \/>\n<meta property=\"og:title\" content=\"Ave Maris Stella : l\u2019invocation \u00e0 Marie \u00c9toile de la Mer - Holyart.fr Blog\" \/>\n<meta property=\"og:description\" content=\"Avec l\u2019ancienne pri\u00e8re Ave Maris Stella on s\u2019adresse \u00e0 la Vierge Marie en tant qu\u2019\u00c9toile Polaire, capable de conduire ceux qui se remettent \u00e0 elle, m\u00eame dans la nuit la plus sombre.\" \/>\n<meta property=\"og:url\" content=\"https:\/\/blog.holyart.it\/fr\/articles-religieux\/ave-maris-stella-linvocation-a-marie-etoile-de-la-mer\/\" \/>\n<meta property=\"og:site_name\" content=\"Holyart.fr Blog\" \/>\n<meta property=\"article:published_time\" content=\"2024-08-07T08:00:18+00:00\" \/>\n<meta property=\"article:modified_time\" content=\"2025-04-01T15:57:32+00:00\" \/>\n<meta property=\"og:image\" content=\"https:\/\/blog.holyart.it\/fr\/wp-content\/uploads\/sites\/14\/2024\/07\/Ave-Maris-Stella.jpg\" \/>\n\t<meta property=\"og:image:width\" content=\"1000\" \/>\n\t<meta property=\"og:image:height\" content=\"666\" \/>\n\t<meta property=\"og:image:type\" content=\"image\/jpeg\" \/>\n<meta name=\"author\" content=\"Redazione\" \/>\n<meta name=\"twitter:card\" content=\"summary_large_image\" \/>\n<meta name=\"twitter:label1\" content=\"\u00c9crit par\" \/>\n\t<meta name=\"twitter:data1\" content=\"Redazione\" \/>\n\t<meta name=\"twitter:label2\" content=\"Dur\u00e9e de lecture estim\u00e9e\" \/>\n\t<meta name=\"twitter:data2\" content=\"8 minutes\" \/>\n<script type=\"application\/ld+json\" class=\"yoast-schema-graph\">{\"@context\":\"https:\/\/schema.org\",\"@graph\":[{\"@type\":\"Article\",\"@id\":\"https:\/\/blog.holyart.it\/fr\/articles-religieux\/ave-maris-stella-linvocation-a-marie-etoile-de-la-mer\/#article\",\"isPartOf\":{\"@id\":\"https:\/\/blog.holyart.it\/fr\/articles-religieux\/ave-maris-stella-linvocation-a-marie-etoile-de-la-mer\/\"},\"author\":{\"name\":\"Redazione\",\"@id\":\"https:\/\/blog.holyart.it\/fr\/#\/schema\/person\/0a7b686e5af0f856ec1e390dd0baecda\"},\"headline\":\"Ave Maris Stella : l\u2019invocation \u00e0 Marie \u00c9toile de la Mer\",\"datePublished\":\"2024-08-07T08:00:18+00:00\",\"dateModified\":\"2025-04-01T15:57:32+00:00\",\"mainEntityOfPage\":{\"@id\":\"https:\/\/blog.holyart.it\/fr\/articles-religieux\/ave-maris-stella-linvocation-a-marie-etoile-de-la-mer\/\"},\"wordCount\":1400,\"publisher\":{\"@id\":\"https:\/\/blog.holyart.it\/fr\/#organization\"},\"image\":{\"@id\":\"https:\/\/blog.holyart.it\/fr\/articles-religieux\/ave-maris-stella-linvocation-a-marie-etoile-de-la-mer\/#primaryimage\"},\"thumbnailUrl\":\"https:\/\/blog.holyart.it\/fr\/wp-content\/uploads\/sites\/14\/2024\/07\/Ave-Maris-Stella.jpg\",\"articleSection\":[\"Religion\"],\"inLanguage\":\"fr-FR\"},{\"@type\":\"WebPage\",\"@id\":\"https:\/\/blog.holyart.it\/fr\/articles-religieux\/ave-maris-stella-linvocation-a-marie-etoile-de-la-mer\/\",\"url\":\"https:\/\/blog.holyart.it\/fr\/articles-religieux\/ave-maris-stella-linvocation-a-marie-etoile-de-la-mer\/\",\"name\":\"Ave Maris Stella : l\u2019invocation \u00e0 Marie \u00c9toile de la Mer - Holyart.fr Blog\",\"isPartOf\":{\"@id\":\"https:\/\/blog.holyart.it\/fr\/#website\"},\"primaryImageOfPage\":{\"@id\":\"https:\/\/blog.holyart.it\/fr\/articles-religieux\/ave-maris-stella-linvocation-a-marie-etoile-de-la-mer\/#primaryimage\"},\"image\":{\"@id\":\"https:\/\/blog.holyart.it\/fr\/articles-religieux\/ave-maris-stella-linvocation-a-marie-etoile-de-la-mer\/#primaryimage\"},\"thumbnailUrl\":\"https:\/\/blog.holyart.it\/fr\/wp-content\/uploads\/sites\/14\/2024\/07\/Ave-Maris-Stella.jpg\",\"datePublished\":\"2024-08-07T08:00:18+00:00\",\"dateModified\":\"2025-04-01T15:57:32+00:00\",\"description\":\"Avec l\u2019ancienne pri\u00e8re Ave Maris Stella on s\u2019adresse \u00e0 la Vierge Marie en tant qu\u2019\u00c9toile Polaire, capable de conduire ceux qui se remettent \u00e0 elle, m\u00eame dans la nuit la plus sombre.\",\"breadcrumb\":{\"@id\":\"https:\/\/blog.holyart.it\/fr\/articles-religieux\/ave-maris-stella-linvocation-a-marie-etoile-de-la-mer\/#breadcrumb\"},\"inLanguage\":\"fr-FR\",\"potentialAction\":[{\"@type\":\"ReadAction\",\"target\":[\"https:\/\/blog.holyart.it\/fr\/articles-religieux\/ave-maris-stella-linvocation-a-marie-etoile-de-la-mer\/\"]}]},{\"@type\":\"ImageObject\",\"inLanguage\":\"fr-FR\",\"@id\":\"https:\/\/blog.holyart.it\/fr\/articles-religieux\/ave-maris-stella-linvocation-a-marie-etoile-de-la-mer\/#primaryimage\",\"url\":\"https:\/\/blog.holyart.it\/fr\/wp-content\/uploads\/sites\/14\/2024\/07\/Ave-Maris-Stella.jpg\",\"contentUrl\":\"https:\/\/blog.holyart.it\/fr\/wp-content\/uploads\/sites\/14\/2024\/07\/Ave-Maris-Stella.jpg\",\"width\":1000,\"height\":666,\"caption\":\"Ave Maris Stella\"},{\"@type\":\"BreadcrumbList\",\"@id\":\"https:\/\/blog.holyart.it\/fr\/articles-religieux\/ave-maris-stella-linvocation-a-marie-etoile-de-la-mer\/#breadcrumb\",\"itemListElement\":[{\"@type\":\"ListItem\",\"position\":1,\"name\":\"Homepage\",\"item\":\"https:\/\/blog.holyart.it\/fr\/\"},{\"@type\":\"ListItem\",\"position\":2,\"name\":\"Religion\",\"item\":\"https:\/\/blog.holyart.it\/fr\/articles-religieux\/\"},{\"@type\":\"ListItem\",\"position\":3,\"name\":\"Ave Maris Stella : l\u2019invocation \u00e0 Marie \u00c9toile de la Mer\"}]},{\"@type\":\"WebSite\",\"@id\":\"https:\/\/blog.holyart.it\/fr\/#website\",\"url\":\"https:\/\/blog.holyart.it\/fr\/\",\"name\":\"Holyart.fr Blog\",\"description\":\"Holyblog\",\"publisher\":{\"@id\":\"https:\/\/blog.holyart.it\/fr\/#organization\"},\"potentialAction\":[{\"@type\":\"SearchAction\",\"target\":{\"@type\":\"EntryPoint\",\"urlTemplate\":\"https:\/\/blog.holyart.it\/fr\/?s={search_term_string}\"},\"query-input\":{\"@type\":\"PropertyValueSpecification\",\"valueRequired\":true,\"valueName\":\"search_term_string\"}}],\"inLanguage\":\"fr-FR\"},{\"@type\":\"Organization\",\"@id\":\"https:\/\/blog.holyart.it\/fr\/#organization\",\"name\":\"Holyart.fr Blog\",\"url\":\"https:\/\/blog.holyart.it\/fr\/\",\"logo\":{\"@type\":\"ImageObject\",\"inLanguage\":\"fr-FR\",\"@id\":\"https:\/\/blog.holyart.it\/fr\/#\/schema\/logo\/image\/\",\"url\":\"https:\/\/blog.holyart.it\/fr\/wp-content\/uploads\/sites\/14\/2022\/12\/Holyart_Blog_Logo.jpg\",\"contentUrl\":\"https:\/\/blog.holyart.it\/fr\/wp-content\/uploads\/sites\/14\/2022\/12\/Holyart_Blog_Logo.jpg\",\"width\":300,\"height\":50,\"caption\":\"Holyart.fr Blog\"},\"image\":{\"@id\":\"https:\/\/blog.holyart.it\/fr\/#\/schema\/logo\/image\/\"}},{\"@type\":\"Person\",\"@id\":\"https:\/\/blog.holyart.it\/fr\/#\/schema\/person\/0a7b686e5af0f856ec1e390dd0baecda\",\"name\":\"Redazione\",\"image\":{\"@type\":\"ImageObject\",\"inLanguage\":\"fr-FR\",\"@id\":\"https:\/\/blog.holyart.it\/fr\/#\/schema\/person\/image\/\",\"url\":\"https:\/\/secure.gravatar.com\/avatar\/f477da817f43e50d0af36abecd33e3edf826c68299714bdc1057dff3b113f516?s=96&d=mm&r=g\",\"contentUrl\":\"https:\/\/secure.gravatar.com\/avatar\/f477da817f43e50d0af36abecd33e3edf826c68299714bdc1057dff3b113f516?s=96&d=mm&r=g\",\"caption\":\"Redazione\"},\"url\":\"https:\/\/blog.holyart.it\/fr\/author\/admin\/\"}]}<\/script>\n<!-- \/ Yoast SEO plugin. -->","yoast_head_json":{"title":"Ave Maris Stella : l\u2019invocation \u00e0 Marie \u00c9toile de la Mer - Holyart.fr Blog","description":"Avec l\u2019ancienne pri\u00e8re Ave Maris Stella on s\u2019adresse \u00e0 la Vierge Marie en tant qu\u2019\u00c9toile Polaire, capable de conduire ceux qui se remettent \u00e0 elle, m\u00eame dans la nuit la plus sombre.","robots":{"index":"index","follow":"follow","max-snippet":"max-snippet:-1","max-image-preview":"max-image-preview:large","max-video-preview":"max-video-preview:-1"},"canonical":"https:\/\/blog.holyart.it\/fr\/articles-religieux\/ave-maris-stella-linvocation-a-marie-etoile-de-la-mer\/","og_locale":"fr_FR","og_type":"article","og_title":"Ave Maris Stella : l\u2019invocation \u00e0 Marie \u00c9toile de la Mer - Holyart.fr Blog","og_description":"Avec l\u2019ancienne pri\u00e8re Ave Maris Stella on s\u2019adresse \u00e0 la Vierge Marie en tant qu\u2019\u00c9toile Polaire, capable de conduire ceux qui se remettent \u00e0 elle, m\u00eame dans la nuit la plus sombre.","og_url":"https:\/\/blog.holyart.it\/fr\/articles-religieux\/ave-maris-stella-linvocation-a-marie-etoile-de-la-mer\/","og_site_name":"Holyart.fr Blog","article_published_time":"2024-08-07T08:00:18+00:00","article_modified_time":"2025-04-01T15:57:32+00:00","og_image":[{"width":1000,"height":666,"url":"https:\/\/blog.holyart.it\/fr\/wp-content\/uploads\/sites\/14\/2024\/07\/Ave-Maris-Stella.jpg","type":"image\/jpeg"}],"author":"Redazione","twitter_card":"summary_large_image","twitter_misc":{"\u00c9crit par":"Redazione","Dur\u00e9e de lecture estim\u00e9e":"8 minutes"},"schema":{"@context":"https:\/\/schema.org","@graph":[{"@type":"Article","@id":"https:\/\/blog.holyart.it\/fr\/articles-religieux\/ave-maris-stella-linvocation-a-marie-etoile-de-la-mer\/#article","isPartOf":{"@id":"https:\/\/blog.holyart.it\/fr\/articles-religieux\/ave-maris-stella-linvocation-a-marie-etoile-de-la-mer\/"},"author":{"name":"Redazione","@id":"https:\/\/blog.holyart.it\/fr\/#\/schema\/person\/0a7b686e5af0f856ec1e390dd0baecda"},"headline":"Ave Maris Stella : l\u2019invocation \u00e0 Marie \u00c9toile de la Mer","datePublished":"2024-08-07T08:00:18+00:00","dateModified":"2025-04-01T15:57:32+00:00","mainEntityOfPage":{"@id":"https:\/\/blog.holyart.it\/fr\/articles-religieux\/ave-maris-stella-linvocation-a-marie-etoile-de-la-mer\/"},"wordCount":1400,"publisher":{"@id":"https:\/\/blog.holyart.it\/fr\/#organization"},"image":{"@id":"https:\/\/blog.holyart.it\/fr\/articles-religieux\/ave-maris-stella-linvocation-a-marie-etoile-de-la-mer\/#primaryimage"},"thumbnailUrl":"https:\/\/blog.holyart.it\/fr\/wp-content\/uploads\/sites\/14\/2024\/07\/Ave-Maris-Stella.jpg","articleSection":["Religion"],"inLanguage":"fr-FR"},{"@type":"WebPage","@id":"https:\/\/blog.holyart.it\/fr\/articles-religieux\/ave-maris-stella-linvocation-a-marie-etoile-de-la-mer\/","url":"https:\/\/blog.holyart.it\/fr\/articles-religieux\/ave-maris-stella-linvocation-a-marie-etoile-de-la-mer\/","name":"Ave Maris Stella : l\u2019invocation \u00e0 Marie \u00c9toile de la Mer - Holyart.fr Blog","isPartOf":{"@id":"https:\/\/blog.holyart.it\/fr\/#website"},"primaryImageOfPage":{"@id":"https:\/\/blog.holyart.it\/fr\/articles-religieux\/ave-maris-stella-linvocation-a-marie-etoile-de-la-mer\/#primaryimage"},"image":{"@id":"https:\/\/blog.holyart.it\/fr\/articles-religieux\/ave-maris-stella-linvocation-a-marie-etoile-de-la-mer\/#primaryimage"},"thumbnailUrl":"https:\/\/blog.holyart.it\/fr\/wp-content\/uploads\/sites\/14\/2024\/07\/Ave-Maris-Stella.jpg","datePublished":"2024-08-07T08:00:18+00:00","dateModified":"2025-04-01T15:57:32+00:00","description":"Avec l\u2019ancienne pri\u00e8re Ave Maris Stella on s\u2019adresse \u00e0 la Vierge Marie en tant qu\u2019\u00c9toile Polaire, capable de conduire ceux qui se remettent \u00e0 elle, m\u00eame dans la nuit la plus sombre.","breadcrumb":{"@id":"https:\/\/blog.holyart.it\/fr\/articles-religieux\/ave-maris-stella-linvocation-a-marie-etoile-de-la-mer\/#breadcrumb"},"inLanguage":"fr-FR","potentialAction":[{"@type":"ReadAction","target":["https:\/\/blog.holyart.it\/fr\/articles-religieux\/ave-maris-stella-linvocation-a-marie-etoile-de-la-mer\/"]}]},{"@type":"ImageObject","inLanguage":"fr-FR","@id":"https:\/\/blog.holyart.it\/fr\/articles-religieux\/ave-maris-stella-linvocation-a-marie-etoile-de-la-mer\/#primaryimage","url":"https:\/\/blog.holyart.it\/fr\/wp-content\/uploads\/sites\/14\/2024\/07\/Ave-Maris-Stella.jpg","contentUrl":"https:\/\/blog.holyart.it\/fr\/wp-content\/uploads\/sites\/14\/2024\/07\/Ave-Maris-Stella.jpg","width":1000,"height":666,"caption":"Ave Maris Stella"},{"@type":"BreadcrumbList","@id":"https:\/\/blog.holyart.it\/fr\/articles-religieux\/ave-maris-stella-linvocation-a-marie-etoile-de-la-mer\/#breadcrumb","itemListElement":[{"@type":"ListItem","position":1,"name":"Homepage","item":"https:\/\/blog.holyart.it\/fr\/"},{"@type":"ListItem","position":2,"name":"Religion","item":"https:\/\/blog.holyart.it\/fr\/articles-religieux\/"},{"@type":"ListItem","position":3,"name":"Ave Maris Stella : l\u2019invocation \u00e0 Marie \u00c9toile de la Mer"}]},{"@type":"WebSite","@id":"https:\/\/blog.holyart.it\/fr\/#website","url":"https:\/\/blog.holyart.it\/fr\/","name":"Holyart.fr Blog","description":"Holyblog","publisher":{"@id":"https:\/\/blog.holyart.it\/fr\/#organization"},"potentialAction":[{"@type":"SearchAction","target":{"@type":"EntryPoint","urlTemplate":"https:\/\/blog.holyart.it\/fr\/?s={search_term_string}"},"query-input":{"@type":"PropertyValueSpecification","valueRequired":true,"valueName":"search_term_string"}}],"inLanguage":"fr-FR"},{"@type":"Organization","@id":"https:\/\/blog.holyart.it\/fr\/#organization","name":"Holyart.fr Blog","url":"https:\/\/blog.holyart.it\/fr\/","logo":{"@type":"ImageObject","inLanguage":"fr-FR","@id":"https:\/\/blog.holyart.it\/fr\/#\/schema\/logo\/image\/","url":"https:\/\/blog.holyart.it\/fr\/wp-content\/uploads\/sites\/14\/2022\/12\/Holyart_Blog_Logo.jpg","contentUrl":"https:\/\/blog.holyart.it\/fr\/wp-content\/uploads\/sites\/14\/2022\/12\/Holyart_Blog_Logo.jpg","width":300,"height":50,"caption":"Holyart.fr Blog"},"image":{"@id":"https:\/\/blog.holyart.it\/fr\/#\/schema\/logo\/image\/"}},{"@type":"Person","@id":"https:\/\/blog.holyart.it\/fr\/#\/schema\/person\/0a7b686e5af0f856ec1e390dd0baecda","name":"Redazione","image":{"@type":"ImageObject","inLanguage":"fr-FR","@id":"https:\/\/blog.holyart.it\/fr\/#\/schema\/person\/image\/","url":"https:\/\/secure.gravatar.com\/avatar\/f477da817f43e50d0af36abecd33e3edf826c68299714bdc1057dff3b113f516?s=96&d=mm&r=g","contentUrl":"https:\/\/secure.gravatar.com\/avatar\/f477da817f43e50d0af36abecd33e3edf826c68299714bdc1057dff3b113f516?s=96&d=mm&r=g","caption":"Redazione"},"url":"https:\/\/blog.holyart.it\/fr\/author\/admin\/"}]}},"_links":{"self":[{"href":"https:\/\/blog.holyart.it\/fr\/wp-json\/wp\/v2\/posts\/8615","targetHints":{"allow":["GET"]}}],"collection":[{"href":"https:\/\/blog.holyart.it\/fr\/wp-json\/wp\/v2\/posts"}],"about":[{"href":"https:\/\/blog.holyart.it\/fr\/wp-json\/wp\/v2\/types\/post"}],"author":[{"embeddable":true,"href":"https:\/\/blog.holyart.it\/fr\/wp-json\/wp\/v2\/users\/1"}],"replies":[{"embeddable":true,"href":"https:\/\/blog.holyart.it\/fr\/wp-json\/wp\/v2\/comments?post=8615"}],"version-history":[{"count":3,"href":"https:\/\/blog.holyart.it\/fr\/wp-json\/wp\/v2\/posts\/8615\/revisions"}],"predecessor-version":[{"id":8624,"href":"https:\/\/blog.holyart.it\/fr\/wp-json\/wp\/v2\/posts\/8615\/revisions\/8624"}],"wp:featuredmedia":[{"embeddable":true,"href":"https:\/\/blog.holyart.it\/fr\/wp-json\/wp\/v2\/media\/8617"}],"wp:attachment":[{"href":"https:\/\/blog.holyart.it\/fr\/wp-json\/wp\/v2\/media?parent=8615"}],"wp:term":[{"taxonomy":"category","embeddable":true,"href":"https:\/\/blog.holyart.it\/fr\/wp-json\/wp\/v2\/categories?post=8615"},{"taxonomy":"post_tag","embeddable":true,"href":"https:\/\/blog.holyart.it\/fr\/wp-json\/wp\/v2\/tags?post=8615"}],"curies":[{"name":"wp","href":"https:\/\/api.w.org\/{rel}","templated":true}]}}