{"id":8573,"date":"2024-07-29T10:00:44","date_gmt":"2024-07-29T08:00:44","guid":{"rendered":"https:\/\/blog.holyart.it\/fr\/?p=8573"},"modified":"2026-03-02T15:57:01","modified_gmt":"2026-03-02T14:57:01","slug":"les-symboles-des-evangelistes-et-leur-signification","status":"publish","type":"post","link":"https:\/\/blog.holyart.it\/fr\/articles-religieux\/les-symboles-des-evangelistes-et-leur-signification\/","title":{"rendered":"Les symboles des \u00e9vang\u00e9listes et leur signification"},"content":{"rendered":"<h4><em>Homme ail\u00e9, b\u0153uf, lion et aigle. Les symboles des \u00c9vang\u00e9listes traversent l\u2019histoire de l\u2019art sacr\u00e9 et de la th\u00e9ologie depuis des si\u00e8cles. Voici comment ils sont n\u00e9s et pourquoi ils leur ont \u00e9t\u00e9 attribu\u00e9s.<\/em><\/h4>\n\n<p>Avec <strong>t\u00e9tramorphe<\/strong>, terme d\u2019origine grecque qui depuis la nuit des temps indique une repr\u00e9sentation iconographique compos\u00e9e de quatre figures ou \u00e9l\u00e9ments, on indique une image compos\u00e9e de quatre symboles attribuables aux quatre \u00e9vang\u00e9listes : un <strong>homme ail\u00e9<\/strong> (\u00c9vangile de Matthieu), un <strong>lion<\/strong> (\u00c9vangile de Marc), un <strong>taureau<\/strong> ou veau (\u00c9vangile de Luc) et un <strong>aigle<\/strong> (\u00c9vangile de Jean). Le premier \u00e0 d\u00e9finir ceux qui seraient devenus les <a href=\"https:\/\/www.holyart.fr\/accessoires-pour-la-liturgie\/vetements-liturgiques-et-linges-dautel\/voiles-de-lutrin\/voile-de-lutrin-4-evangelistes\"><strong>symboles des \u00c9vang\u00e9listes<\/strong><\/a> a \u00e9t\u00e9 <strong>Ir\u00e9n\u00e9e de Lyon<\/strong>. \u00c9v\u00eaque et th\u00e9ologien, P\u00e8re de l\u2019\u00c9glise, il interpr\u00e9ta la vision d\u00e9crite par le Proph\u00e8te juif <strong>\u00c9z\u00e9chiel<\/strong> dans l\u2019Ancien Testament (\u00c9z\u00e9chiel 1,10), pendant la d\u00e9portation \u00e0 Babylonie en 593 av. J.-C. \u00c9z\u00e9chiel raconta avoir vu un grand nuage entour\u00e9 d\u2019\u00e9clairs et, au milieu de ce nuage, quatre cr\u00e9atures, dot\u00e9es de quatre ailes. <strong>Une des figures avait visage d\u2019homme, une de lion, une de veau et la derni\u00e8re d\u2019aigle<\/strong>, et ils se tenaient aux pieds du Tr\u00f4ne de Dieu, qu\u2019elles contribuaient probablement \u00e0 bouger gr\u00e2ce aux roues plac\u00e9es \u00e0 c\u00f4t\u00e9 de chacun d\u2019elles.<\/p>\n<div class=\"link-product\">\n<div class=\"blocco-immagine\"><img loading=\"lazy\" decoding=\"async\" class=\"size-full wp-image-8577 alignleft\" src=\"https:\/\/blog.holyart.it\/fr\/wp-content\/uploads\/sites\/14\/2024\/07\/Voile-de-lutrin-4-evangelistes.jpg\" alt=\"Voile de lutrin 4 \u00e9vang\u00e9listes\" width=\"100\" height=\"100\" data-kale-share-title=\"Les symboles des \u00e9vang\u00e9listes et leur signification\" data-kale-share-url=\"https:\/\/blog.holyart.it\/fr\/?p=8573\" \/><\/div>\n<div class=\"blocco-contenuto\">\n<div class=\"blocco-acquista\">Acheter sur Holyart:<\/div>\n<div class=\"blocco-titolo\"><a href=\"https:\/\/www.holyart.fr\/accessoires-pour-la-liturgie\/vetements-liturgiques-et-linges-dautel\/voiles-de-lutrin\/voile-de-lutrin-4-evangelistes\">Voile de lutrin 4 \u00e9vang\u00e9listes<\/a><\/div>\n<div class=\"blocco-descrizione\">Les broderies sur le tissu sont r\u00e9alis\u00e9es par les ma\u00eetres au tissage avec m\u00e9tier Jacquard.<\/div>\n<\/div>\n<\/div>\n<p>Saint Ir\u00e9n\u00e9e, dans son \u0153uvre <em>Adversus Haereses, <\/em>introduisit l\u2019id\u00e9e d\u2019un <strong>\u00c9vangile t\u00e9tramorphe<\/strong>, ou quadriforme. Pour lui, les quatre \u00eatres ail\u00e9s vus par \u00c9z\u00e9chiel sont identifiables comme les s\u00e9raphins qui selon <strong>\u00c9sa\u00efe<\/strong> (\u00c9sa\u00efe 6,3) occupent les sommets des hi\u00e9rarchies ang\u00e9liques, mais symbolisent \u00e9galement les <strong>quatre \u00c9vangiles canoniques<\/strong>, v\u00e9ritables piliers spirituels de l\u2019\u00c9glise et du monde entier. \u00c0 chaque \u00c9vang\u00e9liste, Saint Ir\u00e9n\u00e9e attribue un <strong>symbole sp\u00e9cifique<\/strong>, en faisant \u00e9galement r\u00e9f\u00e9rence \u00e0 l\u2019<strong>Apocalypse <\/strong>(Apocalypse 4,6-8) o\u00f9 sont encore d\u00e9crites les \u00ab\u00a0<em>quatre \u00eatres vivants remplis d\u2019yeux devant et derri\u00e8re\u00a0<\/em>\u00bb, plac\u00e9s aux pieds du Tr\u00f4ne de Dieu, \u00ab\u00a0<em>le premier \u00eatre vivant est semblable \u00e0 un <strong>lion<\/strong>, le second \u00eatre vivant est semblable \u00e0 un <strong>veau<\/strong>, le troisi\u00e8me \u00eatre vivant a la face d\u2019un <strong>homme<\/strong>, et le quatri\u00e8me \u00eatre vivant est semblable \u00e0 un <strong>aigle<\/strong> <strong>qui<\/strong> <strong>vole<\/strong><\/em>\u00a0\u00bb.<\/p>\n<p>Chacun des <a href=\"https:\/\/www.holyart.fr\/blog\/articles-religieux\/quatre-evangiles-de-religion-chretienne\/\"><strong>quatre \u00c9vangiles<\/strong><\/a> se concentre sur un <strong>aspect particulier de la figure de Christ<\/strong>\u00a0:<\/p>\n<ul>\n<li><a href=\"https:\/\/www.holyart.fr\/blog\/saints-et-bienheureux\/saint-matthieu-apotre-evangeliste-et-martyr\/\"><strong><em>\u00c9vangile de Matthieu<\/em><\/strong><\/a> (homme, ou ange) : Son <strong>Incarnation<\/strong> ;<\/li>\n<li><em>\u00c9vangile de Marc<\/em> (lion) : Sa puissance victorieuse (la <strong>R\u00e9surrection<\/strong>) ;<\/li>\n<li><em>\u00c9vangile de Luc<\/em> (taureau, veau) : Son sacrifice (la <strong>Passion<\/strong>) ;<\/li>\n<li><em>\u00c9vangile de Jean<\/em> (aigle) : l\u2019effusion du <strong>Saint-Esprit<\/strong> (la Pentec\u00f4te).<\/li>\n<\/ul>\n<div class=\"link-article\">\n<p><img loading=\"lazy\" decoding=\"async\" class=\"size-full wp-image-8578 alignleft\" src=\"https:\/\/blog.holyart.it\/fr\/wp-content\/uploads\/sites\/14\/2024\/07\/Saint-Matthieu.jpg\" alt=\"Saint Matthieu\" width=\"150\" height=\"99\" data-kale-share-title=\"Les symboles des \u00e9vang\u00e9listes et leur signification\" data-kale-share-url=\"https:\/\/blog.holyart.it\/fr\/?p=8573\" \/><\/p>\n<div class=\"leggi-anche\">Lire aussi :<\/div>\n<p><strong><a href=\"https:\/\/www.holyart.fr\/blog\/saints-et-bienheureux\/saint-matthieu-apotre-evangeliste-et-martyr\/\">Saint Matthieu, ap\u00f4tre, \u00e9vang\u00e9liste et martyr<\/a><\/strong><br \/>\nLe 21 septembre on f\u00eate Saint Matthieu \u00e9vang\u00e9liste, ap\u00f4tre et martyr. Qui \u00e9tait-il et comment est-il&#8230;<\/p>\n<\/div>\n<p>Selon Ir\u00e9n\u00e9e, d\u00e9j\u00e0 \u00e0 partir du <strong>prologue<\/strong> des \u00c9vangiles respectifs, il est possible de d\u00e9duire le symbole de chaque \u00c9vang\u00e9liste, le pivot du quadruple message \u00e9vang\u00e9lique et l\u2019aspect particulier de Christ sur lequel on se focalise dans ce texte.<\/p>\n<p><strong>Saint J\u00e9r\u00f4me<\/strong> aussi r\u00e9cup\u00e8re le symbolisme d\u00e9duit par Ir\u00e9n\u00e9e en l\u2019appliquant non seulement aux quatre aspects de la figure de J\u00e9sus, mais aussi aux <strong>quatre phases de Sa vie mortelle<\/strong>. Selon J\u00e9r\u00f4me, Christ :<\/p>\n<ul>\n<li>naquit homme (<strong>Incarnation<\/strong>, homme ail\u00e9, <em>\u00c9vangile de Matthieu<\/em>)\u00a0;<\/li>\n<li>mourut comme un veau sacrificiel (<strong>Passion<\/strong>, taureau, veau, <em>\u00c9vangile de Luc<\/em>)\u00a0;<\/li>\n<li>ressuscita de la mort avec la force d\u2019un lion (<strong>R\u00e9surrection<\/strong>, lion, <em>\u00c9vangile de Marc<\/em>)\u00a0;<\/li>\n<li>vola au Ciel comme un aigle (<strong>Ascension<\/strong>, aigle, <em>\u00c9vangile de Jean<\/em>).<\/li>\n<\/ul>\n<p>Au cours des si\u00e8cles, d\u2019autres \u00e9rudits et hommes de Foi ont pris en examen les \u00e9vang\u00e9listes et leurs symboles, en d\u00e9finissant diff\u00e9rentes s\u00e9quences et combinaisons entre eux. De fait, le <strong>t\u00e9tramorphe<\/strong>, type de repr\u00e9sentation iconographique compos\u00e9e de quatre \u00e9l\u00e9ments, d\u00e9j\u00e0 pr\u00e9sent dans le symbolisme d\u2019origine moyen-orientale (il suffit de penser aux esprits protecteurs de garde devant les palais royaux babyloniens), a \u00e9t\u00e9 largement utilis\u00e9 dans l\u2019<a href=\"https:\/\/www.holyart.fr\/articles-religieux\/icones-religieuses\"><strong>iconographie chr\u00e9tienne et dans l\u2019art sacr\u00e9<\/strong><\/a>.<\/p>\n<div class=\"link-product\">\n<div class=\"blocco-immagine\"><img loading=\"lazy\" decoding=\"async\" class=\"size-full wp-image-8579 alignleft\" src=\"https:\/\/blog.holyart.it\/fr\/wp-content\/uploads\/sites\/14\/2024\/07\/Icone-St.-Luc-evangeliste-ovale.jpg\" alt=\"Ic\u00f4ne St. Luc \u00e9vang\u00e9liste, ovale\" width=\"100\" height=\"100\" data-kale-share-title=\"Les symboles des \u00e9vang\u00e9listes et leur signification\" data-kale-share-url=\"https:\/\/blog.holyart.it\/fr\/?p=8573\" \/><\/div>\n<div class=\"blocco-contenuto\">\n<div class=\"blocco-acquista\">Acheter sur Holyart:<\/div>\n<div class=\"blocco-titolo\"><a href=\"https:\/\/www.holyart.fr\/articles-religieux\/icones-religieuses\/icones-roumaines-peintes\/icone-st.-luc-evangeliste-ovale\">Ic\u00f4ne St. Luc \u00e9vang\u00e9liste, ovale<\/a><\/div>\n<div class=\"blocco-descrizione\">Ic\u00f4ne de St. Luc \u00e9vangile, dimension ovale.<\/div>\n<\/div>\n<\/div>\n<p>Mais pas seulement. Les symboles des 4 \u00e9vang\u00e9listes d\u00e9terminent \u00e9galement l\u2019<strong>ordre<\/strong> avec lequel les \u00c9vangiles sont pr\u00e9sent\u00e9, soit-il dans les codes anciens ou dans les \u00e9ditions modernes de la <strong>Bible<\/strong>, qui suivent l\u2019ordre codifi\u00e9 par \u00c9z\u00e9chiel\u00a0: homme (Matthieu), lion (Marc), b\u0153uf (Luc), aigle (Jean).<\/p>\n<h2>Saint Matthieu l\u2019\u00c9vang\u00e9liste<\/h2>\n<p>L\u2019<a href=\"https:\/\/www.holyart.fr\/articles-religieux\/statues\/statues-en-bois-peint\/saint-matthieu-bois-colore-tunique-bleue-or-rouge\"><strong>\u00c9vangile de Matthieu<\/strong><\/a> s\u2019ouvre avec la liste des <strong>anc\u00eatres de J\u00e9sus<\/strong>, une liste d\u2019hommes, donc, suivie du r\u00e9cit de la naissance de J\u00e9sus et de Son enfance. Selon certains experts de la Bible, il aurait \u00e9t\u00e9 le premier \u00e0 avoir \u00e9t\u00e9 \u00e9crit et aurait servi d\u2019inspiration pour les \u00e9vangiles de Marc et Luc, tandis que selon d\u2019autres il est bas\u00e9 en grande partie sur l\u2019\u00c9vangile selon Marc.<\/p>\n<p>Ce qui est certain est que l\u2019Evang\u00e9liste Matthieu s\u2019est longuement attard\u00e9 <a href=\"https:\/\/www.holyart.fr\/blog\/articles-religieux\/les-annees-perdues-de-la-vie-de-jesus\/\"><strong>sur la vie de J\u00e9sus Homme<\/strong><\/a>, en partant de Sa g\u00e9n\u00e9alogie et en mettant en relief Son histoire humaine. Pour cette raison il est associ\u00e9 \u00e0 la figure du t\u00e9tramorphe avec le <strong>visage d\u2019homme<\/strong>, ou ange, o\u00f9 l\u2019ange symbolise d\u00e9j\u00e0 en soi l\u2019union entre l\u2019aspect humain et la nature supraterrestre.<\/p>\n<div class=\"link-product\">\n<div class=\"blocco-immagine\"><img loading=\"lazy\" decoding=\"async\" class=\"size-full wp-image-8580 alignleft\" src=\"https:\/\/blog.holyart.it\/fr\/wp-content\/uploads\/sites\/14\/2024\/07\/Saint-Matthieu-bois-colore-tunique-bleue-or-rouge.jpg\" alt=\"Saint Matthieu bois color\u00e9 tunique bleue or rouge \" width=\"100\" height=\"100\" data-kale-share-title=\"Les symboles des \u00e9vang\u00e9listes et leur signification\" data-kale-share-url=\"https:\/\/blog.holyart.it\/fr\/?p=8573\" \/><\/div>\n<div class=\"blocco-contenuto\">\n<div class=\"blocco-acquista\">Acheter sur Holyart:<\/div>\n<div class=\"blocco-titolo\"><a href=\"https:\/\/www.holyart.fr\/articles-religieux\/statues\/statues-en-bois-peint\/saint-matthieu-bois-colore-tunique-bleue-or-rouge\">Saint Matthieu bois color\u00e9 tunique bleue or rouge<\/a><\/div>\n<div class=\"blocco-descrizione\">Saint Matthieu bois color\u00e9 tunique bleue or rouge.<\/div>\n<\/div>\n<\/div>\n<h2>Saint Marc l\u2019\u00c9vang\u00e9liste<\/h2>\n<p>L\u2019\u00c9vangile de Marc commence par contre avec <a href=\"https:\/\/www.holyart.fr\/blog\/saints-et-bienheureux\/24-juin-saint-jean-le-baptiste\/\"><strong>Jean le Baptiste<\/strong><\/a>, celui qui se charge de la mission de pr\u00e9parer l\u2019arriv\u00e9e du Messie. V\u00eatus de peaux d\u2019animaux, profond\u00e9ment investi dans son r\u00f4le, il est facile d\u2019imaginer Jean le Baptiste comme un <strong>lion<\/strong> \u00e0 la voix puissante comme un rugissement, qui annonce que le Temps est proche. Dans le Moyen \u00c2ge, le lion \u00e9tait symbole de justice. Sa t\u00eate majestueuse indiquait la nature divine, le corps et les pattes celle humaine. <a href=\"https:\/\/www.holyart.fr\/articles-religieux\/statues\/statues-en-resine-et-pvc\/saint-marc-evangeliste-30-cm-statue-en-resine\"><strong>Marc l\u2019\u00c9vang\u00e9liste<\/strong><\/a> n\u00e9glige l\u2019enfance de J\u00e9sus, mais s\u2019attarde beaucoup sur la Passion et de nombreuses \u0153uvres d\u2019art relatives \u00e0 cet \u00e9pisode ont \u00e9t\u00e9 inspir\u00e9es par son \u00c9vangile.<\/p>\n<div class=\"link-product\">\n<div class=\"blocco-immagine\"><img loading=\"lazy\" decoding=\"async\" class=\"size-full wp-image-8581 alignleft\" src=\"https:\/\/blog.holyart.it\/fr\/wp-content\/uploads\/sites\/14\/2024\/07\/Saint-Marc-Evangeliste-30-cm-statue-en-resine.jpg\" alt=\"Saint Marc \u00c9vang\u00e9liste 30 cm statue en r\u00e9sine \" width=\"100\" height=\"100\" data-kale-share-title=\"Les symboles des \u00e9vang\u00e9listes et leur signification\" data-kale-share-url=\"https:\/\/blog.holyart.it\/fr\/?p=8573\" \/><\/div>\n<div class=\"blocco-contenuto\">\n<div class=\"blocco-acquista\">Acheter sur Holyart:<\/div>\n<div class=\"blocco-titolo\"><a href=\"https:\/\/www.holyart.fr\/articles-religieux\/statues\/statues-en-resine-et-pvc\/saint-marc-evangeliste-30-cm-statue-en-resine\">Saint Marc \u00c9vang\u00e9liste 30 cm statue en r\u00e9sine <\/a><\/div>\n<div class=\"blocco-descrizione\">Statue de Saint Marc \u00c9vang\u00e9liste en r\u00e9sine, enti\u00e8rement peinte \u00e0 la main et soign\u00e9e dans le moindre d\u00e9tail.<\/div>\n<\/div>\n<\/div>\n<h2>Saint Luc l\u2019\u00c9vang\u00e9liste<\/h2>\n<p>L\u2019<strong>\u00c9vangile de Luc <\/strong>s\u2019ouvre avec un sacrifice : Zacharie, mari d\u2019\u00c9lisabeth, une parente de la Vierge Marie, sacrifie <strong>un b\u0153uf<\/strong> \u00e0 Dieu. Il a ensuite une vision dans laquelle on lui r\u00e9v\u00e8le que sa femme sera m\u00e8re d\u2019un enfant, auquel ils donneront le nom de Jean. Cet enfant deviendra le Baptiste.<\/p>\n<p>D\u00e8s le d\u00e9but, nous comprenons comment <a href=\"https:\/\/www.holyart.fr\/accessoires-pour-la-liturgie\/vetements-liturgiques-et-linges-dautel\/voiles-de-lutrin\/voile-de-lutrin-saint-luc-evangeliste-couleur-ivoire-coton-lurex\"><strong>Luc l\u2019\u00c9vang\u00e9liste<\/strong><\/a> focalise son attention sur le th\u00e8me du sacrifice, non seulement celui de Christ, mais aussi de Marie, sur l\u2019histoire de laquelle Luc s\u2019attarde longuement.<\/p>\n<div class=\"link-product\">\n<div class=\"blocco-immagine\"><img loading=\"lazy\" decoding=\"async\" class=\"size-full wp-image-8583 alignleft\" src=\"https:\/\/blog.holyart.it\/fr\/wp-content\/uploads\/sites\/14\/2024\/07\/voile-de-lutrin-saint-luc-evangeliste-couleur-ivoire-coton-lurex.jpg\" alt=\"voile de lutrin saint luc evangeliste couleur ivoire coton lurex\" width=\"100\" height=\"100\" data-kale-share-title=\"Les symboles des \u00e9vang\u00e9listes et leur signification\" data-kale-share-url=\"https:\/\/blog.holyart.it\/fr\/?p=8573\" \/><\/div>\n<div class=\"blocco-contenuto\">\n<div class=\"blocco-acquista\">Acheter sur Holyart:<\/div>\n<div class=\"blocco-titolo\"><a href=\"https:\/\/www.holyart.fr\/accessoires-pour-la-liturgie\/vetements-liturgiques-et-linges-dautel\/voiles-de-lutrin\/voile-de-lutrin-saint-luc-evangeliste-couleur-ivoire-coton-lurex\">Voile de lutrin Saint Luc \u00c9vang\u00e9liste couleur ivoire coton lurex<\/a><\/div>\n<div class=\"blocco-descrizione\">Voile de lutrin en tissu brod\u00e9 d\u00e9di\u00e9 \u00e0 Saint Luc \u00c9vang\u00e9liste, repr\u00e9sent\u00e9 avec une feuille en main.<\/div>\n<\/div>\n<\/div>\n<h2>Saint Jean l\u2019\u00c9vang\u00e9liste<\/h2>\n<p>Dans l\u2019<a href=\"https:\/\/www.holyart.fr\/blog\/articles-religieux\/le-disciple-bien-aime-qui-etait-le-disciple-prefere-de-jesus\/\"><strong>\u00c9vangile de Jean<\/strong><\/a>, nous pouvons d\u00e9duire pourquoi cet \u00c9vang\u00e9liste \u00e9tait le pr\u00e9f\u00e9r\u00e9 de J\u00e9sus parmi les ap\u00f4tres qui le suivaient. Texte profond\u00e9ment mystique, son \u00c9vangile est envelopp\u00e9 de <strong>spiritualit\u00e9<\/strong>, peu li\u00e9 aux vicissitudes humaines, mais plut\u00f4t \u00e0 leur signification plus profonde et religieuse. D\u00e9j\u00e0 dans le prologue de son \u00c9vangile Jean s\u2019attarde sur le concept de Verbe, la Parole de Dieu, capable de chasser les t\u00e9n\u00e8bres. On croyait que l\u2019<strong>aigle<\/strong> pouvait fixer le soleil sans en \u00eatre aveugl\u00e9 et, pour cette raison, \u00e0 Saint Jean, qui voulut fixer Dieu en profondeur, a \u00e9t\u00e9 attribu\u00e9 ce symbole.<\/p>\n<div class=\"link-article\">\n<p><img loading=\"lazy\" decoding=\"async\" class=\"size-full wp-image-8584 alignleft\" src=\"https:\/\/blog.holyart.it\/fr\/wp-content\/uploads\/sites\/14\/2024\/07\/apotre-Jean.jpeg\" alt=\"ap\u00f4tre Jean\" width=\"150\" height=\"99\" data-kale-share-title=\"Les symboles des \u00e9vang\u00e9listes et leur signification\" data-kale-share-url=\"https:\/\/blog.holyart.it\/fr\/?p=8573\" \/><\/p>\n<div class=\"leggi-anche\">Lire aussi :<\/div>\n<p><strong><a href=\"https:\/\/www.holyart.fr\/blog\/articles-religieux\/le-disciple-bien-aime-qui-etait-le-disciple-prefere-de-jesus\/\">Le disciple bien-aim\u00e9 : qui \u00e9tait le disciple \u00ab pr\u00e9f\u00e9r\u00e9 \u00bb de J\u00e9sus<\/a><\/strong><br \/>\nJean, le disciple bien-aim\u00e9 de J\u00e9sus. P\u00eacheur, comme les fr\u00e8res Simon Pierre et Andr\u00e9, avait un rapport sp\u00e9cial avec Christ&#8230;<\/p>\n<\/div>\n","protected":false},"excerpt":{"rendered":"<p>Homme ail\u00e9, b\u0153uf, lion et aigle. Les symboles des \u00c9vang\u00e9listes traversent l\u2019histoire de l\u2019art sacr\u00e9 et de la th\u00e9ologie depuis des si\u00e8cles. Voici comment ils sont n\u00e9s et pourquoi ils leur ont \u00e9t\u00e9 attribu\u00e9s. Avec t\u00e9tramorphe, terme d\u2019origine grecque qui depuis la nuit des temps&hellip;<\/p>\n","protected":false},"author":1,"featured_media":8586,"comment_status":"closed","ping_status":"open","sticky":false,"template":"","format":"standard","meta":{"_acf_changed":false,"footnotes":""},"categories":[8],"tags":[],"class_list":["post-8573","post","type-post","status-publish","format-standard","has-post-thumbnail","hentry","category-articles-religieux"],"acf":[],"yoast_head":"<!-- This site is optimized with the Yoast SEO plugin v26.6 - https:\/\/yoast.com\/wordpress\/plugins\/seo\/ -->\n<title>Les symboles des \u00e9vang\u00e9listes et leur signification - Holyart.fr Blog<\/title>\n<meta name=\"description\" content=\"Les symboles des \u00c9vang\u00e9listes traversent l\u2019histoire de l\u2019art sacr\u00e9 et de la th\u00e9ologie. Voici comment sont n\u00e9s et pourquoi ils leur ont \u00e9t\u00e9 attribu\u00e9s.\" \/>\n<meta name=\"robots\" content=\"index, follow, max-snippet:-1, max-image-preview:large, max-video-preview:-1\" \/>\n<link rel=\"canonical\" href=\"https:\/\/blog.holyart.it\/fr\/articles-religieux\/les-symboles-des-evangelistes-et-leur-signification\/\" \/>\n<meta property=\"og:locale\" content=\"fr_FR\" \/>\n<meta property=\"og:type\" content=\"article\" \/>\n<meta property=\"og:title\" content=\"Les symboles des \u00e9vang\u00e9listes et leur signification - Holyart.fr Blog\" \/>\n<meta property=\"og:description\" content=\"Les symboles des \u00c9vang\u00e9listes traversent l\u2019histoire de l\u2019art sacr\u00e9 et de la th\u00e9ologie. Voici comment sont n\u00e9s et pourquoi ils leur ont \u00e9t\u00e9 attribu\u00e9s.\" \/>\n<meta property=\"og:url\" content=\"https:\/\/blog.holyart.it\/fr\/articles-religieux\/les-symboles-des-evangelistes-et-leur-signification\/\" \/>\n<meta property=\"og:site_name\" content=\"Holyart.fr Blog\" \/>\n<meta property=\"article:published_time\" content=\"2024-07-29T08:00:44+00:00\" \/>\n<meta property=\"article:modified_time\" content=\"2026-03-02T14:57:01+00:00\" \/>\n<meta property=\"og:image\" content=\"https:\/\/blog.holyart.it\/fr\/wp-content\/uploads\/sites\/14\/2024\/07\/Les-symboles-des-evangelistes.jpg\" \/>\n\t<meta property=\"og:image:width\" content=\"1000\" \/>\n\t<meta property=\"og:image:height\" content=\"666\" \/>\n\t<meta property=\"og:image:type\" content=\"image\/jpeg\" \/>\n<meta name=\"author\" content=\"Redazione\" \/>\n<meta name=\"twitter:card\" content=\"summary_large_image\" \/>\n<meta name=\"twitter:label1\" content=\"\u00c9crit par\" \/>\n\t<meta name=\"twitter:data1\" content=\"Redazione\" \/>\n\t<meta name=\"twitter:label2\" content=\"Dur\u00e9e de lecture estim\u00e9e\" \/>\n\t<meta name=\"twitter:data2\" content=\"8 minutes\" \/>\n<script type=\"application\/ld+json\" class=\"yoast-schema-graph\">{\"@context\":\"https:\/\/schema.org\",\"@graph\":[{\"@type\":\"Article\",\"@id\":\"https:\/\/blog.holyart.it\/fr\/articles-religieux\/les-symboles-des-evangelistes-et-leur-signification\/#article\",\"isPartOf\":{\"@id\":\"https:\/\/blog.holyart.it\/fr\/articles-religieux\/les-symboles-des-evangelistes-et-leur-signification\/\"},\"author\":{\"name\":\"Redazione\",\"@id\":\"https:\/\/blog.holyart.it\/fr\/#\/schema\/person\/0a7b686e5af0f856ec1e390dd0baecda\"},\"headline\":\"Les symboles des \u00e9vang\u00e9listes et leur signification\",\"datePublished\":\"2024-07-29T08:00:44+00:00\",\"dateModified\":\"2026-03-02T14:57:01+00:00\",\"mainEntityOfPage\":{\"@id\":\"https:\/\/blog.holyart.it\/fr\/articles-religieux\/les-symboles-des-evangelistes-et-leur-signification\/\"},\"wordCount\":1419,\"publisher\":{\"@id\":\"https:\/\/blog.holyart.it\/fr\/#organization\"},\"image\":{\"@id\":\"https:\/\/blog.holyart.it\/fr\/articles-religieux\/les-symboles-des-evangelistes-et-leur-signification\/#primaryimage\"},\"thumbnailUrl\":\"https:\/\/blog.holyart.it\/fr\/wp-content\/uploads\/sites\/14\/2024\/07\/Les-symboles-des-evangelistes.jpg\",\"articleSection\":[\"Religion\"],\"inLanguage\":\"fr-FR\"},{\"@type\":\"WebPage\",\"@id\":\"https:\/\/blog.holyart.it\/fr\/articles-religieux\/les-symboles-des-evangelistes-et-leur-signification\/\",\"url\":\"https:\/\/blog.holyart.it\/fr\/articles-religieux\/les-symboles-des-evangelistes-et-leur-signification\/\",\"name\":\"Les symboles des \u00e9vang\u00e9listes et leur signification - Holyart.fr Blog\",\"isPartOf\":{\"@id\":\"https:\/\/blog.holyart.it\/fr\/#website\"},\"primaryImageOfPage\":{\"@id\":\"https:\/\/blog.holyart.it\/fr\/articles-religieux\/les-symboles-des-evangelistes-et-leur-signification\/#primaryimage\"},\"image\":{\"@id\":\"https:\/\/blog.holyart.it\/fr\/articles-religieux\/les-symboles-des-evangelistes-et-leur-signification\/#primaryimage\"},\"thumbnailUrl\":\"https:\/\/blog.holyart.it\/fr\/wp-content\/uploads\/sites\/14\/2024\/07\/Les-symboles-des-evangelistes.jpg\",\"datePublished\":\"2024-07-29T08:00:44+00:00\",\"dateModified\":\"2026-03-02T14:57:01+00:00\",\"description\":\"Les symboles des \u00c9vang\u00e9listes traversent l\u2019histoire de l\u2019art sacr\u00e9 et de la th\u00e9ologie. Voici comment sont n\u00e9s et pourquoi ils leur ont \u00e9t\u00e9 attribu\u00e9s.\",\"breadcrumb\":{\"@id\":\"https:\/\/blog.holyart.it\/fr\/articles-religieux\/les-symboles-des-evangelistes-et-leur-signification\/#breadcrumb\"},\"inLanguage\":\"fr-FR\",\"potentialAction\":[{\"@type\":\"ReadAction\",\"target\":[\"https:\/\/blog.holyart.it\/fr\/articles-religieux\/les-symboles-des-evangelistes-et-leur-signification\/\"]}]},{\"@type\":\"ImageObject\",\"inLanguage\":\"fr-FR\",\"@id\":\"https:\/\/blog.holyart.it\/fr\/articles-religieux\/les-symboles-des-evangelistes-et-leur-signification\/#primaryimage\",\"url\":\"https:\/\/blog.holyart.it\/fr\/wp-content\/uploads\/sites\/14\/2024\/07\/Les-symboles-des-evangelistes.jpg\",\"contentUrl\":\"https:\/\/blog.holyart.it\/fr\/wp-content\/uploads\/sites\/14\/2024\/07\/Les-symboles-des-evangelistes.jpg\",\"width\":1000,\"height\":666,\"caption\":\"Les symboles des \u00e9vang\u00e9listes\"},{\"@type\":\"BreadcrumbList\",\"@id\":\"https:\/\/blog.holyart.it\/fr\/articles-religieux\/les-symboles-des-evangelistes-et-leur-signification\/#breadcrumb\",\"itemListElement\":[{\"@type\":\"ListItem\",\"position\":1,\"name\":\"Homepage\",\"item\":\"https:\/\/blog.holyart.it\/fr\/\"},{\"@type\":\"ListItem\",\"position\":2,\"name\":\"Religion\",\"item\":\"https:\/\/blog.holyart.it\/fr\/articles-religieux\/\"},{\"@type\":\"ListItem\",\"position\":3,\"name\":\"Les symboles des \u00e9vang\u00e9listes et leur signification\"}]},{\"@type\":\"WebSite\",\"@id\":\"https:\/\/blog.holyart.it\/fr\/#website\",\"url\":\"https:\/\/blog.holyart.it\/fr\/\",\"name\":\"Holyart.fr Blog\",\"description\":\"Holyblog\",\"publisher\":{\"@id\":\"https:\/\/blog.holyart.it\/fr\/#organization\"},\"potentialAction\":[{\"@type\":\"SearchAction\",\"target\":{\"@type\":\"EntryPoint\",\"urlTemplate\":\"https:\/\/blog.holyart.it\/fr\/?s={search_term_string}\"},\"query-input\":{\"@type\":\"PropertyValueSpecification\",\"valueRequired\":true,\"valueName\":\"search_term_string\"}}],\"inLanguage\":\"fr-FR\"},{\"@type\":\"Organization\",\"@id\":\"https:\/\/blog.holyart.it\/fr\/#organization\",\"name\":\"Holyart.fr Blog\",\"url\":\"https:\/\/blog.holyart.it\/fr\/\",\"logo\":{\"@type\":\"ImageObject\",\"inLanguage\":\"fr-FR\",\"@id\":\"https:\/\/blog.holyart.it\/fr\/#\/schema\/logo\/image\/\",\"url\":\"https:\/\/blog.holyart.it\/fr\/wp-content\/uploads\/sites\/14\/2022\/12\/Holyart_Blog_Logo.jpg\",\"contentUrl\":\"https:\/\/blog.holyart.it\/fr\/wp-content\/uploads\/sites\/14\/2022\/12\/Holyart_Blog_Logo.jpg\",\"width\":300,\"height\":50,\"caption\":\"Holyart.fr Blog\"},\"image\":{\"@id\":\"https:\/\/blog.holyart.it\/fr\/#\/schema\/logo\/image\/\"}},{\"@type\":\"Person\",\"@id\":\"https:\/\/blog.holyart.it\/fr\/#\/schema\/person\/0a7b686e5af0f856ec1e390dd0baecda\",\"name\":\"Redazione\",\"image\":{\"@type\":\"ImageObject\",\"inLanguage\":\"fr-FR\",\"@id\":\"https:\/\/blog.holyart.it\/fr\/#\/schema\/person\/image\/\",\"url\":\"https:\/\/secure.gravatar.com\/avatar\/f477da817f43e50d0af36abecd33e3edf826c68299714bdc1057dff3b113f516?s=96&d=mm&r=g\",\"contentUrl\":\"https:\/\/secure.gravatar.com\/avatar\/f477da817f43e50d0af36abecd33e3edf826c68299714bdc1057dff3b113f516?s=96&d=mm&r=g\",\"caption\":\"Redazione\"},\"url\":\"https:\/\/blog.holyart.it\/fr\/author\/admin\/\"}]}<\/script>\n<!-- \/ Yoast SEO plugin. -->","yoast_head_json":{"title":"Les symboles des \u00e9vang\u00e9listes et leur signification - Holyart.fr Blog","description":"Les symboles des \u00c9vang\u00e9listes traversent l\u2019histoire de l\u2019art sacr\u00e9 et de la th\u00e9ologie. Voici comment sont n\u00e9s et pourquoi ils leur ont \u00e9t\u00e9 attribu\u00e9s.","robots":{"index":"index","follow":"follow","max-snippet":"max-snippet:-1","max-image-preview":"max-image-preview:large","max-video-preview":"max-video-preview:-1"},"canonical":"https:\/\/blog.holyart.it\/fr\/articles-religieux\/les-symboles-des-evangelistes-et-leur-signification\/","og_locale":"fr_FR","og_type":"article","og_title":"Les symboles des \u00e9vang\u00e9listes et leur signification - Holyart.fr Blog","og_description":"Les symboles des \u00c9vang\u00e9listes traversent l\u2019histoire de l\u2019art sacr\u00e9 et de la th\u00e9ologie. Voici comment sont n\u00e9s et pourquoi ils leur ont \u00e9t\u00e9 attribu\u00e9s.","og_url":"https:\/\/blog.holyart.it\/fr\/articles-religieux\/les-symboles-des-evangelistes-et-leur-signification\/","og_site_name":"Holyart.fr Blog","article_published_time":"2024-07-29T08:00:44+00:00","article_modified_time":"2026-03-02T14:57:01+00:00","og_image":[{"width":1000,"height":666,"url":"https:\/\/blog.holyart.it\/fr\/wp-content\/uploads\/sites\/14\/2024\/07\/Les-symboles-des-evangelistes.jpg","type":"image\/jpeg"}],"author":"Redazione","twitter_card":"summary_large_image","twitter_misc":{"\u00c9crit par":"Redazione","Dur\u00e9e de lecture estim\u00e9e":"8 minutes"},"schema":{"@context":"https:\/\/schema.org","@graph":[{"@type":"Article","@id":"https:\/\/blog.holyart.it\/fr\/articles-religieux\/les-symboles-des-evangelistes-et-leur-signification\/#article","isPartOf":{"@id":"https:\/\/blog.holyart.it\/fr\/articles-religieux\/les-symboles-des-evangelistes-et-leur-signification\/"},"author":{"name":"Redazione","@id":"https:\/\/blog.holyart.it\/fr\/#\/schema\/person\/0a7b686e5af0f856ec1e390dd0baecda"},"headline":"Les symboles des \u00e9vang\u00e9listes et leur signification","datePublished":"2024-07-29T08:00:44+00:00","dateModified":"2026-03-02T14:57:01+00:00","mainEntityOfPage":{"@id":"https:\/\/blog.holyart.it\/fr\/articles-religieux\/les-symboles-des-evangelistes-et-leur-signification\/"},"wordCount":1419,"publisher":{"@id":"https:\/\/blog.holyart.it\/fr\/#organization"},"image":{"@id":"https:\/\/blog.holyart.it\/fr\/articles-religieux\/les-symboles-des-evangelistes-et-leur-signification\/#primaryimage"},"thumbnailUrl":"https:\/\/blog.holyart.it\/fr\/wp-content\/uploads\/sites\/14\/2024\/07\/Les-symboles-des-evangelistes.jpg","articleSection":["Religion"],"inLanguage":"fr-FR"},{"@type":"WebPage","@id":"https:\/\/blog.holyart.it\/fr\/articles-religieux\/les-symboles-des-evangelistes-et-leur-signification\/","url":"https:\/\/blog.holyart.it\/fr\/articles-religieux\/les-symboles-des-evangelistes-et-leur-signification\/","name":"Les symboles des \u00e9vang\u00e9listes et leur signification - Holyart.fr Blog","isPartOf":{"@id":"https:\/\/blog.holyart.it\/fr\/#website"},"primaryImageOfPage":{"@id":"https:\/\/blog.holyart.it\/fr\/articles-religieux\/les-symboles-des-evangelistes-et-leur-signification\/#primaryimage"},"image":{"@id":"https:\/\/blog.holyart.it\/fr\/articles-religieux\/les-symboles-des-evangelistes-et-leur-signification\/#primaryimage"},"thumbnailUrl":"https:\/\/blog.holyart.it\/fr\/wp-content\/uploads\/sites\/14\/2024\/07\/Les-symboles-des-evangelistes.jpg","datePublished":"2024-07-29T08:00:44+00:00","dateModified":"2026-03-02T14:57:01+00:00","description":"Les symboles des \u00c9vang\u00e9listes traversent l\u2019histoire de l\u2019art sacr\u00e9 et de la th\u00e9ologie. Voici comment sont n\u00e9s et pourquoi ils leur ont \u00e9t\u00e9 attribu\u00e9s.","breadcrumb":{"@id":"https:\/\/blog.holyart.it\/fr\/articles-religieux\/les-symboles-des-evangelistes-et-leur-signification\/#breadcrumb"},"inLanguage":"fr-FR","potentialAction":[{"@type":"ReadAction","target":["https:\/\/blog.holyart.it\/fr\/articles-religieux\/les-symboles-des-evangelistes-et-leur-signification\/"]}]},{"@type":"ImageObject","inLanguage":"fr-FR","@id":"https:\/\/blog.holyart.it\/fr\/articles-religieux\/les-symboles-des-evangelistes-et-leur-signification\/#primaryimage","url":"https:\/\/blog.holyart.it\/fr\/wp-content\/uploads\/sites\/14\/2024\/07\/Les-symboles-des-evangelistes.jpg","contentUrl":"https:\/\/blog.holyart.it\/fr\/wp-content\/uploads\/sites\/14\/2024\/07\/Les-symboles-des-evangelistes.jpg","width":1000,"height":666,"caption":"Les symboles des \u00e9vang\u00e9listes"},{"@type":"BreadcrumbList","@id":"https:\/\/blog.holyart.it\/fr\/articles-religieux\/les-symboles-des-evangelistes-et-leur-signification\/#breadcrumb","itemListElement":[{"@type":"ListItem","position":1,"name":"Homepage","item":"https:\/\/blog.holyart.it\/fr\/"},{"@type":"ListItem","position":2,"name":"Religion","item":"https:\/\/blog.holyart.it\/fr\/articles-religieux\/"},{"@type":"ListItem","position":3,"name":"Les symboles des \u00e9vang\u00e9listes et leur signification"}]},{"@type":"WebSite","@id":"https:\/\/blog.holyart.it\/fr\/#website","url":"https:\/\/blog.holyart.it\/fr\/","name":"Holyart.fr Blog","description":"Holyblog","publisher":{"@id":"https:\/\/blog.holyart.it\/fr\/#organization"},"potentialAction":[{"@type":"SearchAction","target":{"@type":"EntryPoint","urlTemplate":"https:\/\/blog.holyart.it\/fr\/?s={search_term_string}"},"query-input":{"@type":"PropertyValueSpecification","valueRequired":true,"valueName":"search_term_string"}}],"inLanguage":"fr-FR"},{"@type":"Organization","@id":"https:\/\/blog.holyart.it\/fr\/#organization","name":"Holyart.fr Blog","url":"https:\/\/blog.holyart.it\/fr\/","logo":{"@type":"ImageObject","inLanguage":"fr-FR","@id":"https:\/\/blog.holyart.it\/fr\/#\/schema\/logo\/image\/","url":"https:\/\/blog.holyart.it\/fr\/wp-content\/uploads\/sites\/14\/2022\/12\/Holyart_Blog_Logo.jpg","contentUrl":"https:\/\/blog.holyart.it\/fr\/wp-content\/uploads\/sites\/14\/2022\/12\/Holyart_Blog_Logo.jpg","width":300,"height":50,"caption":"Holyart.fr Blog"},"image":{"@id":"https:\/\/blog.holyart.it\/fr\/#\/schema\/logo\/image\/"}},{"@type":"Person","@id":"https:\/\/blog.holyart.it\/fr\/#\/schema\/person\/0a7b686e5af0f856ec1e390dd0baecda","name":"Redazione","image":{"@type":"ImageObject","inLanguage":"fr-FR","@id":"https:\/\/blog.holyart.it\/fr\/#\/schema\/person\/image\/","url":"https:\/\/secure.gravatar.com\/avatar\/f477da817f43e50d0af36abecd33e3edf826c68299714bdc1057dff3b113f516?s=96&d=mm&r=g","contentUrl":"https:\/\/secure.gravatar.com\/avatar\/f477da817f43e50d0af36abecd33e3edf826c68299714bdc1057dff3b113f516?s=96&d=mm&r=g","caption":"Redazione"},"url":"https:\/\/blog.holyart.it\/fr\/author\/admin\/"}]}},"_links":{"self":[{"href":"https:\/\/blog.holyart.it\/fr\/wp-json\/wp\/v2\/posts\/8573","targetHints":{"allow":["GET"]}}],"collection":[{"href":"https:\/\/blog.holyart.it\/fr\/wp-json\/wp\/v2\/posts"}],"about":[{"href":"https:\/\/blog.holyart.it\/fr\/wp-json\/wp\/v2\/types\/post"}],"author":[{"embeddable":true,"href":"https:\/\/blog.holyart.it\/fr\/wp-json\/wp\/v2\/users\/1"}],"replies":[{"embeddable":true,"href":"https:\/\/blog.holyart.it\/fr\/wp-json\/wp\/v2\/comments?post=8573"}],"version-history":[{"count":7,"href":"https:\/\/blog.holyart.it\/fr\/wp-json\/wp\/v2\/posts\/8573\/revisions"}],"predecessor-version":[{"id":8588,"href":"https:\/\/blog.holyart.it\/fr\/wp-json\/wp\/v2\/posts\/8573\/revisions\/8588"}],"wp:featuredmedia":[{"embeddable":true,"href":"https:\/\/blog.holyart.it\/fr\/wp-json\/wp\/v2\/media\/8586"}],"wp:attachment":[{"href":"https:\/\/blog.holyart.it\/fr\/wp-json\/wp\/v2\/media?parent=8573"}],"wp:term":[{"taxonomy":"category","embeddable":true,"href":"https:\/\/blog.holyart.it\/fr\/wp-json\/wp\/v2\/categories?post=8573"},{"taxonomy":"post_tag","embeddable":true,"href":"https:\/\/blog.holyart.it\/fr\/wp-json\/wp\/v2\/tags?post=8573"}],"curies":[{"name":"wp","href":"https:\/\/api.w.org\/{rel}","templated":true}]}}