{"id":8563,"date":"2024-07-24T10:00:48","date_gmt":"2024-07-24T08:00:48","guid":{"rendered":"https:\/\/blog.holyart.it\/fr\/?p=8563"},"modified":"2024-07-08T17:16:00","modified_gmt":"2024-07-08T15:16:00","slug":"resurrection-de-lazare-leve-toi-et-marche","status":"publish","type":"post","link":"https:\/\/blog.holyart.it\/fr\/articles-religieux\/resurrection-de-lazare-leve-toi-et-marche\/","title":{"rendered":"R\u00e9surrection de Lazare : \u00ab l\u00e8ve-toi et marche \u00bb"},"content":{"rendered":"<h4><em>La r\u00e9surrection de Lazare repr\u00e9sente un point de non-retour pour J\u00e9sus. De l\u00e0 commence Son chemin inexorable vers le destin que Dieu a voulu pour Lui.<\/em><\/h4>\n<p>Nous avons parl\u00e9 de <a href=\"https:\/\/www.holyart.fr\/blog\/saints-et-bienheureux\/marthe-marie-et-lazare-les-amis-de-jesus\/\"><strong>Marthe, Marie et Lazare de B\u00e9thanie<\/strong><\/a> dans un article d\u00e9di\u00e9 \u00e0 l\u2019amiti\u00e9. En effet, pour J\u00e9sus, avoir des amis \u00e9tait tout aussi important que pour n\u2019importe quelle autre personne. Et pourtant le r\u00e9cit de la <strong>r\u00e9surrection de Lazare<\/strong> racont\u00e9 dans Jean 11, 1-45 est bien plus qu\u2019une simple histoire d\u2019amiti\u00e9. Au contraire, le th\u00e8me de l\u2019amiti\u00e9 passe en deuxi\u00e8me plan, du moment que Lazare ne parle pas et toute la sc\u00e8ne est occup\u00e9e par J\u00e9sus qui, appel\u00e9 par les deux s\u0153urs de l\u2019ami pour le sauver du mal qui l\u2019a touch\u00e9 et le trouvant d\u00e9j\u00e0 mort depuis quatre jours, invoque la puissance de Dieu pour le ramener \u00e0 la vie. Et pourtant <strong>l\u2019amour que J\u00e9sus portait pour Lazare ne pose aucun doute<\/strong> : le Christ \u00e9clate en sanglots devant le s\u00e9pulcre de Lazare, il est perturb\u00e9 et \u00e9mu par la disparation de Marie, sa s\u0153ur, qui Le supplie de sauver son fr\u00e8re, tandis que Marthe, comme toujours, reste enferm\u00e9e \u00e0 la maison, gardienne de la famille et de l\u2019abri offert par cette derni\u00e8re.<\/p>\n<div class=\"link-article\">\n<p><img loading=\"lazy\" decoding=\"async\" class=\"size-full wp-image-8565 alignleft\" src=\"https:\/\/blog.holyart.it\/fr\/wp-content\/uploads\/sites\/14\/2024\/07\/Marthe-Marie-et-Lazare-les-amis-de-Jesus.jpg\" alt=\"Marthe, Marie et Lazare les amis de J\u00e9sus\" width=\"150\" height=\"99\" data-kale-share-title=\"R\u00e9surrection de Lazare : \u00ab l\u00e8ve-toi et marche \u00bb\" data-kale-share-url=\"https:\/\/blog.holyart.it\/fr\/?p=8563\" \/><\/p>\n<div class=\"leggi-anche\">Lire aussi :<\/div>\n<p><strong><a href=\"https:\/\/www.holyart.fr\/blog\/saints-et-bienheureux\/marthe-marie-et-lazare-les-amis-de-jesus\/\">Marthe, Marie et Lazare : les amis de J\u00e9sus<\/a><\/strong><br \/>\nLe 29 juillet on c\u00e9l\u00e8bre la m\u00e9moire de Marthe, Marie et Lazare de B\u00e9thanie. Voici pourquoi ces saints \u00e9taient&#8230;<\/p>\n<\/div>\n<p>Le choix de Jean de raconter cet \u00e9pisode, qui apparait uniquement dans l\u2019\u00c9vangile qui porte son nom et n\u2019est pas cit\u00e9 dans les autres \u00c9vangiles, a une <strong>signification plus profonde, symbolique et proph\u00e9tique<\/strong>. C\u2019est justement au moment o\u00f9 J\u00e9sus se rend \u00e0 B\u00e9thanie et ressuscite Lazare que <strong>Son destin s\u2019accomplit<\/strong>. En montrant Son pouvoir devant les nombreux Juifs venus pour pleurer la mort de l\u2019homme, J\u00e9sus r\u00e9v\u00e8le sa personne, sans masques, sans limitations. \u00c0 partir de cet instant-l\u00e0, il deviendra une cible pour Ses ennemis. Il choisit consciemment de se rendre en Jud\u00e9e, bien qu\u2019il sache qu\u2019on l\u2019y d\u00e9teste. Les disciples tentent en effet de l\u2019en dissuader : \u00ab\u00a0<em>Rabbi, les Juifs tout r\u00e9cemment cherchaient \u00e0 te lapider, et tu retournes en Jud\u00e9e\u00a0!<\/em>\u00a0\u00bb (Jean 11,8). Mais Il a d\u00e9j\u00e0 fait <strong>Son choix<\/strong>.<\/p>\n<p>Il l\u2019admet Lui-m\u00eame peu apr\u00e8s : \u00ab\u00a0<em>Et J\u00e9sus leva les yeux en haut, et dit\u00a0: P\u00e8re, je te rends gr\u00e2ce de ce que tu m\u2019as exauc\u00e9. Pour moi, je savais que tu m\u2019exauces toujours\u00a0; mais j\u2019ai parl\u00e9 \u00e0 cause de la foule qui m\u2019entoure, afin qu\u2019ils croient que c\u2019est toi qui m\u2019as envoy\u00e9\u00a0<\/em>\u00bb (Jean 11, 41-42).<\/p>\n<p>Dans cette optique, la R\u00e9surrection de Lazare devient comme, et plus que des autres miracles, une d\u00e9monstration de la part de J\u00e9sus de la <strong>raison de Sa pr\u00e9sence dans le monde<\/strong>, une d\u00e9claration d\u2019intention qui devient \u00e9galement un message de la part de Dieu.<\/p>\n<p>Significatif aussi le fait que J\u00e9sus ne parte pas pour B\u00e9thanie d\u00e8s qu\u2019il re\u00e7oit la nouvelle des conditions de Lazare. Il <strong>attend deux jours, en partant seulement le troisi\u00e8me <\/strong>et dans ce choix de la part de l\u2019<a href=\"https:\/\/www.holyart.fr\/articles-religieux\/icones-religieuses\/icones-roumaines-peintes\/icone-st.-jean-evangeliste-ovale\"><strong>\u00c9vang\u00e9liste Jean<\/strong><\/a> nous lisons une claire intention proph\u00e9tique\u00a0: le troisi\u00e8me jour sera celui choisi pour le d\u00e9part, comme le troisi\u00e8me jour sera celui o\u00f9 le <strong>Christ ressuscitera<\/strong>.<\/p>\n<div class=\"link-product\">\n<div class=\"blocco-immagine\"><img loading=\"lazy\" decoding=\"async\" class=\"size-full wp-image-8566 alignleft\" src=\"https:\/\/blog.holyart.it\/fr\/wp-content\/uploads\/sites\/14\/2024\/07\/Icone-St.-Jean-evangeliste-ovale.jpg\" alt=\"Ic\u00f4ne St. Jean \u00e9vang\u00e9liste ovale\" width=\"100\" height=\"100\" data-kale-share-title=\"R\u00e9surrection de Lazare : \u00ab l\u00e8ve-toi et marche \u00bb\" data-kale-share-url=\"https:\/\/blog.holyart.it\/fr\/?p=8563\" \/><\/div>\n<div class=\"blocco-contenuto\">\n<div class=\"blocco-acquista\">Acheter sur Holyart:<\/div>\n<div class=\"blocco-titolo\"><a href=\"https:\/\/www.holyart.fr\/articles-religieux\/icones-religieuses\/icones-roumaines-peintes\/icone-st.-jean-evangeliste-ovale\">Ic\u00f4ne St. Jean \u00e9vang\u00e9liste ovale<\/a><\/div>\n<div class=\"blocco-descrizione\">St. Jean est l&rsquo;ap\u00f4tre aim\u00e9 par J\u00e9sus, il est repr\u00e9sent\u00e9 dans sa chambre\u00a0 \u00a0 \u00a0 d&rsquo;\u00e9criture, son propre laboratoire.<\/div>\n<\/div>\n<\/div>\n<h2>L\u00e8ve-toi et marche<\/h2>\n<p>J\u00e9sus se rend aupr\u00e8s du tombeau suivi par les disciples\u00a0: \u00ab\u00a0<em>Lazare, notre ami, dort\u00a0; mais je vais le r\u00e9veiller\u00a0<\/em>\u00bb (Jean 11, 11). Ce n\u2019est pas un simple voyage d\u2019un endroit \u00e0 un autre, c\u2019est un <strong>point de non-retour<\/strong> qui est d\u00e9pass\u00e9 par le Sauveur, en pleine conscience de ne plus pouvoir revenir en arri\u00e8re \u00e0 partir de cet instant-l\u00e0. Il a attendu deux jours car <strong>la mort de Lazare \u00e9tait fonctionnelle<\/strong> \u00e0 ce qu\u2019Il avait \u00e0 l\u2019esprit d\u2019accomplir, c\u2019\u00e9tait un sacrifice n\u00e9cessaire pour <strong>activer la foi des disciples<\/strong>, pour les pousser \u00e0 croire. \u00c0 partir de l\u00e0, <strong>l\u2019\u00c9vangile de Jean acc\u00e9l\u00e8re<\/strong>, comme si un m\u00e9canisme irr\u00e9versible avait \u00e9t\u00e9 activ\u00e9, une <strong>cha\u00eene d\u2019\u00e9v\u00e9nement<\/strong>s de plus en plus rapproch\u00e9s et fr\u00e9n\u00e9tiques destin\u00e9s \u00e0 culminer avec <a href=\"https:\/\/www.holyart.fr\/blog\/articles-religieux\/les-evenements-de-la-passion-de-jesus-de-la-cene-a-sa-crucifixion\/\"><strong>la Passion et la R\u00e9surrection de J\u00e9sus<\/strong><\/a>.<\/p>\n<p>L\u2019<strong>invitation<\/strong> que J\u00e9sus adresse \u00e0 Lazare, \u00ab\u00a0<em>L\u00e8ve-toi et sors<\/em>\u00a0\u00bb (Jean 11, 43) \u00e8 l\u2019accomplissement de ce qu\u2019Il a promis \u00e0 Marthe\u00a0: \u00ab\u00a0<em>J\u00e9sus lui dit\u00a0: Je suis la r\u00e9surrection et la vie. Celui qui croit en moi vivra, quand m\u00eame il serait mort\u00a0; et quiconque vit et croit en moi ne mourra jamais<\/em>\u00a0\u00bb (Jean 11, 25-26).<\/p>\n<p>\u00c0 partir de l\u00e0, rien ne pourra plus \u00eatre comme avant.<\/p>\n<div class=\"link-article\">\n<p><img loading=\"lazy\" decoding=\"async\" class=\"size-full wp-image-8567 alignleft\" src=\"https:\/\/blog.holyart.it\/fr\/wp-content\/uploads\/sites\/14\/2024\/07\/Les-evenements-de-la-Passion-de-Jesus-de-la-Cene-a-Sa-crucifixion.jpg\" alt=\"Les \u00e9v\u00e9nements de la Passion de J\u00e9sus de la C\u00e8ne \u00e0 Sa crucifixion\" width=\"150\" height=\"99\" data-kale-share-title=\"R\u00e9surrection de Lazare : \u00ab l\u00e8ve-toi et marche \u00bb\" data-kale-share-url=\"https:\/\/blog.holyart.it\/fr\/?p=8563\" \/><\/p>\n<div class=\"leggi-anche\">Lire aussi :<\/div>\n<p><strong><a href=\"https:\/\/www.holyart.fr\/blog\/articles-religieux\/les-evenements-de-la-passion-de-jesus-de-la-cene-a-sa-crucifixion\/\">Les \u00e9v\u00e9nements de la Passion de J\u00e9sus : de la C\u00e8ne \u00e0 Sa crucifixion<\/a><\/strong><br \/>\nLa Passion de J\u00e9sus est le moment le plus haut et le plus terrible de Sa&#8230;<\/p>\n<\/div>\n<h2>R\u00e9surrection de Lazare de Caravaggio<\/h2>\n<p>La r\u00e9surrection de Lazare a inspir\u00e9 de nombreux artistes au cours des si\u00e8cles. En particulier, <strong>Caravaggio<\/strong> r\u00e9alisa en 1609 un magnifique tableau qui repr\u00e9sente cet \u00e9pisode de l\u2019\u00c9vangile de Jean. L\u2019\u0153uvre, conserv\u00e9e dans le Mus\u00e9e R\u00e9gional de Messine, fut commissionn\u00e9e \u00e0 l\u2019artiste, \u00e0 peine enfui des prisons de Malte, par un marchand g\u00e9nois, Giovanni Battista de\u2019 Lazzari. Il s\u2019agit d\u2019un tableau d\u2019un <strong>r\u00e9alisme d\u00e9routant<\/strong>, envelopp\u00e9 d\u2019une <strong>obscurit\u00e9 sombre<\/strong>, o\u00f9 la <a href=\"https:\/\/www.holyart.fr\/articles-religieux\/statues\/statues-en-resine-et-pvc\/saint-lazare-statue-resine-de-20-cm\"><strong>figure de Lazare<\/strong><\/a>, investie de la <strong>lumi\u00e8re divine<\/strong> \u00e9voqu\u00e9e par Christ, \u00e9merge avec beaut\u00e9 dramatique et intensit\u00e9, les bras ouverts dans un geste qui <strong>rappelle la Croix<\/strong>. La l\u00e9gende veut que, afin de faire le portrait du corps de Lazare, le c\u00e9l\u00e8bre peintre ait pr\u00e9tendu un <strong>v\u00e9ritable cadavre<\/strong> soutenu par des porteurs.<\/p>\n<div class=\"link-product\">\n<div class=\"blocco-immagine\"><img loading=\"lazy\" decoding=\"async\" class=\"size-full wp-image-8568 alignleft\" src=\"https:\/\/blog.holyart.it\/fr\/wp-content\/uploads\/sites\/14\/2024\/07\/saint-lazare-statue.jpg\" alt=\"saint lazare statue\" width=\"100\" height=\"100\" data-kale-share-title=\"R\u00e9surrection de Lazare : \u00ab l\u00e8ve-toi et marche \u00bb\" data-kale-share-url=\"https:\/\/blog.holyart.it\/fr\/?p=8563\" \/><\/div>\n<div class=\"blocco-contenuto\">\n<div class=\"blocco-acquista\">Acheter sur Holyart:<\/div>\n<div class=\"blocco-titolo\"><a href=\"https:\/\/www.holyart.fr\/articles-religieux\/statues\/statues-en-resine-et-pvc\/saint-lazare-statue-resine-de-20-cm\">Saint Lazare statue r\u00e9sine de 20 cm<\/a><\/div>\n<div class=\"blocco-descrizione\">Statue de Saint Lazare avec deux chiens, r\u00e9alis\u00e9e en r\u00e9sine.<\/div>\n<\/div>\n<\/div>\n","protected":false},"excerpt":{"rendered":"<p>La r\u00e9surrection de Lazare repr\u00e9sente un point de non-retour pour J\u00e9sus. De l\u00e0 commence Son chemin inexorable vers le destin que Dieu a voulu pour Lui. Nous avons parl\u00e9 de Marthe, Marie et Lazare de B\u00e9thanie dans un article d\u00e9di\u00e9 \u00e0 l\u2019amiti\u00e9. En effet, pour&hellip;<\/p>\n","protected":false},"author":1,"featured_media":8570,"comment_status":"closed","ping_status":"open","sticky":false,"template":"","format":"standard","meta":{"_acf_changed":false,"footnotes":""},"categories":[8],"tags":[],"class_list":["post-8563","post","type-post","status-publish","format-standard","has-post-thumbnail","hentry","category-articles-religieux"],"acf":[],"yoast_head":"<!-- This site is optimized with the Yoast SEO plugin v26.6 - https:\/\/yoast.com\/wordpress\/plugins\/seo\/ -->\n<title>R\u00e9surrection de Lazare : \u00ab l\u00e8ve-toi et marche \u00bb - Holyart.fr Blog<\/title>\n<meta name=\"description\" content=\"La r\u00e9surrection de Lazare marque une \u00e9tape d\u00e9cisive dans l\u2019histoire de J\u00e9sus, racont\u00e9e dans l\u2019\u00c9vangile de Jean. D\u2019ici commencera Son chemin vers la Passion.\" \/>\n<meta name=\"robots\" content=\"index, follow, max-snippet:-1, max-image-preview:large, max-video-preview:-1\" \/>\n<link rel=\"canonical\" href=\"https:\/\/blog.holyart.it\/fr\/articles-religieux\/resurrection-de-lazare-leve-toi-et-marche\/\" \/>\n<meta property=\"og:locale\" content=\"fr_FR\" \/>\n<meta property=\"og:type\" content=\"article\" \/>\n<meta property=\"og:title\" content=\"R\u00e9surrection de Lazare : \u00ab l\u00e8ve-toi et marche \u00bb - Holyart.fr Blog\" \/>\n<meta property=\"og:description\" content=\"La r\u00e9surrection de Lazare marque une \u00e9tape d\u00e9cisive dans l\u2019histoire de J\u00e9sus, racont\u00e9e dans l\u2019\u00c9vangile de Jean. D\u2019ici commencera Son chemin vers la Passion.\" \/>\n<meta property=\"og:url\" content=\"https:\/\/blog.holyart.it\/fr\/articles-religieux\/resurrection-de-lazare-leve-toi-et-marche\/\" \/>\n<meta property=\"og:site_name\" content=\"Holyart.fr Blog\" \/>\n<meta property=\"article:published_time\" content=\"2024-07-24T08:00:48+00:00\" \/>\n<meta property=\"og:image\" content=\"https:\/\/blog.holyart.it\/fr\/wp-content\/uploads\/sites\/14\/2024\/07\/Resurrection-de-Lazare.jpg\" \/>\n\t<meta property=\"og:image:width\" content=\"1000\" \/>\n\t<meta property=\"og:image:height\" content=\"666\" \/>\n\t<meta property=\"og:image:type\" content=\"image\/jpeg\" \/>\n<meta name=\"author\" content=\"Redazione\" \/>\n<meta name=\"twitter:card\" content=\"summary_large_image\" \/>\n<meta name=\"twitter:label1\" content=\"\u00c9crit par\" \/>\n\t<meta name=\"twitter:data1\" content=\"Redazione\" \/>\n\t<meta name=\"twitter:label2\" content=\"Dur\u00e9e de lecture estim\u00e9e\" \/>\n\t<meta name=\"twitter:data2\" content=\"6 minutes\" \/>\n<script type=\"application\/ld+json\" class=\"yoast-schema-graph\">{\"@context\":\"https:\/\/schema.org\",\"@graph\":[{\"@type\":\"Article\",\"@id\":\"https:\/\/blog.holyart.it\/fr\/articles-religieux\/resurrection-de-lazare-leve-toi-et-marche\/#article\",\"isPartOf\":{\"@id\":\"https:\/\/blog.holyart.it\/fr\/articles-religieux\/resurrection-de-lazare-leve-toi-et-marche\/\"},\"author\":{\"name\":\"Redazione\",\"@id\":\"https:\/\/blog.holyart.it\/fr\/#\/schema\/person\/0a7b686e5af0f856ec1e390dd0baecda\"},\"headline\":\"R\u00e9surrection de Lazare : \u00ab l\u00e8ve-toi et marche \u00bb\",\"datePublished\":\"2024-07-24T08:00:48+00:00\",\"mainEntityOfPage\":{\"@id\":\"https:\/\/blog.holyart.it\/fr\/articles-religieux\/resurrection-de-lazare-leve-toi-et-marche\/\"},\"wordCount\":1064,\"publisher\":{\"@id\":\"https:\/\/blog.holyart.it\/fr\/#organization\"},\"image\":{\"@id\":\"https:\/\/blog.holyart.it\/fr\/articles-religieux\/resurrection-de-lazare-leve-toi-et-marche\/#primaryimage\"},\"thumbnailUrl\":\"https:\/\/blog.holyart.it\/fr\/wp-content\/uploads\/sites\/14\/2024\/07\/Resurrection-de-Lazare.jpg\",\"articleSection\":[\"Religion\"],\"inLanguage\":\"fr-FR\"},{\"@type\":\"WebPage\",\"@id\":\"https:\/\/blog.holyart.it\/fr\/articles-religieux\/resurrection-de-lazare-leve-toi-et-marche\/\",\"url\":\"https:\/\/blog.holyart.it\/fr\/articles-religieux\/resurrection-de-lazare-leve-toi-et-marche\/\",\"name\":\"R\u00e9surrection de Lazare : \u00ab l\u00e8ve-toi et marche \u00bb - Holyart.fr Blog\",\"isPartOf\":{\"@id\":\"https:\/\/blog.holyart.it\/fr\/#website\"},\"primaryImageOfPage\":{\"@id\":\"https:\/\/blog.holyart.it\/fr\/articles-religieux\/resurrection-de-lazare-leve-toi-et-marche\/#primaryimage\"},\"image\":{\"@id\":\"https:\/\/blog.holyart.it\/fr\/articles-religieux\/resurrection-de-lazare-leve-toi-et-marche\/#primaryimage\"},\"thumbnailUrl\":\"https:\/\/blog.holyart.it\/fr\/wp-content\/uploads\/sites\/14\/2024\/07\/Resurrection-de-Lazare.jpg\",\"datePublished\":\"2024-07-24T08:00:48+00:00\",\"description\":\"La r\u00e9surrection de Lazare marque une \u00e9tape d\u00e9cisive dans l\u2019histoire de J\u00e9sus, racont\u00e9e dans l\u2019\u00c9vangile de Jean. D\u2019ici commencera Son chemin vers la Passion.\",\"breadcrumb\":{\"@id\":\"https:\/\/blog.holyart.it\/fr\/articles-religieux\/resurrection-de-lazare-leve-toi-et-marche\/#breadcrumb\"},\"inLanguage\":\"fr-FR\",\"potentialAction\":[{\"@type\":\"ReadAction\",\"target\":[\"https:\/\/blog.holyart.it\/fr\/articles-religieux\/resurrection-de-lazare-leve-toi-et-marche\/\"]}]},{\"@type\":\"ImageObject\",\"inLanguage\":\"fr-FR\",\"@id\":\"https:\/\/blog.holyart.it\/fr\/articles-religieux\/resurrection-de-lazare-leve-toi-et-marche\/#primaryimage\",\"url\":\"https:\/\/blog.holyart.it\/fr\/wp-content\/uploads\/sites\/14\/2024\/07\/Resurrection-de-Lazare.jpg\",\"contentUrl\":\"https:\/\/blog.holyart.it\/fr\/wp-content\/uploads\/sites\/14\/2024\/07\/Resurrection-de-Lazare.jpg\",\"width\":1000,\"height\":666,\"caption\":\"R\u00e9surrection de Lazare\"},{\"@type\":\"BreadcrumbList\",\"@id\":\"https:\/\/blog.holyart.it\/fr\/articles-religieux\/resurrection-de-lazare-leve-toi-et-marche\/#breadcrumb\",\"itemListElement\":[{\"@type\":\"ListItem\",\"position\":1,\"name\":\"Homepage\",\"item\":\"https:\/\/blog.holyart.it\/fr\/\"},{\"@type\":\"ListItem\",\"position\":2,\"name\":\"Religion\",\"item\":\"https:\/\/blog.holyart.it\/fr\/articles-religieux\/\"},{\"@type\":\"ListItem\",\"position\":3,\"name\":\"R\u00e9surrection de Lazare : \u00ab l\u00e8ve-toi et marche \u00bb\"}]},{\"@type\":\"WebSite\",\"@id\":\"https:\/\/blog.holyart.it\/fr\/#website\",\"url\":\"https:\/\/blog.holyart.it\/fr\/\",\"name\":\"Holyart.fr Blog\",\"description\":\"Holyblog\",\"publisher\":{\"@id\":\"https:\/\/blog.holyart.it\/fr\/#organization\"},\"potentialAction\":[{\"@type\":\"SearchAction\",\"target\":{\"@type\":\"EntryPoint\",\"urlTemplate\":\"https:\/\/blog.holyart.it\/fr\/?s={search_term_string}\"},\"query-input\":{\"@type\":\"PropertyValueSpecification\",\"valueRequired\":true,\"valueName\":\"search_term_string\"}}],\"inLanguage\":\"fr-FR\"},{\"@type\":\"Organization\",\"@id\":\"https:\/\/blog.holyart.it\/fr\/#organization\",\"name\":\"Holyart.fr Blog\",\"url\":\"https:\/\/blog.holyart.it\/fr\/\",\"logo\":{\"@type\":\"ImageObject\",\"inLanguage\":\"fr-FR\",\"@id\":\"https:\/\/blog.holyart.it\/fr\/#\/schema\/logo\/image\/\",\"url\":\"https:\/\/blog.holyart.it\/fr\/wp-content\/uploads\/sites\/14\/2022\/12\/Holyart_Blog_Logo.jpg\",\"contentUrl\":\"https:\/\/blog.holyart.it\/fr\/wp-content\/uploads\/sites\/14\/2022\/12\/Holyart_Blog_Logo.jpg\",\"width\":300,\"height\":50,\"caption\":\"Holyart.fr Blog\"},\"image\":{\"@id\":\"https:\/\/blog.holyart.it\/fr\/#\/schema\/logo\/image\/\"}},{\"@type\":\"Person\",\"@id\":\"https:\/\/blog.holyart.it\/fr\/#\/schema\/person\/0a7b686e5af0f856ec1e390dd0baecda\",\"name\":\"Redazione\",\"image\":{\"@type\":\"ImageObject\",\"inLanguage\":\"fr-FR\",\"@id\":\"https:\/\/blog.holyart.it\/fr\/#\/schema\/person\/image\/\",\"url\":\"https:\/\/secure.gravatar.com\/avatar\/f477da817f43e50d0af36abecd33e3edf826c68299714bdc1057dff3b113f516?s=96&d=mm&r=g\",\"contentUrl\":\"https:\/\/secure.gravatar.com\/avatar\/f477da817f43e50d0af36abecd33e3edf826c68299714bdc1057dff3b113f516?s=96&d=mm&r=g\",\"caption\":\"Redazione\"},\"url\":\"https:\/\/blog.holyart.it\/fr\/author\/admin\/\"}]}<\/script>\n<!-- \/ Yoast SEO plugin. -->","yoast_head_json":{"title":"R\u00e9surrection de Lazare : \u00ab l\u00e8ve-toi et marche \u00bb - Holyart.fr Blog","description":"La r\u00e9surrection de Lazare marque une \u00e9tape d\u00e9cisive dans l\u2019histoire de J\u00e9sus, racont\u00e9e dans l\u2019\u00c9vangile de Jean. D\u2019ici commencera Son chemin vers la Passion.","robots":{"index":"index","follow":"follow","max-snippet":"max-snippet:-1","max-image-preview":"max-image-preview:large","max-video-preview":"max-video-preview:-1"},"canonical":"https:\/\/blog.holyart.it\/fr\/articles-religieux\/resurrection-de-lazare-leve-toi-et-marche\/","og_locale":"fr_FR","og_type":"article","og_title":"R\u00e9surrection de Lazare : \u00ab l\u00e8ve-toi et marche \u00bb - Holyart.fr Blog","og_description":"La r\u00e9surrection de Lazare marque une \u00e9tape d\u00e9cisive dans l\u2019histoire de J\u00e9sus, racont\u00e9e dans l\u2019\u00c9vangile de Jean. D\u2019ici commencera Son chemin vers la Passion.","og_url":"https:\/\/blog.holyart.it\/fr\/articles-religieux\/resurrection-de-lazare-leve-toi-et-marche\/","og_site_name":"Holyart.fr Blog","article_published_time":"2024-07-24T08:00:48+00:00","og_image":[{"width":1000,"height":666,"url":"https:\/\/blog.holyart.it\/fr\/wp-content\/uploads\/sites\/14\/2024\/07\/Resurrection-de-Lazare.jpg","type":"image\/jpeg"}],"author":"Redazione","twitter_card":"summary_large_image","twitter_misc":{"\u00c9crit par":"Redazione","Dur\u00e9e de lecture estim\u00e9e":"6 minutes"},"schema":{"@context":"https:\/\/schema.org","@graph":[{"@type":"Article","@id":"https:\/\/blog.holyart.it\/fr\/articles-religieux\/resurrection-de-lazare-leve-toi-et-marche\/#article","isPartOf":{"@id":"https:\/\/blog.holyart.it\/fr\/articles-religieux\/resurrection-de-lazare-leve-toi-et-marche\/"},"author":{"name":"Redazione","@id":"https:\/\/blog.holyart.it\/fr\/#\/schema\/person\/0a7b686e5af0f856ec1e390dd0baecda"},"headline":"R\u00e9surrection de Lazare : \u00ab l\u00e8ve-toi et marche \u00bb","datePublished":"2024-07-24T08:00:48+00:00","mainEntityOfPage":{"@id":"https:\/\/blog.holyart.it\/fr\/articles-religieux\/resurrection-de-lazare-leve-toi-et-marche\/"},"wordCount":1064,"publisher":{"@id":"https:\/\/blog.holyart.it\/fr\/#organization"},"image":{"@id":"https:\/\/blog.holyart.it\/fr\/articles-religieux\/resurrection-de-lazare-leve-toi-et-marche\/#primaryimage"},"thumbnailUrl":"https:\/\/blog.holyart.it\/fr\/wp-content\/uploads\/sites\/14\/2024\/07\/Resurrection-de-Lazare.jpg","articleSection":["Religion"],"inLanguage":"fr-FR"},{"@type":"WebPage","@id":"https:\/\/blog.holyart.it\/fr\/articles-religieux\/resurrection-de-lazare-leve-toi-et-marche\/","url":"https:\/\/blog.holyart.it\/fr\/articles-religieux\/resurrection-de-lazare-leve-toi-et-marche\/","name":"R\u00e9surrection de Lazare : \u00ab l\u00e8ve-toi et marche \u00bb - Holyart.fr Blog","isPartOf":{"@id":"https:\/\/blog.holyart.it\/fr\/#website"},"primaryImageOfPage":{"@id":"https:\/\/blog.holyart.it\/fr\/articles-religieux\/resurrection-de-lazare-leve-toi-et-marche\/#primaryimage"},"image":{"@id":"https:\/\/blog.holyart.it\/fr\/articles-religieux\/resurrection-de-lazare-leve-toi-et-marche\/#primaryimage"},"thumbnailUrl":"https:\/\/blog.holyart.it\/fr\/wp-content\/uploads\/sites\/14\/2024\/07\/Resurrection-de-Lazare.jpg","datePublished":"2024-07-24T08:00:48+00:00","description":"La r\u00e9surrection de Lazare marque une \u00e9tape d\u00e9cisive dans l\u2019histoire de J\u00e9sus, racont\u00e9e dans l\u2019\u00c9vangile de Jean. D\u2019ici commencera Son chemin vers la Passion.","breadcrumb":{"@id":"https:\/\/blog.holyart.it\/fr\/articles-religieux\/resurrection-de-lazare-leve-toi-et-marche\/#breadcrumb"},"inLanguage":"fr-FR","potentialAction":[{"@type":"ReadAction","target":["https:\/\/blog.holyart.it\/fr\/articles-religieux\/resurrection-de-lazare-leve-toi-et-marche\/"]}]},{"@type":"ImageObject","inLanguage":"fr-FR","@id":"https:\/\/blog.holyart.it\/fr\/articles-religieux\/resurrection-de-lazare-leve-toi-et-marche\/#primaryimage","url":"https:\/\/blog.holyart.it\/fr\/wp-content\/uploads\/sites\/14\/2024\/07\/Resurrection-de-Lazare.jpg","contentUrl":"https:\/\/blog.holyart.it\/fr\/wp-content\/uploads\/sites\/14\/2024\/07\/Resurrection-de-Lazare.jpg","width":1000,"height":666,"caption":"R\u00e9surrection de Lazare"},{"@type":"BreadcrumbList","@id":"https:\/\/blog.holyart.it\/fr\/articles-religieux\/resurrection-de-lazare-leve-toi-et-marche\/#breadcrumb","itemListElement":[{"@type":"ListItem","position":1,"name":"Homepage","item":"https:\/\/blog.holyart.it\/fr\/"},{"@type":"ListItem","position":2,"name":"Religion","item":"https:\/\/blog.holyart.it\/fr\/articles-religieux\/"},{"@type":"ListItem","position":3,"name":"R\u00e9surrection de Lazare : \u00ab l\u00e8ve-toi et marche \u00bb"}]},{"@type":"WebSite","@id":"https:\/\/blog.holyart.it\/fr\/#website","url":"https:\/\/blog.holyart.it\/fr\/","name":"Holyart.fr Blog","description":"Holyblog","publisher":{"@id":"https:\/\/blog.holyart.it\/fr\/#organization"},"potentialAction":[{"@type":"SearchAction","target":{"@type":"EntryPoint","urlTemplate":"https:\/\/blog.holyart.it\/fr\/?s={search_term_string}"},"query-input":{"@type":"PropertyValueSpecification","valueRequired":true,"valueName":"search_term_string"}}],"inLanguage":"fr-FR"},{"@type":"Organization","@id":"https:\/\/blog.holyart.it\/fr\/#organization","name":"Holyart.fr Blog","url":"https:\/\/blog.holyart.it\/fr\/","logo":{"@type":"ImageObject","inLanguage":"fr-FR","@id":"https:\/\/blog.holyart.it\/fr\/#\/schema\/logo\/image\/","url":"https:\/\/blog.holyart.it\/fr\/wp-content\/uploads\/sites\/14\/2022\/12\/Holyart_Blog_Logo.jpg","contentUrl":"https:\/\/blog.holyart.it\/fr\/wp-content\/uploads\/sites\/14\/2022\/12\/Holyart_Blog_Logo.jpg","width":300,"height":50,"caption":"Holyart.fr Blog"},"image":{"@id":"https:\/\/blog.holyart.it\/fr\/#\/schema\/logo\/image\/"}},{"@type":"Person","@id":"https:\/\/blog.holyart.it\/fr\/#\/schema\/person\/0a7b686e5af0f856ec1e390dd0baecda","name":"Redazione","image":{"@type":"ImageObject","inLanguage":"fr-FR","@id":"https:\/\/blog.holyart.it\/fr\/#\/schema\/person\/image\/","url":"https:\/\/secure.gravatar.com\/avatar\/f477da817f43e50d0af36abecd33e3edf826c68299714bdc1057dff3b113f516?s=96&d=mm&r=g","contentUrl":"https:\/\/secure.gravatar.com\/avatar\/f477da817f43e50d0af36abecd33e3edf826c68299714bdc1057dff3b113f516?s=96&d=mm&r=g","caption":"Redazione"},"url":"https:\/\/blog.holyart.it\/fr\/author\/admin\/"}]}},"_links":{"self":[{"href":"https:\/\/blog.holyart.it\/fr\/wp-json\/wp\/v2\/posts\/8563","targetHints":{"allow":["GET"]}}],"collection":[{"href":"https:\/\/blog.holyart.it\/fr\/wp-json\/wp\/v2\/posts"}],"about":[{"href":"https:\/\/blog.holyart.it\/fr\/wp-json\/wp\/v2\/types\/post"}],"author":[{"embeddable":true,"href":"https:\/\/blog.holyart.it\/fr\/wp-json\/wp\/v2\/users\/1"}],"replies":[{"embeddable":true,"href":"https:\/\/blog.holyart.it\/fr\/wp-json\/wp\/v2\/comments?post=8563"}],"version-history":[{"count":4,"href":"https:\/\/blog.holyart.it\/fr\/wp-json\/wp\/v2\/posts\/8563\/revisions"}],"predecessor-version":[{"id":8572,"href":"https:\/\/blog.holyart.it\/fr\/wp-json\/wp\/v2\/posts\/8563\/revisions\/8572"}],"wp:featuredmedia":[{"embeddable":true,"href":"https:\/\/blog.holyart.it\/fr\/wp-json\/wp\/v2\/media\/8570"}],"wp:attachment":[{"href":"https:\/\/blog.holyart.it\/fr\/wp-json\/wp\/v2\/media?parent=8563"}],"wp:term":[{"taxonomy":"category","embeddable":true,"href":"https:\/\/blog.holyart.it\/fr\/wp-json\/wp\/v2\/categories?post=8563"},{"taxonomy":"post_tag","embeddable":true,"href":"https:\/\/blog.holyart.it\/fr\/wp-json\/wp\/v2\/tags?post=8563"}],"curies":[{"name":"wp","href":"https:\/\/api.w.org\/{rel}","templated":true}]}}